{"id":46471,"date":"2023-04-25T13:45:52","date_gmt":"2023-04-25T11:45:52","guid":{"rendered":"https:\/\/www.laguiadepamplona.com\/actualidad\/?p=46471"},"modified":"2023-04-25T13:45:52","modified_gmt":"2023-04-25T11:45:52","slug":"el-ayuntamiento-de-pamplona-continua-extendiendo-las-comunidades-energeticas-en-la-ciudad-con-una-nueva-en-el-barrio-de-ermitagana-mendebaldea","status":"publish","type":"post","link":"https:\/\/www.laguiadepamplona.com\/actualidad\/el-ayuntamiento-de-pamplona-continua-extendiendo-las-comunidades-energeticas-en-la-ciudad-con-una-nueva-en-el-barrio-de-ermitagana-mendebaldea\/","title":{"rendered":"El Ayuntamiento de Pamplona contin\u00faa extendiendo las comunidades energ\u00e9ticas en la ciudad con una nueva en el barrio de Ermitaga\u00f1a-Mendebaldea"},"content":{"rendered":"<h3>Este jueves habr\u00e1 una sesi\u00f3n informativa de la que ser\u00e1 la tercera comunidad de la ciudad, junto con Mendillorri y Rochapea<\/h3>\n<p><!--more--><\/p>\n<p>Tras la experiencia de KEMENDI, en el barrio de Mendillorri, y el afianzamiento del proyecto en Rochapea, el Ayuntamiento de Pamplona apuesta por impulsar una nueva comunidad energ\u00e9tica en el barrio de Ermitaga\u00f1a-Mendebaldea. Con ese objetivo, ha organizado una sesi\u00f3n informativa este jueves, d\u00eda 27, a las 18.30 horas en el instituto Navarro Villoslada. El encuentro, abierto a toda la ciudadan\u00eda interesada, servir\u00e1 para explicar en qu\u00e9 consiste una comunidad energ\u00e9tica y resolver las dudas que puedan surgir al respecto.<\/p>\n<p>Una comunidad energ\u00e9tica trasciende al consumidor individual para centrarse en una colectividad de personas, empresas y entidades, que quieran asociarse para beneficiarse de la generaci\u00f3n de energ\u00eda limpia y otros servicios energ\u00e9ticos. En este sentido, la comunidad est\u00e1 abierta tanto a personas f\u00edsicas como a pymes y entidades locales.\u00a0 Las principales actividades que se pueden desarrollar en una comunidad energ\u00e9tica pasan por la generaci\u00f3n de energ\u00eda procedente de fuentes renovables, su suministro y almacenamiento, as\u00ed como su consumo, y la proporci\u00f3n, en su caso, de servicios energ\u00e9ticos. No obstante, tambi\u00e9n se est\u00e1n contemplando otras actividades con una perspectiva m\u00e1s social en los barrios, como asesoramiento energ\u00e9tico o movilidad. Para poder funcionar como tal, es preciso que la comunidad se constituya como una entidad jur\u00eddica, basada en la participaci\u00f3n abierta y voluntaria de sus miembros o socios.<br \/>\n<script async src=\"\/\/pagead2.googlesyndication.com\/pagead\/js\/adsbygoogle.js\"><\/script><br \/>\n<!-- Noticias La Guia de Pamplona --><br \/>\n<ins class=\"adsbygoogle\"\nstyle=\"display:block\"\ndata-ad-client=\"ca-pub-6943679897239327\"\ndata-ad-slot=\"7048180777\"\ndata-ad-format=\"auto\"><\/ins><br \/>\n<script>\n(adsbygoogle = window.adsbygoogle || []).push({});\n<\/script><\/p>\n<p>La clave para convertirse en miembro y poder beneficiarse de esa generaci\u00f3n conjunta de energ\u00eda es la proximidad a las fuentes de energ\u00eda. De ah\u00ed que el Consistorio est\u00e9 buscando extrapolar la idea a todos los barrios de la ciudad. En el caso concreto de Ermitaga\u00f1a-Mendebaldea una de las primeras fuentes de energ\u00eda ser\u00eda la instalaci\u00f3n fotovoltaica recientemente inaugurada en la cubierta del centro educativo Jos\u00e9 Mar\u00eda Iribarren, con una potencia instalada de en torno a 100 kW. El Ayuntamiento de Pamplona, propietario de la instalaci\u00f3n, tiene entre sus objetivos la cesi\u00f3n de su uso a la comunidad energ\u00e9tica que surja en el barrio.<\/p>\n<p>De esta forma, se potencia el consumo de energ\u00eda limpia y sostenible, en detrimento de la proveniente de combustibles f\u00f3siles, reduciendo las emisiones de CO<sub>2<\/sub> a la atm\u00f3sfera. Estas medidas se asientan en la Estrategia de Transici\u00f3n Energ\u00e9tica y Cambio Clim\u00e1tico de Pamplona, que ech\u00f3 a andar en 2021.<br \/>\n<script async src=\"\/\/pagead2.googlesyndication.com\/pagead\/js\/adsbygoogle.js\"><\/script><br \/>\n<!-- Noticias La Guia de Pamplona --><br \/>\n<ins class=\"adsbygoogle\"\nstyle=\"display:block\"\ndata-ad-client=\"ca-pub-6943679897239327\"\ndata-ad-slot=\"7048180777\"\ndata-ad-format=\"auto\"><\/ins><br \/>\n<script>\n(adsbygoogle = window.adsbygoogle || []).push({});\n<\/script><\/p>\n<p><strong>Cuatro jornadas de formaci\u00f3n b\u00e1sica<\/strong><\/p>\n<p>Al margen de esta primera sesi\u00f3n informativa, las personas interesadas en seguir adelante con el proyecto recibir\u00e1n, por parte del Ayuntamiento de Pamplona, una formaci\u00f3n b\u00e1sica sobre cuestiones clave vinculadas con la energ\u00eda y las comunidades energ\u00e9ticas. Las charlas tendr\u00e1n lugar a lo largo del mes de mayo, principalmente, en la Biblioteca de Navarra, tambi\u00e9n a las 18.30 horas.<\/p>\n<p>En concreto, el 11 de mayo, jueves, se abordar\u00e1 el autoconsumo y su funcionamiento. El mi\u00e9rcoles 17, por su parte, la sesi\u00f3n girar\u00e1 en torno a la gobernanza y la forma jur\u00eddica que puede asumir la comunidad energ\u00e9tica. Una tercera sesi\u00f3n, el jueves 25 de mayo, se centrar\u00e1 en mostrar a las personas asistentes ejemplos de buenas pr\u00e1cticas relacionados con la generaci\u00f3n y el consumo colectivo de energ\u00edas renovables. En \u00faltimo lugar, el 1 de junio, jueves, se visitar\u00e1n las distintas instalaciones y recursos energ\u00e9ticos del barrio, donde, adem\u00e1s de la planta fotovoltaica del colegio Jos\u00e9 Mar\u00eda Iribarren, se conocer\u00e1n elementos clave en el desarrollo energ\u00e9tico del barrio como infraestructura de movilidad sostenible, elementos de distribuci\u00f3n de energ\u00eda el\u00e9ctrica, consumidores importantes, etc.<\/p>\n<p>Toda la informaci\u00f3n del proceso podr\u00e1 seguirse desde el espacio web de Participaci\u00f3n Ciudadana: <a href=\"https:\/\/decide.pamplona.es\/\" target=\"_blank\" rel=\"noopener\">https:\/\/decide.pamplona.es\/<\/a><br \/>\n<script async src=\"\/\/pagead2.googlesyndication.com\/pagead\/js\/adsbygoogle.js\"><\/script><br \/>\n<!-- Noticias La Guia de Pamplona --><br \/>\n<ins class=\"adsbygoogle\"\nstyle=\"display:block\"\ndata-ad-client=\"ca-pub-6943679897239327\"\ndata-ad-slot=\"7048180777\"\ndata-ad-format=\"auto\"><\/ins><br \/>\n<script>\n(adsbygoogle = window.adsbygoogle || []).push({});\n<\/script><\/p>\n<p><strong>En Mendillorri y Rochapea<\/strong><\/p>\n<p>La de Ermitaga\u00f1a-Mendebaldea ser\u00eda ya la tercera comunidad energ\u00e9tica impulsada en Pamplona. La primera de ellas fue KEMENDI, la Comunidad Energ\u00e9tica Mendillorri, que ya cuenta con m\u00e1s de un centenar de hogares, personas o peque\u00f1os negocios interesados en formar parte y cuya figura jur\u00eddica ya ha sido constituida. El Ayuntamiento de Pamplona ceder\u00e1 para esta comunidad la instalaci\u00f3n fotovoltaica ubicada en los colegios El Lago y Mendigoiti, que es, de hecho, el germen de este proyecto.<\/p>\n<p>En el caso de Rochapea, la comunidad energ\u00e9tica est\u00e1 en pasos m\u00e1s incipientes todav\u00eda, tras organizar las sesiones informativas y formativas correspondientes. En este caso, la comunidad est\u00e1 vinculada en parte al proyecto OpenLab, y se comenzar\u00e1 a evaluar su posible relaci\u00f3n con proyectos de generaci\u00f3n en el barrio.<\/p>\n<p>Todas estas actuaciones se enmarcan en la estrategia Go Green Pamplona, que engloba las actuaciones y medidas que el Ayuntamiento lleva a cabo contra el cambio clim\u00e1tico.<br \/>\n<script async src=\"\/\/pagead2.googlesyndication.com\/pagead\/js\/adsbygoogle.js\"><\/script><br \/>\n<!-- Noticias La Guia de Pamplona --><br \/>\n<ins class=\"adsbygoogle\"\nstyle=\"display:block\"\ndata-ad-client=\"ca-pub-6943679897239327\"\ndata-ad-slot=\"7048180777\"\ndata-ad-format=\"auto\"><\/ins><br \/>\n<script>\n(adsbygoogle = window.adsbygoogle || []).push({});\n<\/script><\/p>\n<p>&nbsp;<\/p>\n<h3>Comunidad Energ\u00e9tica Ermitaga\u00f1a-Mendebaldea<\/h3>\n<ul>\n<li><strong>Sesi\u00f3n informativa<\/strong>\n<ul>\n<li>27 de abril. 18.30 horas. Sal\u00f3n de actos IES Navarro Villoslada.<\/li>\n<\/ul>\n<\/li>\n<li><strong>Sesiones de formaci\u00f3n b\u00e1sica<\/strong>: Biblioteca de Navarra. Sala Planta 1. A las 18.30 horas\n<ul>\n<li>11 de mayo, jueves. Autoconsumo y funcionamiento<\/li>\n<li>17 de mayo, mi\u00e9rcoles. Gobernanza y forma jur\u00eddica<\/li>\n<li>25 de mayo, jueves. Ejemplos y buenas pr\u00e1cticas<\/li>\n<li>1 de junio, jueves. Recorrido energ\u00e9tico por el barrio<\/li>\n<\/ul>\n<\/li>\n<\/ul>\n","protected":false},"excerpt":{"rendered":"<p>Este jueves habr\u00e1 una sesi\u00f3n informativa de la que ser\u00e1 la tercera comunidad de la ciudad, junto con Mendillorri y Rochapea<\/p>\n","protected":false},"author":1,"featured_media":46472,"comment_status":"open","ping_status":"closed","sticky":false,"template":"","format":"standard","meta":{"footnotes":""},"categories":[2],"tags":[],"class_list":["post-46471","post","type-post","status-publish","format-standard","has-post-thumbnail","hentry","category-ayuntamiento-pamplona"],"yoast_head":"<!-- This site is optimized with the Yoast SEO plugin v27.3 - https:\/\/yoast.com\/product\/yoast-seo-wordpress\/ -->\n<title>El Ayuntamiento de Pamplona contin\u00faa extendiendo las comunidades energ\u00e9ticas en la ciudad con una nueva en el barrio de Ermitaga\u00f1a-Mendebaldea<\/title>\n<meta name=\"description\" content=\"Este jueves habr\u00e1 una sesi\u00f3n informativa de la que ser\u00e1 la tercera comunidad de la ciudad, junto con Mendillorri y Rochapea\" \/>\n<meta name=\"robots\" content=\"index, follow, max-snippet:-1, max-image-preview:large, max-video-preview:-1\" \/>\n<link rel=\"canonical\" href=\"https:\/\/www.laguiadepamplona.com\/actualidad\/el-ayuntamiento-de-pamplona-continua-extendiendo-las-comunidades-energeticas-en-la-ciudad-con-una-nueva-en-el-barrio-de-ermitagana-mendebaldea\/\" \/>\n<meta property=\"og:locale\" content=\"es_ES\" \/>\n<meta property=\"og:type\" content=\"article\" \/>\n<meta property=\"og:title\" content=\"El Ayuntamiento de Pamplona contin\u00faa extendiendo las comunidades energ\u00e9ticas en la ciudad con una nueva en el barrio de Ermitaga\u00f1a-Mendebaldea\" \/>\n<meta property=\"og:description\" content=\"Este jueves habr\u00e1 una sesi\u00f3n informativa de la que ser\u00e1 la tercera comunidad de la ciudad, junto con Mendillorri y Rochapea\" \/>\n<meta property=\"og:url\" content=\"https:\/\/www.laguiadepamplona.com\/actualidad\/el-ayuntamiento-de-pamplona-continua-extendiendo-las-comunidades-energeticas-en-la-ciudad-con-una-nueva-en-el-barrio-de-ermitagana-mendebaldea\/\" \/>\n<meta property=\"og:site_name\" content=\"La Gu\u00eda de Pamplona\" \/>\n<meta property=\"article:publisher\" content=\"https:\/\/www.facebook.com\/laguiadepamplonacom-133175176762273\/?ref=hl\" \/>\n<meta property=\"article:published_time\" content=\"2023-04-25T11:45:52+00:00\" \/>\n<meta property=\"og:image\" content=\"https:\/\/www.laguiadepamplona.com\/actualidad\/wp-content\/uploads\/2023\/04\/coches-electricos.jpg\" \/>\n\t<meta property=\"og:image:width\" content=\"1771\" \/>\n\t<meta property=\"og:image:height\" content=\"1017\" \/>\n\t<meta property=\"og:image:type\" content=\"image\/jpeg\" \/>\n<meta name=\"author\" content=\"La Gu\u00eda de Pamplona\" \/>\n<meta name=\"twitter:card\" content=\"summary_large_image\" \/>\n<meta name=\"twitter:creator\" content=\"@LaGuiadPamplona\" \/>\n<meta name=\"twitter:site\" content=\"@LaGuiadPamplona\" \/>\n<meta name=\"twitter:label1\" content=\"Escrito por\" \/>\n\t<meta name=\"twitter:data1\" content=\"La Gu\u00eda de Pamplona\" \/>\n\t<meta name=\"twitter:label2\" content=\"Tiempo de lectura\" \/>\n\t<meta name=\"twitter:data2\" content=\"4 minutos\" \/>\n<script type=\"application\/ld+json\" class=\"yoast-schema-graph\">{\"@context\":\"https:\\\/\\\/schema.org\",\"@graph\":[{\"@type\":\"Article\",\"@id\":\"https:\\\/\\\/www.laguiadepamplona.com\\\/actualidad\\\/el-ayuntamiento-de-pamplona-continua-extendiendo-las-comunidades-energeticas-en-la-ciudad-con-una-nueva-en-el-barrio-de-ermitagana-mendebaldea\\\/#article\",\"isPartOf\":{\"@id\":\"https:\\\/\\\/www.laguiadepamplona.com\\\/actualidad\\\/el-ayuntamiento-de-pamplona-continua-extendiendo-las-comunidades-energeticas-en-la-ciudad-con-una-nueva-en-el-barrio-de-ermitagana-mendebaldea\\\/\"},\"author\":{\"name\":\"La Gu\u00eda de Pamplona\",\"@id\":\"https:\\\/\\\/www.laguiadepamplona.com\\\/actualidad\\\/#\\\/schema\\\/person\\\/efe887376f0213d4657c93adc50b1fdb\"},\"headline\":\"El Ayuntamiento de Pamplona contin\u00faa extendiendo las comunidades energ\u00e9ticas en la ciudad con una nueva en el barrio de Ermitaga\u00f1a-Mendebaldea\",\"datePublished\":\"2023-04-25T11:45:52+00:00\",\"mainEntityOfPage\":{\"@id\":\"https:\\\/\\\/www.laguiadepamplona.com\\\/actualidad\\\/el-ayuntamiento-de-pamplona-continua-extendiendo-las-comunidades-energeticas-en-la-ciudad-con-una-nueva-en-el-barrio-de-ermitagana-mendebaldea\\\/\"},\"wordCount\":912,\"commentCount\":0,\"publisher\":{\"@id\":\"https:\\\/\\\/www.laguiadepamplona.com\\\/actualidad\\\/#organization\"},\"image\":{\"@id\":\"https:\\\/\\\/www.laguiadepamplona.com\\\/actualidad\\\/el-ayuntamiento-de-pamplona-continua-extendiendo-las-comunidades-energeticas-en-la-ciudad-con-una-nueva-en-el-barrio-de-ermitagana-mendebaldea\\\/#primaryimage\"},\"thumbnailUrl\":\"https:\\\/\\\/www.laguiadepamplona.com\\\/actualidad\\\/wp-content\\\/uploads\\\/2023\\\/04\\\/coches-electricos.jpg\",\"articleSection\":[\"Ayto Pamplona\"],\"inLanguage\":\"es\",\"potentialAction\":[{\"@type\":\"CommentAction\",\"name\":\"Comment\",\"target\":[\"https:\\\/\\\/www.laguiadepamplona.com\\\/actualidad\\\/el-ayuntamiento-de-pamplona-continua-extendiendo-las-comunidades-energeticas-en-la-ciudad-con-una-nueva-en-el-barrio-de-ermitagana-mendebaldea\\\/#respond\"]}]},{\"@type\":\"WebPage\",\"@id\":\"https:\\\/\\\/www.laguiadepamplona.com\\\/actualidad\\\/el-ayuntamiento-de-pamplona-continua-extendiendo-las-comunidades-energeticas-en-la-ciudad-con-una-nueva-en-el-barrio-de-ermitagana-mendebaldea\\\/\",\"url\":\"https:\\\/\\\/www.laguiadepamplona.com\\\/actualidad\\\/el-ayuntamiento-de-pamplona-continua-extendiendo-las-comunidades-energeticas-en-la-ciudad-con-una-nueva-en-el-barrio-de-ermitagana-mendebaldea\\\/\",\"name\":\"El Ayuntamiento de Pamplona contin\u00faa extendiendo las comunidades energ\u00e9ticas en la ciudad con una nueva en el barrio de Ermitaga\u00f1a-Mendebaldea\",\"isPartOf\":{\"@id\":\"https:\\\/\\\/www.laguiadepamplona.com\\\/actualidad\\\/#website\"},\"primaryImageOfPage\":{\"@id\":\"https:\\\/\\\/www.laguiadepamplona.com\\\/actualidad\\\/el-ayuntamiento-de-pamplona-continua-extendiendo-las-comunidades-energeticas-en-la-ciudad-con-una-nueva-en-el-barrio-de-ermitagana-mendebaldea\\\/#primaryimage\"},\"image\":{\"@id\":\"https:\\\/\\\/www.laguiadepamplona.com\\\/actualidad\\\/el-ayuntamiento-de-pamplona-continua-extendiendo-las-comunidades-energeticas-en-la-ciudad-con-una-nueva-en-el-barrio-de-ermitagana-mendebaldea\\\/#primaryimage\"},\"thumbnailUrl\":\"https:\\\/\\\/www.laguiadepamplona.com\\\/actualidad\\\/wp-content\\\/uploads\\\/2023\\\/04\\\/coches-electricos.jpg\",\"datePublished\":\"2023-04-25T11:45:52+00:00\",\"description\":\"Este jueves habr\u00e1 una sesi\u00f3n informativa de la que ser\u00e1 la tercera comunidad de la ciudad, junto con Mendillorri y Rochapea\",\"breadcrumb\":{\"@id\":\"https:\\\/\\\/www.laguiadepamplona.com\\\/actualidad\\\/el-ayuntamiento-de-pamplona-continua-extendiendo-las-comunidades-energeticas-en-la-ciudad-con-una-nueva-en-el-barrio-de-ermitagana-mendebaldea\\\/#breadcrumb\"},\"inLanguage\":\"es\",\"potentialAction\":[{\"@type\":\"ReadAction\",\"target\":[\"https:\\\/\\\/www.laguiadepamplona.com\\\/actualidad\\\/el-ayuntamiento-de-pamplona-continua-extendiendo-las-comunidades-energeticas-en-la-ciudad-con-una-nueva-en-el-barrio-de-ermitagana-mendebaldea\\\/\"]}]},{\"@type\":\"ImageObject\",\"inLanguage\":\"es\",\"@id\":\"https:\\\/\\\/www.laguiadepamplona.com\\\/actualidad\\\/el-ayuntamiento-de-pamplona-continua-extendiendo-las-comunidades-energeticas-en-la-ciudad-con-una-nueva-en-el-barrio-de-ermitagana-mendebaldea\\\/#primaryimage\",\"url\":\"https:\\\/\\\/www.laguiadepamplona.com\\\/actualidad\\\/wp-content\\\/uploads\\\/2023\\\/04\\\/coches-electricos.jpg\",\"contentUrl\":\"https:\\\/\\\/www.laguiadepamplona.com\\\/actualidad\\\/wp-content\\\/uploads\\\/2023\\\/04\\\/coches-electricos.jpg\",\"width\":1771,\"height\":1017},{\"@type\":\"BreadcrumbList\",\"@id\":\"https:\\\/\\\/www.laguiadepamplona.com\\\/actualidad\\\/el-ayuntamiento-de-pamplona-continua-extendiendo-las-comunidades-energeticas-en-la-ciudad-con-una-nueva-en-el-barrio-de-ermitagana-mendebaldea\\\/#breadcrumb\",\"itemListElement\":[{\"@type\":\"ListItem\",\"position\":1,\"name\":\"Portada\",\"item\":\"https:\\\/\\\/www.laguiadepamplona.com\\\/actualidad\\\/\"},{\"@type\":\"ListItem\",\"position\":2,\"name\":\"El Ayuntamiento de Pamplona contin\u00faa extendiendo las comunidades energ\u00e9ticas en la ciudad con una nueva en el barrio de Ermitaga\u00f1a-Mendebaldea\"}]},{\"@type\":\"WebSite\",\"@id\":\"https:\\\/\\\/www.laguiadepamplona.com\\\/actualidad\\\/#website\",\"url\":\"https:\\\/\\\/www.laguiadepamplona.com\\\/actualidad\\\/\",\"name\":\"La gu\u00eda de Pamplona\",\"description\":\"Noticias de Pamplona\",\"publisher\":{\"@id\":\"https:\\\/\\\/www.laguiadepamplona.com\\\/actualidad\\\/#organization\"},\"potentialAction\":[{\"@type\":\"SearchAction\",\"target\":{\"@type\":\"EntryPoint\",\"urlTemplate\":\"https:\\\/\\\/www.laguiadepamplona.com\\\/actualidad\\\/?s={search_term_string}\"},\"query-input\":{\"@type\":\"PropertyValueSpecification\",\"valueRequired\":true,\"valueName\":\"search_term_string\"}}],\"inLanguage\":\"es\"},{\"@type\":\"Organization\",\"@id\":\"https:\\\/\\\/www.laguiadepamplona.com\\\/actualidad\\\/#organization\",\"name\":\"La Gu\u00eda de Pamplona \\\/ Noticias\",\"url\":\"https:\\\/\\\/www.laguiadepamplona.com\\\/actualidad\\\/\",\"logo\":{\"@type\":\"ImageObject\",\"inLanguage\":\"es\",\"@id\":\"https:\\\/\\\/www.laguiadepamplona.com\\\/actualidad\\\/#\\\/schema\\\/logo\\\/image\\\/\",\"url\":\"https:\\\/\\\/www.laguiadepamplona.com\\\/actualidad\\\/wp-content\\\/uploads\\\/2018\\\/11\\\/logo-laguiadepamplona18-web1.png\",\"contentUrl\":\"https:\\\/\\\/www.laguiadepamplona.com\\\/actualidad\\\/wp-content\\\/uploads\\\/2018\\\/11\\\/logo-laguiadepamplona18-web1.png\",\"width\":600,\"height\":196,\"caption\":\"La Gu\u00eda de Pamplona \\\/ Noticias\"},\"image\":{\"@id\":\"https:\\\/\\\/www.laguiadepamplona.com\\\/actualidad\\\/#\\\/schema\\\/logo\\\/image\\\/\"},\"sameAs\":[\"https:\\\/\\\/www.facebook.com\\\/laguiadepamplonacom-133175176762273\\\/?ref=hl\",\"https:\\\/\\\/x.com\\\/LaGuiadPamplona\",\"https:\\\/\\\/www.instagram.com\\\/la_guia_de_pamplona\\\/\",\"https:\\\/\\\/www.youtube.com\\\/user\\\/laguiadepamplona\"]},{\"@type\":\"Person\",\"@id\":\"https:\\\/\\\/www.laguiadepamplona.com\\\/actualidad\\\/#\\\/schema\\\/person\\\/efe887376f0213d4657c93adc50b1fdb\",\"name\":\"La Gu\u00eda de Pamplona\",\"image\":{\"@type\":\"ImageObject\",\"inLanguage\":\"es\",\"@id\":\"https:\\\/\\\/secure.gravatar.com\\\/avatar\\\/b6992f131dc8d30ab0dff15446e9d346d9dbd95992de0fef795073f5ea83a81c?s=96&d=mm&r=g\",\"url\":\"https:\\\/\\\/secure.gravatar.com\\\/avatar\\\/b6992f131dc8d30ab0dff15446e9d346d9dbd95992de0fef795073f5ea83a81c?s=96&d=mm&r=g\",\"contentUrl\":\"https:\\\/\\\/secure.gravatar.com\\\/avatar\\\/b6992f131dc8d30ab0dff15446e9d346d9dbd95992de0fef795073f5ea83a81c?s=96&d=mm&r=g\",\"caption\":\"La Gu\u00eda de Pamplona\"}}]}<\/script>\n<!-- \/ Yoast SEO plugin. -->","yoast_head_json":{"title":"El Ayuntamiento de Pamplona contin\u00faa extendiendo las comunidades energ\u00e9ticas en la ciudad con una nueva en el barrio de Ermitaga\u00f1a-Mendebaldea","description":"Este jueves habr\u00e1 una sesi\u00f3n informativa de la que ser\u00e1 la tercera comunidad de la ciudad, junto con Mendillorri y Rochapea","robots":{"index":"index","follow":"follow","max-snippet":"max-snippet:-1","max-image-preview":"max-image-preview:large","max-video-preview":"max-video-preview:-1"},"canonical":"https:\/\/www.laguiadepamplona.com\/actualidad\/el-ayuntamiento-de-pamplona-continua-extendiendo-las-comunidades-energeticas-en-la-ciudad-con-una-nueva-en-el-barrio-de-ermitagana-mendebaldea\/","og_locale":"es_ES","og_type":"article","og_title":"El Ayuntamiento de Pamplona contin\u00faa extendiendo las comunidades energ\u00e9ticas en la ciudad con una nueva en el barrio de Ermitaga\u00f1a-Mendebaldea","og_description":"Este jueves habr\u00e1 una sesi\u00f3n informativa de la que ser\u00e1 la tercera comunidad de la ciudad, junto con Mendillorri y Rochapea","og_url":"https:\/\/www.laguiadepamplona.com\/actualidad\/el-ayuntamiento-de-pamplona-continua-extendiendo-las-comunidades-energeticas-en-la-ciudad-con-una-nueva-en-el-barrio-de-ermitagana-mendebaldea\/","og_site_name":"La Gu\u00eda de Pamplona","article_publisher":"https:\/\/www.facebook.com\/laguiadepamplonacom-133175176762273\/?ref=hl","article_published_time":"2023-04-25T11:45:52+00:00","og_image":[{"width":1771,"height":1017,"url":"https:\/\/www.laguiadepamplona.com\/actualidad\/wp-content\/uploads\/2023\/04\/coches-electricos.jpg","type":"image\/jpeg"}],"author":"La Gu\u00eda de Pamplona","twitter_card":"summary_large_image","twitter_creator":"@LaGuiadPamplona","twitter_site":"@LaGuiadPamplona","twitter_misc":{"Escrito por":"La Gu\u00eda de Pamplona","Tiempo de lectura":"4 minutos"},"schema":{"@context":"https:\/\/schema.org","@graph":[{"@type":"Article","@id":"https:\/\/www.laguiadepamplona.com\/actualidad\/el-ayuntamiento-de-pamplona-continua-extendiendo-las-comunidades-energeticas-en-la-ciudad-con-una-nueva-en-el-barrio-de-ermitagana-mendebaldea\/#article","isPartOf":{"@id":"https:\/\/www.laguiadepamplona.com\/actualidad\/el-ayuntamiento-de-pamplona-continua-extendiendo-las-comunidades-energeticas-en-la-ciudad-con-una-nueva-en-el-barrio-de-ermitagana-mendebaldea\/"},"author":{"name":"La Gu\u00eda de Pamplona","@id":"https:\/\/www.laguiadepamplona.com\/actualidad\/#\/schema\/person\/efe887376f0213d4657c93adc50b1fdb"},"headline":"El Ayuntamiento de Pamplona contin\u00faa extendiendo las comunidades energ\u00e9ticas en la ciudad con una nueva en el barrio de Ermitaga\u00f1a-Mendebaldea","datePublished":"2023-04-25T11:45:52+00:00","mainEntityOfPage":{"@id":"https:\/\/www.laguiadepamplona.com\/actualidad\/el-ayuntamiento-de-pamplona-continua-extendiendo-las-comunidades-energeticas-en-la-ciudad-con-una-nueva-en-el-barrio-de-ermitagana-mendebaldea\/"},"wordCount":912,"commentCount":0,"publisher":{"@id":"https:\/\/www.laguiadepamplona.com\/actualidad\/#organization"},"image":{"@id":"https:\/\/www.laguiadepamplona.com\/actualidad\/el-ayuntamiento-de-pamplona-continua-extendiendo-las-comunidades-energeticas-en-la-ciudad-con-una-nueva-en-el-barrio-de-ermitagana-mendebaldea\/#primaryimage"},"thumbnailUrl":"https:\/\/www.laguiadepamplona.com\/actualidad\/wp-content\/uploads\/2023\/04\/coches-electricos.jpg","articleSection":["Ayto Pamplona"],"inLanguage":"es","potentialAction":[{"@type":"CommentAction","name":"Comment","target":["https:\/\/www.laguiadepamplona.com\/actualidad\/el-ayuntamiento-de-pamplona-continua-extendiendo-las-comunidades-energeticas-en-la-ciudad-con-una-nueva-en-el-barrio-de-ermitagana-mendebaldea\/#respond"]}]},{"@type":"WebPage","@id":"https:\/\/www.laguiadepamplona.com\/actualidad\/el-ayuntamiento-de-pamplona-continua-extendiendo-las-comunidades-energeticas-en-la-ciudad-con-una-nueva-en-el-barrio-de-ermitagana-mendebaldea\/","url":"https:\/\/www.laguiadepamplona.com\/actualidad\/el-ayuntamiento-de-pamplona-continua-extendiendo-las-comunidades-energeticas-en-la-ciudad-con-una-nueva-en-el-barrio-de-ermitagana-mendebaldea\/","name":"El Ayuntamiento de Pamplona contin\u00faa extendiendo las comunidades energ\u00e9ticas en la ciudad con una nueva en el barrio de Ermitaga\u00f1a-Mendebaldea","isPartOf":{"@id":"https:\/\/www.laguiadepamplona.com\/actualidad\/#website"},"primaryImageOfPage":{"@id":"https:\/\/www.laguiadepamplona.com\/actualidad\/el-ayuntamiento-de-pamplona-continua-extendiendo-las-comunidades-energeticas-en-la-ciudad-con-una-nueva-en-el-barrio-de-ermitagana-mendebaldea\/#primaryimage"},"image":{"@id":"https:\/\/www.laguiadepamplona.com\/actualidad\/el-ayuntamiento-de-pamplona-continua-extendiendo-las-comunidades-energeticas-en-la-ciudad-con-una-nueva-en-el-barrio-de-ermitagana-mendebaldea\/#primaryimage"},"thumbnailUrl":"https:\/\/www.laguiadepamplona.com\/actualidad\/wp-content\/uploads\/2023\/04\/coches-electricos.jpg","datePublished":"2023-04-25T11:45:52+00:00","description":"Este jueves habr\u00e1 una sesi\u00f3n informativa de la que ser\u00e1 la tercera comunidad de la ciudad, junto con Mendillorri y Rochapea","breadcrumb":{"@id":"https:\/\/www.laguiadepamplona.com\/actualidad\/el-ayuntamiento-de-pamplona-continua-extendiendo-las-comunidades-energeticas-en-la-ciudad-con-una-nueva-en-el-barrio-de-ermitagana-mendebaldea\/#breadcrumb"},"inLanguage":"es","potentialAction":[{"@type":"ReadAction","target":["https:\/\/www.laguiadepamplona.com\/actualidad\/el-ayuntamiento-de-pamplona-continua-extendiendo-las-comunidades-energeticas-en-la-ciudad-con-una-nueva-en-el-barrio-de-ermitagana-mendebaldea\/"]}]},{"@type":"ImageObject","inLanguage":"es","@id":"https:\/\/www.laguiadepamplona.com\/actualidad\/el-ayuntamiento-de-pamplona-continua-extendiendo-las-comunidades-energeticas-en-la-ciudad-con-una-nueva-en-el-barrio-de-ermitagana-mendebaldea\/#primaryimage","url":"https:\/\/www.laguiadepamplona.com\/actualidad\/wp-content\/uploads\/2023\/04\/coches-electricos.jpg","contentUrl":"https:\/\/www.laguiadepamplona.com\/actualidad\/wp-content\/uploads\/2023\/04\/coches-electricos.jpg","width":1771,"height":1017},{"@type":"BreadcrumbList","@id":"https:\/\/www.laguiadepamplona.com\/actualidad\/el-ayuntamiento-de-pamplona-continua-extendiendo-las-comunidades-energeticas-en-la-ciudad-con-una-nueva-en-el-barrio-de-ermitagana-mendebaldea\/#breadcrumb","itemListElement":[{"@type":"ListItem","position":1,"name":"Portada","item":"https:\/\/www.laguiadepamplona.com\/actualidad\/"},{"@type":"ListItem","position":2,"name":"El Ayuntamiento de Pamplona contin\u00faa extendiendo las comunidades energ\u00e9ticas en la ciudad con una nueva en el barrio de Ermitaga\u00f1a-Mendebaldea"}]},{"@type":"WebSite","@id":"https:\/\/www.laguiadepamplona.com\/actualidad\/#website","url":"https:\/\/www.laguiadepamplona.com\/actualidad\/","name":"La gu\u00eda de Pamplona","description":"Noticias de Pamplona","publisher":{"@id":"https:\/\/www.laguiadepamplona.com\/actualidad\/#organization"},"potentialAction":[{"@type":"SearchAction","target":{"@type":"EntryPoint","urlTemplate":"https:\/\/www.laguiadepamplona.com\/actualidad\/?s={search_term_string}"},"query-input":{"@type":"PropertyValueSpecification","valueRequired":true,"valueName":"search_term_string"}}],"inLanguage":"es"},{"@type":"Organization","@id":"https:\/\/www.laguiadepamplona.com\/actualidad\/#organization","name":"La Gu\u00eda de Pamplona \/ Noticias","url":"https:\/\/www.laguiadepamplona.com\/actualidad\/","logo":{"@type":"ImageObject","inLanguage":"es","@id":"https:\/\/www.laguiadepamplona.com\/actualidad\/#\/schema\/logo\/image\/","url":"https:\/\/www.laguiadepamplona.com\/actualidad\/wp-content\/uploads\/2018\/11\/logo-laguiadepamplona18-web1.png","contentUrl":"https:\/\/www.laguiadepamplona.com\/actualidad\/wp-content\/uploads\/2018\/11\/logo-laguiadepamplona18-web1.png","width":600,"height":196,"caption":"La Gu\u00eda de Pamplona \/ Noticias"},"image":{"@id":"https:\/\/www.laguiadepamplona.com\/actualidad\/#\/schema\/logo\/image\/"},"sameAs":["https:\/\/www.facebook.com\/laguiadepamplonacom-133175176762273\/?ref=hl","https:\/\/x.com\/LaGuiadPamplona","https:\/\/www.instagram.com\/la_guia_de_pamplona\/","https:\/\/www.youtube.com\/user\/laguiadepamplona"]},{"@type":"Person","@id":"https:\/\/www.laguiadepamplona.com\/actualidad\/#\/schema\/person\/efe887376f0213d4657c93adc50b1fdb","name":"La Gu\u00eda de Pamplona","image":{"@type":"ImageObject","inLanguage":"es","@id":"https:\/\/secure.gravatar.com\/avatar\/b6992f131dc8d30ab0dff15446e9d346d9dbd95992de0fef795073f5ea83a81c?s=96&d=mm&r=g","url":"https:\/\/secure.gravatar.com\/avatar\/b6992f131dc8d30ab0dff15446e9d346d9dbd95992de0fef795073f5ea83a81c?s=96&d=mm&r=g","contentUrl":"https:\/\/secure.gravatar.com\/avatar\/b6992f131dc8d30ab0dff15446e9d346d9dbd95992de0fef795073f5ea83a81c?s=96&d=mm&r=g","caption":"La Gu\u00eda de Pamplona"}}]}},"post_mailing_queue_ids":[],"_links":{"self":[{"href":"https:\/\/www.laguiadepamplona.com\/actualidad\/wp-json\/wp\/v2\/posts\/46471","targetHints":{"allow":["GET"]}}],"collection":[{"href":"https:\/\/www.laguiadepamplona.com\/actualidad\/wp-json\/wp\/v2\/posts"}],"about":[{"href":"https:\/\/www.laguiadepamplona.com\/actualidad\/wp-json\/wp\/v2\/types\/post"}],"author":[{"embeddable":true,"href":"https:\/\/www.laguiadepamplona.com\/actualidad\/wp-json\/wp\/v2\/users\/1"}],"replies":[{"embeddable":true,"href":"https:\/\/www.laguiadepamplona.com\/actualidad\/wp-json\/wp\/v2\/comments?post=46471"}],"version-history":[{"count":1,"href":"https:\/\/www.laguiadepamplona.com\/actualidad\/wp-json\/wp\/v2\/posts\/46471\/revisions"}],"predecessor-version":[{"id":46473,"href":"https:\/\/www.laguiadepamplona.com\/actualidad\/wp-json\/wp\/v2\/posts\/46471\/revisions\/46473"}],"wp:featuredmedia":[{"embeddable":true,"href":"https:\/\/www.laguiadepamplona.com\/actualidad\/wp-json\/wp\/v2\/media\/46472"}],"wp:attachment":[{"href":"https:\/\/www.laguiadepamplona.com\/actualidad\/wp-json\/wp\/v2\/media?parent=46471"}],"wp:term":[{"taxonomy":"category","embeddable":true,"href":"https:\/\/www.laguiadepamplona.com\/actualidad\/wp-json\/wp\/v2\/categories?post=46471"},{"taxonomy":"post_tag","embeddable":true,"href":"https:\/\/www.laguiadepamplona.com\/actualidad\/wp-json\/wp\/v2\/tags?post=46471"}],"curies":[{"name":"wp","href":"https:\/\/api.w.org\/{rel}","templated":true}]}}