{"id":46469,"date":"2023-04-25T13:43:52","date_gmt":"2023-04-25T11:43:52","guid":{"rendered":"https:\/\/www.laguiadepamplona.com\/actualidad\/?p=46469"},"modified":"2023-04-25T13:43:52","modified_gmt":"2023-04-25T11:43:52","slug":"la-fachada-consistorial-se-ilumina-este-miercoles-en-verde-oscuro-y-naranja-para-dar-visibilidad-al-dia-nacional-de-la-fibrosis-quistica","status":"publish","type":"post","link":"https:\/\/www.laguiadepamplona.com\/actualidad\/la-fachada-consistorial-se-ilumina-este-miercoles-en-verde-oscuro-y-naranja-para-dar-visibilidad-al-dia-nacional-de-la-fibrosis-quistica\/","title":{"rendered":"La fachada consistorial se ilumina este mi\u00e9rcoles en verde oscuro y naranja para dar visibilidad al D\u00eda Nacional de la Fibrosis Qu\u00edstica"},"content":{"rendered":"<h3>El diagn\u00f3stico temprano de esta enfermedad cr\u00f3nica, hereditaria y degenerativa incrementa la calidad de vida de las personas afectadas<\/h3>\n<p><!--more--><\/p>\n<p>La fachada de la Casa Consistorial se ilumina este mi\u00e9rcoles con los colores verde oscuro y naranja para dar mayor visibilidad a la celebraci\u00f3n del D\u00eda Nacional de la Fibrosis Qu\u00edstica. Pamplona se une a la iniciativa de la Asociaci\u00f3n Navarra contra la Fibrosis Qu\u00edstica y la Fundaci\u00f3n Espa\u00f1ola de Fibrosis Qu\u00edstica para concienciar sobre la importancia de la investigaci\u00f3n y el diagn\u00f3stico de esta enfermedad degenerativa.<br \/>\n<script async src=\"\/\/pagead2.googlesyndication.com\/pagead\/js\/adsbygoogle.js\"><\/script><br \/>\n<!-- Noticias La Guia de Pamplona --><br \/>\n<ins class=\"adsbygoogle\"\nstyle=\"display:block\"\ndata-ad-client=\"ca-pub-6943679897239327\"\ndata-ad-slot=\"7048180777\"\ndata-ad-format=\"auto\"><\/ins><br \/>\n<script>\n(adsbygoogle = window.adsbygoogle || []).push({});\n<\/script><\/p>\n<p>La fibrosis qu\u00edstica es una enfermedad cr\u00f3nica hereditaria que afecta principalmente al sistema respiratorio y digestivo, aunque puede afectar tambi\u00e9n a otros \u00f3rganos. Es una patolog\u00eda grave, que no tiene cura en la actualidad, pese al avance de los \u00faltimos a\u00f1os en el conocimiento y tratamiento de la enfermedad. Por ello, las asociaciones demandan que se invierta en investigaci\u00f3n para avanzar y brindar una mayor calidad de vida de las personas afectadas.<\/p>\n<p>Sobre todo, reclaman el acceso a los nuevos medicamentos, la creaci\u00f3n de un registro de personas afectadas y la participaci\u00f3n social plena de los ni\u00f1os y ni\u00f1as que sufren la enfermedad. Por lo general, los pacientes con la enfermedad desarrollan s\u00edntomas desde los primeros meses de vida. En Espa\u00f1a, el 91% de los diagn\u00f3sticos se realizan al nacer. Los s\u00edntomas incluyen el sabor salado de la piel, problemas respiratorios, falta de peso y problemas digestivos. Mediante la investigaci\u00f3n, los avances en la detecci\u00f3n y el tratamiento tempranos hacen posible una mejor calidad de vida y mejora del pron\u00f3stico en las personas afectadas.<br \/>\n<script async src=\"\/\/pagead2.googlesyndication.com\/pagead\/js\/adsbygoogle.js\"><\/script><br \/>\n<!-- Noticias La Guia de Pamplona --><br \/>\n<ins class=\"adsbygoogle\"\nstyle=\"display:block\"\ndata-ad-client=\"ca-pub-6943679897239327\"\ndata-ad-slot=\"7048180777\"\ndata-ad-format=\"auto\"><\/ins><br \/>\n<script>\n(adsbygoogle = window.adsbygoogle || []).push({});\n<\/script><\/p>\n<p>&nbsp;<\/p>\n<h3>D\u00eda Nacional de la Fibrosis Qu\u00edstica, 26 de Abril<\/h3>\n<ul>\n<li>Enfermedad cr\u00f3nica, hereditaria y degenerativa<\/li>\n<li>Afecta a distintos \u00f3rganos del cuerpo, sobre todo al sistema respiratorio y digestivo<\/li>\n<li>El 91% de los diagn\u00f3sticos se realizan al nacer<\/li>\n<\/ul>\n","protected":false},"excerpt":{"rendered":"<p>El diagn\u00f3stico temprano de esta enfermedad cr\u00f3nica, hereditaria y degenerativa incrementa la calidad de vida de las personas afectadas<\/p>\n","protected":false},"author":1,"featured_media":33755,"comment_status":"open","ping_status":"closed","sticky":false,"template":"","format":"standard","meta":{"footnotes":""},"categories":[2],"tags":[],"class_list":["post-46469","post","type-post","status-publish","format-standard","has-post-thumbnail","hentry","category-ayuntamiento-pamplona"],"yoast_head":"<!-- This site is optimized with the Yoast SEO plugin v27.3 - https:\/\/yoast.com\/product\/yoast-seo-wordpress\/ -->\n<title>La fachada consistorial se ilumina este mi\u00e9rcoles en verde oscuro y naranja para dar visibilidad al D\u00eda Nacional de la Fibrosis Qu\u00edstica<\/title>\n<meta name=\"description\" content=\"El diagn\u00f3stico temprano de esta enfermedad cr\u00f3nica, hereditaria y degenerativa incrementa la calidad de vida de las personas afectadas\" \/>\n<meta name=\"robots\" content=\"index, follow, max-snippet:-1, max-image-preview:large, max-video-preview:-1\" \/>\n<link rel=\"canonical\" href=\"https:\/\/www.laguiadepamplona.com\/actualidad\/la-fachada-consistorial-se-ilumina-este-miercoles-en-verde-oscuro-y-naranja-para-dar-visibilidad-al-dia-nacional-de-la-fibrosis-quistica\/\" \/>\n<meta property=\"og:locale\" content=\"es_ES\" \/>\n<meta property=\"og:type\" content=\"article\" \/>\n<meta property=\"og:title\" content=\"La fachada consistorial se ilumina este mi\u00e9rcoles en verde oscuro y naranja para dar visibilidad al D\u00eda Nacional de la Fibrosis Qu\u00edstica\" \/>\n<meta property=\"og:description\" content=\"El diagn\u00f3stico temprano de esta enfermedad cr\u00f3nica, hereditaria y degenerativa incrementa la calidad de vida de las personas afectadas\" \/>\n<meta property=\"og:url\" content=\"https:\/\/www.laguiadepamplona.com\/actualidad\/la-fachada-consistorial-se-ilumina-este-miercoles-en-verde-oscuro-y-naranja-para-dar-visibilidad-al-dia-nacional-de-la-fibrosis-quistica\/\" \/>\n<meta property=\"og:site_name\" content=\"La Gu\u00eda de Pamplona\" \/>\n<meta property=\"article:publisher\" content=\"https:\/\/www.facebook.com\/laguiadepamplonacom-133175176762273\/?ref=hl\" \/>\n<meta property=\"article:published_time\" content=\"2023-04-25T11:43:52+00:00\" \/>\n<meta property=\"og:image\" content=\"https:\/\/www.laguiadepamplona.com\/actualidad\/wp-content\/uploads\/2021\/03\/aytoverde_JGV1123.jpg\" \/>\n\t<meta property=\"og:image:width\" content=\"1920\" \/>\n\t<meta property=\"og:image:height\" content=\"1280\" \/>\n\t<meta property=\"og:image:type\" content=\"image\/jpeg\" \/>\n<meta name=\"author\" content=\"La Gu\u00eda de Pamplona\" \/>\n<meta name=\"twitter:card\" content=\"summary_large_image\" \/>\n<meta name=\"twitter:creator\" content=\"@LaGuiadPamplona\" \/>\n<meta name=\"twitter:site\" content=\"@LaGuiadPamplona\" \/>\n<meta name=\"twitter:label1\" content=\"Escrito por\" \/>\n\t<meta name=\"twitter:data1\" content=\"La Gu\u00eda de Pamplona\" \/>\n\t<meta name=\"twitter:label2\" content=\"Tiempo de lectura\" \/>\n\t<meta name=\"twitter:data2\" content=\"2 minutos\" \/>\n<script type=\"application\/ld+json\" class=\"yoast-schema-graph\">{\"@context\":\"https:\\\/\\\/schema.org\",\"@graph\":[{\"@type\":\"Article\",\"@id\":\"https:\\\/\\\/www.laguiadepamplona.com\\\/actualidad\\\/la-fachada-consistorial-se-ilumina-este-miercoles-en-verde-oscuro-y-naranja-para-dar-visibilidad-al-dia-nacional-de-la-fibrosis-quistica\\\/#article\",\"isPartOf\":{\"@id\":\"https:\\\/\\\/www.laguiadepamplona.com\\\/actualidad\\\/la-fachada-consistorial-se-ilumina-este-miercoles-en-verde-oscuro-y-naranja-para-dar-visibilidad-al-dia-nacional-de-la-fibrosis-quistica\\\/\"},\"author\":{\"name\":\"La Gu\u00eda de Pamplona\",\"@id\":\"https:\\\/\\\/www.laguiadepamplona.com\\\/actualidad\\\/#\\\/schema\\\/person\\\/efe887376f0213d4657c93adc50b1fdb\"},\"headline\":\"La fachada consistorial se ilumina este mi\u00e9rcoles en verde oscuro y naranja para dar visibilidad al D\u00eda Nacional de la Fibrosis Qu\u00edstica\",\"datePublished\":\"2023-04-25T11:43:52+00:00\",\"mainEntityOfPage\":{\"@id\":\"https:\\\/\\\/www.laguiadepamplona.com\\\/actualidad\\\/la-fachada-consistorial-se-ilumina-este-miercoles-en-verde-oscuro-y-naranja-para-dar-visibilidad-al-dia-nacional-de-la-fibrosis-quistica\\\/\"},\"wordCount\":353,\"commentCount\":0,\"publisher\":{\"@id\":\"https:\\\/\\\/www.laguiadepamplona.com\\\/actualidad\\\/#organization\"},\"image\":{\"@id\":\"https:\\\/\\\/www.laguiadepamplona.com\\\/actualidad\\\/la-fachada-consistorial-se-ilumina-este-miercoles-en-verde-oscuro-y-naranja-para-dar-visibilidad-al-dia-nacional-de-la-fibrosis-quistica\\\/#primaryimage\"},\"thumbnailUrl\":\"https:\\\/\\\/www.laguiadepamplona.com\\\/actualidad\\\/wp-content\\\/uploads\\\/2021\\\/03\\\/aytoverde_JGV1123.jpg\",\"articleSection\":[\"Ayto Pamplona\"],\"inLanguage\":\"es\",\"potentialAction\":[{\"@type\":\"CommentAction\",\"name\":\"Comment\",\"target\":[\"https:\\\/\\\/www.laguiadepamplona.com\\\/actualidad\\\/la-fachada-consistorial-se-ilumina-este-miercoles-en-verde-oscuro-y-naranja-para-dar-visibilidad-al-dia-nacional-de-la-fibrosis-quistica\\\/#respond\"]}]},{\"@type\":\"WebPage\",\"@id\":\"https:\\\/\\\/www.laguiadepamplona.com\\\/actualidad\\\/la-fachada-consistorial-se-ilumina-este-miercoles-en-verde-oscuro-y-naranja-para-dar-visibilidad-al-dia-nacional-de-la-fibrosis-quistica\\\/\",\"url\":\"https:\\\/\\\/www.laguiadepamplona.com\\\/actualidad\\\/la-fachada-consistorial-se-ilumina-este-miercoles-en-verde-oscuro-y-naranja-para-dar-visibilidad-al-dia-nacional-de-la-fibrosis-quistica\\\/\",\"name\":\"La fachada consistorial se ilumina este mi\u00e9rcoles en verde oscuro y naranja para dar visibilidad al D\u00eda Nacional de la Fibrosis Qu\u00edstica\",\"isPartOf\":{\"@id\":\"https:\\\/\\\/www.laguiadepamplona.com\\\/actualidad\\\/#website\"},\"primaryImageOfPage\":{\"@id\":\"https:\\\/\\\/www.laguiadepamplona.com\\\/actualidad\\\/la-fachada-consistorial-se-ilumina-este-miercoles-en-verde-oscuro-y-naranja-para-dar-visibilidad-al-dia-nacional-de-la-fibrosis-quistica\\\/#primaryimage\"},\"image\":{\"@id\":\"https:\\\/\\\/www.laguiadepamplona.com\\\/actualidad\\\/la-fachada-consistorial-se-ilumina-este-miercoles-en-verde-oscuro-y-naranja-para-dar-visibilidad-al-dia-nacional-de-la-fibrosis-quistica\\\/#primaryimage\"},\"thumbnailUrl\":\"https:\\\/\\\/www.laguiadepamplona.com\\\/actualidad\\\/wp-content\\\/uploads\\\/2021\\\/03\\\/aytoverde_JGV1123.jpg\",\"datePublished\":\"2023-04-25T11:43:52+00:00\",\"description\":\"El diagn\u00f3stico temprano de esta enfermedad cr\u00f3nica, hereditaria y degenerativa incrementa la calidad de vida de las personas afectadas\",\"breadcrumb\":{\"@id\":\"https:\\\/\\\/www.laguiadepamplona.com\\\/actualidad\\\/la-fachada-consistorial-se-ilumina-este-miercoles-en-verde-oscuro-y-naranja-para-dar-visibilidad-al-dia-nacional-de-la-fibrosis-quistica\\\/#breadcrumb\"},\"inLanguage\":\"es\",\"potentialAction\":[{\"@type\":\"ReadAction\",\"target\":[\"https:\\\/\\\/www.laguiadepamplona.com\\\/actualidad\\\/la-fachada-consistorial-se-ilumina-este-miercoles-en-verde-oscuro-y-naranja-para-dar-visibilidad-al-dia-nacional-de-la-fibrosis-quistica\\\/\"]}]},{\"@type\":\"ImageObject\",\"inLanguage\":\"es\",\"@id\":\"https:\\\/\\\/www.laguiadepamplona.com\\\/actualidad\\\/la-fachada-consistorial-se-ilumina-este-miercoles-en-verde-oscuro-y-naranja-para-dar-visibilidad-al-dia-nacional-de-la-fibrosis-quistica\\\/#primaryimage\",\"url\":\"https:\\\/\\\/www.laguiadepamplona.com\\\/actualidad\\\/wp-content\\\/uploads\\\/2021\\\/03\\\/aytoverde_JGV1123.jpg\",\"contentUrl\":\"https:\\\/\\\/www.laguiadepamplona.com\\\/actualidad\\\/wp-content\\\/uploads\\\/2021\\\/03\\\/aytoverde_JGV1123.jpg\",\"width\":1920,\"height\":1280,\"caption\":\"A* Jes\u00fas Garzaron F* 2020_11_19 T* Fachada del Ayuntamiento iluminada de verde L* Ayuntamiento de Pamplona\"},{\"@type\":\"BreadcrumbList\",\"@id\":\"https:\\\/\\\/www.laguiadepamplona.com\\\/actualidad\\\/la-fachada-consistorial-se-ilumina-este-miercoles-en-verde-oscuro-y-naranja-para-dar-visibilidad-al-dia-nacional-de-la-fibrosis-quistica\\\/#breadcrumb\",\"itemListElement\":[{\"@type\":\"ListItem\",\"position\":1,\"name\":\"Portada\",\"item\":\"https:\\\/\\\/www.laguiadepamplona.com\\\/actualidad\\\/\"},{\"@type\":\"ListItem\",\"position\":2,\"name\":\"La fachada consistorial se ilumina este mi\u00e9rcoles en verde oscuro y naranja para dar visibilidad al D\u00eda Nacional de la Fibrosis Qu\u00edstica\"}]},{\"@type\":\"WebSite\",\"@id\":\"https:\\\/\\\/www.laguiadepamplona.com\\\/actualidad\\\/#website\",\"url\":\"https:\\\/\\\/www.laguiadepamplona.com\\\/actualidad\\\/\",\"name\":\"La gu\u00eda de Pamplona\",\"description\":\"Noticias de Pamplona\",\"publisher\":{\"@id\":\"https:\\\/\\\/www.laguiadepamplona.com\\\/actualidad\\\/#organization\"},\"potentialAction\":[{\"@type\":\"SearchAction\",\"target\":{\"@type\":\"EntryPoint\",\"urlTemplate\":\"https:\\\/\\\/www.laguiadepamplona.com\\\/actualidad\\\/?s={search_term_string}\"},\"query-input\":{\"@type\":\"PropertyValueSpecification\",\"valueRequired\":true,\"valueName\":\"search_term_string\"}}],\"inLanguage\":\"es\"},{\"@type\":\"Organization\",\"@id\":\"https:\\\/\\\/www.laguiadepamplona.com\\\/actualidad\\\/#organization\",\"name\":\"La Gu\u00eda de Pamplona \\\/ Noticias\",\"url\":\"https:\\\/\\\/www.laguiadepamplona.com\\\/actualidad\\\/\",\"logo\":{\"@type\":\"ImageObject\",\"inLanguage\":\"es\",\"@id\":\"https:\\\/\\\/www.laguiadepamplona.com\\\/actualidad\\\/#\\\/schema\\\/logo\\\/image\\\/\",\"url\":\"https:\\\/\\\/www.laguiadepamplona.com\\\/actualidad\\\/wp-content\\\/uploads\\\/2018\\\/11\\\/logo-laguiadepamplona18-web1.png\",\"contentUrl\":\"https:\\\/\\\/www.laguiadepamplona.com\\\/actualidad\\\/wp-content\\\/uploads\\\/2018\\\/11\\\/logo-laguiadepamplona18-web1.png\",\"width\":600,\"height\":196,\"caption\":\"La Gu\u00eda de Pamplona \\\/ Noticias\"},\"image\":{\"@id\":\"https:\\\/\\\/www.laguiadepamplona.com\\\/actualidad\\\/#\\\/schema\\\/logo\\\/image\\\/\"},\"sameAs\":[\"https:\\\/\\\/www.facebook.com\\\/laguiadepamplonacom-133175176762273\\\/?ref=hl\",\"https:\\\/\\\/x.com\\\/LaGuiadPamplona\",\"https:\\\/\\\/www.instagram.com\\\/la_guia_de_pamplona\\\/\",\"https:\\\/\\\/www.youtube.com\\\/user\\\/laguiadepamplona\"]},{\"@type\":\"Person\",\"@id\":\"https:\\\/\\\/www.laguiadepamplona.com\\\/actualidad\\\/#\\\/schema\\\/person\\\/efe887376f0213d4657c93adc50b1fdb\",\"name\":\"La Gu\u00eda de Pamplona\",\"image\":{\"@type\":\"ImageObject\",\"inLanguage\":\"es\",\"@id\":\"https:\\\/\\\/secure.gravatar.com\\\/avatar\\\/b6992f131dc8d30ab0dff15446e9d346d9dbd95992de0fef795073f5ea83a81c?s=96&d=mm&r=g\",\"url\":\"https:\\\/\\\/secure.gravatar.com\\\/avatar\\\/b6992f131dc8d30ab0dff15446e9d346d9dbd95992de0fef795073f5ea83a81c?s=96&d=mm&r=g\",\"contentUrl\":\"https:\\\/\\\/secure.gravatar.com\\\/avatar\\\/b6992f131dc8d30ab0dff15446e9d346d9dbd95992de0fef795073f5ea83a81c?s=96&d=mm&r=g\",\"caption\":\"La Gu\u00eda de Pamplona\"}}]}<\/script>\n<!-- \/ Yoast SEO plugin. -->","yoast_head_json":{"title":"La fachada consistorial se ilumina este mi\u00e9rcoles en verde oscuro y naranja para dar visibilidad al D\u00eda Nacional de la Fibrosis Qu\u00edstica","description":"El diagn\u00f3stico temprano de esta enfermedad cr\u00f3nica, hereditaria y degenerativa incrementa la calidad de vida de las personas afectadas","robots":{"index":"index","follow":"follow","max-snippet":"max-snippet:-1","max-image-preview":"max-image-preview:large","max-video-preview":"max-video-preview:-1"},"canonical":"https:\/\/www.laguiadepamplona.com\/actualidad\/la-fachada-consistorial-se-ilumina-este-miercoles-en-verde-oscuro-y-naranja-para-dar-visibilidad-al-dia-nacional-de-la-fibrosis-quistica\/","og_locale":"es_ES","og_type":"article","og_title":"La fachada consistorial se ilumina este mi\u00e9rcoles en verde oscuro y naranja para dar visibilidad al D\u00eda Nacional de la Fibrosis Qu\u00edstica","og_description":"El diagn\u00f3stico temprano de esta enfermedad cr\u00f3nica, hereditaria y degenerativa incrementa la calidad de vida de las personas afectadas","og_url":"https:\/\/www.laguiadepamplona.com\/actualidad\/la-fachada-consistorial-se-ilumina-este-miercoles-en-verde-oscuro-y-naranja-para-dar-visibilidad-al-dia-nacional-de-la-fibrosis-quistica\/","og_site_name":"La Gu\u00eda de Pamplona","article_publisher":"https:\/\/www.facebook.com\/laguiadepamplonacom-133175176762273\/?ref=hl","article_published_time":"2023-04-25T11:43:52+00:00","og_image":[{"width":1920,"height":1280,"url":"https:\/\/www.laguiadepamplona.com\/actualidad\/wp-content\/uploads\/2021\/03\/aytoverde_JGV1123.jpg","type":"image\/jpeg"}],"author":"La Gu\u00eda de Pamplona","twitter_card":"summary_large_image","twitter_creator":"@LaGuiadPamplona","twitter_site":"@LaGuiadPamplona","twitter_misc":{"Escrito por":"La Gu\u00eda de Pamplona","Tiempo de lectura":"2 minutos"},"schema":{"@context":"https:\/\/schema.org","@graph":[{"@type":"Article","@id":"https:\/\/www.laguiadepamplona.com\/actualidad\/la-fachada-consistorial-se-ilumina-este-miercoles-en-verde-oscuro-y-naranja-para-dar-visibilidad-al-dia-nacional-de-la-fibrosis-quistica\/#article","isPartOf":{"@id":"https:\/\/www.laguiadepamplona.com\/actualidad\/la-fachada-consistorial-se-ilumina-este-miercoles-en-verde-oscuro-y-naranja-para-dar-visibilidad-al-dia-nacional-de-la-fibrosis-quistica\/"},"author":{"name":"La Gu\u00eda de Pamplona","@id":"https:\/\/www.laguiadepamplona.com\/actualidad\/#\/schema\/person\/efe887376f0213d4657c93adc50b1fdb"},"headline":"La fachada consistorial se ilumina este mi\u00e9rcoles en verde oscuro y naranja para dar visibilidad al D\u00eda Nacional de la Fibrosis Qu\u00edstica","datePublished":"2023-04-25T11:43:52+00:00","mainEntityOfPage":{"@id":"https:\/\/www.laguiadepamplona.com\/actualidad\/la-fachada-consistorial-se-ilumina-este-miercoles-en-verde-oscuro-y-naranja-para-dar-visibilidad-al-dia-nacional-de-la-fibrosis-quistica\/"},"wordCount":353,"commentCount":0,"publisher":{"@id":"https:\/\/www.laguiadepamplona.com\/actualidad\/#organization"},"image":{"@id":"https:\/\/www.laguiadepamplona.com\/actualidad\/la-fachada-consistorial-se-ilumina-este-miercoles-en-verde-oscuro-y-naranja-para-dar-visibilidad-al-dia-nacional-de-la-fibrosis-quistica\/#primaryimage"},"thumbnailUrl":"https:\/\/www.laguiadepamplona.com\/actualidad\/wp-content\/uploads\/2021\/03\/aytoverde_JGV1123.jpg","articleSection":["Ayto Pamplona"],"inLanguage":"es","potentialAction":[{"@type":"CommentAction","name":"Comment","target":["https:\/\/www.laguiadepamplona.com\/actualidad\/la-fachada-consistorial-se-ilumina-este-miercoles-en-verde-oscuro-y-naranja-para-dar-visibilidad-al-dia-nacional-de-la-fibrosis-quistica\/#respond"]}]},{"@type":"WebPage","@id":"https:\/\/www.laguiadepamplona.com\/actualidad\/la-fachada-consistorial-se-ilumina-este-miercoles-en-verde-oscuro-y-naranja-para-dar-visibilidad-al-dia-nacional-de-la-fibrosis-quistica\/","url":"https:\/\/www.laguiadepamplona.com\/actualidad\/la-fachada-consistorial-se-ilumina-este-miercoles-en-verde-oscuro-y-naranja-para-dar-visibilidad-al-dia-nacional-de-la-fibrosis-quistica\/","name":"La fachada consistorial se ilumina este mi\u00e9rcoles en verde oscuro y naranja para dar visibilidad al D\u00eda Nacional de la Fibrosis Qu\u00edstica","isPartOf":{"@id":"https:\/\/www.laguiadepamplona.com\/actualidad\/#website"},"primaryImageOfPage":{"@id":"https:\/\/www.laguiadepamplona.com\/actualidad\/la-fachada-consistorial-se-ilumina-este-miercoles-en-verde-oscuro-y-naranja-para-dar-visibilidad-al-dia-nacional-de-la-fibrosis-quistica\/#primaryimage"},"image":{"@id":"https:\/\/www.laguiadepamplona.com\/actualidad\/la-fachada-consistorial-se-ilumina-este-miercoles-en-verde-oscuro-y-naranja-para-dar-visibilidad-al-dia-nacional-de-la-fibrosis-quistica\/#primaryimage"},"thumbnailUrl":"https:\/\/www.laguiadepamplona.com\/actualidad\/wp-content\/uploads\/2021\/03\/aytoverde_JGV1123.jpg","datePublished":"2023-04-25T11:43:52+00:00","description":"El diagn\u00f3stico temprano de esta enfermedad cr\u00f3nica, hereditaria y degenerativa incrementa la calidad de vida de las personas afectadas","breadcrumb":{"@id":"https:\/\/www.laguiadepamplona.com\/actualidad\/la-fachada-consistorial-se-ilumina-este-miercoles-en-verde-oscuro-y-naranja-para-dar-visibilidad-al-dia-nacional-de-la-fibrosis-quistica\/#breadcrumb"},"inLanguage":"es","potentialAction":[{"@type":"ReadAction","target":["https:\/\/www.laguiadepamplona.com\/actualidad\/la-fachada-consistorial-se-ilumina-este-miercoles-en-verde-oscuro-y-naranja-para-dar-visibilidad-al-dia-nacional-de-la-fibrosis-quistica\/"]}]},{"@type":"ImageObject","inLanguage":"es","@id":"https:\/\/www.laguiadepamplona.com\/actualidad\/la-fachada-consistorial-se-ilumina-este-miercoles-en-verde-oscuro-y-naranja-para-dar-visibilidad-al-dia-nacional-de-la-fibrosis-quistica\/#primaryimage","url":"https:\/\/www.laguiadepamplona.com\/actualidad\/wp-content\/uploads\/2021\/03\/aytoverde_JGV1123.jpg","contentUrl":"https:\/\/www.laguiadepamplona.com\/actualidad\/wp-content\/uploads\/2021\/03\/aytoverde_JGV1123.jpg","width":1920,"height":1280,"caption":"A* Jes\u00fas Garzaron F* 2020_11_19 T* Fachada del Ayuntamiento iluminada de verde L* Ayuntamiento de Pamplona"},{"@type":"BreadcrumbList","@id":"https:\/\/www.laguiadepamplona.com\/actualidad\/la-fachada-consistorial-se-ilumina-este-miercoles-en-verde-oscuro-y-naranja-para-dar-visibilidad-al-dia-nacional-de-la-fibrosis-quistica\/#breadcrumb","itemListElement":[{"@type":"ListItem","position":1,"name":"Portada","item":"https:\/\/www.laguiadepamplona.com\/actualidad\/"},{"@type":"ListItem","position":2,"name":"La fachada consistorial se ilumina este mi\u00e9rcoles en verde oscuro y naranja para dar visibilidad al D\u00eda Nacional de la Fibrosis Qu\u00edstica"}]},{"@type":"WebSite","@id":"https:\/\/www.laguiadepamplona.com\/actualidad\/#website","url":"https:\/\/www.laguiadepamplona.com\/actualidad\/","name":"La gu\u00eda de Pamplona","description":"Noticias de Pamplona","publisher":{"@id":"https:\/\/www.laguiadepamplona.com\/actualidad\/#organization"},"potentialAction":[{"@type":"SearchAction","target":{"@type":"EntryPoint","urlTemplate":"https:\/\/www.laguiadepamplona.com\/actualidad\/?s={search_term_string}"},"query-input":{"@type":"PropertyValueSpecification","valueRequired":true,"valueName":"search_term_string"}}],"inLanguage":"es"},{"@type":"Organization","@id":"https:\/\/www.laguiadepamplona.com\/actualidad\/#organization","name":"La Gu\u00eda de Pamplona \/ Noticias","url":"https:\/\/www.laguiadepamplona.com\/actualidad\/","logo":{"@type":"ImageObject","inLanguage":"es","@id":"https:\/\/www.laguiadepamplona.com\/actualidad\/#\/schema\/logo\/image\/","url":"https:\/\/www.laguiadepamplona.com\/actualidad\/wp-content\/uploads\/2018\/11\/logo-laguiadepamplona18-web1.png","contentUrl":"https:\/\/www.laguiadepamplona.com\/actualidad\/wp-content\/uploads\/2018\/11\/logo-laguiadepamplona18-web1.png","width":600,"height":196,"caption":"La Gu\u00eda de Pamplona \/ Noticias"},"image":{"@id":"https:\/\/www.laguiadepamplona.com\/actualidad\/#\/schema\/logo\/image\/"},"sameAs":["https:\/\/www.facebook.com\/laguiadepamplonacom-133175176762273\/?ref=hl","https:\/\/x.com\/LaGuiadPamplona","https:\/\/www.instagram.com\/la_guia_de_pamplona\/","https:\/\/www.youtube.com\/user\/laguiadepamplona"]},{"@type":"Person","@id":"https:\/\/www.laguiadepamplona.com\/actualidad\/#\/schema\/person\/efe887376f0213d4657c93adc50b1fdb","name":"La Gu\u00eda de Pamplona","image":{"@type":"ImageObject","inLanguage":"es","@id":"https:\/\/secure.gravatar.com\/avatar\/b6992f131dc8d30ab0dff15446e9d346d9dbd95992de0fef795073f5ea83a81c?s=96&d=mm&r=g","url":"https:\/\/secure.gravatar.com\/avatar\/b6992f131dc8d30ab0dff15446e9d346d9dbd95992de0fef795073f5ea83a81c?s=96&d=mm&r=g","contentUrl":"https:\/\/secure.gravatar.com\/avatar\/b6992f131dc8d30ab0dff15446e9d346d9dbd95992de0fef795073f5ea83a81c?s=96&d=mm&r=g","caption":"La Gu\u00eda de Pamplona"}}]}},"post_mailing_queue_ids":[],"_links":{"self":[{"href":"https:\/\/www.laguiadepamplona.com\/actualidad\/wp-json\/wp\/v2\/posts\/46469","targetHints":{"allow":["GET"]}}],"collection":[{"href":"https:\/\/www.laguiadepamplona.com\/actualidad\/wp-json\/wp\/v2\/posts"}],"about":[{"href":"https:\/\/www.laguiadepamplona.com\/actualidad\/wp-json\/wp\/v2\/types\/post"}],"author":[{"embeddable":true,"href":"https:\/\/www.laguiadepamplona.com\/actualidad\/wp-json\/wp\/v2\/users\/1"}],"replies":[{"embeddable":true,"href":"https:\/\/www.laguiadepamplona.com\/actualidad\/wp-json\/wp\/v2\/comments?post=46469"}],"version-history":[{"count":1,"href":"https:\/\/www.laguiadepamplona.com\/actualidad\/wp-json\/wp\/v2\/posts\/46469\/revisions"}],"predecessor-version":[{"id":46470,"href":"https:\/\/www.laguiadepamplona.com\/actualidad\/wp-json\/wp\/v2\/posts\/46469\/revisions\/46470"}],"wp:featuredmedia":[{"embeddable":true,"href":"https:\/\/www.laguiadepamplona.com\/actualidad\/wp-json\/wp\/v2\/media\/33755"}],"wp:attachment":[{"href":"https:\/\/www.laguiadepamplona.com\/actualidad\/wp-json\/wp\/v2\/media?parent=46469"}],"wp:term":[{"taxonomy":"category","embeddable":true,"href":"https:\/\/www.laguiadepamplona.com\/actualidad\/wp-json\/wp\/v2\/categories?post=46469"},{"taxonomy":"post_tag","embeddable":true,"href":"https:\/\/www.laguiadepamplona.com\/actualidad\/wp-json\/wp\/v2\/tags?post=46469"}],"curies":[{"name":"wp","href":"https:\/\/api.w.org\/{rel}","templated":true}]}}