{"id":46467,"date":"2023-04-25T13:42:33","date_gmt":"2023-04-25T11:42:33","guid":{"rendered":"https:\/\/www.laguiadepamplona.com\/actualidad\/?p=46467"},"modified":"2023-04-25T13:42:33","modified_gmt":"2023-04-25T11:42:33","slug":"el-ayuntamiento-convoca-ayudas-a-la-edicion-de-libros-y-revistas-relacionadas-con-pamplona-en-soporte-papel-o-soporte-electronico","status":"publish","type":"post","link":"https:\/\/www.laguiadepamplona.com\/actualidad\/el-ayuntamiento-convoca-ayudas-a-la-edicion-de-libros-y-revistas-relacionadas-con-pamplona-en-soporte-papel-o-soporte-electronico\/","title":{"rendered":"El Ayuntamiento convoca ayudas a la edici\u00f3n de libros y revistas relacionadas con Pamplona en soporte papel o soporte electr\u00f3nico"},"content":{"rendered":"<h3>El plazo de presentaci\u00f3n de solicitudes concluye el 15 de mayo para una convocatoria dotada con 8.000 euros<\/h3>\n<p><!--more--><\/p>\n<p>Ya est\u00e1 abierta la convocatoria de ayudas a la edici\u00f3n dirigida a entidades sin \u00e1nimo de lucro que, un a\u00f1o m\u00e1s, lanza el Ayuntamiento de Pamplona. La convocatoria tiene por objeto apoyar econ\u00f3micamente la edici\u00f3n de libros o revistas relacionadas con Pamplona, su cultura, su folklore, personajes e historia en soporte tradicional (papel) y en soporte electr\u00f3nico. Cuenta con un presupuesto de 8.000 euros y un plazo de presentaci\u00f3n de solicitudes que finaliza el 15 de mayo.<br \/>\n<script async src=\"\/\/pagead2.googlesyndication.com\/pagead\/js\/adsbygoogle.js\"><\/script><br \/>\n<!-- Noticias La Guia de Pamplona --><br \/>\n<ins class=\"adsbygoogle\"\nstyle=\"display:block\"\ndata-ad-client=\"ca-pub-6943679897239327\"\ndata-ad-slot=\"7048180777\"\ndata-ad-format=\"auto\"><\/ins><br \/>\n<script>\n(adsbygoogle = window.adsbygoogle || []).push({});\n<\/script><\/p>\n<p>Las obras ser\u00e1n originales e in\u00e9ditas, facs\u00edmil, primeras traducciones al euskera o castellano o reimpresiones de libros originales agotados, siempre que su \u00faltima impresi\u00f3n sea de hace m\u00e1s de diez a\u00f1os, tenga un m\u00ednimo de 15% de nuevos contenidos, una nueva maqueta y un nuevo ISBN. Se trata de esta forma de impulsar la creaci\u00f3n y edici\u00f3n de publicaciones que contribuyan al fomento de la cultura pamplonesa, desde cualquiera de sus perspectivas (hist\u00f3rica, territorial, social\u2026). Las solicitudes se presentar\u00e1n telem\u00e1ticamente a trav\u00e9s del tr\u00e1mite \u2018<a href=\"https:\/\/sedeelectronica.pamplona.es\/FichaTramite.aspx?id=229967TA&amp;idioma=1\" target=\"_blank\" rel=\"noopener\">Solicitud electr\u00f3nica de subvenciones para personas jur\u00eddicas<\/a>\u2019 publicado en la Sede Electr\u00f3nica del Ayuntamiento de Pamplona.<\/p>\n<p>Se admitir\u00e1n obras en las dos lenguas oficiales de Pamplona, que tendr\u00e1n que estar publicadas entre el 1 de enero y el 30 de noviembre de 2023, ambos inclusive. Los gastos de edici\u00f3n deben estar facturados en el a\u00f1o de la convocatoria. Los t\u00edtulos que se publiquen simult\u00e1neamente en formato papel y en formato digital se presentar\u00e1n en una sola solicitud conjunta, pudi\u00e9ndose incluir como gastos subvencionables los relacionados con ambos formatos. La cuant\u00eda para cada proyecto no podr\u00e1 ser superior al 70% del presupuesto aceptado ni superior a 6.500 euros.<br \/>\n<script async src=\"\/\/pagead2.googlesyndication.com\/pagead\/js\/adsbygoogle.js\"><\/script><br \/>\n<!-- Noticias La Guia de Pamplona --><br \/>\n<ins class=\"adsbygoogle\"\nstyle=\"display:block\"\ndata-ad-client=\"ca-pub-6943679897239327\"\ndata-ad-slot=\"7048180777\"\ndata-ad-format=\"auto\"><\/ins><br \/>\n<script>\n(adsbygoogle = window.adsbygoogle || []).push({});\n<\/script><\/p>\n<p><strong>Requisitos de las entidades, valoraci\u00f3n y gastos subvencionables<\/strong><\/p>\n<p>Las entidades que concurran deben ser entidades sin \u00e1nimo de lucro y deben incluir en sus estatutos que la finalidad de la entidad es de car\u00e1cter cultural. Adem\u00e1s, deben estar legalmente constituidas con anterioridad de un a\u00f1o a la publicaci\u00f3n en el BON de esta convocatoria, tener domicilio social y fiscal en Espa\u00f1a, estar al corriente en el cumplimiento de las obligaciones tributarias con el Ayuntamiento de Pamplona y frente a la Seguridad Social. Asimismo, no deben tener pendiente de justificar subvenciones anteriores concedidas por el Ayuntamiento cuyo plazo de justificaci\u00f3n hubiera finalizado. La informaci\u00f3n sobre la convocatoria se puede consultar en <a href=\"http:\/\/www.pamplona.es\" target=\"_blank\" rel=\"noopener\">www.pamplona.es<\/a> y en el Bolet\u00edn Oficial de Navarra n\u00famero 75 de 13 de abril.<\/p>\n<p>En la concesi\u00f3n de las ayudas, se valorar\u00e1n aspectos como la trayectoria de la entidad solicitante, la calidad e inter\u00e9s de la publicaci\u00f3n, su vinculaci\u00f3n con Pamplona, la continuaci\u00f3n de una serie de publicaciones ya editadas o la incorporaci\u00f3n de contenidos que rompan estereotipos de g\u00e9nero y promuevan la igualdad.<br \/>\n<script async src=\"\/\/pagead2.googlesyndication.com\/pagead\/js\/adsbygoogle.js\"><\/script><br \/>\n<!-- Noticias La Guia de Pamplona --><br \/>\n<ins class=\"adsbygoogle\"\nstyle=\"display:block\"\ndata-ad-client=\"ca-pub-6943679897239327\"\ndata-ad-slot=\"7048180777\"\ndata-ad-format=\"auto\"><\/ins><br \/>\n<script>\n(adsbygoogle = window.adsbygoogle || []).push({});\n<\/script><\/p>\n<p>Se consideran subvencionables los gastos referidos a la producci\u00f3n editorial, incluyendo todos los procesos necesarios para la publicaci\u00f3n: dise\u00f1o y maquetaci\u00f3n de cubierta e interior, ilustraci\u00f3n, fotograf\u00eda y tratamiento de im\u00e1genes (conversi\u00f3n de formatos o resoluciones, digitalizaci\u00f3n, retoque y limpieza) y servicio de traducci\u00f3n. Se suman tambi\u00e9n los derechos de autor\u00eda (SGAE\u2026), la impresi\u00f3n de publicaciones y la gesti\u00f3n con las plataformas de publicaci\u00f3n digital.<\/p>\n","protected":false},"excerpt":{"rendered":"<p>El plazo de presentaci\u00f3n de solicitudes concluye el 15 de mayo para una convocatoria dotada con 8.000 euros<\/p>\n","protected":false},"author":1,"featured_media":40836,"comment_status":"open","ping_status":"closed","sticky":false,"template":"","format":"standard","meta":{"footnotes":""},"categories":[2],"tags":[],"class_list":["post-46467","post","type-post","status-publish","format-standard","has-post-thumbnail","hentry","category-ayuntamiento-pamplona"],"yoast_head":"<!-- This site is optimized with the Yoast SEO plugin v27.3 - https:\/\/yoast.com\/product\/yoast-seo-wordpress\/ -->\n<title>El Ayuntamiento convoca ayudas a la edici\u00f3n de libros y revistas relacionadas con Pamplona en soporte papel o soporte electr\u00f3nico<\/title>\n<meta name=\"description\" content=\"El plazo de presentaci\u00f3n de solicitudes concluye el 15 de mayo para una convocatoria dotada con 8.000 euros\" \/>\n<meta name=\"robots\" content=\"index, follow, max-snippet:-1, max-image-preview:large, max-video-preview:-1\" \/>\n<link rel=\"canonical\" href=\"https:\/\/www.laguiadepamplona.com\/actualidad\/el-ayuntamiento-convoca-ayudas-a-la-edicion-de-libros-y-revistas-relacionadas-con-pamplona-en-soporte-papel-o-soporte-electronico\/\" \/>\n<meta property=\"og:locale\" content=\"es_ES\" \/>\n<meta property=\"og:type\" content=\"article\" \/>\n<meta property=\"og:title\" content=\"El Ayuntamiento convoca ayudas a la edici\u00f3n de libros y revistas relacionadas con Pamplona en soporte papel o soporte electr\u00f3nico\" \/>\n<meta property=\"og:description\" content=\"El plazo de presentaci\u00f3n de solicitudes concluye el 15 de mayo para una convocatoria dotada con 8.000 euros\" \/>\n<meta property=\"og:url\" content=\"https:\/\/www.laguiadepamplona.com\/actualidad\/el-ayuntamiento-convoca-ayudas-a-la-edicion-de-libros-y-revistas-relacionadas-con-pamplona-en-soporte-papel-o-soporte-electronico\/\" \/>\n<meta property=\"og:site_name\" content=\"La Gu\u00eda de Pamplona\" \/>\n<meta property=\"article:publisher\" content=\"https:\/\/www.facebook.com\/laguiadepamplonacom-133175176762273\/?ref=hl\" \/>\n<meta property=\"article:published_time\" content=\"2023-04-25T11:42:33+00:00\" \/>\n<meta property=\"og:image\" content=\"https:\/\/www.laguiadepamplona.com\/actualidad\/wp-content\/uploads\/2022\/06\/libros_3.webp\" \/>\n\t<meta property=\"og:image:width\" content=\"1920\" \/>\n\t<meta property=\"og:image:height\" content=\"1440\" \/>\n\t<meta property=\"og:image:type\" content=\"image\/webp\" \/>\n<meta name=\"author\" content=\"La Gu\u00eda de Pamplona\" \/>\n<meta name=\"twitter:card\" content=\"summary_large_image\" \/>\n<meta name=\"twitter:creator\" content=\"@LaGuiadPamplona\" \/>\n<meta name=\"twitter:site\" content=\"@LaGuiadPamplona\" \/>\n<meta name=\"twitter:label1\" content=\"Escrito por\" \/>\n\t<meta name=\"twitter:data1\" content=\"La Gu\u00eda de Pamplona\" \/>\n\t<meta name=\"twitter:label2\" content=\"Tiempo de lectura\" \/>\n\t<meta name=\"twitter:data2\" content=\"3 minutos\" \/>\n<script type=\"application\/ld+json\" class=\"yoast-schema-graph\">{\"@context\":\"https:\\\/\\\/schema.org\",\"@graph\":[{\"@type\":\"Article\",\"@id\":\"https:\\\/\\\/www.laguiadepamplona.com\\\/actualidad\\\/el-ayuntamiento-convoca-ayudas-a-la-edicion-de-libros-y-revistas-relacionadas-con-pamplona-en-soporte-papel-o-soporte-electronico\\\/#article\",\"isPartOf\":{\"@id\":\"https:\\\/\\\/www.laguiadepamplona.com\\\/actualidad\\\/el-ayuntamiento-convoca-ayudas-a-la-edicion-de-libros-y-revistas-relacionadas-con-pamplona-en-soporte-papel-o-soporte-electronico\\\/\"},\"author\":{\"name\":\"La Gu\u00eda de Pamplona\",\"@id\":\"https:\\\/\\\/www.laguiadepamplona.com\\\/actualidad\\\/#\\\/schema\\\/person\\\/efe887376f0213d4657c93adc50b1fdb\"},\"headline\":\"El Ayuntamiento convoca ayudas a la edici\u00f3n de libros y revistas relacionadas con Pamplona en soporte papel o soporte electr\u00f3nico\",\"datePublished\":\"2023-04-25T11:42:33+00:00\",\"mainEntityOfPage\":{\"@id\":\"https:\\\/\\\/www.laguiadepamplona.com\\\/actualidad\\\/el-ayuntamiento-convoca-ayudas-a-la-edicion-de-libros-y-revistas-relacionadas-con-pamplona-en-soporte-papel-o-soporte-electronico\\\/\"},\"wordCount\":604,\"commentCount\":0,\"publisher\":{\"@id\":\"https:\\\/\\\/www.laguiadepamplona.com\\\/actualidad\\\/#organization\"},\"image\":{\"@id\":\"https:\\\/\\\/www.laguiadepamplona.com\\\/actualidad\\\/el-ayuntamiento-convoca-ayudas-a-la-edicion-de-libros-y-revistas-relacionadas-con-pamplona-en-soporte-papel-o-soporte-electronico\\\/#primaryimage\"},\"thumbnailUrl\":\"https:\\\/\\\/www.laguiadepamplona.com\\\/actualidad\\\/wp-content\\\/uploads\\\/2022\\\/06\\\/libros_3.webp\",\"articleSection\":[\"Ayto Pamplona\"],\"inLanguage\":\"es\",\"potentialAction\":[{\"@type\":\"CommentAction\",\"name\":\"Comment\",\"target\":[\"https:\\\/\\\/www.laguiadepamplona.com\\\/actualidad\\\/el-ayuntamiento-convoca-ayudas-a-la-edicion-de-libros-y-revistas-relacionadas-con-pamplona-en-soporte-papel-o-soporte-electronico\\\/#respond\"]}]},{\"@type\":\"WebPage\",\"@id\":\"https:\\\/\\\/www.laguiadepamplona.com\\\/actualidad\\\/el-ayuntamiento-convoca-ayudas-a-la-edicion-de-libros-y-revistas-relacionadas-con-pamplona-en-soporte-papel-o-soporte-electronico\\\/\",\"url\":\"https:\\\/\\\/www.laguiadepamplona.com\\\/actualidad\\\/el-ayuntamiento-convoca-ayudas-a-la-edicion-de-libros-y-revistas-relacionadas-con-pamplona-en-soporte-papel-o-soporte-electronico\\\/\",\"name\":\"El Ayuntamiento convoca ayudas a la edici\u00f3n de libros y revistas relacionadas con Pamplona en soporte papel o soporte electr\u00f3nico\",\"isPartOf\":{\"@id\":\"https:\\\/\\\/www.laguiadepamplona.com\\\/actualidad\\\/#website\"},\"primaryImageOfPage\":{\"@id\":\"https:\\\/\\\/www.laguiadepamplona.com\\\/actualidad\\\/el-ayuntamiento-convoca-ayudas-a-la-edicion-de-libros-y-revistas-relacionadas-con-pamplona-en-soporte-papel-o-soporte-electronico\\\/#primaryimage\"},\"image\":{\"@id\":\"https:\\\/\\\/www.laguiadepamplona.com\\\/actualidad\\\/el-ayuntamiento-convoca-ayudas-a-la-edicion-de-libros-y-revistas-relacionadas-con-pamplona-en-soporte-papel-o-soporte-electronico\\\/#primaryimage\"},\"thumbnailUrl\":\"https:\\\/\\\/www.laguiadepamplona.com\\\/actualidad\\\/wp-content\\\/uploads\\\/2022\\\/06\\\/libros_3.webp\",\"datePublished\":\"2023-04-25T11:42:33+00:00\",\"description\":\"El plazo de presentaci\u00f3n de solicitudes concluye el 15 de mayo para una convocatoria dotada con 8.000 euros\",\"breadcrumb\":{\"@id\":\"https:\\\/\\\/www.laguiadepamplona.com\\\/actualidad\\\/el-ayuntamiento-convoca-ayudas-a-la-edicion-de-libros-y-revistas-relacionadas-con-pamplona-en-soporte-papel-o-soporte-electronico\\\/#breadcrumb\"},\"inLanguage\":\"es\",\"potentialAction\":[{\"@type\":\"ReadAction\",\"target\":[\"https:\\\/\\\/www.laguiadepamplona.com\\\/actualidad\\\/el-ayuntamiento-convoca-ayudas-a-la-edicion-de-libros-y-revistas-relacionadas-con-pamplona-en-soporte-papel-o-soporte-electronico\\\/\"]}]},{\"@type\":\"ImageObject\",\"inLanguage\":\"es\",\"@id\":\"https:\\\/\\\/www.laguiadepamplona.com\\\/actualidad\\\/el-ayuntamiento-convoca-ayudas-a-la-edicion-de-libros-y-revistas-relacionadas-con-pamplona-en-soporte-papel-o-soporte-electronico\\\/#primaryimage\",\"url\":\"https:\\\/\\\/www.laguiadepamplona.com\\\/actualidad\\\/wp-content\\\/uploads\\\/2022\\\/06\\\/libros_3.webp\",\"contentUrl\":\"https:\\\/\\\/www.laguiadepamplona.com\\\/actualidad\\\/wp-content\\\/uploads\\\/2022\\\/06\\\/libros_3.webp\",\"width\":1920,\"height\":1440,\"caption\":\"libros\"},{\"@type\":\"BreadcrumbList\",\"@id\":\"https:\\\/\\\/www.laguiadepamplona.com\\\/actualidad\\\/el-ayuntamiento-convoca-ayudas-a-la-edicion-de-libros-y-revistas-relacionadas-con-pamplona-en-soporte-papel-o-soporte-electronico\\\/#breadcrumb\",\"itemListElement\":[{\"@type\":\"ListItem\",\"position\":1,\"name\":\"Portada\",\"item\":\"https:\\\/\\\/www.laguiadepamplona.com\\\/actualidad\\\/\"},{\"@type\":\"ListItem\",\"position\":2,\"name\":\"El Ayuntamiento convoca ayudas a la edici\u00f3n de libros y revistas relacionadas con Pamplona en soporte papel o soporte electr\u00f3nico\"}]},{\"@type\":\"WebSite\",\"@id\":\"https:\\\/\\\/www.laguiadepamplona.com\\\/actualidad\\\/#website\",\"url\":\"https:\\\/\\\/www.laguiadepamplona.com\\\/actualidad\\\/\",\"name\":\"La gu\u00eda de Pamplona\",\"description\":\"Noticias de Pamplona\",\"publisher\":{\"@id\":\"https:\\\/\\\/www.laguiadepamplona.com\\\/actualidad\\\/#organization\"},\"potentialAction\":[{\"@type\":\"SearchAction\",\"target\":{\"@type\":\"EntryPoint\",\"urlTemplate\":\"https:\\\/\\\/www.laguiadepamplona.com\\\/actualidad\\\/?s={search_term_string}\"},\"query-input\":{\"@type\":\"PropertyValueSpecification\",\"valueRequired\":true,\"valueName\":\"search_term_string\"}}],\"inLanguage\":\"es\"},{\"@type\":\"Organization\",\"@id\":\"https:\\\/\\\/www.laguiadepamplona.com\\\/actualidad\\\/#organization\",\"name\":\"La Gu\u00eda de Pamplona \\\/ Noticias\",\"url\":\"https:\\\/\\\/www.laguiadepamplona.com\\\/actualidad\\\/\",\"logo\":{\"@type\":\"ImageObject\",\"inLanguage\":\"es\",\"@id\":\"https:\\\/\\\/www.laguiadepamplona.com\\\/actualidad\\\/#\\\/schema\\\/logo\\\/image\\\/\",\"url\":\"https:\\\/\\\/www.laguiadepamplona.com\\\/actualidad\\\/wp-content\\\/uploads\\\/2018\\\/11\\\/logo-laguiadepamplona18-web1.png\",\"contentUrl\":\"https:\\\/\\\/www.laguiadepamplona.com\\\/actualidad\\\/wp-content\\\/uploads\\\/2018\\\/11\\\/logo-laguiadepamplona18-web1.png\",\"width\":600,\"height\":196,\"caption\":\"La Gu\u00eda de Pamplona \\\/ Noticias\"},\"image\":{\"@id\":\"https:\\\/\\\/www.laguiadepamplona.com\\\/actualidad\\\/#\\\/schema\\\/logo\\\/image\\\/\"},\"sameAs\":[\"https:\\\/\\\/www.facebook.com\\\/laguiadepamplonacom-133175176762273\\\/?ref=hl\",\"https:\\\/\\\/x.com\\\/LaGuiadPamplona\",\"https:\\\/\\\/www.instagram.com\\\/la_guia_de_pamplona\\\/\",\"https:\\\/\\\/www.youtube.com\\\/user\\\/laguiadepamplona\"]},{\"@type\":\"Person\",\"@id\":\"https:\\\/\\\/www.laguiadepamplona.com\\\/actualidad\\\/#\\\/schema\\\/person\\\/efe887376f0213d4657c93adc50b1fdb\",\"name\":\"La Gu\u00eda de Pamplona\",\"image\":{\"@type\":\"ImageObject\",\"inLanguage\":\"es\",\"@id\":\"https:\\\/\\\/secure.gravatar.com\\\/avatar\\\/b6992f131dc8d30ab0dff15446e9d346d9dbd95992de0fef795073f5ea83a81c?s=96&d=mm&r=g\",\"url\":\"https:\\\/\\\/secure.gravatar.com\\\/avatar\\\/b6992f131dc8d30ab0dff15446e9d346d9dbd95992de0fef795073f5ea83a81c?s=96&d=mm&r=g\",\"contentUrl\":\"https:\\\/\\\/secure.gravatar.com\\\/avatar\\\/b6992f131dc8d30ab0dff15446e9d346d9dbd95992de0fef795073f5ea83a81c?s=96&d=mm&r=g\",\"caption\":\"La Gu\u00eda de Pamplona\"}}]}<\/script>\n<!-- \/ Yoast SEO plugin. -->","yoast_head_json":{"title":"El Ayuntamiento convoca ayudas a la edici\u00f3n de libros y revistas relacionadas con Pamplona en soporte papel o soporte electr\u00f3nico","description":"El plazo de presentaci\u00f3n de solicitudes concluye el 15 de mayo para una convocatoria dotada con 8.000 euros","robots":{"index":"index","follow":"follow","max-snippet":"max-snippet:-1","max-image-preview":"max-image-preview:large","max-video-preview":"max-video-preview:-1"},"canonical":"https:\/\/www.laguiadepamplona.com\/actualidad\/el-ayuntamiento-convoca-ayudas-a-la-edicion-de-libros-y-revistas-relacionadas-con-pamplona-en-soporte-papel-o-soporte-electronico\/","og_locale":"es_ES","og_type":"article","og_title":"El Ayuntamiento convoca ayudas a la edici\u00f3n de libros y revistas relacionadas con Pamplona en soporte papel o soporte electr\u00f3nico","og_description":"El plazo de presentaci\u00f3n de solicitudes concluye el 15 de mayo para una convocatoria dotada con 8.000 euros","og_url":"https:\/\/www.laguiadepamplona.com\/actualidad\/el-ayuntamiento-convoca-ayudas-a-la-edicion-de-libros-y-revistas-relacionadas-con-pamplona-en-soporte-papel-o-soporte-electronico\/","og_site_name":"La Gu\u00eda de Pamplona","article_publisher":"https:\/\/www.facebook.com\/laguiadepamplonacom-133175176762273\/?ref=hl","article_published_time":"2023-04-25T11:42:33+00:00","og_image":[{"width":1920,"height":1440,"url":"https:\/\/www.laguiadepamplona.com\/actualidad\/wp-content\/uploads\/2022\/06\/libros_3.webp","type":"image\/webp"}],"author":"La Gu\u00eda de Pamplona","twitter_card":"summary_large_image","twitter_creator":"@LaGuiadPamplona","twitter_site":"@LaGuiadPamplona","twitter_misc":{"Escrito por":"La Gu\u00eda de Pamplona","Tiempo de lectura":"3 minutos"},"schema":{"@context":"https:\/\/schema.org","@graph":[{"@type":"Article","@id":"https:\/\/www.laguiadepamplona.com\/actualidad\/el-ayuntamiento-convoca-ayudas-a-la-edicion-de-libros-y-revistas-relacionadas-con-pamplona-en-soporte-papel-o-soporte-electronico\/#article","isPartOf":{"@id":"https:\/\/www.laguiadepamplona.com\/actualidad\/el-ayuntamiento-convoca-ayudas-a-la-edicion-de-libros-y-revistas-relacionadas-con-pamplona-en-soporte-papel-o-soporte-electronico\/"},"author":{"name":"La Gu\u00eda de Pamplona","@id":"https:\/\/www.laguiadepamplona.com\/actualidad\/#\/schema\/person\/efe887376f0213d4657c93adc50b1fdb"},"headline":"El Ayuntamiento convoca ayudas a la edici\u00f3n de libros y revistas relacionadas con Pamplona en soporte papel o soporte electr\u00f3nico","datePublished":"2023-04-25T11:42:33+00:00","mainEntityOfPage":{"@id":"https:\/\/www.laguiadepamplona.com\/actualidad\/el-ayuntamiento-convoca-ayudas-a-la-edicion-de-libros-y-revistas-relacionadas-con-pamplona-en-soporte-papel-o-soporte-electronico\/"},"wordCount":604,"commentCount":0,"publisher":{"@id":"https:\/\/www.laguiadepamplona.com\/actualidad\/#organization"},"image":{"@id":"https:\/\/www.laguiadepamplona.com\/actualidad\/el-ayuntamiento-convoca-ayudas-a-la-edicion-de-libros-y-revistas-relacionadas-con-pamplona-en-soporte-papel-o-soporte-electronico\/#primaryimage"},"thumbnailUrl":"https:\/\/www.laguiadepamplona.com\/actualidad\/wp-content\/uploads\/2022\/06\/libros_3.webp","articleSection":["Ayto Pamplona"],"inLanguage":"es","potentialAction":[{"@type":"CommentAction","name":"Comment","target":["https:\/\/www.laguiadepamplona.com\/actualidad\/el-ayuntamiento-convoca-ayudas-a-la-edicion-de-libros-y-revistas-relacionadas-con-pamplona-en-soporte-papel-o-soporte-electronico\/#respond"]}]},{"@type":"WebPage","@id":"https:\/\/www.laguiadepamplona.com\/actualidad\/el-ayuntamiento-convoca-ayudas-a-la-edicion-de-libros-y-revistas-relacionadas-con-pamplona-en-soporte-papel-o-soporte-electronico\/","url":"https:\/\/www.laguiadepamplona.com\/actualidad\/el-ayuntamiento-convoca-ayudas-a-la-edicion-de-libros-y-revistas-relacionadas-con-pamplona-en-soporte-papel-o-soporte-electronico\/","name":"El Ayuntamiento convoca ayudas a la edici\u00f3n de libros y revistas relacionadas con Pamplona en soporte papel o soporte electr\u00f3nico","isPartOf":{"@id":"https:\/\/www.laguiadepamplona.com\/actualidad\/#website"},"primaryImageOfPage":{"@id":"https:\/\/www.laguiadepamplona.com\/actualidad\/el-ayuntamiento-convoca-ayudas-a-la-edicion-de-libros-y-revistas-relacionadas-con-pamplona-en-soporte-papel-o-soporte-electronico\/#primaryimage"},"image":{"@id":"https:\/\/www.laguiadepamplona.com\/actualidad\/el-ayuntamiento-convoca-ayudas-a-la-edicion-de-libros-y-revistas-relacionadas-con-pamplona-en-soporte-papel-o-soporte-electronico\/#primaryimage"},"thumbnailUrl":"https:\/\/www.laguiadepamplona.com\/actualidad\/wp-content\/uploads\/2022\/06\/libros_3.webp","datePublished":"2023-04-25T11:42:33+00:00","description":"El plazo de presentaci\u00f3n de solicitudes concluye el 15 de mayo para una convocatoria dotada con 8.000 euros","breadcrumb":{"@id":"https:\/\/www.laguiadepamplona.com\/actualidad\/el-ayuntamiento-convoca-ayudas-a-la-edicion-de-libros-y-revistas-relacionadas-con-pamplona-en-soporte-papel-o-soporte-electronico\/#breadcrumb"},"inLanguage":"es","potentialAction":[{"@type":"ReadAction","target":["https:\/\/www.laguiadepamplona.com\/actualidad\/el-ayuntamiento-convoca-ayudas-a-la-edicion-de-libros-y-revistas-relacionadas-con-pamplona-en-soporte-papel-o-soporte-electronico\/"]}]},{"@type":"ImageObject","inLanguage":"es","@id":"https:\/\/www.laguiadepamplona.com\/actualidad\/el-ayuntamiento-convoca-ayudas-a-la-edicion-de-libros-y-revistas-relacionadas-con-pamplona-en-soporte-papel-o-soporte-electronico\/#primaryimage","url":"https:\/\/www.laguiadepamplona.com\/actualidad\/wp-content\/uploads\/2022\/06\/libros_3.webp","contentUrl":"https:\/\/www.laguiadepamplona.com\/actualidad\/wp-content\/uploads\/2022\/06\/libros_3.webp","width":1920,"height":1440,"caption":"libros"},{"@type":"BreadcrumbList","@id":"https:\/\/www.laguiadepamplona.com\/actualidad\/el-ayuntamiento-convoca-ayudas-a-la-edicion-de-libros-y-revistas-relacionadas-con-pamplona-en-soporte-papel-o-soporte-electronico\/#breadcrumb","itemListElement":[{"@type":"ListItem","position":1,"name":"Portada","item":"https:\/\/www.laguiadepamplona.com\/actualidad\/"},{"@type":"ListItem","position":2,"name":"El Ayuntamiento convoca ayudas a la edici\u00f3n de libros y revistas relacionadas con Pamplona en soporte papel o soporte electr\u00f3nico"}]},{"@type":"WebSite","@id":"https:\/\/www.laguiadepamplona.com\/actualidad\/#website","url":"https:\/\/www.laguiadepamplona.com\/actualidad\/","name":"La gu\u00eda de Pamplona","description":"Noticias de Pamplona","publisher":{"@id":"https:\/\/www.laguiadepamplona.com\/actualidad\/#organization"},"potentialAction":[{"@type":"SearchAction","target":{"@type":"EntryPoint","urlTemplate":"https:\/\/www.laguiadepamplona.com\/actualidad\/?s={search_term_string}"},"query-input":{"@type":"PropertyValueSpecification","valueRequired":true,"valueName":"search_term_string"}}],"inLanguage":"es"},{"@type":"Organization","@id":"https:\/\/www.laguiadepamplona.com\/actualidad\/#organization","name":"La Gu\u00eda de Pamplona \/ Noticias","url":"https:\/\/www.laguiadepamplona.com\/actualidad\/","logo":{"@type":"ImageObject","inLanguage":"es","@id":"https:\/\/www.laguiadepamplona.com\/actualidad\/#\/schema\/logo\/image\/","url":"https:\/\/www.laguiadepamplona.com\/actualidad\/wp-content\/uploads\/2018\/11\/logo-laguiadepamplona18-web1.png","contentUrl":"https:\/\/www.laguiadepamplona.com\/actualidad\/wp-content\/uploads\/2018\/11\/logo-laguiadepamplona18-web1.png","width":600,"height":196,"caption":"La Gu\u00eda de Pamplona \/ Noticias"},"image":{"@id":"https:\/\/www.laguiadepamplona.com\/actualidad\/#\/schema\/logo\/image\/"},"sameAs":["https:\/\/www.facebook.com\/laguiadepamplonacom-133175176762273\/?ref=hl","https:\/\/x.com\/LaGuiadPamplona","https:\/\/www.instagram.com\/la_guia_de_pamplona\/","https:\/\/www.youtube.com\/user\/laguiadepamplona"]},{"@type":"Person","@id":"https:\/\/www.laguiadepamplona.com\/actualidad\/#\/schema\/person\/efe887376f0213d4657c93adc50b1fdb","name":"La Gu\u00eda de Pamplona","image":{"@type":"ImageObject","inLanguage":"es","@id":"https:\/\/secure.gravatar.com\/avatar\/b6992f131dc8d30ab0dff15446e9d346d9dbd95992de0fef795073f5ea83a81c?s=96&d=mm&r=g","url":"https:\/\/secure.gravatar.com\/avatar\/b6992f131dc8d30ab0dff15446e9d346d9dbd95992de0fef795073f5ea83a81c?s=96&d=mm&r=g","contentUrl":"https:\/\/secure.gravatar.com\/avatar\/b6992f131dc8d30ab0dff15446e9d346d9dbd95992de0fef795073f5ea83a81c?s=96&d=mm&r=g","caption":"La Gu\u00eda de Pamplona"}}]}},"post_mailing_queue_ids":[],"_links":{"self":[{"href":"https:\/\/www.laguiadepamplona.com\/actualidad\/wp-json\/wp\/v2\/posts\/46467","targetHints":{"allow":["GET"]}}],"collection":[{"href":"https:\/\/www.laguiadepamplona.com\/actualidad\/wp-json\/wp\/v2\/posts"}],"about":[{"href":"https:\/\/www.laguiadepamplona.com\/actualidad\/wp-json\/wp\/v2\/types\/post"}],"author":[{"embeddable":true,"href":"https:\/\/www.laguiadepamplona.com\/actualidad\/wp-json\/wp\/v2\/users\/1"}],"replies":[{"embeddable":true,"href":"https:\/\/www.laguiadepamplona.com\/actualidad\/wp-json\/wp\/v2\/comments?post=46467"}],"version-history":[{"count":1,"href":"https:\/\/www.laguiadepamplona.com\/actualidad\/wp-json\/wp\/v2\/posts\/46467\/revisions"}],"predecessor-version":[{"id":46468,"href":"https:\/\/www.laguiadepamplona.com\/actualidad\/wp-json\/wp\/v2\/posts\/46467\/revisions\/46468"}],"wp:featuredmedia":[{"embeddable":true,"href":"https:\/\/www.laguiadepamplona.com\/actualidad\/wp-json\/wp\/v2\/media\/40836"}],"wp:attachment":[{"href":"https:\/\/www.laguiadepamplona.com\/actualidad\/wp-json\/wp\/v2\/media?parent=46467"}],"wp:term":[{"taxonomy":"category","embeddable":true,"href":"https:\/\/www.laguiadepamplona.com\/actualidad\/wp-json\/wp\/v2\/categories?post=46467"},{"taxonomy":"post_tag","embeddable":true,"href":"https:\/\/www.laguiadepamplona.com\/actualidad\/wp-json\/wp\/v2\/tags?post=46467"}],"curies":[{"name":"wp","href":"https:\/\/api.w.org\/{rel}","templated":true}]}}