{"id":46464,"date":"2023-04-25T13:40:57","date_gmt":"2023-04-25T11:40:57","guid":{"rendered":"https:\/\/www.laguiadepamplona.com\/actualidad\/?p=46464"},"modified":"2023-04-25T13:40:57","modified_gmt":"2023-04-25T11:40:57","slug":"se-abre-el-periodo-de-exposicion-publica-y-alegaciones-sobre-el-nuevo-texto-del-reglamento-del-consejo-municipal-de-las-personas-mayores-del-ayuntamiento-de-pamplona","status":"publish","type":"post","link":"https:\/\/www.laguiadepamplona.com\/actualidad\/se-abre-el-periodo-de-exposicion-publica-y-alegaciones-sobre-el-nuevo-texto-del-reglamento-del-consejo-municipal-de-las-personas-mayores-del-ayuntamiento-de-pamplona\/","title":{"rendered":"Se abre el periodo de exposici\u00f3n p\u00fablica y alegaciones sobre el nuevo texto del Reglamento del Consejo Municipal de las Personas Mayores del Ayuntamiento de Pamplona"},"content":{"rendered":"<h3>La redacci\u00f3n busca adaptar a las normas la composici\u00f3n y funcionamiento del \u00f3rgano de participaci\u00f3n de la franja de ciudadan\u00eda de m\u00e1s edad<\/h3>\n<p><!--more--><\/p>\n<p>Ha quedado abierto el plazo de exposici\u00f3n p\u00fablica del nuevo texto que recoge la regulaci\u00f3n del Consejo Municipal de las Personas Mayores del Ayuntamiento de Pamplona. Hoy se publica en el Bolet\u00edn Oficial de Navarra (BON) la apertura de este plazo de informaci\u00f3n p\u00fablica y audiencia para revisar, durante un periodo de 30 d\u00edas, el documento que aprob\u00f3 inicialmente el Pleno el pasado d\u00eda 5 de abril. Esta informaci\u00f3n se publica asimismo en el tabl\u00f3n de anuncios y en la web municipal.<br \/>\n<script async src=\"\/\/pagead2.googlesyndication.com\/pagead\/js\/adsbygoogle.js\"><\/script><br \/>\n<!-- Noticias La Guia de Pamplona --><br \/>\n<ins class=\"adsbygoogle\"\nstyle=\"display:block\"\ndata-ad-client=\"ca-pub-6943679897239327\"\ndata-ad-slot=\"7048180777\"\ndata-ad-format=\"auto\"><\/ins><br \/>\n<script>\n(adsbygoogle = window.adsbygoogle || []).push({});\n<\/script><\/p>\n<p>La modificaci\u00f3n del reglamento es en el sentido de incluir una composici\u00f3n m\u00e1s amplia en la l\u00ednea que establece el Reglamento de Participaci\u00f3n del Ayuntamiento de Pamplona, dando entrada a personas mayores inscritas en el censo de \u201cciudadan\u00eda activa\u201d (personas que se han dado de alta en un censo de ciudadan\u00eda interesada en los asuntos p\u00fablicos). Adem\u00e1s, en su nueva redacci\u00f3n se adapta el texto al lenguaje inclusivo y no sexista e incide en la ruptura de roles y estereotipos de g\u00e9nero ya que se propone equilibrar la representaci\u00f3n de mujeres y hombres en la toma de decisiones e influencia pol\u00edtica, e incluye la igualdad de g\u00e9nero en su \u00e1mbito de actuaci\u00f3n. De hecho, incorpora los preceptos detallados en la Ordenanza de Igualdad y en la Ley Foral de Igualdad sobre lenguaje inclusivo y no sexista.<\/p>\n<p>Desde el punto de vista formal, en su actualizaci\u00f3n, el reglamento ha quedado estructurado en cinco cap\u00edtulos: Cap\u00edtulo I Disposiciones generales; Cap\u00edtulo II Funciones; Cap\u00edtulo III composici\u00f3n, reglas de elecci\u00f3n y cese; Capitulo IV Funcionamiento y Cap\u00edtulo V Normativa y modificaci\u00f3n.<br \/>\n<script async src=\"\/\/pagead2.googlesyndication.com\/pagead\/js\/adsbygoogle.js\"><\/script><br \/>\n<!-- Noticias La Guia de Pamplona --><br \/>\n<ins class=\"adsbygoogle\"\nstyle=\"display:block\"\ndata-ad-client=\"ca-pub-6943679897239327\"\ndata-ad-slot=\"7048180777\"\ndata-ad-format=\"auto\"><\/ins><br \/>\n<script>\n(adsbygoogle = window.adsbygoogle || []).push({});\n<\/script><\/p>\n<p>El Consejo Municipal de las Personas Mayores es un \u00f3rgano que busca promover el intercambio, puesta en com\u00fan y adopci\u00f3n de soluciones ante las necesidades que se plantean con relaci\u00f3n a las personas mayores de la ciudad. Su objetivo es favorecer la participaci\u00f3n activa de esta franja de ciudadan\u00eda en el \u00e1mbito social, pol\u00edtico o cultural de la ciudad y promover actuaciones y medidas que impulsen y fomenten el voluntariado social en este campo.<\/p>\n","protected":false},"excerpt":{"rendered":"<p>La redacci\u00f3n busca adaptar a las normas la composici\u00f3n y funcionamiento del \u00f3rgano de participaci\u00f3n de la franja de ciudadan\u00eda de m\u00e1s edad<\/p>\n","protected":false},"author":1,"featured_media":46465,"comment_status":"open","ping_status":"closed","sticky":false,"template":"","format":"standard","meta":{"footnotes":""},"categories":[2],"tags":[],"class_list":["post-46464","post","type-post","status-publish","format-standard","has-post-thumbnail","hentry","category-ayuntamiento-pamplona"],"yoast_head":"<!-- This site is optimized with the Yoast SEO plugin v27.3 - https:\/\/yoast.com\/product\/yoast-seo-wordpress\/ -->\n<title>Se abre el periodo de exposici\u00f3n p\u00fablica y alegaciones sobre el nuevo texto del Reglamento del Consejo Municipal de las Personas Mayores del Ayuntamiento de Pamplona<\/title>\n<meta name=\"description\" content=\"La redacci\u00f3n busca adaptar a las normas la composici\u00f3n y funcionamiento del \u00f3rgano de participaci\u00f3n de la franja de ciudadan\u00eda de m\u00e1s edad\" \/>\n<meta name=\"robots\" content=\"index, follow, max-snippet:-1, max-image-preview:large, max-video-preview:-1\" \/>\n<link rel=\"canonical\" href=\"https:\/\/www.laguiadepamplona.com\/actualidad\/se-abre-el-periodo-de-exposicion-publica-y-alegaciones-sobre-el-nuevo-texto-del-reglamento-del-consejo-municipal-de-las-personas-mayores-del-ayuntamiento-de-pamplona\/\" \/>\n<meta property=\"og:locale\" content=\"es_ES\" \/>\n<meta property=\"og:type\" content=\"article\" \/>\n<meta property=\"og:title\" content=\"Se abre el periodo de exposici\u00f3n p\u00fablica y alegaciones sobre el nuevo texto del Reglamento del Consejo Municipal de las Personas Mayores del Ayuntamiento de Pamplona\" \/>\n<meta property=\"og:description\" content=\"La redacci\u00f3n busca adaptar a las normas la composici\u00f3n y funcionamiento del \u00f3rgano de participaci\u00f3n de la franja de ciudadan\u00eda de m\u00e1s edad\" \/>\n<meta property=\"og:url\" content=\"https:\/\/www.laguiadepamplona.com\/actualidad\/se-abre-el-periodo-de-exposicion-publica-y-alegaciones-sobre-el-nuevo-texto-del-reglamento-del-consejo-municipal-de-las-personas-mayores-del-ayuntamiento-de-pamplona\/\" \/>\n<meta property=\"og:site_name\" content=\"La Gu\u00eda de Pamplona\" \/>\n<meta property=\"article:publisher\" content=\"https:\/\/www.facebook.com\/laguiadepamplonacom-133175176762273\/?ref=hl\" \/>\n<meta property=\"article:published_time\" content=\"2023-04-25T11:40:57+00:00\" \/>\n<meta property=\"og:image\" content=\"https:\/\/www.laguiadepamplona.com\/actualidad\/wp-content\/uploads\/2023\/04\/CONSEJO-PERSONAS-MAYORES-PA_EE5A4152.webp\" \/>\n\t<meta property=\"og:image:width\" content=\"1920\" \/>\n\t<meta property=\"og:image:height\" content=\"1280\" \/>\n\t<meta property=\"og:image:type\" content=\"image\/webp\" \/>\n<meta name=\"author\" content=\"La Gu\u00eda de Pamplona\" \/>\n<meta name=\"twitter:card\" content=\"summary_large_image\" \/>\n<meta name=\"twitter:creator\" content=\"@LaGuiadPamplona\" \/>\n<meta name=\"twitter:site\" content=\"@LaGuiadPamplona\" \/>\n<meta name=\"twitter:label1\" content=\"Escrito por\" \/>\n\t<meta name=\"twitter:data1\" content=\"La Gu\u00eda de Pamplona\" \/>\n\t<meta name=\"twitter:label2\" content=\"Tiempo de lectura\" \/>\n\t<meta name=\"twitter:data2\" content=\"2 minutos\" \/>\n<script type=\"application\/ld+json\" class=\"yoast-schema-graph\">{\"@context\":\"https:\\\/\\\/schema.org\",\"@graph\":[{\"@type\":\"Article\",\"@id\":\"https:\\\/\\\/www.laguiadepamplona.com\\\/actualidad\\\/se-abre-el-periodo-de-exposicion-publica-y-alegaciones-sobre-el-nuevo-texto-del-reglamento-del-consejo-municipal-de-las-personas-mayores-del-ayuntamiento-de-pamplona\\\/#article\",\"isPartOf\":{\"@id\":\"https:\\\/\\\/www.laguiadepamplona.com\\\/actualidad\\\/se-abre-el-periodo-de-exposicion-publica-y-alegaciones-sobre-el-nuevo-texto-del-reglamento-del-consejo-municipal-de-las-personas-mayores-del-ayuntamiento-de-pamplona\\\/\"},\"author\":{\"name\":\"La Gu\u00eda de Pamplona\",\"@id\":\"https:\\\/\\\/www.laguiadepamplona.com\\\/actualidad\\\/#\\\/schema\\\/person\\\/efe887376f0213d4657c93adc50b1fdb\"},\"headline\":\"Se abre el periodo de exposici\u00f3n p\u00fablica y alegaciones sobre el nuevo texto del Reglamento del Consejo Municipal de las Personas Mayores del Ayuntamiento de Pamplona\",\"datePublished\":\"2023-04-25T11:40:57+00:00\",\"mainEntityOfPage\":{\"@id\":\"https:\\\/\\\/www.laguiadepamplona.com\\\/actualidad\\\/se-abre-el-periodo-de-exposicion-publica-y-alegaciones-sobre-el-nuevo-texto-del-reglamento-del-consejo-municipal-de-las-personas-mayores-del-ayuntamiento-de-pamplona\\\/\"},\"wordCount\":427,\"commentCount\":0,\"publisher\":{\"@id\":\"https:\\\/\\\/www.laguiadepamplona.com\\\/actualidad\\\/#organization\"},\"image\":{\"@id\":\"https:\\\/\\\/www.laguiadepamplona.com\\\/actualidad\\\/se-abre-el-periodo-de-exposicion-publica-y-alegaciones-sobre-el-nuevo-texto-del-reglamento-del-consejo-municipal-de-las-personas-mayores-del-ayuntamiento-de-pamplona\\\/#primaryimage\"},\"thumbnailUrl\":\"https:\\\/\\\/www.laguiadepamplona.com\\\/actualidad\\\/wp-content\\\/uploads\\\/2023\\\/04\\\/CONSEJO-PERSONAS-MAYORES-PA_EE5A4152.webp\",\"articleSection\":[\"Ayto Pamplona\"],\"inLanguage\":\"es\",\"potentialAction\":[{\"@type\":\"CommentAction\",\"name\":\"Comment\",\"target\":[\"https:\\\/\\\/www.laguiadepamplona.com\\\/actualidad\\\/se-abre-el-periodo-de-exposicion-publica-y-alegaciones-sobre-el-nuevo-texto-del-reglamento-del-consejo-municipal-de-las-personas-mayores-del-ayuntamiento-de-pamplona\\\/#respond\"]}]},{\"@type\":\"WebPage\",\"@id\":\"https:\\\/\\\/www.laguiadepamplona.com\\\/actualidad\\\/se-abre-el-periodo-de-exposicion-publica-y-alegaciones-sobre-el-nuevo-texto-del-reglamento-del-consejo-municipal-de-las-personas-mayores-del-ayuntamiento-de-pamplona\\\/\",\"url\":\"https:\\\/\\\/www.laguiadepamplona.com\\\/actualidad\\\/se-abre-el-periodo-de-exposicion-publica-y-alegaciones-sobre-el-nuevo-texto-del-reglamento-del-consejo-municipal-de-las-personas-mayores-del-ayuntamiento-de-pamplona\\\/\",\"name\":\"Se abre el periodo de exposici\u00f3n p\u00fablica y alegaciones sobre el nuevo texto del Reglamento del Consejo Municipal de las Personas Mayores del Ayuntamiento de Pamplona\",\"isPartOf\":{\"@id\":\"https:\\\/\\\/www.laguiadepamplona.com\\\/actualidad\\\/#website\"},\"primaryImageOfPage\":{\"@id\":\"https:\\\/\\\/www.laguiadepamplona.com\\\/actualidad\\\/se-abre-el-periodo-de-exposicion-publica-y-alegaciones-sobre-el-nuevo-texto-del-reglamento-del-consejo-municipal-de-las-personas-mayores-del-ayuntamiento-de-pamplona\\\/#primaryimage\"},\"image\":{\"@id\":\"https:\\\/\\\/www.laguiadepamplona.com\\\/actualidad\\\/se-abre-el-periodo-de-exposicion-publica-y-alegaciones-sobre-el-nuevo-texto-del-reglamento-del-consejo-municipal-de-las-personas-mayores-del-ayuntamiento-de-pamplona\\\/#primaryimage\"},\"thumbnailUrl\":\"https:\\\/\\\/www.laguiadepamplona.com\\\/actualidad\\\/wp-content\\\/uploads\\\/2023\\\/04\\\/CONSEJO-PERSONAS-MAYORES-PA_EE5A4152.webp\",\"datePublished\":\"2023-04-25T11:40:57+00:00\",\"description\":\"La redacci\u00f3n busca adaptar a las normas la composici\u00f3n y funcionamiento del \u00f3rgano de participaci\u00f3n de la franja de ciudadan\u00eda de m\u00e1s edad\",\"breadcrumb\":{\"@id\":\"https:\\\/\\\/www.laguiadepamplona.com\\\/actualidad\\\/se-abre-el-periodo-de-exposicion-publica-y-alegaciones-sobre-el-nuevo-texto-del-reglamento-del-consejo-municipal-de-las-personas-mayores-del-ayuntamiento-de-pamplona\\\/#breadcrumb\"},\"inLanguage\":\"es\",\"potentialAction\":[{\"@type\":\"ReadAction\",\"target\":[\"https:\\\/\\\/www.laguiadepamplona.com\\\/actualidad\\\/se-abre-el-periodo-de-exposicion-publica-y-alegaciones-sobre-el-nuevo-texto-del-reglamento-del-consejo-municipal-de-las-personas-mayores-del-ayuntamiento-de-pamplona\\\/\"]}]},{\"@type\":\"ImageObject\",\"inLanguage\":\"es\",\"@id\":\"https:\\\/\\\/www.laguiadepamplona.com\\\/actualidad\\\/se-abre-el-periodo-de-exposicion-publica-y-alegaciones-sobre-el-nuevo-texto-del-reglamento-del-consejo-municipal-de-las-personas-mayores-del-ayuntamiento-de-pamplona\\\/#primaryimage\",\"url\":\"https:\\\/\\\/www.laguiadepamplona.com\\\/actualidad\\\/wp-content\\\/uploads\\\/2023\\\/04\\\/CONSEJO-PERSONAS-MAYORES-PA_EE5A4152.webp\",\"contentUrl\":\"https:\\\/\\\/www.laguiadepamplona.com\\\/actualidad\\\/wp-content\\\/uploads\\\/2023\\\/04\\\/CONSEJO-PERSONAS-MAYORES-PA_EE5A4152.webp\",\"width\":1920,\"height\":1280},{\"@type\":\"BreadcrumbList\",\"@id\":\"https:\\\/\\\/www.laguiadepamplona.com\\\/actualidad\\\/se-abre-el-periodo-de-exposicion-publica-y-alegaciones-sobre-el-nuevo-texto-del-reglamento-del-consejo-municipal-de-las-personas-mayores-del-ayuntamiento-de-pamplona\\\/#breadcrumb\",\"itemListElement\":[{\"@type\":\"ListItem\",\"position\":1,\"name\":\"Portada\",\"item\":\"https:\\\/\\\/www.laguiadepamplona.com\\\/actualidad\\\/\"},{\"@type\":\"ListItem\",\"position\":2,\"name\":\"Se abre el periodo de exposici\u00f3n p\u00fablica y alegaciones sobre el nuevo texto del Reglamento del Consejo Municipal de las Personas Mayores del Ayuntamiento de Pamplona\"}]},{\"@type\":\"WebSite\",\"@id\":\"https:\\\/\\\/www.laguiadepamplona.com\\\/actualidad\\\/#website\",\"url\":\"https:\\\/\\\/www.laguiadepamplona.com\\\/actualidad\\\/\",\"name\":\"La gu\u00eda de Pamplona\",\"description\":\"Noticias de Pamplona\",\"publisher\":{\"@id\":\"https:\\\/\\\/www.laguiadepamplona.com\\\/actualidad\\\/#organization\"},\"potentialAction\":[{\"@type\":\"SearchAction\",\"target\":{\"@type\":\"EntryPoint\",\"urlTemplate\":\"https:\\\/\\\/www.laguiadepamplona.com\\\/actualidad\\\/?s={search_term_string}\"},\"query-input\":{\"@type\":\"PropertyValueSpecification\",\"valueRequired\":true,\"valueName\":\"search_term_string\"}}],\"inLanguage\":\"es\"},{\"@type\":\"Organization\",\"@id\":\"https:\\\/\\\/www.laguiadepamplona.com\\\/actualidad\\\/#organization\",\"name\":\"La Gu\u00eda de Pamplona \\\/ Noticias\",\"url\":\"https:\\\/\\\/www.laguiadepamplona.com\\\/actualidad\\\/\",\"logo\":{\"@type\":\"ImageObject\",\"inLanguage\":\"es\",\"@id\":\"https:\\\/\\\/www.laguiadepamplona.com\\\/actualidad\\\/#\\\/schema\\\/logo\\\/image\\\/\",\"url\":\"https:\\\/\\\/www.laguiadepamplona.com\\\/actualidad\\\/wp-content\\\/uploads\\\/2018\\\/11\\\/logo-laguiadepamplona18-web1.png\",\"contentUrl\":\"https:\\\/\\\/www.laguiadepamplona.com\\\/actualidad\\\/wp-content\\\/uploads\\\/2018\\\/11\\\/logo-laguiadepamplona18-web1.png\",\"width\":600,\"height\":196,\"caption\":\"La Gu\u00eda de Pamplona \\\/ Noticias\"},\"image\":{\"@id\":\"https:\\\/\\\/www.laguiadepamplona.com\\\/actualidad\\\/#\\\/schema\\\/logo\\\/image\\\/\"},\"sameAs\":[\"https:\\\/\\\/www.facebook.com\\\/laguiadepamplonacom-133175176762273\\\/?ref=hl\",\"https:\\\/\\\/x.com\\\/LaGuiadPamplona\",\"https:\\\/\\\/www.instagram.com\\\/la_guia_de_pamplona\\\/\",\"https:\\\/\\\/www.youtube.com\\\/user\\\/laguiadepamplona\"]},{\"@type\":\"Person\",\"@id\":\"https:\\\/\\\/www.laguiadepamplona.com\\\/actualidad\\\/#\\\/schema\\\/person\\\/efe887376f0213d4657c93adc50b1fdb\",\"name\":\"La Gu\u00eda de Pamplona\",\"image\":{\"@type\":\"ImageObject\",\"inLanguage\":\"es\",\"@id\":\"https:\\\/\\\/secure.gravatar.com\\\/avatar\\\/b6992f131dc8d30ab0dff15446e9d346d9dbd95992de0fef795073f5ea83a81c?s=96&d=mm&r=g\",\"url\":\"https:\\\/\\\/secure.gravatar.com\\\/avatar\\\/b6992f131dc8d30ab0dff15446e9d346d9dbd95992de0fef795073f5ea83a81c?s=96&d=mm&r=g\",\"contentUrl\":\"https:\\\/\\\/secure.gravatar.com\\\/avatar\\\/b6992f131dc8d30ab0dff15446e9d346d9dbd95992de0fef795073f5ea83a81c?s=96&d=mm&r=g\",\"caption\":\"La Gu\u00eda de Pamplona\"}}]}<\/script>\n<!-- \/ Yoast SEO plugin. -->","yoast_head_json":{"title":"Se abre el periodo de exposici\u00f3n p\u00fablica y alegaciones sobre el nuevo texto del Reglamento del Consejo Municipal de las Personas Mayores del Ayuntamiento de Pamplona","description":"La redacci\u00f3n busca adaptar a las normas la composici\u00f3n y funcionamiento del \u00f3rgano de participaci\u00f3n de la franja de ciudadan\u00eda de m\u00e1s edad","robots":{"index":"index","follow":"follow","max-snippet":"max-snippet:-1","max-image-preview":"max-image-preview:large","max-video-preview":"max-video-preview:-1"},"canonical":"https:\/\/www.laguiadepamplona.com\/actualidad\/se-abre-el-periodo-de-exposicion-publica-y-alegaciones-sobre-el-nuevo-texto-del-reglamento-del-consejo-municipal-de-las-personas-mayores-del-ayuntamiento-de-pamplona\/","og_locale":"es_ES","og_type":"article","og_title":"Se abre el periodo de exposici\u00f3n p\u00fablica y alegaciones sobre el nuevo texto del Reglamento del Consejo Municipal de las Personas Mayores del Ayuntamiento de Pamplona","og_description":"La redacci\u00f3n busca adaptar a las normas la composici\u00f3n y funcionamiento del \u00f3rgano de participaci\u00f3n de la franja de ciudadan\u00eda de m\u00e1s edad","og_url":"https:\/\/www.laguiadepamplona.com\/actualidad\/se-abre-el-periodo-de-exposicion-publica-y-alegaciones-sobre-el-nuevo-texto-del-reglamento-del-consejo-municipal-de-las-personas-mayores-del-ayuntamiento-de-pamplona\/","og_site_name":"La Gu\u00eda de Pamplona","article_publisher":"https:\/\/www.facebook.com\/laguiadepamplonacom-133175176762273\/?ref=hl","article_published_time":"2023-04-25T11:40:57+00:00","og_image":[{"width":1920,"height":1280,"url":"https:\/\/www.laguiadepamplona.com\/actualidad\/wp-content\/uploads\/2023\/04\/CONSEJO-PERSONAS-MAYORES-PA_EE5A4152.webp","type":"image\/webp"}],"author":"La Gu\u00eda de Pamplona","twitter_card":"summary_large_image","twitter_creator":"@LaGuiadPamplona","twitter_site":"@LaGuiadPamplona","twitter_misc":{"Escrito por":"La Gu\u00eda de Pamplona","Tiempo de lectura":"2 minutos"},"schema":{"@context":"https:\/\/schema.org","@graph":[{"@type":"Article","@id":"https:\/\/www.laguiadepamplona.com\/actualidad\/se-abre-el-periodo-de-exposicion-publica-y-alegaciones-sobre-el-nuevo-texto-del-reglamento-del-consejo-municipal-de-las-personas-mayores-del-ayuntamiento-de-pamplona\/#article","isPartOf":{"@id":"https:\/\/www.laguiadepamplona.com\/actualidad\/se-abre-el-periodo-de-exposicion-publica-y-alegaciones-sobre-el-nuevo-texto-del-reglamento-del-consejo-municipal-de-las-personas-mayores-del-ayuntamiento-de-pamplona\/"},"author":{"name":"La Gu\u00eda de Pamplona","@id":"https:\/\/www.laguiadepamplona.com\/actualidad\/#\/schema\/person\/efe887376f0213d4657c93adc50b1fdb"},"headline":"Se abre el periodo de exposici\u00f3n p\u00fablica y alegaciones sobre el nuevo texto del Reglamento del Consejo Municipal de las Personas Mayores del Ayuntamiento de Pamplona","datePublished":"2023-04-25T11:40:57+00:00","mainEntityOfPage":{"@id":"https:\/\/www.laguiadepamplona.com\/actualidad\/se-abre-el-periodo-de-exposicion-publica-y-alegaciones-sobre-el-nuevo-texto-del-reglamento-del-consejo-municipal-de-las-personas-mayores-del-ayuntamiento-de-pamplona\/"},"wordCount":427,"commentCount":0,"publisher":{"@id":"https:\/\/www.laguiadepamplona.com\/actualidad\/#organization"},"image":{"@id":"https:\/\/www.laguiadepamplona.com\/actualidad\/se-abre-el-periodo-de-exposicion-publica-y-alegaciones-sobre-el-nuevo-texto-del-reglamento-del-consejo-municipal-de-las-personas-mayores-del-ayuntamiento-de-pamplona\/#primaryimage"},"thumbnailUrl":"https:\/\/www.laguiadepamplona.com\/actualidad\/wp-content\/uploads\/2023\/04\/CONSEJO-PERSONAS-MAYORES-PA_EE5A4152.webp","articleSection":["Ayto Pamplona"],"inLanguage":"es","potentialAction":[{"@type":"CommentAction","name":"Comment","target":["https:\/\/www.laguiadepamplona.com\/actualidad\/se-abre-el-periodo-de-exposicion-publica-y-alegaciones-sobre-el-nuevo-texto-del-reglamento-del-consejo-municipal-de-las-personas-mayores-del-ayuntamiento-de-pamplona\/#respond"]}]},{"@type":"WebPage","@id":"https:\/\/www.laguiadepamplona.com\/actualidad\/se-abre-el-periodo-de-exposicion-publica-y-alegaciones-sobre-el-nuevo-texto-del-reglamento-del-consejo-municipal-de-las-personas-mayores-del-ayuntamiento-de-pamplona\/","url":"https:\/\/www.laguiadepamplona.com\/actualidad\/se-abre-el-periodo-de-exposicion-publica-y-alegaciones-sobre-el-nuevo-texto-del-reglamento-del-consejo-municipal-de-las-personas-mayores-del-ayuntamiento-de-pamplona\/","name":"Se abre el periodo de exposici\u00f3n p\u00fablica y alegaciones sobre el nuevo texto del Reglamento del Consejo Municipal de las Personas Mayores del Ayuntamiento de Pamplona","isPartOf":{"@id":"https:\/\/www.laguiadepamplona.com\/actualidad\/#website"},"primaryImageOfPage":{"@id":"https:\/\/www.laguiadepamplona.com\/actualidad\/se-abre-el-periodo-de-exposicion-publica-y-alegaciones-sobre-el-nuevo-texto-del-reglamento-del-consejo-municipal-de-las-personas-mayores-del-ayuntamiento-de-pamplona\/#primaryimage"},"image":{"@id":"https:\/\/www.laguiadepamplona.com\/actualidad\/se-abre-el-periodo-de-exposicion-publica-y-alegaciones-sobre-el-nuevo-texto-del-reglamento-del-consejo-municipal-de-las-personas-mayores-del-ayuntamiento-de-pamplona\/#primaryimage"},"thumbnailUrl":"https:\/\/www.laguiadepamplona.com\/actualidad\/wp-content\/uploads\/2023\/04\/CONSEJO-PERSONAS-MAYORES-PA_EE5A4152.webp","datePublished":"2023-04-25T11:40:57+00:00","description":"La redacci\u00f3n busca adaptar a las normas la composici\u00f3n y funcionamiento del \u00f3rgano de participaci\u00f3n de la franja de ciudadan\u00eda de m\u00e1s edad","breadcrumb":{"@id":"https:\/\/www.laguiadepamplona.com\/actualidad\/se-abre-el-periodo-de-exposicion-publica-y-alegaciones-sobre-el-nuevo-texto-del-reglamento-del-consejo-municipal-de-las-personas-mayores-del-ayuntamiento-de-pamplona\/#breadcrumb"},"inLanguage":"es","potentialAction":[{"@type":"ReadAction","target":["https:\/\/www.laguiadepamplona.com\/actualidad\/se-abre-el-periodo-de-exposicion-publica-y-alegaciones-sobre-el-nuevo-texto-del-reglamento-del-consejo-municipal-de-las-personas-mayores-del-ayuntamiento-de-pamplona\/"]}]},{"@type":"ImageObject","inLanguage":"es","@id":"https:\/\/www.laguiadepamplona.com\/actualidad\/se-abre-el-periodo-de-exposicion-publica-y-alegaciones-sobre-el-nuevo-texto-del-reglamento-del-consejo-municipal-de-las-personas-mayores-del-ayuntamiento-de-pamplona\/#primaryimage","url":"https:\/\/www.laguiadepamplona.com\/actualidad\/wp-content\/uploads\/2023\/04\/CONSEJO-PERSONAS-MAYORES-PA_EE5A4152.webp","contentUrl":"https:\/\/www.laguiadepamplona.com\/actualidad\/wp-content\/uploads\/2023\/04\/CONSEJO-PERSONAS-MAYORES-PA_EE5A4152.webp","width":1920,"height":1280},{"@type":"BreadcrumbList","@id":"https:\/\/www.laguiadepamplona.com\/actualidad\/se-abre-el-periodo-de-exposicion-publica-y-alegaciones-sobre-el-nuevo-texto-del-reglamento-del-consejo-municipal-de-las-personas-mayores-del-ayuntamiento-de-pamplona\/#breadcrumb","itemListElement":[{"@type":"ListItem","position":1,"name":"Portada","item":"https:\/\/www.laguiadepamplona.com\/actualidad\/"},{"@type":"ListItem","position":2,"name":"Se abre el periodo de exposici\u00f3n p\u00fablica y alegaciones sobre el nuevo texto del Reglamento del Consejo Municipal de las Personas Mayores del Ayuntamiento de Pamplona"}]},{"@type":"WebSite","@id":"https:\/\/www.laguiadepamplona.com\/actualidad\/#website","url":"https:\/\/www.laguiadepamplona.com\/actualidad\/","name":"La gu\u00eda de Pamplona","description":"Noticias de Pamplona","publisher":{"@id":"https:\/\/www.laguiadepamplona.com\/actualidad\/#organization"},"potentialAction":[{"@type":"SearchAction","target":{"@type":"EntryPoint","urlTemplate":"https:\/\/www.laguiadepamplona.com\/actualidad\/?s={search_term_string}"},"query-input":{"@type":"PropertyValueSpecification","valueRequired":true,"valueName":"search_term_string"}}],"inLanguage":"es"},{"@type":"Organization","@id":"https:\/\/www.laguiadepamplona.com\/actualidad\/#organization","name":"La Gu\u00eda de Pamplona \/ Noticias","url":"https:\/\/www.laguiadepamplona.com\/actualidad\/","logo":{"@type":"ImageObject","inLanguage":"es","@id":"https:\/\/www.laguiadepamplona.com\/actualidad\/#\/schema\/logo\/image\/","url":"https:\/\/www.laguiadepamplona.com\/actualidad\/wp-content\/uploads\/2018\/11\/logo-laguiadepamplona18-web1.png","contentUrl":"https:\/\/www.laguiadepamplona.com\/actualidad\/wp-content\/uploads\/2018\/11\/logo-laguiadepamplona18-web1.png","width":600,"height":196,"caption":"La Gu\u00eda de Pamplona \/ Noticias"},"image":{"@id":"https:\/\/www.laguiadepamplona.com\/actualidad\/#\/schema\/logo\/image\/"},"sameAs":["https:\/\/www.facebook.com\/laguiadepamplonacom-133175176762273\/?ref=hl","https:\/\/x.com\/LaGuiadPamplona","https:\/\/www.instagram.com\/la_guia_de_pamplona\/","https:\/\/www.youtube.com\/user\/laguiadepamplona"]},{"@type":"Person","@id":"https:\/\/www.laguiadepamplona.com\/actualidad\/#\/schema\/person\/efe887376f0213d4657c93adc50b1fdb","name":"La Gu\u00eda de Pamplona","image":{"@type":"ImageObject","inLanguage":"es","@id":"https:\/\/secure.gravatar.com\/avatar\/b6992f131dc8d30ab0dff15446e9d346d9dbd95992de0fef795073f5ea83a81c?s=96&d=mm&r=g","url":"https:\/\/secure.gravatar.com\/avatar\/b6992f131dc8d30ab0dff15446e9d346d9dbd95992de0fef795073f5ea83a81c?s=96&d=mm&r=g","contentUrl":"https:\/\/secure.gravatar.com\/avatar\/b6992f131dc8d30ab0dff15446e9d346d9dbd95992de0fef795073f5ea83a81c?s=96&d=mm&r=g","caption":"La Gu\u00eda de Pamplona"}}]}},"post_mailing_queue_ids":[],"_links":{"self":[{"href":"https:\/\/www.laguiadepamplona.com\/actualidad\/wp-json\/wp\/v2\/posts\/46464","targetHints":{"allow":["GET"]}}],"collection":[{"href":"https:\/\/www.laguiadepamplona.com\/actualidad\/wp-json\/wp\/v2\/posts"}],"about":[{"href":"https:\/\/www.laguiadepamplona.com\/actualidad\/wp-json\/wp\/v2\/types\/post"}],"author":[{"embeddable":true,"href":"https:\/\/www.laguiadepamplona.com\/actualidad\/wp-json\/wp\/v2\/users\/1"}],"replies":[{"embeddable":true,"href":"https:\/\/www.laguiadepamplona.com\/actualidad\/wp-json\/wp\/v2\/comments?post=46464"}],"version-history":[{"count":1,"href":"https:\/\/www.laguiadepamplona.com\/actualidad\/wp-json\/wp\/v2\/posts\/46464\/revisions"}],"predecessor-version":[{"id":46466,"href":"https:\/\/www.laguiadepamplona.com\/actualidad\/wp-json\/wp\/v2\/posts\/46464\/revisions\/46466"}],"wp:featuredmedia":[{"embeddable":true,"href":"https:\/\/www.laguiadepamplona.com\/actualidad\/wp-json\/wp\/v2\/media\/46465"}],"wp:attachment":[{"href":"https:\/\/www.laguiadepamplona.com\/actualidad\/wp-json\/wp\/v2\/media?parent=46464"}],"wp:term":[{"taxonomy":"category","embeddable":true,"href":"https:\/\/www.laguiadepamplona.com\/actualidad\/wp-json\/wp\/v2\/categories?post=46464"},{"taxonomy":"post_tag","embeddable":true,"href":"https:\/\/www.laguiadepamplona.com\/actualidad\/wp-json\/wp\/v2\/tags?post=46464"}],"curies":[{"name":"wp","href":"https:\/\/api.w.org\/{rel}","templated":true}]}}