{"id":46454,"date":"2023-04-24T17:08:36","date_gmt":"2023-04-24T15:08:36","guid":{"rendered":"https:\/\/www.laguiadepamplona.com\/actualidad\/?p=46454"},"modified":"2023-04-24T17:08:36","modified_gmt":"2023-04-24T15:08:36","slug":"quince-escuelas-de-musica-se-dan-cita-este-martes-por-la-tarde-en-baluarte-en-el-encuentro-de-acordeonistas-de-navarra-2023","status":"publish","type":"post","link":"https:\/\/www.laguiadepamplona.com\/actualidad\/quince-escuelas-de-musica-se-dan-cita-este-martes-por-la-tarde-en-baluarte-en-el-encuentro-de-acordeonistas-de-navarra-2023\/","title":{"rendered":"Quince escuelas de m\u00fasica se dan cita este martes por la tarde en Baluarte en el Encuentro de Acordeonistas de Navarra 2023"},"content":{"rendered":"<h3>La Escuela de M\u00fasica Joaqu\u00edn Maya ejerce de anfitriona de un encuentro que contara con la participaci\u00f3n de m\u00e1s de un centenar de acordeonistas<\/h3>\n<p><!--more--><\/p>\n<p>El Palacio de Congresos y Auditorio Baluarte acoge ma\u00f1ana martes el Encuentro de Acordeonistas de Navarra. Organizado por la Escuela de M\u00fasica Joaqu\u00edn Maya de Pamplona, contar\u00e1 con la participaci\u00f3n de quince escuelas de m\u00fasica de Navarra. Se prev\u00e9 que se den cita en Baluarte m\u00e1s de un centenar de acordeonistas. El encuentro comenzar\u00e1 a las 19 horas, con entrada libre hasta completar el aforo<br \/>\n<script async src=\"\/\/pagead2.googlesyndication.com\/pagead\/js\/adsbygoogle.js\"><\/script><br \/>\n<!-- Noticias La Guia de Pamplona --><br \/>\n<ins class=\"adsbygoogle\"\nstyle=\"display:block\"\ndata-ad-client=\"ca-pub-6943679897239327\"\ndata-ad-slot=\"7048180777\"\ndata-ad-format=\"auto\"><\/ins><br \/>\n<script>\n(adsbygoogle = window.adsbygoogle || []).push({});\n<\/script><\/p>\n<p>Participan las escuelas de m\u00fasica Joaqu\u00edn Maya de Pamplona, Luis Morondo de Bara\u00f1\u00e1in, Hilari\u00f3n Eslava de Burlada y Villava, las escuelas municipales de Tafalla, Baztan, Huarte e Irurtzun, Aralar Udal Musika Eskola de Lekunberri \u2013 Odieta, las escuelas de m\u00fasica Joaqu\u00edn Larregla de Lumbier, Juli\u00e1n Gayarre de No\u00e1in y Valle de Elorz, Jos\u00e9 Miguel Huarte de Orkoien, la escuela municipal de m\u00fasica Juan Franc\u00e9s de Iribarren de Sang\u00fcesa y la escuela de m\u00fasica de Sarriguren. Adem\u00e1s, se contar\u00e1 con la presencia del Conservatorio Profesional de M\u00fasica Pablo Sarasate de Pamplona y de la Escuela de Danza Cl\u00e1sica Marta Espuelas de Pamplona.<\/p>\n<p>Alumnado del conservatorio y de la escuela de danza, junto a diferentes acordeonistas, interpretar\u00e1n las obras \u2018Amore\u2019 de G. Hermosa, \u2018Comastor\u2019 de F. Angelis, \u2018S\u2019il vous plait\u2019 de A. Piazzola, \u2018Akord 2\u2019 de L\u00f3pez Jaso y \u2018Sorginak\u2019 de A. Cap\u00f3n. Alumnado de Escuela Municipal de M\u00fasica de Baztan realizar\u00e1 un homenaje a Miguel Mar\u00eda Iparraguirre, acordeonista e impulsor de la escuela hace m\u00e1s de tres d\u00e9cadas, fallecido en 2021. Se reconocer\u00e1 su labor con la obra \u201cVariaciones sobre Andre Maddalen\u201d de Pepe Ando\u00e1in. Se interpretar\u00e1n tambi\u00e9n las obras \u201cGogoaren baitan\u201d de A. Duhalde y la canci\u00f3n popular \u201cPottoka mendian\u201d.<br \/>\n<script async src=\"\/\/pagead2.googlesyndication.com\/pagead\/js\/adsbygoogle.js\"><\/script><br \/>\n<!-- Noticias La Guia de Pamplona --><br \/>\n<ins class=\"adsbygoogle\"\nstyle=\"display:block\"\ndata-ad-client=\"ca-pub-6943679897239327\"\ndata-ad-slot=\"7048180777\"\ndata-ad-format=\"auto\"><\/ins><br \/>\n<script>\n(adsbygoogle = window.adsbygoogle || []).push({});\n<\/script><\/p>\n<p>La segunda parte del concierto la protagonizar\u00e1 la Orquesta Navarra de Acordeones, que interpretar\u00e1 diferentes obras que combinar\u00e1n la m\u00fasica m\u00e1s actual de artistas como Lady Gaga o Billie Eilish con obras m\u00e1s cl\u00e1sicos del pop y del rock de grupos como Queen, ABBA o The Blues Brothers, y otras composiciones m\u00e1s tradicionales de Sorotan Bele o J. Hisaishi.<\/p>\n<p>&nbsp;<br \/>\n<a href=\"https:\/\/www.pamplona.es\/sites\/default\/files\/2023-04\/programa-encuentro-de-acordeonistas-de-navarra-2023-nafarroako-akordeoilarien-topaketa.pdf\" class=\"su-button su-button-style-default\" style=\"color:#FFFFFF;background-color:#ef2d2f;border-color:#c02426;border-radius:5px\" target=\"_blank\" rel=\"noopener noreferrer\"><span style=\"color:#FFFFFF;padding:6px 16px;font-size:13px;line-height:20px;border-color:#f46c6e;border-radius:5px;text-shadow:none\"><i class=\"sui sui-file-pdf-o\" style=\"font-size:13px;color:#FFFFFF\"><\/i> Programa encuentro acordeonistas 2023 &#8211; Ver m\u00e1s<\/span><\/a>\n&nbsp;<\/p>\n","protected":false},"excerpt":{"rendered":"<p>La Escuela de M\u00fasica Joaqu\u00edn Maya ejerce de anfitriona de un encuentro que contara con la participaci\u00f3n de m\u00e1s de un centenar de acordeonistas<\/p>\n","protected":false},"author":1,"featured_media":46455,"comment_status":"open","ping_status":"closed","sticky":false,"template":"","format":"standard","meta":{"footnotes":""},"categories":[2],"tags":[],"class_list":["post-46454","post","type-post","status-publish","format-standard","has-post-thumbnail","hentry","category-ayuntamiento-pamplona"],"yoast_head":"<!-- This site is optimized with the Yoast SEO plugin v27.3 - https:\/\/yoast.com\/product\/yoast-seo-wordpress\/ -->\n<title>Quince escuelas de m\u00fasica se dan cita este martes por la tarde en Baluarte en el Encuentro de Acordeonistas de Navarra 2023<\/title>\n<meta name=\"description\" content=\"La Escuela de M\u00fasica Joaqu\u00edn Maya ejerce de anfitriona de un encuentro que contara con la participaci\u00f3n de m\u00e1s de un centenar de acordeonistas\" \/>\n<meta name=\"robots\" content=\"index, follow, max-snippet:-1, max-image-preview:large, max-video-preview:-1\" \/>\n<link rel=\"canonical\" href=\"https:\/\/www.laguiadepamplona.com\/actualidad\/quince-escuelas-de-musica-se-dan-cita-este-martes-por-la-tarde-en-baluarte-en-el-encuentro-de-acordeonistas-de-navarra-2023\/\" \/>\n<meta property=\"og:locale\" content=\"es_ES\" \/>\n<meta property=\"og:type\" content=\"article\" \/>\n<meta property=\"og:title\" content=\"Quince escuelas de m\u00fasica se dan cita este martes por la tarde en Baluarte en el Encuentro de Acordeonistas de Navarra 2023\" \/>\n<meta property=\"og:description\" content=\"La Escuela de M\u00fasica Joaqu\u00edn Maya ejerce de anfitriona de un encuentro que contara con la participaci\u00f3n de m\u00e1s de un centenar de acordeonistas\" \/>\n<meta property=\"og:url\" content=\"https:\/\/www.laguiadepamplona.com\/actualidad\/quince-escuelas-de-musica-se-dan-cita-este-martes-por-la-tarde-en-baluarte-en-el-encuentro-de-acordeonistas-de-navarra-2023\/\" \/>\n<meta property=\"og:site_name\" content=\"La Gu\u00eda de Pamplona\" \/>\n<meta property=\"article:publisher\" content=\"https:\/\/www.facebook.com\/laguiadepamplonacom-133175176762273\/?ref=hl\" \/>\n<meta property=\"article:published_time\" content=\"2023-04-24T15:08:36+00:00\" \/>\n<meta property=\"og:image\" content=\"https:\/\/www.laguiadepamplona.com\/actualidad\/wp-content\/uploads\/2023\/04\/cultura-acordeon-musica-concierto.webp\" \/>\n\t<meta property=\"og:image:width\" content=\"1280\" \/>\n\t<meta property=\"og:image:height\" content=\"856\" \/>\n\t<meta property=\"og:image:type\" content=\"image\/webp\" \/>\n<meta name=\"author\" content=\"La Gu\u00eda de Pamplona\" \/>\n<meta name=\"twitter:card\" content=\"summary_large_image\" \/>\n<meta name=\"twitter:creator\" content=\"@LaGuiadPamplona\" \/>\n<meta name=\"twitter:site\" content=\"@LaGuiadPamplona\" \/>\n<meta name=\"twitter:label1\" content=\"Escrito por\" \/>\n\t<meta name=\"twitter:data1\" content=\"La Gu\u00eda de Pamplona\" \/>\n\t<meta name=\"twitter:label2\" content=\"Tiempo de lectura\" \/>\n\t<meta name=\"twitter:data2\" content=\"2 minutos\" \/>\n<script type=\"application\/ld+json\" class=\"yoast-schema-graph\">{\"@context\":\"https:\\\/\\\/schema.org\",\"@graph\":[{\"@type\":\"Article\",\"@id\":\"https:\\\/\\\/www.laguiadepamplona.com\\\/actualidad\\\/quince-escuelas-de-musica-se-dan-cita-este-martes-por-la-tarde-en-baluarte-en-el-encuentro-de-acordeonistas-de-navarra-2023\\\/#article\",\"isPartOf\":{\"@id\":\"https:\\\/\\\/www.laguiadepamplona.com\\\/actualidad\\\/quince-escuelas-de-musica-se-dan-cita-este-martes-por-la-tarde-en-baluarte-en-el-encuentro-de-acordeonistas-de-navarra-2023\\\/\"},\"author\":{\"name\":\"La Gu\u00eda de Pamplona\",\"@id\":\"https:\\\/\\\/www.laguiadepamplona.com\\\/actualidad\\\/#\\\/schema\\\/person\\\/efe887376f0213d4657c93adc50b1fdb\"},\"headline\":\"Quince escuelas de m\u00fasica se dan cita este martes por la tarde en Baluarte en el Encuentro de Acordeonistas de Navarra 2023\",\"datePublished\":\"2023-04-24T15:08:36+00:00\",\"mainEntityOfPage\":{\"@id\":\"https:\\\/\\\/www.laguiadepamplona.com\\\/actualidad\\\/quince-escuelas-de-musica-se-dan-cita-este-martes-por-la-tarde-en-baluarte-en-el-encuentro-de-acordeonistas-de-navarra-2023\\\/\"},\"wordCount\":445,\"commentCount\":0,\"publisher\":{\"@id\":\"https:\\\/\\\/www.laguiadepamplona.com\\\/actualidad\\\/#organization\"},\"image\":{\"@id\":\"https:\\\/\\\/www.laguiadepamplona.com\\\/actualidad\\\/quince-escuelas-de-musica-se-dan-cita-este-martes-por-la-tarde-en-baluarte-en-el-encuentro-de-acordeonistas-de-navarra-2023\\\/#primaryimage\"},\"thumbnailUrl\":\"https:\\\/\\\/www.laguiadepamplona.com\\\/actualidad\\\/wp-content\\\/uploads\\\/2023\\\/04\\\/cultura-acordeon-musica-concierto.webp\",\"articleSection\":[\"Ayto Pamplona\"],\"inLanguage\":\"es\",\"potentialAction\":[{\"@type\":\"CommentAction\",\"name\":\"Comment\",\"target\":[\"https:\\\/\\\/www.laguiadepamplona.com\\\/actualidad\\\/quince-escuelas-de-musica-se-dan-cita-este-martes-por-la-tarde-en-baluarte-en-el-encuentro-de-acordeonistas-de-navarra-2023\\\/#respond\"]}]},{\"@type\":\"WebPage\",\"@id\":\"https:\\\/\\\/www.laguiadepamplona.com\\\/actualidad\\\/quince-escuelas-de-musica-se-dan-cita-este-martes-por-la-tarde-en-baluarte-en-el-encuentro-de-acordeonistas-de-navarra-2023\\\/\",\"url\":\"https:\\\/\\\/www.laguiadepamplona.com\\\/actualidad\\\/quince-escuelas-de-musica-se-dan-cita-este-martes-por-la-tarde-en-baluarte-en-el-encuentro-de-acordeonistas-de-navarra-2023\\\/\",\"name\":\"Quince escuelas de m\u00fasica se dan cita este martes por la tarde en Baluarte en el Encuentro de Acordeonistas de Navarra 2023\",\"isPartOf\":{\"@id\":\"https:\\\/\\\/www.laguiadepamplona.com\\\/actualidad\\\/#website\"},\"primaryImageOfPage\":{\"@id\":\"https:\\\/\\\/www.laguiadepamplona.com\\\/actualidad\\\/quince-escuelas-de-musica-se-dan-cita-este-martes-por-la-tarde-en-baluarte-en-el-encuentro-de-acordeonistas-de-navarra-2023\\\/#primaryimage\"},\"image\":{\"@id\":\"https:\\\/\\\/www.laguiadepamplona.com\\\/actualidad\\\/quince-escuelas-de-musica-se-dan-cita-este-martes-por-la-tarde-en-baluarte-en-el-encuentro-de-acordeonistas-de-navarra-2023\\\/#primaryimage\"},\"thumbnailUrl\":\"https:\\\/\\\/www.laguiadepamplona.com\\\/actualidad\\\/wp-content\\\/uploads\\\/2023\\\/04\\\/cultura-acordeon-musica-concierto.webp\",\"datePublished\":\"2023-04-24T15:08:36+00:00\",\"description\":\"La Escuela de M\u00fasica Joaqu\u00edn Maya ejerce de anfitriona de un encuentro que contara con la participaci\u00f3n de m\u00e1s de un centenar de acordeonistas\",\"breadcrumb\":{\"@id\":\"https:\\\/\\\/www.laguiadepamplona.com\\\/actualidad\\\/quince-escuelas-de-musica-se-dan-cita-este-martes-por-la-tarde-en-baluarte-en-el-encuentro-de-acordeonistas-de-navarra-2023\\\/#breadcrumb\"},\"inLanguage\":\"es\",\"potentialAction\":[{\"@type\":\"ReadAction\",\"target\":[\"https:\\\/\\\/www.laguiadepamplona.com\\\/actualidad\\\/quince-escuelas-de-musica-se-dan-cita-este-martes-por-la-tarde-en-baluarte-en-el-encuentro-de-acordeonistas-de-navarra-2023\\\/\"]}]},{\"@type\":\"ImageObject\",\"inLanguage\":\"es\",\"@id\":\"https:\\\/\\\/www.laguiadepamplona.com\\\/actualidad\\\/quince-escuelas-de-musica-se-dan-cita-este-martes-por-la-tarde-en-baluarte-en-el-encuentro-de-acordeonistas-de-navarra-2023\\\/#primaryimage\",\"url\":\"https:\\\/\\\/www.laguiadepamplona.com\\\/actualidad\\\/wp-content\\\/uploads\\\/2023\\\/04\\\/cultura-acordeon-musica-concierto.webp\",\"contentUrl\":\"https:\\\/\\\/www.laguiadepamplona.com\\\/actualidad\\\/wp-content\\\/uploads\\\/2023\\\/04\\\/cultura-acordeon-musica-concierto.webp\",\"width\":1280,\"height\":856},{\"@type\":\"BreadcrumbList\",\"@id\":\"https:\\\/\\\/www.laguiadepamplona.com\\\/actualidad\\\/quince-escuelas-de-musica-se-dan-cita-este-martes-por-la-tarde-en-baluarte-en-el-encuentro-de-acordeonistas-de-navarra-2023\\\/#breadcrumb\",\"itemListElement\":[{\"@type\":\"ListItem\",\"position\":1,\"name\":\"Portada\",\"item\":\"https:\\\/\\\/www.laguiadepamplona.com\\\/actualidad\\\/\"},{\"@type\":\"ListItem\",\"position\":2,\"name\":\"Quince escuelas de m\u00fasica se dan cita este martes por la tarde en Baluarte en el Encuentro de Acordeonistas de Navarra 2023\"}]},{\"@type\":\"WebSite\",\"@id\":\"https:\\\/\\\/www.laguiadepamplona.com\\\/actualidad\\\/#website\",\"url\":\"https:\\\/\\\/www.laguiadepamplona.com\\\/actualidad\\\/\",\"name\":\"La gu\u00eda de Pamplona\",\"description\":\"Noticias de Pamplona\",\"publisher\":{\"@id\":\"https:\\\/\\\/www.laguiadepamplona.com\\\/actualidad\\\/#organization\"},\"potentialAction\":[{\"@type\":\"SearchAction\",\"target\":{\"@type\":\"EntryPoint\",\"urlTemplate\":\"https:\\\/\\\/www.laguiadepamplona.com\\\/actualidad\\\/?s={search_term_string}\"},\"query-input\":{\"@type\":\"PropertyValueSpecification\",\"valueRequired\":true,\"valueName\":\"search_term_string\"}}],\"inLanguage\":\"es\"},{\"@type\":\"Organization\",\"@id\":\"https:\\\/\\\/www.laguiadepamplona.com\\\/actualidad\\\/#organization\",\"name\":\"La Gu\u00eda de Pamplona \\\/ Noticias\",\"url\":\"https:\\\/\\\/www.laguiadepamplona.com\\\/actualidad\\\/\",\"logo\":{\"@type\":\"ImageObject\",\"inLanguage\":\"es\",\"@id\":\"https:\\\/\\\/www.laguiadepamplona.com\\\/actualidad\\\/#\\\/schema\\\/logo\\\/image\\\/\",\"url\":\"https:\\\/\\\/www.laguiadepamplona.com\\\/actualidad\\\/wp-content\\\/uploads\\\/2018\\\/11\\\/logo-laguiadepamplona18-web1.png\",\"contentUrl\":\"https:\\\/\\\/www.laguiadepamplona.com\\\/actualidad\\\/wp-content\\\/uploads\\\/2018\\\/11\\\/logo-laguiadepamplona18-web1.png\",\"width\":600,\"height\":196,\"caption\":\"La Gu\u00eda de Pamplona \\\/ Noticias\"},\"image\":{\"@id\":\"https:\\\/\\\/www.laguiadepamplona.com\\\/actualidad\\\/#\\\/schema\\\/logo\\\/image\\\/\"},\"sameAs\":[\"https:\\\/\\\/www.facebook.com\\\/laguiadepamplonacom-133175176762273\\\/?ref=hl\",\"https:\\\/\\\/x.com\\\/LaGuiadPamplona\",\"https:\\\/\\\/www.instagram.com\\\/la_guia_de_pamplona\\\/\",\"https:\\\/\\\/www.youtube.com\\\/user\\\/laguiadepamplona\"]},{\"@type\":\"Person\",\"@id\":\"https:\\\/\\\/www.laguiadepamplona.com\\\/actualidad\\\/#\\\/schema\\\/person\\\/efe887376f0213d4657c93adc50b1fdb\",\"name\":\"La Gu\u00eda de Pamplona\",\"image\":{\"@type\":\"ImageObject\",\"inLanguage\":\"es\",\"@id\":\"https:\\\/\\\/secure.gravatar.com\\\/avatar\\\/b6992f131dc8d30ab0dff15446e9d346d9dbd95992de0fef795073f5ea83a81c?s=96&d=mm&r=g\",\"url\":\"https:\\\/\\\/secure.gravatar.com\\\/avatar\\\/b6992f131dc8d30ab0dff15446e9d346d9dbd95992de0fef795073f5ea83a81c?s=96&d=mm&r=g\",\"contentUrl\":\"https:\\\/\\\/secure.gravatar.com\\\/avatar\\\/b6992f131dc8d30ab0dff15446e9d346d9dbd95992de0fef795073f5ea83a81c?s=96&d=mm&r=g\",\"caption\":\"La Gu\u00eda de Pamplona\"}}]}<\/script>\n<!-- \/ Yoast SEO plugin. -->","yoast_head_json":{"title":"Quince escuelas de m\u00fasica se dan cita este martes por la tarde en Baluarte en el Encuentro de Acordeonistas de Navarra 2023","description":"La Escuela de M\u00fasica Joaqu\u00edn Maya ejerce de anfitriona de un encuentro que contara con la participaci\u00f3n de m\u00e1s de un centenar de acordeonistas","robots":{"index":"index","follow":"follow","max-snippet":"max-snippet:-1","max-image-preview":"max-image-preview:large","max-video-preview":"max-video-preview:-1"},"canonical":"https:\/\/www.laguiadepamplona.com\/actualidad\/quince-escuelas-de-musica-se-dan-cita-este-martes-por-la-tarde-en-baluarte-en-el-encuentro-de-acordeonistas-de-navarra-2023\/","og_locale":"es_ES","og_type":"article","og_title":"Quince escuelas de m\u00fasica se dan cita este martes por la tarde en Baluarte en el Encuentro de Acordeonistas de Navarra 2023","og_description":"La Escuela de M\u00fasica Joaqu\u00edn Maya ejerce de anfitriona de un encuentro que contara con la participaci\u00f3n de m\u00e1s de un centenar de acordeonistas","og_url":"https:\/\/www.laguiadepamplona.com\/actualidad\/quince-escuelas-de-musica-se-dan-cita-este-martes-por-la-tarde-en-baluarte-en-el-encuentro-de-acordeonistas-de-navarra-2023\/","og_site_name":"La Gu\u00eda de Pamplona","article_publisher":"https:\/\/www.facebook.com\/laguiadepamplonacom-133175176762273\/?ref=hl","article_published_time":"2023-04-24T15:08:36+00:00","og_image":[{"width":1280,"height":856,"url":"https:\/\/www.laguiadepamplona.com\/actualidad\/wp-content\/uploads\/2023\/04\/cultura-acordeon-musica-concierto.webp","type":"image\/webp"}],"author":"La Gu\u00eda de Pamplona","twitter_card":"summary_large_image","twitter_creator":"@LaGuiadPamplona","twitter_site":"@LaGuiadPamplona","twitter_misc":{"Escrito por":"La Gu\u00eda de Pamplona","Tiempo de lectura":"2 minutos"},"schema":{"@context":"https:\/\/schema.org","@graph":[{"@type":"Article","@id":"https:\/\/www.laguiadepamplona.com\/actualidad\/quince-escuelas-de-musica-se-dan-cita-este-martes-por-la-tarde-en-baluarte-en-el-encuentro-de-acordeonistas-de-navarra-2023\/#article","isPartOf":{"@id":"https:\/\/www.laguiadepamplona.com\/actualidad\/quince-escuelas-de-musica-se-dan-cita-este-martes-por-la-tarde-en-baluarte-en-el-encuentro-de-acordeonistas-de-navarra-2023\/"},"author":{"name":"La Gu\u00eda de Pamplona","@id":"https:\/\/www.laguiadepamplona.com\/actualidad\/#\/schema\/person\/efe887376f0213d4657c93adc50b1fdb"},"headline":"Quince escuelas de m\u00fasica se dan cita este martes por la tarde en Baluarte en el Encuentro de Acordeonistas de Navarra 2023","datePublished":"2023-04-24T15:08:36+00:00","mainEntityOfPage":{"@id":"https:\/\/www.laguiadepamplona.com\/actualidad\/quince-escuelas-de-musica-se-dan-cita-este-martes-por-la-tarde-en-baluarte-en-el-encuentro-de-acordeonistas-de-navarra-2023\/"},"wordCount":445,"commentCount":0,"publisher":{"@id":"https:\/\/www.laguiadepamplona.com\/actualidad\/#organization"},"image":{"@id":"https:\/\/www.laguiadepamplona.com\/actualidad\/quince-escuelas-de-musica-se-dan-cita-este-martes-por-la-tarde-en-baluarte-en-el-encuentro-de-acordeonistas-de-navarra-2023\/#primaryimage"},"thumbnailUrl":"https:\/\/www.laguiadepamplona.com\/actualidad\/wp-content\/uploads\/2023\/04\/cultura-acordeon-musica-concierto.webp","articleSection":["Ayto Pamplona"],"inLanguage":"es","potentialAction":[{"@type":"CommentAction","name":"Comment","target":["https:\/\/www.laguiadepamplona.com\/actualidad\/quince-escuelas-de-musica-se-dan-cita-este-martes-por-la-tarde-en-baluarte-en-el-encuentro-de-acordeonistas-de-navarra-2023\/#respond"]}]},{"@type":"WebPage","@id":"https:\/\/www.laguiadepamplona.com\/actualidad\/quince-escuelas-de-musica-se-dan-cita-este-martes-por-la-tarde-en-baluarte-en-el-encuentro-de-acordeonistas-de-navarra-2023\/","url":"https:\/\/www.laguiadepamplona.com\/actualidad\/quince-escuelas-de-musica-se-dan-cita-este-martes-por-la-tarde-en-baluarte-en-el-encuentro-de-acordeonistas-de-navarra-2023\/","name":"Quince escuelas de m\u00fasica se dan cita este martes por la tarde en Baluarte en el Encuentro de Acordeonistas de Navarra 2023","isPartOf":{"@id":"https:\/\/www.laguiadepamplona.com\/actualidad\/#website"},"primaryImageOfPage":{"@id":"https:\/\/www.laguiadepamplona.com\/actualidad\/quince-escuelas-de-musica-se-dan-cita-este-martes-por-la-tarde-en-baluarte-en-el-encuentro-de-acordeonistas-de-navarra-2023\/#primaryimage"},"image":{"@id":"https:\/\/www.laguiadepamplona.com\/actualidad\/quince-escuelas-de-musica-se-dan-cita-este-martes-por-la-tarde-en-baluarte-en-el-encuentro-de-acordeonistas-de-navarra-2023\/#primaryimage"},"thumbnailUrl":"https:\/\/www.laguiadepamplona.com\/actualidad\/wp-content\/uploads\/2023\/04\/cultura-acordeon-musica-concierto.webp","datePublished":"2023-04-24T15:08:36+00:00","description":"La Escuela de M\u00fasica Joaqu\u00edn Maya ejerce de anfitriona de un encuentro que contara con la participaci\u00f3n de m\u00e1s de un centenar de acordeonistas","breadcrumb":{"@id":"https:\/\/www.laguiadepamplona.com\/actualidad\/quince-escuelas-de-musica-se-dan-cita-este-martes-por-la-tarde-en-baluarte-en-el-encuentro-de-acordeonistas-de-navarra-2023\/#breadcrumb"},"inLanguage":"es","potentialAction":[{"@type":"ReadAction","target":["https:\/\/www.laguiadepamplona.com\/actualidad\/quince-escuelas-de-musica-se-dan-cita-este-martes-por-la-tarde-en-baluarte-en-el-encuentro-de-acordeonistas-de-navarra-2023\/"]}]},{"@type":"ImageObject","inLanguage":"es","@id":"https:\/\/www.laguiadepamplona.com\/actualidad\/quince-escuelas-de-musica-se-dan-cita-este-martes-por-la-tarde-en-baluarte-en-el-encuentro-de-acordeonistas-de-navarra-2023\/#primaryimage","url":"https:\/\/www.laguiadepamplona.com\/actualidad\/wp-content\/uploads\/2023\/04\/cultura-acordeon-musica-concierto.webp","contentUrl":"https:\/\/www.laguiadepamplona.com\/actualidad\/wp-content\/uploads\/2023\/04\/cultura-acordeon-musica-concierto.webp","width":1280,"height":856},{"@type":"BreadcrumbList","@id":"https:\/\/www.laguiadepamplona.com\/actualidad\/quince-escuelas-de-musica-se-dan-cita-este-martes-por-la-tarde-en-baluarte-en-el-encuentro-de-acordeonistas-de-navarra-2023\/#breadcrumb","itemListElement":[{"@type":"ListItem","position":1,"name":"Portada","item":"https:\/\/www.laguiadepamplona.com\/actualidad\/"},{"@type":"ListItem","position":2,"name":"Quince escuelas de m\u00fasica se dan cita este martes por la tarde en Baluarte en el Encuentro de Acordeonistas de Navarra 2023"}]},{"@type":"WebSite","@id":"https:\/\/www.laguiadepamplona.com\/actualidad\/#website","url":"https:\/\/www.laguiadepamplona.com\/actualidad\/","name":"La gu\u00eda de Pamplona","description":"Noticias de Pamplona","publisher":{"@id":"https:\/\/www.laguiadepamplona.com\/actualidad\/#organization"},"potentialAction":[{"@type":"SearchAction","target":{"@type":"EntryPoint","urlTemplate":"https:\/\/www.laguiadepamplona.com\/actualidad\/?s={search_term_string}"},"query-input":{"@type":"PropertyValueSpecification","valueRequired":true,"valueName":"search_term_string"}}],"inLanguage":"es"},{"@type":"Organization","@id":"https:\/\/www.laguiadepamplona.com\/actualidad\/#organization","name":"La Gu\u00eda de Pamplona \/ Noticias","url":"https:\/\/www.laguiadepamplona.com\/actualidad\/","logo":{"@type":"ImageObject","inLanguage":"es","@id":"https:\/\/www.laguiadepamplona.com\/actualidad\/#\/schema\/logo\/image\/","url":"https:\/\/www.laguiadepamplona.com\/actualidad\/wp-content\/uploads\/2018\/11\/logo-laguiadepamplona18-web1.png","contentUrl":"https:\/\/www.laguiadepamplona.com\/actualidad\/wp-content\/uploads\/2018\/11\/logo-laguiadepamplona18-web1.png","width":600,"height":196,"caption":"La Gu\u00eda de Pamplona \/ Noticias"},"image":{"@id":"https:\/\/www.laguiadepamplona.com\/actualidad\/#\/schema\/logo\/image\/"},"sameAs":["https:\/\/www.facebook.com\/laguiadepamplonacom-133175176762273\/?ref=hl","https:\/\/x.com\/LaGuiadPamplona","https:\/\/www.instagram.com\/la_guia_de_pamplona\/","https:\/\/www.youtube.com\/user\/laguiadepamplona"]},{"@type":"Person","@id":"https:\/\/www.laguiadepamplona.com\/actualidad\/#\/schema\/person\/efe887376f0213d4657c93adc50b1fdb","name":"La Gu\u00eda de Pamplona","image":{"@type":"ImageObject","inLanguage":"es","@id":"https:\/\/secure.gravatar.com\/avatar\/b6992f131dc8d30ab0dff15446e9d346d9dbd95992de0fef795073f5ea83a81c?s=96&d=mm&r=g","url":"https:\/\/secure.gravatar.com\/avatar\/b6992f131dc8d30ab0dff15446e9d346d9dbd95992de0fef795073f5ea83a81c?s=96&d=mm&r=g","contentUrl":"https:\/\/secure.gravatar.com\/avatar\/b6992f131dc8d30ab0dff15446e9d346d9dbd95992de0fef795073f5ea83a81c?s=96&d=mm&r=g","caption":"La Gu\u00eda de Pamplona"}}]}},"post_mailing_queue_ids":[],"_links":{"self":[{"href":"https:\/\/www.laguiadepamplona.com\/actualidad\/wp-json\/wp\/v2\/posts\/46454","targetHints":{"allow":["GET"]}}],"collection":[{"href":"https:\/\/www.laguiadepamplona.com\/actualidad\/wp-json\/wp\/v2\/posts"}],"about":[{"href":"https:\/\/www.laguiadepamplona.com\/actualidad\/wp-json\/wp\/v2\/types\/post"}],"author":[{"embeddable":true,"href":"https:\/\/www.laguiadepamplona.com\/actualidad\/wp-json\/wp\/v2\/users\/1"}],"replies":[{"embeddable":true,"href":"https:\/\/www.laguiadepamplona.com\/actualidad\/wp-json\/wp\/v2\/comments?post=46454"}],"version-history":[{"count":1,"href":"https:\/\/www.laguiadepamplona.com\/actualidad\/wp-json\/wp\/v2\/posts\/46454\/revisions"}],"predecessor-version":[{"id":46456,"href":"https:\/\/www.laguiadepamplona.com\/actualidad\/wp-json\/wp\/v2\/posts\/46454\/revisions\/46456"}],"wp:featuredmedia":[{"embeddable":true,"href":"https:\/\/www.laguiadepamplona.com\/actualidad\/wp-json\/wp\/v2\/media\/46455"}],"wp:attachment":[{"href":"https:\/\/www.laguiadepamplona.com\/actualidad\/wp-json\/wp\/v2\/media?parent=46454"}],"wp:term":[{"taxonomy":"category","embeddable":true,"href":"https:\/\/www.laguiadepamplona.com\/actualidad\/wp-json\/wp\/v2\/categories?post=46454"},{"taxonomy":"post_tag","embeddable":true,"href":"https:\/\/www.laguiadepamplona.com\/actualidad\/wp-json\/wp\/v2\/tags?post=46454"}],"curies":[{"name":"wp","href":"https:\/\/api.w.org\/{rel}","templated":true}]}}