{"id":46446,"date":"2023-04-24T13:27:14","date_gmt":"2023-04-24T11:27:14","guid":{"rendered":"https:\/\/www.laguiadepamplona.com\/actualidad\/?p=46446"},"modified":"2023-04-24T13:27:14","modified_gmt":"2023-04-24T11:27:14","slug":"adjudicado-el-contrato-para-la-instalacion-vigilancia-mantenimiento-y-retirada-de-los-aseos-que-refuerzan-y-complementan-el-servicio-en-las-fiestas-de-san-fermin","status":"publish","type":"post","link":"https:\/\/www.laguiadepamplona.com\/actualidad\/adjudicado-el-contrato-para-la-instalacion-vigilancia-mantenimiento-y-retirada-de-los-aseos-que-refuerzan-y-complementan-el-servicio-en-las-fiestas-de-san-fermin\/","title":{"rendered":"Adjudicado el contrato para la instalaci\u00f3n, vigilancia, mantenimiento y retirada de los aseos que refuerzan y complementan el servicio en las fiestas de San Ferm\u00edn"},"content":{"rendered":"<h3>Este a\u00f1o se refuerza la Plaza del Castillo con dos nuevos m\u00f3dulos de aseo para satisfacer la demanda en uno de los puntos m\u00e1s concurridos de la ciudad<\/h3>\n<p><!--more--><\/p>\n<p>La Junta de Gobierno Local ha aprobado la adjudicaci\u00f3n del contrato de instalaci\u00f3n, vigilancia, mantenimiento y retirada de los diferentes aseos port\u00e1tiles que refuerzan el servicio de aseos p\u00fablicos durante los Sanfermines. El contrato prev\u00e9 la colocaci\u00f3n de un truck sanitario en la plaza del Castillo, 18 aseos conectados a la red de saneamiento y 20 aseos qu\u00edmicos.<\/p>\n<p>Estos pr\u00f3ximos Sanfermines se refuerza la zona de la Plaza del Castillo, donde se han a\u00f1adido dos nuevos m\u00f3dulos de aseo. Se busca as\u00ed satisfacer la demanda del servicio en uno de los puntos con mayor concurrencia de la ciudad.<br \/>\n<script async src=\"\/\/pagead2.googlesyndication.com\/pagead\/js\/adsbygoogle.js\"><\/script><br \/>\n<!-- Noticias La Guia de Pamplona --><br \/>\n<ins class=\"adsbygoogle\"\nstyle=\"display:block\"\ndata-ad-client=\"ca-pub-6943679897239327\"\ndata-ad-slot=\"7048180777\"\ndata-ad-format=\"auto\"><\/ins><br \/>\n<script>\n(adsbygoogle = window.adsbygoogle || []).push({});\n<\/script><\/p>\n<p>La ejecuci\u00f3n de este contrato corresponde a la empresa Alquibalat SL, por un importe de 150.000 euros, IVA incluido. El contrato tiene una duraci\u00f3n del 13 de junio al 20 de julio, ambos incluidos. La totalidad de los aseos de San Ferm\u00edn deber\u00e1n estar instalados para el 4 de julio, de forma que den servicio a los miles de personas que disfrutar\u00e1n de la fiesta en las calles.<\/p>\n<p>El truck sanitario de la Plaza del Castillo contar\u00e1 con, al menos, 4 cabinas de aseos de se\u00f1oras, 2 para caballeros, cambiador de beb\u00e9 y cabina accesible para personas con discapacidad. Las 18 instalaciones repartidas por la ciudad se compondr\u00e1n de dos m\u00f3dulos, una para se\u00f1oras y otro para caballeros, salvo en algunas ubicaciones donde se se\u00f1ale espec\u00edficamente otra cosa.<br \/>\n<script async src=\"\/\/pagead2.googlesyndication.com\/pagead\/js\/adsbygoogle.js\"><\/script><br \/>\n<!-- Noticias La Guia de Pamplona --><br \/>\n<ins class=\"adsbygoogle\"\nstyle=\"display:block\"\ndata-ad-client=\"ca-pub-6943679897239327\"\ndata-ad-slot=\"7048180777\"\ndata-ad-format=\"auto\"><\/ins><br \/>\n<script>\n(adsbygoogle = window.adsbygoogle || []).push({});\n<\/script><\/p>\n<p>La instalaci\u00f3n del ferial del ganado, junto al espacio comercial del pol\u00edgono de Agustinos, se abrir\u00e1 al p\u00fablico \u00fanicamente el d\u00eda en que se celebre la feria. Los aseos de Trinitarios ser\u00e1n para uso exclusivo del personal del ferial. Y en la instalaci\u00f3n de la Plaza de la Libertad, habr\u00e1 un m\u00f3dulo especialmente dise\u00f1ado para ni\u00f1os y ni\u00f1as.<\/p>\n<p>El truck sanitario y diecis\u00e9is de las instalaciones (excepto la de Trinitarios y la de la feria de ganado) dispondr\u00e1n de personal para vigilancia, limpieza, mantenimiento y provisi\u00f3n de complementos indispensables para su uso, como papel higi\u00e9nico y jab\u00f3n de manos.<\/p>\n<p>Adem\u00e1s, se instalar\u00e1n 20 aseos qu\u00edmicos, cuya tipolog\u00eda definir\u00e1n previamente el Ayuntamiento y la empresa adjudicataria. El mantenimiento consistir\u00e1 en el cambio del dep\u00f3sito qu\u00edmico cada 24 horas como m\u00ednimo, y la limpieza y provisi\u00f3n de los complementos indispensables para su uso. Algunas de estas cabinas se colocar\u00e1n en los escenarios de actuaciones para uso exclusivo de las formaciones art\u00edsticas.<br \/>\n<script async src=\"\/\/pagead2.googlesyndication.com\/pagead\/js\/adsbygoogle.js\"><\/script><br \/>\n<!-- Noticias La Guia de Pamplona --><br \/>\n<ins class=\"adsbygoogle\"\nstyle=\"display:block\"\ndata-ad-client=\"ca-pub-6943679897239327\"\ndata-ad-slot=\"7048180777\"\ndata-ad-format=\"auto\"><\/ins><br \/>\n<script>\n(adsbygoogle = window.adsbygoogle || []).push({});\n<\/script><\/p>\n<p>&nbsp;<\/p>\n<h3>Aseos Conectados a la Red. San Ferm\u00edn 2023<\/h3>\n<ul>\n<li>Recinto ferial (puente de Curtidores)<\/li>\n<li>Plaza de Toros (calle Amaya)<\/li>\n<li>Bajada de Labrit<\/li>\n<li>Plaza de San Francisco<\/li>\n<li>Antoniutti (Plaza de Juan XXIII)<\/li>\n<li>Rinc\u00f3n de la Pellejer\u00eda<\/li>\n<li>Calderer\u00eda<\/li>\n<li>San Nicol\u00e1s \u2013 San Gregorio<\/li>\n<li>Cuesta del Museo<\/li>\n<li>Parque de la Taconera<\/li>\n<li>Duque de Ahumada<\/li>\n<li>Plaza de Santa Ana<\/li>\n<li>Paseo del Red\u00edn<\/li>\n<li>Vuelta del Castillo (Misericordia)<\/li>\n<li>Plaza de la Libertad<\/li>\n<li>Trinitarios<\/li>\n<li>Ferial de ganado (junto a centro comercial en pol\u00edgono Agustinos)<\/li>\n<li>Plaza del Castillo<\/li>\n<li>Truck sanitario de la Plaza del Castillo<\/li>\n<\/ul>\n","protected":false},"excerpt":{"rendered":"<p>Este a\u00f1o se refuerza la Plaza del Castillo con dos nuevos m\u00f3dulos de aseo para satisfacer la demanda en uno de los puntos m\u00e1s concurridos de la ciudad<\/p>\n","protected":false},"author":1,"featured_media":20291,"comment_status":"open","ping_status":"closed","sticky":false,"template":"","format":"standard","meta":{"footnotes":""},"categories":[2,9406],"tags":[],"class_list":["post-46446","post","type-post","status-publish","format-standard","has-post-thumbnail","hentry","category-ayuntamiento-pamplona","category-san-fermin"],"yoast_head":"<!-- This site is optimized with the Yoast SEO plugin v27.3 - https:\/\/yoast.com\/product\/yoast-seo-wordpress\/ -->\n<title>Adjudicado el contrato para la instalaci\u00f3n, vigilancia, mantenimiento y retirada de los aseos que refuerzan y complementan el servicio en las fiestas de San Ferm\u00edn<\/title>\n<meta name=\"description\" content=\"Este a\u00f1o se refuerza la Plaza del Castillo con dos nuevos m\u00f3dulos de aseo para satisfacer la demanda en uno de los puntos m\u00e1s concurridos de la ciudad\" \/>\n<meta name=\"robots\" content=\"index, follow, max-snippet:-1, max-image-preview:large, max-video-preview:-1\" \/>\n<link rel=\"canonical\" href=\"https:\/\/www.laguiadepamplona.com\/actualidad\/adjudicado-el-contrato-para-la-instalacion-vigilancia-mantenimiento-y-retirada-de-los-aseos-que-refuerzan-y-complementan-el-servicio-en-las-fiestas-de-san-fermin\/\" \/>\n<meta property=\"og:locale\" content=\"es_ES\" \/>\n<meta property=\"og:type\" content=\"article\" \/>\n<meta property=\"og:title\" content=\"Adjudicado el contrato para la instalaci\u00f3n, vigilancia, mantenimiento y retirada de los aseos que refuerzan y complementan el servicio en las fiestas de San Ferm\u00edn\" \/>\n<meta property=\"og:description\" content=\"Este a\u00f1o se refuerza la Plaza del Castillo con dos nuevos m\u00f3dulos de aseo para satisfacer la demanda en uno de los puntos m\u00e1s concurridos de la ciudad\" \/>\n<meta property=\"og:url\" content=\"https:\/\/www.laguiadepamplona.com\/actualidad\/adjudicado-el-contrato-para-la-instalacion-vigilancia-mantenimiento-y-retirada-de-los-aseos-que-refuerzan-y-complementan-el-servicio-en-las-fiestas-de-san-fermin\/\" \/>\n<meta property=\"og:site_name\" content=\"La Gu\u00eda de Pamplona\" \/>\n<meta property=\"article:publisher\" content=\"https:\/\/www.facebook.com\/laguiadepamplonacom-133175176762273\/?ref=hl\" \/>\n<meta property=\"article:published_time\" content=\"2023-04-24T11:27:14+00:00\" \/>\n<meta property=\"og:image\" content=\"https:\/\/www.laguiadepamplona.com\/actualidad\/wp-content\/uploads\/2019\/02\/aseos-san-fermin.jpg\" \/>\n\t<meta property=\"og:image:width\" content=\"1920\" \/>\n\t<meta property=\"og:image:height\" content=\"1080\" \/>\n\t<meta property=\"og:image:type\" content=\"image\/jpeg\" \/>\n<meta name=\"author\" content=\"La Gu\u00eda de Pamplona\" \/>\n<meta name=\"twitter:card\" content=\"summary_large_image\" \/>\n<meta name=\"twitter:creator\" content=\"@LaGuiadPamplona\" \/>\n<meta name=\"twitter:site\" content=\"@LaGuiadPamplona\" \/>\n<meta name=\"twitter:label1\" content=\"Escrito por\" \/>\n\t<meta name=\"twitter:data1\" content=\"La Gu\u00eda de Pamplona\" \/>\n\t<meta name=\"twitter:label2\" content=\"Tiempo de lectura\" \/>\n\t<meta name=\"twitter:data2\" content=\"3 minutos\" \/>\n<script type=\"application\/ld+json\" class=\"yoast-schema-graph\">{\"@context\":\"https:\\\/\\\/schema.org\",\"@graph\":[{\"@type\":\"Article\",\"@id\":\"https:\\\/\\\/www.laguiadepamplona.com\\\/actualidad\\\/adjudicado-el-contrato-para-la-instalacion-vigilancia-mantenimiento-y-retirada-de-los-aseos-que-refuerzan-y-complementan-el-servicio-en-las-fiestas-de-san-fermin\\\/#article\",\"isPartOf\":{\"@id\":\"https:\\\/\\\/www.laguiadepamplona.com\\\/actualidad\\\/adjudicado-el-contrato-para-la-instalacion-vigilancia-mantenimiento-y-retirada-de-los-aseos-que-refuerzan-y-complementan-el-servicio-en-las-fiestas-de-san-fermin\\\/\"},\"author\":{\"name\":\"La Gu\u00eda de Pamplona\",\"@id\":\"https:\\\/\\\/www.laguiadepamplona.com\\\/actualidad\\\/#\\\/schema\\\/person\\\/efe887376f0213d4657c93adc50b1fdb\"},\"headline\":\"Adjudicado el contrato para la instalaci\u00f3n, vigilancia, mantenimiento y retirada de los aseos que refuerzan y complementan el servicio en las fiestas de San Ferm\u00edn\",\"datePublished\":\"2023-04-24T11:27:14+00:00\",\"mainEntityOfPage\":{\"@id\":\"https:\\\/\\\/www.laguiadepamplona.com\\\/actualidad\\\/adjudicado-el-contrato-para-la-instalacion-vigilancia-mantenimiento-y-retirada-de-los-aseos-que-refuerzan-y-complementan-el-servicio-en-las-fiestas-de-san-fermin\\\/\"},\"wordCount\":570,\"commentCount\":0,\"publisher\":{\"@id\":\"https:\\\/\\\/www.laguiadepamplona.com\\\/actualidad\\\/#organization\"},\"image\":{\"@id\":\"https:\\\/\\\/www.laguiadepamplona.com\\\/actualidad\\\/adjudicado-el-contrato-para-la-instalacion-vigilancia-mantenimiento-y-retirada-de-los-aseos-que-refuerzan-y-complementan-el-servicio-en-las-fiestas-de-san-fermin\\\/#primaryimage\"},\"thumbnailUrl\":\"https:\\\/\\\/www.laguiadepamplona.com\\\/actualidad\\\/wp-content\\\/uploads\\\/2019\\\/02\\\/aseos-san-fermin.jpg\",\"articleSection\":[\"Ayto Pamplona\",\"San Ferm\u00edn\"],\"inLanguage\":\"es\",\"potentialAction\":[{\"@type\":\"CommentAction\",\"name\":\"Comment\",\"target\":[\"https:\\\/\\\/www.laguiadepamplona.com\\\/actualidad\\\/adjudicado-el-contrato-para-la-instalacion-vigilancia-mantenimiento-y-retirada-de-los-aseos-que-refuerzan-y-complementan-el-servicio-en-las-fiestas-de-san-fermin\\\/#respond\"]}]},{\"@type\":\"WebPage\",\"@id\":\"https:\\\/\\\/www.laguiadepamplona.com\\\/actualidad\\\/adjudicado-el-contrato-para-la-instalacion-vigilancia-mantenimiento-y-retirada-de-los-aseos-que-refuerzan-y-complementan-el-servicio-en-las-fiestas-de-san-fermin\\\/\",\"url\":\"https:\\\/\\\/www.laguiadepamplona.com\\\/actualidad\\\/adjudicado-el-contrato-para-la-instalacion-vigilancia-mantenimiento-y-retirada-de-los-aseos-que-refuerzan-y-complementan-el-servicio-en-las-fiestas-de-san-fermin\\\/\",\"name\":\"Adjudicado el contrato para la instalaci\u00f3n, vigilancia, mantenimiento y retirada de los aseos que refuerzan y complementan el servicio en las fiestas de San Ferm\u00edn\",\"isPartOf\":{\"@id\":\"https:\\\/\\\/www.laguiadepamplona.com\\\/actualidad\\\/#website\"},\"primaryImageOfPage\":{\"@id\":\"https:\\\/\\\/www.laguiadepamplona.com\\\/actualidad\\\/adjudicado-el-contrato-para-la-instalacion-vigilancia-mantenimiento-y-retirada-de-los-aseos-que-refuerzan-y-complementan-el-servicio-en-las-fiestas-de-san-fermin\\\/#primaryimage\"},\"image\":{\"@id\":\"https:\\\/\\\/www.laguiadepamplona.com\\\/actualidad\\\/adjudicado-el-contrato-para-la-instalacion-vigilancia-mantenimiento-y-retirada-de-los-aseos-que-refuerzan-y-complementan-el-servicio-en-las-fiestas-de-san-fermin\\\/#primaryimage\"},\"thumbnailUrl\":\"https:\\\/\\\/www.laguiadepamplona.com\\\/actualidad\\\/wp-content\\\/uploads\\\/2019\\\/02\\\/aseos-san-fermin.jpg\",\"datePublished\":\"2023-04-24T11:27:14+00:00\",\"description\":\"Este a\u00f1o se refuerza la Plaza del Castillo con dos nuevos m\u00f3dulos de aseo para satisfacer la demanda en uno de los puntos m\u00e1s concurridos de la ciudad\",\"breadcrumb\":{\"@id\":\"https:\\\/\\\/www.laguiadepamplona.com\\\/actualidad\\\/adjudicado-el-contrato-para-la-instalacion-vigilancia-mantenimiento-y-retirada-de-los-aseos-que-refuerzan-y-complementan-el-servicio-en-las-fiestas-de-san-fermin\\\/#breadcrumb\"},\"inLanguage\":\"es\",\"potentialAction\":[{\"@type\":\"ReadAction\",\"target\":[\"https:\\\/\\\/www.laguiadepamplona.com\\\/actualidad\\\/adjudicado-el-contrato-para-la-instalacion-vigilancia-mantenimiento-y-retirada-de-los-aseos-que-refuerzan-y-complementan-el-servicio-en-las-fiestas-de-san-fermin\\\/\"]}]},{\"@type\":\"ImageObject\",\"inLanguage\":\"es\",\"@id\":\"https:\\\/\\\/www.laguiadepamplona.com\\\/actualidad\\\/adjudicado-el-contrato-para-la-instalacion-vigilancia-mantenimiento-y-retirada-de-los-aseos-que-refuerzan-y-complementan-el-servicio-en-las-fiestas-de-san-fermin\\\/#primaryimage\",\"url\":\"https:\\\/\\\/www.laguiadepamplona.com\\\/actualidad\\\/wp-content\\\/uploads\\\/2019\\\/02\\\/aseos-san-fermin.jpg\",\"contentUrl\":\"https:\\\/\\\/www.laguiadepamplona.com\\\/actualidad\\\/wp-content\\\/uploads\\\/2019\\\/02\\\/aseos-san-fermin.jpg\",\"width\":1920,\"height\":1080,\"caption\":\"aseos San Ferm\u00edn\"},{\"@type\":\"BreadcrumbList\",\"@id\":\"https:\\\/\\\/www.laguiadepamplona.com\\\/actualidad\\\/adjudicado-el-contrato-para-la-instalacion-vigilancia-mantenimiento-y-retirada-de-los-aseos-que-refuerzan-y-complementan-el-servicio-en-las-fiestas-de-san-fermin\\\/#breadcrumb\",\"itemListElement\":[{\"@type\":\"ListItem\",\"position\":1,\"name\":\"Portada\",\"item\":\"https:\\\/\\\/www.laguiadepamplona.com\\\/actualidad\\\/\"},{\"@type\":\"ListItem\",\"position\":2,\"name\":\"Adjudicado el contrato para la instalaci\u00f3n, vigilancia, mantenimiento y retirada de los aseos que refuerzan y complementan el servicio en las fiestas de San Ferm\u00edn\"}]},{\"@type\":\"WebSite\",\"@id\":\"https:\\\/\\\/www.laguiadepamplona.com\\\/actualidad\\\/#website\",\"url\":\"https:\\\/\\\/www.laguiadepamplona.com\\\/actualidad\\\/\",\"name\":\"La gu\u00eda de Pamplona\",\"description\":\"Noticias de Pamplona\",\"publisher\":{\"@id\":\"https:\\\/\\\/www.laguiadepamplona.com\\\/actualidad\\\/#organization\"},\"potentialAction\":[{\"@type\":\"SearchAction\",\"target\":{\"@type\":\"EntryPoint\",\"urlTemplate\":\"https:\\\/\\\/www.laguiadepamplona.com\\\/actualidad\\\/?s={search_term_string}\"},\"query-input\":{\"@type\":\"PropertyValueSpecification\",\"valueRequired\":true,\"valueName\":\"search_term_string\"}}],\"inLanguage\":\"es\"},{\"@type\":\"Organization\",\"@id\":\"https:\\\/\\\/www.laguiadepamplona.com\\\/actualidad\\\/#organization\",\"name\":\"La Gu\u00eda de Pamplona \\\/ Noticias\",\"url\":\"https:\\\/\\\/www.laguiadepamplona.com\\\/actualidad\\\/\",\"logo\":{\"@type\":\"ImageObject\",\"inLanguage\":\"es\",\"@id\":\"https:\\\/\\\/www.laguiadepamplona.com\\\/actualidad\\\/#\\\/schema\\\/logo\\\/image\\\/\",\"url\":\"https:\\\/\\\/www.laguiadepamplona.com\\\/actualidad\\\/wp-content\\\/uploads\\\/2018\\\/11\\\/logo-laguiadepamplona18-web1.png\",\"contentUrl\":\"https:\\\/\\\/www.laguiadepamplona.com\\\/actualidad\\\/wp-content\\\/uploads\\\/2018\\\/11\\\/logo-laguiadepamplona18-web1.png\",\"width\":600,\"height\":196,\"caption\":\"La Gu\u00eda de Pamplona \\\/ Noticias\"},\"image\":{\"@id\":\"https:\\\/\\\/www.laguiadepamplona.com\\\/actualidad\\\/#\\\/schema\\\/logo\\\/image\\\/\"},\"sameAs\":[\"https:\\\/\\\/www.facebook.com\\\/laguiadepamplonacom-133175176762273\\\/?ref=hl\",\"https:\\\/\\\/x.com\\\/LaGuiadPamplona\",\"https:\\\/\\\/www.instagram.com\\\/la_guia_de_pamplona\\\/\",\"https:\\\/\\\/www.youtube.com\\\/user\\\/laguiadepamplona\"]},{\"@type\":\"Person\",\"@id\":\"https:\\\/\\\/www.laguiadepamplona.com\\\/actualidad\\\/#\\\/schema\\\/person\\\/efe887376f0213d4657c93adc50b1fdb\",\"name\":\"La Gu\u00eda de Pamplona\",\"image\":{\"@type\":\"ImageObject\",\"inLanguage\":\"es\",\"@id\":\"https:\\\/\\\/secure.gravatar.com\\\/avatar\\\/b6992f131dc8d30ab0dff15446e9d346d9dbd95992de0fef795073f5ea83a81c?s=96&d=mm&r=g\",\"url\":\"https:\\\/\\\/secure.gravatar.com\\\/avatar\\\/b6992f131dc8d30ab0dff15446e9d346d9dbd95992de0fef795073f5ea83a81c?s=96&d=mm&r=g\",\"contentUrl\":\"https:\\\/\\\/secure.gravatar.com\\\/avatar\\\/b6992f131dc8d30ab0dff15446e9d346d9dbd95992de0fef795073f5ea83a81c?s=96&d=mm&r=g\",\"caption\":\"La Gu\u00eda de Pamplona\"}}]}<\/script>\n<!-- \/ Yoast SEO plugin. -->","yoast_head_json":{"title":"Adjudicado el contrato para la instalaci\u00f3n, vigilancia, mantenimiento y retirada de los aseos que refuerzan y complementan el servicio en las fiestas de San Ferm\u00edn","description":"Este a\u00f1o se refuerza la Plaza del Castillo con dos nuevos m\u00f3dulos de aseo para satisfacer la demanda en uno de los puntos m\u00e1s concurridos de la ciudad","robots":{"index":"index","follow":"follow","max-snippet":"max-snippet:-1","max-image-preview":"max-image-preview:large","max-video-preview":"max-video-preview:-1"},"canonical":"https:\/\/www.laguiadepamplona.com\/actualidad\/adjudicado-el-contrato-para-la-instalacion-vigilancia-mantenimiento-y-retirada-de-los-aseos-que-refuerzan-y-complementan-el-servicio-en-las-fiestas-de-san-fermin\/","og_locale":"es_ES","og_type":"article","og_title":"Adjudicado el contrato para la instalaci\u00f3n, vigilancia, mantenimiento y retirada de los aseos que refuerzan y complementan el servicio en las fiestas de San Ferm\u00edn","og_description":"Este a\u00f1o se refuerza la Plaza del Castillo con dos nuevos m\u00f3dulos de aseo para satisfacer la demanda en uno de los puntos m\u00e1s concurridos de la ciudad","og_url":"https:\/\/www.laguiadepamplona.com\/actualidad\/adjudicado-el-contrato-para-la-instalacion-vigilancia-mantenimiento-y-retirada-de-los-aseos-que-refuerzan-y-complementan-el-servicio-en-las-fiestas-de-san-fermin\/","og_site_name":"La Gu\u00eda de Pamplona","article_publisher":"https:\/\/www.facebook.com\/laguiadepamplonacom-133175176762273\/?ref=hl","article_published_time":"2023-04-24T11:27:14+00:00","og_image":[{"width":1920,"height":1080,"url":"https:\/\/www.laguiadepamplona.com\/actualidad\/wp-content\/uploads\/2019\/02\/aseos-san-fermin.jpg","type":"image\/jpeg"}],"author":"La Gu\u00eda de Pamplona","twitter_card":"summary_large_image","twitter_creator":"@LaGuiadPamplona","twitter_site":"@LaGuiadPamplona","twitter_misc":{"Escrito por":"La Gu\u00eda de Pamplona","Tiempo de lectura":"3 minutos"},"schema":{"@context":"https:\/\/schema.org","@graph":[{"@type":"Article","@id":"https:\/\/www.laguiadepamplona.com\/actualidad\/adjudicado-el-contrato-para-la-instalacion-vigilancia-mantenimiento-y-retirada-de-los-aseos-que-refuerzan-y-complementan-el-servicio-en-las-fiestas-de-san-fermin\/#article","isPartOf":{"@id":"https:\/\/www.laguiadepamplona.com\/actualidad\/adjudicado-el-contrato-para-la-instalacion-vigilancia-mantenimiento-y-retirada-de-los-aseos-que-refuerzan-y-complementan-el-servicio-en-las-fiestas-de-san-fermin\/"},"author":{"name":"La Gu\u00eda de Pamplona","@id":"https:\/\/www.laguiadepamplona.com\/actualidad\/#\/schema\/person\/efe887376f0213d4657c93adc50b1fdb"},"headline":"Adjudicado el contrato para la instalaci\u00f3n, vigilancia, mantenimiento y retirada de los aseos que refuerzan y complementan el servicio en las fiestas de San Ferm\u00edn","datePublished":"2023-04-24T11:27:14+00:00","mainEntityOfPage":{"@id":"https:\/\/www.laguiadepamplona.com\/actualidad\/adjudicado-el-contrato-para-la-instalacion-vigilancia-mantenimiento-y-retirada-de-los-aseos-que-refuerzan-y-complementan-el-servicio-en-las-fiestas-de-san-fermin\/"},"wordCount":570,"commentCount":0,"publisher":{"@id":"https:\/\/www.laguiadepamplona.com\/actualidad\/#organization"},"image":{"@id":"https:\/\/www.laguiadepamplona.com\/actualidad\/adjudicado-el-contrato-para-la-instalacion-vigilancia-mantenimiento-y-retirada-de-los-aseos-que-refuerzan-y-complementan-el-servicio-en-las-fiestas-de-san-fermin\/#primaryimage"},"thumbnailUrl":"https:\/\/www.laguiadepamplona.com\/actualidad\/wp-content\/uploads\/2019\/02\/aseos-san-fermin.jpg","articleSection":["Ayto Pamplona","San Ferm\u00edn"],"inLanguage":"es","potentialAction":[{"@type":"CommentAction","name":"Comment","target":["https:\/\/www.laguiadepamplona.com\/actualidad\/adjudicado-el-contrato-para-la-instalacion-vigilancia-mantenimiento-y-retirada-de-los-aseos-que-refuerzan-y-complementan-el-servicio-en-las-fiestas-de-san-fermin\/#respond"]}]},{"@type":"WebPage","@id":"https:\/\/www.laguiadepamplona.com\/actualidad\/adjudicado-el-contrato-para-la-instalacion-vigilancia-mantenimiento-y-retirada-de-los-aseos-que-refuerzan-y-complementan-el-servicio-en-las-fiestas-de-san-fermin\/","url":"https:\/\/www.laguiadepamplona.com\/actualidad\/adjudicado-el-contrato-para-la-instalacion-vigilancia-mantenimiento-y-retirada-de-los-aseos-que-refuerzan-y-complementan-el-servicio-en-las-fiestas-de-san-fermin\/","name":"Adjudicado el contrato para la instalaci\u00f3n, vigilancia, mantenimiento y retirada de los aseos que refuerzan y complementan el servicio en las fiestas de San Ferm\u00edn","isPartOf":{"@id":"https:\/\/www.laguiadepamplona.com\/actualidad\/#website"},"primaryImageOfPage":{"@id":"https:\/\/www.laguiadepamplona.com\/actualidad\/adjudicado-el-contrato-para-la-instalacion-vigilancia-mantenimiento-y-retirada-de-los-aseos-que-refuerzan-y-complementan-el-servicio-en-las-fiestas-de-san-fermin\/#primaryimage"},"image":{"@id":"https:\/\/www.laguiadepamplona.com\/actualidad\/adjudicado-el-contrato-para-la-instalacion-vigilancia-mantenimiento-y-retirada-de-los-aseos-que-refuerzan-y-complementan-el-servicio-en-las-fiestas-de-san-fermin\/#primaryimage"},"thumbnailUrl":"https:\/\/www.laguiadepamplona.com\/actualidad\/wp-content\/uploads\/2019\/02\/aseos-san-fermin.jpg","datePublished":"2023-04-24T11:27:14+00:00","description":"Este a\u00f1o se refuerza la Plaza del Castillo con dos nuevos m\u00f3dulos de aseo para satisfacer la demanda en uno de los puntos m\u00e1s concurridos de la ciudad","breadcrumb":{"@id":"https:\/\/www.laguiadepamplona.com\/actualidad\/adjudicado-el-contrato-para-la-instalacion-vigilancia-mantenimiento-y-retirada-de-los-aseos-que-refuerzan-y-complementan-el-servicio-en-las-fiestas-de-san-fermin\/#breadcrumb"},"inLanguage":"es","potentialAction":[{"@type":"ReadAction","target":["https:\/\/www.laguiadepamplona.com\/actualidad\/adjudicado-el-contrato-para-la-instalacion-vigilancia-mantenimiento-y-retirada-de-los-aseos-que-refuerzan-y-complementan-el-servicio-en-las-fiestas-de-san-fermin\/"]}]},{"@type":"ImageObject","inLanguage":"es","@id":"https:\/\/www.laguiadepamplona.com\/actualidad\/adjudicado-el-contrato-para-la-instalacion-vigilancia-mantenimiento-y-retirada-de-los-aseos-que-refuerzan-y-complementan-el-servicio-en-las-fiestas-de-san-fermin\/#primaryimage","url":"https:\/\/www.laguiadepamplona.com\/actualidad\/wp-content\/uploads\/2019\/02\/aseos-san-fermin.jpg","contentUrl":"https:\/\/www.laguiadepamplona.com\/actualidad\/wp-content\/uploads\/2019\/02\/aseos-san-fermin.jpg","width":1920,"height":1080,"caption":"aseos San Ferm\u00edn"},{"@type":"BreadcrumbList","@id":"https:\/\/www.laguiadepamplona.com\/actualidad\/adjudicado-el-contrato-para-la-instalacion-vigilancia-mantenimiento-y-retirada-de-los-aseos-que-refuerzan-y-complementan-el-servicio-en-las-fiestas-de-san-fermin\/#breadcrumb","itemListElement":[{"@type":"ListItem","position":1,"name":"Portada","item":"https:\/\/www.laguiadepamplona.com\/actualidad\/"},{"@type":"ListItem","position":2,"name":"Adjudicado el contrato para la instalaci\u00f3n, vigilancia, mantenimiento y retirada de los aseos que refuerzan y complementan el servicio en las fiestas de San Ferm\u00edn"}]},{"@type":"WebSite","@id":"https:\/\/www.laguiadepamplona.com\/actualidad\/#website","url":"https:\/\/www.laguiadepamplona.com\/actualidad\/","name":"La gu\u00eda de Pamplona","description":"Noticias de Pamplona","publisher":{"@id":"https:\/\/www.laguiadepamplona.com\/actualidad\/#organization"},"potentialAction":[{"@type":"SearchAction","target":{"@type":"EntryPoint","urlTemplate":"https:\/\/www.laguiadepamplona.com\/actualidad\/?s={search_term_string}"},"query-input":{"@type":"PropertyValueSpecification","valueRequired":true,"valueName":"search_term_string"}}],"inLanguage":"es"},{"@type":"Organization","@id":"https:\/\/www.laguiadepamplona.com\/actualidad\/#organization","name":"La Gu\u00eda de Pamplona \/ Noticias","url":"https:\/\/www.laguiadepamplona.com\/actualidad\/","logo":{"@type":"ImageObject","inLanguage":"es","@id":"https:\/\/www.laguiadepamplona.com\/actualidad\/#\/schema\/logo\/image\/","url":"https:\/\/www.laguiadepamplona.com\/actualidad\/wp-content\/uploads\/2018\/11\/logo-laguiadepamplona18-web1.png","contentUrl":"https:\/\/www.laguiadepamplona.com\/actualidad\/wp-content\/uploads\/2018\/11\/logo-laguiadepamplona18-web1.png","width":600,"height":196,"caption":"La Gu\u00eda de Pamplona \/ Noticias"},"image":{"@id":"https:\/\/www.laguiadepamplona.com\/actualidad\/#\/schema\/logo\/image\/"},"sameAs":["https:\/\/www.facebook.com\/laguiadepamplonacom-133175176762273\/?ref=hl","https:\/\/x.com\/LaGuiadPamplona","https:\/\/www.instagram.com\/la_guia_de_pamplona\/","https:\/\/www.youtube.com\/user\/laguiadepamplona"]},{"@type":"Person","@id":"https:\/\/www.laguiadepamplona.com\/actualidad\/#\/schema\/person\/efe887376f0213d4657c93adc50b1fdb","name":"La Gu\u00eda de Pamplona","image":{"@type":"ImageObject","inLanguage":"es","@id":"https:\/\/secure.gravatar.com\/avatar\/b6992f131dc8d30ab0dff15446e9d346d9dbd95992de0fef795073f5ea83a81c?s=96&d=mm&r=g","url":"https:\/\/secure.gravatar.com\/avatar\/b6992f131dc8d30ab0dff15446e9d346d9dbd95992de0fef795073f5ea83a81c?s=96&d=mm&r=g","contentUrl":"https:\/\/secure.gravatar.com\/avatar\/b6992f131dc8d30ab0dff15446e9d346d9dbd95992de0fef795073f5ea83a81c?s=96&d=mm&r=g","caption":"La Gu\u00eda de Pamplona"}}]}},"post_mailing_queue_ids":[],"_links":{"self":[{"href":"https:\/\/www.laguiadepamplona.com\/actualidad\/wp-json\/wp\/v2\/posts\/46446","targetHints":{"allow":["GET"]}}],"collection":[{"href":"https:\/\/www.laguiadepamplona.com\/actualidad\/wp-json\/wp\/v2\/posts"}],"about":[{"href":"https:\/\/www.laguiadepamplona.com\/actualidad\/wp-json\/wp\/v2\/types\/post"}],"author":[{"embeddable":true,"href":"https:\/\/www.laguiadepamplona.com\/actualidad\/wp-json\/wp\/v2\/users\/1"}],"replies":[{"embeddable":true,"href":"https:\/\/www.laguiadepamplona.com\/actualidad\/wp-json\/wp\/v2\/comments?post=46446"}],"version-history":[{"count":1,"href":"https:\/\/www.laguiadepamplona.com\/actualidad\/wp-json\/wp\/v2\/posts\/46446\/revisions"}],"predecessor-version":[{"id":46447,"href":"https:\/\/www.laguiadepamplona.com\/actualidad\/wp-json\/wp\/v2\/posts\/46446\/revisions\/46447"}],"wp:featuredmedia":[{"embeddable":true,"href":"https:\/\/www.laguiadepamplona.com\/actualidad\/wp-json\/wp\/v2\/media\/20291"}],"wp:attachment":[{"href":"https:\/\/www.laguiadepamplona.com\/actualidad\/wp-json\/wp\/v2\/media?parent=46446"}],"wp:term":[{"taxonomy":"category","embeddable":true,"href":"https:\/\/www.laguiadepamplona.com\/actualidad\/wp-json\/wp\/v2\/categories?post=46446"},{"taxonomy":"post_tag","embeddable":true,"href":"https:\/\/www.laguiadepamplona.com\/actualidad\/wp-json\/wp\/v2\/tags?post=46446"}],"curies":[{"name":"wp","href":"https:\/\/api.w.org\/{rel}","templated":true}]}}