{"id":46363,"date":"2023-04-17T13:07:58","date_gmt":"2023-04-17T11:07:58","guid":{"rendered":"https:\/\/www.laguiadepamplona.com\/actualidad\/?p=46363"},"modified":"2023-04-17T13:16:26","modified_gmt":"2023-04-17T11:16:26","slug":"abierto-el-plazo-de-inscripcion-en-el-taller-cuidando-a-quienes-cuidan-dirigido-a-personas-cuidadoras-no-profesionales-de-familiares-mayores-o-dependientes","status":"publish","type":"post","link":"https:\/\/www.laguiadepamplona.com\/actualidad\/abierto-el-plazo-de-inscripcion-en-el-taller-cuidando-a-quienes-cuidan-dirigido-a-personas-cuidadoras-no-profesionales-de-familiares-mayores-o-dependientes\/","title":{"rendered":"Abierto el plazo de inscripci\u00f3n en el taller \u2018Cuidando a quienes cuidan\u2019, dirigido a personas cuidadoras no profesionales de familiares mayores o dependientes"},"content":{"rendered":"<h3>Las plazas para el taller de mayo y junio se completan por orden de llamada al tel\u00e9fono 010 \u2013 948 420 100<\/h3>\n<p><!--more--><\/p>\n<p>El Ayuntamiento abre este martes d\u00eda 18 el plazo de inscripci\u00f3n para la edici\u00f3n de mayo y junio del taller \u2018Cuidando a quienes cuidan\u2019. Este taller gratuito est\u00e1 dirigido a personas cuidadoras no profesionales de familiares mayores o dependientes. Las plazas se completan por orden de llamada al tel\u00e9fono 010 \u2013 948 420 100, con preferencia para personas empadronadas en Pamplona.<br \/>\n<script async src=\"\/\/pagead2.googlesyndication.com\/pagead\/js\/adsbygoogle.js\"><\/script><br \/>\n<!-- Noticias La Guia de Pamplona --><br \/>\n<ins class=\"adsbygoogle\"\nstyle=\"display:block\"\ndata-ad-client=\"ca-pub-6943679897239327\"\ndata-ad-slot=\"7048180777\"\ndata-ad-format=\"auto\"><\/ins><br \/>\n<script>\n(adsbygoogle = window.adsbygoogle || []).push({});\n<\/script><\/p>\n<p>El taller consta de cinco sesiones, en horario de 16.30 a 18.30, los d\u00edas 18 y 25 de mayo, y 1, 8 y 15 de junio. Estas diez horas se realizar\u00e1n en el Centro Comunitario Txantrea, situado en la calle Cuenca de Pamplona 24. La actividad est\u00e1 a cargo de la entidad PAUMA y se enmarca en la estrategia \u2018Pamplona te cuida\u2019, que engloba todos los recursos municipales para procurar el bienestar de las personas mayores. El taller cuenta con la colaboraci\u00f3n del Gobierno de Navarra.<\/p>\n<p>El taller \u2018Cuidando a quienes cuidan\u2019 aborda entre sus temas c\u00f3mo afrontar las emociones que surgen cuando se cuida a un familiar mayor y muestra t\u00e9cnicas de relajaci\u00f3n para controlar situaciones de estr\u00e9s. Tambi\u00e9n se trata la gesti\u00f3n de los conflictos familiares ante el cuidado y formas de organizarse para poder afrontar las dificultades. Las personas participantes pueden plantear los temas que les afecten en su situaci\u00f3n de atenci\u00f3n a sus familiares.<br \/>\n<script async src=\"\/\/pagead2.googlesyndication.com\/pagead\/js\/adsbygoogle.js\"><\/script><br \/>\n<!-- Noticias La Guia de Pamplona --><br \/>\n<ins class=\"adsbygoogle\"\nstyle=\"display:block\"\ndata-ad-client=\"ca-pub-6943679897239327\"\ndata-ad-slot=\"7048180777\"\ndata-ad-format=\"auto\"><\/ins><br \/>\n<script>\n(adsbygoogle = window.adsbygoogle || []).push({});\n<\/script><\/p>\n<p>&nbsp;<\/p>\n<h3>\u2018Cuidando a Quienes Cuidan\u2019<\/h3>\n<ul>\n<li>Taller gratuito de apoyo a personas cuidadoras no profesionales\n<ul>\n<li>Fechas: 18 y 25 de mayo; 1, 8 y 15 de junio<\/li>\n<li>Horario: 16.30 a 18.30<\/li>\n<li>Lugar: Centro comunitario Txantrea (calle Cuenca de Pamplona, 24)<\/li>\n<li>Inscripci\u00f3n por orden de llamada en el 010 \u2013 948 420 100<\/li>\n<\/ul>\n<\/li>\n<\/ul>\n<p>&nbsp;<br \/>\n<a href=\"https:\/\/www.pamplona.es\/sites\/default\/files\/2023-04\/230417cuidando-quienes-cuidan.pdf\" class=\"su-button su-button-style-default\" style=\"color:#FFFFFF;background-color:#ef2d2f;border-color:#c02426;border-radius:5px\" target=\"_blank\" rel=\"noopener noreferrer\"><span style=\"color:#FFFFFF;padding:6px 16px;font-size:13px;line-height:20px;border-color:#f46c6e;border-radius:5px;text-shadow:none\"><i class=\"sui sui-file-pdf-o\" style=\"font-size:13px;color:#FFFFFF\"><\/i> Cuidando quienes cuidan &#8211; Descargar folleto<\/span><\/a>\n&nbsp;<\/p>\n","protected":false},"excerpt":{"rendered":"<p>Las plazas para el taller de mayo y junio se completan por orden de llamada al tel\u00e9fono 010 \u2013 948 420 100<\/p>\n","protected":false},"author":1,"featured_media":46364,"comment_status":"open","ping_status":"closed","sticky":false,"template":"","format":"standard","meta":{"footnotes":""},"categories":[2],"tags":[],"class_list":["post-46363","post","type-post","status-publish","format-standard","has-post-thumbnail","hentry","category-ayuntamiento-pamplona"],"yoast_head":"<!-- This site is optimized with the Yoast SEO plugin v27.3 - https:\/\/yoast.com\/product\/yoast-seo-wordpress\/ -->\n<title>Abierto el plazo de inscripci\u00f3n en el taller \u2018Cuidando a quienes cuidan\u2019, dirigido a personas cuidadoras no profesionales de familiares mayores o dependientes<\/title>\n<meta name=\"description\" content=\"Las plazas para el taller de mayo y junio se completan por orden de llamada al tel\u00e9fono 010 \u2013 948 420 100\" \/>\n<meta name=\"robots\" content=\"index, follow, max-snippet:-1, max-image-preview:large, max-video-preview:-1\" \/>\n<link rel=\"canonical\" href=\"https:\/\/www.laguiadepamplona.com\/actualidad\/abierto-el-plazo-de-inscripcion-en-el-taller-cuidando-a-quienes-cuidan-dirigido-a-personas-cuidadoras-no-profesionales-de-familiares-mayores-o-dependientes\/\" \/>\n<meta property=\"og:locale\" content=\"es_ES\" \/>\n<meta property=\"og:type\" content=\"article\" \/>\n<meta property=\"og:title\" content=\"Abierto el plazo de inscripci\u00f3n en el taller \u2018Cuidando a quienes cuidan\u2019, dirigido a personas cuidadoras no profesionales de familiares mayores o dependientes\" \/>\n<meta property=\"og:description\" content=\"Las plazas para el taller de mayo y junio se completan por orden de llamada al tel\u00e9fono 010 \u2013 948 420 100\" \/>\n<meta property=\"og:url\" content=\"https:\/\/www.laguiadepamplona.com\/actualidad\/abierto-el-plazo-de-inscripcion-en-el-taller-cuidando-a-quienes-cuidan-dirigido-a-personas-cuidadoras-no-profesionales-de-familiares-mayores-o-dependientes\/\" \/>\n<meta property=\"og:site_name\" content=\"La Gu\u00eda de Pamplona\" \/>\n<meta property=\"article:publisher\" content=\"https:\/\/www.facebook.com\/laguiadepamplonacom-133175176762273\/?ref=hl\" \/>\n<meta property=\"article:published_time\" content=\"2023-04-17T11:07:58+00:00\" \/>\n<meta property=\"article:modified_time\" content=\"2023-04-17T11:16:26+00:00\" \/>\n<meta property=\"og:image\" content=\"https:\/\/www.laguiadepamplona.com\/actualidad\/wp-content\/uploads\/2023\/04\/cuidando.jpg\" \/>\n\t<meta property=\"og:image:width\" content=\"538\" \/>\n\t<meta property=\"og:image:height\" content=\"398\" \/>\n\t<meta property=\"og:image:type\" content=\"image\/jpeg\" \/>\n<meta name=\"author\" content=\"La Gu\u00eda de Pamplona\" \/>\n<meta name=\"twitter:card\" content=\"summary_large_image\" \/>\n<meta name=\"twitter:creator\" content=\"@LaGuiadPamplona\" \/>\n<meta name=\"twitter:site\" content=\"@LaGuiadPamplona\" \/>\n<meta name=\"twitter:label1\" content=\"Escrito por\" \/>\n\t<meta name=\"twitter:data1\" content=\"La Gu\u00eda de Pamplona\" \/>\n\t<meta name=\"twitter:label2\" content=\"Tiempo de lectura\" \/>\n\t<meta name=\"twitter:data2\" content=\"2 minutos\" \/>\n<script type=\"application\/ld+json\" class=\"yoast-schema-graph\">{\"@context\":\"https:\\\/\\\/schema.org\",\"@graph\":[{\"@type\":\"Article\",\"@id\":\"https:\\\/\\\/www.laguiadepamplona.com\\\/actualidad\\\/abierto-el-plazo-de-inscripcion-en-el-taller-cuidando-a-quienes-cuidan-dirigido-a-personas-cuidadoras-no-profesionales-de-familiares-mayores-o-dependientes\\\/#article\",\"isPartOf\":{\"@id\":\"https:\\\/\\\/www.laguiadepamplona.com\\\/actualidad\\\/abierto-el-plazo-de-inscripcion-en-el-taller-cuidando-a-quienes-cuidan-dirigido-a-personas-cuidadoras-no-profesionales-de-familiares-mayores-o-dependientes\\\/\"},\"author\":{\"name\":\"La Gu\u00eda de Pamplona\",\"@id\":\"https:\\\/\\\/www.laguiadepamplona.com\\\/actualidad\\\/#\\\/schema\\\/person\\\/efe887376f0213d4657c93adc50b1fdb\"},\"headline\":\"Abierto el plazo de inscripci\u00f3n en el taller \u2018Cuidando a quienes cuidan\u2019, dirigido a personas cuidadoras no profesionales de familiares mayores o dependientes\",\"datePublished\":\"2023-04-17T11:07:58+00:00\",\"dateModified\":\"2023-04-17T11:16:26+00:00\",\"mainEntityOfPage\":{\"@id\":\"https:\\\/\\\/www.laguiadepamplona.com\\\/actualidad\\\/abierto-el-plazo-de-inscripcion-en-el-taller-cuidando-a-quienes-cuidan-dirigido-a-personas-cuidadoras-no-profesionales-de-familiares-mayores-o-dependientes\\\/\"},\"wordCount\":335,\"commentCount\":0,\"publisher\":{\"@id\":\"https:\\\/\\\/www.laguiadepamplona.com\\\/actualidad\\\/#organization\"},\"image\":{\"@id\":\"https:\\\/\\\/www.laguiadepamplona.com\\\/actualidad\\\/abierto-el-plazo-de-inscripcion-en-el-taller-cuidando-a-quienes-cuidan-dirigido-a-personas-cuidadoras-no-profesionales-de-familiares-mayores-o-dependientes\\\/#primaryimage\"},\"thumbnailUrl\":\"https:\\\/\\\/www.laguiadepamplona.com\\\/actualidad\\\/wp-content\\\/uploads\\\/2023\\\/04\\\/cuidando.jpg\",\"articleSection\":[\"Ayto Pamplona\"],\"inLanguage\":\"es\",\"potentialAction\":[{\"@type\":\"CommentAction\",\"name\":\"Comment\",\"target\":[\"https:\\\/\\\/www.laguiadepamplona.com\\\/actualidad\\\/abierto-el-plazo-de-inscripcion-en-el-taller-cuidando-a-quienes-cuidan-dirigido-a-personas-cuidadoras-no-profesionales-de-familiares-mayores-o-dependientes\\\/#respond\"]}]},{\"@type\":\"WebPage\",\"@id\":\"https:\\\/\\\/www.laguiadepamplona.com\\\/actualidad\\\/abierto-el-plazo-de-inscripcion-en-el-taller-cuidando-a-quienes-cuidan-dirigido-a-personas-cuidadoras-no-profesionales-de-familiares-mayores-o-dependientes\\\/\",\"url\":\"https:\\\/\\\/www.laguiadepamplona.com\\\/actualidad\\\/abierto-el-plazo-de-inscripcion-en-el-taller-cuidando-a-quienes-cuidan-dirigido-a-personas-cuidadoras-no-profesionales-de-familiares-mayores-o-dependientes\\\/\",\"name\":\"Abierto el plazo de inscripci\u00f3n en el taller \u2018Cuidando a quienes cuidan\u2019, dirigido a personas cuidadoras no profesionales de familiares mayores o dependientes\",\"isPartOf\":{\"@id\":\"https:\\\/\\\/www.laguiadepamplona.com\\\/actualidad\\\/#website\"},\"primaryImageOfPage\":{\"@id\":\"https:\\\/\\\/www.laguiadepamplona.com\\\/actualidad\\\/abierto-el-plazo-de-inscripcion-en-el-taller-cuidando-a-quienes-cuidan-dirigido-a-personas-cuidadoras-no-profesionales-de-familiares-mayores-o-dependientes\\\/#primaryimage\"},\"image\":{\"@id\":\"https:\\\/\\\/www.laguiadepamplona.com\\\/actualidad\\\/abierto-el-plazo-de-inscripcion-en-el-taller-cuidando-a-quienes-cuidan-dirigido-a-personas-cuidadoras-no-profesionales-de-familiares-mayores-o-dependientes\\\/#primaryimage\"},\"thumbnailUrl\":\"https:\\\/\\\/www.laguiadepamplona.com\\\/actualidad\\\/wp-content\\\/uploads\\\/2023\\\/04\\\/cuidando.jpg\",\"datePublished\":\"2023-04-17T11:07:58+00:00\",\"dateModified\":\"2023-04-17T11:16:26+00:00\",\"description\":\"Las plazas para el taller de mayo y junio se completan por orden de llamada al tel\u00e9fono 010 \u2013 948 420 100\",\"breadcrumb\":{\"@id\":\"https:\\\/\\\/www.laguiadepamplona.com\\\/actualidad\\\/abierto-el-plazo-de-inscripcion-en-el-taller-cuidando-a-quienes-cuidan-dirigido-a-personas-cuidadoras-no-profesionales-de-familiares-mayores-o-dependientes\\\/#breadcrumb\"},\"inLanguage\":\"es\",\"potentialAction\":[{\"@type\":\"ReadAction\",\"target\":[\"https:\\\/\\\/www.laguiadepamplona.com\\\/actualidad\\\/abierto-el-plazo-de-inscripcion-en-el-taller-cuidando-a-quienes-cuidan-dirigido-a-personas-cuidadoras-no-profesionales-de-familiares-mayores-o-dependientes\\\/\"]}]},{\"@type\":\"ImageObject\",\"inLanguage\":\"es\",\"@id\":\"https:\\\/\\\/www.laguiadepamplona.com\\\/actualidad\\\/abierto-el-plazo-de-inscripcion-en-el-taller-cuidando-a-quienes-cuidan-dirigido-a-personas-cuidadoras-no-profesionales-de-familiares-mayores-o-dependientes\\\/#primaryimage\",\"url\":\"https:\\\/\\\/www.laguiadepamplona.com\\\/actualidad\\\/wp-content\\\/uploads\\\/2023\\\/04\\\/cuidando.jpg\",\"contentUrl\":\"https:\\\/\\\/www.laguiadepamplona.com\\\/actualidad\\\/wp-content\\\/uploads\\\/2023\\\/04\\\/cuidando.jpg\",\"width\":538,\"height\":398},{\"@type\":\"BreadcrumbList\",\"@id\":\"https:\\\/\\\/www.laguiadepamplona.com\\\/actualidad\\\/abierto-el-plazo-de-inscripcion-en-el-taller-cuidando-a-quienes-cuidan-dirigido-a-personas-cuidadoras-no-profesionales-de-familiares-mayores-o-dependientes\\\/#breadcrumb\",\"itemListElement\":[{\"@type\":\"ListItem\",\"position\":1,\"name\":\"Portada\",\"item\":\"https:\\\/\\\/www.laguiadepamplona.com\\\/actualidad\\\/\"},{\"@type\":\"ListItem\",\"position\":2,\"name\":\"Abierto el plazo de inscripci\u00f3n en el taller \u2018Cuidando a quienes cuidan\u2019, dirigido a personas cuidadoras no profesionales de familiares mayores o dependientes\"}]},{\"@type\":\"WebSite\",\"@id\":\"https:\\\/\\\/www.laguiadepamplona.com\\\/actualidad\\\/#website\",\"url\":\"https:\\\/\\\/www.laguiadepamplona.com\\\/actualidad\\\/\",\"name\":\"La gu\u00eda de Pamplona\",\"description\":\"Noticias de Pamplona\",\"publisher\":{\"@id\":\"https:\\\/\\\/www.laguiadepamplona.com\\\/actualidad\\\/#organization\"},\"potentialAction\":[{\"@type\":\"SearchAction\",\"target\":{\"@type\":\"EntryPoint\",\"urlTemplate\":\"https:\\\/\\\/www.laguiadepamplona.com\\\/actualidad\\\/?s={search_term_string}\"},\"query-input\":{\"@type\":\"PropertyValueSpecification\",\"valueRequired\":true,\"valueName\":\"search_term_string\"}}],\"inLanguage\":\"es\"},{\"@type\":\"Organization\",\"@id\":\"https:\\\/\\\/www.laguiadepamplona.com\\\/actualidad\\\/#organization\",\"name\":\"La Gu\u00eda de Pamplona \\\/ Noticias\",\"url\":\"https:\\\/\\\/www.laguiadepamplona.com\\\/actualidad\\\/\",\"logo\":{\"@type\":\"ImageObject\",\"inLanguage\":\"es\",\"@id\":\"https:\\\/\\\/www.laguiadepamplona.com\\\/actualidad\\\/#\\\/schema\\\/logo\\\/image\\\/\",\"url\":\"https:\\\/\\\/www.laguiadepamplona.com\\\/actualidad\\\/wp-content\\\/uploads\\\/2018\\\/11\\\/logo-laguiadepamplona18-web1.png\",\"contentUrl\":\"https:\\\/\\\/www.laguiadepamplona.com\\\/actualidad\\\/wp-content\\\/uploads\\\/2018\\\/11\\\/logo-laguiadepamplona18-web1.png\",\"width\":600,\"height\":196,\"caption\":\"La Gu\u00eda de Pamplona \\\/ Noticias\"},\"image\":{\"@id\":\"https:\\\/\\\/www.laguiadepamplona.com\\\/actualidad\\\/#\\\/schema\\\/logo\\\/image\\\/\"},\"sameAs\":[\"https:\\\/\\\/www.facebook.com\\\/laguiadepamplonacom-133175176762273\\\/?ref=hl\",\"https:\\\/\\\/x.com\\\/LaGuiadPamplona\",\"https:\\\/\\\/www.instagram.com\\\/la_guia_de_pamplona\\\/\",\"https:\\\/\\\/www.youtube.com\\\/user\\\/laguiadepamplona\"]},{\"@type\":\"Person\",\"@id\":\"https:\\\/\\\/www.laguiadepamplona.com\\\/actualidad\\\/#\\\/schema\\\/person\\\/efe887376f0213d4657c93adc50b1fdb\",\"name\":\"La Gu\u00eda de Pamplona\",\"image\":{\"@type\":\"ImageObject\",\"inLanguage\":\"es\",\"@id\":\"https:\\\/\\\/secure.gravatar.com\\\/avatar\\\/b6992f131dc8d30ab0dff15446e9d346d9dbd95992de0fef795073f5ea83a81c?s=96&d=mm&r=g\",\"url\":\"https:\\\/\\\/secure.gravatar.com\\\/avatar\\\/b6992f131dc8d30ab0dff15446e9d346d9dbd95992de0fef795073f5ea83a81c?s=96&d=mm&r=g\",\"contentUrl\":\"https:\\\/\\\/secure.gravatar.com\\\/avatar\\\/b6992f131dc8d30ab0dff15446e9d346d9dbd95992de0fef795073f5ea83a81c?s=96&d=mm&r=g\",\"caption\":\"La Gu\u00eda de Pamplona\"}}]}<\/script>\n<!-- \/ Yoast SEO plugin. -->","yoast_head_json":{"title":"Abierto el plazo de inscripci\u00f3n en el taller \u2018Cuidando a quienes cuidan\u2019, dirigido a personas cuidadoras no profesionales de familiares mayores o dependientes","description":"Las plazas para el taller de mayo y junio se completan por orden de llamada al tel\u00e9fono 010 \u2013 948 420 100","robots":{"index":"index","follow":"follow","max-snippet":"max-snippet:-1","max-image-preview":"max-image-preview:large","max-video-preview":"max-video-preview:-1"},"canonical":"https:\/\/www.laguiadepamplona.com\/actualidad\/abierto-el-plazo-de-inscripcion-en-el-taller-cuidando-a-quienes-cuidan-dirigido-a-personas-cuidadoras-no-profesionales-de-familiares-mayores-o-dependientes\/","og_locale":"es_ES","og_type":"article","og_title":"Abierto el plazo de inscripci\u00f3n en el taller \u2018Cuidando a quienes cuidan\u2019, dirigido a personas cuidadoras no profesionales de familiares mayores o dependientes","og_description":"Las plazas para el taller de mayo y junio se completan por orden de llamada al tel\u00e9fono 010 \u2013 948 420 100","og_url":"https:\/\/www.laguiadepamplona.com\/actualidad\/abierto-el-plazo-de-inscripcion-en-el-taller-cuidando-a-quienes-cuidan-dirigido-a-personas-cuidadoras-no-profesionales-de-familiares-mayores-o-dependientes\/","og_site_name":"La Gu\u00eda de Pamplona","article_publisher":"https:\/\/www.facebook.com\/laguiadepamplonacom-133175176762273\/?ref=hl","article_published_time":"2023-04-17T11:07:58+00:00","article_modified_time":"2023-04-17T11:16:26+00:00","og_image":[{"width":538,"height":398,"url":"https:\/\/www.laguiadepamplona.com\/actualidad\/wp-content\/uploads\/2023\/04\/cuidando.jpg","type":"image\/jpeg"}],"author":"La Gu\u00eda de Pamplona","twitter_card":"summary_large_image","twitter_creator":"@LaGuiadPamplona","twitter_site":"@LaGuiadPamplona","twitter_misc":{"Escrito por":"La Gu\u00eda de Pamplona","Tiempo de lectura":"2 minutos"},"schema":{"@context":"https:\/\/schema.org","@graph":[{"@type":"Article","@id":"https:\/\/www.laguiadepamplona.com\/actualidad\/abierto-el-plazo-de-inscripcion-en-el-taller-cuidando-a-quienes-cuidan-dirigido-a-personas-cuidadoras-no-profesionales-de-familiares-mayores-o-dependientes\/#article","isPartOf":{"@id":"https:\/\/www.laguiadepamplona.com\/actualidad\/abierto-el-plazo-de-inscripcion-en-el-taller-cuidando-a-quienes-cuidan-dirigido-a-personas-cuidadoras-no-profesionales-de-familiares-mayores-o-dependientes\/"},"author":{"name":"La Gu\u00eda de Pamplona","@id":"https:\/\/www.laguiadepamplona.com\/actualidad\/#\/schema\/person\/efe887376f0213d4657c93adc50b1fdb"},"headline":"Abierto el plazo de inscripci\u00f3n en el taller \u2018Cuidando a quienes cuidan\u2019, dirigido a personas cuidadoras no profesionales de familiares mayores o dependientes","datePublished":"2023-04-17T11:07:58+00:00","dateModified":"2023-04-17T11:16:26+00:00","mainEntityOfPage":{"@id":"https:\/\/www.laguiadepamplona.com\/actualidad\/abierto-el-plazo-de-inscripcion-en-el-taller-cuidando-a-quienes-cuidan-dirigido-a-personas-cuidadoras-no-profesionales-de-familiares-mayores-o-dependientes\/"},"wordCount":335,"commentCount":0,"publisher":{"@id":"https:\/\/www.laguiadepamplona.com\/actualidad\/#organization"},"image":{"@id":"https:\/\/www.laguiadepamplona.com\/actualidad\/abierto-el-plazo-de-inscripcion-en-el-taller-cuidando-a-quienes-cuidan-dirigido-a-personas-cuidadoras-no-profesionales-de-familiares-mayores-o-dependientes\/#primaryimage"},"thumbnailUrl":"https:\/\/www.laguiadepamplona.com\/actualidad\/wp-content\/uploads\/2023\/04\/cuidando.jpg","articleSection":["Ayto Pamplona"],"inLanguage":"es","potentialAction":[{"@type":"CommentAction","name":"Comment","target":["https:\/\/www.laguiadepamplona.com\/actualidad\/abierto-el-plazo-de-inscripcion-en-el-taller-cuidando-a-quienes-cuidan-dirigido-a-personas-cuidadoras-no-profesionales-de-familiares-mayores-o-dependientes\/#respond"]}]},{"@type":"WebPage","@id":"https:\/\/www.laguiadepamplona.com\/actualidad\/abierto-el-plazo-de-inscripcion-en-el-taller-cuidando-a-quienes-cuidan-dirigido-a-personas-cuidadoras-no-profesionales-de-familiares-mayores-o-dependientes\/","url":"https:\/\/www.laguiadepamplona.com\/actualidad\/abierto-el-plazo-de-inscripcion-en-el-taller-cuidando-a-quienes-cuidan-dirigido-a-personas-cuidadoras-no-profesionales-de-familiares-mayores-o-dependientes\/","name":"Abierto el plazo de inscripci\u00f3n en el taller \u2018Cuidando a quienes cuidan\u2019, dirigido a personas cuidadoras no profesionales de familiares mayores o dependientes","isPartOf":{"@id":"https:\/\/www.laguiadepamplona.com\/actualidad\/#website"},"primaryImageOfPage":{"@id":"https:\/\/www.laguiadepamplona.com\/actualidad\/abierto-el-plazo-de-inscripcion-en-el-taller-cuidando-a-quienes-cuidan-dirigido-a-personas-cuidadoras-no-profesionales-de-familiares-mayores-o-dependientes\/#primaryimage"},"image":{"@id":"https:\/\/www.laguiadepamplona.com\/actualidad\/abierto-el-plazo-de-inscripcion-en-el-taller-cuidando-a-quienes-cuidan-dirigido-a-personas-cuidadoras-no-profesionales-de-familiares-mayores-o-dependientes\/#primaryimage"},"thumbnailUrl":"https:\/\/www.laguiadepamplona.com\/actualidad\/wp-content\/uploads\/2023\/04\/cuidando.jpg","datePublished":"2023-04-17T11:07:58+00:00","dateModified":"2023-04-17T11:16:26+00:00","description":"Las plazas para el taller de mayo y junio se completan por orden de llamada al tel\u00e9fono 010 \u2013 948 420 100","breadcrumb":{"@id":"https:\/\/www.laguiadepamplona.com\/actualidad\/abierto-el-plazo-de-inscripcion-en-el-taller-cuidando-a-quienes-cuidan-dirigido-a-personas-cuidadoras-no-profesionales-de-familiares-mayores-o-dependientes\/#breadcrumb"},"inLanguage":"es","potentialAction":[{"@type":"ReadAction","target":["https:\/\/www.laguiadepamplona.com\/actualidad\/abierto-el-plazo-de-inscripcion-en-el-taller-cuidando-a-quienes-cuidan-dirigido-a-personas-cuidadoras-no-profesionales-de-familiares-mayores-o-dependientes\/"]}]},{"@type":"ImageObject","inLanguage":"es","@id":"https:\/\/www.laguiadepamplona.com\/actualidad\/abierto-el-plazo-de-inscripcion-en-el-taller-cuidando-a-quienes-cuidan-dirigido-a-personas-cuidadoras-no-profesionales-de-familiares-mayores-o-dependientes\/#primaryimage","url":"https:\/\/www.laguiadepamplona.com\/actualidad\/wp-content\/uploads\/2023\/04\/cuidando.jpg","contentUrl":"https:\/\/www.laguiadepamplona.com\/actualidad\/wp-content\/uploads\/2023\/04\/cuidando.jpg","width":538,"height":398},{"@type":"BreadcrumbList","@id":"https:\/\/www.laguiadepamplona.com\/actualidad\/abierto-el-plazo-de-inscripcion-en-el-taller-cuidando-a-quienes-cuidan-dirigido-a-personas-cuidadoras-no-profesionales-de-familiares-mayores-o-dependientes\/#breadcrumb","itemListElement":[{"@type":"ListItem","position":1,"name":"Portada","item":"https:\/\/www.laguiadepamplona.com\/actualidad\/"},{"@type":"ListItem","position":2,"name":"Abierto el plazo de inscripci\u00f3n en el taller \u2018Cuidando a quienes cuidan\u2019, dirigido a personas cuidadoras no profesionales de familiares mayores o dependientes"}]},{"@type":"WebSite","@id":"https:\/\/www.laguiadepamplona.com\/actualidad\/#website","url":"https:\/\/www.laguiadepamplona.com\/actualidad\/","name":"La gu\u00eda de Pamplona","description":"Noticias de Pamplona","publisher":{"@id":"https:\/\/www.laguiadepamplona.com\/actualidad\/#organization"},"potentialAction":[{"@type":"SearchAction","target":{"@type":"EntryPoint","urlTemplate":"https:\/\/www.laguiadepamplona.com\/actualidad\/?s={search_term_string}"},"query-input":{"@type":"PropertyValueSpecification","valueRequired":true,"valueName":"search_term_string"}}],"inLanguage":"es"},{"@type":"Organization","@id":"https:\/\/www.laguiadepamplona.com\/actualidad\/#organization","name":"La Gu\u00eda de Pamplona \/ Noticias","url":"https:\/\/www.laguiadepamplona.com\/actualidad\/","logo":{"@type":"ImageObject","inLanguage":"es","@id":"https:\/\/www.laguiadepamplona.com\/actualidad\/#\/schema\/logo\/image\/","url":"https:\/\/www.laguiadepamplona.com\/actualidad\/wp-content\/uploads\/2018\/11\/logo-laguiadepamplona18-web1.png","contentUrl":"https:\/\/www.laguiadepamplona.com\/actualidad\/wp-content\/uploads\/2018\/11\/logo-laguiadepamplona18-web1.png","width":600,"height":196,"caption":"La Gu\u00eda de Pamplona \/ Noticias"},"image":{"@id":"https:\/\/www.laguiadepamplona.com\/actualidad\/#\/schema\/logo\/image\/"},"sameAs":["https:\/\/www.facebook.com\/laguiadepamplonacom-133175176762273\/?ref=hl","https:\/\/x.com\/LaGuiadPamplona","https:\/\/www.instagram.com\/la_guia_de_pamplona\/","https:\/\/www.youtube.com\/user\/laguiadepamplona"]},{"@type":"Person","@id":"https:\/\/www.laguiadepamplona.com\/actualidad\/#\/schema\/person\/efe887376f0213d4657c93adc50b1fdb","name":"La Gu\u00eda de Pamplona","image":{"@type":"ImageObject","inLanguage":"es","@id":"https:\/\/secure.gravatar.com\/avatar\/b6992f131dc8d30ab0dff15446e9d346d9dbd95992de0fef795073f5ea83a81c?s=96&d=mm&r=g","url":"https:\/\/secure.gravatar.com\/avatar\/b6992f131dc8d30ab0dff15446e9d346d9dbd95992de0fef795073f5ea83a81c?s=96&d=mm&r=g","contentUrl":"https:\/\/secure.gravatar.com\/avatar\/b6992f131dc8d30ab0dff15446e9d346d9dbd95992de0fef795073f5ea83a81c?s=96&d=mm&r=g","caption":"La Gu\u00eda de Pamplona"}}]}},"post_mailing_queue_ids":[],"_links":{"self":[{"href":"https:\/\/www.laguiadepamplona.com\/actualidad\/wp-json\/wp\/v2\/posts\/46363","targetHints":{"allow":["GET"]}}],"collection":[{"href":"https:\/\/www.laguiadepamplona.com\/actualidad\/wp-json\/wp\/v2\/posts"}],"about":[{"href":"https:\/\/www.laguiadepamplona.com\/actualidad\/wp-json\/wp\/v2\/types\/post"}],"author":[{"embeddable":true,"href":"https:\/\/www.laguiadepamplona.com\/actualidad\/wp-json\/wp\/v2\/users\/1"}],"replies":[{"embeddable":true,"href":"https:\/\/www.laguiadepamplona.com\/actualidad\/wp-json\/wp\/v2\/comments?post=46363"}],"version-history":[{"count":2,"href":"https:\/\/www.laguiadepamplona.com\/actualidad\/wp-json\/wp\/v2\/posts\/46363\/revisions"}],"predecessor-version":[{"id":46373,"href":"https:\/\/www.laguiadepamplona.com\/actualidad\/wp-json\/wp\/v2\/posts\/46363\/revisions\/46373"}],"wp:featuredmedia":[{"embeddable":true,"href":"https:\/\/www.laguiadepamplona.com\/actualidad\/wp-json\/wp\/v2\/media\/46364"}],"wp:attachment":[{"href":"https:\/\/www.laguiadepamplona.com\/actualidad\/wp-json\/wp\/v2\/media?parent=46363"}],"wp:term":[{"taxonomy":"category","embeddable":true,"href":"https:\/\/www.laguiadepamplona.com\/actualidad\/wp-json\/wp\/v2\/categories?post=46363"},{"taxonomy":"post_tag","embeddable":true,"href":"https:\/\/www.laguiadepamplona.com\/actualidad\/wp-json\/wp\/v2\/tags?post=46363"}],"curies":[{"name":"wp","href":"https:\/\/api.w.org\/{rel}","templated":true}]}}