{"id":46360,"date":"2023-04-17T13:04:56","date_gmt":"2023-04-17T11:04:56","guid":{"rendered":"https:\/\/www.laguiadepamplona.com\/actualidad\/?p=46360"},"modified":"2023-04-17T13:16:07","modified_gmt":"2023-04-17T11:16:07","slug":"2-303-escolares-han-salido-a-las-calles-a-mirar-la-ciudad-desde-las-matematicas-con-el-programa-municipal-calle-math","status":"publish","type":"post","link":"https:\/\/www.laguiadepamplona.com\/actualidad\/2-303-escolares-han-salido-a-las-calles-a-mirar-la-ciudad-desde-las-matematicas-con-el-programa-municipal-calle-math\/","title":{"rendered":"2.303 escolares han salido a las calles a mirar la ciudad \u201cdesde las matem\u00e1ticas\u201d con el programa municipal \u2018Calle-Math\u2019"},"content":{"rendered":"<h3>Aprenden geometr\u00eda, aritm\u00e9tica o c\u00e1lculo usando el espacio p\u00fablico y sus elementos como referentes en una propuesta de Pamplona Ciudad Educadora<\/h3>\n<p><!--more--><\/p>\n<p>El Ayuntamiento de Pamplona est\u00e1 realizando la actividad \u2018Calle-Math\u2019, una propuesta educativa de rutas matem\u00e1ticas por la ciudad que se iniciaron en el \u00faltimo semestre del pasado curso. Hasta siete barrios de la ciudad forman ya parte de estos itinerarios educativos, preparados en castellano y euskera, que est\u00e1n destinados a alumnado segundo ciclo de Educaci\u00f3n Primaria y primeros cursos de Educaci\u00f3n Secundaria. Desde que se iniciara el programa en \u00e9l han participado 22 centros escolares y un total de 2.303 alumnos y alumnas, en su gran mayor\u00eda de primaria, de edades comprendidas entre los 10 y los 12 a\u00f1os<\/p>\n<p>Con esta iniciativa se trata de trabajar en el aula durante 2 o 3 semanas diferentes conceptos matem\u00e1ticos de geometr\u00eda, estad\u00edstica, aritm\u00e9tica o c\u00e1lculo, para despu\u00e9s experimentarlos por las calles de la ciudad y completar el aprendizaje, de nuevo en sesiones en el centro escolar. Para las chicas y chicos m\u00e1s mayores, se ha realizado la adaptaci\u00f3n al programa de una app que les permite, adem\u00e1s, interactuar en la actividad con sus dispositivos m\u00f3viles.<br \/>\n<script async src=\"\/\/pagead2.googlesyndication.com\/pagead\/js\/adsbygoogle.js\"><\/script><br \/>\n<!-- Noticias La Guia de Pamplona --><br \/>\n<ins class=\"adsbygoogle\"\nstyle=\"display:block\"\ndata-ad-client=\"ca-pub-6943679897239327\"\ndata-ad-slot=\"7048180777\"\ndata-ad-format=\"auto\"><\/ins><br \/>\n<script>\n(adsbygoogle = window.adsbygoogle || []).push({});\n<\/script><\/p>\n<p>El objetivo es demostrar a los estudiantes que las matem\u00e1ticas est\u00e1n muy presentes en la vida cotidiana de forma que bajen de la teor\u00eda a su aplicaci\u00f3n, a la vez que se pone en valor las posibilidades que presenta el espacio urbano para la educaci\u00f3n de la ciudadan\u00eda. Este programa, es parte de las 17 propuestas did\u00e1cticas que la Unidad Pedag\u00f3gica del Ayuntamiento de Pamplona ofrece durante el curso a los centros de educaci\u00f3n obligatoria p\u00fablicos y concertados de la ciudad. Todos ellos se integran en una apuesta m\u00e1s amplia del Consistorio para que Pamplona sea un \u2018Ciudad Educadora\u2019.<\/p>\n<p>En concreto \u2018Calle-Math\u2019 busca impulsar que los escolares de los centros educativos, usando estas gu\u00edas, puedan experimentar las matem\u00e1ticas como ciencia STEM en su espacio urbano m\u00e1s pr\u00f3ximo. STEM es un concepto que proviene de un acr\u00f3nimo que se refiere en ingl\u00e9s a Ciencias, Tecnolog\u00eda, Ingenier\u00eda y Matem\u00e1ticas. Un espacio de trabajo e innovaci\u00f3n socialmente necesario y en el que, adem\u00e1s, las chicas est\u00e1n infrarrepresentadas, lo que presta un valor a\u00f1adido a la introducci\u00f3n en las aulas de estos contenidos.<br \/>\n<script async src=\"\/\/pagead2.googlesyndication.com\/pagead\/js\/adsbygoogle.js\"><\/script><br \/>\n<!-- Noticias La Guia de Pamplona --><br \/>\n<ins class=\"adsbygoogle\"\nstyle=\"display:block\"\ndata-ad-client=\"ca-pub-6943679897239327\"\ndata-ad-slot=\"7048180777\"\ndata-ad-format=\"auto\"><\/ins><br \/>\n<script>\n(adsbygoogle = window.adsbygoogle || []).push({});\n<\/script><\/p>\n<p><strong>Las matem\u00e1ticas y la ciudad<\/strong><\/p>\n<p>Los materiales, preparados con profesorado de materias STEM de la UPNA, fueron editados por el Ayuntamiento e pamplona y est\u00e1n disponibles para su consulta y descarga a trav\u00e9s de la web municipal. Tambi\u00e9n se pueden solicitar en formato f\u00edsico. Como ejemplo de contenidos y propuestas sobre las que trabajar en la primera ruta dedicada al Casco Antiguo, la geometr\u00eda se hace presente en la c\u00fapula geod\u00e9sica construida por el Escuela Taller municipal en el huerto urbano del Rinc\u00f3n de las Pellejer\u00edas, que habr\u00e1 que deconstruir con razonamientos para poder volver a realizarla en papel. Tambi\u00e9n hace falta el c\u00e1lculo para saber cu\u00e1nta gente cabe en la peque\u00f1a Plaza Consistorial cuando se abarrota el 6 de julio y la racionalidad de los n\u00fameros est\u00e1 inscrita en muchas fachadas del centro, incluida la de la propia Catedral.<\/p>\n<p>Para dise\u00f1ar o interpretar mapas hace falta el pensamiento matem\u00e1tico sobre la proporcionalidad y el Mercado de Santo Domingo es un buen escenario para hablar del sistema m\u00e9trico o las magnitudes econ\u00f3micas. Pero, de forma complementaria para sus curricula acad\u00e9micos, el alumnado tambi\u00e9n bucear\u00e1 en el arte y la historia, las expresiones art\u00edsticas, las costumbres de la ciudad, el uso de los recursos de forma sostenible, la alimentaci\u00f3n sana, la igualdad de g\u00e9nero y un buen n\u00famero de temas conexos.<\/p>\n","protected":false},"excerpt":{"rendered":"<p>Aprenden geometr\u00eda, aritm\u00e9tica o c\u00e1lculo usando el espacio p\u00fablico y sus elementos como referentes en una propuesta de Pamplona Ciudad Educadora<\/p>\n","protected":false},"author":1,"featured_media":46361,"comment_status":"open","ping_status":"closed","sticky":false,"template":"","format":"standard","meta":{"footnotes":""},"categories":[2],"tags":[],"class_list":["post-46360","post","type-post","status-publish","format-standard","has-post-thumbnail","hentry","category-ayuntamiento-pamplona"],"yoast_head":"<!-- This site is optimized with the Yoast SEO plugin v27.3 - https:\/\/yoast.com\/product\/yoast-seo-wordpress\/ -->\n<title>2.303 escolares han salido a las calles a mirar la ciudad \u201cdesde las matem\u00e1ticas\u201d con el programa municipal \u2018Calle-Math\u2019<\/title>\n<meta name=\"description\" content=\"Aprenden geometr\u00eda, aritm\u00e9tica o c\u00e1lculo usando el espacio p\u00fablico y sus elementos como referentes en una propuesta de Pamplona Ciudad Educadora\" \/>\n<meta name=\"robots\" content=\"index, follow, max-snippet:-1, max-image-preview:large, max-video-preview:-1\" \/>\n<link rel=\"canonical\" href=\"https:\/\/www.laguiadepamplona.com\/actualidad\/2-303-escolares-han-salido-a-las-calles-a-mirar-la-ciudad-desde-las-matematicas-con-el-programa-municipal-calle-math\/\" \/>\n<meta property=\"og:locale\" content=\"es_ES\" \/>\n<meta property=\"og:type\" content=\"article\" \/>\n<meta property=\"og:title\" content=\"2.303 escolares han salido a las calles a mirar la ciudad \u201cdesde las matem\u00e1ticas\u201d con el programa municipal \u2018Calle-Math\u2019\" \/>\n<meta property=\"og:description\" content=\"Aprenden geometr\u00eda, aritm\u00e9tica o c\u00e1lculo usando el espacio p\u00fablico y sus elementos como referentes en una propuesta de Pamplona Ciudad Educadora\" \/>\n<meta property=\"og:url\" content=\"https:\/\/www.laguiadepamplona.com\/actualidad\/2-303-escolares-han-salido-a-las-calles-a-mirar-la-ciudad-desde-las-matematicas-con-el-programa-municipal-calle-math\/\" \/>\n<meta property=\"og:site_name\" content=\"La Gu\u00eda de Pamplona\" \/>\n<meta property=\"article:publisher\" content=\"https:\/\/www.facebook.com\/laguiadepamplonacom-133175176762273\/?ref=hl\" \/>\n<meta property=\"article:published_time\" content=\"2023-04-17T11:04:56+00:00\" \/>\n<meta property=\"article:modified_time\" content=\"2023-04-17T11:16:07+00:00\" \/>\n<meta property=\"og:image\" content=\"https:\/\/www.laguiadepamplona.com\/actualidad\/wp-content\/uploads\/2023\/04\/calle-math.webp\" \/>\n\t<meta property=\"og:image:width\" content=\"1920\" \/>\n\t<meta property=\"og:image:height\" content=\"1281\" \/>\n\t<meta property=\"og:image:type\" content=\"image\/webp\" \/>\n<meta name=\"author\" content=\"La Gu\u00eda de Pamplona\" \/>\n<meta name=\"twitter:card\" content=\"summary_large_image\" \/>\n<meta name=\"twitter:creator\" content=\"@LaGuiadPamplona\" \/>\n<meta name=\"twitter:site\" content=\"@LaGuiadPamplona\" \/>\n<meta name=\"twitter:label1\" content=\"Escrito por\" \/>\n\t<meta name=\"twitter:data1\" content=\"La Gu\u00eda de Pamplona\" \/>\n\t<meta name=\"twitter:label2\" content=\"Tiempo de lectura\" \/>\n\t<meta name=\"twitter:data2\" content=\"3 minutos\" \/>\n<script type=\"application\/ld+json\" class=\"yoast-schema-graph\">{\"@context\":\"https:\\\/\\\/schema.org\",\"@graph\":[{\"@type\":\"Article\",\"@id\":\"https:\\\/\\\/www.laguiadepamplona.com\\\/actualidad\\\/2-303-escolares-han-salido-a-las-calles-a-mirar-la-ciudad-desde-las-matematicas-con-el-programa-municipal-calle-math\\\/#article\",\"isPartOf\":{\"@id\":\"https:\\\/\\\/www.laguiadepamplona.com\\\/actualidad\\\/2-303-escolares-han-salido-a-las-calles-a-mirar-la-ciudad-desde-las-matematicas-con-el-programa-municipal-calle-math\\\/\"},\"author\":{\"name\":\"La Gu\u00eda de Pamplona\",\"@id\":\"https:\\\/\\\/www.laguiadepamplona.com\\\/actualidad\\\/#\\\/schema\\\/person\\\/efe887376f0213d4657c93adc50b1fdb\"},\"headline\":\"2.303 escolares han salido a las calles a mirar la ciudad \u201cdesde las matem\u00e1ticas\u201d con el programa municipal \u2018Calle-Math\u2019\",\"datePublished\":\"2023-04-17T11:04:56+00:00\",\"dateModified\":\"2023-04-17T11:16:07+00:00\",\"mainEntityOfPage\":{\"@id\":\"https:\\\/\\\/www.laguiadepamplona.com\\\/actualidad\\\/2-303-escolares-han-salido-a-las-calles-a-mirar-la-ciudad-desde-las-matematicas-con-el-programa-municipal-calle-math\\\/\"},\"wordCount\":674,\"commentCount\":0,\"publisher\":{\"@id\":\"https:\\\/\\\/www.laguiadepamplona.com\\\/actualidad\\\/#organization\"},\"image\":{\"@id\":\"https:\\\/\\\/www.laguiadepamplona.com\\\/actualidad\\\/2-303-escolares-han-salido-a-las-calles-a-mirar-la-ciudad-desde-las-matematicas-con-el-programa-municipal-calle-math\\\/#primaryimage\"},\"thumbnailUrl\":\"https:\\\/\\\/www.laguiadepamplona.com\\\/actualidad\\\/wp-content\\\/uploads\\\/2023\\\/04\\\/calle-math.webp\",\"articleSection\":[\"Ayto Pamplona\"],\"inLanguage\":\"es\",\"potentialAction\":[{\"@type\":\"CommentAction\",\"name\":\"Comment\",\"target\":[\"https:\\\/\\\/www.laguiadepamplona.com\\\/actualidad\\\/2-303-escolares-han-salido-a-las-calles-a-mirar-la-ciudad-desde-las-matematicas-con-el-programa-municipal-calle-math\\\/#respond\"]}]},{\"@type\":\"WebPage\",\"@id\":\"https:\\\/\\\/www.laguiadepamplona.com\\\/actualidad\\\/2-303-escolares-han-salido-a-las-calles-a-mirar-la-ciudad-desde-las-matematicas-con-el-programa-municipal-calle-math\\\/\",\"url\":\"https:\\\/\\\/www.laguiadepamplona.com\\\/actualidad\\\/2-303-escolares-han-salido-a-las-calles-a-mirar-la-ciudad-desde-las-matematicas-con-el-programa-municipal-calle-math\\\/\",\"name\":\"2.303 escolares han salido a las calles a mirar la ciudad \u201cdesde las matem\u00e1ticas\u201d con el programa municipal \u2018Calle-Math\u2019\",\"isPartOf\":{\"@id\":\"https:\\\/\\\/www.laguiadepamplona.com\\\/actualidad\\\/#website\"},\"primaryImageOfPage\":{\"@id\":\"https:\\\/\\\/www.laguiadepamplona.com\\\/actualidad\\\/2-303-escolares-han-salido-a-las-calles-a-mirar-la-ciudad-desde-las-matematicas-con-el-programa-municipal-calle-math\\\/#primaryimage\"},\"image\":{\"@id\":\"https:\\\/\\\/www.laguiadepamplona.com\\\/actualidad\\\/2-303-escolares-han-salido-a-las-calles-a-mirar-la-ciudad-desde-las-matematicas-con-el-programa-municipal-calle-math\\\/#primaryimage\"},\"thumbnailUrl\":\"https:\\\/\\\/www.laguiadepamplona.com\\\/actualidad\\\/wp-content\\\/uploads\\\/2023\\\/04\\\/calle-math.webp\",\"datePublished\":\"2023-04-17T11:04:56+00:00\",\"dateModified\":\"2023-04-17T11:16:07+00:00\",\"description\":\"Aprenden geometr\u00eda, aritm\u00e9tica o c\u00e1lculo usando el espacio p\u00fablico y sus elementos como referentes en una propuesta de Pamplona Ciudad Educadora\",\"breadcrumb\":{\"@id\":\"https:\\\/\\\/www.laguiadepamplona.com\\\/actualidad\\\/2-303-escolares-han-salido-a-las-calles-a-mirar-la-ciudad-desde-las-matematicas-con-el-programa-municipal-calle-math\\\/#breadcrumb\"},\"inLanguage\":\"es\",\"potentialAction\":[{\"@type\":\"ReadAction\",\"target\":[\"https:\\\/\\\/www.laguiadepamplona.com\\\/actualidad\\\/2-303-escolares-han-salido-a-las-calles-a-mirar-la-ciudad-desde-las-matematicas-con-el-programa-municipal-calle-math\\\/\"]}]},{\"@type\":\"ImageObject\",\"inLanguage\":\"es\",\"@id\":\"https:\\\/\\\/www.laguiadepamplona.com\\\/actualidad\\\/2-303-escolares-han-salido-a-las-calles-a-mirar-la-ciudad-desde-las-matematicas-con-el-programa-municipal-calle-math\\\/#primaryimage\",\"url\":\"https:\\\/\\\/www.laguiadepamplona.com\\\/actualidad\\\/wp-content\\\/uploads\\\/2023\\\/04\\\/calle-math.webp\",\"contentUrl\":\"https:\\\/\\\/www.laguiadepamplona.com\\\/actualidad\\\/wp-content\\\/uploads\\\/2023\\\/04\\\/calle-math.webp\",\"width\":1920,\"height\":1281},{\"@type\":\"BreadcrumbList\",\"@id\":\"https:\\\/\\\/www.laguiadepamplona.com\\\/actualidad\\\/2-303-escolares-han-salido-a-las-calles-a-mirar-la-ciudad-desde-las-matematicas-con-el-programa-municipal-calle-math\\\/#breadcrumb\",\"itemListElement\":[{\"@type\":\"ListItem\",\"position\":1,\"name\":\"Portada\",\"item\":\"https:\\\/\\\/www.laguiadepamplona.com\\\/actualidad\\\/\"},{\"@type\":\"ListItem\",\"position\":2,\"name\":\"2.303 escolares han salido a las calles a mirar la ciudad \u201cdesde las matem\u00e1ticas\u201d con el programa municipal \u2018Calle-Math\u2019\"}]},{\"@type\":\"WebSite\",\"@id\":\"https:\\\/\\\/www.laguiadepamplona.com\\\/actualidad\\\/#website\",\"url\":\"https:\\\/\\\/www.laguiadepamplona.com\\\/actualidad\\\/\",\"name\":\"La gu\u00eda de Pamplona\",\"description\":\"Noticias de Pamplona\",\"publisher\":{\"@id\":\"https:\\\/\\\/www.laguiadepamplona.com\\\/actualidad\\\/#organization\"},\"potentialAction\":[{\"@type\":\"SearchAction\",\"target\":{\"@type\":\"EntryPoint\",\"urlTemplate\":\"https:\\\/\\\/www.laguiadepamplona.com\\\/actualidad\\\/?s={search_term_string}\"},\"query-input\":{\"@type\":\"PropertyValueSpecification\",\"valueRequired\":true,\"valueName\":\"search_term_string\"}}],\"inLanguage\":\"es\"},{\"@type\":\"Organization\",\"@id\":\"https:\\\/\\\/www.laguiadepamplona.com\\\/actualidad\\\/#organization\",\"name\":\"La Gu\u00eda de Pamplona \\\/ Noticias\",\"url\":\"https:\\\/\\\/www.laguiadepamplona.com\\\/actualidad\\\/\",\"logo\":{\"@type\":\"ImageObject\",\"inLanguage\":\"es\",\"@id\":\"https:\\\/\\\/www.laguiadepamplona.com\\\/actualidad\\\/#\\\/schema\\\/logo\\\/image\\\/\",\"url\":\"https:\\\/\\\/www.laguiadepamplona.com\\\/actualidad\\\/wp-content\\\/uploads\\\/2018\\\/11\\\/logo-laguiadepamplona18-web1.png\",\"contentUrl\":\"https:\\\/\\\/www.laguiadepamplona.com\\\/actualidad\\\/wp-content\\\/uploads\\\/2018\\\/11\\\/logo-laguiadepamplona18-web1.png\",\"width\":600,\"height\":196,\"caption\":\"La Gu\u00eda de Pamplona \\\/ Noticias\"},\"image\":{\"@id\":\"https:\\\/\\\/www.laguiadepamplona.com\\\/actualidad\\\/#\\\/schema\\\/logo\\\/image\\\/\"},\"sameAs\":[\"https:\\\/\\\/www.facebook.com\\\/laguiadepamplonacom-133175176762273\\\/?ref=hl\",\"https:\\\/\\\/x.com\\\/LaGuiadPamplona\",\"https:\\\/\\\/www.instagram.com\\\/la_guia_de_pamplona\\\/\",\"https:\\\/\\\/www.youtube.com\\\/user\\\/laguiadepamplona\"]},{\"@type\":\"Person\",\"@id\":\"https:\\\/\\\/www.laguiadepamplona.com\\\/actualidad\\\/#\\\/schema\\\/person\\\/efe887376f0213d4657c93adc50b1fdb\",\"name\":\"La Gu\u00eda de Pamplona\",\"image\":{\"@type\":\"ImageObject\",\"inLanguage\":\"es\",\"@id\":\"https:\\\/\\\/secure.gravatar.com\\\/avatar\\\/b6992f131dc8d30ab0dff15446e9d346d9dbd95992de0fef795073f5ea83a81c?s=96&d=mm&r=g\",\"url\":\"https:\\\/\\\/secure.gravatar.com\\\/avatar\\\/b6992f131dc8d30ab0dff15446e9d346d9dbd95992de0fef795073f5ea83a81c?s=96&d=mm&r=g\",\"contentUrl\":\"https:\\\/\\\/secure.gravatar.com\\\/avatar\\\/b6992f131dc8d30ab0dff15446e9d346d9dbd95992de0fef795073f5ea83a81c?s=96&d=mm&r=g\",\"caption\":\"La Gu\u00eda de Pamplona\"}}]}<\/script>\n<!-- \/ Yoast SEO plugin. -->","yoast_head_json":{"title":"2.303 escolares han salido a las calles a mirar la ciudad \u201cdesde las matem\u00e1ticas\u201d con el programa municipal \u2018Calle-Math\u2019","description":"Aprenden geometr\u00eda, aritm\u00e9tica o c\u00e1lculo usando el espacio p\u00fablico y sus elementos como referentes en una propuesta de Pamplona Ciudad Educadora","robots":{"index":"index","follow":"follow","max-snippet":"max-snippet:-1","max-image-preview":"max-image-preview:large","max-video-preview":"max-video-preview:-1"},"canonical":"https:\/\/www.laguiadepamplona.com\/actualidad\/2-303-escolares-han-salido-a-las-calles-a-mirar-la-ciudad-desde-las-matematicas-con-el-programa-municipal-calle-math\/","og_locale":"es_ES","og_type":"article","og_title":"2.303 escolares han salido a las calles a mirar la ciudad \u201cdesde las matem\u00e1ticas\u201d con el programa municipal \u2018Calle-Math\u2019","og_description":"Aprenden geometr\u00eda, aritm\u00e9tica o c\u00e1lculo usando el espacio p\u00fablico y sus elementos como referentes en una propuesta de Pamplona Ciudad Educadora","og_url":"https:\/\/www.laguiadepamplona.com\/actualidad\/2-303-escolares-han-salido-a-las-calles-a-mirar-la-ciudad-desde-las-matematicas-con-el-programa-municipal-calle-math\/","og_site_name":"La Gu\u00eda de Pamplona","article_publisher":"https:\/\/www.facebook.com\/laguiadepamplonacom-133175176762273\/?ref=hl","article_published_time":"2023-04-17T11:04:56+00:00","article_modified_time":"2023-04-17T11:16:07+00:00","og_image":[{"width":1920,"height":1281,"url":"https:\/\/www.laguiadepamplona.com\/actualidad\/wp-content\/uploads\/2023\/04\/calle-math.webp","type":"image\/webp"}],"author":"La Gu\u00eda de Pamplona","twitter_card":"summary_large_image","twitter_creator":"@LaGuiadPamplona","twitter_site":"@LaGuiadPamplona","twitter_misc":{"Escrito por":"La Gu\u00eda de Pamplona","Tiempo de lectura":"3 minutos"},"schema":{"@context":"https:\/\/schema.org","@graph":[{"@type":"Article","@id":"https:\/\/www.laguiadepamplona.com\/actualidad\/2-303-escolares-han-salido-a-las-calles-a-mirar-la-ciudad-desde-las-matematicas-con-el-programa-municipal-calle-math\/#article","isPartOf":{"@id":"https:\/\/www.laguiadepamplona.com\/actualidad\/2-303-escolares-han-salido-a-las-calles-a-mirar-la-ciudad-desde-las-matematicas-con-el-programa-municipal-calle-math\/"},"author":{"name":"La Gu\u00eda de Pamplona","@id":"https:\/\/www.laguiadepamplona.com\/actualidad\/#\/schema\/person\/efe887376f0213d4657c93adc50b1fdb"},"headline":"2.303 escolares han salido a las calles a mirar la ciudad \u201cdesde las matem\u00e1ticas\u201d con el programa municipal \u2018Calle-Math\u2019","datePublished":"2023-04-17T11:04:56+00:00","dateModified":"2023-04-17T11:16:07+00:00","mainEntityOfPage":{"@id":"https:\/\/www.laguiadepamplona.com\/actualidad\/2-303-escolares-han-salido-a-las-calles-a-mirar-la-ciudad-desde-las-matematicas-con-el-programa-municipal-calle-math\/"},"wordCount":674,"commentCount":0,"publisher":{"@id":"https:\/\/www.laguiadepamplona.com\/actualidad\/#organization"},"image":{"@id":"https:\/\/www.laguiadepamplona.com\/actualidad\/2-303-escolares-han-salido-a-las-calles-a-mirar-la-ciudad-desde-las-matematicas-con-el-programa-municipal-calle-math\/#primaryimage"},"thumbnailUrl":"https:\/\/www.laguiadepamplona.com\/actualidad\/wp-content\/uploads\/2023\/04\/calle-math.webp","articleSection":["Ayto Pamplona"],"inLanguage":"es","potentialAction":[{"@type":"CommentAction","name":"Comment","target":["https:\/\/www.laguiadepamplona.com\/actualidad\/2-303-escolares-han-salido-a-las-calles-a-mirar-la-ciudad-desde-las-matematicas-con-el-programa-municipal-calle-math\/#respond"]}]},{"@type":"WebPage","@id":"https:\/\/www.laguiadepamplona.com\/actualidad\/2-303-escolares-han-salido-a-las-calles-a-mirar-la-ciudad-desde-las-matematicas-con-el-programa-municipal-calle-math\/","url":"https:\/\/www.laguiadepamplona.com\/actualidad\/2-303-escolares-han-salido-a-las-calles-a-mirar-la-ciudad-desde-las-matematicas-con-el-programa-municipal-calle-math\/","name":"2.303 escolares han salido a las calles a mirar la ciudad \u201cdesde las matem\u00e1ticas\u201d con el programa municipal \u2018Calle-Math\u2019","isPartOf":{"@id":"https:\/\/www.laguiadepamplona.com\/actualidad\/#website"},"primaryImageOfPage":{"@id":"https:\/\/www.laguiadepamplona.com\/actualidad\/2-303-escolares-han-salido-a-las-calles-a-mirar-la-ciudad-desde-las-matematicas-con-el-programa-municipal-calle-math\/#primaryimage"},"image":{"@id":"https:\/\/www.laguiadepamplona.com\/actualidad\/2-303-escolares-han-salido-a-las-calles-a-mirar-la-ciudad-desde-las-matematicas-con-el-programa-municipal-calle-math\/#primaryimage"},"thumbnailUrl":"https:\/\/www.laguiadepamplona.com\/actualidad\/wp-content\/uploads\/2023\/04\/calle-math.webp","datePublished":"2023-04-17T11:04:56+00:00","dateModified":"2023-04-17T11:16:07+00:00","description":"Aprenden geometr\u00eda, aritm\u00e9tica o c\u00e1lculo usando el espacio p\u00fablico y sus elementos como referentes en una propuesta de Pamplona Ciudad Educadora","breadcrumb":{"@id":"https:\/\/www.laguiadepamplona.com\/actualidad\/2-303-escolares-han-salido-a-las-calles-a-mirar-la-ciudad-desde-las-matematicas-con-el-programa-municipal-calle-math\/#breadcrumb"},"inLanguage":"es","potentialAction":[{"@type":"ReadAction","target":["https:\/\/www.laguiadepamplona.com\/actualidad\/2-303-escolares-han-salido-a-las-calles-a-mirar-la-ciudad-desde-las-matematicas-con-el-programa-municipal-calle-math\/"]}]},{"@type":"ImageObject","inLanguage":"es","@id":"https:\/\/www.laguiadepamplona.com\/actualidad\/2-303-escolares-han-salido-a-las-calles-a-mirar-la-ciudad-desde-las-matematicas-con-el-programa-municipal-calle-math\/#primaryimage","url":"https:\/\/www.laguiadepamplona.com\/actualidad\/wp-content\/uploads\/2023\/04\/calle-math.webp","contentUrl":"https:\/\/www.laguiadepamplona.com\/actualidad\/wp-content\/uploads\/2023\/04\/calle-math.webp","width":1920,"height":1281},{"@type":"BreadcrumbList","@id":"https:\/\/www.laguiadepamplona.com\/actualidad\/2-303-escolares-han-salido-a-las-calles-a-mirar-la-ciudad-desde-las-matematicas-con-el-programa-municipal-calle-math\/#breadcrumb","itemListElement":[{"@type":"ListItem","position":1,"name":"Portada","item":"https:\/\/www.laguiadepamplona.com\/actualidad\/"},{"@type":"ListItem","position":2,"name":"2.303 escolares han salido a las calles a mirar la ciudad \u201cdesde las matem\u00e1ticas\u201d con el programa municipal \u2018Calle-Math\u2019"}]},{"@type":"WebSite","@id":"https:\/\/www.laguiadepamplona.com\/actualidad\/#website","url":"https:\/\/www.laguiadepamplona.com\/actualidad\/","name":"La gu\u00eda de Pamplona","description":"Noticias de Pamplona","publisher":{"@id":"https:\/\/www.laguiadepamplona.com\/actualidad\/#organization"},"potentialAction":[{"@type":"SearchAction","target":{"@type":"EntryPoint","urlTemplate":"https:\/\/www.laguiadepamplona.com\/actualidad\/?s={search_term_string}"},"query-input":{"@type":"PropertyValueSpecification","valueRequired":true,"valueName":"search_term_string"}}],"inLanguage":"es"},{"@type":"Organization","@id":"https:\/\/www.laguiadepamplona.com\/actualidad\/#organization","name":"La Gu\u00eda de Pamplona \/ Noticias","url":"https:\/\/www.laguiadepamplona.com\/actualidad\/","logo":{"@type":"ImageObject","inLanguage":"es","@id":"https:\/\/www.laguiadepamplona.com\/actualidad\/#\/schema\/logo\/image\/","url":"https:\/\/www.laguiadepamplona.com\/actualidad\/wp-content\/uploads\/2018\/11\/logo-laguiadepamplona18-web1.png","contentUrl":"https:\/\/www.laguiadepamplona.com\/actualidad\/wp-content\/uploads\/2018\/11\/logo-laguiadepamplona18-web1.png","width":600,"height":196,"caption":"La Gu\u00eda de Pamplona \/ Noticias"},"image":{"@id":"https:\/\/www.laguiadepamplona.com\/actualidad\/#\/schema\/logo\/image\/"},"sameAs":["https:\/\/www.facebook.com\/laguiadepamplonacom-133175176762273\/?ref=hl","https:\/\/x.com\/LaGuiadPamplona","https:\/\/www.instagram.com\/la_guia_de_pamplona\/","https:\/\/www.youtube.com\/user\/laguiadepamplona"]},{"@type":"Person","@id":"https:\/\/www.laguiadepamplona.com\/actualidad\/#\/schema\/person\/efe887376f0213d4657c93adc50b1fdb","name":"La Gu\u00eda de Pamplona","image":{"@type":"ImageObject","inLanguage":"es","@id":"https:\/\/secure.gravatar.com\/avatar\/b6992f131dc8d30ab0dff15446e9d346d9dbd95992de0fef795073f5ea83a81c?s=96&d=mm&r=g","url":"https:\/\/secure.gravatar.com\/avatar\/b6992f131dc8d30ab0dff15446e9d346d9dbd95992de0fef795073f5ea83a81c?s=96&d=mm&r=g","contentUrl":"https:\/\/secure.gravatar.com\/avatar\/b6992f131dc8d30ab0dff15446e9d346d9dbd95992de0fef795073f5ea83a81c?s=96&d=mm&r=g","caption":"La Gu\u00eda de Pamplona"}}]}},"post_mailing_queue_ids":[],"_links":{"self":[{"href":"https:\/\/www.laguiadepamplona.com\/actualidad\/wp-json\/wp\/v2\/posts\/46360","targetHints":{"allow":["GET"]}}],"collection":[{"href":"https:\/\/www.laguiadepamplona.com\/actualidad\/wp-json\/wp\/v2\/posts"}],"about":[{"href":"https:\/\/www.laguiadepamplona.com\/actualidad\/wp-json\/wp\/v2\/types\/post"}],"author":[{"embeddable":true,"href":"https:\/\/www.laguiadepamplona.com\/actualidad\/wp-json\/wp\/v2\/users\/1"}],"replies":[{"embeddable":true,"href":"https:\/\/www.laguiadepamplona.com\/actualidad\/wp-json\/wp\/v2\/comments?post=46360"}],"version-history":[{"count":2,"href":"https:\/\/www.laguiadepamplona.com\/actualidad\/wp-json\/wp\/v2\/posts\/46360\/revisions"}],"predecessor-version":[{"id":46372,"href":"https:\/\/www.laguiadepamplona.com\/actualidad\/wp-json\/wp\/v2\/posts\/46360\/revisions\/46372"}],"wp:featuredmedia":[{"embeddable":true,"href":"https:\/\/www.laguiadepamplona.com\/actualidad\/wp-json\/wp\/v2\/media\/46361"}],"wp:attachment":[{"href":"https:\/\/www.laguiadepamplona.com\/actualidad\/wp-json\/wp\/v2\/media?parent=46360"}],"wp:term":[{"taxonomy":"category","embeddable":true,"href":"https:\/\/www.laguiadepamplona.com\/actualidad\/wp-json\/wp\/v2\/categories?post=46360"},{"taxonomy":"post_tag","embeddable":true,"href":"https:\/\/www.laguiadepamplona.com\/actualidad\/wp-json\/wp\/v2\/tags?post=46360"}],"curies":[{"name":"wp","href":"https:\/\/api.w.org\/{rel}","templated":true}]}}