{"id":46286,"date":"2023-04-12T11:51:11","date_gmt":"2023-04-12T09:51:11","guid":{"rendered":"https:\/\/www.laguiadepamplona.com\/actualidad\/?p=46286"},"modified":"2023-04-12T13:13:08","modified_gmt":"2023-04-12T11:13:08","slug":"encuentros-talleres-teatro-cuento-voluntariado-mesas-redondas-y-exposiciones-de-fotografia-conforman-el-programa-de-primavera-del-centro-harrotu","status":"publish","type":"post","link":"https:\/\/www.laguiadepamplona.com\/actualidad\/encuentros-talleres-teatro-cuento-voluntariado-mesas-redondas-y-exposiciones-de-fotografia-conforman-el-programa-de-primavera-del-centro-harrotu\/","title":{"rendered":"Encuentros, talleres, teatro, cuento, voluntariado, mesas redondas y exposiciones de fotograf\u00eda conforman el programa de primavera del centro Harrotu"},"content":{"rendered":"<h3>El espacio de la calle San Gregorio promueve a trav\u00e9s de cinco programas diferentes los derechos y la participaci\u00f3n de las personas LGTBI+<\/h3>\n<p><!--more--><\/p>\n<p>El centro Harrotu arranca la semana pr\u00f3xima sus actividades de primavera. Este servicio de informaci\u00f3n, promoci\u00f3n de los derechos y participaci\u00f3n LGTBI del Ayuntamiento de Pamplona divide su programaci\u00f3n en cinco programas diferentes, que abarcan el empoderamiento personal y colectivo, las actividades socioculturales, la sensibilizaci\u00f3n y el voluntariado.<\/p>\n<p>El programa de voluntariado es la primera cita, el martes 18 a las seis de la tarde, en Harrotu (calle San Gregorio 28). El espacio \u2018Harrotu te escucha\u2019 ofrece a las personas LGTBIQ+ de Pamplona una oportunidad de reunirse para conversar sobre sus realidades y generar redes de trabajo conjunto. La actividad se desarrolla en castellano y euskera.<br \/>\n<script async src=\"\/\/pagead2.googlesyndication.com\/pagead\/js\/adsbygoogle.js\"><\/script><br \/>\n<!-- Noticias La Guia de Pamplona --><br \/>\n<ins class=\"adsbygoogle\"\nstyle=\"display:block\"\ndata-ad-client=\"ca-pub-6943679897239327\"\ndata-ad-slot=\"7048180777\"\ndata-ad-format=\"auto\"><\/ins><br \/>\n<script>\n(adsbygoogle = window.adsbygoogle || []).push({});\n<\/script><\/p>\n<p>Otro de los programas promueve el empoderamiento colectivo, a trav\u00e9s de la celebraci\u00f3n de efem\u00e9rides relevantes como el D\u00eda del Libro, el 23 de abril; el D\u00eda de la Visibilidad L\u00e9sbica, el 26 de abril; el D\u00eda de las Familias, el 15 de mayo; el D\u00eda Internacional contra la LGTBIfobia, el 17 de mayo; y el D\u00eda Internacional del Orgullo LGTBI+, el 28 de junio.<\/p>\n<p>Este programa se completa con los Encuentros por letras y los Encuentros Interseccionales. Los Encuentros por letras presentan el 21 de abril el poemario \u2018Poemas ac\u00fasticos\u2019, de la mano de su autora, Marian Ruiz, del grupo de m\u00fasica Bandada. Tras la presentaci\u00f3n, habr\u00e1 una peque\u00f1a fiesta en celebraci\u00f3n del D\u00eda de la Visibilidad L\u00e9sbica. La actividad, de 18 a 20 horas, en Harrotu, la dinamiza Dekumas LBT. A esa misma hora, el 5 de mayo, tendr\u00e1 lugar un encuentro de personas trans. Por su parte, los Encuentros Interseccionales proponen el 20 de abril un punto de encuentro de personas j\u00f3venes LGTBI+ y el 1 de junio, otro de personas migradas LGTBI+ que ser\u00e1 dinamizado por la Asociaci\u00f3n F\u00e9nix, se celebran de 18 a 20 en Harrotu.<br \/>\n<script async src=\"\/\/pagead2.googlesyndication.com\/pagead\/js\/adsbygoogle.js\"><\/script><br \/>\n<!-- Noticias La Guia de Pamplona --><br \/>\n<ins class=\"adsbygoogle\"\nstyle=\"display:block\"\ndata-ad-client=\"ca-pub-6943679897239327\"\ndata-ad-slot=\"7048180777\"\ndata-ad-format=\"auto\"><\/ins><br \/>\n<script>\n(adsbygoogle = window.adsbygoogle || []).push({});\n<\/script><\/p>\n<p><strong>Otras propuestas<\/strong><\/p>\n<p>El programa de empoderamiento personal abre su oferta con el grupo de ayuda mutua para personas LGTBI+, que se re\u00fane los d\u00edas 25 de abril, 30 de mayo y 29 de junio, a las seis de la tarde en Harrotu. Este programa incluye tambi\u00e9n el taller de Autodefensa personal LGTBI+, para afrontar las m\u00faltiples violencias que sufren estas personas. Ser\u00e1n dos sesiones, el 16 y 18 de mayo, de 18 a 20 horas, dinamizadas por Consultor\u00eda Berhezi. La primera sesi\u00f3n se centra en c\u00f3mo responder a agresiones f\u00edsicas o verbales y la segunda, en compartir vivencias y herramientas para hacer frente a agresiones LGTBI+f\u00f3bicas desde una conciencia colectiva.<\/p>\n<p>La oferta de empoderamiento personal tambi\u00e9n propone el taller de <em>crossdressing<\/em> \u2018El armario de Harrotu\u2019, para romper con los roles de g\u00e9nero imperantes. En primavera la cita es el 20 de mayo, de 11.30 a 13.30, en Harrotu, con la tallerista Amaya Sanz, del proyecto Luna Femme. Otro de los talleres, \u2018T\u00e9cnicas teatrales para que dialoguen los cuerpos\u2019, se celebra el 8 de junio, de 18 a 20 en Harrotu. En este caso las talleristas ser\u00e1n Maialen D\u00edaz, dramaturga y facilitadora de creaci\u00f3n esc\u00e9nica, y Maia Ansa, actriz y activista transfeminista.<br \/>\n<script async src=\"\/\/pagead2.googlesyndication.com\/pagead\/js\/adsbygoogle.js\"><\/script><br \/>\n<!-- Noticias La Guia de Pamplona --><br \/>\n<ins class=\"adsbygoogle\"\nstyle=\"display:block\"\ndata-ad-client=\"ca-pub-6943679897239327\"\ndata-ad-slot=\"7048180777\"\ndata-ad-format=\"auto\"><\/ins><br \/>\n<script>\n(adsbygoogle = window.adsbygoogle || []).push({});\n<\/script><\/p>\n<p>En cuanto al programa de actividades socioculturales, el teatro es el protagonista el d\u00eda 27 de abril, a las 19 horas en la Escuela Navarra de Teatro, donde se representa \u2018Elisa y Marcela\u2019, con entrada gratuita hasta completar aforo, previa retirada de invitaci\u00f3n en la Escuela. El cuento tiene su espacio el 25 de mayo, a las 18 horas en Harrotu, con \u2018Aske izan koloretan\u2019, de la mano del artista y activista Dom Campistron.<\/p>\n<p>Por \u00faltimo, el programa de sensibilizaci\u00f3n y formaci\u00f3n b\u00e1sica se abre el 6 de junio a las 18 horas en la sala de conferencias de Civivox Condestable, con la mesa redonda \u2018El camino de la persona migrante no es color de rosa\u2019. Los ponentes ser\u00e1n Mauricio S\u00e1nchez y Man\u00ed GharibiLorun, refugiados y activistas LGTBI+. Este programa se completa con las exposiciones de fotos \u2018Lesbianas en las ventanas\u2019, de Dekumas LBT, en Harrotu hasta el 3 de mayo, y \u2018Familias diversas\u2019, del fot\u00f3grafo Karlos Montoya, del 15 de mayo al 15 de junio.<br \/>\n<script async src=\"\/\/pagead2.googlesyndication.com\/pagead\/js\/adsbygoogle.js\"><\/script><br \/>\n<!-- Noticias La Guia de Pamplona --><br \/>\n<ins class=\"adsbygoogle\"\nstyle=\"display:block\"\ndata-ad-client=\"ca-pub-6943679897239327\"\ndata-ad-slot=\"7048180777\"\ndata-ad-format=\"auto\"><\/ins><br \/>\n<script>\n(adsbygoogle = window.adsbygoogle || []).push({});\n<\/script><\/p>\n<p>&nbsp;<\/p>\n<h3>Harrotu (Calle San Gregorio, 28)<\/h3>\n<ul>\n<li>Servicio de Informaci\u00f3n, Promoci\u00f3n de los derechos y participaci\u00f3n LGTBI del Ayuntamiento de Pamplona<\/li>\n<li>Horario:\n<ul>\n<li>Lunes: 17.00-20.30<\/li>\n<li>De martes a viernes: 10.30-13.30 y 17.00-20.30<\/li>\n<li>S\u00e1bados: 11.00-14.00<\/li>\n<\/ul>\n<\/li>\n<li>Servicios permanentes:\n<ul>\n<li>Servicio de Informaci\u00f3n LGTBIQ+<\/li>\n<li>Cesi\u00f3n de espacios y pr\u00e9stamo de mediateca<\/li>\n<li>Observatorio contra la LGTBIfobia<\/li>\n<\/ul>\n<\/li>\n<li>Actividades de primavera:\n<ul>\n<li>Meses de abril, mayo y junio<\/li>\n<\/ul>\n<\/li>\n<\/ul>\n<p>&nbsp;<br \/>\n<a href=\"https:\/\/www.pamplona.es\/sites\/default\/files\/2023-03\/harrotuactpv23digitalcastell.pdf\" class=\"su-button su-button-style-default\" style=\"color:#FFFFFF;background-color:#ef2d2f;border-color:#c02426;border-radius:5px\" target=\"_blank\" rel=\"noopener noreferrer\"><span style=\"color:#FFFFFF;padding:6px 16px;font-size:13px;line-height:20px;border-color:#f46c6e;border-radius:5px;text-shadow:none\"><i class=\"sui sui-file-pdf-o\" style=\"font-size:13px;color:#FFFFFF\"><\/i> Harrotu Primavera 2023 &#8211; Descargar folleto<\/span><\/a>\n&nbsp;<\/p>\n","protected":false},"excerpt":{"rendered":"<p>El espacio de la calle San Gregorio promueve a trav\u00e9s de cinco programas diferentes los derechos y la participaci\u00f3n de las personas LGTBI+<\/p>\n","protected":false},"author":1,"featured_media":46287,"comment_status":"open","ping_status":"closed","sticky":false,"template":"","format":"standard","meta":{"footnotes":""},"categories":[2],"tags":[],"class_list":["post-46286","post","type-post","status-publish","format-standard","has-post-thumbnail","hentry","category-ayuntamiento-pamplona"],"yoast_head":"<!-- This site is optimized with the Yoast SEO plugin v27.3 - https:\/\/yoast.com\/product\/yoast-seo-wordpress\/ -->\n<title>Encuentros, talleres, teatro, cuento, voluntariado, mesas redondas y exposiciones de fotograf\u00eda conforman el programa de primavera del centro Harrotu<\/title>\n<meta name=\"description\" content=\"El espacio de la calle San Gregorio promueve a trav\u00e9s de cinco programas diferentes los derechos y la participaci\u00f3n de las personas LGTBI+\" \/>\n<meta name=\"robots\" content=\"index, follow, max-snippet:-1, max-image-preview:large, max-video-preview:-1\" \/>\n<link rel=\"canonical\" href=\"https:\/\/www.laguiadepamplona.com\/actualidad\/encuentros-talleres-teatro-cuento-voluntariado-mesas-redondas-y-exposiciones-de-fotografia-conforman-el-programa-de-primavera-del-centro-harrotu\/\" \/>\n<meta property=\"og:locale\" content=\"es_ES\" \/>\n<meta property=\"og:type\" content=\"article\" \/>\n<meta property=\"og:title\" content=\"Encuentros, talleres, teatro, cuento, voluntariado, mesas redondas y exposiciones de fotograf\u00eda conforman el programa de primavera del centro Harrotu\" \/>\n<meta property=\"og:description\" content=\"El espacio de la calle San Gregorio promueve a trav\u00e9s de cinco programas diferentes los derechos y la participaci\u00f3n de las personas LGTBI+\" \/>\n<meta property=\"og:url\" content=\"https:\/\/www.laguiadepamplona.com\/actualidad\/encuentros-talleres-teatro-cuento-voluntariado-mesas-redondas-y-exposiciones-de-fotografia-conforman-el-programa-de-primavera-del-centro-harrotu\/\" \/>\n<meta property=\"og:site_name\" content=\"La Gu\u00eda de Pamplona\" \/>\n<meta property=\"article:publisher\" content=\"https:\/\/www.facebook.com\/laguiadepamplonacom-133175176762273\/?ref=hl\" \/>\n<meta property=\"article:published_time\" content=\"2023-04-12T09:51:11+00:00\" \/>\n<meta property=\"article:modified_time\" content=\"2023-04-12T11:13:08+00:00\" \/>\n<meta property=\"og:image\" content=\"https:\/\/www.laguiadepamplona.com\/actualidad\/wp-content\/uploads\/2023\/04\/harrotuactpv23digitalcastell.webp\" \/>\n\t<meta property=\"og:image:width\" content=\"1890\" \/>\n\t<meta property=\"og:image:height\" content=\"1358\" \/>\n\t<meta property=\"og:image:type\" content=\"image\/webp\" \/>\n<meta name=\"author\" content=\"La Gu\u00eda de Pamplona\" \/>\n<meta name=\"twitter:card\" content=\"summary_large_image\" \/>\n<meta name=\"twitter:creator\" content=\"@LaGuiadPamplona\" \/>\n<meta name=\"twitter:site\" content=\"@LaGuiadPamplona\" \/>\n<meta name=\"twitter:label1\" content=\"Escrito por\" \/>\n\t<meta name=\"twitter:data1\" content=\"La Gu\u00eda de Pamplona\" \/>\n\t<meta name=\"twitter:label2\" content=\"Tiempo de lectura\" \/>\n\t<meta name=\"twitter:data2\" content=\"4 minutos\" \/>\n<script type=\"application\/ld+json\" class=\"yoast-schema-graph\">{\"@context\":\"https:\\\/\\\/schema.org\",\"@graph\":[{\"@type\":\"Article\",\"@id\":\"https:\\\/\\\/www.laguiadepamplona.com\\\/actualidad\\\/encuentros-talleres-teatro-cuento-voluntariado-mesas-redondas-y-exposiciones-de-fotografia-conforman-el-programa-de-primavera-del-centro-harrotu\\\/#article\",\"isPartOf\":{\"@id\":\"https:\\\/\\\/www.laguiadepamplona.com\\\/actualidad\\\/encuentros-talleres-teatro-cuento-voluntariado-mesas-redondas-y-exposiciones-de-fotografia-conforman-el-programa-de-primavera-del-centro-harrotu\\\/\"},\"author\":{\"name\":\"La Gu\u00eda de Pamplona\",\"@id\":\"https:\\\/\\\/www.laguiadepamplona.com\\\/actualidad\\\/#\\\/schema\\\/person\\\/efe887376f0213d4657c93adc50b1fdb\"},\"headline\":\"Encuentros, talleres, teatro, cuento, voluntariado, mesas redondas y exposiciones de fotograf\u00eda conforman el programa de primavera del centro Harrotu\",\"datePublished\":\"2023-04-12T09:51:11+00:00\",\"dateModified\":\"2023-04-12T11:13:08+00:00\",\"mainEntityOfPage\":{\"@id\":\"https:\\\/\\\/www.laguiadepamplona.com\\\/actualidad\\\/encuentros-talleres-teatro-cuento-voluntariado-mesas-redondas-y-exposiciones-de-fotografia-conforman-el-programa-de-primavera-del-centro-harrotu\\\/\"},\"wordCount\":821,\"commentCount\":0,\"publisher\":{\"@id\":\"https:\\\/\\\/www.laguiadepamplona.com\\\/actualidad\\\/#organization\"},\"image\":{\"@id\":\"https:\\\/\\\/www.laguiadepamplona.com\\\/actualidad\\\/encuentros-talleres-teatro-cuento-voluntariado-mesas-redondas-y-exposiciones-de-fotografia-conforman-el-programa-de-primavera-del-centro-harrotu\\\/#primaryimage\"},\"thumbnailUrl\":\"https:\\\/\\\/www.laguiadepamplona.com\\\/actualidad\\\/wp-content\\\/uploads\\\/2023\\\/04\\\/harrotuactpv23digitalcastell.webp\",\"articleSection\":[\"Ayto Pamplona\"],\"inLanguage\":\"es\",\"potentialAction\":[{\"@type\":\"CommentAction\",\"name\":\"Comment\",\"target\":[\"https:\\\/\\\/www.laguiadepamplona.com\\\/actualidad\\\/encuentros-talleres-teatro-cuento-voluntariado-mesas-redondas-y-exposiciones-de-fotografia-conforman-el-programa-de-primavera-del-centro-harrotu\\\/#respond\"]}]},{\"@type\":\"WebPage\",\"@id\":\"https:\\\/\\\/www.laguiadepamplona.com\\\/actualidad\\\/encuentros-talleres-teatro-cuento-voluntariado-mesas-redondas-y-exposiciones-de-fotografia-conforman-el-programa-de-primavera-del-centro-harrotu\\\/\",\"url\":\"https:\\\/\\\/www.laguiadepamplona.com\\\/actualidad\\\/encuentros-talleres-teatro-cuento-voluntariado-mesas-redondas-y-exposiciones-de-fotografia-conforman-el-programa-de-primavera-del-centro-harrotu\\\/\",\"name\":\"Encuentros, talleres, teatro, cuento, voluntariado, mesas redondas y exposiciones de fotograf\u00eda conforman el programa de primavera del centro Harrotu\",\"isPartOf\":{\"@id\":\"https:\\\/\\\/www.laguiadepamplona.com\\\/actualidad\\\/#website\"},\"primaryImageOfPage\":{\"@id\":\"https:\\\/\\\/www.laguiadepamplona.com\\\/actualidad\\\/encuentros-talleres-teatro-cuento-voluntariado-mesas-redondas-y-exposiciones-de-fotografia-conforman-el-programa-de-primavera-del-centro-harrotu\\\/#primaryimage\"},\"image\":{\"@id\":\"https:\\\/\\\/www.laguiadepamplona.com\\\/actualidad\\\/encuentros-talleres-teatro-cuento-voluntariado-mesas-redondas-y-exposiciones-de-fotografia-conforman-el-programa-de-primavera-del-centro-harrotu\\\/#primaryimage\"},\"thumbnailUrl\":\"https:\\\/\\\/www.laguiadepamplona.com\\\/actualidad\\\/wp-content\\\/uploads\\\/2023\\\/04\\\/harrotuactpv23digitalcastell.webp\",\"datePublished\":\"2023-04-12T09:51:11+00:00\",\"dateModified\":\"2023-04-12T11:13:08+00:00\",\"description\":\"El espacio de la calle San Gregorio promueve a trav\u00e9s de cinco programas diferentes los derechos y la participaci\u00f3n de las personas LGTBI+\",\"breadcrumb\":{\"@id\":\"https:\\\/\\\/www.laguiadepamplona.com\\\/actualidad\\\/encuentros-talleres-teatro-cuento-voluntariado-mesas-redondas-y-exposiciones-de-fotografia-conforman-el-programa-de-primavera-del-centro-harrotu\\\/#breadcrumb\"},\"inLanguage\":\"es\",\"potentialAction\":[{\"@type\":\"ReadAction\",\"target\":[\"https:\\\/\\\/www.laguiadepamplona.com\\\/actualidad\\\/encuentros-talleres-teatro-cuento-voluntariado-mesas-redondas-y-exposiciones-de-fotografia-conforman-el-programa-de-primavera-del-centro-harrotu\\\/\"]}]},{\"@type\":\"ImageObject\",\"inLanguage\":\"es\",\"@id\":\"https:\\\/\\\/www.laguiadepamplona.com\\\/actualidad\\\/encuentros-talleres-teatro-cuento-voluntariado-mesas-redondas-y-exposiciones-de-fotografia-conforman-el-programa-de-primavera-del-centro-harrotu\\\/#primaryimage\",\"url\":\"https:\\\/\\\/www.laguiadepamplona.com\\\/actualidad\\\/wp-content\\\/uploads\\\/2023\\\/04\\\/harrotuactpv23digitalcastell.webp\",\"contentUrl\":\"https:\\\/\\\/www.laguiadepamplona.com\\\/actualidad\\\/wp-content\\\/uploads\\\/2023\\\/04\\\/harrotuactpv23digitalcastell.webp\",\"width\":1890,\"height\":1358},{\"@type\":\"BreadcrumbList\",\"@id\":\"https:\\\/\\\/www.laguiadepamplona.com\\\/actualidad\\\/encuentros-talleres-teatro-cuento-voluntariado-mesas-redondas-y-exposiciones-de-fotografia-conforman-el-programa-de-primavera-del-centro-harrotu\\\/#breadcrumb\",\"itemListElement\":[{\"@type\":\"ListItem\",\"position\":1,\"name\":\"Portada\",\"item\":\"https:\\\/\\\/www.laguiadepamplona.com\\\/actualidad\\\/\"},{\"@type\":\"ListItem\",\"position\":2,\"name\":\"Encuentros, talleres, teatro, cuento, voluntariado, mesas redondas y exposiciones de fotograf\u00eda conforman el programa de primavera del centro Harrotu\"}]},{\"@type\":\"WebSite\",\"@id\":\"https:\\\/\\\/www.laguiadepamplona.com\\\/actualidad\\\/#website\",\"url\":\"https:\\\/\\\/www.laguiadepamplona.com\\\/actualidad\\\/\",\"name\":\"La gu\u00eda de Pamplona\",\"description\":\"Noticias de Pamplona\",\"publisher\":{\"@id\":\"https:\\\/\\\/www.laguiadepamplona.com\\\/actualidad\\\/#organization\"},\"potentialAction\":[{\"@type\":\"SearchAction\",\"target\":{\"@type\":\"EntryPoint\",\"urlTemplate\":\"https:\\\/\\\/www.laguiadepamplona.com\\\/actualidad\\\/?s={search_term_string}\"},\"query-input\":{\"@type\":\"PropertyValueSpecification\",\"valueRequired\":true,\"valueName\":\"search_term_string\"}}],\"inLanguage\":\"es\"},{\"@type\":\"Organization\",\"@id\":\"https:\\\/\\\/www.laguiadepamplona.com\\\/actualidad\\\/#organization\",\"name\":\"La Gu\u00eda de Pamplona \\\/ Noticias\",\"url\":\"https:\\\/\\\/www.laguiadepamplona.com\\\/actualidad\\\/\",\"logo\":{\"@type\":\"ImageObject\",\"inLanguage\":\"es\",\"@id\":\"https:\\\/\\\/www.laguiadepamplona.com\\\/actualidad\\\/#\\\/schema\\\/logo\\\/image\\\/\",\"url\":\"https:\\\/\\\/www.laguiadepamplona.com\\\/actualidad\\\/wp-content\\\/uploads\\\/2018\\\/11\\\/logo-laguiadepamplona18-web1.png\",\"contentUrl\":\"https:\\\/\\\/www.laguiadepamplona.com\\\/actualidad\\\/wp-content\\\/uploads\\\/2018\\\/11\\\/logo-laguiadepamplona18-web1.png\",\"width\":600,\"height\":196,\"caption\":\"La Gu\u00eda de Pamplona \\\/ Noticias\"},\"image\":{\"@id\":\"https:\\\/\\\/www.laguiadepamplona.com\\\/actualidad\\\/#\\\/schema\\\/logo\\\/image\\\/\"},\"sameAs\":[\"https:\\\/\\\/www.facebook.com\\\/laguiadepamplonacom-133175176762273\\\/?ref=hl\",\"https:\\\/\\\/x.com\\\/LaGuiadPamplona\",\"https:\\\/\\\/www.instagram.com\\\/la_guia_de_pamplona\\\/\",\"https:\\\/\\\/www.youtube.com\\\/user\\\/laguiadepamplona\"]},{\"@type\":\"Person\",\"@id\":\"https:\\\/\\\/www.laguiadepamplona.com\\\/actualidad\\\/#\\\/schema\\\/person\\\/efe887376f0213d4657c93adc50b1fdb\",\"name\":\"La Gu\u00eda de Pamplona\",\"image\":{\"@type\":\"ImageObject\",\"inLanguage\":\"es\",\"@id\":\"https:\\\/\\\/secure.gravatar.com\\\/avatar\\\/b6992f131dc8d30ab0dff15446e9d346d9dbd95992de0fef795073f5ea83a81c?s=96&d=mm&r=g\",\"url\":\"https:\\\/\\\/secure.gravatar.com\\\/avatar\\\/b6992f131dc8d30ab0dff15446e9d346d9dbd95992de0fef795073f5ea83a81c?s=96&d=mm&r=g\",\"contentUrl\":\"https:\\\/\\\/secure.gravatar.com\\\/avatar\\\/b6992f131dc8d30ab0dff15446e9d346d9dbd95992de0fef795073f5ea83a81c?s=96&d=mm&r=g\",\"caption\":\"La Gu\u00eda de Pamplona\"}}]}<\/script>\n<!-- \/ Yoast SEO plugin. -->","yoast_head_json":{"title":"Encuentros, talleres, teatro, cuento, voluntariado, mesas redondas y exposiciones de fotograf\u00eda conforman el programa de primavera del centro Harrotu","description":"El espacio de la calle San Gregorio promueve a trav\u00e9s de cinco programas diferentes los derechos y la participaci\u00f3n de las personas LGTBI+","robots":{"index":"index","follow":"follow","max-snippet":"max-snippet:-1","max-image-preview":"max-image-preview:large","max-video-preview":"max-video-preview:-1"},"canonical":"https:\/\/www.laguiadepamplona.com\/actualidad\/encuentros-talleres-teatro-cuento-voluntariado-mesas-redondas-y-exposiciones-de-fotografia-conforman-el-programa-de-primavera-del-centro-harrotu\/","og_locale":"es_ES","og_type":"article","og_title":"Encuentros, talleres, teatro, cuento, voluntariado, mesas redondas y exposiciones de fotograf\u00eda conforman el programa de primavera del centro Harrotu","og_description":"El espacio de la calle San Gregorio promueve a trav\u00e9s de cinco programas diferentes los derechos y la participaci\u00f3n de las personas LGTBI+","og_url":"https:\/\/www.laguiadepamplona.com\/actualidad\/encuentros-talleres-teatro-cuento-voluntariado-mesas-redondas-y-exposiciones-de-fotografia-conforman-el-programa-de-primavera-del-centro-harrotu\/","og_site_name":"La Gu\u00eda de Pamplona","article_publisher":"https:\/\/www.facebook.com\/laguiadepamplonacom-133175176762273\/?ref=hl","article_published_time":"2023-04-12T09:51:11+00:00","article_modified_time":"2023-04-12T11:13:08+00:00","og_image":[{"width":1890,"height":1358,"url":"https:\/\/www.laguiadepamplona.com\/actualidad\/wp-content\/uploads\/2023\/04\/harrotuactpv23digitalcastell.webp","type":"image\/webp"}],"author":"La Gu\u00eda de Pamplona","twitter_card":"summary_large_image","twitter_creator":"@LaGuiadPamplona","twitter_site":"@LaGuiadPamplona","twitter_misc":{"Escrito por":"La Gu\u00eda de Pamplona","Tiempo de lectura":"4 minutos"},"schema":{"@context":"https:\/\/schema.org","@graph":[{"@type":"Article","@id":"https:\/\/www.laguiadepamplona.com\/actualidad\/encuentros-talleres-teatro-cuento-voluntariado-mesas-redondas-y-exposiciones-de-fotografia-conforman-el-programa-de-primavera-del-centro-harrotu\/#article","isPartOf":{"@id":"https:\/\/www.laguiadepamplona.com\/actualidad\/encuentros-talleres-teatro-cuento-voluntariado-mesas-redondas-y-exposiciones-de-fotografia-conforman-el-programa-de-primavera-del-centro-harrotu\/"},"author":{"name":"La Gu\u00eda de Pamplona","@id":"https:\/\/www.laguiadepamplona.com\/actualidad\/#\/schema\/person\/efe887376f0213d4657c93adc50b1fdb"},"headline":"Encuentros, talleres, teatro, cuento, voluntariado, mesas redondas y exposiciones de fotograf\u00eda conforman el programa de primavera del centro Harrotu","datePublished":"2023-04-12T09:51:11+00:00","dateModified":"2023-04-12T11:13:08+00:00","mainEntityOfPage":{"@id":"https:\/\/www.laguiadepamplona.com\/actualidad\/encuentros-talleres-teatro-cuento-voluntariado-mesas-redondas-y-exposiciones-de-fotografia-conforman-el-programa-de-primavera-del-centro-harrotu\/"},"wordCount":821,"commentCount":0,"publisher":{"@id":"https:\/\/www.laguiadepamplona.com\/actualidad\/#organization"},"image":{"@id":"https:\/\/www.laguiadepamplona.com\/actualidad\/encuentros-talleres-teatro-cuento-voluntariado-mesas-redondas-y-exposiciones-de-fotografia-conforman-el-programa-de-primavera-del-centro-harrotu\/#primaryimage"},"thumbnailUrl":"https:\/\/www.laguiadepamplona.com\/actualidad\/wp-content\/uploads\/2023\/04\/harrotuactpv23digitalcastell.webp","articleSection":["Ayto Pamplona"],"inLanguage":"es","potentialAction":[{"@type":"CommentAction","name":"Comment","target":["https:\/\/www.laguiadepamplona.com\/actualidad\/encuentros-talleres-teatro-cuento-voluntariado-mesas-redondas-y-exposiciones-de-fotografia-conforman-el-programa-de-primavera-del-centro-harrotu\/#respond"]}]},{"@type":"WebPage","@id":"https:\/\/www.laguiadepamplona.com\/actualidad\/encuentros-talleres-teatro-cuento-voluntariado-mesas-redondas-y-exposiciones-de-fotografia-conforman-el-programa-de-primavera-del-centro-harrotu\/","url":"https:\/\/www.laguiadepamplona.com\/actualidad\/encuentros-talleres-teatro-cuento-voluntariado-mesas-redondas-y-exposiciones-de-fotografia-conforman-el-programa-de-primavera-del-centro-harrotu\/","name":"Encuentros, talleres, teatro, cuento, voluntariado, mesas redondas y exposiciones de fotograf\u00eda conforman el programa de primavera del centro Harrotu","isPartOf":{"@id":"https:\/\/www.laguiadepamplona.com\/actualidad\/#website"},"primaryImageOfPage":{"@id":"https:\/\/www.laguiadepamplona.com\/actualidad\/encuentros-talleres-teatro-cuento-voluntariado-mesas-redondas-y-exposiciones-de-fotografia-conforman-el-programa-de-primavera-del-centro-harrotu\/#primaryimage"},"image":{"@id":"https:\/\/www.laguiadepamplona.com\/actualidad\/encuentros-talleres-teatro-cuento-voluntariado-mesas-redondas-y-exposiciones-de-fotografia-conforman-el-programa-de-primavera-del-centro-harrotu\/#primaryimage"},"thumbnailUrl":"https:\/\/www.laguiadepamplona.com\/actualidad\/wp-content\/uploads\/2023\/04\/harrotuactpv23digitalcastell.webp","datePublished":"2023-04-12T09:51:11+00:00","dateModified":"2023-04-12T11:13:08+00:00","description":"El espacio de la calle San Gregorio promueve a trav\u00e9s de cinco programas diferentes los derechos y la participaci\u00f3n de las personas LGTBI+","breadcrumb":{"@id":"https:\/\/www.laguiadepamplona.com\/actualidad\/encuentros-talleres-teatro-cuento-voluntariado-mesas-redondas-y-exposiciones-de-fotografia-conforman-el-programa-de-primavera-del-centro-harrotu\/#breadcrumb"},"inLanguage":"es","potentialAction":[{"@type":"ReadAction","target":["https:\/\/www.laguiadepamplona.com\/actualidad\/encuentros-talleres-teatro-cuento-voluntariado-mesas-redondas-y-exposiciones-de-fotografia-conforman-el-programa-de-primavera-del-centro-harrotu\/"]}]},{"@type":"ImageObject","inLanguage":"es","@id":"https:\/\/www.laguiadepamplona.com\/actualidad\/encuentros-talleres-teatro-cuento-voluntariado-mesas-redondas-y-exposiciones-de-fotografia-conforman-el-programa-de-primavera-del-centro-harrotu\/#primaryimage","url":"https:\/\/www.laguiadepamplona.com\/actualidad\/wp-content\/uploads\/2023\/04\/harrotuactpv23digitalcastell.webp","contentUrl":"https:\/\/www.laguiadepamplona.com\/actualidad\/wp-content\/uploads\/2023\/04\/harrotuactpv23digitalcastell.webp","width":1890,"height":1358},{"@type":"BreadcrumbList","@id":"https:\/\/www.laguiadepamplona.com\/actualidad\/encuentros-talleres-teatro-cuento-voluntariado-mesas-redondas-y-exposiciones-de-fotografia-conforman-el-programa-de-primavera-del-centro-harrotu\/#breadcrumb","itemListElement":[{"@type":"ListItem","position":1,"name":"Portada","item":"https:\/\/www.laguiadepamplona.com\/actualidad\/"},{"@type":"ListItem","position":2,"name":"Encuentros, talleres, teatro, cuento, voluntariado, mesas redondas y exposiciones de fotograf\u00eda conforman el programa de primavera del centro Harrotu"}]},{"@type":"WebSite","@id":"https:\/\/www.laguiadepamplona.com\/actualidad\/#website","url":"https:\/\/www.laguiadepamplona.com\/actualidad\/","name":"La gu\u00eda de Pamplona","description":"Noticias de Pamplona","publisher":{"@id":"https:\/\/www.laguiadepamplona.com\/actualidad\/#organization"},"potentialAction":[{"@type":"SearchAction","target":{"@type":"EntryPoint","urlTemplate":"https:\/\/www.laguiadepamplona.com\/actualidad\/?s={search_term_string}"},"query-input":{"@type":"PropertyValueSpecification","valueRequired":true,"valueName":"search_term_string"}}],"inLanguage":"es"},{"@type":"Organization","@id":"https:\/\/www.laguiadepamplona.com\/actualidad\/#organization","name":"La Gu\u00eda de Pamplona \/ Noticias","url":"https:\/\/www.laguiadepamplona.com\/actualidad\/","logo":{"@type":"ImageObject","inLanguage":"es","@id":"https:\/\/www.laguiadepamplona.com\/actualidad\/#\/schema\/logo\/image\/","url":"https:\/\/www.laguiadepamplona.com\/actualidad\/wp-content\/uploads\/2018\/11\/logo-laguiadepamplona18-web1.png","contentUrl":"https:\/\/www.laguiadepamplona.com\/actualidad\/wp-content\/uploads\/2018\/11\/logo-laguiadepamplona18-web1.png","width":600,"height":196,"caption":"La Gu\u00eda de Pamplona \/ Noticias"},"image":{"@id":"https:\/\/www.laguiadepamplona.com\/actualidad\/#\/schema\/logo\/image\/"},"sameAs":["https:\/\/www.facebook.com\/laguiadepamplonacom-133175176762273\/?ref=hl","https:\/\/x.com\/LaGuiadPamplona","https:\/\/www.instagram.com\/la_guia_de_pamplona\/","https:\/\/www.youtube.com\/user\/laguiadepamplona"]},{"@type":"Person","@id":"https:\/\/www.laguiadepamplona.com\/actualidad\/#\/schema\/person\/efe887376f0213d4657c93adc50b1fdb","name":"La Gu\u00eda de Pamplona","image":{"@type":"ImageObject","inLanguage":"es","@id":"https:\/\/secure.gravatar.com\/avatar\/b6992f131dc8d30ab0dff15446e9d346d9dbd95992de0fef795073f5ea83a81c?s=96&d=mm&r=g","url":"https:\/\/secure.gravatar.com\/avatar\/b6992f131dc8d30ab0dff15446e9d346d9dbd95992de0fef795073f5ea83a81c?s=96&d=mm&r=g","contentUrl":"https:\/\/secure.gravatar.com\/avatar\/b6992f131dc8d30ab0dff15446e9d346d9dbd95992de0fef795073f5ea83a81c?s=96&d=mm&r=g","caption":"La Gu\u00eda de Pamplona"}}]}},"post_mailing_queue_ids":[],"_links":{"self":[{"href":"https:\/\/www.laguiadepamplona.com\/actualidad\/wp-json\/wp\/v2\/posts\/46286","targetHints":{"allow":["GET"]}}],"collection":[{"href":"https:\/\/www.laguiadepamplona.com\/actualidad\/wp-json\/wp\/v2\/posts"}],"about":[{"href":"https:\/\/www.laguiadepamplona.com\/actualidad\/wp-json\/wp\/v2\/types\/post"}],"author":[{"embeddable":true,"href":"https:\/\/www.laguiadepamplona.com\/actualidad\/wp-json\/wp\/v2\/users\/1"}],"replies":[{"embeddable":true,"href":"https:\/\/www.laguiadepamplona.com\/actualidad\/wp-json\/wp\/v2\/comments?post=46286"}],"version-history":[{"count":9,"href":"https:\/\/www.laguiadepamplona.com\/actualidad\/wp-json\/wp\/v2\/posts\/46286\/revisions"}],"predecessor-version":[{"id":46310,"href":"https:\/\/www.laguiadepamplona.com\/actualidad\/wp-json\/wp\/v2\/posts\/46286\/revisions\/46310"}],"wp:featuredmedia":[{"embeddable":true,"href":"https:\/\/www.laguiadepamplona.com\/actualidad\/wp-json\/wp\/v2\/media\/46287"}],"wp:attachment":[{"href":"https:\/\/www.laguiadepamplona.com\/actualidad\/wp-json\/wp\/v2\/media?parent=46286"}],"wp:term":[{"taxonomy":"category","embeddable":true,"href":"https:\/\/www.laguiadepamplona.com\/actualidad\/wp-json\/wp\/v2\/categories?post=46286"},{"taxonomy":"post_tag","embeddable":true,"href":"https:\/\/www.laguiadepamplona.com\/actualidad\/wp-json\/wp\/v2\/tags?post=46286"}],"curies":[{"name":"wp","href":"https:\/\/api.w.org\/{rel}","templated":true}]}}