{"id":46283,"date":"2023-04-12T11:49:09","date_gmt":"2023-04-12T09:49:09","guid":{"rendered":"https:\/\/www.laguiadepamplona.com\/actualidad\/?p=46283"},"modified":"2023-04-12T11:49:09","modified_gmt":"2023-04-12T09:49:09","slug":"el-festival-internacional-de-cine-y-medio-ambiente-ecozine-presenta-en-la-edicion-de-este-ano-otras-formas-de-vivir-mas-sostenibles-con-el-entorno","status":"publish","type":"post","link":"https:\/\/www.laguiadepamplona.com\/actualidad\/el-festival-internacional-de-cine-y-medio-ambiente-ecozine-presenta-en-la-edicion-de-este-ano-otras-formas-de-vivir-mas-sostenibles-con-el-entorno\/","title":{"rendered":"El festival internacional de cine y medio ambiente Ecozine presenta en la edici\u00f3n de este a\u00f1o otras formas de vivir m\u00e1s sostenibles con el entorno"},"content":{"rendered":"<h5>Ya est\u00e1n disponibles en taquilla las entradas gratuitas para las cuatro sesiones en Golem Baiona, del 17 al 20 de abril, a las 19.30 horas<\/h5>\n<p><!--more--><\/p>\n<p>El festival internacional de cine y medio ambiente Ecozine propone para la semana pr\u00f3xima un interesante programa. Las sesiones, con entrada gratuita que se puede recoger ya en taquilla, ser\u00e1n en los cines Golem Baiona, entre el lunes 17 y el jueves 20, a las 19.30. La edici\u00f3n de este a\u00f1o abre y cierra con los beneficios e impactos de la ganader\u00eda en el medio ambiente, pero ofrece tambi\u00e9n la posibilidad de viajar a la Amazon\u00eda brasile\u00f1a y peruana, a C\u00f3rcega e incluso viajar a trav\u00e9s del tiempo hasta la lucha pacifista de los 80 en Inglaterra. Al finalizar cada proyecci\u00f3n, el p\u00fablico podr\u00e1 conversar con los directores y directoras de cada obra.<\/p>\n<p>El programa se estrena el lunes 17 con \u2018Loop\u2019, ganador del Goya al mejor cortometraje de animaci\u00f3n. Este corto espa\u00f1ol, de ocho minutos y sin di\u00e1logos, precede al documental \u2018Ganado o desierto\u2019, rodado el a\u00f1o pasado en Espa\u00f1a. Esta pel\u00edcula se emite en versi\u00f3n original, en ingl\u00e9s, portugu\u00e9s y castellano; narra c\u00f3mo la lucha por revertir el cambio clim\u00e1tico est\u00e1 poniendo la ganader\u00eda en el punto de mira. El buen manejo del ganado se presenta como una soluci\u00f3n real para la restauraci\u00f3n de los ecosistemas y las econom\u00edas rurales.<br \/>\n<script async src=\"\/\/pagead2.googlesyndication.com\/pagead\/js\/adsbygoogle.js\"><\/script><br \/>\n<!-- Noticias La Guia de Pamplona --><br \/>\n<ins class=\"adsbygoogle\"\nstyle=\"display:block\"\ndata-ad-client=\"ca-pub-6943679897239327\"\ndata-ad-slot=\"7048180777\"\ndata-ad-format=\"auto\"><\/ins><br \/>\n<script>\n(adsbygoogle = window.adsbygoogle || []).push({});\n<\/script><\/p>\n<p>El martes la primera proyecci\u00f3n es el corto canadiense \u2018Feeling the Apocalypse\u2019, que se ofrece en ingl\u00e9s. La protagonista del d\u00eda es \u2018Pisar suavemente na terra\u2019, de Brasil, rodada en portugu\u00e9s y castellano. El filme describe c\u00f3mo tres l\u00edderes ind\u00edgenas de la Amazon\u00eda intentan mantener viva su forma de estar en el mundo. Los tres narran las amenazas a sus territorios por la miner\u00eda, los monocultivos, la exploraci\u00f3n petrolera, la tala y la construcci\u00f3n de centrales hidroel\u00e9ctricas.<\/p>\n<p>El mi\u00e9rcoles, desde Suiza y en ingl\u00e9s, llega \u2018The invention of less\u2019. Tambi\u00e9n en ingl\u00e9s y desde el Reino Unido, \u2018Sew to say\u2019 cuenta la historia de la artista y creadora de pancartas Thalia, que en los a\u00f1os 80 se convirti\u00f3 en parte de un campamento para oponerse a las armas nucleares, en la que fue la protesta feminista m\u00e1s larga de la historia brit\u00e1nica.<br \/>\n<script async src=\"\/\/pagead2.googlesyndication.com\/pagead\/js\/adsbygoogle.js\"><\/script><br \/>\n<!-- Noticias La Guia de Pamplona --><br \/>\n<ins class=\"adsbygoogle\"\nstyle=\"display:block\"\ndata-ad-client=\"ca-pub-6943679897239327\"\ndata-ad-slot=\"7048180777\"\ndata-ad-format=\"auto\"><\/ins><br \/>\n<script>\n(adsbygoogle = window.adsbygoogle || []).push({});\n<\/script><\/p>\n<p>El festival cierra su sexto a\u00f1o en Pamplona con dos obras francesas: el corto \u2018Nom d\u2019une plante!\u2019 y \u2018La part du r\u00eave\u2019. La pel\u00edcula cuenta la aventura de una joven cabrera, Leticia, que se asienta en la tierra de sus antepasados en C\u00f3rcega. Sola, tenaz, resistente e independiente, inventa un camino ins\u00f3lito para echar ra\u00edces. Tras este entra\u00f1able retrato est\u00e1 el deseo de cambiar, quiz\u00e1s no el mundo, pero al menos su cotidianidad.<\/p>\n<p>Toda la informaci\u00f3n sobre el festival est\u00e1 disponible en la web <a href=\"https:\/\/educacionambiental.pamplona.es\/ciudadania\/festival-de-cine-y-medioambiente-ecozine\/\" target=\"_blank\" rel=\"noopener\">educaci\u00f3nambiental.pamplona.es<\/a>. Las creaciones se proyectan en versi\u00f3n original, con subt\u00edtulos en castellano.<\/p>\n<p>La secci\u00f3n joven del Festival, donde se proyectan cortos dirigidos al alumnado de Secundaria, ha tenido lugar del 3 al 5 de abril en Civivox Iturrama. A lo largo de presente edici\u00f3n, han participado m\u00e1s de 1.000 alumnos y alumnas de diferentes centros educativos de la ciudad.<br \/>\n<script async src=\"\/\/pagead2.googlesyndication.com\/pagead\/js\/adsbygoogle.js\"><\/script><br \/>\n<!-- Noticias La Guia de Pamplona --><br \/>\n<ins class=\"adsbygoogle\"\nstyle=\"display:block\"\ndata-ad-client=\"ca-pub-6943679897239327\"\ndata-ad-slot=\"7048180777\"\ndata-ad-format=\"auto\"><\/ins><br \/>\n<script>\n(adsbygoogle = window.adsbygoogle || []).push({});\n<\/script><\/p>\n<p>&nbsp;<\/p>\n<h3>Festival Internacional de Cine y Medio Ambiente &#8211; Ecozine<\/h3>\n<ul>\n<li>Fechas: del 17 al 20 de abril. 19.30 horas<\/li>\n<li>Lugar: Cines Golem Baiona<\/li>\n<li>Las entradas, gratuitas, est\u00e1n ya disponibles en taquilla<\/li>\n<li>Las pel\u00edculas se proyectan en versi\u00f3n original con subt\u00edtulos en castellano:\n<ul>\n<li>Lunes 17: \u2018Loop\u2019 (Espa\u00f1a, corto sin di\u00e1logos) y \u2018Ganado o desierto\u2019 (Espa\u00f1a)<\/li>\n<li>Martes 18: \u2018Feeling the Apocalypse\u2019 (Canad\u00e1, corto) y \u2018Pisar suavemente na terra\u2019 (Brasil)<\/li>\n<li>Mi\u00e9rcoles 19: \u2018The invention of less\u2019 (Suiza, corto) y \u2018Sew to say\u2019 (Reino Unido)<\/li>\n<li>Jueves 20: \u2018Nom d\u2019une plante!\u2019 (Francia, corto) y \u2018La part du r\u00eave\u2019 (Francia)<\/li>\n<\/ul>\n<\/li>\n<li>M\u00e1s informaci\u00f3n en la web <a href=\"https:\/\/educacionambiental.pamplona.es\/ciudadania\/festival-de-cine-y-medioambiente-ecozine\/\" target=\"_blank\" rel=\"noopener\">educaci\u00f3nambiental.pamplona.es<\/a><\/li>\n<\/ul>\n","protected":false},"excerpt":{"rendered":"<p>Ya est\u00e1n disponibles en taquilla las entradas gratuitas para las cuatro sesiones en Golem Baiona, del 17 al 20 de abril, a las 19.30 horas<\/p>\n","protected":false},"author":1,"featured_media":46284,"comment_status":"open","ping_status":"closed","sticky":false,"template":"","format":"standard","meta":{"footnotes":""},"categories":[2],"tags":[],"class_list":["post-46283","post","type-post","status-publish","format-standard","has-post-thumbnail","hentry","category-ayuntamiento-pamplona"],"yoast_head":"<!-- This site is optimized with the Yoast SEO plugin v27.3 - https:\/\/yoast.com\/product\/yoast-seo-wordpress\/ -->\n<title>El festival internacional de cine y medio ambiente Ecozine presenta en la edici\u00f3n de este a\u00f1o otras formas de vivir m\u00e1s sostenibles con el entorno<\/title>\n<meta name=\"description\" content=\"Ya est\u00e1n disponibles en taquilla las entradas gratuitas para las cuatro sesiones en Golem Baiona, del 17 al 20 de abril, a las 19.30 horas\" \/>\n<meta name=\"robots\" content=\"index, follow, max-snippet:-1, max-image-preview:large, max-video-preview:-1\" \/>\n<link rel=\"canonical\" href=\"https:\/\/www.laguiadepamplona.com\/actualidad\/el-festival-internacional-de-cine-y-medio-ambiente-ecozine-presenta-en-la-edicion-de-este-ano-otras-formas-de-vivir-mas-sostenibles-con-el-entorno\/\" \/>\n<meta property=\"og:locale\" content=\"es_ES\" \/>\n<meta property=\"og:type\" content=\"article\" \/>\n<meta property=\"og:title\" content=\"El festival internacional de cine y medio ambiente Ecozine presenta en la edici\u00f3n de este a\u00f1o otras formas de vivir m\u00e1s sostenibles con el entorno\" \/>\n<meta property=\"og:description\" content=\"Ya est\u00e1n disponibles en taquilla las entradas gratuitas para las cuatro sesiones en Golem Baiona, del 17 al 20 de abril, a las 19.30 horas\" \/>\n<meta property=\"og:url\" content=\"https:\/\/www.laguiadepamplona.com\/actualidad\/el-festival-internacional-de-cine-y-medio-ambiente-ecozine-presenta-en-la-edicion-de-este-ano-otras-formas-de-vivir-mas-sostenibles-con-el-entorno\/\" \/>\n<meta property=\"og:site_name\" content=\"La Gu\u00eda de Pamplona\" \/>\n<meta property=\"article:publisher\" content=\"https:\/\/www.facebook.com\/laguiadepamplonacom-133175176762273\/?ref=hl\" \/>\n<meta property=\"article:published_time\" content=\"2023-04-12T09:49:09+00:00\" \/>\n<meta property=\"og:image\" content=\"https:\/\/www.laguiadepamplona.com\/actualidad\/wp-content\/uploads\/2023\/04\/banner_redes_Pamplona_Instagram1080x1080.webp\" \/>\n\t<meta property=\"og:image:width\" content=\"1080\" \/>\n\t<meta property=\"og:image:height\" content=\"1080\" \/>\n\t<meta property=\"og:image:type\" content=\"image\/webp\" \/>\n<meta name=\"author\" content=\"La Gu\u00eda de Pamplona\" \/>\n<meta name=\"twitter:card\" content=\"summary_large_image\" \/>\n<meta name=\"twitter:creator\" content=\"@LaGuiadPamplona\" \/>\n<meta name=\"twitter:site\" content=\"@LaGuiadPamplona\" \/>\n<meta name=\"twitter:label1\" content=\"Escrito por\" \/>\n\t<meta name=\"twitter:data1\" content=\"La Gu\u00eda de Pamplona\" \/>\n\t<meta name=\"twitter:label2\" content=\"Tiempo de lectura\" \/>\n\t<meta name=\"twitter:data2\" content=\"3 minutos\" \/>\n<script type=\"application\/ld+json\" class=\"yoast-schema-graph\">{\"@context\":\"https:\\\/\\\/schema.org\",\"@graph\":[{\"@type\":\"Article\",\"@id\":\"https:\\\/\\\/www.laguiadepamplona.com\\\/actualidad\\\/el-festival-internacional-de-cine-y-medio-ambiente-ecozine-presenta-en-la-edicion-de-este-ano-otras-formas-de-vivir-mas-sostenibles-con-el-entorno\\\/#article\",\"isPartOf\":{\"@id\":\"https:\\\/\\\/www.laguiadepamplona.com\\\/actualidad\\\/el-festival-internacional-de-cine-y-medio-ambiente-ecozine-presenta-en-la-edicion-de-este-ano-otras-formas-de-vivir-mas-sostenibles-con-el-entorno\\\/\"},\"author\":{\"name\":\"La Gu\u00eda de Pamplona\",\"@id\":\"https:\\\/\\\/www.laguiadepamplona.com\\\/actualidad\\\/#\\\/schema\\\/person\\\/efe887376f0213d4657c93adc50b1fdb\"},\"headline\":\"El festival internacional de cine y medio ambiente Ecozine presenta en la edici\u00f3n de este a\u00f1o otras formas de vivir m\u00e1s sostenibles con el entorno\",\"datePublished\":\"2023-04-12T09:49:09+00:00\",\"mainEntityOfPage\":{\"@id\":\"https:\\\/\\\/www.laguiadepamplona.com\\\/actualidad\\\/el-festival-internacional-de-cine-y-medio-ambiente-ecozine-presenta-en-la-edicion-de-este-ano-otras-formas-de-vivir-mas-sostenibles-con-el-entorno\\\/\"},\"wordCount\":701,\"commentCount\":0,\"publisher\":{\"@id\":\"https:\\\/\\\/www.laguiadepamplona.com\\\/actualidad\\\/#organization\"},\"image\":{\"@id\":\"https:\\\/\\\/www.laguiadepamplona.com\\\/actualidad\\\/el-festival-internacional-de-cine-y-medio-ambiente-ecozine-presenta-en-la-edicion-de-este-ano-otras-formas-de-vivir-mas-sostenibles-con-el-entorno\\\/#primaryimage\"},\"thumbnailUrl\":\"https:\\\/\\\/www.laguiadepamplona.com\\\/actualidad\\\/wp-content\\\/uploads\\\/2023\\\/04\\\/banner_redes_Pamplona_Instagram1080x1080.webp\",\"articleSection\":[\"Ayto Pamplona\"],\"inLanguage\":\"es\",\"potentialAction\":[{\"@type\":\"CommentAction\",\"name\":\"Comment\",\"target\":[\"https:\\\/\\\/www.laguiadepamplona.com\\\/actualidad\\\/el-festival-internacional-de-cine-y-medio-ambiente-ecozine-presenta-en-la-edicion-de-este-ano-otras-formas-de-vivir-mas-sostenibles-con-el-entorno\\\/#respond\"]}]},{\"@type\":\"WebPage\",\"@id\":\"https:\\\/\\\/www.laguiadepamplona.com\\\/actualidad\\\/el-festival-internacional-de-cine-y-medio-ambiente-ecozine-presenta-en-la-edicion-de-este-ano-otras-formas-de-vivir-mas-sostenibles-con-el-entorno\\\/\",\"url\":\"https:\\\/\\\/www.laguiadepamplona.com\\\/actualidad\\\/el-festival-internacional-de-cine-y-medio-ambiente-ecozine-presenta-en-la-edicion-de-este-ano-otras-formas-de-vivir-mas-sostenibles-con-el-entorno\\\/\",\"name\":\"El festival internacional de cine y medio ambiente Ecozine presenta en la edici\u00f3n de este a\u00f1o otras formas de vivir m\u00e1s sostenibles con el entorno\",\"isPartOf\":{\"@id\":\"https:\\\/\\\/www.laguiadepamplona.com\\\/actualidad\\\/#website\"},\"primaryImageOfPage\":{\"@id\":\"https:\\\/\\\/www.laguiadepamplona.com\\\/actualidad\\\/el-festival-internacional-de-cine-y-medio-ambiente-ecozine-presenta-en-la-edicion-de-este-ano-otras-formas-de-vivir-mas-sostenibles-con-el-entorno\\\/#primaryimage\"},\"image\":{\"@id\":\"https:\\\/\\\/www.laguiadepamplona.com\\\/actualidad\\\/el-festival-internacional-de-cine-y-medio-ambiente-ecozine-presenta-en-la-edicion-de-este-ano-otras-formas-de-vivir-mas-sostenibles-con-el-entorno\\\/#primaryimage\"},\"thumbnailUrl\":\"https:\\\/\\\/www.laguiadepamplona.com\\\/actualidad\\\/wp-content\\\/uploads\\\/2023\\\/04\\\/banner_redes_Pamplona_Instagram1080x1080.webp\",\"datePublished\":\"2023-04-12T09:49:09+00:00\",\"description\":\"Ya est\u00e1n disponibles en taquilla las entradas gratuitas para las cuatro sesiones en Golem Baiona, del 17 al 20 de abril, a las 19.30 horas\",\"breadcrumb\":{\"@id\":\"https:\\\/\\\/www.laguiadepamplona.com\\\/actualidad\\\/el-festival-internacional-de-cine-y-medio-ambiente-ecozine-presenta-en-la-edicion-de-este-ano-otras-formas-de-vivir-mas-sostenibles-con-el-entorno\\\/#breadcrumb\"},\"inLanguage\":\"es\",\"potentialAction\":[{\"@type\":\"ReadAction\",\"target\":[\"https:\\\/\\\/www.laguiadepamplona.com\\\/actualidad\\\/el-festival-internacional-de-cine-y-medio-ambiente-ecozine-presenta-en-la-edicion-de-este-ano-otras-formas-de-vivir-mas-sostenibles-con-el-entorno\\\/\"]}]},{\"@type\":\"ImageObject\",\"inLanguage\":\"es\",\"@id\":\"https:\\\/\\\/www.laguiadepamplona.com\\\/actualidad\\\/el-festival-internacional-de-cine-y-medio-ambiente-ecozine-presenta-en-la-edicion-de-este-ano-otras-formas-de-vivir-mas-sostenibles-con-el-entorno\\\/#primaryimage\",\"url\":\"https:\\\/\\\/www.laguiadepamplona.com\\\/actualidad\\\/wp-content\\\/uploads\\\/2023\\\/04\\\/banner_redes_Pamplona_Instagram1080x1080.webp\",\"contentUrl\":\"https:\\\/\\\/www.laguiadepamplona.com\\\/actualidad\\\/wp-content\\\/uploads\\\/2023\\\/04\\\/banner_redes_Pamplona_Instagram1080x1080.webp\",\"width\":1080,\"height\":1080},{\"@type\":\"BreadcrumbList\",\"@id\":\"https:\\\/\\\/www.laguiadepamplona.com\\\/actualidad\\\/el-festival-internacional-de-cine-y-medio-ambiente-ecozine-presenta-en-la-edicion-de-este-ano-otras-formas-de-vivir-mas-sostenibles-con-el-entorno\\\/#breadcrumb\",\"itemListElement\":[{\"@type\":\"ListItem\",\"position\":1,\"name\":\"Portada\",\"item\":\"https:\\\/\\\/www.laguiadepamplona.com\\\/actualidad\\\/\"},{\"@type\":\"ListItem\",\"position\":2,\"name\":\"El festival internacional de cine y medio ambiente Ecozine presenta en la edici\u00f3n de este a\u00f1o otras formas de vivir m\u00e1s sostenibles con el entorno\"}]},{\"@type\":\"WebSite\",\"@id\":\"https:\\\/\\\/www.laguiadepamplona.com\\\/actualidad\\\/#website\",\"url\":\"https:\\\/\\\/www.laguiadepamplona.com\\\/actualidad\\\/\",\"name\":\"La gu\u00eda de Pamplona\",\"description\":\"Noticias de Pamplona\",\"publisher\":{\"@id\":\"https:\\\/\\\/www.laguiadepamplona.com\\\/actualidad\\\/#organization\"},\"potentialAction\":[{\"@type\":\"SearchAction\",\"target\":{\"@type\":\"EntryPoint\",\"urlTemplate\":\"https:\\\/\\\/www.laguiadepamplona.com\\\/actualidad\\\/?s={search_term_string}\"},\"query-input\":{\"@type\":\"PropertyValueSpecification\",\"valueRequired\":true,\"valueName\":\"search_term_string\"}}],\"inLanguage\":\"es\"},{\"@type\":\"Organization\",\"@id\":\"https:\\\/\\\/www.laguiadepamplona.com\\\/actualidad\\\/#organization\",\"name\":\"La Gu\u00eda de Pamplona \\\/ Noticias\",\"url\":\"https:\\\/\\\/www.laguiadepamplona.com\\\/actualidad\\\/\",\"logo\":{\"@type\":\"ImageObject\",\"inLanguage\":\"es\",\"@id\":\"https:\\\/\\\/www.laguiadepamplona.com\\\/actualidad\\\/#\\\/schema\\\/logo\\\/image\\\/\",\"url\":\"https:\\\/\\\/www.laguiadepamplona.com\\\/actualidad\\\/wp-content\\\/uploads\\\/2018\\\/11\\\/logo-laguiadepamplona18-web1.png\",\"contentUrl\":\"https:\\\/\\\/www.laguiadepamplona.com\\\/actualidad\\\/wp-content\\\/uploads\\\/2018\\\/11\\\/logo-laguiadepamplona18-web1.png\",\"width\":600,\"height\":196,\"caption\":\"La Gu\u00eda de Pamplona \\\/ Noticias\"},\"image\":{\"@id\":\"https:\\\/\\\/www.laguiadepamplona.com\\\/actualidad\\\/#\\\/schema\\\/logo\\\/image\\\/\"},\"sameAs\":[\"https:\\\/\\\/www.facebook.com\\\/laguiadepamplonacom-133175176762273\\\/?ref=hl\",\"https:\\\/\\\/x.com\\\/LaGuiadPamplona\",\"https:\\\/\\\/www.instagram.com\\\/la_guia_de_pamplona\\\/\",\"https:\\\/\\\/www.youtube.com\\\/user\\\/laguiadepamplona\"]},{\"@type\":\"Person\",\"@id\":\"https:\\\/\\\/www.laguiadepamplona.com\\\/actualidad\\\/#\\\/schema\\\/person\\\/efe887376f0213d4657c93adc50b1fdb\",\"name\":\"La Gu\u00eda de Pamplona\",\"image\":{\"@type\":\"ImageObject\",\"inLanguage\":\"es\",\"@id\":\"https:\\\/\\\/secure.gravatar.com\\\/avatar\\\/b6992f131dc8d30ab0dff15446e9d346d9dbd95992de0fef795073f5ea83a81c?s=96&d=mm&r=g\",\"url\":\"https:\\\/\\\/secure.gravatar.com\\\/avatar\\\/b6992f131dc8d30ab0dff15446e9d346d9dbd95992de0fef795073f5ea83a81c?s=96&d=mm&r=g\",\"contentUrl\":\"https:\\\/\\\/secure.gravatar.com\\\/avatar\\\/b6992f131dc8d30ab0dff15446e9d346d9dbd95992de0fef795073f5ea83a81c?s=96&d=mm&r=g\",\"caption\":\"La Gu\u00eda de Pamplona\"}}]}<\/script>\n<!-- \/ Yoast SEO plugin. -->","yoast_head_json":{"title":"El festival internacional de cine y medio ambiente Ecozine presenta en la edici\u00f3n de este a\u00f1o otras formas de vivir m\u00e1s sostenibles con el entorno","description":"Ya est\u00e1n disponibles en taquilla las entradas gratuitas para las cuatro sesiones en Golem Baiona, del 17 al 20 de abril, a las 19.30 horas","robots":{"index":"index","follow":"follow","max-snippet":"max-snippet:-1","max-image-preview":"max-image-preview:large","max-video-preview":"max-video-preview:-1"},"canonical":"https:\/\/www.laguiadepamplona.com\/actualidad\/el-festival-internacional-de-cine-y-medio-ambiente-ecozine-presenta-en-la-edicion-de-este-ano-otras-formas-de-vivir-mas-sostenibles-con-el-entorno\/","og_locale":"es_ES","og_type":"article","og_title":"El festival internacional de cine y medio ambiente Ecozine presenta en la edici\u00f3n de este a\u00f1o otras formas de vivir m\u00e1s sostenibles con el entorno","og_description":"Ya est\u00e1n disponibles en taquilla las entradas gratuitas para las cuatro sesiones en Golem Baiona, del 17 al 20 de abril, a las 19.30 horas","og_url":"https:\/\/www.laguiadepamplona.com\/actualidad\/el-festival-internacional-de-cine-y-medio-ambiente-ecozine-presenta-en-la-edicion-de-este-ano-otras-formas-de-vivir-mas-sostenibles-con-el-entorno\/","og_site_name":"La Gu\u00eda de Pamplona","article_publisher":"https:\/\/www.facebook.com\/laguiadepamplonacom-133175176762273\/?ref=hl","article_published_time":"2023-04-12T09:49:09+00:00","og_image":[{"width":1080,"height":1080,"url":"https:\/\/www.laguiadepamplona.com\/actualidad\/wp-content\/uploads\/2023\/04\/banner_redes_Pamplona_Instagram1080x1080.webp","type":"image\/webp"}],"author":"La Gu\u00eda de Pamplona","twitter_card":"summary_large_image","twitter_creator":"@LaGuiadPamplona","twitter_site":"@LaGuiadPamplona","twitter_misc":{"Escrito por":"La Gu\u00eda de Pamplona","Tiempo de lectura":"3 minutos"},"schema":{"@context":"https:\/\/schema.org","@graph":[{"@type":"Article","@id":"https:\/\/www.laguiadepamplona.com\/actualidad\/el-festival-internacional-de-cine-y-medio-ambiente-ecozine-presenta-en-la-edicion-de-este-ano-otras-formas-de-vivir-mas-sostenibles-con-el-entorno\/#article","isPartOf":{"@id":"https:\/\/www.laguiadepamplona.com\/actualidad\/el-festival-internacional-de-cine-y-medio-ambiente-ecozine-presenta-en-la-edicion-de-este-ano-otras-formas-de-vivir-mas-sostenibles-con-el-entorno\/"},"author":{"name":"La Gu\u00eda de Pamplona","@id":"https:\/\/www.laguiadepamplona.com\/actualidad\/#\/schema\/person\/efe887376f0213d4657c93adc50b1fdb"},"headline":"El festival internacional de cine y medio ambiente Ecozine presenta en la edici\u00f3n de este a\u00f1o otras formas de vivir m\u00e1s sostenibles con el entorno","datePublished":"2023-04-12T09:49:09+00:00","mainEntityOfPage":{"@id":"https:\/\/www.laguiadepamplona.com\/actualidad\/el-festival-internacional-de-cine-y-medio-ambiente-ecozine-presenta-en-la-edicion-de-este-ano-otras-formas-de-vivir-mas-sostenibles-con-el-entorno\/"},"wordCount":701,"commentCount":0,"publisher":{"@id":"https:\/\/www.laguiadepamplona.com\/actualidad\/#organization"},"image":{"@id":"https:\/\/www.laguiadepamplona.com\/actualidad\/el-festival-internacional-de-cine-y-medio-ambiente-ecozine-presenta-en-la-edicion-de-este-ano-otras-formas-de-vivir-mas-sostenibles-con-el-entorno\/#primaryimage"},"thumbnailUrl":"https:\/\/www.laguiadepamplona.com\/actualidad\/wp-content\/uploads\/2023\/04\/banner_redes_Pamplona_Instagram1080x1080.webp","articleSection":["Ayto Pamplona"],"inLanguage":"es","potentialAction":[{"@type":"CommentAction","name":"Comment","target":["https:\/\/www.laguiadepamplona.com\/actualidad\/el-festival-internacional-de-cine-y-medio-ambiente-ecozine-presenta-en-la-edicion-de-este-ano-otras-formas-de-vivir-mas-sostenibles-con-el-entorno\/#respond"]}]},{"@type":"WebPage","@id":"https:\/\/www.laguiadepamplona.com\/actualidad\/el-festival-internacional-de-cine-y-medio-ambiente-ecozine-presenta-en-la-edicion-de-este-ano-otras-formas-de-vivir-mas-sostenibles-con-el-entorno\/","url":"https:\/\/www.laguiadepamplona.com\/actualidad\/el-festival-internacional-de-cine-y-medio-ambiente-ecozine-presenta-en-la-edicion-de-este-ano-otras-formas-de-vivir-mas-sostenibles-con-el-entorno\/","name":"El festival internacional de cine y medio ambiente Ecozine presenta en la edici\u00f3n de este a\u00f1o otras formas de vivir m\u00e1s sostenibles con el entorno","isPartOf":{"@id":"https:\/\/www.laguiadepamplona.com\/actualidad\/#website"},"primaryImageOfPage":{"@id":"https:\/\/www.laguiadepamplona.com\/actualidad\/el-festival-internacional-de-cine-y-medio-ambiente-ecozine-presenta-en-la-edicion-de-este-ano-otras-formas-de-vivir-mas-sostenibles-con-el-entorno\/#primaryimage"},"image":{"@id":"https:\/\/www.laguiadepamplona.com\/actualidad\/el-festival-internacional-de-cine-y-medio-ambiente-ecozine-presenta-en-la-edicion-de-este-ano-otras-formas-de-vivir-mas-sostenibles-con-el-entorno\/#primaryimage"},"thumbnailUrl":"https:\/\/www.laguiadepamplona.com\/actualidad\/wp-content\/uploads\/2023\/04\/banner_redes_Pamplona_Instagram1080x1080.webp","datePublished":"2023-04-12T09:49:09+00:00","description":"Ya est\u00e1n disponibles en taquilla las entradas gratuitas para las cuatro sesiones en Golem Baiona, del 17 al 20 de abril, a las 19.30 horas","breadcrumb":{"@id":"https:\/\/www.laguiadepamplona.com\/actualidad\/el-festival-internacional-de-cine-y-medio-ambiente-ecozine-presenta-en-la-edicion-de-este-ano-otras-formas-de-vivir-mas-sostenibles-con-el-entorno\/#breadcrumb"},"inLanguage":"es","potentialAction":[{"@type":"ReadAction","target":["https:\/\/www.laguiadepamplona.com\/actualidad\/el-festival-internacional-de-cine-y-medio-ambiente-ecozine-presenta-en-la-edicion-de-este-ano-otras-formas-de-vivir-mas-sostenibles-con-el-entorno\/"]}]},{"@type":"ImageObject","inLanguage":"es","@id":"https:\/\/www.laguiadepamplona.com\/actualidad\/el-festival-internacional-de-cine-y-medio-ambiente-ecozine-presenta-en-la-edicion-de-este-ano-otras-formas-de-vivir-mas-sostenibles-con-el-entorno\/#primaryimage","url":"https:\/\/www.laguiadepamplona.com\/actualidad\/wp-content\/uploads\/2023\/04\/banner_redes_Pamplona_Instagram1080x1080.webp","contentUrl":"https:\/\/www.laguiadepamplona.com\/actualidad\/wp-content\/uploads\/2023\/04\/banner_redes_Pamplona_Instagram1080x1080.webp","width":1080,"height":1080},{"@type":"BreadcrumbList","@id":"https:\/\/www.laguiadepamplona.com\/actualidad\/el-festival-internacional-de-cine-y-medio-ambiente-ecozine-presenta-en-la-edicion-de-este-ano-otras-formas-de-vivir-mas-sostenibles-con-el-entorno\/#breadcrumb","itemListElement":[{"@type":"ListItem","position":1,"name":"Portada","item":"https:\/\/www.laguiadepamplona.com\/actualidad\/"},{"@type":"ListItem","position":2,"name":"El festival internacional de cine y medio ambiente Ecozine presenta en la edici\u00f3n de este a\u00f1o otras formas de vivir m\u00e1s sostenibles con el entorno"}]},{"@type":"WebSite","@id":"https:\/\/www.laguiadepamplona.com\/actualidad\/#website","url":"https:\/\/www.laguiadepamplona.com\/actualidad\/","name":"La gu\u00eda de Pamplona","description":"Noticias de Pamplona","publisher":{"@id":"https:\/\/www.laguiadepamplona.com\/actualidad\/#organization"},"potentialAction":[{"@type":"SearchAction","target":{"@type":"EntryPoint","urlTemplate":"https:\/\/www.laguiadepamplona.com\/actualidad\/?s={search_term_string}"},"query-input":{"@type":"PropertyValueSpecification","valueRequired":true,"valueName":"search_term_string"}}],"inLanguage":"es"},{"@type":"Organization","@id":"https:\/\/www.laguiadepamplona.com\/actualidad\/#organization","name":"La Gu\u00eda de Pamplona \/ Noticias","url":"https:\/\/www.laguiadepamplona.com\/actualidad\/","logo":{"@type":"ImageObject","inLanguage":"es","@id":"https:\/\/www.laguiadepamplona.com\/actualidad\/#\/schema\/logo\/image\/","url":"https:\/\/www.laguiadepamplona.com\/actualidad\/wp-content\/uploads\/2018\/11\/logo-laguiadepamplona18-web1.png","contentUrl":"https:\/\/www.laguiadepamplona.com\/actualidad\/wp-content\/uploads\/2018\/11\/logo-laguiadepamplona18-web1.png","width":600,"height":196,"caption":"La Gu\u00eda de Pamplona \/ Noticias"},"image":{"@id":"https:\/\/www.laguiadepamplona.com\/actualidad\/#\/schema\/logo\/image\/"},"sameAs":["https:\/\/www.facebook.com\/laguiadepamplonacom-133175176762273\/?ref=hl","https:\/\/x.com\/LaGuiadPamplona","https:\/\/www.instagram.com\/la_guia_de_pamplona\/","https:\/\/www.youtube.com\/user\/laguiadepamplona"]},{"@type":"Person","@id":"https:\/\/www.laguiadepamplona.com\/actualidad\/#\/schema\/person\/efe887376f0213d4657c93adc50b1fdb","name":"La Gu\u00eda de Pamplona","image":{"@type":"ImageObject","inLanguage":"es","@id":"https:\/\/secure.gravatar.com\/avatar\/b6992f131dc8d30ab0dff15446e9d346d9dbd95992de0fef795073f5ea83a81c?s=96&d=mm&r=g","url":"https:\/\/secure.gravatar.com\/avatar\/b6992f131dc8d30ab0dff15446e9d346d9dbd95992de0fef795073f5ea83a81c?s=96&d=mm&r=g","contentUrl":"https:\/\/secure.gravatar.com\/avatar\/b6992f131dc8d30ab0dff15446e9d346d9dbd95992de0fef795073f5ea83a81c?s=96&d=mm&r=g","caption":"La Gu\u00eda de Pamplona"}}]}},"post_mailing_queue_ids":[],"_links":{"self":[{"href":"https:\/\/www.laguiadepamplona.com\/actualidad\/wp-json\/wp\/v2\/posts\/46283","targetHints":{"allow":["GET"]}}],"collection":[{"href":"https:\/\/www.laguiadepamplona.com\/actualidad\/wp-json\/wp\/v2\/posts"}],"about":[{"href":"https:\/\/www.laguiadepamplona.com\/actualidad\/wp-json\/wp\/v2\/types\/post"}],"author":[{"embeddable":true,"href":"https:\/\/www.laguiadepamplona.com\/actualidad\/wp-json\/wp\/v2\/users\/1"}],"replies":[{"embeddable":true,"href":"https:\/\/www.laguiadepamplona.com\/actualidad\/wp-json\/wp\/v2\/comments?post=46283"}],"version-history":[{"count":1,"href":"https:\/\/www.laguiadepamplona.com\/actualidad\/wp-json\/wp\/v2\/posts\/46283\/revisions"}],"predecessor-version":[{"id":46285,"href":"https:\/\/www.laguiadepamplona.com\/actualidad\/wp-json\/wp\/v2\/posts\/46283\/revisions\/46285"}],"wp:featuredmedia":[{"embeddable":true,"href":"https:\/\/www.laguiadepamplona.com\/actualidad\/wp-json\/wp\/v2\/media\/46284"}],"wp:attachment":[{"href":"https:\/\/www.laguiadepamplona.com\/actualidad\/wp-json\/wp\/v2\/media?parent=46283"}],"wp:term":[{"taxonomy":"category","embeddable":true,"href":"https:\/\/www.laguiadepamplona.com\/actualidad\/wp-json\/wp\/v2\/categories?post=46283"},{"taxonomy":"post_tag","embeddable":true,"href":"https:\/\/www.laguiadepamplona.com\/actualidad\/wp-json\/wp\/v2\/tags?post=46283"}],"curies":[{"name":"wp","href":"https:\/\/api.w.org\/{rel}","templated":true}]}}