{"id":4569,"date":"2015-01-29T14:17:14","date_gmt":"2015-01-29T12:17:14","guid":{"rendered":"http:\/\/laguiadepamplona.com\/actualidad\/?p=4569"},"modified":"2015-01-29T14:17:14","modified_gmt":"2015-01-29T12:17:14","slug":"el-servicio-de-promocion-empresarial-cierra-tras-siete-anos-de-apoyo-al-emprendimiento-debido-a-un-cambio-normativo-estatal-que-modifica-las-competencias-municipales","status":"publish","type":"post","link":"https:\/\/www.laguiadepamplona.com\/actualidad\/el-servicio-de-promocion-empresarial-cierra-tras-siete-anos-de-apoyo-al-emprendimiento-debido-a-un-cambio-normativo-estatal-que-modifica-las-competencias-municipales\/","title":{"rendered":"El Servicio de Promoci\u00f3n Empresarial cierra tras siete a\u00f1os de apoyo al emprendimiento, debido a un cambio normativo estatal que modifica las competencias municipales"},"content":{"rendered":"<h4>Ayuntamiento y Gobierno estudian f\u00f3rmulas de colaboraci\u00f3n para seguir teniendo en la ciudad un espacio de atenci\u00f3n a los emprendedores<\/h4>\n<p><a href=\"http:\/\/laguiadepamplona.com\/actualidad\/wp-content\/uploads\/2014\/07\/spe-pamplona.jpg\"><img loading=\"lazy\" decoding=\"async\" class=\"alignleft size-medium wp-image-2412\" src=\"http:\/\/laguiadepamplona.com\/actualidad\/wp-content\/uploads\/2014\/07\/spe-pamplona-300x156.jpg\" alt=\"spe pamplona\" width=\"300\" height=\"156\" \/><\/a>El Servicio de Promoci\u00f3n Empresarial (SPE) del Ayuntamiento de Pamplona cesa su actividad ma\u00f1ana viernes, tras siete a\u00f1os de actividades y acciones de apoyo a emprendedores y empresas de la ciudad. El motivo del cierre es un cambio en la normativa deriva de la Ley 27\/2013, de 27 de diciembre, de Racionalizaci\u00f3n y Sostenibilidad de la Administraci\u00f3n Local, que trata de evitar duplicidades en los servicios que ofrecen las administraciones p\u00fablicas. En la actualidad, el Ayuntamiento de Pamplona y el Gobierno de Navarra ofrecen el mismo servicio de atenci\u00f3n a emprendedores a trav\u00e9s del SPE y del CEIN, respectivamente.<\/p>\n<p>Ayuntamiento y Gobierno de Navarra ultiman un convenio de colaboraci\u00f3n para que se garantice una especial atenci\u00f3n a los emprendedores y empresas de Pamplona, dado el peso de la ciudad dentro del tejido empresarial y comercial de la comunidad foral. Se trata, pues, de habilitar un espacio de atenci\u00f3n a emprendedores en el Ensanche al que puedan dirigirse los interesados en informaci\u00f3n y asesoramiento para crear un negocio o empresa. El Gobierno de Navarra es la administraci\u00f3n que tiene la competencia de apoyo y fomento a emprendedores, seg\u00fan la Ley 27\/2013, de 27 de diciembre, de Racionalizaci\u00f3n y Sostenibilidad de la Administraci\u00f3n Local.<\/p>\n<p>A pesar del cierre del SPE, el Ayuntamiento de Pamplona quiere seguir dedicando recursos para, dentro de los nuevos l\u00edmites que marca la legislaci\u00f3n, poder ayudar y fomentar la creaci\u00f3n de empresas y su mejor desarrollo en el municipio. Asimismo, el Consistorio agradece el trabajo realizado por los profesionales que han gestionado el Servicio de Promoci\u00f3n Empresarial en sus siete a\u00f1os de existencia, un servicio valorado por encima del 8 sobre 10 en las encuestas realizadas a clientes y usuarios.<\/p>\n<p><strong>51 empresas creadas y casi 200 horas de formaci\u00f3n el a\u00f1o pasado<\/strong><\/p>\n<p>El Servicio de Promoci\u00f3n Empresarial del Ayuntamiento de Pamplona realiz\u00f3 el a\u00f1o pasado 291 asesoramientos para nuevos proyectos y elabor\u00f3 52 planes de viabilidad para emprendedores. Todo ello obtuvo como resultado la creaci\u00f3n de 51 empresas en 2014, 16 m\u00e1s que el a\u00f1o anterior.<\/p>\n<p>En el aspecto formativo, a lo largo del a\u00f1o se realizaron 44 cursos o charlas que supusieron 145 horas de formaci\u00f3n y a las que asistieron 922 personas. Esas acciones versaron sobre aspectos como las tecnolog\u00edas de la informaci\u00f3n y la comunicaci\u00f3n (TIC), el urbanismo comercial, la competitividad y la capacitaci\u00f3n, la innovaci\u00f3n, las redes sociales o la igualdad. Se impartieron, adem\u00e1s, 25 charlas peri\u00f3dicas dedicadas a tr\u00e1mites de urbanismo o a los pasos necesarios para crear una empresa, es decir, 50 horas de formaci\u00f3n en las que participaron 286 personas. Tambi\u00e9n se han desarrollado 58 tutor\u00edas sobre merchandising en el punto de venta, gesti\u00f3n empresarial, mejora de la imagen externa del establecimiento o TIC.<\/p>\n<p>En 2014 el SPE alcanz\u00f3 a finales del a\u00f1o pasado los 2.658 socios, despu\u00e9s de que 156 personas se incorporaran a sus servicios. Durante el a\u00f1o se prestaron un total de 521 libros o publicaciones y se realizaron 9.596 usos de la mediateca, un 85% de ellos de car\u00e1cter multimedia.<\/p>\n<p>La presencia en redes sociales se plasma en los 207 nuevos seguidores sumados a la p\u00e1gina de Facebook, que alcanza ya los 810, y los 333 nuevos seguidores de la cuenta de Twitter hasta lograr 990 <em>followers<\/em>. En Linkedin el SPE tiene 36 seguidores. A trav\u00e9s de internet, la biblioteca online recibi\u00f3 1.379 visitas con 3.905 p\u00e1ginas vistas.<\/p>\n<p>&nbsp;<\/p>\n","protected":false},"excerpt":{"rendered":"<p>Ayuntamiento y Gobierno estudian f\u00f3rmulas de colaboraci\u00f3n para seguir teniendo en la ciudad un espacio de atenci\u00f3n a los emprendedores El Servicio de Promoci\u00f3n Empresarial (SPE) del Ayuntamiento de Pamplona&#8230;<\/p>\n","protected":false},"author":1,"featured_media":2412,"comment_status":"closed","ping_status":"open","sticky":false,"template":"","format":"standard","meta":{"footnotes":""},"categories":[2],"tags":[5,6,509,1632,4046,4047,467,8,9,302],"class_list":["post-4569","post","type-post","status-publish","format-standard","has-post-thumbnail","hentry","category-ayuntamiento-pamplona","tag-actualidad","tag-ayto-pamplona","tag-ayuntamiento-de-pamplona","tag-cierra","tag-competencias","tag-emprendiendo","tag-municipales","tag-noticias","tag-pamplona","tag-servicio-de-promocion-empresarial"],"yoast_head":"<!-- This site is optimized with the Yoast SEO plugin v27.5 - https:\/\/yoast.com\/product\/yoast-seo-wordpress\/ -->\n<title>El Servicio de Promoci\u00f3n Empresarial cierra tras siete a\u00f1os de apoyo al emprendimiento, debido a un cambio normativo estatal que modifica las competencias municipales<\/title>\n<meta name=\"robots\" content=\"index, follow, max-snippet:-1, max-image-preview:large, max-video-preview:-1\" \/>\n<link rel=\"canonical\" href=\"https:\/\/www.laguiadepamplona.com\/actualidad\/el-servicio-de-promocion-empresarial-cierra-tras-siete-anos-de-apoyo-al-emprendimiento-debido-a-un-cambio-normativo-estatal-que-modifica-las-competencias-municipales\/\" \/>\n<meta property=\"og:locale\" content=\"es_ES\" \/>\n<meta property=\"og:type\" content=\"article\" \/>\n<meta property=\"og:title\" content=\"El Servicio de Promoci\u00f3n Empresarial cierra tras siete a\u00f1os de apoyo al emprendimiento, debido a un cambio normativo estatal que modifica las competencias municipales\" \/>\n<meta property=\"og:description\" content=\"Ayuntamiento y Gobierno estudian f\u00f3rmulas de colaboraci\u00f3n para seguir teniendo en la ciudad un espacio de atenci\u00f3n a los emprendedores El Servicio de Promoci\u00f3n Empresarial (SPE) del Ayuntamiento de Pamplona...\" \/>\n<meta property=\"og:url\" content=\"https:\/\/www.laguiadepamplona.com\/actualidad\/el-servicio-de-promocion-empresarial-cierra-tras-siete-anos-de-apoyo-al-emprendimiento-debido-a-un-cambio-normativo-estatal-que-modifica-las-competencias-municipales\/\" \/>\n<meta property=\"og:site_name\" content=\"La Gu\u00eda de Pamplona\" \/>\n<meta property=\"article:publisher\" content=\"https:\/\/www.facebook.com\/laguiadepamplonacom-133175176762273\/?ref=hl\" \/>\n<meta property=\"article:published_time\" content=\"2015-01-29T12:17:14+00:00\" \/>\n<meta name=\"author\" content=\"La Gu\u00eda de Pamplona\" \/>\n<meta name=\"twitter:card\" content=\"summary_large_image\" \/>\n<meta name=\"twitter:creator\" content=\"@LaGuiadPamplona\" \/>\n<meta name=\"twitter:site\" content=\"@LaGuiadPamplona\" \/>\n<meta name=\"twitter:label1\" content=\"Escrito por\" \/>\n\t<meta name=\"twitter:data1\" content=\"La Gu\u00eda de Pamplona\" \/>\n\t<meta name=\"twitter:label2\" content=\"Tiempo de lectura\" \/>\n\t<meta name=\"twitter:data2\" content=\"3 minutos\" \/>\n<script type=\"application\/ld+json\" class=\"yoast-schema-graph\">{\"@context\":\"https:\\\/\\\/schema.org\",\"@graph\":[{\"@type\":\"Article\",\"@id\":\"https:\\\/\\\/www.laguiadepamplona.com\\\/actualidad\\\/el-servicio-de-promocion-empresarial-cierra-tras-siete-anos-de-apoyo-al-emprendimiento-debido-a-un-cambio-normativo-estatal-que-modifica-las-competencias-municipales\\\/#article\",\"isPartOf\":{\"@id\":\"https:\\\/\\\/www.laguiadepamplona.com\\\/actualidad\\\/el-servicio-de-promocion-empresarial-cierra-tras-siete-anos-de-apoyo-al-emprendimiento-debido-a-un-cambio-normativo-estatal-que-modifica-las-competencias-municipales\\\/\"},\"author\":{\"name\":\"La Gu\u00eda de Pamplona\",\"@id\":\"https:\\\/\\\/www.laguiadepamplona.com\\\/actualidad\\\/#\\\/schema\\\/person\\\/efe887376f0213d4657c93adc50b1fdb\"},\"headline\":\"El Servicio de Promoci\u00f3n Empresarial cierra tras siete a\u00f1os de apoyo al emprendimiento, debido a un cambio normativo estatal que modifica las competencias municipales\",\"datePublished\":\"2015-01-29T12:17:14+00:00\",\"mainEntityOfPage\":{\"@id\":\"https:\\\/\\\/www.laguiadepamplona.com\\\/actualidad\\\/el-servicio-de-promocion-empresarial-cierra-tras-siete-anos-de-apoyo-al-emprendimiento-debido-a-un-cambio-normativo-estatal-que-modifica-las-competencias-municipales\\\/\"},\"wordCount\":627,\"publisher\":{\"@id\":\"https:\\\/\\\/www.laguiadepamplona.com\\\/actualidad\\\/#organization\"},\"image\":{\"@id\":\"https:\\\/\\\/www.laguiadepamplona.com\\\/actualidad\\\/el-servicio-de-promocion-empresarial-cierra-tras-siete-anos-de-apoyo-al-emprendimiento-debido-a-un-cambio-normativo-estatal-que-modifica-las-competencias-municipales\\\/#primaryimage\"},\"thumbnailUrl\":\"\",\"keywords\":[\"actualidad\",\"ayto pamplona\",\"Ayuntamiento de Pamplona\",\"cierra\",\"competencias\",\"emprendiendo\",\"municipales\",\"noticias\",\"pamplona\",\"Servicio de Promoci\u00f3n Empresarial\"],\"articleSection\":[\"Ayto Pamplona\"],\"inLanguage\":\"es\"},{\"@type\":\"WebPage\",\"@id\":\"https:\\\/\\\/www.laguiadepamplona.com\\\/actualidad\\\/el-servicio-de-promocion-empresarial-cierra-tras-siete-anos-de-apoyo-al-emprendimiento-debido-a-un-cambio-normativo-estatal-que-modifica-las-competencias-municipales\\\/\",\"url\":\"https:\\\/\\\/www.laguiadepamplona.com\\\/actualidad\\\/el-servicio-de-promocion-empresarial-cierra-tras-siete-anos-de-apoyo-al-emprendimiento-debido-a-un-cambio-normativo-estatal-que-modifica-las-competencias-municipales\\\/\",\"name\":\"El Servicio de Promoci\u00f3n Empresarial cierra tras siete a\u00f1os de apoyo al emprendimiento, debido a un cambio normativo estatal que modifica las competencias municipales\",\"isPartOf\":{\"@id\":\"https:\\\/\\\/www.laguiadepamplona.com\\\/actualidad\\\/#website\"},\"primaryImageOfPage\":{\"@id\":\"https:\\\/\\\/www.laguiadepamplona.com\\\/actualidad\\\/el-servicio-de-promocion-empresarial-cierra-tras-siete-anos-de-apoyo-al-emprendimiento-debido-a-un-cambio-normativo-estatal-que-modifica-las-competencias-municipales\\\/#primaryimage\"},\"image\":{\"@id\":\"https:\\\/\\\/www.laguiadepamplona.com\\\/actualidad\\\/el-servicio-de-promocion-empresarial-cierra-tras-siete-anos-de-apoyo-al-emprendimiento-debido-a-un-cambio-normativo-estatal-que-modifica-las-competencias-municipales\\\/#primaryimage\"},\"thumbnailUrl\":\"\",\"datePublished\":\"2015-01-29T12:17:14+00:00\",\"breadcrumb\":{\"@id\":\"https:\\\/\\\/www.laguiadepamplona.com\\\/actualidad\\\/el-servicio-de-promocion-empresarial-cierra-tras-siete-anos-de-apoyo-al-emprendimiento-debido-a-un-cambio-normativo-estatal-que-modifica-las-competencias-municipales\\\/#breadcrumb\"},\"inLanguage\":\"es\",\"potentialAction\":[{\"@type\":\"ReadAction\",\"target\":[\"https:\\\/\\\/www.laguiadepamplona.com\\\/actualidad\\\/el-servicio-de-promocion-empresarial-cierra-tras-siete-anos-de-apoyo-al-emprendimiento-debido-a-un-cambio-normativo-estatal-que-modifica-las-competencias-municipales\\\/\"]}]},{\"@type\":\"ImageObject\",\"inLanguage\":\"es\",\"@id\":\"https:\\\/\\\/www.laguiadepamplona.com\\\/actualidad\\\/el-servicio-de-promocion-empresarial-cierra-tras-siete-anos-de-apoyo-al-emprendimiento-debido-a-un-cambio-normativo-estatal-que-modifica-las-competencias-municipales\\\/#primaryimage\",\"url\":\"\",\"contentUrl\":\"\"},{\"@type\":\"BreadcrumbList\",\"@id\":\"https:\\\/\\\/www.laguiadepamplona.com\\\/actualidad\\\/el-servicio-de-promocion-empresarial-cierra-tras-siete-anos-de-apoyo-al-emprendimiento-debido-a-un-cambio-normativo-estatal-que-modifica-las-competencias-municipales\\\/#breadcrumb\",\"itemListElement\":[{\"@type\":\"ListItem\",\"position\":1,\"name\":\"Portada\",\"item\":\"https:\\\/\\\/www.laguiadepamplona.com\\\/actualidad\\\/\"},{\"@type\":\"ListItem\",\"position\":2,\"name\":\"El Servicio de Promoci\u00f3n Empresarial cierra tras siete a\u00f1os de apoyo al emprendimiento, debido a un cambio normativo estatal que modifica las competencias municipales\"}]},{\"@type\":\"WebSite\",\"@id\":\"https:\\\/\\\/www.laguiadepamplona.com\\\/actualidad\\\/#website\",\"url\":\"https:\\\/\\\/www.laguiadepamplona.com\\\/actualidad\\\/\",\"name\":\"La gu\u00eda de Pamplona\",\"description\":\"Noticias de Pamplona\",\"publisher\":{\"@id\":\"https:\\\/\\\/www.laguiadepamplona.com\\\/actualidad\\\/#organization\"},\"potentialAction\":[{\"@type\":\"SearchAction\",\"target\":{\"@type\":\"EntryPoint\",\"urlTemplate\":\"https:\\\/\\\/www.laguiadepamplona.com\\\/actualidad\\\/?s={search_term_string}\"},\"query-input\":{\"@type\":\"PropertyValueSpecification\",\"valueRequired\":true,\"valueName\":\"search_term_string\"}}],\"inLanguage\":\"es\"},{\"@type\":\"Organization\",\"@id\":\"https:\\\/\\\/www.laguiadepamplona.com\\\/actualidad\\\/#organization\",\"name\":\"La Gu\u00eda de Pamplona \\\/ Noticias\",\"url\":\"https:\\\/\\\/www.laguiadepamplona.com\\\/actualidad\\\/\",\"logo\":{\"@type\":\"ImageObject\",\"inLanguage\":\"es\",\"@id\":\"https:\\\/\\\/www.laguiadepamplona.com\\\/actualidad\\\/#\\\/schema\\\/logo\\\/image\\\/\",\"url\":\"https:\\\/\\\/www.laguiadepamplona.com\\\/actualidad\\\/wp-content\\\/uploads\\\/2018\\\/11\\\/logo-laguiadepamplona18-web1.png\",\"contentUrl\":\"https:\\\/\\\/www.laguiadepamplona.com\\\/actualidad\\\/wp-content\\\/uploads\\\/2018\\\/11\\\/logo-laguiadepamplona18-web1.png\",\"width\":600,\"height\":196,\"caption\":\"La Gu\u00eda de Pamplona \\\/ Noticias\"},\"image\":{\"@id\":\"https:\\\/\\\/www.laguiadepamplona.com\\\/actualidad\\\/#\\\/schema\\\/logo\\\/image\\\/\"},\"sameAs\":[\"https:\\\/\\\/www.facebook.com\\\/laguiadepamplonacom-133175176762273\\\/?ref=hl\",\"https:\\\/\\\/x.com\\\/LaGuiadPamplona\",\"https:\\\/\\\/www.instagram.com\\\/la_guia_de_pamplona\\\/\",\"https:\\\/\\\/www.youtube.com\\\/user\\\/laguiadepamplona\"]},{\"@type\":\"Person\",\"@id\":\"https:\\\/\\\/www.laguiadepamplona.com\\\/actualidad\\\/#\\\/schema\\\/person\\\/efe887376f0213d4657c93adc50b1fdb\",\"name\":\"La Gu\u00eda de Pamplona\",\"image\":{\"@type\":\"ImageObject\",\"inLanguage\":\"es\",\"@id\":\"https:\\\/\\\/secure.gravatar.com\\\/avatar\\\/b6992f131dc8d30ab0dff15446e9d346d9dbd95992de0fef795073f5ea83a81c?s=96&d=mm&r=g\",\"url\":\"https:\\\/\\\/secure.gravatar.com\\\/avatar\\\/b6992f131dc8d30ab0dff15446e9d346d9dbd95992de0fef795073f5ea83a81c?s=96&d=mm&r=g\",\"contentUrl\":\"https:\\\/\\\/secure.gravatar.com\\\/avatar\\\/b6992f131dc8d30ab0dff15446e9d346d9dbd95992de0fef795073f5ea83a81c?s=96&d=mm&r=g\",\"caption\":\"La Gu\u00eda de Pamplona\"}}]}<\/script>\n<!-- \/ Yoast SEO plugin. -->","yoast_head_json":{"title":"El Servicio de Promoci\u00f3n Empresarial cierra tras siete a\u00f1os de apoyo al emprendimiento, debido a un cambio normativo estatal que modifica las competencias municipales","robots":{"index":"index","follow":"follow","max-snippet":"max-snippet:-1","max-image-preview":"max-image-preview:large","max-video-preview":"max-video-preview:-1"},"canonical":"https:\/\/www.laguiadepamplona.com\/actualidad\/el-servicio-de-promocion-empresarial-cierra-tras-siete-anos-de-apoyo-al-emprendimiento-debido-a-un-cambio-normativo-estatal-que-modifica-las-competencias-municipales\/","og_locale":"es_ES","og_type":"article","og_title":"El Servicio de Promoci\u00f3n Empresarial cierra tras siete a\u00f1os de apoyo al emprendimiento, debido a un cambio normativo estatal que modifica las competencias municipales","og_description":"Ayuntamiento y Gobierno estudian f\u00f3rmulas de colaboraci\u00f3n para seguir teniendo en la ciudad un espacio de atenci\u00f3n a los emprendedores El Servicio de Promoci\u00f3n Empresarial (SPE) del Ayuntamiento de Pamplona...","og_url":"https:\/\/www.laguiadepamplona.com\/actualidad\/el-servicio-de-promocion-empresarial-cierra-tras-siete-anos-de-apoyo-al-emprendimiento-debido-a-un-cambio-normativo-estatal-que-modifica-las-competencias-municipales\/","og_site_name":"La Gu\u00eda de Pamplona","article_publisher":"https:\/\/www.facebook.com\/laguiadepamplonacom-133175176762273\/?ref=hl","article_published_time":"2015-01-29T12:17:14+00:00","author":"La Gu\u00eda de Pamplona","twitter_card":"summary_large_image","twitter_creator":"@LaGuiadPamplona","twitter_site":"@LaGuiadPamplona","twitter_misc":{"Escrito por":"La Gu\u00eda de Pamplona","Tiempo de lectura":"3 minutos"},"schema":{"@context":"https:\/\/schema.org","@graph":[{"@type":"Article","@id":"https:\/\/www.laguiadepamplona.com\/actualidad\/el-servicio-de-promocion-empresarial-cierra-tras-siete-anos-de-apoyo-al-emprendimiento-debido-a-un-cambio-normativo-estatal-que-modifica-las-competencias-municipales\/#article","isPartOf":{"@id":"https:\/\/www.laguiadepamplona.com\/actualidad\/el-servicio-de-promocion-empresarial-cierra-tras-siete-anos-de-apoyo-al-emprendimiento-debido-a-un-cambio-normativo-estatal-que-modifica-las-competencias-municipales\/"},"author":{"name":"La Gu\u00eda de Pamplona","@id":"https:\/\/www.laguiadepamplona.com\/actualidad\/#\/schema\/person\/efe887376f0213d4657c93adc50b1fdb"},"headline":"El Servicio de Promoci\u00f3n Empresarial cierra tras siete a\u00f1os de apoyo al emprendimiento, debido a un cambio normativo estatal que modifica las competencias municipales","datePublished":"2015-01-29T12:17:14+00:00","mainEntityOfPage":{"@id":"https:\/\/www.laguiadepamplona.com\/actualidad\/el-servicio-de-promocion-empresarial-cierra-tras-siete-anos-de-apoyo-al-emprendimiento-debido-a-un-cambio-normativo-estatal-que-modifica-las-competencias-municipales\/"},"wordCount":627,"publisher":{"@id":"https:\/\/www.laguiadepamplona.com\/actualidad\/#organization"},"image":{"@id":"https:\/\/www.laguiadepamplona.com\/actualidad\/el-servicio-de-promocion-empresarial-cierra-tras-siete-anos-de-apoyo-al-emprendimiento-debido-a-un-cambio-normativo-estatal-que-modifica-las-competencias-municipales\/#primaryimage"},"thumbnailUrl":"","keywords":["actualidad","ayto pamplona","Ayuntamiento de Pamplona","cierra","competencias","emprendiendo","municipales","noticias","pamplona","Servicio de Promoci\u00f3n Empresarial"],"articleSection":["Ayto Pamplona"],"inLanguage":"es"},{"@type":"WebPage","@id":"https:\/\/www.laguiadepamplona.com\/actualidad\/el-servicio-de-promocion-empresarial-cierra-tras-siete-anos-de-apoyo-al-emprendimiento-debido-a-un-cambio-normativo-estatal-que-modifica-las-competencias-municipales\/","url":"https:\/\/www.laguiadepamplona.com\/actualidad\/el-servicio-de-promocion-empresarial-cierra-tras-siete-anos-de-apoyo-al-emprendimiento-debido-a-un-cambio-normativo-estatal-que-modifica-las-competencias-municipales\/","name":"El Servicio de Promoci\u00f3n Empresarial cierra tras siete a\u00f1os de apoyo al emprendimiento, debido a un cambio normativo estatal que modifica las competencias municipales","isPartOf":{"@id":"https:\/\/www.laguiadepamplona.com\/actualidad\/#website"},"primaryImageOfPage":{"@id":"https:\/\/www.laguiadepamplona.com\/actualidad\/el-servicio-de-promocion-empresarial-cierra-tras-siete-anos-de-apoyo-al-emprendimiento-debido-a-un-cambio-normativo-estatal-que-modifica-las-competencias-municipales\/#primaryimage"},"image":{"@id":"https:\/\/www.laguiadepamplona.com\/actualidad\/el-servicio-de-promocion-empresarial-cierra-tras-siete-anos-de-apoyo-al-emprendimiento-debido-a-un-cambio-normativo-estatal-que-modifica-las-competencias-municipales\/#primaryimage"},"thumbnailUrl":"","datePublished":"2015-01-29T12:17:14+00:00","breadcrumb":{"@id":"https:\/\/www.laguiadepamplona.com\/actualidad\/el-servicio-de-promocion-empresarial-cierra-tras-siete-anos-de-apoyo-al-emprendimiento-debido-a-un-cambio-normativo-estatal-que-modifica-las-competencias-municipales\/#breadcrumb"},"inLanguage":"es","potentialAction":[{"@type":"ReadAction","target":["https:\/\/www.laguiadepamplona.com\/actualidad\/el-servicio-de-promocion-empresarial-cierra-tras-siete-anos-de-apoyo-al-emprendimiento-debido-a-un-cambio-normativo-estatal-que-modifica-las-competencias-municipales\/"]}]},{"@type":"ImageObject","inLanguage":"es","@id":"https:\/\/www.laguiadepamplona.com\/actualidad\/el-servicio-de-promocion-empresarial-cierra-tras-siete-anos-de-apoyo-al-emprendimiento-debido-a-un-cambio-normativo-estatal-que-modifica-las-competencias-municipales\/#primaryimage","url":"","contentUrl":""},{"@type":"BreadcrumbList","@id":"https:\/\/www.laguiadepamplona.com\/actualidad\/el-servicio-de-promocion-empresarial-cierra-tras-siete-anos-de-apoyo-al-emprendimiento-debido-a-un-cambio-normativo-estatal-que-modifica-las-competencias-municipales\/#breadcrumb","itemListElement":[{"@type":"ListItem","position":1,"name":"Portada","item":"https:\/\/www.laguiadepamplona.com\/actualidad\/"},{"@type":"ListItem","position":2,"name":"El Servicio de Promoci\u00f3n Empresarial cierra tras siete a\u00f1os de apoyo al emprendimiento, debido a un cambio normativo estatal que modifica las competencias municipales"}]},{"@type":"WebSite","@id":"https:\/\/www.laguiadepamplona.com\/actualidad\/#website","url":"https:\/\/www.laguiadepamplona.com\/actualidad\/","name":"La gu\u00eda de Pamplona","description":"Noticias de Pamplona","publisher":{"@id":"https:\/\/www.laguiadepamplona.com\/actualidad\/#organization"},"potentialAction":[{"@type":"SearchAction","target":{"@type":"EntryPoint","urlTemplate":"https:\/\/www.laguiadepamplona.com\/actualidad\/?s={search_term_string}"},"query-input":{"@type":"PropertyValueSpecification","valueRequired":true,"valueName":"search_term_string"}}],"inLanguage":"es"},{"@type":"Organization","@id":"https:\/\/www.laguiadepamplona.com\/actualidad\/#organization","name":"La Gu\u00eda de Pamplona \/ Noticias","url":"https:\/\/www.laguiadepamplona.com\/actualidad\/","logo":{"@type":"ImageObject","inLanguage":"es","@id":"https:\/\/www.laguiadepamplona.com\/actualidad\/#\/schema\/logo\/image\/","url":"https:\/\/www.laguiadepamplona.com\/actualidad\/wp-content\/uploads\/2018\/11\/logo-laguiadepamplona18-web1.png","contentUrl":"https:\/\/www.laguiadepamplona.com\/actualidad\/wp-content\/uploads\/2018\/11\/logo-laguiadepamplona18-web1.png","width":600,"height":196,"caption":"La Gu\u00eda de Pamplona \/ Noticias"},"image":{"@id":"https:\/\/www.laguiadepamplona.com\/actualidad\/#\/schema\/logo\/image\/"},"sameAs":["https:\/\/www.facebook.com\/laguiadepamplonacom-133175176762273\/?ref=hl","https:\/\/x.com\/LaGuiadPamplona","https:\/\/www.instagram.com\/la_guia_de_pamplona\/","https:\/\/www.youtube.com\/user\/laguiadepamplona"]},{"@type":"Person","@id":"https:\/\/www.laguiadepamplona.com\/actualidad\/#\/schema\/person\/efe887376f0213d4657c93adc50b1fdb","name":"La Gu\u00eda de Pamplona","image":{"@type":"ImageObject","inLanguage":"es","@id":"https:\/\/secure.gravatar.com\/avatar\/b6992f131dc8d30ab0dff15446e9d346d9dbd95992de0fef795073f5ea83a81c?s=96&d=mm&r=g","url":"https:\/\/secure.gravatar.com\/avatar\/b6992f131dc8d30ab0dff15446e9d346d9dbd95992de0fef795073f5ea83a81c?s=96&d=mm&r=g","contentUrl":"https:\/\/secure.gravatar.com\/avatar\/b6992f131dc8d30ab0dff15446e9d346d9dbd95992de0fef795073f5ea83a81c?s=96&d=mm&r=g","caption":"La Gu\u00eda de Pamplona"}}]}},"post_mailing_queue_ids":[],"_links":{"self":[{"href":"https:\/\/www.laguiadepamplona.com\/actualidad\/wp-json\/wp\/v2\/posts\/4569","targetHints":{"allow":["GET"]}}],"collection":[{"href":"https:\/\/www.laguiadepamplona.com\/actualidad\/wp-json\/wp\/v2\/posts"}],"about":[{"href":"https:\/\/www.laguiadepamplona.com\/actualidad\/wp-json\/wp\/v2\/types\/post"}],"author":[{"embeddable":true,"href":"https:\/\/www.laguiadepamplona.com\/actualidad\/wp-json\/wp\/v2\/users\/1"}],"replies":[{"embeddable":true,"href":"https:\/\/www.laguiadepamplona.com\/actualidad\/wp-json\/wp\/v2\/comments?post=4569"}],"version-history":[{"count":0,"href":"https:\/\/www.laguiadepamplona.com\/actualidad\/wp-json\/wp\/v2\/posts\/4569\/revisions"}],"wp:featuredmedia":[{"embeddable":true,"href":"https:\/\/www.laguiadepamplona.com\/actualidad\/wp-json\/"}],"wp:attachment":[{"href":"https:\/\/www.laguiadepamplona.com\/actualidad\/wp-json\/wp\/v2\/media?parent=4569"}],"wp:term":[{"taxonomy":"category","embeddable":true,"href":"https:\/\/www.laguiadepamplona.com\/actualidad\/wp-json\/wp\/v2\/categories?post=4569"},{"taxonomy":"post_tag","embeddable":true,"href":"https:\/\/www.laguiadepamplona.com\/actualidad\/wp-json\/wp\/v2\/tags?post=4569"}],"curies":[{"name":"wp","href":"https:\/\/api.w.org\/{rel}","templated":true}]}}