{"id":4567,"date":"2015-01-29T14:12:45","date_gmt":"2015-01-29T12:12:45","guid":{"rendered":"http:\/\/laguiadepamplona.com\/actualidad\/?p=4567"},"modified":"2015-01-29T14:12:45","modified_gmt":"2015-01-29T12:12:45","slug":"el-ayuntamiento-de-pamplona-abonara-en-el-mes-de-marzo-la-cuarta-parte-de-la-paga-extra-de-diciembre-suprimida-en-2012","status":"publish","type":"post","link":"https:\/\/www.laguiadepamplona.com\/actualidad\/el-ayuntamiento-de-pamplona-abonara-en-el-mes-de-marzo-la-cuarta-parte-de-la-paga-extra-de-diciembre-suprimida-en-2012\/","title":{"rendered":"\u00a0  El Ayuntamiento de Pamplona abonar\u00e1 en el mes de marzo la cuarta parte de la paga extra de diciembre suprimida en 2012"},"content":{"rendered":"<p><a href=\"http:\/\/laguiadepamplona.com\/actualidad\/wp-content\/uploads\/2014\/06\/Ayto_Pamplona.jpg\"><img loading=\"lazy\" decoding=\"async\" class=\"alignleft size-medium wp-image-2063\" src=\"http:\/\/laguiadepamplona.com\/actualidad\/wp-content\/uploads\/2014\/06\/Ayto_Pamplona-300x225.jpg\" alt=\"Ayto_Pamplona\" width=\"300\" height=\"225\" \/><\/a>El Ayuntamiento de Pamplona abonar\u00e1 a los empleados municipales el pr\u00f3ximo mes de marzo la cuarta parte de la paga extra suprimida en diciembre de 2012. As\u00ed se puso de manifiesto en la reuni\u00f3n de la Mesa de Negociaci\u00f3n celebrada ayer en dependencias municipales. La aprobaci\u00f3n de ese pago se realizar\u00e1 mediante una Resoluci\u00f3n de Alcald\u00eda.<\/p>\n<p>Por tanto, junto a la n\u00f3mina del mes de marzo, los empleados municipales del Ayuntamiento de Pamplona recibir\u00e1n el 24,04% de la paga extra que se dej\u00f3 de cobrar en diciembre de 2012, tras el anuncio hecho en julio de ese a\u00f1o por el Gobierno de Espa\u00f1a. Ese pago tambi\u00e9n se abonar\u00e1 a quienes la generaron trabajando en el periodo de julio a diciembre de 2012 en el Ayuntamiento de Pamplona, aunque a d\u00eda de hoy haya cesado su relaci\u00f3n laboral con el Consistorio.<\/p>\n<p>La previsi\u00f3n de la consignaci\u00f3n de ese porcentaje de la paga extra ya se incluy\u00f3 en el presupuesto del Ayuntamiento de Pamplona para este a\u00f1o. No obstante, la aprobaci\u00f3n por cada Administraci\u00f3n P\u00fablica de esta medida est\u00e1 condicionada al cumplimiento de los criterios y procedimientos establecidos en la Ley Org\u00e1nica 2\/2012, de 27 de abril, de Estabilidad Presupuestaria y Estabilidad Financiera, circunstancia que cumple el Ayuntamiento de\u00a0 Pamplona, por lo que puede asumir ese pago del 24,04% de la extra de diciembre de 2012.<\/p>\n<p>&nbsp;<\/p>\n","protected":false},"excerpt":{"rendered":"<p>El Ayuntamiento de Pamplona abonar\u00e1 a los empleados municipales el pr\u00f3ximo mes de marzo la cuarta parte de la paga extra suprimida en diciembre de 2012. As\u00ed se puso de&#8230;<\/p>\n","protected":false},"author":1,"featured_media":2063,"comment_status":"closed","ping_status":"open","sticky":false,"template":"","format":"standard","meta":{"footnotes":""},"categories":[2],"tags":[4042,5,6,509,4043,3584,467,8,4044,9,4045],"class_list":["post-4567","post","type-post","status-publish","format-standard","has-post-thumbnail","hentry","category-ayuntamiento-pamplona","tag-abonara","tag-actualidad","tag-ayto-pamplona","tag-ayuntamiento-de-pamplona","tag-empleados","tag-marzo","tag-municipales","tag-noticias","tag-paga-extra","tag-pamplona","tag-suprimida"],"yoast_head":"<!-- This site is optimized with the Yoast SEO plugin v27.5 - https:\/\/yoast.com\/product\/yoast-seo-wordpress\/ -->\n<title>\u00a0 El Ayuntamiento de Pamplona abonar\u00e1 en el mes de marzo la cuarta parte de la paga extra de diciembre suprimida en 2012<\/title>\n<meta name=\"robots\" content=\"index, follow, max-snippet:-1, max-image-preview:large, max-video-preview:-1\" \/>\n<link rel=\"canonical\" href=\"https:\/\/www.laguiadepamplona.com\/actualidad\/el-ayuntamiento-de-pamplona-abonara-en-el-mes-de-marzo-la-cuarta-parte-de-la-paga-extra-de-diciembre-suprimida-en-2012\/\" \/>\n<meta property=\"og:locale\" content=\"es_ES\" \/>\n<meta property=\"og:type\" content=\"article\" \/>\n<meta property=\"og:title\" content=\"\u00a0 El Ayuntamiento de Pamplona abonar\u00e1 en el mes de marzo la cuarta parte de la paga extra de diciembre suprimida en 2012\" \/>\n<meta property=\"og:description\" content=\"El Ayuntamiento de Pamplona abonar\u00e1 a los empleados municipales el pr\u00f3ximo mes de marzo la cuarta parte de la paga extra suprimida en diciembre de 2012. As\u00ed se puso de...\" \/>\n<meta property=\"og:url\" content=\"https:\/\/www.laguiadepamplona.com\/actualidad\/el-ayuntamiento-de-pamplona-abonara-en-el-mes-de-marzo-la-cuarta-parte-de-la-paga-extra-de-diciembre-suprimida-en-2012\/\" \/>\n<meta property=\"og:site_name\" content=\"La Gu\u00eda de Pamplona\" \/>\n<meta property=\"article:publisher\" content=\"https:\/\/www.facebook.com\/laguiadepamplonacom-133175176762273\/?ref=hl\" \/>\n<meta property=\"article:published_time\" content=\"2015-01-29T12:12:45+00:00\" \/>\n<meta name=\"author\" content=\"La Gu\u00eda de Pamplona\" \/>\n<meta name=\"twitter:card\" content=\"summary_large_image\" \/>\n<meta name=\"twitter:creator\" content=\"@LaGuiadPamplona\" \/>\n<meta name=\"twitter:site\" content=\"@LaGuiadPamplona\" \/>\n<meta name=\"twitter:label1\" content=\"Escrito por\" \/>\n\t<meta name=\"twitter:data1\" content=\"La Gu\u00eda de Pamplona\" \/>\n\t<meta name=\"twitter:label2\" content=\"Tiempo de lectura\" \/>\n\t<meta name=\"twitter:data2\" content=\"1 minuto\" \/>\n<script type=\"application\/ld+json\" class=\"yoast-schema-graph\">{\"@context\":\"https:\\\/\\\/schema.org\",\"@graph\":[{\"@type\":\"Article\",\"@id\":\"https:\\\/\\\/www.laguiadepamplona.com\\\/actualidad\\\/el-ayuntamiento-de-pamplona-abonara-en-el-mes-de-marzo-la-cuarta-parte-de-la-paga-extra-de-diciembre-suprimida-en-2012\\\/#article\",\"isPartOf\":{\"@id\":\"https:\\\/\\\/www.laguiadepamplona.com\\\/actualidad\\\/el-ayuntamiento-de-pamplona-abonara-en-el-mes-de-marzo-la-cuarta-parte-de-la-paga-extra-de-diciembre-suprimida-en-2012\\\/\"},\"author\":{\"name\":\"La Gu\u00eda de Pamplona\",\"@id\":\"https:\\\/\\\/www.laguiadepamplona.com\\\/actualidad\\\/#\\\/schema\\\/person\\\/efe887376f0213d4657c93adc50b1fdb\"},\"headline\":\"\u00a0 El Ayuntamiento de Pamplona abonar\u00e1 en el mes de marzo la cuarta parte de la paga extra de diciembre suprimida en 2012\",\"datePublished\":\"2015-01-29T12:12:45+00:00\",\"mainEntityOfPage\":{\"@id\":\"https:\\\/\\\/www.laguiadepamplona.com\\\/actualidad\\\/el-ayuntamiento-de-pamplona-abonara-en-el-mes-de-marzo-la-cuarta-parte-de-la-paga-extra-de-diciembre-suprimida-en-2012\\\/\"},\"wordCount\":258,\"publisher\":{\"@id\":\"https:\\\/\\\/www.laguiadepamplona.com\\\/actualidad\\\/#organization\"},\"image\":{\"@id\":\"https:\\\/\\\/www.laguiadepamplona.com\\\/actualidad\\\/el-ayuntamiento-de-pamplona-abonara-en-el-mes-de-marzo-la-cuarta-parte-de-la-paga-extra-de-diciembre-suprimida-en-2012\\\/#primaryimage\"},\"thumbnailUrl\":\"\",\"keywords\":[\"abonar\u00e1\",\"actualidad\",\"ayto pamplona\",\"Ayuntamiento de Pamplona\",\"empleados\",\"marzo\",\"municipales\",\"noticias\",\"paga extra\",\"pamplona\",\"suprimida\"],\"articleSection\":[\"Ayto Pamplona\"],\"inLanguage\":\"es\"},{\"@type\":\"WebPage\",\"@id\":\"https:\\\/\\\/www.laguiadepamplona.com\\\/actualidad\\\/el-ayuntamiento-de-pamplona-abonara-en-el-mes-de-marzo-la-cuarta-parte-de-la-paga-extra-de-diciembre-suprimida-en-2012\\\/\",\"url\":\"https:\\\/\\\/www.laguiadepamplona.com\\\/actualidad\\\/el-ayuntamiento-de-pamplona-abonara-en-el-mes-de-marzo-la-cuarta-parte-de-la-paga-extra-de-diciembre-suprimida-en-2012\\\/\",\"name\":\"\u00a0 El Ayuntamiento de Pamplona abonar\u00e1 en el mes de marzo la cuarta parte de la paga extra de diciembre suprimida en 2012\",\"isPartOf\":{\"@id\":\"https:\\\/\\\/www.laguiadepamplona.com\\\/actualidad\\\/#website\"},\"primaryImageOfPage\":{\"@id\":\"https:\\\/\\\/www.laguiadepamplona.com\\\/actualidad\\\/el-ayuntamiento-de-pamplona-abonara-en-el-mes-de-marzo-la-cuarta-parte-de-la-paga-extra-de-diciembre-suprimida-en-2012\\\/#primaryimage\"},\"image\":{\"@id\":\"https:\\\/\\\/www.laguiadepamplona.com\\\/actualidad\\\/el-ayuntamiento-de-pamplona-abonara-en-el-mes-de-marzo-la-cuarta-parte-de-la-paga-extra-de-diciembre-suprimida-en-2012\\\/#primaryimage\"},\"thumbnailUrl\":\"\",\"datePublished\":\"2015-01-29T12:12:45+00:00\",\"breadcrumb\":{\"@id\":\"https:\\\/\\\/www.laguiadepamplona.com\\\/actualidad\\\/el-ayuntamiento-de-pamplona-abonara-en-el-mes-de-marzo-la-cuarta-parte-de-la-paga-extra-de-diciembre-suprimida-en-2012\\\/#breadcrumb\"},\"inLanguage\":\"es\",\"potentialAction\":[{\"@type\":\"ReadAction\",\"target\":[\"https:\\\/\\\/www.laguiadepamplona.com\\\/actualidad\\\/el-ayuntamiento-de-pamplona-abonara-en-el-mes-de-marzo-la-cuarta-parte-de-la-paga-extra-de-diciembre-suprimida-en-2012\\\/\"]}]},{\"@type\":\"ImageObject\",\"inLanguage\":\"es\",\"@id\":\"https:\\\/\\\/www.laguiadepamplona.com\\\/actualidad\\\/el-ayuntamiento-de-pamplona-abonara-en-el-mes-de-marzo-la-cuarta-parte-de-la-paga-extra-de-diciembre-suprimida-en-2012\\\/#primaryimage\",\"url\":\"\",\"contentUrl\":\"\"},{\"@type\":\"BreadcrumbList\",\"@id\":\"https:\\\/\\\/www.laguiadepamplona.com\\\/actualidad\\\/el-ayuntamiento-de-pamplona-abonara-en-el-mes-de-marzo-la-cuarta-parte-de-la-paga-extra-de-diciembre-suprimida-en-2012\\\/#breadcrumb\",\"itemListElement\":[{\"@type\":\"ListItem\",\"position\":1,\"name\":\"Portada\",\"item\":\"https:\\\/\\\/www.laguiadepamplona.com\\\/actualidad\\\/\"},{\"@type\":\"ListItem\",\"position\":2,\"name\":\"\u00a0 El Ayuntamiento de Pamplona abonar\u00e1 en el mes de marzo la cuarta parte de la paga extra de diciembre suprimida en 2012\"}]},{\"@type\":\"WebSite\",\"@id\":\"https:\\\/\\\/www.laguiadepamplona.com\\\/actualidad\\\/#website\",\"url\":\"https:\\\/\\\/www.laguiadepamplona.com\\\/actualidad\\\/\",\"name\":\"La gu\u00eda de Pamplona\",\"description\":\"Noticias de Pamplona\",\"publisher\":{\"@id\":\"https:\\\/\\\/www.laguiadepamplona.com\\\/actualidad\\\/#organization\"},\"potentialAction\":[{\"@type\":\"SearchAction\",\"target\":{\"@type\":\"EntryPoint\",\"urlTemplate\":\"https:\\\/\\\/www.laguiadepamplona.com\\\/actualidad\\\/?s={search_term_string}\"},\"query-input\":{\"@type\":\"PropertyValueSpecification\",\"valueRequired\":true,\"valueName\":\"search_term_string\"}}],\"inLanguage\":\"es\"},{\"@type\":\"Organization\",\"@id\":\"https:\\\/\\\/www.laguiadepamplona.com\\\/actualidad\\\/#organization\",\"name\":\"La Gu\u00eda de Pamplona \\\/ Noticias\",\"url\":\"https:\\\/\\\/www.laguiadepamplona.com\\\/actualidad\\\/\",\"logo\":{\"@type\":\"ImageObject\",\"inLanguage\":\"es\",\"@id\":\"https:\\\/\\\/www.laguiadepamplona.com\\\/actualidad\\\/#\\\/schema\\\/logo\\\/image\\\/\",\"url\":\"https:\\\/\\\/www.laguiadepamplona.com\\\/actualidad\\\/wp-content\\\/uploads\\\/2018\\\/11\\\/logo-laguiadepamplona18-web1.png\",\"contentUrl\":\"https:\\\/\\\/www.laguiadepamplona.com\\\/actualidad\\\/wp-content\\\/uploads\\\/2018\\\/11\\\/logo-laguiadepamplona18-web1.png\",\"width\":600,\"height\":196,\"caption\":\"La Gu\u00eda de Pamplona \\\/ Noticias\"},\"image\":{\"@id\":\"https:\\\/\\\/www.laguiadepamplona.com\\\/actualidad\\\/#\\\/schema\\\/logo\\\/image\\\/\"},\"sameAs\":[\"https:\\\/\\\/www.facebook.com\\\/laguiadepamplonacom-133175176762273\\\/?ref=hl\",\"https:\\\/\\\/x.com\\\/LaGuiadPamplona\",\"https:\\\/\\\/www.instagram.com\\\/la_guia_de_pamplona\\\/\",\"https:\\\/\\\/www.youtube.com\\\/user\\\/laguiadepamplona\"]},{\"@type\":\"Person\",\"@id\":\"https:\\\/\\\/www.laguiadepamplona.com\\\/actualidad\\\/#\\\/schema\\\/person\\\/efe887376f0213d4657c93adc50b1fdb\",\"name\":\"La Gu\u00eda de Pamplona\",\"image\":{\"@type\":\"ImageObject\",\"inLanguage\":\"es\",\"@id\":\"https:\\\/\\\/secure.gravatar.com\\\/avatar\\\/b6992f131dc8d30ab0dff15446e9d346d9dbd95992de0fef795073f5ea83a81c?s=96&d=mm&r=g\",\"url\":\"https:\\\/\\\/secure.gravatar.com\\\/avatar\\\/b6992f131dc8d30ab0dff15446e9d346d9dbd95992de0fef795073f5ea83a81c?s=96&d=mm&r=g\",\"contentUrl\":\"https:\\\/\\\/secure.gravatar.com\\\/avatar\\\/b6992f131dc8d30ab0dff15446e9d346d9dbd95992de0fef795073f5ea83a81c?s=96&d=mm&r=g\",\"caption\":\"La Gu\u00eda de Pamplona\"}}]}<\/script>\n<!-- \/ Yoast SEO plugin. -->","yoast_head_json":{"title":"\u00a0 El Ayuntamiento de Pamplona abonar\u00e1 en el mes de marzo la cuarta parte de la paga extra de diciembre suprimida en 2012","robots":{"index":"index","follow":"follow","max-snippet":"max-snippet:-1","max-image-preview":"max-image-preview:large","max-video-preview":"max-video-preview:-1"},"canonical":"https:\/\/www.laguiadepamplona.com\/actualidad\/el-ayuntamiento-de-pamplona-abonara-en-el-mes-de-marzo-la-cuarta-parte-de-la-paga-extra-de-diciembre-suprimida-en-2012\/","og_locale":"es_ES","og_type":"article","og_title":"\u00a0 El Ayuntamiento de Pamplona abonar\u00e1 en el mes de marzo la cuarta parte de la paga extra de diciembre suprimida en 2012","og_description":"El Ayuntamiento de Pamplona abonar\u00e1 a los empleados municipales el pr\u00f3ximo mes de marzo la cuarta parte de la paga extra suprimida en diciembre de 2012. As\u00ed se puso de...","og_url":"https:\/\/www.laguiadepamplona.com\/actualidad\/el-ayuntamiento-de-pamplona-abonara-en-el-mes-de-marzo-la-cuarta-parte-de-la-paga-extra-de-diciembre-suprimida-en-2012\/","og_site_name":"La Gu\u00eda de Pamplona","article_publisher":"https:\/\/www.facebook.com\/laguiadepamplonacom-133175176762273\/?ref=hl","article_published_time":"2015-01-29T12:12:45+00:00","author":"La Gu\u00eda de Pamplona","twitter_card":"summary_large_image","twitter_creator":"@LaGuiadPamplona","twitter_site":"@LaGuiadPamplona","twitter_misc":{"Escrito por":"La Gu\u00eda de Pamplona","Tiempo de lectura":"1 minuto"},"schema":{"@context":"https:\/\/schema.org","@graph":[{"@type":"Article","@id":"https:\/\/www.laguiadepamplona.com\/actualidad\/el-ayuntamiento-de-pamplona-abonara-en-el-mes-de-marzo-la-cuarta-parte-de-la-paga-extra-de-diciembre-suprimida-en-2012\/#article","isPartOf":{"@id":"https:\/\/www.laguiadepamplona.com\/actualidad\/el-ayuntamiento-de-pamplona-abonara-en-el-mes-de-marzo-la-cuarta-parte-de-la-paga-extra-de-diciembre-suprimida-en-2012\/"},"author":{"name":"La Gu\u00eda de Pamplona","@id":"https:\/\/www.laguiadepamplona.com\/actualidad\/#\/schema\/person\/efe887376f0213d4657c93adc50b1fdb"},"headline":"\u00a0 El Ayuntamiento de Pamplona abonar\u00e1 en el mes de marzo la cuarta parte de la paga extra de diciembre suprimida en 2012","datePublished":"2015-01-29T12:12:45+00:00","mainEntityOfPage":{"@id":"https:\/\/www.laguiadepamplona.com\/actualidad\/el-ayuntamiento-de-pamplona-abonara-en-el-mes-de-marzo-la-cuarta-parte-de-la-paga-extra-de-diciembre-suprimida-en-2012\/"},"wordCount":258,"publisher":{"@id":"https:\/\/www.laguiadepamplona.com\/actualidad\/#organization"},"image":{"@id":"https:\/\/www.laguiadepamplona.com\/actualidad\/el-ayuntamiento-de-pamplona-abonara-en-el-mes-de-marzo-la-cuarta-parte-de-la-paga-extra-de-diciembre-suprimida-en-2012\/#primaryimage"},"thumbnailUrl":"","keywords":["abonar\u00e1","actualidad","ayto pamplona","Ayuntamiento de Pamplona","empleados","marzo","municipales","noticias","paga extra","pamplona","suprimida"],"articleSection":["Ayto Pamplona"],"inLanguage":"es"},{"@type":"WebPage","@id":"https:\/\/www.laguiadepamplona.com\/actualidad\/el-ayuntamiento-de-pamplona-abonara-en-el-mes-de-marzo-la-cuarta-parte-de-la-paga-extra-de-diciembre-suprimida-en-2012\/","url":"https:\/\/www.laguiadepamplona.com\/actualidad\/el-ayuntamiento-de-pamplona-abonara-en-el-mes-de-marzo-la-cuarta-parte-de-la-paga-extra-de-diciembre-suprimida-en-2012\/","name":"\u00a0 El Ayuntamiento de Pamplona abonar\u00e1 en el mes de marzo la cuarta parte de la paga extra de diciembre suprimida en 2012","isPartOf":{"@id":"https:\/\/www.laguiadepamplona.com\/actualidad\/#website"},"primaryImageOfPage":{"@id":"https:\/\/www.laguiadepamplona.com\/actualidad\/el-ayuntamiento-de-pamplona-abonara-en-el-mes-de-marzo-la-cuarta-parte-de-la-paga-extra-de-diciembre-suprimida-en-2012\/#primaryimage"},"image":{"@id":"https:\/\/www.laguiadepamplona.com\/actualidad\/el-ayuntamiento-de-pamplona-abonara-en-el-mes-de-marzo-la-cuarta-parte-de-la-paga-extra-de-diciembre-suprimida-en-2012\/#primaryimage"},"thumbnailUrl":"","datePublished":"2015-01-29T12:12:45+00:00","breadcrumb":{"@id":"https:\/\/www.laguiadepamplona.com\/actualidad\/el-ayuntamiento-de-pamplona-abonara-en-el-mes-de-marzo-la-cuarta-parte-de-la-paga-extra-de-diciembre-suprimida-en-2012\/#breadcrumb"},"inLanguage":"es","potentialAction":[{"@type":"ReadAction","target":["https:\/\/www.laguiadepamplona.com\/actualidad\/el-ayuntamiento-de-pamplona-abonara-en-el-mes-de-marzo-la-cuarta-parte-de-la-paga-extra-de-diciembre-suprimida-en-2012\/"]}]},{"@type":"ImageObject","inLanguage":"es","@id":"https:\/\/www.laguiadepamplona.com\/actualidad\/el-ayuntamiento-de-pamplona-abonara-en-el-mes-de-marzo-la-cuarta-parte-de-la-paga-extra-de-diciembre-suprimida-en-2012\/#primaryimage","url":"","contentUrl":""},{"@type":"BreadcrumbList","@id":"https:\/\/www.laguiadepamplona.com\/actualidad\/el-ayuntamiento-de-pamplona-abonara-en-el-mes-de-marzo-la-cuarta-parte-de-la-paga-extra-de-diciembre-suprimida-en-2012\/#breadcrumb","itemListElement":[{"@type":"ListItem","position":1,"name":"Portada","item":"https:\/\/www.laguiadepamplona.com\/actualidad\/"},{"@type":"ListItem","position":2,"name":"\u00a0 El Ayuntamiento de Pamplona abonar\u00e1 en el mes de marzo la cuarta parte de la paga extra de diciembre suprimida en 2012"}]},{"@type":"WebSite","@id":"https:\/\/www.laguiadepamplona.com\/actualidad\/#website","url":"https:\/\/www.laguiadepamplona.com\/actualidad\/","name":"La gu\u00eda de Pamplona","description":"Noticias de Pamplona","publisher":{"@id":"https:\/\/www.laguiadepamplona.com\/actualidad\/#organization"},"potentialAction":[{"@type":"SearchAction","target":{"@type":"EntryPoint","urlTemplate":"https:\/\/www.laguiadepamplona.com\/actualidad\/?s={search_term_string}"},"query-input":{"@type":"PropertyValueSpecification","valueRequired":true,"valueName":"search_term_string"}}],"inLanguage":"es"},{"@type":"Organization","@id":"https:\/\/www.laguiadepamplona.com\/actualidad\/#organization","name":"La Gu\u00eda de Pamplona \/ Noticias","url":"https:\/\/www.laguiadepamplona.com\/actualidad\/","logo":{"@type":"ImageObject","inLanguage":"es","@id":"https:\/\/www.laguiadepamplona.com\/actualidad\/#\/schema\/logo\/image\/","url":"https:\/\/www.laguiadepamplona.com\/actualidad\/wp-content\/uploads\/2018\/11\/logo-laguiadepamplona18-web1.png","contentUrl":"https:\/\/www.laguiadepamplona.com\/actualidad\/wp-content\/uploads\/2018\/11\/logo-laguiadepamplona18-web1.png","width":600,"height":196,"caption":"La Gu\u00eda de Pamplona \/ Noticias"},"image":{"@id":"https:\/\/www.laguiadepamplona.com\/actualidad\/#\/schema\/logo\/image\/"},"sameAs":["https:\/\/www.facebook.com\/laguiadepamplonacom-133175176762273\/?ref=hl","https:\/\/x.com\/LaGuiadPamplona","https:\/\/www.instagram.com\/la_guia_de_pamplona\/","https:\/\/www.youtube.com\/user\/laguiadepamplona"]},{"@type":"Person","@id":"https:\/\/www.laguiadepamplona.com\/actualidad\/#\/schema\/person\/efe887376f0213d4657c93adc50b1fdb","name":"La Gu\u00eda de Pamplona","image":{"@type":"ImageObject","inLanguage":"es","@id":"https:\/\/secure.gravatar.com\/avatar\/b6992f131dc8d30ab0dff15446e9d346d9dbd95992de0fef795073f5ea83a81c?s=96&d=mm&r=g","url":"https:\/\/secure.gravatar.com\/avatar\/b6992f131dc8d30ab0dff15446e9d346d9dbd95992de0fef795073f5ea83a81c?s=96&d=mm&r=g","contentUrl":"https:\/\/secure.gravatar.com\/avatar\/b6992f131dc8d30ab0dff15446e9d346d9dbd95992de0fef795073f5ea83a81c?s=96&d=mm&r=g","caption":"La Gu\u00eda de Pamplona"}}]}},"post_mailing_queue_ids":[],"_links":{"self":[{"href":"https:\/\/www.laguiadepamplona.com\/actualidad\/wp-json\/wp\/v2\/posts\/4567","targetHints":{"allow":["GET"]}}],"collection":[{"href":"https:\/\/www.laguiadepamplona.com\/actualidad\/wp-json\/wp\/v2\/posts"}],"about":[{"href":"https:\/\/www.laguiadepamplona.com\/actualidad\/wp-json\/wp\/v2\/types\/post"}],"author":[{"embeddable":true,"href":"https:\/\/www.laguiadepamplona.com\/actualidad\/wp-json\/wp\/v2\/users\/1"}],"replies":[{"embeddable":true,"href":"https:\/\/www.laguiadepamplona.com\/actualidad\/wp-json\/wp\/v2\/comments?post=4567"}],"version-history":[{"count":0,"href":"https:\/\/www.laguiadepamplona.com\/actualidad\/wp-json\/wp\/v2\/posts\/4567\/revisions"}],"wp:featuredmedia":[{"embeddable":true,"href":"https:\/\/www.laguiadepamplona.com\/actualidad\/wp-json\/"}],"wp:attachment":[{"href":"https:\/\/www.laguiadepamplona.com\/actualidad\/wp-json\/wp\/v2\/media?parent=4567"}],"wp:term":[{"taxonomy":"category","embeddable":true,"href":"https:\/\/www.laguiadepamplona.com\/actualidad\/wp-json\/wp\/v2\/categories?post=4567"},{"taxonomy":"post_tag","embeddable":true,"href":"https:\/\/www.laguiadepamplona.com\/actualidad\/wp-json\/wp\/v2\/tags?post=4567"}],"curies":[{"name":"wp","href":"https:\/\/api.w.org\/{rel}","templated":true}]}}