{"id":4562,"date":"2015-01-28T13:54:10","date_gmt":"2015-01-28T11:54:10","guid":{"rendered":"http:\/\/laguiadepamplona.com\/actualidad\/?p=4562"},"modified":"2015-01-28T13:54:10","modified_gmt":"2015-01-28T11:54:10","slug":"la-casa-de-la-juventud-acoge-manana-la-presentacion-de-la-semana-de-accion-mundial-por-la-educacion-same-que-tendra-lugar-del-20-al-26-de-abril-2015","status":"publish","type":"post","link":"https:\/\/www.laguiadepamplona.com\/actualidad\/la-casa-de-la-juventud-acoge-manana-la-presentacion-de-la-semana-de-accion-mundial-por-la-educacion-same-que-tendra-lugar-del-20-al-26-de-abril-2015\/","title":{"rendered":"La Casa de la Juventud acoge ma\u00f1ana la presentaci\u00f3n de la Semana de Acci\u00f3n Mundial por la Educaci\u00f3n, SAME, que tendr\u00e1 lugar del 20 al 26 de abril 2015"},"content":{"rendered":"<h4>Este a\u00f1o las instancias internacionales revisar\u00e1n los nuevos objetivos en ese campo, despu\u00e9s de que se hayan incumplido los fijados para 2015<\/h4>\n<p><a href=\"http:\/\/laguiadepamplona.com\/actualidad\/wp-content\/uploads\/2015\/01\/same_2014.jpg\"><img loading=\"lazy\" decoding=\"async\" class=\"alignleft size-medium wp-image-4563\" src=\"http:\/\/laguiadepamplona.com\/actualidad\/wp-content\/uploads\/2015\/01\/same_2014-300x172.jpg\" alt=\"same_2014\" width=\"300\" height=\"172\" \/><\/a>La Casa de la Juventud vuelve a acoger, un a\u00f1o m\u00e1s, la sesi\u00f3n de presentaci\u00f3n de la Semana de Acci\u00f3n Mundial por la Educaci\u00f3n (SAME) 2015, que este a\u00f1o se celebrar\u00e1 entre el 20 y el 26 de abril. En la Cumbre de Dakar, celebrada en el a\u00f1o 2000, 189 pa\u00edses se comprometieron a extender y mejorar la atenci\u00f3n y educaci\u00f3n integrales de la primera infancia, especialmente de los ni\u00f1os y ni\u00f1as m\u00e1s vulnerables y desfavorecidos, antes del a\u00f1o 2015.<\/p>\n<p>Es un a\u00f1o importante para hacer balance de los logros obtenidos, que est\u00e1 muy lejos de lo que se plante\u00f3 inicialmente y porque en mayo de este a\u00f1o tendr\u00e1 lugar la Conferencia Mundial de Educaci\u00f3n en Incheon (Corea) en la que se fijar\u00e1 el nuevo marco global. Adem\u00e1s, en septiembre en Nueva York la Asamblea General de la ONU redefinir\u00e1n los nuevos objetivos de Desarrollo Sostenible.<\/p>\n<p>Este jueves, con entrada libre para todos los interesados, se presentar\u00e1n las actividades de la SAME y en el transcurso de la sesi\u00f3n se entregar\u00e1 material did\u00e1ctico de apoyo para poder trabajar la propuesta de este a\u00f1o en asociaciones y centros escolares. La SAME 2015 tiene de lema \u201cYo voto por la educaci\u00f3n \u00bfy tu?\u201d. La encargada de la charla ser\u00e1 Ani Urretavizcaya, t\u00e9cnica de Educaci\u00f3n para el Desarrollo de la Fundaci\u00f3n ALBOAN.<\/p>\n<p><strong>C\u00f3mo votar por la educaci\u00f3n<\/strong><\/p>\n<p><a href=\"http:\/\/laguiadepamplona.com\/actualidad\/wp-content\/uploads\/2015\/01\/SAME_2014_casa_juventud.jpg\"><img loading=\"lazy\" decoding=\"async\" class=\"alignleft size-medium wp-image-4564\" src=\"http:\/\/laguiadepamplona.com\/actualidad\/wp-content\/uploads\/2015\/01\/SAME_2014_casa_juventud-300x225.jpg\" alt=\"SAME_2014_casa_juventud\" width=\"300\" height=\"225\" \/><\/a>Estas jornadas son una iniciativa de la Campa\u00f1a Mundial por la Educaci\u00f3n, y tienen como objetivo principal reivindicar una educaci\u00f3n de calidad gratuita, equitativa e inclusiva para todas las personas. La propuesta, como en ocasiones anteriores, invita a trabajar desde los centros escolares en las aulas y mediante la plataforma digital <a href=\"http:\/\/www.cme-espana.org\/\" target=\"_blank\">www.cme-espana.org<\/a>.<\/p>\n<p>En ese espacio colaborativo habr\u00e1 informaci\u00f3n disponible sobre las asambleas educativas que se organizar\u00e1n en toda Espa\u00f1a y los foros donde poder compartir experiencias y fotograf\u00edas, adem\u00e1s de redireccionar a las redes sociales vinculadas a la SAME. La idea es votar por la educaci\u00f3n para ponerla en la agenda pol\u00edtica, primero del Gobierno de Espa\u00f1a y, despu\u00e9s, de instancia pol\u00edticas superiores.<\/p>\n<p>Esta Semana de Acci\u00f3n Mundial se convoca anualmente desde 2003, y se realiza de manera simult\u00e1nea en 100 pa\u00edses de todo el mundo en reivindicaci\u00f3n de un derecho humano fundamental y un bien social. El a\u00f1o pasado bajo el lema \u2018Sumemos capacidades. \u201cPor el derecho a una educaci\u00f3n inclusiva\u201d participaron 52 centros educativos de 28 localidades navarras. 12.781 alumnos y 713 profesores reflexionaron y trabajaron lograr Educaci\u00f3n Primaria Universal. Estuvieron presentas, adem\u00e1s, 7 grupos de educaci\u00f3n no formal.<\/p>\n<p>La Campa\u00f1a Mundial por la Educaci\u00f3n (CME) es una coalici\u00f3n internacional de ONG, centros escolares, movimientos sociales y sindicatos del entorno educativo que viene reclamando el cumplimiento \u00edntegro de los compromisos de la Cumbre de Dakar. En Navarra el equipo territorial de la SAME esta compuesto por ALBOAN, FISC-Navarra, Madre Coraje y la UNED-Tudela como instituci\u00f3n colaboradora.<\/p>\n<p><strong>Seis objetivos, seis incumplimientos<\/strong><\/p>\n<p>La Cumbre de Dakar marc\u00f3 seis objetivos para 2015 y, seg\u00fan los materiales que maneja la SAME, los seis han sido incumplidos. Estas son las cifras de la educaci\u00f3n del folleto informativo de la campa\u00f1a.<\/p>\n<p>\u201cObjetivo 1: Todav\u00eda muchos ni\u00f1os y ni\u00f1as siguen sin poder acceder a atenci\u00f3n y educaci\u00f3n en su primera infancia. En \u00c1frica Subsahariana solo un 18 % puede acceder a la ense\u00f1anza preescolar.<\/p>\n<p>Objetivo 2: El n\u00famero de ni\u00f1os y ni\u00f1as sin escolarizar ascend\u00eda a 57 millones en 2011, la mitad de los cuales viv\u00eda en pa\u00edses afectados por conflictos.<\/p>\n<p>Objetivo 3: En los pa\u00edses de bajos ingresos, solo el 37% de los y las adolescentes finalizan el primer ciclo de la ense\u00f1anza secundaria.<\/p>\n<p>Objetivo 4: Desde el a\u00f1o 2000, la alfabetizaci\u00f3n de las personas adultas ha disminuido solo el 1%, y casi dos tercios son mujeres.<\/p>\n<p>Objetivo 5: Aunque se pretend\u00eda alcanzar la paridad de g\u00e9nero antes de que finalizara 2005, en 2011 solo el 60 % de los pa\u00edses hab\u00eda alcanzado ese objetivo en la ense\u00f1anza primaria, y \u00fanicamente el 38 % en la ense\u00f1anza secundaria.<\/p>\n<p>Objetivo 6: Unos 250 millones de ni\u00f1os y ni\u00f1as no est\u00e1n adquiriendo las competencias b\u00e1sicas, a pesar de que la mitad han estado escolarizados por lo menos durante cuatro a\u00f1os\u201d.<\/p>\n<p><strong>jornada de presentaci\u00f3n SAME 2015<\/strong><\/p>\n<ul>\n<li><strong>Lema<\/strong>: \u2018Yo voto por la educaci\u00f3n \u00bfy tu\u2019<\/li>\n<li><strong>Fecha<\/strong>: 29 de enero. 18.30 horas<\/li>\n<li><strong>Lugar<\/strong>: Casa de la Juventud. Entrada libre<\/li>\n<li><strong>Organiza<\/strong>: Fundaci\u00f3n ALBOAN<\/li>\n<li><strong>M\u00e1s informaci\u00f3n<\/strong>: www.cme-espana.org<\/li>\n<li>La SAME 2015 tendr\u00e1 lugar del 20 al 26 de abril<\/li>\n<\/ul>\n<h2>\u00a0<a href=\"http:\/\/laguiadepamplona.com\/actualidad\/wp-content\/uploads\/2015\/01\/SAME_2015_folleto.pdf\" target=\"_blank\">SAME_2015_folleto<\/a><\/h2>\n","protected":false},"excerpt":{"rendered":"<p>Este a\u00f1o las instancias internacionales revisar\u00e1n los nuevos objetivos en ese campo, despu\u00e9s de que se hayan incumplido los fijados para 2015 La Casa de la Juventud vuelve a acoger,&#8230;<\/p>\n","protected":false},"author":1,"featured_media":4563,"comment_status":"closed","ping_status":"open","sticky":false,"template":"","format":"standard","meta":{"footnotes":""},"categories":[2],"tags":[5,6,509,783,1407,4039,8,9,2729,4040,4041],"class_list":["post-4562","post","type-post","status-publish","format-standard","has-post-thumbnail","hentry","category-ayuntamiento-pamplona","tag-actualidad","tag-ayto-pamplona","tag-ayuntamiento-de-pamplona","tag-casa-juventud","tag-educacion","tag-mundial","tag-noticias","tag-pamplona","tag-presentacion","tag-same","tag-semana-accion"],"yoast_head":"<!-- This site is optimized with the Yoast SEO plugin v27.5 - https:\/\/yoast.com\/product\/yoast-seo-wordpress\/ -->\n<title>La Casa de la Juventud acoge ma\u00f1ana la presentaci\u00f3n de la Semana de Acci\u00f3n Mundial por la Educaci\u00f3n, SAME, que tendr\u00e1 lugar del 20 al 26 de abril 2015<\/title>\n<meta name=\"robots\" content=\"index, follow, max-snippet:-1, max-image-preview:large, max-video-preview:-1\" \/>\n<link rel=\"canonical\" href=\"https:\/\/www.laguiadepamplona.com\/actualidad\/la-casa-de-la-juventud-acoge-manana-la-presentacion-de-la-semana-de-accion-mundial-por-la-educacion-same-que-tendra-lugar-del-20-al-26-de-abril-2015\/\" \/>\n<meta property=\"og:locale\" content=\"es_ES\" \/>\n<meta property=\"og:type\" content=\"article\" \/>\n<meta property=\"og:title\" content=\"La Casa de la Juventud acoge ma\u00f1ana la presentaci\u00f3n de la Semana de Acci\u00f3n Mundial por la Educaci\u00f3n, SAME, que tendr\u00e1 lugar del 20 al 26 de abril 2015\" \/>\n<meta property=\"og:description\" content=\"Este a\u00f1o las instancias internacionales revisar\u00e1n los nuevos objetivos en ese campo, despu\u00e9s de que se hayan incumplido los fijados para 2015 La Casa de la Juventud vuelve a acoger,...\" \/>\n<meta property=\"og:url\" content=\"https:\/\/www.laguiadepamplona.com\/actualidad\/la-casa-de-la-juventud-acoge-manana-la-presentacion-de-la-semana-de-accion-mundial-por-la-educacion-same-que-tendra-lugar-del-20-al-26-de-abril-2015\/\" \/>\n<meta property=\"og:site_name\" content=\"La Gu\u00eda de Pamplona\" \/>\n<meta property=\"article:publisher\" content=\"https:\/\/www.facebook.com\/laguiadepamplonacom-133175176762273\/?ref=hl\" \/>\n<meta property=\"article:published_time\" content=\"2015-01-28T11:54:10+00:00\" \/>\n<meta name=\"author\" content=\"La Gu\u00eda de Pamplona\" \/>\n<meta name=\"twitter:card\" content=\"summary_large_image\" \/>\n<meta name=\"twitter:creator\" content=\"@LaGuiadPamplona\" \/>\n<meta name=\"twitter:site\" content=\"@LaGuiadPamplona\" \/>\n<meta name=\"twitter:label1\" content=\"Escrito por\" \/>\n\t<meta name=\"twitter:data1\" content=\"La Gu\u00eda de Pamplona\" \/>\n\t<meta name=\"twitter:label2\" content=\"Tiempo de lectura\" \/>\n\t<meta name=\"twitter:data2\" content=\"4 minutos\" \/>\n<script type=\"application\/ld+json\" class=\"yoast-schema-graph\">{\"@context\":\"https:\\\/\\\/schema.org\",\"@graph\":[{\"@type\":\"Article\",\"@id\":\"https:\\\/\\\/www.laguiadepamplona.com\\\/actualidad\\\/la-casa-de-la-juventud-acoge-manana-la-presentacion-de-la-semana-de-accion-mundial-por-la-educacion-same-que-tendra-lugar-del-20-al-26-de-abril-2015\\\/#article\",\"isPartOf\":{\"@id\":\"https:\\\/\\\/www.laguiadepamplona.com\\\/actualidad\\\/la-casa-de-la-juventud-acoge-manana-la-presentacion-de-la-semana-de-accion-mundial-por-la-educacion-same-que-tendra-lugar-del-20-al-26-de-abril-2015\\\/\"},\"author\":{\"name\":\"La Gu\u00eda de Pamplona\",\"@id\":\"https:\\\/\\\/www.laguiadepamplona.com\\\/actualidad\\\/#\\\/schema\\\/person\\\/efe887376f0213d4657c93adc50b1fdb\"},\"headline\":\"La Casa de la Juventud acoge ma\u00f1ana la presentaci\u00f3n de la Semana de Acci\u00f3n Mundial por la Educaci\u00f3n, SAME, que tendr\u00e1 lugar del 20 al 26 de abril 2015\",\"datePublished\":\"2015-01-28T11:54:10+00:00\",\"mainEntityOfPage\":{\"@id\":\"https:\\\/\\\/www.laguiadepamplona.com\\\/actualidad\\\/la-casa-de-la-juventud-acoge-manana-la-presentacion-de-la-semana-de-accion-mundial-por-la-educacion-same-que-tendra-lugar-del-20-al-26-de-abril-2015\\\/\"},\"wordCount\":841,\"publisher\":{\"@id\":\"https:\\\/\\\/www.laguiadepamplona.com\\\/actualidad\\\/#organization\"},\"image\":{\"@id\":\"https:\\\/\\\/www.laguiadepamplona.com\\\/actualidad\\\/la-casa-de-la-juventud-acoge-manana-la-presentacion-de-la-semana-de-accion-mundial-por-la-educacion-same-que-tendra-lugar-del-20-al-26-de-abril-2015\\\/#primaryimage\"},\"thumbnailUrl\":\"\",\"keywords\":[\"actualidad\",\"ayto pamplona\",\"Ayuntamiento de Pamplona\",\"casa juventud\",\"educaci\u00f3n\",\"mundial\",\"noticias\",\"pamplona\",\"presentaci\u00f3n\",\"same\",\"semana acci\u00f3n\"],\"articleSection\":[\"Ayto Pamplona\"],\"inLanguage\":\"es\"},{\"@type\":\"WebPage\",\"@id\":\"https:\\\/\\\/www.laguiadepamplona.com\\\/actualidad\\\/la-casa-de-la-juventud-acoge-manana-la-presentacion-de-la-semana-de-accion-mundial-por-la-educacion-same-que-tendra-lugar-del-20-al-26-de-abril-2015\\\/\",\"url\":\"https:\\\/\\\/www.laguiadepamplona.com\\\/actualidad\\\/la-casa-de-la-juventud-acoge-manana-la-presentacion-de-la-semana-de-accion-mundial-por-la-educacion-same-que-tendra-lugar-del-20-al-26-de-abril-2015\\\/\",\"name\":\"La Casa de la Juventud acoge ma\u00f1ana la presentaci\u00f3n de la Semana de Acci\u00f3n Mundial por la Educaci\u00f3n, SAME, que tendr\u00e1 lugar del 20 al 26 de abril 2015\",\"isPartOf\":{\"@id\":\"https:\\\/\\\/www.laguiadepamplona.com\\\/actualidad\\\/#website\"},\"primaryImageOfPage\":{\"@id\":\"https:\\\/\\\/www.laguiadepamplona.com\\\/actualidad\\\/la-casa-de-la-juventud-acoge-manana-la-presentacion-de-la-semana-de-accion-mundial-por-la-educacion-same-que-tendra-lugar-del-20-al-26-de-abril-2015\\\/#primaryimage\"},\"image\":{\"@id\":\"https:\\\/\\\/www.laguiadepamplona.com\\\/actualidad\\\/la-casa-de-la-juventud-acoge-manana-la-presentacion-de-la-semana-de-accion-mundial-por-la-educacion-same-que-tendra-lugar-del-20-al-26-de-abril-2015\\\/#primaryimage\"},\"thumbnailUrl\":\"\",\"datePublished\":\"2015-01-28T11:54:10+00:00\",\"breadcrumb\":{\"@id\":\"https:\\\/\\\/www.laguiadepamplona.com\\\/actualidad\\\/la-casa-de-la-juventud-acoge-manana-la-presentacion-de-la-semana-de-accion-mundial-por-la-educacion-same-que-tendra-lugar-del-20-al-26-de-abril-2015\\\/#breadcrumb\"},\"inLanguage\":\"es\",\"potentialAction\":[{\"@type\":\"ReadAction\",\"target\":[\"https:\\\/\\\/www.laguiadepamplona.com\\\/actualidad\\\/la-casa-de-la-juventud-acoge-manana-la-presentacion-de-la-semana-de-accion-mundial-por-la-educacion-same-que-tendra-lugar-del-20-al-26-de-abril-2015\\\/\"]}]},{\"@type\":\"ImageObject\",\"inLanguage\":\"es\",\"@id\":\"https:\\\/\\\/www.laguiadepamplona.com\\\/actualidad\\\/la-casa-de-la-juventud-acoge-manana-la-presentacion-de-la-semana-de-accion-mundial-por-la-educacion-same-que-tendra-lugar-del-20-al-26-de-abril-2015\\\/#primaryimage\",\"url\":\"\",\"contentUrl\":\"\"},{\"@type\":\"BreadcrumbList\",\"@id\":\"https:\\\/\\\/www.laguiadepamplona.com\\\/actualidad\\\/la-casa-de-la-juventud-acoge-manana-la-presentacion-de-la-semana-de-accion-mundial-por-la-educacion-same-que-tendra-lugar-del-20-al-26-de-abril-2015\\\/#breadcrumb\",\"itemListElement\":[{\"@type\":\"ListItem\",\"position\":1,\"name\":\"Portada\",\"item\":\"https:\\\/\\\/www.laguiadepamplona.com\\\/actualidad\\\/\"},{\"@type\":\"ListItem\",\"position\":2,\"name\":\"La Casa de la Juventud acoge ma\u00f1ana la presentaci\u00f3n de la Semana de Acci\u00f3n Mundial por la Educaci\u00f3n, SAME, que tendr\u00e1 lugar del 20 al 26 de abril 2015\"}]},{\"@type\":\"WebSite\",\"@id\":\"https:\\\/\\\/www.laguiadepamplona.com\\\/actualidad\\\/#website\",\"url\":\"https:\\\/\\\/www.laguiadepamplona.com\\\/actualidad\\\/\",\"name\":\"La gu\u00eda de Pamplona\",\"description\":\"Noticias de Pamplona\",\"publisher\":{\"@id\":\"https:\\\/\\\/www.laguiadepamplona.com\\\/actualidad\\\/#organization\"},\"potentialAction\":[{\"@type\":\"SearchAction\",\"target\":{\"@type\":\"EntryPoint\",\"urlTemplate\":\"https:\\\/\\\/www.laguiadepamplona.com\\\/actualidad\\\/?s={search_term_string}\"},\"query-input\":{\"@type\":\"PropertyValueSpecification\",\"valueRequired\":true,\"valueName\":\"search_term_string\"}}],\"inLanguage\":\"es\"},{\"@type\":\"Organization\",\"@id\":\"https:\\\/\\\/www.laguiadepamplona.com\\\/actualidad\\\/#organization\",\"name\":\"La Gu\u00eda de Pamplona \\\/ Noticias\",\"url\":\"https:\\\/\\\/www.laguiadepamplona.com\\\/actualidad\\\/\",\"logo\":{\"@type\":\"ImageObject\",\"inLanguage\":\"es\",\"@id\":\"https:\\\/\\\/www.laguiadepamplona.com\\\/actualidad\\\/#\\\/schema\\\/logo\\\/image\\\/\",\"url\":\"https:\\\/\\\/www.laguiadepamplona.com\\\/actualidad\\\/wp-content\\\/uploads\\\/2018\\\/11\\\/logo-laguiadepamplona18-web1.png\",\"contentUrl\":\"https:\\\/\\\/www.laguiadepamplona.com\\\/actualidad\\\/wp-content\\\/uploads\\\/2018\\\/11\\\/logo-laguiadepamplona18-web1.png\",\"width\":600,\"height\":196,\"caption\":\"La Gu\u00eda de Pamplona \\\/ Noticias\"},\"image\":{\"@id\":\"https:\\\/\\\/www.laguiadepamplona.com\\\/actualidad\\\/#\\\/schema\\\/logo\\\/image\\\/\"},\"sameAs\":[\"https:\\\/\\\/www.facebook.com\\\/laguiadepamplonacom-133175176762273\\\/?ref=hl\",\"https:\\\/\\\/x.com\\\/LaGuiadPamplona\",\"https:\\\/\\\/www.instagram.com\\\/la_guia_de_pamplona\\\/\",\"https:\\\/\\\/www.youtube.com\\\/user\\\/laguiadepamplona\"]},{\"@type\":\"Person\",\"@id\":\"https:\\\/\\\/www.laguiadepamplona.com\\\/actualidad\\\/#\\\/schema\\\/person\\\/efe887376f0213d4657c93adc50b1fdb\",\"name\":\"La Gu\u00eda de Pamplona\",\"image\":{\"@type\":\"ImageObject\",\"inLanguage\":\"es\",\"@id\":\"https:\\\/\\\/secure.gravatar.com\\\/avatar\\\/b6992f131dc8d30ab0dff15446e9d346d9dbd95992de0fef795073f5ea83a81c?s=96&d=mm&r=g\",\"url\":\"https:\\\/\\\/secure.gravatar.com\\\/avatar\\\/b6992f131dc8d30ab0dff15446e9d346d9dbd95992de0fef795073f5ea83a81c?s=96&d=mm&r=g\",\"contentUrl\":\"https:\\\/\\\/secure.gravatar.com\\\/avatar\\\/b6992f131dc8d30ab0dff15446e9d346d9dbd95992de0fef795073f5ea83a81c?s=96&d=mm&r=g\",\"caption\":\"La Gu\u00eda de Pamplona\"}}]}<\/script>\n<!-- \/ Yoast SEO plugin. -->","yoast_head_json":{"title":"La Casa de la Juventud acoge ma\u00f1ana la presentaci\u00f3n de la Semana de Acci\u00f3n Mundial por la Educaci\u00f3n, SAME, que tendr\u00e1 lugar del 20 al 26 de abril 2015","robots":{"index":"index","follow":"follow","max-snippet":"max-snippet:-1","max-image-preview":"max-image-preview:large","max-video-preview":"max-video-preview:-1"},"canonical":"https:\/\/www.laguiadepamplona.com\/actualidad\/la-casa-de-la-juventud-acoge-manana-la-presentacion-de-la-semana-de-accion-mundial-por-la-educacion-same-que-tendra-lugar-del-20-al-26-de-abril-2015\/","og_locale":"es_ES","og_type":"article","og_title":"La Casa de la Juventud acoge ma\u00f1ana la presentaci\u00f3n de la Semana de Acci\u00f3n Mundial por la Educaci\u00f3n, SAME, que tendr\u00e1 lugar del 20 al 26 de abril 2015","og_description":"Este a\u00f1o las instancias internacionales revisar\u00e1n los nuevos objetivos en ese campo, despu\u00e9s de que se hayan incumplido los fijados para 2015 La Casa de la Juventud vuelve a acoger,...","og_url":"https:\/\/www.laguiadepamplona.com\/actualidad\/la-casa-de-la-juventud-acoge-manana-la-presentacion-de-la-semana-de-accion-mundial-por-la-educacion-same-que-tendra-lugar-del-20-al-26-de-abril-2015\/","og_site_name":"La Gu\u00eda de Pamplona","article_publisher":"https:\/\/www.facebook.com\/laguiadepamplonacom-133175176762273\/?ref=hl","article_published_time":"2015-01-28T11:54:10+00:00","author":"La Gu\u00eda de Pamplona","twitter_card":"summary_large_image","twitter_creator":"@LaGuiadPamplona","twitter_site":"@LaGuiadPamplona","twitter_misc":{"Escrito por":"La Gu\u00eda de Pamplona","Tiempo de lectura":"4 minutos"},"schema":{"@context":"https:\/\/schema.org","@graph":[{"@type":"Article","@id":"https:\/\/www.laguiadepamplona.com\/actualidad\/la-casa-de-la-juventud-acoge-manana-la-presentacion-de-la-semana-de-accion-mundial-por-la-educacion-same-que-tendra-lugar-del-20-al-26-de-abril-2015\/#article","isPartOf":{"@id":"https:\/\/www.laguiadepamplona.com\/actualidad\/la-casa-de-la-juventud-acoge-manana-la-presentacion-de-la-semana-de-accion-mundial-por-la-educacion-same-que-tendra-lugar-del-20-al-26-de-abril-2015\/"},"author":{"name":"La Gu\u00eda de Pamplona","@id":"https:\/\/www.laguiadepamplona.com\/actualidad\/#\/schema\/person\/efe887376f0213d4657c93adc50b1fdb"},"headline":"La Casa de la Juventud acoge ma\u00f1ana la presentaci\u00f3n de la Semana de Acci\u00f3n Mundial por la Educaci\u00f3n, SAME, que tendr\u00e1 lugar del 20 al 26 de abril 2015","datePublished":"2015-01-28T11:54:10+00:00","mainEntityOfPage":{"@id":"https:\/\/www.laguiadepamplona.com\/actualidad\/la-casa-de-la-juventud-acoge-manana-la-presentacion-de-la-semana-de-accion-mundial-por-la-educacion-same-que-tendra-lugar-del-20-al-26-de-abril-2015\/"},"wordCount":841,"publisher":{"@id":"https:\/\/www.laguiadepamplona.com\/actualidad\/#organization"},"image":{"@id":"https:\/\/www.laguiadepamplona.com\/actualidad\/la-casa-de-la-juventud-acoge-manana-la-presentacion-de-la-semana-de-accion-mundial-por-la-educacion-same-que-tendra-lugar-del-20-al-26-de-abril-2015\/#primaryimage"},"thumbnailUrl":"","keywords":["actualidad","ayto pamplona","Ayuntamiento de Pamplona","casa juventud","educaci\u00f3n","mundial","noticias","pamplona","presentaci\u00f3n","same","semana acci\u00f3n"],"articleSection":["Ayto Pamplona"],"inLanguage":"es"},{"@type":"WebPage","@id":"https:\/\/www.laguiadepamplona.com\/actualidad\/la-casa-de-la-juventud-acoge-manana-la-presentacion-de-la-semana-de-accion-mundial-por-la-educacion-same-que-tendra-lugar-del-20-al-26-de-abril-2015\/","url":"https:\/\/www.laguiadepamplona.com\/actualidad\/la-casa-de-la-juventud-acoge-manana-la-presentacion-de-la-semana-de-accion-mundial-por-la-educacion-same-que-tendra-lugar-del-20-al-26-de-abril-2015\/","name":"La Casa de la Juventud acoge ma\u00f1ana la presentaci\u00f3n de la Semana de Acci\u00f3n Mundial por la Educaci\u00f3n, SAME, que tendr\u00e1 lugar del 20 al 26 de abril 2015","isPartOf":{"@id":"https:\/\/www.laguiadepamplona.com\/actualidad\/#website"},"primaryImageOfPage":{"@id":"https:\/\/www.laguiadepamplona.com\/actualidad\/la-casa-de-la-juventud-acoge-manana-la-presentacion-de-la-semana-de-accion-mundial-por-la-educacion-same-que-tendra-lugar-del-20-al-26-de-abril-2015\/#primaryimage"},"image":{"@id":"https:\/\/www.laguiadepamplona.com\/actualidad\/la-casa-de-la-juventud-acoge-manana-la-presentacion-de-la-semana-de-accion-mundial-por-la-educacion-same-que-tendra-lugar-del-20-al-26-de-abril-2015\/#primaryimage"},"thumbnailUrl":"","datePublished":"2015-01-28T11:54:10+00:00","breadcrumb":{"@id":"https:\/\/www.laguiadepamplona.com\/actualidad\/la-casa-de-la-juventud-acoge-manana-la-presentacion-de-la-semana-de-accion-mundial-por-la-educacion-same-que-tendra-lugar-del-20-al-26-de-abril-2015\/#breadcrumb"},"inLanguage":"es","potentialAction":[{"@type":"ReadAction","target":["https:\/\/www.laguiadepamplona.com\/actualidad\/la-casa-de-la-juventud-acoge-manana-la-presentacion-de-la-semana-de-accion-mundial-por-la-educacion-same-que-tendra-lugar-del-20-al-26-de-abril-2015\/"]}]},{"@type":"ImageObject","inLanguage":"es","@id":"https:\/\/www.laguiadepamplona.com\/actualidad\/la-casa-de-la-juventud-acoge-manana-la-presentacion-de-la-semana-de-accion-mundial-por-la-educacion-same-que-tendra-lugar-del-20-al-26-de-abril-2015\/#primaryimage","url":"","contentUrl":""},{"@type":"BreadcrumbList","@id":"https:\/\/www.laguiadepamplona.com\/actualidad\/la-casa-de-la-juventud-acoge-manana-la-presentacion-de-la-semana-de-accion-mundial-por-la-educacion-same-que-tendra-lugar-del-20-al-26-de-abril-2015\/#breadcrumb","itemListElement":[{"@type":"ListItem","position":1,"name":"Portada","item":"https:\/\/www.laguiadepamplona.com\/actualidad\/"},{"@type":"ListItem","position":2,"name":"La Casa de la Juventud acoge ma\u00f1ana la presentaci\u00f3n de la Semana de Acci\u00f3n Mundial por la Educaci\u00f3n, SAME, que tendr\u00e1 lugar del 20 al 26 de abril 2015"}]},{"@type":"WebSite","@id":"https:\/\/www.laguiadepamplona.com\/actualidad\/#website","url":"https:\/\/www.laguiadepamplona.com\/actualidad\/","name":"La gu\u00eda de Pamplona","description":"Noticias de Pamplona","publisher":{"@id":"https:\/\/www.laguiadepamplona.com\/actualidad\/#organization"},"potentialAction":[{"@type":"SearchAction","target":{"@type":"EntryPoint","urlTemplate":"https:\/\/www.laguiadepamplona.com\/actualidad\/?s={search_term_string}"},"query-input":{"@type":"PropertyValueSpecification","valueRequired":true,"valueName":"search_term_string"}}],"inLanguage":"es"},{"@type":"Organization","@id":"https:\/\/www.laguiadepamplona.com\/actualidad\/#organization","name":"La Gu\u00eda de Pamplona \/ Noticias","url":"https:\/\/www.laguiadepamplona.com\/actualidad\/","logo":{"@type":"ImageObject","inLanguage":"es","@id":"https:\/\/www.laguiadepamplona.com\/actualidad\/#\/schema\/logo\/image\/","url":"https:\/\/www.laguiadepamplona.com\/actualidad\/wp-content\/uploads\/2018\/11\/logo-laguiadepamplona18-web1.png","contentUrl":"https:\/\/www.laguiadepamplona.com\/actualidad\/wp-content\/uploads\/2018\/11\/logo-laguiadepamplona18-web1.png","width":600,"height":196,"caption":"La Gu\u00eda de Pamplona \/ Noticias"},"image":{"@id":"https:\/\/www.laguiadepamplona.com\/actualidad\/#\/schema\/logo\/image\/"},"sameAs":["https:\/\/www.facebook.com\/laguiadepamplonacom-133175176762273\/?ref=hl","https:\/\/x.com\/LaGuiadPamplona","https:\/\/www.instagram.com\/la_guia_de_pamplona\/","https:\/\/www.youtube.com\/user\/laguiadepamplona"]},{"@type":"Person","@id":"https:\/\/www.laguiadepamplona.com\/actualidad\/#\/schema\/person\/efe887376f0213d4657c93adc50b1fdb","name":"La Gu\u00eda de Pamplona","image":{"@type":"ImageObject","inLanguage":"es","@id":"https:\/\/secure.gravatar.com\/avatar\/b6992f131dc8d30ab0dff15446e9d346d9dbd95992de0fef795073f5ea83a81c?s=96&d=mm&r=g","url":"https:\/\/secure.gravatar.com\/avatar\/b6992f131dc8d30ab0dff15446e9d346d9dbd95992de0fef795073f5ea83a81c?s=96&d=mm&r=g","contentUrl":"https:\/\/secure.gravatar.com\/avatar\/b6992f131dc8d30ab0dff15446e9d346d9dbd95992de0fef795073f5ea83a81c?s=96&d=mm&r=g","caption":"La Gu\u00eda de Pamplona"}}]}},"post_mailing_queue_ids":[],"_links":{"self":[{"href":"https:\/\/www.laguiadepamplona.com\/actualidad\/wp-json\/wp\/v2\/posts\/4562","targetHints":{"allow":["GET"]}}],"collection":[{"href":"https:\/\/www.laguiadepamplona.com\/actualidad\/wp-json\/wp\/v2\/posts"}],"about":[{"href":"https:\/\/www.laguiadepamplona.com\/actualidad\/wp-json\/wp\/v2\/types\/post"}],"author":[{"embeddable":true,"href":"https:\/\/www.laguiadepamplona.com\/actualidad\/wp-json\/wp\/v2\/users\/1"}],"replies":[{"embeddable":true,"href":"https:\/\/www.laguiadepamplona.com\/actualidad\/wp-json\/wp\/v2\/comments?post=4562"}],"version-history":[{"count":0,"href":"https:\/\/www.laguiadepamplona.com\/actualidad\/wp-json\/wp\/v2\/posts\/4562\/revisions"}],"wp:featuredmedia":[{"embeddable":true,"href":"https:\/\/www.laguiadepamplona.com\/actualidad\/wp-json\/"}],"wp:attachment":[{"href":"https:\/\/www.laguiadepamplona.com\/actualidad\/wp-json\/wp\/v2\/media?parent=4562"}],"wp:term":[{"taxonomy":"category","embeddable":true,"href":"https:\/\/www.laguiadepamplona.com\/actualidad\/wp-json\/wp\/v2\/categories?post=4562"},{"taxonomy":"post_tag","embeddable":true,"href":"https:\/\/www.laguiadepamplona.com\/actualidad\/wp-json\/wp\/v2\/tags?post=4562"}],"curies":[{"name":"wp","href":"https:\/\/api.w.org\/{rel}","templated":true}]}}