{"id":443,"date":"2014-02-13T15:00:26","date_gmt":"2014-02-13T14:00:26","guid":{"rendered":"http:\/\/laguiadepamplona.es\/noticias\/?p=443"},"modified":"2014-02-13T15:00:26","modified_gmt":"2014-02-13T14:00:26","slug":"el-ayuntamiento-de-pamplona-homenajea-a-los-32-funcionarios-municipales-que-se-jubilaron-durante-el-ano-pasado","status":"publish","type":"post","link":"https:\/\/www.laguiadepamplona.com\/actualidad\/el-ayuntamiento-de-pamplona-homenajea-a-los-32-funcionarios-municipales-que-se-jubilaron-durante-el-ano-pasado\/","title":{"rendered":"El Ayuntamiento de Pamplona homenajea a los 32 funcionarios municipales que se jubilaron durante el a\u00f1o pasado"},"content":{"rendered":"<p><a href=\"http:\/\/laguiadepamplona.es\/noticias\/wp-content\/uploads\/2014\/01\/01_Pamplona.jpg\"><img loading=\"lazy\" decoding=\"async\" class=\"alignleft size-medium wp-image-113\" alt=\"01_Pamplona\" src=\"http:\/\/laguiadepamplona.es\/noticias\/wp-content\/uploads\/2014\/01\/01_Pamplona-300x225.jpg\" width=\"300\" height=\"225\" \/><\/a>El Ayuntamiento de Pamplona ha reconocido esta ma\u00f1ana la labor desempe\u00f1ada a lo largo de los a\u00f1os de los 32 funcionarios municipales que se jubilaron durante el a\u00f1o pasado. Se trata de 18 mujeres y 14 hombres que han trabajado en distintas \u00e1reas y han llevado a cabo diferentes funciones dentro de la administraci\u00f3n municipal pamplonesa.<\/p>\n<p>El alcalde de Pamplona, Enrique Maya, y miembros de la Corporaci\u00f3n municipal, les ha entregado en el patio renacentista del Palacio del Condestable los diplomas de reconocimiento por su labor, adem\u00e1s de una reproducci\u00f3n a cada uno de la fachada del Ayuntamiento, con las fechas de ingreso en el funcionario municipal y de su jubilaci\u00f3n como recuerdo de los a\u00f1os de servicio al ciudadano en la Administraci\u00f3n Local. Tras la entrega, el alcalde de Pamplona ha agradecido en nombre de todo el Ayuntamiento el trabajo realizado en el Consistorio por cada uno de los funcionarios jubilados en 2013.<\/p>\n<p>El acto ha estado amenizado con varias piezas musicales interpretadas en el propio patio de Condestable por la formaci\u00f3n MZ d\u00fao, compuesta por \u00cd\u00f1igo Mikel\u00e9iz y Laura Zudaire, acorde\u00f3n y viol\u00edn, respectivamente.<\/p>\n<p>&nbsp;<\/p>\n<div>\n<p><strong>Funcionarios jubilados en 2013<\/strong><\/p>\n<\/div>\n<ul>\n<li>JUAN CRUZ ALLI ARANGUREN<\/li>\n<li>EL\u00cdAS \u00c1LVAREZ ORTIGOSA<\/li>\n<li>\u00c1NGEL JAVIER ARBE ZUGASTI<\/li>\n<li>FRANCISCA BAQUEDANO VERGARA<\/li>\n<li>ANA MAR\u00cdA BEAUMONT MORIONES<\/li>\n<li>MAR\u00cdA ISABEL ESTEBAN SESMA<\/li>\n<li>MAR\u00cdA ESTEIRO\u00a0 MART\u00cdNEZ<\/li>\n<li>JAVIER GARAYOA GURUCHARRI<\/li>\n<li>REYES GARAYOA MARCO<\/li>\n<li>MAR\u00cdA JOS\u00c9 GILABERT FERN\u00c1NDEZ<\/li>\n<li>FRANCISCA GO\u00d1I VILLANUEVA<\/li>\n<li>I\u00d1AKI GRACIA BAZT\u00c1N<\/li>\n<li>ROSA JULIA HERAS MART\u00cdNEZ DE PINILLOS<\/li>\n<li>ANTONIO HUERGA MA\u00d1ANES<\/li>\n<li>MAITE IRAOLA GOROSTIAGA<\/li>\n<li>JOS\u00c9 LUIS JURADO ROMERO<\/li>\n<li>FRANCISCO JAVIER LAINEZ SALINAS<\/li>\n<li>VICENTE MARIANO LEOZ ARRIETA<\/li>\n<li>MAR\u00cdA BERNARDA LIZASO BASTERO<\/li>\n<li>ADELA MARCILLA MAGA\u00d1A<\/li>\n<li>ALFONSO MART\u00cdN DE ARMENTA<\/li>\n<li>ALEJANDRA PAULA MART\u00cdNEZ MAYORAL<\/li>\n<li>M\u00aa ROSARIO MENDIOROZ EGEA<\/li>\n<li>PILAR MURUGARREN ALCALDE<\/li>\n<li>JOS\u00c9 VICENTE NAVARRO VILLANUEVA<\/li>\n<li>JUANA MAR\u00cdA OTERINO HERN\u00c1NDEZ<\/li>\n<li>CARLOS RODR\u00cdGUEZ SERRANO<\/li>\n<li>JOS\u00c9 LUIS SESMA ZUGARRONDO<\/li>\n<li>JULIO SOLA PALACIOS<\/li>\n<li>MAR\u00cdA CARMEN VALER L\u00d3PEZ<\/li>\n<li>MAR\u00cdA TERESA ZARATIEGUI JUR\u00cdO<\/li>\n<li>MERCEDES ZARATIEGUI SOLA<\/li>\n<\/ul>\n","protected":false},"excerpt":{"rendered":"<p>El Ayuntamiento de Pamplona ha reconocido esta ma\u00f1ana la labor desempe\u00f1ada a lo largo de los a\u00f1os de los 32 funcionarios municipales que se jubilaron durante el a\u00f1o pasado. Se&#8230;<\/p>\n","protected":false},"author":1,"featured_media":113,"comment_status":"closed","ping_status":"open","sticky":false,"template":"","format":"standard","meta":{"footnotes":""},"categories":[2],"tags":[257,5,6,258,8,9],"class_list":["post-443","post","type-post","status-publish","format-standard","has-post-thumbnail","hentry","category-ayuntamiento-pamplona","tag-32-funcionarios","tag-actualidad","tag-ayto-pamplona","tag-homenaje","tag-noticias","tag-pamplona"],"yoast_head":"<!-- This site is optimized with the Yoast SEO plugin v27.5 - https:\/\/yoast.com\/product\/yoast-seo-wordpress\/ -->\n<title>El Ayuntamiento de Pamplona homenajea a los 32 funcionarios municipales que se jubilaron durante el a\u00f1o pasado<\/title>\n<meta name=\"robots\" content=\"index, follow, max-snippet:-1, max-image-preview:large, max-video-preview:-1\" \/>\n<link rel=\"canonical\" href=\"https:\/\/www.laguiadepamplona.com\/actualidad\/el-ayuntamiento-de-pamplona-homenajea-a-los-32-funcionarios-municipales-que-se-jubilaron-durante-el-ano-pasado\/\" \/>\n<meta property=\"og:locale\" content=\"es_ES\" \/>\n<meta property=\"og:type\" content=\"article\" \/>\n<meta property=\"og:title\" content=\"El Ayuntamiento de Pamplona homenajea a los 32 funcionarios municipales que se jubilaron durante el a\u00f1o pasado\" \/>\n<meta property=\"og:description\" content=\"El Ayuntamiento de Pamplona ha reconocido esta ma\u00f1ana la labor desempe\u00f1ada a lo largo de los a\u00f1os de los 32 funcionarios municipales que se jubilaron durante el a\u00f1o pasado. Se...\" \/>\n<meta property=\"og:url\" content=\"https:\/\/www.laguiadepamplona.com\/actualidad\/el-ayuntamiento-de-pamplona-homenajea-a-los-32-funcionarios-municipales-que-se-jubilaron-durante-el-ano-pasado\/\" \/>\n<meta property=\"og:site_name\" content=\"La Gu\u00eda de Pamplona\" \/>\n<meta property=\"article:publisher\" content=\"https:\/\/www.facebook.com\/laguiadepamplonacom-133175176762273\/?ref=hl\" \/>\n<meta property=\"article:published_time\" content=\"2014-02-13T14:00:26+00:00\" \/>\n<meta name=\"author\" content=\"La Gu\u00eda de Pamplona\" \/>\n<meta name=\"twitter:card\" content=\"summary_large_image\" \/>\n<meta name=\"twitter:creator\" content=\"@LaGuiadPamplona\" \/>\n<meta name=\"twitter:site\" content=\"@LaGuiadPamplona\" \/>\n<meta name=\"twitter:label1\" content=\"Escrito por\" \/>\n\t<meta name=\"twitter:data1\" content=\"La Gu\u00eda de Pamplona\" \/>\n\t<meta name=\"twitter:label2\" content=\"Tiempo de lectura\" \/>\n\t<meta name=\"twitter:data2\" content=\"2 minutos\" \/>\n<script type=\"application\/ld+json\" class=\"yoast-schema-graph\">{\"@context\":\"https:\\\/\\\/schema.org\",\"@graph\":[{\"@type\":\"Article\",\"@id\":\"https:\\\/\\\/www.laguiadepamplona.com\\\/actualidad\\\/el-ayuntamiento-de-pamplona-homenajea-a-los-32-funcionarios-municipales-que-se-jubilaron-durante-el-ano-pasado\\\/#article\",\"isPartOf\":{\"@id\":\"https:\\\/\\\/www.laguiadepamplona.com\\\/actualidad\\\/el-ayuntamiento-de-pamplona-homenajea-a-los-32-funcionarios-municipales-que-se-jubilaron-durante-el-ano-pasado\\\/\"},\"author\":{\"name\":\"La Gu\u00eda de Pamplona\",\"@id\":\"https:\\\/\\\/www.laguiadepamplona.com\\\/actualidad\\\/#\\\/schema\\\/person\\\/efe887376f0213d4657c93adc50b1fdb\"},\"headline\":\"El Ayuntamiento de Pamplona homenajea a los 32 funcionarios municipales que se jubilaron durante el a\u00f1o pasado\",\"datePublished\":\"2014-02-13T14:00:26+00:00\",\"mainEntityOfPage\":{\"@id\":\"https:\\\/\\\/www.laguiadepamplona.com\\\/actualidad\\\/el-ayuntamiento-de-pamplona-homenajea-a-los-32-funcionarios-municipales-que-se-jubilaron-durante-el-ano-pasado\\\/\"},\"wordCount\":358,\"publisher\":{\"@id\":\"https:\\\/\\\/www.laguiadepamplona.com\\\/actualidad\\\/#organization\"},\"image\":{\"@id\":\"https:\\\/\\\/www.laguiadepamplona.com\\\/actualidad\\\/el-ayuntamiento-de-pamplona-homenajea-a-los-32-funcionarios-municipales-que-se-jubilaron-durante-el-ano-pasado\\\/#primaryimage\"},\"thumbnailUrl\":\"\",\"keywords\":[\"32 funcionarios\",\"actualidad\",\"ayto pamplona\",\"homenaje\",\"noticias\",\"pamplona\"],\"articleSection\":[\"Ayto Pamplona\"],\"inLanguage\":\"es\"},{\"@type\":\"WebPage\",\"@id\":\"https:\\\/\\\/www.laguiadepamplona.com\\\/actualidad\\\/el-ayuntamiento-de-pamplona-homenajea-a-los-32-funcionarios-municipales-que-se-jubilaron-durante-el-ano-pasado\\\/\",\"url\":\"https:\\\/\\\/www.laguiadepamplona.com\\\/actualidad\\\/el-ayuntamiento-de-pamplona-homenajea-a-los-32-funcionarios-municipales-que-se-jubilaron-durante-el-ano-pasado\\\/\",\"name\":\"El Ayuntamiento de Pamplona homenajea a los 32 funcionarios municipales que se jubilaron durante el a\u00f1o pasado\",\"isPartOf\":{\"@id\":\"https:\\\/\\\/www.laguiadepamplona.com\\\/actualidad\\\/#website\"},\"primaryImageOfPage\":{\"@id\":\"https:\\\/\\\/www.laguiadepamplona.com\\\/actualidad\\\/el-ayuntamiento-de-pamplona-homenajea-a-los-32-funcionarios-municipales-que-se-jubilaron-durante-el-ano-pasado\\\/#primaryimage\"},\"image\":{\"@id\":\"https:\\\/\\\/www.laguiadepamplona.com\\\/actualidad\\\/el-ayuntamiento-de-pamplona-homenajea-a-los-32-funcionarios-municipales-que-se-jubilaron-durante-el-ano-pasado\\\/#primaryimage\"},\"thumbnailUrl\":\"\",\"datePublished\":\"2014-02-13T14:00:26+00:00\",\"breadcrumb\":{\"@id\":\"https:\\\/\\\/www.laguiadepamplona.com\\\/actualidad\\\/el-ayuntamiento-de-pamplona-homenajea-a-los-32-funcionarios-municipales-que-se-jubilaron-durante-el-ano-pasado\\\/#breadcrumb\"},\"inLanguage\":\"es\",\"potentialAction\":[{\"@type\":\"ReadAction\",\"target\":[\"https:\\\/\\\/www.laguiadepamplona.com\\\/actualidad\\\/el-ayuntamiento-de-pamplona-homenajea-a-los-32-funcionarios-municipales-que-se-jubilaron-durante-el-ano-pasado\\\/\"]}]},{\"@type\":\"ImageObject\",\"inLanguage\":\"es\",\"@id\":\"https:\\\/\\\/www.laguiadepamplona.com\\\/actualidad\\\/el-ayuntamiento-de-pamplona-homenajea-a-los-32-funcionarios-municipales-que-se-jubilaron-durante-el-ano-pasado\\\/#primaryimage\",\"url\":\"\",\"contentUrl\":\"\"},{\"@type\":\"BreadcrumbList\",\"@id\":\"https:\\\/\\\/www.laguiadepamplona.com\\\/actualidad\\\/el-ayuntamiento-de-pamplona-homenajea-a-los-32-funcionarios-municipales-que-se-jubilaron-durante-el-ano-pasado\\\/#breadcrumb\",\"itemListElement\":[{\"@type\":\"ListItem\",\"position\":1,\"name\":\"Portada\",\"item\":\"https:\\\/\\\/www.laguiadepamplona.com\\\/actualidad\\\/\"},{\"@type\":\"ListItem\",\"position\":2,\"name\":\"El Ayuntamiento de Pamplona homenajea a los 32 funcionarios municipales que se jubilaron durante el a\u00f1o pasado\"}]},{\"@type\":\"WebSite\",\"@id\":\"https:\\\/\\\/www.laguiadepamplona.com\\\/actualidad\\\/#website\",\"url\":\"https:\\\/\\\/www.laguiadepamplona.com\\\/actualidad\\\/\",\"name\":\"La gu\u00eda de Pamplona\",\"description\":\"Noticias de Pamplona\",\"publisher\":{\"@id\":\"https:\\\/\\\/www.laguiadepamplona.com\\\/actualidad\\\/#organization\"},\"potentialAction\":[{\"@type\":\"SearchAction\",\"target\":{\"@type\":\"EntryPoint\",\"urlTemplate\":\"https:\\\/\\\/www.laguiadepamplona.com\\\/actualidad\\\/?s={search_term_string}\"},\"query-input\":{\"@type\":\"PropertyValueSpecification\",\"valueRequired\":true,\"valueName\":\"search_term_string\"}}],\"inLanguage\":\"es\"},{\"@type\":\"Organization\",\"@id\":\"https:\\\/\\\/www.laguiadepamplona.com\\\/actualidad\\\/#organization\",\"name\":\"La Gu\u00eda de Pamplona \\\/ Noticias\",\"url\":\"https:\\\/\\\/www.laguiadepamplona.com\\\/actualidad\\\/\",\"logo\":{\"@type\":\"ImageObject\",\"inLanguage\":\"es\",\"@id\":\"https:\\\/\\\/www.laguiadepamplona.com\\\/actualidad\\\/#\\\/schema\\\/logo\\\/image\\\/\",\"url\":\"https:\\\/\\\/www.laguiadepamplona.com\\\/actualidad\\\/wp-content\\\/uploads\\\/2018\\\/11\\\/logo-laguiadepamplona18-web1.png\",\"contentUrl\":\"https:\\\/\\\/www.laguiadepamplona.com\\\/actualidad\\\/wp-content\\\/uploads\\\/2018\\\/11\\\/logo-laguiadepamplona18-web1.png\",\"width\":600,\"height\":196,\"caption\":\"La Gu\u00eda de Pamplona \\\/ Noticias\"},\"image\":{\"@id\":\"https:\\\/\\\/www.laguiadepamplona.com\\\/actualidad\\\/#\\\/schema\\\/logo\\\/image\\\/\"},\"sameAs\":[\"https:\\\/\\\/www.facebook.com\\\/laguiadepamplonacom-133175176762273\\\/?ref=hl\",\"https:\\\/\\\/x.com\\\/LaGuiadPamplona\",\"https:\\\/\\\/www.instagram.com\\\/la_guia_de_pamplona\\\/\",\"https:\\\/\\\/www.youtube.com\\\/user\\\/laguiadepamplona\"]},{\"@type\":\"Person\",\"@id\":\"https:\\\/\\\/www.laguiadepamplona.com\\\/actualidad\\\/#\\\/schema\\\/person\\\/efe887376f0213d4657c93adc50b1fdb\",\"name\":\"La Gu\u00eda de Pamplona\",\"image\":{\"@type\":\"ImageObject\",\"inLanguage\":\"es\",\"@id\":\"https:\\\/\\\/secure.gravatar.com\\\/avatar\\\/b6992f131dc8d30ab0dff15446e9d346d9dbd95992de0fef795073f5ea83a81c?s=96&d=mm&r=g\",\"url\":\"https:\\\/\\\/secure.gravatar.com\\\/avatar\\\/b6992f131dc8d30ab0dff15446e9d346d9dbd95992de0fef795073f5ea83a81c?s=96&d=mm&r=g\",\"contentUrl\":\"https:\\\/\\\/secure.gravatar.com\\\/avatar\\\/b6992f131dc8d30ab0dff15446e9d346d9dbd95992de0fef795073f5ea83a81c?s=96&d=mm&r=g\",\"caption\":\"La Gu\u00eda de Pamplona\"}}]}<\/script>\n<!-- \/ Yoast SEO plugin. -->","yoast_head_json":{"title":"El Ayuntamiento de Pamplona homenajea a los 32 funcionarios municipales que se jubilaron durante el a\u00f1o pasado","robots":{"index":"index","follow":"follow","max-snippet":"max-snippet:-1","max-image-preview":"max-image-preview:large","max-video-preview":"max-video-preview:-1"},"canonical":"https:\/\/www.laguiadepamplona.com\/actualidad\/el-ayuntamiento-de-pamplona-homenajea-a-los-32-funcionarios-municipales-que-se-jubilaron-durante-el-ano-pasado\/","og_locale":"es_ES","og_type":"article","og_title":"El Ayuntamiento de Pamplona homenajea a los 32 funcionarios municipales que se jubilaron durante el a\u00f1o pasado","og_description":"El Ayuntamiento de Pamplona ha reconocido esta ma\u00f1ana la labor desempe\u00f1ada a lo largo de los a\u00f1os de los 32 funcionarios municipales que se jubilaron durante el a\u00f1o pasado. Se...","og_url":"https:\/\/www.laguiadepamplona.com\/actualidad\/el-ayuntamiento-de-pamplona-homenajea-a-los-32-funcionarios-municipales-que-se-jubilaron-durante-el-ano-pasado\/","og_site_name":"La Gu\u00eda de Pamplona","article_publisher":"https:\/\/www.facebook.com\/laguiadepamplonacom-133175176762273\/?ref=hl","article_published_time":"2014-02-13T14:00:26+00:00","author":"La Gu\u00eda de Pamplona","twitter_card":"summary_large_image","twitter_creator":"@LaGuiadPamplona","twitter_site":"@LaGuiadPamplona","twitter_misc":{"Escrito por":"La Gu\u00eda de Pamplona","Tiempo de lectura":"2 minutos"},"schema":{"@context":"https:\/\/schema.org","@graph":[{"@type":"Article","@id":"https:\/\/www.laguiadepamplona.com\/actualidad\/el-ayuntamiento-de-pamplona-homenajea-a-los-32-funcionarios-municipales-que-se-jubilaron-durante-el-ano-pasado\/#article","isPartOf":{"@id":"https:\/\/www.laguiadepamplona.com\/actualidad\/el-ayuntamiento-de-pamplona-homenajea-a-los-32-funcionarios-municipales-que-se-jubilaron-durante-el-ano-pasado\/"},"author":{"name":"La Gu\u00eda de Pamplona","@id":"https:\/\/www.laguiadepamplona.com\/actualidad\/#\/schema\/person\/efe887376f0213d4657c93adc50b1fdb"},"headline":"El Ayuntamiento de Pamplona homenajea a los 32 funcionarios municipales que se jubilaron durante el a\u00f1o pasado","datePublished":"2014-02-13T14:00:26+00:00","mainEntityOfPage":{"@id":"https:\/\/www.laguiadepamplona.com\/actualidad\/el-ayuntamiento-de-pamplona-homenajea-a-los-32-funcionarios-municipales-que-se-jubilaron-durante-el-ano-pasado\/"},"wordCount":358,"publisher":{"@id":"https:\/\/www.laguiadepamplona.com\/actualidad\/#organization"},"image":{"@id":"https:\/\/www.laguiadepamplona.com\/actualidad\/el-ayuntamiento-de-pamplona-homenajea-a-los-32-funcionarios-municipales-que-se-jubilaron-durante-el-ano-pasado\/#primaryimage"},"thumbnailUrl":"","keywords":["32 funcionarios","actualidad","ayto pamplona","homenaje","noticias","pamplona"],"articleSection":["Ayto Pamplona"],"inLanguage":"es"},{"@type":"WebPage","@id":"https:\/\/www.laguiadepamplona.com\/actualidad\/el-ayuntamiento-de-pamplona-homenajea-a-los-32-funcionarios-municipales-que-se-jubilaron-durante-el-ano-pasado\/","url":"https:\/\/www.laguiadepamplona.com\/actualidad\/el-ayuntamiento-de-pamplona-homenajea-a-los-32-funcionarios-municipales-que-se-jubilaron-durante-el-ano-pasado\/","name":"El Ayuntamiento de Pamplona homenajea a los 32 funcionarios municipales que se jubilaron durante el a\u00f1o pasado","isPartOf":{"@id":"https:\/\/www.laguiadepamplona.com\/actualidad\/#website"},"primaryImageOfPage":{"@id":"https:\/\/www.laguiadepamplona.com\/actualidad\/el-ayuntamiento-de-pamplona-homenajea-a-los-32-funcionarios-municipales-que-se-jubilaron-durante-el-ano-pasado\/#primaryimage"},"image":{"@id":"https:\/\/www.laguiadepamplona.com\/actualidad\/el-ayuntamiento-de-pamplona-homenajea-a-los-32-funcionarios-municipales-que-se-jubilaron-durante-el-ano-pasado\/#primaryimage"},"thumbnailUrl":"","datePublished":"2014-02-13T14:00:26+00:00","breadcrumb":{"@id":"https:\/\/www.laguiadepamplona.com\/actualidad\/el-ayuntamiento-de-pamplona-homenajea-a-los-32-funcionarios-municipales-que-se-jubilaron-durante-el-ano-pasado\/#breadcrumb"},"inLanguage":"es","potentialAction":[{"@type":"ReadAction","target":["https:\/\/www.laguiadepamplona.com\/actualidad\/el-ayuntamiento-de-pamplona-homenajea-a-los-32-funcionarios-municipales-que-se-jubilaron-durante-el-ano-pasado\/"]}]},{"@type":"ImageObject","inLanguage":"es","@id":"https:\/\/www.laguiadepamplona.com\/actualidad\/el-ayuntamiento-de-pamplona-homenajea-a-los-32-funcionarios-municipales-que-se-jubilaron-durante-el-ano-pasado\/#primaryimage","url":"","contentUrl":""},{"@type":"BreadcrumbList","@id":"https:\/\/www.laguiadepamplona.com\/actualidad\/el-ayuntamiento-de-pamplona-homenajea-a-los-32-funcionarios-municipales-que-se-jubilaron-durante-el-ano-pasado\/#breadcrumb","itemListElement":[{"@type":"ListItem","position":1,"name":"Portada","item":"https:\/\/www.laguiadepamplona.com\/actualidad\/"},{"@type":"ListItem","position":2,"name":"El Ayuntamiento de Pamplona homenajea a los 32 funcionarios municipales que se jubilaron durante el a\u00f1o pasado"}]},{"@type":"WebSite","@id":"https:\/\/www.laguiadepamplona.com\/actualidad\/#website","url":"https:\/\/www.laguiadepamplona.com\/actualidad\/","name":"La gu\u00eda de Pamplona","description":"Noticias de Pamplona","publisher":{"@id":"https:\/\/www.laguiadepamplona.com\/actualidad\/#organization"},"potentialAction":[{"@type":"SearchAction","target":{"@type":"EntryPoint","urlTemplate":"https:\/\/www.laguiadepamplona.com\/actualidad\/?s={search_term_string}"},"query-input":{"@type":"PropertyValueSpecification","valueRequired":true,"valueName":"search_term_string"}}],"inLanguage":"es"},{"@type":"Organization","@id":"https:\/\/www.laguiadepamplona.com\/actualidad\/#organization","name":"La Gu\u00eda de Pamplona \/ Noticias","url":"https:\/\/www.laguiadepamplona.com\/actualidad\/","logo":{"@type":"ImageObject","inLanguage":"es","@id":"https:\/\/www.laguiadepamplona.com\/actualidad\/#\/schema\/logo\/image\/","url":"https:\/\/www.laguiadepamplona.com\/actualidad\/wp-content\/uploads\/2018\/11\/logo-laguiadepamplona18-web1.png","contentUrl":"https:\/\/www.laguiadepamplona.com\/actualidad\/wp-content\/uploads\/2018\/11\/logo-laguiadepamplona18-web1.png","width":600,"height":196,"caption":"La Gu\u00eda de Pamplona \/ Noticias"},"image":{"@id":"https:\/\/www.laguiadepamplona.com\/actualidad\/#\/schema\/logo\/image\/"},"sameAs":["https:\/\/www.facebook.com\/laguiadepamplonacom-133175176762273\/?ref=hl","https:\/\/x.com\/LaGuiadPamplona","https:\/\/www.instagram.com\/la_guia_de_pamplona\/","https:\/\/www.youtube.com\/user\/laguiadepamplona"]},{"@type":"Person","@id":"https:\/\/www.laguiadepamplona.com\/actualidad\/#\/schema\/person\/efe887376f0213d4657c93adc50b1fdb","name":"La Gu\u00eda de Pamplona","image":{"@type":"ImageObject","inLanguage":"es","@id":"https:\/\/secure.gravatar.com\/avatar\/b6992f131dc8d30ab0dff15446e9d346d9dbd95992de0fef795073f5ea83a81c?s=96&d=mm&r=g","url":"https:\/\/secure.gravatar.com\/avatar\/b6992f131dc8d30ab0dff15446e9d346d9dbd95992de0fef795073f5ea83a81c?s=96&d=mm&r=g","contentUrl":"https:\/\/secure.gravatar.com\/avatar\/b6992f131dc8d30ab0dff15446e9d346d9dbd95992de0fef795073f5ea83a81c?s=96&d=mm&r=g","caption":"La Gu\u00eda de Pamplona"}}]}},"post_mailing_queue_ids":[],"_links":{"self":[{"href":"https:\/\/www.laguiadepamplona.com\/actualidad\/wp-json\/wp\/v2\/posts\/443","targetHints":{"allow":["GET"]}}],"collection":[{"href":"https:\/\/www.laguiadepamplona.com\/actualidad\/wp-json\/wp\/v2\/posts"}],"about":[{"href":"https:\/\/www.laguiadepamplona.com\/actualidad\/wp-json\/wp\/v2\/types\/post"}],"author":[{"embeddable":true,"href":"https:\/\/www.laguiadepamplona.com\/actualidad\/wp-json\/wp\/v2\/users\/1"}],"replies":[{"embeddable":true,"href":"https:\/\/www.laguiadepamplona.com\/actualidad\/wp-json\/wp\/v2\/comments?post=443"}],"version-history":[{"count":0,"href":"https:\/\/www.laguiadepamplona.com\/actualidad\/wp-json\/wp\/v2\/posts\/443\/revisions"}],"wp:featuredmedia":[{"embeddable":true,"href":"https:\/\/www.laguiadepamplona.com\/actualidad\/wp-json\/"}],"wp:attachment":[{"href":"https:\/\/www.laguiadepamplona.com\/actualidad\/wp-json\/wp\/v2\/media?parent=443"}],"wp:term":[{"taxonomy":"category","embeddable":true,"href":"https:\/\/www.laguiadepamplona.com\/actualidad\/wp-json\/wp\/v2\/categories?post=443"},{"taxonomy":"post_tag","embeddable":true,"href":"https:\/\/www.laguiadepamplona.com\/actualidad\/wp-json\/wp\/v2\/tags?post=443"}],"curies":[{"name":"wp","href":"https:\/\/api.w.org\/{rel}","templated":true}]}}