{"id":439,"date":"2014-02-13T14:58:51","date_gmt":"2014-02-13T13:58:51","guid":{"rendered":"http:\/\/laguiadepamplona.es\/noticias\/?p=439"},"modified":"2014-02-13T14:58:51","modified_gmt":"2014-02-13T13:58:51","slug":"cerrado-provisionalmente-el-registro-auxiliar-de-casa-seminario-una-vez-iniciadas-las-obras-para-instalar-una-oficina-de-turismo-en-la-planta-baja-del-edificio","status":"publish","type":"post","link":"https:\/\/www.laguiadepamplona.com\/actualidad\/cerrado-provisionalmente-el-registro-auxiliar-de-casa-seminario-una-vez-iniciadas-las-obras-para-instalar-una-oficina-de-turismo-en-la-planta-baja-del-edificio\/","title":{"rendered":"Cerrado provisionalmente el registro auxiliar de Casa Seminario, una vez iniciadas las obras para instalar una oficina de turismo en la planta baja del edificio"},"content":{"rendered":"<h6>Los tajos de Empleo Social del Consistorio han habilitado la primera planta a donde se han trasladado los trabajadores del \u00c1rea de Medio Ambiente<\/h6>\n<p><a href=\"http:\/\/laguiadepamplona.es\/noticias\/wp-content\/uploads\/2014\/02\/empleo_social_casa_seminario.jpg\"><img loading=\"lazy\" decoding=\"async\" class=\"alignleft size-medium wp-image-440\" alt=\"empleo_social_casa_seminario\" src=\"http:\/\/laguiadepamplona.es\/noticias\/wp-content\/uploads\/2014\/02\/empleo_social_casa_seminario-300x225.jpg\" width=\"300\" height=\"225\" \/><\/a>Estos d\u00edas el registro municipal auxiliar de Casa Seminario est\u00e1 cerrado provisionalmente. Los ciudadanos que quieran usar el sistema de registro pueden hacer sus tr\u00e1mites en los dos m\u00e1s pr\u00f3ximos: el Registro General de Condestable (calle Mayor, 2) o en el registro auxiliar del edificio de Zapater\u00eda, 40, en la calle del mismo nombre.<\/p>\n<p>El motivo de esta anulaci\u00f3n es que han empezado las obras en el edificio de Casa Seminario (calle San Saturnino, 2) porque en su planta baja se abrir\u00e1, antes de Semana Santa una oficina de turismo para sustituir al Punto de Informaci\u00f3n Tur\u00edstica (PIT). Los trabajos consisten en el desmontaje de las estructuras para dejar la planta di\u00e1fana, modificando la instalaci\u00f3n el\u00e9ctrica y el sistema de calefacci\u00f3n y reformando el ba\u00f1o existente. Adem\u00e1s, para independizar el local con respecto al resto del edificio se crear\u00e1 un nuevo acceso desde la calle San Saturnino.<\/p>\n<p>Lo que hab\u00eda en esa planta hasta principios de febrero ha corrido suertes diferentes. El servicio de registro ha dejado de funcionar y las oficinas del \u00c1rea de Medio Ambiente se trasladaron la semana pasada el piso primero de Casa seminario, de donde hace meses hizo mudanza el servicio de Medicina Laboral. Las nuevas oficinas del \u00c1rea de Medio Ambiente, de alrededor de 110 m<sup>2<\/sup> construidos, acogen un espacio di\u00e1fano para el trabajo de distintos puesto de auxiliares administrativos (74,10 m<sup>2<\/sup> \u00fatiles), un despacho (14,90 m<sup>2<\/sup> \u00fatiles) y una sala de reuniones (18,60 m<sup>2<\/sup> \u00fatiles), y han sido \u00edntegramente realizadas por los Tajos de Empleo Social del Ayuntamiento de Pamplona.<\/p>\n<p><strong>Empleo Social Protegido del Ayuntamiento de Pamplona<\/strong><\/p>\n<p><a href=\"http:\/\/laguiadepamplona.es\/noticias\/wp-content\/uploads\/2014\/02\/casa_seminario_nueva_planta.jpg\"><img loading=\"lazy\" decoding=\"async\" class=\"alignleft size-medium wp-image-441\" alt=\"casa_seminario_nueva_planta\" src=\"http:\/\/laguiadepamplona.es\/noticias\/wp-content\/uploads\/2014\/02\/casa_seminario_nueva_planta-300x225.jpg\" width=\"300\" height=\"225\" \/><\/a>La obra de la planta primera comenz\u00f3 a hacerse en noviembre gracias al Tajo de Obra (encargado, oficial de alba\u00f1iler\u00eda, oficial electricista, oficial de fontaner\u00eda y 3 peones). Se trabajo en la redistribuci\u00f3n de los espacios, previa demolici\u00f3n de las seis estancias y el aseo que ocupaba el servicio anterior, se sustituyen los materiales de acabado en suelos, paredes y techos, adem\u00e1s de la instalaci\u00f3n el\u00e9ctrica y el sistema de iluminaci\u00f3n. Despu\u00e9s el Tajo de Pintura (encargado, oficial y 3 peones) dieron los acabados a paredes y carpinter\u00eda interior y exterior. Finalmente, en los \u00faltimos d\u00edas de enero de este a\u00f1o, tras finalizar todas estas intervenciones, entr\u00f3 en funcionamiento el Tajo de Limpieza (encargado, una oficial y 2 peones) para dejar el espacio listo para su ocupaci\u00f3n.<\/p>\n<p>El programa de Empleo Social Protegido (ESP) combina elementos laborales y formativos con estrategias de mejora de la vida cotidiana. Cada a\u00f1o se benefician de Empleo Social entre 180 y 200 personas, con distintas carencias y limitaciones. Las personas participantes del programa de Empleo Social reciben una atenci\u00f3n integral por parte del equipo educativo del tajo al que est\u00e1n adscritos, dirigidas a su promoci\u00f3n global (\u00e1mbito personal, sociofamiliar, formativo y laboral) gestionando itinerarios personalizados e individualizados de incorporaci\u00f3n al mundo del trabajo. Hay nueve tajos en funcionamiento que se corresponden con distintas actividades (obras, pintura, soldadura, r\u00edo&#8230;).<\/p>\n<p>En estos momentos los diversos tajos est\u00e1n interviniendo en la nueva unidad de barrio de Echavacoiz, que estar\u00e1 finalizada en un par de meses, as\u00ed como en las obras para acondicionar un local en la antigua estaci\u00f3n de autobuses.<\/p>\n<p>&nbsp;<\/p>\n","protected":false},"excerpt":{"rendered":"<p>Los tajos de Empleo Social del Consistorio han habilitado la primera planta a donde se han trasladado los trabajadores del \u00c1rea de Medio Ambiente Estos d\u00edas el registro municipal auxiliar&#8230;<\/p>\n","protected":false},"author":1,"featured_media":441,"comment_status":"open","ping_status":"open","sticky":false,"template":"","format":"standard","meta":{"footnotes":""},"categories":[2],"tags":[5,6,256,8,9],"class_list":["post-439","post","type-post","status-publish","format-standard","has-post-thumbnail","hentry","category-ayuntamiento-pamplona","tag-actualidad","tag-ayto-pamplona","tag-empleo-social","tag-noticias","tag-pamplona"],"yoast_head":"<!-- This site is optimized with the Yoast SEO plugin v27.5 - https:\/\/yoast.com\/product\/yoast-seo-wordpress\/ -->\n<title>Cerrado provisionalmente el registro auxiliar de Casa Seminario, una vez iniciadas las obras para instalar una oficina de turismo en la planta baja del edificio<\/title>\n<meta name=\"robots\" content=\"index, follow, max-snippet:-1, max-image-preview:large, max-video-preview:-1\" \/>\n<link rel=\"canonical\" href=\"https:\/\/www.laguiadepamplona.com\/actualidad\/cerrado-provisionalmente-el-registro-auxiliar-de-casa-seminario-una-vez-iniciadas-las-obras-para-instalar-una-oficina-de-turismo-en-la-planta-baja-del-edificio\/\" \/>\n<meta property=\"og:locale\" content=\"es_ES\" \/>\n<meta property=\"og:type\" content=\"article\" \/>\n<meta property=\"og:title\" content=\"Cerrado provisionalmente el registro auxiliar de Casa Seminario, una vez iniciadas las obras para instalar una oficina de turismo en la planta baja del edificio\" \/>\n<meta property=\"og:description\" content=\"Los tajos de Empleo Social del Consistorio han habilitado la primera planta a donde se han trasladado los trabajadores del \u00c1rea de Medio Ambiente Estos d\u00edas el registro municipal auxiliar...\" \/>\n<meta property=\"og:url\" content=\"https:\/\/www.laguiadepamplona.com\/actualidad\/cerrado-provisionalmente-el-registro-auxiliar-de-casa-seminario-una-vez-iniciadas-las-obras-para-instalar-una-oficina-de-turismo-en-la-planta-baja-del-edificio\/\" \/>\n<meta property=\"og:site_name\" content=\"La Gu\u00eda de Pamplona\" \/>\n<meta property=\"article:publisher\" content=\"https:\/\/www.facebook.com\/laguiadepamplonacom-133175176762273\/?ref=hl\" \/>\n<meta property=\"article:published_time\" content=\"2014-02-13T13:58:51+00:00\" \/>\n<meta name=\"author\" content=\"La Gu\u00eda de Pamplona\" \/>\n<meta name=\"twitter:card\" content=\"summary_large_image\" \/>\n<meta name=\"twitter:creator\" content=\"@LaGuiadPamplona\" \/>\n<meta name=\"twitter:site\" content=\"@LaGuiadPamplona\" \/>\n<meta name=\"twitter:label1\" content=\"Escrito por\" \/>\n\t<meta name=\"twitter:data1\" content=\"La Gu\u00eda de Pamplona\" \/>\n\t<meta name=\"twitter:label2\" content=\"Tiempo de lectura\" \/>\n\t<meta name=\"twitter:data2\" content=\"3 minutos\" \/>\n<script type=\"application\/ld+json\" class=\"yoast-schema-graph\">{\"@context\":\"https:\\\/\\\/schema.org\",\"@graph\":[{\"@type\":\"Article\",\"@id\":\"https:\\\/\\\/www.laguiadepamplona.com\\\/actualidad\\\/cerrado-provisionalmente-el-registro-auxiliar-de-casa-seminario-una-vez-iniciadas-las-obras-para-instalar-una-oficina-de-turismo-en-la-planta-baja-del-edificio\\\/#article\",\"isPartOf\":{\"@id\":\"https:\\\/\\\/www.laguiadepamplona.com\\\/actualidad\\\/cerrado-provisionalmente-el-registro-auxiliar-de-casa-seminario-una-vez-iniciadas-las-obras-para-instalar-una-oficina-de-turismo-en-la-planta-baja-del-edificio\\\/\"},\"author\":{\"name\":\"La Gu\u00eda de Pamplona\",\"@id\":\"https:\\\/\\\/www.laguiadepamplona.com\\\/actualidad\\\/#\\\/schema\\\/person\\\/efe887376f0213d4657c93adc50b1fdb\"},\"headline\":\"Cerrado provisionalmente el registro auxiliar de Casa Seminario, una vez iniciadas las obras para instalar una oficina de turismo en la planta baja del edificio\",\"datePublished\":\"2014-02-13T13:58:51+00:00\",\"mainEntityOfPage\":{\"@id\":\"https:\\\/\\\/www.laguiadepamplona.com\\\/actualidad\\\/cerrado-provisionalmente-el-registro-auxiliar-de-casa-seminario-una-vez-iniciadas-las-obras-para-instalar-una-oficina-de-turismo-en-la-planta-baja-del-edificio\\\/\"},\"wordCount\":603,\"commentCount\":0,\"publisher\":{\"@id\":\"https:\\\/\\\/www.laguiadepamplona.com\\\/actualidad\\\/#organization\"},\"image\":{\"@id\":\"https:\\\/\\\/www.laguiadepamplona.com\\\/actualidad\\\/cerrado-provisionalmente-el-registro-auxiliar-de-casa-seminario-una-vez-iniciadas-las-obras-para-instalar-una-oficina-de-turismo-en-la-planta-baja-del-edificio\\\/#primaryimage\"},\"thumbnailUrl\":\"\",\"keywords\":[\"actualidad\",\"ayto pamplona\",\"Empleo Social\",\"noticias\",\"pamplona\"],\"articleSection\":[\"Ayto Pamplona\"],\"inLanguage\":\"es\",\"potentialAction\":[{\"@type\":\"CommentAction\",\"name\":\"Comment\",\"target\":[\"https:\\\/\\\/www.laguiadepamplona.com\\\/actualidad\\\/cerrado-provisionalmente-el-registro-auxiliar-de-casa-seminario-una-vez-iniciadas-las-obras-para-instalar-una-oficina-de-turismo-en-la-planta-baja-del-edificio\\\/#respond\"]}]},{\"@type\":\"WebPage\",\"@id\":\"https:\\\/\\\/www.laguiadepamplona.com\\\/actualidad\\\/cerrado-provisionalmente-el-registro-auxiliar-de-casa-seminario-una-vez-iniciadas-las-obras-para-instalar-una-oficina-de-turismo-en-la-planta-baja-del-edificio\\\/\",\"url\":\"https:\\\/\\\/www.laguiadepamplona.com\\\/actualidad\\\/cerrado-provisionalmente-el-registro-auxiliar-de-casa-seminario-una-vez-iniciadas-las-obras-para-instalar-una-oficina-de-turismo-en-la-planta-baja-del-edificio\\\/\",\"name\":\"Cerrado provisionalmente el registro auxiliar de Casa Seminario, una vez iniciadas las obras para instalar una oficina de turismo en la planta baja del edificio\",\"isPartOf\":{\"@id\":\"https:\\\/\\\/www.laguiadepamplona.com\\\/actualidad\\\/#website\"},\"primaryImageOfPage\":{\"@id\":\"https:\\\/\\\/www.laguiadepamplona.com\\\/actualidad\\\/cerrado-provisionalmente-el-registro-auxiliar-de-casa-seminario-una-vez-iniciadas-las-obras-para-instalar-una-oficina-de-turismo-en-la-planta-baja-del-edificio\\\/#primaryimage\"},\"image\":{\"@id\":\"https:\\\/\\\/www.laguiadepamplona.com\\\/actualidad\\\/cerrado-provisionalmente-el-registro-auxiliar-de-casa-seminario-una-vez-iniciadas-las-obras-para-instalar-una-oficina-de-turismo-en-la-planta-baja-del-edificio\\\/#primaryimage\"},\"thumbnailUrl\":\"\",\"datePublished\":\"2014-02-13T13:58:51+00:00\",\"breadcrumb\":{\"@id\":\"https:\\\/\\\/www.laguiadepamplona.com\\\/actualidad\\\/cerrado-provisionalmente-el-registro-auxiliar-de-casa-seminario-una-vez-iniciadas-las-obras-para-instalar-una-oficina-de-turismo-en-la-planta-baja-del-edificio\\\/#breadcrumb\"},\"inLanguage\":\"es\",\"potentialAction\":[{\"@type\":\"ReadAction\",\"target\":[\"https:\\\/\\\/www.laguiadepamplona.com\\\/actualidad\\\/cerrado-provisionalmente-el-registro-auxiliar-de-casa-seminario-una-vez-iniciadas-las-obras-para-instalar-una-oficina-de-turismo-en-la-planta-baja-del-edificio\\\/\"]}]},{\"@type\":\"ImageObject\",\"inLanguage\":\"es\",\"@id\":\"https:\\\/\\\/www.laguiadepamplona.com\\\/actualidad\\\/cerrado-provisionalmente-el-registro-auxiliar-de-casa-seminario-una-vez-iniciadas-las-obras-para-instalar-una-oficina-de-turismo-en-la-planta-baja-del-edificio\\\/#primaryimage\",\"url\":\"\",\"contentUrl\":\"\"},{\"@type\":\"BreadcrumbList\",\"@id\":\"https:\\\/\\\/www.laguiadepamplona.com\\\/actualidad\\\/cerrado-provisionalmente-el-registro-auxiliar-de-casa-seminario-una-vez-iniciadas-las-obras-para-instalar-una-oficina-de-turismo-en-la-planta-baja-del-edificio\\\/#breadcrumb\",\"itemListElement\":[{\"@type\":\"ListItem\",\"position\":1,\"name\":\"Portada\",\"item\":\"https:\\\/\\\/www.laguiadepamplona.com\\\/actualidad\\\/\"},{\"@type\":\"ListItem\",\"position\":2,\"name\":\"Cerrado provisionalmente el registro auxiliar de Casa Seminario, una vez iniciadas las obras para instalar una oficina de turismo en la planta baja del edificio\"}]},{\"@type\":\"WebSite\",\"@id\":\"https:\\\/\\\/www.laguiadepamplona.com\\\/actualidad\\\/#website\",\"url\":\"https:\\\/\\\/www.laguiadepamplona.com\\\/actualidad\\\/\",\"name\":\"La gu\u00eda de Pamplona\",\"description\":\"Noticias de Pamplona\",\"publisher\":{\"@id\":\"https:\\\/\\\/www.laguiadepamplona.com\\\/actualidad\\\/#organization\"},\"potentialAction\":[{\"@type\":\"SearchAction\",\"target\":{\"@type\":\"EntryPoint\",\"urlTemplate\":\"https:\\\/\\\/www.laguiadepamplona.com\\\/actualidad\\\/?s={search_term_string}\"},\"query-input\":{\"@type\":\"PropertyValueSpecification\",\"valueRequired\":true,\"valueName\":\"search_term_string\"}}],\"inLanguage\":\"es\"},{\"@type\":\"Organization\",\"@id\":\"https:\\\/\\\/www.laguiadepamplona.com\\\/actualidad\\\/#organization\",\"name\":\"La Gu\u00eda de Pamplona \\\/ Noticias\",\"url\":\"https:\\\/\\\/www.laguiadepamplona.com\\\/actualidad\\\/\",\"logo\":{\"@type\":\"ImageObject\",\"inLanguage\":\"es\",\"@id\":\"https:\\\/\\\/www.laguiadepamplona.com\\\/actualidad\\\/#\\\/schema\\\/logo\\\/image\\\/\",\"url\":\"https:\\\/\\\/www.laguiadepamplona.com\\\/actualidad\\\/wp-content\\\/uploads\\\/2018\\\/11\\\/logo-laguiadepamplona18-web1.png\",\"contentUrl\":\"https:\\\/\\\/www.laguiadepamplona.com\\\/actualidad\\\/wp-content\\\/uploads\\\/2018\\\/11\\\/logo-laguiadepamplona18-web1.png\",\"width\":600,\"height\":196,\"caption\":\"La Gu\u00eda de Pamplona \\\/ Noticias\"},\"image\":{\"@id\":\"https:\\\/\\\/www.laguiadepamplona.com\\\/actualidad\\\/#\\\/schema\\\/logo\\\/image\\\/\"},\"sameAs\":[\"https:\\\/\\\/www.facebook.com\\\/laguiadepamplonacom-133175176762273\\\/?ref=hl\",\"https:\\\/\\\/x.com\\\/LaGuiadPamplona\",\"https:\\\/\\\/www.instagram.com\\\/la_guia_de_pamplona\\\/\",\"https:\\\/\\\/www.youtube.com\\\/user\\\/laguiadepamplona\"]},{\"@type\":\"Person\",\"@id\":\"https:\\\/\\\/www.laguiadepamplona.com\\\/actualidad\\\/#\\\/schema\\\/person\\\/efe887376f0213d4657c93adc50b1fdb\",\"name\":\"La Gu\u00eda de Pamplona\",\"image\":{\"@type\":\"ImageObject\",\"inLanguage\":\"es\",\"@id\":\"https:\\\/\\\/secure.gravatar.com\\\/avatar\\\/b6992f131dc8d30ab0dff15446e9d346d9dbd95992de0fef795073f5ea83a81c?s=96&d=mm&r=g\",\"url\":\"https:\\\/\\\/secure.gravatar.com\\\/avatar\\\/b6992f131dc8d30ab0dff15446e9d346d9dbd95992de0fef795073f5ea83a81c?s=96&d=mm&r=g\",\"contentUrl\":\"https:\\\/\\\/secure.gravatar.com\\\/avatar\\\/b6992f131dc8d30ab0dff15446e9d346d9dbd95992de0fef795073f5ea83a81c?s=96&d=mm&r=g\",\"caption\":\"La Gu\u00eda de Pamplona\"}}]}<\/script>\n<!-- \/ Yoast SEO plugin. -->","yoast_head_json":{"title":"Cerrado provisionalmente el registro auxiliar de Casa Seminario, una vez iniciadas las obras para instalar una oficina de turismo en la planta baja del edificio","robots":{"index":"index","follow":"follow","max-snippet":"max-snippet:-1","max-image-preview":"max-image-preview:large","max-video-preview":"max-video-preview:-1"},"canonical":"https:\/\/www.laguiadepamplona.com\/actualidad\/cerrado-provisionalmente-el-registro-auxiliar-de-casa-seminario-una-vez-iniciadas-las-obras-para-instalar-una-oficina-de-turismo-en-la-planta-baja-del-edificio\/","og_locale":"es_ES","og_type":"article","og_title":"Cerrado provisionalmente el registro auxiliar de Casa Seminario, una vez iniciadas las obras para instalar una oficina de turismo en la planta baja del edificio","og_description":"Los tajos de Empleo Social del Consistorio han habilitado la primera planta a donde se han trasladado los trabajadores del \u00c1rea de Medio Ambiente Estos d\u00edas el registro municipal auxiliar...","og_url":"https:\/\/www.laguiadepamplona.com\/actualidad\/cerrado-provisionalmente-el-registro-auxiliar-de-casa-seminario-una-vez-iniciadas-las-obras-para-instalar-una-oficina-de-turismo-en-la-planta-baja-del-edificio\/","og_site_name":"La Gu\u00eda de Pamplona","article_publisher":"https:\/\/www.facebook.com\/laguiadepamplonacom-133175176762273\/?ref=hl","article_published_time":"2014-02-13T13:58:51+00:00","author":"La Gu\u00eda de Pamplona","twitter_card":"summary_large_image","twitter_creator":"@LaGuiadPamplona","twitter_site":"@LaGuiadPamplona","twitter_misc":{"Escrito por":"La Gu\u00eda de Pamplona","Tiempo de lectura":"3 minutos"},"schema":{"@context":"https:\/\/schema.org","@graph":[{"@type":"Article","@id":"https:\/\/www.laguiadepamplona.com\/actualidad\/cerrado-provisionalmente-el-registro-auxiliar-de-casa-seminario-una-vez-iniciadas-las-obras-para-instalar-una-oficina-de-turismo-en-la-planta-baja-del-edificio\/#article","isPartOf":{"@id":"https:\/\/www.laguiadepamplona.com\/actualidad\/cerrado-provisionalmente-el-registro-auxiliar-de-casa-seminario-una-vez-iniciadas-las-obras-para-instalar-una-oficina-de-turismo-en-la-planta-baja-del-edificio\/"},"author":{"name":"La Gu\u00eda de Pamplona","@id":"https:\/\/www.laguiadepamplona.com\/actualidad\/#\/schema\/person\/efe887376f0213d4657c93adc50b1fdb"},"headline":"Cerrado provisionalmente el registro auxiliar de Casa Seminario, una vez iniciadas las obras para instalar una oficina de turismo en la planta baja del edificio","datePublished":"2014-02-13T13:58:51+00:00","mainEntityOfPage":{"@id":"https:\/\/www.laguiadepamplona.com\/actualidad\/cerrado-provisionalmente-el-registro-auxiliar-de-casa-seminario-una-vez-iniciadas-las-obras-para-instalar-una-oficina-de-turismo-en-la-planta-baja-del-edificio\/"},"wordCount":603,"commentCount":0,"publisher":{"@id":"https:\/\/www.laguiadepamplona.com\/actualidad\/#organization"},"image":{"@id":"https:\/\/www.laguiadepamplona.com\/actualidad\/cerrado-provisionalmente-el-registro-auxiliar-de-casa-seminario-una-vez-iniciadas-las-obras-para-instalar-una-oficina-de-turismo-en-la-planta-baja-del-edificio\/#primaryimage"},"thumbnailUrl":"","keywords":["actualidad","ayto pamplona","Empleo Social","noticias","pamplona"],"articleSection":["Ayto Pamplona"],"inLanguage":"es","potentialAction":[{"@type":"CommentAction","name":"Comment","target":["https:\/\/www.laguiadepamplona.com\/actualidad\/cerrado-provisionalmente-el-registro-auxiliar-de-casa-seminario-una-vez-iniciadas-las-obras-para-instalar-una-oficina-de-turismo-en-la-planta-baja-del-edificio\/#respond"]}]},{"@type":"WebPage","@id":"https:\/\/www.laguiadepamplona.com\/actualidad\/cerrado-provisionalmente-el-registro-auxiliar-de-casa-seminario-una-vez-iniciadas-las-obras-para-instalar-una-oficina-de-turismo-en-la-planta-baja-del-edificio\/","url":"https:\/\/www.laguiadepamplona.com\/actualidad\/cerrado-provisionalmente-el-registro-auxiliar-de-casa-seminario-una-vez-iniciadas-las-obras-para-instalar-una-oficina-de-turismo-en-la-planta-baja-del-edificio\/","name":"Cerrado provisionalmente el registro auxiliar de Casa Seminario, una vez iniciadas las obras para instalar una oficina de turismo en la planta baja del edificio","isPartOf":{"@id":"https:\/\/www.laguiadepamplona.com\/actualidad\/#website"},"primaryImageOfPage":{"@id":"https:\/\/www.laguiadepamplona.com\/actualidad\/cerrado-provisionalmente-el-registro-auxiliar-de-casa-seminario-una-vez-iniciadas-las-obras-para-instalar-una-oficina-de-turismo-en-la-planta-baja-del-edificio\/#primaryimage"},"image":{"@id":"https:\/\/www.laguiadepamplona.com\/actualidad\/cerrado-provisionalmente-el-registro-auxiliar-de-casa-seminario-una-vez-iniciadas-las-obras-para-instalar-una-oficina-de-turismo-en-la-planta-baja-del-edificio\/#primaryimage"},"thumbnailUrl":"","datePublished":"2014-02-13T13:58:51+00:00","breadcrumb":{"@id":"https:\/\/www.laguiadepamplona.com\/actualidad\/cerrado-provisionalmente-el-registro-auxiliar-de-casa-seminario-una-vez-iniciadas-las-obras-para-instalar-una-oficina-de-turismo-en-la-planta-baja-del-edificio\/#breadcrumb"},"inLanguage":"es","potentialAction":[{"@type":"ReadAction","target":["https:\/\/www.laguiadepamplona.com\/actualidad\/cerrado-provisionalmente-el-registro-auxiliar-de-casa-seminario-una-vez-iniciadas-las-obras-para-instalar-una-oficina-de-turismo-en-la-planta-baja-del-edificio\/"]}]},{"@type":"ImageObject","inLanguage":"es","@id":"https:\/\/www.laguiadepamplona.com\/actualidad\/cerrado-provisionalmente-el-registro-auxiliar-de-casa-seminario-una-vez-iniciadas-las-obras-para-instalar-una-oficina-de-turismo-en-la-planta-baja-del-edificio\/#primaryimage","url":"","contentUrl":""},{"@type":"BreadcrumbList","@id":"https:\/\/www.laguiadepamplona.com\/actualidad\/cerrado-provisionalmente-el-registro-auxiliar-de-casa-seminario-una-vez-iniciadas-las-obras-para-instalar-una-oficina-de-turismo-en-la-planta-baja-del-edificio\/#breadcrumb","itemListElement":[{"@type":"ListItem","position":1,"name":"Portada","item":"https:\/\/www.laguiadepamplona.com\/actualidad\/"},{"@type":"ListItem","position":2,"name":"Cerrado provisionalmente el registro auxiliar de Casa Seminario, una vez iniciadas las obras para instalar una oficina de turismo en la planta baja del edificio"}]},{"@type":"WebSite","@id":"https:\/\/www.laguiadepamplona.com\/actualidad\/#website","url":"https:\/\/www.laguiadepamplona.com\/actualidad\/","name":"La gu\u00eda de Pamplona","description":"Noticias de Pamplona","publisher":{"@id":"https:\/\/www.laguiadepamplona.com\/actualidad\/#organization"},"potentialAction":[{"@type":"SearchAction","target":{"@type":"EntryPoint","urlTemplate":"https:\/\/www.laguiadepamplona.com\/actualidad\/?s={search_term_string}"},"query-input":{"@type":"PropertyValueSpecification","valueRequired":true,"valueName":"search_term_string"}}],"inLanguage":"es"},{"@type":"Organization","@id":"https:\/\/www.laguiadepamplona.com\/actualidad\/#organization","name":"La Gu\u00eda de Pamplona \/ Noticias","url":"https:\/\/www.laguiadepamplona.com\/actualidad\/","logo":{"@type":"ImageObject","inLanguage":"es","@id":"https:\/\/www.laguiadepamplona.com\/actualidad\/#\/schema\/logo\/image\/","url":"https:\/\/www.laguiadepamplona.com\/actualidad\/wp-content\/uploads\/2018\/11\/logo-laguiadepamplona18-web1.png","contentUrl":"https:\/\/www.laguiadepamplona.com\/actualidad\/wp-content\/uploads\/2018\/11\/logo-laguiadepamplona18-web1.png","width":600,"height":196,"caption":"La Gu\u00eda de Pamplona \/ Noticias"},"image":{"@id":"https:\/\/www.laguiadepamplona.com\/actualidad\/#\/schema\/logo\/image\/"},"sameAs":["https:\/\/www.facebook.com\/laguiadepamplonacom-133175176762273\/?ref=hl","https:\/\/x.com\/LaGuiadPamplona","https:\/\/www.instagram.com\/la_guia_de_pamplona\/","https:\/\/www.youtube.com\/user\/laguiadepamplona"]},{"@type":"Person","@id":"https:\/\/www.laguiadepamplona.com\/actualidad\/#\/schema\/person\/efe887376f0213d4657c93adc50b1fdb","name":"La Gu\u00eda de Pamplona","image":{"@type":"ImageObject","inLanguage":"es","@id":"https:\/\/secure.gravatar.com\/avatar\/b6992f131dc8d30ab0dff15446e9d346d9dbd95992de0fef795073f5ea83a81c?s=96&d=mm&r=g","url":"https:\/\/secure.gravatar.com\/avatar\/b6992f131dc8d30ab0dff15446e9d346d9dbd95992de0fef795073f5ea83a81c?s=96&d=mm&r=g","contentUrl":"https:\/\/secure.gravatar.com\/avatar\/b6992f131dc8d30ab0dff15446e9d346d9dbd95992de0fef795073f5ea83a81c?s=96&d=mm&r=g","caption":"La Gu\u00eda de Pamplona"}}]}},"post_mailing_queue_ids":[],"_links":{"self":[{"href":"https:\/\/www.laguiadepamplona.com\/actualidad\/wp-json\/wp\/v2\/posts\/439","targetHints":{"allow":["GET"]}}],"collection":[{"href":"https:\/\/www.laguiadepamplona.com\/actualidad\/wp-json\/wp\/v2\/posts"}],"about":[{"href":"https:\/\/www.laguiadepamplona.com\/actualidad\/wp-json\/wp\/v2\/types\/post"}],"author":[{"embeddable":true,"href":"https:\/\/www.laguiadepamplona.com\/actualidad\/wp-json\/wp\/v2\/users\/1"}],"replies":[{"embeddable":true,"href":"https:\/\/www.laguiadepamplona.com\/actualidad\/wp-json\/wp\/v2\/comments?post=439"}],"version-history":[{"count":0,"href":"https:\/\/www.laguiadepamplona.com\/actualidad\/wp-json\/wp\/v2\/posts\/439\/revisions"}],"wp:featuredmedia":[{"embeddable":true,"href":"https:\/\/www.laguiadepamplona.com\/actualidad\/wp-json\/"}],"wp:attachment":[{"href":"https:\/\/www.laguiadepamplona.com\/actualidad\/wp-json\/wp\/v2\/media?parent=439"}],"wp:term":[{"taxonomy":"category","embeddable":true,"href":"https:\/\/www.laguiadepamplona.com\/actualidad\/wp-json\/wp\/v2\/categories?post=439"},{"taxonomy":"post_tag","embeddable":true,"href":"https:\/\/www.laguiadepamplona.com\/actualidad\/wp-json\/wp\/v2\/tags?post=439"}],"curies":[{"name":"wp","href":"https:\/\/api.w.org\/{rel}","templated":true}]}}