{"id":43454,"date":"2023-04-05T13:12:27","date_gmt":"2023-04-05T11:12:27","guid":{"rendered":"https:\/\/www.laguiadepamplona.com\/actualidad\/?p=43454"},"modified":"2023-04-11T12:23:00","modified_gmt":"2023-04-11T10:23:00","slug":"la-corporacion-municipal-en-cuerpo-de-ciudad-participara-manana-jueves-6-de-abril-en-la-funcion-de-las-cinco-llagas-que-comenzara-a-las-17-horas","status":"publish","type":"post","link":"https:\/\/www.laguiadepamplona.com\/actualidad\/la-corporacion-municipal-en-cuerpo-de-ciudad-participara-manana-jueves-6-de-abril-en-la-funcion-de-las-cinco-llagas-que-comenzara-a-las-17-horas\/","title":{"rendered":"La Corporaci\u00f3n Municipal, en Cuerpo de Ciudad, participar\u00e1, ma\u00f1ana jueves 6 de abril, en la Funci\u00f3n de las Cinco Llagas que comenzar\u00e1 a las 17 horas"},"content":{"rendered":"<h5>La comitiva saldr\u00e1 a las 16.50 horas de Casa Consistorial hacia la Iglesia de San Agust\u00edn, en renovaci\u00f3n de un voto aprobado por la ciudad en el s VXII<\/h5>\n<p><!--more--><\/p>\n<p>La Corporaci\u00f3n Municipal saldr\u00e1 en Cuerpo de Ciudad este jueves de la Casa Consistorial a las 16.50 horas para participar en la Funci\u00f3n de las Cinco Llagas. Es un acto institucional regulado en el reglamento de protocolo Honores, Ceremonial, Honores y Distinciones del Ayuntamiento de Pamplona. La comitiva recorrer\u00e1 las calles Mercaderes, Curia, Calderer\u00eda y San Agust\u00edn hasta llegar a la iglesia del mismo nombre. En el desfile participar\u00e1n, adem\u00e1s de la Corporaci\u00f3n en traje de gala, maceros, libreas, clarineros y agentes de la Polic\u00eda Municipal, tambi\u00e9n de gala.<br \/>\n<script async src=\"\/\/pagead2.googlesyndication.com\/pagead\/js\/adsbygoogle.js\"><\/script><br \/>\n<!-- Noticias La Guia de Pamplona --><br \/>\n<ins class=\"adsbygoogle\"\nstyle=\"display:block\"\ndata-ad-client=\"ca-pub-6943679897239327\"\ndata-ad-slot=\"7048180777\"\ndata-ad-format=\"auto\"><\/ins><br \/>\n<script>\n(adsbygoogle = window.adsbygoogle || []).push({});\n<\/script><\/p>\n<p>Es en el interior de este templo donde tendr\u00e1 lugar el acto a las 17 horas. La Corporaci\u00f3n, recorre el interior de la iglesia en pos de la efigie de las Cinco Llagas. Es el \u00fanico acto institucional del a\u00f1o en el que no se porta la bandera de la ciudad durante el recorrido por las calles y, cuando se hace \u2013ya en el templo- la ense\u00f1a habitual es sustituida por una bandera negra, en se\u00f1al de \u201cluto. Asimismo, las ediles y concejales utilizan la medalla corporativa por el reverso, cara en la que se representa la imagen de las Cinco Llagas de Cristo (corona de espinas y heridas de manos y pies del Crucificado). En la Funci\u00f3n participar\u00e1 la Capilla de M\u00fasica de la Catedral que como es tradicional interpretar\u00e1 el \u2018Miserere romano\u2019, composici\u00f3n an\u00f3nima del siglo XVIII, y el \u2018Inter vestibulum\u2019 atribuido a Crist\u00f3bal Morales en el siglo XVI.<\/p>\n<p>La fachada de la Casa Consistorial tendr\u00e1 ese d\u00eda tambi\u00e9n un aspecto diferente ya en los balcones que se colocar\u00e1n los reposteros (pa\u00f1os rectangulares bordados) que contienen el escudo de Pamplona, el emblema de las Cinco Llagas y los escudos de los antiguos burgos de la ciudad.<br \/>\n<script async src=\"\/\/pagead2.googlesyndication.com\/pagead\/js\/adsbygoogle.js\"><\/script><br \/>\n<!-- Noticias La Guia de Pamplona --><br \/>\n<ins class=\"adsbygoogle\"\nstyle=\"display:block\"\ndata-ad-client=\"ca-pub-6943679897239327\"\ndata-ad-slot=\"7048180777\"\ndata-ad-format=\"auto\"><\/ins><br \/>\n<script>\n(adsbygoogle = window.adsbygoogle || []).push({});\n<\/script><\/p>\n<p><strong>Procesi\u00f3n en el interior y actuaci\u00f3n de la Capilla de M\u00fasica de la Catedral<\/strong><\/p>\n<p>La procesi\u00f3n se realiza tras la efigie de las Cinco Llagas en andas, un paso de propiedad municipal, parece datar de finales del siglo XVIII o principios del XIX. En \u00e9l dos \u00e1ngeles sujetan la representaci\u00f3n de las Cinco Llagas en un conjunto art\u00edstico realizado en madera de pino y escayola policromada, con apliques de pan de oro y plata.<\/p>\n<p>Las Cinco Llagas es una antigua tradici\u00f3n recogida en las llamadas diez promesas seculares de la ciudad. El objetivo del acto es renovar el voto, un acto institucional que el Regimiento instaur\u00f3 por acuerdo municipal el 30 de mayo del a\u00f1o 1601 en agradecimiento a que la epidemia de peste bub\u00f3nica que amenazaba a la ciudad quedara fuera de sus puertas.<br \/>\n<script async src=\"\/\/pagead2.googlesyndication.com\/pagead\/js\/adsbygoogle.js\"><\/script><br \/>\n<!-- Noticias La Guia de Pamplona --><br \/>\n<ins class=\"adsbygoogle\"\nstyle=\"display:block\"\ndata-ad-client=\"ca-pub-6943679897239327\"\ndata-ad-slot=\"7048180777\"\ndata-ad-format=\"auto\"><\/ins><br \/>\n<script>\n(adsbygoogle = window.adsbygoogle || []).push({});\n<\/script><\/p>\n<p>Finalizado el acto, la Corporaci\u00f3n regresar\u00e1 con el mismo itinerario hasta la Plaza Consistorial. Tras el desfile los ediles que lo deseen podr\u00e1n participar, ya a t\u00edtulo personal, en los oficios previstos en la Catedral y en la visita al monumento en la iglesia de San Saturnino.<\/p>\n","protected":false},"excerpt":{"rendered":"<p>La comitiva saldr\u00e1 a las 16.50 horas de Casa Consistorial hacia la Iglesia de San Agust\u00edn, en renovaci\u00f3n de un voto aprobado por la ciudad en el s VXII<\/p>\n","protected":false},"author":1,"featured_media":46231,"comment_status":"open","ping_status":"closed","sticky":false,"template":"","format":"standard","meta":{"footnotes":""},"categories":[2],"tags":[],"class_list":["post-43454","post","type-post","status-publish","format-standard","has-post-thumbnail","hentry","category-ayuntamiento-pamplona"],"yoast_head":"<!-- This site is optimized with the Yoast SEO plugin v27.3 - https:\/\/yoast.com\/product\/yoast-seo-wordpress\/ -->\n<title>La Corporaci\u00f3n Municipal, en Cuerpo de Ciudad, participar\u00e1, ma\u00f1ana jueves 6 de abril, en la Funci\u00f3n de las Cinco Llagas que comenzar\u00e1 a las 17 horas<\/title>\n<meta name=\"description\" content=\"La comitiva saldr\u00e1 a las 16.50 horas de Casa Consistorial hacia la Iglesia de San Agust\u00edn, en renovaci\u00f3n de un voto aprobado por la ciudad en el s VXII\" \/>\n<meta name=\"robots\" content=\"index, follow, max-snippet:-1, max-image-preview:large, max-video-preview:-1\" \/>\n<link rel=\"canonical\" href=\"https:\/\/www.laguiadepamplona.com\/actualidad\/la-corporacion-municipal-en-cuerpo-de-ciudad-participara-manana-jueves-6-de-abril-en-la-funcion-de-las-cinco-llagas-que-comenzara-a-las-17-horas\/\" \/>\n<meta property=\"og:locale\" content=\"es_ES\" \/>\n<meta property=\"og:type\" content=\"article\" \/>\n<meta property=\"og:title\" content=\"La Corporaci\u00f3n Municipal, en Cuerpo de Ciudad, participar\u00e1, ma\u00f1ana jueves 6 de abril, en la Funci\u00f3n de las Cinco Llagas que comenzar\u00e1 a las 17 horas\" \/>\n<meta property=\"og:description\" content=\"La comitiva saldr\u00e1 a las 16.50 horas de Casa Consistorial hacia la Iglesia de San Agust\u00edn, en renovaci\u00f3n de un voto aprobado por la ciudad en el s VXII\" \/>\n<meta property=\"og:url\" content=\"https:\/\/www.laguiadepamplona.com\/actualidad\/la-corporacion-municipal-en-cuerpo-de-ciudad-participara-manana-jueves-6-de-abril-en-la-funcion-de-las-cinco-llagas-que-comenzara-a-las-17-horas\/\" \/>\n<meta property=\"og:site_name\" content=\"La Gu\u00eda de Pamplona\" \/>\n<meta property=\"article:publisher\" content=\"https:\/\/www.facebook.com\/laguiadepamplonacom-133175176762273\/?ref=hl\" \/>\n<meta property=\"article:published_time\" content=\"2023-04-05T11:12:27+00:00\" \/>\n<meta property=\"article:modified_time\" content=\"2023-04-11T10:23:00+00:00\" \/>\n<meta property=\"og:image\" content=\"https:\/\/www.laguiadepamplona.com\/actualidad\/wp-content\/uploads\/2023\/04\/5llagas_JGV9131-.webp\" \/>\n\t<meta property=\"og:image:width\" content=\"1920\" \/>\n\t<meta property=\"og:image:height\" content=\"1280\" \/>\n\t<meta property=\"og:image:type\" content=\"image\/webp\" \/>\n<meta name=\"author\" content=\"La Gu\u00eda de Pamplona\" \/>\n<meta name=\"twitter:card\" content=\"summary_large_image\" \/>\n<meta name=\"twitter:creator\" content=\"@LaGuiadPamplona\" \/>\n<meta name=\"twitter:site\" content=\"@LaGuiadPamplona\" \/>\n<meta name=\"twitter:label1\" content=\"Escrito por\" \/>\n\t<meta name=\"twitter:data1\" content=\"La Gu\u00eda de Pamplona\" \/>\n\t<meta name=\"twitter:label2\" content=\"Tiempo de lectura\" \/>\n\t<meta name=\"twitter:data2\" content=\"3 minutos\" \/>\n<script type=\"application\/ld+json\" class=\"yoast-schema-graph\">{\"@context\":\"https:\\\/\\\/schema.org\",\"@graph\":[{\"@type\":\"Article\",\"@id\":\"https:\\\/\\\/www.laguiadepamplona.com\\\/actualidad\\\/la-corporacion-municipal-en-cuerpo-de-ciudad-participara-manana-jueves-6-de-abril-en-la-funcion-de-las-cinco-llagas-que-comenzara-a-las-17-horas\\\/#article\",\"isPartOf\":{\"@id\":\"https:\\\/\\\/www.laguiadepamplona.com\\\/actualidad\\\/la-corporacion-municipal-en-cuerpo-de-ciudad-participara-manana-jueves-6-de-abril-en-la-funcion-de-las-cinco-llagas-que-comenzara-a-las-17-horas\\\/\"},\"author\":{\"name\":\"La Gu\u00eda de Pamplona\",\"@id\":\"https:\\\/\\\/www.laguiadepamplona.com\\\/actualidad\\\/#\\\/schema\\\/person\\\/efe887376f0213d4657c93adc50b1fdb\"},\"headline\":\"La Corporaci\u00f3n Municipal, en Cuerpo de Ciudad, participar\u00e1, ma\u00f1ana jueves 6 de abril, en la Funci\u00f3n de las Cinco Llagas que comenzar\u00e1 a las 17 horas\",\"datePublished\":\"2023-04-05T11:12:27+00:00\",\"dateModified\":\"2023-04-11T10:23:00+00:00\",\"mainEntityOfPage\":{\"@id\":\"https:\\\/\\\/www.laguiadepamplona.com\\\/actualidad\\\/la-corporacion-municipal-en-cuerpo-de-ciudad-participara-manana-jueves-6-de-abril-en-la-funcion-de-las-cinco-llagas-que-comenzara-a-las-17-horas\\\/\"},\"wordCount\":556,\"commentCount\":0,\"publisher\":{\"@id\":\"https:\\\/\\\/www.laguiadepamplona.com\\\/actualidad\\\/#organization\"},\"image\":{\"@id\":\"https:\\\/\\\/www.laguiadepamplona.com\\\/actualidad\\\/la-corporacion-municipal-en-cuerpo-de-ciudad-participara-manana-jueves-6-de-abril-en-la-funcion-de-las-cinco-llagas-que-comenzara-a-las-17-horas\\\/#primaryimage\"},\"thumbnailUrl\":\"https:\\\/\\\/www.laguiadepamplona.com\\\/actualidad\\\/wp-content\\\/uploads\\\/2023\\\/04\\\/5llagas_JGV9131-.webp\",\"articleSection\":[\"Ayto Pamplona\"],\"inLanguage\":\"es\",\"potentialAction\":[{\"@type\":\"CommentAction\",\"name\":\"Comment\",\"target\":[\"https:\\\/\\\/www.laguiadepamplona.com\\\/actualidad\\\/la-corporacion-municipal-en-cuerpo-de-ciudad-participara-manana-jueves-6-de-abril-en-la-funcion-de-las-cinco-llagas-que-comenzara-a-las-17-horas\\\/#respond\"]}]},{\"@type\":\"WebPage\",\"@id\":\"https:\\\/\\\/www.laguiadepamplona.com\\\/actualidad\\\/la-corporacion-municipal-en-cuerpo-de-ciudad-participara-manana-jueves-6-de-abril-en-la-funcion-de-las-cinco-llagas-que-comenzara-a-las-17-horas\\\/\",\"url\":\"https:\\\/\\\/www.laguiadepamplona.com\\\/actualidad\\\/la-corporacion-municipal-en-cuerpo-de-ciudad-participara-manana-jueves-6-de-abril-en-la-funcion-de-las-cinco-llagas-que-comenzara-a-las-17-horas\\\/\",\"name\":\"La Corporaci\u00f3n Municipal, en Cuerpo de Ciudad, participar\u00e1, ma\u00f1ana jueves 6 de abril, en la Funci\u00f3n de las Cinco Llagas que comenzar\u00e1 a las 17 horas\",\"isPartOf\":{\"@id\":\"https:\\\/\\\/www.laguiadepamplona.com\\\/actualidad\\\/#website\"},\"primaryImageOfPage\":{\"@id\":\"https:\\\/\\\/www.laguiadepamplona.com\\\/actualidad\\\/la-corporacion-municipal-en-cuerpo-de-ciudad-participara-manana-jueves-6-de-abril-en-la-funcion-de-las-cinco-llagas-que-comenzara-a-las-17-horas\\\/#primaryimage\"},\"image\":{\"@id\":\"https:\\\/\\\/www.laguiadepamplona.com\\\/actualidad\\\/la-corporacion-municipal-en-cuerpo-de-ciudad-participara-manana-jueves-6-de-abril-en-la-funcion-de-las-cinco-llagas-que-comenzara-a-las-17-horas\\\/#primaryimage\"},\"thumbnailUrl\":\"https:\\\/\\\/www.laguiadepamplona.com\\\/actualidad\\\/wp-content\\\/uploads\\\/2023\\\/04\\\/5llagas_JGV9131-.webp\",\"datePublished\":\"2023-04-05T11:12:27+00:00\",\"dateModified\":\"2023-04-11T10:23:00+00:00\",\"description\":\"La comitiva saldr\u00e1 a las 16.50 horas de Casa Consistorial hacia la Iglesia de San Agust\u00edn, en renovaci\u00f3n de un voto aprobado por la ciudad en el s VXII\",\"breadcrumb\":{\"@id\":\"https:\\\/\\\/www.laguiadepamplona.com\\\/actualidad\\\/la-corporacion-municipal-en-cuerpo-de-ciudad-participara-manana-jueves-6-de-abril-en-la-funcion-de-las-cinco-llagas-que-comenzara-a-las-17-horas\\\/#breadcrumb\"},\"inLanguage\":\"es\",\"potentialAction\":[{\"@type\":\"ReadAction\",\"target\":[\"https:\\\/\\\/www.laguiadepamplona.com\\\/actualidad\\\/la-corporacion-municipal-en-cuerpo-de-ciudad-participara-manana-jueves-6-de-abril-en-la-funcion-de-las-cinco-llagas-que-comenzara-a-las-17-horas\\\/\"]}]},{\"@type\":\"ImageObject\",\"inLanguage\":\"es\",\"@id\":\"https:\\\/\\\/www.laguiadepamplona.com\\\/actualidad\\\/la-corporacion-municipal-en-cuerpo-de-ciudad-participara-manana-jueves-6-de-abril-en-la-funcion-de-las-cinco-llagas-que-comenzara-a-las-17-horas\\\/#primaryimage\",\"url\":\"https:\\\/\\\/www.laguiadepamplona.com\\\/actualidad\\\/wp-content\\\/uploads\\\/2023\\\/04\\\/5llagas_JGV9131-.webp\",\"contentUrl\":\"https:\\\/\\\/www.laguiadepamplona.com\\\/actualidad\\\/wp-content\\\/uploads\\\/2023\\\/04\\\/5llagas_JGV9131-.webp\",\"width\":1920,\"height\":1280},{\"@type\":\"BreadcrumbList\",\"@id\":\"https:\\\/\\\/www.laguiadepamplona.com\\\/actualidad\\\/la-corporacion-municipal-en-cuerpo-de-ciudad-participara-manana-jueves-6-de-abril-en-la-funcion-de-las-cinco-llagas-que-comenzara-a-las-17-horas\\\/#breadcrumb\",\"itemListElement\":[{\"@type\":\"ListItem\",\"position\":1,\"name\":\"Portada\",\"item\":\"https:\\\/\\\/www.laguiadepamplona.com\\\/actualidad\\\/\"},{\"@type\":\"ListItem\",\"position\":2,\"name\":\"La Corporaci\u00f3n Municipal, en Cuerpo de Ciudad, participar\u00e1, ma\u00f1ana jueves 6 de abril, en la Funci\u00f3n de las Cinco Llagas que comenzar\u00e1 a las 17 horas\"}]},{\"@type\":\"WebSite\",\"@id\":\"https:\\\/\\\/www.laguiadepamplona.com\\\/actualidad\\\/#website\",\"url\":\"https:\\\/\\\/www.laguiadepamplona.com\\\/actualidad\\\/\",\"name\":\"La gu\u00eda de Pamplona\",\"description\":\"Noticias de Pamplona\",\"publisher\":{\"@id\":\"https:\\\/\\\/www.laguiadepamplona.com\\\/actualidad\\\/#organization\"},\"potentialAction\":[{\"@type\":\"SearchAction\",\"target\":{\"@type\":\"EntryPoint\",\"urlTemplate\":\"https:\\\/\\\/www.laguiadepamplona.com\\\/actualidad\\\/?s={search_term_string}\"},\"query-input\":{\"@type\":\"PropertyValueSpecification\",\"valueRequired\":true,\"valueName\":\"search_term_string\"}}],\"inLanguage\":\"es\"},{\"@type\":\"Organization\",\"@id\":\"https:\\\/\\\/www.laguiadepamplona.com\\\/actualidad\\\/#organization\",\"name\":\"La Gu\u00eda de Pamplona \\\/ Noticias\",\"url\":\"https:\\\/\\\/www.laguiadepamplona.com\\\/actualidad\\\/\",\"logo\":{\"@type\":\"ImageObject\",\"inLanguage\":\"es\",\"@id\":\"https:\\\/\\\/www.laguiadepamplona.com\\\/actualidad\\\/#\\\/schema\\\/logo\\\/image\\\/\",\"url\":\"https:\\\/\\\/www.laguiadepamplona.com\\\/actualidad\\\/wp-content\\\/uploads\\\/2018\\\/11\\\/logo-laguiadepamplona18-web1.png\",\"contentUrl\":\"https:\\\/\\\/www.laguiadepamplona.com\\\/actualidad\\\/wp-content\\\/uploads\\\/2018\\\/11\\\/logo-laguiadepamplona18-web1.png\",\"width\":600,\"height\":196,\"caption\":\"La Gu\u00eda de Pamplona \\\/ Noticias\"},\"image\":{\"@id\":\"https:\\\/\\\/www.laguiadepamplona.com\\\/actualidad\\\/#\\\/schema\\\/logo\\\/image\\\/\"},\"sameAs\":[\"https:\\\/\\\/www.facebook.com\\\/laguiadepamplonacom-133175176762273\\\/?ref=hl\",\"https:\\\/\\\/x.com\\\/LaGuiadPamplona\",\"https:\\\/\\\/www.instagram.com\\\/la_guia_de_pamplona\\\/\",\"https:\\\/\\\/www.youtube.com\\\/user\\\/laguiadepamplona\"]},{\"@type\":\"Person\",\"@id\":\"https:\\\/\\\/www.laguiadepamplona.com\\\/actualidad\\\/#\\\/schema\\\/person\\\/efe887376f0213d4657c93adc50b1fdb\",\"name\":\"La Gu\u00eda de Pamplona\",\"image\":{\"@type\":\"ImageObject\",\"inLanguage\":\"es\",\"@id\":\"https:\\\/\\\/secure.gravatar.com\\\/avatar\\\/b6992f131dc8d30ab0dff15446e9d346d9dbd95992de0fef795073f5ea83a81c?s=96&d=mm&r=g\",\"url\":\"https:\\\/\\\/secure.gravatar.com\\\/avatar\\\/b6992f131dc8d30ab0dff15446e9d346d9dbd95992de0fef795073f5ea83a81c?s=96&d=mm&r=g\",\"contentUrl\":\"https:\\\/\\\/secure.gravatar.com\\\/avatar\\\/b6992f131dc8d30ab0dff15446e9d346d9dbd95992de0fef795073f5ea83a81c?s=96&d=mm&r=g\",\"caption\":\"La Gu\u00eda de Pamplona\"}}]}<\/script>\n<!-- \/ Yoast SEO plugin. -->","yoast_head_json":{"title":"La Corporaci\u00f3n Municipal, en Cuerpo de Ciudad, participar\u00e1, ma\u00f1ana jueves 6 de abril, en la Funci\u00f3n de las Cinco Llagas que comenzar\u00e1 a las 17 horas","description":"La comitiva saldr\u00e1 a las 16.50 horas de Casa Consistorial hacia la Iglesia de San Agust\u00edn, en renovaci\u00f3n de un voto aprobado por la ciudad en el s VXII","robots":{"index":"index","follow":"follow","max-snippet":"max-snippet:-1","max-image-preview":"max-image-preview:large","max-video-preview":"max-video-preview:-1"},"canonical":"https:\/\/www.laguiadepamplona.com\/actualidad\/la-corporacion-municipal-en-cuerpo-de-ciudad-participara-manana-jueves-6-de-abril-en-la-funcion-de-las-cinco-llagas-que-comenzara-a-las-17-horas\/","og_locale":"es_ES","og_type":"article","og_title":"La Corporaci\u00f3n Municipal, en Cuerpo de Ciudad, participar\u00e1, ma\u00f1ana jueves 6 de abril, en la Funci\u00f3n de las Cinco Llagas que comenzar\u00e1 a las 17 horas","og_description":"La comitiva saldr\u00e1 a las 16.50 horas de Casa Consistorial hacia la Iglesia de San Agust\u00edn, en renovaci\u00f3n de un voto aprobado por la ciudad en el s VXII","og_url":"https:\/\/www.laguiadepamplona.com\/actualidad\/la-corporacion-municipal-en-cuerpo-de-ciudad-participara-manana-jueves-6-de-abril-en-la-funcion-de-las-cinco-llagas-que-comenzara-a-las-17-horas\/","og_site_name":"La Gu\u00eda de Pamplona","article_publisher":"https:\/\/www.facebook.com\/laguiadepamplonacom-133175176762273\/?ref=hl","article_published_time":"2023-04-05T11:12:27+00:00","article_modified_time":"2023-04-11T10:23:00+00:00","og_image":[{"width":1920,"height":1280,"url":"https:\/\/www.laguiadepamplona.com\/actualidad\/wp-content\/uploads\/2023\/04\/5llagas_JGV9131-.webp","type":"image\/webp"}],"author":"La Gu\u00eda de Pamplona","twitter_card":"summary_large_image","twitter_creator":"@LaGuiadPamplona","twitter_site":"@LaGuiadPamplona","twitter_misc":{"Escrito por":"La Gu\u00eda de Pamplona","Tiempo de lectura":"3 minutos"},"schema":{"@context":"https:\/\/schema.org","@graph":[{"@type":"Article","@id":"https:\/\/www.laguiadepamplona.com\/actualidad\/la-corporacion-municipal-en-cuerpo-de-ciudad-participara-manana-jueves-6-de-abril-en-la-funcion-de-las-cinco-llagas-que-comenzara-a-las-17-horas\/#article","isPartOf":{"@id":"https:\/\/www.laguiadepamplona.com\/actualidad\/la-corporacion-municipal-en-cuerpo-de-ciudad-participara-manana-jueves-6-de-abril-en-la-funcion-de-las-cinco-llagas-que-comenzara-a-las-17-horas\/"},"author":{"name":"La Gu\u00eda de Pamplona","@id":"https:\/\/www.laguiadepamplona.com\/actualidad\/#\/schema\/person\/efe887376f0213d4657c93adc50b1fdb"},"headline":"La Corporaci\u00f3n Municipal, en Cuerpo de Ciudad, participar\u00e1, ma\u00f1ana jueves 6 de abril, en la Funci\u00f3n de las Cinco Llagas que comenzar\u00e1 a las 17 horas","datePublished":"2023-04-05T11:12:27+00:00","dateModified":"2023-04-11T10:23:00+00:00","mainEntityOfPage":{"@id":"https:\/\/www.laguiadepamplona.com\/actualidad\/la-corporacion-municipal-en-cuerpo-de-ciudad-participara-manana-jueves-6-de-abril-en-la-funcion-de-las-cinco-llagas-que-comenzara-a-las-17-horas\/"},"wordCount":556,"commentCount":0,"publisher":{"@id":"https:\/\/www.laguiadepamplona.com\/actualidad\/#organization"},"image":{"@id":"https:\/\/www.laguiadepamplona.com\/actualidad\/la-corporacion-municipal-en-cuerpo-de-ciudad-participara-manana-jueves-6-de-abril-en-la-funcion-de-las-cinco-llagas-que-comenzara-a-las-17-horas\/#primaryimage"},"thumbnailUrl":"https:\/\/www.laguiadepamplona.com\/actualidad\/wp-content\/uploads\/2023\/04\/5llagas_JGV9131-.webp","articleSection":["Ayto Pamplona"],"inLanguage":"es","potentialAction":[{"@type":"CommentAction","name":"Comment","target":["https:\/\/www.laguiadepamplona.com\/actualidad\/la-corporacion-municipal-en-cuerpo-de-ciudad-participara-manana-jueves-6-de-abril-en-la-funcion-de-las-cinco-llagas-que-comenzara-a-las-17-horas\/#respond"]}]},{"@type":"WebPage","@id":"https:\/\/www.laguiadepamplona.com\/actualidad\/la-corporacion-municipal-en-cuerpo-de-ciudad-participara-manana-jueves-6-de-abril-en-la-funcion-de-las-cinco-llagas-que-comenzara-a-las-17-horas\/","url":"https:\/\/www.laguiadepamplona.com\/actualidad\/la-corporacion-municipal-en-cuerpo-de-ciudad-participara-manana-jueves-6-de-abril-en-la-funcion-de-las-cinco-llagas-que-comenzara-a-las-17-horas\/","name":"La Corporaci\u00f3n Municipal, en Cuerpo de Ciudad, participar\u00e1, ma\u00f1ana jueves 6 de abril, en la Funci\u00f3n de las Cinco Llagas que comenzar\u00e1 a las 17 horas","isPartOf":{"@id":"https:\/\/www.laguiadepamplona.com\/actualidad\/#website"},"primaryImageOfPage":{"@id":"https:\/\/www.laguiadepamplona.com\/actualidad\/la-corporacion-municipal-en-cuerpo-de-ciudad-participara-manana-jueves-6-de-abril-en-la-funcion-de-las-cinco-llagas-que-comenzara-a-las-17-horas\/#primaryimage"},"image":{"@id":"https:\/\/www.laguiadepamplona.com\/actualidad\/la-corporacion-municipal-en-cuerpo-de-ciudad-participara-manana-jueves-6-de-abril-en-la-funcion-de-las-cinco-llagas-que-comenzara-a-las-17-horas\/#primaryimage"},"thumbnailUrl":"https:\/\/www.laguiadepamplona.com\/actualidad\/wp-content\/uploads\/2023\/04\/5llagas_JGV9131-.webp","datePublished":"2023-04-05T11:12:27+00:00","dateModified":"2023-04-11T10:23:00+00:00","description":"La comitiva saldr\u00e1 a las 16.50 horas de Casa Consistorial hacia la Iglesia de San Agust\u00edn, en renovaci\u00f3n de un voto aprobado por la ciudad en el s VXII","breadcrumb":{"@id":"https:\/\/www.laguiadepamplona.com\/actualidad\/la-corporacion-municipal-en-cuerpo-de-ciudad-participara-manana-jueves-6-de-abril-en-la-funcion-de-las-cinco-llagas-que-comenzara-a-las-17-horas\/#breadcrumb"},"inLanguage":"es","potentialAction":[{"@type":"ReadAction","target":["https:\/\/www.laguiadepamplona.com\/actualidad\/la-corporacion-municipal-en-cuerpo-de-ciudad-participara-manana-jueves-6-de-abril-en-la-funcion-de-las-cinco-llagas-que-comenzara-a-las-17-horas\/"]}]},{"@type":"ImageObject","inLanguage":"es","@id":"https:\/\/www.laguiadepamplona.com\/actualidad\/la-corporacion-municipal-en-cuerpo-de-ciudad-participara-manana-jueves-6-de-abril-en-la-funcion-de-las-cinco-llagas-que-comenzara-a-las-17-horas\/#primaryimage","url":"https:\/\/www.laguiadepamplona.com\/actualidad\/wp-content\/uploads\/2023\/04\/5llagas_JGV9131-.webp","contentUrl":"https:\/\/www.laguiadepamplona.com\/actualidad\/wp-content\/uploads\/2023\/04\/5llagas_JGV9131-.webp","width":1920,"height":1280},{"@type":"BreadcrumbList","@id":"https:\/\/www.laguiadepamplona.com\/actualidad\/la-corporacion-municipal-en-cuerpo-de-ciudad-participara-manana-jueves-6-de-abril-en-la-funcion-de-las-cinco-llagas-que-comenzara-a-las-17-horas\/#breadcrumb","itemListElement":[{"@type":"ListItem","position":1,"name":"Portada","item":"https:\/\/www.laguiadepamplona.com\/actualidad\/"},{"@type":"ListItem","position":2,"name":"La Corporaci\u00f3n Municipal, en Cuerpo de Ciudad, participar\u00e1, ma\u00f1ana jueves 6 de abril, en la Funci\u00f3n de las Cinco Llagas que comenzar\u00e1 a las 17 horas"}]},{"@type":"WebSite","@id":"https:\/\/www.laguiadepamplona.com\/actualidad\/#website","url":"https:\/\/www.laguiadepamplona.com\/actualidad\/","name":"La gu\u00eda de Pamplona","description":"Noticias de Pamplona","publisher":{"@id":"https:\/\/www.laguiadepamplona.com\/actualidad\/#organization"},"potentialAction":[{"@type":"SearchAction","target":{"@type":"EntryPoint","urlTemplate":"https:\/\/www.laguiadepamplona.com\/actualidad\/?s={search_term_string}"},"query-input":{"@type":"PropertyValueSpecification","valueRequired":true,"valueName":"search_term_string"}}],"inLanguage":"es"},{"@type":"Organization","@id":"https:\/\/www.laguiadepamplona.com\/actualidad\/#organization","name":"La Gu\u00eda de Pamplona \/ Noticias","url":"https:\/\/www.laguiadepamplona.com\/actualidad\/","logo":{"@type":"ImageObject","inLanguage":"es","@id":"https:\/\/www.laguiadepamplona.com\/actualidad\/#\/schema\/logo\/image\/","url":"https:\/\/www.laguiadepamplona.com\/actualidad\/wp-content\/uploads\/2018\/11\/logo-laguiadepamplona18-web1.png","contentUrl":"https:\/\/www.laguiadepamplona.com\/actualidad\/wp-content\/uploads\/2018\/11\/logo-laguiadepamplona18-web1.png","width":600,"height":196,"caption":"La Gu\u00eda de Pamplona \/ Noticias"},"image":{"@id":"https:\/\/www.laguiadepamplona.com\/actualidad\/#\/schema\/logo\/image\/"},"sameAs":["https:\/\/www.facebook.com\/laguiadepamplonacom-133175176762273\/?ref=hl","https:\/\/x.com\/LaGuiadPamplona","https:\/\/www.instagram.com\/la_guia_de_pamplona\/","https:\/\/www.youtube.com\/user\/laguiadepamplona"]},{"@type":"Person","@id":"https:\/\/www.laguiadepamplona.com\/actualidad\/#\/schema\/person\/efe887376f0213d4657c93adc50b1fdb","name":"La Gu\u00eda de Pamplona","image":{"@type":"ImageObject","inLanguage":"es","@id":"https:\/\/secure.gravatar.com\/avatar\/b6992f131dc8d30ab0dff15446e9d346d9dbd95992de0fef795073f5ea83a81c?s=96&d=mm&r=g","url":"https:\/\/secure.gravatar.com\/avatar\/b6992f131dc8d30ab0dff15446e9d346d9dbd95992de0fef795073f5ea83a81c?s=96&d=mm&r=g","contentUrl":"https:\/\/secure.gravatar.com\/avatar\/b6992f131dc8d30ab0dff15446e9d346d9dbd95992de0fef795073f5ea83a81c?s=96&d=mm&r=g","caption":"La Gu\u00eda de Pamplona"}}]}},"post_mailing_queue_ids":[],"_links":{"self":[{"href":"https:\/\/www.laguiadepamplona.com\/actualidad\/wp-json\/wp\/v2\/posts\/43454","targetHints":{"allow":["GET"]}}],"collection":[{"href":"https:\/\/www.laguiadepamplona.com\/actualidad\/wp-json\/wp\/v2\/posts"}],"about":[{"href":"https:\/\/www.laguiadepamplona.com\/actualidad\/wp-json\/wp\/v2\/types\/post"}],"author":[{"embeddable":true,"href":"https:\/\/www.laguiadepamplona.com\/actualidad\/wp-json\/wp\/v2\/users\/1"}],"replies":[{"embeddable":true,"href":"https:\/\/www.laguiadepamplona.com\/actualidad\/wp-json\/wp\/v2\/comments?post=43454"}],"version-history":[{"count":0,"href":"https:\/\/www.laguiadepamplona.com\/actualidad\/wp-json\/wp\/v2\/posts\/43454\/revisions"}],"wp:featuredmedia":[{"embeddable":true,"href":"https:\/\/www.laguiadepamplona.com\/actualidad\/wp-json\/wp\/v2\/media\/46231"}],"wp:attachment":[{"href":"https:\/\/www.laguiadepamplona.com\/actualidad\/wp-json\/wp\/v2\/media?parent=43454"}],"wp:term":[{"taxonomy":"category","embeddable":true,"href":"https:\/\/www.laguiadepamplona.com\/actualidad\/wp-json\/wp\/v2\/categories?post=43454"},{"taxonomy":"post_tag","embeddable":true,"href":"https:\/\/www.laguiadepamplona.com\/actualidad\/wp-json\/wp\/v2\/tags?post=43454"}],"curies":[{"name":"wp","href":"https:\/\/api.w.org\/{rel}","templated":true}]}}