{"id":43451,"date":"2023-04-05T13:10:53","date_gmt":"2023-04-05T11:10:53","guid":{"rendered":"https:\/\/www.laguiadepamplona.com\/actualidad\/?p=43451"},"modified":"2023-04-11T12:24:21","modified_gmt":"2023-04-11T10:24:21","slug":"el-programa-municipal-conozcamos-pamplona-acerca-la-historia-de-la-ciudad-y-sus-gentes-a-escolares-de-primaria","status":"publish","type":"post","link":"https:\/\/www.laguiadepamplona.com\/actualidad\/el-programa-municipal-conozcamos-pamplona-acerca-la-historia-de-la-ciudad-y-sus-gentes-a-escolares-de-primaria\/","title":{"rendered":"El programa municipal \u2018Conozcamos Pamplona\u2019 acerca la historia de la ciudad y sus gentes a escolares de Primaria"},"content":{"rendered":"<h5>El alumnado recorre enclaves del Casco Viejo en una visita guiada que se puede reservar en castellano, euskera, franc\u00e9s o ingl\u00e9s<\/h5>\n<p><!--more--><\/p>\n<p>El alumnado de Educaci\u00f3n Primaria puede acercarse a la historia de la ciudad de una forma amena a trav\u00e9s del programa municipal \u2018Conozcamos Pamplona\u2019. Esta iniciativa gratuita est\u00e1 disponible para todos los centros p\u00fablicos y concertados de Educaci\u00f3n Infantil y Primaria de Pamplona, si bien se dirige espec\u00edficamente a estudiantes de quinto de Primaria. El programa contribuye al desarrollo de los contenidos y la adquisici\u00f3n de competencias en el \u00e1mbito hist\u00f3rico-art\u00edstico, en l\u00ednea con el curr\u00edculo educativo.<\/p>\n<p>Este programa facilita el conocimiento de la historia y la evoluci\u00f3n de la ciudad, ayudando a reconocer el patrimonio hist\u00f3rico y a identificar tradiciones y costumbres. Adem\u00e1s, permite visibilizar la huella de las mujeres en los espacios de la ciudad y las figuras femeninas especialmente significativas en la historia y la cultura de Pamplona. Para ello, se realiza una visita guiada de tres horas por el Casco Antiguo.<\/p>\n<p>El itinerario est\u00e1 organizado por cuadr\u00edculas \u201ctemporales\u201d de forma que, al avanzar en el recorrido, se avanza de forma cronol\u00f3gica por la evoluci\u00f3n hist\u00f3rica de la ciudad. Durante el itinerario se destacan las transiciones entre las principales \u00e9pocas de la historia de Pamplona, haciendo hincapi\u00e9 en el contexto hist\u00f3rico que propici\u00f3 estas transiciones y los mecanismos sociales, econ\u00f3micos y culturales que las hicieron posibles.<br \/>\n<script async src=\"\/\/pagead2.googlesyndication.com\/pagead\/js\/adsbygoogle.js\"><\/script><br \/>\n<!-- Noticias La Guia de Pamplona --><br \/>\n<ins class=\"adsbygoogle\"\nstyle=\"display:block\"\ndata-ad-client=\"ca-pub-6943679897239327\"\ndata-ad-slot=\"7048180777\"\ndata-ad-format=\"auto\"><\/ins><br \/>\n<script>\n(adsbygoogle = window.adsbygoogle || []).push({});\n<\/script><\/p>\n<p>La actividad se desarrolla durante el curso escolar y existe la posibilidad de transporte gratuito en autob\u00fas desde el centro escolar hasta el punto de partida. Se puede elegir en qu\u00e9 idioma realizar la visita, puesto que se oferta en castellano, euskera, franc\u00e9s o ingl\u00e9s. El Ayuntamiento refuerza la actividad con el material did\u00e1ctico \u2018Descubre Pamplona\u2019, que consta de un libro, un \u00e1lbum, cromos, tarjetas y fichas de trabajo en web. De esta manera, el alumnado trabaja antes, durante y despu\u00e9s de la visita, para obtener resultados m\u00e1s completos.<\/p>\n<p>Aparte de la oferta para Primaria durante el curso, que se reserva entre junio y septiembre, hay disponibles visitas de dos horas para grupos educativos de otros niveles, tanto locales como de fuera. En esta oferta se ofrecen nueve itinerarios: \u2018Desde los Or\u00edgenes a la Actualidad\u2019, \u2018Camino de Santiago\u2019, \u2018La vida a orillas del Arga\u2019, \u2018Los secretos de las murallas\u2019, \u2018Pamplona medieval\u2019, \u2018La Ciudadela\u2019, \u2018Pamplona y el siglo de las luces\u2019, \u2018El Modernismo\u2019 y \u2018Pamplona Literaria\u2019. Estas visitas se pueden solicitar en la direcci\u00f3n <a href=\"http:\/\/reservascp.es\/\" target=\"_blank\" rel=\"noopener\">http:\/\/reservascp.es\/<\/a>.<\/p>\n<p>Durante el curso pasado 1.613 escolares de quinto de Primaria de 65 grupos diferentes participaron en el programa. Estos estudiantes pertenec\u00edan a 27 centros escolares de la ciudad. Adem\u00e1s, participaron 35 grupos de otros niveles educativos, con un total de 875 personas.<br \/>\n<script async src=\"\/\/pagead2.googlesyndication.com\/pagead\/js\/adsbygoogle.js\"><\/script><br \/>\n<!-- Noticias La Guia de Pamplona --><br \/>\n<ins class=\"adsbygoogle\"\nstyle=\"display:block\"\ndata-ad-client=\"ca-pub-6943679897239327\"\ndata-ad-slot=\"7048180777\"\ndata-ad-format=\"auto\"><\/ins><br \/>\n<script>\n(adsbygoogle = window.adsbygoogle || []).push({});\n<\/script><\/p>\n<p>&nbsp;<\/p>\n<h3>\u2018Conozcamos Pamplona\u2019<\/h3>\n<ul>\n<li>Visitas guiadas de tres horas para alumnado de quinto curso de Primaria\n<ul>\n<li>Actividad gratuita durante el curso acad\u00e9mico, se reserva entre junio y septiembre<\/li>\n<li>Las visitas se refuerzan con el material did\u00e1ctico \u2018Descubre Pamplona\u2019<\/li>\n<\/ul>\n<\/li>\n<li>Itinerarios de dos horas para cualquier grupo de estudiantes interesados\n<ul>\n<li>Se puede reservar en la web <a href=\"http:\/\/reservascp.es\/\" target=\"_blank\" rel=\"noopener\">http:\/\/reservascp.es\/<\/a><\/li>\n<\/ul>\n<\/li>\n<\/ul>\n","protected":false},"excerpt":{"rendered":"<p>El alumnado recorre enclaves del Casco Viejo en una visita guiada que se puede reservar en castellano, euskera, franc\u00e9s o ingl\u00e9s<\/p>\n","protected":false},"author":1,"featured_media":46232,"comment_status":"open","ping_status":"closed","sticky":false,"template":"","format":"standard","meta":{"footnotes":""},"categories":[2],"tags":[],"class_list":["post-43451","post","type-post","status-publish","format-standard","has-post-thumbnail","hentry","category-ayuntamiento-pamplona"],"yoast_head":"<!-- This site is optimized with the Yoast SEO plugin v27.3 - https:\/\/yoast.com\/product\/yoast-seo-wordpress\/ -->\n<title>El programa municipal \u2018Conozcamos Pamplona\u2019 acerca la historia de la ciudad y sus gentes a escolares de Primaria<\/title>\n<meta name=\"description\" content=\"El alumnado recorre enclaves del Casco Viejo en una visita guiada que se puede reservar en castellano, euskera, franc\u00e9s o ingl\u00e9s\u00a0\" \/>\n<meta name=\"robots\" content=\"index, follow, max-snippet:-1, max-image-preview:large, max-video-preview:-1\" \/>\n<link rel=\"canonical\" href=\"https:\/\/www.laguiadepamplona.com\/actualidad\/el-programa-municipal-conozcamos-pamplona-acerca-la-historia-de-la-ciudad-y-sus-gentes-a-escolares-de-primaria\/\" \/>\n<meta property=\"og:locale\" content=\"es_ES\" \/>\n<meta property=\"og:type\" content=\"article\" \/>\n<meta property=\"og:title\" content=\"El programa municipal \u2018Conozcamos Pamplona\u2019 acerca la historia de la ciudad y sus gentes a escolares de Primaria\" \/>\n<meta property=\"og:description\" content=\"El alumnado recorre enclaves del Casco Viejo en una visita guiada que se puede reservar en castellano, euskera, franc\u00e9s o ingl\u00e9s\u00a0\" \/>\n<meta property=\"og:url\" content=\"https:\/\/www.laguiadepamplona.com\/actualidad\/el-programa-municipal-conozcamos-pamplona-acerca-la-historia-de-la-ciudad-y-sus-gentes-a-escolares-de-primaria\/\" \/>\n<meta property=\"og:site_name\" content=\"La Gu\u00eda de Pamplona\" \/>\n<meta property=\"article:publisher\" content=\"https:\/\/www.facebook.com\/laguiadepamplonacom-133175176762273\/?ref=hl\" \/>\n<meta property=\"article:published_time\" content=\"2023-04-05T11:10:53+00:00\" \/>\n<meta property=\"article:modified_time\" content=\"2023-04-11T10:24:21+00:00\" \/>\n<meta property=\"og:image\" content=\"https:\/\/www.laguiadepamplona.com\/actualidad\/wp-content\/uploads\/2023\/04\/conozcamos_pamplona.webp\" \/>\n\t<meta property=\"og:image:width\" content=\"1648\" \/>\n\t<meta property=\"og:image:height\" content=\"1007\" \/>\n\t<meta property=\"og:image:type\" content=\"image\/webp\" \/>\n<meta name=\"author\" content=\"La Gu\u00eda de Pamplona\" \/>\n<meta name=\"twitter:card\" content=\"summary_large_image\" \/>\n<meta name=\"twitter:creator\" content=\"@LaGuiadPamplona\" \/>\n<meta name=\"twitter:site\" content=\"@LaGuiadPamplona\" \/>\n<meta name=\"twitter:label1\" content=\"Escrito por\" \/>\n\t<meta name=\"twitter:data1\" content=\"La Gu\u00eda de Pamplona\" \/>\n\t<meta name=\"twitter:label2\" content=\"Tiempo de lectura\" \/>\n\t<meta name=\"twitter:data2\" content=\"3 minutos\" \/>\n<script type=\"application\/ld+json\" class=\"yoast-schema-graph\">{\"@context\":\"https:\\\/\\\/schema.org\",\"@graph\":[{\"@type\":\"Article\",\"@id\":\"https:\\\/\\\/www.laguiadepamplona.com\\\/actualidad\\\/el-programa-municipal-conozcamos-pamplona-acerca-la-historia-de-la-ciudad-y-sus-gentes-a-escolares-de-primaria\\\/#article\",\"isPartOf\":{\"@id\":\"https:\\\/\\\/www.laguiadepamplona.com\\\/actualidad\\\/el-programa-municipal-conozcamos-pamplona-acerca-la-historia-de-la-ciudad-y-sus-gentes-a-escolares-de-primaria\\\/\"},\"author\":{\"name\":\"La Gu\u00eda de Pamplona\",\"@id\":\"https:\\\/\\\/www.laguiadepamplona.com\\\/actualidad\\\/#\\\/schema\\\/person\\\/efe887376f0213d4657c93adc50b1fdb\"},\"headline\":\"El programa municipal \u2018Conozcamos Pamplona\u2019 acerca la historia de la ciudad y sus gentes a escolares de Primaria\",\"datePublished\":\"2023-04-05T11:10:53+00:00\",\"dateModified\":\"2023-04-11T10:24:21+00:00\",\"mainEntityOfPage\":{\"@id\":\"https:\\\/\\\/www.laguiadepamplona.com\\\/actualidad\\\/el-programa-municipal-conozcamos-pamplona-acerca-la-historia-de-la-ciudad-y-sus-gentes-a-escolares-de-primaria\\\/\"},\"wordCount\":550,\"commentCount\":0,\"publisher\":{\"@id\":\"https:\\\/\\\/www.laguiadepamplona.com\\\/actualidad\\\/#organization\"},\"image\":{\"@id\":\"https:\\\/\\\/www.laguiadepamplona.com\\\/actualidad\\\/el-programa-municipal-conozcamos-pamplona-acerca-la-historia-de-la-ciudad-y-sus-gentes-a-escolares-de-primaria\\\/#primaryimage\"},\"thumbnailUrl\":\"https:\\\/\\\/www.laguiadepamplona.com\\\/actualidad\\\/wp-content\\\/uploads\\\/2023\\\/04\\\/conozcamos_pamplona.webp\",\"articleSection\":[\"Ayto Pamplona\"],\"inLanguage\":\"es\",\"potentialAction\":[{\"@type\":\"CommentAction\",\"name\":\"Comment\",\"target\":[\"https:\\\/\\\/www.laguiadepamplona.com\\\/actualidad\\\/el-programa-municipal-conozcamos-pamplona-acerca-la-historia-de-la-ciudad-y-sus-gentes-a-escolares-de-primaria\\\/#respond\"]}]},{\"@type\":\"WebPage\",\"@id\":\"https:\\\/\\\/www.laguiadepamplona.com\\\/actualidad\\\/el-programa-municipal-conozcamos-pamplona-acerca-la-historia-de-la-ciudad-y-sus-gentes-a-escolares-de-primaria\\\/\",\"url\":\"https:\\\/\\\/www.laguiadepamplona.com\\\/actualidad\\\/el-programa-municipal-conozcamos-pamplona-acerca-la-historia-de-la-ciudad-y-sus-gentes-a-escolares-de-primaria\\\/\",\"name\":\"El programa municipal \u2018Conozcamos Pamplona\u2019 acerca la historia de la ciudad y sus gentes a escolares de Primaria\",\"isPartOf\":{\"@id\":\"https:\\\/\\\/www.laguiadepamplona.com\\\/actualidad\\\/#website\"},\"primaryImageOfPage\":{\"@id\":\"https:\\\/\\\/www.laguiadepamplona.com\\\/actualidad\\\/el-programa-municipal-conozcamos-pamplona-acerca-la-historia-de-la-ciudad-y-sus-gentes-a-escolares-de-primaria\\\/#primaryimage\"},\"image\":{\"@id\":\"https:\\\/\\\/www.laguiadepamplona.com\\\/actualidad\\\/el-programa-municipal-conozcamos-pamplona-acerca-la-historia-de-la-ciudad-y-sus-gentes-a-escolares-de-primaria\\\/#primaryimage\"},\"thumbnailUrl\":\"https:\\\/\\\/www.laguiadepamplona.com\\\/actualidad\\\/wp-content\\\/uploads\\\/2023\\\/04\\\/conozcamos_pamplona.webp\",\"datePublished\":\"2023-04-05T11:10:53+00:00\",\"dateModified\":\"2023-04-11T10:24:21+00:00\",\"description\":\"El alumnado recorre enclaves del Casco Viejo en una visita guiada que se puede reservar en castellano, euskera, franc\u00e9s o ingl\u00e9s\u00a0\",\"breadcrumb\":{\"@id\":\"https:\\\/\\\/www.laguiadepamplona.com\\\/actualidad\\\/el-programa-municipal-conozcamos-pamplona-acerca-la-historia-de-la-ciudad-y-sus-gentes-a-escolares-de-primaria\\\/#breadcrumb\"},\"inLanguage\":\"es\",\"potentialAction\":[{\"@type\":\"ReadAction\",\"target\":[\"https:\\\/\\\/www.laguiadepamplona.com\\\/actualidad\\\/el-programa-municipal-conozcamos-pamplona-acerca-la-historia-de-la-ciudad-y-sus-gentes-a-escolares-de-primaria\\\/\"]}]},{\"@type\":\"ImageObject\",\"inLanguage\":\"es\",\"@id\":\"https:\\\/\\\/www.laguiadepamplona.com\\\/actualidad\\\/el-programa-municipal-conozcamos-pamplona-acerca-la-historia-de-la-ciudad-y-sus-gentes-a-escolares-de-primaria\\\/#primaryimage\",\"url\":\"https:\\\/\\\/www.laguiadepamplona.com\\\/actualidad\\\/wp-content\\\/uploads\\\/2023\\\/04\\\/conozcamos_pamplona.webp\",\"contentUrl\":\"https:\\\/\\\/www.laguiadepamplona.com\\\/actualidad\\\/wp-content\\\/uploads\\\/2023\\\/04\\\/conozcamos_pamplona.webp\",\"width\":1648,\"height\":1007},{\"@type\":\"BreadcrumbList\",\"@id\":\"https:\\\/\\\/www.laguiadepamplona.com\\\/actualidad\\\/el-programa-municipal-conozcamos-pamplona-acerca-la-historia-de-la-ciudad-y-sus-gentes-a-escolares-de-primaria\\\/#breadcrumb\",\"itemListElement\":[{\"@type\":\"ListItem\",\"position\":1,\"name\":\"Portada\",\"item\":\"https:\\\/\\\/www.laguiadepamplona.com\\\/actualidad\\\/\"},{\"@type\":\"ListItem\",\"position\":2,\"name\":\"El programa municipal \u2018Conozcamos Pamplona\u2019 acerca la historia de la ciudad y sus gentes a escolares de Primaria\"}]},{\"@type\":\"WebSite\",\"@id\":\"https:\\\/\\\/www.laguiadepamplona.com\\\/actualidad\\\/#website\",\"url\":\"https:\\\/\\\/www.laguiadepamplona.com\\\/actualidad\\\/\",\"name\":\"La gu\u00eda de Pamplona\",\"description\":\"Noticias de Pamplona\",\"publisher\":{\"@id\":\"https:\\\/\\\/www.laguiadepamplona.com\\\/actualidad\\\/#organization\"},\"potentialAction\":[{\"@type\":\"SearchAction\",\"target\":{\"@type\":\"EntryPoint\",\"urlTemplate\":\"https:\\\/\\\/www.laguiadepamplona.com\\\/actualidad\\\/?s={search_term_string}\"},\"query-input\":{\"@type\":\"PropertyValueSpecification\",\"valueRequired\":true,\"valueName\":\"search_term_string\"}}],\"inLanguage\":\"es\"},{\"@type\":\"Organization\",\"@id\":\"https:\\\/\\\/www.laguiadepamplona.com\\\/actualidad\\\/#organization\",\"name\":\"La Gu\u00eda de Pamplona \\\/ Noticias\",\"url\":\"https:\\\/\\\/www.laguiadepamplona.com\\\/actualidad\\\/\",\"logo\":{\"@type\":\"ImageObject\",\"inLanguage\":\"es\",\"@id\":\"https:\\\/\\\/www.laguiadepamplona.com\\\/actualidad\\\/#\\\/schema\\\/logo\\\/image\\\/\",\"url\":\"https:\\\/\\\/www.laguiadepamplona.com\\\/actualidad\\\/wp-content\\\/uploads\\\/2018\\\/11\\\/logo-laguiadepamplona18-web1.png\",\"contentUrl\":\"https:\\\/\\\/www.laguiadepamplona.com\\\/actualidad\\\/wp-content\\\/uploads\\\/2018\\\/11\\\/logo-laguiadepamplona18-web1.png\",\"width\":600,\"height\":196,\"caption\":\"La Gu\u00eda de Pamplona \\\/ Noticias\"},\"image\":{\"@id\":\"https:\\\/\\\/www.laguiadepamplona.com\\\/actualidad\\\/#\\\/schema\\\/logo\\\/image\\\/\"},\"sameAs\":[\"https:\\\/\\\/www.facebook.com\\\/laguiadepamplonacom-133175176762273\\\/?ref=hl\",\"https:\\\/\\\/x.com\\\/LaGuiadPamplona\",\"https:\\\/\\\/www.instagram.com\\\/la_guia_de_pamplona\\\/\",\"https:\\\/\\\/www.youtube.com\\\/user\\\/laguiadepamplona\"]},{\"@type\":\"Person\",\"@id\":\"https:\\\/\\\/www.laguiadepamplona.com\\\/actualidad\\\/#\\\/schema\\\/person\\\/efe887376f0213d4657c93adc50b1fdb\",\"name\":\"La Gu\u00eda de Pamplona\",\"image\":{\"@type\":\"ImageObject\",\"inLanguage\":\"es\",\"@id\":\"https:\\\/\\\/secure.gravatar.com\\\/avatar\\\/b6992f131dc8d30ab0dff15446e9d346d9dbd95992de0fef795073f5ea83a81c?s=96&d=mm&r=g\",\"url\":\"https:\\\/\\\/secure.gravatar.com\\\/avatar\\\/b6992f131dc8d30ab0dff15446e9d346d9dbd95992de0fef795073f5ea83a81c?s=96&d=mm&r=g\",\"contentUrl\":\"https:\\\/\\\/secure.gravatar.com\\\/avatar\\\/b6992f131dc8d30ab0dff15446e9d346d9dbd95992de0fef795073f5ea83a81c?s=96&d=mm&r=g\",\"caption\":\"La Gu\u00eda de Pamplona\"}}]}<\/script>\n<!-- \/ Yoast SEO plugin. -->","yoast_head_json":{"title":"El programa municipal \u2018Conozcamos Pamplona\u2019 acerca la historia de la ciudad y sus gentes a escolares de Primaria","description":"El alumnado recorre enclaves del Casco Viejo en una visita guiada que se puede reservar en castellano, euskera, franc\u00e9s o ingl\u00e9s\u00a0","robots":{"index":"index","follow":"follow","max-snippet":"max-snippet:-1","max-image-preview":"max-image-preview:large","max-video-preview":"max-video-preview:-1"},"canonical":"https:\/\/www.laguiadepamplona.com\/actualidad\/el-programa-municipal-conozcamos-pamplona-acerca-la-historia-de-la-ciudad-y-sus-gentes-a-escolares-de-primaria\/","og_locale":"es_ES","og_type":"article","og_title":"El programa municipal \u2018Conozcamos Pamplona\u2019 acerca la historia de la ciudad y sus gentes a escolares de Primaria","og_description":"El alumnado recorre enclaves del Casco Viejo en una visita guiada que se puede reservar en castellano, euskera, franc\u00e9s o ingl\u00e9s\u00a0","og_url":"https:\/\/www.laguiadepamplona.com\/actualidad\/el-programa-municipal-conozcamos-pamplona-acerca-la-historia-de-la-ciudad-y-sus-gentes-a-escolares-de-primaria\/","og_site_name":"La Gu\u00eda de Pamplona","article_publisher":"https:\/\/www.facebook.com\/laguiadepamplonacom-133175176762273\/?ref=hl","article_published_time":"2023-04-05T11:10:53+00:00","article_modified_time":"2023-04-11T10:24:21+00:00","og_image":[{"width":1648,"height":1007,"url":"https:\/\/www.laguiadepamplona.com\/actualidad\/wp-content\/uploads\/2023\/04\/conozcamos_pamplona.webp","type":"image\/webp"}],"author":"La Gu\u00eda de Pamplona","twitter_card":"summary_large_image","twitter_creator":"@LaGuiadPamplona","twitter_site":"@LaGuiadPamplona","twitter_misc":{"Escrito por":"La Gu\u00eda de Pamplona","Tiempo de lectura":"3 minutos"},"schema":{"@context":"https:\/\/schema.org","@graph":[{"@type":"Article","@id":"https:\/\/www.laguiadepamplona.com\/actualidad\/el-programa-municipal-conozcamos-pamplona-acerca-la-historia-de-la-ciudad-y-sus-gentes-a-escolares-de-primaria\/#article","isPartOf":{"@id":"https:\/\/www.laguiadepamplona.com\/actualidad\/el-programa-municipal-conozcamos-pamplona-acerca-la-historia-de-la-ciudad-y-sus-gentes-a-escolares-de-primaria\/"},"author":{"name":"La Gu\u00eda de Pamplona","@id":"https:\/\/www.laguiadepamplona.com\/actualidad\/#\/schema\/person\/efe887376f0213d4657c93adc50b1fdb"},"headline":"El programa municipal \u2018Conozcamos Pamplona\u2019 acerca la historia de la ciudad y sus gentes a escolares de Primaria","datePublished":"2023-04-05T11:10:53+00:00","dateModified":"2023-04-11T10:24:21+00:00","mainEntityOfPage":{"@id":"https:\/\/www.laguiadepamplona.com\/actualidad\/el-programa-municipal-conozcamos-pamplona-acerca-la-historia-de-la-ciudad-y-sus-gentes-a-escolares-de-primaria\/"},"wordCount":550,"commentCount":0,"publisher":{"@id":"https:\/\/www.laguiadepamplona.com\/actualidad\/#organization"},"image":{"@id":"https:\/\/www.laguiadepamplona.com\/actualidad\/el-programa-municipal-conozcamos-pamplona-acerca-la-historia-de-la-ciudad-y-sus-gentes-a-escolares-de-primaria\/#primaryimage"},"thumbnailUrl":"https:\/\/www.laguiadepamplona.com\/actualidad\/wp-content\/uploads\/2023\/04\/conozcamos_pamplona.webp","articleSection":["Ayto Pamplona"],"inLanguage":"es","potentialAction":[{"@type":"CommentAction","name":"Comment","target":["https:\/\/www.laguiadepamplona.com\/actualidad\/el-programa-municipal-conozcamos-pamplona-acerca-la-historia-de-la-ciudad-y-sus-gentes-a-escolares-de-primaria\/#respond"]}]},{"@type":"WebPage","@id":"https:\/\/www.laguiadepamplona.com\/actualidad\/el-programa-municipal-conozcamos-pamplona-acerca-la-historia-de-la-ciudad-y-sus-gentes-a-escolares-de-primaria\/","url":"https:\/\/www.laguiadepamplona.com\/actualidad\/el-programa-municipal-conozcamos-pamplona-acerca-la-historia-de-la-ciudad-y-sus-gentes-a-escolares-de-primaria\/","name":"El programa municipal \u2018Conozcamos Pamplona\u2019 acerca la historia de la ciudad y sus gentes a escolares de Primaria","isPartOf":{"@id":"https:\/\/www.laguiadepamplona.com\/actualidad\/#website"},"primaryImageOfPage":{"@id":"https:\/\/www.laguiadepamplona.com\/actualidad\/el-programa-municipal-conozcamos-pamplona-acerca-la-historia-de-la-ciudad-y-sus-gentes-a-escolares-de-primaria\/#primaryimage"},"image":{"@id":"https:\/\/www.laguiadepamplona.com\/actualidad\/el-programa-municipal-conozcamos-pamplona-acerca-la-historia-de-la-ciudad-y-sus-gentes-a-escolares-de-primaria\/#primaryimage"},"thumbnailUrl":"https:\/\/www.laguiadepamplona.com\/actualidad\/wp-content\/uploads\/2023\/04\/conozcamos_pamplona.webp","datePublished":"2023-04-05T11:10:53+00:00","dateModified":"2023-04-11T10:24:21+00:00","description":"El alumnado recorre enclaves del Casco Viejo en una visita guiada que se puede reservar en castellano, euskera, franc\u00e9s o ingl\u00e9s\u00a0","breadcrumb":{"@id":"https:\/\/www.laguiadepamplona.com\/actualidad\/el-programa-municipal-conozcamos-pamplona-acerca-la-historia-de-la-ciudad-y-sus-gentes-a-escolares-de-primaria\/#breadcrumb"},"inLanguage":"es","potentialAction":[{"@type":"ReadAction","target":["https:\/\/www.laguiadepamplona.com\/actualidad\/el-programa-municipal-conozcamos-pamplona-acerca-la-historia-de-la-ciudad-y-sus-gentes-a-escolares-de-primaria\/"]}]},{"@type":"ImageObject","inLanguage":"es","@id":"https:\/\/www.laguiadepamplona.com\/actualidad\/el-programa-municipal-conozcamos-pamplona-acerca-la-historia-de-la-ciudad-y-sus-gentes-a-escolares-de-primaria\/#primaryimage","url":"https:\/\/www.laguiadepamplona.com\/actualidad\/wp-content\/uploads\/2023\/04\/conozcamos_pamplona.webp","contentUrl":"https:\/\/www.laguiadepamplona.com\/actualidad\/wp-content\/uploads\/2023\/04\/conozcamos_pamplona.webp","width":1648,"height":1007},{"@type":"BreadcrumbList","@id":"https:\/\/www.laguiadepamplona.com\/actualidad\/el-programa-municipal-conozcamos-pamplona-acerca-la-historia-de-la-ciudad-y-sus-gentes-a-escolares-de-primaria\/#breadcrumb","itemListElement":[{"@type":"ListItem","position":1,"name":"Portada","item":"https:\/\/www.laguiadepamplona.com\/actualidad\/"},{"@type":"ListItem","position":2,"name":"El programa municipal \u2018Conozcamos Pamplona\u2019 acerca la historia de la ciudad y sus gentes a escolares de Primaria"}]},{"@type":"WebSite","@id":"https:\/\/www.laguiadepamplona.com\/actualidad\/#website","url":"https:\/\/www.laguiadepamplona.com\/actualidad\/","name":"La gu\u00eda de Pamplona","description":"Noticias de Pamplona","publisher":{"@id":"https:\/\/www.laguiadepamplona.com\/actualidad\/#organization"},"potentialAction":[{"@type":"SearchAction","target":{"@type":"EntryPoint","urlTemplate":"https:\/\/www.laguiadepamplona.com\/actualidad\/?s={search_term_string}"},"query-input":{"@type":"PropertyValueSpecification","valueRequired":true,"valueName":"search_term_string"}}],"inLanguage":"es"},{"@type":"Organization","@id":"https:\/\/www.laguiadepamplona.com\/actualidad\/#organization","name":"La Gu\u00eda de Pamplona \/ Noticias","url":"https:\/\/www.laguiadepamplona.com\/actualidad\/","logo":{"@type":"ImageObject","inLanguage":"es","@id":"https:\/\/www.laguiadepamplona.com\/actualidad\/#\/schema\/logo\/image\/","url":"https:\/\/www.laguiadepamplona.com\/actualidad\/wp-content\/uploads\/2018\/11\/logo-laguiadepamplona18-web1.png","contentUrl":"https:\/\/www.laguiadepamplona.com\/actualidad\/wp-content\/uploads\/2018\/11\/logo-laguiadepamplona18-web1.png","width":600,"height":196,"caption":"La Gu\u00eda de Pamplona \/ Noticias"},"image":{"@id":"https:\/\/www.laguiadepamplona.com\/actualidad\/#\/schema\/logo\/image\/"},"sameAs":["https:\/\/www.facebook.com\/laguiadepamplonacom-133175176762273\/?ref=hl","https:\/\/x.com\/LaGuiadPamplona","https:\/\/www.instagram.com\/la_guia_de_pamplona\/","https:\/\/www.youtube.com\/user\/laguiadepamplona"]},{"@type":"Person","@id":"https:\/\/www.laguiadepamplona.com\/actualidad\/#\/schema\/person\/efe887376f0213d4657c93adc50b1fdb","name":"La Gu\u00eda de Pamplona","image":{"@type":"ImageObject","inLanguage":"es","@id":"https:\/\/secure.gravatar.com\/avatar\/b6992f131dc8d30ab0dff15446e9d346d9dbd95992de0fef795073f5ea83a81c?s=96&d=mm&r=g","url":"https:\/\/secure.gravatar.com\/avatar\/b6992f131dc8d30ab0dff15446e9d346d9dbd95992de0fef795073f5ea83a81c?s=96&d=mm&r=g","contentUrl":"https:\/\/secure.gravatar.com\/avatar\/b6992f131dc8d30ab0dff15446e9d346d9dbd95992de0fef795073f5ea83a81c?s=96&d=mm&r=g","caption":"La Gu\u00eda de Pamplona"}}]}},"post_mailing_queue_ids":[],"_links":{"self":[{"href":"https:\/\/www.laguiadepamplona.com\/actualidad\/wp-json\/wp\/v2\/posts\/43451","targetHints":{"allow":["GET"]}}],"collection":[{"href":"https:\/\/www.laguiadepamplona.com\/actualidad\/wp-json\/wp\/v2\/posts"}],"about":[{"href":"https:\/\/www.laguiadepamplona.com\/actualidad\/wp-json\/wp\/v2\/types\/post"}],"author":[{"embeddable":true,"href":"https:\/\/www.laguiadepamplona.com\/actualidad\/wp-json\/wp\/v2\/users\/1"}],"replies":[{"embeddable":true,"href":"https:\/\/www.laguiadepamplona.com\/actualidad\/wp-json\/wp\/v2\/comments?post=43451"}],"version-history":[{"count":0,"href":"https:\/\/www.laguiadepamplona.com\/actualidad\/wp-json\/wp\/v2\/posts\/43451\/revisions"}],"wp:featuredmedia":[{"embeddable":true,"href":"https:\/\/www.laguiadepamplona.com\/actualidad\/wp-json\/wp\/v2\/media\/46232"}],"wp:attachment":[{"href":"https:\/\/www.laguiadepamplona.com\/actualidad\/wp-json\/wp\/v2\/media?parent=43451"}],"wp:term":[{"taxonomy":"category","embeddable":true,"href":"https:\/\/www.laguiadepamplona.com\/actualidad\/wp-json\/wp\/v2\/categories?post=43451"},{"taxonomy":"post_tag","embeddable":true,"href":"https:\/\/www.laguiadepamplona.com\/actualidad\/wp-json\/wp\/v2\/tags?post=43451"}],"curies":[{"name":"wp","href":"https:\/\/api.w.org\/{rel}","templated":true}]}}