{"id":43443,"date":"2023-04-04T17:52:22","date_gmt":"2023-04-04T15:52:22","guid":{"rendered":"https:\/\/www.laguiadepamplona.com\/actualidad\/?p=43443"},"modified":"2023-04-11T11:46:52","modified_gmt":"2023-04-11T09:46:52","slug":"el-ayuntamiento-ha-facilitado-13-398-pernoctas-durante-la-ola-de-frio-entre-el-17-de-noviembre-y-el-31-de-marzo","status":"publish","type":"post","link":"https:\/\/www.laguiadepamplona.com\/actualidad\/el-ayuntamiento-ha-facilitado-13-398-pernoctas-durante-la-ola-de-frio-entre-el-17-de-noviembre-y-el-31-de-marzo\/","title":{"rendered":"El Ayuntamiento ha facilitado 13.398 pernoctas durante la ola de fr\u00edo, entre el 17 de noviembre y el 31 de marzo"},"content":{"rendered":"<h5>Las m\u00e1s de cien plazas del albergue de Trinitarios, el de Jes\u00fas y Mar\u00eda y otros recursos han supuesto un gasto de 658.200 euros<\/h5>\n<p><!--more--><\/p>\n<p>El Ayuntamiento de Pamplona ha facilitado 13.398 pernoctas durante la ola de fr\u00edo iniciada el pasado 17 de noviembre y finalizada el 31 de marzo. Con la ola de fr\u00edo, al Albergue ordinario de alta exclusi\u00f3n de Trinitarios, que oferta hasta 58 plazas con climatolog\u00eda adversa, se uni\u00f3 el albergue de Jes\u00fas y Mar\u00eda, con 50 plazas m\u00e1s. Los dos albergues han estado funcionando al completo e incluso se ha derivado a personas a otros recursos, como hoteles y pensiones.<br \/>\n<script async src=\"\/\/pagead2.googlesyndication.com\/pagead\/js\/adsbygoogle.js\"><\/script><br \/>\n<!-- Noticias La Guia de Pamplona --><br \/>\n<ins class=\"adsbygoogle\"\nstyle=\"display:block\"\ndata-ad-client=\"ca-pub-6943679897239327\"\ndata-ad-slot=\"7048180777\"\ndata-ad-format=\"auto\"><\/ins><br \/>\n<script>\n(adsbygoogle = window.adsbygoogle || []).push({});\n<\/script><\/p>\n<p>Estos recursos han atendido a 2.632 personas adultas solas y 72 unidades familiares, con un coste total de 658.200 euros. La concejala de Asuntos Sociales, Acci\u00f3n Comunitaria y Deporte, Mar\u00eda Caballero, ha informado hoy en Comisi\u00f3n de Asuntos Ciudadanos del coste que ha supuesto este servicio para el Ayuntamiento de Pamplona. Tal y como ha indicado, el Gobierno de Navarra ha aportado 100.000 euros para los recursos extraordinarios y una financiaci\u00f3n estimada de 42.144 euros, bas\u00e1ndonos en porcentajes de 2022, a trav\u00e9s de una colaboraci\u00f3n interadministrativa para el albergue de Trinitarios, en lo que corresponde a los meses de ola de fr\u00edo de noviembre a marzo. El coste de la ola de fr\u00edo en Trinitarios ha sido de 421.448,04 euros y el de los recursos extraordinarios, 236.752,14 euros, por lo tanto, el Ayuntamiento pr\u00e1cticamente ha costeado el 80% del gasto. El coste anual del servicio prestado en el albergue de alta exclusi\u00f3n es de 1.098.379,68 euros. De este total, el Gobierno asume una noche al a\u00f1o por persona diferente, con un m\u00e1ximo de 1.339 personas financiadas cada a\u00f1o, con lo que no se llega a cubrir ni un 10% del coste ejecutado.<\/p>\n<p>El albergue de Jes\u00fas y Mar\u00eda, situado en la calle Compa\u00f1\u00eda, abri\u00f3 sus puertas el 5 de enero para acoger a personas en situaci\u00f3n de calle. En los casi tres meses que ha permanecido abierto por bajas temperaturas, 50 personas han pernoctado con opci\u00f3n a cena, desayuno y acceso a aseos y duchas. Con el cierre el 31 de marzo de este recurso provisional, el albergue vuelve a su uso habitual como albergue tur\u00edstico o de peregrinos que realizan el Camino de Santiago.<br \/>\n<script async src=\"\/\/pagead2.googlesyndication.com\/pagead\/js\/adsbygoogle.js\"><\/script><br \/>\n<!-- Noticias La Guia de Pamplona --><br \/>\n<ins class=\"adsbygoogle\"\nstyle=\"display:block\"\ndata-ad-client=\"ca-pub-6943679897239327\"\ndata-ad-slot=\"7048180777\"\ndata-ad-format=\"auto\"><\/ins><br \/>\n<script>\n(adsbygoogle = window.adsbygoogle || []).push({});\n<\/script><\/p>\n<p>El protocolo de ola de fr\u00edo del Centro de Personas sin Hogar del Ayuntamiento de Pamplona se pone en marcha cuando las previsiones meteorol\u00f3gicas anuncian temperaturas inferiores a los tres grados cent\u00edgrados. Mientras el protocolo est\u00e1 activo, si quedan plazas libres en el centro, no se le niega la acogida a ning\u00fan solicitante. Una vez cubiertas todas las plazas, el servicio deriva en la medida de lo posible a otros recursos.<\/p>\n","protected":false},"excerpt":{"rendered":"<p>Las m\u00e1s de cien plazas del albergue de Trinitarios, el de Jes\u00fas y Mar\u00eda y otros recursos han supuesto un gasto de 658.200 euros<\/p>\n","protected":false},"author":1,"featured_media":43444,"comment_status":"open","ping_status":"closed","sticky":false,"template":"","format":"standard","meta":{"footnotes":""},"categories":[2],"tags":[],"class_list":["post-43443","post","type-post","status-publish","format-standard","has-post-thumbnail","hentry","category-ayuntamiento-pamplona"],"yoast_head":"<!-- This site is optimized with the Yoast SEO plugin v27.3 - https:\/\/yoast.com\/product\/yoast-seo-wordpress\/ -->\n<title>El Ayuntamiento ha facilitado 13.398 pernoctas durante la ola de fr\u00edo, entre el 17 de noviembre y el 31 de marzo<\/title>\n<meta name=\"description\" content=\"Las m\u00e1s de cien plazas del albergue de Trinitarios, el de Jes\u00fas y Mar\u00eda y otros recursos han supuesto un gasto de 658.200 euros\" \/>\n<meta name=\"robots\" content=\"index, follow, max-snippet:-1, max-image-preview:large, max-video-preview:-1\" \/>\n<link rel=\"canonical\" href=\"https:\/\/www.laguiadepamplona.com\/actualidad\/el-ayuntamiento-ha-facilitado-13-398-pernoctas-durante-la-ola-de-frio-entre-el-17-de-noviembre-y-el-31-de-marzo\/\" \/>\n<meta property=\"og:locale\" content=\"es_ES\" \/>\n<meta property=\"og:type\" content=\"article\" \/>\n<meta property=\"og:title\" content=\"El Ayuntamiento ha facilitado 13.398 pernoctas durante la ola de fr\u00edo, entre el 17 de noviembre y el 31 de marzo\" \/>\n<meta property=\"og:description\" content=\"Las m\u00e1s de cien plazas del albergue de Trinitarios, el de Jes\u00fas y Mar\u00eda y otros recursos han supuesto un gasto de 658.200 euros\" \/>\n<meta property=\"og:url\" content=\"https:\/\/www.laguiadepamplona.com\/actualidad\/el-ayuntamiento-ha-facilitado-13-398-pernoctas-durante-la-ola-de-frio-entre-el-17-de-noviembre-y-el-31-de-marzo\/\" \/>\n<meta property=\"og:site_name\" content=\"La Gu\u00eda de Pamplona\" \/>\n<meta property=\"article:publisher\" content=\"https:\/\/www.facebook.com\/laguiadepamplonacom-133175176762273\/?ref=hl\" \/>\n<meta property=\"article:published_time\" content=\"2023-04-04T15:52:22+00:00\" \/>\n<meta property=\"article:modified_time\" content=\"2023-04-11T09:46:52+00:00\" \/>\n<meta property=\"og:image\" content=\"https:\/\/www.laguiadepamplona.com\/actualidad\/wp-content\/uploads\/2023\/04\/albergue-jesus-maria.webp\" \/>\n\t<meta property=\"og:image:width\" content=\"1920\" \/>\n\t<meta property=\"og:image:height\" content=\"1281\" \/>\n\t<meta property=\"og:image:type\" content=\"image\/webp\" \/>\n<meta name=\"author\" content=\"La Gu\u00eda de Pamplona\" \/>\n<meta name=\"twitter:card\" content=\"summary_large_image\" \/>\n<meta name=\"twitter:creator\" content=\"@LaGuiadPamplona\" \/>\n<meta name=\"twitter:site\" content=\"@LaGuiadPamplona\" \/>\n<meta name=\"twitter:label1\" content=\"Escrito por\" \/>\n\t<meta name=\"twitter:data1\" content=\"La Gu\u00eda de Pamplona\" \/>\n\t<meta name=\"twitter:label2\" content=\"Tiempo de lectura\" \/>\n\t<meta name=\"twitter:data2\" content=\"3 minutos\" \/>\n<script type=\"application\/ld+json\" class=\"yoast-schema-graph\">{\"@context\":\"https:\\\/\\\/schema.org\",\"@graph\":[{\"@type\":\"Article\",\"@id\":\"https:\\\/\\\/www.laguiadepamplona.com\\\/actualidad\\\/el-ayuntamiento-ha-facilitado-13-398-pernoctas-durante-la-ola-de-frio-entre-el-17-de-noviembre-y-el-31-de-marzo\\\/#article\",\"isPartOf\":{\"@id\":\"https:\\\/\\\/www.laguiadepamplona.com\\\/actualidad\\\/el-ayuntamiento-ha-facilitado-13-398-pernoctas-durante-la-ola-de-frio-entre-el-17-de-noviembre-y-el-31-de-marzo\\\/\"},\"author\":{\"name\":\"La Gu\u00eda de Pamplona\",\"@id\":\"https:\\\/\\\/www.laguiadepamplona.com\\\/actualidad\\\/#\\\/schema\\\/person\\\/efe887376f0213d4657c93adc50b1fdb\"},\"headline\":\"El Ayuntamiento ha facilitado 13.398 pernoctas durante la ola de fr\u00edo, entre el 17 de noviembre y el 31 de marzo\",\"datePublished\":\"2023-04-04T15:52:22+00:00\",\"dateModified\":\"2023-04-11T09:46:52+00:00\",\"mainEntityOfPage\":{\"@id\":\"https:\\\/\\\/www.laguiadepamplona.com\\\/actualidad\\\/el-ayuntamiento-ha-facilitado-13-398-pernoctas-durante-la-ola-de-frio-entre-el-17-de-noviembre-y-el-31-de-marzo\\\/\"},\"wordCount\":482,\"commentCount\":0,\"publisher\":{\"@id\":\"https:\\\/\\\/www.laguiadepamplona.com\\\/actualidad\\\/#organization\"},\"image\":{\"@id\":\"https:\\\/\\\/www.laguiadepamplona.com\\\/actualidad\\\/el-ayuntamiento-ha-facilitado-13-398-pernoctas-durante-la-ola-de-frio-entre-el-17-de-noviembre-y-el-31-de-marzo\\\/#primaryimage\"},\"thumbnailUrl\":\"https:\\\/\\\/www.laguiadepamplona.com\\\/actualidad\\\/wp-content\\\/uploads\\\/2023\\\/04\\\/albergue-jesus-maria.webp\",\"articleSection\":[\"Ayto Pamplona\"],\"inLanguage\":\"es\",\"potentialAction\":[{\"@type\":\"CommentAction\",\"name\":\"Comment\",\"target\":[\"https:\\\/\\\/www.laguiadepamplona.com\\\/actualidad\\\/el-ayuntamiento-ha-facilitado-13-398-pernoctas-durante-la-ola-de-frio-entre-el-17-de-noviembre-y-el-31-de-marzo\\\/#respond\"]}]},{\"@type\":\"WebPage\",\"@id\":\"https:\\\/\\\/www.laguiadepamplona.com\\\/actualidad\\\/el-ayuntamiento-ha-facilitado-13-398-pernoctas-durante-la-ola-de-frio-entre-el-17-de-noviembre-y-el-31-de-marzo\\\/\",\"url\":\"https:\\\/\\\/www.laguiadepamplona.com\\\/actualidad\\\/el-ayuntamiento-ha-facilitado-13-398-pernoctas-durante-la-ola-de-frio-entre-el-17-de-noviembre-y-el-31-de-marzo\\\/\",\"name\":\"El Ayuntamiento ha facilitado 13.398 pernoctas durante la ola de fr\u00edo, entre el 17 de noviembre y el 31 de marzo\",\"isPartOf\":{\"@id\":\"https:\\\/\\\/www.laguiadepamplona.com\\\/actualidad\\\/#website\"},\"primaryImageOfPage\":{\"@id\":\"https:\\\/\\\/www.laguiadepamplona.com\\\/actualidad\\\/el-ayuntamiento-ha-facilitado-13-398-pernoctas-durante-la-ola-de-frio-entre-el-17-de-noviembre-y-el-31-de-marzo\\\/#primaryimage\"},\"image\":{\"@id\":\"https:\\\/\\\/www.laguiadepamplona.com\\\/actualidad\\\/el-ayuntamiento-ha-facilitado-13-398-pernoctas-durante-la-ola-de-frio-entre-el-17-de-noviembre-y-el-31-de-marzo\\\/#primaryimage\"},\"thumbnailUrl\":\"https:\\\/\\\/www.laguiadepamplona.com\\\/actualidad\\\/wp-content\\\/uploads\\\/2023\\\/04\\\/albergue-jesus-maria.webp\",\"datePublished\":\"2023-04-04T15:52:22+00:00\",\"dateModified\":\"2023-04-11T09:46:52+00:00\",\"description\":\"Las m\u00e1s de cien plazas del albergue de Trinitarios, el de Jes\u00fas y Mar\u00eda y otros recursos han supuesto un gasto de 658.200 euros\",\"breadcrumb\":{\"@id\":\"https:\\\/\\\/www.laguiadepamplona.com\\\/actualidad\\\/el-ayuntamiento-ha-facilitado-13-398-pernoctas-durante-la-ola-de-frio-entre-el-17-de-noviembre-y-el-31-de-marzo\\\/#breadcrumb\"},\"inLanguage\":\"es\",\"potentialAction\":[{\"@type\":\"ReadAction\",\"target\":[\"https:\\\/\\\/www.laguiadepamplona.com\\\/actualidad\\\/el-ayuntamiento-ha-facilitado-13-398-pernoctas-durante-la-ola-de-frio-entre-el-17-de-noviembre-y-el-31-de-marzo\\\/\"]}]},{\"@type\":\"ImageObject\",\"inLanguage\":\"es\",\"@id\":\"https:\\\/\\\/www.laguiadepamplona.com\\\/actualidad\\\/el-ayuntamiento-ha-facilitado-13-398-pernoctas-durante-la-ola-de-frio-entre-el-17-de-noviembre-y-el-31-de-marzo\\\/#primaryimage\",\"url\":\"https:\\\/\\\/www.laguiadepamplona.com\\\/actualidad\\\/wp-content\\\/uploads\\\/2023\\\/04\\\/albergue-jesus-maria.webp\",\"contentUrl\":\"https:\\\/\\\/www.laguiadepamplona.com\\\/actualidad\\\/wp-content\\\/uploads\\\/2023\\\/04\\\/albergue-jesus-maria.webp\",\"width\":1920,\"height\":1281},{\"@type\":\"BreadcrumbList\",\"@id\":\"https:\\\/\\\/www.laguiadepamplona.com\\\/actualidad\\\/el-ayuntamiento-ha-facilitado-13-398-pernoctas-durante-la-ola-de-frio-entre-el-17-de-noviembre-y-el-31-de-marzo\\\/#breadcrumb\",\"itemListElement\":[{\"@type\":\"ListItem\",\"position\":1,\"name\":\"Portada\",\"item\":\"https:\\\/\\\/www.laguiadepamplona.com\\\/actualidad\\\/\"},{\"@type\":\"ListItem\",\"position\":2,\"name\":\"El Ayuntamiento ha facilitado 13.398 pernoctas durante la ola de fr\u00edo, entre el 17 de noviembre y el 31 de marzo\"}]},{\"@type\":\"WebSite\",\"@id\":\"https:\\\/\\\/www.laguiadepamplona.com\\\/actualidad\\\/#website\",\"url\":\"https:\\\/\\\/www.laguiadepamplona.com\\\/actualidad\\\/\",\"name\":\"La gu\u00eda de Pamplona\",\"description\":\"Noticias de Pamplona\",\"publisher\":{\"@id\":\"https:\\\/\\\/www.laguiadepamplona.com\\\/actualidad\\\/#organization\"},\"potentialAction\":[{\"@type\":\"SearchAction\",\"target\":{\"@type\":\"EntryPoint\",\"urlTemplate\":\"https:\\\/\\\/www.laguiadepamplona.com\\\/actualidad\\\/?s={search_term_string}\"},\"query-input\":{\"@type\":\"PropertyValueSpecification\",\"valueRequired\":true,\"valueName\":\"search_term_string\"}}],\"inLanguage\":\"es\"},{\"@type\":\"Organization\",\"@id\":\"https:\\\/\\\/www.laguiadepamplona.com\\\/actualidad\\\/#organization\",\"name\":\"La Gu\u00eda de Pamplona \\\/ Noticias\",\"url\":\"https:\\\/\\\/www.laguiadepamplona.com\\\/actualidad\\\/\",\"logo\":{\"@type\":\"ImageObject\",\"inLanguage\":\"es\",\"@id\":\"https:\\\/\\\/www.laguiadepamplona.com\\\/actualidad\\\/#\\\/schema\\\/logo\\\/image\\\/\",\"url\":\"https:\\\/\\\/www.laguiadepamplona.com\\\/actualidad\\\/wp-content\\\/uploads\\\/2018\\\/11\\\/logo-laguiadepamplona18-web1.png\",\"contentUrl\":\"https:\\\/\\\/www.laguiadepamplona.com\\\/actualidad\\\/wp-content\\\/uploads\\\/2018\\\/11\\\/logo-laguiadepamplona18-web1.png\",\"width\":600,\"height\":196,\"caption\":\"La Gu\u00eda de Pamplona \\\/ Noticias\"},\"image\":{\"@id\":\"https:\\\/\\\/www.laguiadepamplona.com\\\/actualidad\\\/#\\\/schema\\\/logo\\\/image\\\/\"},\"sameAs\":[\"https:\\\/\\\/www.facebook.com\\\/laguiadepamplonacom-133175176762273\\\/?ref=hl\",\"https:\\\/\\\/x.com\\\/LaGuiadPamplona\",\"https:\\\/\\\/www.instagram.com\\\/la_guia_de_pamplona\\\/\",\"https:\\\/\\\/www.youtube.com\\\/user\\\/laguiadepamplona\"]},{\"@type\":\"Person\",\"@id\":\"https:\\\/\\\/www.laguiadepamplona.com\\\/actualidad\\\/#\\\/schema\\\/person\\\/efe887376f0213d4657c93adc50b1fdb\",\"name\":\"La Gu\u00eda de Pamplona\",\"image\":{\"@type\":\"ImageObject\",\"inLanguage\":\"es\",\"@id\":\"https:\\\/\\\/secure.gravatar.com\\\/avatar\\\/b6992f131dc8d30ab0dff15446e9d346d9dbd95992de0fef795073f5ea83a81c?s=96&d=mm&r=g\",\"url\":\"https:\\\/\\\/secure.gravatar.com\\\/avatar\\\/b6992f131dc8d30ab0dff15446e9d346d9dbd95992de0fef795073f5ea83a81c?s=96&d=mm&r=g\",\"contentUrl\":\"https:\\\/\\\/secure.gravatar.com\\\/avatar\\\/b6992f131dc8d30ab0dff15446e9d346d9dbd95992de0fef795073f5ea83a81c?s=96&d=mm&r=g\",\"caption\":\"La Gu\u00eda de Pamplona\"}}]}<\/script>\n<!-- \/ Yoast SEO plugin. -->","yoast_head_json":{"title":"El Ayuntamiento ha facilitado 13.398 pernoctas durante la ola de fr\u00edo, entre el 17 de noviembre y el 31 de marzo","description":"Las m\u00e1s de cien plazas del albergue de Trinitarios, el de Jes\u00fas y Mar\u00eda y otros recursos han supuesto un gasto de 658.200 euros","robots":{"index":"index","follow":"follow","max-snippet":"max-snippet:-1","max-image-preview":"max-image-preview:large","max-video-preview":"max-video-preview:-1"},"canonical":"https:\/\/www.laguiadepamplona.com\/actualidad\/el-ayuntamiento-ha-facilitado-13-398-pernoctas-durante-la-ola-de-frio-entre-el-17-de-noviembre-y-el-31-de-marzo\/","og_locale":"es_ES","og_type":"article","og_title":"El Ayuntamiento ha facilitado 13.398 pernoctas durante la ola de fr\u00edo, entre el 17 de noviembre y el 31 de marzo","og_description":"Las m\u00e1s de cien plazas del albergue de Trinitarios, el de Jes\u00fas y Mar\u00eda y otros recursos han supuesto un gasto de 658.200 euros","og_url":"https:\/\/www.laguiadepamplona.com\/actualidad\/el-ayuntamiento-ha-facilitado-13-398-pernoctas-durante-la-ola-de-frio-entre-el-17-de-noviembre-y-el-31-de-marzo\/","og_site_name":"La Gu\u00eda de Pamplona","article_publisher":"https:\/\/www.facebook.com\/laguiadepamplonacom-133175176762273\/?ref=hl","article_published_time":"2023-04-04T15:52:22+00:00","article_modified_time":"2023-04-11T09:46:52+00:00","og_image":[{"width":1920,"height":1281,"url":"https:\/\/www.laguiadepamplona.com\/actualidad\/wp-content\/uploads\/2023\/04\/albergue-jesus-maria.webp","type":"image\/webp"}],"author":"La Gu\u00eda de Pamplona","twitter_card":"summary_large_image","twitter_creator":"@LaGuiadPamplona","twitter_site":"@LaGuiadPamplona","twitter_misc":{"Escrito por":"La Gu\u00eda de Pamplona","Tiempo de lectura":"3 minutos"},"schema":{"@context":"https:\/\/schema.org","@graph":[{"@type":"Article","@id":"https:\/\/www.laguiadepamplona.com\/actualidad\/el-ayuntamiento-ha-facilitado-13-398-pernoctas-durante-la-ola-de-frio-entre-el-17-de-noviembre-y-el-31-de-marzo\/#article","isPartOf":{"@id":"https:\/\/www.laguiadepamplona.com\/actualidad\/el-ayuntamiento-ha-facilitado-13-398-pernoctas-durante-la-ola-de-frio-entre-el-17-de-noviembre-y-el-31-de-marzo\/"},"author":{"name":"La Gu\u00eda de Pamplona","@id":"https:\/\/www.laguiadepamplona.com\/actualidad\/#\/schema\/person\/efe887376f0213d4657c93adc50b1fdb"},"headline":"El Ayuntamiento ha facilitado 13.398 pernoctas durante la ola de fr\u00edo, entre el 17 de noviembre y el 31 de marzo","datePublished":"2023-04-04T15:52:22+00:00","dateModified":"2023-04-11T09:46:52+00:00","mainEntityOfPage":{"@id":"https:\/\/www.laguiadepamplona.com\/actualidad\/el-ayuntamiento-ha-facilitado-13-398-pernoctas-durante-la-ola-de-frio-entre-el-17-de-noviembre-y-el-31-de-marzo\/"},"wordCount":482,"commentCount":0,"publisher":{"@id":"https:\/\/www.laguiadepamplona.com\/actualidad\/#organization"},"image":{"@id":"https:\/\/www.laguiadepamplona.com\/actualidad\/el-ayuntamiento-ha-facilitado-13-398-pernoctas-durante-la-ola-de-frio-entre-el-17-de-noviembre-y-el-31-de-marzo\/#primaryimage"},"thumbnailUrl":"https:\/\/www.laguiadepamplona.com\/actualidad\/wp-content\/uploads\/2023\/04\/albergue-jesus-maria.webp","articleSection":["Ayto Pamplona"],"inLanguage":"es","potentialAction":[{"@type":"CommentAction","name":"Comment","target":["https:\/\/www.laguiadepamplona.com\/actualidad\/el-ayuntamiento-ha-facilitado-13-398-pernoctas-durante-la-ola-de-frio-entre-el-17-de-noviembre-y-el-31-de-marzo\/#respond"]}]},{"@type":"WebPage","@id":"https:\/\/www.laguiadepamplona.com\/actualidad\/el-ayuntamiento-ha-facilitado-13-398-pernoctas-durante-la-ola-de-frio-entre-el-17-de-noviembre-y-el-31-de-marzo\/","url":"https:\/\/www.laguiadepamplona.com\/actualidad\/el-ayuntamiento-ha-facilitado-13-398-pernoctas-durante-la-ola-de-frio-entre-el-17-de-noviembre-y-el-31-de-marzo\/","name":"El Ayuntamiento ha facilitado 13.398 pernoctas durante la ola de fr\u00edo, entre el 17 de noviembre y el 31 de marzo","isPartOf":{"@id":"https:\/\/www.laguiadepamplona.com\/actualidad\/#website"},"primaryImageOfPage":{"@id":"https:\/\/www.laguiadepamplona.com\/actualidad\/el-ayuntamiento-ha-facilitado-13-398-pernoctas-durante-la-ola-de-frio-entre-el-17-de-noviembre-y-el-31-de-marzo\/#primaryimage"},"image":{"@id":"https:\/\/www.laguiadepamplona.com\/actualidad\/el-ayuntamiento-ha-facilitado-13-398-pernoctas-durante-la-ola-de-frio-entre-el-17-de-noviembre-y-el-31-de-marzo\/#primaryimage"},"thumbnailUrl":"https:\/\/www.laguiadepamplona.com\/actualidad\/wp-content\/uploads\/2023\/04\/albergue-jesus-maria.webp","datePublished":"2023-04-04T15:52:22+00:00","dateModified":"2023-04-11T09:46:52+00:00","description":"Las m\u00e1s de cien plazas del albergue de Trinitarios, el de Jes\u00fas y Mar\u00eda y otros recursos han supuesto un gasto de 658.200 euros","breadcrumb":{"@id":"https:\/\/www.laguiadepamplona.com\/actualidad\/el-ayuntamiento-ha-facilitado-13-398-pernoctas-durante-la-ola-de-frio-entre-el-17-de-noviembre-y-el-31-de-marzo\/#breadcrumb"},"inLanguage":"es","potentialAction":[{"@type":"ReadAction","target":["https:\/\/www.laguiadepamplona.com\/actualidad\/el-ayuntamiento-ha-facilitado-13-398-pernoctas-durante-la-ola-de-frio-entre-el-17-de-noviembre-y-el-31-de-marzo\/"]}]},{"@type":"ImageObject","inLanguage":"es","@id":"https:\/\/www.laguiadepamplona.com\/actualidad\/el-ayuntamiento-ha-facilitado-13-398-pernoctas-durante-la-ola-de-frio-entre-el-17-de-noviembre-y-el-31-de-marzo\/#primaryimage","url":"https:\/\/www.laguiadepamplona.com\/actualidad\/wp-content\/uploads\/2023\/04\/albergue-jesus-maria.webp","contentUrl":"https:\/\/www.laguiadepamplona.com\/actualidad\/wp-content\/uploads\/2023\/04\/albergue-jesus-maria.webp","width":1920,"height":1281},{"@type":"BreadcrumbList","@id":"https:\/\/www.laguiadepamplona.com\/actualidad\/el-ayuntamiento-ha-facilitado-13-398-pernoctas-durante-la-ola-de-frio-entre-el-17-de-noviembre-y-el-31-de-marzo\/#breadcrumb","itemListElement":[{"@type":"ListItem","position":1,"name":"Portada","item":"https:\/\/www.laguiadepamplona.com\/actualidad\/"},{"@type":"ListItem","position":2,"name":"El Ayuntamiento ha facilitado 13.398 pernoctas durante la ola de fr\u00edo, entre el 17 de noviembre y el 31 de marzo"}]},{"@type":"WebSite","@id":"https:\/\/www.laguiadepamplona.com\/actualidad\/#website","url":"https:\/\/www.laguiadepamplona.com\/actualidad\/","name":"La gu\u00eda de Pamplona","description":"Noticias de Pamplona","publisher":{"@id":"https:\/\/www.laguiadepamplona.com\/actualidad\/#organization"},"potentialAction":[{"@type":"SearchAction","target":{"@type":"EntryPoint","urlTemplate":"https:\/\/www.laguiadepamplona.com\/actualidad\/?s={search_term_string}"},"query-input":{"@type":"PropertyValueSpecification","valueRequired":true,"valueName":"search_term_string"}}],"inLanguage":"es"},{"@type":"Organization","@id":"https:\/\/www.laguiadepamplona.com\/actualidad\/#organization","name":"La Gu\u00eda de Pamplona \/ Noticias","url":"https:\/\/www.laguiadepamplona.com\/actualidad\/","logo":{"@type":"ImageObject","inLanguage":"es","@id":"https:\/\/www.laguiadepamplona.com\/actualidad\/#\/schema\/logo\/image\/","url":"https:\/\/www.laguiadepamplona.com\/actualidad\/wp-content\/uploads\/2018\/11\/logo-laguiadepamplona18-web1.png","contentUrl":"https:\/\/www.laguiadepamplona.com\/actualidad\/wp-content\/uploads\/2018\/11\/logo-laguiadepamplona18-web1.png","width":600,"height":196,"caption":"La Gu\u00eda de Pamplona \/ Noticias"},"image":{"@id":"https:\/\/www.laguiadepamplona.com\/actualidad\/#\/schema\/logo\/image\/"},"sameAs":["https:\/\/www.facebook.com\/laguiadepamplonacom-133175176762273\/?ref=hl","https:\/\/x.com\/LaGuiadPamplona","https:\/\/www.instagram.com\/la_guia_de_pamplona\/","https:\/\/www.youtube.com\/user\/laguiadepamplona"]},{"@type":"Person","@id":"https:\/\/www.laguiadepamplona.com\/actualidad\/#\/schema\/person\/efe887376f0213d4657c93adc50b1fdb","name":"La Gu\u00eda de Pamplona","image":{"@type":"ImageObject","inLanguage":"es","@id":"https:\/\/secure.gravatar.com\/avatar\/b6992f131dc8d30ab0dff15446e9d346d9dbd95992de0fef795073f5ea83a81c?s=96&d=mm&r=g","url":"https:\/\/secure.gravatar.com\/avatar\/b6992f131dc8d30ab0dff15446e9d346d9dbd95992de0fef795073f5ea83a81c?s=96&d=mm&r=g","contentUrl":"https:\/\/secure.gravatar.com\/avatar\/b6992f131dc8d30ab0dff15446e9d346d9dbd95992de0fef795073f5ea83a81c?s=96&d=mm&r=g","caption":"La Gu\u00eda de Pamplona"}}]}},"post_mailing_queue_ids":[],"_links":{"self":[{"href":"https:\/\/www.laguiadepamplona.com\/actualidad\/wp-json\/wp\/v2\/posts\/43443","targetHints":{"allow":["GET"]}}],"collection":[{"href":"https:\/\/www.laguiadepamplona.com\/actualidad\/wp-json\/wp\/v2\/posts"}],"about":[{"href":"https:\/\/www.laguiadepamplona.com\/actualidad\/wp-json\/wp\/v2\/types\/post"}],"author":[{"embeddable":true,"href":"https:\/\/www.laguiadepamplona.com\/actualidad\/wp-json\/wp\/v2\/users\/1"}],"replies":[{"embeddable":true,"href":"https:\/\/www.laguiadepamplona.com\/actualidad\/wp-json\/wp\/v2\/comments?post=43443"}],"version-history":[{"count":0,"href":"https:\/\/www.laguiadepamplona.com\/actualidad\/wp-json\/wp\/v2\/posts\/43443\/revisions"}],"wp:featuredmedia":[{"embeddable":true,"href":"https:\/\/www.laguiadepamplona.com\/actualidad\/wp-json\/wp\/v2\/media\/43444"}],"wp:attachment":[{"href":"https:\/\/www.laguiadepamplona.com\/actualidad\/wp-json\/wp\/v2\/media?parent=43443"}],"wp:term":[{"taxonomy":"category","embeddable":true,"href":"https:\/\/www.laguiadepamplona.com\/actualidad\/wp-json\/wp\/v2\/categories?post=43443"},{"taxonomy":"post_tag","embeddable":true,"href":"https:\/\/www.laguiadepamplona.com\/actualidad\/wp-json\/wp\/v2\/tags?post=43443"}],"curies":[{"name":"wp","href":"https:\/\/api.w.org\/{rel}","templated":true}]}}