{"id":43440,"date":"2023-04-04T17:49:16","date_gmt":"2023-04-04T15:49:16","guid":{"rendered":"https:\/\/www.laguiadepamplona.com\/actualidad\/?p=43440"},"modified":"2023-04-11T11:46:53","modified_gmt":"2023-04-11T09:46:53","slug":"la-policia-municipal-de-pamplona-cuenta-con-diez-nuevos-subinspectores-que-han-tomado-posesion-de-su-cargo-esta-manana-en-condestable","status":"publish","type":"post","link":"https:\/\/www.laguiadepamplona.com\/actualidad\/la-policia-municipal-de-pamplona-cuenta-con-diez-nuevos-subinspectores-que-han-tomado-posesion-de-su-cargo-esta-manana-en-condestable\/","title":{"rendered":"La Polic\u00eda Municipal de Pamplona cuenta con diez nuevos subinspectores que han tomado posesi\u00f3n de su cargo esta ma\u00f1ana en Condestable"},"content":{"rendered":"<h5>Se trata de nueve hombres y una mujer, a los que se les ha entregado la placa, el gal\u00f3n y la resoluci\u00f3n con su nombramiento<\/h5>\n<p><!--more--><\/p>\n<p>El alcalde de Pamplona, Enrique Maya, ha presidido esta ma\u00f1ana el acto de toma de posesi\u00f3n de diez nuevos subinspectores de la Polic\u00eda Municipal. Nueve hombres y una mujer, que han superado el concurso oposici\u00f3n para acceder al puesto y a los que se les ha hecho entrega de la placa, el gal\u00f3n y la resoluci\u00f3n con su nombramiento.<br \/>\n<script async src=\"\/\/pagead2.googlesyndication.com\/pagead\/js\/adsbygoogle.js\"><\/script><br \/>\n<!-- Noticias La Guia de Pamplona --><br \/>\n<ins class=\"adsbygoogle\"\nstyle=\"display:block\"\ndata-ad-client=\"ca-pub-6943679897239327\"\ndata-ad-slot=\"7048180777\"\ndata-ad-format=\"auto\"><\/ins><br \/>\n<script>\n(adsbygoogle = window.adsbygoogle || []).push({});\n<\/script><\/p>\n<p>La mesa presidencial ha estado compartida por el alcalde, el concejal delegado de Seguridad Ciudadana, Javier Labairu, el director del \u00e1rea Patxi Fern\u00e1ndez y el jefe de la Polic\u00eda Municipal de Pamplona, Javier Goya. Han asistido tambi\u00e9n miembros de la Corporaci\u00f3n municipal, as\u00ed como familiares de los agentes que tomaban posesi\u00f3n. El alcalde ha destacado la importancia de la figura de subinspector, pues \u201ccon responsables de hacer cumplir las directrices desde su grupo (\u2026), se encargan de velar por la disciplina interna (\u2026) y con los encargados de mantener la cohesi\u00f3n y el buen ambiente en su unidad\u201d.<\/p>\n<p>Los nuevos subinspectores son V\u00edctor Ochoa L\u00f3pez, Margarita Guembe Ter\u00e9s, Jos\u00e9 Manuel Romero S\u00e1nchez, I\u00f1aki Carranza En\u00e9riz, Jos\u00e9 Mar\u00eda Barrios Rebollo, Antonio Jos\u00e9 S\u00e1nchez L\u00f3pez, Andr\u00e9s Mart\u00ednez Galarreta, Jos\u00e9 Viruel Zozaya, Antonio Rodriguez Murugarren y Jes\u00fas Mina Turrillas. Para acceder al nuevo puesto, los subinspectores han debido pasar un concurso oposici\u00f3n de cuatro fases, con concurso de m\u00e9ritos, prueba de conocimientos te\u00f3rico \u2013 pr\u00e1cticos, pruebas psicot\u00e9cnicas y un curso de capacitaci\u00f3n impartido por la Escuela de Seguridad y Emergencias de Navarra (ESEN). Estar\u00e1n destinados a las \u00e1reas de Tr\u00e1fico e Instrucci\u00f3n. Estos nombramientos van completando la escala de mandos de la Polic\u00eda Municipal de Pamplona, tras pasar cuatro a\u00f1os desde la \u00faltima oposici\u00f3n de subinspectores.<br \/>\n<script async src=\"\/\/pagead2.googlesyndication.com\/pagead\/js\/adsbygoogle.js\"><\/script><br \/>\n<!-- Noticias La Guia de Pamplona --><br \/>\n<ins class=\"adsbygoogle\"\nstyle=\"display:block\"\ndata-ad-client=\"ca-pub-6943679897239327\"\ndata-ad-slot=\"7048180777\"\ndata-ad-format=\"auto\"><\/ins><br \/>\n<script>\n(adsbygoogle = window.adsbygoogle || []).push({});\n<\/script><\/p>\n<p>El grupo Zura Quartet amenizar\u00e1 el acto con la interpretaci\u00f3n de piezas como el \u2018Himno de Navarra\u2019, \u2018Trumpet tune\u2019 de H. Purcell, \u2018Hornpipe in D\u2019 y \u2018Fuego artificiales La Reujisance\u2019 de Haendel y la \u2018Sinfon\u00eda n\u00ba 1\u2019 de Brahms. La toma de posesi\u00f3n ha concluido con una foto de familia de los nuevos subinspectores, con las autoridades presentes.<\/p>\n","protected":false},"excerpt":{"rendered":"<p>Se trata de nueve hombres y una mujer, a los que se les ha entregado la placa, el gal\u00f3n y la resoluci\u00f3n con su nombramiento<\/p>\n","protected":false},"author":1,"featured_media":43441,"comment_status":"open","ping_status":"closed","sticky":false,"template":"","format":"standard","meta":{"footnotes":""},"categories":[2],"tags":[],"class_list":["post-43440","post","type-post","status-publish","format-standard","has-post-thumbnail","hentry","category-ayuntamiento-pamplona"],"yoast_head":"<!-- This site is optimized with the Yoast SEO plugin v27.3 - https:\/\/yoast.com\/product\/yoast-seo-wordpress\/ -->\n<title>La Polic\u00eda Municipal de Pamplona cuenta con diez nuevos subinspectores que han tomado posesi\u00f3n de su cargo esta ma\u00f1ana en Condestable<\/title>\n<meta name=\"description\" content=\"Se trata de nueve hombres y una mujer, a los que se les ha entregado la placa, el gal\u00f3n y la resoluci\u00f3n con su nombramiento\" \/>\n<meta name=\"robots\" content=\"index, follow, max-snippet:-1, max-image-preview:large, max-video-preview:-1\" \/>\n<link rel=\"canonical\" href=\"https:\/\/www.laguiadepamplona.com\/actualidad\/la-policia-municipal-de-pamplona-cuenta-con-diez-nuevos-subinspectores-que-han-tomado-posesion-de-su-cargo-esta-manana-en-condestable\/\" \/>\n<meta property=\"og:locale\" content=\"es_ES\" \/>\n<meta property=\"og:type\" content=\"article\" \/>\n<meta property=\"og:title\" content=\"La Polic\u00eda Municipal de Pamplona cuenta con diez nuevos subinspectores que han tomado posesi\u00f3n de su cargo esta ma\u00f1ana en Condestable\" \/>\n<meta property=\"og:description\" content=\"Se trata de nueve hombres y una mujer, a los que se les ha entregado la placa, el gal\u00f3n y la resoluci\u00f3n con su nombramiento\" \/>\n<meta property=\"og:url\" content=\"https:\/\/www.laguiadepamplona.com\/actualidad\/la-policia-municipal-de-pamplona-cuenta-con-diez-nuevos-subinspectores-que-han-tomado-posesion-de-su-cargo-esta-manana-en-condestable\/\" \/>\n<meta property=\"og:site_name\" content=\"La Gu\u00eda de Pamplona\" \/>\n<meta property=\"article:publisher\" content=\"https:\/\/www.facebook.com\/laguiadepamplonacom-133175176762273\/?ref=hl\" \/>\n<meta property=\"article:published_time\" content=\"2023-04-04T15:49:16+00:00\" \/>\n<meta property=\"article:modified_time\" content=\"2023-04-11T09:46:53+00:00\" \/>\n<meta property=\"og:image\" content=\"https:\/\/www.laguiadepamplona.com\/actualidad\/wp-content\/uploads\/2023\/04\/toma-posesion-subinspectores-pmunicipal-nb3142.webp\" \/>\n\t<meta property=\"og:image:width\" content=\"1920\" \/>\n\t<meta property=\"og:image:height\" content=\"1280\" \/>\n\t<meta property=\"og:image:type\" content=\"image\/webp\" \/>\n<meta name=\"author\" content=\"La Gu\u00eda de Pamplona\" \/>\n<meta name=\"twitter:card\" content=\"summary_large_image\" \/>\n<meta name=\"twitter:creator\" content=\"@LaGuiadPamplona\" \/>\n<meta name=\"twitter:site\" content=\"@LaGuiadPamplona\" \/>\n<meta name=\"twitter:label1\" content=\"Escrito por\" \/>\n\t<meta name=\"twitter:data1\" content=\"La Gu\u00eda de Pamplona\" \/>\n\t<meta name=\"twitter:label2\" content=\"Tiempo de lectura\" \/>\n\t<meta name=\"twitter:data2\" content=\"2 minutos\" \/>\n<script type=\"application\/ld+json\" class=\"yoast-schema-graph\">{\"@context\":\"https:\\\/\\\/schema.org\",\"@graph\":[{\"@type\":\"Article\",\"@id\":\"https:\\\/\\\/www.laguiadepamplona.com\\\/actualidad\\\/la-policia-municipal-de-pamplona-cuenta-con-diez-nuevos-subinspectores-que-han-tomado-posesion-de-su-cargo-esta-manana-en-condestable\\\/#article\",\"isPartOf\":{\"@id\":\"https:\\\/\\\/www.laguiadepamplona.com\\\/actualidad\\\/la-policia-municipal-de-pamplona-cuenta-con-diez-nuevos-subinspectores-que-han-tomado-posesion-de-su-cargo-esta-manana-en-condestable\\\/\"},\"author\":{\"name\":\"La Gu\u00eda de Pamplona\",\"@id\":\"https:\\\/\\\/www.laguiadepamplona.com\\\/actualidad\\\/#\\\/schema\\\/person\\\/efe887376f0213d4657c93adc50b1fdb\"},\"headline\":\"La Polic\u00eda Municipal de Pamplona cuenta con diez nuevos subinspectores que han tomado posesi\u00f3n de su cargo esta ma\u00f1ana en Condestable\",\"datePublished\":\"2023-04-04T15:49:16+00:00\",\"dateModified\":\"2023-04-11T09:46:53+00:00\",\"mainEntityOfPage\":{\"@id\":\"https:\\\/\\\/www.laguiadepamplona.com\\\/actualidad\\\/la-policia-municipal-de-pamplona-cuenta-con-diez-nuevos-subinspectores-que-han-tomado-posesion-de-su-cargo-esta-manana-en-condestable\\\/\"},\"wordCount\":416,\"commentCount\":0,\"publisher\":{\"@id\":\"https:\\\/\\\/www.laguiadepamplona.com\\\/actualidad\\\/#organization\"},\"image\":{\"@id\":\"https:\\\/\\\/www.laguiadepamplona.com\\\/actualidad\\\/la-policia-municipal-de-pamplona-cuenta-con-diez-nuevos-subinspectores-que-han-tomado-posesion-de-su-cargo-esta-manana-en-condestable\\\/#primaryimage\"},\"thumbnailUrl\":\"https:\\\/\\\/www.laguiadepamplona.com\\\/actualidad\\\/wp-content\\\/uploads\\\/2023\\\/04\\\/toma-posesion-subinspectores-pmunicipal-nb3142.webp\",\"articleSection\":[\"Ayto Pamplona\"],\"inLanguage\":\"es\",\"potentialAction\":[{\"@type\":\"CommentAction\",\"name\":\"Comment\",\"target\":[\"https:\\\/\\\/www.laguiadepamplona.com\\\/actualidad\\\/la-policia-municipal-de-pamplona-cuenta-con-diez-nuevos-subinspectores-que-han-tomado-posesion-de-su-cargo-esta-manana-en-condestable\\\/#respond\"]}]},{\"@type\":\"WebPage\",\"@id\":\"https:\\\/\\\/www.laguiadepamplona.com\\\/actualidad\\\/la-policia-municipal-de-pamplona-cuenta-con-diez-nuevos-subinspectores-que-han-tomado-posesion-de-su-cargo-esta-manana-en-condestable\\\/\",\"url\":\"https:\\\/\\\/www.laguiadepamplona.com\\\/actualidad\\\/la-policia-municipal-de-pamplona-cuenta-con-diez-nuevos-subinspectores-que-han-tomado-posesion-de-su-cargo-esta-manana-en-condestable\\\/\",\"name\":\"La Polic\u00eda Municipal de Pamplona cuenta con diez nuevos subinspectores que han tomado posesi\u00f3n de su cargo esta ma\u00f1ana en Condestable\",\"isPartOf\":{\"@id\":\"https:\\\/\\\/www.laguiadepamplona.com\\\/actualidad\\\/#website\"},\"primaryImageOfPage\":{\"@id\":\"https:\\\/\\\/www.laguiadepamplona.com\\\/actualidad\\\/la-policia-municipal-de-pamplona-cuenta-con-diez-nuevos-subinspectores-que-han-tomado-posesion-de-su-cargo-esta-manana-en-condestable\\\/#primaryimage\"},\"image\":{\"@id\":\"https:\\\/\\\/www.laguiadepamplona.com\\\/actualidad\\\/la-policia-municipal-de-pamplona-cuenta-con-diez-nuevos-subinspectores-que-han-tomado-posesion-de-su-cargo-esta-manana-en-condestable\\\/#primaryimage\"},\"thumbnailUrl\":\"https:\\\/\\\/www.laguiadepamplona.com\\\/actualidad\\\/wp-content\\\/uploads\\\/2023\\\/04\\\/toma-posesion-subinspectores-pmunicipal-nb3142.webp\",\"datePublished\":\"2023-04-04T15:49:16+00:00\",\"dateModified\":\"2023-04-11T09:46:53+00:00\",\"description\":\"Se trata de nueve hombres y una mujer, a los que se les ha entregado la placa, el gal\u00f3n y la resoluci\u00f3n con su nombramiento\",\"breadcrumb\":{\"@id\":\"https:\\\/\\\/www.laguiadepamplona.com\\\/actualidad\\\/la-policia-municipal-de-pamplona-cuenta-con-diez-nuevos-subinspectores-que-han-tomado-posesion-de-su-cargo-esta-manana-en-condestable\\\/#breadcrumb\"},\"inLanguage\":\"es\",\"potentialAction\":[{\"@type\":\"ReadAction\",\"target\":[\"https:\\\/\\\/www.laguiadepamplona.com\\\/actualidad\\\/la-policia-municipal-de-pamplona-cuenta-con-diez-nuevos-subinspectores-que-han-tomado-posesion-de-su-cargo-esta-manana-en-condestable\\\/\"]}]},{\"@type\":\"ImageObject\",\"inLanguage\":\"es\",\"@id\":\"https:\\\/\\\/www.laguiadepamplona.com\\\/actualidad\\\/la-policia-municipal-de-pamplona-cuenta-con-diez-nuevos-subinspectores-que-han-tomado-posesion-de-su-cargo-esta-manana-en-condestable\\\/#primaryimage\",\"url\":\"https:\\\/\\\/www.laguiadepamplona.com\\\/actualidad\\\/wp-content\\\/uploads\\\/2023\\\/04\\\/toma-posesion-subinspectores-pmunicipal-nb3142.webp\",\"contentUrl\":\"https:\\\/\\\/www.laguiadepamplona.com\\\/actualidad\\\/wp-content\\\/uploads\\\/2023\\\/04\\\/toma-posesion-subinspectores-pmunicipal-nb3142.webp\",\"width\":1920,\"height\":1280},{\"@type\":\"BreadcrumbList\",\"@id\":\"https:\\\/\\\/www.laguiadepamplona.com\\\/actualidad\\\/la-policia-municipal-de-pamplona-cuenta-con-diez-nuevos-subinspectores-que-han-tomado-posesion-de-su-cargo-esta-manana-en-condestable\\\/#breadcrumb\",\"itemListElement\":[{\"@type\":\"ListItem\",\"position\":1,\"name\":\"Portada\",\"item\":\"https:\\\/\\\/www.laguiadepamplona.com\\\/actualidad\\\/\"},{\"@type\":\"ListItem\",\"position\":2,\"name\":\"La Polic\u00eda Municipal de Pamplona cuenta con diez nuevos subinspectores que han tomado posesi\u00f3n de su cargo esta ma\u00f1ana en Condestable\"}]},{\"@type\":\"WebSite\",\"@id\":\"https:\\\/\\\/www.laguiadepamplona.com\\\/actualidad\\\/#website\",\"url\":\"https:\\\/\\\/www.laguiadepamplona.com\\\/actualidad\\\/\",\"name\":\"La gu\u00eda de Pamplona\",\"description\":\"Noticias de Pamplona\",\"publisher\":{\"@id\":\"https:\\\/\\\/www.laguiadepamplona.com\\\/actualidad\\\/#organization\"},\"potentialAction\":[{\"@type\":\"SearchAction\",\"target\":{\"@type\":\"EntryPoint\",\"urlTemplate\":\"https:\\\/\\\/www.laguiadepamplona.com\\\/actualidad\\\/?s={search_term_string}\"},\"query-input\":{\"@type\":\"PropertyValueSpecification\",\"valueRequired\":true,\"valueName\":\"search_term_string\"}}],\"inLanguage\":\"es\"},{\"@type\":\"Organization\",\"@id\":\"https:\\\/\\\/www.laguiadepamplona.com\\\/actualidad\\\/#organization\",\"name\":\"La Gu\u00eda de Pamplona \\\/ Noticias\",\"url\":\"https:\\\/\\\/www.laguiadepamplona.com\\\/actualidad\\\/\",\"logo\":{\"@type\":\"ImageObject\",\"inLanguage\":\"es\",\"@id\":\"https:\\\/\\\/www.laguiadepamplona.com\\\/actualidad\\\/#\\\/schema\\\/logo\\\/image\\\/\",\"url\":\"https:\\\/\\\/www.laguiadepamplona.com\\\/actualidad\\\/wp-content\\\/uploads\\\/2018\\\/11\\\/logo-laguiadepamplona18-web1.png\",\"contentUrl\":\"https:\\\/\\\/www.laguiadepamplona.com\\\/actualidad\\\/wp-content\\\/uploads\\\/2018\\\/11\\\/logo-laguiadepamplona18-web1.png\",\"width\":600,\"height\":196,\"caption\":\"La Gu\u00eda de Pamplona \\\/ Noticias\"},\"image\":{\"@id\":\"https:\\\/\\\/www.laguiadepamplona.com\\\/actualidad\\\/#\\\/schema\\\/logo\\\/image\\\/\"},\"sameAs\":[\"https:\\\/\\\/www.facebook.com\\\/laguiadepamplonacom-133175176762273\\\/?ref=hl\",\"https:\\\/\\\/x.com\\\/LaGuiadPamplona\",\"https:\\\/\\\/www.instagram.com\\\/la_guia_de_pamplona\\\/\",\"https:\\\/\\\/www.youtube.com\\\/user\\\/laguiadepamplona\"]},{\"@type\":\"Person\",\"@id\":\"https:\\\/\\\/www.laguiadepamplona.com\\\/actualidad\\\/#\\\/schema\\\/person\\\/efe887376f0213d4657c93adc50b1fdb\",\"name\":\"La Gu\u00eda de Pamplona\",\"image\":{\"@type\":\"ImageObject\",\"inLanguage\":\"es\",\"@id\":\"https:\\\/\\\/secure.gravatar.com\\\/avatar\\\/b6992f131dc8d30ab0dff15446e9d346d9dbd95992de0fef795073f5ea83a81c?s=96&d=mm&r=g\",\"url\":\"https:\\\/\\\/secure.gravatar.com\\\/avatar\\\/b6992f131dc8d30ab0dff15446e9d346d9dbd95992de0fef795073f5ea83a81c?s=96&d=mm&r=g\",\"contentUrl\":\"https:\\\/\\\/secure.gravatar.com\\\/avatar\\\/b6992f131dc8d30ab0dff15446e9d346d9dbd95992de0fef795073f5ea83a81c?s=96&d=mm&r=g\",\"caption\":\"La Gu\u00eda de Pamplona\"}}]}<\/script>\n<!-- \/ Yoast SEO plugin. -->","yoast_head_json":{"title":"La Polic\u00eda Municipal de Pamplona cuenta con diez nuevos subinspectores que han tomado posesi\u00f3n de su cargo esta ma\u00f1ana en Condestable","description":"Se trata de nueve hombres y una mujer, a los que se les ha entregado la placa, el gal\u00f3n y la resoluci\u00f3n con su nombramiento","robots":{"index":"index","follow":"follow","max-snippet":"max-snippet:-1","max-image-preview":"max-image-preview:large","max-video-preview":"max-video-preview:-1"},"canonical":"https:\/\/www.laguiadepamplona.com\/actualidad\/la-policia-municipal-de-pamplona-cuenta-con-diez-nuevos-subinspectores-que-han-tomado-posesion-de-su-cargo-esta-manana-en-condestable\/","og_locale":"es_ES","og_type":"article","og_title":"La Polic\u00eda Municipal de Pamplona cuenta con diez nuevos subinspectores que han tomado posesi\u00f3n de su cargo esta ma\u00f1ana en Condestable","og_description":"Se trata de nueve hombres y una mujer, a los que se les ha entregado la placa, el gal\u00f3n y la resoluci\u00f3n con su nombramiento","og_url":"https:\/\/www.laguiadepamplona.com\/actualidad\/la-policia-municipal-de-pamplona-cuenta-con-diez-nuevos-subinspectores-que-han-tomado-posesion-de-su-cargo-esta-manana-en-condestable\/","og_site_name":"La Gu\u00eda de Pamplona","article_publisher":"https:\/\/www.facebook.com\/laguiadepamplonacom-133175176762273\/?ref=hl","article_published_time":"2023-04-04T15:49:16+00:00","article_modified_time":"2023-04-11T09:46:53+00:00","og_image":[{"width":1920,"height":1280,"url":"https:\/\/www.laguiadepamplona.com\/actualidad\/wp-content\/uploads\/2023\/04\/toma-posesion-subinspectores-pmunicipal-nb3142.webp","type":"image\/webp"}],"author":"La Gu\u00eda de Pamplona","twitter_card":"summary_large_image","twitter_creator":"@LaGuiadPamplona","twitter_site":"@LaGuiadPamplona","twitter_misc":{"Escrito por":"La Gu\u00eda de Pamplona","Tiempo de lectura":"2 minutos"},"schema":{"@context":"https:\/\/schema.org","@graph":[{"@type":"Article","@id":"https:\/\/www.laguiadepamplona.com\/actualidad\/la-policia-municipal-de-pamplona-cuenta-con-diez-nuevos-subinspectores-que-han-tomado-posesion-de-su-cargo-esta-manana-en-condestable\/#article","isPartOf":{"@id":"https:\/\/www.laguiadepamplona.com\/actualidad\/la-policia-municipal-de-pamplona-cuenta-con-diez-nuevos-subinspectores-que-han-tomado-posesion-de-su-cargo-esta-manana-en-condestable\/"},"author":{"name":"La Gu\u00eda de Pamplona","@id":"https:\/\/www.laguiadepamplona.com\/actualidad\/#\/schema\/person\/efe887376f0213d4657c93adc50b1fdb"},"headline":"La Polic\u00eda Municipal de Pamplona cuenta con diez nuevos subinspectores que han tomado posesi\u00f3n de su cargo esta ma\u00f1ana en Condestable","datePublished":"2023-04-04T15:49:16+00:00","dateModified":"2023-04-11T09:46:53+00:00","mainEntityOfPage":{"@id":"https:\/\/www.laguiadepamplona.com\/actualidad\/la-policia-municipal-de-pamplona-cuenta-con-diez-nuevos-subinspectores-que-han-tomado-posesion-de-su-cargo-esta-manana-en-condestable\/"},"wordCount":416,"commentCount":0,"publisher":{"@id":"https:\/\/www.laguiadepamplona.com\/actualidad\/#organization"},"image":{"@id":"https:\/\/www.laguiadepamplona.com\/actualidad\/la-policia-municipal-de-pamplona-cuenta-con-diez-nuevos-subinspectores-que-han-tomado-posesion-de-su-cargo-esta-manana-en-condestable\/#primaryimage"},"thumbnailUrl":"https:\/\/www.laguiadepamplona.com\/actualidad\/wp-content\/uploads\/2023\/04\/toma-posesion-subinspectores-pmunicipal-nb3142.webp","articleSection":["Ayto Pamplona"],"inLanguage":"es","potentialAction":[{"@type":"CommentAction","name":"Comment","target":["https:\/\/www.laguiadepamplona.com\/actualidad\/la-policia-municipal-de-pamplona-cuenta-con-diez-nuevos-subinspectores-que-han-tomado-posesion-de-su-cargo-esta-manana-en-condestable\/#respond"]}]},{"@type":"WebPage","@id":"https:\/\/www.laguiadepamplona.com\/actualidad\/la-policia-municipal-de-pamplona-cuenta-con-diez-nuevos-subinspectores-que-han-tomado-posesion-de-su-cargo-esta-manana-en-condestable\/","url":"https:\/\/www.laguiadepamplona.com\/actualidad\/la-policia-municipal-de-pamplona-cuenta-con-diez-nuevos-subinspectores-que-han-tomado-posesion-de-su-cargo-esta-manana-en-condestable\/","name":"La Polic\u00eda Municipal de Pamplona cuenta con diez nuevos subinspectores que han tomado posesi\u00f3n de su cargo esta ma\u00f1ana en Condestable","isPartOf":{"@id":"https:\/\/www.laguiadepamplona.com\/actualidad\/#website"},"primaryImageOfPage":{"@id":"https:\/\/www.laguiadepamplona.com\/actualidad\/la-policia-municipal-de-pamplona-cuenta-con-diez-nuevos-subinspectores-que-han-tomado-posesion-de-su-cargo-esta-manana-en-condestable\/#primaryimage"},"image":{"@id":"https:\/\/www.laguiadepamplona.com\/actualidad\/la-policia-municipal-de-pamplona-cuenta-con-diez-nuevos-subinspectores-que-han-tomado-posesion-de-su-cargo-esta-manana-en-condestable\/#primaryimage"},"thumbnailUrl":"https:\/\/www.laguiadepamplona.com\/actualidad\/wp-content\/uploads\/2023\/04\/toma-posesion-subinspectores-pmunicipal-nb3142.webp","datePublished":"2023-04-04T15:49:16+00:00","dateModified":"2023-04-11T09:46:53+00:00","description":"Se trata de nueve hombres y una mujer, a los que se les ha entregado la placa, el gal\u00f3n y la resoluci\u00f3n con su nombramiento","breadcrumb":{"@id":"https:\/\/www.laguiadepamplona.com\/actualidad\/la-policia-municipal-de-pamplona-cuenta-con-diez-nuevos-subinspectores-que-han-tomado-posesion-de-su-cargo-esta-manana-en-condestable\/#breadcrumb"},"inLanguage":"es","potentialAction":[{"@type":"ReadAction","target":["https:\/\/www.laguiadepamplona.com\/actualidad\/la-policia-municipal-de-pamplona-cuenta-con-diez-nuevos-subinspectores-que-han-tomado-posesion-de-su-cargo-esta-manana-en-condestable\/"]}]},{"@type":"ImageObject","inLanguage":"es","@id":"https:\/\/www.laguiadepamplona.com\/actualidad\/la-policia-municipal-de-pamplona-cuenta-con-diez-nuevos-subinspectores-que-han-tomado-posesion-de-su-cargo-esta-manana-en-condestable\/#primaryimage","url":"https:\/\/www.laguiadepamplona.com\/actualidad\/wp-content\/uploads\/2023\/04\/toma-posesion-subinspectores-pmunicipal-nb3142.webp","contentUrl":"https:\/\/www.laguiadepamplona.com\/actualidad\/wp-content\/uploads\/2023\/04\/toma-posesion-subinspectores-pmunicipal-nb3142.webp","width":1920,"height":1280},{"@type":"BreadcrumbList","@id":"https:\/\/www.laguiadepamplona.com\/actualidad\/la-policia-municipal-de-pamplona-cuenta-con-diez-nuevos-subinspectores-que-han-tomado-posesion-de-su-cargo-esta-manana-en-condestable\/#breadcrumb","itemListElement":[{"@type":"ListItem","position":1,"name":"Portada","item":"https:\/\/www.laguiadepamplona.com\/actualidad\/"},{"@type":"ListItem","position":2,"name":"La Polic\u00eda Municipal de Pamplona cuenta con diez nuevos subinspectores que han tomado posesi\u00f3n de su cargo esta ma\u00f1ana en Condestable"}]},{"@type":"WebSite","@id":"https:\/\/www.laguiadepamplona.com\/actualidad\/#website","url":"https:\/\/www.laguiadepamplona.com\/actualidad\/","name":"La gu\u00eda de Pamplona","description":"Noticias de Pamplona","publisher":{"@id":"https:\/\/www.laguiadepamplona.com\/actualidad\/#organization"},"potentialAction":[{"@type":"SearchAction","target":{"@type":"EntryPoint","urlTemplate":"https:\/\/www.laguiadepamplona.com\/actualidad\/?s={search_term_string}"},"query-input":{"@type":"PropertyValueSpecification","valueRequired":true,"valueName":"search_term_string"}}],"inLanguage":"es"},{"@type":"Organization","@id":"https:\/\/www.laguiadepamplona.com\/actualidad\/#organization","name":"La Gu\u00eda de Pamplona \/ Noticias","url":"https:\/\/www.laguiadepamplona.com\/actualidad\/","logo":{"@type":"ImageObject","inLanguage":"es","@id":"https:\/\/www.laguiadepamplona.com\/actualidad\/#\/schema\/logo\/image\/","url":"https:\/\/www.laguiadepamplona.com\/actualidad\/wp-content\/uploads\/2018\/11\/logo-laguiadepamplona18-web1.png","contentUrl":"https:\/\/www.laguiadepamplona.com\/actualidad\/wp-content\/uploads\/2018\/11\/logo-laguiadepamplona18-web1.png","width":600,"height":196,"caption":"La Gu\u00eda de Pamplona \/ Noticias"},"image":{"@id":"https:\/\/www.laguiadepamplona.com\/actualidad\/#\/schema\/logo\/image\/"},"sameAs":["https:\/\/www.facebook.com\/laguiadepamplonacom-133175176762273\/?ref=hl","https:\/\/x.com\/LaGuiadPamplona","https:\/\/www.instagram.com\/la_guia_de_pamplona\/","https:\/\/www.youtube.com\/user\/laguiadepamplona"]},{"@type":"Person","@id":"https:\/\/www.laguiadepamplona.com\/actualidad\/#\/schema\/person\/efe887376f0213d4657c93adc50b1fdb","name":"La Gu\u00eda de Pamplona","image":{"@type":"ImageObject","inLanguage":"es","@id":"https:\/\/secure.gravatar.com\/avatar\/b6992f131dc8d30ab0dff15446e9d346d9dbd95992de0fef795073f5ea83a81c?s=96&d=mm&r=g","url":"https:\/\/secure.gravatar.com\/avatar\/b6992f131dc8d30ab0dff15446e9d346d9dbd95992de0fef795073f5ea83a81c?s=96&d=mm&r=g","contentUrl":"https:\/\/secure.gravatar.com\/avatar\/b6992f131dc8d30ab0dff15446e9d346d9dbd95992de0fef795073f5ea83a81c?s=96&d=mm&r=g","caption":"La Gu\u00eda de Pamplona"}}]}},"post_mailing_queue_ids":[],"_links":{"self":[{"href":"https:\/\/www.laguiadepamplona.com\/actualidad\/wp-json\/wp\/v2\/posts\/43440","targetHints":{"allow":["GET"]}}],"collection":[{"href":"https:\/\/www.laguiadepamplona.com\/actualidad\/wp-json\/wp\/v2\/posts"}],"about":[{"href":"https:\/\/www.laguiadepamplona.com\/actualidad\/wp-json\/wp\/v2\/types\/post"}],"author":[{"embeddable":true,"href":"https:\/\/www.laguiadepamplona.com\/actualidad\/wp-json\/wp\/v2\/users\/1"}],"replies":[{"embeddable":true,"href":"https:\/\/www.laguiadepamplona.com\/actualidad\/wp-json\/wp\/v2\/comments?post=43440"}],"version-history":[{"count":0,"href":"https:\/\/www.laguiadepamplona.com\/actualidad\/wp-json\/wp\/v2\/posts\/43440\/revisions"}],"wp:featuredmedia":[{"embeddable":true,"href":"https:\/\/www.laguiadepamplona.com\/actualidad\/wp-json\/wp\/v2\/media\/43441"}],"wp:attachment":[{"href":"https:\/\/www.laguiadepamplona.com\/actualidad\/wp-json\/wp\/v2\/media?parent=43440"}],"wp:term":[{"taxonomy":"category","embeddable":true,"href":"https:\/\/www.laguiadepamplona.com\/actualidad\/wp-json\/wp\/v2\/categories?post=43440"},{"taxonomy":"post_tag","embeddable":true,"href":"https:\/\/www.laguiadepamplona.com\/actualidad\/wp-json\/wp\/v2\/tags?post=43440"}],"curies":[{"name":"wp","href":"https:\/\/api.w.org\/{rel}","templated":true}]}}