{"id":43437,"date":"2023-04-04T17:47:28","date_gmt":"2023-04-04T15:47:28","guid":{"rendered":"https:\/\/www.laguiadepamplona.com\/actualidad\/?p=43437"},"modified":"2023-04-11T11:46:53","modified_gmt":"2023-04-11T09:46:53","slug":"el-centro-de-experiencias-de-san-fermin-sera-un-espacio-inmersivo-que-traslade-las-sensaciones-de-estar-viviendo-las-fiestas-en-primera-persona","status":"publish","type":"post","link":"https:\/\/www.laguiadepamplona.com\/actualidad\/el-centro-de-experiencias-de-san-fermin-sera-un-espacio-inmersivo-que-traslade-las-sensaciones-de-estar-viviendo-las-fiestas-en-primera-persona\/","title":{"rendered":"El Centro de Experiencias de San Ferm\u00edn ser\u00e1 un espacio inmersivo, que traslade las sensaciones de estar viviendo las fiestas en primera persona"},"content":{"rendered":"<h5>La Junta de Gobierno licita el dise\u00f1o de contenidos y puesta en marcha de esta futura dotaci\u00f3n en el cuerpo de guardia del portal de la Rochapea<\/h5>\n<p><!--more--><\/p>\n<p>Sentir los Sanfermines en primera persona en cualquier momento del a\u00f1o. El Centro de Experiencias de San Ferm\u00edn, que se construye en el cuerpo de guardia del antiguo portal de la Rochapea, pretende ser un espacio inmersivo en la fiesta dirigido a todo tipo de p\u00fablicos. La Junta de Gobierno Local ha aprobado esta ma\u00f1ana la licitaci\u00f3n del contrato de suministro del dise\u00f1o, elaboraci\u00f3n e instalaci\u00f3n de los contenidos de ese centro para su puesta en marcha. El presupuesto del contrato es de 266.200 euros, con un plazo de ejecuci\u00f3n de ocho meses.<\/p>\n<p>Los Sanfermines son la carta de presentaci\u00f3n tur\u00edstica de la ciudad y la principal referencia de la visita tur\u00edstica. Sin embargo, las fiestas suceden a lo largo de nueve d\u00edas al a\u00f1o, y fuera de ese espacio temporal, no hay referencias en la ciudad al evento. Por ello, es necesario contar con un espacio f\u00edsico de referencia para la informaci\u00f3n y comercializaci\u00f3n de experiencias durante todo el a\u00f1o, que mejore la interpretaci\u00f3n del espacio vinculado a la fiesta y fomente la visita a lo largo del a\u00f1o. Tanto el proyecto de obra en el cuerpo de guardia como la elaboraci\u00f3n de los contenidos cuentan con financiaci\u00f3n de los fondos europeos Next Generation EU, a trav\u00e9s del Plan de Recuperaci\u00f3n, Transformaci\u00f3n y Resiliencia (PRTR) del Gobierno de Espa\u00f1a.<br \/>\n<script async src=\"\/\/pagead2.googlesyndication.com\/pagead\/js\/adsbygoogle.js\"><\/script><br \/>\n<!-- Noticias La Guia de Pamplona --><br \/>\n<ins class=\"adsbygoogle\"\nstyle=\"display:block\"\ndata-ad-client=\"ca-pub-6943679897239327\"\ndata-ad-slot=\"7048180777\"\ndata-ad-format=\"auto\"><\/ins><br \/>\n<script>\n(adsbygoogle = window.adsbygoogle || []).push({});\n<\/script><\/p>\n<p><strong>Espacios y funcionalidades<\/strong><\/p>\n<p>El proyecto que se busca debe contener tres espacios y funcionalidades: \u00e1rea de recepci\u00f3n y atenci\u00f3n al visitante, \u00e1rea de informaci\u00f3n y \u00e1rea de experiencia. El \u00e1rea de recepci\u00f3n e informaci\u00f3n deber\u00e1 contar con un mostrador de atenci\u00f3n al p\u00fablico y un sistema de gesti\u00f3n inteligente de visitantes. La zona tendr\u00e1 un espacio inicial que permita la introducci\u00f3n al visitante en los contenidos.<\/p>\n<p>La empresa licitadora deber\u00e1 realizar una propuesta de dise\u00f1o, formato informativo, gesti\u00f3n de la informaci\u00f3n y soluciones tecnol\u00f3gicas destinada a informar sobre las fiestas. El sistema de gesti\u00f3n del \u00e1rea de informaci\u00f3n deber\u00e1 permitir que el p\u00fablico reciba una informaci\u00f3n b\u00e1sica de las fiestas y la realizaci\u00f3n de exposiciones tem\u00e1ticas temporales. La empresa adjudicataria tendr\u00e1 que preparar un m\u00ednimo de tres propuestas expositivas temporales. Se aunar\u00e1 contenido hist\u00f3rico a la vez que contextualizador de aspectos como la historia de las fiestas, sus protagonistas, los momentos m\u00e1s importantes, los carteles de San Ferm\u00edn, la programaci\u00f3n cultural, la vestimenta, el arte y las tradiciones, Ernest Hemingway, gastronom\u00eda, hemeroteca y fototeca, y fiestas sostenibles.<\/p>\n<p>Por \u00faltimo, el \u00e1rea experiencial busca que el p\u00fablico viva una experiencia inmersiva, creando una sensaci\u00f3n envolvente para sentirse una persona m\u00e1s de la fiesta. El \u00e1rea se concibe como un espacio que debe poner en funcionamiento sus cinco sentidos. Para ello, ser\u00e1 necesario que los elementos se muestren de manera que el p\u00fablico interact\u00fae, participe, experimente, se sorprenda, se emocione, se agite, en definitiva, se traslade a las sensaciones de la fiesta en torno a los valores y contenidos del proyecto.<br \/>\n<script async src=\"\/\/pagead2.googlesyndication.com\/pagead\/js\/adsbygoogle.js\"><\/script><br \/>\n<!-- Noticias La Guia de Pamplona --><br \/>\n<ins class=\"adsbygoogle\"\nstyle=\"display:block\"\ndata-ad-client=\"ca-pub-6943679897239327\"\ndata-ad-slot=\"7048180777\"\ndata-ad-format=\"auto\"><\/ins><br \/>\n<script>\n(adsbygoogle = window.adsbygoogle || []).push({});\n<\/script><\/p>\n<p><strong>Funciones del Centro de Experiencias<\/strong><\/p>\n<p>Este proyecto se concibe como el resultado de un trabajo de cooperaci\u00f3n estrecha durante todo el proceso de creaci\u00f3n de un espacio interpretativo, desde la programaci\u00f3n e ideaci\u00f3n hasta la puesta en marcha del centro. Se pretende que el Centro de Experiencias tenga un papel predominante en la estructuraci\u00f3n y dinamizaci\u00f3n del producto tur\u00edstico San Ferm\u00edn en la ciudad. Por ello, trabajar\u00e1 de forma transversal con todos los hitos y productos tur\u00edsticos de la ciudad.<\/p>\n<p>Ser\u00e1 un centro de informaci\u00f3n, documentaci\u00f3n y dinamizaci\u00f3n sobre los Sanfermines, de modo que pueda responder a la demanda de informaci\u00f3n e investigaci\u00f3n. En este sentido, debe poder ser un centro generador de actividad cultural en torno a la fiesta. Adem\u00e1s, ser\u00e1 n\u00facleo permanente de atracci\u00f3n tur\u00edstica, donde el p\u00fablico pueda vivir la emoci\u00f3n aspirando a ser el referente tur\u00edstico principal de Pamplona durante todo el a\u00f1o, desestacionalizando el atractivo tur\u00edstico de la fiesta. Por \u00faltimo, ser\u00e1 espacio de visibilizaci\u00f3n y promoci\u00f3n de la oferta tur\u00edstica de la ciudad y, especialmente, de la vinculada con los Sanfermines; donde se pondr\u00e1 al servicio de las personas visitantes el conjunto de actividades y productos tur\u00edsticos producidos por los diferentes agentes del ecosistema tur\u00edstico.<\/p>\n<p>El Centro de Experiencias estar\u00e1 dirigido a todo tipo de p\u00fablicos, desde p\u00fablico infantil a personas mayores. Se dirige tanto a la poblaci\u00f3n local y, por tanto, buena conocedora de la fiesta, como a personas visitantes y for\u00e1neas, que puede desconocer muchos aspe4ctos de los Sanfermines.<\/p>\n","protected":false},"excerpt":{"rendered":"<p>La Junta de Gobierno licita el dise\u00f1o de contenidos y puesta en marcha de esta futura dotaci\u00f3n en el cuerpo de guardia del portal de la Rochapea<\/p>\n","protected":false},"author":1,"featured_media":43438,"comment_status":"open","ping_status":"closed","sticky":false,"template":"","format":"standard","meta":{"footnotes":""},"categories":[2],"tags":[],"class_list":["post-43437","post","type-post","status-publish","format-standard","has-post-thumbnail","hentry","category-ayuntamiento-pamplona"],"yoast_head":"<!-- This site is optimized with the Yoast SEO plugin v27.3 - https:\/\/yoast.com\/product\/yoast-seo-wordpress\/ -->\n<title>El Centro de Experiencias de San Ferm\u00edn ser\u00e1 un espacio inmersivo, que traslade las sensaciones de estar viviendo las fiestas en primera persona<\/title>\n<meta name=\"description\" content=\"La Junta de Gobierno licita el dise\u00f1o de contenidos y puesta en marcha de esta futura dotaci\u00f3n en el cuerpo de guardia del portal de la Rochapea\" \/>\n<meta name=\"robots\" content=\"index, follow, max-snippet:-1, max-image-preview:large, max-video-preview:-1\" \/>\n<link rel=\"canonical\" href=\"https:\/\/www.laguiadepamplona.com\/actualidad\/el-centro-de-experiencias-de-san-fermin-sera-un-espacio-inmersivo-que-traslade-las-sensaciones-de-estar-viviendo-las-fiestas-en-primera-persona\/\" \/>\n<meta property=\"og:locale\" content=\"es_ES\" \/>\n<meta property=\"og:type\" content=\"article\" \/>\n<meta property=\"og:title\" content=\"El Centro de Experiencias de San Ferm\u00edn ser\u00e1 un espacio inmersivo, que traslade las sensaciones de estar viviendo las fiestas en primera persona\" \/>\n<meta property=\"og:description\" content=\"La Junta de Gobierno licita el dise\u00f1o de contenidos y puesta en marcha de esta futura dotaci\u00f3n en el cuerpo de guardia del portal de la Rochapea\" \/>\n<meta property=\"og:url\" content=\"https:\/\/www.laguiadepamplona.com\/actualidad\/el-centro-de-experiencias-de-san-fermin-sera-un-espacio-inmersivo-que-traslade-las-sensaciones-de-estar-viviendo-las-fiestas-en-primera-persona\/\" \/>\n<meta property=\"og:site_name\" content=\"La Gu\u00eda de Pamplona\" \/>\n<meta property=\"article:publisher\" content=\"https:\/\/www.facebook.com\/laguiadepamplonacom-133175176762273\/?ref=hl\" \/>\n<meta property=\"article:published_time\" content=\"2023-04-04T15:47:28+00:00\" \/>\n<meta property=\"article:modified_time\" content=\"2023-04-11T09:46:53+00:00\" \/>\n<meta property=\"og:image\" content=\"https:\/\/www.laguiadepamplona.com\/actualidad\/wp-content\/uploads\/2023\/04\/cuerpo-de-guardia_0.webp\" \/>\n\t<meta property=\"og:image:width\" content=\"1978\" \/>\n\t<meta property=\"og:image:height\" content=\"1454\" \/>\n\t<meta property=\"og:image:type\" content=\"image\/webp\" \/>\n<meta name=\"author\" content=\"La Gu\u00eda de Pamplona\" \/>\n<meta name=\"twitter:card\" content=\"summary_large_image\" \/>\n<meta name=\"twitter:creator\" content=\"@LaGuiadPamplona\" \/>\n<meta name=\"twitter:site\" content=\"@LaGuiadPamplona\" \/>\n<meta name=\"twitter:label1\" content=\"Escrito por\" \/>\n\t<meta name=\"twitter:data1\" content=\"La Gu\u00eda de Pamplona\" \/>\n\t<meta name=\"twitter:label2\" content=\"Tiempo de lectura\" \/>\n\t<meta name=\"twitter:data2\" content=\"4 minutos\" \/>\n<script type=\"application\/ld+json\" class=\"yoast-schema-graph\">{\"@context\":\"https:\\\/\\\/schema.org\",\"@graph\":[{\"@type\":\"Article\",\"@id\":\"https:\\\/\\\/www.laguiadepamplona.com\\\/actualidad\\\/el-centro-de-experiencias-de-san-fermin-sera-un-espacio-inmersivo-que-traslade-las-sensaciones-de-estar-viviendo-las-fiestas-en-primera-persona\\\/#article\",\"isPartOf\":{\"@id\":\"https:\\\/\\\/www.laguiadepamplona.com\\\/actualidad\\\/el-centro-de-experiencias-de-san-fermin-sera-un-espacio-inmersivo-que-traslade-las-sensaciones-de-estar-viviendo-las-fiestas-en-primera-persona\\\/\"},\"author\":{\"name\":\"La Gu\u00eda de Pamplona\",\"@id\":\"https:\\\/\\\/www.laguiadepamplona.com\\\/actualidad\\\/#\\\/schema\\\/person\\\/efe887376f0213d4657c93adc50b1fdb\"},\"headline\":\"El Centro de Experiencias de San Ferm\u00edn ser\u00e1 un espacio inmersivo, que traslade las sensaciones de estar viviendo las fiestas en primera persona\",\"datePublished\":\"2023-04-04T15:47:28+00:00\",\"dateModified\":\"2023-04-11T09:46:53+00:00\",\"mainEntityOfPage\":{\"@id\":\"https:\\\/\\\/www.laguiadepamplona.com\\\/actualidad\\\/el-centro-de-experiencias-de-san-fermin-sera-un-espacio-inmersivo-que-traslade-las-sensaciones-de-estar-viviendo-las-fiestas-en-primera-persona\\\/\"},\"wordCount\":868,\"commentCount\":0,\"publisher\":{\"@id\":\"https:\\\/\\\/www.laguiadepamplona.com\\\/actualidad\\\/#organization\"},\"image\":{\"@id\":\"https:\\\/\\\/www.laguiadepamplona.com\\\/actualidad\\\/el-centro-de-experiencias-de-san-fermin-sera-un-espacio-inmersivo-que-traslade-las-sensaciones-de-estar-viviendo-las-fiestas-en-primera-persona\\\/#primaryimage\"},\"thumbnailUrl\":\"https:\\\/\\\/www.laguiadepamplona.com\\\/actualidad\\\/wp-content\\\/uploads\\\/2023\\\/04\\\/cuerpo-de-guardia_0.webp\",\"articleSection\":[\"Ayto Pamplona\"],\"inLanguage\":\"es\",\"potentialAction\":[{\"@type\":\"CommentAction\",\"name\":\"Comment\",\"target\":[\"https:\\\/\\\/www.laguiadepamplona.com\\\/actualidad\\\/el-centro-de-experiencias-de-san-fermin-sera-un-espacio-inmersivo-que-traslade-las-sensaciones-de-estar-viviendo-las-fiestas-en-primera-persona\\\/#respond\"]}]},{\"@type\":\"WebPage\",\"@id\":\"https:\\\/\\\/www.laguiadepamplona.com\\\/actualidad\\\/el-centro-de-experiencias-de-san-fermin-sera-un-espacio-inmersivo-que-traslade-las-sensaciones-de-estar-viviendo-las-fiestas-en-primera-persona\\\/\",\"url\":\"https:\\\/\\\/www.laguiadepamplona.com\\\/actualidad\\\/el-centro-de-experiencias-de-san-fermin-sera-un-espacio-inmersivo-que-traslade-las-sensaciones-de-estar-viviendo-las-fiestas-en-primera-persona\\\/\",\"name\":\"El Centro de Experiencias de San Ferm\u00edn ser\u00e1 un espacio inmersivo, que traslade las sensaciones de estar viviendo las fiestas en primera persona\",\"isPartOf\":{\"@id\":\"https:\\\/\\\/www.laguiadepamplona.com\\\/actualidad\\\/#website\"},\"primaryImageOfPage\":{\"@id\":\"https:\\\/\\\/www.laguiadepamplona.com\\\/actualidad\\\/el-centro-de-experiencias-de-san-fermin-sera-un-espacio-inmersivo-que-traslade-las-sensaciones-de-estar-viviendo-las-fiestas-en-primera-persona\\\/#primaryimage\"},\"image\":{\"@id\":\"https:\\\/\\\/www.laguiadepamplona.com\\\/actualidad\\\/el-centro-de-experiencias-de-san-fermin-sera-un-espacio-inmersivo-que-traslade-las-sensaciones-de-estar-viviendo-las-fiestas-en-primera-persona\\\/#primaryimage\"},\"thumbnailUrl\":\"https:\\\/\\\/www.laguiadepamplona.com\\\/actualidad\\\/wp-content\\\/uploads\\\/2023\\\/04\\\/cuerpo-de-guardia_0.webp\",\"datePublished\":\"2023-04-04T15:47:28+00:00\",\"dateModified\":\"2023-04-11T09:46:53+00:00\",\"description\":\"La Junta de Gobierno licita el dise\u00f1o de contenidos y puesta en marcha de esta futura dotaci\u00f3n en el cuerpo de guardia del portal de la Rochapea\",\"breadcrumb\":{\"@id\":\"https:\\\/\\\/www.laguiadepamplona.com\\\/actualidad\\\/el-centro-de-experiencias-de-san-fermin-sera-un-espacio-inmersivo-que-traslade-las-sensaciones-de-estar-viviendo-las-fiestas-en-primera-persona\\\/#breadcrumb\"},\"inLanguage\":\"es\",\"potentialAction\":[{\"@type\":\"ReadAction\",\"target\":[\"https:\\\/\\\/www.laguiadepamplona.com\\\/actualidad\\\/el-centro-de-experiencias-de-san-fermin-sera-un-espacio-inmersivo-que-traslade-las-sensaciones-de-estar-viviendo-las-fiestas-en-primera-persona\\\/\"]}]},{\"@type\":\"ImageObject\",\"inLanguage\":\"es\",\"@id\":\"https:\\\/\\\/www.laguiadepamplona.com\\\/actualidad\\\/el-centro-de-experiencias-de-san-fermin-sera-un-espacio-inmersivo-que-traslade-las-sensaciones-de-estar-viviendo-las-fiestas-en-primera-persona\\\/#primaryimage\",\"url\":\"https:\\\/\\\/www.laguiadepamplona.com\\\/actualidad\\\/wp-content\\\/uploads\\\/2023\\\/04\\\/cuerpo-de-guardia_0.webp\",\"contentUrl\":\"https:\\\/\\\/www.laguiadepamplona.com\\\/actualidad\\\/wp-content\\\/uploads\\\/2023\\\/04\\\/cuerpo-de-guardia_0.webp\",\"width\":1978,\"height\":1454},{\"@type\":\"BreadcrumbList\",\"@id\":\"https:\\\/\\\/www.laguiadepamplona.com\\\/actualidad\\\/el-centro-de-experiencias-de-san-fermin-sera-un-espacio-inmersivo-que-traslade-las-sensaciones-de-estar-viviendo-las-fiestas-en-primera-persona\\\/#breadcrumb\",\"itemListElement\":[{\"@type\":\"ListItem\",\"position\":1,\"name\":\"Portada\",\"item\":\"https:\\\/\\\/www.laguiadepamplona.com\\\/actualidad\\\/\"},{\"@type\":\"ListItem\",\"position\":2,\"name\":\"El Centro de Experiencias de San Ferm\u00edn ser\u00e1 un espacio inmersivo, que traslade las sensaciones de estar viviendo las fiestas en primera persona\"}]},{\"@type\":\"WebSite\",\"@id\":\"https:\\\/\\\/www.laguiadepamplona.com\\\/actualidad\\\/#website\",\"url\":\"https:\\\/\\\/www.laguiadepamplona.com\\\/actualidad\\\/\",\"name\":\"La gu\u00eda de Pamplona\",\"description\":\"Noticias de Pamplona\",\"publisher\":{\"@id\":\"https:\\\/\\\/www.laguiadepamplona.com\\\/actualidad\\\/#organization\"},\"potentialAction\":[{\"@type\":\"SearchAction\",\"target\":{\"@type\":\"EntryPoint\",\"urlTemplate\":\"https:\\\/\\\/www.laguiadepamplona.com\\\/actualidad\\\/?s={search_term_string}\"},\"query-input\":{\"@type\":\"PropertyValueSpecification\",\"valueRequired\":true,\"valueName\":\"search_term_string\"}}],\"inLanguage\":\"es\"},{\"@type\":\"Organization\",\"@id\":\"https:\\\/\\\/www.laguiadepamplona.com\\\/actualidad\\\/#organization\",\"name\":\"La Gu\u00eda de Pamplona \\\/ Noticias\",\"url\":\"https:\\\/\\\/www.laguiadepamplona.com\\\/actualidad\\\/\",\"logo\":{\"@type\":\"ImageObject\",\"inLanguage\":\"es\",\"@id\":\"https:\\\/\\\/www.laguiadepamplona.com\\\/actualidad\\\/#\\\/schema\\\/logo\\\/image\\\/\",\"url\":\"https:\\\/\\\/www.laguiadepamplona.com\\\/actualidad\\\/wp-content\\\/uploads\\\/2018\\\/11\\\/logo-laguiadepamplona18-web1.png\",\"contentUrl\":\"https:\\\/\\\/www.laguiadepamplona.com\\\/actualidad\\\/wp-content\\\/uploads\\\/2018\\\/11\\\/logo-laguiadepamplona18-web1.png\",\"width\":600,\"height\":196,\"caption\":\"La Gu\u00eda de Pamplona \\\/ Noticias\"},\"image\":{\"@id\":\"https:\\\/\\\/www.laguiadepamplona.com\\\/actualidad\\\/#\\\/schema\\\/logo\\\/image\\\/\"},\"sameAs\":[\"https:\\\/\\\/www.facebook.com\\\/laguiadepamplonacom-133175176762273\\\/?ref=hl\",\"https:\\\/\\\/x.com\\\/LaGuiadPamplona\",\"https:\\\/\\\/www.instagram.com\\\/la_guia_de_pamplona\\\/\",\"https:\\\/\\\/www.youtube.com\\\/user\\\/laguiadepamplona\"]},{\"@type\":\"Person\",\"@id\":\"https:\\\/\\\/www.laguiadepamplona.com\\\/actualidad\\\/#\\\/schema\\\/person\\\/efe887376f0213d4657c93adc50b1fdb\",\"name\":\"La Gu\u00eda de Pamplona\",\"image\":{\"@type\":\"ImageObject\",\"inLanguage\":\"es\",\"@id\":\"https:\\\/\\\/secure.gravatar.com\\\/avatar\\\/b6992f131dc8d30ab0dff15446e9d346d9dbd95992de0fef795073f5ea83a81c?s=96&d=mm&r=g\",\"url\":\"https:\\\/\\\/secure.gravatar.com\\\/avatar\\\/b6992f131dc8d30ab0dff15446e9d346d9dbd95992de0fef795073f5ea83a81c?s=96&d=mm&r=g\",\"contentUrl\":\"https:\\\/\\\/secure.gravatar.com\\\/avatar\\\/b6992f131dc8d30ab0dff15446e9d346d9dbd95992de0fef795073f5ea83a81c?s=96&d=mm&r=g\",\"caption\":\"La Gu\u00eda de Pamplona\"}}]}<\/script>\n<!-- \/ Yoast SEO plugin. -->","yoast_head_json":{"title":"El Centro de Experiencias de San Ferm\u00edn ser\u00e1 un espacio inmersivo, que traslade las sensaciones de estar viviendo las fiestas en primera persona","description":"La Junta de Gobierno licita el dise\u00f1o de contenidos y puesta en marcha de esta futura dotaci\u00f3n en el cuerpo de guardia del portal de la Rochapea","robots":{"index":"index","follow":"follow","max-snippet":"max-snippet:-1","max-image-preview":"max-image-preview:large","max-video-preview":"max-video-preview:-1"},"canonical":"https:\/\/www.laguiadepamplona.com\/actualidad\/el-centro-de-experiencias-de-san-fermin-sera-un-espacio-inmersivo-que-traslade-las-sensaciones-de-estar-viviendo-las-fiestas-en-primera-persona\/","og_locale":"es_ES","og_type":"article","og_title":"El Centro de Experiencias de San Ferm\u00edn ser\u00e1 un espacio inmersivo, que traslade las sensaciones de estar viviendo las fiestas en primera persona","og_description":"La Junta de Gobierno licita el dise\u00f1o de contenidos y puesta en marcha de esta futura dotaci\u00f3n en el cuerpo de guardia del portal de la Rochapea","og_url":"https:\/\/www.laguiadepamplona.com\/actualidad\/el-centro-de-experiencias-de-san-fermin-sera-un-espacio-inmersivo-que-traslade-las-sensaciones-de-estar-viviendo-las-fiestas-en-primera-persona\/","og_site_name":"La Gu\u00eda de Pamplona","article_publisher":"https:\/\/www.facebook.com\/laguiadepamplonacom-133175176762273\/?ref=hl","article_published_time":"2023-04-04T15:47:28+00:00","article_modified_time":"2023-04-11T09:46:53+00:00","og_image":[{"width":1978,"height":1454,"url":"https:\/\/www.laguiadepamplona.com\/actualidad\/wp-content\/uploads\/2023\/04\/cuerpo-de-guardia_0.webp","type":"image\/webp"}],"author":"La Gu\u00eda de Pamplona","twitter_card":"summary_large_image","twitter_creator":"@LaGuiadPamplona","twitter_site":"@LaGuiadPamplona","twitter_misc":{"Escrito por":"La Gu\u00eda de Pamplona","Tiempo de lectura":"4 minutos"},"schema":{"@context":"https:\/\/schema.org","@graph":[{"@type":"Article","@id":"https:\/\/www.laguiadepamplona.com\/actualidad\/el-centro-de-experiencias-de-san-fermin-sera-un-espacio-inmersivo-que-traslade-las-sensaciones-de-estar-viviendo-las-fiestas-en-primera-persona\/#article","isPartOf":{"@id":"https:\/\/www.laguiadepamplona.com\/actualidad\/el-centro-de-experiencias-de-san-fermin-sera-un-espacio-inmersivo-que-traslade-las-sensaciones-de-estar-viviendo-las-fiestas-en-primera-persona\/"},"author":{"name":"La Gu\u00eda de Pamplona","@id":"https:\/\/www.laguiadepamplona.com\/actualidad\/#\/schema\/person\/efe887376f0213d4657c93adc50b1fdb"},"headline":"El Centro de Experiencias de San Ferm\u00edn ser\u00e1 un espacio inmersivo, que traslade las sensaciones de estar viviendo las fiestas en primera persona","datePublished":"2023-04-04T15:47:28+00:00","dateModified":"2023-04-11T09:46:53+00:00","mainEntityOfPage":{"@id":"https:\/\/www.laguiadepamplona.com\/actualidad\/el-centro-de-experiencias-de-san-fermin-sera-un-espacio-inmersivo-que-traslade-las-sensaciones-de-estar-viviendo-las-fiestas-en-primera-persona\/"},"wordCount":868,"commentCount":0,"publisher":{"@id":"https:\/\/www.laguiadepamplona.com\/actualidad\/#organization"},"image":{"@id":"https:\/\/www.laguiadepamplona.com\/actualidad\/el-centro-de-experiencias-de-san-fermin-sera-un-espacio-inmersivo-que-traslade-las-sensaciones-de-estar-viviendo-las-fiestas-en-primera-persona\/#primaryimage"},"thumbnailUrl":"https:\/\/www.laguiadepamplona.com\/actualidad\/wp-content\/uploads\/2023\/04\/cuerpo-de-guardia_0.webp","articleSection":["Ayto Pamplona"],"inLanguage":"es","potentialAction":[{"@type":"CommentAction","name":"Comment","target":["https:\/\/www.laguiadepamplona.com\/actualidad\/el-centro-de-experiencias-de-san-fermin-sera-un-espacio-inmersivo-que-traslade-las-sensaciones-de-estar-viviendo-las-fiestas-en-primera-persona\/#respond"]}]},{"@type":"WebPage","@id":"https:\/\/www.laguiadepamplona.com\/actualidad\/el-centro-de-experiencias-de-san-fermin-sera-un-espacio-inmersivo-que-traslade-las-sensaciones-de-estar-viviendo-las-fiestas-en-primera-persona\/","url":"https:\/\/www.laguiadepamplona.com\/actualidad\/el-centro-de-experiencias-de-san-fermin-sera-un-espacio-inmersivo-que-traslade-las-sensaciones-de-estar-viviendo-las-fiestas-en-primera-persona\/","name":"El Centro de Experiencias de San Ferm\u00edn ser\u00e1 un espacio inmersivo, que traslade las sensaciones de estar viviendo las fiestas en primera persona","isPartOf":{"@id":"https:\/\/www.laguiadepamplona.com\/actualidad\/#website"},"primaryImageOfPage":{"@id":"https:\/\/www.laguiadepamplona.com\/actualidad\/el-centro-de-experiencias-de-san-fermin-sera-un-espacio-inmersivo-que-traslade-las-sensaciones-de-estar-viviendo-las-fiestas-en-primera-persona\/#primaryimage"},"image":{"@id":"https:\/\/www.laguiadepamplona.com\/actualidad\/el-centro-de-experiencias-de-san-fermin-sera-un-espacio-inmersivo-que-traslade-las-sensaciones-de-estar-viviendo-las-fiestas-en-primera-persona\/#primaryimage"},"thumbnailUrl":"https:\/\/www.laguiadepamplona.com\/actualidad\/wp-content\/uploads\/2023\/04\/cuerpo-de-guardia_0.webp","datePublished":"2023-04-04T15:47:28+00:00","dateModified":"2023-04-11T09:46:53+00:00","description":"La Junta de Gobierno licita el dise\u00f1o de contenidos y puesta en marcha de esta futura dotaci\u00f3n en el cuerpo de guardia del portal de la Rochapea","breadcrumb":{"@id":"https:\/\/www.laguiadepamplona.com\/actualidad\/el-centro-de-experiencias-de-san-fermin-sera-un-espacio-inmersivo-que-traslade-las-sensaciones-de-estar-viviendo-las-fiestas-en-primera-persona\/#breadcrumb"},"inLanguage":"es","potentialAction":[{"@type":"ReadAction","target":["https:\/\/www.laguiadepamplona.com\/actualidad\/el-centro-de-experiencias-de-san-fermin-sera-un-espacio-inmersivo-que-traslade-las-sensaciones-de-estar-viviendo-las-fiestas-en-primera-persona\/"]}]},{"@type":"ImageObject","inLanguage":"es","@id":"https:\/\/www.laguiadepamplona.com\/actualidad\/el-centro-de-experiencias-de-san-fermin-sera-un-espacio-inmersivo-que-traslade-las-sensaciones-de-estar-viviendo-las-fiestas-en-primera-persona\/#primaryimage","url":"https:\/\/www.laguiadepamplona.com\/actualidad\/wp-content\/uploads\/2023\/04\/cuerpo-de-guardia_0.webp","contentUrl":"https:\/\/www.laguiadepamplona.com\/actualidad\/wp-content\/uploads\/2023\/04\/cuerpo-de-guardia_0.webp","width":1978,"height":1454},{"@type":"BreadcrumbList","@id":"https:\/\/www.laguiadepamplona.com\/actualidad\/el-centro-de-experiencias-de-san-fermin-sera-un-espacio-inmersivo-que-traslade-las-sensaciones-de-estar-viviendo-las-fiestas-en-primera-persona\/#breadcrumb","itemListElement":[{"@type":"ListItem","position":1,"name":"Portada","item":"https:\/\/www.laguiadepamplona.com\/actualidad\/"},{"@type":"ListItem","position":2,"name":"El Centro de Experiencias de San Ferm\u00edn ser\u00e1 un espacio inmersivo, que traslade las sensaciones de estar viviendo las fiestas en primera persona"}]},{"@type":"WebSite","@id":"https:\/\/www.laguiadepamplona.com\/actualidad\/#website","url":"https:\/\/www.laguiadepamplona.com\/actualidad\/","name":"La gu\u00eda de Pamplona","description":"Noticias de Pamplona","publisher":{"@id":"https:\/\/www.laguiadepamplona.com\/actualidad\/#organization"},"potentialAction":[{"@type":"SearchAction","target":{"@type":"EntryPoint","urlTemplate":"https:\/\/www.laguiadepamplona.com\/actualidad\/?s={search_term_string}"},"query-input":{"@type":"PropertyValueSpecification","valueRequired":true,"valueName":"search_term_string"}}],"inLanguage":"es"},{"@type":"Organization","@id":"https:\/\/www.laguiadepamplona.com\/actualidad\/#organization","name":"La Gu\u00eda de Pamplona \/ Noticias","url":"https:\/\/www.laguiadepamplona.com\/actualidad\/","logo":{"@type":"ImageObject","inLanguage":"es","@id":"https:\/\/www.laguiadepamplona.com\/actualidad\/#\/schema\/logo\/image\/","url":"https:\/\/www.laguiadepamplona.com\/actualidad\/wp-content\/uploads\/2018\/11\/logo-laguiadepamplona18-web1.png","contentUrl":"https:\/\/www.laguiadepamplona.com\/actualidad\/wp-content\/uploads\/2018\/11\/logo-laguiadepamplona18-web1.png","width":600,"height":196,"caption":"La Gu\u00eda de Pamplona \/ Noticias"},"image":{"@id":"https:\/\/www.laguiadepamplona.com\/actualidad\/#\/schema\/logo\/image\/"},"sameAs":["https:\/\/www.facebook.com\/laguiadepamplonacom-133175176762273\/?ref=hl","https:\/\/x.com\/LaGuiadPamplona","https:\/\/www.instagram.com\/la_guia_de_pamplona\/","https:\/\/www.youtube.com\/user\/laguiadepamplona"]},{"@type":"Person","@id":"https:\/\/www.laguiadepamplona.com\/actualidad\/#\/schema\/person\/efe887376f0213d4657c93adc50b1fdb","name":"La Gu\u00eda de Pamplona","image":{"@type":"ImageObject","inLanguage":"es","@id":"https:\/\/secure.gravatar.com\/avatar\/b6992f131dc8d30ab0dff15446e9d346d9dbd95992de0fef795073f5ea83a81c?s=96&d=mm&r=g","url":"https:\/\/secure.gravatar.com\/avatar\/b6992f131dc8d30ab0dff15446e9d346d9dbd95992de0fef795073f5ea83a81c?s=96&d=mm&r=g","contentUrl":"https:\/\/secure.gravatar.com\/avatar\/b6992f131dc8d30ab0dff15446e9d346d9dbd95992de0fef795073f5ea83a81c?s=96&d=mm&r=g","caption":"La Gu\u00eda de Pamplona"}}]}},"post_mailing_queue_ids":[],"_links":{"self":[{"href":"https:\/\/www.laguiadepamplona.com\/actualidad\/wp-json\/wp\/v2\/posts\/43437","targetHints":{"allow":["GET"]}}],"collection":[{"href":"https:\/\/www.laguiadepamplona.com\/actualidad\/wp-json\/wp\/v2\/posts"}],"about":[{"href":"https:\/\/www.laguiadepamplona.com\/actualidad\/wp-json\/wp\/v2\/types\/post"}],"author":[{"embeddable":true,"href":"https:\/\/www.laguiadepamplona.com\/actualidad\/wp-json\/wp\/v2\/users\/1"}],"replies":[{"embeddable":true,"href":"https:\/\/www.laguiadepamplona.com\/actualidad\/wp-json\/wp\/v2\/comments?post=43437"}],"version-history":[{"count":0,"href":"https:\/\/www.laguiadepamplona.com\/actualidad\/wp-json\/wp\/v2\/posts\/43437\/revisions"}],"wp:featuredmedia":[{"embeddable":true,"href":"https:\/\/www.laguiadepamplona.com\/actualidad\/wp-json\/wp\/v2\/media\/43438"}],"wp:attachment":[{"href":"https:\/\/www.laguiadepamplona.com\/actualidad\/wp-json\/wp\/v2\/media?parent=43437"}],"wp:term":[{"taxonomy":"category","embeddable":true,"href":"https:\/\/www.laguiadepamplona.com\/actualidad\/wp-json\/wp\/v2\/categories?post=43437"},{"taxonomy":"post_tag","embeddable":true,"href":"https:\/\/www.laguiadepamplona.com\/actualidad\/wp-json\/wp\/v2\/tags?post=43437"}],"curies":[{"name":"wp","href":"https:\/\/api.w.org\/{rel}","templated":true}]}}