{"id":43434,"date":"2023-04-04T13:31:11","date_gmt":"2023-04-04T11:31:11","guid":{"rendered":"https:\/\/www.laguiadepamplona.com\/actualidad\/?p=43434"},"modified":"2023-04-11T11:46:53","modified_gmt":"2023-04-11T09:46:53","slug":"se-constituye-el-grupo-motor-que-liderara-el-proceso-de-cambio-de-modelo-turistico-de-la-ciudad-para-2024","status":"publish","type":"post","link":"https:\/\/www.laguiadepamplona.com\/actualidad\/se-constituye-el-grupo-motor-que-liderara-el-proceso-de-cambio-de-modelo-turistico-de-la-ciudad-para-2024\/","title":{"rendered":"Se constituye el grupo motor que liderar\u00e1 el proceso de cambio de modelo tur\u00edstico de la ciudad para 2024"},"content":{"rendered":"<h5>El plan de Pamplona ha recibido 5,5 millones de los Fondos Netx Generation EU v\u00eda Plan de Recuperaci\u00f3n, Transformaci\u00f3n y Resiliencia<\/h5>\n<p><!--more--><\/p>\n<p>Siete asociaciones del sector de Hosteler\u00eda y Turismo, adem\u00e1s de representaci\u00f3n de Ayuntamiento de Pamplona, Gobierno de Navarra, NICDO- Navarra de Infraestructuras de Cultura, Deporte y Ocio y Mancomunidad de la Comarca de Pamplona, se han reunido este mediod\u00eda en el Palacio del Condestable.<br \/>\n<script async src=\"\/\/pagead2.googlesyndication.com\/pagead\/js\/adsbygoogle.js\"><\/script><br \/>\n<!-- Noticias La Guia de Pamplona --><br \/>\n<ins class=\"adsbygoogle\"\nstyle=\"display:block\"\ndata-ad-client=\"ca-pub-6943679897239327\"\ndata-ad-slot=\"7048180777\"\ndata-ad-format=\"auto\"><\/ins><br \/>\n<script>\n(adsbygoogle = window.adsbygoogle || []).push({});\n<\/script><\/p>\n<p>Este conjunto de agentes configura desde hoy el llamado Grupo motor del Plan de Sostenibilidad Tur\u00edstica en Destino Pamplona SF365, una propuesta de inversi\u00f3n de transformaci\u00f3n del modelo tur\u00edstico hacia la sostenibilidad para 2024 que ha recibido 5,5 millones de los Fondos Netx Generation EU a trav\u00e9s del Plan de Recuperaci\u00f3n, Transformaci\u00f3n y Resiliencia. El trabajo colaborativo hacia un turismo sostenible tiene en su dise\u00f1o una triple vertiente: medioambiental, socioecon\u00f3mica y territorial y, centra sus acciones en la mejora de la imagen y relato de los Sanfermines para que el atractivo de la fiesta se extienda a diferentes \u00e9pocas del a\u00f1o; la puesta en valor del parque fluvial del Arga y parques de la ciudad en un proyecto de ecoturismo y, el desarrollo de turismo de negocios y eventos.<\/p>\n<p>El grupo hoy constituido tendr\u00e1 como funci\u00f3n coordinar, organizar e impulsar los trabajos necesarios para su desarrollo, con una doble competencia, informativa y consultiva. Estar\u00e1n apoyado para ello por SIDI \u2013 KNOWSULTING, la empresa encargada de la oficina t\u00e9cnica del Plan, y Aret\u00e9 Activa la asistencia t\u00e9cnica para el desarrollo del proceso participativo. En el orden del d\u00eda de la sesi\u00f3n, adem\u00e1s de una explicaci\u00f3n sobre el contenido de SF365, se ha realizado una propuesta de calendario sesiones para este a\u00f1o y se han establecido las normas de funcionamiento del grupo.<br \/>\n<script async src=\"\/\/pagead2.googlesyndication.com\/pagead\/js\/adsbygoogle.js\"><\/script><br \/>\n<!-- Noticias La Guia de Pamplona --><br \/>\n<ins class=\"adsbygoogle\"\nstyle=\"display:block\"\ndata-ad-client=\"ca-pub-6943679897239327\"\ndata-ad-slot=\"7048180777\"\ndata-ad-format=\"auto\"><\/ins><br \/>\n<script>\n(adsbygoogle = window.adsbygoogle || []).push({});\n<\/script><\/p>\n<p>&nbsp;<\/p>\n<h3>Participantes:<\/h3>\n<ul>\n<li>ANAPEH<\/li>\n<li>AEHN<\/li>\n<li>Asociaci\u00f3n de hoteles de Pamplona<\/li>\n<li>Asociaci\u00f3n de apartamentos tur\u00edsticos de Navarra APARTURNA<\/li>\n<li>Asociaci\u00f3n de comerciantes del Casco Antiguo<\/li>\n<li>Mancomunidad de la Comarca de Pamplona<\/li>\n<li>Asociaci\u00f3n BDEAK<\/li>\n<li>Asociaci\u00f3n de restaurantes del Reyno<\/li>\n<li>NICDO<\/li>\n<li>Gobierno de Navarra<\/li>\n<li>Ayuntamiento de Pamplona<\/li>\n<li>Asistencia t\u00e9cnica responsable de la oficina t\u00e9cnica del PSTD y del Plan de Participaci\u00f3n.<\/li>\n<\/ul>\n","protected":false},"excerpt":{"rendered":"<p>El plan de Pamplona ha recibido 5,5 millones de los Fondos Netx Generation EU v\u00eda Plan de Recuperaci\u00f3n, Transformaci\u00f3n y Resiliencia<\/p>\n","protected":false},"author":1,"featured_media":43435,"comment_status":"open","ping_status":"closed","sticky":false,"template":"","format":"standard","meta":{"footnotes":""},"categories":[2],"tags":[],"class_list":["post-43434","post","type-post","status-publish","format-standard","has-post-thumbnail","hentry","category-ayuntamiento-pamplona"],"yoast_head":"<!-- This site is optimized with the Yoast SEO plugin v27.3 - https:\/\/yoast.com\/product\/yoast-seo-wordpress\/ -->\n<title>Se constituye el grupo motor que liderar\u00e1 el proceso de cambio de modelo tur\u00edstico de la ciudad para 2024<\/title>\n<meta name=\"description\" content=\"El plan de Pamplona ha recibido 5,5 millones de los Fondos Netx Generation EU v\u00eda Plan de Recuperaci\u00f3n, Transformaci\u00f3n y Resiliencia\" \/>\n<meta name=\"robots\" content=\"index, follow, max-snippet:-1, max-image-preview:large, max-video-preview:-1\" \/>\n<link rel=\"canonical\" href=\"https:\/\/www.laguiadepamplona.com\/actualidad\/se-constituye-el-grupo-motor-que-liderara-el-proceso-de-cambio-de-modelo-turistico-de-la-ciudad-para-2024\/\" \/>\n<meta property=\"og:locale\" content=\"es_ES\" \/>\n<meta property=\"og:type\" content=\"article\" \/>\n<meta property=\"og:title\" content=\"Se constituye el grupo motor que liderar\u00e1 el proceso de cambio de modelo tur\u00edstico de la ciudad para 2024\" \/>\n<meta property=\"og:description\" content=\"El plan de Pamplona ha recibido 5,5 millones de los Fondos Netx Generation EU v\u00eda Plan de Recuperaci\u00f3n, Transformaci\u00f3n y Resiliencia\" \/>\n<meta property=\"og:url\" content=\"https:\/\/www.laguiadepamplona.com\/actualidad\/se-constituye-el-grupo-motor-que-liderara-el-proceso-de-cambio-de-modelo-turistico-de-la-ciudad-para-2024\/\" \/>\n<meta property=\"og:site_name\" content=\"La Gu\u00eda de Pamplona\" \/>\n<meta property=\"article:publisher\" content=\"https:\/\/www.facebook.com\/laguiadepamplonacom-133175176762273\/?ref=hl\" \/>\n<meta property=\"article:published_time\" content=\"2023-04-04T11:31:11+00:00\" \/>\n<meta property=\"article:modified_time\" content=\"2023-04-11T09:46:53+00:00\" \/>\n<meta property=\"og:image\" content=\"https:\/\/www.laguiadepamplona.com\/actualidad\/wp-content\/uploads\/2023\/04\/grupo-motor-de-turismo-condestable-nb2823.webp\" \/>\n\t<meta property=\"og:image:width\" content=\"1920\" \/>\n\t<meta property=\"og:image:height\" content=\"1280\" \/>\n\t<meta property=\"og:image:type\" content=\"image\/webp\" \/>\n<meta name=\"author\" content=\"La Gu\u00eda de Pamplona\" \/>\n<meta name=\"twitter:card\" content=\"summary_large_image\" \/>\n<meta name=\"twitter:creator\" content=\"@LaGuiadPamplona\" \/>\n<meta name=\"twitter:site\" content=\"@LaGuiadPamplona\" \/>\n<meta name=\"twitter:label1\" content=\"Escrito por\" \/>\n\t<meta name=\"twitter:data1\" content=\"La Gu\u00eda de Pamplona\" \/>\n\t<meta name=\"twitter:label2\" content=\"Tiempo de lectura\" \/>\n\t<meta name=\"twitter:data2\" content=\"2 minutos\" \/>\n<script type=\"application\/ld+json\" class=\"yoast-schema-graph\">{\"@context\":\"https:\\\/\\\/schema.org\",\"@graph\":[{\"@type\":\"Article\",\"@id\":\"https:\\\/\\\/www.laguiadepamplona.com\\\/actualidad\\\/se-constituye-el-grupo-motor-que-liderara-el-proceso-de-cambio-de-modelo-turistico-de-la-ciudad-para-2024\\\/#article\",\"isPartOf\":{\"@id\":\"https:\\\/\\\/www.laguiadepamplona.com\\\/actualidad\\\/se-constituye-el-grupo-motor-que-liderara-el-proceso-de-cambio-de-modelo-turistico-de-la-ciudad-para-2024\\\/\"},\"author\":{\"name\":\"La Gu\u00eda de Pamplona\",\"@id\":\"https:\\\/\\\/www.laguiadepamplona.com\\\/actualidad\\\/#\\\/schema\\\/person\\\/efe887376f0213d4657c93adc50b1fdb\"},\"headline\":\"Se constituye el grupo motor que liderar\u00e1 el proceso de cambio de modelo tur\u00edstico de la ciudad para 2024\",\"datePublished\":\"2023-04-04T11:31:11+00:00\",\"dateModified\":\"2023-04-11T09:46:53+00:00\",\"mainEntityOfPage\":{\"@id\":\"https:\\\/\\\/www.laguiadepamplona.com\\\/actualidad\\\/se-constituye-el-grupo-motor-que-liderara-el-proceso-de-cambio-de-modelo-turistico-de-la-ciudad-para-2024\\\/\"},\"wordCount\":391,\"commentCount\":0,\"publisher\":{\"@id\":\"https:\\\/\\\/www.laguiadepamplona.com\\\/actualidad\\\/#organization\"},\"image\":{\"@id\":\"https:\\\/\\\/www.laguiadepamplona.com\\\/actualidad\\\/se-constituye-el-grupo-motor-que-liderara-el-proceso-de-cambio-de-modelo-turistico-de-la-ciudad-para-2024\\\/#primaryimage\"},\"thumbnailUrl\":\"https:\\\/\\\/www.laguiadepamplona.com\\\/actualidad\\\/wp-content\\\/uploads\\\/2023\\\/04\\\/grupo-motor-de-turismo-condestable-nb2823.webp\",\"articleSection\":[\"Ayto Pamplona\"],\"inLanguage\":\"es\",\"potentialAction\":[{\"@type\":\"CommentAction\",\"name\":\"Comment\",\"target\":[\"https:\\\/\\\/www.laguiadepamplona.com\\\/actualidad\\\/se-constituye-el-grupo-motor-que-liderara-el-proceso-de-cambio-de-modelo-turistico-de-la-ciudad-para-2024\\\/#respond\"]}]},{\"@type\":\"WebPage\",\"@id\":\"https:\\\/\\\/www.laguiadepamplona.com\\\/actualidad\\\/se-constituye-el-grupo-motor-que-liderara-el-proceso-de-cambio-de-modelo-turistico-de-la-ciudad-para-2024\\\/\",\"url\":\"https:\\\/\\\/www.laguiadepamplona.com\\\/actualidad\\\/se-constituye-el-grupo-motor-que-liderara-el-proceso-de-cambio-de-modelo-turistico-de-la-ciudad-para-2024\\\/\",\"name\":\"Se constituye el grupo motor que liderar\u00e1 el proceso de cambio de modelo tur\u00edstico de la ciudad para 2024\",\"isPartOf\":{\"@id\":\"https:\\\/\\\/www.laguiadepamplona.com\\\/actualidad\\\/#website\"},\"primaryImageOfPage\":{\"@id\":\"https:\\\/\\\/www.laguiadepamplona.com\\\/actualidad\\\/se-constituye-el-grupo-motor-que-liderara-el-proceso-de-cambio-de-modelo-turistico-de-la-ciudad-para-2024\\\/#primaryimage\"},\"image\":{\"@id\":\"https:\\\/\\\/www.laguiadepamplona.com\\\/actualidad\\\/se-constituye-el-grupo-motor-que-liderara-el-proceso-de-cambio-de-modelo-turistico-de-la-ciudad-para-2024\\\/#primaryimage\"},\"thumbnailUrl\":\"https:\\\/\\\/www.laguiadepamplona.com\\\/actualidad\\\/wp-content\\\/uploads\\\/2023\\\/04\\\/grupo-motor-de-turismo-condestable-nb2823.webp\",\"datePublished\":\"2023-04-04T11:31:11+00:00\",\"dateModified\":\"2023-04-11T09:46:53+00:00\",\"description\":\"El plan de Pamplona ha recibido 5,5 millones de los Fondos Netx Generation EU v\u00eda Plan de Recuperaci\u00f3n, Transformaci\u00f3n y Resiliencia\",\"breadcrumb\":{\"@id\":\"https:\\\/\\\/www.laguiadepamplona.com\\\/actualidad\\\/se-constituye-el-grupo-motor-que-liderara-el-proceso-de-cambio-de-modelo-turistico-de-la-ciudad-para-2024\\\/#breadcrumb\"},\"inLanguage\":\"es\",\"potentialAction\":[{\"@type\":\"ReadAction\",\"target\":[\"https:\\\/\\\/www.laguiadepamplona.com\\\/actualidad\\\/se-constituye-el-grupo-motor-que-liderara-el-proceso-de-cambio-de-modelo-turistico-de-la-ciudad-para-2024\\\/\"]}]},{\"@type\":\"ImageObject\",\"inLanguage\":\"es\",\"@id\":\"https:\\\/\\\/www.laguiadepamplona.com\\\/actualidad\\\/se-constituye-el-grupo-motor-que-liderara-el-proceso-de-cambio-de-modelo-turistico-de-la-ciudad-para-2024\\\/#primaryimage\",\"url\":\"https:\\\/\\\/www.laguiadepamplona.com\\\/actualidad\\\/wp-content\\\/uploads\\\/2023\\\/04\\\/grupo-motor-de-turismo-condestable-nb2823.webp\",\"contentUrl\":\"https:\\\/\\\/www.laguiadepamplona.com\\\/actualidad\\\/wp-content\\\/uploads\\\/2023\\\/04\\\/grupo-motor-de-turismo-condestable-nb2823.webp\",\"width\":1920,\"height\":1280},{\"@type\":\"BreadcrumbList\",\"@id\":\"https:\\\/\\\/www.laguiadepamplona.com\\\/actualidad\\\/se-constituye-el-grupo-motor-que-liderara-el-proceso-de-cambio-de-modelo-turistico-de-la-ciudad-para-2024\\\/#breadcrumb\",\"itemListElement\":[{\"@type\":\"ListItem\",\"position\":1,\"name\":\"Portada\",\"item\":\"https:\\\/\\\/www.laguiadepamplona.com\\\/actualidad\\\/\"},{\"@type\":\"ListItem\",\"position\":2,\"name\":\"Se constituye el grupo motor que liderar\u00e1 el proceso de cambio de modelo tur\u00edstico de la ciudad para 2024\"}]},{\"@type\":\"WebSite\",\"@id\":\"https:\\\/\\\/www.laguiadepamplona.com\\\/actualidad\\\/#website\",\"url\":\"https:\\\/\\\/www.laguiadepamplona.com\\\/actualidad\\\/\",\"name\":\"La gu\u00eda de Pamplona\",\"description\":\"Noticias de Pamplona\",\"publisher\":{\"@id\":\"https:\\\/\\\/www.laguiadepamplona.com\\\/actualidad\\\/#organization\"},\"potentialAction\":[{\"@type\":\"SearchAction\",\"target\":{\"@type\":\"EntryPoint\",\"urlTemplate\":\"https:\\\/\\\/www.laguiadepamplona.com\\\/actualidad\\\/?s={search_term_string}\"},\"query-input\":{\"@type\":\"PropertyValueSpecification\",\"valueRequired\":true,\"valueName\":\"search_term_string\"}}],\"inLanguage\":\"es\"},{\"@type\":\"Organization\",\"@id\":\"https:\\\/\\\/www.laguiadepamplona.com\\\/actualidad\\\/#organization\",\"name\":\"La Gu\u00eda de Pamplona \\\/ Noticias\",\"url\":\"https:\\\/\\\/www.laguiadepamplona.com\\\/actualidad\\\/\",\"logo\":{\"@type\":\"ImageObject\",\"inLanguage\":\"es\",\"@id\":\"https:\\\/\\\/www.laguiadepamplona.com\\\/actualidad\\\/#\\\/schema\\\/logo\\\/image\\\/\",\"url\":\"https:\\\/\\\/www.laguiadepamplona.com\\\/actualidad\\\/wp-content\\\/uploads\\\/2018\\\/11\\\/logo-laguiadepamplona18-web1.png\",\"contentUrl\":\"https:\\\/\\\/www.laguiadepamplona.com\\\/actualidad\\\/wp-content\\\/uploads\\\/2018\\\/11\\\/logo-laguiadepamplona18-web1.png\",\"width\":600,\"height\":196,\"caption\":\"La Gu\u00eda de Pamplona \\\/ Noticias\"},\"image\":{\"@id\":\"https:\\\/\\\/www.laguiadepamplona.com\\\/actualidad\\\/#\\\/schema\\\/logo\\\/image\\\/\"},\"sameAs\":[\"https:\\\/\\\/www.facebook.com\\\/laguiadepamplonacom-133175176762273\\\/?ref=hl\",\"https:\\\/\\\/x.com\\\/LaGuiadPamplona\",\"https:\\\/\\\/www.instagram.com\\\/la_guia_de_pamplona\\\/\",\"https:\\\/\\\/www.youtube.com\\\/user\\\/laguiadepamplona\"]},{\"@type\":\"Person\",\"@id\":\"https:\\\/\\\/www.laguiadepamplona.com\\\/actualidad\\\/#\\\/schema\\\/person\\\/efe887376f0213d4657c93adc50b1fdb\",\"name\":\"La Gu\u00eda de Pamplona\",\"image\":{\"@type\":\"ImageObject\",\"inLanguage\":\"es\",\"@id\":\"https:\\\/\\\/secure.gravatar.com\\\/avatar\\\/b6992f131dc8d30ab0dff15446e9d346d9dbd95992de0fef795073f5ea83a81c?s=96&d=mm&r=g\",\"url\":\"https:\\\/\\\/secure.gravatar.com\\\/avatar\\\/b6992f131dc8d30ab0dff15446e9d346d9dbd95992de0fef795073f5ea83a81c?s=96&d=mm&r=g\",\"contentUrl\":\"https:\\\/\\\/secure.gravatar.com\\\/avatar\\\/b6992f131dc8d30ab0dff15446e9d346d9dbd95992de0fef795073f5ea83a81c?s=96&d=mm&r=g\",\"caption\":\"La Gu\u00eda de Pamplona\"}}]}<\/script>\n<!-- \/ Yoast SEO plugin. -->","yoast_head_json":{"title":"Se constituye el grupo motor que liderar\u00e1 el proceso de cambio de modelo tur\u00edstico de la ciudad para 2024","description":"El plan de Pamplona ha recibido 5,5 millones de los Fondos Netx Generation EU v\u00eda Plan de Recuperaci\u00f3n, Transformaci\u00f3n y Resiliencia","robots":{"index":"index","follow":"follow","max-snippet":"max-snippet:-1","max-image-preview":"max-image-preview:large","max-video-preview":"max-video-preview:-1"},"canonical":"https:\/\/www.laguiadepamplona.com\/actualidad\/se-constituye-el-grupo-motor-que-liderara-el-proceso-de-cambio-de-modelo-turistico-de-la-ciudad-para-2024\/","og_locale":"es_ES","og_type":"article","og_title":"Se constituye el grupo motor que liderar\u00e1 el proceso de cambio de modelo tur\u00edstico de la ciudad para 2024","og_description":"El plan de Pamplona ha recibido 5,5 millones de los Fondos Netx Generation EU v\u00eda Plan de Recuperaci\u00f3n, Transformaci\u00f3n y Resiliencia","og_url":"https:\/\/www.laguiadepamplona.com\/actualidad\/se-constituye-el-grupo-motor-que-liderara-el-proceso-de-cambio-de-modelo-turistico-de-la-ciudad-para-2024\/","og_site_name":"La Gu\u00eda de Pamplona","article_publisher":"https:\/\/www.facebook.com\/laguiadepamplonacom-133175176762273\/?ref=hl","article_published_time":"2023-04-04T11:31:11+00:00","article_modified_time":"2023-04-11T09:46:53+00:00","og_image":[{"width":1920,"height":1280,"url":"https:\/\/www.laguiadepamplona.com\/actualidad\/wp-content\/uploads\/2023\/04\/grupo-motor-de-turismo-condestable-nb2823.webp","type":"image\/webp"}],"author":"La Gu\u00eda de Pamplona","twitter_card":"summary_large_image","twitter_creator":"@LaGuiadPamplona","twitter_site":"@LaGuiadPamplona","twitter_misc":{"Escrito por":"La Gu\u00eda de Pamplona","Tiempo de lectura":"2 minutos"},"schema":{"@context":"https:\/\/schema.org","@graph":[{"@type":"Article","@id":"https:\/\/www.laguiadepamplona.com\/actualidad\/se-constituye-el-grupo-motor-que-liderara-el-proceso-de-cambio-de-modelo-turistico-de-la-ciudad-para-2024\/#article","isPartOf":{"@id":"https:\/\/www.laguiadepamplona.com\/actualidad\/se-constituye-el-grupo-motor-que-liderara-el-proceso-de-cambio-de-modelo-turistico-de-la-ciudad-para-2024\/"},"author":{"name":"La Gu\u00eda de Pamplona","@id":"https:\/\/www.laguiadepamplona.com\/actualidad\/#\/schema\/person\/efe887376f0213d4657c93adc50b1fdb"},"headline":"Se constituye el grupo motor que liderar\u00e1 el proceso de cambio de modelo tur\u00edstico de la ciudad para 2024","datePublished":"2023-04-04T11:31:11+00:00","dateModified":"2023-04-11T09:46:53+00:00","mainEntityOfPage":{"@id":"https:\/\/www.laguiadepamplona.com\/actualidad\/se-constituye-el-grupo-motor-que-liderara-el-proceso-de-cambio-de-modelo-turistico-de-la-ciudad-para-2024\/"},"wordCount":391,"commentCount":0,"publisher":{"@id":"https:\/\/www.laguiadepamplona.com\/actualidad\/#organization"},"image":{"@id":"https:\/\/www.laguiadepamplona.com\/actualidad\/se-constituye-el-grupo-motor-que-liderara-el-proceso-de-cambio-de-modelo-turistico-de-la-ciudad-para-2024\/#primaryimage"},"thumbnailUrl":"https:\/\/www.laguiadepamplona.com\/actualidad\/wp-content\/uploads\/2023\/04\/grupo-motor-de-turismo-condestable-nb2823.webp","articleSection":["Ayto Pamplona"],"inLanguage":"es","potentialAction":[{"@type":"CommentAction","name":"Comment","target":["https:\/\/www.laguiadepamplona.com\/actualidad\/se-constituye-el-grupo-motor-que-liderara-el-proceso-de-cambio-de-modelo-turistico-de-la-ciudad-para-2024\/#respond"]}]},{"@type":"WebPage","@id":"https:\/\/www.laguiadepamplona.com\/actualidad\/se-constituye-el-grupo-motor-que-liderara-el-proceso-de-cambio-de-modelo-turistico-de-la-ciudad-para-2024\/","url":"https:\/\/www.laguiadepamplona.com\/actualidad\/se-constituye-el-grupo-motor-que-liderara-el-proceso-de-cambio-de-modelo-turistico-de-la-ciudad-para-2024\/","name":"Se constituye el grupo motor que liderar\u00e1 el proceso de cambio de modelo tur\u00edstico de la ciudad para 2024","isPartOf":{"@id":"https:\/\/www.laguiadepamplona.com\/actualidad\/#website"},"primaryImageOfPage":{"@id":"https:\/\/www.laguiadepamplona.com\/actualidad\/se-constituye-el-grupo-motor-que-liderara-el-proceso-de-cambio-de-modelo-turistico-de-la-ciudad-para-2024\/#primaryimage"},"image":{"@id":"https:\/\/www.laguiadepamplona.com\/actualidad\/se-constituye-el-grupo-motor-que-liderara-el-proceso-de-cambio-de-modelo-turistico-de-la-ciudad-para-2024\/#primaryimage"},"thumbnailUrl":"https:\/\/www.laguiadepamplona.com\/actualidad\/wp-content\/uploads\/2023\/04\/grupo-motor-de-turismo-condestable-nb2823.webp","datePublished":"2023-04-04T11:31:11+00:00","dateModified":"2023-04-11T09:46:53+00:00","description":"El plan de Pamplona ha recibido 5,5 millones de los Fondos Netx Generation EU v\u00eda Plan de Recuperaci\u00f3n, Transformaci\u00f3n y Resiliencia","breadcrumb":{"@id":"https:\/\/www.laguiadepamplona.com\/actualidad\/se-constituye-el-grupo-motor-que-liderara-el-proceso-de-cambio-de-modelo-turistico-de-la-ciudad-para-2024\/#breadcrumb"},"inLanguage":"es","potentialAction":[{"@type":"ReadAction","target":["https:\/\/www.laguiadepamplona.com\/actualidad\/se-constituye-el-grupo-motor-que-liderara-el-proceso-de-cambio-de-modelo-turistico-de-la-ciudad-para-2024\/"]}]},{"@type":"ImageObject","inLanguage":"es","@id":"https:\/\/www.laguiadepamplona.com\/actualidad\/se-constituye-el-grupo-motor-que-liderara-el-proceso-de-cambio-de-modelo-turistico-de-la-ciudad-para-2024\/#primaryimage","url":"https:\/\/www.laguiadepamplona.com\/actualidad\/wp-content\/uploads\/2023\/04\/grupo-motor-de-turismo-condestable-nb2823.webp","contentUrl":"https:\/\/www.laguiadepamplona.com\/actualidad\/wp-content\/uploads\/2023\/04\/grupo-motor-de-turismo-condestable-nb2823.webp","width":1920,"height":1280},{"@type":"BreadcrumbList","@id":"https:\/\/www.laguiadepamplona.com\/actualidad\/se-constituye-el-grupo-motor-que-liderara-el-proceso-de-cambio-de-modelo-turistico-de-la-ciudad-para-2024\/#breadcrumb","itemListElement":[{"@type":"ListItem","position":1,"name":"Portada","item":"https:\/\/www.laguiadepamplona.com\/actualidad\/"},{"@type":"ListItem","position":2,"name":"Se constituye el grupo motor que liderar\u00e1 el proceso de cambio de modelo tur\u00edstico de la ciudad para 2024"}]},{"@type":"WebSite","@id":"https:\/\/www.laguiadepamplona.com\/actualidad\/#website","url":"https:\/\/www.laguiadepamplona.com\/actualidad\/","name":"La gu\u00eda de Pamplona","description":"Noticias de Pamplona","publisher":{"@id":"https:\/\/www.laguiadepamplona.com\/actualidad\/#organization"},"potentialAction":[{"@type":"SearchAction","target":{"@type":"EntryPoint","urlTemplate":"https:\/\/www.laguiadepamplona.com\/actualidad\/?s={search_term_string}"},"query-input":{"@type":"PropertyValueSpecification","valueRequired":true,"valueName":"search_term_string"}}],"inLanguage":"es"},{"@type":"Organization","@id":"https:\/\/www.laguiadepamplona.com\/actualidad\/#organization","name":"La Gu\u00eda de Pamplona \/ Noticias","url":"https:\/\/www.laguiadepamplona.com\/actualidad\/","logo":{"@type":"ImageObject","inLanguage":"es","@id":"https:\/\/www.laguiadepamplona.com\/actualidad\/#\/schema\/logo\/image\/","url":"https:\/\/www.laguiadepamplona.com\/actualidad\/wp-content\/uploads\/2018\/11\/logo-laguiadepamplona18-web1.png","contentUrl":"https:\/\/www.laguiadepamplona.com\/actualidad\/wp-content\/uploads\/2018\/11\/logo-laguiadepamplona18-web1.png","width":600,"height":196,"caption":"La Gu\u00eda de Pamplona \/ Noticias"},"image":{"@id":"https:\/\/www.laguiadepamplona.com\/actualidad\/#\/schema\/logo\/image\/"},"sameAs":["https:\/\/www.facebook.com\/laguiadepamplonacom-133175176762273\/?ref=hl","https:\/\/x.com\/LaGuiadPamplona","https:\/\/www.instagram.com\/la_guia_de_pamplona\/","https:\/\/www.youtube.com\/user\/laguiadepamplona"]},{"@type":"Person","@id":"https:\/\/www.laguiadepamplona.com\/actualidad\/#\/schema\/person\/efe887376f0213d4657c93adc50b1fdb","name":"La Gu\u00eda de Pamplona","image":{"@type":"ImageObject","inLanguage":"es","@id":"https:\/\/secure.gravatar.com\/avatar\/b6992f131dc8d30ab0dff15446e9d346d9dbd95992de0fef795073f5ea83a81c?s=96&d=mm&r=g","url":"https:\/\/secure.gravatar.com\/avatar\/b6992f131dc8d30ab0dff15446e9d346d9dbd95992de0fef795073f5ea83a81c?s=96&d=mm&r=g","contentUrl":"https:\/\/secure.gravatar.com\/avatar\/b6992f131dc8d30ab0dff15446e9d346d9dbd95992de0fef795073f5ea83a81c?s=96&d=mm&r=g","caption":"La Gu\u00eda de Pamplona"}}]}},"post_mailing_queue_ids":[],"_links":{"self":[{"href":"https:\/\/www.laguiadepamplona.com\/actualidad\/wp-json\/wp\/v2\/posts\/43434","targetHints":{"allow":["GET"]}}],"collection":[{"href":"https:\/\/www.laguiadepamplona.com\/actualidad\/wp-json\/wp\/v2\/posts"}],"about":[{"href":"https:\/\/www.laguiadepamplona.com\/actualidad\/wp-json\/wp\/v2\/types\/post"}],"author":[{"embeddable":true,"href":"https:\/\/www.laguiadepamplona.com\/actualidad\/wp-json\/wp\/v2\/users\/1"}],"replies":[{"embeddable":true,"href":"https:\/\/www.laguiadepamplona.com\/actualidad\/wp-json\/wp\/v2\/comments?post=43434"}],"version-history":[{"count":0,"href":"https:\/\/www.laguiadepamplona.com\/actualidad\/wp-json\/wp\/v2\/posts\/43434\/revisions"}],"wp:featuredmedia":[{"embeddable":true,"href":"https:\/\/www.laguiadepamplona.com\/actualidad\/wp-json\/wp\/v2\/media\/43435"}],"wp:attachment":[{"href":"https:\/\/www.laguiadepamplona.com\/actualidad\/wp-json\/wp\/v2\/media?parent=43434"}],"wp:term":[{"taxonomy":"category","embeddable":true,"href":"https:\/\/www.laguiadepamplona.com\/actualidad\/wp-json\/wp\/v2\/categories?post=43434"},{"taxonomy":"post_tag","embeddable":true,"href":"https:\/\/www.laguiadepamplona.com\/actualidad\/wp-json\/wp\/v2\/tags?post=43434"}],"curies":[{"name":"wp","href":"https:\/\/api.w.org\/{rel}","templated":true}]}}