{"id":43431,"date":"2023-04-04T12:35:35","date_gmt":"2023-04-04T10:35:35","guid":{"rendered":"https:\/\/www.laguiadepamplona.com\/actualidad\/?p=43431"},"modified":"2023-04-11T11:46:53","modified_gmt":"2023-04-11T09:46:53","slug":"comienza-el-proceso-para-crear-el-archivo-de-los-sanfermines-un-repositorio-de-patrimonio-en-torno-a-las-fiestas-de-pamplona-que-estara-siempre-en-construccion","status":"publish","type":"post","link":"https:\/\/www.laguiadepamplona.com\/actualidad\/comienza-el-proceso-para-crear-el-archivo-de-los-sanfermines-un-repositorio-de-patrimonio-en-torno-a-las-fiestas-de-pamplona-que-estara-siempre-en-construccion\/","title":{"rendered":"Comienza el proceso para crear el \u2018Archivo de los Sanfermines\u2019, un repositorio de patrimonio en torno a las fiestas de Pamplona que estar\u00e1 siempre en construcci\u00f3n"},"content":{"rendered":"<h5>La ciudadan\u00eda puede aportar fondos a esta iniciativa que se enmarca en \u2018SF 365\u2019, el Plan de Sostenibilidad Tur\u00edstica en Destino<\/h5>\n<p><!--more--><\/p>\n<p>El Ayuntamiento de Pamplona ha abierto el plazo para que la ciudadan\u00eda pueda colaborar y aportar fondos al \u2018Archivo de los Sanfermines\u2019, un repositorio del patrimonio cultural formado por elementos f\u00edsicos e inmateriales que permita la interpretaci\u00f3n, conocimiento y divulgaci\u00f3n hist\u00f3rica de las fiestas de San Ferm\u00edn. Ser\u00e1 un repositorio libre de derechos, aunque la propiedad de los elementos sea del propio Ayuntamiento u otras entidades p\u00fablicas o privadas.<\/p>\n<p>En esta fase del proyecto cualquier persona, entidad, organismo o instituci\u00f3n, a trav\u00e9s del espacio web <a href=\"http:\/\/www.archivosanfermines.pamplona.es\" target=\"_blank\" rel=\"noopener\">www.archivosanfermines.pamplona.es<\/a> puede colaborar aportando materiales (fotograf\u00edas, videos, canciones, objetos, recuerdos\u2026) o explicitando en el formulario on line la referencia del material del que se dispone. Ser\u00e1 un fondo digital por lo que las personas propietarias no se desprender\u00e1n de sus materiales sino ceder la imagen escaneada para incorporarla a los fondos del archivo. Una vez analizado el material, personal t\u00e9cnico del Archivo Municipal de Pamplona establecer\u00e1 contacto con la persona a trav\u00e9s del correo electr\u00f3nico.<br \/>\n<script async src=\"\/\/pagead2.googlesyndication.com\/pagead\/js\/adsbygoogle.js\"><\/script><br \/>\n<!-- Noticias La Guia de Pamplona --><br \/>\n<ins class=\"adsbygoogle\"\nstyle=\"display:block\"\ndata-ad-client=\"ca-pub-6943679897239327\"\ndata-ad-slot=\"7048180777\"\ndata-ad-format=\"auto\"><\/ins><br \/>\n<script>\n(adsbygoogle = window.adsbygoogle || []).push({});\n<\/script><\/p>\n<p>Todo lo recibido se analizar\u00e1, clasificar\u00e1 y valorar\u00e1 para establecer su entrada al \u2018Archivo de los Sanfermines\u2019, una de las l\u00edneas de trabajo que integran \u2018San Ferm\u00edn 365\u2019 (del Plan de Sostenibilidad Tur\u00edstica en Destino (PSTD), en su l\u00ednea de \u2018transici\u00f3n digital\u2019. Este plan supone una propuesta de inversi\u00f3n para transformaci\u00f3n del modelo tur\u00edstico hacia la sostenibilidad con horizonte 2024. Para hacerlo realidad Pamplona ha recibido 5,5 millones de los Fondos Next Generation EU a trav\u00e9s del Plan de Recuperaci\u00f3n, Transformaci\u00f3n y Resiliencia. En la propuesta tambi\u00e9n colabora Gobierno de Navarra.<\/p>\n<p>Las fiestas de San Ferm\u00edn fueron declaradas \u2018Fiestas de inter\u00e9s tur\u00edstico nacional e internacional\u2019 el 25 de enero de 1965 y reclasificadas en 1980 lo que reconoce su inter\u00e9s tur\u00edstico real por su antig\u00fcedad, continuidad en el tiempo, arraigo y participaci\u00f3n ciudadana, as\u00ed como la originalidad y diversidad de los actos y las acciones promocionales que se realizan en torno a ellas. Cada a\u00f1o Pamplona alberga miles de visitantes de todo el mundo que llegan a la ciudad atra\u00eddos por la fiesta, pero solo del 6 al 14 de julio. La necesidad de desestacionalizar los Sanfermines es una conclusi\u00f3n recurrente en los foros de reflexi\u00f3n de los \u00faltimos a\u00f1os cuando se debate sobre la redefinici\u00f3n de las fiestas y su peso en la imagen de marca de la ciudad.<\/p>\n<p>El \u2018Archivo de los Sanfermines\u2019 y la adecuaci\u00f3n del antiguo Cuerpo de Guardia del Portal de Rochapea como centro expositivo tem\u00e1tico \u2018Centro de experiencias SF365\u2019, son dos iniciativas conectadas que persiguen ese objetivo. El repositorio, adem\u00e1s, quiere proteger y preservar para futuras generaciones el patrimonio cultural vinculado a la fiesta que es, en definitiva, salvaguardar parte de la identidad cultural de Pamplona.<br \/>\n<script async src=\"\/\/pagead2.googlesyndication.com\/pagead\/js\/adsbygoogle.js\"><\/script><br \/>\n<!-- Noticias La Guia de Pamplona --><br \/>\n<ins class=\"adsbygoogle\"\nstyle=\"display:block\"\ndata-ad-client=\"ca-pub-6943679897239327\"\ndata-ad-slot=\"7048180777\"\ndata-ad-format=\"auto\"><\/ins><br \/>\n<script>\n(adsbygoogle = window.adsbygoogle || []).push({});\n<\/script><\/p>\n<p><strong>Un fondo exhaustivo y \u2018siempre vivo\u2019<\/strong><\/p>\n<p>El Consistorio licit\u00f3 a principios de a\u00f1o el desarrollo del plan director de esta iniciativa y los trabajos fueron finalmente encomendado a la empresa GesArDoc \u2013Gesti\u00f3n de Archivos y Documentaci\u00f3n S.L., siempre bajo la supervisi\u00f3n del personal t\u00e9cnico municipal. Esta empresa ha trabajado para distintos archivos de la Administraci\u00f3n Central; para archivos auton\u00f3micos como los de Madrid o Valencia; archivos hist\u00f3ricos provinciales como los de Granada y O\u00f1ati y archivos generales del Estado como el Archivo Hist\u00f3rico Nacional o el Centro documental de la memoria Hist\u00f3rica, Indias y Simancas, entre otros.<\/p>\n<p>Dentro del proyecto, adem\u00e1s de recabar la colaboraci\u00f3n de la ciudadan\u00eda para obtener material e identificar a \u2018agentes clave\u2019 para la creaci\u00f3n del archivo especializado, est\u00e1 previsto el contacto proactivo con un directorio de entidades p\u00fablicas o privadas ya definidas para realizar entrevistas telef\u00f3nicas o personales, o mediante contacto por correo electr\u00f3nico.<br \/>\n<script async src=\"\/\/pagead2.googlesyndication.com\/pagead\/js\/adsbygoogle.js\"><\/script><br \/>\n<!-- Noticias La Guia de Pamplona --><br \/>\n<ins class=\"adsbygoogle\"\nstyle=\"display:block\"\ndata-ad-client=\"ca-pub-6943679897239327\"\ndata-ad-slot=\"7048180777\"\ndata-ad-format=\"auto\"><\/ins><br \/>\n<script>\n(adsbygoogle = window.adsbygoogle || []).push({});\n<\/script><\/p>\n<p>Asimismo, se \u2018mapear\u00e1n\u2019 los espacios y los fondos de la propia entidad local, que conserva en muy diversas \u00e1reas administrativas una gran cantidad de elementos producidos por el Consistorio o referencias de actividades (programas, expedientes de festejos, carteles. Fotograf\u00edas, v\u00eddeos, etc.). Todos los materiales se seleccionar\u00e1n conforme a criterios de antig\u00fcedad, autenticidad, valor hist\u00f3rico, art\u00edstico o est\u00e9tico, por su valor simb\u00f3lico y por encontrarse en riesgo por su conservaci\u00f3n, posibilidades de expolio o exportaci\u00f3n, o por su car\u00e1cter \u00fanico o irremplazable.<\/p>\n<p>A mediados de junio el Consistorio tendr\u00e1 un estudio de piezas susceptibles de incorporar al archivo tanto materiales como inmateriales, su ubicaci\u00f3n, estado, propiedad, necesidades de conservaci\u00f3n, etc. de forma que pueda determinar los elementos susceptibles de incorporaci\u00f3n al \u2018Archivo de los Sanfermines\u2019 y los trabajos necesarios para su conservaci\u00f3n. Con esa base, se redactar\u00e1 un plan director que mantenga el fondo \u2018vivo\u2019, enriqueciendo y gestionando el repositorio de bienes culturales materiales e inmateriales ligados a la fiesta.<\/p>\n","protected":false},"excerpt":{"rendered":"<p>La ciudadan\u00eda puede aportar fondos a esta iniciativa que se enmarca en \u2018SF 365\u2019, el Plan de Sostenibilidad Tur\u00edstica en Destino<\/p>\n","protected":false},"author":1,"featured_media":43432,"comment_status":"open","ping_status":"closed","sticky":false,"template":"","format":"standard","meta":{"footnotes":""},"categories":[2],"tags":[],"class_list":["post-43431","post","type-post","status-publish","format-standard","has-post-thumbnail","hentry","category-ayuntamiento-pamplona"],"yoast_head":"<!-- This site is optimized with the Yoast SEO plugin v27.3 - https:\/\/yoast.com\/product\/yoast-seo-wordpress\/ -->\n<title>Comienza el proceso para crear el \u2018Archivo de los Sanfermines\u2019, un repositorio de patrimonio en torno a las fiestas de Pamplona que estar\u00e1 siempre en construcci\u00f3n<\/title>\n<meta name=\"description\" content=\"La ciudadan\u00eda puede aportar fondos a esta iniciativa que se enmarca en \u2018SF 365\u2019, el Plan de Sostenibilidad Tur\u00edstica en Destino\" \/>\n<meta name=\"robots\" content=\"index, follow, max-snippet:-1, max-image-preview:large, max-video-preview:-1\" \/>\n<link rel=\"canonical\" href=\"https:\/\/www.laguiadepamplona.com\/actualidad\/comienza-el-proceso-para-crear-el-archivo-de-los-sanfermines-un-repositorio-de-patrimonio-en-torno-a-las-fiestas-de-pamplona-que-estara-siempre-en-construccion\/\" \/>\n<meta property=\"og:locale\" content=\"es_ES\" \/>\n<meta property=\"og:type\" content=\"article\" \/>\n<meta property=\"og:title\" content=\"Comienza el proceso para crear el \u2018Archivo de los Sanfermines\u2019, un repositorio de patrimonio en torno a las fiestas de Pamplona que estar\u00e1 siempre en construcci\u00f3n\" \/>\n<meta property=\"og:description\" content=\"La ciudadan\u00eda puede aportar fondos a esta iniciativa que se enmarca en \u2018SF 365\u2019, el Plan de Sostenibilidad Tur\u00edstica en Destino\" \/>\n<meta property=\"og:url\" content=\"https:\/\/www.laguiadepamplona.com\/actualidad\/comienza-el-proceso-para-crear-el-archivo-de-los-sanfermines-un-repositorio-de-patrimonio-en-torno-a-las-fiestas-de-pamplona-que-estara-siempre-en-construccion\/\" \/>\n<meta property=\"og:site_name\" content=\"La Gu\u00eda de Pamplona\" \/>\n<meta property=\"article:publisher\" content=\"https:\/\/www.facebook.com\/laguiadepamplonacom-133175176762273\/?ref=hl\" \/>\n<meta property=\"article:published_time\" content=\"2023-04-04T10:35:35+00:00\" \/>\n<meta property=\"article:modified_time\" content=\"2023-04-11T09:46:53+00:00\" \/>\n<meta property=\"og:image\" content=\"https:\/\/www.laguiadepamplona.com\/actualidad\/wp-content\/uploads\/2023\/04\/archivo-san-fermin.webp\" \/>\n\t<meta property=\"og:image:width\" content=\"1425\" \/>\n\t<meta property=\"og:image:height\" content=\"902\" \/>\n\t<meta property=\"og:image:type\" content=\"image\/webp\" \/>\n<meta name=\"author\" content=\"La Gu\u00eda de Pamplona\" \/>\n<meta name=\"twitter:card\" content=\"summary_large_image\" \/>\n<meta name=\"twitter:creator\" content=\"@LaGuiadPamplona\" \/>\n<meta name=\"twitter:site\" content=\"@LaGuiadPamplona\" \/>\n<meta name=\"twitter:label1\" content=\"Escrito por\" \/>\n\t<meta name=\"twitter:data1\" content=\"La Gu\u00eda de Pamplona\" \/>\n\t<meta name=\"twitter:label2\" content=\"Tiempo de lectura\" \/>\n\t<meta name=\"twitter:data2\" content=\"4 minutos\" \/>\n<script type=\"application\/ld+json\" class=\"yoast-schema-graph\">{\"@context\":\"https:\\\/\\\/schema.org\",\"@graph\":[{\"@type\":\"Article\",\"@id\":\"https:\\\/\\\/www.laguiadepamplona.com\\\/actualidad\\\/comienza-el-proceso-para-crear-el-archivo-de-los-sanfermines-un-repositorio-de-patrimonio-en-torno-a-las-fiestas-de-pamplona-que-estara-siempre-en-construccion\\\/#article\",\"isPartOf\":{\"@id\":\"https:\\\/\\\/www.laguiadepamplona.com\\\/actualidad\\\/comienza-el-proceso-para-crear-el-archivo-de-los-sanfermines-un-repositorio-de-patrimonio-en-torno-a-las-fiestas-de-pamplona-que-estara-siempre-en-construccion\\\/\"},\"author\":{\"name\":\"La Gu\u00eda de Pamplona\",\"@id\":\"https:\\\/\\\/www.laguiadepamplona.com\\\/actualidad\\\/#\\\/schema\\\/person\\\/efe887376f0213d4657c93adc50b1fdb\"},\"headline\":\"Comienza el proceso para crear el \u2018Archivo de los Sanfermines\u2019, un repositorio de patrimonio en torno a las fiestas de Pamplona que estar\u00e1 siempre en construcci\u00f3n\",\"datePublished\":\"2023-04-04T10:35:35+00:00\",\"dateModified\":\"2023-04-11T09:46:53+00:00\",\"mainEntityOfPage\":{\"@id\":\"https:\\\/\\\/www.laguiadepamplona.com\\\/actualidad\\\/comienza-el-proceso-para-crear-el-archivo-de-los-sanfermines-un-repositorio-de-patrimonio-en-torno-a-las-fiestas-de-pamplona-que-estara-siempre-en-construccion\\\/\"},\"wordCount\":871,\"commentCount\":0,\"publisher\":{\"@id\":\"https:\\\/\\\/www.laguiadepamplona.com\\\/actualidad\\\/#organization\"},\"image\":{\"@id\":\"https:\\\/\\\/www.laguiadepamplona.com\\\/actualidad\\\/comienza-el-proceso-para-crear-el-archivo-de-los-sanfermines-un-repositorio-de-patrimonio-en-torno-a-las-fiestas-de-pamplona-que-estara-siempre-en-construccion\\\/#primaryimage\"},\"thumbnailUrl\":\"https:\\\/\\\/www.laguiadepamplona.com\\\/actualidad\\\/wp-content\\\/uploads\\\/2023\\\/04\\\/archivo-san-fermin.webp\",\"articleSection\":[\"Ayto Pamplona\"],\"inLanguage\":\"es\",\"potentialAction\":[{\"@type\":\"CommentAction\",\"name\":\"Comment\",\"target\":[\"https:\\\/\\\/www.laguiadepamplona.com\\\/actualidad\\\/comienza-el-proceso-para-crear-el-archivo-de-los-sanfermines-un-repositorio-de-patrimonio-en-torno-a-las-fiestas-de-pamplona-que-estara-siempre-en-construccion\\\/#respond\"]}]},{\"@type\":\"WebPage\",\"@id\":\"https:\\\/\\\/www.laguiadepamplona.com\\\/actualidad\\\/comienza-el-proceso-para-crear-el-archivo-de-los-sanfermines-un-repositorio-de-patrimonio-en-torno-a-las-fiestas-de-pamplona-que-estara-siempre-en-construccion\\\/\",\"url\":\"https:\\\/\\\/www.laguiadepamplona.com\\\/actualidad\\\/comienza-el-proceso-para-crear-el-archivo-de-los-sanfermines-un-repositorio-de-patrimonio-en-torno-a-las-fiestas-de-pamplona-que-estara-siempre-en-construccion\\\/\",\"name\":\"Comienza el proceso para crear el \u2018Archivo de los Sanfermines\u2019, un repositorio de patrimonio en torno a las fiestas de Pamplona que estar\u00e1 siempre en construcci\u00f3n\",\"isPartOf\":{\"@id\":\"https:\\\/\\\/www.laguiadepamplona.com\\\/actualidad\\\/#website\"},\"primaryImageOfPage\":{\"@id\":\"https:\\\/\\\/www.laguiadepamplona.com\\\/actualidad\\\/comienza-el-proceso-para-crear-el-archivo-de-los-sanfermines-un-repositorio-de-patrimonio-en-torno-a-las-fiestas-de-pamplona-que-estara-siempre-en-construccion\\\/#primaryimage\"},\"image\":{\"@id\":\"https:\\\/\\\/www.laguiadepamplona.com\\\/actualidad\\\/comienza-el-proceso-para-crear-el-archivo-de-los-sanfermines-un-repositorio-de-patrimonio-en-torno-a-las-fiestas-de-pamplona-que-estara-siempre-en-construccion\\\/#primaryimage\"},\"thumbnailUrl\":\"https:\\\/\\\/www.laguiadepamplona.com\\\/actualidad\\\/wp-content\\\/uploads\\\/2023\\\/04\\\/archivo-san-fermin.webp\",\"datePublished\":\"2023-04-04T10:35:35+00:00\",\"dateModified\":\"2023-04-11T09:46:53+00:00\",\"description\":\"La ciudadan\u00eda puede aportar fondos a esta iniciativa que se enmarca en \u2018SF 365\u2019, el Plan de Sostenibilidad Tur\u00edstica en Destino\",\"breadcrumb\":{\"@id\":\"https:\\\/\\\/www.laguiadepamplona.com\\\/actualidad\\\/comienza-el-proceso-para-crear-el-archivo-de-los-sanfermines-un-repositorio-de-patrimonio-en-torno-a-las-fiestas-de-pamplona-que-estara-siempre-en-construccion\\\/#breadcrumb\"},\"inLanguage\":\"es\",\"potentialAction\":[{\"@type\":\"ReadAction\",\"target\":[\"https:\\\/\\\/www.laguiadepamplona.com\\\/actualidad\\\/comienza-el-proceso-para-crear-el-archivo-de-los-sanfermines-un-repositorio-de-patrimonio-en-torno-a-las-fiestas-de-pamplona-que-estara-siempre-en-construccion\\\/\"]}]},{\"@type\":\"ImageObject\",\"inLanguage\":\"es\",\"@id\":\"https:\\\/\\\/www.laguiadepamplona.com\\\/actualidad\\\/comienza-el-proceso-para-crear-el-archivo-de-los-sanfermines-un-repositorio-de-patrimonio-en-torno-a-las-fiestas-de-pamplona-que-estara-siempre-en-construccion\\\/#primaryimage\",\"url\":\"https:\\\/\\\/www.laguiadepamplona.com\\\/actualidad\\\/wp-content\\\/uploads\\\/2023\\\/04\\\/archivo-san-fermin.webp\",\"contentUrl\":\"https:\\\/\\\/www.laguiadepamplona.com\\\/actualidad\\\/wp-content\\\/uploads\\\/2023\\\/04\\\/archivo-san-fermin.webp\",\"width\":1425,\"height\":902},{\"@type\":\"BreadcrumbList\",\"@id\":\"https:\\\/\\\/www.laguiadepamplona.com\\\/actualidad\\\/comienza-el-proceso-para-crear-el-archivo-de-los-sanfermines-un-repositorio-de-patrimonio-en-torno-a-las-fiestas-de-pamplona-que-estara-siempre-en-construccion\\\/#breadcrumb\",\"itemListElement\":[{\"@type\":\"ListItem\",\"position\":1,\"name\":\"Portada\",\"item\":\"https:\\\/\\\/www.laguiadepamplona.com\\\/actualidad\\\/\"},{\"@type\":\"ListItem\",\"position\":2,\"name\":\"Comienza el proceso para crear el \u2018Archivo de los Sanfermines\u2019, un repositorio de patrimonio en torno a las fiestas de Pamplona que estar\u00e1 siempre en construcci\u00f3n\"}]},{\"@type\":\"WebSite\",\"@id\":\"https:\\\/\\\/www.laguiadepamplona.com\\\/actualidad\\\/#website\",\"url\":\"https:\\\/\\\/www.laguiadepamplona.com\\\/actualidad\\\/\",\"name\":\"La gu\u00eda de Pamplona\",\"description\":\"Noticias de Pamplona\",\"publisher\":{\"@id\":\"https:\\\/\\\/www.laguiadepamplona.com\\\/actualidad\\\/#organization\"},\"potentialAction\":[{\"@type\":\"SearchAction\",\"target\":{\"@type\":\"EntryPoint\",\"urlTemplate\":\"https:\\\/\\\/www.laguiadepamplona.com\\\/actualidad\\\/?s={search_term_string}\"},\"query-input\":{\"@type\":\"PropertyValueSpecification\",\"valueRequired\":true,\"valueName\":\"search_term_string\"}}],\"inLanguage\":\"es\"},{\"@type\":\"Organization\",\"@id\":\"https:\\\/\\\/www.laguiadepamplona.com\\\/actualidad\\\/#organization\",\"name\":\"La Gu\u00eda de Pamplona \\\/ Noticias\",\"url\":\"https:\\\/\\\/www.laguiadepamplona.com\\\/actualidad\\\/\",\"logo\":{\"@type\":\"ImageObject\",\"inLanguage\":\"es\",\"@id\":\"https:\\\/\\\/www.laguiadepamplona.com\\\/actualidad\\\/#\\\/schema\\\/logo\\\/image\\\/\",\"url\":\"https:\\\/\\\/www.laguiadepamplona.com\\\/actualidad\\\/wp-content\\\/uploads\\\/2018\\\/11\\\/logo-laguiadepamplona18-web1.png\",\"contentUrl\":\"https:\\\/\\\/www.laguiadepamplona.com\\\/actualidad\\\/wp-content\\\/uploads\\\/2018\\\/11\\\/logo-laguiadepamplona18-web1.png\",\"width\":600,\"height\":196,\"caption\":\"La Gu\u00eda de Pamplona \\\/ Noticias\"},\"image\":{\"@id\":\"https:\\\/\\\/www.laguiadepamplona.com\\\/actualidad\\\/#\\\/schema\\\/logo\\\/image\\\/\"},\"sameAs\":[\"https:\\\/\\\/www.facebook.com\\\/laguiadepamplonacom-133175176762273\\\/?ref=hl\",\"https:\\\/\\\/x.com\\\/LaGuiadPamplona\",\"https:\\\/\\\/www.instagram.com\\\/la_guia_de_pamplona\\\/\",\"https:\\\/\\\/www.youtube.com\\\/user\\\/laguiadepamplona\"]},{\"@type\":\"Person\",\"@id\":\"https:\\\/\\\/www.laguiadepamplona.com\\\/actualidad\\\/#\\\/schema\\\/person\\\/efe887376f0213d4657c93adc50b1fdb\",\"name\":\"La Gu\u00eda de Pamplona\",\"image\":{\"@type\":\"ImageObject\",\"inLanguage\":\"es\",\"@id\":\"https:\\\/\\\/secure.gravatar.com\\\/avatar\\\/b6992f131dc8d30ab0dff15446e9d346d9dbd95992de0fef795073f5ea83a81c?s=96&d=mm&r=g\",\"url\":\"https:\\\/\\\/secure.gravatar.com\\\/avatar\\\/b6992f131dc8d30ab0dff15446e9d346d9dbd95992de0fef795073f5ea83a81c?s=96&d=mm&r=g\",\"contentUrl\":\"https:\\\/\\\/secure.gravatar.com\\\/avatar\\\/b6992f131dc8d30ab0dff15446e9d346d9dbd95992de0fef795073f5ea83a81c?s=96&d=mm&r=g\",\"caption\":\"La Gu\u00eda de Pamplona\"}}]}<\/script>\n<!-- \/ Yoast SEO plugin. -->","yoast_head_json":{"title":"Comienza el proceso para crear el \u2018Archivo de los Sanfermines\u2019, un repositorio de patrimonio en torno a las fiestas de Pamplona que estar\u00e1 siempre en construcci\u00f3n","description":"La ciudadan\u00eda puede aportar fondos a esta iniciativa que se enmarca en \u2018SF 365\u2019, el Plan de Sostenibilidad Tur\u00edstica en Destino","robots":{"index":"index","follow":"follow","max-snippet":"max-snippet:-1","max-image-preview":"max-image-preview:large","max-video-preview":"max-video-preview:-1"},"canonical":"https:\/\/www.laguiadepamplona.com\/actualidad\/comienza-el-proceso-para-crear-el-archivo-de-los-sanfermines-un-repositorio-de-patrimonio-en-torno-a-las-fiestas-de-pamplona-que-estara-siempre-en-construccion\/","og_locale":"es_ES","og_type":"article","og_title":"Comienza el proceso para crear el \u2018Archivo de los Sanfermines\u2019, un repositorio de patrimonio en torno a las fiestas de Pamplona que estar\u00e1 siempre en construcci\u00f3n","og_description":"La ciudadan\u00eda puede aportar fondos a esta iniciativa que se enmarca en \u2018SF 365\u2019, el Plan de Sostenibilidad Tur\u00edstica en Destino","og_url":"https:\/\/www.laguiadepamplona.com\/actualidad\/comienza-el-proceso-para-crear-el-archivo-de-los-sanfermines-un-repositorio-de-patrimonio-en-torno-a-las-fiestas-de-pamplona-que-estara-siempre-en-construccion\/","og_site_name":"La Gu\u00eda de Pamplona","article_publisher":"https:\/\/www.facebook.com\/laguiadepamplonacom-133175176762273\/?ref=hl","article_published_time":"2023-04-04T10:35:35+00:00","article_modified_time":"2023-04-11T09:46:53+00:00","og_image":[{"width":1425,"height":902,"url":"https:\/\/www.laguiadepamplona.com\/actualidad\/wp-content\/uploads\/2023\/04\/archivo-san-fermin.webp","type":"image\/webp"}],"author":"La Gu\u00eda de Pamplona","twitter_card":"summary_large_image","twitter_creator":"@LaGuiadPamplona","twitter_site":"@LaGuiadPamplona","twitter_misc":{"Escrito por":"La Gu\u00eda de Pamplona","Tiempo de lectura":"4 minutos"},"schema":{"@context":"https:\/\/schema.org","@graph":[{"@type":"Article","@id":"https:\/\/www.laguiadepamplona.com\/actualidad\/comienza-el-proceso-para-crear-el-archivo-de-los-sanfermines-un-repositorio-de-patrimonio-en-torno-a-las-fiestas-de-pamplona-que-estara-siempre-en-construccion\/#article","isPartOf":{"@id":"https:\/\/www.laguiadepamplona.com\/actualidad\/comienza-el-proceso-para-crear-el-archivo-de-los-sanfermines-un-repositorio-de-patrimonio-en-torno-a-las-fiestas-de-pamplona-que-estara-siempre-en-construccion\/"},"author":{"name":"La Gu\u00eda de Pamplona","@id":"https:\/\/www.laguiadepamplona.com\/actualidad\/#\/schema\/person\/efe887376f0213d4657c93adc50b1fdb"},"headline":"Comienza el proceso para crear el \u2018Archivo de los Sanfermines\u2019, un repositorio de patrimonio en torno a las fiestas de Pamplona que estar\u00e1 siempre en construcci\u00f3n","datePublished":"2023-04-04T10:35:35+00:00","dateModified":"2023-04-11T09:46:53+00:00","mainEntityOfPage":{"@id":"https:\/\/www.laguiadepamplona.com\/actualidad\/comienza-el-proceso-para-crear-el-archivo-de-los-sanfermines-un-repositorio-de-patrimonio-en-torno-a-las-fiestas-de-pamplona-que-estara-siempre-en-construccion\/"},"wordCount":871,"commentCount":0,"publisher":{"@id":"https:\/\/www.laguiadepamplona.com\/actualidad\/#organization"},"image":{"@id":"https:\/\/www.laguiadepamplona.com\/actualidad\/comienza-el-proceso-para-crear-el-archivo-de-los-sanfermines-un-repositorio-de-patrimonio-en-torno-a-las-fiestas-de-pamplona-que-estara-siempre-en-construccion\/#primaryimage"},"thumbnailUrl":"https:\/\/www.laguiadepamplona.com\/actualidad\/wp-content\/uploads\/2023\/04\/archivo-san-fermin.webp","articleSection":["Ayto Pamplona"],"inLanguage":"es","potentialAction":[{"@type":"CommentAction","name":"Comment","target":["https:\/\/www.laguiadepamplona.com\/actualidad\/comienza-el-proceso-para-crear-el-archivo-de-los-sanfermines-un-repositorio-de-patrimonio-en-torno-a-las-fiestas-de-pamplona-que-estara-siempre-en-construccion\/#respond"]}]},{"@type":"WebPage","@id":"https:\/\/www.laguiadepamplona.com\/actualidad\/comienza-el-proceso-para-crear-el-archivo-de-los-sanfermines-un-repositorio-de-patrimonio-en-torno-a-las-fiestas-de-pamplona-que-estara-siempre-en-construccion\/","url":"https:\/\/www.laguiadepamplona.com\/actualidad\/comienza-el-proceso-para-crear-el-archivo-de-los-sanfermines-un-repositorio-de-patrimonio-en-torno-a-las-fiestas-de-pamplona-que-estara-siempre-en-construccion\/","name":"Comienza el proceso para crear el \u2018Archivo de los Sanfermines\u2019, un repositorio de patrimonio en torno a las fiestas de Pamplona que estar\u00e1 siempre en construcci\u00f3n","isPartOf":{"@id":"https:\/\/www.laguiadepamplona.com\/actualidad\/#website"},"primaryImageOfPage":{"@id":"https:\/\/www.laguiadepamplona.com\/actualidad\/comienza-el-proceso-para-crear-el-archivo-de-los-sanfermines-un-repositorio-de-patrimonio-en-torno-a-las-fiestas-de-pamplona-que-estara-siempre-en-construccion\/#primaryimage"},"image":{"@id":"https:\/\/www.laguiadepamplona.com\/actualidad\/comienza-el-proceso-para-crear-el-archivo-de-los-sanfermines-un-repositorio-de-patrimonio-en-torno-a-las-fiestas-de-pamplona-que-estara-siempre-en-construccion\/#primaryimage"},"thumbnailUrl":"https:\/\/www.laguiadepamplona.com\/actualidad\/wp-content\/uploads\/2023\/04\/archivo-san-fermin.webp","datePublished":"2023-04-04T10:35:35+00:00","dateModified":"2023-04-11T09:46:53+00:00","description":"La ciudadan\u00eda puede aportar fondos a esta iniciativa que se enmarca en \u2018SF 365\u2019, el Plan de Sostenibilidad Tur\u00edstica en Destino","breadcrumb":{"@id":"https:\/\/www.laguiadepamplona.com\/actualidad\/comienza-el-proceso-para-crear-el-archivo-de-los-sanfermines-un-repositorio-de-patrimonio-en-torno-a-las-fiestas-de-pamplona-que-estara-siempre-en-construccion\/#breadcrumb"},"inLanguage":"es","potentialAction":[{"@type":"ReadAction","target":["https:\/\/www.laguiadepamplona.com\/actualidad\/comienza-el-proceso-para-crear-el-archivo-de-los-sanfermines-un-repositorio-de-patrimonio-en-torno-a-las-fiestas-de-pamplona-que-estara-siempre-en-construccion\/"]}]},{"@type":"ImageObject","inLanguage":"es","@id":"https:\/\/www.laguiadepamplona.com\/actualidad\/comienza-el-proceso-para-crear-el-archivo-de-los-sanfermines-un-repositorio-de-patrimonio-en-torno-a-las-fiestas-de-pamplona-que-estara-siempre-en-construccion\/#primaryimage","url":"https:\/\/www.laguiadepamplona.com\/actualidad\/wp-content\/uploads\/2023\/04\/archivo-san-fermin.webp","contentUrl":"https:\/\/www.laguiadepamplona.com\/actualidad\/wp-content\/uploads\/2023\/04\/archivo-san-fermin.webp","width":1425,"height":902},{"@type":"BreadcrumbList","@id":"https:\/\/www.laguiadepamplona.com\/actualidad\/comienza-el-proceso-para-crear-el-archivo-de-los-sanfermines-un-repositorio-de-patrimonio-en-torno-a-las-fiestas-de-pamplona-que-estara-siempre-en-construccion\/#breadcrumb","itemListElement":[{"@type":"ListItem","position":1,"name":"Portada","item":"https:\/\/www.laguiadepamplona.com\/actualidad\/"},{"@type":"ListItem","position":2,"name":"Comienza el proceso para crear el \u2018Archivo de los Sanfermines\u2019, un repositorio de patrimonio en torno a las fiestas de Pamplona que estar\u00e1 siempre en construcci\u00f3n"}]},{"@type":"WebSite","@id":"https:\/\/www.laguiadepamplona.com\/actualidad\/#website","url":"https:\/\/www.laguiadepamplona.com\/actualidad\/","name":"La gu\u00eda de Pamplona","description":"Noticias de Pamplona","publisher":{"@id":"https:\/\/www.laguiadepamplona.com\/actualidad\/#organization"},"potentialAction":[{"@type":"SearchAction","target":{"@type":"EntryPoint","urlTemplate":"https:\/\/www.laguiadepamplona.com\/actualidad\/?s={search_term_string}"},"query-input":{"@type":"PropertyValueSpecification","valueRequired":true,"valueName":"search_term_string"}}],"inLanguage":"es"},{"@type":"Organization","@id":"https:\/\/www.laguiadepamplona.com\/actualidad\/#organization","name":"La Gu\u00eda de Pamplona \/ Noticias","url":"https:\/\/www.laguiadepamplona.com\/actualidad\/","logo":{"@type":"ImageObject","inLanguage":"es","@id":"https:\/\/www.laguiadepamplona.com\/actualidad\/#\/schema\/logo\/image\/","url":"https:\/\/www.laguiadepamplona.com\/actualidad\/wp-content\/uploads\/2018\/11\/logo-laguiadepamplona18-web1.png","contentUrl":"https:\/\/www.laguiadepamplona.com\/actualidad\/wp-content\/uploads\/2018\/11\/logo-laguiadepamplona18-web1.png","width":600,"height":196,"caption":"La Gu\u00eda de Pamplona \/ Noticias"},"image":{"@id":"https:\/\/www.laguiadepamplona.com\/actualidad\/#\/schema\/logo\/image\/"},"sameAs":["https:\/\/www.facebook.com\/laguiadepamplonacom-133175176762273\/?ref=hl","https:\/\/x.com\/LaGuiadPamplona","https:\/\/www.instagram.com\/la_guia_de_pamplona\/","https:\/\/www.youtube.com\/user\/laguiadepamplona"]},{"@type":"Person","@id":"https:\/\/www.laguiadepamplona.com\/actualidad\/#\/schema\/person\/efe887376f0213d4657c93adc50b1fdb","name":"La Gu\u00eda de Pamplona","image":{"@type":"ImageObject","inLanguage":"es","@id":"https:\/\/secure.gravatar.com\/avatar\/b6992f131dc8d30ab0dff15446e9d346d9dbd95992de0fef795073f5ea83a81c?s=96&d=mm&r=g","url":"https:\/\/secure.gravatar.com\/avatar\/b6992f131dc8d30ab0dff15446e9d346d9dbd95992de0fef795073f5ea83a81c?s=96&d=mm&r=g","contentUrl":"https:\/\/secure.gravatar.com\/avatar\/b6992f131dc8d30ab0dff15446e9d346d9dbd95992de0fef795073f5ea83a81c?s=96&d=mm&r=g","caption":"La Gu\u00eda de Pamplona"}}]}},"post_mailing_queue_ids":[],"_links":{"self":[{"href":"https:\/\/www.laguiadepamplona.com\/actualidad\/wp-json\/wp\/v2\/posts\/43431","targetHints":{"allow":["GET"]}}],"collection":[{"href":"https:\/\/www.laguiadepamplona.com\/actualidad\/wp-json\/wp\/v2\/posts"}],"about":[{"href":"https:\/\/www.laguiadepamplona.com\/actualidad\/wp-json\/wp\/v2\/types\/post"}],"author":[{"embeddable":true,"href":"https:\/\/www.laguiadepamplona.com\/actualidad\/wp-json\/wp\/v2\/users\/1"}],"replies":[{"embeddable":true,"href":"https:\/\/www.laguiadepamplona.com\/actualidad\/wp-json\/wp\/v2\/comments?post=43431"}],"version-history":[{"count":0,"href":"https:\/\/www.laguiadepamplona.com\/actualidad\/wp-json\/wp\/v2\/posts\/43431\/revisions"}],"wp:featuredmedia":[{"embeddable":true,"href":"https:\/\/www.laguiadepamplona.com\/actualidad\/wp-json\/wp\/v2\/media\/43432"}],"wp:attachment":[{"href":"https:\/\/www.laguiadepamplona.com\/actualidad\/wp-json\/wp\/v2\/media?parent=43431"}],"wp:term":[{"taxonomy":"category","embeddable":true,"href":"https:\/\/www.laguiadepamplona.com\/actualidad\/wp-json\/wp\/v2\/categories?post=43431"},{"taxonomy":"post_tag","embeddable":true,"href":"https:\/\/www.laguiadepamplona.com\/actualidad\/wp-json\/wp\/v2\/tags?post=43431"}],"curies":[{"name":"wp","href":"https:\/\/api.w.org\/{rel}","templated":true}]}}