{"id":43425,"date":"2023-04-04T12:31:59","date_gmt":"2023-04-04T10:31:59","guid":{"rendered":"https:\/\/www.laguiadepamplona.com\/actualidad\/?p=43425"},"modified":"2023-04-11T11:46:53","modified_gmt":"2023-04-11T09:46:53","slug":"papel-continuo-pintado-para-reparar-la-memoria-de-la-pioneras-dentro-de-un-proyecto-de-aprendizaje-servicio","status":"publish","type":"post","link":"https:\/\/www.laguiadepamplona.com\/actualidad\/papel-continuo-pintado-para-reparar-la-memoria-de-la-pioneras-dentro-de-un-proyecto-de-aprendizaje-servicio\/","title":{"rendered":"Papel continuo pintado para reparar la memoria de la pioneras dentro de un proyecto de Aprendizaje-Servicio"},"content":{"rendered":"<h5>Escolares de 2\u00ba de Primaria del Colegio Sagrado Coraz\u00f3n \u201crestauran\u201d los da\u00f1os en el mural-homenaje que se inaugur\u00f3 frente el centro en 2021<\/h5>\n<p><!--more--><\/p>\n<p>El alumnado de 2\u00ba de Primaria del Colegio Sagrado Coraz\u00f3n de Pamplona FESB se ha acercado esta ma\u00f1ana hasta el parque de las Pioneras, pr\u00f3ximo al centro, para realizar un proyecto de Aprendizaje-Servicio. El aprendizaje ha consistido en realizar en el aula en el proyecto \u00abMujeres Super Inventoras\u00bb en el que han trabajado la figura de diferentes mujeres a lo largo de la historia para visibilizar su trabajo y sus descubrimientos, siempre enfoc\u00e1ndolo en los Objetivos de Desarrollo Sostenible (ODS) 4 \u201cEducaci\u00f3n de calidad\u00bb y 5 \u00abIgualdad de g\u00e9nero\u00bb.<br \/>\n<script async src=\"\/\/pagead2.googlesyndication.com\/pagead\/js\/adsbygoogle.js\"><\/script><br \/>\n<!-- Noticias La Guia de Pamplona --><br \/>\n<ins class=\"adsbygoogle\"\nstyle=\"display:block\"\ndata-ad-client=\"ca-pub-6943679897239327\"\ndata-ad-slot=\"7048180777\"\ndata-ad-format=\"auto\"><\/ins><br \/>\n<script>\n(adsbygoogle = window.adsbygoogle || []).push({});\n<\/script><\/p>\n<p>El servicio ha sido la actividad de hoy. Los menores detectaron que el mural \u201cSenda de las Pioneras\u201d situado en frente de su centro ha sufrido actos vand\u00e1licos que han destruido o deteriorado algunas partes del mural, tapando algunos dibujos sobre las mujeres representadas. Armados de papel continuo blanco en el que ha reproducido el dibujo original, estudiantes de 2\u00ba curso de Primaria han reconstruido una parte de la obra da\u00f1ada con pintadas (grafitis, insultos\u2026). Esta creaci\u00f3n, ya colaborativa desde su inicio, a fue realizada en el a\u00f1o 2021 por \u2018Variopintas\u2019, un colectivo de mujeres artistas. Su propuesta, mediante un dise\u00f1o continuo, relata la historia de 47 mujeres pioneras de la historia en muy diversos campos y desde \u00e9pocas y procedencias geogr\u00e1ficas diferentes.<\/p>\n<p>Con este acto de reconstrucci\u00f3n simb\u00f3lica, los ni\u00f1os y ni\u00f1as de 2\u00ba de Primaria del colegio Sagrado Coraz\u00f3n quieren poner de manifiesto su apuesta por una ciudad respetuosa con todas las personas, que defiende la igualdad, que fomenta el arte y cuida el medio ambiente. En la jornada han participado Mar\u00eda Garc\u00eda-Barberena y Fernando Sesma, concejales delegados de Cultura e Igualdad y Educaci\u00f3n, Participaci\u00f3n Ciudadana y Juventud, respectivamente.<br \/>\n<script async src=\"\/\/pagead2.googlesyndication.com\/pagead\/js\/adsbygoogle.js\"><\/script><br \/>\n<!-- Noticias La Guia de Pamplona --><br \/>\n<ins class=\"adsbygoogle\"\nstyle=\"display:block\"\ndata-ad-client=\"ca-pub-6943679897239327\"\ndata-ad-slot=\"7048180777\"\ndata-ad-format=\"auto\"><\/ins><br \/>\n<script>\n(adsbygoogle = window.adsbygoogle || []).push({});\n<\/script><\/p>\n<p>Esta actividad del Colegio Sagrado Coraz\u00f3n es uno m\u00e1s de los proyectos de Aprendizaje-Servicio que el centro viene desarrollando desde hace a\u00f1os con el apoyo del Ayuntamiento de Pamplona. Esta metodolog\u00eda busca que alumnado de muy diversos niveles educativos realicen un servicio a la comunidad vinculado a los contenidos acad\u00e9micos que aprenden. Este curso el Consistorio ha puesto en marcha una oficina espec\u00edfica de Aprendizaje-Servicio (ApS) para ayudar a todos los centros educativos de Pamplona que lo deseen a implantar sus proyectos, adem\u00e1s de reunir en la <a href=\"https:\/\/pamplonaciudadeducadora.es\/programas-aps-2022\/\" target=\"_blank\" rel=\"noopener\">p\u00e1gina web<\/a> pamplonaciudadeducadora.es diferentes materiales y ejemplos de proyectos.<\/p>\n","protected":false},"excerpt":{"rendered":"<p>Escolares de 2\u00ba de Primaria del Colegio Sagrado Coraz\u00f3n \u201crestauran\u201d los da\u00f1os en el mural-homenaje que se inaugur\u00f3 frente el centro en 2021<\/p>\n","protected":false},"author":1,"featured_media":43426,"comment_status":"open","ping_status":"closed","sticky":false,"template":"","format":"standard","meta":{"footnotes":""},"categories":[2],"tags":[],"class_list":["post-43425","post","type-post","status-publish","format-standard","has-post-thumbnail","hentry","category-ayuntamiento-pamplona"],"yoast_head":"<!-- This site is optimized with the Yoast SEO plugin v27.3 - https:\/\/yoast.com\/product\/yoast-seo-wordpress\/ -->\n<title>Papel continuo pintado para reparar la memoria de la pioneras dentro de un proyecto de Aprendizaje-Servicio<\/title>\n<meta name=\"description\" content=\"Escolares de 2\u00ba de Primaria del Colegio Sagrado Coraz\u00f3n \u201crestauran\u201d los da\u00f1os en el mural-homenaje que se inaugur\u00f3 frente el centro en 2021\" \/>\n<meta name=\"robots\" content=\"index, follow, max-snippet:-1, max-image-preview:large, max-video-preview:-1\" \/>\n<link rel=\"canonical\" href=\"https:\/\/www.laguiadepamplona.com\/actualidad\/papel-continuo-pintado-para-reparar-la-memoria-de-la-pioneras-dentro-de-un-proyecto-de-aprendizaje-servicio\/\" \/>\n<meta property=\"og:locale\" content=\"es_ES\" \/>\n<meta property=\"og:type\" content=\"article\" \/>\n<meta property=\"og:title\" content=\"Papel continuo pintado para reparar la memoria de la pioneras dentro de un proyecto de Aprendizaje-Servicio\" \/>\n<meta property=\"og:description\" content=\"Escolares de 2\u00ba de Primaria del Colegio Sagrado Coraz\u00f3n \u201crestauran\u201d los da\u00f1os en el mural-homenaje que se inaugur\u00f3 frente el centro en 2021\" \/>\n<meta property=\"og:url\" content=\"https:\/\/www.laguiadepamplona.com\/actualidad\/papel-continuo-pintado-para-reparar-la-memoria-de-la-pioneras-dentro-de-un-proyecto-de-aprendizaje-servicio\/\" \/>\n<meta property=\"og:site_name\" content=\"La Gu\u00eda de Pamplona\" \/>\n<meta property=\"article:publisher\" content=\"https:\/\/www.facebook.com\/laguiadepamplonacom-133175176762273\/?ref=hl\" \/>\n<meta property=\"article:published_time\" content=\"2023-04-04T10:31:59+00:00\" \/>\n<meta property=\"article:modified_time\" content=\"2023-04-11T09:46:53+00:00\" \/>\n<meta property=\"og:image\" content=\"https:\/\/www.laguiadepamplona.com\/actualidad\/wp-content\/uploads\/2023\/04\/vandalismomuralsendadelasmujeresnb2667.webp\" \/>\n\t<meta property=\"og:image:width\" content=\"1920\" \/>\n\t<meta property=\"og:image:height\" content=\"1280\" \/>\n\t<meta property=\"og:image:type\" content=\"image\/webp\" \/>\n<meta name=\"author\" content=\"La Gu\u00eda de Pamplona\" \/>\n<meta name=\"twitter:card\" content=\"summary_large_image\" \/>\n<meta name=\"twitter:creator\" content=\"@LaGuiadPamplona\" \/>\n<meta name=\"twitter:site\" content=\"@LaGuiadPamplona\" \/>\n<meta name=\"twitter:label1\" content=\"Escrito por\" \/>\n\t<meta name=\"twitter:data1\" content=\"La Gu\u00eda de Pamplona\" \/>\n\t<meta name=\"twitter:label2\" content=\"Tiempo de lectura\" \/>\n\t<meta name=\"twitter:data2\" content=\"2 minutos\" \/>\n<script type=\"application\/ld+json\" class=\"yoast-schema-graph\">{\"@context\":\"https:\\\/\\\/schema.org\",\"@graph\":[{\"@type\":\"Article\",\"@id\":\"https:\\\/\\\/www.laguiadepamplona.com\\\/actualidad\\\/papel-continuo-pintado-para-reparar-la-memoria-de-la-pioneras-dentro-de-un-proyecto-de-aprendizaje-servicio\\\/#article\",\"isPartOf\":{\"@id\":\"https:\\\/\\\/www.laguiadepamplona.com\\\/actualidad\\\/papel-continuo-pintado-para-reparar-la-memoria-de-la-pioneras-dentro-de-un-proyecto-de-aprendizaje-servicio\\\/\"},\"author\":{\"name\":\"La Gu\u00eda de Pamplona\",\"@id\":\"https:\\\/\\\/www.laguiadepamplona.com\\\/actualidad\\\/#\\\/schema\\\/person\\\/efe887376f0213d4657c93adc50b1fdb\"},\"headline\":\"Papel continuo pintado para reparar la memoria de la pioneras dentro de un proyecto de Aprendizaje-Servicio\",\"datePublished\":\"2023-04-04T10:31:59+00:00\",\"dateModified\":\"2023-04-11T09:46:53+00:00\",\"mainEntityOfPage\":{\"@id\":\"https:\\\/\\\/www.laguiadepamplona.com\\\/actualidad\\\/papel-continuo-pintado-para-reparar-la-memoria-de-la-pioneras-dentro-de-un-proyecto-de-aprendizaje-servicio\\\/\"},\"wordCount\":438,\"commentCount\":0,\"publisher\":{\"@id\":\"https:\\\/\\\/www.laguiadepamplona.com\\\/actualidad\\\/#organization\"},\"image\":{\"@id\":\"https:\\\/\\\/www.laguiadepamplona.com\\\/actualidad\\\/papel-continuo-pintado-para-reparar-la-memoria-de-la-pioneras-dentro-de-un-proyecto-de-aprendizaje-servicio\\\/#primaryimage\"},\"thumbnailUrl\":\"https:\\\/\\\/www.laguiadepamplona.com\\\/actualidad\\\/wp-content\\\/uploads\\\/2023\\\/04\\\/vandalismomuralsendadelasmujeresnb2667.webp\",\"articleSection\":[\"Ayto Pamplona\"],\"inLanguage\":\"es\",\"potentialAction\":[{\"@type\":\"CommentAction\",\"name\":\"Comment\",\"target\":[\"https:\\\/\\\/www.laguiadepamplona.com\\\/actualidad\\\/papel-continuo-pintado-para-reparar-la-memoria-de-la-pioneras-dentro-de-un-proyecto-de-aprendizaje-servicio\\\/#respond\"]}]},{\"@type\":\"WebPage\",\"@id\":\"https:\\\/\\\/www.laguiadepamplona.com\\\/actualidad\\\/papel-continuo-pintado-para-reparar-la-memoria-de-la-pioneras-dentro-de-un-proyecto-de-aprendizaje-servicio\\\/\",\"url\":\"https:\\\/\\\/www.laguiadepamplona.com\\\/actualidad\\\/papel-continuo-pintado-para-reparar-la-memoria-de-la-pioneras-dentro-de-un-proyecto-de-aprendizaje-servicio\\\/\",\"name\":\"Papel continuo pintado para reparar la memoria de la pioneras dentro de un proyecto de Aprendizaje-Servicio\",\"isPartOf\":{\"@id\":\"https:\\\/\\\/www.laguiadepamplona.com\\\/actualidad\\\/#website\"},\"primaryImageOfPage\":{\"@id\":\"https:\\\/\\\/www.laguiadepamplona.com\\\/actualidad\\\/papel-continuo-pintado-para-reparar-la-memoria-de-la-pioneras-dentro-de-un-proyecto-de-aprendizaje-servicio\\\/#primaryimage\"},\"image\":{\"@id\":\"https:\\\/\\\/www.laguiadepamplona.com\\\/actualidad\\\/papel-continuo-pintado-para-reparar-la-memoria-de-la-pioneras-dentro-de-un-proyecto-de-aprendizaje-servicio\\\/#primaryimage\"},\"thumbnailUrl\":\"https:\\\/\\\/www.laguiadepamplona.com\\\/actualidad\\\/wp-content\\\/uploads\\\/2023\\\/04\\\/vandalismomuralsendadelasmujeresnb2667.webp\",\"datePublished\":\"2023-04-04T10:31:59+00:00\",\"dateModified\":\"2023-04-11T09:46:53+00:00\",\"description\":\"Escolares de 2\u00ba de Primaria del Colegio Sagrado Coraz\u00f3n \u201crestauran\u201d los da\u00f1os en el mural-homenaje que se inaugur\u00f3 frente el centro en 2021\",\"breadcrumb\":{\"@id\":\"https:\\\/\\\/www.laguiadepamplona.com\\\/actualidad\\\/papel-continuo-pintado-para-reparar-la-memoria-de-la-pioneras-dentro-de-un-proyecto-de-aprendizaje-servicio\\\/#breadcrumb\"},\"inLanguage\":\"es\",\"potentialAction\":[{\"@type\":\"ReadAction\",\"target\":[\"https:\\\/\\\/www.laguiadepamplona.com\\\/actualidad\\\/papel-continuo-pintado-para-reparar-la-memoria-de-la-pioneras-dentro-de-un-proyecto-de-aprendizaje-servicio\\\/\"]}]},{\"@type\":\"ImageObject\",\"inLanguage\":\"es\",\"@id\":\"https:\\\/\\\/www.laguiadepamplona.com\\\/actualidad\\\/papel-continuo-pintado-para-reparar-la-memoria-de-la-pioneras-dentro-de-un-proyecto-de-aprendizaje-servicio\\\/#primaryimage\",\"url\":\"https:\\\/\\\/www.laguiadepamplona.com\\\/actualidad\\\/wp-content\\\/uploads\\\/2023\\\/04\\\/vandalismomuralsendadelasmujeresnb2667.webp\",\"contentUrl\":\"https:\\\/\\\/www.laguiadepamplona.com\\\/actualidad\\\/wp-content\\\/uploads\\\/2023\\\/04\\\/vandalismomuralsendadelasmujeresnb2667.webp\",\"width\":1920,\"height\":1280},{\"@type\":\"BreadcrumbList\",\"@id\":\"https:\\\/\\\/www.laguiadepamplona.com\\\/actualidad\\\/papel-continuo-pintado-para-reparar-la-memoria-de-la-pioneras-dentro-de-un-proyecto-de-aprendizaje-servicio\\\/#breadcrumb\",\"itemListElement\":[{\"@type\":\"ListItem\",\"position\":1,\"name\":\"Portada\",\"item\":\"https:\\\/\\\/www.laguiadepamplona.com\\\/actualidad\\\/\"},{\"@type\":\"ListItem\",\"position\":2,\"name\":\"Papel continuo pintado para reparar la memoria de la pioneras dentro de un proyecto de Aprendizaje-Servicio\"}]},{\"@type\":\"WebSite\",\"@id\":\"https:\\\/\\\/www.laguiadepamplona.com\\\/actualidad\\\/#website\",\"url\":\"https:\\\/\\\/www.laguiadepamplona.com\\\/actualidad\\\/\",\"name\":\"La gu\u00eda de Pamplona\",\"description\":\"Noticias de Pamplona\",\"publisher\":{\"@id\":\"https:\\\/\\\/www.laguiadepamplona.com\\\/actualidad\\\/#organization\"},\"potentialAction\":[{\"@type\":\"SearchAction\",\"target\":{\"@type\":\"EntryPoint\",\"urlTemplate\":\"https:\\\/\\\/www.laguiadepamplona.com\\\/actualidad\\\/?s={search_term_string}\"},\"query-input\":{\"@type\":\"PropertyValueSpecification\",\"valueRequired\":true,\"valueName\":\"search_term_string\"}}],\"inLanguage\":\"es\"},{\"@type\":\"Organization\",\"@id\":\"https:\\\/\\\/www.laguiadepamplona.com\\\/actualidad\\\/#organization\",\"name\":\"La Gu\u00eda de Pamplona \\\/ Noticias\",\"url\":\"https:\\\/\\\/www.laguiadepamplona.com\\\/actualidad\\\/\",\"logo\":{\"@type\":\"ImageObject\",\"inLanguage\":\"es\",\"@id\":\"https:\\\/\\\/www.laguiadepamplona.com\\\/actualidad\\\/#\\\/schema\\\/logo\\\/image\\\/\",\"url\":\"https:\\\/\\\/www.laguiadepamplona.com\\\/actualidad\\\/wp-content\\\/uploads\\\/2018\\\/11\\\/logo-laguiadepamplona18-web1.png\",\"contentUrl\":\"https:\\\/\\\/www.laguiadepamplona.com\\\/actualidad\\\/wp-content\\\/uploads\\\/2018\\\/11\\\/logo-laguiadepamplona18-web1.png\",\"width\":600,\"height\":196,\"caption\":\"La Gu\u00eda de Pamplona \\\/ Noticias\"},\"image\":{\"@id\":\"https:\\\/\\\/www.laguiadepamplona.com\\\/actualidad\\\/#\\\/schema\\\/logo\\\/image\\\/\"},\"sameAs\":[\"https:\\\/\\\/www.facebook.com\\\/laguiadepamplonacom-133175176762273\\\/?ref=hl\",\"https:\\\/\\\/x.com\\\/LaGuiadPamplona\",\"https:\\\/\\\/www.instagram.com\\\/la_guia_de_pamplona\\\/\",\"https:\\\/\\\/www.youtube.com\\\/user\\\/laguiadepamplona\"]},{\"@type\":\"Person\",\"@id\":\"https:\\\/\\\/www.laguiadepamplona.com\\\/actualidad\\\/#\\\/schema\\\/person\\\/efe887376f0213d4657c93adc50b1fdb\",\"name\":\"La Gu\u00eda de Pamplona\",\"image\":{\"@type\":\"ImageObject\",\"inLanguage\":\"es\",\"@id\":\"https:\\\/\\\/secure.gravatar.com\\\/avatar\\\/b6992f131dc8d30ab0dff15446e9d346d9dbd95992de0fef795073f5ea83a81c?s=96&d=mm&r=g\",\"url\":\"https:\\\/\\\/secure.gravatar.com\\\/avatar\\\/b6992f131dc8d30ab0dff15446e9d346d9dbd95992de0fef795073f5ea83a81c?s=96&d=mm&r=g\",\"contentUrl\":\"https:\\\/\\\/secure.gravatar.com\\\/avatar\\\/b6992f131dc8d30ab0dff15446e9d346d9dbd95992de0fef795073f5ea83a81c?s=96&d=mm&r=g\",\"caption\":\"La Gu\u00eda de Pamplona\"}}]}<\/script>\n<!-- \/ Yoast SEO plugin. -->","yoast_head_json":{"title":"Papel continuo pintado para reparar la memoria de la pioneras dentro de un proyecto de Aprendizaje-Servicio","description":"Escolares de 2\u00ba de Primaria del Colegio Sagrado Coraz\u00f3n \u201crestauran\u201d los da\u00f1os en el mural-homenaje que se inaugur\u00f3 frente el centro en 2021","robots":{"index":"index","follow":"follow","max-snippet":"max-snippet:-1","max-image-preview":"max-image-preview:large","max-video-preview":"max-video-preview:-1"},"canonical":"https:\/\/www.laguiadepamplona.com\/actualidad\/papel-continuo-pintado-para-reparar-la-memoria-de-la-pioneras-dentro-de-un-proyecto-de-aprendizaje-servicio\/","og_locale":"es_ES","og_type":"article","og_title":"Papel continuo pintado para reparar la memoria de la pioneras dentro de un proyecto de Aprendizaje-Servicio","og_description":"Escolares de 2\u00ba de Primaria del Colegio Sagrado Coraz\u00f3n \u201crestauran\u201d los da\u00f1os en el mural-homenaje que se inaugur\u00f3 frente el centro en 2021","og_url":"https:\/\/www.laguiadepamplona.com\/actualidad\/papel-continuo-pintado-para-reparar-la-memoria-de-la-pioneras-dentro-de-un-proyecto-de-aprendizaje-servicio\/","og_site_name":"La Gu\u00eda de Pamplona","article_publisher":"https:\/\/www.facebook.com\/laguiadepamplonacom-133175176762273\/?ref=hl","article_published_time":"2023-04-04T10:31:59+00:00","article_modified_time":"2023-04-11T09:46:53+00:00","og_image":[{"width":1920,"height":1280,"url":"https:\/\/www.laguiadepamplona.com\/actualidad\/wp-content\/uploads\/2023\/04\/vandalismomuralsendadelasmujeresnb2667.webp","type":"image\/webp"}],"author":"La Gu\u00eda de Pamplona","twitter_card":"summary_large_image","twitter_creator":"@LaGuiadPamplona","twitter_site":"@LaGuiadPamplona","twitter_misc":{"Escrito por":"La Gu\u00eda de Pamplona","Tiempo de lectura":"2 minutos"},"schema":{"@context":"https:\/\/schema.org","@graph":[{"@type":"Article","@id":"https:\/\/www.laguiadepamplona.com\/actualidad\/papel-continuo-pintado-para-reparar-la-memoria-de-la-pioneras-dentro-de-un-proyecto-de-aprendizaje-servicio\/#article","isPartOf":{"@id":"https:\/\/www.laguiadepamplona.com\/actualidad\/papel-continuo-pintado-para-reparar-la-memoria-de-la-pioneras-dentro-de-un-proyecto-de-aprendizaje-servicio\/"},"author":{"name":"La Gu\u00eda de Pamplona","@id":"https:\/\/www.laguiadepamplona.com\/actualidad\/#\/schema\/person\/efe887376f0213d4657c93adc50b1fdb"},"headline":"Papel continuo pintado para reparar la memoria de la pioneras dentro de un proyecto de Aprendizaje-Servicio","datePublished":"2023-04-04T10:31:59+00:00","dateModified":"2023-04-11T09:46:53+00:00","mainEntityOfPage":{"@id":"https:\/\/www.laguiadepamplona.com\/actualidad\/papel-continuo-pintado-para-reparar-la-memoria-de-la-pioneras-dentro-de-un-proyecto-de-aprendizaje-servicio\/"},"wordCount":438,"commentCount":0,"publisher":{"@id":"https:\/\/www.laguiadepamplona.com\/actualidad\/#organization"},"image":{"@id":"https:\/\/www.laguiadepamplona.com\/actualidad\/papel-continuo-pintado-para-reparar-la-memoria-de-la-pioneras-dentro-de-un-proyecto-de-aprendizaje-servicio\/#primaryimage"},"thumbnailUrl":"https:\/\/www.laguiadepamplona.com\/actualidad\/wp-content\/uploads\/2023\/04\/vandalismomuralsendadelasmujeresnb2667.webp","articleSection":["Ayto Pamplona"],"inLanguage":"es","potentialAction":[{"@type":"CommentAction","name":"Comment","target":["https:\/\/www.laguiadepamplona.com\/actualidad\/papel-continuo-pintado-para-reparar-la-memoria-de-la-pioneras-dentro-de-un-proyecto-de-aprendizaje-servicio\/#respond"]}]},{"@type":"WebPage","@id":"https:\/\/www.laguiadepamplona.com\/actualidad\/papel-continuo-pintado-para-reparar-la-memoria-de-la-pioneras-dentro-de-un-proyecto-de-aprendizaje-servicio\/","url":"https:\/\/www.laguiadepamplona.com\/actualidad\/papel-continuo-pintado-para-reparar-la-memoria-de-la-pioneras-dentro-de-un-proyecto-de-aprendizaje-servicio\/","name":"Papel continuo pintado para reparar la memoria de la pioneras dentro de un proyecto de Aprendizaje-Servicio","isPartOf":{"@id":"https:\/\/www.laguiadepamplona.com\/actualidad\/#website"},"primaryImageOfPage":{"@id":"https:\/\/www.laguiadepamplona.com\/actualidad\/papel-continuo-pintado-para-reparar-la-memoria-de-la-pioneras-dentro-de-un-proyecto-de-aprendizaje-servicio\/#primaryimage"},"image":{"@id":"https:\/\/www.laguiadepamplona.com\/actualidad\/papel-continuo-pintado-para-reparar-la-memoria-de-la-pioneras-dentro-de-un-proyecto-de-aprendizaje-servicio\/#primaryimage"},"thumbnailUrl":"https:\/\/www.laguiadepamplona.com\/actualidad\/wp-content\/uploads\/2023\/04\/vandalismomuralsendadelasmujeresnb2667.webp","datePublished":"2023-04-04T10:31:59+00:00","dateModified":"2023-04-11T09:46:53+00:00","description":"Escolares de 2\u00ba de Primaria del Colegio Sagrado Coraz\u00f3n \u201crestauran\u201d los da\u00f1os en el mural-homenaje que se inaugur\u00f3 frente el centro en 2021","breadcrumb":{"@id":"https:\/\/www.laguiadepamplona.com\/actualidad\/papel-continuo-pintado-para-reparar-la-memoria-de-la-pioneras-dentro-de-un-proyecto-de-aprendizaje-servicio\/#breadcrumb"},"inLanguage":"es","potentialAction":[{"@type":"ReadAction","target":["https:\/\/www.laguiadepamplona.com\/actualidad\/papel-continuo-pintado-para-reparar-la-memoria-de-la-pioneras-dentro-de-un-proyecto-de-aprendizaje-servicio\/"]}]},{"@type":"ImageObject","inLanguage":"es","@id":"https:\/\/www.laguiadepamplona.com\/actualidad\/papel-continuo-pintado-para-reparar-la-memoria-de-la-pioneras-dentro-de-un-proyecto-de-aprendizaje-servicio\/#primaryimage","url":"https:\/\/www.laguiadepamplona.com\/actualidad\/wp-content\/uploads\/2023\/04\/vandalismomuralsendadelasmujeresnb2667.webp","contentUrl":"https:\/\/www.laguiadepamplona.com\/actualidad\/wp-content\/uploads\/2023\/04\/vandalismomuralsendadelasmujeresnb2667.webp","width":1920,"height":1280},{"@type":"BreadcrumbList","@id":"https:\/\/www.laguiadepamplona.com\/actualidad\/papel-continuo-pintado-para-reparar-la-memoria-de-la-pioneras-dentro-de-un-proyecto-de-aprendizaje-servicio\/#breadcrumb","itemListElement":[{"@type":"ListItem","position":1,"name":"Portada","item":"https:\/\/www.laguiadepamplona.com\/actualidad\/"},{"@type":"ListItem","position":2,"name":"Papel continuo pintado para reparar la memoria de la pioneras dentro de un proyecto de Aprendizaje-Servicio"}]},{"@type":"WebSite","@id":"https:\/\/www.laguiadepamplona.com\/actualidad\/#website","url":"https:\/\/www.laguiadepamplona.com\/actualidad\/","name":"La gu\u00eda de Pamplona","description":"Noticias de Pamplona","publisher":{"@id":"https:\/\/www.laguiadepamplona.com\/actualidad\/#organization"},"potentialAction":[{"@type":"SearchAction","target":{"@type":"EntryPoint","urlTemplate":"https:\/\/www.laguiadepamplona.com\/actualidad\/?s={search_term_string}"},"query-input":{"@type":"PropertyValueSpecification","valueRequired":true,"valueName":"search_term_string"}}],"inLanguage":"es"},{"@type":"Organization","@id":"https:\/\/www.laguiadepamplona.com\/actualidad\/#organization","name":"La Gu\u00eda de Pamplona \/ Noticias","url":"https:\/\/www.laguiadepamplona.com\/actualidad\/","logo":{"@type":"ImageObject","inLanguage":"es","@id":"https:\/\/www.laguiadepamplona.com\/actualidad\/#\/schema\/logo\/image\/","url":"https:\/\/www.laguiadepamplona.com\/actualidad\/wp-content\/uploads\/2018\/11\/logo-laguiadepamplona18-web1.png","contentUrl":"https:\/\/www.laguiadepamplona.com\/actualidad\/wp-content\/uploads\/2018\/11\/logo-laguiadepamplona18-web1.png","width":600,"height":196,"caption":"La Gu\u00eda de Pamplona \/ Noticias"},"image":{"@id":"https:\/\/www.laguiadepamplona.com\/actualidad\/#\/schema\/logo\/image\/"},"sameAs":["https:\/\/www.facebook.com\/laguiadepamplonacom-133175176762273\/?ref=hl","https:\/\/x.com\/LaGuiadPamplona","https:\/\/www.instagram.com\/la_guia_de_pamplona\/","https:\/\/www.youtube.com\/user\/laguiadepamplona"]},{"@type":"Person","@id":"https:\/\/www.laguiadepamplona.com\/actualidad\/#\/schema\/person\/efe887376f0213d4657c93adc50b1fdb","name":"La Gu\u00eda de Pamplona","image":{"@type":"ImageObject","inLanguage":"es","@id":"https:\/\/secure.gravatar.com\/avatar\/b6992f131dc8d30ab0dff15446e9d346d9dbd95992de0fef795073f5ea83a81c?s=96&d=mm&r=g","url":"https:\/\/secure.gravatar.com\/avatar\/b6992f131dc8d30ab0dff15446e9d346d9dbd95992de0fef795073f5ea83a81c?s=96&d=mm&r=g","contentUrl":"https:\/\/secure.gravatar.com\/avatar\/b6992f131dc8d30ab0dff15446e9d346d9dbd95992de0fef795073f5ea83a81c?s=96&d=mm&r=g","caption":"La Gu\u00eda de Pamplona"}}]}},"post_mailing_queue_ids":[],"_links":{"self":[{"href":"https:\/\/www.laguiadepamplona.com\/actualidad\/wp-json\/wp\/v2\/posts\/43425","targetHints":{"allow":["GET"]}}],"collection":[{"href":"https:\/\/www.laguiadepamplona.com\/actualidad\/wp-json\/wp\/v2\/posts"}],"about":[{"href":"https:\/\/www.laguiadepamplona.com\/actualidad\/wp-json\/wp\/v2\/types\/post"}],"author":[{"embeddable":true,"href":"https:\/\/www.laguiadepamplona.com\/actualidad\/wp-json\/wp\/v2\/users\/1"}],"replies":[{"embeddable":true,"href":"https:\/\/www.laguiadepamplona.com\/actualidad\/wp-json\/wp\/v2\/comments?post=43425"}],"version-history":[{"count":0,"href":"https:\/\/www.laguiadepamplona.com\/actualidad\/wp-json\/wp\/v2\/posts\/43425\/revisions"}],"wp:featuredmedia":[{"embeddable":true,"href":"https:\/\/www.laguiadepamplona.com\/actualidad\/wp-json\/wp\/v2\/media\/43426"}],"wp:attachment":[{"href":"https:\/\/www.laguiadepamplona.com\/actualidad\/wp-json\/wp\/v2\/media?parent=43425"}],"wp:term":[{"taxonomy":"category","embeddable":true,"href":"https:\/\/www.laguiadepamplona.com\/actualidad\/wp-json\/wp\/v2\/categories?post=43425"},{"taxonomy":"post_tag","embeddable":true,"href":"https:\/\/www.laguiadepamplona.com\/actualidad\/wp-json\/wp\/v2\/tags?post=43425"}],"curies":[{"name":"wp","href":"https:\/\/api.w.org\/{rel}","templated":true}]}}