{"id":43413,"date":"2023-04-03T13:38:01","date_gmt":"2023-04-03T11:38:01","guid":{"rendered":"https:\/\/www.laguiadepamplona.com\/actualidad\/?p=43413"},"modified":"2023-04-11T11:46:53","modified_gmt":"2023-04-11T09:46:53","slug":"el-ayuntamiento-licita-las-obras-del-proyecto-de-aparcamiento-de-la-calle-sanguesa-y-la-reurbanizacion-de-la-plaza-de-la-cruz-que-esta-previsto-que-comiencen-en-julio","status":"publish","type":"post","link":"https:\/\/www.laguiadepamplona.com\/actualidad\/el-ayuntamiento-licita-las-obras-del-proyecto-de-aparcamiento-de-la-calle-sanguesa-y-la-reurbanizacion-de-la-plaza-de-la-cruz-que-esta-previsto-que-comiencen-en-julio\/","title":{"rendered":"El Ayuntamiento licita las obras del proyecto de aparcamiento de la calle Sang\u00fcesa y la reurbanizaci\u00f3n de la plaza de la Cruz que est\u00e1 previsto que comiencen en julio"},"content":{"rendered":"<h5>La Junta de Gobierno Local aprueba un presupuesto inicial de 13,7 millones de euros de los que 11,1 correr\u00e1n a cargo del gestor del aparcamiento<\/h5>\n<p><!--more--><\/p>\n<p>Esta ma\u00f1ana la Junta de Gobierno Local ha iniciado el procedimiento administrativo para la construcci\u00f3n de un aparcamiento con 346 plazas en la calle Sang\u00fcesa, un garaje subterr\u00e1neo desde la calle Navarro Villoslada, hasta la calle Tafalla, donde se ubicar\u00e1 el acceso y salida de los veh\u00edculos, con la correspondiente reurbanizaci\u00f3n de la plaza de la Cruz.<\/p>\n<p>La licitaci\u00f3n es de un contrato mixto de concesi\u00f3n y obras por importe superior al umbral comunitario que sale a concurso por un importe de 13.735.868 euros. De esta cantidad el Ayuntamiento se har\u00e1 cargo de 2.579.330 euros en concepto de obras de remodelaci\u00f3n de la propia plaza, adem\u00e1s de las calles circundantes: Navarro Villoslada, Francisco Bergam\u00edn y San Ferm\u00edn. El resto del importe, 11.156.538 euros, ser\u00e1n aportados por el adjudicatario que se haga cargo de la gesti\u00f3n del aparcamiento mediante una concesi\u00f3n por un plazo de 75 a\u00f1os, a cambio de un canon anual que satisfar\u00e1 al Consistorio.<br \/>\n<script async src=\"\/\/pagead2.googlesyndication.com\/pagead\/js\/adsbygoogle.js\"><\/script><br \/>\n<!-- Noticias La Guia de Pamplona --><br \/>\n<ins class=\"adsbygoogle\"\nstyle=\"display:block\"\ndata-ad-client=\"ca-pub-6943679897239327\"\ndata-ad-slot=\"7048180777\"\ndata-ad-format=\"auto\"><\/ins><br \/>\n<script>\n(adsbygoogle = window.adsbygoogle || []).push({});\n<\/script><\/p>\n<p>Este aparcamiento, previsto por el Plan Especial de Actuaci\u00f3n Urbana del Segundo Ensanche de Pamplona se realizar\u00e1 conforme al proyecto de construcci\u00f3n del arquitecto Enrique Huesa Od\u00e9riz planteado para afrontar la recuperaci\u00f3n f\u00edsica, funcional y social de esa zona del barrio. Est\u00e1 previsto que las obras comiencen en julio de este a\u00f1o. El plazo previsto es de 22 meses, 12 de construcci\u00f3n del aparcamiento y 10 de la reurbanizaci\u00f3n. La cantidad de inversi\u00f3n municipal consignada se dividir\u00e1 entre 2023 y 2024 al 50% (1.289.665 euros por a\u00f1o) y siempre sometida a la existencia del correspondiente cr\u00e9dito. El expediente cuenta con el informe jur\u00eddico que avala el proyecto, as\u00ed como con el informe de intervenci\u00f3n, que tambi\u00e9n da su visto bueno se\u00f1alando que el \u00f3rgano y la partida son correctos.<\/p>\n<p>Las obras bajo rasante y en superficie se solapar\u00e1n en el tiempo empleando un criterio de eficiencia y econom\u00eda, y para reducir las molestias al vecindario de la zona. Se podr\u00e1n presentar ofertas durante un plazo de 30 d\u00edas a partir de del siguiente a la publicaci\u00f3n de esta licitaci\u00f3n en el Portal de Contrataci\u00f3n de Navarra.<br \/>\n<script async src=\"\/\/pagead2.googlesyndication.com\/pagead\/js\/adsbygoogle.js\"><\/script><br \/>\n<!-- Noticias La Guia de Pamplona --><br \/>\n<ins class=\"adsbygoogle\"\nstyle=\"display:block\"\ndata-ad-client=\"ca-pub-6943679897239327\"\ndata-ad-slot=\"7048180777\"\ndata-ad-format=\"auto\"><\/ins><br \/>\n<script>\n(adsbygoogle = window.adsbygoogle || []).push({});\n<\/script><\/p>\n<p><strong>L\u00edneas generales del aparcamiento<\/strong><\/p>\n<p>Para satisfacer la demanda vecinal y del comercio de plazas de estacionamiento en la zona, lo dise\u00f1ado es un aparcamiento de 346 plazas distribuidas en cuatro plantas subterr\u00e1neas. 25 de las plazas ser\u00e1n para personas con movilidad reducida y albergar\u00e1 tambi\u00e9n 45 plazas destinadas a motos; habr\u00e1 plazas de ambas tipolog\u00edas en todas las plantas. Est\u00e1 prevista la adaptaci\u00f3n del aparcamiento para coches el\u00e9ctricos gracias a un transformador el\u00e9ctrico y el dise\u00f1o de la preinstalaci\u00f3n el\u00e9ctrica de todo el garaje, as\u00ed como la se\u00f1alizaci\u00f3n 38 plazas en el primer s\u00f3tano.<\/p>\n<p>El aparcamiento subterr\u00e1neo abarcar\u00e1 el tramo de la calle Sang\u00fcesa, desde la calle Navarro Villoslada hasta la calle Tafalla, donde se ubicar\u00e1 el acceso y salida de los veh\u00edculos. Trazado en forma lineal a lo largo de la calle Sang\u00fcesa, tendr\u00e1 164 metros de longitud y 17,7 metros de ancho, con una \u00fanica calle central de 6 metros y las plazas de estacionamiento se distribuir\u00e1n a ambos lados de esa calle. La superficie de actuaci\u00f3n supera los 13.000 metros cuadrados.<\/p>\n<p>El parking tendr\u00e1 dos salidas peatonales con ascensor, una en la plaza de la Cruz y otra pr\u00f3xima al cruce de la calle Sang\u00fcesa con Tafalla, en la acera del instituto. Todas las salidas peatonales estar\u00e1n a menos de 50 metros desde cualquier punto del aparcamiento. Las rampas para veh\u00edculos de acceso y salida al aparcamiento se situar\u00e1n en la calle Tafalla, junto a la acera en el lado m\u00e1s cercano a la calle Sang\u00fcesa.<br \/>\n<script async src=\"\/\/pagead2.googlesyndication.com\/pagead\/js\/adsbygoogle.js\"><\/script><br \/>\n<!-- Noticias La Guia de Pamplona --><br \/>\n<ins class=\"adsbygoogle\"\nstyle=\"display:block\"\ndata-ad-client=\"ca-pub-6943679897239327\"\ndata-ad-slot=\"7048180777\"\ndata-ad-format=\"auto\"><\/ins><br \/>\n<script>\n(adsbygoogle = window.adsbygoogle || []).push({});\n<\/script><\/p>\n<p><strong>La urbanizaci\u00f3n superficial del entorno<\/strong><\/p>\n<p>En estas obras se remodelar\u00e1 la plaza de la Cruz y calles aleda\u00f1as Navarro Villoslada, Francisco Bergam\u00edn y San Ferm\u00edn. La intervenci\u00f3n se har\u00e1 en sentido transversal de forma asim\u00e9trica, distribuy\u00e9ndose el espacio de Sur a Norte. La acera del instituto se convierte en un espacio de coexistencia peat\u00f3n-veh\u00edculo de 8 metros, conectando en el mismo plano el centro educativo con el interior de la plaza, eliminando en ese tramo el aparcamiento en superficie. En los otros tres de lados del cuadrado, se eliminan las plazas de estacionamiento que lindan con la plaza y se reconvierten en estacionamiento en l\u00ednea (2,2 m de ancho) las que hoy se disponen junto a los edificios, dejando aceras de 5,6 m de anchura. Las calzadas tendr\u00e1n 3,8 metros de ancho.<\/p>\n<p>El arbolado de la plaza no se ver\u00e1 afectado por las obras. En cada acera se situar\u00e1 una fila de \u00e1rboles en alcorque y se dotar\u00e1 el espacio con 10 bancos tradicionales de madera, as\u00ed como bancos met\u00e1licos curvos y jardineras de acero corten en las cuatro intersecciones de las calles que delimitan la plaza, en una soluci\u00f3n similar a otras intersecciones del Segundo Ensanche. Tambi\u00e9n est\u00e1 prevista la presencia de aparcabicis, siete papeleras y dos parqu\u00edmetros. Se mantendr\u00e1 el puesto ONCE y se realizar\u00e1 una rampa de acceso al IES Plaza de la Cruz en el lateral del edificio. Los contenedores de recogida de residuos se colocar\u00e1n junto a los institutos.<\/p>\n<p>La circulaci\u00f3n rodada en el tramo de la calle objeto del proyecto se realizar\u00e1 sobre un pavimento de aglomerado asf\u00e1ltico situado 15 cm por debajo de la cota peatonal. En los pasos peatonales transversales, la calzada se elevar\u00e1 mediante rampas, hasta situarse en la cota peatonal, de forma que los veh\u00edculos se vean obligados a aminorar la velocidad. Todos los pasos estar\u00e1n se\u00f1alizados en el suelo con la colocaci\u00f3n de las bandas podot\u00e1ctiles de granito.<\/p>\n","protected":false},"excerpt":{"rendered":"<p>La Junta de Gobierno Local aprueba un presupuesto inicial de 13,7 millones de euros de los que 11,1 correr\u00e1n a cargo del gestor del aparcamiento<\/p>\n","protected":false},"author":1,"featured_media":43414,"comment_status":"open","ping_status":"closed","sticky":false,"template":"","format":"standard","meta":{"footnotes":""},"categories":[2],"tags":[],"class_list":["post-43413","post","type-post","status-publish","format-standard","has-post-thumbnail","hentry","category-ayuntamiento-pamplona"],"yoast_head":"<!-- This site is optimized with the Yoast SEO plugin v27.3 - https:\/\/yoast.com\/product\/yoast-seo-wordpress\/ -->\n<title>El Ayuntamiento licita las obras del proyecto de aparcamiento de la calle Sang\u00fcesa y la reurbanizaci\u00f3n de la plaza de la Cruz que est\u00e1 previsto que comiencen en julio<\/title>\n<meta name=\"description\" content=\"La Junta de Gobierno Local aprueba un presupuesto inicial de 13,7 millones de euros de los que 11,1 correr\u00e1n a cargo del gestor del aparcamiento\" \/>\n<meta name=\"robots\" content=\"index, follow, max-snippet:-1, max-image-preview:large, max-video-preview:-1\" \/>\n<link rel=\"canonical\" href=\"https:\/\/www.laguiadepamplona.com\/actualidad\/el-ayuntamiento-licita-las-obras-del-proyecto-de-aparcamiento-de-la-calle-sanguesa-y-la-reurbanizacion-de-la-plaza-de-la-cruz-que-esta-previsto-que-comiencen-en-julio\/\" \/>\n<meta property=\"og:locale\" content=\"es_ES\" \/>\n<meta property=\"og:type\" content=\"article\" \/>\n<meta property=\"og:title\" content=\"El Ayuntamiento licita las obras del proyecto de aparcamiento de la calle Sang\u00fcesa y la reurbanizaci\u00f3n de la plaza de la Cruz que est\u00e1 previsto que comiencen en julio\" \/>\n<meta property=\"og:description\" content=\"La Junta de Gobierno Local aprueba un presupuesto inicial de 13,7 millones de euros de los que 11,1 correr\u00e1n a cargo del gestor del aparcamiento\" \/>\n<meta property=\"og:url\" content=\"https:\/\/www.laguiadepamplona.com\/actualidad\/el-ayuntamiento-licita-las-obras-del-proyecto-de-aparcamiento-de-la-calle-sanguesa-y-la-reurbanizacion-de-la-plaza-de-la-cruz-que-esta-previsto-que-comiencen-en-julio\/\" \/>\n<meta property=\"og:site_name\" content=\"La Gu\u00eda de Pamplona\" \/>\n<meta property=\"article:publisher\" content=\"https:\/\/www.facebook.com\/laguiadepamplonacom-133175176762273\/?ref=hl\" \/>\n<meta property=\"article:published_time\" content=\"2023-04-03T11:38:01+00:00\" \/>\n<meta property=\"article:modified_time\" content=\"2023-04-11T09:46:53+00:00\" \/>\n<meta property=\"og:image\" content=\"https:\/\/www.laguiadepamplona.com\/actualidad\/wp-content\/uploads\/2023\/04\/jamimagesayuntamientopamplonaplazacruzaereafinalactualizadacopia_0.webp\" \/>\n\t<meta property=\"og:image:width\" content=\"1080\" \/>\n\t<meta property=\"og:image:height\" content=\"1200\" \/>\n\t<meta property=\"og:image:type\" content=\"image\/webp\" \/>\n<meta name=\"author\" content=\"La Gu\u00eda de Pamplona\" \/>\n<meta name=\"twitter:card\" content=\"summary_large_image\" \/>\n<meta name=\"twitter:creator\" content=\"@LaGuiadPamplona\" \/>\n<meta name=\"twitter:site\" content=\"@LaGuiadPamplona\" \/>\n<meta name=\"twitter:label1\" content=\"Escrito por\" \/>\n\t<meta name=\"twitter:data1\" content=\"La Gu\u00eda de Pamplona\" \/>\n\t<meta name=\"twitter:label2\" content=\"Tiempo de lectura\" \/>\n\t<meta name=\"twitter:data2\" content=\"5 minutos\" \/>\n<script type=\"application\/ld+json\" class=\"yoast-schema-graph\">{\"@context\":\"https:\\\/\\\/schema.org\",\"@graph\":[{\"@type\":\"Article\",\"@id\":\"https:\\\/\\\/www.laguiadepamplona.com\\\/actualidad\\\/el-ayuntamiento-licita-las-obras-del-proyecto-de-aparcamiento-de-la-calle-sanguesa-y-la-reurbanizacion-de-la-plaza-de-la-cruz-que-esta-previsto-que-comiencen-en-julio\\\/#article\",\"isPartOf\":{\"@id\":\"https:\\\/\\\/www.laguiadepamplona.com\\\/actualidad\\\/el-ayuntamiento-licita-las-obras-del-proyecto-de-aparcamiento-de-la-calle-sanguesa-y-la-reurbanizacion-de-la-plaza-de-la-cruz-que-esta-previsto-que-comiencen-en-julio\\\/\"},\"author\":{\"name\":\"La Gu\u00eda de Pamplona\",\"@id\":\"https:\\\/\\\/www.laguiadepamplona.com\\\/actualidad\\\/#\\\/schema\\\/person\\\/efe887376f0213d4657c93adc50b1fdb\"},\"headline\":\"El Ayuntamiento licita las obras del proyecto de aparcamiento de la calle Sang\u00fcesa y la reurbanizaci\u00f3n de la plaza de la Cruz que est\u00e1 previsto que comiencen en julio\",\"datePublished\":\"2023-04-03T11:38:01+00:00\",\"dateModified\":\"2023-04-11T09:46:53+00:00\",\"mainEntityOfPage\":{\"@id\":\"https:\\\/\\\/www.laguiadepamplona.com\\\/actualidad\\\/el-ayuntamiento-licita-las-obras-del-proyecto-de-aparcamiento-de-la-calle-sanguesa-y-la-reurbanizacion-de-la-plaza-de-la-cruz-que-esta-previsto-que-comiencen-en-julio\\\/\"},\"wordCount\":1026,\"commentCount\":0,\"publisher\":{\"@id\":\"https:\\\/\\\/www.laguiadepamplona.com\\\/actualidad\\\/#organization\"},\"image\":{\"@id\":\"https:\\\/\\\/www.laguiadepamplona.com\\\/actualidad\\\/el-ayuntamiento-licita-las-obras-del-proyecto-de-aparcamiento-de-la-calle-sanguesa-y-la-reurbanizacion-de-la-plaza-de-la-cruz-que-esta-previsto-que-comiencen-en-julio\\\/#primaryimage\"},\"thumbnailUrl\":\"https:\\\/\\\/www.laguiadepamplona.com\\\/actualidad\\\/wp-content\\\/uploads\\\/2023\\\/04\\\/jamimagesayuntamientopamplonaplazacruzaereafinalactualizadacopia_0.webp\",\"articleSection\":[\"Ayto Pamplona\"],\"inLanguage\":\"es\",\"potentialAction\":[{\"@type\":\"CommentAction\",\"name\":\"Comment\",\"target\":[\"https:\\\/\\\/www.laguiadepamplona.com\\\/actualidad\\\/el-ayuntamiento-licita-las-obras-del-proyecto-de-aparcamiento-de-la-calle-sanguesa-y-la-reurbanizacion-de-la-plaza-de-la-cruz-que-esta-previsto-que-comiencen-en-julio\\\/#respond\"]}]},{\"@type\":\"WebPage\",\"@id\":\"https:\\\/\\\/www.laguiadepamplona.com\\\/actualidad\\\/el-ayuntamiento-licita-las-obras-del-proyecto-de-aparcamiento-de-la-calle-sanguesa-y-la-reurbanizacion-de-la-plaza-de-la-cruz-que-esta-previsto-que-comiencen-en-julio\\\/\",\"url\":\"https:\\\/\\\/www.laguiadepamplona.com\\\/actualidad\\\/el-ayuntamiento-licita-las-obras-del-proyecto-de-aparcamiento-de-la-calle-sanguesa-y-la-reurbanizacion-de-la-plaza-de-la-cruz-que-esta-previsto-que-comiencen-en-julio\\\/\",\"name\":\"El Ayuntamiento licita las obras del proyecto de aparcamiento de la calle Sang\u00fcesa y la reurbanizaci\u00f3n de la plaza de la Cruz que est\u00e1 previsto que comiencen en julio\",\"isPartOf\":{\"@id\":\"https:\\\/\\\/www.laguiadepamplona.com\\\/actualidad\\\/#website\"},\"primaryImageOfPage\":{\"@id\":\"https:\\\/\\\/www.laguiadepamplona.com\\\/actualidad\\\/el-ayuntamiento-licita-las-obras-del-proyecto-de-aparcamiento-de-la-calle-sanguesa-y-la-reurbanizacion-de-la-plaza-de-la-cruz-que-esta-previsto-que-comiencen-en-julio\\\/#primaryimage\"},\"image\":{\"@id\":\"https:\\\/\\\/www.laguiadepamplona.com\\\/actualidad\\\/el-ayuntamiento-licita-las-obras-del-proyecto-de-aparcamiento-de-la-calle-sanguesa-y-la-reurbanizacion-de-la-plaza-de-la-cruz-que-esta-previsto-que-comiencen-en-julio\\\/#primaryimage\"},\"thumbnailUrl\":\"https:\\\/\\\/www.laguiadepamplona.com\\\/actualidad\\\/wp-content\\\/uploads\\\/2023\\\/04\\\/jamimagesayuntamientopamplonaplazacruzaereafinalactualizadacopia_0.webp\",\"datePublished\":\"2023-04-03T11:38:01+00:00\",\"dateModified\":\"2023-04-11T09:46:53+00:00\",\"description\":\"La Junta de Gobierno Local aprueba un presupuesto inicial de 13,7 millones de euros de los que 11,1 correr\u00e1n a cargo del gestor del aparcamiento\",\"breadcrumb\":{\"@id\":\"https:\\\/\\\/www.laguiadepamplona.com\\\/actualidad\\\/el-ayuntamiento-licita-las-obras-del-proyecto-de-aparcamiento-de-la-calle-sanguesa-y-la-reurbanizacion-de-la-plaza-de-la-cruz-que-esta-previsto-que-comiencen-en-julio\\\/#breadcrumb\"},\"inLanguage\":\"es\",\"potentialAction\":[{\"@type\":\"ReadAction\",\"target\":[\"https:\\\/\\\/www.laguiadepamplona.com\\\/actualidad\\\/el-ayuntamiento-licita-las-obras-del-proyecto-de-aparcamiento-de-la-calle-sanguesa-y-la-reurbanizacion-de-la-plaza-de-la-cruz-que-esta-previsto-que-comiencen-en-julio\\\/\"]}]},{\"@type\":\"ImageObject\",\"inLanguage\":\"es\",\"@id\":\"https:\\\/\\\/www.laguiadepamplona.com\\\/actualidad\\\/el-ayuntamiento-licita-las-obras-del-proyecto-de-aparcamiento-de-la-calle-sanguesa-y-la-reurbanizacion-de-la-plaza-de-la-cruz-que-esta-previsto-que-comiencen-en-julio\\\/#primaryimage\",\"url\":\"https:\\\/\\\/www.laguiadepamplona.com\\\/actualidad\\\/wp-content\\\/uploads\\\/2023\\\/04\\\/jamimagesayuntamientopamplonaplazacruzaereafinalactualizadacopia_0.webp\",\"contentUrl\":\"https:\\\/\\\/www.laguiadepamplona.com\\\/actualidad\\\/wp-content\\\/uploads\\\/2023\\\/04\\\/jamimagesayuntamientopamplonaplazacruzaereafinalactualizadacopia_0.webp\",\"width\":1080,\"height\":1200},{\"@type\":\"BreadcrumbList\",\"@id\":\"https:\\\/\\\/www.laguiadepamplona.com\\\/actualidad\\\/el-ayuntamiento-licita-las-obras-del-proyecto-de-aparcamiento-de-la-calle-sanguesa-y-la-reurbanizacion-de-la-plaza-de-la-cruz-que-esta-previsto-que-comiencen-en-julio\\\/#breadcrumb\",\"itemListElement\":[{\"@type\":\"ListItem\",\"position\":1,\"name\":\"Portada\",\"item\":\"https:\\\/\\\/www.laguiadepamplona.com\\\/actualidad\\\/\"},{\"@type\":\"ListItem\",\"position\":2,\"name\":\"El Ayuntamiento licita las obras del proyecto de aparcamiento de la calle Sang\u00fcesa y la reurbanizaci\u00f3n de la plaza de la Cruz que est\u00e1 previsto que comiencen en julio\"}]},{\"@type\":\"WebSite\",\"@id\":\"https:\\\/\\\/www.laguiadepamplona.com\\\/actualidad\\\/#website\",\"url\":\"https:\\\/\\\/www.laguiadepamplona.com\\\/actualidad\\\/\",\"name\":\"La gu\u00eda de Pamplona\",\"description\":\"Noticias de Pamplona\",\"publisher\":{\"@id\":\"https:\\\/\\\/www.laguiadepamplona.com\\\/actualidad\\\/#organization\"},\"potentialAction\":[{\"@type\":\"SearchAction\",\"target\":{\"@type\":\"EntryPoint\",\"urlTemplate\":\"https:\\\/\\\/www.laguiadepamplona.com\\\/actualidad\\\/?s={search_term_string}\"},\"query-input\":{\"@type\":\"PropertyValueSpecification\",\"valueRequired\":true,\"valueName\":\"search_term_string\"}}],\"inLanguage\":\"es\"},{\"@type\":\"Organization\",\"@id\":\"https:\\\/\\\/www.laguiadepamplona.com\\\/actualidad\\\/#organization\",\"name\":\"La Gu\u00eda de Pamplona \\\/ Noticias\",\"url\":\"https:\\\/\\\/www.laguiadepamplona.com\\\/actualidad\\\/\",\"logo\":{\"@type\":\"ImageObject\",\"inLanguage\":\"es\",\"@id\":\"https:\\\/\\\/www.laguiadepamplona.com\\\/actualidad\\\/#\\\/schema\\\/logo\\\/image\\\/\",\"url\":\"https:\\\/\\\/www.laguiadepamplona.com\\\/actualidad\\\/wp-content\\\/uploads\\\/2018\\\/11\\\/logo-laguiadepamplona18-web1.png\",\"contentUrl\":\"https:\\\/\\\/www.laguiadepamplona.com\\\/actualidad\\\/wp-content\\\/uploads\\\/2018\\\/11\\\/logo-laguiadepamplona18-web1.png\",\"width\":600,\"height\":196,\"caption\":\"La Gu\u00eda de Pamplona \\\/ Noticias\"},\"image\":{\"@id\":\"https:\\\/\\\/www.laguiadepamplona.com\\\/actualidad\\\/#\\\/schema\\\/logo\\\/image\\\/\"},\"sameAs\":[\"https:\\\/\\\/www.facebook.com\\\/laguiadepamplonacom-133175176762273\\\/?ref=hl\",\"https:\\\/\\\/x.com\\\/LaGuiadPamplona\",\"https:\\\/\\\/www.instagram.com\\\/la_guia_de_pamplona\\\/\",\"https:\\\/\\\/www.youtube.com\\\/user\\\/laguiadepamplona\"]},{\"@type\":\"Person\",\"@id\":\"https:\\\/\\\/www.laguiadepamplona.com\\\/actualidad\\\/#\\\/schema\\\/person\\\/efe887376f0213d4657c93adc50b1fdb\",\"name\":\"La Gu\u00eda de Pamplona\",\"image\":{\"@type\":\"ImageObject\",\"inLanguage\":\"es\",\"@id\":\"https:\\\/\\\/secure.gravatar.com\\\/avatar\\\/b6992f131dc8d30ab0dff15446e9d346d9dbd95992de0fef795073f5ea83a81c?s=96&d=mm&r=g\",\"url\":\"https:\\\/\\\/secure.gravatar.com\\\/avatar\\\/b6992f131dc8d30ab0dff15446e9d346d9dbd95992de0fef795073f5ea83a81c?s=96&d=mm&r=g\",\"contentUrl\":\"https:\\\/\\\/secure.gravatar.com\\\/avatar\\\/b6992f131dc8d30ab0dff15446e9d346d9dbd95992de0fef795073f5ea83a81c?s=96&d=mm&r=g\",\"caption\":\"La Gu\u00eda de Pamplona\"}}]}<\/script>\n<!-- \/ Yoast SEO plugin. -->","yoast_head_json":{"title":"El Ayuntamiento licita las obras del proyecto de aparcamiento de la calle Sang\u00fcesa y la reurbanizaci\u00f3n de la plaza de la Cruz que est\u00e1 previsto que comiencen en julio","description":"La Junta de Gobierno Local aprueba un presupuesto inicial de 13,7 millones de euros de los que 11,1 correr\u00e1n a cargo del gestor del aparcamiento","robots":{"index":"index","follow":"follow","max-snippet":"max-snippet:-1","max-image-preview":"max-image-preview:large","max-video-preview":"max-video-preview:-1"},"canonical":"https:\/\/www.laguiadepamplona.com\/actualidad\/el-ayuntamiento-licita-las-obras-del-proyecto-de-aparcamiento-de-la-calle-sanguesa-y-la-reurbanizacion-de-la-plaza-de-la-cruz-que-esta-previsto-que-comiencen-en-julio\/","og_locale":"es_ES","og_type":"article","og_title":"El Ayuntamiento licita las obras del proyecto de aparcamiento de la calle Sang\u00fcesa y la reurbanizaci\u00f3n de la plaza de la Cruz que est\u00e1 previsto que comiencen en julio","og_description":"La Junta de Gobierno Local aprueba un presupuesto inicial de 13,7 millones de euros de los que 11,1 correr\u00e1n a cargo del gestor del aparcamiento","og_url":"https:\/\/www.laguiadepamplona.com\/actualidad\/el-ayuntamiento-licita-las-obras-del-proyecto-de-aparcamiento-de-la-calle-sanguesa-y-la-reurbanizacion-de-la-plaza-de-la-cruz-que-esta-previsto-que-comiencen-en-julio\/","og_site_name":"La Gu\u00eda de Pamplona","article_publisher":"https:\/\/www.facebook.com\/laguiadepamplonacom-133175176762273\/?ref=hl","article_published_time":"2023-04-03T11:38:01+00:00","article_modified_time":"2023-04-11T09:46:53+00:00","og_image":[{"width":1080,"height":1200,"url":"https:\/\/www.laguiadepamplona.com\/actualidad\/wp-content\/uploads\/2023\/04\/jamimagesayuntamientopamplonaplazacruzaereafinalactualizadacopia_0.webp","type":"image\/webp"}],"author":"La Gu\u00eda de Pamplona","twitter_card":"summary_large_image","twitter_creator":"@LaGuiadPamplona","twitter_site":"@LaGuiadPamplona","twitter_misc":{"Escrito por":"La Gu\u00eda de Pamplona","Tiempo de lectura":"5 minutos"},"schema":{"@context":"https:\/\/schema.org","@graph":[{"@type":"Article","@id":"https:\/\/www.laguiadepamplona.com\/actualidad\/el-ayuntamiento-licita-las-obras-del-proyecto-de-aparcamiento-de-la-calle-sanguesa-y-la-reurbanizacion-de-la-plaza-de-la-cruz-que-esta-previsto-que-comiencen-en-julio\/#article","isPartOf":{"@id":"https:\/\/www.laguiadepamplona.com\/actualidad\/el-ayuntamiento-licita-las-obras-del-proyecto-de-aparcamiento-de-la-calle-sanguesa-y-la-reurbanizacion-de-la-plaza-de-la-cruz-que-esta-previsto-que-comiencen-en-julio\/"},"author":{"name":"La Gu\u00eda de Pamplona","@id":"https:\/\/www.laguiadepamplona.com\/actualidad\/#\/schema\/person\/efe887376f0213d4657c93adc50b1fdb"},"headline":"El Ayuntamiento licita las obras del proyecto de aparcamiento de la calle Sang\u00fcesa y la reurbanizaci\u00f3n de la plaza de la Cruz que est\u00e1 previsto que comiencen en julio","datePublished":"2023-04-03T11:38:01+00:00","dateModified":"2023-04-11T09:46:53+00:00","mainEntityOfPage":{"@id":"https:\/\/www.laguiadepamplona.com\/actualidad\/el-ayuntamiento-licita-las-obras-del-proyecto-de-aparcamiento-de-la-calle-sanguesa-y-la-reurbanizacion-de-la-plaza-de-la-cruz-que-esta-previsto-que-comiencen-en-julio\/"},"wordCount":1026,"commentCount":0,"publisher":{"@id":"https:\/\/www.laguiadepamplona.com\/actualidad\/#organization"},"image":{"@id":"https:\/\/www.laguiadepamplona.com\/actualidad\/el-ayuntamiento-licita-las-obras-del-proyecto-de-aparcamiento-de-la-calle-sanguesa-y-la-reurbanizacion-de-la-plaza-de-la-cruz-que-esta-previsto-que-comiencen-en-julio\/#primaryimage"},"thumbnailUrl":"https:\/\/www.laguiadepamplona.com\/actualidad\/wp-content\/uploads\/2023\/04\/jamimagesayuntamientopamplonaplazacruzaereafinalactualizadacopia_0.webp","articleSection":["Ayto Pamplona"],"inLanguage":"es","potentialAction":[{"@type":"CommentAction","name":"Comment","target":["https:\/\/www.laguiadepamplona.com\/actualidad\/el-ayuntamiento-licita-las-obras-del-proyecto-de-aparcamiento-de-la-calle-sanguesa-y-la-reurbanizacion-de-la-plaza-de-la-cruz-que-esta-previsto-que-comiencen-en-julio\/#respond"]}]},{"@type":"WebPage","@id":"https:\/\/www.laguiadepamplona.com\/actualidad\/el-ayuntamiento-licita-las-obras-del-proyecto-de-aparcamiento-de-la-calle-sanguesa-y-la-reurbanizacion-de-la-plaza-de-la-cruz-que-esta-previsto-que-comiencen-en-julio\/","url":"https:\/\/www.laguiadepamplona.com\/actualidad\/el-ayuntamiento-licita-las-obras-del-proyecto-de-aparcamiento-de-la-calle-sanguesa-y-la-reurbanizacion-de-la-plaza-de-la-cruz-que-esta-previsto-que-comiencen-en-julio\/","name":"El Ayuntamiento licita las obras del proyecto de aparcamiento de la calle Sang\u00fcesa y la reurbanizaci\u00f3n de la plaza de la Cruz que est\u00e1 previsto que comiencen en julio","isPartOf":{"@id":"https:\/\/www.laguiadepamplona.com\/actualidad\/#website"},"primaryImageOfPage":{"@id":"https:\/\/www.laguiadepamplona.com\/actualidad\/el-ayuntamiento-licita-las-obras-del-proyecto-de-aparcamiento-de-la-calle-sanguesa-y-la-reurbanizacion-de-la-plaza-de-la-cruz-que-esta-previsto-que-comiencen-en-julio\/#primaryimage"},"image":{"@id":"https:\/\/www.laguiadepamplona.com\/actualidad\/el-ayuntamiento-licita-las-obras-del-proyecto-de-aparcamiento-de-la-calle-sanguesa-y-la-reurbanizacion-de-la-plaza-de-la-cruz-que-esta-previsto-que-comiencen-en-julio\/#primaryimage"},"thumbnailUrl":"https:\/\/www.laguiadepamplona.com\/actualidad\/wp-content\/uploads\/2023\/04\/jamimagesayuntamientopamplonaplazacruzaereafinalactualizadacopia_0.webp","datePublished":"2023-04-03T11:38:01+00:00","dateModified":"2023-04-11T09:46:53+00:00","description":"La Junta de Gobierno Local aprueba un presupuesto inicial de 13,7 millones de euros de los que 11,1 correr\u00e1n a cargo del gestor del aparcamiento","breadcrumb":{"@id":"https:\/\/www.laguiadepamplona.com\/actualidad\/el-ayuntamiento-licita-las-obras-del-proyecto-de-aparcamiento-de-la-calle-sanguesa-y-la-reurbanizacion-de-la-plaza-de-la-cruz-que-esta-previsto-que-comiencen-en-julio\/#breadcrumb"},"inLanguage":"es","potentialAction":[{"@type":"ReadAction","target":["https:\/\/www.laguiadepamplona.com\/actualidad\/el-ayuntamiento-licita-las-obras-del-proyecto-de-aparcamiento-de-la-calle-sanguesa-y-la-reurbanizacion-de-la-plaza-de-la-cruz-que-esta-previsto-que-comiencen-en-julio\/"]}]},{"@type":"ImageObject","inLanguage":"es","@id":"https:\/\/www.laguiadepamplona.com\/actualidad\/el-ayuntamiento-licita-las-obras-del-proyecto-de-aparcamiento-de-la-calle-sanguesa-y-la-reurbanizacion-de-la-plaza-de-la-cruz-que-esta-previsto-que-comiencen-en-julio\/#primaryimage","url":"https:\/\/www.laguiadepamplona.com\/actualidad\/wp-content\/uploads\/2023\/04\/jamimagesayuntamientopamplonaplazacruzaereafinalactualizadacopia_0.webp","contentUrl":"https:\/\/www.laguiadepamplona.com\/actualidad\/wp-content\/uploads\/2023\/04\/jamimagesayuntamientopamplonaplazacruzaereafinalactualizadacopia_0.webp","width":1080,"height":1200},{"@type":"BreadcrumbList","@id":"https:\/\/www.laguiadepamplona.com\/actualidad\/el-ayuntamiento-licita-las-obras-del-proyecto-de-aparcamiento-de-la-calle-sanguesa-y-la-reurbanizacion-de-la-plaza-de-la-cruz-que-esta-previsto-que-comiencen-en-julio\/#breadcrumb","itemListElement":[{"@type":"ListItem","position":1,"name":"Portada","item":"https:\/\/www.laguiadepamplona.com\/actualidad\/"},{"@type":"ListItem","position":2,"name":"El Ayuntamiento licita las obras del proyecto de aparcamiento de la calle Sang\u00fcesa y la reurbanizaci\u00f3n de la plaza de la Cruz que est\u00e1 previsto que comiencen en julio"}]},{"@type":"WebSite","@id":"https:\/\/www.laguiadepamplona.com\/actualidad\/#website","url":"https:\/\/www.laguiadepamplona.com\/actualidad\/","name":"La gu\u00eda de Pamplona","description":"Noticias de Pamplona","publisher":{"@id":"https:\/\/www.laguiadepamplona.com\/actualidad\/#organization"},"potentialAction":[{"@type":"SearchAction","target":{"@type":"EntryPoint","urlTemplate":"https:\/\/www.laguiadepamplona.com\/actualidad\/?s={search_term_string}"},"query-input":{"@type":"PropertyValueSpecification","valueRequired":true,"valueName":"search_term_string"}}],"inLanguage":"es"},{"@type":"Organization","@id":"https:\/\/www.laguiadepamplona.com\/actualidad\/#organization","name":"La Gu\u00eda de Pamplona \/ Noticias","url":"https:\/\/www.laguiadepamplona.com\/actualidad\/","logo":{"@type":"ImageObject","inLanguage":"es","@id":"https:\/\/www.laguiadepamplona.com\/actualidad\/#\/schema\/logo\/image\/","url":"https:\/\/www.laguiadepamplona.com\/actualidad\/wp-content\/uploads\/2018\/11\/logo-laguiadepamplona18-web1.png","contentUrl":"https:\/\/www.laguiadepamplona.com\/actualidad\/wp-content\/uploads\/2018\/11\/logo-laguiadepamplona18-web1.png","width":600,"height":196,"caption":"La Gu\u00eda de Pamplona \/ Noticias"},"image":{"@id":"https:\/\/www.laguiadepamplona.com\/actualidad\/#\/schema\/logo\/image\/"},"sameAs":["https:\/\/www.facebook.com\/laguiadepamplonacom-133175176762273\/?ref=hl","https:\/\/x.com\/LaGuiadPamplona","https:\/\/www.instagram.com\/la_guia_de_pamplona\/","https:\/\/www.youtube.com\/user\/laguiadepamplona"]},{"@type":"Person","@id":"https:\/\/www.laguiadepamplona.com\/actualidad\/#\/schema\/person\/efe887376f0213d4657c93adc50b1fdb","name":"La Gu\u00eda de Pamplona","image":{"@type":"ImageObject","inLanguage":"es","@id":"https:\/\/secure.gravatar.com\/avatar\/b6992f131dc8d30ab0dff15446e9d346d9dbd95992de0fef795073f5ea83a81c?s=96&d=mm&r=g","url":"https:\/\/secure.gravatar.com\/avatar\/b6992f131dc8d30ab0dff15446e9d346d9dbd95992de0fef795073f5ea83a81c?s=96&d=mm&r=g","contentUrl":"https:\/\/secure.gravatar.com\/avatar\/b6992f131dc8d30ab0dff15446e9d346d9dbd95992de0fef795073f5ea83a81c?s=96&d=mm&r=g","caption":"La Gu\u00eda de Pamplona"}}]}},"post_mailing_queue_ids":[],"_links":{"self":[{"href":"https:\/\/www.laguiadepamplona.com\/actualidad\/wp-json\/wp\/v2\/posts\/43413","targetHints":{"allow":["GET"]}}],"collection":[{"href":"https:\/\/www.laguiadepamplona.com\/actualidad\/wp-json\/wp\/v2\/posts"}],"about":[{"href":"https:\/\/www.laguiadepamplona.com\/actualidad\/wp-json\/wp\/v2\/types\/post"}],"author":[{"embeddable":true,"href":"https:\/\/www.laguiadepamplona.com\/actualidad\/wp-json\/wp\/v2\/users\/1"}],"replies":[{"embeddable":true,"href":"https:\/\/www.laguiadepamplona.com\/actualidad\/wp-json\/wp\/v2\/comments?post=43413"}],"version-history":[{"count":0,"href":"https:\/\/www.laguiadepamplona.com\/actualidad\/wp-json\/wp\/v2\/posts\/43413\/revisions"}],"wp:featuredmedia":[{"embeddable":true,"href":"https:\/\/www.laguiadepamplona.com\/actualidad\/wp-json\/wp\/v2\/media\/43414"}],"wp:attachment":[{"href":"https:\/\/www.laguiadepamplona.com\/actualidad\/wp-json\/wp\/v2\/media?parent=43413"}],"wp:term":[{"taxonomy":"category","embeddable":true,"href":"https:\/\/www.laguiadepamplona.com\/actualidad\/wp-json\/wp\/v2\/categories?post=43413"},{"taxonomy":"post_tag","embeddable":true,"href":"https:\/\/www.laguiadepamplona.com\/actualidad\/wp-json\/wp\/v2\/tags?post=43413"}],"curies":[{"name":"wp","href":"https:\/\/api.w.org\/{rel}","templated":true}]}}