{"id":43410,"date":"2023-04-03T13:17:41","date_gmt":"2023-04-03T11:17:41","guid":{"rendered":"https:\/\/www.laguiadepamplona.com\/actualidad\/?p=43410"},"modified":"2023-04-11T11:46:53","modified_gmt":"2023-04-11T09:46:53","slug":"cuarto-peldano-de-la-escalerica-sanferminera-este-martes-dedicado-al-jazz-con-concierto-de-chico-roto-y-la-big-band-del-conservatorio-superior-en-el-bosquecillo","status":"publish","type":"post","link":"https:\/\/www.laguiadepamplona.com\/actualidad\/cuarto-peldano-de-la-escalerica-sanferminera-este-martes-dedicado-al-jazz-con-concierto-de-chico-roto-y-la-big-band-del-conservatorio-superior-en-el-bosquecillo\/","title":{"rendered":"Cuarto pelda\u00f1o de la \u2018Escalerica\u2019 sanferminera este martes, dedicado al jazz, con concierto de Chico Roto y la Big Band del Conservatorio Superior en El Bosquecillo"},"content":{"rendered":"<h5>Las actuaciones comienzan a las 19 horas y desde el Ayuntamiento se invita a compartirlas con hashtags como #YaFaltaMenos y #Escalerica<\/h5>\n<p><!--more--><\/p>\n<p>Ma\u00f1ana martes 4 de abril, la \u2018Escalerica\u2019 sanferminera sube un nuevo pelda\u00f1o, el cuarto, que va acercando poco a poco a las ansiadas fiestas de julio. Este pelda\u00f1o estar\u00e1 dedicado al jazz con dos conciertos gratuitos y al aire libre en El Bosquecillo. A las 19 horas, actuar\u00e1 la Big Band del Conservatorio Superior de M\u00fasica de Navarra y a las 20.30 horas dar\u00e1 inicio el concierto de Chico Roto.<br \/>\n<script async src=\"\/\/pagead2.googlesyndication.com\/pagead\/js\/adsbygoogle.js\"><\/script><br \/>\n<!-- Noticias La Guia de Pamplona --><br \/>\n<ins class=\"adsbygoogle\"\nstyle=\"display:block\"\ndata-ad-client=\"ca-pub-6943679897239327\"\ndata-ad-slot=\"7048180777\"\ndata-ad-format=\"auto\"><\/ins><br \/>\n<script>\n(adsbygoogle = window.adsbygoogle || []).push({});\n<\/script><\/p>\n<p>Los eventos programados para la \u2018Escalerica\u2019 sanferminera cuentan con financiaci\u00f3n europea de los fondos Next Generation EU, a trav\u00e9s del Plan de Recuperaci\u00f3n, Transformaci\u00f3n y Resiliencia (PRTR) del Gobierno de Espa\u00f1a. La asociaci\u00f3n Va de Kultura Elkartea es la que se encarga de gestionar y contratar las actividades que se programan en este y en los pr\u00f3ximos pelda\u00f1os de la \u2018Escalerica\u2019. El Ayuntamiento de Pamplona invita a la ciudadan\u00eda a compartir las actuaciones con los hashtags #YaFaltaMenos, #Escalerica, #Sanfermines2023 y #4DeAbril.<\/p>\n<p>La Big Band del Conservatorio Superior de M\u00fasica de Navarra se cre\u00f3 en 2005 como una asignatura incluida en el plan de estudios del Departamento de Jazz. Re\u00fane al alumnado m\u00e1s destacado de los instrumentos relacionados con este estilo, como trompetas, trombones, saxos, guitarra, piano, contrabajo, bajo, bater\u00eda y voz. El repertorio habitual consiste en arreglos de est\u00e1ndares y composiciones originales realizadas para el grupo por su director, I\u00f1aki Askunze, profesor de Arreglos, Composici\u00f3n y Big Band en el centro.<br \/>\n<script async src=\"\/\/pagead2.googlesyndication.com\/pagead\/js\/adsbygoogle.js\"><\/script><br \/>\n<!-- Noticias La Guia de Pamplona --><br \/>\n<ins class=\"adsbygoogle\"\nstyle=\"display:block\"\ndata-ad-client=\"ca-pub-6943679897239327\"\ndata-ad-slot=\"7048180777\"\ndata-ad-format=\"auto\"><\/ins><br \/>\n<script>\n(adsbygoogle = window.adsbygoogle || []).push({});\n<\/script><\/p>\n<p>La caracter\u00edstica principal de Chico Roto es que el jazz se convierte en el g\u00e9nero transversal de todos los componentes, as\u00ed como la visi\u00f3n compartida de que dicho g\u00e9nero es part\u00edcipe de una forma u otra en la m\u00fasica urbana actual. El resultado ahora es un directo din\u00e1mico y vers\u00e1til en el que se pone el foco en la una m\u00fasica atravesada por g\u00e9neros como el pop, el postpunk o el afrobeat que se suman a los propios de la m\u00fasica urbana. En enero de 2022 la banda decide grabar un directo de cinco temas en el que reinterpretan temas de su primer disco, as\u00ed como nuevas composiciones.<\/p>\n","protected":false},"excerpt":{"rendered":"<p>Las actuaciones comienzan a las 19 horas y desde el Ayuntamiento se invita a compartirlas con hashtags como #YaFaltaMenos y #Escalerica<\/p>\n","protected":false},"author":1,"featured_media":43411,"comment_status":"open","ping_status":"closed","sticky":false,"template":"","format":"standard","meta":{"footnotes":""},"categories":[2],"tags":[],"class_list":["post-43410","post","type-post","status-publish","format-standard","has-post-thumbnail","hentry","category-ayuntamiento-pamplona"],"yoast_head":"<!-- This site is optimized with the Yoast SEO plugin v27.3 - https:\/\/yoast.com\/product\/yoast-seo-wordpress\/ -->\n<title>Cuarto pelda\u00f1o de la \u2018Escalerica\u2019 sanferminera este martes, dedicado al jazz, con concierto de Chico Roto y la Big Band del Conservatorio Superior en El Bosquecillo<\/title>\n<meta name=\"description\" content=\"Las actuaciones comienzan a las 19 horas y desde el Ayuntamiento se invita a compartirlas con hashtags como #YaFaltaMenos y #Escalerica\" \/>\n<meta name=\"robots\" content=\"index, follow, max-snippet:-1, max-image-preview:large, max-video-preview:-1\" \/>\n<link rel=\"canonical\" href=\"https:\/\/www.laguiadepamplona.com\/actualidad\/cuarto-peldano-de-la-escalerica-sanferminera-este-martes-dedicado-al-jazz-con-concierto-de-chico-roto-y-la-big-band-del-conservatorio-superior-en-el-bosquecillo\/\" \/>\n<meta property=\"og:locale\" content=\"es_ES\" \/>\n<meta property=\"og:type\" content=\"article\" \/>\n<meta property=\"og:title\" content=\"Cuarto pelda\u00f1o de la \u2018Escalerica\u2019 sanferminera este martes, dedicado al jazz, con concierto de Chico Roto y la Big Band del Conservatorio Superior en El Bosquecillo\" \/>\n<meta property=\"og:description\" content=\"Las actuaciones comienzan a las 19 horas y desde el Ayuntamiento se invita a compartirlas con hashtags como #YaFaltaMenos y #Escalerica\" \/>\n<meta property=\"og:url\" content=\"https:\/\/www.laguiadepamplona.com\/actualidad\/cuarto-peldano-de-la-escalerica-sanferminera-este-martes-dedicado-al-jazz-con-concierto-de-chico-roto-y-la-big-band-del-conservatorio-superior-en-el-bosquecillo\/\" \/>\n<meta property=\"og:site_name\" content=\"La Gu\u00eda de Pamplona\" \/>\n<meta property=\"article:publisher\" content=\"https:\/\/www.facebook.com\/laguiadepamplonacom-133175176762273\/?ref=hl\" \/>\n<meta property=\"article:published_time\" content=\"2023-04-03T11:17:41+00:00\" \/>\n<meta property=\"article:modified_time\" content=\"2023-04-11T09:46:53+00:00\" \/>\n<meta property=\"og:image\" content=\"https:\/\/www.laguiadepamplona.com\/actualidad\/wp-content\/uploads\/2023\/04\/cuarto-peldano-san-fermin.webp\" \/>\n\t<meta property=\"og:image:width\" content=\"1818\" \/>\n\t<meta property=\"og:image:height\" content=\"1024\" \/>\n\t<meta property=\"og:image:type\" content=\"image\/webp\" \/>\n<meta name=\"author\" content=\"La Gu\u00eda de Pamplona\" \/>\n<meta name=\"twitter:card\" content=\"summary_large_image\" \/>\n<meta name=\"twitter:creator\" content=\"@LaGuiadPamplona\" \/>\n<meta name=\"twitter:site\" content=\"@LaGuiadPamplona\" \/>\n<meta name=\"twitter:label1\" content=\"Escrito por\" \/>\n\t<meta name=\"twitter:data1\" content=\"La Gu\u00eda de Pamplona\" \/>\n\t<meta name=\"twitter:label2\" content=\"Tiempo de lectura\" \/>\n\t<meta name=\"twitter:data2\" content=\"2 minutos\" \/>\n<script type=\"application\/ld+json\" class=\"yoast-schema-graph\">{\"@context\":\"https:\\\/\\\/schema.org\",\"@graph\":[{\"@type\":\"Article\",\"@id\":\"https:\\\/\\\/www.laguiadepamplona.com\\\/actualidad\\\/cuarto-peldano-de-la-escalerica-sanferminera-este-martes-dedicado-al-jazz-con-concierto-de-chico-roto-y-la-big-band-del-conservatorio-superior-en-el-bosquecillo\\\/#article\",\"isPartOf\":{\"@id\":\"https:\\\/\\\/www.laguiadepamplona.com\\\/actualidad\\\/cuarto-peldano-de-la-escalerica-sanferminera-este-martes-dedicado-al-jazz-con-concierto-de-chico-roto-y-la-big-band-del-conservatorio-superior-en-el-bosquecillo\\\/\"},\"author\":{\"name\":\"La Gu\u00eda de Pamplona\",\"@id\":\"https:\\\/\\\/www.laguiadepamplona.com\\\/actualidad\\\/#\\\/schema\\\/person\\\/efe887376f0213d4657c93adc50b1fdb\"},\"headline\":\"Cuarto pelda\u00f1o de la \u2018Escalerica\u2019 sanferminera este martes, dedicado al jazz, con concierto de Chico Roto y la Big Band del Conservatorio Superior en El Bosquecillo\",\"datePublished\":\"2023-04-03T11:17:41+00:00\",\"dateModified\":\"2023-04-11T09:46:53+00:00\",\"mainEntityOfPage\":{\"@id\":\"https:\\\/\\\/www.laguiadepamplona.com\\\/actualidad\\\/cuarto-peldano-de-la-escalerica-sanferminera-este-martes-dedicado-al-jazz-con-concierto-de-chico-roto-y-la-big-band-del-conservatorio-superior-en-el-bosquecillo\\\/\"},\"wordCount\":412,\"commentCount\":0,\"publisher\":{\"@id\":\"https:\\\/\\\/www.laguiadepamplona.com\\\/actualidad\\\/#organization\"},\"image\":{\"@id\":\"https:\\\/\\\/www.laguiadepamplona.com\\\/actualidad\\\/cuarto-peldano-de-la-escalerica-sanferminera-este-martes-dedicado-al-jazz-con-concierto-de-chico-roto-y-la-big-band-del-conservatorio-superior-en-el-bosquecillo\\\/#primaryimage\"},\"thumbnailUrl\":\"https:\\\/\\\/www.laguiadepamplona.com\\\/actualidad\\\/wp-content\\\/uploads\\\/2023\\\/04\\\/cuarto-peldano-san-fermin.webp\",\"articleSection\":[\"Ayto Pamplona\"],\"inLanguage\":\"es\",\"potentialAction\":[{\"@type\":\"CommentAction\",\"name\":\"Comment\",\"target\":[\"https:\\\/\\\/www.laguiadepamplona.com\\\/actualidad\\\/cuarto-peldano-de-la-escalerica-sanferminera-este-martes-dedicado-al-jazz-con-concierto-de-chico-roto-y-la-big-band-del-conservatorio-superior-en-el-bosquecillo\\\/#respond\"]}]},{\"@type\":\"WebPage\",\"@id\":\"https:\\\/\\\/www.laguiadepamplona.com\\\/actualidad\\\/cuarto-peldano-de-la-escalerica-sanferminera-este-martes-dedicado-al-jazz-con-concierto-de-chico-roto-y-la-big-band-del-conservatorio-superior-en-el-bosquecillo\\\/\",\"url\":\"https:\\\/\\\/www.laguiadepamplona.com\\\/actualidad\\\/cuarto-peldano-de-la-escalerica-sanferminera-este-martes-dedicado-al-jazz-con-concierto-de-chico-roto-y-la-big-band-del-conservatorio-superior-en-el-bosquecillo\\\/\",\"name\":\"Cuarto pelda\u00f1o de la \u2018Escalerica\u2019 sanferminera este martes, dedicado al jazz, con concierto de Chico Roto y la Big Band del Conservatorio Superior en El Bosquecillo\",\"isPartOf\":{\"@id\":\"https:\\\/\\\/www.laguiadepamplona.com\\\/actualidad\\\/#website\"},\"primaryImageOfPage\":{\"@id\":\"https:\\\/\\\/www.laguiadepamplona.com\\\/actualidad\\\/cuarto-peldano-de-la-escalerica-sanferminera-este-martes-dedicado-al-jazz-con-concierto-de-chico-roto-y-la-big-band-del-conservatorio-superior-en-el-bosquecillo\\\/#primaryimage\"},\"image\":{\"@id\":\"https:\\\/\\\/www.laguiadepamplona.com\\\/actualidad\\\/cuarto-peldano-de-la-escalerica-sanferminera-este-martes-dedicado-al-jazz-con-concierto-de-chico-roto-y-la-big-band-del-conservatorio-superior-en-el-bosquecillo\\\/#primaryimage\"},\"thumbnailUrl\":\"https:\\\/\\\/www.laguiadepamplona.com\\\/actualidad\\\/wp-content\\\/uploads\\\/2023\\\/04\\\/cuarto-peldano-san-fermin.webp\",\"datePublished\":\"2023-04-03T11:17:41+00:00\",\"dateModified\":\"2023-04-11T09:46:53+00:00\",\"description\":\"Las actuaciones comienzan a las 19 horas y desde el Ayuntamiento se invita a compartirlas con hashtags como #YaFaltaMenos y #Escalerica\",\"breadcrumb\":{\"@id\":\"https:\\\/\\\/www.laguiadepamplona.com\\\/actualidad\\\/cuarto-peldano-de-la-escalerica-sanferminera-este-martes-dedicado-al-jazz-con-concierto-de-chico-roto-y-la-big-band-del-conservatorio-superior-en-el-bosquecillo\\\/#breadcrumb\"},\"inLanguage\":\"es\",\"potentialAction\":[{\"@type\":\"ReadAction\",\"target\":[\"https:\\\/\\\/www.laguiadepamplona.com\\\/actualidad\\\/cuarto-peldano-de-la-escalerica-sanferminera-este-martes-dedicado-al-jazz-con-concierto-de-chico-roto-y-la-big-band-del-conservatorio-superior-en-el-bosquecillo\\\/\"]}]},{\"@type\":\"ImageObject\",\"inLanguage\":\"es\",\"@id\":\"https:\\\/\\\/www.laguiadepamplona.com\\\/actualidad\\\/cuarto-peldano-de-la-escalerica-sanferminera-este-martes-dedicado-al-jazz-con-concierto-de-chico-roto-y-la-big-band-del-conservatorio-superior-en-el-bosquecillo\\\/#primaryimage\",\"url\":\"https:\\\/\\\/www.laguiadepamplona.com\\\/actualidad\\\/wp-content\\\/uploads\\\/2023\\\/04\\\/cuarto-peldano-san-fermin.webp\",\"contentUrl\":\"https:\\\/\\\/www.laguiadepamplona.com\\\/actualidad\\\/wp-content\\\/uploads\\\/2023\\\/04\\\/cuarto-peldano-san-fermin.webp\",\"width\":1818,\"height\":1024},{\"@type\":\"BreadcrumbList\",\"@id\":\"https:\\\/\\\/www.laguiadepamplona.com\\\/actualidad\\\/cuarto-peldano-de-la-escalerica-sanferminera-este-martes-dedicado-al-jazz-con-concierto-de-chico-roto-y-la-big-band-del-conservatorio-superior-en-el-bosquecillo\\\/#breadcrumb\",\"itemListElement\":[{\"@type\":\"ListItem\",\"position\":1,\"name\":\"Portada\",\"item\":\"https:\\\/\\\/www.laguiadepamplona.com\\\/actualidad\\\/\"},{\"@type\":\"ListItem\",\"position\":2,\"name\":\"Cuarto pelda\u00f1o de la \u2018Escalerica\u2019 sanferminera este martes, dedicado al jazz, con concierto de Chico Roto y la Big Band del Conservatorio Superior en El Bosquecillo\"}]},{\"@type\":\"WebSite\",\"@id\":\"https:\\\/\\\/www.laguiadepamplona.com\\\/actualidad\\\/#website\",\"url\":\"https:\\\/\\\/www.laguiadepamplona.com\\\/actualidad\\\/\",\"name\":\"La gu\u00eda de Pamplona\",\"description\":\"Noticias de Pamplona\",\"publisher\":{\"@id\":\"https:\\\/\\\/www.laguiadepamplona.com\\\/actualidad\\\/#organization\"},\"potentialAction\":[{\"@type\":\"SearchAction\",\"target\":{\"@type\":\"EntryPoint\",\"urlTemplate\":\"https:\\\/\\\/www.laguiadepamplona.com\\\/actualidad\\\/?s={search_term_string}\"},\"query-input\":{\"@type\":\"PropertyValueSpecification\",\"valueRequired\":true,\"valueName\":\"search_term_string\"}}],\"inLanguage\":\"es\"},{\"@type\":\"Organization\",\"@id\":\"https:\\\/\\\/www.laguiadepamplona.com\\\/actualidad\\\/#organization\",\"name\":\"La Gu\u00eda de Pamplona \\\/ Noticias\",\"url\":\"https:\\\/\\\/www.laguiadepamplona.com\\\/actualidad\\\/\",\"logo\":{\"@type\":\"ImageObject\",\"inLanguage\":\"es\",\"@id\":\"https:\\\/\\\/www.laguiadepamplona.com\\\/actualidad\\\/#\\\/schema\\\/logo\\\/image\\\/\",\"url\":\"https:\\\/\\\/www.laguiadepamplona.com\\\/actualidad\\\/wp-content\\\/uploads\\\/2018\\\/11\\\/logo-laguiadepamplona18-web1.png\",\"contentUrl\":\"https:\\\/\\\/www.laguiadepamplona.com\\\/actualidad\\\/wp-content\\\/uploads\\\/2018\\\/11\\\/logo-laguiadepamplona18-web1.png\",\"width\":600,\"height\":196,\"caption\":\"La Gu\u00eda de Pamplona \\\/ Noticias\"},\"image\":{\"@id\":\"https:\\\/\\\/www.laguiadepamplona.com\\\/actualidad\\\/#\\\/schema\\\/logo\\\/image\\\/\"},\"sameAs\":[\"https:\\\/\\\/www.facebook.com\\\/laguiadepamplonacom-133175176762273\\\/?ref=hl\",\"https:\\\/\\\/x.com\\\/LaGuiadPamplona\",\"https:\\\/\\\/www.instagram.com\\\/la_guia_de_pamplona\\\/\",\"https:\\\/\\\/www.youtube.com\\\/user\\\/laguiadepamplona\"]},{\"@type\":\"Person\",\"@id\":\"https:\\\/\\\/www.laguiadepamplona.com\\\/actualidad\\\/#\\\/schema\\\/person\\\/efe887376f0213d4657c93adc50b1fdb\",\"name\":\"La Gu\u00eda de Pamplona\",\"image\":{\"@type\":\"ImageObject\",\"inLanguage\":\"es\",\"@id\":\"https:\\\/\\\/secure.gravatar.com\\\/avatar\\\/b6992f131dc8d30ab0dff15446e9d346d9dbd95992de0fef795073f5ea83a81c?s=96&d=mm&r=g\",\"url\":\"https:\\\/\\\/secure.gravatar.com\\\/avatar\\\/b6992f131dc8d30ab0dff15446e9d346d9dbd95992de0fef795073f5ea83a81c?s=96&d=mm&r=g\",\"contentUrl\":\"https:\\\/\\\/secure.gravatar.com\\\/avatar\\\/b6992f131dc8d30ab0dff15446e9d346d9dbd95992de0fef795073f5ea83a81c?s=96&d=mm&r=g\",\"caption\":\"La Gu\u00eda de Pamplona\"}}]}<\/script>\n<!-- \/ Yoast SEO plugin. -->","yoast_head_json":{"title":"Cuarto pelda\u00f1o de la \u2018Escalerica\u2019 sanferminera este martes, dedicado al jazz, con concierto de Chico Roto y la Big Band del Conservatorio Superior en El Bosquecillo","description":"Las actuaciones comienzan a las 19 horas y desde el Ayuntamiento se invita a compartirlas con hashtags como #YaFaltaMenos y #Escalerica","robots":{"index":"index","follow":"follow","max-snippet":"max-snippet:-1","max-image-preview":"max-image-preview:large","max-video-preview":"max-video-preview:-1"},"canonical":"https:\/\/www.laguiadepamplona.com\/actualidad\/cuarto-peldano-de-la-escalerica-sanferminera-este-martes-dedicado-al-jazz-con-concierto-de-chico-roto-y-la-big-band-del-conservatorio-superior-en-el-bosquecillo\/","og_locale":"es_ES","og_type":"article","og_title":"Cuarto pelda\u00f1o de la \u2018Escalerica\u2019 sanferminera este martes, dedicado al jazz, con concierto de Chico Roto y la Big Band del Conservatorio Superior en El Bosquecillo","og_description":"Las actuaciones comienzan a las 19 horas y desde el Ayuntamiento se invita a compartirlas con hashtags como #YaFaltaMenos y #Escalerica","og_url":"https:\/\/www.laguiadepamplona.com\/actualidad\/cuarto-peldano-de-la-escalerica-sanferminera-este-martes-dedicado-al-jazz-con-concierto-de-chico-roto-y-la-big-band-del-conservatorio-superior-en-el-bosquecillo\/","og_site_name":"La Gu\u00eda de Pamplona","article_publisher":"https:\/\/www.facebook.com\/laguiadepamplonacom-133175176762273\/?ref=hl","article_published_time":"2023-04-03T11:17:41+00:00","article_modified_time":"2023-04-11T09:46:53+00:00","og_image":[{"width":1818,"height":1024,"url":"https:\/\/www.laguiadepamplona.com\/actualidad\/wp-content\/uploads\/2023\/04\/cuarto-peldano-san-fermin.webp","type":"image\/webp"}],"author":"La Gu\u00eda de Pamplona","twitter_card":"summary_large_image","twitter_creator":"@LaGuiadPamplona","twitter_site":"@LaGuiadPamplona","twitter_misc":{"Escrito por":"La Gu\u00eda de Pamplona","Tiempo de lectura":"2 minutos"},"schema":{"@context":"https:\/\/schema.org","@graph":[{"@type":"Article","@id":"https:\/\/www.laguiadepamplona.com\/actualidad\/cuarto-peldano-de-la-escalerica-sanferminera-este-martes-dedicado-al-jazz-con-concierto-de-chico-roto-y-la-big-band-del-conservatorio-superior-en-el-bosquecillo\/#article","isPartOf":{"@id":"https:\/\/www.laguiadepamplona.com\/actualidad\/cuarto-peldano-de-la-escalerica-sanferminera-este-martes-dedicado-al-jazz-con-concierto-de-chico-roto-y-la-big-band-del-conservatorio-superior-en-el-bosquecillo\/"},"author":{"name":"La Gu\u00eda de Pamplona","@id":"https:\/\/www.laguiadepamplona.com\/actualidad\/#\/schema\/person\/efe887376f0213d4657c93adc50b1fdb"},"headline":"Cuarto pelda\u00f1o de la \u2018Escalerica\u2019 sanferminera este martes, dedicado al jazz, con concierto de Chico Roto y la Big Band del Conservatorio Superior en El Bosquecillo","datePublished":"2023-04-03T11:17:41+00:00","dateModified":"2023-04-11T09:46:53+00:00","mainEntityOfPage":{"@id":"https:\/\/www.laguiadepamplona.com\/actualidad\/cuarto-peldano-de-la-escalerica-sanferminera-este-martes-dedicado-al-jazz-con-concierto-de-chico-roto-y-la-big-band-del-conservatorio-superior-en-el-bosquecillo\/"},"wordCount":412,"commentCount":0,"publisher":{"@id":"https:\/\/www.laguiadepamplona.com\/actualidad\/#organization"},"image":{"@id":"https:\/\/www.laguiadepamplona.com\/actualidad\/cuarto-peldano-de-la-escalerica-sanferminera-este-martes-dedicado-al-jazz-con-concierto-de-chico-roto-y-la-big-band-del-conservatorio-superior-en-el-bosquecillo\/#primaryimage"},"thumbnailUrl":"https:\/\/www.laguiadepamplona.com\/actualidad\/wp-content\/uploads\/2023\/04\/cuarto-peldano-san-fermin.webp","articleSection":["Ayto Pamplona"],"inLanguage":"es","potentialAction":[{"@type":"CommentAction","name":"Comment","target":["https:\/\/www.laguiadepamplona.com\/actualidad\/cuarto-peldano-de-la-escalerica-sanferminera-este-martes-dedicado-al-jazz-con-concierto-de-chico-roto-y-la-big-band-del-conservatorio-superior-en-el-bosquecillo\/#respond"]}]},{"@type":"WebPage","@id":"https:\/\/www.laguiadepamplona.com\/actualidad\/cuarto-peldano-de-la-escalerica-sanferminera-este-martes-dedicado-al-jazz-con-concierto-de-chico-roto-y-la-big-band-del-conservatorio-superior-en-el-bosquecillo\/","url":"https:\/\/www.laguiadepamplona.com\/actualidad\/cuarto-peldano-de-la-escalerica-sanferminera-este-martes-dedicado-al-jazz-con-concierto-de-chico-roto-y-la-big-band-del-conservatorio-superior-en-el-bosquecillo\/","name":"Cuarto pelda\u00f1o de la \u2018Escalerica\u2019 sanferminera este martes, dedicado al jazz, con concierto de Chico Roto y la Big Band del Conservatorio Superior en El Bosquecillo","isPartOf":{"@id":"https:\/\/www.laguiadepamplona.com\/actualidad\/#website"},"primaryImageOfPage":{"@id":"https:\/\/www.laguiadepamplona.com\/actualidad\/cuarto-peldano-de-la-escalerica-sanferminera-este-martes-dedicado-al-jazz-con-concierto-de-chico-roto-y-la-big-band-del-conservatorio-superior-en-el-bosquecillo\/#primaryimage"},"image":{"@id":"https:\/\/www.laguiadepamplona.com\/actualidad\/cuarto-peldano-de-la-escalerica-sanferminera-este-martes-dedicado-al-jazz-con-concierto-de-chico-roto-y-la-big-band-del-conservatorio-superior-en-el-bosquecillo\/#primaryimage"},"thumbnailUrl":"https:\/\/www.laguiadepamplona.com\/actualidad\/wp-content\/uploads\/2023\/04\/cuarto-peldano-san-fermin.webp","datePublished":"2023-04-03T11:17:41+00:00","dateModified":"2023-04-11T09:46:53+00:00","description":"Las actuaciones comienzan a las 19 horas y desde el Ayuntamiento se invita a compartirlas con hashtags como #YaFaltaMenos y #Escalerica","breadcrumb":{"@id":"https:\/\/www.laguiadepamplona.com\/actualidad\/cuarto-peldano-de-la-escalerica-sanferminera-este-martes-dedicado-al-jazz-con-concierto-de-chico-roto-y-la-big-band-del-conservatorio-superior-en-el-bosquecillo\/#breadcrumb"},"inLanguage":"es","potentialAction":[{"@type":"ReadAction","target":["https:\/\/www.laguiadepamplona.com\/actualidad\/cuarto-peldano-de-la-escalerica-sanferminera-este-martes-dedicado-al-jazz-con-concierto-de-chico-roto-y-la-big-band-del-conservatorio-superior-en-el-bosquecillo\/"]}]},{"@type":"ImageObject","inLanguage":"es","@id":"https:\/\/www.laguiadepamplona.com\/actualidad\/cuarto-peldano-de-la-escalerica-sanferminera-este-martes-dedicado-al-jazz-con-concierto-de-chico-roto-y-la-big-band-del-conservatorio-superior-en-el-bosquecillo\/#primaryimage","url":"https:\/\/www.laguiadepamplona.com\/actualidad\/wp-content\/uploads\/2023\/04\/cuarto-peldano-san-fermin.webp","contentUrl":"https:\/\/www.laguiadepamplona.com\/actualidad\/wp-content\/uploads\/2023\/04\/cuarto-peldano-san-fermin.webp","width":1818,"height":1024},{"@type":"BreadcrumbList","@id":"https:\/\/www.laguiadepamplona.com\/actualidad\/cuarto-peldano-de-la-escalerica-sanferminera-este-martes-dedicado-al-jazz-con-concierto-de-chico-roto-y-la-big-band-del-conservatorio-superior-en-el-bosquecillo\/#breadcrumb","itemListElement":[{"@type":"ListItem","position":1,"name":"Portada","item":"https:\/\/www.laguiadepamplona.com\/actualidad\/"},{"@type":"ListItem","position":2,"name":"Cuarto pelda\u00f1o de la \u2018Escalerica\u2019 sanferminera este martes, dedicado al jazz, con concierto de Chico Roto y la Big Band del Conservatorio Superior en El Bosquecillo"}]},{"@type":"WebSite","@id":"https:\/\/www.laguiadepamplona.com\/actualidad\/#website","url":"https:\/\/www.laguiadepamplona.com\/actualidad\/","name":"La gu\u00eda de Pamplona","description":"Noticias de Pamplona","publisher":{"@id":"https:\/\/www.laguiadepamplona.com\/actualidad\/#organization"},"potentialAction":[{"@type":"SearchAction","target":{"@type":"EntryPoint","urlTemplate":"https:\/\/www.laguiadepamplona.com\/actualidad\/?s={search_term_string}"},"query-input":{"@type":"PropertyValueSpecification","valueRequired":true,"valueName":"search_term_string"}}],"inLanguage":"es"},{"@type":"Organization","@id":"https:\/\/www.laguiadepamplona.com\/actualidad\/#organization","name":"La Gu\u00eda de Pamplona \/ Noticias","url":"https:\/\/www.laguiadepamplona.com\/actualidad\/","logo":{"@type":"ImageObject","inLanguage":"es","@id":"https:\/\/www.laguiadepamplona.com\/actualidad\/#\/schema\/logo\/image\/","url":"https:\/\/www.laguiadepamplona.com\/actualidad\/wp-content\/uploads\/2018\/11\/logo-laguiadepamplona18-web1.png","contentUrl":"https:\/\/www.laguiadepamplona.com\/actualidad\/wp-content\/uploads\/2018\/11\/logo-laguiadepamplona18-web1.png","width":600,"height":196,"caption":"La Gu\u00eda de Pamplona \/ Noticias"},"image":{"@id":"https:\/\/www.laguiadepamplona.com\/actualidad\/#\/schema\/logo\/image\/"},"sameAs":["https:\/\/www.facebook.com\/laguiadepamplonacom-133175176762273\/?ref=hl","https:\/\/x.com\/LaGuiadPamplona","https:\/\/www.instagram.com\/la_guia_de_pamplona\/","https:\/\/www.youtube.com\/user\/laguiadepamplona"]},{"@type":"Person","@id":"https:\/\/www.laguiadepamplona.com\/actualidad\/#\/schema\/person\/efe887376f0213d4657c93adc50b1fdb","name":"La Gu\u00eda de Pamplona","image":{"@type":"ImageObject","inLanguage":"es","@id":"https:\/\/secure.gravatar.com\/avatar\/b6992f131dc8d30ab0dff15446e9d346d9dbd95992de0fef795073f5ea83a81c?s=96&d=mm&r=g","url":"https:\/\/secure.gravatar.com\/avatar\/b6992f131dc8d30ab0dff15446e9d346d9dbd95992de0fef795073f5ea83a81c?s=96&d=mm&r=g","contentUrl":"https:\/\/secure.gravatar.com\/avatar\/b6992f131dc8d30ab0dff15446e9d346d9dbd95992de0fef795073f5ea83a81c?s=96&d=mm&r=g","caption":"La Gu\u00eda de Pamplona"}}]}},"post_mailing_queue_ids":[],"_links":{"self":[{"href":"https:\/\/www.laguiadepamplona.com\/actualidad\/wp-json\/wp\/v2\/posts\/43410","targetHints":{"allow":["GET"]}}],"collection":[{"href":"https:\/\/www.laguiadepamplona.com\/actualidad\/wp-json\/wp\/v2\/posts"}],"about":[{"href":"https:\/\/www.laguiadepamplona.com\/actualidad\/wp-json\/wp\/v2\/types\/post"}],"author":[{"embeddable":true,"href":"https:\/\/www.laguiadepamplona.com\/actualidad\/wp-json\/wp\/v2\/users\/1"}],"replies":[{"embeddable":true,"href":"https:\/\/www.laguiadepamplona.com\/actualidad\/wp-json\/wp\/v2\/comments?post=43410"}],"version-history":[{"count":0,"href":"https:\/\/www.laguiadepamplona.com\/actualidad\/wp-json\/wp\/v2\/posts\/43410\/revisions"}],"wp:featuredmedia":[{"embeddable":true,"href":"https:\/\/www.laguiadepamplona.com\/actualidad\/wp-json\/wp\/v2\/media\/43411"}],"wp:attachment":[{"href":"https:\/\/www.laguiadepamplona.com\/actualidad\/wp-json\/wp\/v2\/media?parent=43410"}],"wp:term":[{"taxonomy":"category","embeddable":true,"href":"https:\/\/www.laguiadepamplona.com\/actualidad\/wp-json\/wp\/v2\/categories?post=43410"},{"taxonomy":"post_tag","embeddable":true,"href":"https:\/\/www.laguiadepamplona.com\/actualidad\/wp-json\/wp\/v2\/tags?post=43410"}],"curies":[{"name":"wp","href":"https:\/\/api.w.org\/{rel}","templated":true}]}}