{"id":43408,"date":"2023-04-03T12:21:26","date_gmt":"2023-04-03T10:21:26","guid":{"rendered":"https:\/\/www.laguiadepamplona.com\/actualidad\/?p=43408"},"modified":"2023-04-11T11:46:54","modified_gmt":"2023-04-11T09:46:54","slug":"propuesta-de-actividades-organizadas-por-el-ayuntamiento-de-pamplona-del-4-al-11-de-abril-con-plazas-libres","status":"publish","type":"post","link":"https:\/\/www.laguiadepamplona.com\/actualidad\/propuesta-de-actividades-organizadas-por-el-ayuntamiento-de-pamplona-del-4-al-11-de-abril-con-plazas-libres\/","title":{"rendered":"Propuesta de actividades organizadas por el Ayuntamiento de Pamplona del 4 al 11 de abril con plazas libres"},"content":{"rendered":"<p><!--more--><\/p>\n<p><strong>MARTES 4 DE ABRIL<\/strong><\/p>\n<p><a href=\"https:\/\/www.pamplona.es\/actualidad\/eventos\/animacion-la-lectura-club-de-lectura-inclusiva-civivox-milagrosa\" target=\"_blank\" rel=\"noopener\">Club de lectura inclusiva. Civivox Milagrosa<\/a>, 12 horas. Entrada libre, previa inscripci\u00f3n en el 010, la red Civivox y <a href=\"http:\/\/www.pamplonaescultura.es\" target=\"_blank\" rel=\"noopener\">www.pamplonaescultura.es<\/a><\/p>\n<p>Club de lectura inclusiva, de car\u00e1cter quincenal, para p\u00fablico adulto en general y personas con discapacidad intelectual o s\u00edndrome de Down. Dinamizado por profesionales de la Asociaci\u00f3n S\u00edndrome de Down de Navarra.<\/p>\n<p>&nbsp;<\/p>\n<p><a href=\"https:\/\/www.pamplona.es\/actualidad\/eventos\/cuentacuentos-en-euskera-oporretara-noa-biblioteca-publica-de-mendillorri\" target=\"_blank\" rel=\"noopener\">Cuentacuentos en euskera. \u201cOporretara noa\u201d. Biblioteca P\u00fablica de Mendillorri<\/a>, 18.15 horas. Entrada libre, hasta completar el aforo<\/p>\n<p>Sesi\u00f3n de cuentacuentos en euskara, titulada \u201cOporretara noa\u201d, que narrar\u00e1 Ventura Ruiz dentro del ciclo \u2018Ipuin ordua\u2026eta gehiago ere\u2019. Dirigido a p\u00fablico infantil mayor de 4 a\u00f1os<\/p>\n<p>&nbsp;<\/p>\n<p><a href=\"https:\/\/www.pamplona.es\/actualidad\/eventos\/animacion-la-lectura-el-hombre-en-busca-de-sentido-de-viktor-e-frankl-biblioteca\" target=\"_blank\" rel=\"noopener\">Animaci\u00f3n a la lectura. \u2018El hombre en busca de sentido\u2019, de Viktor E. Frankl<\/a>. Biblioteca P\u00fablica de Milagrosa, 18.30 horas.<\/p>\n<p>Club de lectura sobre las guerras europeas del siglo XX. Se comentar\u00e1 el libro \u2018<strong>El hombre en busca de sentido<\/strong>\u2019, de Viktor E. Frankl. Actividad organizada junto con el Instituto Navarro de la Memoria.<\/p>\n<p>&nbsp;<\/p>\n<p><a href=\"https:\/\/www.pamplona.es\/actualidad\/eventos\/musync-concierto-conferencia-francisco-asenjo-barbieri-en-su-200-aniversario\" target=\"_blank\" rel=\"noopener\">Musync. Concierto &#8211; conferencia. \u2018Francisco Asenjo Barbieri en su 200 aniversario (1823 \u2013 1894): celebraci\u00f3n de un compositor polifac\u00e9tico\u2019<\/a>. Civivox Condestable, 19.30 horas. Entrada libre, previa inscripci\u00f3n en el tel\u00e9fono 010, la red Civivox y www.pamplonaescultura.es<\/p>\n<p>Barbieri es seguramente uno de los compositores m\u00e1s prol\u00edficos, m\u00e1s innovadores y m\u00e1s conocidos de la primera generaci\u00f3n rom\u00e1ntica espa\u00f1ola. Zarzuelas como \u2018Jugar con fuego\u2019, \u2018Pan y toros\u2019, \u2018Los diamantes de la corona\u2019 y, sobre todo, \u2018El barberillo de Lavapi\u00e9s\u2019 siguen estando presentes con regularidad en las programaciones teatrales dentro y fuera de Espa\u00f1a. Adem\u00e1s de compositor y cantante, Barbieri fue tambi\u00e9n un importante music\u00f3logo y literato, y consigui\u00f3 expresar, mediante el uso de la iron\u00eda y con cierto gusto por la provocaci\u00f3n, una cr\u00edtica del contexto cultural y social de su \u00e9poca sin dejar t\u00edtere con cabeza. En esta conferencia-concierto el pianista Rinaldo Zhok, con la colaboraci\u00f3n de la soprano Raquel Fern\u00e1ndez, presentar\u00e1 la vida y la obra de este maestro cuya actividad ha sido tan decisiva para el desarrollo de la m\u00fasica teatral en Espa\u00f1a.<\/p>\n<p><a href=\"https:\/\/www.pamplona.es\/actualidad\/eventos\/festival-de-musica-sacra-concierto-040423\" target=\"_blank\" rel=\"noopener\">Festival de M\u00fasica Sacra. Concierto. \u2018Del Domingo de Ramos al Am\u00e9n final\u2019, con el Coro San Ferm\u00edn. Iglesia de San Antonio (Capuchinos)<\/a>, 19.30 horas. Entrada libre, hasta completar aforo<\/p>\n<p>El concierto se concibe como un recorrido desde el bullicioso Domingo de Ramos hasta el silencioso S\u00e1bado Santo. Entre otras, se escuchar\u00e1n las obras \u2018Pueri haebreorum\u2019 de P. Miklos, el gregoriano \u2018Ubi caritas\u2019, \u2018Adora dezagun\u2019 de Ferm\u00edn Iriarte, \u2018Voce mea\u2019 y \u2018Stabat Mater\u2019 de Tom\u00e1s de Elduayen, \u2018O vos omnes\u2019 de Pedro de Bilbao o \u2018Am\u00e9n\u2019 de Vicent Egea.<\/p>\n<p>&nbsp;<br \/>\n<script async src=\"\/\/pagead2.googlesyndication.com\/pagead\/js\/adsbygoogle.js\"><\/script><br \/>\n<!-- Noticias La Guia de Pamplona --><br \/>\n<ins class=\"adsbygoogle\"\nstyle=\"display:block\"\ndata-ad-client=\"ca-pub-6943679897239327\"\ndata-ad-slot=\"7048180777\"\ndata-ad-format=\"auto\"><\/ins><br \/>\n<script>\n(adsbygoogle = window.adsbygoogle || []).push({});\n<\/script><\/p>\n<p><strong>MI\u00c9RCOLES 5 DE ABRIL<\/strong><\/p>\n<p><a href=\"https:\/\/www.pamplona.es\/actualidad\/eventos\/festival-de-musica-sacra-concierto-baluarte-050423\" target=\"_blank\" rel=\"noopener\">Festival de M\u00fasica Sacra. Concierto. \u2018Las Siete Palabras de Cristo\u2019, con la Orquesta Sinf\u00f3nica de Navarra y la Coral de C\u00e1mara de Pamplona<\/a>. Baluarte, 19.30 horas. Entrada: 15 euros, en www.baluarte.com o en taquillas<\/p>\n<p>La Orquesta Sinf\u00f3nica de Navarra y la Coral de C\u00e1mara de Pamplona presentan un programa solemne centrado en una de las obras maestras del repertorio devocional,\u00a0\u2018Las siete \u00faltimas palabras de Cristo en la Cruz\u2019\u00a0de Joseph Haydn (1732-1809). Dicha obra se ofrecer\u00e1 preludiada por tres piezas breves para conjunto de metal (trompas a cuatro y trombones y trompetas a dos) del organista y compositor renacentista Giovanni Gabrielli (c.1557\u20131612) procedentes de su ciclo de veinti\u00fan\u00a0\u2018Canciones y sonatas\u2019 (1615).<\/p>\n<p>&nbsp;<br \/>\n<script async src=\"\/\/pagead2.googlesyndication.com\/pagead\/js\/adsbygoogle.js\"><\/script><br \/>\n<!-- Noticias La Guia de Pamplona --><br \/>\n<ins class=\"adsbygoogle\"\nstyle=\"display:block\"\ndata-ad-client=\"ca-pub-6943679897239327\"\ndata-ad-slot=\"7048180777\"\ndata-ad-format=\"auto\"><\/ins><br \/>\n<script>\n(adsbygoogle = window.adsbygoogle || []).push({});\n<\/script><\/p>\n<p><strong>JUEVES 6 DE ABRIL<\/strong><\/p>\n<p><a href=\"https:\/\/www.pamplona.es\/actualidad\/eventos\/funcion-de-las-cinco-llagas-salida-de-la-corporacion-municipal-y-acto\" target=\"_blank\" rel=\"noopener\">Funci\u00f3n de las Cinco Llagas. Salida de la Corporaci\u00f3n municipal y acto institucional en la iglesia de San Agust\u00edn<\/a>. Plaza Consistorial, 16.50 horas, e iglesia de San Agust\u00edn, 17 horas.<\/p>\n<p>Salida de la Casa Consistorial para asistir a la Funci\u00f3n de las Cinco Llagas en un recorrido que transitar\u00e1 por Plaza Consistorial, Mercaderes, Curia, Calderer\u00eda y San Agust\u00edn. Las Cinco Llagas es una las diez promesas seculares de la ciudad y el acto que lo acompa\u00f1a se encuentra regulado en el reglamento de Protocolo, Ceremonial, Honores y Distinciones del Ayuntamiento de Pamplona. El objetivo del acto es renovar el voto que se instaur\u00f3 por acuerdo municipal el 30 de mayo del a\u00f1o 1601, en agradecimiento al cese de la epidemia de peste bub\u00f3nica que amenazaba a la ciudad.<\/p>\n<p>&nbsp;<br \/>\n<script async src=\"\/\/pagead2.googlesyndication.com\/pagead\/js\/adsbygoogle.js\"><\/script><br \/>\n<!-- Noticias La Guia de Pamplona --><br \/>\n<ins class=\"adsbygoogle\"\nstyle=\"display:block\"\ndata-ad-client=\"ca-pub-6943679897239327\"\ndata-ad-slot=\"7048180777\"\ndata-ad-format=\"auto\"><\/ins><br \/>\n<script>\n(adsbygoogle = window.adsbygoogle || []).push({});\n<\/script><\/p>\n<p><strong>S\u00c1BADO 8 DE ABRIL<\/strong><\/p>\n<p><a href=\"https:\/\/www.pamplona.es\/actualidad\/eventos\/teatro-medieval-rito-drama-y-solemnidad-su-huella-en-navarra-visita-guiada-la\" target=\"_blank\" rel=\"noopener\">Teatro Medieval: rito, drama y solemnidad. Su huella en Navarra. Visita guiada a la exposici\u00f3n fotogr\u00e1fica<\/a>. Civivox Condestable, 11.30 horas. Entrada libre, previa inscripci\u00f3n en el tel\u00e9fono 010, la red Civivox y www.pamplonaescultura.es<\/p>\n<p>Recopilaci\u00f3n de fotograf\u00edas en las que se muestran las huellas que las artes esc\u00e9nicas medievales, tomadas en sentido amplio, han dejado en las portadas y capiteles de las iglesias, en la arquitectura, pintura, caminos y costumbres.<\/p>\n<p>&nbsp;<br \/>\n<script async src=\"\/\/pagead2.googlesyndication.com\/pagead\/js\/adsbygoogle.js\"><\/script><br \/>\n<!-- Noticias La Guia de Pamplona --><br \/>\n<ins class=\"adsbygoogle\"\nstyle=\"display:block\"\ndata-ad-client=\"ca-pub-6943679897239327\"\ndata-ad-slot=\"7048180777\"\ndata-ad-format=\"auto\"><\/ins><br \/>\n<script>\n(adsbygoogle = window.adsbygoogle || []).push({});\n<\/script><\/p>\n<p><strong>MARTES 11 DE ABRIL<\/strong><\/p>\n<p><a href=\"https:\/\/www.pamplona.es\/actualidad\/eventos\/teatro-medieval-rito-drama-y-solemnidad-su-huella-en-navarra-conferencia\" target=\"_blank\" rel=\"noopener\">Teatro Medieval: rito, drama y solemnidad. Su huella en Navarra. Conferencia. \u2018Influencia del teatro medieval en el teatro moderno\u2019<\/a>. Civivox Condestable, 11.30 horas. Entrada libre, hasta completar aforo<\/p>\n<p>Repaso por el origen del teatro en la Edad Media y la influencia que el grupo de autores de Arras (Calais, Francia), y en especial Jean Bodel y su obra Auto de San Nicol\u00e1s, tuvo en la creaci\u00f3n de un teatro de \u2018plaza\u2019, que sale del \u00e1mbito de los templos, algunos de cuyos temas podemos observar en el teatro moderno e incluso en el cine. Imparte la sesi\u00f3n Eduardo Bayona.<\/p>\n","protected":false},"excerpt":{"rendered":"","protected":false},"author":1,"featured_media":42989,"comment_status":"open","ping_status":"closed","sticky":false,"template":"","format":"standard","meta":{"footnotes":""},"categories":[2],"tags":[],"class_list":["post-43408","post","type-post","status-publish","format-standard","has-post-thumbnail","hentry","category-ayuntamiento-pamplona"],"yoast_head":"<!-- This site is optimized with the Yoast SEO plugin v27.3 - https:\/\/yoast.com\/product\/yoast-seo-wordpress\/ -->\n<title>Propuesta de actividades organizadas por el Ayuntamiento de Pamplona del 4 al 11 de abril con plazas libres<\/title>\n<meta name=\"robots\" content=\"index, follow, max-snippet:-1, max-image-preview:large, max-video-preview:-1\" \/>\n<link rel=\"canonical\" href=\"https:\/\/www.laguiadepamplona.com\/actualidad\/propuesta-de-actividades-organizadas-por-el-ayuntamiento-de-pamplona-del-4-al-11-de-abril-con-plazas-libres\/\" \/>\n<meta property=\"og:locale\" content=\"es_ES\" \/>\n<meta property=\"og:type\" content=\"article\" \/>\n<meta property=\"og:title\" content=\"Propuesta de actividades organizadas por el Ayuntamiento de Pamplona del 4 al 11 de abril con plazas libres\" \/>\n<meta property=\"og:url\" content=\"https:\/\/www.laguiadepamplona.com\/actualidad\/propuesta-de-actividades-organizadas-por-el-ayuntamiento-de-pamplona-del-4-al-11-de-abril-con-plazas-libres\/\" \/>\n<meta property=\"og:site_name\" content=\"La Gu\u00eda de Pamplona\" \/>\n<meta property=\"article:publisher\" content=\"https:\/\/www.facebook.com\/laguiadepamplonacom-133175176762273\/?ref=hl\" \/>\n<meta property=\"article:published_time\" content=\"2023-04-03T10:21:26+00:00\" \/>\n<meta property=\"article:modified_time\" content=\"2023-04-11T09:46:54+00:00\" \/>\n<meta property=\"og:image\" content=\"https:\/\/www.laguiadepamplona.com\/actualidad\/wp-content\/uploads\/2023\/02\/musica-sacra-cartel.webp\" \/>\n\t<meta property=\"og:image:width\" content=\"1080\" \/>\n\t<meta property=\"og:image:height\" content=\"1080\" \/>\n\t<meta property=\"og:image:type\" content=\"image\/webp\" \/>\n<meta name=\"author\" content=\"La Gu\u00eda de Pamplona\" \/>\n<meta name=\"twitter:card\" content=\"summary_large_image\" \/>\n<meta name=\"twitter:creator\" content=\"@LaGuiadPamplona\" \/>\n<meta name=\"twitter:site\" content=\"@LaGuiadPamplona\" \/>\n<meta name=\"twitter:label1\" content=\"Escrito por\" \/>\n\t<meta name=\"twitter:data1\" content=\"La Gu\u00eda de Pamplona\" \/>\n\t<meta name=\"twitter:label2\" content=\"Tiempo de lectura\" \/>\n\t<meta name=\"twitter:data2\" content=\"4 minutos\" \/>\n<script type=\"application\/ld+json\" class=\"yoast-schema-graph\">{\"@context\":\"https:\\\/\\\/schema.org\",\"@graph\":[{\"@type\":\"Article\",\"@id\":\"https:\\\/\\\/www.laguiadepamplona.com\\\/actualidad\\\/propuesta-de-actividades-organizadas-por-el-ayuntamiento-de-pamplona-del-4-al-11-de-abril-con-plazas-libres\\\/#article\",\"isPartOf\":{\"@id\":\"https:\\\/\\\/www.laguiadepamplona.com\\\/actualidad\\\/propuesta-de-actividades-organizadas-por-el-ayuntamiento-de-pamplona-del-4-al-11-de-abril-con-plazas-libres\\\/\"},\"author\":{\"name\":\"La Gu\u00eda de Pamplona\",\"@id\":\"https:\\\/\\\/www.laguiadepamplona.com\\\/actualidad\\\/#\\\/schema\\\/person\\\/efe887376f0213d4657c93adc50b1fdb\"},\"headline\":\"Propuesta de actividades organizadas por el Ayuntamiento de Pamplona del 4 al 11 de abril con plazas libres\",\"datePublished\":\"2023-04-03T10:21:26+00:00\",\"dateModified\":\"2023-04-11T09:46:54+00:00\",\"mainEntityOfPage\":{\"@id\":\"https:\\\/\\\/www.laguiadepamplona.com\\\/actualidad\\\/propuesta-de-actividades-organizadas-por-el-ayuntamiento-de-pamplona-del-4-al-11-de-abril-con-plazas-libres\\\/\"},\"wordCount\":916,\"commentCount\":0,\"publisher\":{\"@id\":\"https:\\\/\\\/www.laguiadepamplona.com\\\/actualidad\\\/#organization\"},\"image\":{\"@id\":\"https:\\\/\\\/www.laguiadepamplona.com\\\/actualidad\\\/propuesta-de-actividades-organizadas-por-el-ayuntamiento-de-pamplona-del-4-al-11-de-abril-con-plazas-libres\\\/#primaryimage\"},\"thumbnailUrl\":\"https:\\\/\\\/www.laguiadepamplona.com\\\/actualidad\\\/wp-content\\\/uploads\\\/2023\\\/02\\\/musica-sacra-cartel.webp\",\"articleSection\":[\"Ayto Pamplona\"],\"inLanguage\":\"es\",\"potentialAction\":[{\"@type\":\"CommentAction\",\"name\":\"Comment\",\"target\":[\"https:\\\/\\\/www.laguiadepamplona.com\\\/actualidad\\\/propuesta-de-actividades-organizadas-por-el-ayuntamiento-de-pamplona-del-4-al-11-de-abril-con-plazas-libres\\\/#respond\"]}]},{\"@type\":\"WebPage\",\"@id\":\"https:\\\/\\\/www.laguiadepamplona.com\\\/actualidad\\\/propuesta-de-actividades-organizadas-por-el-ayuntamiento-de-pamplona-del-4-al-11-de-abril-con-plazas-libres\\\/\",\"url\":\"https:\\\/\\\/www.laguiadepamplona.com\\\/actualidad\\\/propuesta-de-actividades-organizadas-por-el-ayuntamiento-de-pamplona-del-4-al-11-de-abril-con-plazas-libres\\\/\",\"name\":\"Propuesta de actividades organizadas por el Ayuntamiento de Pamplona del 4 al 11 de abril con plazas libres\",\"isPartOf\":{\"@id\":\"https:\\\/\\\/www.laguiadepamplona.com\\\/actualidad\\\/#website\"},\"primaryImageOfPage\":{\"@id\":\"https:\\\/\\\/www.laguiadepamplona.com\\\/actualidad\\\/propuesta-de-actividades-organizadas-por-el-ayuntamiento-de-pamplona-del-4-al-11-de-abril-con-plazas-libres\\\/#primaryimage\"},\"image\":{\"@id\":\"https:\\\/\\\/www.laguiadepamplona.com\\\/actualidad\\\/propuesta-de-actividades-organizadas-por-el-ayuntamiento-de-pamplona-del-4-al-11-de-abril-con-plazas-libres\\\/#primaryimage\"},\"thumbnailUrl\":\"https:\\\/\\\/www.laguiadepamplona.com\\\/actualidad\\\/wp-content\\\/uploads\\\/2023\\\/02\\\/musica-sacra-cartel.webp\",\"datePublished\":\"2023-04-03T10:21:26+00:00\",\"dateModified\":\"2023-04-11T09:46:54+00:00\",\"breadcrumb\":{\"@id\":\"https:\\\/\\\/www.laguiadepamplona.com\\\/actualidad\\\/propuesta-de-actividades-organizadas-por-el-ayuntamiento-de-pamplona-del-4-al-11-de-abril-con-plazas-libres\\\/#breadcrumb\"},\"inLanguage\":\"es\",\"potentialAction\":[{\"@type\":\"ReadAction\",\"target\":[\"https:\\\/\\\/www.laguiadepamplona.com\\\/actualidad\\\/propuesta-de-actividades-organizadas-por-el-ayuntamiento-de-pamplona-del-4-al-11-de-abril-con-plazas-libres\\\/\"]}]},{\"@type\":\"ImageObject\",\"inLanguage\":\"es\",\"@id\":\"https:\\\/\\\/www.laguiadepamplona.com\\\/actualidad\\\/propuesta-de-actividades-organizadas-por-el-ayuntamiento-de-pamplona-del-4-al-11-de-abril-con-plazas-libres\\\/#primaryimage\",\"url\":\"https:\\\/\\\/www.laguiadepamplona.com\\\/actualidad\\\/wp-content\\\/uploads\\\/2023\\\/02\\\/musica-sacra-cartel.webp\",\"contentUrl\":\"https:\\\/\\\/www.laguiadepamplona.com\\\/actualidad\\\/wp-content\\\/uploads\\\/2023\\\/02\\\/musica-sacra-cartel.webp\",\"width\":1080,\"height\":1080},{\"@type\":\"BreadcrumbList\",\"@id\":\"https:\\\/\\\/www.laguiadepamplona.com\\\/actualidad\\\/propuesta-de-actividades-organizadas-por-el-ayuntamiento-de-pamplona-del-4-al-11-de-abril-con-plazas-libres\\\/#breadcrumb\",\"itemListElement\":[{\"@type\":\"ListItem\",\"position\":1,\"name\":\"Portada\",\"item\":\"https:\\\/\\\/www.laguiadepamplona.com\\\/actualidad\\\/\"},{\"@type\":\"ListItem\",\"position\":2,\"name\":\"Propuesta de actividades organizadas por el Ayuntamiento de Pamplona del 4 al 11 de abril con plazas libres\"}]},{\"@type\":\"WebSite\",\"@id\":\"https:\\\/\\\/www.laguiadepamplona.com\\\/actualidad\\\/#website\",\"url\":\"https:\\\/\\\/www.laguiadepamplona.com\\\/actualidad\\\/\",\"name\":\"La gu\u00eda de Pamplona\",\"description\":\"Noticias de Pamplona\",\"publisher\":{\"@id\":\"https:\\\/\\\/www.laguiadepamplona.com\\\/actualidad\\\/#organization\"},\"potentialAction\":[{\"@type\":\"SearchAction\",\"target\":{\"@type\":\"EntryPoint\",\"urlTemplate\":\"https:\\\/\\\/www.laguiadepamplona.com\\\/actualidad\\\/?s={search_term_string}\"},\"query-input\":{\"@type\":\"PropertyValueSpecification\",\"valueRequired\":true,\"valueName\":\"search_term_string\"}}],\"inLanguage\":\"es\"},{\"@type\":\"Organization\",\"@id\":\"https:\\\/\\\/www.laguiadepamplona.com\\\/actualidad\\\/#organization\",\"name\":\"La Gu\u00eda de Pamplona \\\/ Noticias\",\"url\":\"https:\\\/\\\/www.laguiadepamplona.com\\\/actualidad\\\/\",\"logo\":{\"@type\":\"ImageObject\",\"inLanguage\":\"es\",\"@id\":\"https:\\\/\\\/www.laguiadepamplona.com\\\/actualidad\\\/#\\\/schema\\\/logo\\\/image\\\/\",\"url\":\"https:\\\/\\\/www.laguiadepamplona.com\\\/actualidad\\\/wp-content\\\/uploads\\\/2018\\\/11\\\/logo-laguiadepamplona18-web1.png\",\"contentUrl\":\"https:\\\/\\\/www.laguiadepamplona.com\\\/actualidad\\\/wp-content\\\/uploads\\\/2018\\\/11\\\/logo-laguiadepamplona18-web1.png\",\"width\":600,\"height\":196,\"caption\":\"La Gu\u00eda de Pamplona \\\/ Noticias\"},\"image\":{\"@id\":\"https:\\\/\\\/www.laguiadepamplona.com\\\/actualidad\\\/#\\\/schema\\\/logo\\\/image\\\/\"},\"sameAs\":[\"https:\\\/\\\/www.facebook.com\\\/laguiadepamplonacom-133175176762273\\\/?ref=hl\",\"https:\\\/\\\/x.com\\\/LaGuiadPamplona\",\"https:\\\/\\\/www.instagram.com\\\/la_guia_de_pamplona\\\/\",\"https:\\\/\\\/www.youtube.com\\\/user\\\/laguiadepamplona\"]},{\"@type\":\"Person\",\"@id\":\"https:\\\/\\\/www.laguiadepamplona.com\\\/actualidad\\\/#\\\/schema\\\/person\\\/efe887376f0213d4657c93adc50b1fdb\",\"name\":\"La Gu\u00eda de Pamplona\",\"image\":{\"@type\":\"ImageObject\",\"inLanguage\":\"es\",\"@id\":\"https:\\\/\\\/secure.gravatar.com\\\/avatar\\\/b6992f131dc8d30ab0dff15446e9d346d9dbd95992de0fef795073f5ea83a81c?s=96&d=mm&r=g\",\"url\":\"https:\\\/\\\/secure.gravatar.com\\\/avatar\\\/b6992f131dc8d30ab0dff15446e9d346d9dbd95992de0fef795073f5ea83a81c?s=96&d=mm&r=g\",\"contentUrl\":\"https:\\\/\\\/secure.gravatar.com\\\/avatar\\\/b6992f131dc8d30ab0dff15446e9d346d9dbd95992de0fef795073f5ea83a81c?s=96&d=mm&r=g\",\"caption\":\"La Gu\u00eda de Pamplona\"}}]}<\/script>\n<!-- \/ Yoast SEO plugin. -->","yoast_head_json":{"title":"Propuesta de actividades organizadas por el Ayuntamiento de Pamplona del 4 al 11 de abril con plazas libres","robots":{"index":"index","follow":"follow","max-snippet":"max-snippet:-1","max-image-preview":"max-image-preview:large","max-video-preview":"max-video-preview:-1"},"canonical":"https:\/\/www.laguiadepamplona.com\/actualidad\/propuesta-de-actividades-organizadas-por-el-ayuntamiento-de-pamplona-del-4-al-11-de-abril-con-plazas-libres\/","og_locale":"es_ES","og_type":"article","og_title":"Propuesta de actividades organizadas por el Ayuntamiento de Pamplona del 4 al 11 de abril con plazas libres","og_url":"https:\/\/www.laguiadepamplona.com\/actualidad\/propuesta-de-actividades-organizadas-por-el-ayuntamiento-de-pamplona-del-4-al-11-de-abril-con-plazas-libres\/","og_site_name":"La Gu\u00eda de Pamplona","article_publisher":"https:\/\/www.facebook.com\/laguiadepamplonacom-133175176762273\/?ref=hl","article_published_time":"2023-04-03T10:21:26+00:00","article_modified_time":"2023-04-11T09:46:54+00:00","og_image":[{"width":1080,"height":1080,"url":"https:\/\/www.laguiadepamplona.com\/actualidad\/wp-content\/uploads\/2023\/02\/musica-sacra-cartel.webp","type":"image\/webp"}],"author":"La Gu\u00eda de Pamplona","twitter_card":"summary_large_image","twitter_creator":"@LaGuiadPamplona","twitter_site":"@LaGuiadPamplona","twitter_misc":{"Escrito por":"La Gu\u00eda de Pamplona","Tiempo de lectura":"4 minutos"},"schema":{"@context":"https:\/\/schema.org","@graph":[{"@type":"Article","@id":"https:\/\/www.laguiadepamplona.com\/actualidad\/propuesta-de-actividades-organizadas-por-el-ayuntamiento-de-pamplona-del-4-al-11-de-abril-con-plazas-libres\/#article","isPartOf":{"@id":"https:\/\/www.laguiadepamplona.com\/actualidad\/propuesta-de-actividades-organizadas-por-el-ayuntamiento-de-pamplona-del-4-al-11-de-abril-con-plazas-libres\/"},"author":{"name":"La Gu\u00eda de Pamplona","@id":"https:\/\/www.laguiadepamplona.com\/actualidad\/#\/schema\/person\/efe887376f0213d4657c93adc50b1fdb"},"headline":"Propuesta de actividades organizadas por el Ayuntamiento de Pamplona del 4 al 11 de abril con plazas libres","datePublished":"2023-04-03T10:21:26+00:00","dateModified":"2023-04-11T09:46:54+00:00","mainEntityOfPage":{"@id":"https:\/\/www.laguiadepamplona.com\/actualidad\/propuesta-de-actividades-organizadas-por-el-ayuntamiento-de-pamplona-del-4-al-11-de-abril-con-plazas-libres\/"},"wordCount":916,"commentCount":0,"publisher":{"@id":"https:\/\/www.laguiadepamplona.com\/actualidad\/#organization"},"image":{"@id":"https:\/\/www.laguiadepamplona.com\/actualidad\/propuesta-de-actividades-organizadas-por-el-ayuntamiento-de-pamplona-del-4-al-11-de-abril-con-plazas-libres\/#primaryimage"},"thumbnailUrl":"https:\/\/www.laguiadepamplona.com\/actualidad\/wp-content\/uploads\/2023\/02\/musica-sacra-cartel.webp","articleSection":["Ayto Pamplona"],"inLanguage":"es","potentialAction":[{"@type":"CommentAction","name":"Comment","target":["https:\/\/www.laguiadepamplona.com\/actualidad\/propuesta-de-actividades-organizadas-por-el-ayuntamiento-de-pamplona-del-4-al-11-de-abril-con-plazas-libres\/#respond"]}]},{"@type":"WebPage","@id":"https:\/\/www.laguiadepamplona.com\/actualidad\/propuesta-de-actividades-organizadas-por-el-ayuntamiento-de-pamplona-del-4-al-11-de-abril-con-plazas-libres\/","url":"https:\/\/www.laguiadepamplona.com\/actualidad\/propuesta-de-actividades-organizadas-por-el-ayuntamiento-de-pamplona-del-4-al-11-de-abril-con-plazas-libres\/","name":"Propuesta de actividades organizadas por el Ayuntamiento de Pamplona del 4 al 11 de abril con plazas libres","isPartOf":{"@id":"https:\/\/www.laguiadepamplona.com\/actualidad\/#website"},"primaryImageOfPage":{"@id":"https:\/\/www.laguiadepamplona.com\/actualidad\/propuesta-de-actividades-organizadas-por-el-ayuntamiento-de-pamplona-del-4-al-11-de-abril-con-plazas-libres\/#primaryimage"},"image":{"@id":"https:\/\/www.laguiadepamplona.com\/actualidad\/propuesta-de-actividades-organizadas-por-el-ayuntamiento-de-pamplona-del-4-al-11-de-abril-con-plazas-libres\/#primaryimage"},"thumbnailUrl":"https:\/\/www.laguiadepamplona.com\/actualidad\/wp-content\/uploads\/2023\/02\/musica-sacra-cartel.webp","datePublished":"2023-04-03T10:21:26+00:00","dateModified":"2023-04-11T09:46:54+00:00","breadcrumb":{"@id":"https:\/\/www.laguiadepamplona.com\/actualidad\/propuesta-de-actividades-organizadas-por-el-ayuntamiento-de-pamplona-del-4-al-11-de-abril-con-plazas-libres\/#breadcrumb"},"inLanguage":"es","potentialAction":[{"@type":"ReadAction","target":["https:\/\/www.laguiadepamplona.com\/actualidad\/propuesta-de-actividades-organizadas-por-el-ayuntamiento-de-pamplona-del-4-al-11-de-abril-con-plazas-libres\/"]}]},{"@type":"ImageObject","inLanguage":"es","@id":"https:\/\/www.laguiadepamplona.com\/actualidad\/propuesta-de-actividades-organizadas-por-el-ayuntamiento-de-pamplona-del-4-al-11-de-abril-con-plazas-libres\/#primaryimage","url":"https:\/\/www.laguiadepamplona.com\/actualidad\/wp-content\/uploads\/2023\/02\/musica-sacra-cartel.webp","contentUrl":"https:\/\/www.laguiadepamplona.com\/actualidad\/wp-content\/uploads\/2023\/02\/musica-sacra-cartel.webp","width":1080,"height":1080},{"@type":"BreadcrumbList","@id":"https:\/\/www.laguiadepamplona.com\/actualidad\/propuesta-de-actividades-organizadas-por-el-ayuntamiento-de-pamplona-del-4-al-11-de-abril-con-plazas-libres\/#breadcrumb","itemListElement":[{"@type":"ListItem","position":1,"name":"Portada","item":"https:\/\/www.laguiadepamplona.com\/actualidad\/"},{"@type":"ListItem","position":2,"name":"Propuesta de actividades organizadas por el Ayuntamiento de Pamplona del 4 al 11 de abril con plazas libres"}]},{"@type":"WebSite","@id":"https:\/\/www.laguiadepamplona.com\/actualidad\/#website","url":"https:\/\/www.laguiadepamplona.com\/actualidad\/","name":"La gu\u00eda de Pamplona","description":"Noticias de Pamplona","publisher":{"@id":"https:\/\/www.laguiadepamplona.com\/actualidad\/#organization"},"potentialAction":[{"@type":"SearchAction","target":{"@type":"EntryPoint","urlTemplate":"https:\/\/www.laguiadepamplona.com\/actualidad\/?s={search_term_string}"},"query-input":{"@type":"PropertyValueSpecification","valueRequired":true,"valueName":"search_term_string"}}],"inLanguage":"es"},{"@type":"Organization","@id":"https:\/\/www.laguiadepamplona.com\/actualidad\/#organization","name":"La Gu\u00eda de Pamplona \/ Noticias","url":"https:\/\/www.laguiadepamplona.com\/actualidad\/","logo":{"@type":"ImageObject","inLanguage":"es","@id":"https:\/\/www.laguiadepamplona.com\/actualidad\/#\/schema\/logo\/image\/","url":"https:\/\/www.laguiadepamplona.com\/actualidad\/wp-content\/uploads\/2018\/11\/logo-laguiadepamplona18-web1.png","contentUrl":"https:\/\/www.laguiadepamplona.com\/actualidad\/wp-content\/uploads\/2018\/11\/logo-laguiadepamplona18-web1.png","width":600,"height":196,"caption":"La Gu\u00eda de Pamplona \/ Noticias"},"image":{"@id":"https:\/\/www.laguiadepamplona.com\/actualidad\/#\/schema\/logo\/image\/"},"sameAs":["https:\/\/www.facebook.com\/laguiadepamplonacom-133175176762273\/?ref=hl","https:\/\/x.com\/LaGuiadPamplona","https:\/\/www.instagram.com\/la_guia_de_pamplona\/","https:\/\/www.youtube.com\/user\/laguiadepamplona"]},{"@type":"Person","@id":"https:\/\/www.laguiadepamplona.com\/actualidad\/#\/schema\/person\/efe887376f0213d4657c93adc50b1fdb","name":"La Gu\u00eda de Pamplona","image":{"@type":"ImageObject","inLanguage":"es","@id":"https:\/\/secure.gravatar.com\/avatar\/b6992f131dc8d30ab0dff15446e9d346d9dbd95992de0fef795073f5ea83a81c?s=96&d=mm&r=g","url":"https:\/\/secure.gravatar.com\/avatar\/b6992f131dc8d30ab0dff15446e9d346d9dbd95992de0fef795073f5ea83a81c?s=96&d=mm&r=g","contentUrl":"https:\/\/secure.gravatar.com\/avatar\/b6992f131dc8d30ab0dff15446e9d346d9dbd95992de0fef795073f5ea83a81c?s=96&d=mm&r=g","caption":"La Gu\u00eda de Pamplona"}}]}},"post_mailing_queue_ids":[],"_links":{"self":[{"href":"https:\/\/www.laguiadepamplona.com\/actualidad\/wp-json\/wp\/v2\/posts\/43408","targetHints":{"allow":["GET"]}}],"collection":[{"href":"https:\/\/www.laguiadepamplona.com\/actualidad\/wp-json\/wp\/v2\/posts"}],"about":[{"href":"https:\/\/www.laguiadepamplona.com\/actualidad\/wp-json\/wp\/v2\/types\/post"}],"author":[{"embeddable":true,"href":"https:\/\/www.laguiadepamplona.com\/actualidad\/wp-json\/wp\/v2\/users\/1"}],"replies":[{"embeddable":true,"href":"https:\/\/www.laguiadepamplona.com\/actualidad\/wp-json\/wp\/v2\/comments?post=43408"}],"version-history":[{"count":0,"href":"https:\/\/www.laguiadepamplona.com\/actualidad\/wp-json\/wp\/v2\/posts\/43408\/revisions"}],"wp:featuredmedia":[{"embeddable":true,"href":"https:\/\/www.laguiadepamplona.com\/actualidad\/wp-json\/wp\/v2\/media\/42989"}],"wp:attachment":[{"href":"https:\/\/www.laguiadepamplona.com\/actualidad\/wp-json\/wp\/v2\/media?parent=43408"}],"wp:term":[{"taxonomy":"category","embeddable":true,"href":"https:\/\/www.laguiadepamplona.com\/actualidad\/wp-json\/wp\/v2\/categories?post=43408"},{"taxonomy":"post_tag","embeddable":true,"href":"https:\/\/www.laguiadepamplona.com\/actualidad\/wp-json\/wp\/v2\/tags?post=43408"}],"curies":[{"name":"wp","href":"https:\/\/api.w.org\/{rel}","templated":true}]}}