{"id":43401,"date":"2023-03-31T17:52:34","date_gmt":"2023-03-31T15:52:34","guid":{"rendered":"https:\/\/www.laguiadepamplona.com\/actualidad\/?p=43401"},"modified":"2023-04-11T11:46:54","modified_gmt":"2023-04-11T09:46:54","slug":"gerencia-de-urbanismo-conocera-este-lunes-la-propuesta-de-adjudicacion-de-la-subasta-de-dos-parcelas-en-san-jorge-y-salesianos","status":"publish","type":"post","link":"https:\/\/www.laguiadepamplona.com\/actualidad\/gerencia-de-urbanismo-conocera-este-lunes-la-propuesta-de-adjudicacion-de-la-subasta-de-dos-parcelas-en-san-jorge-y-salesianos\/","title":{"rendered":"Gerencia de Urbanismo conocer\u00e1 este lunes la propuesta de adjudicaci\u00f3n de la subasta de dos parcelas en San Jorge y Salesianos"},"content":{"rendered":"<h5>La parcela de San Jorge se destinar\u00e1 a la construcci\u00f3n de vivienda y la de Salesianos, a equipamiento comercial<\/h5>\n<p><!--more--><\/p>\n<p>Gerencia de Urbanismo va a tratar en su reuni\u00f3n de este lunes la adjudicaci\u00f3n en subasta p\u00fablica de dos parcelas, una en San Jorge y otra en Salesianos, para la construcci\u00f3n de viviendas y equipamiento comercial, respectivamente. Ambas parcelas cuentan con cuotas de urbanizaci\u00f3n exterior derivadas de los diferentes proyectos de reparcelaci\u00f3n que deber\u00e1n asumir los adquirentes.<br \/>\n<script async src=\"\/\/pagead2.googlesyndication.com\/pagead\/js\/adsbygoogle.js\"><\/script><br \/>\n<!-- Noticias La Guia de Pamplona --><br \/>\n<ins class=\"adsbygoogle\"\nstyle=\"display:block\"\ndata-ad-client=\"ca-pub-6943679897239327\"\ndata-ad-slot=\"7048180777\"\ndata-ad-format=\"auto\"><\/ins><br \/>\n<script>\n(adsbygoogle = window.adsbygoogle || []).push({});\n<\/script><\/p>\n<p>La parcela de Salesianos (P-4) tiene una superficie es de 1.800,80 metros cuadrados. Se ha adjudicado a Nunila Promociones SL por un importe de 2.050.000 euros, cuando su precio de salida fue de 1.827.201 euros, ambas cifras con IVA no incluido. El Ayuntamiento de Pamplona enajenaba, adem\u00e1s del 87,4335% que le pertenece, el 12,5665% de Navarra de Suevo y Vivienda S.A. (NASUVINSA), como se recoge en un convenio suscrito en 2021.<\/p>\n<p>Esta parcela comercial de planta rectangular completar\u00e1 la edificaci\u00f3n de la plaza conforme al Plan Especial de Salesianos. Tiene un frente de 24,22 metros que recae a la calle Aralar y un fondo de 74,35 metros. Se puede ocupar toda la parcela bajo rasante permitiendo el uso comercial en s\u00f3tanos; en planta baja la ocupaci\u00f3n se reduce a 1,434,63 m\u00b2 de superficie, quedando el resto, en la parte posterior, gravado con una servidumbre de uso p\u00fablico en superficie.<br \/>\n<script async src=\"\/\/pagead2.googlesyndication.com\/pagead\/js\/adsbygoogle.js\"><\/script><br \/>\n<!-- Noticias La Guia de Pamplona --><br \/>\n<ins class=\"adsbygoogle\"\nstyle=\"display:block\"\ndata-ad-client=\"ca-pub-6943679897239327\"\ndata-ad-slot=\"7048180777\"\ndata-ad-format=\"auto\"><\/ins><br \/>\n<script>\n(adsbygoogle = window.adsbygoogle || []).push({});\n<\/script><\/p>\n<p>La segunda parcela subastada tiene 1.135,82 metros cuadrados, es 100% municipal, y se corresponde con el aparcamiento disuasorio existente en la avenida de San Jorge, frente a Tasubinsa. La empresa Valor Residencial SL ha sido la adjudicataria con una oferta de 1.755.335 euros, IVA no incluido. El precio de salida de la subasta fue de 1.111.058,94 euros, IVA no incluido. Esta segunda parcela se destinar\u00e1 a la construcci\u00f3n de un edificio de aproximadamente 36 viviendas distribuidas en seis plantas, con aproximadamente 220 m<sup>2<\/sup> de locales comerciales en planta baja cuyo frente dar\u00e1 a la avenida de San Jorge.<\/p>\n","protected":false},"excerpt":{"rendered":"<p>La parcela de San Jorge se destinar\u00e1 a la construcci\u00f3n de vivienda y la de Salesianos, a equipamiento comercial<\/p>\n","protected":false},"author":1,"featured_media":43402,"comment_status":"open","ping_status":"closed","sticky":false,"template":"","format":"standard","meta":{"footnotes":""},"categories":[2],"tags":[],"class_list":["post-43401","post","type-post","status-publish","format-standard","has-post-thumbnail","hentry","category-ayuntamiento-pamplona"],"yoast_head":"<!-- This site is optimized with the Yoast SEO plugin v27.3 - https:\/\/yoast.com\/product\/yoast-seo-wordpress\/ -->\n<title>Gerencia de Urbanismo conocer\u00e1 este lunes la propuesta de adjudicaci\u00f3n de la subasta de dos parcelas en San Jorge y Salesianos<\/title>\n<meta name=\"description\" content=\"La parcela de San Jorge se destinar\u00e1 a la construcci\u00f3n de vivienda y la de Salesianos, a equipamiento comercial\" \/>\n<meta name=\"robots\" content=\"index, follow, max-snippet:-1, max-image-preview:large, max-video-preview:-1\" \/>\n<link rel=\"canonical\" href=\"https:\/\/www.laguiadepamplona.com\/actualidad\/gerencia-de-urbanismo-conocera-este-lunes-la-propuesta-de-adjudicacion-de-la-subasta-de-dos-parcelas-en-san-jorge-y-salesianos\/\" \/>\n<meta property=\"og:locale\" content=\"es_ES\" \/>\n<meta property=\"og:type\" content=\"article\" \/>\n<meta property=\"og:title\" content=\"Gerencia de Urbanismo conocer\u00e1 este lunes la propuesta de adjudicaci\u00f3n de la subasta de dos parcelas en San Jorge y Salesianos\" \/>\n<meta property=\"og:description\" content=\"La parcela de San Jorge se destinar\u00e1 a la construcci\u00f3n de vivienda y la de Salesianos, a equipamiento comercial\" \/>\n<meta property=\"og:url\" content=\"https:\/\/www.laguiadepamplona.com\/actualidad\/gerencia-de-urbanismo-conocera-este-lunes-la-propuesta-de-adjudicacion-de-la-subasta-de-dos-parcelas-en-san-jorge-y-salesianos\/\" \/>\n<meta property=\"og:site_name\" content=\"La Gu\u00eda de Pamplona\" \/>\n<meta property=\"article:publisher\" content=\"https:\/\/www.facebook.com\/laguiadepamplonacom-133175176762273\/?ref=hl\" \/>\n<meta property=\"article:published_time\" content=\"2023-03-31T15:52:34+00:00\" \/>\n<meta property=\"article:modified_time\" content=\"2023-04-11T09:46:54+00:00\" \/>\n<meta property=\"og:image\" content=\"https:\/\/www.laguiadepamplona.com\/actualidad\/wp-content\/uploads\/2023\/03\/plano-urbanismo_2.webp\" \/>\n\t<meta property=\"og:image:width\" content=\"1920\" \/>\n\t<meta property=\"og:image:height\" content=\"1280\" \/>\n\t<meta property=\"og:image:type\" content=\"image\/webp\" \/>\n<meta name=\"author\" content=\"La Gu\u00eda de Pamplona\" \/>\n<meta name=\"twitter:card\" content=\"summary_large_image\" \/>\n<meta name=\"twitter:creator\" content=\"@LaGuiadPamplona\" \/>\n<meta name=\"twitter:site\" content=\"@LaGuiadPamplona\" \/>\n<meta name=\"twitter:label1\" content=\"Escrito por\" \/>\n\t<meta name=\"twitter:data1\" content=\"La Gu\u00eda de Pamplona\" \/>\n\t<meta name=\"twitter:label2\" content=\"Tiempo de lectura\" \/>\n\t<meta name=\"twitter:data2\" content=\"2 minutos\" \/>\n<script type=\"application\/ld+json\" class=\"yoast-schema-graph\">{\"@context\":\"https:\\\/\\\/schema.org\",\"@graph\":[{\"@type\":\"Article\",\"@id\":\"https:\\\/\\\/www.laguiadepamplona.com\\\/actualidad\\\/gerencia-de-urbanismo-conocera-este-lunes-la-propuesta-de-adjudicacion-de-la-subasta-de-dos-parcelas-en-san-jorge-y-salesianos\\\/#article\",\"isPartOf\":{\"@id\":\"https:\\\/\\\/www.laguiadepamplona.com\\\/actualidad\\\/gerencia-de-urbanismo-conocera-este-lunes-la-propuesta-de-adjudicacion-de-la-subasta-de-dos-parcelas-en-san-jorge-y-salesianos\\\/\"},\"author\":{\"name\":\"La Gu\u00eda de Pamplona\",\"@id\":\"https:\\\/\\\/www.laguiadepamplona.com\\\/actualidad\\\/#\\\/schema\\\/person\\\/efe887376f0213d4657c93adc50b1fdb\"},\"headline\":\"Gerencia de Urbanismo conocer\u00e1 este lunes la propuesta de adjudicaci\u00f3n de la subasta de dos parcelas en San Jorge y Salesianos\",\"datePublished\":\"2023-03-31T15:52:34+00:00\",\"dateModified\":\"2023-04-11T09:46:54+00:00\",\"mainEntityOfPage\":{\"@id\":\"https:\\\/\\\/www.laguiadepamplona.com\\\/actualidad\\\/gerencia-de-urbanismo-conocera-este-lunes-la-propuesta-de-adjudicacion-de-la-subasta-de-dos-parcelas-en-san-jorge-y-salesianos\\\/\"},\"wordCount\":345,\"commentCount\":0,\"publisher\":{\"@id\":\"https:\\\/\\\/www.laguiadepamplona.com\\\/actualidad\\\/#organization\"},\"image\":{\"@id\":\"https:\\\/\\\/www.laguiadepamplona.com\\\/actualidad\\\/gerencia-de-urbanismo-conocera-este-lunes-la-propuesta-de-adjudicacion-de-la-subasta-de-dos-parcelas-en-san-jorge-y-salesianos\\\/#primaryimage\"},\"thumbnailUrl\":\"https:\\\/\\\/www.laguiadepamplona.com\\\/actualidad\\\/wp-content\\\/uploads\\\/2023\\\/03\\\/plano-urbanismo_2.webp\",\"articleSection\":[\"Ayto Pamplona\"],\"inLanguage\":\"es\",\"potentialAction\":[{\"@type\":\"CommentAction\",\"name\":\"Comment\",\"target\":[\"https:\\\/\\\/www.laguiadepamplona.com\\\/actualidad\\\/gerencia-de-urbanismo-conocera-este-lunes-la-propuesta-de-adjudicacion-de-la-subasta-de-dos-parcelas-en-san-jorge-y-salesianos\\\/#respond\"]}]},{\"@type\":\"WebPage\",\"@id\":\"https:\\\/\\\/www.laguiadepamplona.com\\\/actualidad\\\/gerencia-de-urbanismo-conocera-este-lunes-la-propuesta-de-adjudicacion-de-la-subasta-de-dos-parcelas-en-san-jorge-y-salesianos\\\/\",\"url\":\"https:\\\/\\\/www.laguiadepamplona.com\\\/actualidad\\\/gerencia-de-urbanismo-conocera-este-lunes-la-propuesta-de-adjudicacion-de-la-subasta-de-dos-parcelas-en-san-jorge-y-salesianos\\\/\",\"name\":\"Gerencia de Urbanismo conocer\u00e1 este lunes la propuesta de adjudicaci\u00f3n de la subasta de dos parcelas en San Jorge y Salesianos\",\"isPartOf\":{\"@id\":\"https:\\\/\\\/www.laguiadepamplona.com\\\/actualidad\\\/#website\"},\"primaryImageOfPage\":{\"@id\":\"https:\\\/\\\/www.laguiadepamplona.com\\\/actualidad\\\/gerencia-de-urbanismo-conocera-este-lunes-la-propuesta-de-adjudicacion-de-la-subasta-de-dos-parcelas-en-san-jorge-y-salesianos\\\/#primaryimage\"},\"image\":{\"@id\":\"https:\\\/\\\/www.laguiadepamplona.com\\\/actualidad\\\/gerencia-de-urbanismo-conocera-este-lunes-la-propuesta-de-adjudicacion-de-la-subasta-de-dos-parcelas-en-san-jorge-y-salesianos\\\/#primaryimage\"},\"thumbnailUrl\":\"https:\\\/\\\/www.laguiadepamplona.com\\\/actualidad\\\/wp-content\\\/uploads\\\/2023\\\/03\\\/plano-urbanismo_2.webp\",\"datePublished\":\"2023-03-31T15:52:34+00:00\",\"dateModified\":\"2023-04-11T09:46:54+00:00\",\"description\":\"La parcela de San Jorge se destinar\u00e1 a la construcci\u00f3n de vivienda y la de Salesianos, a equipamiento comercial\",\"breadcrumb\":{\"@id\":\"https:\\\/\\\/www.laguiadepamplona.com\\\/actualidad\\\/gerencia-de-urbanismo-conocera-este-lunes-la-propuesta-de-adjudicacion-de-la-subasta-de-dos-parcelas-en-san-jorge-y-salesianos\\\/#breadcrumb\"},\"inLanguage\":\"es\",\"potentialAction\":[{\"@type\":\"ReadAction\",\"target\":[\"https:\\\/\\\/www.laguiadepamplona.com\\\/actualidad\\\/gerencia-de-urbanismo-conocera-este-lunes-la-propuesta-de-adjudicacion-de-la-subasta-de-dos-parcelas-en-san-jorge-y-salesianos\\\/\"]}]},{\"@type\":\"ImageObject\",\"inLanguage\":\"es\",\"@id\":\"https:\\\/\\\/www.laguiadepamplona.com\\\/actualidad\\\/gerencia-de-urbanismo-conocera-este-lunes-la-propuesta-de-adjudicacion-de-la-subasta-de-dos-parcelas-en-san-jorge-y-salesianos\\\/#primaryimage\",\"url\":\"https:\\\/\\\/www.laguiadepamplona.com\\\/actualidad\\\/wp-content\\\/uploads\\\/2023\\\/03\\\/plano-urbanismo_2.webp\",\"contentUrl\":\"https:\\\/\\\/www.laguiadepamplona.com\\\/actualidad\\\/wp-content\\\/uploads\\\/2023\\\/03\\\/plano-urbanismo_2.webp\",\"width\":1920,\"height\":1280,\"caption\":\"plano\"},{\"@type\":\"BreadcrumbList\",\"@id\":\"https:\\\/\\\/www.laguiadepamplona.com\\\/actualidad\\\/gerencia-de-urbanismo-conocera-este-lunes-la-propuesta-de-adjudicacion-de-la-subasta-de-dos-parcelas-en-san-jorge-y-salesianos\\\/#breadcrumb\",\"itemListElement\":[{\"@type\":\"ListItem\",\"position\":1,\"name\":\"Portada\",\"item\":\"https:\\\/\\\/www.laguiadepamplona.com\\\/actualidad\\\/\"},{\"@type\":\"ListItem\",\"position\":2,\"name\":\"Gerencia de Urbanismo conocer\u00e1 este lunes la propuesta de adjudicaci\u00f3n de la subasta de dos parcelas en San Jorge y Salesianos\"}]},{\"@type\":\"WebSite\",\"@id\":\"https:\\\/\\\/www.laguiadepamplona.com\\\/actualidad\\\/#website\",\"url\":\"https:\\\/\\\/www.laguiadepamplona.com\\\/actualidad\\\/\",\"name\":\"La gu\u00eda de Pamplona\",\"description\":\"Noticias de Pamplona\",\"publisher\":{\"@id\":\"https:\\\/\\\/www.laguiadepamplona.com\\\/actualidad\\\/#organization\"},\"potentialAction\":[{\"@type\":\"SearchAction\",\"target\":{\"@type\":\"EntryPoint\",\"urlTemplate\":\"https:\\\/\\\/www.laguiadepamplona.com\\\/actualidad\\\/?s={search_term_string}\"},\"query-input\":{\"@type\":\"PropertyValueSpecification\",\"valueRequired\":true,\"valueName\":\"search_term_string\"}}],\"inLanguage\":\"es\"},{\"@type\":\"Organization\",\"@id\":\"https:\\\/\\\/www.laguiadepamplona.com\\\/actualidad\\\/#organization\",\"name\":\"La Gu\u00eda de Pamplona \\\/ Noticias\",\"url\":\"https:\\\/\\\/www.laguiadepamplona.com\\\/actualidad\\\/\",\"logo\":{\"@type\":\"ImageObject\",\"inLanguage\":\"es\",\"@id\":\"https:\\\/\\\/www.laguiadepamplona.com\\\/actualidad\\\/#\\\/schema\\\/logo\\\/image\\\/\",\"url\":\"https:\\\/\\\/www.laguiadepamplona.com\\\/actualidad\\\/wp-content\\\/uploads\\\/2018\\\/11\\\/logo-laguiadepamplona18-web1.png\",\"contentUrl\":\"https:\\\/\\\/www.laguiadepamplona.com\\\/actualidad\\\/wp-content\\\/uploads\\\/2018\\\/11\\\/logo-laguiadepamplona18-web1.png\",\"width\":600,\"height\":196,\"caption\":\"La Gu\u00eda de Pamplona \\\/ Noticias\"},\"image\":{\"@id\":\"https:\\\/\\\/www.laguiadepamplona.com\\\/actualidad\\\/#\\\/schema\\\/logo\\\/image\\\/\"},\"sameAs\":[\"https:\\\/\\\/www.facebook.com\\\/laguiadepamplonacom-133175176762273\\\/?ref=hl\",\"https:\\\/\\\/x.com\\\/LaGuiadPamplona\",\"https:\\\/\\\/www.instagram.com\\\/la_guia_de_pamplona\\\/\",\"https:\\\/\\\/www.youtube.com\\\/user\\\/laguiadepamplona\"]},{\"@type\":\"Person\",\"@id\":\"https:\\\/\\\/www.laguiadepamplona.com\\\/actualidad\\\/#\\\/schema\\\/person\\\/efe887376f0213d4657c93adc50b1fdb\",\"name\":\"La Gu\u00eda de Pamplona\",\"image\":{\"@type\":\"ImageObject\",\"inLanguage\":\"es\",\"@id\":\"https:\\\/\\\/secure.gravatar.com\\\/avatar\\\/b6992f131dc8d30ab0dff15446e9d346d9dbd95992de0fef795073f5ea83a81c?s=96&d=mm&r=g\",\"url\":\"https:\\\/\\\/secure.gravatar.com\\\/avatar\\\/b6992f131dc8d30ab0dff15446e9d346d9dbd95992de0fef795073f5ea83a81c?s=96&d=mm&r=g\",\"contentUrl\":\"https:\\\/\\\/secure.gravatar.com\\\/avatar\\\/b6992f131dc8d30ab0dff15446e9d346d9dbd95992de0fef795073f5ea83a81c?s=96&d=mm&r=g\",\"caption\":\"La Gu\u00eda de Pamplona\"}}]}<\/script>\n<!-- \/ Yoast SEO plugin. -->","yoast_head_json":{"title":"Gerencia de Urbanismo conocer\u00e1 este lunes la propuesta de adjudicaci\u00f3n de la subasta de dos parcelas en San Jorge y Salesianos","description":"La parcela de San Jorge se destinar\u00e1 a la construcci\u00f3n de vivienda y la de Salesianos, a equipamiento comercial","robots":{"index":"index","follow":"follow","max-snippet":"max-snippet:-1","max-image-preview":"max-image-preview:large","max-video-preview":"max-video-preview:-1"},"canonical":"https:\/\/www.laguiadepamplona.com\/actualidad\/gerencia-de-urbanismo-conocera-este-lunes-la-propuesta-de-adjudicacion-de-la-subasta-de-dos-parcelas-en-san-jorge-y-salesianos\/","og_locale":"es_ES","og_type":"article","og_title":"Gerencia de Urbanismo conocer\u00e1 este lunes la propuesta de adjudicaci\u00f3n de la subasta de dos parcelas en San Jorge y Salesianos","og_description":"La parcela de San Jorge se destinar\u00e1 a la construcci\u00f3n de vivienda y la de Salesianos, a equipamiento comercial","og_url":"https:\/\/www.laguiadepamplona.com\/actualidad\/gerencia-de-urbanismo-conocera-este-lunes-la-propuesta-de-adjudicacion-de-la-subasta-de-dos-parcelas-en-san-jorge-y-salesianos\/","og_site_name":"La Gu\u00eda de Pamplona","article_publisher":"https:\/\/www.facebook.com\/laguiadepamplonacom-133175176762273\/?ref=hl","article_published_time":"2023-03-31T15:52:34+00:00","article_modified_time":"2023-04-11T09:46:54+00:00","og_image":[{"width":1920,"height":1280,"url":"https:\/\/www.laguiadepamplona.com\/actualidad\/wp-content\/uploads\/2023\/03\/plano-urbanismo_2.webp","type":"image\/webp"}],"author":"La Gu\u00eda de Pamplona","twitter_card":"summary_large_image","twitter_creator":"@LaGuiadPamplona","twitter_site":"@LaGuiadPamplona","twitter_misc":{"Escrito por":"La Gu\u00eda de Pamplona","Tiempo de lectura":"2 minutos"},"schema":{"@context":"https:\/\/schema.org","@graph":[{"@type":"Article","@id":"https:\/\/www.laguiadepamplona.com\/actualidad\/gerencia-de-urbanismo-conocera-este-lunes-la-propuesta-de-adjudicacion-de-la-subasta-de-dos-parcelas-en-san-jorge-y-salesianos\/#article","isPartOf":{"@id":"https:\/\/www.laguiadepamplona.com\/actualidad\/gerencia-de-urbanismo-conocera-este-lunes-la-propuesta-de-adjudicacion-de-la-subasta-de-dos-parcelas-en-san-jorge-y-salesianos\/"},"author":{"name":"La Gu\u00eda de Pamplona","@id":"https:\/\/www.laguiadepamplona.com\/actualidad\/#\/schema\/person\/efe887376f0213d4657c93adc50b1fdb"},"headline":"Gerencia de Urbanismo conocer\u00e1 este lunes la propuesta de adjudicaci\u00f3n de la subasta de dos parcelas en San Jorge y Salesianos","datePublished":"2023-03-31T15:52:34+00:00","dateModified":"2023-04-11T09:46:54+00:00","mainEntityOfPage":{"@id":"https:\/\/www.laguiadepamplona.com\/actualidad\/gerencia-de-urbanismo-conocera-este-lunes-la-propuesta-de-adjudicacion-de-la-subasta-de-dos-parcelas-en-san-jorge-y-salesianos\/"},"wordCount":345,"commentCount":0,"publisher":{"@id":"https:\/\/www.laguiadepamplona.com\/actualidad\/#organization"},"image":{"@id":"https:\/\/www.laguiadepamplona.com\/actualidad\/gerencia-de-urbanismo-conocera-este-lunes-la-propuesta-de-adjudicacion-de-la-subasta-de-dos-parcelas-en-san-jorge-y-salesianos\/#primaryimage"},"thumbnailUrl":"https:\/\/www.laguiadepamplona.com\/actualidad\/wp-content\/uploads\/2023\/03\/plano-urbanismo_2.webp","articleSection":["Ayto Pamplona"],"inLanguage":"es","potentialAction":[{"@type":"CommentAction","name":"Comment","target":["https:\/\/www.laguiadepamplona.com\/actualidad\/gerencia-de-urbanismo-conocera-este-lunes-la-propuesta-de-adjudicacion-de-la-subasta-de-dos-parcelas-en-san-jorge-y-salesianos\/#respond"]}]},{"@type":"WebPage","@id":"https:\/\/www.laguiadepamplona.com\/actualidad\/gerencia-de-urbanismo-conocera-este-lunes-la-propuesta-de-adjudicacion-de-la-subasta-de-dos-parcelas-en-san-jorge-y-salesianos\/","url":"https:\/\/www.laguiadepamplona.com\/actualidad\/gerencia-de-urbanismo-conocera-este-lunes-la-propuesta-de-adjudicacion-de-la-subasta-de-dos-parcelas-en-san-jorge-y-salesianos\/","name":"Gerencia de Urbanismo conocer\u00e1 este lunes la propuesta de adjudicaci\u00f3n de la subasta de dos parcelas en San Jorge y Salesianos","isPartOf":{"@id":"https:\/\/www.laguiadepamplona.com\/actualidad\/#website"},"primaryImageOfPage":{"@id":"https:\/\/www.laguiadepamplona.com\/actualidad\/gerencia-de-urbanismo-conocera-este-lunes-la-propuesta-de-adjudicacion-de-la-subasta-de-dos-parcelas-en-san-jorge-y-salesianos\/#primaryimage"},"image":{"@id":"https:\/\/www.laguiadepamplona.com\/actualidad\/gerencia-de-urbanismo-conocera-este-lunes-la-propuesta-de-adjudicacion-de-la-subasta-de-dos-parcelas-en-san-jorge-y-salesianos\/#primaryimage"},"thumbnailUrl":"https:\/\/www.laguiadepamplona.com\/actualidad\/wp-content\/uploads\/2023\/03\/plano-urbanismo_2.webp","datePublished":"2023-03-31T15:52:34+00:00","dateModified":"2023-04-11T09:46:54+00:00","description":"La parcela de San Jorge se destinar\u00e1 a la construcci\u00f3n de vivienda y la de Salesianos, a equipamiento comercial","breadcrumb":{"@id":"https:\/\/www.laguiadepamplona.com\/actualidad\/gerencia-de-urbanismo-conocera-este-lunes-la-propuesta-de-adjudicacion-de-la-subasta-de-dos-parcelas-en-san-jorge-y-salesianos\/#breadcrumb"},"inLanguage":"es","potentialAction":[{"@type":"ReadAction","target":["https:\/\/www.laguiadepamplona.com\/actualidad\/gerencia-de-urbanismo-conocera-este-lunes-la-propuesta-de-adjudicacion-de-la-subasta-de-dos-parcelas-en-san-jorge-y-salesianos\/"]}]},{"@type":"ImageObject","inLanguage":"es","@id":"https:\/\/www.laguiadepamplona.com\/actualidad\/gerencia-de-urbanismo-conocera-este-lunes-la-propuesta-de-adjudicacion-de-la-subasta-de-dos-parcelas-en-san-jorge-y-salesianos\/#primaryimage","url":"https:\/\/www.laguiadepamplona.com\/actualidad\/wp-content\/uploads\/2023\/03\/plano-urbanismo_2.webp","contentUrl":"https:\/\/www.laguiadepamplona.com\/actualidad\/wp-content\/uploads\/2023\/03\/plano-urbanismo_2.webp","width":1920,"height":1280,"caption":"plano"},{"@type":"BreadcrumbList","@id":"https:\/\/www.laguiadepamplona.com\/actualidad\/gerencia-de-urbanismo-conocera-este-lunes-la-propuesta-de-adjudicacion-de-la-subasta-de-dos-parcelas-en-san-jorge-y-salesianos\/#breadcrumb","itemListElement":[{"@type":"ListItem","position":1,"name":"Portada","item":"https:\/\/www.laguiadepamplona.com\/actualidad\/"},{"@type":"ListItem","position":2,"name":"Gerencia de Urbanismo conocer\u00e1 este lunes la propuesta de adjudicaci\u00f3n de la subasta de dos parcelas en San Jorge y Salesianos"}]},{"@type":"WebSite","@id":"https:\/\/www.laguiadepamplona.com\/actualidad\/#website","url":"https:\/\/www.laguiadepamplona.com\/actualidad\/","name":"La gu\u00eda de Pamplona","description":"Noticias de Pamplona","publisher":{"@id":"https:\/\/www.laguiadepamplona.com\/actualidad\/#organization"},"potentialAction":[{"@type":"SearchAction","target":{"@type":"EntryPoint","urlTemplate":"https:\/\/www.laguiadepamplona.com\/actualidad\/?s={search_term_string}"},"query-input":{"@type":"PropertyValueSpecification","valueRequired":true,"valueName":"search_term_string"}}],"inLanguage":"es"},{"@type":"Organization","@id":"https:\/\/www.laguiadepamplona.com\/actualidad\/#organization","name":"La Gu\u00eda de Pamplona \/ Noticias","url":"https:\/\/www.laguiadepamplona.com\/actualidad\/","logo":{"@type":"ImageObject","inLanguage":"es","@id":"https:\/\/www.laguiadepamplona.com\/actualidad\/#\/schema\/logo\/image\/","url":"https:\/\/www.laguiadepamplona.com\/actualidad\/wp-content\/uploads\/2018\/11\/logo-laguiadepamplona18-web1.png","contentUrl":"https:\/\/www.laguiadepamplona.com\/actualidad\/wp-content\/uploads\/2018\/11\/logo-laguiadepamplona18-web1.png","width":600,"height":196,"caption":"La Gu\u00eda de Pamplona \/ Noticias"},"image":{"@id":"https:\/\/www.laguiadepamplona.com\/actualidad\/#\/schema\/logo\/image\/"},"sameAs":["https:\/\/www.facebook.com\/laguiadepamplonacom-133175176762273\/?ref=hl","https:\/\/x.com\/LaGuiadPamplona","https:\/\/www.instagram.com\/la_guia_de_pamplona\/","https:\/\/www.youtube.com\/user\/laguiadepamplona"]},{"@type":"Person","@id":"https:\/\/www.laguiadepamplona.com\/actualidad\/#\/schema\/person\/efe887376f0213d4657c93adc50b1fdb","name":"La Gu\u00eda de Pamplona","image":{"@type":"ImageObject","inLanguage":"es","@id":"https:\/\/secure.gravatar.com\/avatar\/b6992f131dc8d30ab0dff15446e9d346d9dbd95992de0fef795073f5ea83a81c?s=96&d=mm&r=g","url":"https:\/\/secure.gravatar.com\/avatar\/b6992f131dc8d30ab0dff15446e9d346d9dbd95992de0fef795073f5ea83a81c?s=96&d=mm&r=g","contentUrl":"https:\/\/secure.gravatar.com\/avatar\/b6992f131dc8d30ab0dff15446e9d346d9dbd95992de0fef795073f5ea83a81c?s=96&d=mm&r=g","caption":"La Gu\u00eda de Pamplona"}}]}},"post_mailing_queue_ids":[],"_links":{"self":[{"href":"https:\/\/www.laguiadepamplona.com\/actualidad\/wp-json\/wp\/v2\/posts\/43401","targetHints":{"allow":["GET"]}}],"collection":[{"href":"https:\/\/www.laguiadepamplona.com\/actualidad\/wp-json\/wp\/v2\/posts"}],"about":[{"href":"https:\/\/www.laguiadepamplona.com\/actualidad\/wp-json\/wp\/v2\/types\/post"}],"author":[{"embeddable":true,"href":"https:\/\/www.laguiadepamplona.com\/actualidad\/wp-json\/wp\/v2\/users\/1"}],"replies":[{"embeddable":true,"href":"https:\/\/www.laguiadepamplona.com\/actualidad\/wp-json\/wp\/v2\/comments?post=43401"}],"version-history":[{"count":0,"href":"https:\/\/www.laguiadepamplona.com\/actualidad\/wp-json\/wp\/v2\/posts\/43401\/revisions"}],"wp:featuredmedia":[{"embeddable":true,"href":"https:\/\/www.laguiadepamplona.com\/actualidad\/wp-json\/wp\/v2\/media\/43402"}],"wp:attachment":[{"href":"https:\/\/www.laguiadepamplona.com\/actualidad\/wp-json\/wp\/v2\/media?parent=43401"}],"wp:term":[{"taxonomy":"category","embeddable":true,"href":"https:\/\/www.laguiadepamplona.com\/actualidad\/wp-json\/wp\/v2\/categories?post=43401"},{"taxonomy":"post_tag","embeddable":true,"href":"https:\/\/www.laguiadepamplona.com\/actualidad\/wp-json\/wp\/v2\/tags?post=43401"}],"curies":[{"name":"wp","href":"https:\/\/api.w.org\/{rel}","templated":true}]}}