{"id":43398,"date":"2023-03-31T17:51:08","date_gmt":"2023-03-31T15:51:08","guid":{"rendered":"https:\/\/www.laguiadepamplona.com\/actualidad\/?p=43398"},"modified":"2023-04-11T11:46:54","modified_gmt":"2023-04-11T09:46:54","slug":"gerencia-de-urbanismo-tratara-el-lunes-la-adjudicacion-de-las-obras-de-la-segunda-fase-de-la-urbanizacion-de-azpilagana-sur-que-se-preve-comenzar-esta-primavera","status":"publish","type":"post","link":"https:\/\/www.laguiadepamplona.com\/actualidad\/gerencia-de-urbanismo-tratara-el-lunes-la-adjudicacion-de-las-obras-de-la-segunda-fase-de-la-urbanizacion-de-azpilagana-sur-que-se-preve-comenzar-esta-primavera\/","title":{"rendered":"Gerencia de Urbanismo tratar\u00e1 el lunes la adjudicaci\u00f3n de las obras de la segunda fase de la urbanizaci\u00f3n de Azpilaga\u00f1a Sur, que se prev\u00e9 comenzar esta primavera"},"content":{"rendered":"<h5>Se construir\u00e1 un nuevo vial con su conexi\u00f3n con la avenida de Zaragoza y se completar\u00e1n las infraestructuras para los servicios previstos en la zona<\/h5>\n<p><!--more--><\/p>\n<p>Se prev\u00e9 que esta primavera puedan iniciarse las obras de la segunda fase de urbanizaci\u00f3n de Azpilaga\u00f1a Sur. Gerencia de Urbanismo tratar\u00e1 en su consejo de este lunes la adjudicaci\u00f3n del contrato para el desarrollo de varias actuaciones en la zona. Las obras las llevar\u00e1 a cabo la empresa Excavaciones Ferm\u00edn Os\u00e9s, con un presupuesto de 1.130.281,57 euros, con un 16,2% de baja respecto al precio de licitaci\u00f3n de 1,3 millones, y un plazo de ejecuci\u00f3n de siete meses.<br \/>\n<script async src=\"\/\/pagead2.googlesyndication.com\/pagead\/js\/adsbygoogle.js\"><\/script><br \/>\n<!-- Noticias La Guia de Pamplona --><br \/>\n<ins class=\"adsbygoogle\"\nstyle=\"display:block\"\ndata-ad-client=\"ca-pub-6943679897239327\"\ndata-ad-slot=\"7048180777\"\ndata-ad-format=\"auto\"><\/ins><br \/>\n<script>\n(adsbygoogle = window.adsbygoogle || []).push({});\n<\/script><\/p>\n<p>La actuaci\u00f3n prevista incluye la creaci\u00f3n de un vial, con doble sentido de circulaci\u00f3n y aparcamientos en l\u00ednea a ambos lados, que conectar\u00e1 con la avenida de Zaragoza y discurrir\u00e1 paralelo a la calle Mari Abrego. Adem\u00e1s, se urbanizar\u00e1 la conexi\u00f3n con la avenida de Zaragoza, dando continuidad a la acera que ya existe desde la glorieta de confluencia con la calle Sadar. Se aprovechar\u00e1n tambi\u00e9n los trabajos para realizar las infraestructuras necesarias que faltaban para los diferentes servicios, suministros y abastecimientos requeridos en la urbanizaci\u00f3n de la zona. Estas actuaciones se pueden llevar a cabo tras el derribo en noviembre del a\u00f1o pasado de las instalaciones de la antigua vaquer\u00eda de Oroz, que ocupaban el espacio m\u00e1s cercano de la avenida de Zaragoza.<\/p>\n<p>La actualizaci\u00f3n del proyecto de la segunda fase de urbanizaci\u00f3n del \u00e1rea de reparto ARS-4 de la Unidad Integrada XIX del Plan Municipal de Pamplona, que se corresponde con la zona de Azpilaga\u00f1a Sur, la ha llevado a cabo la empresa de ingenier\u00eda SERTECNA. Todo el \u00e1mbito de actuaci\u00f3n alcanza los 60.000 metros cuadrados de superficie, limita al norte con el r\u00edo Sadar, al sur con el l\u00edmite del t\u00e9rmino municipal de Pamplona con la Cendea de Galar, al este con la avenida de Zaragoza y al oeste con la avenida de Navarra. El nuevo vial limita con terrenos que actualmente pertenecen al municipio de la Cendea de Galar, pero que pasar\u00e1n a ser t\u00e9rmino municipal de Pamplona una vez aprobada definitivamente la redelimitaci\u00f3n entre ambos Ayuntamientos.<br \/>\n<script async src=\"\/\/pagead2.googlesyndication.com\/pagead\/js\/adsbygoogle.js\"><\/script><br \/>\n<!-- Noticias La Guia de Pamplona --><br \/>\n<ins class=\"adsbygoogle\"\nstyle=\"display:block\"\ndata-ad-client=\"ca-pub-6943679897239327\"\ndata-ad-slot=\"7048180777\"\ndata-ad-format=\"auto\"><\/ins><br \/>\n<script>\n(adsbygoogle = window.adsbygoogle || []).push({});\n<\/script><\/p>\n<p>En la reuni\u00f3n del lunes, se conocer\u00e1 tambi\u00e9n la adjudicaci\u00f3n de la direcci\u00f3n de obra de esta segunda fase de la urbanizaci\u00f3n de Azpilaga\u00f1a Sur. El contrato se ha adjudicado a MKR Ingenier\u00eda y Arquitectura SL, con un presupuesto de 29.850 euros.<\/p>\n","protected":false},"excerpt":{"rendered":"<p>Se construir\u00e1 un nuevo vial con su conexi\u00f3n con la avenida de Zaragoza y se completar\u00e1n las infraestructuras para los servicios previstos en la zona<\/p>\n","protected":false},"author":1,"featured_media":43399,"comment_status":"open","ping_status":"closed","sticky":false,"template":"","format":"standard","meta":{"footnotes":""},"categories":[2],"tags":[],"class_list":["post-43398","post","type-post","status-publish","format-standard","has-post-thumbnail","hentry","category-ayuntamiento-pamplona"],"yoast_head":"<!-- This site is optimized with the Yoast SEO plugin v27.3 - https:\/\/yoast.com\/product\/yoast-seo-wordpress\/ -->\n<title>Gerencia de Urbanismo tratar\u00e1 el lunes la adjudicaci\u00f3n de las obras de la segunda fase de la urbanizaci\u00f3n de Azpilaga\u00f1a Sur, que se prev\u00e9 comenzar esta primavera<\/title>\n<meta name=\"description\" content=\"Se construir\u00e1 un nuevo vial con su conexi\u00f3n con la avenida de Zaragoza y se completar\u00e1n las infraestructuras para los servicios previstos en la zona\" \/>\n<meta name=\"robots\" content=\"index, follow, max-snippet:-1, max-image-preview:large, max-video-preview:-1\" \/>\n<link rel=\"canonical\" href=\"https:\/\/www.laguiadepamplona.com\/actualidad\/gerencia-de-urbanismo-tratara-el-lunes-la-adjudicacion-de-las-obras-de-la-segunda-fase-de-la-urbanizacion-de-azpilagana-sur-que-se-preve-comenzar-esta-primavera\/\" \/>\n<meta property=\"og:locale\" content=\"es_ES\" \/>\n<meta property=\"og:type\" content=\"article\" \/>\n<meta property=\"og:title\" content=\"Gerencia de Urbanismo tratar\u00e1 el lunes la adjudicaci\u00f3n de las obras de la segunda fase de la urbanizaci\u00f3n de Azpilaga\u00f1a Sur, que se prev\u00e9 comenzar esta primavera\" \/>\n<meta property=\"og:description\" content=\"Se construir\u00e1 un nuevo vial con su conexi\u00f3n con la avenida de Zaragoza y se completar\u00e1n las infraestructuras para los servicios previstos en la zona\" \/>\n<meta property=\"og:url\" content=\"https:\/\/www.laguiadepamplona.com\/actualidad\/gerencia-de-urbanismo-tratara-el-lunes-la-adjudicacion-de-las-obras-de-la-segunda-fase-de-la-urbanizacion-de-azpilagana-sur-que-se-preve-comenzar-esta-primavera\/\" \/>\n<meta property=\"og:site_name\" content=\"La Gu\u00eda de Pamplona\" \/>\n<meta property=\"article:publisher\" content=\"https:\/\/www.facebook.com\/laguiadepamplonacom-133175176762273\/?ref=hl\" \/>\n<meta property=\"article:published_time\" content=\"2023-03-31T15:51:08+00:00\" \/>\n<meta property=\"article:modified_time\" content=\"2023-04-11T09:46:54+00:00\" \/>\n<meta property=\"og:image\" content=\"https:\/\/www.laguiadepamplona.com\/actualidad\/wp-content\/uploads\/2023\/03\/azpilagana_sur_segunda_fse.webp\" \/>\n\t<meta property=\"og:image:width\" content=\"1371\" \/>\n\t<meta property=\"og:image:height\" content=\"1012\" \/>\n\t<meta property=\"og:image:type\" content=\"image\/webp\" \/>\n<meta name=\"author\" content=\"La Gu\u00eda de Pamplona\" \/>\n<meta name=\"twitter:card\" content=\"summary_large_image\" \/>\n<meta name=\"twitter:creator\" content=\"@LaGuiadPamplona\" \/>\n<meta name=\"twitter:site\" content=\"@LaGuiadPamplona\" \/>\n<meta name=\"twitter:label1\" content=\"Escrito por\" \/>\n\t<meta name=\"twitter:data1\" content=\"La Gu\u00eda de Pamplona\" \/>\n\t<meta name=\"twitter:label2\" content=\"Tiempo de lectura\" \/>\n\t<meta name=\"twitter:data2\" content=\"2 minutos\" \/>\n<script type=\"application\/ld+json\" class=\"yoast-schema-graph\">{\"@context\":\"https:\\\/\\\/schema.org\",\"@graph\":[{\"@type\":\"Article\",\"@id\":\"https:\\\/\\\/www.laguiadepamplona.com\\\/actualidad\\\/gerencia-de-urbanismo-tratara-el-lunes-la-adjudicacion-de-las-obras-de-la-segunda-fase-de-la-urbanizacion-de-azpilagana-sur-que-se-preve-comenzar-esta-primavera\\\/#article\",\"isPartOf\":{\"@id\":\"https:\\\/\\\/www.laguiadepamplona.com\\\/actualidad\\\/gerencia-de-urbanismo-tratara-el-lunes-la-adjudicacion-de-las-obras-de-la-segunda-fase-de-la-urbanizacion-de-azpilagana-sur-que-se-preve-comenzar-esta-primavera\\\/\"},\"author\":{\"name\":\"La Gu\u00eda de Pamplona\",\"@id\":\"https:\\\/\\\/www.laguiadepamplona.com\\\/actualidad\\\/#\\\/schema\\\/person\\\/efe887376f0213d4657c93adc50b1fdb\"},\"headline\":\"Gerencia de Urbanismo tratar\u00e1 el lunes la adjudicaci\u00f3n de las obras de la segunda fase de la urbanizaci\u00f3n de Azpilaga\u00f1a Sur, que se prev\u00e9 comenzar esta primavera\",\"datePublished\":\"2023-03-31T15:51:08+00:00\",\"dateModified\":\"2023-04-11T09:46:54+00:00\",\"mainEntityOfPage\":{\"@id\":\"https:\\\/\\\/www.laguiadepamplona.com\\\/actualidad\\\/gerencia-de-urbanismo-tratara-el-lunes-la-adjudicacion-de-las-obras-de-la-segunda-fase-de-la-urbanizacion-de-azpilagana-sur-que-se-preve-comenzar-esta-primavera\\\/\"},\"wordCount\":461,\"commentCount\":0,\"publisher\":{\"@id\":\"https:\\\/\\\/www.laguiadepamplona.com\\\/actualidad\\\/#organization\"},\"image\":{\"@id\":\"https:\\\/\\\/www.laguiadepamplona.com\\\/actualidad\\\/gerencia-de-urbanismo-tratara-el-lunes-la-adjudicacion-de-las-obras-de-la-segunda-fase-de-la-urbanizacion-de-azpilagana-sur-que-se-preve-comenzar-esta-primavera\\\/#primaryimage\"},\"thumbnailUrl\":\"https:\\\/\\\/www.laguiadepamplona.com\\\/actualidad\\\/wp-content\\\/uploads\\\/2023\\\/03\\\/azpilagana_sur_segunda_fse.webp\",\"articleSection\":[\"Ayto Pamplona\"],\"inLanguage\":\"es\",\"potentialAction\":[{\"@type\":\"CommentAction\",\"name\":\"Comment\",\"target\":[\"https:\\\/\\\/www.laguiadepamplona.com\\\/actualidad\\\/gerencia-de-urbanismo-tratara-el-lunes-la-adjudicacion-de-las-obras-de-la-segunda-fase-de-la-urbanizacion-de-azpilagana-sur-que-se-preve-comenzar-esta-primavera\\\/#respond\"]}]},{\"@type\":\"WebPage\",\"@id\":\"https:\\\/\\\/www.laguiadepamplona.com\\\/actualidad\\\/gerencia-de-urbanismo-tratara-el-lunes-la-adjudicacion-de-las-obras-de-la-segunda-fase-de-la-urbanizacion-de-azpilagana-sur-que-se-preve-comenzar-esta-primavera\\\/\",\"url\":\"https:\\\/\\\/www.laguiadepamplona.com\\\/actualidad\\\/gerencia-de-urbanismo-tratara-el-lunes-la-adjudicacion-de-las-obras-de-la-segunda-fase-de-la-urbanizacion-de-azpilagana-sur-que-se-preve-comenzar-esta-primavera\\\/\",\"name\":\"Gerencia de Urbanismo tratar\u00e1 el lunes la adjudicaci\u00f3n de las obras de la segunda fase de la urbanizaci\u00f3n de Azpilaga\u00f1a Sur, que se prev\u00e9 comenzar esta primavera\",\"isPartOf\":{\"@id\":\"https:\\\/\\\/www.laguiadepamplona.com\\\/actualidad\\\/#website\"},\"primaryImageOfPage\":{\"@id\":\"https:\\\/\\\/www.laguiadepamplona.com\\\/actualidad\\\/gerencia-de-urbanismo-tratara-el-lunes-la-adjudicacion-de-las-obras-de-la-segunda-fase-de-la-urbanizacion-de-azpilagana-sur-que-se-preve-comenzar-esta-primavera\\\/#primaryimage\"},\"image\":{\"@id\":\"https:\\\/\\\/www.laguiadepamplona.com\\\/actualidad\\\/gerencia-de-urbanismo-tratara-el-lunes-la-adjudicacion-de-las-obras-de-la-segunda-fase-de-la-urbanizacion-de-azpilagana-sur-que-se-preve-comenzar-esta-primavera\\\/#primaryimage\"},\"thumbnailUrl\":\"https:\\\/\\\/www.laguiadepamplona.com\\\/actualidad\\\/wp-content\\\/uploads\\\/2023\\\/03\\\/azpilagana_sur_segunda_fse.webp\",\"datePublished\":\"2023-03-31T15:51:08+00:00\",\"dateModified\":\"2023-04-11T09:46:54+00:00\",\"description\":\"Se construir\u00e1 un nuevo vial con su conexi\u00f3n con la avenida de Zaragoza y se completar\u00e1n las infraestructuras para los servicios previstos en la zona\",\"breadcrumb\":{\"@id\":\"https:\\\/\\\/www.laguiadepamplona.com\\\/actualidad\\\/gerencia-de-urbanismo-tratara-el-lunes-la-adjudicacion-de-las-obras-de-la-segunda-fase-de-la-urbanizacion-de-azpilagana-sur-que-se-preve-comenzar-esta-primavera\\\/#breadcrumb\"},\"inLanguage\":\"es\",\"potentialAction\":[{\"@type\":\"ReadAction\",\"target\":[\"https:\\\/\\\/www.laguiadepamplona.com\\\/actualidad\\\/gerencia-de-urbanismo-tratara-el-lunes-la-adjudicacion-de-las-obras-de-la-segunda-fase-de-la-urbanizacion-de-azpilagana-sur-que-se-preve-comenzar-esta-primavera\\\/\"]}]},{\"@type\":\"ImageObject\",\"inLanguage\":\"es\",\"@id\":\"https:\\\/\\\/www.laguiadepamplona.com\\\/actualidad\\\/gerencia-de-urbanismo-tratara-el-lunes-la-adjudicacion-de-las-obras-de-la-segunda-fase-de-la-urbanizacion-de-azpilagana-sur-que-se-preve-comenzar-esta-primavera\\\/#primaryimage\",\"url\":\"https:\\\/\\\/www.laguiadepamplona.com\\\/actualidad\\\/wp-content\\\/uploads\\\/2023\\\/03\\\/azpilagana_sur_segunda_fse.webp\",\"contentUrl\":\"https:\\\/\\\/www.laguiadepamplona.com\\\/actualidad\\\/wp-content\\\/uploads\\\/2023\\\/03\\\/azpilagana_sur_segunda_fse.webp\",\"width\":1371,\"height\":1012},{\"@type\":\"BreadcrumbList\",\"@id\":\"https:\\\/\\\/www.laguiadepamplona.com\\\/actualidad\\\/gerencia-de-urbanismo-tratara-el-lunes-la-adjudicacion-de-las-obras-de-la-segunda-fase-de-la-urbanizacion-de-azpilagana-sur-que-se-preve-comenzar-esta-primavera\\\/#breadcrumb\",\"itemListElement\":[{\"@type\":\"ListItem\",\"position\":1,\"name\":\"Portada\",\"item\":\"https:\\\/\\\/www.laguiadepamplona.com\\\/actualidad\\\/\"},{\"@type\":\"ListItem\",\"position\":2,\"name\":\"Gerencia de Urbanismo tratar\u00e1 el lunes la adjudicaci\u00f3n de las obras de la segunda fase de la urbanizaci\u00f3n de Azpilaga\u00f1a Sur, que se prev\u00e9 comenzar esta primavera\"}]},{\"@type\":\"WebSite\",\"@id\":\"https:\\\/\\\/www.laguiadepamplona.com\\\/actualidad\\\/#website\",\"url\":\"https:\\\/\\\/www.laguiadepamplona.com\\\/actualidad\\\/\",\"name\":\"La gu\u00eda de Pamplona\",\"description\":\"Noticias de Pamplona\",\"publisher\":{\"@id\":\"https:\\\/\\\/www.laguiadepamplona.com\\\/actualidad\\\/#organization\"},\"potentialAction\":[{\"@type\":\"SearchAction\",\"target\":{\"@type\":\"EntryPoint\",\"urlTemplate\":\"https:\\\/\\\/www.laguiadepamplona.com\\\/actualidad\\\/?s={search_term_string}\"},\"query-input\":{\"@type\":\"PropertyValueSpecification\",\"valueRequired\":true,\"valueName\":\"search_term_string\"}}],\"inLanguage\":\"es\"},{\"@type\":\"Organization\",\"@id\":\"https:\\\/\\\/www.laguiadepamplona.com\\\/actualidad\\\/#organization\",\"name\":\"La Gu\u00eda de Pamplona \\\/ Noticias\",\"url\":\"https:\\\/\\\/www.laguiadepamplona.com\\\/actualidad\\\/\",\"logo\":{\"@type\":\"ImageObject\",\"inLanguage\":\"es\",\"@id\":\"https:\\\/\\\/www.laguiadepamplona.com\\\/actualidad\\\/#\\\/schema\\\/logo\\\/image\\\/\",\"url\":\"https:\\\/\\\/www.laguiadepamplona.com\\\/actualidad\\\/wp-content\\\/uploads\\\/2018\\\/11\\\/logo-laguiadepamplona18-web1.png\",\"contentUrl\":\"https:\\\/\\\/www.laguiadepamplona.com\\\/actualidad\\\/wp-content\\\/uploads\\\/2018\\\/11\\\/logo-laguiadepamplona18-web1.png\",\"width\":600,\"height\":196,\"caption\":\"La Gu\u00eda de Pamplona \\\/ Noticias\"},\"image\":{\"@id\":\"https:\\\/\\\/www.laguiadepamplona.com\\\/actualidad\\\/#\\\/schema\\\/logo\\\/image\\\/\"},\"sameAs\":[\"https:\\\/\\\/www.facebook.com\\\/laguiadepamplonacom-133175176762273\\\/?ref=hl\",\"https:\\\/\\\/x.com\\\/LaGuiadPamplona\",\"https:\\\/\\\/www.instagram.com\\\/la_guia_de_pamplona\\\/\",\"https:\\\/\\\/www.youtube.com\\\/user\\\/laguiadepamplona\"]},{\"@type\":\"Person\",\"@id\":\"https:\\\/\\\/www.laguiadepamplona.com\\\/actualidad\\\/#\\\/schema\\\/person\\\/efe887376f0213d4657c93adc50b1fdb\",\"name\":\"La Gu\u00eda de Pamplona\",\"image\":{\"@type\":\"ImageObject\",\"inLanguage\":\"es\",\"@id\":\"https:\\\/\\\/secure.gravatar.com\\\/avatar\\\/b6992f131dc8d30ab0dff15446e9d346d9dbd95992de0fef795073f5ea83a81c?s=96&d=mm&r=g\",\"url\":\"https:\\\/\\\/secure.gravatar.com\\\/avatar\\\/b6992f131dc8d30ab0dff15446e9d346d9dbd95992de0fef795073f5ea83a81c?s=96&d=mm&r=g\",\"contentUrl\":\"https:\\\/\\\/secure.gravatar.com\\\/avatar\\\/b6992f131dc8d30ab0dff15446e9d346d9dbd95992de0fef795073f5ea83a81c?s=96&d=mm&r=g\",\"caption\":\"La Gu\u00eda de Pamplona\"}}]}<\/script>\n<!-- \/ Yoast SEO plugin. -->","yoast_head_json":{"title":"Gerencia de Urbanismo tratar\u00e1 el lunes la adjudicaci\u00f3n de las obras de la segunda fase de la urbanizaci\u00f3n de Azpilaga\u00f1a Sur, que se prev\u00e9 comenzar esta primavera","description":"Se construir\u00e1 un nuevo vial con su conexi\u00f3n con la avenida de Zaragoza y se completar\u00e1n las infraestructuras para los servicios previstos en la zona","robots":{"index":"index","follow":"follow","max-snippet":"max-snippet:-1","max-image-preview":"max-image-preview:large","max-video-preview":"max-video-preview:-1"},"canonical":"https:\/\/www.laguiadepamplona.com\/actualidad\/gerencia-de-urbanismo-tratara-el-lunes-la-adjudicacion-de-las-obras-de-la-segunda-fase-de-la-urbanizacion-de-azpilagana-sur-que-se-preve-comenzar-esta-primavera\/","og_locale":"es_ES","og_type":"article","og_title":"Gerencia de Urbanismo tratar\u00e1 el lunes la adjudicaci\u00f3n de las obras de la segunda fase de la urbanizaci\u00f3n de Azpilaga\u00f1a Sur, que se prev\u00e9 comenzar esta primavera","og_description":"Se construir\u00e1 un nuevo vial con su conexi\u00f3n con la avenida de Zaragoza y se completar\u00e1n las infraestructuras para los servicios previstos en la zona","og_url":"https:\/\/www.laguiadepamplona.com\/actualidad\/gerencia-de-urbanismo-tratara-el-lunes-la-adjudicacion-de-las-obras-de-la-segunda-fase-de-la-urbanizacion-de-azpilagana-sur-que-se-preve-comenzar-esta-primavera\/","og_site_name":"La Gu\u00eda de Pamplona","article_publisher":"https:\/\/www.facebook.com\/laguiadepamplonacom-133175176762273\/?ref=hl","article_published_time":"2023-03-31T15:51:08+00:00","article_modified_time":"2023-04-11T09:46:54+00:00","og_image":[{"width":1371,"height":1012,"url":"https:\/\/www.laguiadepamplona.com\/actualidad\/wp-content\/uploads\/2023\/03\/azpilagana_sur_segunda_fse.webp","type":"image\/webp"}],"author":"La Gu\u00eda de Pamplona","twitter_card":"summary_large_image","twitter_creator":"@LaGuiadPamplona","twitter_site":"@LaGuiadPamplona","twitter_misc":{"Escrito por":"La Gu\u00eda de Pamplona","Tiempo de lectura":"2 minutos"},"schema":{"@context":"https:\/\/schema.org","@graph":[{"@type":"Article","@id":"https:\/\/www.laguiadepamplona.com\/actualidad\/gerencia-de-urbanismo-tratara-el-lunes-la-adjudicacion-de-las-obras-de-la-segunda-fase-de-la-urbanizacion-de-azpilagana-sur-que-se-preve-comenzar-esta-primavera\/#article","isPartOf":{"@id":"https:\/\/www.laguiadepamplona.com\/actualidad\/gerencia-de-urbanismo-tratara-el-lunes-la-adjudicacion-de-las-obras-de-la-segunda-fase-de-la-urbanizacion-de-azpilagana-sur-que-se-preve-comenzar-esta-primavera\/"},"author":{"name":"La Gu\u00eda de Pamplona","@id":"https:\/\/www.laguiadepamplona.com\/actualidad\/#\/schema\/person\/efe887376f0213d4657c93adc50b1fdb"},"headline":"Gerencia de Urbanismo tratar\u00e1 el lunes la adjudicaci\u00f3n de las obras de la segunda fase de la urbanizaci\u00f3n de Azpilaga\u00f1a Sur, que se prev\u00e9 comenzar esta primavera","datePublished":"2023-03-31T15:51:08+00:00","dateModified":"2023-04-11T09:46:54+00:00","mainEntityOfPage":{"@id":"https:\/\/www.laguiadepamplona.com\/actualidad\/gerencia-de-urbanismo-tratara-el-lunes-la-adjudicacion-de-las-obras-de-la-segunda-fase-de-la-urbanizacion-de-azpilagana-sur-que-se-preve-comenzar-esta-primavera\/"},"wordCount":461,"commentCount":0,"publisher":{"@id":"https:\/\/www.laguiadepamplona.com\/actualidad\/#organization"},"image":{"@id":"https:\/\/www.laguiadepamplona.com\/actualidad\/gerencia-de-urbanismo-tratara-el-lunes-la-adjudicacion-de-las-obras-de-la-segunda-fase-de-la-urbanizacion-de-azpilagana-sur-que-se-preve-comenzar-esta-primavera\/#primaryimage"},"thumbnailUrl":"https:\/\/www.laguiadepamplona.com\/actualidad\/wp-content\/uploads\/2023\/03\/azpilagana_sur_segunda_fse.webp","articleSection":["Ayto Pamplona"],"inLanguage":"es","potentialAction":[{"@type":"CommentAction","name":"Comment","target":["https:\/\/www.laguiadepamplona.com\/actualidad\/gerencia-de-urbanismo-tratara-el-lunes-la-adjudicacion-de-las-obras-de-la-segunda-fase-de-la-urbanizacion-de-azpilagana-sur-que-se-preve-comenzar-esta-primavera\/#respond"]}]},{"@type":"WebPage","@id":"https:\/\/www.laguiadepamplona.com\/actualidad\/gerencia-de-urbanismo-tratara-el-lunes-la-adjudicacion-de-las-obras-de-la-segunda-fase-de-la-urbanizacion-de-azpilagana-sur-que-se-preve-comenzar-esta-primavera\/","url":"https:\/\/www.laguiadepamplona.com\/actualidad\/gerencia-de-urbanismo-tratara-el-lunes-la-adjudicacion-de-las-obras-de-la-segunda-fase-de-la-urbanizacion-de-azpilagana-sur-que-se-preve-comenzar-esta-primavera\/","name":"Gerencia de Urbanismo tratar\u00e1 el lunes la adjudicaci\u00f3n de las obras de la segunda fase de la urbanizaci\u00f3n de Azpilaga\u00f1a Sur, que se prev\u00e9 comenzar esta primavera","isPartOf":{"@id":"https:\/\/www.laguiadepamplona.com\/actualidad\/#website"},"primaryImageOfPage":{"@id":"https:\/\/www.laguiadepamplona.com\/actualidad\/gerencia-de-urbanismo-tratara-el-lunes-la-adjudicacion-de-las-obras-de-la-segunda-fase-de-la-urbanizacion-de-azpilagana-sur-que-se-preve-comenzar-esta-primavera\/#primaryimage"},"image":{"@id":"https:\/\/www.laguiadepamplona.com\/actualidad\/gerencia-de-urbanismo-tratara-el-lunes-la-adjudicacion-de-las-obras-de-la-segunda-fase-de-la-urbanizacion-de-azpilagana-sur-que-se-preve-comenzar-esta-primavera\/#primaryimage"},"thumbnailUrl":"https:\/\/www.laguiadepamplona.com\/actualidad\/wp-content\/uploads\/2023\/03\/azpilagana_sur_segunda_fse.webp","datePublished":"2023-03-31T15:51:08+00:00","dateModified":"2023-04-11T09:46:54+00:00","description":"Se construir\u00e1 un nuevo vial con su conexi\u00f3n con la avenida de Zaragoza y se completar\u00e1n las infraestructuras para los servicios previstos en la zona","breadcrumb":{"@id":"https:\/\/www.laguiadepamplona.com\/actualidad\/gerencia-de-urbanismo-tratara-el-lunes-la-adjudicacion-de-las-obras-de-la-segunda-fase-de-la-urbanizacion-de-azpilagana-sur-que-se-preve-comenzar-esta-primavera\/#breadcrumb"},"inLanguage":"es","potentialAction":[{"@type":"ReadAction","target":["https:\/\/www.laguiadepamplona.com\/actualidad\/gerencia-de-urbanismo-tratara-el-lunes-la-adjudicacion-de-las-obras-de-la-segunda-fase-de-la-urbanizacion-de-azpilagana-sur-que-se-preve-comenzar-esta-primavera\/"]}]},{"@type":"ImageObject","inLanguage":"es","@id":"https:\/\/www.laguiadepamplona.com\/actualidad\/gerencia-de-urbanismo-tratara-el-lunes-la-adjudicacion-de-las-obras-de-la-segunda-fase-de-la-urbanizacion-de-azpilagana-sur-que-se-preve-comenzar-esta-primavera\/#primaryimage","url":"https:\/\/www.laguiadepamplona.com\/actualidad\/wp-content\/uploads\/2023\/03\/azpilagana_sur_segunda_fse.webp","contentUrl":"https:\/\/www.laguiadepamplona.com\/actualidad\/wp-content\/uploads\/2023\/03\/azpilagana_sur_segunda_fse.webp","width":1371,"height":1012},{"@type":"BreadcrumbList","@id":"https:\/\/www.laguiadepamplona.com\/actualidad\/gerencia-de-urbanismo-tratara-el-lunes-la-adjudicacion-de-las-obras-de-la-segunda-fase-de-la-urbanizacion-de-azpilagana-sur-que-se-preve-comenzar-esta-primavera\/#breadcrumb","itemListElement":[{"@type":"ListItem","position":1,"name":"Portada","item":"https:\/\/www.laguiadepamplona.com\/actualidad\/"},{"@type":"ListItem","position":2,"name":"Gerencia de Urbanismo tratar\u00e1 el lunes la adjudicaci\u00f3n de las obras de la segunda fase de la urbanizaci\u00f3n de Azpilaga\u00f1a Sur, que se prev\u00e9 comenzar esta primavera"}]},{"@type":"WebSite","@id":"https:\/\/www.laguiadepamplona.com\/actualidad\/#website","url":"https:\/\/www.laguiadepamplona.com\/actualidad\/","name":"La gu\u00eda de Pamplona","description":"Noticias de Pamplona","publisher":{"@id":"https:\/\/www.laguiadepamplona.com\/actualidad\/#organization"},"potentialAction":[{"@type":"SearchAction","target":{"@type":"EntryPoint","urlTemplate":"https:\/\/www.laguiadepamplona.com\/actualidad\/?s={search_term_string}"},"query-input":{"@type":"PropertyValueSpecification","valueRequired":true,"valueName":"search_term_string"}}],"inLanguage":"es"},{"@type":"Organization","@id":"https:\/\/www.laguiadepamplona.com\/actualidad\/#organization","name":"La Gu\u00eda de Pamplona \/ Noticias","url":"https:\/\/www.laguiadepamplona.com\/actualidad\/","logo":{"@type":"ImageObject","inLanguage":"es","@id":"https:\/\/www.laguiadepamplona.com\/actualidad\/#\/schema\/logo\/image\/","url":"https:\/\/www.laguiadepamplona.com\/actualidad\/wp-content\/uploads\/2018\/11\/logo-laguiadepamplona18-web1.png","contentUrl":"https:\/\/www.laguiadepamplona.com\/actualidad\/wp-content\/uploads\/2018\/11\/logo-laguiadepamplona18-web1.png","width":600,"height":196,"caption":"La Gu\u00eda de Pamplona \/ Noticias"},"image":{"@id":"https:\/\/www.laguiadepamplona.com\/actualidad\/#\/schema\/logo\/image\/"},"sameAs":["https:\/\/www.facebook.com\/laguiadepamplonacom-133175176762273\/?ref=hl","https:\/\/x.com\/LaGuiadPamplona","https:\/\/www.instagram.com\/la_guia_de_pamplona\/","https:\/\/www.youtube.com\/user\/laguiadepamplona"]},{"@type":"Person","@id":"https:\/\/www.laguiadepamplona.com\/actualidad\/#\/schema\/person\/efe887376f0213d4657c93adc50b1fdb","name":"La Gu\u00eda de Pamplona","image":{"@type":"ImageObject","inLanguage":"es","@id":"https:\/\/secure.gravatar.com\/avatar\/b6992f131dc8d30ab0dff15446e9d346d9dbd95992de0fef795073f5ea83a81c?s=96&d=mm&r=g","url":"https:\/\/secure.gravatar.com\/avatar\/b6992f131dc8d30ab0dff15446e9d346d9dbd95992de0fef795073f5ea83a81c?s=96&d=mm&r=g","contentUrl":"https:\/\/secure.gravatar.com\/avatar\/b6992f131dc8d30ab0dff15446e9d346d9dbd95992de0fef795073f5ea83a81c?s=96&d=mm&r=g","caption":"La Gu\u00eda de Pamplona"}}]}},"post_mailing_queue_ids":[],"_links":{"self":[{"href":"https:\/\/www.laguiadepamplona.com\/actualidad\/wp-json\/wp\/v2\/posts\/43398","targetHints":{"allow":["GET"]}}],"collection":[{"href":"https:\/\/www.laguiadepamplona.com\/actualidad\/wp-json\/wp\/v2\/posts"}],"about":[{"href":"https:\/\/www.laguiadepamplona.com\/actualidad\/wp-json\/wp\/v2\/types\/post"}],"author":[{"embeddable":true,"href":"https:\/\/www.laguiadepamplona.com\/actualidad\/wp-json\/wp\/v2\/users\/1"}],"replies":[{"embeddable":true,"href":"https:\/\/www.laguiadepamplona.com\/actualidad\/wp-json\/wp\/v2\/comments?post=43398"}],"version-history":[{"count":0,"href":"https:\/\/www.laguiadepamplona.com\/actualidad\/wp-json\/wp\/v2\/posts\/43398\/revisions"}],"wp:featuredmedia":[{"embeddable":true,"href":"https:\/\/www.laguiadepamplona.com\/actualidad\/wp-json\/wp\/v2\/media\/43399"}],"wp:attachment":[{"href":"https:\/\/www.laguiadepamplona.com\/actualidad\/wp-json\/wp\/v2\/media?parent=43398"}],"wp:term":[{"taxonomy":"category","embeddable":true,"href":"https:\/\/www.laguiadepamplona.com\/actualidad\/wp-json\/wp\/v2\/categories?post=43398"},{"taxonomy":"post_tag","embeddable":true,"href":"https:\/\/www.laguiadepamplona.com\/actualidad\/wp-json\/wp\/v2\/tags?post=43398"}],"curies":[{"name":"wp","href":"https:\/\/api.w.org\/{rel}","templated":true}]}}