{"id":43390,"date":"2023-03-31T17:49:22","date_gmt":"2023-03-31T15:49:22","guid":{"rendered":"https:\/\/www.laguiadepamplona.com\/actualidad\/?p=43390"},"modified":"2023-04-11T11:46:54","modified_gmt":"2023-04-11T09:46:54","slug":"la-campana-turistica-pamplona-como-me-gustas-invita-a-compartir-sus-rincones-su-patrimonio-y-su-gastronomia-durante-esta-semana-santa","status":"publish","type":"post","link":"https:\/\/www.laguiadepamplona.com\/actualidad\/la-campana-turistica-pamplona-como-me-gustas-invita-a-compartir-sus-rincones-su-patrimonio-y-su-gastronomia-durante-esta-semana-santa\/","title":{"rendered":"La campa\u00f1a tur\u00edstica \u2018Pamplona \u00a1c\u00f3mo me gustas!\u2019 invita a compartir sus rincones, su patrimonio y su gastronom\u00eda durante esta Semana Santa"},"content":{"rendered":"<h5>Se han editado 8.000 postales para que los turistas las puedas enviar, adem\u00e1s de material para compartir en redes sociales<\/h5>\n<p><!--more--><\/p>\n<p>\u2018Pamplona \u00a1c\u00f3mo me gustas!\u2019 es la campa\u00f1a con la que el Ayuntamiento invita a quienes vayan a visitar la ciudad durante la Semana Santa a compartir sus rincones, su gastronom\u00eda, el Camino de Santiago o los Sanfermines. Adem\u00e1s de acciones en redes sociales y publicidad en soportes exteriores de la ciudad, se han editado 8.000 postales para que los turistas las puedan enviar contando las experiencias y lo vivido en sus d\u00edas en Pamplona.<\/p>\n<p>Esta nueva campa\u00f1a centra los hitos tur\u00edsticos de la ciudad en seis conceptos: patrimonio, rincones de Pamplona, Camino de Santiago, Sanfermines, gastronom\u00eda y turismo sostenible. Estos seis ejes muestran una ciudad que a\u00fana tradici\u00f3n y modernidad, con vestigios de su historia milenaria, con unas fiestas conocidas en todo el mundo, pero tambi\u00e9n pensada para las personas, viva, verde, con muchos parques y jardines, sostenible y con una gran variedad gastron\u00f3mica.<br \/>\n<script async src=\"\/\/pagead2.googlesyndication.com\/pagead\/js\/adsbygoogle.js\"><\/script><br \/>\n<!-- Noticias La Guia de Pamplona --><br \/>\n<ins class=\"adsbygoogle\"\nstyle=\"display:block\"\ndata-ad-client=\"ca-pub-6943679897239327\"\ndata-ad-slot=\"7048180777\"\ndata-ad-format=\"auto\"><\/ins><br \/>\n<script>\n(adsbygoogle = window.adsbygoogle || []).push({});\n<\/script><\/p>\n<p>El Ayuntamiento de Pamplona ha editado 8.000 postales que se han repartido en la Oficina de Turismo y otros puntos tur\u00edsticos con diferentes im\u00e1genes de esos seis hitos tem\u00e1ticos de la ciudad. Tanto las postales como la carteler\u00eda y los materiales para las redes sociales muestran, por ejemplo, el paseo de Ronda, la Ciudadela, el claustro de la Catedral, un grupo de pinchos por la Estafeta o un recorrido en bici el\u00e9ctrica por el parque fluvial del Arga, lugares y actividades imprescindibles para todas aquellas personas que se acerquen a Pamplona estos d\u00edas.<\/p>\n<p>La campa\u00f1a se difundir\u00e1 a trav\u00e9s de los perfiles del Ayuntamiento de Pamplona en diferentes redes sociales y en los soportes de informaci\u00f3n municipal en la v\u00eda p\u00fablica, tanto en los mupis como en los ed\u00edculos de entrada a aparcamientos del centro de la ciudad.<\/p>\n<div id='gallery-1' class='gallery galleryid-43390 gallery-columns-3 gallery-size-medium'><figure class='gallery-item'>\n\t\t\t<div class='gallery-icon landscape'>\n\t\t\t\t<a href='https:\/\/www.laguiadepamplona.com\/actualidad\/wp-content\/uploads\/2023\/03\/catedral.webp'><img loading=\"lazy\" decoding=\"async\" width=\"435\" height=\"300\" src=\"https:\/\/www.laguiadepamplona.com\/actualidad\/wp-content\/uploads\/2023\/03\/catedral-435x300.webp\" class=\"attachment-medium size-medium\" alt=\"\" srcset=\"https:\/\/www.laguiadepamplona.com\/actualidad\/wp-content\/uploads\/2023\/03\/catedral-435x300.webp 435w, https:\/\/www.laguiadepamplona.com\/actualidad\/wp-content\/uploads\/2023\/03\/catedral-989x682.webp 989w, https:\/\/www.laguiadepamplona.com\/actualidad\/wp-content\/uploads\/2023\/03\/catedral-768x529.webp 768w, https:\/\/www.laguiadepamplona.com\/actualidad\/wp-content\/uploads\/2023\/03\/catedral-640x441.webp 640w, https:\/\/www.laguiadepamplona.com\/actualidad\/wp-content\/uploads\/2023\/03\/catedral.webp 1101w\" sizes=\"auto, (max-width: 435px) 100vw, 435px\" \/><\/a>\n\t\t\t<\/div><\/figure><figure class='gallery-item'>\n\t\t\t<div class='gallery-icon landscape'>\n\t\t\t\t<a href='https:\/\/www.laguiadepamplona.com\/actualidad\/wp-content\/uploads\/2023\/03\/ciudadela_1.webp'><img loading=\"lazy\" decoding=\"async\" width=\"433\" height=\"300\" src=\"https:\/\/www.laguiadepamplona.com\/actualidad\/wp-content\/uploads\/2023\/03\/ciudadela_1-433x300.webp\" class=\"attachment-medium size-medium\" alt=\"\" srcset=\"https:\/\/www.laguiadepamplona.com\/actualidad\/wp-content\/uploads\/2023\/03\/ciudadela_1-433x300.webp 433w, https:\/\/www.laguiadepamplona.com\/actualidad\/wp-content\/uploads\/2023\/03\/ciudadela_1-985x682.webp 985w, https:\/\/www.laguiadepamplona.com\/actualidad\/wp-content\/uploads\/2023\/03\/ciudadela_1-768x532.webp 768w, https:\/\/www.laguiadepamplona.com\/actualidad\/wp-content\/uploads\/2023\/03\/ciudadela_1-640x443.webp 640w, https:\/\/www.laguiadepamplona.com\/actualidad\/wp-content\/uploads\/2023\/03\/ciudadela_1-1100x763.webp 1100w, https:\/\/www.laguiadepamplona.com\/actualidad\/wp-content\/uploads\/2023\/03\/ciudadela_1.webp 1102w\" sizes=\"auto, (max-width: 433px) 100vw, 433px\" \/><\/a>\n\t\t\t<\/div><\/figure><figure class='gallery-item'>\n\t\t\t<div class='gallery-icon landscape'>\n\t\t\t\t<a href='https:\/\/www.laguiadepamplona.com\/actualidad\/wp-content\/uploads\/2023\/03\/gastronomia.webp'><img loading=\"lazy\" decoding=\"async\" width=\"433\" height=\"300\" src=\"https:\/\/www.laguiadepamplona.com\/actualidad\/wp-content\/uploads\/2023\/03\/gastronomia-433x300.webp\" class=\"attachment-medium size-medium\" alt=\"\" srcset=\"https:\/\/www.laguiadepamplona.com\/actualidad\/wp-content\/uploads\/2023\/03\/gastronomia-433x300.webp 433w, https:\/\/www.laguiadepamplona.com\/actualidad\/wp-content\/uploads\/2023\/03\/gastronomia-985x682.webp 985w, https:\/\/www.laguiadepamplona.com\/actualidad\/wp-content\/uploads\/2023\/03\/gastronomia-768x532.webp 768w, https:\/\/www.laguiadepamplona.com\/actualidad\/wp-content\/uploads\/2023\/03\/gastronomia-640x443.webp 640w, https:\/\/www.laguiadepamplona.com\/actualidad\/wp-content\/uploads\/2023\/03\/gastronomia.webp 1099w\" sizes=\"auto, (max-width: 433px) 100vw, 433px\" \/><\/a>\n\t\t\t<\/div><\/figure><figure class='gallery-item'>\n\t\t\t<div class='gallery-icon landscape'>\n\t\t\t\t<a href='https:\/\/www.laguiadepamplona.com\/actualidad\/wp-content\/uploads\/2023\/03\/ronda.webp'><img loading=\"lazy\" decoding=\"async\" width=\"436\" height=\"300\" src=\"https:\/\/www.laguiadepamplona.com\/actualidad\/wp-content\/uploads\/2023\/03\/ronda-436x300.webp\" class=\"attachment-medium size-medium\" alt=\"\" srcset=\"https:\/\/www.laguiadepamplona.com\/actualidad\/wp-content\/uploads\/2023\/03\/ronda-436x300.webp 436w, https:\/\/www.laguiadepamplona.com\/actualidad\/wp-content\/uploads\/2023\/03\/ronda-992x682.webp 992w, https:\/\/www.laguiadepamplona.com\/actualidad\/wp-content\/uploads\/2023\/03\/ronda-768x528.webp 768w, https:\/\/www.laguiadepamplona.com\/actualidad\/wp-content\/uploads\/2023\/03\/ronda-640x440.webp 640w, https:\/\/www.laguiadepamplona.com\/actualidad\/wp-content\/uploads\/2023\/03\/ronda.webp 1095w\" sizes=\"auto, (max-width: 436px) 100vw, 436px\" \/><\/a>\n\t\t\t<\/div><\/figure><figure class='gallery-item'>\n\t\t\t<div class='gallery-icon landscape'>\n\t\t\t\t<a href='https:\/\/www.laguiadepamplona.com\/actualidad\/wp-content\/uploads\/2023\/03\/sanfermin_0.webp'><img loading=\"lazy\" decoding=\"async\" width=\"432\" height=\"300\" src=\"https:\/\/www.laguiadepamplona.com\/actualidad\/wp-content\/uploads\/2023\/03\/sanfermin_0-432x300.webp\" class=\"attachment-medium size-medium\" alt=\"\" srcset=\"https:\/\/www.laguiadepamplona.com\/actualidad\/wp-content\/uploads\/2023\/03\/sanfermin_0-432x300.webp 432w, https:\/\/www.laguiadepamplona.com\/actualidad\/wp-content\/uploads\/2023\/03\/sanfermin_0-982x682.webp 982w, https:\/\/www.laguiadepamplona.com\/actualidad\/wp-content\/uploads\/2023\/03\/sanfermin_0-768x533.webp 768w, https:\/\/www.laguiadepamplona.com\/actualidad\/wp-content\/uploads\/2023\/03\/sanfermin_0-640x444.webp 640w, https:\/\/www.laguiadepamplona.com\/actualidad\/wp-content\/uploads\/2023\/03\/sanfermin_0.webp 1093w\" sizes=\"auto, (max-width: 432px) 100vw, 432px\" \/><\/a>\n\t\t\t<\/div><\/figure><figure class='gallery-item'>\n\t\t\t<div class='gallery-icon landscape'>\n\t\t\t\t<a href='https:\/\/www.laguiadepamplona.com\/actualidad\/wp-content\/uploads\/2023\/03\/arga.webp'><img loading=\"lazy\" decoding=\"async\" width=\"432\" height=\"300\" src=\"https:\/\/www.laguiadepamplona.com\/actualidad\/wp-content\/uploads\/2023\/03\/arga-432x300.webp\" class=\"attachment-medium size-medium\" alt=\"\" srcset=\"https:\/\/www.laguiadepamplona.com\/actualidad\/wp-content\/uploads\/2023\/03\/arga-432x300.webp 432w, https:\/\/www.laguiadepamplona.com\/actualidad\/wp-content\/uploads\/2023\/03\/arga-982x682.webp 982w, https:\/\/www.laguiadepamplona.com\/actualidad\/wp-content\/uploads\/2023\/03\/arga-768x533.webp 768w, https:\/\/www.laguiadepamplona.com\/actualidad\/wp-content\/uploads\/2023\/03\/arga-640x444.webp 640w, https:\/\/www.laguiadepamplona.com\/actualidad\/wp-content\/uploads\/2023\/03\/arga.webp 1096w\" sizes=\"auto, (max-width: 432px) 100vw, 432px\" \/><\/a>\n\t\t\t<\/div><\/figure>\n\t\t<\/div>\n\n<script async src=\"\/\/pagead2.googlesyndication.com\/pagead\/js\/adsbygoogle.js\"><\/script><br \/>\n<!-- Noticias La Guia de Pamplona --><br \/>\n<ins class=\"adsbygoogle\"\nstyle=\"display:block\"\ndata-ad-client=\"ca-pub-6943679897239327\"\ndata-ad-slot=\"7048180777\"\ndata-ad-format=\"auto\"><\/ins><br \/>\n<script>\n(adsbygoogle = window.adsbygoogle || []).push({});\n<\/script><\/p>\n<p>&nbsp;<\/p>\n<h3>\u2018Pamplona \u00a1c\u00f3mo me gustas!\u2019<\/h3>\n<ul>\n<li><strong>Paseo Ronda. <\/strong>Pamplona \u00a1c\u00f3mo de gustas!<\/li>\n<li>Y qu\u00e9 magia tiene cada uno de tus rincones. Como este Paseo de Ronda, en el que la historia de una ciudad amurallada se funde con la vista que nos ofrece de una ciudad a la vanguardia que sabe cuidar de su entorno natural. Disfruta de Pamplona.<\/li>\n<\/ul>\n<p>&nbsp;<\/p>\n<ul>\n<li><strong>Ciudadela. <\/strong>Pamplona \u00a1c\u00f3mo de gustas!<\/li>\n<li>Te mire desde donde te mire. Como en esta vista a\u00e9rea de la Ciudadela que nos recuerda nuestros or\u00edgenes y que hoy acoge en su interior gran variedad de cultura y arte. Disfruta de Pamplona.<\/li>\n<\/ul>\n<p>&nbsp;<\/p>\n<ul>\n<li><strong>Catedral. <\/strong>Pamplona \u00a1c\u00f3mo de gustas!<\/li>\n<li>Y cu\u00e1ntas historias podr\u00eda contarnos cada uno de tus lugares emblem\u00e1ticos. Como la Catedral de Pamplona, que es el lugar por excelencia de bienvenida a la primera ciudad del Camino de Santiago Franc\u00e9s. Disfruta de Pamplona.<\/li>\n<\/ul>\n<p>&nbsp;<\/p>\n<ul>\n<li><strong>Sanfermines.<\/strong> Pamplona \u00a1c\u00f3mo de gustas!<\/li>\n<li>Y qu\u00e9 fiestas m\u00e1s especiales nos regalas. C\u00f3mo no hablar de los Sanfermines y a la vez decir que no pueden explicarse solo con palabras. Porque los Sanfermines se bailan, se cantan, se corren, se comen, se beben, se sienten\u2026 en definitiva, se viven. Disfruta de Pamplona.<\/li>\n<\/ul>\n<p>&nbsp;<\/p>\n<ul>\n<li><strong>Gastronom\u00eda. <\/strong>Pamplona \u00a1c\u00f3mo de gustas!<\/li>\n<li>Y qu\u00e9 bien sabes. Porque nuestra tierra es diversa y te ofrece los mejores productos. Siempre en torno a una mesa, barra o juntando copas y corazones en un brindis, la gastronom\u00eda de nuestra ciudad te invita a disfrutar con cada sentido. Disfruta de Pamplona.<\/li>\n<\/ul>\n<p>&nbsp;<\/p>\n<ul>\n<li><strong>Bicis en el Arga<\/strong>. Pamplona \u00a1c\u00f3mo de gustas!<\/li>\n<li>Y qu\u00e9 bien te cuidas. Pamplona hoy es una ciudad que apuesta por la movilidad sostenible para cuidar a la ciudad y sus recursos naturales, pero tambi\u00e9n a la ciudadan\u00eda y su salud. Una ciudad moderna, verde. Una ciudad viva, c\u00f3moda y respetuosa. Disfruta de Pamplona.<\/li>\n<\/ul>\n","protected":false},"excerpt":{"rendered":"<p>Se han editado 8.000 postales para que los turistas las puedas enviar, adem\u00e1s de material para compartir en redes sociales<\/p>\n","protected":false},"author":1,"featured_media":43392,"comment_status":"open","ping_status":"closed","sticky":false,"template":"","format":"standard","meta":{"footnotes":""},"categories":[2],"tags":[],"class_list":["post-43390","post","type-post","status-publish","format-standard","has-post-thumbnail","hentry","category-ayuntamiento-pamplona"],"yoast_head":"<!-- This site is optimized with the Yoast SEO plugin v27.3 - https:\/\/yoast.com\/product\/yoast-seo-wordpress\/ -->\n<title>La campa\u00f1a tur\u00edstica \u2018Pamplona \u00a1c\u00f3mo me gustas!\u2019 invita a compartir sus rincones, su patrimonio y su gastronom\u00eda durante esta Semana Santa<\/title>\n<meta name=\"description\" content=\"Se han editado 8.000 postales para que los turistas las puedas enviar, adem\u00e1s de material para compartir en redes sociales\" \/>\n<meta name=\"robots\" content=\"index, follow, max-snippet:-1, max-image-preview:large, max-video-preview:-1\" \/>\n<link rel=\"canonical\" href=\"https:\/\/www.laguiadepamplona.com\/actualidad\/la-campana-turistica-pamplona-como-me-gustas-invita-a-compartir-sus-rincones-su-patrimonio-y-su-gastronomia-durante-esta-semana-santa\/\" \/>\n<meta property=\"og:locale\" content=\"es_ES\" \/>\n<meta property=\"og:type\" content=\"article\" \/>\n<meta property=\"og:title\" content=\"La campa\u00f1a tur\u00edstica \u2018Pamplona \u00a1c\u00f3mo me gustas!\u2019 invita a compartir sus rincones, su patrimonio y su gastronom\u00eda durante esta Semana Santa\" \/>\n<meta property=\"og:description\" content=\"Se han editado 8.000 postales para que los turistas las puedas enviar, adem\u00e1s de material para compartir en redes sociales\" \/>\n<meta property=\"og:url\" content=\"https:\/\/www.laguiadepamplona.com\/actualidad\/la-campana-turistica-pamplona-como-me-gustas-invita-a-compartir-sus-rincones-su-patrimonio-y-su-gastronomia-durante-esta-semana-santa\/\" \/>\n<meta property=\"og:site_name\" content=\"La Gu\u00eda de Pamplona\" \/>\n<meta property=\"article:publisher\" content=\"https:\/\/www.facebook.com\/laguiadepamplonacom-133175176762273\/?ref=hl\" \/>\n<meta property=\"article:published_time\" content=\"2023-03-31T15:49:22+00:00\" \/>\n<meta property=\"article:modified_time\" content=\"2023-04-11T09:46:54+00:00\" \/>\n<meta property=\"og:image\" content=\"https:\/\/www.laguiadepamplona.com\/actualidad\/wp-content\/uploads\/2023\/03\/ciudadela_1.webp\" \/>\n\t<meta property=\"og:image:width\" content=\"1102\" \/>\n\t<meta property=\"og:image:height\" content=\"763\" \/>\n\t<meta property=\"og:image:type\" content=\"image\/webp\" \/>\n<meta name=\"author\" content=\"La Gu\u00eda de Pamplona\" \/>\n<meta name=\"twitter:card\" content=\"summary_large_image\" \/>\n<meta name=\"twitter:creator\" content=\"@LaGuiadPamplona\" \/>\n<meta name=\"twitter:site\" content=\"@LaGuiadPamplona\" \/>\n<meta name=\"twitter:label1\" content=\"Escrito por\" \/>\n\t<meta name=\"twitter:data1\" content=\"La Gu\u00eda de Pamplona\" \/>\n\t<meta name=\"twitter:label2\" content=\"Tiempo de lectura\" \/>\n\t<meta name=\"twitter:data2\" content=\"3 minutos\" \/>\n<script type=\"application\/ld+json\" class=\"yoast-schema-graph\">{\"@context\":\"https:\\\/\\\/schema.org\",\"@graph\":[{\"@type\":\"Article\",\"@id\":\"https:\\\/\\\/www.laguiadepamplona.com\\\/actualidad\\\/la-campana-turistica-pamplona-como-me-gustas-invita-a-compartir-sus-rincones-su-patrimonio-y-su-gastronomia-durante-esta-semana-santa\\\/#article\",\"isPartOf\":{\"@id\":\"https:\\\/\\\/www.laguiadepamplona.com\\\/actualidad\\\/la-campana-turistica-pamplona-como-me-gustas-invita-a-compartir-sus-rincones-su-patrimonio-y-su-gastronomia-durante-esta-semana-santa\\\/\"},\"author\":{\"name\":\"La Gu\u00eda de Pamplona\",\"@id\":\"https:\\\/\\\/www.laguiadepamplona.com\\\/actualidad\\\/#\\\/schema\\\/person\\\/efe887376f0213d4657c93adc50b1fdb\"},\"headline\":\"La campa\u00f1a tur\u00edstica \u2018Pamplona \u00a1c\u00f3mo me gustas!\u2019 invita a compartir sus rincones, su patrimonio y su gastronom\u00eda durante esta Semana Santa\",\"datePublished\":\"2023-03-31T15:49:22+00:00\",\"dateModified\":\"2023-04-11T09:46:54+00:00\",\"mainEntityOfPage\":{\"@id\":\"https:\\\/\\\/www.laguiadepamplona.com\\\/actualidad\\\/la-campana-turistica-pamplona-como-me-gustas-invita-a-compartir-sus-rincones-su-patrimonio-y-su-gastronomia-durante-esta-semana-santa\\\/\"},\"wordCount\":675,\"commentCount\":0,\"publisher\":{\"@id\":\"https:\\\/\\\/www.laguiadepamplona.com\\\/actualidad\\\/#organization\"},\"image\":{\"@id\":\"https:\\\/\\\/www.laguiadepamplona.com\\\/actualidad\\\/la-campana-turistica-pamplona-como-me-gustas-invita-a-compartir-sus-rincones-su-patrimonio-y-su-gastronomia-durante-esta-semana-santa\\\/#primaryimage\"},\"thumbnailUrl\":\"https:\\\/\\\/www.laguiadepamplona.com\\\/actualidad\\\/wp-content\\\/uploads\\\/2023\\\/03\\\/ciudadela_1.webp\",\"articleSection\":[\"Ayto Pamplona\"],\"inLanguage\":\"es\",\"potentialAction\":[{\"@type\":\"CommentAction\",\"name\":\"Comment\",\"target\":[\"https:\\\/\\\/www.laguiadepamplona.com\\\/actualidad\\\/la-campana-turistica-pamplona-como-me-gustas-invita-a-compartir-sus-rincones-su-patrimonio-y-su-gastronomia-durante-esta-semana-santa\\\/#respond\"]}]},{\"@type\":\"WebPage\",\"@id\":\"https:\\\/\\\/www.laguiadepamplona.com\\\/actualidad\\\/la-campana-turistica-pamplona-como-me-gustas-invita-a-compartir-sus-rincones-su-patrimonio-y-su-gastronomia-durante-esta-semana-santa\\\/\",\"url\":\"https:\\\/\\\/www.laguiadepamplona.com\\\/actualidad\\\/la-campana-turistica-pamplona-como-me-gustas-invita-a-compartir-sus-rincones-su-patrimonio-y-su-gastronomia-durante-esta-semana-santa\\\/\",\"name\":\"La campa\u00f1a tur\u00edstica \u2018Pamplona \u00a1c\u00f3mo me gustas!\u2019 invita a compartir sus rincones, su patrimonio y su gastronom\u00eda durante esta Semana Santa\",\"isPartOf\":{\"@id\":\"https:\\\/\\\/www.laguiadepamplona.com\\\/actualidad\\\/#website\"},\"primaryImageOfPage\":{\"@id\":\"https:\\\/\\\/www.laguiadepamplona.com\\\/actualidad\\\/la-campana-turistica-pamplona-como-me-gustas-invita-a-compartir-sus-rincones-su-patrimonio-y-su-gastronomia-durante-esta-semana-santa\\\/#primaryimage\"},\"image\":{\"@id\":\"https:\\\/\\\/www.laguiadepamplona.com\\\/actualidad\\\/la-campana-turistica-pamplona-como-me-gustas-invita-a-compartir-sus-rincones-su-patrimonio-y-su-gastronomia-durante-esta-semana-santa\\\/#primaryimage\"},\"thumbnailUrl\":\"https:\\\/\\\/www.laguiadepamplona.com\\\/actualidad\\\/wp-content\\\/uploads\\\/2023\\\/03\\\/ciudadela_1.webp\",\"datePublished\":\"2023-03-31T15:49:22+00:00\",\"dateModified\":\"2023-04-11T09:46:54+00:00\",\"description\":\"Se han editado 8.000 postales para que los turistas las puedas enviar, adem\u00e1s de material para compartir en redes sociales\",\"breadcrumb\":{\"@id\":\"https:\\\/\\\/www.laguiadepamplona.com\\\/actualidad\\\/la-campana-turistica-pamplona-como-me-gustas-invita-a-compartir-sus-rincones-su-patrimonio-y-su-gastronomia-durante-esta-semana-santa\\\/#breadcrumb\"},\"inLanguage\":\"es\",\"potentialAction\":[{\"@type\":\"ReadAction\",\"target\":[\"https:\\\/\\\/www.laguiadepamplona.com\\\/actualidad\\\/la-campana-turistica-pamplona-como-me-gustas-invita-a-compartir-sus-rincones-su-patrimonio-y-su-gastronomia-durante-esta-semana-santa\\\/\"]}]},{\"@type\":\"ImageObject\",\"inLanguage\":\"es\",\"@id\":\"https:\\\/\\\/www.laguiadepamplona.com\\\/actualidad\\\/la-campana-turistica-pamplona-como-me-gustas-invita-a-compartir-sus-rincones-su-patrimonio-y-su-gastronomia-durante-esta-semana-santa\\\/#primaryimage\",\"url\":\"https:\\\/\\\/www.laguiadepamplona.com\\\/actualidad\\\/wp-content\\\/uploads\\\/2023\\\/03\\\/ciudadela_1.webp\",\"contentUrl\":\"https:\\\/\\\/www.laguiadepamplona.com\\\/actualidad\\\/wp-content\\\/uploads\\\/2023\\\/03\\\/ciudadela_1.webp\",\"width\":1102,\"height\":763},{\"@type\":\"BreadcrumbList\",\"@id\":\"https:\\\/\\\/www.laguiadepamplona.com\\\/actualidad\\\/la-campana-turistica-pamplona-como-me-gustas-invita-a-compartir-sus-rincones-su-patrimonio-y-su-gastronomia-durante-esta-semana-santa\\\/#breadcrumb\",\"itemListElement\":[{\"@type\":\"ListItem\",\"position\":1,\"name\":\"Portada\",\"item\":\"https:\\\/\\\/www.laguiadepamplona.com\\\/actualidad\\\/\"},{\"@type\":\"ListItem\",\"position\":2,\"name\":\"La campa\u00f1a tur\u00edstica \u2018Pamplona \u00a1c\u00f3mo me gustas!\u2019 invita a compartir sus rincones, su patrimonio y su gastronom\u00eda durante esta Semana Santa\"}]},{\"@type\":\"WebSite\",\"@id\":\"https:\\\/\\\/www.laguiadepamplona.com\\\/actualidad\\\/#website\",\"url\":\"https:\\\/\\\/www.laguiadepamplona.com\\\/actualidad\\\/\",\"name\":\"La gu\u00eda de Pamplona\",\"description\":\"Noticias de Pamplona\",\"publisher\":{\"@id\":\"https:\\\/\\\/www.laguiadepamplona.com\\\/actualidad\\\/#organization\"},\"potentialAction\":[{\"@type\":\"SearchAction\",\"target\":{\"@type\":\"EntryPoint\",\"urlTemplate\":\"https:\\\/\\\/www.laguiadepamplona.com\\\/actualidad\\\/?s={search_term_string}\"},\"query-input\":{\"@type\":\"PropertyValueSpecification\",\"valueRequired\":true,\"valueName\":\"search_term_string\"}}],\"inLanguage\":\"es\"},{\"@type\":\"Organization\",\"@id\":\"https:\\\/\\\/www.laguiadepamplona.com\\\/actualidad\\\/#organization\",\"name\":\"La Gu\u00eda de Pamplona \\\/ Noticias\",\"url\":\"https:\\\/\\\/www.laguiadepamplona.com\\\/actualidad\\\/\",\"logo\":{\"@type\":\"ImageObject\",\"inLanguage\":\"es\",\"@id\":\"https:\\\/\\\/www.laguiadepamplona.com\\\/actualidad\\\/#\\\/schema\\\/logo\\\/image\\\/\",\"url\":\"https:\\\/\\\/www.laguiadepamplona.com\\\/actualidad\\\/wp-content\\\/uploads\\\/2018\\\/11\\\/logo-laguiadepamplona18-web1.png\",\"contentUrl\":\"https:\\\/\\\/www.laguiadepamplona.com\\\/actualidad\\\/wp-content\\\/uploads\\\/2018\\\/11\\\/logo-laguiadepamplona18-web1.png\",\"width\":600,\"height\":196,\"caption\":\"La Gu\u00eda de Pamplona \\\/ Noticias\"},\"image\":{\"@id\":\"https:\\\/\\\/www.laguiadepamplona.com\\\/actualidad\\\/#\\\/schema\\\/logo\\\/image\\\/\"},\"sameAs\":[\"https:\\\/\\\/www.facebook.com\\\/laguiadepamplonacom-133175176762273\\\/?ref=hl\",\"https:\\\/\\\/x.com\\\/LaGuiadPamplona\",\"https:\\\/\\\/www.instagram.com\\\/la_guia_de_pamplona\\\/\",\"https:\\\/\\\/www.youtube.com\\\/user\\\/laguiadepamplona\"]},{\"@type\":\"Person\",\"@id\":\"https:\\\/\\\/www.laguiadepamplona.com\\\/actualidad\\\/#\\\/schema\\\/person\\\/efe887376f0213d4657c93adc50b1fdb\",\"name\":\"La Gu\u00eda de Pamplona\",\"image\":{\"@type\":\"ImageObject\",\"inLanguage\":\"es\",\"@id\":\"https:\\\/\\\/secure.gravatar.com\\\/avatar\\\/b6992f131dc8d30ab0dff15446e9d346d9dbd95992de0fef795073f5ea83a81c?s=96&d=mm&r=g\",\"url\":\"https:\\\/\\\/secure.gravatar.com\\\/avatar\\\/b6992f131dc8d30ab0dff15446e9d346d9dbd95992de0fef795073f5ea83a81c?s=96&d=mm&r=g\",\"contentUrl\":\"https:\\\/\\\/secure.gravatar.com\\\/avatar\\\/b6992f131dc8d30ab0dff15446e9d346d9dbd95992de0fef795073f5ea83a81c?s=96&d=mm&r=g\",\"caption\":\"La Gu\u00eda de Pamplona\"}}]}<\/script>\n<!-- \/ Yoast SEO plugin. -->","yoast_head_json":{"title":"La campa\u00f1a tur\u00edstica \u2018Pamplona \u00a1c\u00f3mo me gustas!\u2019 invita a compartir sus rincones, su patrimonio y su gastronom\u00eda durante esta Semana Santa","description":"Se han editado 8.000 postales para que los turistas las puedas enviar, adem\u00e1s de material para compartir en redes sociales","robots":{"index":"index","follow":"follow","max-snippet":"max-snippet:-1","max-image-preview":"max-image-preview:large","max-video-preview":"max-video-preview:-1"},"canonical":"https:\/\/www.laguiadepamplona.com\/actualidad\/la-campana-turistica-pamplona-como-me-gustas-invita-a-compartir-sus-rincones-su-patrimonio-y-su-gastronomia-durante-esta-semana-santa\/","og_locale":"es_ES","og_type":"article","og_title":"La campa\u00f1a tur\u00edstica \u2018Pamplona \u00a1c\u00f3mo me gustas!\u2019 invita a compartir sus rincones, su patrimonio y su gastronom\u00eda durante esta Semana Santa","og_description":"Se han editado 8.000 postales para que los turistas las puedas enviar, adem\u00e1s de material para compartir en redes sociales","og_url":"https:\/\/www.laguiadepamplona.com\/actualidad\/la-campana-turistica-pamplona-como-me-gustas-invita-a-compartir-sus-rincones-su-patrimonio-y-su-gastronomia-durante-esta-semana-santa\/","og_site_name":"La Gu\u00eda de Pamplona","article_publisher":"https:\/\/www.facebook.com\/laguiadepamplonacom-133175176762273\/?ref=hl","article_published_time":"2023-03-31T15:49:22+00:00","article_modified_time":"2023-04-11T09:46:54+00:00","og_image":[{"width":1102,"height":763,"url":"https:\/\/www.laguiadepamplona.com\/actualidad\/wp-content\/uploads\/2023\/03\/ciudadela_1.webp","type":"image\/webp"}],"author":"La Gu\u00eda de Pamplona","twitter_card":"summary_large_image","twitter_creator":"@LaGuiadPamplona","twitter_site":"@LaGuiadPamplona","twitter_misc":{"Escrito por":"La Gu\u00eda de Pamplona","Tiempo de lectura":"3 minutos"},"schema":{"@context":"https:\/\/schema.org","@graph":[{"@type":"Article","@id":"https:\/\/www.laguiadepamplona.com\/actualidad\/la-campana-turistica-pamplona-como-me-gustas-invita-a-compartir-sus-rincones-su-patrimonio-y-su-gastronomia-durante-esta-semana-santa\/#article","isPartOf":{"@id":"https:\/\/www.laguiadepamplona.com\/actualidad\/la-campana-turistica-pamplona-como-me-gustas-invita-a-compartir-sus-rincones-su-patrimonio-y-su-gastronomia-durante-esta-semana-santa\/"},"author":{"name":"La Gu\u00eda de Pamplona","@id":"https:\/\/www.laguiadepamplona.com\/actualidad\/#\/schema\/person\/efe887376f0213d4657c93adc50b1fdb"},"headline":"La campa\u00f1a tur\u00edstica \u2018Pamplona \u00a1c\u00f3mo me gustas!\u2019 invita a compartir sus rincones, su patrimonio y su gastronom\u00eda durante esta Semana Santa","datePublished":"2023-03-31T15:49:22+00:00","dateModified":"2023-04-11T09:46:54+00:00","mainEntityOfPage":{"@id":"https:\/\/www.laguiadepamplona.com\/actualidad\/la-campana-turistica-pamplona-como-me-gustas-invita-a-compartir-sus-rincones-su-patrimonio-y-su-gastronomia-durante-esta-semana-santa\/"},"wordCount":675,"commentCount":0,"publisher":{"@id":"https:\/\/www.laguiadepamplona.com\/actualidad\/#organization"},"image":{"@id":"https:\/\/www.laguiadepamplona.com\/actualidad\/la-campana-turistica-pamplona-como-me-gustas-invita-a-compartir-sus-rincones-su-patrimonio-y-su-gastronomia-durante-esta-semana-santa\/#primaryimage"},"thumbnailUrl":"https:\/\/www.laguiadepamplona.com\/actualidad\/wp-content\/uploads\/2023\/03\/ciudadela_1.webp","articleSection":["Ayto Pamplona"],"inLanguage":"es","potentialAction":[{"@type":"CommentAction","name":"Comment","target":["https:\/\/www.laguiadepamplona.com\/actualidad\/la-campana-turistica-pamplona-como-me-gustas-invita-a-compartir-sus-rincones-su-patrimonio-y-su-gastronomia-durante-esta-semana-santa\/#respond"]}]},{"@type":"WebPage","@id":"https:\/\/www.laguiadepamplona.com\/actualidad\/la-campana-turistica-pamplona-como-me-gustas-invita-a-compartir-sus-rincones-su-patrimonio-y-su-gastronomia-durante-esta-semana-santa\/","url":"https:\/\/www.laguiadepamplona.com\/actualidad\/la-campana-turistica-pamplona-como-me-gustas-invita-a-compartir-sus-rincones-su-patrimonio-y-su-gastronomia-durante-esta-semana-santa\/","name":"La campa\u00f1a tur\u00edstica \u2018Pamplona \u00a1c\u00f3mo me gustas!\u2019 invita a compartir sus rincones, su patrimonio y su gastronom\u00eda durante esta Semana Santa","isPartOf":{"@id":"https:\/\/www.laguiadepamplona.com\/actualidad\/#website"},"primaryImageOfPage":{"@id":"https:\/\/www.laguiadepamplona.com\/actualidad\/la-campana-turistica-pamplona-como-me-gustas-invita-a-compartir-sus-rincones-su-patrimonio-y-su-gastronomia-durante-esta-semana-santa\/#primaryimage"},"image":{"@id":"https:\/\/www.laguiadepamplona.com\/actualidad\/la-campana-turistica-pamplona-como-me-gustas-invita-a-compartir-sus-rincones-su-patrimonio-y-su-gastronomia-durante-esta-semana-santa\/#primaryimage"},"thumbnailUrl":"https:\/\/www.laguiadepamplona.com\/actualidad\/wp-content\/uploads\/2023\/03\/ciudadela_1.webp","datePublished":"2023-03-31T15:49:22+00:00","dateModified":"2023-04-11T09:46:54+00:00","description":"Se han editado 8.000 postales para que los turistas las puedas enviar, adem\u00e1s de material para compartir en redes sociales","breadcrumb":{"@id":"https:\/\/www.laguiadepamplona.com\/actualidad\/la-campana-turistica-pamplona-como-me-gustas-invita-a-compartir-sus-rincones-su-patrimonio-y-su-gastronomia-durante-esta-semana-santa\/#breadcrumb"},"inLanguage":"es","potentialAction":[{"@type":"ReadAction","target":["https:\/\/www.laguiadepamplona.com\/actualidad\/la-campana-turistica-pamplona-como-me-gustas-invita-a-compartir-sus-rincones-su-patrimonio-y-su-gastronomia-durante-esta-semana-santa\/"]}]},{"@type":"ImageObject","inLanguage":"es","@id":"https:\/\/www.laguiadepamplona.com\/actualidad\/la-campana-turistica-pamplona-como-me-gustas-invita-a-compartir-sus-rincones-su-patrimonio-y-su-gastronomia-durante-esta-semana-santa\/#primaryimage","url":"https:\/\/www.laguiadepamplona.com\/actualidad\/wp-content\/uploads\/2023\/03\/ciudadela_1.webp","contentUrl":"https:\/\/www.laguiadepamplona.com\/actualidad\/wp-content\/uploads\/2023\/03\/ciudadela_1.webp","width":1102,"height":763},{"@type":"BreadcrumbList","@id":"https:\/\/www.laguiadepamplona.com\/actualidad\/la-campana-turistica-pamplona-como-me-gustas-invita-a-compartir-sus-rincones-su-patrimonio-y-su-gastronomia-durante-esta-semana-santa\/#breadcrumb","itemListElement":[{"@type":"ListItem","position":1,"name":"Portada","item":"https:\/\/www.laguiadepamplona.com\/actualidad\/"},{"@type":"ListItem","position":2,"name":"La campa\u00f1a tur\u00edstica \u2018Pamplona \u00a1c\u00f3mo me gustas!\u2019 invita a compartir sus rincones, su patrimonio y su gastronom\u00eda durante esta Semana Santa"}]},{"@type":"WebSite","@id":"https:\/\/www.laguiadepamplona.com\/actualidad\/#website","url":"https:\/\/www.laguiadepamplona.com\/actualidad\/","name":"La gu\u00eda de Pamplona","description":"Noticias de Pamplona","publisher":{"@id":"https:\/\/www.laguiadepamplona.com\/actualidad\/#organization"},"potentialAction":[{"@type":"SearchAction","target":{"@type":"EntryPoint","urlTemplate":"https:\/\/www.laguiadepamplona.com\/actualidad\/?s={search_term_string}"},"query-input":{"@type":"PropertyValueSpecification","valueRequired":true,"valueName":"search_term_string"}}],"inLanguage":"es"},{"@type":"Organization","@id":"https:\/\/www.laguiadepamplona.com\/actualidad\/#organization","name":"La Gu\u00eda de Pamplona \/ Noticias","url":"https:\/\/www.laguiadepamplona.com\/actualidad\/","logo":{"@type":"ImageObject","inLanguage":"es","@id":"https:\/\/www.laguiadepamplona.com\/actualidad\/#\/schema\/logo\/image\/","url":"https:\/\/www.laguiadepamplona.com\/actualidad\/wp-content\/uploads\/2018\/11\/logo-laguiadepamplona18-web1.png","contentUrl":"https:\/\/www.laguiadepamplona.com\/actualidad\/wp-content\/uploads\/2018\/11\/logo-laguiadepamplona18-web1.png","width":600,"height":196,"caption":"La Gu\u00eda de Pamplona \/ Noticias"},"image":{"@id":"https:\/\/www.laguiadepamplona.com\/actualidad\/#\/schema\/logo\/image\/"},"sameAs":["https:\/\/www.facebook.com\/laguiadepamplonacom-133175176762273\/?ref=hl","https:\/\/x.com\/LaGuiadPamplona","https:\/\/www.instagram.com\/la_guia_de_pamplona\/","https:\/\/www.youtube.com\/user\/laguiadepamplona"]},{"@type":"Person","@id":"https:\/\/www.laguiadepamplona.com\/actualidad\/#\/schema\/person\/efe887376f0213d4657c93adc50b1fdb","name":"La Gu\u00eda de Pamplona","image":{"@type":"ImageObject","inLanguage":"es","@id":"https:\/\/secure.gravatar.com\/avatar\/b6992f131dc8d30ab0dff15446e9d346d9dbd95992de0fef795073f5ea83a81c?s=96&d=mm&r=g","url":"https:\/\/secure.gravatar.com\/avatar\/b6992f131dc8d30ab0dff15446e9d346d9dbd95992de0fef795073f5ea83a81c?s=96&d=mm&r=g","contentUrl":"https:\/\/secure.gravatar.com\/avatar\/b6992f131dc8d30ab0dff15446e9d346d9dbd95992de0fef795073f5ea83a81c?s=96&d=mm&r=g","caption":"La Gu\u00eda de Pamplona"}}]}},"post_mailing_queue_ids":[],"_links":{"self":[{"href":"https:\/\/www.laguiadepamplona.com\/actualidad\/wp-json\/wp\/v2\/posts\/43390","targetHints":{"allow":["GET"]}}],"collection":[{"href":"https:\/\/www.laguiadepamplona.com\/actualidad\/wp-json\/wp\/v2\/posts"}],"about":[{"href":"https:\/\/www.laguiadepamplona.com\/actualidad\/wp-json\/wp\/v2\/types\/post"}],"author":[{"embeddable":true,"href":"https:\/\/www.laguiadepamplona.com\/actualidad\/wp-json\/wp\/v2\/users\/1"}],"replies":[{"embeddable":true,"href":"https:\/\/www.laguiadepamplona.com\/actualidad\/wp-json\/wp\/v2\/comments?post=43390"}],"version-history":[{"count":0,"href":"https:\/\/www.laguiadepamplona.com\/actualidad\/wp-json\/wp\/v2\/posts\/43390\/revisions"}],"wp:featuredmedia":[{"embeddable":true,"href":"https:\/\/www.laguiadepamplona.com\/actualidad\/wp-json\/wp\/v2\/media\/43392"}],"wp:attachment":[{"href":"https:\/\/www.laguiadepamplona.com\/actualidad\/wp-json\/wp\/v2\/media?parent=43390"}],"wp:term":[{"taxonomy":"category","embeddable":true,"href":"https:\/\/www.laguiadepamplona.com\/actualidad\/wp-json\/wp\/v2\/categories?post=43390"},{"taxonomy":"post_tag","embeddable":true,"href":"https:\/\/www.laguiadepamplona.com\/actualidad\/wp-json\/wp\/v2\/tags?post=43390"}],"curies":[{"name":"wp","href":"https:\/\/api.w.org\/{rel}","templated":true}]}}