{"id":43387,"date":"2023-03-31T17:43:42","date_gmt":"2023-03-31T15:43:42","guid":{"rendered":"https:\/\/www.laguiadepamplona.com\/actualidad\/?p=43387"},"modified":"2023-04-11T11:46:54","modified_gmt":"2023-04-11T09:46:54","slug":"vuelve-el-olmo-autoctono-a-pamplona-como-arbol-urbano-con-120-ejemplares-resistentes-a-la-grafiosis","status":"publish","type":"post","link":"https:\/\/www.laguiadepamplona.com\/actualidad\/vuelve-el-olmo-autoctono-a-pamplona-como-arbol-urbano-con-120-ejemplares-resistentes-a-la-grafiosis\/","title":{"rendered":"Vuelve el olmo aut\u00f3ctono a Pamplona como \u00e1rbol urbano con 120 ejemplares resistentes a la grafiosis"},"content":{"rendered":"<h5>Termina la campa\u00f1a de plantaci\u00f3n de \u00e1rboles de este a\u00f1o que, en tres meses, ha puesto 565 nuevos ejemplares de diferentes especies<\/h5>\n<p><!--more--><\/p>\n<p>El Ayuntamiento de Pamplona ha plantado esta ma\u00f1ana 14 olmos (<em>Ulmus minor)<\/em> en formaci\u00f3n de bosquete en una campa del barrio de Azpilaga\u00f1a que tienen una caracter\u00edstica especial: son resistentes a la grafiosis. Los colocados hoy son los \u00faltimos ejemplares de la campa\u00f1a anual de plantaci\u00f3n de \u00e1rboles que se extiende desde mediados de diciembre hasta mediados de marzo y que este a\u00f1o ha sumado 565 ejemplares de muy diversas especies en casi todos los barrios de la ciudad.<\/p>\n<p>En el caso espec\u00edficos de estos olmos, la plantaci\u00f3n remite a una iniciativa que comenz\u00f3 hace m\u00e1s de 30 a\u00f1os el Ministerio para la Transici\u00f3n Ecol\u00f3gica y el Reto Demogr\u00e1fico. Se trataba de recuperar esta especie en Espa\u00f1a, muy afectada a mediados de los a\u00f1os 80 por esa enfermedad que merm\u00f3 su presencia en todo el pa\u00eds. S\u00f3lo en Pamplona se tuvieron que retirar m\u00e1s de 700 \u00e1rboles afectados por el hongo, ya que atacaba a los vasos capilares por los que transita la savia, convirtiendo la madera en tejido muerto que presentaba riesgo de desintegraci\u00f3n o fractura y pod\u00eda causar accidentes.<br \/>\n<script async src=\"\/\/pagead2.googlesyndication.com\/pagead\/js\/adsbygoogle.js\"><\/script><br \/>\n<!-- Noticias La Guia de Pamplona --><br \/>\n<ins class=\"adsbygoogle\"\nstyle=\"display:block\"\ndata-ad-client=\"ca-pub-6943679897239327\"\ndata-ad-slot=\"7048180777\"\ndata-ad-format=\"auto\"><\/ins><br \/>\n<script>\n(adsbygoogle = window.adsbygoogle || []).push({});\n<\/script><\/p>\n<p>Entre 2021 y 2023, gracias a la donaci\u00f3n de ejemplares del Ministerio, se han vuelto a plantar en la ciudad \u00e1rboles de la especie Olmo com\u00fan <em>Ulmus minor<\/em> en Milagrosa, Iturrama y Etxabakoitz. El olmo es una especie muy utilizada en el \u00e1mbito urbano por ser aut\u00f3ctona, presentar una buena adaptaci\u00f3n al entorno urbano, ser de crecimiento r\u00e1pido y de tama\u00f1o medio. Su vuelta a las calles es, adem\u00e1s, una contribuci\u00f3n a la biodiversidad de la ciudad.<\/p>\n<p>El <em>Ulmus minor<\/em> se suma a los muchos ejemplares de otros tipos de olmos plantados como el Siberiano (<em>Ulmus pumila<\/em>) o los brotes silvestres que se pueden encontrar en las riberas de los r\u00edos del t\u00e9rmino municipal. De los 120 suministrados por el Ministerio, ya se han colocado 43 y el resto se encuentran en el vivero municipal en cultivo hasta adquirir las dimensiones adecuadas a su lugar de plantaci\u00f3n. Como el resto de \u00e1rboles urbanos, el olmo se puede colocar agrupado en zonas verdes, en alcorque o como \u2018\u00e1rbol singular\u2019, como es el caso del colocado de forma c\u00e9ntrica en la plaza \u00cd\u00f1igo Arista, ante el C.P. Iturrama. Esa f\u00f3rmula singular remite en la tradici\u00f3n de ejemplares que se convert\u00edan en el centro de las plazas de los pueblos. Entonces se les denominaba \u2018Olmas\u2019, que en la acepci\u00f3n vigente de la Real Academia de la lengua significa \u201cOlmo muy corpulento y frondoso\u201d.<br \/>\n<script async src=\"\/\/pagead2.googlesyndication.com\/pagead\/js\/adsbygoogle.js\"><\/script><br \/>\n<!-- Noticias La Guia de Pamplona --><br \/>\n<ins class=\"adsbygoogle\"\nstyle=\"display:block\"\ndata-ad-client=\"ca-pub-6943679897239327\"\ndata-ad-slot=\"7048180777\"\ndata-ad-format=\"auto\"><\/ins><br \/>\n<script>\n(adsbygoogle = window.adsbygoogle || []).push({});\n<\/script><\/p>\n<p><strong>565 \u00e1rboles, un 32% en Txantrea y Rochapea<\/strong><\/p>\n<p>Pamplona es una ciudad con una gran superficie arbolada, con m\u00e1s de 60.000 \u00e1rboles censados de 450 especies diferentes. Cada a\u00f1o las contratas que trabajan en zonas verdes del Ayuntamiento de Pamplona, en los meses adecuados para ello, se encargan de reponer los ejemplares da\u00f1ados o las fallas de plantaci\u00f3n, as\u00ed como de ir dotando de arbolado los nuevos desarrollos o los redise\u00f1os urbanos.<\/p>\n<p>Este a\u00f1o se han plantado 565 \u00e1rboles de muy diversas especies en distintas zonas de la ciudad. Destacan por la cantidad los plantados en Txantrea (101) y en Rochapea (79), en este \u00faltimo caso muy asociados a la creaci\u00f3n de un gran boulevard en el barrio. Solo en esas dos zonas se ha plantado el 32% del total de ejemplares. Tras esas zonas se sit\u00faan en orden a la cantidad los 56 \u00e1rboles plantados en Lezkairu o los 51 situados en Ermitaga\u00f1a \u2013Mendebaldea. El a\u00f1o pasado los ejemplares plantados fueron 544, tambi\u00e9n con especial incidencia en esas cuatro zonas de la ciudad.<br \/>\n<script async src=\"\/\/pagead2.googlesyndication.com\/pagead\/js\/adsbygoogle.js\"><\/script><br \/>\n<!-- Noticias La Guia de Pamplona --><br \/>\n<ins class=\"adsbygoogle\"\nstyle=\"display:block\"\ndata-ad-client=\"ca-pub-6943679897239327\"\ndata-ad-slot=\"7048180777\"\ndata-ad-format=\"auto\"><\/ins><br \/>\n<script>\n(adsbygoogle = window.adsbygoogle || []).push({});\n<\/script><\/p>\n<p>Una vez plantado y georeferenciados a trav\u00e9s de <a href=\"https:\/\/sig.pamplona.es\/#ZXh0fGJhc2V8bWFwYWJhc2V8bGF5ZXJzfHV8b2djL3dtc3xufElERU5fUG9sX011bmljaXBpb3xvfHZ8aHx1cnxmfHR8aXxsaW1pdGV8UGFtcGxvbmE6SkFSRF9QdG9fQXJib2x8UGFtcGxvbmF8bGNhdC0xLTFeMlRMUkF8MlRNSEJ8MXwxXjYwOTcyMS45OTl8NjExNjQxLjk5OV4kMHxATnxKfE98S118MXwyfDN8QCQ0fDV8Nnw3fDh8THw5fC0xfEF8LTJ8QnwtNXxDfC01fER8LTV8RXxGXXwkNHw1fDZ8R3w4fE18OXwtMXxBfC0yfEJ8LTV8Q3wtNXxEfEh8RXxJXV1d\" target=\"_blank\" rel=\"noopener\">SIG-Pamplona<\/a> (haciendo un scroll de acercamiento a la capa de informaci\u00f3n), los ejemplares entran en el sistema habitual de inspecci\u00f3n peri\u00f3dica y mantenimiento del arbolado de Pamplona. El visor informativo del Ayuntamiento de Pamplona que alberga <a href=\"http:\/\/www.pamplona.es\" target=\"_blank\" rel=\"noopener\">www.pamplona.es<\/a> recoge informaci\u00f3n no solo de arbolado, sino de muy diversos temas gestionados por el municipio.<\/p>\n","protected":false},"excerpt":{"rendered":"<p>Termina la campa\u00f1a de plantaci\u00f3n de \u00e1rboles de este a\u00f1o que, en tres meses, ha puesto 565 nuevos ejemplares de diferentes especies<\/p>\n","protected":false},"author":1,"featured_media":43388,"comment_status":"open","ping_status":"closed","sticky":false,"template":"","format":"standard","meta":{"footnotes":""},"categories":[2],"tags":[],"class_list":["post-43387","post","type-post","status-publish","format-standard","has-post-thumbnail","hentry","category-ayuntamiento-pamplona"],"yoast_head":"<!-- This site is optimized with the Yoast SEO plugin v27.3 - https:\/\/yoast.com\/product\/yoast-seo-wordpress\/ -->\n<title>Vuelve el olmo aut\u00f3ctono a Pamplona como \u00e1rbol urbano con 120 ejemplares resistentes a la grafiosis<\/title>\n<meta name=\"description\" content=\"Termina la campa\u00f1a de plantaci\u00f3n de \u00e1rboles de este a\u00f1o que, en tres meses, ha puesto 565 nuevos ejemplares de diferentes especies\" \/>\n<meta name=\"robots\" content=\"index, follow, max-snippet:-1, max-image-preview:large, max-video-preview:-1\" \/>\n<link rel=\"canonical\" href=\"https:\/\/www.laguiadepamplona.com\/actualidad\/vuelve-el-olmo-autoctono-a-pamplona-como-arbol-urbano-con-120-ejemplares-resistentes-a-la-grafiosis\/\" \/>\n<meta property=\"og:locale\" content=\"es_ES\" \/>\n<meta property=\"og:type\" content=\"article\" \/>\n<meta property=\"og:title\" content=\"Vuelve el olmo aut\u00f3ctono a Pamplona como \u00e1rbol urbano con 120 ejemplares resistentes a la grafiosis\" \/>\n<meta property=\"og:description\" content=\"Termina la campa\u00f1a de plantaci\u00f3n de \u00e1rboles de este a\u00f1o que, en tres meses, ha puesto 565 nuevos ejemplares de diferentes especies\" \/>\n<meta property=\"og:url\" content=\"https:\/\/www.laguiadepamplona.com\/actualidad\/vuelve-el-olmo-autoctono-a-pamplona-como-arbol-urbano-con-120-ejemplares-resistentes-a-la-grafiosis\/\" \/>\n<meta property=\"og:site_name\" content=\"La Gu\u00eda de Pamplona\" \/>\n<meta property=\"article:publisher\" content=\"https:\/\/www.facebook.com\/laguiadepamplonacom-133175176762273\/?ref=hl\" \/>\n<meta property=\"article:published_time\" content=\"2023-03-31T15:43:42+00:00\" \/>\n<meta property=\"article:modified_time\" content=\"2023-04-11T09:46:54+00:00\" \/>\n<meta property=\"og:image\" content=\"https:\/\/www.laguiadepamplona.com\/actualidad\/wp-content\/uploads\/2023\/03\/olmo-plantando.webp\" \/>\n\t<meta property=\"og:image:width\" content=\"1600\" \/>\n\t<meta property=\"og:image:height\" content=\"900\" \/>\n\t<meta property=\"og:image:type\" content=\"image\/webp\" \/>\n<meta name=\"author\" content=\"La Gu\u00eda de Pamplona\" \/>\n<meta name=\"twitter:card\" content=\"summary_large_image\" \/>\n<meta name=\"twitter:creator\" content=\"@LaGuiadPamplona\" \/>\n<meta name=\"twitter:site\" content=\"@LaGuiadPamplona\" \/>\n<meta name=\"twitter:label1\" content=\"Escrito por\" \/>\n\t<meta name=\"twitter:data1\" content=\"La Gu\u00eda de Pamplona\" \/>\n\t<meta name=\"twitter:label2\" content=\"Tiempo de lectura\" \/>\n\t<meta name=\"twitter:data2\" content=\"4 minutos\" \/>\n<script type=\"application\/ld+json\" class=\"yoast-schema-graph\">{\"@context\":\"https:\\\/\\\/schema.org\",\"@graph\":[{\"@type\":\"Article\",\"@id\":\"https:\\\/\\\/www.laguiadepamplona.com\\\/actualidad\\\/vuelve-el-olmo-autoctono-a-pamplona-como-arbol-urbano-con-120-ejemplares-resistentes-a-la-grafiosis\\\/#article\",\"isPartOf\":{\"@id\":\"https:\\\/\\\/www.laguiadepamplona.com\\\/actualidad\\\/vuelve-el-olmo-autoctono-a-pamplona-como-arbol-urbano-con-120-ejemplares-resistentes-a-la-grafiosis\\\/\"},\"author\":{\"name\":\"La Gu\u00eda de Pamplona\",\"@id\":\"https:\\\/\\\/www.laguiadepamplona.com\\\/actualidad\\\/#\\\/schema\\\/person\\\/efe887376f0213d4657c93adc50b1fdb\"},\"headline\":\"Vuelve el olmo aut\u00f3ctono a Pamplona como \u00e1rbol urbano con 120 ejemplares resistentes a la grafiosis\",\"datePublished\":\"2023-03-31T15:43:42+00:00\",\"dateModified\":\"2023-04-11T09:46:54+00:00\",\"mainEntityOfPage\":{\"@id\":\"https:\\\/\\\/www.laguiadepamplona.com\\\/actualidad\\\/vuelve-el-olmo-autoctono-a-pamplona-como-arbol-urbano-con-120-ejemplares-resistentes-a-la-grafiosis\\\/\"},\"wordCount\":721,\"commentCount\":0,\"publisher\":{\"@id\":\"https:\\\/\\\/www.laguiadepamplona.com\\\/actualidad\\\/#organization\"},\"image\":{\"@id\":\"https:\\\/\\\/www.laguiadepamplona.com\\\/actualidad\\\/vuelve-el-olmo-autoctono-a-pamplona-como-arbol-urbano-con-120-ejemplares-resistentes-a-la-grafiosis\\\/#primaryimage\"},\"thumbnailUrl\":\"https:\\\/\\\/www.laguiadepamplona.com\\\/actualidad\\\/wp-content\\\/uploads\\\/2023\\\/03\\\/olmo-plantando.webp\",\"articleSection\":[\"Ayto Pamplona\"],\"inLanguage\":\"es\",\"potentialAction\":[{\"@type\":\"CommentAction\",\"name\":\"Comment\",\"target\":[\"https:\\\/\\\/www.laguiadepamplona.com\\\/actualidad\\\/vuelve-el-olmo-autoctono-a-pamplona-como-arbol-urbano-con-120-ejemplares-resistentes-a-la-grafiosis\\\/#respond\"]}]},{\"@type\":\"WebPage\",\"@id\":\"https:\\\/\\\/www.laguiadepamplona.com\\\/actualidad\\\/vuelve-el-olmo-autoctono-a-pamplona-como-arbol-urbano-con-120-ejemplares-resistentes-a-la-grafiosis\\\/\",\"url\":\"https:\\\/\\\/www.laguiadepamplona.com\\\/actualidad\\\/vuelve-el-olmo-autoctono-a-pamplona-como-arbol-urbano-con-120-ejemplares-resistentes-a-la-grafiosis\\\/\",\"name\":\"Vuelve el olmo aut\u00f3ctono a Pamplona como \u00e1rbol urbano con 120 ejemplares resistentes a la grafiosis\",\"isPartOf\":{\"@id\":\"https:\\\/\\\/www.laguiadepamplona.com\\\/actualidad\\\/#website\"},\"primaryImageOfPage\":{\"@id\":\"https:\\\/\\\/www.laguiadepamplona.com\\\/actualidad\\\/vuelve-el-olmo-autoctono-a-pamplona-como-arbol-urbano-con-120-ejemplares-resistentes-a-la-grafiosis\\\/#primaryimage\"},\"image\":{\"@id\":\"https:\\\/\\\/www.laguiadepamplona.com\\\/actualidad\\\/vuelve-el-olmo-autoctono-a-pamplona-como-arbol-urbano-con-120-ejemplares-resistentes-a-la-grafiosis\\\/#primaryimage\"},\"thumbnailUrl\":\"https:\\\/\\\/www.laguiadepamplona.com\\\/actualidad\\\/wp-content\\\/uploads\\\/2023\\\/03\\\/olmo-plantando.webp\",\"datePublished\":\"2023-03-31T15:43:42+00:00\",\"dateModified\":\"2023-04-11T09:46:54+00:00\",\"description\":\"Termina la campa\u00f1a de plantaci\u00f3n de \u00e1rboles de este a\u00f1o que, en tres meses, ha puesto 565 nuevos ejemplares de diferentes especies\",\"breadcrumb\":{\"@id\":\"https:\\\/\\\/www.laguiadepamplona.com\\\/actualidad\\\/vuelve-el-olmo-autoctono-a-pamplona-como-arbol-urbano-con-120-ejemplares-resistentes-a-la-grafiosis\\\/#breadcrumb\"},\"inLanguage\":\"es\",\"potentialAction\":[{\"@type\":\"ReadAction\",\"target\":[\"https:\\\/\\\/www.laguiadepamplona.com\\\/actualidad\\\/vuelve-el-olmo-autoctono-a-pamplona-como-arbol-urbano-con-120-ejemplares-resistentes-a-la-grafiosis\\\/\"]}]},{\"@type\":\"ImageObject\",\"inLanguage\":\"es\",\"@id\":\"https:\\\/\\\/www.laguiadepamplona.com\\\/actualidad\\\/vuelve-el-olmo-autoctono-a-pamplona-como-arbol-urbano-con-120-ejemplares-resistentes-a-la-grafiosis\\\/#primaryimage\",\"url\":\"https:\\\/\\\/www.laguiadepamplona.com\\\/actualidad\\\/wp-content\\\/uploads\\\/2023\\\/03\\\/olmo-plantando.webp\",\"contentUrl\":\"https:\\\/\\\/www.laguiadepamplona.com\\\/actualidad\\\/wp-content\\\/uploads\\\/2023\\\/03\\\/olmo-plantando.webp\",\"width\":1600,\"height\":900},{\"@type\":\"BreadcrumbList\",\"@id\":\"https:\\\/\\\/www.laguiadepamplona.com\\\/actualidad\\\/vuelve-el-olmo-autoctono-a-pamplona-como-arbol-urbano-con-120-ejemplares-resistentes-a-la-grafiosis\\\/#breadcrumb\",\"itemListElement\":[{\"@type\":\"ListItem\",\"position\":1,\"name\":\"Portada\",\"item\":\"https:\\\/\\\/www.laguiadepamplona.com\\\/actualidad\\\/\"},{\"@type\":\"ListItem\",\"position\":2,\"name\":\"Vuelve el olmo aut\u00f3ctono a Pamplona como \u00e1rbol urbano con 120 ejemplares resistentes a la grafiosis\"}]},{\"@type\":\"WebSite\",\"@id\":\"https:\\\/\\\/www.laguiadepamplona.com\\\/actualidad\\\/#website\",\"url\":\"https:\\\/\\\/www.laguiadepamplona.com\\\/actualidad\\\/\",\"name\":\"La gu\u00eda de Pamplona\",\"description\":\"Noticias de Pamplona\",\"publisher\":{\"@id\":\"https:\\\/\\\/www.laguiadepamplona.com\\\/actualidad\\\/#organization\"},\"potentialAction\":[{\"@type\":\"SearchAction\",\"target\":{\"@type\":\"EntryPoint\",\"urlTemplate\":\"https:\\\/\\\/www.laguiadepamplona.com\\\/actualidad\\\/?s={search_term_string}\"},\"query-input\":{\"@type\":\"PropertyValueSpecification\",\"valueRequired\":true,\"valueName\":\"search_term_string\"}}],\"inLanguage\":\"es\"},{\"@type\":\"Organization\",\"@id\":\"https:\\\/\\\/www.laguiadepamplona.com\\\/actualidad\\\/#organization\",\"name\":\"La Gu\u00eda de Pamplona \\\/ Noticias\",\"url\":\"https:\\\/\\\/www.laguiadepamplona.com\\\/actualidad\\\/\",\"logo\":{\"@type\":\"ImageObject\",\"inLanguage\":\"es\",\"@id\":\"https:\\\/\\\/www.laguiadepamplona.com\\\/actualidad\\\/#\\\/schema\\\/logo\\\/image\\\/\",\"url\":\"https:\\\/\\\/www.laguiadepamplona.com\\\/actualidad\\\/wp-content\\\/uploads\\\/2018\\\/11\\\/logo-laguiadepamplona18-web1.png\",\"contentUrl\":\"https:\\\/\\\/www.laguiadepamplona.com\\\/actualidad\\\/wp-content\\\/uploads\\\/2018\\\/11\\\/logo-laguiadepamplona18-web1.png\",\"width\":600,\"height\":196,\"caption\":\"La Gu\u00eda de Pamplona \\\/ Noticias\"},\"image\":{\"@id\":\"https:\\\/\\\/www.laguiadepamplona.com\\\/actualidad\\\/#\\\/schema\\\/logo\\\/image\\\/\"},\"sameAs\":[\"https:\\\/\\\/www.facebook.com\\\/laguiadepamplonacom-133175176762273\\\/?ref=hl\",\"https:\\\/\\\/x.com\\\/LaGuiadPamplona\",\"https:\\\/\\\/www.instagram.com\\\/la_guia_de_pamplona\\\/\",\"https:\\\/\\\/www.youtube.com\\\/user\\\/laguiadepamplona\"]},{\"@type\":\"Person\",\"@id\":\"https:\\\/\\\/www.laguiadepamplona.com\\\/actualidad\\\/#\\\/schema\\\/person\\\/efe887376f0213d4657c93adc50b1fdb\",\"name\":\"La Gu\u00eda de Pamplona\",\"image\":{\"@type\":\"ImageObject\",\"inLanguage\":\"es\",\"@id\":\"https:\\\/\\\/secure.gravatar.com\\\/avatar\\\/b6992f131dc8d30ab0dff15446e9d346d9dbd95992de0fef795073f5ea83a81c?s=96&d=mm&r=g\",\"url\":\"https:\\\/\\\/secure.gravatar.com\\\/avatar\\\/b6992f131dc8d30ab0dff15446e9d346d9dbd95992de0fef795073f5ea83a81c?s=96&d=mm&r=g\",\"contentUrl\":\"https:\\\/\\\/secure.gravatar.com\\\/avatar\\\/b6992f131dc8d30ab0dff15446e9d346d9dbd95992de0fef795073f5ea83a81c?s=96&d=mm&r=g\",\"caption\":\"La Gu\u00eda de Pamplona\"}}]}<\/script>\n<!-- \/ Yoast SEO plugin. -->","yoast_head_json":{"title":"Vuelve el olmo aut\u00f3ctono a Pamplona como \u00e1rbol urbano con 120 ejemplares resistentes a la grafiosis","description":"Termina la campa\u00f1a de plantaci\u00f3n de \u00e1rboles de este a\u00f1o que, en tres meses, ha puesto 565 nuevos ejemplares de diferentes especies","robots":{"index":"index","follow":"follow","max-snippet":"max-snippet:-1","max-image-preview":"max-image-preview:large","max-video-preview":"max-video-preview:-1"},"canonical":"https:\/\/www.laguiadepamplona.com\/actualidad\/vuelve-el-olmo-autoctono-a-pamplona-como-arbol-urbano-con-120-ejemplares-resistentes-a-la-grafiosis\/","og_locale":"es_ES","og_type":"article","og_title":"Vuelve el olmo aut\u00f3ctono a Pamplona como \u00e1rbol urbano con 120 ejemplares resistentes a la grafiosis","og_description":"Termina la campa\u00f1a de plantaci\u00f3n de \u00e1rboles de este a\u00f1o que, en tres meses, ha puesto 565 nuevos ejemplares de diferentes especies","og_url":"https:\/\/www.laguiadepamplona.com\/actualidad\/vuelve-el-olmo-autoctono-a-pamplona-como-arbol-urbano-con-120-ejemplares-resistentes-a-la-grafiosis\/","og_site_name":"La Gu\u00eda de Pamplona","article_publisher":"https:\/\/www.facebook.com\/laguiadepamplonacom-133175176762273\/?ref=hl","article_published_time":"2023-03-31T15:43:42+00:00","article_modified_time":"2023-04-11T09:46:54+00:00","og_image":[{"width":1600,"height":900,"url":"https:\/\/www.laguiadepamplona.com\/actualidad\/wp-content\/uploads\/2023\/03\/olmo-plantando.webp","type":"image\/webp"}],"author":"La Gu\u00eda de Pamplona","twitter_card":"summary_large_image","twitter_creator":"@LaGuiadPamplona","twitter_site":"@LaGuiadPamplona","twitter_misc":{"Escrito por":"La Gu\u00eda de Pamplona","Tiempo de lectura":"4 minutos"},"schema":{"@context":"https:\/\/schema.org","@graph":[{"@type":"Article","@id":"https:\/\/www.laguiadepamplona.com\/actualidad\/vuelve-el-olmo-autoctono-a-pamplona-como-arbol-urbano-con-120-ejemplares-resistentes-a-la-grafiosis\/#article","isPartOf":{"@id":"https:\/\/www.laguiadepamplona.com\/actualidad\/vuelve-el-olmo-autoctono-a-pamplona-como-arbol-urbano-con-120-ejemplares-resistentes-a-la-grafiosis\/"},"author":{"name":"La Gu\u00eda de Pamplona","@id":"https:\/\/www.laguiadepamplona.com\/actualidad\/#\/schema\/person\/efe887376f0213d4657c93adc50b1fdb"},"headline":"Vuelve el olmo aut\u00f3ctono a Pamplona como \u00e1rbol urbano con 120 ejemplares resistentes a la grafiosis","datePublished":"2023-03-31T15:43:42+00:00","dateModified":"2023-04-11T09:46:54+00:00","mainEntityOfPage":{"@id":"https:\/\/www.laguiadepamplona.com\/actualidad\/vuelve-el-olmo-autoctono-a-pamplona-como-arbol-urbano-con-120-ejemplares-resistentes-a-la-grafiosis\/"},"wordCount":721,"commentCount":0,"publisher":{"@id":"https:\/\/www.laguiadepamplona.com\/actualidad\/#organization"},"image":{"@id":"https:\/\/www.laguiadepamplona.com\/actualidad\/vuelve-el-olmo-autoctono-a-pamplona-como-arbol-urbano-con-120-ejemplares-resistentes-a-la-grafiosis\/#primaryimage"},"thumbnailUrl":"https:\/\/www.laguiadepamplona.com\/actualidad\/wp-content\/uploads\/2023\/03\/olmo-plantando.webp","articleSection":["Ayto Pamplona"],"inLanguage":"es","potentialAction":[{"@type":"CommentAction","name":"Comment","target":["https:\/\/www.laguiadepamplona.com\/actualidad\/vuelve-el-olmo-autoctono-a-pamplona-como-arbol-urbano-con-120-ejemplares-resistentes-a-la-grafiosis\/#respond"]}]},{"@type":"WebPage","@id":"https:\/\/www.laguiadepamplona.com\/actualidad\/vuelve-el-olmo-autoctono-a-pamplona-como-arbol-urbano-con-120-ejemplares-resistentes-a-la-grafiosis\/","url":"https:\/\/www.laguiadepamplona.com\/actualidad\/vuelve-el-olmo-autoctono-a-pamplona-como-arbol-urbano-con-120-ejemplares-resistentes-a-la-grafiosis\/","name":"Vuelve el olmo aut\u00f3ctono a Pamplona como \u00e1rbol urbano con 120 ejemplares resistentes a la grafiosis","isPartOf":{"@id":"https:\/\/www.laguiadepamplona.com\/actualidad\/#website"},"primaryImageOfPage":{"@id":"https:\/\/www.laguiadepamplona.com\/actualidad\/vuelve-el-olmo-autoctono-a-pamplona-como-arbol-urbano-con-120-ejemplares-resistentes-a-la-grafiosis\/#primaryimage"},"image":{"@id":"https:\/\/www.laguiadepamplona.com\/actualidad\/vuelve-el-olmo-autoctono-a-pamplona-como-arbol-urbano-con-120-ejemplares-resistentes-a-la-grafiosis\/#primaryimage"},"thumbnailUrl":"https:\/\/www.laguiadepamplona.com\/actualidad\/wp-content\/uploads\/2023\/03\/olmo-plantando.webp","datePublished":"2023-03-31T15:43:42+00:00","dateModified":"2023-04-11T09:46:54+00:00","description":"Termina la campa\u00f1a de plantaci\u00f3n de \u00e1rboles de este a\u00f1o que, en tres meses, ha puesto 565 nuevos ejemplares de diferentes especies","breadcrumb":{"@id":"https:\/\/www.laguiadepamplona.com\/actualidad\/vuelve-el-olmo-autoctono-a-pamplona-como-arbol-urbano-con-120-ejemplares-resistentes-a-la-grafiosis\/#breadcrumb"},"inLanguage":"es","potentialAction":[{"@type":"ReadAction","target":["https:\/\/www.laguiadepamplona.com\/actualidad\/vuelve-el-olmo-autoctono-a-pamplona-como-arbol-urbano-con-120-ejemplares-resistentes-a-la-grafiosis\/"]}]},{"@type":"ImageObject","inLanguage":"es","@id":"https:\/\/www.laguiadepamplona.com\/actualidad\/vuelve-el-olmo-autoctono-a-pamplona-como-arbol-urbano-con-120-ejemplares-resistentes-a-la-grafiosis\/#primaryimage","url":"https:\/\/www.laguiadepamplona.com\/actualidad\/wp-content\/uploads\/2023\/03\/olmo-plantando.webp","contentUrl":"https:\/\/www.laguiadepamplona.com\/actualidad\/wp-content\/uploads\/2023\/03\/olmo-plantando.webp","width":1600,"height":900},{"@type":"BreadcrumbList","@id":"https:\/\/www.laguiadepamplona.com\/actualidad\/vuelve-el-olmo-autoctono-a-pamplona-como-arbol-urbano-con-120-ejemplares-resistentes-a-la-grafiosis\/#breadcrumb","itemListElement":[{"@type":"ListItem","position":1,"name":"Portada","item":"https:\/\/www.laguiadepamplona.com\/actualidad\/"},{"@type":"ListItem","position":2,"name":"Vuelve el olmo aut\u00f3ctono a Pamplona como \u00e1rbol urbano con 120 ejemplares resistentes a la grafiosis"}]},{"@type":"WebSite","@id":"https:\/\/www.laguiadepamplona.com\/actualidad\/#website","url":"https:\/\/www.laguiadepamplona.com\/actualidad\/","name":"La gu\u00eda de Pamplona","description":"Noticias de Pamplona","publisher":{"@id":"https:\/\/www.laguiadepamplona.com\/actualidad\/#organization"},"potentialAction":[{"@type":"SearchAction","target":{"@type":"EntryPoint","urlTemplate":"https:\/\/www.laguiadepamplona.com\/actualidad\/?s={search_term_string}"},"query-input":{"@type":"PropertyValueSpecification","valueRequired":true,"valueName":"search_term_string"}}],"inLanguage":"es"},{"@type":"Organization","@id":"https:\/\/www.laguiadepamplona.com\/actualidad\/#organization","name":"La Gu\u00eda de Pamplona \/ Noticias","url":"https:\/\/www.laguiadepamplona.com\/actualidad\/","logo":{"@type":"ImageObject","inLanguage":"es","@id":"https:\/\/www.laguiadepamplona.com\/actualidad\/#\/schema\/logo\/image\/","url":"https:\/\/www.laguiadepamplona.com\/actualidad\/wp-content\/uploads\/2018\/11\/logo-laguiadepamplona18-web1.png","contentUrl":"https:\/\/www.laguiadepamplona.com\/actualidad\/wp-content\/uploads\/2018\/11\/logo-laguiadepamplona18-web1.png","width":600,"height":196,"caption":"La Gu\u00eda de Pamplona \/ Noticias"},"image":{"@id":"https:\/\/www.laguiadepamplona.com\/actualidad\/#\/schema\/logo\/image\/"},"sameAs":["https:\/\/www.facebook.com\/laguiadepamplonacom-133175176762273\/?ref=hl","https:\/\/x.com\/LaGuiadPamplona","https:\/\/www.instagram.com\/la_guia_de_pamplona\/","https:\/\/www.youtube.com\/user\/laguiadepamplona"]},{"@type":"Person","@id":"https:\/\/www.laguiadepamplona.com\/actualidad\/#\/schema\/person\/efe887376f0213d4657c93adc50b1fdb","name":"La Gu\u00eda de Pamplona","image":{"@type":"ImageObject","inLanguage":"es","@id":"https:\/\/secure.gravatar.com\/avatar\/b6992f131dc8d30ab0dff15446e9d346d9dbd95992de0fef795073f5ea83a81c?s=96&d=mm&r=g","url":"https:\/\/secure.gravatar.com\/avatar\/b6992f131dc8d30ab0dff15446e9d346d9dbd95992de0fef795073f5ea83a81c?s=96&d=mm&r=g","contentUrl":"https:\/\/secure.gravatar.com\/avatar\/b6992f131dc8d30ab0dff15446e9d346d9dbd95992de0fef795073f5ea83a81c?s=96&d=mm&r=g","caption":"La Gu\u00eda de Pamplona"}}]}},"post_mailing_queue_ids":[],"_links":{"self":[{"href":"https:\/\/www.laguiadepamplona.com\/actualidad\/wp-json\/wp\/v2\/posts\/43387","targetHints":{"allow":["GET"]}}],"collection":[{"href":"https:\/\/www.laguiadepamplona.com\/actualidad\/wp-json\/wp\/v2\/posts"}],"about":[{"href":"https:\/\/www.laguiadepamplona.com\/actualidad\/wp-json\/wp\/v2\/types\/post"}],"author":[{"embeddable":true,"href":"https:\/\/www.laguiadepamplona.com\/actualidad\/wp-json\/wp\/v2\/users\/1"}],"replies":[{"embeddable":true,"href":"https:\/\/www.laguiadepamplona.com\/actualidad\/wp-json\/wp\/v2\/comments?post=43387"}],"version-history":[{"count":0,"href":"https:\/\/www.laguiadepamplona.com\/actualidad\/wp-json\/wp\/v2\/posts\/43387\/revisions"}],"wp:featuredmedia":[{"embeddable":true,"href":"https:\/\/www.laguiadepamplona.com\/actualidad\/wp-json\/wp\/v2\/media\/43388"}],"wp:attachment":[{"href":"https:\/\/www.laguiadepamplona.com\/actualidad\/wp-json\/wp\/v2\/media?parent=43387"}],"wp:term":[{"taxonomy":"category","embeddable":true,"href":"https:\/\/www.laguiadepamplona.com\/actualidad\/wp-json\/wp\/v2\/categories?post=43387"},{"taxonomy":"post_tag","embeddable":true,"href":"https:\/\/www.laguiadepamplona.com\/actualidad\/wp-json\/wp\/v2\/tags?post=43387"}],"curies":[{"name":"wp","href":"https:\/\/api.w.org\/{rel}","templated":true}]}}