{"id":43384,"date":"2023-03-31T12:59:53","date_gmt":"2023-03-31T10:59:53","guid":{"rendered":"https:\/\/www.laguiadepamplona.com\/actualidad\/?p=43384"},"modified":"2023-04-11T11:46:54","modified_gmt":"2023-04-11T09:46:54","slug":"pamplona-estrena-nuevo-mobiliario-urbano-digital-con-la-renovacion-de-doce-soportes-verticales-de-informacion-mupis-instalados-en-la-ciudad","status":"publish","type":"post","link":"https:\/\/www.laguiadepamplona.com\/actualidad\/pamplona-estrena-nuevo-mobiliario-urbano-digital-con-la-renovacion-de-doce-soportes-verticales-de-informacion-mupis-instalados-en-la-ciudad\/","title":{"rendered":"Pamplona estrena nuevo mobiliario urbano digital con la renovaci\u00f3n de doce soportes verticales de informaci\u00f3n (mupis) instalados en la ciudad"},"content":{"rendered":"<h5>En un plazo de tres a\u00f1os, se digitalizar\u00e1n los 52 mupis y 39 relojes term\u00f3metro de Pamplona<\/h5>\n<p><!--more--><\/p>\n<p>Pamplona ha iniciado el proceso de transformaci\u00f3n digital de los 52 soportes verticales de informaci\u00f3n (mupis) y de los 39 relojes term\u00f3metro de la ciudad. Desde hace unas semanas se est\u00e1 procediendo a la sustituci\u00f3n de los mupis anal\u00f3gicos por otros digitales, con una pantalla de 75 pulgadas en una cara y espacio para carteler\u00eda en la otra. En una primera fase, hasta Semana Santa, se est\u00e1 renovando 12 soportes dentro un plan que llevar\u00e1 en los pr\u00f3ximos tres a\u00f1os a la digitalizaci\u00f3n de todos los mupis y relojes term\u00f3metros.<br \/>\n<script async src=\"\/\/pagead2.googlesyndication.com\/pagead\/js\/adsbygoogle.js\"><\/script><br \/>\n<!-- Noticias La Guia de Pamplona --><br \/>\n<ins class=\"adsbygoogle\"\nstyle=\"display:block\"\ndata-ad-client=\"ca-pub-6943679897239327\"\ndata-ad-slot=\"7048180777\"\ndata-ad-format=\"auto\"><\/ins><br \/>\n<script>\n(adsbygoogle = window.adsbygoogle || []).push({});\n<\/script><\/p>\n<p>La concejala delegada de Gobierno Estrat\u00e9gico, Comercio y Turismo, Ana Elizalde, y el director general de JCDecaux Espa\u00f1a, Carlos Bar\u00f3n, han visitado esta ma\u00f1ana uno de los primeros soportes digitales de informaci\u00f3n que ya se ha instalado en la calle Bosquecillo. Esta renovaci\u00f3n forma parte de la propuesta incluida en la concesi\u00f3n administrativa de distintos soportes verticales de la ciudad con destino a su gesti\u00f3n y explotaci\u00f3n como espacios de informaci\u00f3n y publicidad presentada por JCDecaux. El Ayuntamiento de Pamplona la adjudic\u00f3 el pasado mes de diciembre para un periodo de 15 a\u00f1os, con un canon de 1.080.000 euros. La inversi\u00f3n total prevista por la adjudicataria para la fabricaci\u00f3n e instalaci\u00f3n de este nuevo mobiliario urbano asciende a m\u00e1s de 3 millones de euros.<\/p>\n<p>Esta digitalizaci\u00f3n supondr\u00e1 la modernizaci\u00f3n de unos soportes que, en su mayor\u00eda, datan de los a\u00f1os 90, aportando imagen en movimiento y v\u00eddeo a la comunicaci\u00f3n y publicidad municipal, as\u00ed como una mejora en la calidad tecnol\u00f3gica y las prestaciones que ofrecen, sobre todo en el caso de los relojes term\u00f3metros, con un funcionamiento irregular de algunos de ellos en los \u00faltimos tiempos. As\u00ed las cosas, el Ayuntamiento de Pamplona adapta su comunicaci\u00f3n a la actual demanda de informaci\u00f3n con contenidos din\u00e1micos a pie de calle, pues contar\u00e1 con un tiempo de emisi\u00f3n de tres horas diarias en esos soportes digitales.<br \/>\n<script async src=\"\/\/pagead2.googlesyndication.com\/pagead\/js\/adsbygoogle.js\"><\/script><br \/>\n<!-- Noticias La Guia de Pamplona --><br \/>\n<ins class=\"adsbygoogle\"\nstyle=\"display:block\"\ndata-ad-client=\"ca-pub-6943679897239327\"\ndata-ad-slot=\"7048180777\"\ndata-ad-format=\"auto\"><\/ins><br \/>\n<script>\n(adsbygoogle = window.adsbygoogle || []).push({});\n<\/script><\/p>\n<p><strong>Transformaci\u00f3n digital en diferentes fases<\/strong><\/p>\n<p>En la primera fase de esta transformaci\u00f3n digital, se est\u00e1n sustituyendo 12 soportes, todos ellos mupis, ubicados en zonas como la avenida de Galicia, avenida de Bayona, avenida de Bara\u00f1\u00e1in, avenida de Zaragoza, plaza Pr\u00edncipe de Viana, Navas de Tolosa, Vuelta del Castillo, Monasterio de Irache, Acella, Sancho el Fuerte o \u00cd\u00f1igo Arista. La adjudicataria ha asumido tambi\u00e9n la gesti\u00f3n de las 4 pantallas digitales ya instadas en la ciudad, ubicadas en la Plaza del Castillo, plaza de Yamaguchi, bulevar de Iturrama y paseo de Anelier.<\/p>\n<p>Despu\u00e9s de Semana Santa, en una segunda fase, se sustituir\u00e1n los mupis de avenida Ar\u00f3stegui, avenida de Bara\u00f1\u00e1in, avenida de Gipuzkoa, avenida de Villava, calle Magdalena, calle Mendigorr\u00eda, Estella, avenida de la Baja Navarra, Plaza de la Libertad o calle Monjard\u00edn. En estos primeros meses, por tanto, se transformar\u00e1n en digitales 23 de los 52 mupis existentes en la ciudad. En pr\u00f3ximos meses, se empezar\u00e1 tambi\u00e9n con los cambios en los 39 relojes term\u00f3metro de Pamplona.<\/p>\n","protected":false},"excerpt":{"rendered":"<p>En un plazo de tres a\u00f1os, se digitalizar\u00e1n los 52 mupis y 39 relojes term\u00f3metro de Pamplona<\/p>\n","protected":false},"author":1,"featured_media":43385,"comment_status":"open","ping_status":"closed","sticky":false,"template":"","format":"standard","meta":{"footnotes":""},"categories":[2],"tags":[],"class_list":["post-43384","post","type-post","status-publish","format-standard","has-post-thumbnail","hentry","category-ayuntamiento-pamplona"],"yoast_head":"<!-- This site is optimized with the Yoast SEO plugin v27.3 - https:\/\/yoast.com\/product\/yoast-seo-wordpress\/ -->\n<title>Pamplona estrena nuevo mobiliario urbano digital con la renovaci\u00f3n de doce soportes verticales de informaci\u00f3n (mupis) instalados en la ciudad<\/title>\n<meta name=\"description\" content=\"En un plazo de tres a\u00f1os, se digitalizar\u00e1n los 52 mupis y 39 relojes term\u00f3metro de Pamplona\" \/>\n<meta name=\"robots\" content=\"index, follow, max-snippet:-1, max-image-preview:large, max-video-preview:-1\" \/>\n<link rel=\"canonical\" href=\"https:\/\/www.laguiadepamplona.com\/actualidad\/pamplona-estrena-nuevo-mobiliario-urbano-digital-con-la-renovacion-de-doce-soportes-verticales-de-informacion-mupis-instalados-en-la-ciudad\/\" \/>\n<meta property=\"og:locale\" content=\"es_ES\" \/>\n<meta property=\"og:type\" content=\"article\" \/>\n<meta property=\"og:title\" content=\"Pamplona estrena nuevo mobiliario urbano digital con la renovaci\u00f3n de doce soportes verticales de informaci\u00f3n (mupis) instalados en la ciudad\" \/>\n<meta property=\"og:description\" content=\"En un plazo de tres a\u00f1os, se digitalizar\u00e1n los 52 mupis y 39 relojes term\u00f3metro de Pamplona\" \/>\n<meta property=\"og:url\" content=\"https:\/\/www.laguiadepamplona.com\/actualidad\/pamplona-estrena-nuevo-mobiliario-urbano-digital-con-la-renovacion-de-doce-soportes-verticales-de-informacion-mupis-instalados-en-la-ciudad\/\" \/>\n<meta property=\"og:site_name\" content=\"La Gu\u00eda de Pamplona\" \/>\n<meta property=\"article:publisher\" content=\"https:\/\/www.facebook.com\/laguiadepamplonacom-133175176762273\/?ref=hl\" \/>\n<meta property=\"article:published_time\" content=\"2023-03-31T10:59:53+00:00\" \/>\n<meta property=\"article:modified_time\" content=\"2023-04-11T09:46:54+00:00\" \/>\n<meta property=\"og:image\" content=\"https:\/\/www.laguiadepamplona.com\/actualidad\/wp-content\/uploads\/2023\/03\/mupis4_0.webp\" \/>\n\t<meta property=\"og:image:width\" content=\"1920\" \/>\n\t<meta property=\"og:image:height\" content=\"1280\" \/>\n\t<meta property=\"og:image:type\" content=\"image\/webp\" \/>\n<meta name=\"author\" content=\"La Gu\u00eda de Pamplona\" \/>\n<meta name=\"twitter:card\" content=\"summary_large_image\" \/>\n<meta name=\"twitter:creator\" content=\"@LaGuiadPamplona\" \/>\n<meta name=\"twitter:site\" content=\"@LaGuiadPamplona\" \/>\n<meta name=\"twitter:label1\" content=\"Escrito por\" \/>\n\t<meta name=\"twitter:data1\" content=\"La Gu\u00eda de Pamplona\" \/>\n\t<meta name=\"twitter:label2\" content=\"Tiempo de lectura\" \/>\n\t<meta name=\"twitter:data2\" content=\"3 minutos\" \/>\n<script type=\"application\/ld+json\" class=\"yoast-schema-graph\">{\"@context\":\"https:\\\/\\\/schema.org\",\"@graph\":[{\"@type\":\"Article\",\"@id\":\"https:\\\/\\\/www.laguiadepamplona.com\\\/actualidad\\\/pamplona-estrena-nuevo-mobiliario-urbano-digital-con-la-renovacion-de-doce-soportes-verticales-de-informacion-mupis-instalados-en-la-ciudad\\\/#article\",\"isPartOf\":{\"@id\":\"https:\\\/\\\/www.laguiadepamplona.com\\\/actualidad\\\/pamplona-estrena-nuevo-mobiliario-urbano-digital-con-la-renovacion-de-doce-soportes-verticales-de-informacion-mupis-instalados-en-la-ciudad\\\/\"},\"author\":{\"name\":\"La Gu\u00eda de Pamplona\",\"@id\":\"https:\\\/\\\/www.laguiadepamplona.com\\\/actualidad\\\/#\\\/schema\\\/person\\\/efe887376f0213d4657c93adc50b1fdb\"},\"headline\":\"Pamplona estrena nuevo mobiliario urbano digital con la renovaci\u00f3n de doce soportes verticales de informaci\u00f3n (mupis) instalados en la ciudad\",\"datePublished\":\"2023-03-31T10:59:53+00:00\",\"dateModified\":\"2023-04-11T09:46:54+00:00\",\"mainEntityOfPage\":{\"@id\":\"https:\\\/\\\/www.laguiadepamplona.com\\\/actualidad\\\/pamplona-estrena-nuevo-mobiliario-urbano-digital-con-la-renovacion-de-doce-soportes-verticales-de-informacion-mupis-instalados-en-la-ciudad\\\/\"},\"wordCount\":563,\"commentCount\":0,\"publisher\":{\"@id\":\"https:\\\/\\\/www.laguiadepamplona.com\\\/actualidad\\\/#organization\"},\"image\":{\"@id\":\"https:\\\/\\\/www.laguiadepamplona.com\\\/actualidad\\\/pamplona-estrena-nuevo-mobiliario-urbano-digital-con-la-renovacion-de-doce-soportes-verticales-de-informacion-mupis-instalados-en-la-ciudad\\\/#primaryimage\"},\"thumbnailUrl\":\"https:\\\/\\\/www.laguiadepamplona.com\\\/actualidad\\\/wp-content\\\/uploads\\\/2023\\\/03\\\/mupis4_0.webp\",\"articleSection\":[\"Ayto Pamplona\"],\"inLanguage\":\"es\",\"potentialAction\":[{\"@type\":\"CommentAction\",\"name\":\"Comment\",\"target\":[\"https:\\\/\\\/www.laguiadepamplona.com\\\/actualidad\\\/pamplona-estrena-nuevo-mobiliario-urbano-digital-con-la-renovacion-de-doce-soportes-verticales-de-informacion-mupis-instalados-en-la-ciudad\\\/#respond\"]}]},{\"@type\":\"WebPage\",\"@id\":\"https:\\\/\\\/www.laguiadepamplona.com\\\/actualidad\\\/pamplona-estrena-nuevo-mobiliario-urbano-digital-con-la-renovacion-de-doce-soportes-verticales-de-informacion-mupis-instalados-en-la-ciudad\\\/\",\"url\":\"https:\\\/\\\/www.laguiadepamplona.com\\\/actualidad\\\/pamplona-estrena-nuevo-mobiliario-urbano-digital-con-la-renovacion-de-doce-soportes-verticales-de-informacion-mupis-instalados-en-la-ciudad\\\/\",\"name\":\"Pamplona estrena nuevo mobiliario urbano digital con la renovaci\u00f3n de doce soportes verticales de informaci\u00f3n (mupis) instalados en la ciudad\",\"isPartOf\":{\"@id\":\"https:\\\/\\\/www.laguiadepamplona.com\\\/actualidad\\\/#website\"},\"primaryImageOfPage\":{\"@id\":\"https:\\\/\\\/www.laguiadepamplona.com\\\/actualidad\\\/pamplona-estrena-nuevo-mobiliario-urbano-digital-con-la-renovacion-de-doce-soportes-verticales-de-informacion-mupis-instalados-en-la-ciudad\\\/#primaryimage\"},\"image\":{\"@id\":\"https:\\\/\\\/www.laguiadepamplona.com\\\/actualidad\\\/pamplona-estrena-nuevo-mobiliario-urbano-digital-con-la-renovacion-de-doce-soportes-verticales-de-informacion-mupis-instalados-en-la-ciudad\\\/#primaryimage\"},\"thumbnailUrl\":\"https:\\\/\\\/www.laguiadepamplona.com\\\/actualidad\\\/wp-content\\\/uploads\\\/2023\\\/03\\\/mupis4_0.webp\",\"datePublished\":\"2023-03-31T10:59:53+00:00\",\"dateModified\":\"2023-04-11T09:46:54+00:00\",\"description\":\"En un plazo de tres a\u00f1os, se digitalizar\u00e1n los 52 mupis y 39 relojes term\u00f3metro de Pamplona\",\"breadcrumb\":{\"@id\":\"https:\\\/\\\/www.laguiadepamplona.com\\\/actualidad\\\/pamplona-estrena-nuevo-mobiliario-urbano-digital-con-la-renovacion-de-doce-soportes-verticales-de-informacion-mupis-instalados-en-la-ciudad\\\/#breadcrumb\"},\"inLanguage\":\"es\",\"potentialAction\":[{\"@type\":\"ReadAction\",\"target\":[\"https:\\\/\\\/www.laguiadepamplona.com\\\/actualidad\\\/pamplona-estrena-nuevo-mobiliario-urbano-digital-con-la-renovacion-de-doce-soportes-verticales-de-informacion-mupis-instalados-en-la-ciudad\\\/\"]}]},{\"@type\":\"ImageObject\",\"inLanguage\":\"es\",\"@id\":\"https:\\\/\\\/www.laguiadepamplona.com\\\/actualidad\\\/pamplona-estrena-nuevo-mobiliario-urbano-digital-con-la-renovacion-de-doce-soportes-verticales-de-informacion-mupis-instalados-en-la-ciudad\\\/#primaryimage\",\"url\":\"https:\\\/\\\/www.laguiadepamplona.com\\\/actualidad\\\/wp-content\\\/uploads\\\/2023\\\/03\\\/mupis4_0.webp\",\"contentUrl\":\"https:\\\/\\\/www.laguiadepamplona.com\\\/actualidad\\\/wp-content\\\/uploads\\\/2023\\\/03\\\/mupis4_0.webp\",\"width\":1920,\"height\":1280},{\"@type\":\"BreadcrumbList\",\"@id\":\"https:\\\/\\\/www.laguiadepamplona.com\\\/actualidad\\\/pamplona-estrena-nuevo-mobiliario-urbano-digital-con-la-renovacion-de-doce-soportes-verticales-de-informacion-mupis-instalados-en-la-ciudad\\\/#breadcrumb\",\"itemListElement\":[{\"@type\":\"ListItem\",\"position\":1,\"name\":\"Portada\",\"item\":\"https:\\\/\\\/www.laguiadepamplona.com\\\/actualidad\\\/\"},{\"@type\":\"ListItem\",\"position\":2,\"name\":\"Pamplona estrena nuevo mobiliario urbano digital con la renovaci\u00f3n de doce soportes verticales de informaci\u00f3n (mupis) instalados en la ciudad\"}]},{\"@type\":\"WebSite\",\"@id\":\"https:\\\/\\\/www.laguiadepamplona.com\\\/actualidad\\\/#website\",\"url\":\"https:\\\/\\\/www.laguiadepamplona.com\\\/actualidad\\\/\",\"name\":\"La gu\u00eda de Pamplona\",\"description\":\"Noticias de Pamplona\",\"publisher\":{\"@id\":\"https:\\\/\\\/www.laguiadepamplona.com\\\/actualidad\\\/#organization\"},\"potentialAction\":[{\"@type\":\"SearchAction\",\"target\":{\"@type\":\"EntryPoint\",\"urlTemplate\":\"https:\\\/\\\/www.laguiadepamplona.com\\\/actualidad\\\/?s={search_term_string}\"},\"query-input\":{\"@type\":\"PropertyValueSpecification\",\"valueRequired\":true,\"valueName\":\"search_term_string\"}}],\"inLanguage\":\"es\"},{\"@type\":\"Organization\",\"@id\":\"https:\\\/\\\/www.laguiadepamplona.com\\\/actualidad\\\/#organization\",\"name\":\"La Gu\u00eda de Pamplona \\\/ Noticias\",\"url\":\"https:\\\/\\\/www.laguiadepamplona.com\\\/actualidad\\\/\",\"logo\":{\"@type\":\"ImageObject\",\"inLanguage\":\"es\",\"@id\":\"https:\\\/\\\/www.laguiadepamplona.com\\\/actualidad\\\/#\\\/schema\\\/logo\\\/image\\\/\",\"url\":\"https:\\\/\\\/www.laguiadepamplona.com\\\/actualidad\\\/wp-content\\\/uploads\\\/2018\\\/11\\\/logo-laguiadepamplona18-web1.png\",\"contentUrl\":\"https:\\\/\\\/www.laguiadepamplona.com\\\/actualidad\\\/wp-content\\\/uploads\\\/2018\\\/11\\\/logo-laguiadepamplona18-web1.png\",\"width\":600,\"height\":196,\"caption\":\"La Gu\u00eda de Pamplona \\\/ Noticias\"},\"image\":{\"@id\":\"https:\\\/\\\/www.laguiadepamplona.com\\\/actualidad\\\/#\\\/schema\\\/logo\\\/image\\\/\"},\"sameAs\":[\"https:\\\/\\\/www.facebook.com\\\/laguiadepamplonacom-133175176762273\\\/?ref=hl\",\"https:\\\/\\\/x.com\\\/LaGuiadPamplona\",\"https:\\\/\\\/www.instagram.com\\\/la_guia_de_pamplona\\\/\",\"https:\\\/\\\/www.youtube.com\\\/user\\\/laguiadepamplona\"]},{\"@type\":\"Person\",\"@id\":\"https:\\\/\\\/www.laguiadepamplona.com\\\/actualidad\\\/#\\\/schema\\\/person\\\/efe887376f0213d4657c93adc50b1fdb\",\"name\":\"La Gu\u00eda de Pamplona\",\"image\":{\"@type\":\"ImageObject\",\"inLanguage\":\"es\",\"@id\":\"https:\\\/\\\/secure.gravatar.com\\\/avatar\\\/b6992f131dc8d30ab0dff15446e9d346d9dbd95992de0fef795073f5ea83a81c?s=96&d=mm&r=g\",\"url\":\"https:\\\/\\\/secure.gravatar.com\\\/avatar\\\/b6992f131dc8d30ab0dff15446e9d346d9dbd95992de0fef795073f5ea83a81c?s=96&d=mm&r=g\",\"contentUrl\":\"https:\\\/\\\/secure.gravatar.com\\\/avatar\\\/b6992f131dc8d30ab0dff15446e9d346d9dbd95992de0fef795073f5ea83a81c?s=96&d=mm&r=g\",\"caption\":\"La Gu\u00eda de Pamplona\"}}]}<\/script>\n<!-- \/ Yoast SEO plugin. -->","yoast_head_json":{"title":"Pamplona estrena nuevo mobiliario urbano digital con la renovaci\u00f3n de doce soportes verticales de informaci\u00f3n (mupis) instalados en la ciudad","description":"En un plazo de tres a\u00f1os, se digitalizar\u00e1n los 52 mupis y 39 relojes term\u00f3metro de Pamplona","robots":{"index":"index","follow":"follow","max-snippet":"max-snippet:-1","max-image-preview":"max-image-preview:large","max-video-preview":"max-video-preview:-1"},"canonical":"https:\/\/www.laguiadepamplona.com\/actualidad\/pamplona-estrena-nuevo-mobiliario-urbano-digital-con-la-renovacion-de-doce-soportes-verticales-de-informacion-mupis-instalados-en-la-ciudad\/","og_locale":"es_ES","og_type":"article","og_title":"Pamplona estrena nuevo mobiliario urbano digital con la renovaci\u00f3n de doce soportes verticales de informaci\u00f3n (mupis) instalados en la ciudad","og_description":"En un plazo de tres a\u00f1os, se digitalizar\u00e1n los 52 mupis y 39 relojes term\u00f3metro de Pamplona","og_url":"https:\/\/www.laguiadepamplona.com\/actualidad\/pamplona-estrena-nuevo-mobiliario-urbano-digital-con-la-renovacion-de-doce-soportes-verticales-de-informacion-mupis-instalados-en-la-ciudad\/","og_site_name":"La Gu\u00eda de Pamplona","article_publisher":"https:\/\/www.facebook.com\/laguiadepamplonacom-133175176762273\/?ref=hl","article_published_time":"2023-03-31T10:59:53+00:00","article_modified_time":"2023-04-11T09:46:54+00:00","og_image":[{"width":1920,"height":1280,"url":"https:\/\/www.laguiadepamplona.com\/actualidad\/wp-content\/uploads\/2023\/03\/mupis4_0.webp","type":"image\/webp"}],"author":"La Gu\u00eda de Pamplona","twitter_card":"summary_large_image","twitter_creator":"@LaGuiadPamplona","twitter_site":"@LaGuiadPamplona","twitter_misc":{"Escrito por":"La Gu\u00eda de Pamplona","Tiempo de lectura":"3 minutos"},"schema":{"@context":"https:\/\/schema.org","@graph":[{"@type":"Article","@id":"https:\/\/www.laguiadepamplona.com\/actualidad\/pamplona-estrena-nuevo-mobiliario-urbano-digital-con-la-renovacion-de-doce-soportes-verticales-de-informacion-mupis-instalados-en-la-ciudad\/#article","isPartOf":{"@id":"https:\/\/www.laguiadepamplona.com\/actualidad\/pamplona-estrena-nuevo-mobiliario-urbano-digital-con-la-renovacion-de-doce-soportes-verticales-de-informacion-mupis-instalados-en-la-ciudad\/"},"author":{"name":"La Gu\u00eda de Pamplona","@id":"https:\/\/www.laguiadepamplona.com\/actualidad\/#\/schema\/person\/efe887376f0213d4657c93adc50b1fdb"},"headline":"Pamplona estrena nuevo mobiliario urbano digital con la renovaci\u00f3n de doce soportes verticales de informaci\u00f3n (mupis) instalados en la ciudad","datePublished":"2023-03-31T10:59:53+00:00","dateModified":"2023-04-11T09:46:54+00:00","mainEntityOfPage":{"@id":"https:\/\/www.laguiadepamplona.com\/actualidad\/pamplona-estrena-nuevo-mobiliario-urbano-digital-con-la-renovacion-de-doce-soportes-verticales-de-informacion-mupis-instalados-en-la-ciudad\/"},"wordCount":563,"commentCount":0,"publisher":{"@id":"https:\/\/www.laguiadepamplona.com\/actualidad\/#organization"},"image":{"@id":"https:\/\/www.laguiadepamplona.com\/actualidad\/pamplona-estrena-nuevo-mobiliario-urbano-digital-con-la-renovacion-de-doce-soportes-verticales-de-informacion-mupis-instalados-en-la-ciudad\/#primaryimage"},"thumbnailUrl":"https:\/\/www.laguiadepamplona.com\/actualidad\/wp-content\/uploads\/2023\/03\/mupis4_0.webp","articleSection":["Ayto Pamplona"],"inLanguage":"es","potentialAction":[{"@type":"CommentAction","name":"Comment","target":["https:\/\/www.laguiadepamplona.com\/actualidad\/pamplona-estrena-nuevo-mobiliario-urbano-digital-con-la-renovacion-de-doce-soportes-verticales-de-informacion-mupis-instalados-en-la-ciudad\/#respond"]}]},{"@type":"WebPage","@id":"https:\/\/www.laguiadepamplona.com\/actualidad\/pamplona-estrena-nuevo-mobiliario-urbano-digital-con-la-renovacion-de-doce-soportes-verticales-de-informacion-mupis-instalados-en-la-ciudad\/","url":"https:\/\/www.laguiadepamplona.com\/actualidad\/pamplona-estrena-nuevo-mobiliario-urbano-digital-con-la-renovacion-de-doce-soportes-verticales-de-informacion-mupis-instalados-en-la-ciudad\/","name":"Pamplona estrena nuevo mobiliario urbano digital con la renovaci\u00f3n de doce soportes verticales de informaci\u00f3n (mupis) instalados en la ciudad","isPartOf":{"@id":"https:\/\/www.laguiadepamplona.com\/actualidad\/#website"},"primaryImageOfPage":{"@id":"https:\/\/www.laguiadepamplona.com\/actualidad\/pamplona-estrena-nuevo-mobiliario-urbano-digital-con-la-renovacion-de-doce-soportes-verticales-de-informacion-mupis-instalados-en-la-ciudad\/#primaryimage"},"image":{"@id":"https:\/\/www.laguiadepamplona.com\/actualidad\/pamplona-estrena-nuevo-mobiliario-urbano-digital-con-la-renovacion-de-doce-soportes-verticales-de-informacion-mupis-instalados-en-la-ciudad\/#primaryimage"},"thumbnailUrl":"https:\/\/www.laguiadepamplona.com\/actualidad\/wp-content\/uploads\/2023\/03\/mupis4_0.webp","datePublished":"2023-03-31T10:59:53+00:00","dateModified":"2023-04-11T09:46:54+00:00","description":"En un plazo de tres a\u00f1os, se digitalizar\u00e1n los 52 mupis y 39 relojes term\u00f3metro de Pamplona","breadcrumb":{"@id":"https:\/\/www.laguiadepamplona.com\/actualidad\/pamplona-estrena-nuevo-mobiliario-urbano-digital-con-la-renovacion-de-doce-soportes-verticales-de-informacion-mupis-instalados-en-la-ciudad\/#breadcrumb"},"inLanguage":"es","potentialAction":[{"@type":"ReadAction","target":["https:\/\/www.laguiadepamplona.com\/actualidad\/pamplona-estrena-nuevo-mobiliario-urbano-digital-con-la-renovacion-de-doce-soportes-verticales-de-informacion-mupis-instalados-en-la-ciudad\/"]}]},{"@type":"ImageObject","inLanguage":"es","@id":"https:\/\/www.laguiadepamplona.com\/actualidad\/pamplona-estrena-nuevo-mobiliario-urbano-digital-con-la-renovacion-de-doce-soportes-verticales-de-informacion-mupis-instalados-en-la-ciudad\/#primaryimage","url":"https:\/\/www.laguiadepamplona.com\/actualidad\/wp-content\/uploads\/2023\/03\/mupis4_0.webp","contentUrl":"https:\/\/www.laguiadepamplona.com\/actualidad\/wp-content\/uploads\/2023\/03\/mupis4_0.webp","width":1920,"height":1280},{"@type":"BreadcrumbList","@id":"https:\/\/www.laguiadepamplona.com\/actualidad\/pamplona-estrena-nuevo-mobiliario-urbano-digital-con-la-renovacion-de-doce-soportes-verticales-de-informacion-mupis-instalados-en-la-ciudad\/#breadcrumb","itemListElement":[{"@type":"ListItem","position":1,"name":"Portada","item":"https:\/\/www.laguiadepamplona.com\/actualidad\/"},{"@type":"ListItem","position":2,"name":"Pamplona estrena nuevo mobiliario urbano digital con la renovaci\u00f3n de doce soportes verticales de informaci\u00f3n (mupis) instalados en la ciudad"}]},{"@type":"WebSite","@id":"https:\/\/www.laguiadepamplona.com\/actualidad\/#website","url":"https:\/\/www.laguiadepamplona.com\/actualidad\/","name":"La gu\u00eda de Pamplona","description":"Noticias de Pamplona","publisher":{"@id":"https:\/\/www.laguiadepamplona.com\/actualidad\/#organization"},"potentialAction":[{"@type":"SearchAction","target":{"@type":"EntryPoint","urlTemplate":"https:\/\/www.laguiadepamplona.com\/actualidad\/?s={search_term_string}"},"query-input":{"@type":"PropertyValueSpecification","valueRequired":true,"valueName":"search_term_string"}}],"inLanguage":"es"},{"@type":"Organization","@id":"https:\/\/www.laguiadepamplona.com\/actualidad\/#organization","name":"La Gu\u00eda de Pamplona \/ Noticias","url":"https:\/\/www.laguiadepamplona.com\/actualidad\/","logo":{"@type":"ImageObject","inLanguage":"es","@id":"https:\/\/www.laguiadepamplona.com\/actualidad\/#\/schema\/logo\/image\/","url":"https:\/\/www.laguiadepamplona.com\/actualidad\/wp-content\/uploads\/2018\/11\/logo-laguiadepamplona18-web1.png","contentUrl":"https:\/\/www.laguiadepamplona.com\/actualidad\/wp-content\/uploads\/2018\/11\/logo-laguiadepamplona18-web1.png","width":600,"height":196,"caption":"La Gu\u00eda de Pamplona \/ Noticias"},"image":{"@id":"https:\/\/www.laguiadepamplona.com\/actualidad\/#\/schema\/logo\/image\/"},"sameAs":["https:\/\/www.facebook.com\/laguiadepamplonacom-133175176762273\/?ref=hl","https:\/\/x.com\/LaGuiadPamplona","https:\/\/www.instagram.com\/la_guia_de_pamplona\/","https:\/\/www.youtube.com\/user\/laguiadepamplona"]},{"@type":"Person","@id":"https:\/\/www.laguiadepamplona.com\/actualidad\/#\/schema\/person\/efe887376f0213d4657c93adc50b1fdb","name":"La Gu\u00eda de Pamplona","image":{"@type":"ImageObject","inLanguage":"es","@id":"https:\/\/secure.gravatar.com\/avatar\/b6992f131dc8d30ab0dff15446e9d346d9dbd95992de0fef795073f5ea83a81c?s=96&d=mm&r=g","url":"https:\/\/secure.gravatar.com\/avatar\/b6992f131dc8d30ab0dff15446e9d346d9dbd95992de0fef795073f5ea83a81c?s=96&d=mm&r=g","contentUrl":"https:\/\/secure.gravatar.com\/avatar\/b6992f131dc8d30ab0dff15446e9d346d9dbd95992de0fef795073f5ea83a81c?s=96&d=mm&r=g","caption":"La Gu\u00eda de Pamplona"}}]}},"post_mailing_queue_ids":[],"_links":{"self":[{"href":"https:\/\/www.laguiadepamplona.com\/actualidad\/wp-json\/wp\/v2\/posts\/43384","targetHints":{"allow":["GET"]}}],"collection":[{"href":"https:\/\/www.laguiadepamplona.com\/actualidad\/wp-json\/wp\/v2\/posts"}],"about":[{"href":"https:\/\/www.laguiadepamplona.com\/actualidad\/wp-json\/wp\/v2\/types\/post"}],"author":[{"embeddable":true,"href":"https:\/\/www.laguiadepamplona.com\/actualidad\/wp-json\/wp\/v2\/users\/1"}],"replies":[{"embeddable":true,"href":"https:\/\/www.laguiadepamplona.com\/actualidad\/wp-json\/wp\/v2\/comments?post=43384"}],"version-history":[{"count":0,"href":"https:\/\/www.laguiadepamplona.com\/actualidad\/wp-json\/wp\/v2\/posts\/43384\/revisions"}],"wp:featuredmedia":[{"embeddable":true,"href":"https:\/\/www.laguiadepamplona.com\/actualidad\/wp-json\/wp\/v2\/media\/43385"}],"wp:attachment":[{"href":"https:\/\/www.laguiadepamplona.com\/actualidad\/wp-json\/wp\/v2\/media?parent=43384"}],"wp:term":[{"taxonomy":"category","embeddable":true,"href":"https:\/\/www.laguiadepamplona.com\/actualidad\/wp-json\/wp\/v2\/categories?post=43384"},{"taxonomy":"post_tag","embeddable":true,"href":"https:\/\/www.laguiadepamplona.com\/actualidad\/wp-json\/wp\/v2\/tags?post=43384"}],"curies":[{"name":"wp","href":"https:\/\/api.w.org\/{rel}","templated":true}]}}