{"id":43380,"date":"2023-03-31T12:55:02","date_gmt":"2023-03-31T10:55:02","guid":{"rendered":"https:\/\/www.laguiadepamplona.com\/actualidad\/?p=43380"},"modified":"2023-04-11T11:46:54","modified_gmt":"2023-04-11T09:46:54","slug":"el-proximo-lunes-entra-en-funcionamiento-la-zona-naranja-en-el-cementerio-municipal-que-habilita-160-plazas-de-estacionamiento-con-la-primera-hora-gratuita","status":"publish","type":"post","link":"https:\/\/www.laguiadepamplona.com\/actualidad\/el-proximo-lunes-entra-en-funcionamiento-la-zona-naranja-en-el-cementerio-municipal-que-habilita-160-plazas-de-estacionamiento-con-la-primera-hora-gratuita\/","title":{"rendered":"El pr\u00f3ximo lunes entra en funcionamiento la zona naranja en el cementerio municipal, que habilita 160 plazas de estacionamiento con la primera hora gratuita"},"content":{"rendered":"<h5>La zona se corresponde con el sector 6 (San Juan) y mantendr\u00e1 el mismo horario que el resto del estacionamiento regulado de la ciudad<\/h5>\n<p><!--more--><\/p>\n<p>Las 160 plazas de aparcamiento frente al acceso principal al cementerio municipal de San Jos\u00e9 se convertir\u00e1n a partir del lunes en zona naranja de estacionamiento. Esta ampliaci\u00f3n de la zona de estacionamiento regulado de la ciudad contar\u00e1 con una caracter\u00edstica excepcional, ya que la primera hora de aparcamiento ser\u00e1 gratuita para no gravar a aquellas personas que acudan a servicios funerarios o de visita al propio cementerio.<br \/>\n<script async src=\"\/\/pagead2.googlesyndication.com\/pagead\/js\/adsbygoogle.js\"><\/script><br \/>\n<!-- Noticias La Guia de Pamplona --><br \/>\n<ins class=\"adsbygoogle\"\nstyle=\"display:block\"\ndata-ad-client=\"ca-pub-6943679897239327\"\ndata-ad-slot=\"7048180777\"\ndata-ad-format=\"auto\"><\/ins><br \/>\n<script>\n(adsbygoogle = window.adsbygoogle || []).push({});\n<\/script><\/p>\n<p>El Ayuntamiento ha modificado la Ordenanza reguladora del estacionamiento limitado y restringido de la ciudad para ampliar el sector 6, que se corresponde con el barrio de San Juan, a la zona del cementerio municipal de San Jos\u00e9. Como en el resto de sectores, podr\u00e1n aparcar de forma gratuita quienes tengan la tarjeta de residente de ese sector 6. El horario ser\u00e1 el mismo que el del estacionamiento regulado de la ciudad, de lunes a viernes de 8.30 a 14 horas y de 16 a 20 horas, y los s\u00e1bados de 8.30 a 14 horas.<\/p>\n<p>El aparcamiento en la primera hora es gratuito, aunque ser\u00e1 obligatorio sacar tique en los expendedores y colocarlo, como es habitual en el salpicadero del veh\u00edculo. En el caso de sacar ese tique a trav\u00e9s de la aplicaci\u00f3n Telpark, se cargar\u00e1 1 c\u00e9ntimo de coste, ya que la app no permite realizar gestiones gratuitas.<br \/>\n<script async src=\"\/\/pagead2.googlesyndication.com\/pagead\/js\/adsbygoogle.js\"><\/script><br \/>\n<!-- Noticias La Guia de Pamplona --><br \/>\n<ins class=\"adsbygoogle\"\nstyle=\"display:block\"\ndata-ad-client=\"ca-pub-6943679897239327\"\ndata-ad-slot=\"7048180777\"\ndata-ad-format=\"auto\"><\/ins><br \/>\n<script>\n(adsbygoogle = window.adsbygoogle || []).push({});\n<\/script><\/p>\n<p>El Ayuntamiento de Pamplona ha reordenado ese espacio, que se hab\u00eda convertido en zona de aparcamiento disuasorio gratuito, con una rotaci\u00f3n de apenas 30 plazas, pues el resto eran ocupadas por veh\u00edculos que aparcaba a primera hora de la ma\u00f1ana y se iban por la tarde o por veh\u00edculos que permanec\u00edan estacionados durante varios d\u00edas. Como consecuencia de estas pr\u00e1cticas habituales, quienes acud\u00edan a servicios funerarios, ante la premura de los actos, aparquen de forma incorrecta en aceras, arcenes o jardines, dificultando giros o provocando alteraciones en la zona m\u00e1s cercana a la orilla del r\u00edo o en la salida hacia San Juan.<\/p>\n","protected":false},"excerpt":{"rendered":"<p>La zona se corresponde con el sector 6 (San Juan) y mantendr\u00e1 el mismo horario que el resto del estacionamiento regulado de la ciudad<\/p>\n","protected":false},"author":1,"featured_media":36018,"comment_status":"open","ping_status":"closed","sticky":false,"template":"","format":"standard","meta":{"footnotes":""},"categories":[2],"tags":[],"class_list":["post-43380","post","type-post","status-publish","format-standard","has-post-thumbnail","hentry","category-ayuntamiento-pamplona"],"yoast_head":"<!-- This site is optimized with the Yoast SEO plugin v27.3 - https:\/\/yoast.com\/product\/yoast-seo-wordpress\/ -->\n<title>El pr\u00f3ximo lunes entra en funcionamiento la zona naranja en el cementerio municipal, que habilita 160 plazas de estacionamiento con la primera hora gratuita<\/title>\n<meta name=\"description\" content=\"La zona se corresponde con el sector 6 (San Juan) y mantendr\u00e1 el mismo horario que el resto del estacionamiento regulado de la ciudad\" \/>\n<meta name=\"robots\" content=\"index, follow, max-snippet:-1, max-image-preview:large, max-video-preview:-1\" \/>\n<link rel=\"canonical\" href=\"https:\/\/www.laguiadepamplona.com\/actualidad\/el-proximo-lunes-entra-en-funcionamiento-la-zona-naranja-en-el-cementerio-municipal-que-habilita-160-plazas-de-estacionamiento-con-la-primera-hora-gratuita\/\" \/>\n<meta property=\"og:locale\" content=\"es_ES\" \/>\n<meta property=\"og:type\" content=\"article\" \/>\n<meta property=\"og:title\" content=\"El pr\u00f3ximo lunes entra en funcionamiento la zona naranja en el cementerio municipal, que habilita 160 plazas de estacionamiento con la primera hora gratuita\" \/>\n<meta property=\"og:description\" content=\"La zona se corresponde con el sector 6 (San Juan) y mantendr\u00e1 el mismo horario que el resto del estacionamiento regulado de la ciudad\" \/>\n<meta property=\"og:url\" content=\"https:\/\/www.laguiadepamplona.com\/actualidad\/el-proximo-lunes-entra-en-funcionamiento-la-zona-naranja-en-el-cementerio-municipal-que-habilita-160-plazas-de-estacionamiento-con-la-primera-hora-gratuita\/\" \/>\n<meta property=\"og:site_name\" content=\"La Gu\u00eda de Pamplona\" \/>\n<meta property=\"article:publisher\" content=\"https:\/\/www.facebook.com\/laguiadepamplonacom-133175176762273\/?ref=hl\" \/>\n<meta property=\"article:published_time\" content=\"2023-03-31T10:55:02+00:00\" \/>\n<meta property=\"article:modified_time\" content=\"2023-04-11T09:46:54+00:00\" \/>\n<meta property=\"og:image\" content=\"https:\/\/www.laguiadepamplona.com\/actualidad\/wp-content\/uploads\/2021\/07\/cementerio_JMG4903.jpg\" \/>\n\t<meta property=\"og:image:width\" content=\"1920\" \/>\n\t<meta property=\"og:image:height\" content=\"1280\" \/>\n\t<meta property=\"og:image:type\" content=\"image\/jpeg\" \/>\n<meta name=\"author\" content=\"La Gu\u00eda de Pamplona\" \/>\n<meta name=\"twitter:card\" content=\"summary_large_image\" \/>\n<meta name=\"twitter:creator\" content=\"@LaGuiadPamplona\" \/>\n<meta name=\"twitter:site\" content=\"@LaGuiadPamplona\" \/>\n<meta name=\"twitter:label1\" content=\"Escrito por\" \/>\n\t<meta name=\"twitter:data1\" content=\"La Gu\u00eda de Pamplona\" \/>\n\t<meta name=\"twitter:label2\" content=\"Tiempo de lectura\" \/>\n\t<meta name=\"twitter:data2\" content=\"2 minutos\" \/>\n<script type=\"application\/ld+json\" class=\"yoast-schema-graph\">{\"@context\":\"https:\\\/\\\/schema.org\",\"@graph\":[{\"@type\":\"Article\",\"@id\":\"https:\\\/\\\/www.laguiadepamplona.com\\\/actualidad\\\/el-proximo-lunes-entra-en-funcionamiento-la-zona-naranja-en-el-cementerio-municipal-que-habilita-160-plazas-de-estacionamiento-con-la-primera-hora-gratuita\\\/#article\",\"isPartOf\":{\"@id\":\"https:\\\/\\\/www.laguiadepamplona.com\\\/actualidad\\\/el-proximo-lunes-entra-en-funcionamiento-la-zona-naranja-en-el-cementerio-municipal-que-habilita-160-plazas-de-estacionamiento-con-la-primera-hora-gratuita\\\/\"},\"author\":{\"name\":\"La Gu\u00eda de Pamplona\",\"@id\":\"https:\\\/\\\/www.laguiadepamplona.com\\\/actualidad\\\/#\\\/schema\\\/person\\\/efe887376f0213d4657c93adc50b1fdb\"},\"headline\":\"El pr\u00f3ximo lunes entra en funcionamiento la zona naranja en el cementerio municipal, que habilita 160 plazas de estacionamiento con la primera hora gratuita\",\"datePublished\":\"2023-03-31T10:55:02+00:00\",\"dateModified\":\"2023-04-11T09:46:54+00:00\",\"mainEntityOfPage\":{\"@id\":\"https:\\\/\\\/www.laguiadepamplona.com\\\/actualidad\\\/el-proximo-lunes-entra-en-funcionamiento-la-zona-naranja-en-el-cementerio-municipal-que-habilita-160-plazas-de-estacionamiento-con-la-primera-hora-gratuita\\\/\"},\"wordCount\":376,\"commentCount\":0,\"publisher\":{\"@id\":\"https:\\\/\\\/www.laguiadepamplona.com\\\/actualidad\\\/#organization\"},\"image\":{\"@id\":\"https:\\\/\\\/www.laguiadepamplona.com\\\/actualidad\\\/el-proximo-lunes-entra-en-funcionamiento-la-zona-naranja-en-el-cementerio-municipal-que-habilita-160-plazas-de-estacionamiento-con-la-primera-hora-gratuita\\\/#primaryimage\"},\"thumbnailUrl\":\"https:\\\/\\\/www.laguiadepamplona.com\\\/actualidad\\\/wp-content\\\/uploads\\\/2021\\\/07\\\/cementerio_JMG4903.jpg\",\"articleSection\":[\"Ayto Pamplona\"],\"inLanguage\":\"es\",\"potentialAction\":[{\"@type\":\"CommentAction\",\"name\":\"Comment\",\"target\":[\"https:\\\/\\\/www.laguiadepamplona.com\\\/actualidad\\\/el-proximo-lunes-entra-en-funcionamiento-la-zona-naranja-en-el-cementerio-municipal-que-habilita-160-plazas-de-estacionamiento-con-la-primera-hora-gratuita\\\/#respond\"]}]},{\"@type\":\"WebPage\",\"@id\":\"https:\\\/\\\/www.laguiadepamplona.com\\\/actualidad\\\/el-proximo-lunes-entra-en-funcionamiento-la-zona-naranja-en-el-cementerio-municipal-que-habilita-160-plazas-de-estacionamiento-con-la-primera-hora-gratuita\\\/\",\"url\":\"https:\\\/\\\/www.laguiadepamplona.com\\\/actualidad\\\/el-proximo-lunes-entra-en-funcionamiento-la-zona-naranja-en-el-cementerio-municipal-que-habilita-160-plazas-de-estacionamiento-con-la-primera-hora-gratuita\\\/\",\"name\":\"El pr\u00f3ximo lunes entra en funcionamiento la zona naranja en el cementerio municipal, que habilita 160 plazas de estacionamiento con la primera hora gratuita\",\"isPartOf\":{\"@id\":\"https:\\\/\\\/www.laguiadepamplona.com\\\/actualidad\\\/#website\"},\"primaryImageOfPage\":{\"@id\":\"https:\\\/\\\/www.laguiadepamplona.com\\\/actualidad\\\/el-proximo-lunes-entra-en-funcionamiento-la-zona-naranja-en-el-cementerio-municipal-que-habilita-160-plazas-de-estacionamiento-con-la-primera-hora-gratuita\\\/#primaryimage\"},\"image\":{\"@id\":\"https:\\\/\\\/www.laguiadepamplona.com\\\/actualidad\\\/el-proximo-lunes-entra-en-funcionamiento-la-zona-naranja-en-el-cementerio-municipal-que-habilita-160-plazas-de-estacionamiento-con-la-primera-hora-gratuita\\\/#primaryimage\"},\"thumbnailUrl\":\"https:\\\/\\\/www.laguiadepamplona.com\\\/actualidad\\\/wp-content\\\/uploads\\\/2021\\\/07\\\/cementerio_JMG4903.jpg\",\"datePublished\":\"2023-03-31T10:55:02+00:00\",\"dateModified\":\"2023-04-11T09:46:54+00:00\",\"description\":\"La zona se corresponde con el sector 6 (San Juan) y mantendr\u00e1 el mismo horario que el resto del estacionamiento regulado de la ciudad\",\"breadcrumb\":{\"@id\":\"https:\\\/\\\/www.laguiadepamplona.com\\\/actualidad\\\/el-proximo-lunes-entra-en-funcionamiento-la-zona-naranja-en-el-cementerio-municipal-que-habilita-160-plazas-de-estacionamiento-con-la-primera-hora-gratuita\\\/#breadcrumb\"},\"inLanguage\":\"es\",\"potentialAction\":[{\"@type\":\"ReadAction\",\"target\":[\"https:\\\/\\\/www.laguiadepamplona.com\\\/actualidad\\\/el-proximo-lunes-entra-en-funcionamiento-la-zona-naranja-en-el-cementerio-municipal-que-habilita-160-plazas-de-estacionamiento-con-la-primera-hora-gratuita\\\/\"]}]},{\"@type\":\"ImageObject\",\"inLanguage\":\"es\",\"@id\":\"https:\\\/\\\/www.laguiadepamplona.com\\\/actualidad\\\/el-proximo-lunes-entra-en-funcionamiento-la-zona-naranja-en-el-cementerio-municipal-que-habilita-160-plazas-de-estacionamiento-con-la-primera-hora-gratuita\\\/#primaryimage\",\"url\":\"https:\\\/\\\/www.laguiadepamplona.com\\\/actualidad\\\/wp-content\\\/uploads\\\/2021\\\/07\\\/cementerio_JMG4903.jpg\",\"contentUrl\":\"https:\\\/\\\/www.laguiadepamplona.com\\\/actualidad\\\/wp-content\\\/uploads\\\/2021\\\/07\\\/cementerio_JMG4903.jpg\",\"width\":1920,\"height\":1280},{\"@type\":\"BreadcrumbList\",\"@id\":\"https:\\\/\\\/www.laguiadepamplona.com\\\/actualidad\\\/el-proximo-lunes-entra-en-funcionamiento-la-zona-naranja-en-el-cementerio-municipal-que-habilita-160-plazas-de-estacionamiento-con-la-primera-hora-gratuita\\\/#breadcrumb\",\"itemListElement\":[{\"@type\":\"ListItem\",\"position\":1,\"name\":\"Portada\",\"item\":\"https:\\\/\\\/www.laguiadepamplona.com\\\/actualidad\\\/\"},{\"@type\":\"ListItem\",\"position\":2,\"name\":\"El pr\u00f3ximo lunes entra en funcionamiento la zona naranja en el cementerio municipal, que habilita 160 plazas de estacionamiento con la primera hora gratuita\"}]},{\"@type\":\"WebSite\",\"@id\":\"https:\\\/\\\/www.laguiadepamplona.com\\\/actualidad\\\/#website\",\"url\":\"https:\\\/\\\/www.laguiadepamplona.com\\\/actualidad\\\/\",\"name\":\"La gu\u00eda de Pamplona\",\"description\":\"Noticias de Pamplona\",\"publisher\":{\"@id\":\"https:\\\/\\\/www.laguiadepamplona.com\\\/actualidad\\\/#organization\"},\"potentialAction\":[{\"@type\":\"SearchAction\",\"target\":{\"@type\":\"EntryPoint\",\"urlTemplate\":\"https:\\\/\\\/www.laguiadepamplona.com\\\/actualidad\\\/?s={search_term_string}\"},\"query-input\":{\"@type\":\"PropertyValueSpecification\",\"valueRequired\":true,\"valueName\":\"search_term_string\"}}],\"inLanguage\":\"es\"},{\"@type\":\"Organization\",\"@id\":\"https:\\\/\\\/www.laguiadepamplona.com\\\/actualidad\\\/#organization\",\"name\":\"La Gu\u00eda de Pamplona \\\/ Noticias\",\"url\":\"https:\\\/\\\/www.laguiadepamplona.com\\\/actualidad\\\/\",\"logo\":{\"@type\":\"ImageObject\",\"inLanguage\":\"es\",\"@id\":\"https:\\\/\\\/www.laguiadepamplona.com\\\/actualidad\\\/#\\\/schema\\\/logo\\\/image\\\/\",\"url\":\"https:\\\/\\\/www.laguiadepamplona.com\\\/actualidad\\\/wp-content\\\/uploads\\\/2018\\\/11\\\/logo-laguiadepamplona18-web1.png\",\"contentUrl\":\"https:\\\/\\\/www.laguiadepamplona.com\\\/actualidad\\\/wp-content\\\/uploads\\\/2018\\\/11\\\/logo-laguiadepamplona18-web1.png\",\"width\":600,\"height\":196,\"caption\":\"La Gu\u00eda de Pamplona \\\/ Noticias\"},\"image\":{\"@id\":\"https:\\\/\\\/www.laguiadepamplona.com\\\/actualidad\\\/#\\\/schema\\\/logo\\\/image\\\/\"},\"sameAs\":[\"https:\\\/\\\/www.facebook.com\\\/laguiadepamplonacom-133175176762273\\\/?ref=hl\",\"https:\\\/\\\/x.com\\\/LaGuiadPamplona\",\"https:\\\/\\\/www.instagram.com\\\/la_guia_de_pamplona\\\/\",\"https:\\\/\\\/www.youtube.com\\\/user\\\/laguiadepamplona\"]},{\"@type\":\"Person\",\"@id\":\"https:\\\/\\\/www.laguiadepamplona.com\\\/actualidad\\\/#\\\/schema\\\/person\\\/efe887376f0213d4657c93adc50b1fdb\",\"name\":\"La Gu\u00eda de Pamplona\",\"image\":{\"@type\":\"ImageObject\",\"inLanguage\":\"es\",\"@id\":\"https:\\\/\\\/secure.gravatar.com\\\/avatar\\\/b6992f131dc8d30ab0dff15446e9d346d9dbd95992de0fef795073f5ea83a81c?s=96&d=mm&r=g\",\"url\":\"https:\\\/\\\/secure.gravatar.com\\\/avatar\\\/b6992f131dc8d30ab0dff15446e9d346d9dbd95992de0fef795073f5ea83a81c?s=96&d=mm&r=g\",\"contentUrl\":\"https:\\\/\\\/secure.gravatar.com\\\/avatar\\\/b6992f131dc8d30ab0dff15446e9d346d9dbd95992de0fef795073f5ea83a81c?s=96&d=mm&r=g\",\"caption\":\"La Gu\u00eda de Pamplona\"}}]}<\/script>\n<!-- \/ Yoast SEO plugin. -->","yoast_head_json":{"title":"El pr\u00f3ximo lunes entra en funcionamiento la zona naranja en el cementerio municipal, que habilita 160 plazas de estacionamiento con la primera hora gratuita","description":"La zona se corresponde con el sector 6 (San Juan) y mantendr\u00e1 el mismo horario que el resto del estacionamiento regulado de la ciudad","robots":{"index":"index","follow":"follow","max-snippet":"max-snippet:-1","max-image-preview":"max-image-preview:large","max-video-preview":"max-video-preview:-1"},"canonical":"https:\/\/www.laguiadepamplona.com\/actualidad\/el-proximo-lunes-entra-en-funcionamiento-la-zona-naranja-en-el-cementerio-municipal-que-habilita-160-plazas-de-estacionamiento-con-la-primera-hora-gratuita\/","og_locale":"es_ES","og_type":"article","og_title":"El pr\u00f3ximo lunes entra en funcionamiento la zona naranja en el cementerio municipal, que habilita 160 plazas de estacionamiento con la primera hora gratuita","og_description":"La zona se corresponde con el sector 6 (San Juan) y mantendr\u00e1 el mismo horario que el resto del estacionamiento regulado de la ciudad","og_url":"https:\/\/www.laguiadepamplona.com\/actualidad\/el-proximo-lunes-entra-en-funcionamiento-la-zona-naranja-en-el-cementerio-municipal-que-habilita-160-plazas-de-estacionamiento-con-la-primera-hora-gratuita\/","og_site_name":"La Gu\u00eda de Pamplona","article_publisher":"https:\/\/www.facebook.com\/laguiadepamplonacom-133175176762273\/?ref=hl","article_published_time":"2023-03-31T10:55:02+00:00","article_modified_time":"2023-04-11T09:46:54+00:00","og_image":[{"width":1920,"height":1280,"url":"https:\/\/www.laguiadepamplona.com\/actualidad\/wp-content\/uploads\/2021\/07\/cementerio_JMG4903.jpg","type":"image\/jpeg"}],"author":"La Gu\u00eda de Pamplona","twitter_card":"summary_large_image","twitter_creator":"@LaGuiadPamplona","twitter_site":"@LaGuiadPamplona","twitter_misc":{"Escrito por":"La Gu\u00eda de Pamplona","Tiempo de lectura":"2 minutos"},"schema":{"@context":"https:\/\/schema.org","@graph":[{"@type":"Article","@id":"https:\/\/www.laguiadepamplona.com\/actualidad\/el-proximo-lunes-entra-en-funcionamiento-la-zona-naranja-en-el-cementerio-municipal-que-habilita-160-plazas-de-estacionamiento-con-la-primera-hora-gratuita\/#article","isPartOf":{"@id":"https:\/\/www.laguiadepamplona.com\/actualidad\/el-proximo-lunes-entra-en-funcionamiento-la-zona-naranja-en-el-cementerio-municipal-que-habilita-160-plazas-de-estacionamiento-con-la-primera-hora-gratuita\/"},"author":{"name":"La Gu\u00eda de Pamplona","@id":"https:\/\/www.laguiadepamplona.com\/actualidad\/#\/schema\/person\/efe887376f0213d4657c93adc50b1fdb"},"headline":"El pr\u00f3ximo lunes entra en funcionamiento la zona naranja en el cementerio municipal, que habilita 160 plazas de estacionamiento con la primera hora gratuita","datePublished":"2023-03-31T10:55:02+00:00","dateModified":"2023-04-11T09:46:54+00:00","mainEntityOfPage":{"@id":"https:\/\/www.laguiadepamplona.com\/actualidad\/el-proximo-lunes-entra-en-funcionamiento-la-zona-naranja-en-el-cementerio-municipal-que-habilita-160-plazas-de-estacionamiento-con-la-primera-hora-gratuita\/"},"wordCount":376,"commentCount":0,"publisher":{"@id":"https:\/\/www.laguiadepamplona.com\/actualidad\/#organization"},"image":{"@id":"https:\/\/www.laguiadepamplona.com\/actualidad\/el-proximo-lunes-entra-en-funcionamiento-la-zona-naranja-en-el-cementerio-municipal-que-habilita-160-plazas-de-estacionamiento-con-la-primera-hora-gratuita\/#primaryimage"},"thumbnailUrl":"https:\/\/www.laguiadepamplona.com\/actualidad\/wp-content\/uploads\/2021\/07\/cementerio_JMG4903.jpg","articleSection":["Ayto Pamplona"],"inLanguage":"es","potentialAction":[{"@type":"CommentAction","name":"Comment","target":["https:\/\/www.laguiadepamplona.com\/actualidad\/el-proximo-lunes-entra-en-funcionamiento-la-zona-naranja-en-el-cementerio-municipal-que-habilita-160-plazas-de-estacionamiento-con-la-primera-hora-gratuita\/#respond"]}]},{"@type":"WebPage","@id":"https:\/\/www.laguiadepamplona.com\/actualidad\/el-proximo-lunes-entra-en-funcionamiento-la-zona-naranja-en-el-cementerio-municipal-que-habilita-160-plazas-de-estacionamiento-con-la-primera-hora-gratuita\/","url":"https:\/\/www.laguiadepamplona.com\/actualidad\/el-proximo-lunes-entra-en-funcionamiento-la-zona-naranja-en-el-cementerio-municipal-que-habilita-160-plazas-de-estacionamiento-con-la-primera-hora-gratuita\/","name":"El pr\u00f3ximo lunes entra en funcionamiento la zona naranja en el cementerio municipal, que habilita 160 plazas de estacionamiento con la primera hora gratuita","isPartOf":{"@id":"https:\/\/www.laguiadepamplona.com\/actualidad\/#website"},"primaryImageOfPage":{"@id":"https:\/\/www.laguiadepamplona.com\/actualidad\/el-proximo-lunes-entra-en-funcionamiento-la-zona-naranja-en-el-cementerio-municipal-que-habilita-160-plazas-de-estacionamiento-con-la-primera-hora-gratuita\/#primaryimage"},"image":{"@id":"https:\/\/www.laguiadepamplona.com\/actualidad\/el-proximo-lunes-entra-en-funcionamiento-la-zona-naranja-en-el-cementerio-municipal-que-habilita-160-plazas-de-estacionamiento-con-la-primera-hora-gratuita\/#primaryimage"},"thumbnailUrl":"https:\/\/www.laguiadepamplona.com\/actualidad\/wp-content\/uploads\/2021\/07\/cementerio_JMG4903.jpg","datePublished":"2023-03-31T10:55:02+00:00","dateModified":"2023-04-11T09:46:54+00:00","description":"La zona se corresponde con el sector 6 (San Juan) y mantendr\u00e1 el mismo horario que el resto del estacionamiento regulado de la ciudad","breadcrumb":{"@id":"https:\/\/www.laguiadepamplona.com\/actualidad\/el-proximo-lunes-entra-en-funcionamiento-la-zona-naranja-en-el-cementerio-municipal-que-habilita-160-plazas-de-estacionamiento-con-la-primera-hora-gratuita\/#breadcrumb"},"inLanguage":"es","potentialAction":[{"@type":"ReadAction","target":["https:\/\/www.laguiadepamplona.com\/actualidad\/el-proximo-lunes-entra-en-funcionamiento-la-zona-naranja-en-el-cementerio-municipal-que-habilita-160-plazas-de-estacionamiento-con-la-primera-hora-gratuita\/"]}]},{"@type":"ImageObject","inLanguage":"es","@id":"https:\/\/www.laguiadepamplona.com\/actualidad\/el-proximo-lunes-entra-en-funcionamiento-la-zona-naranja-en-el-cementerio-municipal-que-habilita-160-plazas-de-estacionamiento-con-la-primera-hora-gratuita\/#primaryimage","url":"https:\/\/www.laguiadepamplona.com\/actualidad\/wp-content\/uploads\/2021\/07\/cementerio_JMG4903.jpg","contentUrl":"https:\/\/www.laguiadepamplona.com\/actualidad\/wp-content\/uploads\/2021\/07\/cementerio_JMG4903.jpg","width":1920,"height":1280},{"@type":"BreadcrumbList","@id":"https:\/\/www.laguiadepamplona.com\/actualidad\/el-proximo-lunes-entra-en-funcionamiento-la-zona-naranja-en-el-cementerio-municipal-que-habilita-160-plazas-de-estacionamiento-con-la-primera-hora-gratuita\/#breadcrumb","itemListElement":[{"@type":"ListItem","position":1,"name":"Portada","item":"https:\/\/www.laguiadepamplona.com\/actualidad\/"},{"@type":"ListItem","position":2,"name":"El pr\u00f3ximo lunes entra en funcionamiento la zona naranja en el cementerio municipal, que habilita 160 plazas de estacionamiento con la primera hora gratuita"}]},{"@type":"WebSite","@id":"https:\/\/www.laguiadepamplona.com\/actualidad\/#website","url":"https:\/\/www.laguiadepamplona.com\/actualidad\/","name":"La gu\u00eda de Pamplona","description":"Noticias de Pamplona","publisher":{"@id":"https:\/\/www.laguiadepamplona.com\/actualidad\/#organization"},"potentialAction":[{"@type":"SearchAction","target":{"@type":"EntryPoint","urlTemplate":"https:\/\/www.laguiadepamplona.com\/actualidad\/?s={search_term_string}"},"query-input":{"@type":"PropertyValueSpecification","valueRequired":true,"valueName":"search_term_string"}}],"inLanguage":"es"},{"@type":"Organization","@id":"https:\/\/www.laguiadepamplona.com\/actualidad\/#organization","name":"La Gu\u00eda de Pamplona \/ Noticias","url":"https:\/\/www.laguiadepamplona.com\/actualidad\/","logo":{"@type":"ImageObject","inLanguage":"es","@id":"https:\/\/www.laguiadepamplona.com\/actualidad\/#\/schema\/logo\/image\/","url":"https:\/\/www.laguiadepamplona.com\/actualidad\/wp-content\/uploads\/2018\/11\/logo-laguiadepamplona18-web1.png","contentUrl":"https:\/\/www.laguiadepamplona.com\/actualidad\/wp-content\/uploads\/2018\/11\/logo-laguiadepamplona18-web1.png","width":600,"height":196,"caption":"La Gu\u00eda de Pamplona \/ Noticias"},"image":{"@id":"https:\/\/www.laguiadepamplona.com\/actualidad\/#\/schema\/logo\/image\/"},"sameAs":["https:\/\/www.facebook.com\/laguiadepamplonacom-133175176762273\/?ref=hl","https:\/\/x.com\/LaGuiadPamplona","https:\/\/www.instagram.com\/la_guia_de_pamplona\/","https:\/\/www.youtube.com\/user\/laguiadepamplona"]},{"@type":"Person","@id":"https:\/\/www.laguiadepamplona.com\/actualidad\/#\/schema\/person\/efe887376f0213d4657c93adc50b1fdb","name":"La Gu\u00eda de Pamplona","image":{"@type":"ImageObject","inLanguage":"es","@id":"https:\/\/secure.gravatar.com\/avatar\/b6992f131dc8d30ab0dff15446e9d346d9dbd95992de0fef795073f5ea83a81c?s=96&d=mm&r=g","url":"https:\/\/secure.gravatar.com\/avatar\/b6992f131dc8d30ab0dff15446e9d346d9dbd95992de0fef795073f5ea83a81c?s=96&d=mm&r=g","contentUrl":"https:\/\/secure.gravatar.com\/avatar\/b6992f131dc8d30ab0dff15446e9d346d9dbd95992de0fef795073f5ea83a81c?s=96&d=mm&r=g","caption":"La Gu\u00eda de Pamplona"}}]}},"post_mailing_queue_ids":[],"_links":{"self":[{"href":"https:\/\/www.laguiadepamplona.com\/actualidad\/wp-json\/wp\/v2\/posts\/43380","targetHints":{"allow":["GET"]}}],"collection":[{"href":"https:\/\/www.laguiadepamplona.com\/actualidad\/wp-json\/wp\/v2\/posts"}],"about":[{"href":"https:\/\/www.laguiadepamplona.com\/actualidad\/wp-json\/wp\/v2\/types\/post"}],"author":[{"embeddable":true,"href":"https:\/\/www.laguiadepamplona.com\/actualidad\/wp-json\/wp\/v2\/users\/1"}],"replies":[{"embeddable":true,"href":"https:\/\/www.laguiadepamplona.com\/actualidad\/wp-json\/wp\/v2\/comments?post=43380"}],"version-history":[{"count":0,"href":"https:\/\/www.laguiadepamplona.com\/actualidad\/wp-json\/wp\/v2\/posts\/43380\/revisions"}],"wp:featuredmedia":[{"embeddable":true,"href":"https:\/\/www.laguiadepamplona.com\/actualidad\/wp-json\/wp\/v2\/media\/36018"}],"wp:attachment":[{"href":"https:\/\/www.laguiadepamplona.com\/actualidad\/wp-json\/wp\/v2\/media?parent=43380"}],"wp:term":[{"taxonomy":"category","embeddable":true,"href":"https:\/\/www.laguiadepamplona.com\/actualidad\/wp-json\/wp\/v2\/categories?post=43380"},{"taxonomy":"post_tag","embeddable":true,"href":"https:\/\/www.laguiadepamplona.com\/actualidad\/wp-json\/wp\/v2\/tags?post=43380"}],"curies":[{"name":"wp","href":"https:\/\/api.w.org\/{rel}","templated":true}]}}