{"id":43377,"date":"2023-03-31T12:54:08","date_gmt":"2023-03-31T10:54:08","guid":{"rendered":"https:\/\/www.laguiadepamplona.com\/actualidad\/?p=43377"},"modified":"2023-04-11T11:46:54","modified_gmt":"2023-04-11T09:46:54","slug":"la-naturaleza-amenazada-es-la-clave-de-la-exposicion-artea-oinez-2023-que-muestra-en-el-palacio-del-condestable-obra-de-86-creadores","status":"publish","type":"post","link":"https:\/\/www.laguiadepamplona.com\/actualidad\/la-naturaleza-amenazada-es-la-clave-de-la-exposicion-artea-oinez-2023-que-muestra-en-el-palacio-del-condestable-obra-de-86-creadores\/","title":{"rendered":"La naturaleza amenazada es la clave de la exposici\u00f3n \u2018Artea Oinez 2023\u2019, que muestra en el Palacio del Condestable obra de 86 creadores"},"content":{"rendered":"<h5>La edici\u00f3n que organiza Ikastola Andra Mari, de Etxarri Aranatz, homenajea a la creadora de Sakana Asunci\u00f3n Goikoetxea con \u2018Hutsuneak\/Vac\u00edos\u2019<\/h5>\n<p><!--more--><\/p>\n<p>El Palacio del Condestable acoge, desde hoy 31 de marzo al 7 de mayo, la exposici\u00f3n \u2018Artea Oinez 23\u2019, una muestra que se enmarca en las actividades del Nafarroa Oinez que esta edici\u00f3n organiza la Ikastola Andra Mari, de Etxarri Aranatz. La naturaleza amenazada es el eje de reflexi\u00f3n de 83 de artistas que, con sus obras, series o instalaciones, alertan sobre que el uso abusivo, insensible e irresponsable del medio est\u00e1 provocando una degradaci\u00f3n de la naturaleza de efectos imprevisibles, que resulta suicida para la humanidad.<\/p>\n<p>En esta edici\u00f3n tambi\u00e9n se quiere hacer un homenaje a Asunci\u00f3n Goikoetxea (Bakaiku, 1962). Licenciada en Bellas Artes por la Universidad del Pa\u00eds Vasco, sus obras proclaman una actuaci\u00f3n tanto po\u00e9tica como pol\u00edtica, afirmando la multiplicidad de lo diverso y apostando visibilizar a las mujeres, golpeadas por un grado variable de invisibilidad social, pol\u00edtica y simb\u00f3lica. La muestra recoge su obra \u2018Hutsuneak\/Vac\u00edos\u2019 muy representativa de su actual momento art\u00edstico. La creadora estar\u00e1 presente en el acto de inauguraci\u00f3n, esta tarde a las 18 horas.<br \/>\n<script async src=\"\/\/pagead2.googlesyndication.com\/pagead\/js\/adsbygoogle.js\"><\/script><br \/>\n<!-- Noticias La Guia de Pamplona --><br \/>\n<ins class=\"adsbygoogle\"\nstyle=\"display:block\"\ndata-ad-client=\"ca-pub-6943679897239327\"\ndata-ad-slot=\"7048180777\"\ndata-ad-format=\"auto\"><\/ins><br \/>\n<script>\n(adsbygoogle = window.adsbygoogle || []).push({});\n<\/script><\/p>\n<p>En la muestra se dan cita diferentes lenguajes y t\u00e9cnicas y recalcan su componente experiencial invitando a los visitantes a participar de la inmersi\u00f3n en el arte actual y sus propuestas. Jorge Urd\u00e1noz, director del \u00e1rea de Cultura e Igualdad del Ayuntamiento de Pamplona; I\u00f1igo Orella, director de Andra Mari Ikastola de Etxarri Aranatz; y Josu Reparaz, director de la Federaci\u00f3n Navarra de Ikastolas y comisario de la exposici\u00f3n, han presentado esta ma\u00f1ana los contenidos \u2018Artea Oinez 23\u2019.<\/p>\n<p>Entre la obra expuesta, abstracta en su mayor\u00eda, se hallan esculturas, pinturas, dibujos, collages, instalaciones, fotograf\u00edas, grabados, v\u00eddeos e impresiones digitales, que los 83 creadores y creadoras ceden desinteresadamente a la organizaci\u00f3n. Entre estos artistas va creciendo, con 32 mujeres, el porcentaje de artistas femeninas que dan a conocer su obra.<\/p>\n<p>La muestra, organizada por la Federaci\u00f3n de Ikastolas con la colaboraci\u00f3n del Consistorio, se puede visitar en dos salas de la primera planta del edificio de la calle Mayor 2, de lunes a domingo, de 9 a 14 horas y de 17 a 21 horas. Durante la Semana Santa, las salas estar\u00e1n cerrada los d\u00edas 6, 7 y 10 de abril.<br \/>\n<script async src=\"\/\/pagead2.googlesyndication.com\/pagead\/js\/adsbygoogle.js\"><\/script><br \/>\n<!-- Noticias La Guia de Pamplona --><br \/>\n<ins class=\"adsbygoogle\"\nstyle=\"display:block\"\ndata-ad-client=\"ca-pub-6943679897239327\"\ndata-ad-slot=\"7048180777\"\ndata-ad-format=\"auto\"><\/ins><br \/>\n<script>\n(adsbygoogle = window.adsbygoogle || []).push({});\n<\/script><\/p>\n<p>&nbsp;<\/p>\n<h3>Artea Oinez 2023. Del 31 de Marzo al 7 de Mayo. Palacio del Condestable<\/h3>\n<p>&nbsp;<\/p>\n<ul>\n<li>Xabier Agirre<\/li>\n<li>Elena Aitzkoa<\/li>\n<li>Faustino Aizkorbe<\/li>\n<li>Juan Aizpitarte<\/li>\n<li>Jos\u00e9 Ram\u00f3n Anda<\/li>\n<li>Ibon Aranberri<\/li>\n<li>Txaro Arrazola<\/li>\n<li>Pello Azketa<\/li>\n<li>Txomin Badiola<\/li>\n<li>Nadia Barkate<\/li>\n<li>Baroja Collet<\/li>\n<li>Nestor Basterretxea<\/li>\n<li>Imanol Bengoetxea<\/li>\n<li>Argi\u00f1e Berastegi<\/li>\n<li>Clemente Bernad<\/li>\n<li>Carlos C\u00e1novas<\/li>\n<li>Concha Cilveti<\/li>\n<li>June Crespo<\/li>\n<li>Josette Dacosta<\/li>\n<li>Bingen De Pedro<\/li>\n<li>Xabier De Zerio<\/li>\n<li>Naia del Castillo<\/li>\n<li>Ferm\u00edn D\u00edez de Ulzurrun<\/li>\n<li>Miren Doiz<\/li>\n<li>Mikel Eskauriaza<\/li>\n<li>Celia Eslava<\/li>\n<li>Andoni Euba<\/li>\n<li>Jon Mikel Euba<\/li>\n<li>Leopoldo Ferr\u00e1n<\/li>\n<li>Gorka Flores &amp; Maria Luisa Bengoetxea<\/li>\n<li>Txaro Fontalba<\/li>\n<li>I\u00f1aki Garmendia<\/li>\n<li>\u00c1ngel Garraza<\/li>\n<li>Kepa Garraza<\/li>\n<li>Asunci\u00f3n Goikoetxea<\/li>\n<li>Patrik Grijalvo<\/li>\n<li>Mari Puri Herrero<\/li>\n<li>Reyes Ibarrondo<\/li>\n<li>Juan Jes\u00fas Ilundain<\/li>\n<li>Zaloa Ipi\u00f1a<\/li>\n<li>Pello Irazu<\/li>\n<li>Alicia Irigoyen<\/li>\n<li>Carlos Irijalba<\/li>\n<li>Oier Iruretagoiena<\/li>\n<li>Ferm\u00edn Jim\u00e9nez Landa<\/li>\n<li>Vicente Larrea<\/li>\n<li>Mikel Lertxundi<\/li>\n<li>Sagri Mauleon<\/li>\n<li>Asier Mendizabal<\/li>\n<li>Juan Mieg<\/li>\n<li>Idoia Mont\u00f3n<\/li>\n<li>\u00c1ngela Moreno<\/li>\n<li>Xabier Morr\u00e1s<\/li>\n<li>Rafa Mun\u00e1rriz<\/li>\n<li>Manu Muniategiandikoetxea<\/li>\n<li>Itziar Nazabal<\/li>\n<li>Itziar Okariz<\/li>\n<li>Mikel Oki\u00f1ena<\/li>\n<li>F\u00e9lix Ortega<\/li>\n<li>Eugenio Ortiz<\/li>\n<li>Fernando Pagola<\/li>\n<li>Julio Pablo P\u00e9rez<\/li>\n<li>Maider Perkaz<\/li>\n<li>Paco Pol\u00e1n<\/li>\n<li>Txuspo Poyo<\/li>\n<li>Sergio Prego<\/li>\n<li>Mari Jose Recalde<\/li>\n<li>Ana Ria\u00f1o<\/li>\n<li>Javier Ria\u00f1o<\/li>\n<li>Mabi Revuelta<\/li>\n<li>Ana Ria\u00f1o<\/li>\n<li>Javier Ria\u00f1o<\/li>\n<li>Koko Rico<\/li>\n<li>David Rodr\u00edguez Caballero<\/li>\n<li>Ixone S\u00e1daba<\/li>\n<li>Dora Salazar<\/li>\n<li>Helena Santano<\/li>\n<li>Jos\u00e9 Antonio Sistiaga<\/li>\n<li>Juan Sukilbide<\/li>\n<li>Susana Talayero<\/li>\n<li>Dar\u00edo Urzay<\/li>\n<li>Miren Ustarroz<\/li>\n<li>Azucena Vieites<\/li>\n<li>Maia Villot De Diego<\/li>\n<li>Bego\u00f1a Zubero<\/li>\n<li>Jos\u00e9 Luis Zumeta<\/li>\n<\/ul>\n","protected":false},"excerpt":{"rendered":"<p>La edici\u00f3n que organiza Ikastola Andra Mari, de Etxarri Aranatz, homenajea a la creadora de Sakana Asunci\u00f3n Goikoetxea con \u2018Hutsuneak\/Vac\u00edos\u2019<\/p>\n","protected":false},"author":1,"featured_media":43378,"comment_status":"open","ping_status":"closed","sticky":false,"template":"","format":"standard","meta":{"footnotes":""},"categories":[2],"tags":[],"class_list":["post-43377","post","type-post","status-publish","format-standard","has-post-thumbnail","hentry","category-ayuntamiento-pamplona"],"yoast_head":"<!-- This site is optimized with the Yoast SEO plugin v27.3 - https:\/\/yoast.com\/product\/yoast-seo-wordpress\/ -->\n<title>La naturaleza amenazada es la clave de la exposici\u00f3n \u2018Artea Oinez 2023\u2019, que muestra en el Palacio del Condestable obra de 86 creadores<\/title>\n<meta name=\"description\" content=\"La edici\u00f3n que organiza Ikastola Andra Mari, de Etxarri Aranatz, homenajea a la creadora de Sakana Asunci\u00f3n Goikoetxea con \u2018Hutsuneak\/Vac\u00edos\u2019\" \/>\n<meta name=\"robots\" content=\"index, follow, max-snippet:-1, max-image-preview:large, max-video-preview:-1\" \/>\n<link rel=\"canonical\" href=\"https:\/\/www.laguiadepamplona.com\/actualidad\/la-naturaleza-amenazada-es-la-clave-de-la-exposicion-artea-oinez-2023-que-muestra-en-el-palacio-del-condestable-obra-de-86-creadores\/\" \/>\n<meta property=\"og:locale\" content=\"es_ES\" \/>\n<meta property=\"og:type\" content=\"article\" \/>\n<meta property=\"og:title\" content=\"La naturaleza amenazada es la clave de la exposici\u00f3n \u2018Artea Oinez 2023\u2019, que muestra en el Palacio del Condestable obra de 86 creadores\" \/>\n<meta property=\"og:description\" content=\"La edici\u00f3n que organiza Ikastola Andra Mari, de Etxarri Aranatz, homenajea a la creadora de Sakana Asunci\u00f3n Goikoetxea con \u2018Hutsuneak\/Vac\u00edos\u2019\" \/>\n<meta property=\"og:url\" content=\"https:\/\/www.laguiadepamplona.com\/actualidad\/la-naturaleza-amenazada-es-la-clave-de-la-exposicion-artea-oinez-2023-que-muestra-en-el-palacio-del-condestable-obra-de-86-creadores\/\" \/>\n<meta property=\"og:site_name\" content=\"La Gu\u00eda de Pamplona\" \/>\n<meta property=\"article:publisher\" content=\"https:\/\/www.facebook.com\/laguiadepamplonacom-133175176762273\/?ref=hl\" \/>\n<meta property=\"article:published_time\" content=\"2023-03-31T10:54:08+00:00\" \/>\n<meta property=\"article:modified_time\" content=\"2023-04-11T09:46:54+00:00\" \/>\n<meta property=\"og:image\" content=\"https:\/\/www.laguiadepamplona.com\/actualidad\/wp-content\/uploads\/2023\/03\/arteaoinez1_0.webp\" \/>\n\t<meta property=\"og:image:width\" content=\"1335\" \/>\n\t<meta property=\"og:image:height\" content=\"701\" \/>\n\t<meta property=\"og:image:type\" content=\"image\/webp\" \/>\n<meta name=\"author\" content=\"La Gu\u00eda de Pamplona\" \/>\n<meta name=\"twitter:card\" content=\"summary_large_image\" \/>\n<meta name=\"twitter:creator\" content=\"@LaGuiadPamplona\" \/>\n<meta name=\"twitter:site\" content=\"@LaGuiadPamplona\" \/>\n<meta name=\"twitter:label1\" content=\"Escrito por\" \/>\n\t<meta name=\"twitter:data1\" content=\"La Gu\u00eda de Pamplona\" \/>\n\t<meta name=\"twitter:label2\" content=\"Tiempo de lectura\" \/>\n\t<meta name=\"twitter:data2\" content=\"3 minutos\" \/>\n<script type=\"application\/ld+json\" class=\"yoast-schema-graph\">{\"@context\":\"https:\\\/\\\/schema.org\",\"@graph\":[{\"@type\":\"Article\",\"@id\":\"https:\\\/\\\/www.laguiadepamplona.com\\\/actualidad\\\/la-naturaleza-amenazada-es-la-clave-de-la-exposicion-artea-oinez-2023-que-muestra-en-el-palacio-del-condestable-obra-de-86-creadores\\\/#article\",\"isPartOf\":{\"@id\":\"https:\\\/\\\/www.laguiadepamplona.com\\\/actualidad\\\/la-naturaleza-amenazada-es-la-clave-de-la-exposicion-artea-oinez-2023-que-muestra-en-el-palacio-del-condestable-obra-de-86-creadores\\\/\"},\"author\":{\"name\":\"La Gu\u00eda de Pamplona\",\"@id\":\"https:\\\/\\\/www.laguiadepamplona.com\\\/actualidad\\\/#\\\/schema\\\/person\\\/efe887376f0213d4657c93adc50b1fdb\"},\"headline\":\"La naturaleza amenazada es la clave de la exposici\u00f3n \u2018Artea Oinez 2023\u2019, que muestra en el Palacio del Condestable obra de 86 creadores\",\"datePublished\":\"2023-03-31T10:54:08+00:00\",\"dateModified\":\"2023-04-11T09:46:54+00:00\",\"mainEntityOfPage\":{\"@id\":\"https:\\\/\\\/www.laguiadepamplona.com\\\/actualidad\\\/la-naturaleza-amenazada-es-la-clave-de-la-exposicion-artea-oinez-2023-que-muestra-en-el-palacio-del-condestable-obra-de-86-creadores\\\/\"},\"wordCount\":655,\"commentCount\":0,\"publisher\":{\"@id\":\"https:\\\/\\\/www.laguiadepamplona.com\\\/actualidad\\\/#organization\"},\"image\":{\"@id\":\"https:\\\/\\\/www.laguiadepamplona.com\\\/actualidad\\\/la-naturaleza-amenazada-es-la-clave-de-la-exposicion-artea-oinez-2023-que-muestra-en-el-palacio-del-condestable-obra-de-86-creadores\\\/#primaryimage\"},\"thumbnailUrl\":\"https:\\\/\\\/www.laguiadepamplona.com\\\/actualidad\\\/wp-content\\\/uploads\\\/2023\\\/03\\\/arteaoinez1_0.webp\",\"articleSection\":[\"Ayto Pamplona\"],\"inLanguage\":\"es\",\"potentialAction\":[{\"@type\":\"CommentAction\",\"name\":\"Comment\",\"target\":[\"https:\\\/\\\/www.laguiadepamplona.com\\\/actualidad\\\/la-naturaleza-amenazada-es-la-clave-de-la-exposicion-artea-oinez-2023-que-muestra-en-el-palacio-del-condestable-obra-de-86-creadores\\\/#respond\"]}]},{\"@type\":\"WebPage\",\"@id\":\"https:\\\/\\\/www.laguiadepamplona.com\\\/actualidad\\\/la-naturaleza-amenazada-es-la-clave-de-la-exposicion-artea-oinez-2023-que-muestra-en-el-palacio-del-condestable-obra-de-86-creadores\\\/\",\"url\":\"https:\\\/\\\/www.laguiadepamplona.com\\\/actualidad\\\/la-naturaleza-amenazada-es-la-clave-de-la-exposicion-artea-oinez-2023-que-muestra-en-el-palacio-del-condestable-obra-de-86-creadores\\\/\",\"name\":\"La naturaleza amenazada es la clave de la exposici\u00f3n \u2018Artea Oinez 2023\u2019, que muestra en el Palacio del Condestable obra de 86 creadores\",\"isPartOf\":{\"@id\":\"https:\\\/\\\/www.laguiadepamplona.com\\\/actualidad\\\/#website\"},\"primaryImageOfPage\":{\"@id\":\"https:\\\/\\\/www.laguiadepamplona.com\\\/actualidad\\\/la-naturaleza-amenazada-es-la-clave-de-la-exposicion-artea-oinez-2023-que-muestra-en-el-palacio-del-condestable-obra-de-86-creadores\\\/#primaryimage\"},\"image\":{\"@id\":\"https:\\\/\\\/www.laguiadepamplona.com\\\/actualidad\\\/la-naturaleza-amenazada-es-la-clave-de-la-exposicion-artea-oinez-2023-que-muestra-en-el-palacio-del-condestable-obra-de-86-creadores\\\/#primaryimage\"},\"thumbnailUrl\":\"https:\\\/\\\/www.laguiadepamplona.com\\\/actualidad\\\/wp-content\\\/uploads\\\/2023\\\/03\\\/arteaoinez1_0.webp\",\"datePublished\":\"2023-03-31T10:54:08+00:00\",\"dateModified\":\"2023-04-11T09:46:54+00:00\",\"description\":\"La edici\u00f3n que organiza Ikastola Andra Mari, de Etxarri Aranatz, homenajea a la creadora de Sakana Asunci\u00f3n Goikoetxea con \u2018Hutsuneak\\\/Vac\u00edos\u2019\",\"breadcrumb\":{\"@id\":\"https:\\\/\\\/www.laguiadepamplona.com\\\/actualidad\\\/la-naturaleza-amenazada-es-la-clave-de-la-exposicion-artea-oinez-2023-que-muestra-en-el-palacio-del-condestable-obra-de-86-creadores\\\/#breadcrumb\"},\"inLanguage\":\"es\",\"potentialAction\":[{\"@type\":\"ReadAction\",\"target\":[\"https:\\\/\\\/www.laguiadepamplona.com\\\/actualidad\\\/la-naturaleza-amenazada-es-la-clave-de-la-exposicion-artea-oinez-2023-que-muestra-en-el-palacio-del-condestable-obra-de-86-creadores\\\/\"]}]},{\"@type\":\"ImageObject\",\"inLanguage\":\"es\",\"@id\":\"https:\\\/\\\/www.laguiadepamplona.com\\\/actualidad\\\/la-naturaleza-amenazada-es-la-clave-de-la-exposicion-artea-oinez-2023-que-muestra-en-el-palacio-del-condestable-obra-de-86-creadores\\\/#primaryimage\",\"url\":\"https:\\\/\\\/www.laguiadepamplona.com\\\/actualidad\\\/wp-content\\\/uploads\\\/2023\\\/03\\\/arteaoinez1_0.webp\",\"contentUrl\":\"https:\\\/\\\/www.laguiadepamplona.com\\\/actualidad\\\/wp-content\\\/uploads\\\/2023\\\/03\\\/arteaoinez1_0.webp\",\"width\":1335,\"height\":701},{\"@type\":\"BreadcrumbList\",\"@id\":\"https:\\\/\\\/www.laguiadepamplona.com\\\/actualidad\\\/la-naturaleza-amenazada-es-la-clave-de-la-exposicion-artea-oinez-2023-que-muestra-en-el-palacio-del-condestable-obra-de-86-creadores\\\/#breadcrumb\",\"itemListElement\":[{\"@type\":\"ListItem\",\"position\":1,\"name\":\"Portada\",\"item\":\"https:\\\/\\\/www.laguiadepamplona.com\\\/actualidad\\\/\"},{\"@type\":\"ListItem\",\"position\":2,\"name\":\"La naturaleza amenazada es la clave de la exposici\u00f3n \u2018Artea Oinez 2023\u2019, que muestra en el Palacio del Condestable obra de 86 creadores\"}]},{\"@type\":\"WebSite\",\"@id\":\"https:\\\/\\\/www.laguiadepamplona.com\\\/actualidad\\\/#website\",\"url\":\"https:\\\/\\\/www.laguiadepamplona.com\\\/actualidad\\\/\",\"name\":\"La gu\u00eda de Pamplona\",\"description\":\"Noticias de Pamplona\",\"publisher\":{\"@id\":\"https:\\\/\\\/www.laguiadepamplona.com\\\/actualidad\\\/#organization\"},\"potentialAction\":[{\"@type\":\"SearchAction\",\"target\":{\"@type\":\"EntryPoint\",\"urlTemplate\":\"https:\\\/\\\/www.laguiadepamplona.com\\\/actualidad\\\/?s={search_term_string}\"},\"query-input\":{\"@type\":\"PropertyValueSpecification\",\"valueRequired\":true,\"valueName\":\"search_term_string\"}}],\"inLanguage\":\"es\"},{\"@type\":\"Organization\",\"@id\":\"https:\\\/\\\/www.laguiadepamplona.com\\\/actualidad\\\/#organization\",\"name\":\"La Gu\u00eda de Pamplona \\\/ Noticias\",\"url\":\"https:\\\/\\\/www.laguiadepamplona.com\\\/actualidad\\\/\",\"logo\":{\"@type\":\"ImageObject\",\"inLanguage\":\"es\",\"@id\":\"https:\\\/\\\/www.laguiadepamplona.com\\\/actualidad\\\/#\\\/schema\\\/logo\\\/image\\\/\",\"url\":\"https:\\\/\\\/www.laguiadepamplona.com\\\/actualidad\\\/wp-content\\\/uploads\\\/2018\\\/11\\\/logo-laguiadepamplona18-web1.png\",\"contentUrl\":\"https:\\\/\\\/www.laguiadepamplona.com\\\/actualidad\\\/wp-content\\\/uploads\\\/2018\\\/11\\\/logo-laguiadepamplona18-web1.png\",\"width\":600,\"height\":196,\"caption\":\"La Gu\u00eda de Pamplona \\\/ Noticias\"},\"image\":{\"@id\":\"https:\\\/\\\/www.laguiadepamplona.com\\\/actualidad\\\/#\\\/schema\\\/logo\\\/image\\\/\"},\"sameAs\":[\"https:\\\/\\\/www.facebook.com\\\/laguiadepamplonacom-133175176762273\\\/?ref=hl\",\"https:\\\/\\\/x.com\\\/LaGuiadPamplona\",\"https:\\\/\\\/www.instagram.com\\\/la_guia_de_pamplona\\\/\",\"https:\\\/\\\/www.youtube.com\\\/user\\\/laguiadepamplona\"]},{\"@type\":\"Person\",\"@id\":\"https:\\\/\\\/www.laguiadepamplona.com\\\/actualidad\\\/#\\\/schema\\\/person\\\/efe887376f0213d4657c93adc50b1fdb\",\"name\":\"La Gu\u00eda de Pamplona\",\"image\":{\"@type\":\"ImageObject\",\"inLanguage\":\"es\",\"@id\":\"https:\\\/\\\/secure.gravatar.com\\\/avatar\\\/b6992f131dc8d30ab0dff15446e9d346d9dbd95992de0fef795073f5ea83a81c?s=96&d=mm&r=g\",\"url\":\"https:\\\/\\\/secure.gravatar.com\\\/avatar\\\/b6992f131dc8d30ab0dff15446e9d346d9dbd95992de0fef795073f5ea83a81c?s=96&d=mm&r=g\",\"contentUrl\":\"https:\\\/\\\/secure.gravatar.com\\\/avatar\\\/b6992f131dc8d30ab0dff15446e9d346d9dbd95992de0fef795073f5ea83a81c?s=96&d=mm&r=g\",\"caption\":\"La Gu\u00eda de Pamplona\"}}]}<\/script>\n<!-- \/ Yoast SEO plugin. -->","yoast_head_json":{"title":"La naturaleza amenazada es la clave de la exposici\u00f3n \u2018Artea Oinez 2023\u2019, que muestra en el Palacio del Condestable obra de 86 creadores","description":"La edici\u00f3n que organiza Ikastola Andra Mari, de Etxarri Aranatz, homenajea a la creadora de Sakana Asunci\u00f3n Goikoetxea con \u2018Hutsuneak\/Vac\u00edos\u2019","robots":{"index":"index","follow":"follow","max-snippet":"max-snippet:-1","max-image-preview":"max-image-preview:large","max-video-preview":"max-video-preview:-1"},"canonical":"https:\/\/www.laguiadepamplona.com\/actualidad\/la-naturaleza-amenazada-es-la-clave-de-la-exposicion-artea-oinez-2023-que-muestra-en-el-palacio-del-condestable-obra-de-86-creadores\/","og_locale":"es_ES","og_type":"article","og_title":"La naturaleza amenazada es la clave de la exposici\u00f3n \u2018Artea Oinez 2023\u2019, que muestra en el Palacio del Condestable obra de 86 creadores","og_description":"La edici\u00f3n que organiza Ikastola Andra Mari, de Etxarri Aranatz, homenajea a la creadora de Sakana Asunci\u00f3n Goikoetxea con \u2018Hutsuneak\/Vac\u00edos\u2019","og_url":"https:\/\/www.laguiadepamplona.com\/actualidad\/la-naturaleza-amenazada-es-la-clave-de-la-exposicion-artea-oinez-2023-que-muestra-en-el-palacio-del-condestable-obra-de-86-creadores\/","og_site_name":"La Gu\u00eda de Pamplona","article_publisher":"https:\/\/www.facebook.com\/laguiadepamplonacom-133175176762273\/?ref=hl","article_published_time":"2023-03-31T10:54:08+00:00","article_modified_time":"2023-04-11T09:46:54+00:00","og_image":[{"width":1335,"height":701,"url":"https:\/\/www.laguiadepamplona.com\/actualidad\/wp-content\/uploads\/2023\/03\/arteaoinez1_0.webp","type":"image\/webp"}],"author":"La Gu\u00eda de Pamplona","twitter_card":"summary_large_image","twitter_creator":"@LaGuiadPamplona","twitter_site":"@LaGuiadPamplona","twitter_misc":{"Escrito por":"La Gu\u00eda de Pamplona","Tiempo de lectura":"3 minutos"},"schema":{"@context":"https:\/\/schema.org","@graph":[{"@type":"Article","@id":"https:\/\/www.laguiadepamplona.com\/actualidad\/la-naturaleza-amenazada-es-la-clave-de-la-exposicion-artea-oinez-2023-que-muestra-en-el-palacio-del-condestable-obra-de-86-creadores\/#article","isPartOf":{"@id":"https:\/\/www.laguiadepamplona.com\/actualidad\/la-naturaleza-amenazada-es-la-clave-de-la-exposicion-artea-oinez-2023-que-muestra-en-el-palacio-del-condestable-obra-de-86-creadores\/"},"author":{"name":"La Gu\u00eda de Pamplona","@id":"https:\/\/www.laguiadepamplona.com\/actualidad\/#\/schema\/person\/efe887376f0213d4657c93adc50b1fdb"},"headline":"La naturaleza amenazada es la clave de la exposici\u00f3n \u2018Artea Oinez 2023\u2019, que muestra en el Palacio del Condestable obra de 86 creadores","datePublished":"2023-03-31T10:54:08+00:00","dateModified":"2023-04-11T09:46:54+00:00","mainEntityOfPage":{"@id":"https:\/\/www.laguiadepamplona.com\/actualidad\/la-naturaleza-amenazada-es-la-clave-de-la-exposicion-artea-oinez-2023-que-muestra-en-el-palacio-del-condestable-obra-de-86-creadores\/"},"wordCount":655,"commentCount":0,"publisher":{"@id":"https:\/\/www.laguiadepamplona.com\/actualidad\/#organization"},"image":{"@id":"https:\/\/www.laguiadepamplona.com\/actualidad\/la-naturaleza-amenazada-es-la-clave-de-la-exposicion-artea-oinez-2023-que-muestra-en-el-palacio-del-condestable-obra-de-86-creadores\/#primaryimage"},"thumbnailUrl":"https:\/\/www.laguiadepamplona.com\/actualidad\/wp-content\/uploads\/2023\/03\/arteaoinez1_0.webp","articleSection":["Ayto Pamplona"],"inLanguage":"es","potentialAction":[{"@type":"CommentAction","name":"Comment","target":["https:\/\/www.laguiadepamplona.com\/actualidad\/la-naturaleza-amenazada-es-la-clave-de-la-exposicion-artea-oinez-2023-que-muestra-en-el-palacio-del-condestable-obra-de-86-creadores\/#respond"]}]},{"@type":"WebPage","@id":"https:\/\/www.laguiadepamplona.com\/actualidad\/la-naturaleza-amenazada-es-la-clave-de-la-exposicion-artea-oinez-2023-que-muestra-en-el-palacio-del-condestable-obra-de-86-creadores\/","url":"https:\/\/www.laguiadepamplona.com\/actualidad\/la-naturaleza-amenazada-es-la-clave-de-la-exposicion-artea-oinez-2023-que-muestra-en-el-palacio-del-condestable-obra-de-86-creadores\/","name":"La naturaleza amenazada es la clave de la exposici\u00f3n \u2018Artea Oinez 2023\u2019, que muestra en el Palacio del Condestable obra de 86 creadores","isPartOf":{"@id":"https:\/\/www.laguiadepamplona.com\/actualidad\/#website"},"primaryImageOfPage":{"@id":"https:\/\/www.laguiadepamplona.com\/actualidad\/la-naturaleza-amenazada-es-la-clave-de-la-exposicion-artea-oinez-2023-que-muestra-en-el-palacio-del-condestable-obra-de-86-creadores\/#primaryimage"},"image":{"@id":"https:\/\/www.laguiadepamplona.com\/actualidad\/la-naturaleza-amenazada-es-la-clave-de-la-exposicion-artea-oinez-2023-que-muestra-en-el-palacio-del-condestable-obra-de-86-creadores\/#primaryimage"},"thumbnailUrl":"https:\/\/www.laguiadepamplona.com\/actualidad\/wp-content\/uploads\/2023\/03\/arteaoinez1_0.webp","datePublished":"2023-03-31T10:54:08+00:00","dateModified":"2023-04-11T09:46:54+00:00","description":"La edici\u00f3n que organiza Ikastola Andra Mari, de Etxarri Aranatz, homenajea a la creadora de Sakana Asunci\u00f3n Goikoetxea con \u2018Hutsuneak\/Vac\u00edos\u2019","breadcrumb":{"@id":"https:\/\/www.laguiadepamplona.com\/actualidad\/la-naturaleza-amenazada-es-la-clave-de-la-exposicion-artea-oinez-2023-que-muestra-en-el-palacio-del-condestable-obra-de-86-creadores\/#breadcrumb"},"inLanguage":"es","potentialAction":[{"@type":"ReadAction","target":["https:\/\/www.laguiadepamplona.com\/actualidad\/la-naturaleza-amenazada-es-la-clave-de-la-exposicion-artea-oinez-2023-que-muestra-en-el-palacio-del-condestable-obra-de-86-creadores\/"]}]},{"@type":"ImageObject","inLanguage":"es","@id":"https:\/\/www.laguiadepamplona.com\/actualidad\/la-naturaleza-amenazada-es-la-clave-de-la-exposicion-artea-oinez-2023-que-muestra-en-el-palacio-del-condestable-obra-de-86-creadores\/#primaryimage","url":"https:\/\/www.laguiadepamplona.com\/actualidad\/wp-content\/uploads\/2023\/03\/arteaoinez1_0.webp","contentUrl":"https:\/\/www.laguiadepamplona.com\/actualidad\/wp-content\/uploads\/2023\/03\/arteaoinez1_0.webp","width":1335,"height":701},{"@type":"BreadcrumbList","@id":"https:\/\/www.laguiadepamplona.com\/actualidad\/la-naturaleza-amenazada-es-la-clave-de-la-exposicion-artea-oinez-2023-que-muestra-en-el-palacio-del-condestable-obra-de-86-creadores\/#breadcrumb","itemListElement":[{"@type":"ListItem","position":1,"name":"Portada","item":"https:\/\/www.laguiadepamplona.com\/actualidad\/"},{"@type":"ListItem","position":2,"name":"La naturaleza amenazada es la clave de la exposici\u00f3n \u2018Artea Oinez 2023\u2019, que muestra en el Palacio del Condestable obra de 86 creadores"}]},{"@type":"WebSite","@id":"https:\/\/www.laguiadepamplona.com\/actualidad\/#website","url":"https:\/\/www.laguiadepamplona.com\/actualidad\/","name":"La gu\u00eda de Pamplona","description":"Noticias de Pamplona","publisher":{"@id":"https:\/\/www.laguiadepamplona.com\/actualidad\/#organization"},"potentialAction":[{"@type":"SearchAction","target":{"@type":"EntryPoint","urlTemplate":"https:\/\/www.laguiadepamplona.com\/actualidad\/?s={search_term_string}"},"query-input":{"@type":"PropertyValueSpecification","valueRequired":true,"valueName":"search_term_string"}}],"inLanguage":"es"},{"@type":"Organization","@id":"https:\/\/www.laguiadepamplona.com\/actualidad\/#organization","name":"La Gu\u00eda de Pamplona \/ Noticias","url":"https:\/\/www.laguiadepamplona.com\/actualidad\/","logo":{"@type":"ImageObject","inLanguage":"es","@id":"https:\/\/www.laguiadepamplona.com\/actualidad\/#\/schema\/logo\/image\/","url":"https:\/\/www.laguiadepamplona.com\/actualidad\/wp-content\/uploads\/2018\/11\/logo-laguiadepamplona18-web1.png","contentUrl":"https:\/\/www.laguiadepamplona.com\/actualidad\/wp-content\/uploads\/2018\/11\/logo-laguiadepamplona18-web1.png","width":600,"height":196,"caption":"La Gu\u00eda de Pamplona \/ Noticias"},"image":{"@id":"https:\/\/www.laguiadepamplona.com\/actualidad\/#\/schema\/logo\/image\/"},"sameAs":["https:\/\/www.facebook.com\/laguiadepamplonacom-133175176762273\/?ref=hl","https:\/\/x.com\/LaGuiadPamplona","https:\/\/www.instagram.com\/la_guia_de_pamplona\/","https:\/\/www.youtube.com\/user\/laguiadepamplona"]},{"@type":"Person","@id":"https:\/\/www.laguiadepamplona.com\/actualidad\/#\/schema\/person\/efe887376f0213d4657c93adc50b1fdb","name":"La Gu\u00eda de Pamplona","image":{"@type":"ImageObject","inLanguage":"es","@id":"https:\/\/secure.gravatar.com\/avatar\/b6992f131dc8d30ab0dff15446e9d346d9dbd95992de0fef795073f5ea83a81c?s=96&d=mm&r=g","url":"https:\/\/secure.gravatar.com\/avatar\/b6992f131dc8d30ab0dff15446e9d346d9dbd95992de0fef795073f5ea83a81c?s=96&d=mm&r=g","contentUrl":"https:\/\/secure.gravatar.com\/avatar\/b6992f131dc8d30ab0dff15446e9d346d9dbd95992de0fef795073f5ea83a81c?s=96&d=mm&r=g","caption":"La Gu\u00eda de Pamplona"}}]}},"post_mailing_queue_ids":[],"_links":{"self":[{"href":"https:\/\/www.laguiadepamplona.com\/actualidad\/wp-json\/wp\/v2\/posts\/43377","targetHints":{"allow":["GET"]}}],"collection":[{"href":"https:\/\/www.laguiadepamplona.com\/actualidad\/wp-json\/wp\/v2\/posts"}],"about":[{"href":"https:\/\/www.laguiadepamplona.com\/actualidad\/wp-json\/wp\/v2\/types\/post"}],"author":[{"embeddable":true,"href":"https:\/\/www.laguiadepamplona.com\/actualidad\/wp-json\/wp\/v2\/users\/1"}],"replies":[{"embeddable":true,"href":"https:\/\/www.laguiadepamplona.com\/actualidad\/wp-json\/wp\/v2\/comments?post=43377"}],"version-history":[{"count":0,"href":"https:\/\/www.laguiadepamplona.com\/actualidad\/wp-json\/wp\/v2\/posts\/43377\/revisions"}],"wp:featuredmedia":[{"embeddable":true,"href":"https:\/\/www.laguiadepamplona.com\/actualidad\/wp-json\/wp\/v2\/media\/43378"}],"wp:attachment":[{"href":"https:\/\/www.laguiadepamplona.com\/actualidad\/wp-json\/wp\/v2\/media?parent=43377"}],"wp:term":[{"taxonomy":"category","embeddable":true,"href":"https:\/\/www.laguiadepamplona.com\/actualidad\/wp-json\/wp\/v2\/categories?post=43377"},{"taxonomy":"post_tag","embeddable":true,"href":"https:\/\/www.laguiadepamplona.com\/actualidad\/wp-json\/wp\/v2\/tags?post=43377"}],"curies":[{"name":"wp","href":"https:\/\/api.w.org\/{rel}","templated":true}]}}