{"id":43371,"date":"2023-03-30T17:10:22","date_gmt":"2023-03-30T15:10:22","guid":{"rendered":"https:\/\/www.laguiadepamplona.com\/actualidad\/?p=43371"},"modified":"2023-04-11T11:46:55","modified_gmt":"2023-04-11T09:46:55","slug":"el-ayuntamiento-de-pamplona-apoya-los-microconciertos-callejeros-del-alumnado-del-conservatorio-superior-de-musica-a-traves-del-proyecto-de-aprendizaje-servicio-music-truck","status":"publish","type":"post","link":"https:\/\/www.laguiadepamplona.com\/actualidad\/el-ayuntamiento-de-pamplona-apoya-los-microconciertos-callejeros-del-alumnado-del-conservatorio-superior-de-musica-a-traves-del-proyecto-de-aprendizaje-servicio-music-truck\/","title":{"rendered":"El Ayuntamiento de Pamplona apoya los microconciertos callejeros del alumnado del Conservatorio Superior de M\u00fasica a trav\u00e9s del proyecto de aprendizaje servicio \u2018Music truck\u2019"},"content":{"rendered":"<h5>Seis enclaves de la ciudad acogen breves actuaciones en directo durante este jueves y viernes por la ma\u00f1ana<\/h5>\n<p><!--more--><\/p>\n<p>Int\u00e9rpretes del Conservatorio Superior de M\u00fasica de Navarra (CSMN) van a intentar sorprender a la ciudadan\u00eda sacando la m\u00fasica de las aulas y llev\u00e1ndola a las calles de Pamplona. Dentro del proyecto de aprendizaje servicio \u2018Music Truck\u2019, seis ubicaciones de la ciudad ser\u00e1n escenarios este jueves y viernes, entre las 11 y las 14 horas, de varias actuaciones informales, en las que los m\u00fasicos se arrancar\u00e1n a tocar en directo.<\/p>\n<p>El objetivo es acercar la m\u00fasica a enclaves menos habituales para la m\u00fasica en directo, como el centro de Consultas externas Pr\u00edncipe de Viana, la estaci\u00f3n de Renfe, el paseo de Sarasate, el mercado del Segundo Ensanche, la Plaza de San Francisco y el ascensor de la calle Descalzos. En estos espacios, con el t\u00edtulo \u2018Comp\u00e1s de espera\u2019, se podr\u00e1 escuchar m\u00fasica de diversos autores y en distintas adaptaciones.<br \/>\n<script async src=\"\/\/pagead2.googlesyndication.com\/pagead\/js\/adsbygoogle.js\"><\/script><br \/>\n<!-- Noticias La Guia de Pamplona --><br \/>\n<ins class=\"adsbygoogle\"\nstyle=\"display:block\"\ndata-ad-client=\"ca-pub-6943679897239327\"\ndata-ad-slot=\"7048180777\"\ndata-ad-format=\"auto\"><\/ins><br \/>\n<script>\n(adsbygoogle = window.adsbygoogle || []).push({});\n<\/script><\/p>\n<p>Estas microintervenciones art\u00edsticas son muestra del proyecto de aprendizaje servicio \u2018Music Truck\u2019, en el que participa alumnado del aula de pr\u00e1cticas de la asignatura de Pedagog\u00eda, a cargo de la profesora Uxue Uriz. La iniciativa promueve el desarrollo de las competencias recogidas en el curr\u00edculo del Conservatorio y genera una experiencia un acercamiento al hecho musical y un momento de disfrute compartido entre el alumnado y ciudadan\u00eda de Pamplona.<\/p>\n<p>El proyecto inicialmente corresponde a la asignatura de Pr\u00e1cticas I, pero est\u00e1 abierto a todo el alumnado del centro. En la organizaci\u00f3n y coordinaci\u00f3n de las actividades tambi\u00e9n participan el Aula de M\u00fasica de C\u00e1mara y el Aula de Conjunto Jazz. La denominaci\u00f3n de \u201ctruck\u201d se identifica con lo itinerante, con la idea de acercarse a lo que parece lejano, que en este caso es la actividad acad\u00e9mica y art\u00edstica con la ciudad en general. La propuesta supone un aprendizaje para el alumnado y una mejora social por el enriquecimiento y el disfrute compartido que genera el hecho musical en directo.<br \/>\n<script async src=\"\/\/pagead2.googlesyndication.com\/pagead\/js\/adsbygoogle.js\"><\/script><br \/>\n<!-- Noticias La Guia de Pamplona --><br \/>\n<ins class=\"adsbygoogle\"\nstyle=\"display:block\"\ndata-ad-client=\"ca-pub-6943679897239327\"\ndata-ad-slot=\"7048180777\"\ndata-ad-format=\"auto\"><\/ins><br \/>\n<script>\n(adsbygoogle = window.adsbygoogle || []).push({});\n<\/script><\/p>\n<p><strong>Tres cursos acad\u00e9micos<\/strong><\/p>\n<p>Este proyecto surgi\u00f3 en el curso 2020-21 y en su primera edici\u00f3n se realizaron 25 micro-conciertos en espacios urbanos en los que participaron 95 estudiantes. Recibi\u00f3 el premio en su categor\u00eda en el Certamen 2020 Aprendizaje-Servicio convocado por el Ayuntamiento de Pamplona.<\/p>\n<p>En el curso 2021-22 se ampli\u00f3 la actividad en colaboraci\u00f3n con el Centro de Atenci\u00f3n Integral a la Discapacidad Intelectual San Jose y actualmente est\u00e1 considerado como un proyecto de innovaci\u00f3n educativa permanente en el CSMN. La relaci\u00f3n con el centro San Jos\u00e9 se mantiene durante este curso, con una visita a las diferentes \u00e1reas en las que se interpretan mini-conciertos con repertorio elegido por los residentes y un concierto en el Conservatorio Superior, especialmente dise\u00f1ado para ellos y compartido con toda la comunidad educativa y con el p\u00fablico en general.<br \/>\n<script async src=\"\/\/pagead2.googlesyndication.com\/pagead\/js\/adsbygoogle.js\"><\/script><br \/>\n<!-- Noticias La Guia de Pamplona --><br \/>\n<ins class=\"adsbygoogle\"\nstyle=\"display:block\"\ndata-ad-client=\"ca-pub-6943679897239327\"\ndata-ad-slot=\"7048180777\"\ndata-ad-format=\"auto\"><\/ins><br \/>\n<script>\n(adsbygoogle = window.adsbygoogle || []).push({});\n<\/script><\/p>\n<p>&nbsp;<\/p>\n<h3>Proyecto de Aprendizaje Servicio CSMN Music Truck<\/h3>\n<ul>\n<li>Estudiantes del grado superior del Conservatorio Superior de M\u00fasica de Navarra<\/li>\n<li>Microintervenciones pedag\u00f3gico-musicales en seis espacios urbanos\n<ul>\n<li><strong>Jueves, 30 de marzo<\/strong><\/li>\n<li>00 horas: Mercado del II Ensanche<\/li>\n<li>00 horas: Marquesina de autob\u00fas Paseo Sarasate, frente al Parlamento de Navarra<\/li>\n<li>45 horas: Plaza San Francisco, a la salida del Colegio<\/li>\n<li>15 horas: Ascensor de la calle Descalzos<\/li>\n<li><strong>Viernes, 31 de marzo<\/strong><\/li>\n<li>30 horas: Centro de especialidades-Consultas externas Pr\u00edncipe de Viana<\/li>\n<li>30 horas: Estaci\u00f3n Renfe<\/li>\n<\/ul>\n<\/li>\n<\/ul>\n","protected":false},"excerpt":{"rendered":"<p>Seis enclaves de la ciudad acogen breves actuaciones en directo durante este jueves y viernes por la ma\u00f1ana<\/p>\n","protected":false},"author":1,"featured_media":43372,"comment_status":"open","ping_status":"closed","sticky":false,"template":"","format":"standard","meta":{"footnotes":""},"categories":[2],"tags":[],"class_list":["post-43371","post","type-post","status-publish","format-standard","has-post-thumbnail","hentry","category-ayuntamiento-pamplona"],"yoast_head":"<!-- This site is optimized with the Yoast SEO plugin v27.3 - https:\/\/yoast.com\/product\/yoast-seo-wordpress\/ -->\n<title>El Ayuntamiento de Pamplona apoya los microconciertos callejeros del alumnado del Conservatorio Superior de M\u00fasica a trav\u00e9s del proyecto de aprendizaje servicio \u2018Music truck\u2019<\/title>\n<meta name=\"description\" content=\"Seis enclaves de la ciudad acogen breves actuaciones en directo durante este jueves y viernes por la ma\u00f1ana\" \/>\n<meta name=\"robots\" content=\"index, follow, max-snippet:-1, max-image-preview:large, max-video-preview:-1\" \/>\n<link rel=\"canonical\" href=\"https:\/\/www.laguiadepamplona.com\/actualidad\/el-ayuntamiento-de-pamplona-apoya-los-microconciertos-callejeros-del-alumnado-del-conservatorio-superior-de-musica-a-traves-del-proyecto-de-aprendizaje-servicio-music-truck\/\" \/>\n<meta property=\"og:locale\" content=\"es_ES\" \/>\n<meta property=\"og:type\" content=\"article\" \/>\n<meta property=\"og:title\" content=\"El Ayuntamiento de Pamplona apoya los microconciertos callejeros del alumnado del Conservatorio Superior de M\u00fasica a trav\u00e9s del proyecto de aprendizaje servicio \u2018Music truck\u2019\" \/>\n<meta property=\"og:description\" content=\"Seis enclaves de la ciudad acogen breves actuaciones en directo durante este jueves y viernes por la ma\u00f1ana\" \/>\n<meta property=\"og:url\" content=\"https:\/\/www.laguiadepamplona.com\/actualidad\/el-ayuntamiento-de-pamplona-apoya-los-microconciertos-callejeros-del-alumnado-del-conservatorio-superior-de-musica-a-traves-del-proyecto-de-aprendizaje-servicio-music-truck\/\" \/>\n<meta property=\"og:site_name\" content=\"La Gu\u00eda de Pamplona\" \/>\n<meta property=\"article:publisher\" content=\"https:\/\/www.facebook.com\/laguiadepamplonacom-133175176762273\/?ref=hl\" \/>\n<meta property=\"article:published_time\" content=\"2023-03-30T15:10:22+00:00\" \/>\n<meta property=\"article:modified_time\" content=\"2023-04-11T09:46:55+00:00\" \/>\n<meta property=\"og:image\" content=\"https:\/\/www.laguiadepamplona.com\/actualidad\/wp-content\/uploads\/2023\/03\/music_truck.webp\" \/>\n\t<meta property=\"og:image:width\" content=\"1920\" \/>\n\t<meta property=\"og:image:height\" content=\"1280\" \/>\n\t<meta property=\"og:image:type\" content=\"image\/webp\" \/>\n<meta name=\"author\" content=\"La Gu\u00eda de Pamplona\" \/>\n<meta name=\"twitter:card\" content=\"summary_large_image\" \/>\n<meta name=\"twitter:creator\" content=\"@LaGuiadPamplona\" \/>\n<meta name=\"twitter:site\" content=\"@LaGuiadPamplona\" \/>\n<meta name=\"twitter:label1\" content=\"Escrito por\" \/>\n\t<meta name=\"twitter:data1\" content=\"La Gu\u00eda de Pamplona\" \/>\n\t<meta name=\"twitter:label2\" content=\"Tiempo de lectura\" \/>\n\t<meta name=\"twitter:data2\" content=\"3 minutos\" \/>\n<script type=\"application\/ld+json\" class=\"yoast-schema-graph\">{\"@context\":\"https:\\\/\\\/schema.org\",\"@graph\":[{\"@type\":\"Article\",\"@id\":\"https:\\\/\\\/www.laguiadepamplona.com\\\/actualidad\\\/el-ayuntamiento-de-pamplona-apoya-los-microconciertos-callejeros-del-alumnado-del-conservatorio-superior-de-musica-a-traves-del-proyecto-de-aprendizaje-servicio-music-truck\\\/#article\",\"isPartOf\":{\"@id\":\"https:\\\/\\\/www.laguiadepamplona.com\\\/actualidad\\\/el-ayuntamiento-de-pamplona-apoya-los-microconciertos-callejeros-del-alumnado-del-conservatorio-superior-de-musica-a-traves-del-proyecto-de-aprendizaje-servicio-music-truck\\\/\"},\"author\":{\"name\":\"La Gu\u00eda de Pamplona\",\"@id\":\"https:\\\/\\\/www.laguiadepamplona.com\\\/actualidad\\\/#\\\/schema\\\/person\\\/efe887376f0213d4657c93adc50b1fdb\"},\"headline\":\"El Ayuntamiento de Pamplona apoya los microconciertos callejeros del alumnado del Conservatorio Superior de M\u00fasica a trav\u00e9s del proyecto de aprendizaje servicio \u2018Music truck\u2019\",\"datePublished\":\"2023-03-30T15:10:22+00:00\",\"dateModified\":\"2023-04-11T09:46:55+00:00\",\"mainEntityOfPage\":{\"@id\":\"https:\\\/\\\/www.laguiadepamplona.com\\\/actualidad\\\/el-ayuntamiento-de-pamplona-apoya-los-microconciertos-callejeros-del-alumnado-del-conservatorio-superior-de-musica-a-traves-del-proyecto-de-aprendizaje-servicio-music-truck\\\/\"},\"wordCount\":601,\"commentCount\":0,\"publisher\":{\"@id\":\"https:\\\/\\\/www.laguiadepamplona.com\\\/actualidad\\\/#organization\"},\"image\":{\"@id\":\"https:\\\/\\\/www.laguiadepamplona.com\\\/actualidad\\\/el-ayuntamiento-de-pamplona-apoya-los-microconciertos-callejeros-del-alumnado-del-conservatorio-superior-de-musica-a-traves-del-proyecto-de-aprendizaje-servicio-music-truck\\\/#primaryimage\"},\"thumbnailUrl\":\"https:\\\/\\\/www.laguiadepamplona.com\\\/actualidad\\\/wp-content\\\/uploads\\\/2023\\\/03\\\/music_truck.webp\",\"articleSection\":[\"Ayto Pamplona\"],\"inLanguage\":\"es\",\"potentialAction\":[{\"@type\":\"CommentAction\",\"name\":\"Comment\",\"target\":[\"https:\\\/\\\/www.laguiadepamplona.com\\\/actualidad\\\/el-ayuntamiento-de-pamplona-apoya-los-microconciertos-callejeros-del-alumnado-del-conservatorio-superior-de-musica-a-traves-del-proyecto-de-aprendizaje-servicio-music-truck\\\/#respond\"]}]},{\"@type\":\"WebPage\",\"@id\":\"https:\\\/\\\/www.laguiadepamplona.com\\\/actualidad\\\/el-ayuntamiento-de-pamplona-apoya-los-microconciertos-callejeros-del-alumnado-del-conservatorio-superior-de-musica-a-traves-del-proyecto-de-aprendizaje-servicio-music-truck\\\/\",\"url\":\"https:\\\/\\\/www.laguiadepamplona.com\\\/actualidad\\\/el-ayuntamiento-de-pamplona-apoya-los-microconciertos-callejeros-del-alumnado-del-conservatorio-superior-de-musica-a-traves-del-proyecto-de-aprendizaje-servicio-music-truck\\\/\",\"name\":\"El Ayuntamiento de Pamplona apoya los microconciertos callejeros del alumnado del Conservatorio Superior de M\u00fasica a trav\u00e9s del proyecto de aprendizaje servicio \u2018Music truck\u2019\",\"isPartOf\":{\"@id\":\"https:\\\/\\\/www.laguiadepamplona.com\\\/actualidad\\\/#website\"},\"primaryImageOfPage\":{\"@id\":\"https:\\\/\\\/www.laguiadepamplona.com\\\/actualidad\\\/el-ayuntamiento-de-pamplona-apoya-los-microconciertos-callejeros-del-alumnado-del-conservatorio-superior-de-musica-a-traves-del-proyecto-de-aprendizaje-servicio-music-truck\\\/#primaryimage\"},\"image\":{\"@id\":\"https:\\\/\\\/www.laguiadepamplona.com\\\/actualidad\\\/el-ayuntamiento-de-pamplona-apoya-los-microconciertos-callejeros-del-alumnado-del-conservatorio-superior-de-musica-a-traves-del-proyecto-de-aprendizaje-servicio-music-truck\\\/#primaryimage\"},\"thumbnailUrl\":\"https:\\\/\\\/www.laguiadepamplona.com\\\/actualidad\\\/wp-content\\\/uploads\\\/2023\\\/03\\\/music_truck.webp\",\"datePublished\":\"2023-03-30T15:10:22+00:00\",\"dateModified\":\"2023-04-11T09:46:55+00:00\",\"description\":\"Seis enclaves de la ciudad acogen breves actuaciones en directo durante este jueves y viernes por la ma\u00f1ana\",\"breadcrumb\":{\"@id\":\"https:\\\/\\\/www.laguiadepamplona.com\\\/actualidad\\\/el-ayuntamiento-de-pamplona-apoya-los-microconciertos-callejeros-del-alumnado-del-conservatorio-superior-de-musica-a-traves-del-proyecto-de-aprendizaje-servicio-music-truck\\\/#breadcrumb\"},\"inLanguage\":\"es\",\"potentialAction\":[{\"@type\":\"ReadAction\",\"target\":[\"https:\\\/\\\/www.laguiadepamplona.com\\\/actualidad\\\/el-ayuntamiento-de-pamplona-apoya-los-microconciertos-callejeros-del-alumnado-del-conservatorio-superior-de-musica-a-traves-del-proyecto-de-aprendizaje-servicio-music-truck\\\/\"]}]},{\"@type\":\"ImageObject\",\"inLanguage\":\"es\",\"@id\":\"https:\\\/\\\/www.laguiadepamplona.com\\\/actualidad\\\/el-ayuntamiento-de-pamplona-apoya-los-microconciertos-callejeros-del-alumnado-del-conservatorio-superior-de-musica-a-traves-del-proyecto-de-aprendizaje-servicio-music-truck\\\/#primaryimage\",\"url\":\"https:\\\/\\\/www.laguiadepamplona.com\\\/actualidad\\\/wp-content\\\/uploads\\\/2023\\\/03\\\/music_truck.webp\",\"contentUrl\":\"https:\\\/\\\/www.laguiadepamplona.com\\\/actualidad\\\/wp-content\\\/uploads\\\/2023\\\/03\\\/music_truck.webp\",\"width\":1920,\"height\":1280},{\"@type\":\"BreadcrumbList\",\"@id\":\"https:\\\/\\\/www.laguiadepamplona.com\\\/actualidad\\\/el-ayuntamiento-de-pamplona-apoya-los-microconciertos-callejeros-del-alumnado-del-conservatorio-superior-de-musica-a-traves-del-proyecto-de-aprendizaje-servicio-music-truck\\\/#breadcrumb\",\"itemListElement\":[{\"@type\":\"ListItem\",\"position\":1,\"name\":\"Portada\",\"item\":\"https:\\\/\\\/www.laguiadepamplona.com\\\/actualidad\\\/\"},{\"@type\":\"ListItem\",\"position\":2,\"name\":\"El Ayuntamiento de Pamplona apoya los microconciertos callejeros del alumnado del Conservatorio Superior de M\u00fasica a trav\u00e9s del proyecto de aprendizaje servicio \u2018Music truck\u2019\"}]},{\"@type\":\"WebSite\",\"@id\":\"https:\\\/\\\/www.laguiadepamplona.com\\\/actualidad\\\/#website\",\"url\":\"https:\\\/\\\/www.laguiadepamplona.com\\\/actualidad\\\/\",\"name\":\"La gu\u00eda de Pamplona\",\"description\":\"Noticias de Pamplona\",\"publisher\":{\"@id\":\"https:\\\/\\\/www.laguiadepamplona.com\\\/actualidad\\\/#organization\"},\"potentialAction\":[{\"@type\":\"SearchAction\",\"target\":{\"@type\":\"EntryPoint\",\"urlTemplate\":\"https:\\\/\\\/www.laguiadepamplona.com\\\/actualidad\\\/?s={search_term_string}\"},\"query-input\":{\"@type\":\"PropertyValueSpecification\",\"valueRequired\":true,\"valueName\":\"search_term_string\"}}],\"inLanguage\":\"es\"},{\"@type\":\"Organization\",\"@id\":\"https:\\\/\\\/www.laguiadepamplona.com\\\/actualidad\\\/#organization\",\"name\":\"La Gu\u00eda de Pamplona \\\/ Noticias\",\"url\":\"https:\\\/\\\/www.laguiadepamplona.com\\\/actualidad\\\/\",\"logo\":{\"@type\":\"ImageObject\",\"inLanguage\":\"es\",\"@id\":\"https:\\\/\\\/www.laguiadepamplona.com\\\/actualidad\\\/#\\\/schema\\\/logo\\\/image\\\/\",\"url\":\"https:\\\/\\\/www.laguiadepamplona.com\\\/actualidad\\\/wp-content\\\/uploads\\\/2018\\\/11\\\/logo-laguiadepamplona18-web1.png\",\"contentUrl\":\"https:\\\/\\\/www.laguiadepamplona.com\\\/actualidad\\\/wp-content\\\/uploads\\\/2018\\\/11\\\/logo-laguiadepamplona18-web1.png\",\"width\":600,\"height\":196,\"caption\":\"La Gu\u00eda de Pamplona \\\/ Noticias\"},\"image\":{\"@id\":\"https:\\\/\\\/www.laguiadepamplona.com\\\/actualidad\\\/#\\\/schema\\\/logo\\\/image\\\/\"},\"sameAs\":[\"https:\\\/\\\/www.facebook.com\\\/laguiadepamplonacom-133175176762273\\\/?ref=hl\",\"https:\\\/\\\/x.com\\\/LaGuiadPamplona\",\"https:\\\/\\\/www.instagram.com\\\/la_guia_de_pamplona\\\/\",\"https:\\\/\\\/www.youtube.com\\\/user\\\/laguiadepamplona\"]},{\"@type\":\"Person\",\"@id\":\"https:\\\/\\\/www.laguiadepamplona.com\\\/actualidad\\\/#\\\/schema\\\/person\\\/efe887376f0213d4657c93adc50b1fdb\",\"name\":\"La Gu\u00eda de Pamplona\",\"image\":{\"@type\":\"ImageObject\",\"inLanguage\":\"es\",\"@id\":\"https:\\\/\\\/secure.gravatar.com\\\/avatar\\\/b6992f131dc8d30ab0dff15446e9d346d9dbd95992de0fef795073f5ea83a81c?s=96&d=mm&r=g\",\"url\":\"https:\\\/\\\/secure.gravatar.com\\\/avatar\\\/b6992f131dc8d30ab0dff15446e9d346d9dbd95992de0fef795073f5ea83a81c?s=96&d=mm&r=g\",\"contentUrl\":\"https:\\\/\\\/secure.gravatar.com\\\/avatar\\\/b6992f131dc8d30ab0dff15446e9d346d9dbd95992de0fef795073f5ea83a81c?s=96&d=mm&r=g\",\"caption\":\"La Gu\u00eda de Pamplona\"}}]}<\/script>\n<!-- \/ Yoast SEO plugin. -->","yoast_head_json":{"title":"El Ayuntamiento de Pamplona apoya los microconciertos callejeros del alumnado del Conservatorio Superior de M\u00fasica a trav\u00e9s del proyecto de aprendizaje servicio \u2018Music truck\u2019","description":"Seis enclaves de la ciudad acogen breves actuaciones en directo durante este jueves y viernes por la ma\u00f1ana","robots":{"index":"index","follow":"follow","max-snippet":"max-snippet:-1","max-image-preview":"max-image-preview:large","max-video-preview":"max-video-preview:-1"},"canonical":"https:\/\/www.laguiadepamplona.com\/actualidad\/el-ayuntamiento-de-pamplona-apoya-los-microconciertos-callejeros-del-alumnado-del-conservatorio-superior-de-musica-a-traves-del-proyecto-de-aprendizaje-servicio-music-truck\/","og_locale":"es_ES","og_type":"article","og_title":"El Ayuntamiento de Pamplona apoya los microconciertos callejeros del alumnado del Conservatorio Superior de M\u00fasica a trav\u00e9s del proyecto de aprendizaje servicio \u2018Music truck\u2019","og_description":"Seis enclaves de la ciudad acogen breves actuaciones en directo durante este jueves y viernes por la ma\u00f1ana","og_url":"https:\/\/www.laguiadepamplona.com\/actualidad\/el-ayuntamiento-de-pamplona-apoya-los-microconciertos-callejeros-del-alumnado-del-conservatorio-superior-de-musica-a-traves-del-proyecto-de-aprendizaje-servicio-music-truck\/","og_site_name":"La Gu\u00eda de Pamplona","article_publisher":"https:\/\/www.facebook.com\/laguiadepamplonacom-133175176762273\/?ref=hl","article_published_time":"2023-03-30T15:10:22+00:00","article_modified_time":"2023-04-11T09:46:55+00:00","og_image":[{"width":1920,"height":1280,"url":"https:\/\/www.laguiadepamplona.com\/actualidad\/wp-content\/uploads\/2023\/03\/music_truck.webp","type":"image\/webp"}],"author":"La Gu\u00eda de Pamplona","twitter_card":"summary_large_image","twitter_creator":"@LaGuiadPamplona","twitter_site":"@LaGuiadPamplona","twitter_misc":{"Escrito por":"La Gu\u00eda de Pamplona","Tiempo de lectura":"3 minutos"},"schema":{"@context":"https:\/\/schema.org","@graph":[{"@type":"Article","@id":"https:\/\/www.laguiadepamplona.com\/actualidad\/el-ayuntamiento-de-pamplona-apoya-los-microconciertos-callejeros-del-alumnado-del-conservatorio-superior-de-musica-a-traves-del-proyecto-de-aprendizaje-servicio-music-truck\/#article","isPartOf":{"@id":"https:\/\/www.laguiadepamplona.com\/actualidad\/el-ayuntamiento-de-pamplona-apoya-los-microconciertos-callejeros-del-alumnado-del-conservatorio-superior-de-musica-a-traves-del-proyecto-de-aprendizaje-servicio-music-truck\/"},"author":{"name":"La Gu\u00eda de Pamplona","@id":"https:\/\/www.laguiadepamplona.com\/actualidad\/#\/schema\/person\/efe887376f0213d4657c93adc50b1fdb"},"headline":"El Ayuntamiento de Pamplona apoya los microconciertos callejeros del alumnado del Conservatorio Superior de M\u00fasica a trav\u00e9s del proyecto de aprendizaje servicio \u2018Music truck\u2019","datePublished":"2023-03-30T15:10:22+00:00","dateModified":"2023-04-11T09:46:55+00:00","mainEntityOfPage":{"@id":"https:\/\/www.laguiadepamplona.com\/actualidad\/el-ayuntamiento-de-pamplona-apoya-los-microconciertos-callejeros-del-alumnado-del-conservatorio-superior-de-musica-a-traves-del-proyecto-de-aprendizaje-servicio-music-truck\/"},"wordCount":601,"commentCount":0,"publisher":{"@id":"https:\/\/www.laguiadepamplona.com\/actualidad\/#organization"},"image":{"@id":"https:\/\/www.laguiadepamplona.com\/actualidad\/el-ayuntamiento-de-pamplona-apoya-los-microconciertos-callejeros-del-alumnado-del-conservatorio-superior-de-musica-a-traves-del-proyecto-de-aprendizaje-servicio-music-truck\/#primaryimage"},"thumbnailUrl":"https:\/\/www.laguiadepamplona.com\/actualidad\/wp-content\/uploads\/2023\/03\/music_truck.webp","articleSection":["Ayto Pamplona"],"inLanguage":"es","potentialAction":[{"@type":"CommentAction","name":"Comment","target":["https:\/\/www.laguiadepamplona.com\/actualidad\/el-ayuntamiento-de-pamplona-apoya-los-microconciertos-callejeros-del-alumnado-del-conservatorio-superior-de-musica-a-traves-del-proyecto-de-aprendizaje-servicio-music-truck\/#respond"]}]},{"@type":"WebPage","@id":"https:\/\/www.laguiadepamplona.com\/actualidad\/el-ayuntamiento-de-pamplona-apoya-los-microconciertos-callejeros-del-alumnado-del-conservatorio-superior-de-musica-a-traves-del-proyecto-de-aprendizaje-servicio-music-truck\/","url":"https:\/\/www.laguiadepamplona.com\/actualidad\/el-ayuntamiento-de-pamplona-apoya-los-microconciertos-callejeros-del-alumnado-del-conservatorio-superior-de-musica-a-traves-del-proyecto-de-aprendizaje-servicio-music-truck\/","name":"El Ayuntamiento de Pamplona apoya los microconciertos callejeros del alumnado del Conservatorio Superior de M\u00fasica a trav\u00e9s del proyecto de aprendizaje servicio \u2018Music truck\u2019","isPartOf":{"@id":"https:\/\/www.laguiadepamplona.com\/actualidad\/#website"},"primaryImageOfPage":{"@id":"https:\/\/www.laguiadepamplona.com\/actualidad\/el-ayuntamiento-de-pamplona-apoya-los-microconciertos-callejeros-del-alumnado-del-conservatorio-superior-de-musica-a-traves-del-proyecto-de-aprendizaje-servicio-music-truck\/#primaryimage"},"image":{"@id":"https:\/\/www.laguiadepamplona.com\/actualidad\/el-ayuntamiento-de-pamplona-apoya-los-microconciertos-callejeros-del-alumnado-del-conservatorio-superior-de-musica-a-traves-del-proyecto-de-aprendizaje-servicio-music-truck\/#primaryimage"},"thumbnailUrl":"https:\/\/www.laguiadepamplona.com\/actualidad\/wp-content\/uploads\/2023\/03\/music_truck.webp","datePublished":"2023-03-30T15:10:22+00:00","dateModified":"2023-04-11T09:46:55+00:00","description":"Seis enclaves de la ciudad acogen breves actuaciones en directo durante este jueves y viernes por la ma\u00f1ana","breadcrumb":{"@id":"https:\/\/www.laguiadepamplona.com\/actualidad\/el-ayuntamiento-de-pamplona-apoya-los-microconciertos-callejeros-del-alumnado-del-conservatorio-superior-de-musica-a-traves-del-proyecto-de-aprendizaje-servicio-music-truck\/#breadcrumb"},"inLanguage":"es","potentialAction":[{"@type":"ReadAction","target":["https:\/\/www.laguiadepamplona.com\/actualidad\/el-ayuntamiento-de-pamplona-apoya-los-microconciertos-callejeros-del-alumnado-del-conservatorio-superior-de-musica-a-traves-del-proyecto-de-aprendizaje-servicio-music-truck\/"]}]},{"@type":"ImageObject","inLanguage":"es","@id":"https:\/\/www.laguiadepamplona.com\/actualidad\/el-ayuntamiento-de-pamplona-apoya-los-microconciertos-callejeros-del-alumnado-del-conservatorio-superior-de-musica-a-traves-del-proyecto-de-aprendizaje-servicio-music-truck\/#primaryimage","url":"https:\/\/www.laguiadepamplona.com\/actualidad\/wp-content\/uploads\/2023\/03\/music_truck.webp","contentUrl":"https:\/\/www.laguiadepamplona.com\/actualidad\/wp-content\/uploads\/2023\/03\/music_truck.webp","width":1920,"height":1280},{"@type":"BreadcrumbList","@id":"https:\/\/www.laguiadepamplona.com\/actualidad\/el-ayuntamiento-de-pamplona-apoya-los-microconciertos-callejeros-del-alumnado-del-conservatorio-superior-de-musica-a-traves-del-proyecto-de-aprendizaje-servicio-music-truck\/#breadcrumb","itemListElement":[{"@type":"ListItem","position":1,"name":"Portada","item":"https:\/\/www.laguiadepamplona.com\/actualidad\/"},{"@type":"ListItem","position":2,"name":"El Ayuntamiento de Pamplona apoya los microconciertos callejeros del alumnado del Conservatorio Superior de M\u00fasica a trav\u00e9s del proyecto de aprendizaje servicio \u2018Music truck\u2019"}]},{"@type":"WebSite","@id":"https:\/\/www.laguiadepamplona.com\/actualidad\/#website","url":"https:\/\/www.laguiadepamplona.com\/actualidad\/","name":"La gu\u00eda de Pamplona","description":"Noticias de Pamplona","publisher":{"@id":"https:\/\/www.laguiadepamplona.com\/actualidad\/#organization"},"potentialAction":[{"@type":"SearchAction","target":{"@type":"EntryPoint","urlTemplate":"https:\/\/www.laguiadepamplona.com\/actualidad\/?s={search_term_string}"},"query-input":{"@type":"PropertyValueSpecification","valueRequired":true,"valueName":"search_term_string"}}],"inLanguage":"es"},{"@type":"Organization","@id":"https:\/\/www.laguiadepamplona.com\/actualidad\/#organization","name":"La Gu\u00eda de Pamplona \/ Noticias","url":"https:\/\/www.laguiadepamplona.com\/actualidad\/","logo":{"@type":"ImageObject","inLanguage":"es","@id":"https:\/\/www.laguiadepamplona.com\/actualidad\/#\/schema\/logo\/image\/","url":"https:\/\/www.laguiadepamplona.com\/actualidad\/wp-content\/uploads\/2018\/11\/logo-laguiadepamplona18-web1.png","contentUrl":"https:\/\/www.laguiadepamplona.com\/actualidad\/wp-content\/uploads\/2018\/11\/logo-laguiadepamplona18-web1.png","width":600,"height":196,"caption":"La Gu\u00eda de Pamplona \/ Noticias"},"image":{"@id":"https:\/\/www.laguiadepamplona.com\/actualidad\/#\/schema\/logo\/image\/"},"sameAs":["https:\/\/www.facebook.com\/laguiadepamplonacom-133175176762273\/?ref=hl","https:\/\/x.com\/LaGuiadPamplona","https:\/\/www.instagram.com\/la_guia_de_pamplona\/","https:\/\/www.youtube.com\/user\/laguiadepamplona"]},{"@type":"Person","@id":"https:\/\/www.laguiadepamplona.com\/actualidad\/#\/schema\/person\/efe887376f0213d4657c93adc50b1fdb","name":"La Gu\u00eda de Pamplona","image":{"@type":"ImageObject","inLanguage":"es","@id":"https:\/\/secure.gravatar.com\/avatar\/b6992f131dc8d30ab0dff15446e9d346d9dbd95992de0fef795073f5ea83a81c?s=96&d=mm&r=g","url":"https:\/\/secure.gravatar.com\/avatar\/b6992f131dc8d30ab0dff15446e9d346d9dbd95992de0fef795073f5ea83a81c?s=96&d=mm&r=g","contentUrl":"https:\/\/secure.gravatar.com\/avatar\/b6992f131dc8d30ab0dff15446e9d346d9dbd95992de0fef795073f5ea83a81c?s=96&d=mm&r=g","caption":"La Gu\u00eda de Pamplona"}}]}},"post_mailing_queue_ids":[],"_links":{"self":[{"href":"https:\/\/www.laguiadepamplona.com\/actualidad\/wp-json\/wp\/v2\/posts\/43371","targetHints":{"allow":["GET"]}}],"collection":[{"href":"https:\/\/www.laguiadepamplona.com\/actualidad\/wp-json\/wp\/v2\/posts"}],"about":[{"href":"https:\/\/www.laguiadepamplona.com\/actualidad\/wp-json\/wp\/v2\/types\/post"}],"author":[{"embeddable":true,"href":"https:\/\/www.laguiadepamplona.com\/actualidad\/wp-json\/wp\/v2\/users\/1"}],"replies":[{"embeddable":true,"href":"https:\/\/www.laguiadepamplona.com\/actualidad\/wp-json\/wp\/v2\/comments?post=43371"}],"version-history":[{"count":0,"href":"https:\/\/www.laguiadepamplona.com\/actualidad\/wp-json\/wp\/v2\/posts\/43371\/revisions"}],"wp:featuredmedia":[{"embeddable":true,"href":"https:\/\/www.laguiadepamplona.com\/actualidad\/wp-json\/wp\/v2\/media\/43372"}],"wp:attachment":[{"href":"https:\/\/www.laguiadepamplona.com\/actualidad\/wp-json\/wp\/v2\/media?parent=43371"}],"wp:term":[{"taxonomy":"category","embeddable":true,"href":"https:\/\/www.laguiadepamplona.com\/actualidad\/wp-json\/wp\/v2\/categories?post=43371"},{"taxonomy":"post_tag","embeddable":true,"href":"https:\/\/www.laguiadepamplona.com\/actualidad\/wp-json\/wp\/v2\/tags?post=43371"}],"curies":[{"name":"wp","href":"https:\/\/api.w.org\/{rel}","templated":true}]}}