{"id":43366,"date":"2023-03-30T17:06:24","date_gmt":"2023-03-30T15:06:24","guid":{"rendered":"https:\/\/www.laguiadepamplona.com\/actualidad\/?p=43366"},"modified":"2023-04-11T11:46:55","modified_gmt":"2023-04-11T09:46:55","slug":"el-ciclo-musync-propone-del-2-al-4-de-abril-en-condestable-tres-actividades-para-acercarse-a-la-musicologia-el-estudio-de-la-musica-y-su-historia","status":"publish","type":"post","link":"https:\/\/www.laguiadepamplona.com\/actualidad\/el-ciclo-musync-propone-del-2-al-4-de-abril-en-condestable-tres-actividades-para-acercarse-a-la-musicologia-el-estudio-de-la-musica-y-su-historia\/","title":{"rendered":"El ciclo Musync propone del 2 al 4 de abril en Condestable tres actividades para acercarse a la musicolog\u00eda, el estudio de la m\u00fasica y su historia"},"content":{"rendered":"<h5>Un documental, un concierto del d\u00fao Caranzalem y un concierto \u2013 conferencia sobre Francisco Asenjo Barbieri conforman la programaci\u00f3n<\/h5>\n<p><!--more--><\/p>\n<p>Tres d\u00edas y tres actividades para acercar la musicolog\u00eda al p\u00fablico pamplon\u00e9s. Civivox Condestable acoge del 2 al 4 de abril una nueva edici\u00f3n de Musync, que a\u00fana conciertos, proyecciones y una conferencia. Musync est\u00e1 organizado por el music\u00f3logo y docente en Musikene, Sergio Barcellona, y la music\u00f3loga y docente en el Conservatorio Profesional de M\u00fasica Pablo Sarasate, Berta Moreno. Todas las actividades comenzar\u00e1n a las 19.30 horas, con entrada libre previa inscripci\u00f3n en el tel\u00e9fono 010 \u2013 948 420 100, la red Civivox o <a href=\"http:\/\/www.pamplonesescultura.es\" target=\"_blank\" rel=\"noopener\">www.pamplonesescultura.es<\/a>.<\/p>\n<p>\u2018Whose is this song?\u2019, dirigido por Adela Peeva, es el t\u00edtulo del documental que se exhibe este domingo. Narra c\u00f3mo la investigaci\u00f3n de una etnomusic\u00f3loga b\u00falgara sobre una canci\u00f3n tradicional, cuyo origen se disputan diversos pueblos balc\u00e1nicos, despierta sentimientos identitarios que pueden llegar al paroxismo y a la violencia, m\u00e1s si cabe si se realiza en una de las zonas de Europa m\u00e1s castigada por las guerras de los Balcanes (1991-2001). El largometraje lo presentar\u00e1 Sergio Barcellona.<br \/>\n<script async src=\"\/\/pagead2.googlesyndication.com\/pagead\/js\/adsbygoogle.js\"><\/script><br \/>\n<!-- Noticias La Guia de Pamplona --><br \/>\n<ins class=\"adsbygoogle\"\nstyle=\"display:block\"\ndata-ad-client=\"ca-pub-6943679897239327\"\ndata-ad-slot=\"7048180777\"\ndata-ad-format=\"auto\"><\/ins><br \/>\n<script>\n(adsbygoogle = window.adsbygoogle || []).push({});\n<\/script><\/p>\n<p>Para el lunes d\u00eda 3 el d\u00fao Caranzalem propone el concierto \u2018Caja de m\u00fasica: cuentos de un viaje imaginario, una invitaci\u00f3n a viajar so\u00f1ando al tiempo en el que la m\u00fasica andalus\u00ed conviv\u00eda entre nosotros. Caranzalem ha sido seleccionado para participar en prestigiosos programas como MusaE o las noches en los jardines del Real Alc\u00e1zar de Sevilla. En 2018, el d\u00fao lanz\u00f3 su primer \u00e1lbum, \u2018Caja de m\u00fasica\u2019, en el que se basa este concierto.<\/p>\n<p>El ciclo concluir\u00e1 el martes 4 de abril con el concierto \u2013 conferencia sobre Francisco Asenjo Barbieri (1823 \u2013 1894) con motivo del segundo centenario de su nacimiento. Barbieri es seguramente uno de los compositores m\u00e1s prol\u00edficos, m\u00e1s innovadores y m\u00e1s conocidos de la primera generaci\u00f3n rom\u00e1ntica espa\u00f1ola, con zarzuelas como \u2018Jugar con fuego\u2019, \u2018Pan y toros\u2019, \u2018Los diamantes de la corona \u2018y, sobre todo, \u2018El barberillo de Lavapi\u00e9s\u2019. En esta sesi\u00f3n, Rinaldo Zhok, con la colaboraci\u00f3n de la soprano Raquel Fern\u00e1ndez, presentar\u00e1 la vida y la obra de este maestro cuya actividad ha sido tan decisiva para el desarrollo de la m\u00fasica teatral en Espa\u00f1a.<br \/>\n<script async src=\"\/\/pagead2.googlesyndication.com\/pagead\/js\/adsbygoogle.js\"><\/script><br \/>\n<!-- Noticias La Guia de Pamplona --><br \/>\n<ins class=\"adsbygoogle\"\nstyle=\"display:block\"\ndata-ad-client=\"ca-pub-6943679897239327\"\ndata-ad-slot=\"7048180777\"\ndata-ad-format=\"auto\"><\/ins><br \/>\n<script>\n(adsbygoogle = window.adsbygoogle || []).push({});\n<\/script><\/p>\n<p>&nbsp;<\/p>\n<h3>Musync!<\/h3>\n<ul>\n<li><strong>Domingo 2 de abril<\/strong>, 19.30 horas. Civivox Condestable\n<ul>\n<li>Pel\u00edcula \u2013 documental: <strong>\u2018Whose is this song?\u2019<\/strong>, de Adela Peeva. Presenta la proyecci\u00f3n Sergio Barcellona<\/li>\n<li>Entrada libre previa inscripci\u00f3n en el tel\u00e9fono 010 \u2013 948 420 100, la red Civivox o <a href=\"http:\/\/www.pamplonesescultura.es\">pamplonesescultura.es<\/a>.<\/li>\n<\/ul>\n<\/li>\n<li><strong>Lunes 3 de abril, 19.30 horas<\/strong>. Civivox Condestable\n<ul>\n<li>Concierto \u2018Caja de m\u00fasica: cuentos de un viaje imaginario\u2019 con el <strong>d\u00fao Caranzalem<\/strong><\/li>\n<li>Entrada libre previa inscripci\u00f3n en el tel\u00e9fono 010 \u2013 948 420 100, la red Civivox o <a href=\"http:\/\/www.pamplonesescultura.es\">pamplonesescultura.es<\/a>.<\/li>\n<\/ul>\n<\/li>\n<li><strong>Martes 4 de abril, 19.30 horas<\/strong>. Civivox Condestable\n<ul>\n<li>Concierto \u2013 conferencia. <strong>\u2018Francisco Asenjo Barbieri (1823 \u2013 1894) en su 200 aniversario. Celebraci\u00f3n de un compositor polifac\u00e9tico\u2019<\/strong>, con el pianista Rinaldo Zhok, y la soprano Raquel Fern\u00e1ndez<\/li>\n<li>Entrada libre previa inscripci\u00f3n en el tel\u00e9fono 010 \u2013 948 420 100, la red Civivox o <a href=\"http:\/\/www.pamplonesescultura.es\">pamplonesescultura.es<\/a>.<\/li>\n<\/ul>\n<\/li>\n<\/ul>\n<p>&nbsp;<br \/>\n[qodef_button size=\u00bblarge\u00bb type=\u00bb\u00bb text=\u00bbcivivox actividades abril &#8211; mayo 2023.pdf\u00bb custom_class=\u00bb\u00bb icon_pack=\u00bbfont_elegant\u00bb fa_icon=\u00bbicon_download\u00bb link=\u00bbhttps:\/\/www.pamplona.es\/sites\/default\/files\/2023-03\/civivoxactividades-abril-mayo-2023cast-comprimido.pdf\u00bb target=\u00bb_blank\u00bb color=\u00bbffffff\u00bb hover_color=\u00bb\u00bb background_color=\u00bb\u00bb hover_background_color=\u00bb\u00bb border_color=\u00bb\u00bb hover_border_color=\u00bb\u00bb font_size=\u00bb\u00bb font_weight=\u00bb\u00bb margin=\u00bb\u00bb]\n","protected":false},"excerpt":{"rendered":"<p>Un documental, un concierto del d\u00fao Caranzalem y un concierto \u2013 conferencia sobre Francisco Asenjo Barbieri conforman la programaci\u00f3n<\/p>\n","protected":false},"author":1,"featured_media":43367,"comment_status":"open","ping_status":"closed","sticky":false,"template":"","format":"standard","meta":{"footnotes":""},"categories":[2],"tags":[],"class_list":["post-43366","post","type-post","status-publish","format-standard","has-post-thumbnail","hentry","category-ayuntamiento-pamplona"],"yoast_head":"<!-- This site is optimized with the Yoast SEO plugin v27.3 - https:\/\/yoast.com\/product\/yoast-seo-wordpress\/ -->\n<title>El ciclo Musync propone del 2 al 4 de abril en Condestable tres actividades para acercarse a la musicolog\u00eda, el estudio de la m\u00fasica y su historia<\/title>\n<meta name=\"description\" content=\"El ciclo Musync propone del 2 al 4 de abril en Condestable tres actividades para acercarse a la musicolog\u00eda, el estudio de la m\u00fasica y su historia\" \/>\n<meta name=\"robots\" content=\"index, follow, max-snippet:-1, max-image-preview:large, max-video-preview:-1\" \/>\n<link rel=\"canonical\" href=\"https:\/\/www.laguiadepamplona.com\/actualidad\/el-ciclo-musync-propone-del-2-al-4-de-abril-en-condestable-tres-actividades-para-acercarse-a-la-musicologia-el-estudio-de-la-musica-y-su-historia\/\" \/>\n<meta property=\"og:locale\" content=\"es_ES\" \/>\n<meta property=\"og:type\" content=\"article\" \/>\n<meta property=\"og:title\" content=\"El ciclo Musync propone del 2 al 4 de abril en Condestable tres actividades para acercarse a la musicolog\u00eda, el estudio de la m\u00fasica y su historia\" \/>\n<meta property=\"og:description\" content=\"El ciclo Musync propone del 2 al 4 de abril en Condestable tres actividades para acercarse a la musicolog\u00eda, el estudio de la m\u00fasica y su historia\" \/>\n<meta property=\"og:url\" content=\"https:\/\/www.laguiadepamplona.com\/actualidad\/el-ciclo-musync-propone-del-2-al-4-de-abril-en-condestable-tres-actividades-para-acercarse-a-la-musicologia-el-estudio-de-la-musica-y-su-historia\/\" \/>\n<meta property=\"og:site_name\" content=\"La Gu\u00eda de Pamplona\" \/>\n<meta property=\"article:publisher\" content=\"https:\/\/www.facebook.com\/laguiadepamplonacom-133175176762273\/?ref=hl\" \/>\n<meta property=\"article:published_time\" content=\"2023-03-30T15:06:24+00:00\" \/>\n<meta property=\"article:modified_time\" content=\"2023-04-11T09:46:55+00:00\" \/>\n<meta property=\"og:image\" content=\"https:\/\/www.laguiadepamplona.com\/actualidad\/wp-content\/uploads\/2023\/03\/whoseisthissong2.webp\" \/>\n\t<meta property=\"og:image:width\" content=\"1280\" \/>\n\t<meta property=\"og:image:height\" content=\"720\" \/>\n\t<meta property=\"og:image:type\" content=\"image\/webp\" \/>\n<meta name=\"author\" content=\"La Gu\u00eda de Pamplona\" \/>\n<meta name=\"twitter:card\" content=\"summary_large_image\" \/>\n<meta name=\"twitter:creator\" content=\"@LaGuiadPamplona\" \/>\n<meta name=\"twitter:site\" content=\"@LaGuiadPamplona\" \/>\n<meta name=\"twitter:label1\" content=\"Escrito por\" \/>\n\t<meta name=\"twitter:data1\" content=\"La Gu\u00eda de Pamplona\" \/>\n\t<meta name=\"twitter:label2\" content=\"Tiempo de lectura\" \/>\n\t<meta name=\"twitter:data2\" content=\"3 minutos\" \/>\n<script type=\"application\/ld+json\" class=\"yoast-schema-graph\">{\"@context\":\"https:\\\/\\\/schema.org\",\"@graph\":[{\"@type\":\"Article\",\"@id\":\"https:\\\/\\\/www.laguiadepamplona.com\\\/actualidad\\\/el-ciclo-musync-propone-del-2-al-4-de-abril-en-condestable-tres-actividades-para-acercarse-a-la-musicologia-el-estudio-de-la-musica-y-su-historia\\\/#article\",\"isPartOf\":{\"@id\":\"https:\\\/\\\/www.laguiadepamplona.com\\\/actualidad\\\/el-ciclo-musync-propone-del-2-al-4-de-abril-en-condestable-tres-actividades-para-acercarse-a-la-musicologia-el-estudio-de-la-musica-y-su-historia\\\/\"},\"author\":{\"name\":\"La Gu\u00eda de Pamplona\",\"@id\":\"https:\\\/\\\/www.laguiadepamplona.com\\\/actualidad\\\/#\\\/schema\\\/person\\\/efe887376f0213d4657c93adc50b1fdb\"},\"headline\":\"El ciclo Musync propone del 2 al 4 de abril en Condestable tres actividades para acercarse a la musicolog\u00eda, el estudio de la m\u00fasica y su historia\",\"datePublished\":\"2023-03-30T15:06:24+00:00\",\"dateModified\":\"2023-04-11T09:46:55+00:00\",\"mainEntityOfPage\":{\"@id\":\"https:\\\/\\\/www.laguiadepamplona.com\\\/actualidad\\\/el-ciclo-musync-propone-del-2-al-4-de-abril-en-condestable-tres-actividades-para-acercarse-a-la-musicologia-el-estudio-de-la-musica-y-su-historia\\\/\"},\"wordCount\":600,\"commentCount\":0,\"publisher\":{\"@id\":\"https:\\\/\\\/www.laguiadepamplona.com\\\/actualidad\\\/#organization\"},\"image\":{\"@id\":\"https:\\\/\\\/www.laguiadepamplona.com\\\/actualidad\\\/el-ciclo-musync-propone-del-2-al-4-de-abril-en-condestable-tres-actividades-para-acercarse-a-la-musicologia-el-estudio-de-la-musica-y-su-historia\\\/#primaryimage\"},\"thumbnailUrl\":\"https:\\\/\\\/www.laguiadepamplona.com\\\/actualidad\\\/wp-content\\\/uploads\\\/2023\\\/03\\\/whoseisthissong2.webp\",\"articleSection\":[\"Ayto Pamplona\"],\"inLanguage\":\"es\",\"potentialAction\":[{\"@type\":\"CommentAction\",\"name\":\"Comment\",\"target\":[\"https:\\\/\\\/www.laguiadepamplona.com\\\/actualidad\\\/el-ciclo-musync-propone-del-2-al-4-de-abril-en-condestable-tres-actividades-para-acercarse-a-la-musicologia-el-estudio-de-la-musica-y-su-historia\\\/#respond\"]}]},{\"@type\":\"WebPage\",\"@id\":\"https:\\\/\\\/www.laguiadepamplona.com\\\/actualidad\\\/el-ciclo-musync-propone-del-2-al-4-de-abril-en-condestable-tres-actividades-para-acercarse-a-la-musicologia-el-estudio-de-la-musica-y-su-historia\\\/\",\"url\":\"https:\\\/\\\/www.laguiadepamplona.com\\\/actualidad\\\/el-ciclo-musync-propone-del-2-al-4-de-abril-en-condestable-tres-actividades-para-acercarse-a-la-musicologia-el-estudio-de-la-musica-y-su-historia\\\/\",\"name\":\"El ciclo Musync propone del 2 al 4 de abril en Condestable tres actividades para acercarse a la musicolog\u00eda, el estudio de la m\u00fasica y su historia\",\"isPartOf\":{\"@id\":\"https:\\\/\\\/www.laguiadepamplona.com\\\/actualidad\\\/#website\"},\"primaryImageOfPage\":{\"@id\":\"https:\\\/\\\/www.laguiadepamplona.com\\\/actualidad\\\/el-ciclo-musync-propone-del-2-al-4-de-abril-en-condestable-tres-actividades-para-acercarse-a-la-musicologia-el-estudio-de-la-musica-y-su-historia\\\/#primaryimage\"},\"image\":{\"@id\":\"https:\\\/\\\/www.laguiadepamplona.com\\\/actualidad\\\/el-ciclo-musync-propone-del-2-al-4-de-abril-en-condestable-tres-actividades-para-acercarse-a-la-musicologia-el-estudio-de-la-musica-y-su-historia\\\/#primaryimage\"},\"thumbnailUrl\":\"https:\\\/\\\/www.laguiadepamplona.com\\\/actualidad\\\/wp-content\\\/uploads\\\/2023\\\/03\\\/whoseisthissong2.webp\",\"datePublished\":\"2023-03-30T15:06:24+00:00\",\"dateModified\":\"2023-04-11T09:46:55+00:00\",\"description\":\"El ciclo Musync propone del 2 al 4 de abril en Condestable tres actividades para acercarse a la musicolog\u00eda, el estudio de la m\u00fasica y su historia\",\"breadcrumb\":{\"@id\":\"https:\\\/\\\/www.laguiadepamplona.com\\\/actualidad\\\/el-ciclo-musync-propone-del-2-al-4-de-abril-en-condestable-tres-actividades-para-acercarse-a-la-musicologia-el-estudio-de-la-musica-y-su-historia\\\/#breadcrumb\"},\"inLanguage\":\"es\",\"potentialAction\":[{\"@type\":\"ReadAction\",\"target\":[\"https:\\\/\\\/www.laguiadepamplona.com\\\/actualidad\\\/el-ciclo-musync-propone-del-2-al-4-de-abril-en-condestable-tres-actividades-para-acercarse-a-la-musicologia-el-estudio-de-la-musica-y-su-historia\\\/\"]}]},{\"@type\":\"ImageObject\",\"inLanguage\":\"es\",\"@id\":\"https:\\\/\\\/www.laguiadepamplona.com\\\/actualidad\\\/el-ciclo-musync-propone-del-2-al-4-de-abril-en-condestable-tres-actividades-para-acercarse-a-la-musicologia-el-estudio-de-la-musica-y-su-historia\\\/#primaryimage\",\"url\":\"https:\\\/\\\/www.laguiadepamplona.com\\\/actualidad\\\/wp-content\\\/uploads\\\/2023\\\/03\\\/whoseisthissong2.webp\",\"contentUrl\":\"https:\\\/\\\/www.laguiadepamplona.com\\\/actualidad\\\/wp-content\\\/uploads\\\/2023\\\/03\\\/whoseisthissong2.webp\",\"width\":1280,\"height\":720},{\"@type\":\"BreadcrumbList\",\"@id\":\"https:\\\/\\\/www.laguiadepamplona.com\\\/actualidad\\\/el-ciclo-musync-propone-del-2-al-4-de-abril-en-condestable-tres-actividades-para-acercarse-a-la-musicologia-el-estudio-de-la-musica-y-su-historia\\\/#breadcrumb\",\"itemListElement\":[{\"@type\":\"ListItem\",\"position\":1,\"name\":\"Portada\",\"item\":\"https:\\\/\\\/www.laguiadepamplona.com\\\/actualidad\\\/\"},{\"@type\":\"ListItem\",\"position\":2,\"name\":\"El ciclo Musync propone del 2 al 4 de abril en Condestable tres actividades para acercarse a la musicolog\u00eda, el estudio de la m\u00fasica y su historia\"}]},{\"@type\":\"WebSite\",\"@id\":\"https:\\\/\\\/www.laguiadepamplona.com\\\/actualidad\\\/#website\",\"url\":\"https:\\\/\\\/www.laguiadepamplona.com\\\/actualidad\\\/\",\"name\":\"La gu\u00eda de Pamplona\",\"description\":\"Noticias de Pamplona\",\"publisher\":{\"@id\":\"https:\\\/\\\/www.laguiadepamplona.com\\\/actualidad\\\/#organization\"},\"potentialAction\":[{\"@type\":\"SearchAction\",\"target\":{\"@type\":\"EntryPoint\",\"urlTemplate\":\"https:\\\/\\\/www.laguiadepamplona.com\\\/actualidad\\\/?s={search_term_string}\"},\"query-input\":{\"@type\":\"PropertyValueSpecification\",\"valueRequired\":true,\"valueName\":\"search_term_string\"}}],\"inLanguage\":\"es\"},{\"@type\":\"Organization\",\"@id\":\"https:\\\/\\\/www.laguiadepamplona.com\\\/actualidad\\\/#organization\",\"name\":\"La Gu\u00eda de Pamplona \\\/ Noticias\",\"url\":\"https:\\\/\\\/www.laguiadepamplona.com\\\/actualidad\\\/\",\"logo\":{\"@type\":\"ImageObject\",\"inLanguage\":\"es\",\"@id\":\"https:\\\/\\\/www.laguiadepamplona.com\\\/actualidad\\\/#\\\/schema\\\/logo\\\/image\\\/\",\"url\":\"https:\\\/\\\/www.laguiadepamplona.com\\\/actualidad\\\/wp-content\\\/uploads\\\/2018\\\/11\\\/logo-laguiadepamplona18-web1.png\",\"contentUrl\":\"https:\\\/\\\/www.laguiadepamplona.com\\\/actualidad\\\/wp-content\\\/uploads\\\/2018\\\/11\\\/logo-laguiadepamplona18-web1.png\",\"width\":600,\"height\":196,\"caption\":\"La Gu\u00eda de Pamplona \\\/ Noticias\"},\"image\":{\"@id\":\"https:\\\/\\\/www.laguiadepamplona.com\\\/actualidad\\\/#\\\/schema\\\/logo\\\/image\\\/\"},\"sameAs\":[\"https:\\\/\\\/www.facebook.com\\\/laguiadepamplonacom-133175176762273\\\/?ref=hl\",\"https:\\\/\\\/x.com\\\/LaGuiadPamplona\",\"https:\\\/\\\/www.instagram.com\\\/la_guia_de_pamplona\\\/\",\"https:\\\/\\\/www.youtube.com\\\/user\\\/laguiadepamplona\"]},{\"@type\":\"Person\",\"@id\":\"https:\\\/\\\/www.laguiadepamplona.com\\\/actualidad\\\/#\\\/schema\\\/person\\\/efe887376f0213d4657c93adc50b1fdb\",\"name\":\"La Gu\u00eda de Pamplona\",\"image\":{\"@type\":\"ImageObject\",\"inLanguage\":\"es\",\"@id\":\"https:\\\/\\\/secure.gravatar.com\\\/avatar\\\/b6992f131dc8d30ab0dff15446e9d346d9dbd95992de0fef795073f5ea83a81c?s=96&d=mm&r=g\",\"url\":\"https:\\\/\\\/secure.gravatar.com\\\/avatar\\\/b6992f131dc8d30ab0dff15446e9d346d9dbd95992de0fef795073f5ea83a81c?s=96&d=mm&r=g\",\"contentUrl\":\"https:\\\/\\\/secure.gravatar.com\\\/avatar\\\/b6992f131dc8d30ab0dff15446e9d346d9dbd95992de0fef795073f5ea83a81c?s=96&d=mm&r=g\",\"caption\":\"La Gu\u00eda de Pamplona\"}}]}<\/script>\n<!-- \/ Yoast SEO plugin. -->","yoast_head_json":{"title":"El ciclo Musync propone del 2 al 4 de abril en Condestable tres actividades para acercarse a la musicolog\u00eda, el estudio de la m\u00fasica y su historia","description":"El ciclo Musync propone del 2 al 4 de abril en Condestable tres actividades para acercarse a la musicolog\u00eda, el estudio de la m\u00fasica y su historia","robots":{"index":"index","follow":"follow","max-snippet":"max-snippet:-1","max-image-preview":"max-image-preview:large","max-video-preview":"max-video-preview:-1"},"canonical":"https:\/\/www.laguiadepamplona.com\/actualidad\/el-ciclo-musync-propone-del-2-al-4-de-abril-en-condestable-tres-actividades-para-acercarse-a-la-musicologia-el-estudio-de-la-musica-y-su-historia\/","og_locale":"es_ES","og_type":"article","og_title":"El ciclo Musync propone del 2 al 4 de abril en Condestable tres actividades para acercarse a la musicolog\u00eda, el estudio de la m\u00fasica y su historia","og_description":"El ciclo Musync propone del 2 al 4 de abril en Condestable tres actividades para acercarse a la musicolog\u00eda, el estudio de la m\u00fasica y su historia","og_url":"https:\/\/www.laguiadepamplona.com\/actualidad\/el-ciclo-musync-propone-del-2-al-4-de-abril-en-condestable-tres-actividades-para-acercarse-a-la-musicologia-el-estudio-de-la-musica-y-su-historia\/","og_site_name":"La Gu\u00eda de Pamplona","article_publisher":"https:\/\/www.facebook.com\/laguiadepamplonacom-133175176762273\/?ref=hl","article_published_time":"2023-03-30T15:06:24+00:00","article_modified_time":"2023-04-11T09:46:55+00:00","og_image":[{"width":1280,"height":720,"url":"https:\/\/www.laguiadepamplona.com\/actualidad\/wp-content\/uploads\/2023\/03\/whoseisthissong2.webp","type":"image\/webp"}],"author":"La Gu\u00eda de Pamplona","twitter_card":"summary_large_image","twitter_creator":"@LaGuiadPamplona","twitter_site":"@LaGuiadPamplona","twitter_misc":{"Escrito por":"La Gu\u00eda de Pamplona","Tiempo de lectura":"3 minutos"},"schema":{"@context":"https:\/\/schema.org","@graph":[{"@type":"Article","@id":"https:\/\/www.laguiadepamplona.com\/actualidad\/el-ciclo-musync-propone-del-2-al-4-de-abril-en-condestable-tres-actividades-para-acercarse-a-la-musicologia-el-estudio-de-la-musica-y-su-historia\/#article","isPartOf":{"@id":"https:\/\/www.laguiadepamplona.com\/actualidad\/el-ciclo-musync-propone-del-2-al-4-de-abril-en-condestable-tres-actividades-para-acercarse-a-la-musicologia-el-estudio-de-la-musica-y-su-historia\/"},"author":{"name":"La Gu\u00eda de Pamplona","@id":"https:\/\/www.laguiadepamplona.com\/actualidad\/#\/schema\/person\/efe887376f0213d4657c93adc50b1fdb"},"headline":"El ciclo Musync propone del 2 al 4 de abril en Condestable tres actividades para acercarse a la musicolog\u00eda, el estudio de la m\u00fasica y su historia","datePublished":"2023-03-30T15:06:24+00:00","dateModified":"2023-04-11T09:46:55+00:00","mainEntityOfPage":{"@id":"https:\/\/www.laguiadepamplona.com\/actualidad\/el-ciclo-musync-propone-del-2-al-4-de-abril-en-condestable-tres-actividades-para-acercarse-a-la-musicologia-el-estudio-de-la-musica-y-su-historia\/"},"wordCount":600,"commentCount":0,"publisher":{"@id":"https:\/\/www.laguiadepamplona.com\/actualidad\/#organization"},"image":{"@id":"https:\/\/www.laguiadepamplona.com\/actualidad\/el-ciclo-musync-propone-del-2-al-4-de-abril-en-condestable-tres-actividades-para-acercarse-a-la-musicologia-el-estudio-de-la-musica-y-su-historia\/#primaryimage"},"thumbnailUrl":"https:\/\/www.laguiadepamplona.com\/actualidad\/wp-content\/uploads\/2023\/03\/whoseisthissong2.webp","articleSection":["Ayto Pamplona"],"inLanguage":"es","potentialAction":[{"@type":"CommentAction","name":"Comment","target":["https:\/\/www.laguiadepamplona.com\/actualidad\/el-ciclo-musync-propone-del-2-al-4-de-abril-en-condestable-tres-actividades-para-acercarse-a-la-musicologia-el-estudio-de-la-musica-y-su-historia\/#respond"]}]},{"@type":"WebPage","@id":"https:\/\/www.laguiadepamplona.com\/actualidad\/el-ciclo-musync-propone-del-2-al-4-de-abril-en-condestable-tres-actividades-para-acercarse-a-la-musicologia-el-estudio-de-la-musica-y-su-historia\/","url":"https:\/\/www.laguiadepamplona.com\/actualidad\/el-ciclo-musync-propone-del-2-al-4-de-abril-en-condestable-tres-actividades-para-acercarse-a-la-musicologia-el-estudio-de-la-musica-y-su-historia\/","name":"El ciclo Musync propone del 2 al 4 de abril en Condestable tres actividades para acercarse a la musicolog\u00eda, el estudio de la m\u00fasica y su historia","isPartOf":{"@id":"https:\/\/www.laguiadepamplona.com\/actualidad\/#website"},"primaryImageOfPage":{"@id":"https:\/\/www.laguiadepamplona.com\/actualidad\/el-ciclo-musync-propone-del-2-al-4-de-abril-en-condestable-tres-actividades-para-acercarse-a-la-musicologia-el-estudio-de-la-musica-y-su-historia\/#primaryimage"},"image":{"@id":"https:\/\/www.laguiadepamplona.com\/actualidad\/el-ciclo-musync-propone-del-2-al-4-de-abril-en-condestable-tres-actividades-para-acercarse-a-la-musicologia-el-estudio-de-la-musica-y-su-historia\/#primaryimage"},"thumbnailUrl":"https:\/\/www.laguiadepamplona.com\/actualidad\/wp-content\/uploads\/2023\/03\/whoseisthissong2.webp","datePublished":"2023-03-30T15:06:24+00:00","dateModified":"2023-04-11T09:46:55+00:00","description":"El ciclo Musync propone del 2 al 4 de abril en Condestable tres actividades para acercarse a la musicolog\u00eda, el estudio de la m\u00fasica y su historia","breadcrumb":{"@id":"https:\/\/www.laguiadepamplona.com\/actualidad\/el-ciclo-musync-propone-del-2-al-4-de-abril-en-condestable-tres-actividades-para-acercarse-a-la-musicologia-el-estudio-de-la-musica-y-su-historia\/#breadcrumb"},"inLanguage":"es","potentialAction":[{"@type":"ReadAction","target":["https:\/\/www.laguiadepamplona.com\/actualidad\/el-ciclo-musync-propone-del-2-al-4-de-abril-en-condestable-tres-actividades-para-acercarse-a-la-musicologia-el-estudio-de-la-musica-y-su-historia\/"]}]},{"@type":"ImageObject","inLanguage":"es","@id":"https:\/\/www.laguiadepamplona.com\/actualidad\/el-ciclo-musync-propone-del-2-al-4-de-abril-en-condestable-tres-actividades-para-acercarse-a-la-musicologia-el-estudio-de-la-musica-y-su-historia\/#primaryimage","url":"https:\/\/www.laguiadepamplona.com\/actualidad\/wp-content\/uploads\/2023\/03\/whoseisthissong2.webp","contentUrl":"https:\/\/www.laguiadepamplona.com\/actualidad\/wp-content\/uploads\/2023\/03\/whoseisthissong2.webp","width":1280,"height":720},{"@type":"BreadcrumbList","@id":"https:\/\/www.laguiadepamplona.com\/actualidad\/el-ciclo-musync-propone-del-2-al-4-de-abril-en-condestable-tres-actividades-para-acercarse-a-la-musicologia-el-estudio-de-la-musica-y-su-historia\/#breadcrumb","itemListElement":[{"@type":"ListItem","position":1,"name":"Portada","item":"https:\/\/www.laguiadepamplona.com\/actualidad\/"},{"@type":"ListItem","position":2,"name":"El ciclo Musync propone del 2 al 4 de abril en Condestable tres actividades para acercarse a la musicolog\u00eda, el estudio de la m\u00fasica y su historia"}]},{"@type":"WebSite","@id":"https:\/\/www.laguiadepamplona.com\/actualidad\/#website","url":"https:\/\/www.laguiadepamplona.com\/actualidad\/","name":"La gu\u00eda de Pamplona","description":"Noticias de Pamplona","publisher":{"@id":"https:\/\/www.laguiadepamplona.com\/actualidad\/#organization"},"potentialAction":[{"@type":"SearchAction","target":{"@type":"EntryPoint","urlTemplate":"https:\/\/www.laguiadepamplona.com\/actualidad\/?s={search_term_string}"},"query-input":{"@type":"PropertyValueSpecification","valueRequired":true,"valueName":"search_term_string"}}],"inLanguage":"es"},{"@type":"Organization","@id":"https:\/\/www.laguiadepamplona.com\/actualidad\/#organization","name":"La Gu\u00eda de Pamplona \/ Noticias","url":"https:\/\/www.laguiadepamplona.com\/actualidad\/","logo":{"@type":"ImageObject","inLanguage":"es","@id":"https:\/\/www.laguiadepamplona.com\/actualidad\/#\/schema\/logo\/image\/","url":"https:\/\/www.laguiadepamplona.com\/actualidad\/wp-content\/uploads\/2018\/11\/logo-laguiadepamplona18-web1.png","contentUrl":"https:\/\/www.laguiadepamplona.com\/actualidad\/wp-content\/uploads\/2018\/11\/logo-laguiadepamplona18-web1.png","width":600,"height":196,"caption":"La Gu\u00eda de Pamplona \/ Noticias"},"image":{"@id":"https:\/\/www.laguiadepamplona.com\/actualidad\/#\/schema\/logo\/image\/"},"sameAs":["https:\/\/www.facebook.com\/laguiadepamplonacom-133175176762273\/?ref=hl","https:\/\/x.com\/LaGuiadPamplona","https:\/\/www.instagram.com\/la_guia_de_pamplona\/","https:\/\/www.youtube.com\/user\/laguiadepamplona"]},{"@type":"Person","@id":"https:\/\/www.laguiadepamplona.com\/actualidad\/#\/schema\/person\/efe887376f0213d4657c93adc50b1fdb","name":"La Gu\u00eda de Pamplona","image":{"@type":"ImageObject","inLanguage":"es","@id":"https:\/\/secure.gravatar.com\/avatar\/b6992f131dc8d30ab0dff15446e9d346d9dbd95992de0fef795073f5ea83a81c?s=96&d=mm&r=g","url":"https:\/\/secure.gravatar.com\/avatar\/b6992f131dc8d30ab0dff15446e9d346d9dbd95992de0fef795073f5ea83a81c?s=96&d=mm&r=g","contentUrl":"https:\/\/secure.gravatar.com\/avatar\/b6992f131dc8d30ab0dff15446e9d346d9dbd95992de0fef795073f5ea83a81c?s=96&d=mm&r=g","caption":"La Gu\u00eda de Pamplona"}}]}},"post_mailing_queue_ids":[],"_links":{"self":[{"href":"https:\/\/www.laguiadepamplona.com\/actualidad\/wp-json\/wp\/v2\/posts\/43366","targetHints":{"allow":["GET"]}}],"collection":[{"href":"https:\/\/www.laguiadepamplona.com\/actualidad\/wp-json\/wp\/v2\/posts"}],"about":[{"href":"https:\/\/www.laguiadepamplona.com\/actualidad\/wp-json\/wp\/v2\/types\/post"}],"author":[{"embeddable":true,"href":"https:\/\/www.laguiadepamplona.com\/actualidad\/wp-json\/wp\/v2\/users\/1"}],"replies":[{"embeddable":true,"href":"https:\/\/www.laguiadepamplona.com\/actualidad\/wp-json\/wp\/v2\/comments?post=43366"}],"version-history":[{"count":0,"href":"https:\/\/www.laguiadepamplona.com\/actualidad\/wp-json\/wp\/v2\/posts\/43366\/revisions"}],"wp:featuredmedia":[{"embeddable":true,"href":"https:\/\/www.laguiadepamplona.com\/actualidad\/wp-json\/wp\/v2\/media\/43367"}],"wp:attachment":[{"href":"https:\/\/www.laguiadepamplona.com\/actualidad\/wp-json\/wp\/v2\/media?parent=43366"}],"wp:term":[{"taxonomy":"category","embeddable":true,"href":"https:\/\/www.laguiadepamplona.com\/actualidad\/wp-json\/wp\/v2\/categories?post=43366"},{"taxonomy":"post_tag","embeddable":true,"href":"https:\/\/www.laguiadepamplona.com\/actualidad\/wp-json\/wp\/v2\/tags?post=43366"}],"curies":[{"name":"wp","href":"https:\/\/api.w.org\/{rel}","templated":true}]}}