{"id":43363,"date":"2023-03-30T13:42:39","date_gmt":"2023-03-30T11:42:39","guid":{"rendered":"https:\/\/www.laguiadepamplona.com\/actualidad\/?p=43363"},"modified":"2023-04-11T11:46:55","modified_gmt":"2023-04-11T09:46:55","slug":"manana-viernes-31-de-marzo-tendra-lugar-el-traslado-de-la-dolorosa-desde-la-iglesia-de-san-lorenzo-a-la-catedral","status":"publish","type":"post","link":"https:\/\/www.laguiadepamplona.com\/actualidad\/manana-viernes-31-de-marzo-tendra-lugar-el-traslado-de-la-dolorosa-desde-la-iglesia-de-san-lorenzo-a-la-catedral\/","title":{"rendered":"Ma\u00f1ana viernes 31 de marzo tendr\u00e1 lugar el traslado de La Dolorosa desde la iglesia de San Lorenzo a la Catedral"},"content":{"rendered":"<h5>La imagen de propiedad municipal participar\u00e1, como todos los a\u00f1os, en la Procesi\u00f3n del Santo Entierro el viernes 7 de abril<\/h5>\n<p><!--more--><\/p>\n<p>Ma\u00f1ana viernes, a las 20.30 horas, tendr\u00e1 lugar el traslado de La Dolorosa desde la iglesia de San Lorenzo hasta la catedral. Cofrades de la Hermandad de la Paz y la Caridad ser\u00e1n los encargados de portar el paso a trav\u00e9s de la calle Mayor, San Saturnino, Plaza Consistorial, Mercaderes y Curia hasta el templo que se alza en lo alto de las calles Curia y Navarrer\u00eda. All\u00ed quedar\u00e1 expuesta al p\u00fablico hasta el 7 de abril. Ese d\u00eda, Viernes Santo, el paso de propiedad municipal se sumar\u00e1, a las 19.30 horas, a la comitiva del \u2019Santo Entierro\u2019.<br \/>\n<script async src=\"\/\/pagead2.googlesyndication.com\/pagead\/js\/adsbygoogle.js\"><\/script><br \/>\n<!-- Noticias La Guia de Pamplona --><br \/>\n<ins class=\"adsbygoogle\"\nstyle=\"display:block\"\ndata-ad-client=\"ca-pub-6943679897239327\"\ndata-ad-slot=\"7048180777\"\ndata-ad-format=\"auto\"><\/ins><br \/>\n<script>\n(adsbygoogle = window.adsbygoogle || []).push({});\n<\/script><\/p>\n<p>Al t\u00e9rmino de la procesi\u00f3n, a las 22.30 horas, en la llamada procesi\u00f3n de El Retorno, La Dolorosa volver\u00e1 a la Iglesia de San Lorenzo, el templo que alberga la imagen de Nuestra Se\u00f1ora de la Soledad durante el resto del a\u00f1o. En caso de que la procesi\u00f3n se suspenda por motivos de lluvia, se realizar\u00e1 un v\u00eda crucis en el interior de la catedral y el paso adelantar\u00e1 su salida hacia San Lorenzo a las 20.30 horas. Cuando eso sucede, para salvaguardar telas y bordados, y evitar el deterioro del manto y de la imagen se utiliza un impermeable de goretex fabricado en 2002 que durante el a\u00f1o se encargan de mantener las Madres Recoletas.<\/p>\n<p>La procesi\u00f3n de ma\u00f1ana estar\u00e1 encabezada por un cortejo de miembros distintas cofrad\u00edas y ni\u00f1os y antiguos portadores, adem\u00e1s de quienes forman el equipo de relevo, tras quienes se dispone la imagen realizada por Rosendo Nobas y Balb\u00e9 en 1883 con su gran manto. Tras el paso se dispondr\u00e1n el p\u00e1rroco y clero de San Lorenzo, la Junta directiva de la Hermandad de la Pasi\u00f3n, la alcaldesa en funciones, Ana Elizalde, acompa\u00f1ado por el prior de la hermandad, as\u00ed como la concejala de Cultura e Igualdad, Mar\u00eda Garc\u00eda-Barberena, junto con los ediles y las concejalas que decidan acudir a t\u00edtulo personal. Cerrar\u00e1 la comitiva la banda de m\u00fasica municipal La Pamplonesa.<br \/>\n<script async src=\"\/\/pagead2.googlesyndication.com\/pagead\/js\/adsbygoogle.js\"><\/script><br \/>\n<!-- Noticias La Guia de Pamplona --><br \/>\n<ins class=\"adsbygoogle\"\nstyle=\"display:block\"\ndata-ad-client=\"ca-pub-6943679897239327\"\ndata-ad-slot=\"7048180777\"\ndata-ad-format=\"auto\"><\/ins><br \/>\n<script>\n(adsbygoogle = window.adsbygoogle || []).push({});\n<\/script><\/p>\n<p>El paso procesional del Ayuntamiento de Pamplona est\u00e1 compuesto por la imagen, las andas, y las torretas de velas. El conjunto de elemento pesa 1,2 toneladas por lo que, las 64 personas organizadas en dos equipos que se relevan en el traslado soportan alrededor de 38 kilos de peso.<\/p>\n","protected":false},"excerpt":{"rendered":"<p>La imagen de propiedad municipal participar\u00e1, como todos los a\u00f1os, en la Procesi\u00f3n del Santo Entierro el viernes 7 de abril<\/p>\n","protected":false},"author":1,"featured_media":43364,"comment_status":"open","ping_status":"closed","sticky":false,"template":"","format":"standard","meta":{"footnotes":""},"categories":[2],"tags":[],"class_list":["post-43363","post","type-post","status-publish","format-standard","has-post-thumbnail","hentry","category-ayuntamiento-pamplona"],"yoast_head":"<!-- This site is optimized with the Yoast SEO plugin v27.3 - https:\/\/yoast.com\/product\/yoast-seo-wordpress\/ -->\n<title>Ma\u00f1ana viernes 31 de marzo tendr\u00e1 lugar el traslado de La Dolorosa desde la iglesia de San Lorenzo a la Catedral<\/title>\n<meta name=\"description\" content=\"La imagen de propiedad municipal participar\u00e1, como todos los a\u00f1os, en la Procesi\u00f3n del Santo Entierro el viernes 7 de abril\" \/>\n<meta name=\"robots\" content=\"index, follow, max-snippet:-1, max-image-preview:large, max-video-preview:-1\" \/>\n<link rel=\"canonical\" href=\"https:\/\/www.laguiadepamplona.com\/actualidad\/manana-viernes-31-de-marzo-tendra-lugar-el-traslado-de-la-dolorosa-desde-la-iglesia-de-san-lorenzo-a-la-catedral\/\" \/>\n<meta property=\"og:locale\" content=\"es_ES\" \/>\n<meta property=\"og:type\" content=\"article\" \/>\n<meta property=\"og:title\" content=\"Ma\u00f1ana viernes 31 de marzo tendr\u00e1 lugar el traslado de La Dolorosa desde la iglesia de San Lorenzo a la Catedral\" \/>\n<meta property=\"og:description\" content=\"La imagen de propiedad municipal participar\u00e1, como todos los a\u00f1os, en la Procesi\u00f3n del Santo Entierro el viernes 7 de abril\" \/>\n<meta property=\"og:url\" content=\"https:\/\/www.laguiadepamplona.com\/actualidad\/manana-viernes-31-de-marzo-tendra-lugar-el-traslado-de-la-dolorosa-desde-la-iglesia-de-san-lorenzo-a-la-catedral\/\" \/>\n<meta property=\"og:site_name\" content=\"La Gu\u00eda de Pamplona\" \/>\n<meta property=\"article:publisher\" content=\"https:\/\/www.facebook.com\/laguiadepamplonacom-133175176762273\/?ref=hl\" \/>\n<meta property=\"article:published_time\" content=\"2023-03-30T11:42:39+00:00\" \/>\n<meta property=\"article:modified_time\" content=\"2023-04-11T09:46:55+00:00\" \/>\n<meta property=\"og:image\" content=\"https:\/\/www.laguiadepamplona.com\/actualidad\/wp-content\/uploads\/2023\/03\/regresoDolorosa20220419_Q5A4294.webp\" \/>\n\t<meta property=\"og:image:width\" content=\"1920\" \/>\n\t<meta property=\"og:image:height\" content=\"1281\" \/>\n\t<meta property=\"og:image:type\" content=\"image\/webp\" \/>\n<meta name=\"author\" content=\"La Gu\u00eda de Pamplona\" \/>\n<meta name=\"twitter:card\" content=\"summary_large_image\" \/>\n<meta name=\"twitter:creator\" content=\"@LaGuiadPamplona\" \/>\n<meta name=\"twitter:site\" content=\"@LaGuiadPamplona\" \/>\n<meta name=\"twitter:label1\" content=\"Escrito por\" \/>\n\t<meta name=\"twitter:data1\" content=\"La Gu\u00eda de Pamplona\" \/>\n\t<meta name=\"twitter:label2\" content=\"Tiempo de lectura\" \/>\n\t<meta name=\"twitter:data2\" content=\"2 minutos\" \/>\n<script type=\"application\/ld+json\" class=\"yoast-schema-graph\">{\"@context\":\"https:\\\/\\\/schema.org\",\"@graph\":[{\"@type\":\"Article\",\"@id\":\"https:\\\/\\\/www.laguiadepamplona.com\\\/actualidad\\\/manana-viernes-31-de-marzo-tendra-lugar-el-traslado-de-la-dolorosa-desde-la-iglesia-de-san-lorenzo-a-la-catedral\\\/#article\",\"isPartOf\":{\"@id\":\"https:\\\/\\\/www.laguiadepamplona.com\\\/actualidad\\\/manana-viernes-31-de-marzo-tendra-lugar-el-traslado-de-la-dolorosa-desde-la-iglesia-de-san-lorenzo-a-la-catedral\\\/\"},\"author\":{\"name\":\"La Gu\u00eda de Pamplona\",\"@id\":\"https:\\\/\\\/www.laguiadepamplona.com\\\/actualidad\\\/#\\\/schema\\\/person\\\/efe887376f0213d4657c93adc50b1fdb\"},\"headline\":\"Ma\u00f1ana viernes 31 de marzo tendr\u00e1 lugar el traslado de La Dolorosa desde la iglesia de San Lorenzo a la Catedral\",\"datePublished\":\"2023-03-30T11:42:39+00:00\",\"dateModified\":\"2023-04-11T09:46:55+00:00\",\"mainEntityOfPage\":{\"@id\":\"https:\\\/\\\/www.laguiadepamplona.com\\\/actualidad\\\/manana-viernes-31-de-marzo-tendra-lugar-el-traslado-de-la-dolorosa-desde-la-iglesia-de-san-lorenzo-a-la-catedral\\\/\"},\"wordCount\":434,\"commentCount\":0,\"publisher\":{\"@id\":\"https:\\\/\\\/www.laguiadepamplona.com\\\/actualidad\\\/#organization\"},\"image\":{\"@id\":\"https:\\\/\\\/www.laguiadepamplona.com\\\/actualidad\\\/manana-viernes-31-de-marzo-tendra-lugar-el-traslado-de-la-dolorosa-desde-la-iglesia-de-san-lorenzo-a-la-catedral\\\/#primaryimage\"},\"thumbnailUrl\":\"https:\\\/\\\/www.laguiadepamplona.com\\\/actualidad\\\/wp-content\\\/uploads\\\/2023\\\/03\\\/regresoDolorosa20220419_Q5A4294.webp\",\"articleSection\":[\"Ayto Pamplona\"],\"inLanguage\":\"es\",\"potentialAction\":[{\"@type\":\"CommentAction\",\"name\":\"Comment\",\"target\":[\"https:\\\/\\\/www.laguiadepamplona.com\\\/actualidad\\\/manana-viernes-31-de-marzo-tendra-lugar-el-traslado-de-la-dolorosa-desde-la-iglesia-de-san-lorenzo-a-la-catedral\\\/#respond\"]}]},{\"@type\":\"WebPage\",\"@id\":\"https:\\\/\\\/www.laguiadepamplona.com\\\/actualidad\\\/manana-viernes-31-de-marzo-tendra-lugar-el-traslado-de-la-dolorosa-desde-la-iglesia-de-san-lorenzo-a-la-catedral\\\/\",\"url\":\"https:\\\/\\\/www.laguiadepamplona.com\\\/actualidad\\\/manana-viernes-31-de-marzo-tendra-lugar-el-traslado-de-la-dolorosa-desde-la-iglesia-de-san-lorenzo-a-la-catedral\\\/\",\"name\":\"Ma\u00f1ana viernes 31 de marzo tendr\u00e1 lugar el traslado de La Dolorosa desde la iglesia de San Lorenzo a la Catedral\",\"isPartOf\":{\"@id\":\"https:\\\/\\\/www.laguiadepamplona.com\\\/actualidad\\\/#website\"},\"primaryImageOfPage\":{\"@id\":\"https:\\\/\\\/www.laguiadepamplona.com\\\/actualidad\\\/manana-viernes-31-de-marzo-tendra-lugar-el-traslado-de-la-dolorosa-desde-la-iglesia-de-san-lorenzo-a-la-catedral\\\/#primaryimage\"},\"image\":{\"@id\":\"https:\\\/\\\/www.laguiadepamplona.com\\\/actualidad\\\/manana-viernes-31-de-marzo-tendra-lugar-el-traslado-de-la-dolorosa-desde-la-iglesia-de-san-lorenzo-a-la-catedral\\\/#primaryimage\"},\"thumbnailUrl\":\"https:\\\/\\\/www.laguiadepamplona.com\\\/actualidad\\\/wp-content\\\/uploads\\\/2023\\\/03\\\/regresoDolorosa20220419_Q5A4294.webp\",\"datePublished\":\"2023-03-30T11:42:39+00:00\",\"dateModified\":\"2023-04-11T09:46:55+00:00\",\"description\":\"La imagen de propiedad municipal participar\u00e1, como todos los a\u00f1os, en la Procesi\u00f3n del Santo Entierro el viernes 7 de abril\",\"breadcrumb\":{\"@id\":\"https:\\\/\\\/www.laguiadepamplona.com\\\/actualidad\\\/manana-viernes-31-de-marzo-tendra-lugar-el-traslado-de-la-dolorosa-desde-la-iglesia-de-san-lorenzo-a-la-catedral\\\/#breadcrumb\"},\"inLanguage\":\"es\",\"potentialAction\":[{\"@type\":\"ReadAction\",\"target\":[\"https:\\\/\\\/www.laguiadepamplona.com\\\/actualidad\\\/manana-viernes-31-de-marzo-tendra-lugar-el-traslado-de-la-dolorosa-desde-la-iglesia-de-san-lorenzo-a-la-catedral\\\/\"]}]},{\"@type\":\"ImageObject\",\"inLanguage\":\"es\",\"@id\":\"https:\\\/\\\/www.laguiadepamplona.com\\\/actualidad\\\/manana-viernes-31-de-marzo-tendra-lugar-el-traslado-de-la-dolorosa-desde-la-iglesia-de-san-lorenzo-a-la-catedral\\\/#primaryimage\",\"url\":\"https:\\\/\\\/www.laguiadepamplona.com\\\/actualidad\\\/wp-content\\\/uploads\\\/2023\\\/03\\\/regresoDolorosa20220419_Q5A4294.webp\",\"contentUrl\":\"https:\\\/\\\/www.laguiadepamplona.com\\\/actualidad\\\/wp-content\\\/uploads\\\/2023\\\/03\\\/regresoDolorosa20220419_Q5A4294.webp\",\"width\":1920,\"height\":1281},{\"@type\":\"BreadcrumbList\",\"@id\":\"https:\\\/\\\/www.laguiadepamplona.com\\\/actualidad\\\/manana-viernes-31-de-marzo-tendra-lugar-el-traslado-de-la-dolorosa-desde-la-iglesia-de-san-lorenzo-a-la-catedral\\\/#breadcrumb\",\"itemListElement\":[{\"@type\":\"ListItem\",\"position\":1,\"name\":\"Portada\",\"item\":\"https:\\\/\\\/www.laguiadepamplona.com\\\/actualidad\\\/\"},{\"@type\":\"ListItem\",\"position\":2,\"name\":\"Ma\u00f1ana viernes 31 de marzo tendr\u00e1 lugar el traslado de La Dolorosa desde la iglesia de San Lorenzo a la Catedral\"}]},{\"@type\":\"WebSite\",\"@id\":\"https:\\\/\\\/www.laguiadepamplona.com\\\/actualidad\\\/#website\",\"url\":\"https:\\\/\\\/www.laguiadepamplona.com\\\/actualidad\\\/\",\"name\":\"La gu\u00eda de Pamplona\",\"description\":\"Noticias de Pamplona\",\"publisher\":{\"@id\":\"https:\\\/\\\/www.laguiadepamplona.com\\\/actualidad\\\/#organization\"},\"potentialAction\":[{\"@type\":\"SearchAction\",\"target\":{\"@type\":\"EntryPoint\",\"urlTemplate\":\"https:\\\/\\\/www.laguiadepamplona.com\\\/actualidad\\\/?s={search_term_string}\"},\"query-input\":{\"@type\":\"PropertyValueSpecification\",\"valueRequired\":true,\"valueName\":\"search_term_string\"}}],\"inLanguage\":\"es\"},{\"@type\":\"Organization\",\"@id\":\"https:\\\/\\\/www.laguiadepamplona.com\\\/actualidad\\\/#organization\",\"name\":\"La Gu\u00eda de Pamplona \\\/ Noticias\",\"url\":\"https:\\\/\\\/www.laguiadepamplona.com\\\/actualidad\\\/\",\"logo\":{\"@type\":\"ImageObject\",\"inLanguage\":\"es\",\"@id\":\"https:\\\/\\\/www.laguiadepamplona.com\\\/actualidad\\\/#\\\/schema\\\/logo\\\/image\\\/\",\"url\":\"https:\\\/\\\/www.laguiadepamplona.com\\\/actualidad\\\/wp-content\\\/uploads\\\/2018\\\/11\\\/logo-laguiadepamplona18-web1.png\",\"contentUrl\":\"https:\\\/\\\/www.laguiadepamplona.com\\\/actualidad\\\/wp-content\\\/uploads\\\/2018\\\/11\\\/logo-laguiadepamplona18-web1.png\",\"width\":600,\"height\":196,\"caption\":\"La Gu\u00eda de Pamplona \\\/ Noticias\"},\"image\":{\"@id\":\"https:\\\/\\\/www.laguiadepamplona.com\\\/actualidad\\\/#\\\/schema\\\/logo\\\/image\\\/\"},\"sameAs\":[\"https:\\\/\\\/www.facebook.com\\\/laguiadepamplonacom-133175176762273\\\/?ref=hl\",\"https:\\\/\\\/x.com\\\/LaGuiadPamplona\",\"https:\\\/\\\/www.instagram.com\\\/la_guia_de_pamplona\\\/\",\"https:\\\/\\\/www.youtube.com\\\/user\\\/laguiadepamplona\"]},{\"@type\":\"Person\",\"@id\":\"https:\\\/\\\/www.laguiadepamplona.com\\\/actualidad\\\/#\\\/schema\\\/person\\\/efe887376f0213d4657c93adc50b1fdb\",\"name\":\"La Gu\u00eda de Pamplona\",\"image\":{\"@type\":\"ImageObject\",\"inLanguage\":\"es\",\"@id\":\"https:\\\/\\\/secure.gravatar.com\\\/avatar\\\/b6992f131dc8d30ab0dff15446e9d346d9dbd95992de0fef795073f5ea83a81c?s=96&d=mm&r=g\",\"url\":\"https:\\\/\\\/secure.gravatar.com\\\/avatar\\\/b6992f131dc8d30ab0dff15446e9d346d9dbd95992de0fef795073f5ea83a81c?s=96&d=mm&r=g\",\"contentUrl\":\"https:\\\/\\\/secure.gravatar.com\\\/avatar\\\/b6992f131dc8d30ab0dff15446e9d346d9dbd95992de0fef795073f5ea83a81c?s=96&d=mm&r=g\",\"caption\":\"La Gu\u00eda de Pamplona\"}}]}<\/script>\n<!-- \/ Yoast SEO plugin. -->","yoast_head_json":{"title":"Ma\u00f1ana viernes 31 de marzo tendr\u00e1 lugar el traslado de La Dolorosa desde la iglesia de San Lorenzo a la Catedral","description":"La imagen de propiedad municipal participar\u00e1, como todos los a\u00f1os, en la Procesi\u00f3n del Santo Entierro el viernes 7 de abril","robots":{"index":"index","follow":"follow","max-snippet":"max-snippet:-1","max-image-preview":"max-image-preview:large","max-video-preview":"max-video-preview:-1"},"canonical":"https:\/\/www.laguiadepamplona.com\/actualidad\/manana-viernes-31-de-marzo-tendra-lugar-el-traslado-de-la-dolorosa-desde-la-iglesia-de-san-lorenzo-a-la-catedral\/","og_locale":"es_ES","og_type":"article","og_title":"Ma\u00f1ana viernes 31 de marzo tendr\u00e1 lugar el traslado de La Dolorosa desde la iglesia de San Lorenzo a la Catedral","og_description":"La imagen de propiedad municipal participar\u00e1, como todos los a\u00f1os, en la Procesi\u00f3n del Santo Entierro el viernes 7 de abril","og_url":"https:\/\/www.laguiadepamplona.com\/actualidad\/manana-viernes-31-de-marzo-tendra-lugar-el-traslado-de-la-dolorosa-desde-la-iglesia-de-san-lorenzo-a-la-catedral\/","og_site_name":"La Gu\u00eda de Pamplona","article_publisher":"https:\/\/www.facebook.com\/laguiadepamplonacom-133175176762273\/?ref=hl","article_published_time":"2023-03-30T11:42:39+00:00","article_modified_time":"2023-04-11T09:46:55+00:00","og_image":[{"width":1920,"height":1281,"url":"https:\/\/www.laguiadepamplona.com\/actualidad\/wp-content\/uploads\/2023\/03\/regresoDolorosa20220419_Q5A4294.webp","type":"image\/webp"}],"author":"La Gu\u00eda de Pamplona","twitter_card":"summary_large_image","twitter_creator":"@LaGuiadPamplona","twitter_site":"@LaGuiadPamplona","twitter_misc":{"Escrito por":"La Gu\u00eda de Pamplona","Tiempo de lectura":"2 minutos"},"schema":{"@context":"https:\/\/schema.org","@graph":[{"@type":"Article","@id":"https:\/\/www.laguiadepamplona.com\/actualidad\/manana-viernes-31-de-marzo-tendra-lugar-el-traslado-de-la-dolorosa-desde-la-iglesia-de-san-lorenzo-a-la-catedral\/#article","isPartOf":{"@id":"https:\/\/www.laguiadepamplona.com\/actualidad\/manana-viernes-31-de-marzo-tendra-lugar-el-traslado-de-la-dolorosa-desde-la-iglesia-de-san-lorenzo-a-la-catedral\/"},"author":{"name":"La Gu\u00eda de Pamplona","@id":"https:\/\/www.laguiadepamplona.com\/actualidad\/#\/schema\/person\/efe887376f0213d4657c93adc50b1fdb"},"headline":"Ma\u00f1ana viernes 31 de marzo tendr\u00e1 lugar el traslado de La Dolorosa desde la iglesia de San Lorenzo a la Catedral","datePublished":"2023-03-30T11:42:39+00:00","dateModified":"2023-04-11T09:46:55+00:00","mainEntityOfPage":{"@id":"https:\/\/www.laguiadepamplona.com\/actualidad\/manana-viernes-31-de-marzo-tendra-lugar-el-traslado-de-la-dolorosa-desde-la-iglesia-de-san-lorenzo-a-la-catedral\/"},"wordCount":434,"commentCount":0,"publisher":{"@id":"https:\/\/www.laguiadepamplona.com\/actualidad\/#organization"},"image":{"@id":"https:\/\/www.laguiadepamplona.com\/actualidad\/manana-viernes-31-de-marzo-tendra-lugar-el-traslado-de-la-dolorosa-desde-la-iglesia-de-san-lorenzo-a-la-catedral\/#primaryimage"},"thumbnailUrl":"https:\/\/www.laguiadepamplona.com\/actualidad\/wp-content\/uploads\/2023\/03\/regresoDolorosa20220419_Q5A4294.webp","articleSection":["Ayto Pamplona"],"inLanguage":"es","potentialAction":[{"@type":"CommentAction","name":"Comment","target":["https:\/\/www.laguiadepamplona.com\/actualidad\/manana-viernes-31-de-marzo-tendra-lugar-el-traslado-de-la-dolorosa-desde-la-iglesia-de-san-lorenzo-a-la-catedral\/#respond"]}]},{"@type":"WebPage","@id":"https:\/\/www.laguiadepamplona.com\/actualidad\/manana-viernes-31-de-marzo-tendra-lugar-el-traslado-de-la-dolorosa-desde-la-iglesia-de-san-lorenzo-a-la-catedral\/","url":"https:\/\/www.laguiadepamplona.com\/actualidad\/manana-viernes-31-de-marzo-tendra-lugar-el-traslado-de-la-dolorosa-desde-la-iglesia-de-san-lorenzo-a-la-catedral\/","name":"Ma\u00f1ana viernes 31 de marzo tendr\u00e1 lugar el traslado de La Dolorosa desde la iglesia de San Lorenzo a la Catedral","isPartOf":{"@id":"https:\/\/www.laguiadepamplona.com\/actualidad\/#website"},"primaryImageOfPage":{"@id":"https:\/\/www.laguiadepamplona.com\/actualidad\/manana-viernes-31-de-marzo-tendra-lugar-el-traslado-de-la-dolorosa-desde-la-iglesia-de-san-lorenzo-a-la-catedral\/#primaryimage"},"image":{"@id":"https:\/\/www.laguiadepamplona.com\/actualidad\/manana-viernes-31-de-marzo-tendra-lugar-el-traslado-de-la-dolorosa-desde-la-iglesia-de-san-lorenzo-a-la-catedral\/#primaryimage"},"thumbnailUrl":"https:\/\/www.laguiadepamplona.com\/actualidad\/wp-content\/uploads\/2023\/03\/regresoDolorosa20220419_Q5A4294.webp","datePublished":"2023-03-30T11:42:39+00:00","dateModified":"2023-04-11T09:46:55+00:00","description":"La imagen de propiedad municipal participar\u00e1, como todos los a\u00f1os, en la Procesi\u00f3n del Santo Entierro el viernes 7 de abril","breadcrumb":{"@id":"https:\/\/www.laguiadepamplona.com\/actualidad\/manana-viernes-31-de-marzo-tendra-lugar-el-traslado-de-la-dolorosa-desde-la-iglesia-de-san-lorenzo-a-la-catedral\/#breadcrumb"},"inLanguage":"es","potentialAction":[{"@type":"ReadAction","target":["https:\/\/www.laguiadepamplona.com\/actualidad\/manana-viernes-31-de-marzo-tendra-lugar-el-traslado-de-la-dolorosa-desde-la-iglesia-de-san-lorenzo-a-la-catedral\/"]}]},{"@type":"ImageObject","inLanguage":"es","@id":"https:\/\/www.laguiadepamplona.com\/actualidad\/manana-viernes-31-de-marzo-tendra-lugar-el-traslado-de-la-dolorosa-desde-la-iglesia-de-san-lorenzo-a-la-catedral\/#primaryimage","url":"https:\/\/www.laguiadepamplona.com\/actualidad\/wp-content\/uploads\/2023\/03\/regresoDolorosa20220419_Q5A4294.webp","contentUrl":"https:\/\/www.laguiadepamplona.com\/actualidad\/wp-content\/uploads\/2023\/03\/regresoDolorosa20220419_Q5A4294.webp","width":1920,"height":1281},{"@type":"BreadcrumbList","@id":"https:\/\/www.laguiadepamplona.com\/actualidad\/manana-viernes-31-de-marzo-tendra-lugar-el-traslado-de-la-dolorosa-desde-la-iglesia-de-san-lorenzo-a-la-catedral\/#breadcrumb","itemListElement":[{"@type":"ListItem","position":1,"name":"Portada","item":"https:\/\/www.laguiadepamplona.com\/actualidad\/"},{"@type":"ListItem","position":2,"name":"Ma\u00f1ana viernes 31 de marzo tendr\u00e1 lugar el traslado de La Dolorosa desde la iglesia de San Lorenzo a la Catedral"}]},{"@type":"WebSite","@id":"https:\/\/www.laguiadepamplona.com\/actualidad\/#website","url":"https:\/\/www.laguiadepamplona.com\/actualidad\/","name":"La gu\u00eda de Pamplona","description":"Noticias de Pamplona","publisher":{"@id":"https:\/\/www.laguiadepamplona.com\/actualidad\/#organization"},"potentialAction":[{"@type":"SearchAction","target":{"@type":"EntryPoint","urlTemplate":"https:\/\/www.laguiadepamplona.com\/actualidad\/?s={search_term_string}"},"query-input":{"@type":"PropertyValueSpecification","valueRequired":true,"valueName":"search_term_string"}}],"inLanguage":"es"},{"@type":"Organization","@id":"https:\/\/www.laguiadepamplona.com\/actualidad\/#organization","name":"La Gu\u00eda de Pamplona \/ Noticias","url":"https:\/\/www.laguiadepamplona.com\/actualidad\/","logo":{"@type":"ImageObject","inLanguage":"es","@id":"https:\/\/www.laguiadepamplona.com\/actualidad\/#\/schema\/logo\/image\/","url":"https:\/\/www.laguiadepamplona.com\/actualidad\/wp-content\/uploads\/2018\/11\/logo-laguiadepamplona18-web1.png","contentUrl":"https:\/\/www.laguiadepamplona.com\/actualidad\/wp-content\/uploads\/2018\/11\/logo-laguiadepamplona18-web1.png","width":600,"height":196,"caption":"La Gu\u00eda de Pamplona \/ Noticias"},"image":{"@id":"https:\/\/www.laguiadepamplona.com\/actualidad\/#\/schema\/logo\/image\/"},"sameAs":["https:\/\/www.facebook.com\/laguiadepamplonacom-133175176762273\/?ref=hl","https:\/\/x.com\/LaGuiadPamplona","https:\/\/www.instagram.com\/la_guia_de_pamplona\/","https:\/\/www.youtube.com\/user\/laguiadepamplona"]},{"@type":"Person","@id":"https:\/\/www.laguiadepamplona.com\/actualidad\/#\/schema\/person\/efe887376f0213d4657c93adc50b1fdb","name":"La Gu\u00eda de Pamplona","image":{"@type":"ImageObject","inLanguage":"es","@id":"https:\/\/secure.gravatar.com\/avatar\/b6992f131dc8d30ab0dff15446e9d346d9dbd95992de0fef795073f5ea83a81c?s=96&d=mm&r=g","url":"https:\/\/secure.gravatar.com\/avatar\/b6992f131dc8d30ab0dff15446e9d346d9dbd95992de0fef795073f5ea83a81c?s=96&d=mm&r=g","contentUrl":"https:\/\/secure.gravatar.com\/avatar\/b6992f131dc8d30ab0dff15446e9d346d9dbd95992de0fef795073f5ea83a81c?s=96&d=mm&r=g","caption":"La Gu\u00eda de Pamplona"}}]}},"post_mailing_queue_ids":[],"_links":{"self":[{"href":"https:\/\/www.laguiadepamplona.com\/actualidad\/wp-json\/wp\/v2\/posts\/43363","targetHints":{"allow":["GET"]}}],"collection":[{"href":"https:\/\/www.laguiadepamplona.com\/actualidad\/wp-json\/wp\/v2\/posts"}],"about":[{"href":"https:\/\/www.laguiadepamplona.com\/actualidad\/wp-json\/wp\/v2\/types\/post"}],"author":[{"embeddable":true,"href":"https:\/\/www.laguiadepamplona.com\/actualidad\/wp-json\/wp\/v2\/users\/1"}],"replies":[{"embeddable":true,"href":"https:\/\/www.laguiadepamplona.com\/actualidad\/wp-json\/wp\/v2\/comments?post=43363"}],"version-history":[{"count":0,"href":"https:\/\/www.laguiadepamplona.com\/actualidad\/wp-json\/wp\/v2\/posts\/43363\/revisions"}],"wp:featuredmedia":[{"embeddable":true,"href":"https:\/\/www.laguiadepamplona.com\/actualidad\/wp-json\/wp\/v2\/media\/43364"}],"wp:attachment":[{"href":"https:\/\/www.laguiadepamplona.com\/actualidad\/wp-json\/wp\/v2\/media?parent=43363"}],"wp:term":[{"taxonomy":"category","embeddable":true,"href":"https:\/\/www.laguiadepamplona.com\/actualidad\/wp-json\/wp\/v2\/categories?post=43363"},{"taxonomy":"post_tag","embeddable":true,"href":"https:\/\/www.laguiadepamplona.com\/actualidad\/wp-json\/wp\/v2\/tags?post=43363"}],"curies":[{"name":"wp","href":"https:\/\/api.w.org\/{rel}","templated":true}]}}