{"id":43360,"date":"2023-03-30T13:40:42","date_gmt":"2023-03-30T11:40:42","guid":{"rendered":"https:\/\/www.laguiadepamplona.com\/actualidad\/?p=43360"},"modified":"2023-04-11T11:46:55","modified_gmt":"2023-04-11T09:46:55","slug":"ninas-y-ninos-de-coworkids-se-convierten-en-periodistas-que-entrevistan-a-personas-mayores-como-actividad-intergeneracional-para-romper-estereotipos-del-edadismo","status":"publish","type":"post","link":"https:\/\/www.laguiadepamplona.com\/actualidad\/ninas-y-ninos-de-coworkids-se-convierten-en-periodistas-que-entrevistan-a-personas-mayores-como-actividad-intergeneracional-para-romper-estereotipos-del-edadismo\/","title":{"rendered":"Ni\u00f1as y ni\u00f1os de COworkids se convierten en periodistas que entrevistan a personas mayores como actividad intergeneracional para romper estereotipos del edadismo"},"content":{"rendered":"<h5>Esta sensibilizaci\u00f3n se enmarca en las actividades l\u00fadicas de prevenci\u00f3n que COworkids lleva a cabo en los diferentes barrios de la ciudad<\/h5>\n<p><!--more--><\/p>\n<p>Ni\u00f1os y ni\u00f1as de Coworkids del Segundo Ensanche y Lezkairu han participado en el taller intergeneracional \u2018De ayer a hoy\u2019, organizado en colaboraci\u00f3n con la Red de Mayores Santa Mar\u00eda la Real y la asociaci\u00f3n de vecinos y vecinas. Durante una tarde se han convertido en reporteros y reporteras y han entrevistado a personas mayores en el Centro Intergeneracional de Santa Mar\u00eda la Real sobre su infancia y sus recuerdos.<br \/>\n<script async src=\"\/\/pagead2.googlesyndication.com\/pagead\/js\/adsbygoogle.js\"><\/script><br \/>\n<!-- Noticias La Guia de Pamplona --><br \/>\n<ins class=\"adsbygoogle\"\nstyle=\"display:block\"\ndata-ad-client=\"ca-pub-6943679897239327\"\ndata-ad-slot=\"7048180777\"\ndata-ad-format=\"auto\"><\/ins><br \/>\n<script>\n(adsbygoogle = window.adsbygoogle || []).push({});\n<\/script><\/p>\n<p>M\u00e1s de treinta ni\u00f1os y ni\u00f1as han estado trabajando en las \u00faltimas semanas este taller en el laboratorio de creatividad. Han analizado qu\u00e9 es el edadismo y han debatido sobre las discriminaciones en las distintas edades que sufren las personas a lo largo de las etapas de la vida. Han preparado micr\u00f3fonos, cuadernos, identificaciones y dem\u00e1s elementos para ejercer el periodismo y se han acercado a las personas mayores para intercambiar experiencias y romper prejuicios y estereotipos. Les han preguntado, por ejemplo, d\u00f3nde y c\u00f3mo viv\u00edan de peque\u00f1os y peque\u00f1as, a qu\u00e9 jugaban, qu\u00e9 les hubiese gustado ser de mayores, cu\u00e1l es su comida favorita o qu\u00e9 les gusta hacer en su tiempo libre.<\/p>\n<p>Esta sensibilizaci\u00f3n sobre el edadismo se enmarca en las actividades l\u00fadicas de prevenci\u00f3n que realiza COworkids cada tarde en catorce barrios de la ciudad. Para el desarrollo de la programaci\u00f3n intergeneracional, el equipo t\u00e9cnico de COworkids ha recibido una formaci\u00f3n sobre edadismo impartida por la directora de Calidad de Idea, Nuria Garro. Se trata de una empresa navarra especializada en la promoci\u00f3n y gesti\u00f3n de centros y servicios para personas mayores.<br \/>\n<script async src=\"\/\/pagead2.googlesyndication.com\/pagead\/js\/adsbygoogle.js\"><\/script><br \/>\n<!-- Noticias La Guia de Pamplona --><br \/>\n<ins class=\"adsbygoogle\"\nstyle=\"display:block\"\ndata-ad-client=\"ca-pub-6943679897239327\"\ndata-ad-slot=\"7048180777\"\ndata-ad-format=\"auto\"><\/ins><br \/>\n<script>\n(adsbygoogle = window.adsbygoogle || []).push({});\n<\/script><\/p>\n<p><strong>Otras actividades intergeneracionales<\/strong><\/p>\n<p>Las actividades intergeneracionales que organiza COworkids arrancaron en el barrio de Iturrama, en colaboraci\u00f3n con el programa municipal \u2018Pamplona te cuida\u2019. Un grupo de adolescentes lider\u00f3 una iniciativa de formaci\u00f3n a personas mayores en el uso del tel\u00e9fono m\u00f3vil con el objetivo de reducir la brecha digital. En Navidades, ni\u00f1os y ni\u00f1as de COworkids enviaron postales navide\u00f1as a personas mayores de 80 a\u00f1os que viv\u00edan solas en la Milagrosa y se organizaron tambi\u00e9n talleres intergeneracionales de manualidades en Txantrea y San Jorge con los clubes Irubide y Oskia.<\/p>\n<p>En COworkids Rochapea, se ha creado un juego de mesa para trabajar de manera l\u00fadica la eliminaci\u00f3n de estereotipos sobre las personas mayores. El juego combina pruebas de m\u00edmica, dibujo o asociaci\u00f3n de im\u00e1genes. Adem\u00e1s, para las tardes de primavera, se han programado paseos fotogr\u00e1ficos por los barrios de Pamplona en los que ni\u00f1os y ni\u00f1as invitan a personas mayores a unirse a un recorrido en el que identifican lugares que aparecen en fotos antiguas de la ciudad sacadas del Archivo Municipal de Pamplona. Durante los paseos surgen las an\u00e9cdotas y las historias sobre c\u00f3mo han cambiado los barrios.<\/p>\n","protected":false},"excerpt":{"rendered":"<p>Esta sensibilizaci\u00f3n se enmarca en las actividades l\u00fadicas de prevenci\u00f3n que COworkids lleva a cabo en los diferentes barrios de la ciudad<\/p>\n","protected":false},"author":1,"featured_media":43361,"comment_status":"open","ping_status":"closed","sticky":false,"template":"","format":"standard","meta":{"footnotes":""},"categories":[2],"tags":[],"class_list":["post-43360","post","type-post","status-publish","format-standard","has-post-thumbnail","hentry","category-ayuntamiento-pamplona"],"yoast_head":"<!-- This site is optimized with the Yoast SEO plugin v27.3 - https:\/\/yoast.com\/product\/yoast-seo-wordpress\/ -->\n<title>Ni\u00f1as y ni\u00f1os de COworkids se convierten en periodistas que entrevistan a personas mayores como actividad intergeneracional para romper estereotipos del edadismo<\/title>\n<meta name=\"description\" content=\"Esta sensibilizaci\u00f3n se enmarca en las actividades l\u00fadicas de prevenci\u00f3n que COworkids lleva a cabo en los diferentes barrios de la ciudad\" \/>\n<meta name=\"robots\" content=\"index, follow, max-snippet:-1, max-image-preview:large, max-video-preview:-1\" \/>\n<link rel=\"canonical\" href=\"https:\/\/www.laguiadepamplona.com\/actualidad\/ninas-y-ninos-de-coworkids-se-convierten-en-periodistas-que-entrevistan-a-personas-mayores-como-actividad-intergeneracional-para-romper-estereotipos-del-edadismo\/\" \/>\n<meta property=\"og:locale\" content=\"es_ES\" \/>\n<meta property=\"og:type\" content=\"article\" \/>\n<meta property=\"og:title\" content=\"Ni\u00f1as y ni\u00f1os de COworkids se convierten en periodistas que entrevistan a personas mayores como actividad intergeneracional para romper estereotipos del edadismo\" \/>\n<meta property=\"og:description\" content=\"Esta sensibilizaci\u00f3n se enmarca en las actividades l\u00fadicas de prevenci\u00f3n que COworkids lleva a cabo en los diferentes barrios de la ciudad\" \/>\n<meta property=\"og:url\" content=\"https:\/\/www.laguiadepamplona.com\/actualidad\/ninas-y-ninos-de-coworkids-se-convierten-en-periodistas-que-entrevistan-a-personas-mayores-como-actividad-intergeneracional-para-romper-estereotipos-del-edadismo\/\" \/>\n<meta property=\"og:site_name\" content=\"La Gu\u00eda de Pamplona\" \/>\n<meta property=\"article:publisher\" content=\"https:\/\/www.facebook.com\/laguiadepamplonacom-133175176762273\/?ref=hl\" \/>\n<meta property=\"article:published_time\" content=\"2023-03-30T11:40:42+00:00\" \/>\n<meta property=\"article:modified_time\" content=\"2023-04-11T09:46:55+00:00\" \/>\n<meta property=\"og:image\" content=\"https:\/\/www.laguiadepamplona.com\/actualidad\/wp-content\/uploads\/2023\/03\/xsantamarialarealnb2207.webp\" \/>\n\t<meta property=\"og:image:width\" content=\"1920\" \/>\n\t<meta property=\"og:image:height\" content=\"1280\" \/>\n\t<meta property=\"og:image:type\" content=\"image\/webp\" \/>\n<meta name=\"author\" content=\"La Gu\u00eda de Pamplona\" \/>\n<meta name=\"twitter:card\" content=\"summary_large_image\" \/>\n<meta name=\"twitter:creator\" content=\"@LaGuiadPamplona\" \/>\n<meta name=\"twitter:site\" content=\"@LaGuiadPamplona\" \/>\n<meta name=\"twitter:label1\" content=\"Escrito por\" \/>\n\t<meta name=\"twitter:data1\" content=\"La Gu\u00eda de Pamplona\" \/>\n\t<meta name=\"twitter:label2\" content=\"Tiempo de lectura\" \/>\n\t<meta name=\"twitter:data2\" content=\"3 minutos\" \/>\n<script type=\"application\/ld+json\" class=\"yoast-schema-graph\">{\"@context\":\"https:\\\/\\\/schema.org\",\"@graph\":[{\"@type\":\"Article\",\"@id\":\"https:\\\/\\\/www.laguiadepamplona.com\\\/actualidad\\\/ninas-y-ninos-de-coworkids-se-convierten-en-periodistas-que-entrevistan-a-personas-mayores-como-actividad-intergeneracional-para-romper-estereotipos-del-edadismo\\\/#article\",\"isPartOf\":{\"@id\":\"https:\\\/\\\/www.laguiadepamplona.com\\\/actualidad\\\/ninas-y-ninos-de-coworkids-se-convierten-en-periodistas-que-entrevistan-a-personas-mayores-como-actividad-intergeneracional-para-romper-estereotipos-del-edadismo\\\/\"},\"author\":{\"name\":\"La Gu\u00eda de Pamplona\",\"@id\":\"https:\\\/\\\/www.laguiadepamplona.com\\\/actualidad\\\/#\\\/schema\\\/person\\\/efe887376f0213d4657c93adc50b1fdb\"},\"headline\":\"Ni\u00f1as y ni\u00f1os de COworkids se convierten en periodistas que entrevistan a personas mayores como actividad intergeneracional para romper estereotipos del edadismo\",\"datePublished\":\"2023-03-30T11:40:42+00:00\",\"dateModified\":\"2023-04-11T09:46:55+00:00\",\"mainEntityOfPage\":{\"@id\":\"https:\\\/\\\/www.laguiadepamplona.com\\\/actualidad\\\/ninas-y-ninos-de-coworkids-se-convierten-en-periodistas-que-entrevistan-a-personas-mayores-como-actividad-intergeneracional-para-romper-estereotipos-del-edadismo\\\/\"},\"wordCount\":539,\"commentCount\":0,\"publisher\":{\"@id\":\"https:\\\/\\\/www.laguiadepamplona.com\\\/actualidad\\\/#organization\"},\"image\":{\"@id\":\"https:\\\/\\\/www.laguiadepamplona.com\\\/actualidad\\\/ninas-y-ninos-de-coworkids-se-convierten-en-periodistas-que-entrevistan-a-personas-mayores-como-actividad-intergeneracional-para-romper-estereotipos-del-edadismo\\\/#primaryimage\"},\"thumbnailUrl\":\"https:\\\/\\\/www.laguiadepamplona.com\\\/actualidad\\\/wp-content\\\/uploads\\\/2023\\\/03\\\/xsantamarialarealnb2207.webp\",\"articleSection\":[\"Ayto Pamplona\"],\"inLanguage\":\"es\",\"potentialAction\":[{\"@type\":\"CommentAction\",\"name\":\"Comment\",\"target\":[\"https:\\\/\\\/www.laguiadepamplona.com\\\/actualidad\\\/ninas-y-ninos-de-coworkids-se-convierten-en-periodistas-que-entrevistan-a-personas-mayores-como-actividad-intergeneracional-para-romper-estereotipos-del-edadismo\\\/#respond\"]}]},{\"@type\":\"WebPage\",\"@id\":\"https:\\\/\\\/www.laguiadepamplona.com\\\/actualidad\\\/ninas-y-ninos-de-coworkids-se-convierten-en-periodistas-que-entrevistan-a-personas-mayores-como-actividad-intergeneracional-para-romper-estereotipos-del-edadismo\\\/\",\"url\":\"https:\\\/\\\/www.laguiadepamplona.com\\\/actualidad\\\/ninas-y-ninos-de-coworkids-se-convierten-en-periodistas-que-entrevistan-a-personas-mayores-como-actividad-intergeneracional-para-romper-estereotipos-del-edadismo\\\/\",\"name\":\"Ni\u00f1as y ni\u00f1os de COworkids se convierten en periodistas que entrevistan a personas mayores como actividad intergeneracional para romper estereotipos del edadismo\",\"isPartOf\":{\"@id\":\"https:\\\/\\\/www.laguiadepamplona.com\\\/actualidad\\\/#website\"},\"primaryImageOfPage\":{\"@id\":\"https:\\\/\\\/www.laguiadepamplona.com\\\/actualidad\\\/ninas-y-ninos-de-coworkids-se-convierten-en-periodistas-que-entrevistan-a-personas-mayores-como-actividad-intergeneracional-para-romper-estereotipos-del-edadismo\\\/#primaryimage\"},\"image\":{\"@id\":\"https:\\\/\\\/www.laguiadepamplona.com\\\/actualidad\\\/ninas-y-ninos-de-coworkids-se-convierten-en-periodistas-que-entrevistan-a-personas-mayores-como-actividad-intergeneracional-para-romper-estereotipos-del-edadismo\\\/#primaryimage\"},\"thumbnailUrl\":\"https:\\\/\\\/www.laguiadepamplona.com\\\/actualidad\\\/wp-content\\\/uploads\\\/2023\\\/03\\\/xsantamarialarealnb2207.webp\",\"datePublished\":\"2023-03-30T11:40:42+00:00\",\"dateModified\":\"2023-04-11T09:46:55+00:00\",\"description\":\"Esta sensibilizaci\u00f3n se enmarca en las actividades l\u00fadicas de prevenci\u00f3n que COworkids lleva a cabo en los diferentes barrios de la ciudad\",\"breadcrumb\":{\"@id\":\"https:\\\/\\\/www.laguiadepamplona.com\\\/actualidad\\\/ninas-y-ninos-de-coworkids-se-convierten-en-periodistas-que-entrevistan-a-personas-mayores-como-actividad-intergeneracional-para-romper-estereotipos-del-edadismo\\\/#breadcrumb\"},\"inLanguage\":\"es\",\"potentialAction\":[{\"@type\":\"ReadAction\",\"target\":[\"https:\\\/\\\/www.laguiadepamplona.com\\\/actualidad\\\/ninas-y-ninos-de-coworkids-se-convierten-en-periodistas-que-entrevistan-a-personas-mayores-como-actividad-intergeneracional-para-romper-estereotipos-del-edadismo\\\/\"]}]},{\"@type\":\"ImageObject\",\"inLanguage\":\"es\",\"@id\":\"https:\\\/\\\/www.laguiadepamplona.com\\\/actualidad\\\/ninas-y-ninos-de-coworkids-se-convierten-en-periodistas-que-entrevistan-a-personas-mayores-como-actividad-intergeneracional-para-romper-estereotipos-del-edadismo\\\/#primaryimage\",\"url\":\"https:\\\/\\\/www.laguiadepamplona.com\\\/actualidad\\\/wp-content\\\/uploads\\\/2023\\\/03\\\/xsantamarialarealnb2207.webp\",\"contentUrl\":\"https:\\\/\\\/www.laguiadepamplona.com\\\/actualidad\\\/wp-content\\\/uploads\\\/2023\\\/03\\\/xsantamarialarealnb2207.webp\",\"width\":1920,\"height\":1280},{\"@type\":\"BreadcrumbList\",\"@id\":\"https:\\\/\\\/www.laguiadepamplona.com\\\/actualidad\\\/ninas-y-ninos-de-coworkids-se-convierten-en-periodistas-que-entrevistan-a-personas-mayores-como-actividad-intergeneracional-para-romper-estereotipos-del-edadismo\\\/#breadcrumb\",\"itemListElement\":[{\"@type\":\"ListItem\",\"position\":1,\"name\":\"Portada\",\"item\":\"https:\\\/\\\/www.laguiadepamplona.com\\\/actualidad\\\/\"},{\"@type\":\"ListItem\",\"position\":2,\"name\":\"Ni\u00f1as y ni\u00f1os de COworkids se convierten en periodistas que entrevistan a personas mayores como actividad intergeneracional para romper estereotipos del edadismo\"}]},{\"@type\":\"WebSite\",\"@id\":\"https:\\\/\\\/www.laguiadepamplona.com\\\/actualidad\\\/#website\",\"url\":\"https:\\\/\\\/www.laguiadepamplona.com\\\/actualidad\\\/\",\"name\":\"La gu\u00eda de Pamplona\",\"description\":\"Noticias de Pamplona\",\"publisher\":{\"@id\":\"https:\\\/\\\/www.laguiadepamplona.com\\\/actualidad\\\/#organization\"},\"potentialAction\":[{\"@type\":\"SearchAction\",\"target\":{\"@type\":\"EntryPoint\",\"urlTemplate\":\"https:\\\/\\\/www.laguiadepamplona.com\\\/actualidad\\\/?s={search_term_string}\"},\"query-input\":{\"@type\":\"PropertyValueSpecification\",\"valueRequired\":true,\"valueName\":\"search_term_string\"}}],\"inLanguage\":\"es\"},{\"@type\":\"Organization\",\"@id\":\"https:\\\/\\\/www.laguiadepamplona.com\\\/actualidad\\\/#organization\",\"name\":\"La Gu\u00eda de Pamplona \\\/ Noticias\",\"url\":\"https:\\\/\\\/www.laguiadepamplona.com\\\/actualidad\\\/\",\"logo\":{\"@type\":\"ImageObject\",\"inLanguage\":\"es\",\"@id\":\"https:\\\/\\\/www.laguiadepamplona.com\\\/actualidad\\\/#\\\/schema\\\/logo\\\/image\\\/\",\"url\":\"https:\\\/\\\/www.laguiadepamplona.com\\\/actualidad\\\/wp-content\\\/uploads\\\/2018\\\/11\\\/logo-laguiadepamplona18-web1.png\",\"contentUrl\":\"https:\\\/\\\/www.laguiadepamplona.com\\\/actualidad\\\/wp-content\\\/uploads\\\/2018\\\/11\\\/logo-laguiadepamplona18-web1.png\",\"width\":600,\"height\":196,\"caption\":\"La Gu\u00eda de Pamplona \\\/ Noticias\"},\"image\":{\"@id\":\"https:\\\/\\\/www.laguiadepamplona.com\\\/actualidad\\\/#\\\/schema\\\/logo\\\/image\\\/\"},\"sameAs\":[\"https:\\\/\\\/www.facebook.com\\\/laguiadepamplonacom-133175176762273\\\/?ref=hl\",\"https:\\\/\\\/x.com\\\/LaGuiadPamplona\",\"https:\\\/\\\/www.instagram.com\\\/la_guia_de_pamplona\\\/\",\"https:\\\/\\\/www.youtube.com\\\/user\\\/laguiadepamplona\"]},{\"@type\":\"Person\",\"@id\":\"https:\\\/\\\/www.laguiadepamplona.com\\\/actualidad\\\/#\\\/schema\\\/person\\\/efe887376f0213d4657c93adc50b1fdb\",\"name\":\"La Gu\u00eda de Pamplona\",\"image\":{\"@type\":\"ImageObject\",\"inLanguage\":\"es\",\"@id\":\"https:\\\/\\\/secure.gravatar.com\\\/avatar\\\/b6992f131dc8d30ab0dff15446e9d346d9dbd95992de0fef795073f5ea83a81c?s=96&d=mm&r=g\",\"url\":\"https:\\\/\\\/secure.gravatar.com\\\/avatar\\\/b6992f131dc8d30ab0dff15446e9d346d9dbd95992de0fef795073f5ea83a81c?s=96&d=mm&r=g\",\"contentUrl\":\"https:\\\/\\\/secure.gravatar.com\\\/avatar\\\/b6992f131dc8d30ab0dff15446e9d346d9dbd95992de0fef795073f5ea83a81c?s=96&d=mm&r=g\",\"caption\":\"La Gu\u00eda de Pamplona\"}}]}<\/script>\n<!-- \/ Yoast SEO plugin. -->","yoast_head_json":{"title":"Ni\u00f1as y ni\u00f1os de COworkids se convierten en periodistas que entrevistan a personas mayores como actividad intergeneracional para romper estereotipos del edadismo","description":"Esta sensibilizaci\u00f3n se enmarca en las actividades l\u00fadicas de prevenci\u00f3n que COworkids lleva a cabo en los diferentes barrios de la ciudad","robots":{"index":"index","follow":"follow","max-snippet":"max-snippet:-1","max-image-preview":"max-image-preview:large","max-video-preview":"max-video-preview:-1"},"canonical":"https:\/\/www.laguiadepamplona.com\/actualidad\/ninas-y-ninos-de-coworkids-se-convierten-en-periodistas-que-entrevistan-a-personas-mayores-como-actividad-intergeneracional-para-romper-estereotipos-del-edadismo\/","og_locale":"es_ES","og_type":"article","og_title":"Ni\u00f1as y ni\u00f1os de COworkids se convierten en periodistas que entrevistan a personas mayores como actividad intergeneracional para romper estereotipos del edadismo","og_description":"Esta sensibilizaci\u00f3n se enmarca en las actividades l\u00fadicas de prevenci\u00f3n que COworkids lleva a cabo en los diferentes barrios de la ciudad","og_url":"https:\/\/www.laguiadepamplona.com\/actualidad\/ninas-y-ninos-de-coworkids-se-convierten-en-periodistas-que-entrevistan-a-personas-mayores-como-actividad-intergeneracional-para-romper-estereotipos-del-edadismo\/","og_site_name":"La Gu\u00eda de Pamplona","article_publisher":"https:\/\/www.facebook.com\/laguiadepamplonacom-133175176762273\/?ref=hl","article_published_time":"2023-03-30T11:40:42+00:00","article_modified_time":"2023-04-11T09:46:55+00:00","og_image":[{"width":1920,"height":1280,"url":"https:\/\/www.laguiadepamplona.com\/actualidad\/wp-content\/uploads\/2023\/03\/xsantamarialarealnb2207.webp","type":"image\/webp"}],"author":"La Gu\u00eda de Pamplona","twitter_card":"summary_large_image","twitter_creator":"@LaGuiadPamplona","twitter_site":"@LaGuiadPamplona","twitter_misc":{"Escrito por":"La Gu\u00eda de Pamplona","Tiempo de lectura":"3 minutos"},"schema":{"@context":"https:\/\/schema.org","@graph":[{"@type":"Article","@id":"https:\/\/www.laguiadepamplona.com\/actualidad\/ninas-y-ninos-de-coworkids-se-convierten-en-periodistas-que-entrevistan-a-personas-mayores-como-actividad-intergeneracional-para-romper-estereotipos-del-edadismo\/#article","isPartOf":{"@id":"https:\/\/www.laguiadepamplona.com\/actualidad\/ninas-y-ninos-de-coworkids-se-convierten-en-periodistas-que-entrevistan-a-personas-mayores-como-actividad-intergeneracional-para-romper-estereotipos-del-edadismo\/"},"author":{"name":"La Gu\u00eda de Pamplona","@id":"https:\/\/www.laguiadepamplona.com\/actualidad\/#\/schema\/person\/efe887376f0213d4657c93adc50b1fdb"},"headline":"Ni\u00f1as y ni\u00f1os de COworkids se convierten en periodistas que entrevistan a personas mayores como actividad intergeneracional para romper estereotipos del edadismo","datePublished":"2023-03-30T11:40:42+00:00","dateModified":"2023-04-11T09:46:55+00:00","mainEntityOfPage":{"@id":"https:\/\/www.laguiadepamplona.com\/actualidad\/ninas-y-ninos-de-coworkids-se-convierten-en-periodistas-que-entrevistan-a-personas-mayores-como-actividad-intergeneracional-para-romper-estereotipos-del-edadismo\/"},"wordCount":539,"commentCount":0,"publisher":{"@id":"https:\/\/www.laguiadepamplona.com\/actualidad\/#organization"},"image":{"@id":"https:\/\/www.laguiadepamplona.com\/actualidad\/ninas-y-ninos-de-coworkids-se-convierten-en-periodistas-que-entrevistan-a-personas-mayores-como-actividad-intergeneracional-para-romper-estereotipos-del-edadismo\/#primaryimage"},"thumbnailUrl":"https:\/\/www.laguiadepamplona.com\/actualidad\/wp-content\/uploads\/2023\/03\/xsantamarialarealnb2207.webp","articleSection":["Ayto Pamplona"],"inLanguage":"es","potentialAction":[{"@type":"CommentAction","name":"Comment","target":["https:\/\/www.laguiadepamplona.com\/actualidad\/ninas-y-ninos-de-coworkids-se-convierten-en-periodistas-que-entrevistan-a-personas-mayores-como-actividad-intergeneracional-para-romper-estereotipos-del-edadismo\/#respond"]}]},{"@type":"WebPage","@id":"https:\/\/www.laguiadepamplona.com\/actualidad\/ninas-y-ninos-de-coworkids-se-convierten-en-periodistas-que-entrevistan-a-personas-mayores-como-actividad-intergeneracional-para-romper-estereotipos-del-edadismo\/","url":"https:\/\/www.laguiadepamplona.com\/actualidad\/ninas-y-ninos-de-coworkids-se-convierten-en-periodistas-que-entrevistan-a-personas-mayores-como-actividad-intergeneracional-para-romper-estereotipos-del-edadismo\/","name":"Ni\u00f1as y ni\u00f1os de COworkids se convierten en periodistas que entrevistan a personas mayores como actividad intergeneracional para romper estereotipos del edadismo","isPartOf":{"@id":"https:\/\/www.laguiadepamplona.com\/actualidad\/#website"},"primaryImageOfPage":{"@id":"https:\/\/www.laguiadepamplona.com\/actualidad\/ninas-y-ninos-de-coworkids-se-convierten-en-periodistas-que-entrevistan-a-personas-mayores-como-actividad-intergeneracional-para-romper-estereotipos-del-edadismo\/#primaryimage"},"image":{"@id":"https:\/\/www.laguiadepamplona.com\/actualidad\/ninas-y-ninos-de-coworkids-se-convierten-en-periodistas-que-entrevistan-a-personas-mayores-como-actividad-intergeneracional-para-romper-estereotipos-del-edadismo\/#primaryimage"},"thumbnailUrl":"https:\/\/www.laguiadepamplona.com\/actualidad\/wp-content\/uploads\/2023\/03\/xsantamarialarealnb2207.webp","datePublished":"2023-03-30T11:40:42+00:00","dateModified":"2023-04-11T09:46:55+00:00","description":"Esta sensibilizaci\u00f3n se enmarca en las actividades l\u00fadicas de prevenci\u00f3n que COworkids lleva a cabo en los diferentes barrios de la ciudad","breadcrumb":{"@id":"https:\/\/www.laguiadepamplona.com\/actualidad\/ninas-y-ninos-de-coworkids-se-convierten-en-periodistas-que-entrevistan-a-personas-mayores-como-actividad-intergeneracional-para-romper-estereotipos-del-edadismo\/#breadcrumb"},"inLanguage":"es","potentialAction":[{"@type":"ReadAction","target":["https:\/\/www.laguiadepamplona.com\/actualidad\/ninas-y-ninos-de-coworkids-se-convierten-en-periodistas-que-entrevistan-a-personas-mayores-como-actividad-intergeneracional-para-romper-estereotipos-del-edadismo\/"]}]},{"@type":"ImageObject","inLanguage":"es","@id":"https:\/\/www.laguiadepamplona.com\/actualidad\/ninas-y-ninos-de-coworkids-se-convierten-en-periodistas-que-entrevistan-a-personas-mayores-como-actividad-intergeneracional-para-romper-estereotipos-del-edadismo\/#primaryimage","url":"https:\/\/www.laguiadepamplona.com\/actualidad\/wp-content\/uploads\/2023\/03\/xsantamarialarealnb2207.webp","contentUrl":"https:\/\/www.laguiadepamplona.com\/actualidad\/wp-content\/uploads\/2023\/03\/xsantamarialarealnb2207.webp","width":1920,"height":1280},{"@type":"BreadcrumbList","@id":"https:\/\/www.laguiadepamplona.com\/actualidad\/ninas-y-ninos-de-coworkids-se-convierten-en-periodistas-que-entrevistan-a-personas-mayores-como-actividad-intergeneracional-para-romper-estereotipos-del-edadismo\/#breadcrumb","itemListElement":[{"@type":"ListItem","position":1,"name":"Portada","item":"https:\/\/www.laguiadepamplona.com\/actualidad\/"},{"@type":"ListItem","position":2,"name":"Ni\u00f1as y ni\u00f1os de COworkids se convierten en periodistas que entrevistan a personas mayores como actividad intergeneracional para romper estereotipos del edadismo"}]},{"@type":"WebSite","@id":"https:\/\/www.laguiadepamplona.com\/actualidad\/#website","url":"https:\/\/www.laguiadepamplona.com\/actualidad\/","name":"La gu\u00eda de Pamplona","description":"Noticias de Pamplona","publisher":{"@id":"https:\/\/www.laguiadepamplona.com\/actualidad\/#organization"},"potentialAction":[{"@type":"SearchAction","target":{"@type":"EntryPoint","urlTemplate":"https:\/\/www.laguiadepamplona.com\/actualidad\/?s={search_term_string}"},"query-input":{"@type":"PropertyValueSpecification","valueRequired":true,"valueName":"search_term_string"}}],"inLanguage":"es"},{"@type":"Organization","@id":"https:\/\/www.laguiadepamplona.com\/actualidad\/#organization","name":"La Gu\u00eda de Pamplona \/ Noticias","url":"https:\/\/www.laguiadepamplona.com\/actualidad\/","logo":{"@type":"ImageObject","inLanguage":"es","@id":"https:\/\/www.laguiadepamplona.com\/actualidad\/#\/schema\/logo\/image\/","url":"https:\/\/www.laguiadepamplona.com\/actualidad\/wp-content\/uploads\/2018\/11\/logo-laguiadepamplona18-web1.png","contentUrl":"https:\/\/www.laguiadepamplona.com\/actualidad\/wp-content\/uploads\/2018\/11\/logo-laguiadepamplona18-web1.png","width":600,"height":196,"caption":"La Gu\u00eda de Pamplona \/ Noticias"},"image":{"@id":"https:\/\/www.laguiadepamplona.com\/actualidad\/#\/schema\/logo\/image\/"},"sameAs":["https:\/\/www.facebook.com\/laguiadepamplonacom-133175176762273\/?ref=hl","https:\/\/x.com\/LaGuiadPamplona","https:\/\/www.instagram.com\/la_guia_de_pamplona\/","https:\/\/www.youtube.com\/user\/laguiadepamplona"]},{"@type":"Person","@id":"https:\/\/www.laguiadepamplona.com\/actualidad\/#\/schema\/person\/efe887376f0213d4657c93adc50b1fdb","name":"La Gu\u00eda de Pamplona","image":{"@type":"ImageObject","inLanguage":"es","@id":"https:\/\/secure.gravatar.com\/avatar\/b6992f131dc8d30ab0dff15446e9d346d9dbd95992de0fef795073f5ea83a81c?s=96&d=mm&r=g","url":"https:\/\/secure.gravatar.com\/avatar\/b6992f131dc8d30ab0dff15446e9d346d9dbd95992de0fef795073f5ea83a81c?s=96&d=mm&r=g","contentUrl":"https:\/\/secure.gravatar.com\/avatar\/b6992f131dc8d30ab0dff15446e9d346d9dbd95992de0fef795073f5ea83a81c?s=96&d=mm&r=g","caption":"La Gu\u00eda de Pamplona"}}]}},"post_mailing_queue_ids":[],"_links":{"self":[{"href":"https:\/\/www.laguiadepamplona.com\/actualidad\/wp-json\/wp\/v2\/posts\/43360","targetHints":{"allow":["GET"]}}],"collection":[{"href":"https:\/\/www.laguiadepamplona.com\/actualidad\/wp-json\/wp\/v2\/posts"}],"about":[{"href":"https:\/\/www.laguiadepamplona.com\/actualidad\/wp-json\/wp\/v2\/types\/post"}],"author":[{"embeddable":true,"href":"https:\/\/www.laguiadepamplona.com\/actualidad\/wp-json\/wp\/v2\/users\/1"}],"replies":[{"embeddable":true,"href":"https:\/\/www.laguiadepamplona.com\/actualidad\/wp-json\/wp\/v2\/comments?post=43360"}],"version-history":[{"count":0,"href":"https:\/\/www.laguiadepamplona.com\/actualidad\/wp-json\/wp\/v2\/posts\/43360\/revisions"}],"wp:featuredmedia":[{"embeddable":true,"href":"https:\/\/www.laguiadepamplona.com\/actualidad\/wp-json\/wp\/v2\/media\/43361"}],"wp:attachment":[{"href":"https:\/\/www.laguiadepamplona.com\/actualidad\/wp-json\/wp\/v2\/media?parent=43360"}],"wp:term":[{"taxonomy":"category","embeddable":true,"href":"https:\/\/www.laguiadepamplona.com\/actualidad\/wp-json\/wp\/v2\/categories?post=43360"},{"taxonomy":"post_tag","embeddable":true,"href":"https:\/\/www.laguiadepamplona.com\/actualidad\/wp-json\/wp\/v2\/tags?post=43360"}],"curies":[{"name":"wp","href":"https:\/\/api.w.org\/{rel}","templated":true}]}}