{"id":43350,"date":"2023-03-30T13:30:56","date_gmt":"2023-03-30T11:30:56","guid":{"rendered":"https:\/\/www.laguiadepamplona.com\/actualidad\/?p=43350"},"modified":"2023-04-11T11:46:55","modified_gmt":"2023-04-11T09:46:55","slug":"el-ayuntamiento-de-pamplona-pone-en-marcha-un-proyecto-piloto-en-el-casco-antiguo-para-reactivar-la-apertura-de-locales-comerciales","status":"publish","type":"post","link":"https:\/\/www.laguiadepamplona.com\/actualidad\/el-ayuntamiento-de-pamplona-pone-en-marcha-un-proyecto-piloto-en-el-casco-antiguo-para-reactivar-la-apertura-de-locales-comerciales\/","title":{"rendered":"El Ayuntamiento de Pamplona pone en marcha un proyecto piloto en el Casco Antiguo para reactivar la apertura de locales comerciales"},"content":{"rendered":"<h5>\u2018Locales con vida\u2019 busca revitalizar ejes comerciales de la ciudad y cuenta con una web con datos de inter\u00e9s de cerca de 50 locales del Casco Antiguo<\/h5>\n<p><!--more--><\/p>\n<p>El Ayuntamiento de Pamplona ha puesto en marcha el proyecto piloto \u2018Locales con vida\u2019 para reactivar la apertura de locales comerciales en el Casco Antiguo de la ciudad. La principal acci\u00f3n es la creaci\u00f3n de una p\u00e1gina web, <a href=\"https:\/\/www.pamplona.es\/localesconvida\" target=\"_blank\" rel=\"noopener\">https:\/\/www.pamplona.es\/localesconvida<\/a>, que recoge informaci\u00f3n sobre los locales comerciales disponibles para alquilar y acoger nuevas ideas de negocio. A pie de calle, cinco locales, cuatro en la calle Zapater\u00eda y uno en Pozoblanco, han amanecido con mensajes en sus escaparates animando a emprender en el Casco Antiguo.<\/p>\n<p>Esta campa\u00f1a busca promocionar el comercio local de Pamplona, a trav\u00e9s de una intervenci\u00f3n est\u00e9tica y creativa. El impacto visual de los mensajes en los escaparates se complementa con la web, <a href=\"https:\/\/www.pamplona.es\/localesconvida\" target=\"_blank\" rel=\"noopener\">https:\/\/www.pamplona.es\/localesconvida<\/a>, como servicio a aquellas personas emprendedoras que quieran consultar informaci\u00f3n sobre los locales disponibles. Por el momento, se registran alrededor de 50 locales vac\u00edos en calles del Casco Antiguo como Zapater\u00eda, Chapitela, Pozoblanco, Estafeta, San Saturnino o calle Mayor.<br \/>\n<script async src=\"\/\/pagead2.googlesyndication.com\/pagead\/js\/adsbygoogle.js\"><\/script><br \/>\n<!-- Noticias La Guia de Pamplona --><br \/>\n<ins class=\"adsbygoogle\"\nstyle=\"display:block\"\ndata-ad-client=\"ca-pub-6943679897239327\"\ndata-ad-slot=\"7048180777\"\ndata-ad-format=\"auto\"><\/ins><br \/>\n<script>\n(adsbygoogle = window.adsbygoogle || []).push({});\n<\/script><\/p>\n<p>De cada uno de esos locales, se aportan datos de inter\u00e9s como una fotograf\u00eda del exterior, los metros cuadrados de superficie y un tel\u00e9fono de contacto de la inmobiliaria, entidad o persona gestora de ese local. La informaci\u00f3n que se ofrece ha sido facilitada por la Asociaci\u00f3n de Comercio, Hosteler\u00eda y Servicios del Casco Antiguo y los datos han sido contrastados con el visor GeoPamplona. La web es una p\u00e1gina viva que se ir\u00e1 actualizando con las novedades que puedan surgir en los locales o con nuevos locales y espacios propuestos.<\/p>\n<p>La concejala delegada de Gobierno Estrat\u00e9gico, Comercio y Turismo, Ana Elizalde, el gerente de la Asociaci\u00f3n de\u00a0<em>Comercio<\/em>, Hosteler\u00eda y Servicios del\u00a0<em>Casco Antiguo, Carlos Albillo, y la gerente de Comerciantes de Navarra, Inma Elcano,<\/em> han presentado esta campa\u00f1a en uno de los locales comerciales vac\u00edos de la calle Zapater\u00eda. La campa\u00f1a se pone en marcha como proyecto piloto en el Casco Antiguo, aunque nace con la vocaci\u00f3n de poder replicarse en otros barrios de la ciudad.<br \/>\n<script async src=\"\/\/pagead2.googlesyndication.com\/pagead\/js\/adsbygoogle.js\"><\/script><br \/>\n<!-- Noticias La Guia de Pamplona --><br \/>\n<ins class=\"adsbygoogle\"\nstyle=\"display:block\"\ndata-ad-client=\"ca-pub-6943679897239327\"\ndata-ad-slot=\"7048180777\"\ndata-ad-format=\"auto\"><\/ins><br \/>\n<script>\n(adsbygoogle = window.adsbygoogle || []).push({});\n<\/script><\/p>\n<p><strong>Dale vida a este local<\/strong><\/p>\n<p>Este proyecto busca posicionar esos locales vac\u00edos como una oportunidad de negocio para quienes quieran emprender. En esos escaparates de Zapater\u00eda 30, 42, 50 y 58 y de Pozoblanco 5, se pueden leer mensajes como \u2018Aqu\u00ed puedes hacer realidad tus sue\u00f1os\u2019, \u2018Dale vida a este local\u2019, \u2018Emprende\u2019 o \u2018Tu futuro est\u00e1 aqu\u00ed\u2019. Al mismo tiempo, esos carteles a modo de decoraci\u00f3n en los escaparates adecentan y embellecen esos ejes comerciales del Casco Antiguo.<\/p>\n<p>El Ayuntamiento de Pamplona, a trav\u00e9s del \u00e1rea de Gobierno Estrat\u00e9gico, Comercio y Turismo, apuesta por la promoci\u00f3n de la oferta comercial que se puede encontrar en las calles de la ciudad. Un comercio vivo y de calidad que genera econom\u00eda y empleo y que, por ello, se considera importante para abordar soluciones que frenen el incremento de locales vac\u00edos. Un hecho que, a la larga, supone un perjuicio tanto para los vecinos y vecinas de las zonas afectadas por la reducci\u00f3n de esos establecimientos de proximidad como para toda la ciudad.<br \/>\n<script async src=\"\/\/pagead2.googlesyndication.com\/pagead\/js\/adsbygoogle.js\"><\/script><br \/>\n<!-- Noticias La Guia de Pamplona --><br \/>\n<ins class=\"adsbygoogle\"\nstyle=\"display:block\"\ndata-ad-client=\"ca-pub-6943679897239327\"\ndata-ad-slot=\"7048180777\"\ndata-ad-format=\"auto\"><\/ins><br \/>\n<script>\n(adsbygoogle = window.adsbygoogle || []).push({});\n<\/script><\/p>\n<p>Esta campa\u00f1a cuenta con financiaci\u00f3n de los fondos europeos Next Generation EU, a trav\u00e9s del Plan de Recuperaci\u00f3n, Transformaci\u00f3n y Resiliencia del Gobierno de Espa\u00f1a. Esta iniciativa se enmarca en las actuaciones de Urbanismo Comercial encaminadas a que el espacio urbano de las \u00e1reas comerciales sea el m\u00e1s apropiado tanto para acoger a comercios como para atraer clientela. En concreto, se corresponde con una medida denominada \u2018embellecimiento y ornato de locales vac\u00edos\u2019, cuyo objetivo es frenar el incremento de locales desocupados y mejorar su imagen.<\/p>\n","protected":false},"excerpt":{"rendered":"<p>\u2018Locales con vida\u2019 busca revitalizar ejes comerciales de la ciudad y cuenta con una web con datos de inter\u00e9s de cerca de 50 locales del Casco Antiguo<\/p>\n","protected":false},"author":1,"featured_media":43352,"comment_status":"open","ping_status":"closed","sticky":false,"template":"","format":"standard","meta":{"footnotes":""},"categories":[2],"tags":[],"class_list":["post-43350","post","type-post","status-publish","format-standard","has-post-thumbnail","hentry","category-ayuntamiento-pamplona"],"yoast_head":"<!-- This site is optimized with the Yoast SEO plugin v27.3 - https:\/\/yoast.com\/product\/yoast-seo-wordpress\/ -->\n<title>El Ayuntamiento de Pamplona pone en marcha un proyecto piloto en el Casco Antiguo para reactivar la apertura de locales comerciales<\/title>\n<meta name=\"description\" content=\"\u2018Locales con vida\u2019 busca revitalizar ejes comerciales de la ciudad y cuenta con una web con datos de inter\u00e9s de cerca de 50 locales del Casco Antiguo\" \/>\n<meta name=\"robots\" content=\"index, follow, max-snippet:-1, max-image-preview:large, max-video-preview:-1\" \/>\n<link rel=\"canonical\" href=\"https:\/\/www.laguiadepamplona.com\/actualidad\/el-ayuntamiento-de-pamplona-pone-en-marcha-un-proyecto-piloto-en-el-casco-antiguo-para-reactivar-la-apertura-de-locales-comerciales\/\" \/>\n<meta property=\"og:locale\" content=\"es_ES\" \/>\n<meta property=\"og:type\" content=\"article\" \/>\n<meta property=\"og:title\" content=\"El Ayuntamiento de Pamplona pone en marcha un proyecto piloto en el Casco Antiguo para reactivar la apertura de locales comerciales\" \/>\n<meta property=\"og:description\" content=\"\u2018Locales con vida\u2019 busca revitalizar ejes comerciales de la ciudad y cuenta con una web con datos de inter\u00e9s de cerca de 50 locales del Casco Antiguo\" \/>\n<meta property=\"og:url\" content=\"https:\/\/www.laguiadepamplona.com\/actualidad\/el-ayuntamiento-de-pamplona-pone-en-marcha-un-proyecto-piloto-en-el-casco-antiguo-para-reactivar-la-apertura-de-locales-comerciales\/\" \/>\n<meta property=\"og:site_name\" content=\"La Gu\u00eda de Pamplona\" \/>\n<meta property=\"article:publisher\" content=\"https:\/\/www.facebook.com\/laguiadepamplonacom-133175176762273\/?ref=hl\" \/>\n<meta property=\"article:published_time\" content=\"2023-03-30T11:30:56+00:00\" \/>\n<meta property=\"article:modified_time\" content=\"2023-04-11T09:46:55+00:00\" \/>\n<meta property=\"og:image\" content=\"https:\/\/www.laguiadepamplona.com\/actualidad\/wp-content\/uploads\/2023\/03\/20230330comerciolocalq5a2811_0.webp\" \/>\n\t<meta property=\"og:image:width\" content=\"1920\" \/>\n\t<meta property=\"og:image:height\" content=\"1281\" \/>\n\t<meta property=\"og:image:type\" content=\"image\/webp\" \/>\n<meta name=\"author\" content=\"La Gu\u00eda de Pamplona\" \/>\n<meta name=\"twitter:card\" content=\"summary_large_image\" \/>\n<meta name=\"twitter:creator\" content=\"@LaGuiadPamplona\" \/>\n<meta name=\"twitter:site\" content=\"@LaGuiadPamplona\" \/>\n<meta name=\"twitter:label1\" content=\"Escrito por\" \/>\n\t<meta name=\"twitter:data1\" content=\"La Gu\u00eda de Pamplona\" \/>\n\t<meta name=\"twitter:label2\" content=\"Tiempo de lectura\" \/>\n\t<meta name=\"twitter:data2\" content=\"3 minutos\" \/>\n<script type=\"application\/ld+json\" class=\"yoast-schema-graph\">{\"@context\":\"https:\\\/\\\/schema.org\",\"@graph\":[{\"@type\":\"Article\",\"@id\":\"https:\\\/\\\/www.laguiadepamplona.com\\\/actualidad\\\/el-ayuntamiento-de-pamplona-pone-en-marcha-un-proyecto-piloto-en-el-casco-antiguo-para-reactivar-la-apertura-de-locales-comerciales\\\/#article\",\"isPartOf\":{\"@id\":\"https:\\\/\\\/www.laguiadepamplona.com\\\/actualidad\\\/el-ayuntamiento-de-pamplona-pone-en-marcha-un-proyecto-piloto-en-el-casco-antiguo-para-reactivar-la-apertura-de-locales-comerciales\\\/\"},\"author\":{\"name\":\"La Gu\u00eda de Pamplona\",\"@id\":\"https:\\\/\\\/www.laguiadepamplona.com\\\/actualidad\\\/#\\\/schema\\\/person\\\/efe887376f0213d4657c93adc50b1fdb\"},\"headline\":\"El Ayuntamiento de Pamplona pone en marcha un proyecto piloto en el Casco Antiguo para reactivar la apertura de locales comerciales\",\"datePublished\":\"2023-03-30T11:30:56+00:00\",\"dateModified\":\"2023-04-11T09:46:55+00:00\",\"mainEntityOfPage\":{\"@id\":\"https:\\\/\\\/www.laguiadepamplona.com\\\/actualidad\\\/el-ayuntamiento-de-pamplona-pone-en-marcha-un-proyecto-piloto-en-el-casco-antiguo-para-reactivar-la-apertura-de-locales-comerciales\\\/\"},\"wordCount\":673,\"commentCount\":0,\"publisher\":{\"@id\":\"https:\\\/\\\/www.laguiadepamplona.com\\\/actualidad\\\/#organization\"},\"image\":{\"@id\":\"https:\\\/\\\/www.laguiadepamplona.com\\\/actualidad\\\/el-ayuntamiento-de-pamplona-pone-en-marcha-un-proyecto-piloto-en-el-casco-antiguo-para-reactivar-la-apertura-de-locales-comerciales\\\/#primaryimage\"},\"thumbnailUrl\":\"https:\\\/\\\/www.laguiadepamplona.com\\\/actualidad\\\/wp-content\\\/uploads\\\/2023\\\/03\\\/20230330comerciolocalq5a2811_0.webp\",\"articleSection\":[\"Ayto Pamplona\"],\"inLanguage\":\"es\",\"potentialAction\":[{\"@type\":\"CommentAction\",\"name\":\"Comment\",\"target\":[\"https:\\\/\\\/www.laguiadepamplona.com\\\/actualidad\\\/el-ayuntamiento-de-pamplona-pone-en-marcha-un-proyecto-piloto-en-el-casco-antiguo-para-reactivar-la-apertura-de-locales-comerciales\\\/#respond\"]}]},{\"@type\":\"WebPage\",\"@id\":\"https:\\\/\\\/www.laguiadepamplona.com\\\/actualidad\\\/el-ayuntamiento-de-pamplona-pone-en-marcha-un-proyecto-piloto-en-el-casco-antiguo-para-reactivar-la-apertura-de-locales-comerciales\\\/\",\"url\":\"https:\\\/\\\/www.laguiadepamplona.com\\\/actualidad\\\/el-ayuntamiento-de-pamplona-pone-en-marcha-un-proyecto-piloto-en-el-casco-antiguo-para-reactivar-la-apertura-de-locales-comerciales\\\/\",\"name\":\"El Ayuntamiento de Pamplona pone en marcha un proyecto piloto en el Casco Antiguo para reactivar la apertura de locales comerciales\",\"isPartOf\":{\"@id\":\"https:\\\/\\\/www.laguiadepamplona.com\\\/actualidad\\\/#website\"},\"primaryImageOfPage\":{\"@id\":\"https:\\\/\\\/www.laguiadepamplona.com\\\/actualidad\\\/el-ayuntamiento-de-pamplona-pone-en-marcha-un-proyecto-piloto-en-el-casco-antiguo-para-reactivar-la-apertura-de-locales-comerciales\\\/#primaryimage\"},\"image\":{\"@id\":\"https:\\\/\\\/www.laguiadepamplona.com\\\/actualidad\\\/el-ayuntamiento-de-pamplona-pone-en-marcha-un-proyecto-piloto-en-el-casco-antiguo-para-reactivar-la-apertura-de-locales-comerciales\\\/#primaryimage\"},\"thumbnailUrl\":\"https:\\\/\\\/www.laguiadepamplona.com\\\/actualidad\\\/wp-content\\\/uploads\\\/2023\\\/03\\\/20230330comerciolocalq5a2811_0.webp\",\"datePublished\":\"2023-03-30T11:30:56+00:00\",\"dateModified\":\"2023-04-11T09:46:55+00:00\",\"description\":\"\u2018Locales con vida\u2019 busca revitalizar ejes comerciales de la ciudad y cuenta con una web con datos de inter\u00e9s de cerca de 50 locales del Casco Antiguo\",\"breadcrumb\":{\"@id\":\"https:\\\/\\\/www.laguiadepamplona.com\\\/actualidad\\\/el-ayuntamiento-de-pamplona-pone-en-marcha-un-proyecto-piloto-en-el-casco-antiguo-para-reactivar-la-apertura-de-locales-comerciales\\\/#breadcrumb\"},\"inLanguage\":\"es\",\"potentialAction\":[{\"@type\":\"ReadAction\",\"target\":[\"https:\\\/\\\/www.laguiadepamplona.com\\\/actualidad\\\/el-ayuntamiento-de-pamplona-pone-en-marcha-un-proyecto-piloto-en-el-casco-antiguo-para-reactivar-la-apertura-de-locales-comerciales\\\/\"]}]},{\"@type\":\"ImageObject\",\"inLanguage\":\"es\",\"@id\":\"https:\\\/\\\/www.laguiadepamplona.com\\\/actualidad\\\/el-ayuntamiento-de-pamplona-pone-en-marcha-un-proyecto-piloto-en-el-casco-antiguo-para-reactivar-la-apertura-de-locales-comerciales\\\/#primaryimage\",\"url\":\"https:\\\/\\\/www.laguiadepamplona.com\\\/actualidad\\\/wp-content\\\/uploads\\\/2023\\\/03\\\/20230330comerciolocalq5a2811_0.webp\",\"contentUrl\":\"https:\\\/\\\/www.laguiadepamplona.com\\\/actualidad\\\/wp-content\\\/uploads\\\/2023\\\/03\\\/20230330comerciolocalq5a2811_0.webp\",\"width\":1920,\"height\":1281},{\"@type\":\"BreadcrumbList\",\"@id\":\"https:\\\/\\\/www.laguiadepamplona.com\\\/actualidad\\\/el-ayuntamiento-de-pamplona-pone-en-marcha-un-proyecto-piloto-en-el-casco-antiguo-para-reactivar-la-apertura-de-locales-comerciales\\\/#breadcrumb\",\"itemListElement\":[{\"@type\":\"ListItem\",\"position\":1,\"name\":\"Portada\",\"item\":\"https:\\\/\\\/www.laguiadepamplona.com\\\/actualidad\\\/\"},{\"@type\":\"ListItem\",\"position\":2,\"name\":\"El Ayuntamiento de Pamplona pone en marcha un proyecto piloto en el Casco Antiguo para reactivar la apertura de locales comerciales\"}]},{\"@type\":\"WebSite\",\"@id\":\"https:\\\/\\\/www.laguiadepamplona.com\\\/actualidad\\\/#website\",\"url\":\"https:\\\/\\\/www.laguiadepamplona.com\\\/actualidad\\\/\",\"name\":\"La gu\u00eda de Pamplona\",\"description\":\"Noticias de Pamplona\",\"publisher\":{\"@id\":\"https:\\\/\\\/www.laguiadepamplona.com\\\/actualidad\\\/#organization\"},\"potentialAction\":[{\"@type\":\"SearchAction\",\"target\":{\"@type\":\"EntryPoint\",\"urlTemplate\":\"https:\\\/\\\/www.laguiadepamplona.com\\\/actualidad\\\/?s={search_term_string}\"},\"query-input\":{\"@type\":\"PropertyValueSpecification\",\"valueRequired\":true,\"valueName\":\"search_term_string\"}}],\"inLanguage\":\"es\"},{\"@type\":\"Organization\",\"@id\":\"https:\\\/\\\/www.laguiadepamplona.com\\\/actualidad\\\/#organization\",\"name\":\"La Gu\u00eda de Pamplona \\\/ Noticias\",\"url\":\"https:\\\/\\\/www.laguiadepamplona.com\\\/actualidad\\\/\",\"logo\":{\"@type\":\"ImageObject\",\"inLanguage\":\"es\",\"@id\":\"https:\\\/\\\/www.laguiadepamplona.com\\\/actualidad\\\/#\\\/schema\\\/logo\\\/image\\\/\",\"url\":\"https:\\\/\\\/www.laguiadepamplona.com\\\/actualidad\\\/wp-content\\\/uploads\\\/2018\\\/11\\\/logo-laguiadepamplona18-web1.png\",\"contentUrl\":\"https:\\\/\\\/www.laguiadepamplona.com\\\/actualidad\\\/wp-content\\\/uploads\\\/2018\\\/11\\\/logo-laguiadepamplona18-web1.png\",\"width\":600,\"height\":196,\"caption\":\"La Gu\u00eda de Pamplona \\\/ Noticias\"},\"image\":{\"@id\":\"https:\\\/\\\/www.laguiadepamplona.com\\\/actualidad\\\/#\\\/schema\\\/logo\\\/image\\\/\"},\"sameAs\":[\"https:\\\/\\\/www.facebook.com\\\/laguiadepamplonacom-133175176762273\\\/?ref=hl\",\"https:\\\/\\\/x.com\\\/LaGuiadPamplona\",\"https:\\\/\\\/www.instagram.com\\\/la_guia_de_pamplona\\\/\",\"https:\\\/\\\/www.youtube.com\\\/user\\\/laguiadepamplona\"]},{\"@type\":\"Person\",\"@id\":\"https:\\\/\\\/www.laguiadepamplona.com\\\/actualidad\\\/#\\\/schema\\\/person\\\/efe887376f0213d4657c93adc50b1fdb\",\"name\":\"La Gu\u00eda de Pamplona\",\"image\":{\"@type\":\"ImageObject\",\"inLanguage\":\"es\",\"@id\":\"https:\\\/\\\/secure.gravatar.com\\\/avatar\\\/b6992f131dc8d30ab0dff15446e9d346d9dbd95992de0fef795073f5ea83a81c?s=96&d=mm&r=g\",\"url\":\"https:\\\/\\\/secure.gravatar.com\\\/avatar\\\/b6992f131dc8d30ab0dff15446e9d346d9dbd95992de0fef795073f5ea83a81c?s=96&d=mm&r=g\",\"contentUrl\":\"https:\\\/\\\/secure.gravatar.com\\\/avatar\\\/b6992f131dc8d30ab0dff15446e9d346d9dbd95992de0fef795073f5ea83a81c?s=96&d=mm&r=g\",\"caption\":\"La Gu\u00eda de Pamplona\"}}]}<\/script>\n<!-- \/ Yoast SEO plugin. -->","yoast_head_json":{"title":"El Ayuntamiento de Pamplona pone en marcha un proyecto piloto en el Casco Antiguo para reactivar la apertura de locales comerciales","description":"\u2018Locales con vida\u2019 busca revitalizar ejes comerciales de la ciudad y cuenta con una web con datos de inter\u00e9s de cerca de 50 locales del Casco Antiguo","robots":{"index":"index","follow":"follow","max-snippet":"max-snippet:-1","max-image-preview":"max-image-preview:large","max-video-preview":"max-video-preview:-1"},"canonical":"https:\/\/www.laguiadepamplona.com\/actualidad\/el-ayuntamiento-de-pamplona-pone-en-marcha-un-proyecto-piloto-en-el-casco-antiguo-para-reactivar-la-apertura-de-locales-comerciales\/","og_locale":"es_ES","og_type":"article","og_title":"El Ayuntamiento de Pamplona pone en marcha un proyecto piloto en el Casco Antiguo para reactivar la apertura de locales comerciales","og_description":"\u2018Locales con vida\u2019 busca revitalizar ejes comerciales de la ciudad y cuenta con una web con datos de inter\u00e9s de cerca de 50 locales del Casco Antiguo","og_url":"https:\/\/www.laguiadepamplona.com\/actualidad\/el-ayuntamiento-de-pamplona-pone-en-marcha-un-proyecto-piloto-en-el-casco-antiguo-para-reactivar-la-apertura-de-locales-comerciales\/","og_site_name":"La Gu\u00eda de Pamplona","article_publisher":"https:\/\/www.facebook.com\/laguiadepamplonacom-133175176762273\/?ref=hl","article_published_time":"2023-03-30T11:30:56+00:00","article_modified_time":"2023-04-11T09:46:55+00:00","og_image":[{"width":1920,"height":1281,"url":"https:\/\/www.laguiadepamplona.com\/actualidad\/wp-content\/uploads\/2023\/03\/20230330comerciolocalq5a2811_0.webp","type":"image\/webp"}],"author":"La Gu\u00eda de Pamplona","twitter_card":"summary_large_image","twitter_creator":"@LaGuiadPamplona","twitter_site":"@LaGuiadPamplona","twitter_misc":{"Escrito por":"La Gu\u00eda de Pamplona","Tiempo de lectura":"3 minutos"},"schema":{"@context":"https:\/\/schema.org","@graph":[{"@type":"Article","@id":"https:\/\/www.laguiadepamplona.com\/actualidad\/el-ayuntamiento-de-pamplona-pone-en-marcha-un-proyecto-piloto-en-el-casco-antiguo-para-reactivar-la-apertura-de-locales-comerciales\/#article","isPartOf":{"@id":"https:\/\/www.laguiadepamplona.com\/actualidad\/el-ayuntamiento-de-pamplona-pone-en-marcha-un-proyecto-piloto-en-el-casco-antiguo-para-reactivar-la-apertura-de-locales-comerciales\/"},"author":{"name":"La Gu\u00eda de Pamplona","@id":"https:\/\/www.laguiadepamplona.com\/actualidad\/#\/schema\/person\/efe887376f0213d4657c93adc50b1fdb"},"headline":"El Ayuntamiento de Pamplona pone en marcha un proyecto piloto en el Casco Antiguo para reactivar la apertura de locales comerciales","datePublished":"2023-03-30T11:30:56+00:00","dateModified":"2023-04-11T09:46:55+00:00","mainEntityOfPage":{"@id":"https:\/\/www.laguiadepamplona.com\/actualidad\/el-ayuntamiento-de-pamplona-pone-en-marcha-un-proyecto-piloto-en-el-casco-antiguo-para-reactivar-la-apertura-de-locales-comerciales\/"},"wordCount":673,"commentCount":0,"publisher":{"@id":"https:\/\/www.laguiadepamplona.com\/actualidad\/#organization"},"image":{"@id":"https:\/\/www.laguiadepamplona.com\/actualidad\/el-ayuntamiento-de-pamplona-pone-en-marcha-un-proyecto-piloto-en-el-casco-antiguo-para-reactivar-la-apertura-de-locales-comerciales\/#primaryimage"},"thumbnailUrl":"https:\/\/www.laguiadepamplona.com\/actualidad\/wp-content\/uploads\/2023\/03\/20230330comerciolocalq5a2811_0.webp","articleSection":["Ayto Pamplona"],"inLanguage":"es","potentialAction":[{"@type":"CommentAction","name":"Comment","target":["https:\/\/www.laguiadepamplona.com\/actualidad\/el-ayuntamiento-de-pamplona-pone-en-marcha-un-proyecto-piloto-en-el-casco-antiguo-para-reactivar-la-apertura-de-locales-comerciales\/#respond"]}]},{"@type":"WebPage","@id":"https:\/\/www.laguiadepamplona.com\/actualidad\/el-ayuntamiento-de-pamplona-pone-en-marcha-un-proyecto-piloto-en-el-casco-antiguo-para-reactivar-la-apertura-de-locales-comerciales\/","url":"https:\/\/www.laguiadepamplona.com\/actualidad\/el-ayuntamiento-de-pamplona-pone-en-marcha-un-proyecto-piloto-en-el-casco-antiguo-para-reactivar-la-apertura-de-locales-comerciales\/","name":"El Ayuntamiento de Pamplona pone en marcha un proyecto piloto en el Casco Antiguo para reactivar la apertura de locales comerciales","isPartOf":{"@id":"https:\/\/www.laguiadepamplona.com\/actualidad\/#website"},"primaryImageOfPage":{"@id":"https:\/\/www.laguiadepamplona.com\/actualidad\/el-ayuntamiento-de-pamplona-pone-en-marcha-un-proyecto-piloto-en-el-casco-antiguo-para-reactivar-la-apertura-de-locales-comerciales\/#primaryimage"},"image":{"@id":"https:\/\/www.laguiadepamplona.com\/actualidad\/el-ayuntamiento-de-pamplona-pone-en-marcha-un-proyecto-piloto-en-el-casco-antiguo-para-reactivar-la-apertura-de-locales-comerciales\/#primaryimage"},"thumbnailUrl":"https:\/\/www.laguiadepamplona.com\/actualidad\/wp-content\/uploads\/2023\/03\/20230330comerciolocalq5a2811_0.webp","datePublished":"2023-03-30T11:30:56+00:00","dateModified":"2023-04-11T09:46:55+00:00","description":"\u2018Locales con vida\u2019 busca revitalizar ejes comerciales de la ciudad y cuenta con una web con datos de inter\u00e9s de cerca de 50 locales del Casco Antiguo","breadcrumb":{"@id":"https:\/\/www.laguiadepamplona.com\/actualidad\/el-ayuntamiento-de-pamplona-pone-en-marcha-un-proyecto-piloto-en-el-casco-antiguo-para-reactivar-la-apertura-de-locales-comerciales\/#breadcrumb"},"inLanguage":"es","potentialAction":[{"@type":"ReadAction","target":["https:\/\/www.laguiadepamplona.com\/actualidad\/el-ayuntamiento-de-pamplona-pone-en-marcha-un-proyecto-piloto-en-el-casco-antiguo-para-reactivar-la-apertura-de-locales-comerciales\/"]}]},{"@type":"ImageObject","inLanguage":"es","@id":"https:\/\/www.laguiadepamplona.com\/actualidad\/el-ayuntamiento-de-pamplona-pone-en-marcha-un-proyecto-piloto-en-el-casco-antiguo-para-reactivar-la-apertura-de-locales-comerciales\/#primaryimage","url":"https:\/\/www.laguiadepamplona.com\/actualidad\/wp-content\/uploads\/2023\/03\/20230330comerciolocalq5a2811_0.webp","contentUrl":"https:\/\/www.laguiadepamplona.com\/actualidad\/wp-content\/uploads\/2023\/03\/20230330comerciolocalq5a2811_0.webp","width":1920,"height":1281},{"@type":"BreadcrumbList","@id":"https:\/\/www.laguiadepamplona.com\/actualidad\/el-ayuntamiento-de-pamplona-pone-en-marcha-un-proyecto-piloto-en-el-casco-antiguo-para-reactivar-la-apertura-de-locales-comerciales\/#breadcrumb","itemListElement":[{"@type":"ListItem","position":1,"name":"Portada","item":"https:\/\/www.laguiadepamplona.com\/actualidad\/"},{"@type":"ListItem","position":2,"name":"El Ayuntamiento de Pamplona pone en marcha un proyecto piloto en el Casco Antiguo para reactivar la apertura de locales comerciales"}]},{"@type":"WebSite","@id":"https:\/\/www.laguiadepamplona.com\/actualidad\/#website","url":"https:\/\/www.laguiadepamplona.com\/actualidad\/","name":"La gu\u00eda de Pamplona","description":"Noticias de Pamplona","publisher":{"@id":"https:\/\/www.laguiadepamplona.com\/actualidad\/#organization"},"potentialAction":[{"@type":"SearchAction","target":{"@type":"EntryPoint","urlTemplate":"https:\/\/www.laguiadepamplona.com\/actualidad\/?s={search_term_string}"},"query-input":{"@type":"PropertyValueSpecification","valueRequired":true,"valueName":"search_term_string"}}],"inLanguage":"es"},{"@type":"Organization","@id":"https:\/\/www.laguiadepamplona.com\/actualidad\/#organization","name":"La Gu\u00eda de Pamplona \/ Noticias","url":"https:\/\/www.laguiadepamplona.com\/actualidad\/","logo":{"@type":"ImageObject","inLanguage":"es","@id":"https:\/\/www.laguiadepamplona.com\/actualidad\/#\/schema\/logo\/image\/","url":"https:\/\/www.laguiadepamplona.com\/actualidad\/wp-content\/uploads\/2018\/11\/logo-laguiadepamplona18-web1.png","contentUrl":"https:\/\/www.laguiadepamplona.com\/actualidad\/wp-content\/uploads\/2018\/11\/logo-laguiadepamplona18-web1.png","width":600,"height":196,"caption":"La Gu\u00eda de Pamplona \/ Noticias"},"image":{"@id":"https:\/\/www.laguiadepamplona.com\/actualidad\/#\/schema\/logo\/image\/"},"sameAs":["https:\/\/www.facebook.com\/laguiadepamplonacom-133175176762273\/?ref=hl","https:\/\/x.com\/LaGuiadPamplona","https:\/\/www.instagram.com\/la_guia_de_pamplona\/","https:\/\/www.youtube.com\/user\/laguiadepamplona"]},{"@type":"Person","@id":"https:\/\/www.laguiadepamplona.com\/actualidad\/#\/schema\/person\/efe887376f0213d4657c93adc50b1fdb","name":"La Gu\u00eda de Pamplona","image":{"@type":"ImageObject","inLanguage":"es","@id":"https:\/\/secure.gravatar.com\/avatar\/b6992f131dc8d30ab0dff15446e9d346d9dbd95992de0fef795073f5ea83a81c?s=96&d=mm&r=g","url":"https:\/\/secure.gravatar.com\/avatar\/b6992f131dc8d30ab0dff15446e9d346d9dbd95992de0fef795073f5ea83a81c?s=96&d=mm&r=g","contentUrl":"https:\/\/secure.gravatar.com\/avatar\/b6992f131dc8d30ab0dff15446e9d346d9dbd95992de0fef795073f5ea83a81c?s=96&d=mm&r=g","caption":"La Gu\u00eda de Pamplona"}}]}},"post_mailing_queue_ids":[],"_links":{"self":[{"href":"https:\/\/www.laguiadepamplona.com\/actualidad\/wp-json\/wp\/v2\/posts\/43350","targetHints":{"allow":["GET"]}}],"collection":[{"href":"https:\/\/www.laguiadepamplona.com\/actualidad\/wp-json\/wp\/v2\/posts"}],"about":[{"href":"https:\/\/www.laguiadepamplona.com\/actualidad\/wp-json\/wp\/v2\/types\/post"}],"author":[{"embeddable":true,"href":"https:\/\/www.laguiadepamplona.com\/actualidad\/wp-json\/wp\/v2\/users\/1"}],"replies":[{"embeddable":true,"href":"https:\/\/www.laguiadepamplona.com\/actualidad\/wp-json\/wp\/v2\/comments?post=43350"}],"version-history":[{"count":0,"href":"https:\/\/www.laguiadepamplona.com\/actualidad\/wp-json\/wp\/v2\/posts\/43350\/revisions"}],"wp:featuredmedia":[{"embeddable":true,"href":"https:\/\/www.laguiadepamplona.com\/actualidad\/wp-json\/wp\/v2\/media\/43352"}],"wp:attachment":[{"href":"https:\/\/www.laguiadepamplona.com\/actualidad\/wp-json\/wp\/v2\/media?parent=43350"}],"wp:term":[{"taxonomy":"category","embeddable":true,"href":"https:\/\/www.laguiadepamplona.com\/actualidad\/wp-json\/wp\/v2\/categories?post=43350"},{"taxonomy":"post_tag","embeddable":true,"href":"https:\/\/www.laguiadepamplona.com\/actualidad\/wp-json\/wp\/v2\/tags?post=43350"}],"curies":[{"name":"wp","href":"https:\/\/api.w.org\/{rel}","templated":true}]}}