{"id":43347,"date":"2023-03-29T12:32:58","date_gmt":"2023-03-29T10:32:58","guid":{"rendered":"https:\/\/www.laguiadepamplona.com\/actualidad\/?p=43347"},"modified":"2023-04-11T11:46:55","modified_gmt":"2023-04-11T09:46:55","slug":"el-17-de-abril-finaliza-el-plazo-para-que-los-centros-escolares-de-educacion-primaria-de-la-ciudad-se-presentan-al-xvii-concurso-dibuja-pamplona","status":"publish","type":"post","link":"https:\/\/www.laguiadepamplona.com\/actualidad\/el-17-de-abril-finaliza-el-plazo-para-que-los-centros-escolares-de-educacion-primaria-de-la-ciudad-se-presentan-al-xvii-concurso-dibuja-pamplona\/","title":{"rendered":"El 17 de abril finaliza el plazo para que los centros escolares de Educaci\u00f3n Primaria de la ciudad se presentan al XVII Concurso Dibuja Pamplona"},"content":{"rendered":"<h5>Los centros participantes deber\u00e1n seleccionar a los alumnos y alumnas que participar\u00e1n en la fase final en la avenida de Carlos III el s\u00e1bado 6 de mayo<\/h5>\n<p><!--more--><\/p>\n<p>El Ayuntamiento convoca el XVII Concurso Dibuja Pamplona, dirigido a escolares entre 3\u00ba y 6\u00ba de Primaria, cuya fase final tendr\u00e1 lugar el pr\u00f3ximo 6 de mayo en la avenida de Carlos III. Los alumnos y alumnas deber\u00e1n estar empadronados en Pamplona y asistir a un centro de estudios situado en Pamplona. Los centros escolares interesados deber\u00e1n inscribir en el \u00e1rea de Educaci\u00f3n, Participaci\u00f3n Ciudadana y Juventud del Ayuntamiento de Pamplona o a trav\u00e9s del correo electr\u00f3nico <a href=\"mailto:educacionpamplona@pamplona.es\">educacionpamplona@pamplona.es<\/a> al alumnado seleccionado antes de las 14 horas del 17 de abril.<\/p>\n<p>El concurso cuenta con dos categor\u00edas, seg\u00fan el curso que estudien quienes participan: categor\u00eda A para alumnado de 3\u00ba y 4\u00ba de Educaci\u00f3n Primaria y categor\u00eda B para alumnado de 5\u00ba y 6\u00ba de Primaria. En cada una de ellas, se repartir\u00e1n un primer, un segundo y un tercer premio, dotados con 300, 250 y 200 euros, respectivamente, en lotes de material de dibujo tanto para las personas autoras de las obras como para los centros educativos a los que presentan. Esos lotes se sustanciar\u00e1n en un vale que deber\u00e1 ser canjeado en los establecimientos comerciales colaboradores. El jurado estar\u00e1 presidido por el concejal delegado de Educaci\u00f3n, Participaci\u00f3n Ciudadana y Juventud y contar\u00e1 con la participaci\u00f3n de t\u00e9cnicos del \u00e1rea y de Cultura del Ayuntamiento de Pamplona y profesorado de la Escuela T\u00e9cnica Superior de Arquitectura de la Universidad de Navarra y de la Escuela de Artes y Oficios Catalina de Osc\u00e1riz.<br \/>\n<script async src=\"\/\/pagead2.googlesyndication.com\/pagead\/js\/adsbygoogle.js\"><\/script><br \/>\n<!-- Noticias La Guia de Pamplona --><br \/>\n<ins class=\"adsbygoogle\"\nstyle=\"display:block\"\ndata-ad-client=\"ca-pub-6943679897239327\"\ndata-ad-slot=\"7048180777\"\ndata-ad-format=\"auto\"><\/ins><br \/>\n<script>\n(adsbygoogle = window.adsbygoogle || []).push({});\n<\/script><\/p>\n<p><strong>Concurso en dos fases<\/strong><\/p>\n<p>En una primera fase del concurso, el alumnado realizar\u00e1 un dibujo que tenga como asuntos la ciudad de Pamplona desde un enfoque urban\u00edstico, hist\u00f3rico, art\u00edstico o social, en sus respectivos centros. De todos esos trabajos, cada centro seleccionar\u00e1 un m\u00e1ximo de tres para cada una de las dos categor\u00edas establecidas. Sus autores o autoras representar\u00e1n al centro en la segunda fase y deber\u00e1n cumplir el requisito de estar empadronados en Pamplona. Los colegios contar\u00e1n con el asesoramiento del alumnado de la Escuela de Arquitectura de la Universidad de Navarra, que dar\u00e1n directrices sobre las t\u00e9cnicas a utilizar en los dibujos de la preselecci\u00f3n y participar\u00e1n en la selecci\u00f3n de los mejores dibujos realizados.<\/p>\n<p>La segunda fase consistir\u00e1 en una sesi\u00f3n de dibujo al aire libre el s\u00e1bado 6 de mayo, de 10.30 a 13.30 horas. El alumnado seleccionado en cada centro realizar\u00e1 un dibujo al natural en el entorno del tramo final de la avenida de Carlos III, entre el Teatro Gayarre y el Palacio de Navarra. La t\u00e9cnica ser\u00e1 libre, pero con materiales secos o que sequen r\u00e1pidamente (acuarela, acr\u00edlico\u2026). No se aceptar\u00e1n trabajos al \u00f3leo. El Ayuntamiento de Pamplona aportar\u00e1 en esta segunda fase papel para los dibujos y caballetes. El resto de material de dibujo deber\u00e1 llevarlo cada participante. En la parte trasera del dibujo, deber\u00e1n escribir su nombre, el del colegio al que pertenecen y el de su curso.<\/p>\n","protected":false},"excerpt":{"rendered":"<p>Los centros participantes deber\u00e1n seleccionar a los alumnos y alumnas que participar\u00e1n en la fase final en la avenida de Carlos III el s\u00e1bado 6 de mayo<\/p>\n","protected":false},"author":1,"featured_media":43348,"comment_status":"open","ping_status":"closed","sticky":false,"template":"","format":"standard","meta":{"footnotes":""},"categories":[2],"tags":[],"class_list":["post-43347","post","type-post","status-publish","format-standard","has-post-thumbnail","hentry","category-ayuntamiento-pamplona"],"yoast_head":"<!-- This site is optimized with the Yoast SEO plugin v27.3 - https:\/\/yoast.com\/product\/yoast-seo-wordpress\/ -->\n<title>El 17 de abril finaliza el plazo para que los centros escolares de Educaci\u00f3n Primaria de la ciudad se presentan al XVII Concurso Dibuja Pamplona<\/title>\n<meta name=\"description\" content=\"Los centros participantes deber\u00e1n seleccionar a los alumnos y alumnas que participar\u00e1n en la fase final en la avenida de Carlos III el s\u00e1bado 6 de mayo\" \/>\n<meta name=\"robots\" content=\"index, follow, max-snippet:-1, max-image-preview:large, max-video-preview:-1\" \/>\n<link rel=\"canonical\" href=\"https:\/\/www.laguiadepamplona.com\/actualidad\/el-17-de-abril-finaliza-el-plazo-para-que-los-centros-escolares-de-educacion-primaria-de-la-ciudad-se-presentan-al-xvii-concurso-dibuja-pamplona\/\" \/>\n<meta property=\"og:locale\" content=\"es_ES\" \/>\n<meta property=\"og:type\" content=\"article\" \/>\n<meta property=\"og:title\" content=\"El 17 de abril finaliza el plazo para que los centros escolares de Educaci\u00f3n Primaria de la ciudad se presentan al XVII Concurso Dibuja Pamplona\" \/>\n<meta property=\"og:description\" content=\"Los centros participantes deber\u00e1n seleccionar a los alumnos y alumnas que participar\u00e1n en la fase final en la avenida de Carlos III el s\u00e1bado 6 de mayo\" \/>\n<meta property=\"og:url\" content=\"https:\/\/www.laguiadepamplona.com\/actualidad\/el-17-de-abril-finaliza-el-plazo-para-que-los-centros-escolares-de-educacion-primaria-de-la-ciudad-se-presentan-al-xvii-concurso-dibuja-pamplona\/\" \/>\n<meta property=\"og:site_name\" content=\"La Gu\u00eda de Pamplona\" \/>\n<meta property=\"article:publisher\" content=\"https:\/\/www.facebook.com\/laguiadepamplonacom-133175176762273\/?ref=hl\" \/>\n<meta property=\"article:published_time\" content=\"2023-03-29T10:32:58+00:00\" \/>\n<meta property=\"article:modified_time\" content=\"2023-04-11T09:46:55+00:00\" \/>\n<meta property=\"og:image\" content=\"https:\/\/www.laguiadepamplona.com\/actualidad\/wp-content\/uploads\/2023\/03\/concurso-dibuja-pamplona.webp\" \/>\n\t<meta property=\"og:image:width\" content=\"1920\" \/>\n\t<meta property=\"og:image:height\" content=\"1440\" \/>\n\t<meta property=\"og:image:type\" content=\"image\/webp\" \/>\n<meta name=\"author\" content=\"La Gu\u00eda de Pamplona\" \/>\n<meta name=\"twitter:card\" content=\"summary_large_image\" \/>\n<meta name=\"twitter:creator\" content=\"@LaGuiadPamplona\" \/>\n<meta name=\"twitter:site\" content=\"@LaGuiadPamplona\" \/>\n<meta name=\"twitter:label1\" content=\"Escrito por\" \/>\n\t<meta name=\"twitter:data1\" content=\"La Gu\u00eda de Pamplona\" \/>\n\t<meta name=\"twitter:label2\" content=\"Tiempo de lectura\" \/>\n\t<meta name=\"twitter:data2\" content=\"3 minutos\" \/>\n<script type=\"application\/ld+json\" class=\"yoast-schema-graph\">{\"@context\":\"https:\\\/\\\/schema.org\",\"@graph\":[{\"@type\":\"Article\",\"@id\":\"https:\\\/\\\/www.laguiadepamplona.com\\\/actualidad\\\/el-17-de-abril-finaliza-el-plazo-para-que-los-centros-escolares-de-educacion-primaria-de-la-ciudad-se-presentan-al-xvii-concurso-dibuja-pamplona\\\/#article\",\"isPartOf\":{\"@id\":\"https:\\\/\\\/www.laguiadepamplona.com\\\/actualidad\\\/el-17-de-abril-finaliza-el-plazo-para-que-los-centros-escolares-de-educacion-primaria-de-la-ciudad-se-presentan-al-xvii-concurso-dibuja-pamplona\\\/\"},\"author\":{\"name\":\"La Gu\u00eda de Pamplona\",\"@id\":\"https:\\\/\\\/www.laguiadepamplona.com\\\/actualidad\\\/#\\\/schema\\\/person\\\/efe887376f0213d4657c93adc50b1fdb\"},\"headline\":\"El 17 de abril finaliza el plazo para que los centros escolares de Educaci\u00f3n Primaria de la ciudad se presentan al XVII Concurso Dibuja Pamplona\",\"datePublished\":\"2023-03-29T10:32:58+00:00\",\"dateModified\":\"2023-04-11T09:46:55+00:00\",\"mainEntityOfPage\":{\"@id\":\"https:\\\/\\\/www.laguiadepamplona.com\\\/actualidad\\\/el-17-de-abril-finaliza-el-plazo-para-que-los-centros-escolares-de-educacion-primaria-de-la-ciudad-se-presentan-al-xvii-concurso-dibuja-pamplona\\\/\"},\"wordCount\":560,\"commentCount\":0,\"publisher\":{\"@id\":\"https:\\\/\\\/www.laguiadepamplona.com\\\/actualidad\\\/#organization\"},\"image\":{\"@id\":\"https:\\\/\\\/www.laguiadepamplona.com\\\/actualidad\\\/el-17-de-abril-finaliza-el-plazo-para-que-los-centros-escolares-de-educacion-primaria-de-la-ciudad-se-presentan-al-xvii-concurso-dibuja-pamplona\\\/#primaryimage\"},\"thumbnailUrl\":\"https:\\\/\\\/www.laguiadepamplona.com\\\/actualidad\\\/wp-content\\\/uploads\\\/2023\\\/03\\\/concurso-dibuja-pamplona.webp\",\"articleSection\":[\"Ayto Pamplona\"],\"inLanguage\":\"es\",\"potentialAction\":[{\"@type\":\"CommentAction\",\"name\":\"Comment\",\"target\":[\"https:\\\/\\\/www.laguiadepamplona.com\\\/actualidad\\\/el-17-de-abril-finaliza-el-plazo-para-que-los-centros-escolares-de-educacion-primaria-de-la-ciudad-se-presentan-al-xvii-concurso-dibuja-pamplona\\\/#respond\"]}]},{\"@type\":\"WebPage\",\"@id\":\"https:\\\/\\\/www.laguiadepamplona.com\\\/actualidad\\\/el-17-de-abril-finaliza-el-plazo-para-que-los-centros-escolares-de-educacion-primaria-de-la-ciudad-se-presentan-al-xvii-concurso-dibuja-pamplona\\\/\",\"url\":\"https:\\\/\\\/www.laguiadepamplona.com\\\/actualidad\\\/el-17-de-abril-finaliza-el-plazo-para-que-los-centros-escolares-de-educacion-primaria-de-la-ciudad-se-presentan-al-xvii-concurso-dibuja-pamplona\\\/\",\"name\":\"El 17 de abril finaliza el plazo para que los centros escolares de Educaci\u00f3n Primaria de la ciudad se presentan al XVII Concurso Dibuja Pamplona\",\"isPartOf\":{\"@id\":\"https:\\\/\\\/www.laguiadepamplona.com\\\/actualidad\\\/#website\"},\"primaryImageOfPage\":{\"@id\":\"https:\\\/\\\/www.laguiadepamplona.com\\\/actualidad\\\/el-17-de-abril-finaliza-el-plazo-para-que-los-centros-escolares-de-educacion-primaria-de-la-ciudad-se-presentan-al-xvii-concurso-dibuja-pamplona\\\/#primaryimage\"},\"image\":{\"@id\":\"https:\\\/\\\/www.laguiadepamplona.com\\\/actualidad\\\/el-17-de-abril-finaliza-el-plazo-para-que-los-centros-escolares-de-educacion-primaria-de-la-ciudad-se-presentan-al-xvii-concurso-dibuja-pamplona\\\/#primaryimage\"},\"thumbnailUrl\":\"https:\\\/\\\/www.laguiadepamplona.com\\\/actualidad\\\/wp-content\\\/uploads\\\/2023\\\/03\\\/concurso-dibuja-pamplona.webp\",\"datePublished\":\"2023-03-29T10:32:58+00:00\",\"dateModified\":\"2023-04-11T09:46:55+00:00\",\"description\":\"Los centros participantes deber\u00e1n seleccionar a los alumnos y alumnas que participar\u00e1n en la fase final en la avenida de Carlos III el s\u00e1bado 6 de mayo\",\"breadcrumb\":{\"@id\":\"https:\\\/\\\/www.laguiadepamplona.com\\\/actualidad\\\/el-17-de-abril-finaliza-el-plazo-para-que-los-centros-escolares-de-educacion-primaria-de-la-ciudad-se-presentan-al-xvii-concurso-dibuja-pamplona\\\/#breadcrumb\"},\"inLanguage\":\"es\",\"potentialAction\":[{\"@type\":\"ReadAction\",\"target\":[\"https:\\\/\\\/www.laguiadepamplona.com\\\/actualidad\\\/el-17-de-abril-finaliza-el-plazo-para-que-los-centros-escolares-de-educacion-primaria-de-la-ciudad-se-presentan-al-xvii-concurso-dibuja-pamplona\\\/\"]}]},{\"@type\":\"ImageObject\",\"inLanguage\":\"es\",\"@id\":\"https:\\\/\\\/www.laguiadepamplona.com\\\/actualidad\\\/el-17-de-abril-finaliza-el-plazo-para-que-los-centros-escolares-de-educacion-primaria-de-la-ciudad-se-presentan-al-xvii-concurso-dibuja-pamplona\\\/#primaryimage\",\"url\":\"https:\\\/\\\/www.laguiadepamplona.com\\\/actualidad\\\/wp-content\\\/uploads\\\/2023\\\/03\\\/concurso-dibuja-pamplona.webp\",\"contentUrl\":\"https:\\\/\\\/www.laguiadepamplona.com\\\/actualidad\\\/wp-content\\\/uploads\\\/2023\\\/03\\\/concurso-dibuja-pamplona.webp\",\"width\":1920,\"height\":1440},{\"@type\":\"BreadcrumbList\",\"@id\":\"https:\\\/\\\/www.laguiadepamplona.com\\\/actualidad\\\/el-17-de-abril-finaliza-el-plazo-para-que-los-centros-escolares-de-educacion-primaria-de-la-ciudad-se-presentan-al-xvii-concurso-dibuja-pamplona\\\/#breadcrumb\",\"itemListElement\":[{\"@type\":\"ListItem\",\"position\":1,\"name\":\"Portada\",\"item\":\"https:\\\/\\\/www.laguiadepamplona.com\\\/actualidad\\\/\"},{\"@type\":\"ListItem\",\"position\":2,\"name\":\"El 17 de abril finaliza el plazo para que los centros escolares de Educaci\u00f3n Primaria de la ciudad se presentan al XVII Concurso Dibuja Pamplona\"}]},{\"@type\":\"WebSite\",\"@id\":\"https:\\\/\\\/www.laguiadepamplona.com\\\/actualidad\\\/#website\",\"url\":\"https:\\\/\\\/www.laguiadepamplona.com\\\/actualidad\\\/\",\"name\":\"La gu\u00eda de Pamplona\",\"description\":\"Noticias de Pamplona\",\"publisher\":{\"@id\":\"https:\\\/\\\/www.laguiadepamplona.com\\\/actualidad\\\/#organization\"},\"potentialAction\":[{\"@type\":\"SearchAction\",\"target\":{\"@type\":\"EntryPoint\",\"urlTemplate\":\"https:\\\/\\\/www.laguiadepamplona.com\\\/actualidad\\\/?s={search_term_string}\"},\"query-input\":{\"@type\":\"PropertyValueSpecification\",\"valueRequired\":true,\"valueName\":\"search_term_string\"}}],\"inLanguage\":\"es\"},{\"@type\":\"Organization\",\"@id\":\"https:\\\/\\\/www.laguiadepamplona.com\\\/actualidad\\\/#organization\",\"name\":\"La Gu\u00eda de Pamplona \\\/ Noticias\",\"url\":\"https:\\\/\\\/www.laguiadepamplona.com\\\/actualidad\\\/\",\"logo\":{\"@type\":\"ImageObject\",\"inLanguage\":\"es\",\"@id\":\"https:\\\/\\\/www.laguiadepamplona.com\\\/actualidad\\\/#\\\/schema\\\/logo\\\/image\\\/\",\"url\":\"https:\\\/\\\/www.laguiadepamplona.com\\\/actualidad\\\/wp-content\\\/uploads\\\/2018\\\/11\\\/logo-laguiadepamplona18-web1.png\",\"contentUrl\":\"https:\\\/\\\/www.laguiadepamplona.com\\\/actualidad\\\/wp-content\\\/uploads\\\/2018\\\/11\\\/logo-laguiadepamplona18-web1.png\",\"width\":600,\"height\":196,\"caption\":\"La Gu\u00eda de Pamplona \\\/ Noticias\"},\"image\":{\"@id\":\"https:\\\/\\\/www.laguiadepamplona.com\\\/actualidad\\\/#\\\/schema\\\/logo\\\/image\\\/\"},\"sameAs\":[\"https:\\\/\\\/www.facebook.com\\\/laguiadepamplonacom-133175176762273\\\/?ref=hl\",\"https:\\\/\\\/x.com\\\/LaGuiadPamplona\",\"https:\\\/\\\/www.instagram.com\\\/la_guia_de_pamplona\\\/\",\"https:\\\/\\\/www.youtube.com\\\/user\\\/laguiadepamplona\"]},{\"@type\":\"Person\",\"@id\":\"https:\\\/\\\/www.laguiadepamplona.com\\\/actualidad\\\/#\\\/schema\\\/person\\\/efe887376f0213d4657c93adc50b1fdb\",\"name\":\"La Gu\u00eda de Pamplona\",\"image\":{\"@type\":\"ImageObject\",\"inLanguage\":\"es\",\"@id\":\"https:\\\/\\\/secure.gravatar.com\\\/avatar\\\/b6992f131dc8d30ab0dff15446e9d346d9dbd95992de0fef795073f5ea83a81c?s=96&d=mm&r=g\",\"url\":\"https:\\\/\\\/secure.gravatar.com\\\/avatar\\\/b6992f131dc8d30ab0dff15446e9d346d9dbd95992de0fef795073f5ea83a81c?s=96&d=mm&r=g\",\"contentUrl\":\"https:\\\/\\\/secure.gravatar.com\\\/avatar\\\/b6992f131dc8d30ab0dff15446e9d346d9dbd95992de0fef795073f5ea83a81c?s=96&d=mm&r=g\",\"caption\":\"La Gu\u00eda de Pamplona\"}}]}<\/script>\n<!-- \/ Yoast SEO plugin. -->","yoast_head_json":{"title":"El 17 de abril finaliza el plazo para que los centros escolares de Educaci\u00f3n Primaria de la ciudad se presentan al XVII Concurso Dibuja Pamplona","description":"Los centros participantes deber\u00e1n seleccionar a los alumnos y alumnas que participar\u00e1n en la fase final en la avenida de Carlos III el s\u00e1bado 6 de mayo","robots":{"index":"index","follow":"follow","max-snippet":"max-snippet:-1","max-image-preview":"max-image-preview:large","max-video-preview":"max-video-preview:-1"},"canonical":"https:\/\/www.laguiadepamplona.com\/actualidad\/el-17-de-abril-finaliza-el-plazo-para-que-los-centros-escolares-de-educacion-primaria-de-la-ciudad-se-presentan-al-xvii-concurso-dibuja-pamplona\/","og_locale":"es_ES","og_type":"article","og_title":"El 17 de abril finaliza el plazo para que los centros escolares de Educaci\u00f3n Primaria de la ciudad se presentan al XVII Concurso Dibuja Pamplona","og_description":"Los centros participantes deber\u00e1n seleccionar a los alumnos y alumnas que participar\u00e1n en la fase final en la avenida de Carlos III el s\u00e1bado 6 de mayo","og_url":"https:\/\/www.laguiadepamplona.com\/actualidad\/el-17-de-abril-finaliza-el-plazo-para-que-los-centros-escolares-de-educacion-primaria-de-la-ciudad-se-presentan-al-xvii-concurso-dibuja-pamplona\/","og_site_name":"La Gu\u00eda de Pamplona","article_publisher":"https:\/\/www.facebook.com\/laguiadepamplonacom-133175176762273\/?ref=hl","article_published_time":"2023-03-29T10:32:58+00:00","article_modified_time":"2023-04-11T09:46:55+00:00","og_image":[{"width":1920,"height":1440,"url":"https:\/\/www.laguiadepamplona.com\/actualidad\/wp-content\/uploads\/2023\/03\/concurso-dibuja-pamplona.webp","type":"image\/webp"}],"author":"La Gu\u00eda de Pamplona","twitter_card":"summary_large_image","twitter_creator":"@LaGuiadPamplona","twitter_site":"@LaGuiadPamplona","twitter_misc":{"Escrito por":"La Gu\u00eda de Pamplona","Tiempo de lectura":"3 minutos"},"schema":{"@context":"https:\/\/schema.org","@graph":[{"@type":"Article","@id":"https:\/\/www.laguiadepamplona.com\/actualidad\/el-17-de-abril-finaliza-el-plazo-para-que-los-centros-escolares-de-educacion-primaria-de-la-ciudad-se-presentan-al-xvii-concurso-dibuja-pamplona\/#article","isPartOf":{"@id":"https:\/\/www.laguiadepamplona.com\/actualidad\/el-17-de-abril-finaliza-el-plazo-para-que-los-centros-escolares-de-educacion-primaria-de-la-ciudad-se-presentan-al-xvii-concurso-dibuja-pamplona\/"},"author":{"name":"La Gu\u00eda de Pamplona","@id":"https:\/\/www.laguiadepamplona.com\/actualidad\/#\/schema\/person\/efe887376f0213d4657c93adc50b1fdb"},"headline":"El 17 de abril finaliza el plazo para que los centros escolares de Educaci\u00f3n Primaria de la ciudad se presentan al XVII Concurso Dibuja Pamplona","datePublished":"2023-03-29T10:32:58+00:00","dateModified":"2023-04-11T09:46:55+00:00","mainEntityOfPage":{"@id":"https:\/\/www.laguiadepamplona.com\/actualidad\/el-17-de-abril-finaliza-el-plazo-para-que-los-centros-escolares-de-educacion-primaria-de-la-ciudad-se-presentan-al-xvii-concurso-dibuja-pamplona\/"},"wordCount":560,"commentCount":0,"publisher":{"@id":"https:\/\/www.laguiadepamplona.com\/actualidad\/#organization"},"image":{"@id":"https:\/\/www.laguiadepamplona.com\/actualidad\/el-17-de-abril-finaliza-el-plazo-para-que-los-centros-escolares-de-educacion-primaria-de-la-ciudad-se-presentan-al-xvii-concurso-dibuja-pamplona\/#primaryimage"},"thumbnailUrl":"https:\/\/www.laguiadepamplona.com\/actualidad\/wp-content\/uploads\/2023\/03\/concurso-dibuja-pamplona.webp","articleSection":["Ayto Pamplona"],"inLanguage":"es","potentialAction":[{"@type":"CommentAction","name":"Comment","target":["https:\/\/www.laguiadepamplona.com\/actualidad\/el-17-de-abril-finaliza-el-plazo-para-que-los-centros-escolares-de-educacion-primaria-de-la-ciudad-se-presentan-al-xvii-concurso-dibuja-pamplona\/#respond"]}]},{"@type":"WebPage","@id":"https:\/\/www.laguiadepamplona.com\/actualidad\/el-17-de-abril-finaliza-el-plazo-para-que-los-centros-escolares-de-educacion-primaria-de-la-ciudad-se-presentan-al-xvii-concurso-dibuja-pamplona\/","url":"https:\/\/www.laguiadepamplona.com\/actualidad\/el-17-de-abril-finaliza-el-plazo-para-que-los-centros-escolares-de-educacion-primaria-de-la-ciudad-se-presentan-al-xvii-concurso-dibuja-pamplona\/","name":"El 17 de abril finaliza el plazo para que los centros escolares de Educaci\u00f3n Primaria de la ciudad se presentan al XVII Concurso Dibuja Pamplona","isPartOf":{"@id":"https:\/\/www.laguiadepamplona.com\/actualidad\/#website"},"primaryImageOfPage":{"@id":"https:\/\/www.laguiadepamplona.com\/actualidad\/el-17-de-abril-finaliza-el-plazo-para-que-los-centros-escolares-de-educacion-primaria-de-la-ciudad-se-presentan-al-xvii-concurso-dibuja-pamplona\/#primaryimage"},"image":{"@id":"https:\/\/www.laguiadepamplona.com\/actualidad\/el-17-de-abril-finaliza-el-plazo-para-que-los-centros-escolares-de-educacion-primaria-de-la-ciudad-se-presentan-al-xvii-concurso-dibuja-pamplona\/#primaryimage"},"thumbnailUrl":"https:\/\/www.laguiadepamplona.com\/actualidad\/wp-content\/uploads\/2023\/03\/concurso-dibuja-pamplona.webp","datePublished":"2023-03-29T10:32:58+00:00","dateModified":"2023-04-11T09:46:55+00:00","description":"Los centros participantes deber\u00e1n seleccionar a los alumnos y alumnas que participar\u00e1n en la fase final en la avenida de Carlos III el s\u00e1bado 6 de mayo","breadcrumb":{"@id":"https:\/\/www.laguiadepamplona.com\/actualidad\/el-17-de-abril-finaliza-el-plazo-para-que-los-centros-escolares-de-educacion-primaria-de-la-ciudad-se-presentan-al-xvii-concurso-dibuja-pamplona\/#breadcrumb"},"inLanguage":"es","potentialAction":[{"@type":"ReadAction","target":["https:\/\/www.laguiadepamplona.com\/actualidad\/el-17-de-abril-finaliza-el-plazo-para-que-los-centros-escolares-de-educacion-primaria-de-la-ciudad-se-presentan-al-xvii-concurso-dibuja-pamplona\/"]}]},{"@type":"ImageObject","inLanguage":"es","@id":"https:\/\/www.laguiadepamplona.com\/actualidad\/el-17-de-abril-finaliza-el-plazo-para-que-los-centros-escolares-de-educacion-primaria-de-la-ciudad-se-presentan-al-xvii-concurso-dibuja-pamplona\/#primaryimage","url":"https:\/\/www.laguiadepamplona.com\/actualidad\/wp-content\/uploads\/2023\/03\/concurso-dibuja-pamplona.webp","contentUrl":"https:\/\/www.laguiadepamplona.com\/actualidad\/wp-content\/uploads\/2023\/03\/concurso-dibuja-pamplona.webp","width":1920,"height":1440},{"@type":"BreadcrumbList","@id":"https:\/\/www.laguiadepamplona.com\/actualidad\/el-17-de-abril-finaliza-el-plazo-para-que-los-centros-escolares-de-educacion-primaria-de-la-ciudad-se-presentan-al-xvii-concurso-dibuja-pamplona\/#breadcrumb","itemListElement":[{"@type":"ListItem","position":1,"name":"Portada","item":"https:\/\/www.laguiadepamplona.com\/actualidad\/"},{"@type":"ListItem","position":2,"name":"El 17 de abril finaliza el plazo para que los centros escolares de Educaci\u00f3n Primaria de la ciudad se presentan al XVII Concurso Dibuja Pamplona"}]},{"@type":"WebSite","@id":"https:\/\/www.laguiadepamplona.com\/actualidad\/#website","url":"https:\/\/www.laguiadepamplona.com\/actualidad\/","name":"La gu\u00eda de Pamplona","description":"Noticias de Pamplona","publisher":{"@id":"https:\/\/www.laguiadepamplona.com\/actualidad\/#organization"},"potentialAction":[{"@type":"SearchAction","target":{"@type":"EntryPoint","urlTemplate":"https:\/\/www.laguiadepamplona.com\/actualidad\/?s={search_term_string}"},"query-input":{"@type":"PropertyValueSpecification","valueRequired":true,"valueName":"search_term_string"}}],"inLanguage":"es"},{"@type":"Organization","@id":"https:\/\/www.laguiadepamplona.com\/actualidad\/#organization","name":"La Gu\u00eda de Pamplona \/ Noticias","url":"https:\/\/www.laguiadepamplona.com\/actualidad\/","logo":{"@type":"ImageObject","inLanguage":"es","@id":"https:\/\/www.laguiadepamplona.com\/actualidad\/#\/schema\/logo\/image\/","url":"https:\/\/www.laguiadepamplona.com\/actualidad\/wp-content\/uploads\/2018\/11\/logo-laguiadepamplona18-web1.png","contentUrl":"https:\/\/www.laguiadepamplona.com\/actualidad\/wp-content\/uploads\/2018\/11\/logo-laguiadepamplona18-web1.png","width":600,"height":196,"caption":"La Gu\u00eda de Pamplona \/ Noticias"},"image":{"@id":"https:\/\/www.laguiadepamplona.com\/actualidad\/#\/schema\/logo\/image\/"},"sameAs":["https:\/\/www.facebook.com\/laguiadepamplonacom-133175176762273\/?ref=hl","https:\/\/x.com\/LaGuiadPamplona","https:\/\/www.instagram.com\/la_guia_de_pamplona\/","https:\/\/www.youtube.com\/user\/laguiadepamplona"]},{"@type":"Person","@id":"https:\/\/www.laguiadepamplona.com\/actualidad\/#\/schema\/person\/efe887376f0213d4657c93adc50b1fdb","name":"La Gu\u00eda de Pamplona","image":{"@type":"ImageObject","inLanguage":"es","@id":"https:\/\/secure.gravatar.com\/avatar\/b6992f131dc8d30ab0dff15446e9d346d9dbd95992de0fef795073f5ea83a81c?s=96&d=mm&r=g","url":"https:\/\/secure.gravatar.com\/avatar\/b6992f131dc8d30ab0dff15446e9d346d9dbd95992de0fef795073f5ea83a81c?s=96&d=mm&r=g","contentUrl":"https:\/\/secure.gravatar.com\/avatar\/b6992f131dc8d30ab0dff15446e9d346d9dbd95992de0fef795073f5ea83a81c?s=96&d=mm&r=g","caption":"La Gu\u00eda de Pamplona"}}]}},"post_mailing_queue_ids":[],"_links":{"self":[{"href":"https:\/\/www.laguiadepamplona.com\/actualidad\/wp-json\/wp\/v2\/posts\/43347","targetHints":{"allow":["GET"]}}],"collection":[{"href":"https:\/\/www.laguiadepamplona.com\/actualidad\/wp-json\/wp\/v2\/posts"}],"about":[{"href":"https:\/\/www.laguiadepamplona.com\/actualidad\/wp-json\/wp\/v2\/types\/post"}],"author":[{"embeddable":true,"href":"https:\/\/www.laguiadepamplona.com\/actualidad\/wp-json\/wp\/v2\/users\/1"}],"replies":[{"embeddable":true,"href":"https:\/\/www.laguiadepamplona.com\/actualidad\/wp-json\/wp\/v2\/comments?post=43347"}],"version-history":[{"count":0,"href":"https:\/\/www.laguiadepamplona.com\/actualidad\/wp-json\/wp\/v2\/posts\/43347\/revisions"}],"wp:featuredmedia":[{"embeddable":true,"href":"https:\/\/www.laguiadepamplona.com\/actualidad\/wp-json\/wp\/v2\/media\/43348"}],"wp:attachment":[{"href":"https:\/\/www.laguiadepamplona.com\/actualidad\/wp-json\/wp\/v2\/media?parent=43347"}],"wp:term":[{"taxonomy":"category","embeddable":true,"href":"https:\/\/www.laguiadepamplona.com\/actualidad\/wp-json\/wp\/v2\/categories?post=43347"},{"taxonomy":"post_tag","embeddable":true,"href":"https:\/\/www.laguiadepamplona.com\/actualidad\/wp-json\/wp\/v2\/tags?post=43347"}],"curies":[{"name":"wp","href":"https:\/\/api.w.org\/{rel}","templated":true}]}}