{"id":43345,"date":"2023-03-29T12:30:45","date_gmt":"2023-03-29T10:30:45","guid":{"rendered":"https:\/\/www.laguiadepamplona.com\/actualidad\/?p=43345"},"modified":"2023-04-11T11:46:55","modified_gmt":"2023-04-11T09:46:55","slug":"el-fortin-de-san-bartolome-ofrece-160-plazas-en-actividades-infantiles-gratuitas-para-las-vacaciones-de-semana-santa","status":"publish","type":"post","link":"https:\/\/www.laguiadepamplona.com\/actualidad\/el-fortin-de-san-bartolome-ofrece-160-plazas-en-actividades-infantiles-gratuitas-para-las-vacaciones-de-semana-santa\/","title":{"rendered":"El Fort\u00edn de San Bartolom\u00e9 ofrece 160 plazas en actividades infantiles gratuitas para las vacaciones de Semana Santa"},"content":{"rendered":"<h5>El Centro de Interpretaci\u00f3n de las Fortificaciones de Pamplona abre sus puertas el pr\u00f3ximo 1 de abril y podr\u00e1 visitarse hasta el 30 de junio<\/h5>\n<p><!--more--><\/p>\n<p>El Fort\u00edn de San Bartolom\u00e9 abrir\u00e1 sus puertas el pr\u00f3ximo s\u00e1bado 1 de abril con una oferta de actividades especiales para que ni\u00f1os y ni\u00f1as tengan propuestas de ocio en torno a las fortificaciones de la ciudad en esta Semana Santa. Del 1 al 16 de abril se ofertan 160 plazas en actividades para menores acompa\u00f1ados en tres modalidades diferentes: visitas guiadas teatralizada al centro (3), gymcana (2) y el juego de pistas con actor \u2018El robo del c\u00e1liz\u2019 (3).<\/p>\n<p>Las propuestas se desarrollar\u00e1n en grupos de 20 (sin contar a personas adultas responsables) y, aunque se mantendr\u00e1 abiertos los grupos hasta una hora antes del inicio, ya est\u00e1 abierta la reserva a trav\u00e9s del enlace <a href=\"https:\/\/ayuntamientopamplona.sacatuentrada.es\/es\/entradas\/\" target=\"_blank\" rel=\"noopener\">https:\/\/ayuntamientopamplona.sacatuentrada.es\/es\/entradas\/<\/a>. Todas las actividades para menores hasta 14 a\u00f1os son gratuitas. S\u00ed hay precios para otras edades: j\u00f3venes de 15 a 17 a\u00f1os, 3 euros por plaza y adultos, 5 euros por actividad. En ambos casos con la <a href=\"https:\/\/www.pamplona.es\/turismo\/pic\" target=\"_blank\" rel=\"noopener\">Pamplona Iru\u00f1a Card<\/a>, un euros menos.<br \/>\n<script async src=\"\/\/pagead2.googlesyndication.com\/pagead\/js\/adsbygoogle.js\"><\/script><br \/>\n<!-- Noticias La Guia de Pamplona --><br \/>\n<ins class=\"adsbygoogle\"\nstyle=\"display:block\"\ndata-ad-client=\"ca-pub-6943679897239327\"\ndata-ad-slot=\"7048180777\"\ndata-ad-format=\"auto\"><\/ins><br \/>\n<script>\n(adsbygoogle = window.adsbygoogle || []).push({});\n<\/script><\/p>\n<p>Adem\u00e1s, en estas vacaciones se mantiene la posibilidad de visitas libres a las cuatro casernas del centro interactivo de interpretaci\u00f3n de las fortificaciones que ilustran el estatus de \u2018Plaza fuerte\u2019 de la ciudad a lo largo de la historia y su influencia en el mundo. Tambi\u00e9n es la libre participaci\u00f3n en el <em>escape street<\/em> \u2018El bloqueo de Pamplona\u2019. Este \u00faltimo es un juego de ingenio interactivo de acertijos y pistas que se desarrolla a trav\u00e9s de tel\u00e9fono m\u00f3vil con conexi\u00f3n a Internet. Los \u00fanicos requisitos para jugar son mantener un correo electr\u00f3nico y tener activada la localizaci\u00f3n del dispositivo.<\/p>\n<p>El Fort\u00edn es un elemento del sistema amurallado de Pamplona que data del siglo XVIII y est\u00e1 declarado Bien de Inter\u00e9s Cultural. Su horario desde este s\u00e1bado, que se extender\u00e1 hasta el 30 de junio, ser\u00e1 de lunes a s\u00e1bado de 1 a 14 horas y de 16 a 19 horas, y los domingos de 11 a 14 horas.<br \/>\n<script async src=\"\/\/pagead2.googlesyndication.com\/pagead\/js\/adsbygoogle.js\"><\/script><br \/>\n<!-- Noticias La Guia de Pamplona --><br \/>\n<ins class=\"adsbygoogle\"\nstyle=\"display:block\"\ndata-ad-client=\"ca-pub-6943679897239327\"\ndata-ad-slot=\"7048180777\"\ndata-ad-format=\"auto\"><\/ins><br \/>\n<script>\n(adsbygoogle = window.adsbygoogle || []).push({});\n<\/script><\/p>\n<p><strong>Visita guiada-teatralizada al Fort\u00edn: s\u00e1bado, 12 horas<\/strong><\/p>\n<p>Este pr\u00f3ximo s\u00e1bado 1 de abril comenzar\u00e1n las actividades en el Fort\u00edn con la primera sesi\u00f3n de tres visitas guiadas y teatralizadas en castellano al Centro de Interpretaci\u00f3n de las Fortificaciones que tambi\u00e9n tendr\u00e1n lugar los s\u00e1bados 8 y 15 de abril.<\/p>\n<p>Prevista para menores de 7 a 14 a\u00f1os acompa\u00f1ados, el soldado Urrutia, caracterizado de \u00e9poca, completar\u00e1 en 60 minutos un recorrido a las cuatro casernas que albergan materiales did\u00e1cticos explicando de forma did\u00e1ctica sus contenidos. Tambi\u00e9n se podr\u00e1 visitar, por el inter\u00e9s de su configuraci\u00f3n, desde su patio de herradura hasta la subida a la pradera superior que domina el r\u00edo y la Magdalena. En la actividad se comparar\u00e1n las unidades de medida del siglo XVIII con las actuales, se conocer\u00e1 como funcionaba el sistema de carga y disparo de los ca\u00f1ones y se podr\u00e1n ver muestras de su munici\u00f3n (bola\u00f1os).<\/p>\n<p>Adem\u00e1s, se recorrer\u00e1n las casernas\/ b\u00f3vedas a prueba de bomba analizando las estrategias defensivas y la evoluci\u00f3n del armamento en los sitios de las modernas ciudadelas; el car\u00e1cter de como \u2018Plaza fuerte\u2019 de Pamplona y su influencia en la vida diaria de sus habitantes y c\u00f3mo, los avances que las diferentes escuelas europeas de fortificaci\u00f3n realizaron en Pamplona, \u2018viajaron\u2019 allende los mares, hasta el Cono Sur o Filipinas.<br \/>\n<script async src=\"\/\/pagead2.googlesyndication.com\/pagead\/js\/adsbygoogle.js\"><\/script><br \/>\n<!-- Noticias La Guia de Pamplona --><br \/>\n<ins class=\"adsbygoogle\"\nstyle=\"display:block\"\ndata-ad-client=\"ca-pub-6943679897239327\"\ndata-ad-slot=\"7048180777\"\ndata-ad-format=\"auto\"><\/ins><br \/>\n<script>\n(adsbygoogle = window.adsbygoogle || []).push({});\n<\/script><\/p>\n<p><strong>\u2018El robo del c\u00e1liz\u2019: domingos, 11 horas<\/strong><\/p>\n<p>\u2018El Robo del C\u00e1liz\u2019 es un juego de pistas teatralizado desarrollado por el Ayuntamiento de Pamplona ambientado en el Camino de Santiago en la \u00e9poca medieval (s XV). Los d\u00edas 2 y 16 de abril se ofrecer\u00e1 en castellano y el 9 de abril en euskera, siempre a las 11 de la ma\u00f1ana. El juego comienza en el propio Fort\u00edn y se extiende por el Casco Antiguo hasta Taconera, con una duraci\u00f3n prevista de 120 minutos.<\/p>\n<p>El caballero Andr\u00e9s del Cerro, de la Orden del Lebrel Blanco ser\u00e1 el gu\u00eda en la b\u00fasqueda del importante recipiente y del ladr\u00f3n mediante pruebas de ingenio que habr\u00e1 que resolver conect\u00e1ndose a una app a trav\u00e9s del tel\u00e9fono m\u00f3vil y usando sus sistemas de geolocalizaci\u00f3n. La actividad est\u00e1 recomendada para menores de 7 a 14 a\u00f1os.<br \/>\n<script async src=\"\/\/pagead2.googlesyndication.com\/pagead\/js\/adsbygoogle.js\"><\/script><br \/>\n<!-- Noticias La Guia de Pamplona --><br \/>\n<ins class=\"adsbygoogle\"\nstyle=\"display:block\"\ndata-ad-client=\"ca-pub-6943679897239327\"\ndata-ad-slot=\"7048180777\"\ndata-ad-format=\"auto\"><\/ins><br \/>\n<script>\n(adsbygoogle = window.adsbygoogle || []).push({});\n<\/script><\/p>\n<p><strong>Un juego de pistas: viernes, 18 horas<\/strong><\/p>\n<p>Esta actividad se plantea como un yincana en el interior del fuerte avanzado. En el Fort\u00edn hay escondido un elemento que ni\u00f1as y ni\u00f1os deben buscar, una maqueta de una torre a la que solo podr\u00e1n llegar siguiendo fielmente y en su orden las pistas que recoge una gu\u00eda de preguntas. Por el camino, quienes participen ir\u00e1n conociendo el contenido de la exposici\u00f3n permanente. El equipo ganador tendr\u00e1 como premio una maqueta de Fort\u00edn y un diploma. Se admitir\u00e1 un m\u00e1ximo de cinco participantes por equipo.<\/p>\n<p>Lo programado son dos tandas de la actividad (40 plazas por grupo) que tendr\u00e1n lugar los d\u00edas 7 y 14 de abril a las 18 horas, la primera en castellano y la segunda en euskera. Est\u00e1 previsto que la duraci\u00f3n de cada sesi\u00f3n sea de 60 minutos y dise\u00f1ada para ni\u00f1os y ni\u00f1as de 7 a 14 a\u00f1os.<\/p>\n","protected":false},"excerpt":{"rendered":"<p>El Centro de Interpretaci\u00f3n de las Fortificaciones de Pamplona abre sus puertas el pr\u00f3ximo 1 de abril y podr\u00e1 visitarse hasta el 30 de junio<\/p>\n","protected":false},"author":1,"featured_media":31247,"comment_status":"open","ping_status":"closed","sticky":false,"template":"","format":"standard","meta":{"footnotes":""},"categories":[2],"tags":[],"class_list":["post-43345","post","type-post","status-publish","format-standard","has-post-thumbnail","hentry","category-ayuntamiento-pamplona"],"yoast_head":"<!-- This site is optimized with the Yoast SEO plugin v27.3 - https:\/\/yoast.com\/product\/yoast-seo-wordpress\/ -->\n<title>El Fort\u00edn de San Bartolom\u00e9 ofrece 160 plazas en actividades infantiles gratuitas para las vacaciones de Semana Santa<\/title>\n<meta name=\"description\" content=\"El Centro de Interpretaci\u00f3n de las Fortificaciones de Pamplona abre sus puertas el pr\u00f3ximo 1 de abril y podr\u00e1 visitarse hasta el 30 de junio\" \/>\n<meta name=\"robots\" content=\"index, follow, max-snippet:-1, max-image-preview:large, max-video-preview:-1\" \/>\n<link rel=\"canonical\" href=\"https:\/\/www.laguiadepamplona.com\/actualidad\/el-fortin-de-san-bartolome-ofrece-160-plazas-en-actividades-infantiles-gratuitas-para-las-vacaciones-de-semana-santa\/\" \/>\n<meta property=\"og:locale\" content=\"es_ES\" \/>\n<meta property=\"og:type\" content=\"article\" \/>\n<meta property=\"og:title\" content=\"El Fort\u00edn de San Bartolom\u00e9 ofrece 160 plazas en actividades infantiles gratuitas para las vacaciones de Semana Santa\" \/>\n<meta property=\"og:description\" content=\"El Centro de Interpretaci\u00f3n de las Fortificaciones de Pamplona abre sus puertas el pr\u00f3ximo 1 de abril y podr\u00e1 visitarse hasta el 30 de junio\" \/>\n<meta property=\"og:url\" content=\"https:\/\/www.laguiadepamplona.com\/actualidad\/el-fortin-de-san-bartolome-ofrece-160-plazas-en-actividades-infantiles-gratuitas-para-las-vacaciones-de-semana-santa\/\" \/>\n<meta property=\"og:site_name\" content=\"La Gu\u00eda de Pamplona\" \/>\n<meta property=\"article:publisher\" content=\"https:\/\/www.facebook.com\/laguiadepamplonacom-133175176762273\/?ref=hl\" \/>\n<meta property=\"article:published_time\" content=\"2023-03-29T10:30:45+00:00\" \/>\n<meta property=\"article:modified_time\" content=\"2023-04-11T09:46:55+00:00\" \/>\n<meta property=\"og:image\" content=\"https:\/\/www.laguiadepamplona.com\/actualidad\/wp-content\/uploads\/2020\/08\/reapertura-fortin-san-bartolome1.jpg\" \/>\n\t<meta property=\"og:image:width\" content=\"1920\" \/>\n\t<meta property=\"og:image:height\" content=\"1280\" \/>\n\t<meta property=\"og:image:type\" content=\"image\/jpeg\" \/>\n<meta name=\"author\" content=\"La Gu\u00eda de Pamplona\" \/>\n<meta name=\"twitter:card\" content=\"summary_large_image\" \/>\n<meta name=\"twitter:creator\" content=\"@LaGuiadPamplona\" \/>\n<meta name=\"twitter:site\" content=\"@LaGuiadPamplona\" \/>\n<meta name=\"twitter:label1\" content=\"Escrito por\" \/>\n\t<meta name=\"twitter:data1\" content=\"La Gu\u00eda de Pamplona\" \/>\n\t<meta name=\"twitter:label2\" content=\"Tiempo de lectura\" \/>\n\t<meta name=\"twitter:data2\" content=\"4 minutos\" \/>\n<script type=\"application\/ld+json\" class=\"yoast-schema-graph\">{\"@context\":\"https:\\\/\\\/schema.org\",\"@graph\":[{\"@type\":\"Article\",\"@id\":\"https:\\\/\\\/www.laguiadepamplona.com\\\/actualidad\\\/el-fortin-de-san-bartolome-ofrece-160-plazas-en-actividades-infantiles-gratuitas-para-las-vacaciones-de-semana-santa\\\/#article\",\"isPartOf\":{\"@id\":\"https:\\\/\\\/www.laguiadepamplona.com\\\/actualidad\\\/el-fortin-de-san-bartolome-ofrece-160-plazas-en-actividades-infantiles-gratuitas-para-las-vacaciones-de-semana-santa\\\/\"},\"author\":{\"name\":\"La Gu\u00eda de Pamplona\",\"@id\":\"https:\\\/\\\/www.laguiadepamplona.com\\\/actualidad\\\/#\\\/schema\\\/person\\\/efe887376f0213d4657c93adc50b1fdb\"},\"headline\":\"El Fort\u00edn de San Bartolom\u00e9 ofrece 160 plazas en actividades infantiles gratuitas para las vacaciones de Semana Santa\",\"datePublished\":\"2023-03-29T10:30:45+00:00\",\"dateModified\":\"2023-04-11T09:46:55+00:00\",\"mainEntityOfPage\":{\"@id\":\"https:\\\/\\\/www.laguiadepamplona.com\\\/actualidad\\\/el-fortin-de-san-bartolome-ofrece-160-plazas-en-actividades-infantiles-gratuitas-para-las-vacaciones-de-semana-santa\\\/\"},\"wordCount\":923,\"commentCount\":0,\"publisher\":{\"@id\":\"https:\\\/\\\/www.laguiadepamplona.com\\\/actualidad\\\/#organization\"},\"image\":{\"@id\":\"https:\\\/\\\/www.laguiadepamplona.com\\\/actualidad\\\/el-fortin-de-san-bartolome-ofrece-160-plazas-en-actividades-infantiles-gratuitas-para-las-vacaciones-de-semana-santa\\\/#primaryimage\"},\"thumbnailUrl\":\"https:\\\/\\\/www.laguiadepamplona.com\\\/actualidad\\\/wp-content\\\/uploads\\\/2020\\\/08\\\/reapertura-fortin-san-bartolome1.jpg\",\"articleSection\":[\"Ayto Pamplona\"],\"inLanguage\":\"es\",\"potentialAction\":[{\"@type\":\"CommentAction\",\"name\":\"Comment\",\"target\":[\"https:\\\/\\\/www.laguiadepamplona.com\\\/actualidad\\\/el-fortin-de-san-bartolome-ofrece-160-plazas-en-actividades-infantiles-gratuitas-para-las-vacaciones-de-semana-santa\\\/#respond\"]}]},{\"@type\":\"WebPage\",\"@id\":\"https:\\\/\\\/www.laguiadepamplona.com\\\/actualidad\\\/el-fortin-de-san-bartolome-ofrece-160-plazas-en-actividades-infantiles-gratuitas-para-las-vacaciones-de-semana-santa\\\/\",\"url\":\"https:\\\/\\\/www.laguiadepamplona.com\\\/actualidad\\\/el-fortin-de-san-bartolome-ofrece-160-plazas-en-actividades-infantiles-gratuitas-para-las-vacaciones-de-semana-santa\\\/\",\"name\":\"El Fort\u00edn de San Bartolom\u00e9 ofrece 160 plazas en actividades infantiles gratuitas para las vacaciones de Semana Santa\",\"isPartOf\":{\"@id\":\"https:\\\/\\\/www.laguiadepamplona.com\\\/actualidad\\\/#website\"},\"primaryImageOfPage\":{\"@id\":\"https:\\\/\\\/www.laguiadepamplona.com\\\/actualidad\\\/el-fortin-de-san-bartolome-ofrece-160-plazas-en-actividades-infantiles-gratuitas-para-las-vacaciones-de-semana-santa\\\/#primaryimage\"},\"image\":{\"@id\":\"https:\\\/\\\/www.laguiadepamplona.com\\\/actualidad\\\/el-fortin-de-san-bartolome-ofrece-160-plazas-en-actividades-infantiles-gratuitas-para-las-vacaciones-de-semana-santa\\\/#primaryimage\"},\"thumbnailUrl\":\"https:\\\/\\\/www.laguiadepamplona.com\\\/actualidad\\\/wp-content\\\/uploads\\\/2020\\\/08\\\/reapertura-fortin-san-bartolome1.jpg\",\"datePublished\":\"2023-03-29T10:30:45+00:00\",\"dateModified\":\"2023-04-11T09:46:55+00:00\",\"description\":\"El Centro de Interpretaci\u00f3n de las Fortificaciones de Pamplona abre sus puertas el pr\u00f3ximo 1 de abril y podr\u00e1 visitarse hasta el 30 de junio\",\"breadcrumb\":{\"@id\":\"https:\\\/\\\/www.laguiadepamplona.com\\\/actualidad\\\/el-fortin-de-san-bartolome-ofrece-160-plazas-en-actividades-infantiles-gratuitas-para-las-vacaciones-de-semana-santa\\\/#breadcrumb\"},\"inLanguage\":\"es\",\"potentialAction\":[{\"@type\":\"ReadAction\",\"target\":[\"https:\\\/\\\/www.laguiadepamplona.com\\\/actualidad\\\/el-fortin-de-san-bartolome-ofrece-160-plazas-en-actividades-infantiles-gratuitas-para-las-vacaciones-de-semana-santa\\\/\"]}]},{\"@type\":\"ImageObject\",\"inLanguage\":\"es\",\"@id\":\"https:\\\/\\\/www.laguiadepamplona.com\\\/actualidad\\\/el-fortin-de-san-bartolome-ofrece-160-plazas-en-actividades-infantiles-gratuitas-para-las-vacaciones-de-semana-santa\\\/#primaryimage\",\"url\":\"https:\\\/\\\/www.laguiadepamplona.com\\\/actualidad\\\/wp-content\\\/uploads\\\/2020\\\/08\\\/reapertura-fortin-san-bartolome1.jpg\",\"contentUrl\":\"https:\\\/\\\/www.laguiadepamplona.com\\\/actualidad\\\/wp-content\\\/uploads\\\/2020\\\/08\\\/reapertura-fortin-san-bartolome1.jpg\",\"width\":1920,\"height\":1280},{\"@type\":\"BreadcrumbList\",\"@id\":\"https:\\\/\\\/www.laguiadepamplona.com\\\/actualidad\\\/el-fortin-de-san-bartolome-ofrece-160-plazas-en-actividades-infantiles-gratuitas-para-las-vacaciones-de-semana-santa\\\/#breadcrumb\",\"itemListElement\":[{\"@type\":\"ListItem\",\"position\":1,\"name\":\"Portada\",\"item\":\"https:\\\/\\\/www.laguiadepamplona.com\\\/actualidad\\\/\"},{\"@type\":\"ListItem\",\"position\":2,\"name\":\"El Fort\u00edn de San Bartolom\u00e9 ofrece 160 plazas en actividades infantiles gratuitas para las vacaciones de Semana Santa\"}]},{\"@type\":\"WebSite\",\"@id\":\"https:\\\/\\\/www.laguiadepamplona.com\\\/actualidad\\\/#website\",\"url\":\"https:\\\/\\\/www.laguiadepamplona.com\\\/actualidad\\\/\",\"name\":\"La gu\u00eda de Pamplona\",\"description\":\"Noticias de Pamplona\",\"publisher\":{\"@id\":\"https:\\\/\\\/www.laguiadepamplona.com\\\/actualidad\\\/#organization\"},\"potentialAction\":[{\"@type\":\"SearchAction\",\"target\":{\"@type\":\"EntryPoint\",\"urlTemplate\":\"https:\\\/\\\/www.laguiadepamplona.com\\\/actualidad\\\/?s={search_term_string}\"},\"query-input\":{\"@type\":\"PropertyValueSpecification\",\"valueRequired\":true,\"valueName\":\"search_term_string\"}}],\"inLanguage\":\"es\"},{\"@type\":\"Organization\",\"@id\":\"https:\\\/\\\/www.laguiadepamplona.com\\\/actualidad\\\/#organization\",\"name\":\"La Gu\u00eda de Pamplona \\\/ Noticias\",\"url\":\"https:\\\/\\\/www.laguiadepamplona.com\\\/actualidad\\\/\",\"logo\":{\"@type\":\"ImageObject\",\"inLanguage\":\"es\",\"@id\":\"https:\\\/\\\/www.laguiadepamplona.com\\\/actualidad\\\/#\\\/schema\\\/logo\\\/image\\\/\",\"url\":\"https:\\\/\\\/www.laguiadepamplona.com\\\/actualidad\\\/wp-content\\\/uploads\\\/2018\\\/11\\\/logo-laguiadepamplona18-web1.png\",\"contentUrl\":\"https:\\\/\\\/www.laguiadepamplona.com\\\/actualidad\\\/wp-content\\\/uploads\\\/2018\\\/11\\\/logo-laguiadepamplona18-web1.png\",\"width\":600,\"height\":196,\"caption\":\"La Gu\u00eda de Pamplona \\\/ Noticias\"},\"image\":{\"@id\":\"https:\\\/\\\/www.laguiadepamplona.com\\\/actualidad\\\/#\\\/schema\\\/logo\\\/image\\\/\"},\"sameAs\":[\"https:\\\/\\\/www.facebook.com\\\/laguiadepamplonacom-133175176762273\\\/?ref=hl\",\"https:\\\/\\\/x.com\\\/LaGuiadPamplona\",\"https:\\\/\\\/www.instagram.com\\\/la_guia_de_pamplona\\\/\",\"https:\\\/\\\/www.youtube.com\\\/user\\\/laguiadepamplona\"]},{\"@type\":\"Person\",\"@id\":\"https:\\\/\\\/www.laguiadepamplona.com\\\/actualidad\\\/#\\\/schema\\\/person\\\/efe887376f0213d4657c93adc50b1fdb\",\"name\":\"La Gu\u00eda de Pamplona\",\"image\":{\"@type\":\"ImageObject\",\"inLanguage\":\"es\",\"@id\":\"https:\\\/\\\/secure.gravatar.com\\\/avatar\\\/b6992f131dc8d30ab0dff15446e9d346d9dbd95992de0fef795073f5ea83a81c?s=96&d=mm&r=g\",\"url\":\"https:\\\/\\\/secure.gravatar.com\\\/avatar\\\/b6992f131dc8d30ab0dff15446e9d346d9dbd95992de0fef795073f5ea83a81c?s=96&d=mm&r=g\",\"contentUrl\":\"https:\\\/\\\/secure.gravatar.com\\\/avatar\\\/b6992f131dc8d30ab0dff15446e9d346d9dbd95992de0fef795073f5ea83a81c?s=96&d=mm&r=g\",\"caption\":\"La Gu\u00eda de Pamplona\"}}]}<\/script>\n<!-- \/ Yoast SEO plugin. -->","yoast_head_json":{"title":"El Fort\u00edn de San Bartolom\u00e9 ofrece 160 plazas en actividades infantiles gratuitas para las vacaciones de Semana Santa","description":"El Centro de Interpretaci\u00f3n de las Fortificaciones de Pamplona abre sus puertas el pr\u00f3ximo 1 de abril y podr\u00e1 visitarse hasta el 30 de junio","robots":{"index":"index","follow":"follow","max-snippet":"max-snippet:-1","max-image-preview":"max-image-preview:large","max-video-preview":"max-video-preview:-1"},"canonical":"https:\/\/www.laguiadepamplona.com\/actualidad\/el-fortin-de-san-bartolome-ofrece-160-plazas-en-actividades-infantiles-gratuitas-para-las-vacaciones-de-semana-santa\/","og_locale":"es_ES","og_type":"article","og_title":"El Fort\u00edn de San Bartolom\u00e9 ofrece 160 plazas en actividades infantiles gratuitas para las vacaciones de Semana Santa","og_description":"El Centro de Interpretaci\u00f3n de las Fortificaciones de Pamplona abre sus puertas el pr\u00f3ximo 1 de abril y podr\u00e1 visitarse hasta el 30 de junio","og_url":"https:\/\/www.laguiadepamplona.com\/actualidad\/el-fortin-de-san-bartolome-ofrece-160-plazas-en-actividades-infantiles-gratuitas-para-las-vacaciones-de-semana-santa\/","og_site_name":"La Gu\u00eda de Pamplona","article_publisher":"https:\/\/www.facebook.com\/laguiadepamplonacom-133175176762273\/?ref=hl","article_published_time":"2023-03-29T10:30:45+00:00","article_modified_time":"2023-04-11T09:46:55+00:00","og_image":[{"width":1920,"height":1280,"url":"https:\/\/www.laguiadepamplona.com\/actualidad\/wp-content\/uploads\/2020\/08\/reapertura-fortin-san-bartolome1.jpg","type":"image\/jpeg"}],"author":"La Gu\u00eda de Pamplona","twitter_card":"summary_large_image","twitter_creator":"@LaGuiadPamplona","twitter_site":"@LaGuiadPamplona","twitter_misc":{"Escrito por":"La Gu\u00eda de Pamplona","Tiempo de lectura":"4 minutos"},"schema":{"@context":"https:\/\/schema.org","@graph":[{"@type":"Article","@id":"https:\/\/www.laguiadepamplona.com\/actualidad\/el-fortin-de-san-bartolome-ofrece-160-plazas-en-actividades-infantiles-gratuitas-para-las-vacaciones-de-semana-santa\/#article","isPartOf":{"@id":"https:\/\/www.laguiadepamplona.com\/actualidad\/el-fortin-de-san-bartolome-ofrece-160-plazas-en-actividades-infantiles-gratuitas-para-las-vacaciones-de-semana-santa\/"},"author":{"name":"La Gu\u00eda de Pamplona","@id":"https:\/\/www.laguiadepamplona.com\/actualidad\/#\/schema\/person\/efe887376f0213d4657c93adc50b1fdb"},"headline":"El Fort\u00edn de San Bartolom\u00e9 ofrece 160 plazas en actividades infantiles gratuitas para las vacaciones de Semana Santa","datePublished":"2023-03-29T10:30:45+00:00","dateModified":"2023-04-11T09:46:55+00:00","mainEntityOfPage":{"@id":"https:\/\/www.laguiadepamplona.com\/actualidad\/el-fortin-de-san-bartolome-ofrece-160-plazas-en-actividades-infantiles-gratuitas-para-las-vacaciones-de-semana-santa\/"},"wordCount":923,"commentCount":0,"publisher":{"@id":"https:\/\/www.laguiadepamplona.com\/actualidad\/#organization"},"image":{"@id":"https:\/\/www.laguiadepamplona.com\/actualidad\/el-fortin-de-san-bartolome-ofrece-160-plazas-en-actividades-infantiles-gratuitas-para-las-vacaciones-de-semana-santa\/#primaryimage"},"thumbnailUrl":"https:\/\/www.laguiadepamplona.com\/actualidad\/wp-content\/uploads\/2020\/08\/reapertura-fortin-san-bartolome1.jpg","articleSection":["Ayto Pamplona"],"inLanguage":"es","potentialAction":[{"@type":"CommentAction","name":"Comment","target":["https:\/\/www.laguiadepamplona.com\/actualidad\/el-fortin-de-san-bartolome-ofrece-160-plazas-en-actividades-infantiles-gratuitas-para-las-vacaciones-de-semana-santa\/#respond"]}]},{"@type":"WebPage","@id":"https:\/\/www.laguiadepamplona.com\/actualidad\/el-fortin-de-san-bartolome-ofrece-160-plazas-en-actividades-infantiles-gratuitas-para-las-vacaciones-de-semana-santa\/","url":"https:\/\/www.laguiadepamplona.com\/actualidad\/el-fortin-de-san-bartolome-ofrece-160-plazas-en-actividades-infantiles-gratuitas-para-las-vacaciones-de-semana-santa\/","name":"El Fort\u00edn de San Bartolom\u00e9 ofrece 160 plazas en actividades infantiles gratuitas para las vacaciones de Semana Santa","isPartOf":{"@id":"https:\/\/www.laguiadepamplona.com\/actualidad\/#website"},"primaryImageOfPage":{"@id":"https:\/\/www.laguiadepamplona.com\/actualidad\/el-fortin-de-san-bartolome-ofrece-160-plazas-en-actividades-infantiles-gratuitas-para-las-vacaciones-de-semana-santa\/#primaryimage"},"image":{"@id":"https:\/\/www.laguiadepamplona.com\/actualidad\/el-fortin-de-san-bartolome-ofrece-160-plazas-en-actividades-infantiles-gratuitas-para-las-vacaciones-de-semana-santa\/#primaryimage"},"thumbnailUrl":"https:\/\/www.laguiadepamplona.com\/actualidad\/wp-content\/uploads\/2020\/08\/reapertura-fortin-san-bartolome1.jpg","datePublished":"2023-03-29T10:30:45+00:00","dateModified":"2023-04-11T09:46:55+00:00","description":"El Centro de Interpretaci\u00f3n de las Fortificaciones de Pamplona abre sus puertas el pr\u00f3ximo 1 de abril y podr\u00e1 visitarse hasta el 30 de junio","breadcrumb":{"@id":"https:\/\/www.laguiadepamplona.com\/actualidad\/el-fortin-de-san-bartolome-ofrece-160-plazas-en-actividades-infantiles-gratuitas-para-las-vacaciones-de-semana-santa\/#breadcrumb"},"inLanguage":"es","potentialAction":[{"@type":"ReadAction","target":["https:\/\/www.laguiadepamplona.com\/actualidad\/el-fortin-de-san-bartolome-ofrece-160-plazas-en-actividades-infantiles-gratuitas-para-las-vacaciones-de-semana-santa\/"]}]},{"@type":"ImageObject","inLanguage":"es","@id":"https:\/\/www.laguiadepamplona.com\/actualidad\/el-fortin-de-san-bartolome-ofrece-160-plazas-en-actividades-infantiles-gratuitas-para-las-vacaciones-de-semana-santa\/#primaryimage","url":"https:\/\/www.laguiadepamplona.com\/actualidad\/wp-content\/uploads\/2020\/08\/reapertura-fortin-san-bartolome1.jpg","contentUrl":"https:\/\/www.laguiadepamplona.com\/actualidad\/wp-content\/uploads\/2020\/08\/reapertura-fortin-san-bartolome1.jpg","width":1920,"height":1280},{"@type":"BreadcrumbList","@id":"https:\/\/www.laguiadepamplona.com\/actualidad\/el-fortin-de-san-bartolome-ofrece-160-plazas-en-actividades-infantiles-gratuitas-para-las-vacaciones-de-semana-santa\/#breadcrumb","itemListElement":[{"@type":"ListItem","position":1,"name":"Portada","item":"https:\/\/www.laguiadepamplona.com\/actualidad\/"},{"@type":"ListItem","position":2,"name":"El Fort\u00edn de San Bartolom\u00e9 ofrece 160 plazas en actividades infantiles gratuitas para las vacaciones de Semana Santa"}]},{"@type":"WebSite","@id":"https:\/\/www.laguiadepamplona.com\/actualidad\/#website","url":"https:\/\/www.laguiadepamplona.com\/actualidad\/","name":"La gu\u00eda de Pamplona","description":"Noticias de Pamplona","publisher":{"@id":"https:\/\/www.laguiadepamplona.com\/actualidad\/#organization"},"potentialAction":[{"@type":"SearchAction","target":{"@type":"EntryPoint","urlTemplate":"https:\/\/www.laguiadepamplona.com\/actualidad\/?s={search_term_string}"},"query-input":{"@type":"PropertyValueSpecification","valueRequired":true,"valueName":"search_term_string"}}],"inLanguage":"es"},{"@type":"Organization","@id":"https:\/\/www.laguiadepamplona.com\/actualidad\/#organization","name":"La Gu\u00eda de Pamplona \/ Noticias","url":"https:\/\/www.laguiadepamplona.com\/actualidad\/","logo":{"@type":"ImageObject","inLanguage":"es","@id":"https:\/\/www.laguiadepamplona.com\/actualidad\/#\/schema\/logo\/image\/","url":"https:\/\/www.laguiadepamplona.com\/actualidad\/wp-content\/uploads\/2018\/11\/logo-laguiadepamplona18-web1.png","contentUrl":"https:\/\/www.laguiadepamplona.com\/actualidad\/wp-content\/uploads\/2018\/11\/logo-laguiadepamplona18-web1.png","width":600,"height":196,"caption":"La Gu\u00eda de Pamplona \/ Noticias"},"image":{"@id":"https:\/\/www.laguiadepamplona.com\/actualidad\/#\/schema\/logo\/image\/"},"sameAs":["https:\/\/www.facebook.com\/laguiadepamplonacom-133175176762273\/?ref=hl","https:\/\/x.com\/LaGuiadPamplona","https:\/\/www.instagram.com\/la_guia_de_pamplona\/","https:\/\/www.youtube.com\/user\/laguiadepamplona"]},{"@type":"Person","@id":"https:\/\/www.laguiadepamplona.com\/actualidad\/#\/schema\/person\/efe887376f0213d4657c93adc50b1fdb","name":"La Gu\u00eda de Pamplona","image":{"@type":"ImageObject","inLanguage":"es","@id":"https:\/\/secure.gravatar.com\/avatar\/b6992f131dc8d30ab0dff15446e9d346d9dbd95992de0fef795073f5ea83a81c?s=96&d=mm&r=g","url":"https:\/\/secure.gravatar.com\/avatar\/b6992f131dc8d30ab0dff15446e9d346d9dbd95992de0fef795073f5ea83a81c?s=96&d=mm&r=g","contentUrl":"https:\/\/secure.gravatar.com\/avatar\/b6992f131dc8d30ab0dff15446e9d346d9dbd95992de0fef795073f5ea83a81c?s=96&d=mm&r=g","caption":"La Gu\u00eda de Pamplona"}}]}},"post_mailing_queue_ids":[],"_links":{"self":[{"href":"https:\/\/www.laguiadepamplona.com\/actualidad\/wp-json\/wp\/v2\/posts\/43345","targetHints":{"allow":["GET"]}}],"collection":[{"href":"https:\/\/www.laguiadepamplona.com\/actualidad\/wp-json\/wp\/v2\/posts"}],"about":[{"href":"https:\/\/www.laguiadepamplona.com\/actualidad\/wp-json\/wp\/v2\/types\/post"}],"author":[{"embeddable":true,"href":"https:\/\/www.laguiadepamplona.com\/actualidad\/wp-json\/wp\/v2\/users\/1"}],"replies":[{"embeddable":true,"href":"https:\/\/www.laguiadepamplona.com\/actualidad\/wp-json\/wp\/v2\/comments?post=43345"}],"version-history":[{"count":0,"href":"https:\/\/www.laguiadepamplona.com\/actualidad\/wp-json\/wp\/v2\/posts\/43345\/revisions"}],"wp:featuredmedia":[{"embeddable":true,"href":"https:\/\/www.laguiadepamplona.com\/actualidad\/wp-json\/wp\/v2\/media\/31247"}],"wp:attachment":[{"href":"https:\/\/www.laguiadepamplona.com\/actualidad\/wp-json\/wp\/v2\/media?parent=43345"}],"wp:term":[{"taxonomy":"category","embeddable":true,"href":"https:\/\/www.laguiadepamplona.com\/actualidad\/wp-json\/wp\/v2\/categories?post=43345"},{"taxonomy":"post_tag","embeddable":true,"href":"https:\/\/www.laguiadepamplona.com\/actualidad\/wp-json\/wp\/v2\/tags?post=43345"}],"curies":[{"name":"wp","href":"https:\/\/api.w.org\/{rel}","templated":true}]}}