{"id":43339,"date":"2023-03-29T12:25:18","date_gmt":"2023-03-29T10:25:18","guid":{"rendered":"https:\/\/www.laguiadepamplona.com\/actualidad\/?p=43339"},"modified":"2023-04-11T11:46:55","modified_gmt":"2023-04-11T09:46:55","slug":"el-nuevo-parque-junto-al-ascensor-de-trinitarios-toma-forma-con-el-perfilado-de-las-zonas-verdes-y-la-pavimentacion-del-camino-principal-y-el-carril-bici","status":"publish","type":"post","link":"https:\/\/www.laguiadepamplona.com\/actualidad\/el-nuevo-parque-junto-al-ascensor-de-trinitarios-toma-forma-con-el-perfilado-de-las-zonas-verdes-y-la-pavimentacion-del-camino-principal-y-el-carril-bici\/","title":{"rendered":"El nuevo parque junto al ascensor de Trinitarios toma forma con el perfilado de las zonas verdes y la pavimentaci\u00f3n del camino principal y el carril bici"},"content":{"rendered":"<h5>Los trabajos se centran en la colocaci\u00f3n de la cabina del ascensor y en la terminaci\u00f3n de las conexiones peatonales y ciclistas con la calle Biurdana<\/h5>\n<p><!--more--><\/p>\n<p>La urbanizaci\u00f3n del entorno del futuro ascensor de Trinitarios va descubriendo la fisonom\u00eda de lo que ser\u00e1 un nuevo parque en la ciudad. M\u00e1s de 9.900 metros cuadrados, de los que la mitad se corresponden con el aparcamiento del antiguo dep\u00f3sito de la gr\u00faa municipal, que se convertir\u00e1 en zona verde. El parque cuenta ya con el perfilado de la tierra vegetal de sus zonas verdes y con parte de la pavimentaci\u00f3n de su camino principal y del carril bici que lo atravesar\u00e1.<\/p>\n<p>La Gerencia y la Comisi\u00f3n de Urbanismo del Ayuntamiento de Pamplona han visitado esta ma\u00f1ana las obras que se est\u00e1n ejecutando desde hace un a\u00f1o. Actualmente, las obras se centran en varios aspectos del ascensor, del parque y de la urbanizaci\u00f3n, tanto en la plataforma superior de la actuaci\u00f3n como en la inferior. Una vez instaladas la pasarela y el soporte vertical para el ascensor el pasado 10 de febrero, se est\u00e1n realizando los trabajos necesarios para ubicar la cabina de elevador en el interior de estructura. Lo que ya se ha puesto es la barandilla de acero inoxidable en la pasarela.<br \/>\n<script async src=\"\/\/pagead2.googlesyndication.com\/pagead\/js\/adsbygoogle.js\"><\/script><br \/>\n<!-- Noticias La Guia de Pamplona --><br \/>\n<ins class=\"adsbygoogle\"\nstyle=\"display:block\"\ndata-ad-client=\"ca-pub-6943679897239327\"\ndata-ad-slot=\"7048180777\"\ndata-ad-format=\"auto\"><\/ins><br \/>\n<script>\n(adsbygoogle = window.adsbygoogle || []).push({});\n<\/script><\/p>\n<p>El ascensor de Trinitarios se prev\u00e9 que entre en funcionamiento a finales del mes de mayo o principios del mes de junio. Salvar\u00e1 el desnivel de veinte metros existente entre la calle Doctor L\u00f3pez Sanz, junto a las dependencias de la Polic\u00eda Municipal de Pamplona y la SCDR Anaitasuna, y el futuro parque. Ser\u00e1 el und\u00e9cimo ascensor urbano de la ciudad, con una forma en \u2018L\u2019 similar a los de Media Luna o el Grupo Urd\u00e1noz en Etxabakoitz.<\/p>\n<p>En la plataforma inferior, adem\u00e1s de las obras en el parque, se est\u00e1n terminando los recorridos peatonales y ciclistas que conectar\u00e1n la rotonda de la calle Biurdana con la plazoleta que se crear\u00e1 en el paseo del Plazaola. Asimismo, se est\u00e1n ultimando tambi\u00e9n las escaleras que conectar\u00e1n la calle Doctor L\u00f3pez Sanz con el parque de Trinitarios junto al talud y el muro de la SCDR Anaitasuna.<br \/>\n<script async src=\"\/\/pagead2.googlesyndication.com\/pagead\/js\/adsbygoogle.js\"><\/script><br \/>\n<!-- Noticias La Guia de Pamplona --><br \/>\n<ins class=\"adsbygoogle\"\nstyle=\"display:block\"\ndata-ad-client=\"ca-pub-6943679897239327\"\ndata-ad-slot=\"7048180777\"\ndata-ad-format=\"auto\"><\/ins><br \/>\n<script>\n(adsbygoogle = window.adsbygoogle || []).push({});\n<\/script><\/p>\n<p><strong>Conexi\u00f3n peatonal y ciclista con la Taconera<\/strong><\/p>\n<p>En la plataforma superior, se contin\u00faa con la ordenaci\u00f3n de recorridos y los trabajos en acera y calzada. Se est\u00e1 ampliando la acera junto a las Casas de Larraina y se est\u00e1 construyendo un tramo de carril bici en la calzada para absorber la movilidad peatonal y ciclista que se genere desde el ascensor hasta la Taconera. Se eliminan las plazas de aparcamiento junto a las viviendas y se crean cruces peatonales m\u00e1s amables con la calle Monasterio de Irache y con la cuesta de La Reina. Esta segunda fase de las obras se inici\u00f3 en enero y se prev\u00e9 que est\u00e9 finalizada para el mes de julio.<\/p>\n<p>Esta urbanizaci\u00f3n de la zona de Trinitarios abarca m\u00e1s de 20.000 metros cuadrados y se est\u00e1 ejecutando en dos fases. Ambas las est\u00e1 llevando a cabo la empresa Excavaciones Ferm\u00edn Os\u00e9s SL, con la direcci\u00f3n de obra de Ra\u00fal Escriv\u00e1 Peyr\u00f3 y la empresa Iriarte Mari\u00f1elarena Arquitectos Urbanistas SL. El presupuesto total de los trabajos asciende a 2,5 millones de euros. Cuenta con financiaci\u00f3n del Plan de Recuperaci\u00f3n, Transformaci\u00f3n y Resiliencia (PRTR) a trav\u00e9s de los fondos europeos Next Generation EU, de los que el Ayuntamiento de Pamplona ha obtenido 2,3 millones de euros.<\/p>\n","protected":false},"excerpt":{"rendered":"<p>Los trabajos se centran en la colocaci\u00f3n de la cabina del ascensor y en la terminaci\u00f3n de las conexiones peatonales y ciclistas con la calle Biurdana<\/p>\n","protected":false},"author":1,"featured_media":43340,"comment_status":"open","ping_status":"closed","sticky":false,"template":"","format":"standard","meta":{"footnotes":""},"categories":[2],"tags":[],"class_list":["post-43339","post","type-post","status-publish","format-standard","has-post-thumbnail","hentry","category-ayuntamiento-pamplona"],"yoast_head":"<!-- This site is optimized with the Yoast SEO plugin v27.3 - https:\/\/yoast.com\/product\/yoast-seo-wordpress\/ -->\n<title>El nuevo parque junto al ascensor de Trinitarios toma forma con el perfilado de las zonas verdes y la pavimentaci\u00f3n del camino principal y el carril bici<\/title>\n<meta name=\"description\" content=\"Los trabajos se centran en la colocaci\u00f3n de la cabina del ascensor y en la terminaci\u00f3n de las conexiones peatonales y ciclistas con la calle Biurdana\" \/>\n<meta name=\"robots\" content=\"index, follow, max-snippet:-1, max-image-preview:large, max-video-preview:-1\" \/>\n<link rel=\"canonical\" href=\"https:\/\/www.laguiadepamplona.com\/actualidad\/el-nuevo-parque-junto-al-ascensor-de-trinitarios-toma-forma-con-el-perfilado-de-las-zonas-verdes-y-la-pavimentacion-del-camino-principal-y-el-carril-bici\/\" \/>\n<meta property=\"og:locale\" content=\"es_ES\" \/>\n<meta property=\"og:type\" content=\"article\" \/>\n<meta property=\"og:title\" content=\"El nuevo parque junto al ascensor de Trinitarios toma forma con el perfilado de las zonas verdes y la pavimentaci\u00f3n del camino principal y el carril bici\" \/>\n<meta property=\"og:description\" content=\"Los trabajos se centran en la colocaci\u00f3n de la cabina del ascensor y en la terminaci\u00f3n de las conexiones peatonales y ciclistas con la calle Biurdana\" \/>\n<meta property=\"og:url\" content=\"https:\/\/www.laguiadepamplona.com\/actualidad\/el-nuevo-parque-junto-al-ascensor-de-trinitarios-toma-forma-con-el-perfilado-de-las-zonas-verdes-y-la-pavimentacion-del-camino-principal-y-el-carril-bici\/\" \/>\n<meta property=\"og:site_name\" content=\"La Gu\u00eda de Pamplona\" \/>\n<meta property=\"article:publisher\" content=\"https:\/\/www.facebook.com\/laguiadepamplonacom-133175176762273\/?ref=hl\" \/>\n<meta property=\"article:published_time\" content=\"2023-03-29T10:25:18+00:00\" \/>\n<meta property=\"article:modified_time\" content=\"2023-04-11T09:46:55+00:00\" \/>\n<meta property=\"og:image\" content=\"https:\/\/www.laguiadepamplona.com\/actualidad\/wp-content\/uploads\/2023\/03\/visita-ascensor-trinitarios-biurdana-nb1802.webp\" \/>\n\t<meta property=\"og:image:width\" content=\"1920\" \/>\n\t<meta property=\"og:image:height\" content=\"1280\" \/>\n\t<meta property=\"og:image:type\" content=\"image\/webp\" \/>\n<meta name=\"author\" content=\"La Gu\u00eda de Pamplona\" \/>\n<meta name=\"twitter:card\" content=\"summary_large_image\" \/>\n<meta name=\"twitter:creator\" content=\"@LaGuiadPamplona\" \/>\n<meta name=\"twitter:site\" content=\"@LaGuiadPamplona\" \/>\n<meta name=\"twitter:label1\" content=\"Escrito por\" \/>\n\t<meta name=\"twitter:data1\" content=\"La Gu\u00eda de Pamplona\" \/>\n\t<meta name=\"twitter:label2\" content=\"Tiempo de lectura\" \/>\n\t<meta name=\"twitter:data2\" content=\"3 minutos\" \/>\n<script type=\"application\/ld+json\" class=\"yoast-schema-graph\">{\"@context\":\"https:\\\/\\\/schema.org\",\"@graph\":[{\"@type\":\"Article\",\"@id\":\"https:\\\/\\\/www.laguiadepamplona.com\\\/actualidad\\\/el-nuevo-parque-junto-al-ascensor-de-trinitarios-toma-forma-con-el-perfilado-de-las-zonas-verdes-y-la-pavimentacion-del-camino-principal-y-el-carril-bici\\\/#article\",\"isPartOf\":{\"@id\":\"https:\\\/\\\/www.laguiadepamplona.com\\\/actualidad\\\/el-nuevo-parque-junto-al-ascensor-de-trinitarios-toma-forma-con-el-perfilado-de-las-zonas-verdes-y-la-pavimentacion-del-camino-principal-y-el-carril-bici\\\/\"},\"author\":{\"name\":\"La Gu\u00eda de Pamplona\",\"@id\":\"https:\\\/\\\/www.laguiadepamplona.com\\\/actualidad\\\/#\\\/schema\\\/person\\\/efe887376f0213d4657c93adc50b1fdb\"},\"headline\":\"El nuevo parque junto al ascensor de Trinitarios toma forma con el perfilado de las zonas verdes y la pavimentaci\u00f3n del camino principal y el carril bici\",\"datePublished\":\"2023-03-29T10:25:18+00:00\",\"dateModified\":\"2023-04-11T09:46:55+00:00\",\"mainEntityOfPage\":{\"@id\":\"https:\\\/\\\/www.laguiadepamplona.com\\\/actualidad\\\/el-nuevo-parque-junto-al-ascensor-de-trinitarios-toma-forma-con-el-perfilado-de-las-zonas-verdes-y-la-pavimentacion-del-camino-principal-y-el-carril-bici\\\/\"},\"wordCount\":629,\"commentCount\":0,\"publisher\":{\"@id\":\"https:\\\/\\\/www.laguiadepamplona.com\\\/actualidad\\\/#organization\"},\"image\":{\"@id\":\"https:\\\/\\\/www.laguiadepamplona.com\\\/actualidad\\\/el-nuevo-parque-junto-al-ascensor-de-trinitarios-toma-forma-con-el-perfilado-de-las-zonas-verdes-y-la-pavimentacion-del-camino-principal-y-el-carril-bici\\\/#primaryimage\"},\"thumbnailUrl\":\"https:\\\/\\\/www.laguiadepamplona.com\\\/actualidad\\\/wp-content\\\/uploads\\\/2023\\\/03\\\/visita-ascensor-trinitarios-biurdana-nb1802.webp\",\"articleSection\":[\"Ayto Pamplona\"],\"inLanguage\":\"es\",\"potentialAction\":[{\"@type\":\"CommentAction\",\"name\":\"Comment\",\"target\":[\"https:\\\/\\\/www.laguiadepamplona.com\\\/actualidad\\\/el-nuevo-parque-junto-al-ascensor-de-trinitarios-toma-forma-con-el-perfilado-de-las-zonas-verdes-y-la-pavimentacion-del-camino-principal-y-el-carril-bici\\\/#respond\"]}]},{\"@type\":\"WebPage\",\"@id\":\"https:\\\/\\\/www.laguiadepamplona.com\\\/actualidad\\\/el-nuevo-parque-junto-al-ascensor-de-trinitarios-toma-forma-con-el-perfilado-de-las-zonas-verdes-y-la-pavimentacion-del-camino-principal-y-el-carril-bici\\\/\",\"url\":\"https:\\\/\\\/www.laguiadepamplona.com\\\/actualidad\\\/el-nuevo-parque-junto-al-ascensor-de-trinitarios-toma-forma-con-el-perfilado-de-las-zonas-verdes-y-la-pavimentacion-del-camino-principal-y-el-carril-bici\\\/\",\"name\":\"El nuevo parque junto al ascensor de Trinitarios toma forma con el perfilado de las zonas verdes y la pavimentaci\u00f3n del camino principal y el carril bici\",\"isPartOf\":{\"@id\":\"https:\\\/\\\/www.laguiadepamplona.com\\\/actualidad\\\/#website\"},\"primaryImageOfPage\":{\"@id\":\"https:\\\/\\\/www.laguiadepamplona.com\\\/actualidad\\\/el-nuevo-parque-junto-al-ascensor-de-trinitarios-toma-forma-con-el-perfilado-de-las-zonas-verdes-y-la-pavimentacion-del-camino-principal-y-el-carril-bici\\\/#primaryimage\"},\"image\":{\"@id\":\"https:\\\/\\\/www.laguiadepamplona.com\\\/actualidad\\\/el-nuevo-parque-junto-al-ascensor-de-trinitarios-toma-forma-con-el-perfilado-de-las-zonas-verdes-y-la-pavimentacion-del-camino-principal-y-el-carril-bici\\\/#primaryimage\"},\"thumbnailUrl\":\"https:\\\/\\\/www.laguiadepamplona.com\\\/actualidad\\\/wp-content\\\/uploads\\\/2023\\\/03\\\/visita-ascensor-trinitarios-biurdana-nb1802.webp\",\"datePublished\":\"2023-03-29T10:25:18+00:00\",\"dateModified\":\"2023-04-11T09:46:55+00:00\",\"description\":\"Los trabajos se centran en la colocaci\u00f3n de la cabina del ascensor y en la terminaci\u00f3n de las conexiones peatonales y ciclistas con la calle Biurdana\",\"breadcrumb\":{\"@id\":\"https:\\\/\\\/www.laguiadepamplona.com\\\/actualidad\\\/el-nuevo-parque-junto-al-ascensor-de-trinitarios-toma-forma-con-el-perfilado-de-las-zonas-verdes-y-la-pavimentacion-del-camino-principal-y-el-carril-bici\\\/#breadcrumb\"},\"inLanguage\":\"es\",\"potentialAction\":[{\"@type\":\"ReadAction\",\"target\":[\"https:\\\/\\\/www.laguiadepamplona.com\\\/actualidad\\\/el-nuevo-parque-junto-al-ascensor-de-trinitarios-toma-forma-con-el-perfilado-de-las-zonas-verdes-y-la-pavimentacion-del-camino-principal-y-el-carril-bici\\\/\"]}]},{\"@type\":\"ImageObject\",\"inLanguage\":\"es\",\"@id\":\"https:\\\/\\\/www.laguiadepamplona.com\\\/actualidad\\\/el-nuevo-parque-junto-al-ascensor-de-trinitarios-toma-forma-con-el-perfilado-de-las-zonas-verdes-y-la-pavimentacion-del-camino-principal-y-el-carril-bici\\\/#primaryimage\",\"url\":\"https:\\\/\\\/www.laguiadepamplona.com\\\/actualidad\\\/wp-content\\\/uploads\\\/2023\\\/03\\\/visita-ascensor-trinitarios-biurdana-nb1802.webp\",\"contentUrl\":\"https:\\\/\\\/www.laguiadepamplona.com\\\/actualidad\\\/wp-content\\\/uploads\\\/2023\\\/03\\\/visita-ascensor-trinitarios-biurdana-nb1802.webp\",\"width\":1920,\"height\":1280},{\"@type\":\"BreadcrumbList\",\"@id\":\"https:\\\/\\\/www.laguiadepamplona.com\\\/actualidad\\\/el-nuevo-parque-junto-al-ascensor-de-trinitarios-toma-forma-con-el-perfilado-de-las-zonas-verdes-y-la-pavimentacion-del-camino-principal-y-el-carril-bici\\\/#breadcrumb\",\"itemListElement\":[{\"@type\":\"ListItem\",\"position\":1,\"name\":\"Portada\",\"item\":\"https:\\\/\\\/www.laguiadepamplona.com\\\/actualidad\\\/\"},{\"@type\":\"ListItem\",\"position\":2,\"name\":\"El nuevo parque junto al ascensor de Trinitarios toma forma con el perfilado de las zonas verdes y la pavimentaci\u00f3n del camino principal y el carril bici\"}]},{\"@type\":\"WebSite\",\"@id\":\"https:\\\/\\\/www.laguiadepamplona.com\\\/actualidad\\\/#website\",\"url\":\"https:\\\/\\\/www.laguiadepamplona.com\\\/actualidad\\\/\",\"name\":\"La gu\u00eda de Pamplona\",\"description\":\"Noticias de Pamplona\",\"publisher\":{\"@id\":\"https:\\\/\\\/www.laguiadepamplona.com\\\/actualidad\\\/#organization\"},\"potentialAction\":[{\"@type\":\"SearchAction\",\"target\":{\"@type\":\"EntryPoint\",\"urlTemplate\":\"https:\\\/\\\/www.laguiadepamplona.com\\\/actualidad\\\/?s={search_term_string}\"},\"query-input\":{\"@type\":\"PropertyValueSpecification\",\"valueRequired\":true,\"valueName\":\"search_term_string\"}}],\"inLanguage\":\"es\"},{\"@type\":\"Organization\",\"@id\":\"https:\\\/\\\/www.laguiadepamplona.com\\\/actualidad\\\/#organization\",\"name\":\"La Gu\u00eda de Pamplona \\\/ Noticias\",\"url\":\"https:\\\/\\\/www.laguiadepamplona.com\\\/actualidad\\\/\",\"logo\":{\"@type\":\"ImageObject\",\"inLanguage\":\"es\",\"@id\":\"https:\\\/\\\/www.laguiadepamplona.com\\\/actualidad\\\/#\\\/schema\\\/logo\\\/image\\\/\",\"url\":\"https:\\\/\\\/www.laguiadepamplona.com\\\/actualidad\\\/wp-content\\\/uploads\\\/2018\\\/11\\\/logo-laguiadepamplona18-web1.png\",\"contentUrl\":\"https:\\\/\\\/www.laguiadepamplona.com\\\/actualidad\\\/wp-content\\\/uploads\\\/2018\\\/11\\\/logo-laguiadepamplona18-web1.png\",\"width\":600,\"height\":196,\"caption\":\"La Gu\u00eda de Pamplona \\\/ Noticias\"},\"image\":{\"@id\":\"https:\\\/\\\/www.laguiadepamplona.com\\\/actualidad\\\/#\\\/schema\\\/logo\\\/image\\\/\"},\"sameAs\":[\"https:\\\/\\\/www.facebook.com\\\/laguiadepamplonacom-133175176762273\\\/?ref=hl\",\"https:\\\/\\\/x.com\\\/LaGuiadPamplona\",\"https:\\\/\\\/www.instagram.com\\\/la_guia_de_pamplona\\\/\",\"https:\\\/\\\/www.youtube.com\\\/user\\\/laguiadepamplona\"]},{\"@type\":\"Person\",\"@id\":\"https:\\\/\\\/www.laguiadepamplona.com\\\/actualidad\\\/#\\\/schema\\\/person\\\/efe887376f0213d4657c93adc50b1fdb\",\"name\":\"La Gu\u00eda de Pamplona\",\"image\":{\"@type\":\"ImageObject\",\"inLanguage\":\"es\",\"@id\":\"https:\\\/\\\/secure.gravatar.com\\\/avatar\\\/b6992f131dc8d30ab0dff15446e9d346d9dbd95992de0fef795073f5ea83a81c?s=96&d=mm&r=g\",\"url\":\"https:\\\/\\\/secure.gravatar.com\\\/avatar\\\/b6992f131dc8d30ab0dff15446e9d346d9dbd95992de0fef795073f5ea83a81c?s=96&d=mm&r=g\",\"contentUrl\":\"https:\\\/\\\/secure.gravatar.com\\\/avatar\\\/b6992f131dc8d30ab0dff15446e9d346d9dbd95992de0fef795073f5ea83a81c?s=96&d=mm&r=g\",\"caption\":\"La Gu\u00eda de Pamplona\"}}]}<\/script>\n<!-- \/ Yoast SEO plugin. -->","yoast_head_json":{"title":"El nuevo parque junto al ascensor de Trinitarios toma forma con el perfilado de las zonas verdes y la pavimentaci\u00f3n del camino principal y el carril bici","description":"Los trabajos se centran en la colocaci\u00f3n de la cabina del ascensor y en la terminaci\u00f3n de las conexiones peatonales y ciclistas con la calle Biurdana","robots":{"index":"index","follow":"follow","max-snippet":"max-snippet:-1","max-image-preview":"max-image-preview:large","max-video-preview":"max-video-preview:-1"},"canonical":"https:\/\/www.laguiadepamplona.com\/actualidad\/el-nuevo-parque-junto-al-ascensor-de-trinitarios-toma-forma-con-el-perfilado-de-las-zonas-verdes-y-la-pavimentacion-del-camino-principal-y-el-carril-bici\/","og_locale":"es_ES","og_type":"article","og_title":"El nuevo parque junto al ascensor de Trinitarios toma forma con el perfilado de las zonas verdes y la pavimentaci\u00f3n del camino principal y el carril bici","og_description":"Los trabajos se centran en la colocaci\u00f3n de la cabina del ascensor y en la terminaci\u00f3n de las conexiones peatonales y ciclistas con la calle Biurdana","og_url":"https:\/\/www.laguiadepamplona.com\/actualidad\/el-nuevo-parque-junto-al-ascensor-de-trinitarios-toma-forma-con-el-perfilado-de-las-zonas-verdes-y-la-pavimentacion-del-camino-principal-y-el-carril-bici\/","og_site_name":"La Gu\u00eda de Pamplona","article_publisher":"https:\/\/www.facebook.com\/laguiadepamplonacom-133175176762273\/?ref=hl","article_published_time":"2023-03-29T10:25:18+00:00","article_modified_time":"2023-04-11T09:46:55+00:00","og_image":[{"width":1920,"height":1280,"url":"https:\/\/www.laguiadepamplona.com\/actualidad\/wp-content\/uploads\/2023\/03\/visita-ascensor-trinitarios-biurdana-nb1802.webp","type":"image\/webp"}],"author":"La Gu\u00eda de Pamplona","twitter_card":"summary_large_image","twitter_creator":"@LaGuiadPamplona","twitter_site":"@LaGuiadPamplona","twitter_misc":{"Escrito por":"La Gu\u00eda de Pamplona","Tiempo de lectura":"3 minutos"},"schema":{"@context":"https:\/\/schema.org","@graph":[{"@type":"Article","@id":"https:\/\/www.laguiadepamplona.com\/actualidad\/el-nuevo-parque-junto-al-ascensor-de-trinitarios-toma-forma-con-el-perfilado-de-las-zonas-verdes-y-la-pavimentacion-del-camino-principal-y-el-carril-bici\/#article","isPartOf":{"@id":"https:\/\/www.laguiadepamplona.com\/actualidad\/el-nuevo-parque-junto-al-ascensor-de-trinitarios-toma-forma-con-el-perfilado-de-las-zonas-verdes-y-la-pavimentacion-del-camino-principal-y-el-carril-bici\/"},"author":{"name":"La Gu\u00eda de Pamplona","@id":"https:\/\/www.laguiadepamplona.com\/actualidad\/#\/schema\/person\/efe887376f0213d4657c93adc50b1fdb"},"headline":"El nuevo parque junto al ascensor de Trinitarios toma forma con el perfilado de las zonas verdes y la pavimentaci\u00f3n del camino principal y el carril bici","datePublished":"2023-03-29T10:25:18+00:00","dateModified":"2023-04-11T09:46:55+00:00","mainEntityOfPage":{"@id":"https:\/\/www.laguiadepamplona.com\/actualidad\/el-nuevo-parque-junto-al-ascensor-de-trinitarios-toma-forma-con-el-perfilado-de-las-zonas-verdes-y-la-pavimentacion-del-camino-principal-y-el-carril-bici\/"},"wordCount":629,"commentCount":0,"publisher":{"@id":"https:\/\/www.laguiadepamplona.com\/actualidad\/#organization"},"image":{"@id":"https:\/\/www.laguiadepamplona.com\/actualidad\/el-nuevo-parque-junto-al-ascensor-de-trinitarios-toma-forma-con-el-perfilado-de-las-zonas-verdes-y-la-pavimentacion-del-camino-principal-y-el-carril-bici\/#primaryimage"},"thumbnailUrl":"https:\/\/www.laguiadepamplona.com\/actualidad\/wp-content\/uploads\/2023\/03\/visita-ascensor-trinitarios-biurdana-nb1802.webp","articleSection":["Ayto Pamplona"],"inLanguage":"es","potentialAction":[{"@type":"CommentAction","name":"Comment","target":["https:\/\/www.laguiadepamplona.com\/actualidad\/el-nuevo-parque-junto-al-ascensor-de-trinitarios-toma-forma-con-el-perfilado-de-las-zonas-verdes-y-la-pavimentacion-del-camino-principal-y-el-carril-bici\/#respond"]}]},{"@type":"WebPage","@id":"https:\/\/www.laguiadepamplona.com\/actualidad\/el-nuevo-parque-junto-al-ascensor-de-trinitarios-toma-forma-con-el-perfilado-de-las-zonas-verdes-y-la-pavimentacion-del-camino-principal-y-el-carril-bici\/","url":"https:\/\/www.laguiadepamplona.com\/actualidad\/el-nuevo-parque-junto-al-ascensor-de-trinitarios-toma-forma-con-el-perfilado-de-las-zonas-verdes-y-la-pavimentacion-del-camino-principal-y-el-carril-bici\/","name":"El nuevo parque junto al ascensor de Trinitarios toma forma con el perfilado de las zonas verdes y la pavimentaci\u00f3n del camino principal y el carril bici","isPartOf":{"@id":"https:\/\/www.laguiadepamplona.com\/actualidad\/#website"},"primaryImageOfPage":{"@id":"https:\/\/www.laguiadepamplona.com\/actualidad\/el-nuevo-parque-junto-al-ascensor-de-trinitarios-toma-forma-con-el-perfilado-de-las-zonas-verdes-y-la-pavimentacion-del-camino-principal-y-el-carril-bici\/#primaryimage"},"image":{"@id":"https:\/\/www.laguiadepamplona.com\/actualidad\/el-nuevo-parque-junto-al-ascensor-de-trinitarios-toma-forma-con-el-perfilado-de-las-zonas-verdes-y-la-pavimentacion-del-camino-principal-y-el-carril-bici\/#primaryimage"},"thumbnailUrl":"https:\/\/www.laguiadepamplona.com\/actualidad\/wp-content\/uploads\/2023\/03\/visita-ascensor-trinitarios-biurdana-nb1802.webp","datePublished":"2023-03-29T10:25:18+00:00","dateModified":"2023-04-11T09:46:55+00:00","description":"Los trabajos se centran en la colocaci\u00f3n de la cabina del ascensor y en la terminaci\u00f3n de las conexiones peatonales y ciclistas con la calle Biurdana","breadcrumb":{"@id":"https:\/\/www.laguiadepamplona.com\/actualidad\/el-nuevo-parque-junto-al-ascensor-de-trinitarios-toma-forma-con-el-perfilado-de-las-zonas-verdes-y-la-pavimentacion-del-camino-principal-y-el-carril-bici\/#breadcrumb"},"inLanguage":"es","potentialAction":[{"@type":"ReadAction","target":["https:\/\/www.laguiadepamplona.com\/actualidad\/el-nuevo-parque-junto-al-ascensor-de-trinitarios-toma-forma-con-el-perfilado-de-las-zonas-verdes-y-la-pavimentacion-del-camino-principal-y-el-carril-bici\/"]}]},{"@type":"ImageObject","inLanguage":"es","@id":"https:\/\/www.laguiadepamplona.com\/actualidad\/el-nuevo-parque-junto-al-ascensor-de-trinitarios-toma-forma-con-el-perfilado-de-las-zonas-verdes-y-la-pavimentacion-del-camino-principal-y-el-carril-bici\/#primaryimage","url":"https:\/\/www.laguiadepamplona.com\/actualidad\/wp-content\/uploads\/2023\/03\/visita-ascensor-trinitarios-biurdana-nb1802.webp","contentUrl":"https:\/\/www.laguiadepamplona.com\/actualidad\/wp-content\/uploads\/2023\/03\/visita-ascensor-trinitarios-biurdana-nb1802.webp","width":1920,"height":1280},{"@type":"BreadcrumbList","@id":"https:\/\/www.laguiadepamplona.com\/actualidad\/el-nuevo-parque-junto-al-ascensor-de-trinitarios-toma-forma-con-el-perfilado-de-las-zonas-verdes-y-la-pavimentacion-del-camino-principal-y-el-carril-bici\/#breadcrumb","itemListElement":[{"@type":"ListItem","position":1,"name":"Portada","item":"https:\/\/www.laguiadepamplona.com\/actualidad\/"},{"@type":"ListItem","position":2,"name":"El nuevo parque junto al ascensor de Trinitarios toma forma con el perfilado de las zonas verdes y la pavimentaci\u00f3n del camino principal y el carril bici"}]},{"@type":"WebSite","@id":"https:\/\/www.laguiadepamplona.com\/actualidad\/#website","url":"https:\/\/www.laguiadepamplona.com\/actualidad\/","name":"La gu\u00eda de Pamplona","description":"Noticias de Pamplona","publisher":{"@id":"https:\/\/www.laguiadepamplona.com\/actualidad\/#organization"},"potentialAction":[{"@type":"SearchAction","target":{"@type":"EntryPoint","urlTemplate":"https:\/\/www.laguiadepamplona.com\/actualidad\/?s={search_term_string}"},"query-input":{"@type":"PropertyValueSpecification","valueRequired":true,"valueName":"search_term_string"}}],"inLanguage":"es"},{"@type":"Organization","@id":"https:\/\/www.laguiadepamplona.com\/actualidad\/#organization","name":"La Gu\u00eda de Pamplona \/ Noticias","url":"https:\/\/www.laguiadepamplona.com\/actualidad\/","logo":{"@type":"ImageObject","inLanguage":"es","@id":"https:\/\/www.laguiadepamplona.com\/actualidad\/#\/schema\/logo\/image\/","url":"https:\/\/www.laguiadepamplona.com\/actualidad\/wp-content\/uploads\/2018\/11\/logo-laguiadepamplona18-web1.png","contentUrl":"https:\/\/www.laguiadepamplona.com\/actualidad\/wp-content\/uploads\/2018\/11\/logo-laguiadepamplona18-web1.png","width":600,"height":196,"caption":"La Gu\u00eda de Pamplona \/ Noticias"},"image":{"@id":"https:\/\/www.laguiadepamplona.com\/actualidad\/#\/schema\/logo\/image\/"},"sameAs":["https:\/\/www.facebook.com\/laguiadepamplonacom-133175176762273\/?ref=hl","https:\/\/x.com\/LaGuiadPamplona","https:\/\/www.instagram.com\/la_guia_de_pamplona\/","https:\/\/www.youtube.com\/user\/laguiadepamplona"]},{"@type":"Person","@id":"https:\/\/www.laguiadepamplona.com\/actualidad\/#\/schema\/person\/efe887376f0213d4657c93adc50b1fdb","name":"La Gu\u00eda de Pamplona","image":{"@type":"ImageObject","inLanguage":"es","@id":"https:\/\/secure.gravatar.com\/avatar\/b6992f131dc8d30ab0dff15446e9d346d9dbd95992de0fef795073f5ea83a81c?s=96&d=mm&r=g","url":"https:\/\/secure.gravatar.com\/avatar\/b6992f131dc8d30ab0dff15446e9d346d9dbd95992de0fef795073f5ea83a81c?s=96&d=mm&r=g","contentUrl":"https:\/\/secure.gravatar.com\/avatar\/b6992f131dc8d30ab0dff15446e9d346d9dbd95992de0fef795073f5ea83a81c?s=96&d=mm&r=g","caption":"La Gu\u00eda de Pamplona"}}]}},"post_mailing_queue_ids":[],"_links":{"self":[{"href":"https:\/\/www.laguiadepamplona.com\/actualidad\/wp-json\/wp\/v2\/posts\/43339","targetHints":{"allow":["GET"]}}],"collection":[{"href":"https:\/\/www.laguiadepamplona.com\/actualidad\/wp-json\/wp\/v2\/posts"}],"about":[{"href":"https:\/\/www.laguiadepamplona.com\/actualidad\/wp-json\/wp\/v2\/types\/post"}],"author":[{"embeddable":true,"href":"https:\/\/www.laguiadepamplona.com\/actualidad\/wp-json\/wp\/v2\/users\/1"}],"replies":[{"embeddable":true,"href":"https:\/\/www.laguiadepamplona.com\/actualidad\/wp-json\/wp\/v2\/comments?post=43339"}],"version-history":[{"count":0,"href":"https:\/\/www.laguiadepamplona.com\/actualidad\/wp-json\/wp\/v2\/posts\/43339\/revisions"}],"wp:featuredmedia":[{"embeddable":true,"href":"https:\/\/www.laguiadepamplona.com\/actualidad\/wp-json\/wp\/v2\/media\/43340"}],"wp:attachment":[{"href":"https:\/\/www.laguiadepamplona.com\/actualidad\/wp-json\/wp\/v2\/media?parent=43339"}],"wp:term":[{"taxonomy":"category","embeddable":true,"href":"https:\/\/www.laguiadepamplona.com\/actualidad\/wp-json\/wp\/v2\/categories?post=43339"},{"taxonomy":"post_tag","embeddable":true,"href":"https:\/\/www.laguiadepamplona.com\/actualidad\/wp-json\/wp\/v2\/tags?post=43339"}],"curies":[{"name":"wp","href":"https:\/\/api.w.org\/{rel}","templated":true}]}}