{"id":43334,"date":"2023-03-28T17:04:58","date_gmt":"2023-03-28T15:04:58","guid":{"rendered":"https:\/\/www.laguiadepamplona.com\/actualidad\/?p=43334"},"modified":"2023-04-11T11:46:56","modified_gmt":"2023-04-11T09:46:56","slug":"el-proyecto-receta-deportivo-social-se-extiende-este-mes-de-abril-al-segundo-ensanche","status":"publish","type":"post","link":"https:\/\/www.laguiadepamplona.com\/actualidad\/el-proyecto-receta-deportivo-social-se-extiende-este-mes-de-abril-al-segundo-ensanche\/","title":{"rendered":"El proyecto \u2018Receta deportivo-social\u2019 se extiende este mes de abril al Segundo Ensanche"},"content":{"rendered":"<h5>Esta iniciativa, que ya est\u00e1 en marcha en los barrios de Iturrama y Txantrea, se enmarca dentro de la estrategia \u2018Pamplona te cuida\u2019<\/h5>\n<p><!--more--><\/p>\n<p>La poblaci\u00f3n de entre 50 y 80 a\u00f1os del Segundo Ensanche podr\u00e1 beneficiarse, a partir del mes de abril, del proyecto \u2018Receta deportiva-social\u2019 del Ayuntamiento de Pamplona. Gracias a esta iniciativa, profesionales municipales y del centro de salud del barrio trabajan de forma conjunta con el objetivo de utilizar terap\u00e9uticamente el deporte, el ejercicio f\u00edsico y otras actividades sociales para minimizar problemas sociosanitarios asociados a la soledad no deseada, la fragilidad o el sedentarismo.<\/p>\n<p>La Junta de Gobierno Local del Ayuntamiento de Pamplona ha aprobado la ampliaci\u00f3n al Segundo Ensanche de este proyecto, que ech\u00f3 a andar el 29 de diciembre de 2021 en los barrios de Iturrama y Txantrea. Entonces se adjudic\u00f3 el proyecto a Sedena, por un importe de 36.936 euros. Ahora, el Consistorio ha acordado una ampliaci\u00f3n de 13.851 euros (IVA incluido) para cubrir las necesidades de la poblaci\u00f3n del nuevo barrio, que ya manifest\u00f3 su inter\u00e9s en formar parte de esta propuesta saludable.<br \/>\n<script async src=\"\/\/pagead2.googlesyndication.com\/pagead\/js\/adsbygoogle.js\"><\/script><br \/>\n<!-- Noticias La Guia de Pamplona --><br \/>\n<ins class=\"adsbygoogle\"\nstyle=\"display:block\"\ndata-ad-client=\"ca-pub-6943679897239327\"\ndata-ad-slot=\"7048180777\"\ndata-ad-format=\"auto\"><\/ins><br \/>\n<script>\n(adsbygoogle = window.adsbygoogle || []).push({});\n<\/script><\/p>\n<p>La iniciativa se inscribe dentro del programa municipal \u2018Pamplona te cuida\u2019, que a\u00fana toda la oferta de propuestas, servicios y recursos del Ayuntamiento de Pamplona dirigidos a personas mayores de 65 a\u00f1os con el objetivo de fomentar el envejecimiento activo y saludable, promover la autonom\u00eda y garantizar una atenci\u00f3n de calidad para lograr una mayor calidad de vida. As\u00ed, el programa engloba actividades deportivas, cursos, talleres, servicios a domicilio, ayudas, subvenciones y herramientas de participaci\u00f3n, que antes se ofertaba de manera disgregada, para facilitar su acceso y disfrute por parte de la ciudadan\u00eda.<\/p>\n<p>Dentro de estos servicios se encuentra, de hecho, el programa municipal de deporte terap\u00e9utico \u2018Citius, Longeavus, Fortius\u2019. Es en este marco en el que se realiza el proyecto de \u2018Receta deportivo-social\u2019, en coordinaci\u00f3n entre el personal municipal y los centros de salud de los distintos barrios. De hecho, son los profesionales sanitarios los que, atendiendo a las necesidades de los pacientes que atienden, pueden prescribirles la realizaci\u00f3n de ejercicio f\u00edsico, deporte terap\u00e9utico o distintas actividades sociales, m\u00e1s all\u00e1 de pautas medicinales si las necesitan.<br \/>\n<script async src=\"\/\/pagead2.googlesyndication.com\/pagead\/js\/adsbygoogle.js\"><\/script><br \/>\n<!-- Noticias La Guia de Pamplona --><br \/>\n<ins class=\"adsbygoogle\"\nstyle=\"display:block\"\ndata-ad-client=\"ca-pub-6943679897239327\"\ndata-ad-slot=\"7048180777\"\ndata-ad-format=\"auto\"><\/ins><br \/>\n<script>\n(adsbygoogle = window.adsbygoogle || []).push({});\n<\/script><\/p>\n<p>Para que esa prescripci\u00f3n deportivo-social se convierta realmente en una pr\u00e1ctica deportiva y saludable, las personas destinatarias de estas actividades cuentan con el apoyo de personal municipal, que realiza para cada una de ellas un programa individualizado de actividades, contando para ello los distintos recursos comunitarios. De hecho, la gesti\u00f3n de los proyectos de \u2018Receta Deportivo \u2013 Social\u2019 supone la coordinaci\u00f3n, dise\u00f1o, implementaci\u00f3n y evaluaci\u00f3n permanente de procesos c\u00edclicos de prescripci\u00f3n de ese ejercicio f\u00edsico y deporte terap\u00e9utico. Cada proyecto de \u2018Receta Deportivo \u2013 Social\u2019 desarrolla un proceso de prescripci\u00f3n compuesto por cinco actos y tres niveles diferentes, que se realizan en Iturrama, Txantrea y ahora en el Segundo Ensanche, integrando sus respectivas Zonas B\u00e1sicas de Salud, Unidades de Barrios y recursos deportivos y sociales.<\/p>\n<p>As\u00ed, antes de prescribir una receta deportivo-social, el centro de salud realiza una evaluaci\u00f3n inicial de la persona usuaria. En funci\u00f3n de sus necesidades y sus aptitudes, el profesional sanitario valorar\u00e1 su idoneidad para adherirse al proyecto y se le prescribir\u00e1 una receta personal. Su evoluci\u00f3n y cumplimiento ser\u00e1 monitoreado y se le realizar\u00e1 un seguimiento por parte del personal t\u00e9cnico.<\/p>\n<p>Los niveles var\u00edan en funci\u00f3n de cada paciente. As\u00ed, habr\u00e1 casos en los que se les podr\u00e1 simplemente aconsejar sobre la idoneidad de realizar alguna actividad deportiva y se le plantear\u00e1n opciones sobre cu\u00e1les pueden ser las mejores. En los otros niveles, lo que se plantea es una prescripci\u00f3n m\u00e9dica de actividades, que pueden ser \u00fanicamente deportivas o tambi\u00e9n deportivo-sociales. En todos los casos, la prescripci\u00f3n depende de los recursos existentes en cada barrio, de ah\u00ed que el proyecto incluya tambi\u00e9n un diagn\u00f3stico de necesidades del barrio, para poder dar el mejor servicio posible a las personas usuarias.<\/p>\n","protected":false},"excerpt":{"rendered":"<p>Esta iniciativa, que ya est\u00e1 en marcha en los barrios de Iturrama y Txantrea, se enmarca dentro de la estrategia \u2018Pamplona te cuida\u2019<\/p>\n","protected":false},"author":1,"featured_media":37292,"comment_status":"open","ping_status":"closed","sticky":false,"template":"","format":"standard","meta":{"footnotes":""},"categories":[2],"tags":[],"class_list":["post-43334","post","type-post","status-publish","format-standard","has-post-thumbnail","hentry","category-ayuntamiento-pamplona"],"yoast_head":"<!-- This site is optimized with the Yoast SEO plugin v27.3 - https:\/\/yoast.com\/product\/yoast-seo-wordpress\/ -->\n<title>El proyecto \u2018Receta deportivo-social\u2019 se extiende este mes de abril al Segundo Ensanche<\/title>\n<meta name=\"description\" content=\"Esta iniciativa, que ya est\u00e1 en marcha en los barrios de Iturrama y Txantrea, se enmarca dentro de la estrategia \u2018Pamplona te cuida\u2019\" \/>\n<meta name=\"robots\" content=\"index, follow, max-snippet:-1, max-image-preview:large, max-video-preview:-1\" \/>\n<link rel=\"canonical\" href=\"https:\/\/www.laguiadepamplona.com\/actualidad\/el-proyecto-receta-deportivo-social-se-extiende-este-mes-de-abril-al-segundo-ensanche\/\" \/>\n<meta property=\"og:locale\" content=\"es_ES\" \/>\n<meta property=\"og:type\" content=\"article\" \/>\n<meta property=\"og:title\" content=\"El proyecto \u2018Receta deportivo-social\u2019 se extiende este mes de abril al Segundo Ensanche\" \/>\n<meta property=\"og:description\" content=\"Esta iniciativa, que ya est\u00e1 en marcha en los barrios de Iturrama y Txantrea, se enmarca dentro de la estrategia \u2018Pamplona te cuida\u2019\" \/>\n<meta property=\"og:url\" content=\"https:\/\/www.laguiadepamplona.com\/actualidad\/el-proyecto-receta-deportivo-social-se-extiende-este-mes-de-abril-al-segundo-ensanche\/\" \/>\n<meta property=\"og:site_name\" content=\"La Gu\u00eda de Pamplona\" \/>\n<meta property=\"article:publisher\" content=\"https:\/\/www.facebook.com\/laguiadepamplonacom-133175176762273\/?ref=hl\" \/>\n<meta property=\"article:published_time\" content=\"2023-03-28T15:04:58+00:00\" \/>\n<meta property=\"article:modified_time\" content=\"2023-04-11T09:46:56+00:00\" \/>\n<meta property=\"og:image\" content=\"https:\/\/www.laguiadepamplona.com\/actualidad\/wp-content\/uploads\/2021\/11\/txantrea_barrio_1.jpg\" \/>\n\t<meta property=\"og:image:width\" content=\"1920\" \/>\n\t<meta property=\"og:image:height\" content=\"1280\" \/>\n\t<meta property=\"og:image:type\" content=\"image\/jpeg\" \/>\n<meta name=\"author\" content=\"La Gu\u00eda de Pamplona\" \/>\n<meta name=\"twitter:card\" content=\"summary_large_image\" \/>\n<meta name=\"twitter:creator\" content=\"@LaGuiadPamplona\" \/>\n<meta name=\"twitter:site\" content=\"@LaGuiadPamplona\" \/>\n<meta name=\"twitter:label1\" content=\"Escrito por\" \/>\n\t<meta name=\"twitter:data1\" content=\"La Gu\u00eda de Pamplona\" \/>\n\t<meta name=\"twitter:label2\" content=\"Tiempo de lectura\" \/>\n\t<meta name=\"twitter:data2\" content=\"3 minutos\" \/>\n<script type=\"application\/ld+json\" class=\"yoast-schema-graph\">{\"@context\":\"https:\\\/\\\/schema.org\",\"@graph\":[{\"@type\":\"Article\",\"@id\":\"https:\\\/\\\/www.laguiadepamplona.com\\\/actualidad\\\/el-proyecto-receta-deportivo-social-se-extiende-este-mes-de-abril-al-segundo-ensanche\\\/#article\",\"isPartOf\":{\"@id\":\"https:\\\/\\\/www.laguiadepamplona.com\\\/actualidad\\\/el-proyecto-receta-deportivo-social-se-extiende-este-mes-de-abril-al-segundo-ensanche\\\/\"},\"author\":{\"name\":\"La Gu\u00eda de Pamplona\",\"@id\":\"https:\\\/\\\/www.laguiadepamplona.com\\\/actualidad\\\/#\\\/schema\\\/person\\\/efe887376f0213d4657c93adc50b1fdb\"},\"headline\":\"El proyecto \u2018Receta deportivo-social\u2019 se extiende este mes de abril al Segundo Ensanche\",\"datePublished\":\"2023-03-28T15:04:58+00:00\",\"dateModified\":\"2023-04-11T09:46:56+00:00\",\"mainEntityOfPage\":{\"@id\":\"https:\\\/\\\/www.laguiadepamplona.com\\\/actualidad\\\/el-proyecto-receta-deportivo-social-se-extiende-este-mes-de-abril-al-segundo-ensanche\\\/\"},\"wordCount\":692,\"commentCount\":0,\"publisher\":{\"@id\":\"https:\\\/\\\/www.laguiadepamplona.com\\\/actualidad\\\/#organization\"},\"image\":{\"@id\":\"https:\\\/\\\/www.laguiadepamplona.com\\\/actualidad\\\/el-proyecto-receta-deportivo-social-se-extiende-este-mes-de-abril-al-segundo-ensanche\\\/#primaryimage\"},\"thumbnailUrl\":\"https:\\\/\\\/www.laguiadepamplona.com\\\/actualidad\\\/wp-content\\\/uploads\\\/2021\\\/11\\\/txantrea_barrio_1.jpg\",\"articleSection\":[\"Ayto Pamplona\"],\"inLanguage\":\"es\",\"potentialAction\":[{\"@type\":\"CommentAction\",\"name\":\"Comment\",\"target\":[\"https:\\\/\\\/www.laguiadepamplona.com\\\/actualidad\\\/el-proyecto-receta-deportivo-social-se-extiende-este-mes-de-abril-al-segundo-ensanche\\\/#respond\"]}]},{\"@type\":\"WebPage\",\"@id\":\"https:\\\/\\\/www.laguiadepamplona.com\\\/actualidad\\\/el-proyecto-receta-deportivo-social-se-extiende-este-mes-de-abril-al-segundo-ensanche\\\/\",\"url\":\"https:\\\/\\\/www.laguiadepamplona.com\\\/actualidad\\\/el-proyecto-receta-deportivo-social-se-extiende-este-mes-de-abril-al-segundo-ensanche\\\/\",\"name\":\"El proyecto \u2018Receta deportivo-social\u2019 se extiende este mes de abril al Segundo Ensanche\",\"isPartOf\":{\"@id\":\"https:\\\/\\\/www.laguiadepamplona.com\\\/actualidad\\\/#website\"},\"primaryImageOfPage\":{\"@id\":\"https:\\\/\\\/www.laguiadepamplona.com\\\/actualidad\\\/el-proyecto-receta-deportivo-social-se-extiende-este-mes-de-abril-al-segundo-ensanche\\\/#primaryimage\"},\"image\":{\"@id\":\"https:\\\/\\\/www.laguiadepamplona.com\\\/actualidad\\\/el-proyecto-receta-deportivo-social-se-extiende-este-mes-de-abril-al-segundo-ensanche\\\/#primaryimage\"},\"thumbnailUrl\":\"https:\\\/\\\/www.laguiadepamplona.com\\\/actualidad\\\/wp-content\\\/uploads\\\/2021\\\/11\\\/txantrea_barrio_1.jpg\",\"datePublished\":\"2023-03-28T15:04:58+00:00\",\"dateModified\":\"2023-04-11T09:46:56+00:00\",\"description\":\"Esta iniciativa, que ya est\u00e1 en marcha en los barrios de Iturrama y Txantrea, se enmarca dentro de la estrategia \u2018Pamplona te cuida\u2019\",\"breadcrumb\":{\"@id\":\"https:\\\/\\\/www.laguiadepamplona.com\\\/actualidad\\\/el-proyecto-receta-deportivo-social-se-extiende-este-mes-de-abril-al-segundo-ensanche\\\/#breadcrumb\"},\"inLanguage\":\"es\",\"potentialAction\":[{\"@type\":\"ReadAction\",\"target\":[\"https:\\\/\\\/www.laguiadepamplona.com\\\/actualidad\\\/el-proyecto-receta-deportivo-social-se-extiende-este-mes-de-abril-al-segundo-ensanche\\\/\"]}]},{\"@type\":\"ImageObject\",\"inLanguage\":\"es\",\"@id\":\"https:\\\/\\\/www.laguiadepamplona.com\\\/actualidad\\\/el-proyecto-receta-deportivo-social-se-extiende-este-mes-de-abril-al-segundo-ensanche\\\/#primaryimage\",\"url\":\"https:\\\/\\\/www.laguiadepamplona.com\\\/actualidad\\\/wp-content\\\/uploads\\\/2021\\\/11\\\/txantrea_barrio_1.jpg\",\"contentUrl\":\"https:\\\/\\\/www.laguiadepamplona.com\\\/actualidad\\\/wp-content\\\/uploads\\\/2021\\\/11\\\/txantrea_barrio_1.jpg\",\"width\":1920,\"height\":1280,\"caption\":\"A* Jes\u00fas Garzaron F* 2020_12_01 T* Barrios de Pamplona L* Calle San Crits\u00f3bal, Txantrea\"},{\"@type\":\"BreadcrumbList\",\"@id\":\"https:\\\/\\\/www.laguiadepamplona.com\\\/actualidad\\\/el-proyecto-receta-deportivo-social-se-extiende-este-mes-de-abril-al-segundo-ensanche\\\/#breadcrumb\",\"itemListElement\":[{\"@type\":\"ListItem\",\"position\":1,\"name\":\"Portada\",\"item\":\"https:\\\/\\\/www.laguiadepamplona.com\\\/actualidad\\\/\"},{\"@type\":\"ListItem\",\"position\":2,\"name\":\"El proyecto \u2018Receta deportivo-social\u2019 se extiende este mes de abril al Segundo Ensanche\"}]},{\"@type\":\"WebSite\",\"@id\":\"https:\\\/\\\/www.laguiadepamplona.com\\\/actualidad\\\/#website\",\"url\":\"https:\\\/\\\/www.laguiadepamplona.com\\\/actualidad\\\/\",\"name\":\"La gu\u00eda de Pamplona\",\"description\":\"Noticias de Pamplona\",\"publisher\":{\"@id\":\"https:\\\/\\\/www.laguiadepamplona.com\\\/actualidad\\\/#organization\"},\"potentialAction\":[{\"@type\":\"SearchAction\",\"target\":{\"@type\":\"EntryPoint\",\"urlTemplate\":\"https:\\\/\\\/www.laguiadepamplona.com\\\/actualidad\\\/?s={search_term_string}\"},\"query-input\":{\"@type\":\"PropertyValueSpecification\",\"valueRequired\":true,\"valueName\":\"search_term_string\"}}],\"inLanguage\":\"es\"},{\"@type\":\"Organization\",\"@id\":\"https:\\\/\\\/www.laguiadepamplona.com\\\/actualidad\\\/#organization\",\"name\":\"La Gu\u00eda de Pamplona \\\/ Noticias\",\"url\":\"https:\\\/\\\/www.laguiadepamplona.com\\\/actualidad\\\/\",\"logo\":{\"@type\":\"ImageObject\",\"inLanguage\":\"es\",\"@id\":\"https:\\\/\\\/www.laguiadepamplona.com\\\/actualidad\\\/#\\\/schema\\\/logo\\\/image\\\/\",\"url\":\"https:\\\/\\\/www.laguiadepamplona.com\\\/actualidad\\\/wp-content\\\/uploads\\\/2018\\\/11\\\/logo-laguiadepamplona18-web1.png\",\"contentUrl\":\"https:\\\/\\\/www.laguiadepamplona.com\\\/actualidad\\\/wp-content\\\/uploads\\\/2018\\\/11\\\/logo-laguiadepamplona18-web1.png\",\"width\":600,\"height\":196,\"caption\":\"La Gu\u00eda de Pamplona \\\/ Noticias\"},\"image\":{\"@id\":\"https:\\\/\\\/www.laguiadepamplona.com\\\/actualidad\\\/#\\\/schema\\\/logo\\\/image\\\/\"},\"sameAs\":[\"https:\\\/\\\/www.facebook.com\\\/laguiadepamplonacom-133175176762273\\\/?ref=hl\",\"https:\\\/\\\/x.com\\\/LaGuiadPamplona\",\"https:\\\/\\\/www.instagram.com\\\/la_guia_de_pamplona\\\/\",\"https:\\\/\\\/www.youtube.com\\\/user\\\/laguiadepamplona\"]},{\"@type\":\"Person\",\"@id\":\"https:\\\/\\\/www.laguiadepamplona.com\\\/actualidad\\\/#\\\/schema\\\/person\\\/efe887376f0213d4657c93adc50b1fdb\",\"name\":\"La Gu\u00eda de Pamplona\",\"image\":{\"@type\":\"ImageObject\",\"inLanguage\":\"es\",\"@id\":\"https:\\\/\\\/secure.gravatar.com\\\/avatar\\\/b6992f131dc8d30ab0dff15446e9d346d9dbd95992de0fef795073f5ea83a81c?s=96&d=mm&r=g\",\"url\":\"https:\\\/\\\/secure.gravatar.com\\\/avatar\\\/b6992f131dc8d30ab0dff15446e9d346d9dbd95992de0fef795073f5ea83a81c?s=96&d=mm&r=g\",\"contentUrl\":\"https:\\\/\\\/secure.gravatar.com\\\/avatar\\\/b6992f131dc8d30ab0dff15446e9d346d9dbd95992de0fef795073f5ea83a81c?s=96&d=mm&r=g\",\"caption\":\"La Gu\u00eda de Pamplona\"}}]}<\/script>\n<!-- \/ Yoast SEO plugin. -->","yoast_head_json":{"title":"El proyecto \u2018Receta deportivo-social\u2019 se extiende este mes de abril al Segundo Ensanche","description":"Esta iniciativa, que ya est\u00e1 en marcha en los barrios de Iturrama y Txantrea, se enmarca dentro de la estrategia \u2018Pamplona te cuida\u2019","robots":{"index":"index","follow":"follow","max-snippet":"max-snippet:-1","max-image-preview":"max-image-preview:large","max-video-preview":"max-video-preview:-1"},"canonical":"https:\/\/www.laguiadepamplona.com\/actualidad\/el-proyecto-receta-deportivo-social-se-extiende-este-mes-de-abril-al-segundo-ensanche\/","og_locale":"es_ES","og_type":"article","og_title":"El proyecto \u2018Receta deportivo-social\u2019 se extiende este mes de abril al Segundo Ensanche","og_description":"Esta iniciativa, que ya est\u00e1 en marcha en los barrios de Iturrama y Txantrea, se enmarca dentro de la estrategia \u2018Pamplona te cuida\u2019","og_url":"https:\/\/www.laguiadepamplona.com\/actualidad\/el-proyecto-receta-deportivo-social-se-extiende-este-mes-de-abril-al-segundo-ensanche\/","og_site_name":"La Gu\u00eda de Pamplona","article_publisher":"https:\/\/www.facebook.com\/laguiadepamplonacom-133175176762273\/?ref=hl","article_published_time":"2023-03-28T15:04:58+00:00","article_modified_time":"2023-04-11T09:46:56+00:00","og_image":[{"width":1920,"height":1280,"url":"https:\/\/www.laguiadepamplona.com\/actualidad\/wp-content\/uploads\/2021\/11\/txantrea_barrio_1.jpg","type":"image\/jpeg"}],"author":"La Gu\u00eda de Pamplona","twitter_card":"summary_large_image","twitter_creator":"@LaGuiadPamplona","twitter_site":"@LaGuiadPamplona","twitter_misc":{"Escrito por":"La Gu\u00eda de Pamplona","Tiempo de lectura":"3 minutos"},"schema":{"@context":"https:\/\/schema.org","@graph":[{"@type":"Article","@id":"https:\/\/www.laguiadepamplona.com\/actualidad\/el-proyecto-receta-deportivo-social-se-extiende-este-mes-de-abril-al-segundo-ensanche\/#article","isPartOf":{"@id":"https:\/\/www.laguiadepamplona.com\/actualidad\/el-proyecto-receta-deportivo-social-se-extiende-este-mes-de-abril-al-segundo-ensanche\/"},"author":{"name":"La Gu\u00eda de Pamplona","@id":"https:\/\/www.laguiadepamplona.com\/actualidad\/#\/schema\/person\/efe887376f0213d4657c93adc50b1fdb"},"headline":"El proyecto \u2018Receta deportivo-social\u2019 se extiende este mes de abril al Segundo Ensanche","datePublished":"2023-03-28T15:04:58+00:00","dateModified":"2023-04-11T09:46:56+00:00","mainEntityOfPage":{"@id":"https:\/\/www.laguiadepamplona.com\/actualidad\/el-proyecto-receta-deportivo-social-se-extiende-este-mes-de-abril-al-segundo-ensanche\/"},"wordCount":692,"commentCount":0,"publisher":{"@id":"https:\/\/www.laguiadepamplona.com\/actualidad\/#organization"},"image":{"@id":"https:\/\/www.laguiadepamplona.com\/actualidad\/el-proyecto-receta-deportivo-social-se-extiende-este-mes-de-abril-al-segundo-ensanche\/#primaryimage"},"thumbnailUrl":"https:\/\/www.laguiadepamplona.com\/actualidad\/wp-content\/uploads\/2021\/11\/txantrea_barrio_1.jpg","articleSection":["Ayto Pamplona"],"inLanguage":"es","potentialAction":[{"@type":"CommentAction","name":"Comment","target":["https:\/\/www.laguiadepamplona.com\/actualidad\/el-proyecto-receta-deportivo-social-se-extiende-este-mes-de-abril-al-segundo-ensanche\/#respond"]}]},{"@type":"WebPage","@id":"https:\/\/www.laguiadepamplona.com\/actualidad\/el-proyecto-receta-deportivo-social-se-extiende-este-mes-de-abril-al-segundo-ensanche\/","url":"https:\/\/www.laguiadepamplona.com\/actualidad\/el-proyecto-receta-deportivo-social-se-extiende-este-mes-de-abril-al-segundo-ensanche\/","name":"El proyecto \u2018Receta deportivo-social\u2019 se extiende este mes de abril al Segundo Ensanche","isPartOf":{"@id":"https:\/\/www.laguiadepamplona.com\/actualidad\/#website"},"primaryImageOfPage":{"@id":"https:\/\/www.laguiadepamplona.com\/actualidad\/el-proyecto-receta-deportivo-social-se-extiende-este-mes-de-abril-al-segundo-ensanche\/#primaryimage"},"image":{"@id":"https:\/\/www.laguiadepamplona.com\/actualidad\/el-proyecto-receta-deportivo-social-se-extiende-este-mes-de-abril-al-segundo-ensanche\/#primaryimage"},"thumbnailUrl":"https:\/\/www.laguiadepamplona.com\/actualidad\/wp-content\/uploads\/2021\/11\/txantrea_barrio_1.jpg","datePublished":"2023-03-28T15:04:58+00:00","dateModified":"2023-04-11T09:46:56+00:00","description":"Esta iniciativa, que ya est\u00e1 en marcha en los barrios de Iturrama y Txantrea, se enmarca dentro de la estrategia \u2018Pamplona te cuida\u2019","breadcrumb":{"@id":"https:\/\/www.laguiadepamplona.com\/actualidad\/el-proyecto-receta-deportivo-social-se-extiende-este-mes-de-abril-al-segundo-ensanche\/#breadcrumb"},"inLanguage":"es","potentialAction":[{"@type":"ReadAction","target":["https:\/\/www.laguiadepamplona.com\/actualidad\/el-proyecto-receta-deportivo-social-se-extiende-este-mes-de-abril-al-segundo-ensanche\/"]}]},{"@type":"ImageObject","inLanguage":"es","@id":"https:\/\/www.laguiadepamplona.com\/actualidad\/el-proyecto-receta-deportivo-social-se-extiende-este-mes-de-abril-al-segundo-ensanche\/#primaryimage","url":"https:\/\/www.laguiadepamplona.com\/actualidad\/wp-content\/uploads\/2021\/11\/txantrea_barrio_1.jpg","contentUrl":"https:\/\/www.laguiadepamplona.com\/actualidad\/wp-content\/uploads\/2021\/11\/txantrea_barrio_1.jpg","width":1920,"height":1280,"caption":"A* Jes\u00fas Garzaron F* 2020_12_01 T* Barrios de Pamplona L* Calle San Crits\u00f3bal, Txantrea"},{"@type":"BreadcrumbList","@id":"https:\/\/www.laguiadepamplona.com\/actualidad\/el-proyecto-receta-deportivo-social-se-extiende-este-mes-de-abril-al-segundo-ensanche\/#breadcrumb","itemListElement":[{"@type":"ListItem","position":1,"name":"Portada","item":"https:\/\/www.laguiadepamplona.com\/actualidad\/"},{"@type":"ListItem","position":2,"name":"El proyecto \u2018Receta deportivo-social\u2019 se extiende este mes de abril al Segundo Ensanche"}]},{"@type":"WebSite","@id":"https:\/\/www.laguiadepamplona.com\/actualidad\/#website","url":"https:\/\/www.laguiadepamplona.com\/actualidad\/","name":"La gu\u00eda de Pamplona","description":"Noticias de Pamplona","publisher":{"@id":"https:\/\/www.laguiadepamplona.com\/actualidad\/#organization"},"potentialAction":[{"@type":"SearchAction","target":{"@type":"EntryPoint","urlTemplate":"https:\/\/www.laguiadepamplona.com\/actualidad\/?s={search_term_string}"},"query-input":{"@type":"PropertyValueSpecification","valueRequired":true,"valueName":"search_term_string"}}],"inLanguage":"es"},{"@type":"Organization","@id":"https:\/\/www.laguiadepamplona.com\/actualidad\/#organization","name":"La Gu\u00eda de Pamplona \/ Noticias","url":"https:\/\/www.laguiadepamplona.com\/actualidad\/","logo":{"@type":"ImageObject","inLanguage":"es","@id":"https:\/\/www.laguiadepamplona.com\/actualidad\/#\/schema\/logo\/image\/","url":"https:\/\/www.laguiadepamplona.com\/actualidad\/wp-content\/uploads\/2018\/11\/logo-laguiadepamplona18-web1.png","contentUrl":"https:\/\/www.laguiadepamplona.com\/actualidad\/wp-content\/uploads\/2018\/11\/logo-laguiadepamplona18-web1.png","width":600,"height":196,"caption":"La Gu\u00eda de Pamplona \/ Noticias"},"image":{"@id":"https:\/\/www.laguiadepamplona.com\/actualidad\/#\/schema\/logo\/image\/"},"sameAs":["https:\/\/www.facebook.com\/laguiadepamplonacom-133175176762273\/?ref=hl","https:\/\/x.com\/LaGuiadPamplona","https:\/\/www.instagram.com\/la_guia_de_pamplona\/","https:\/\/www.youtube.com\/user\/laguiadepamplona"]},{"@type":"Person","@id":"https:\/\/www.laguiadepamplona.com\/actualidad\/#\/schema\/person\/efe887376f0213d4657c93adc50b1fdb","name":"La Gu\u00eda de Pamplona","image":{"@type":"ImageObject","inLanguage":"es","@id":"https:\/\/secure.gravatar.com\/avatar\/b6992f131dc8d30ab0dff15446e9d346d9dbd95992de0fef795073f5ea83a81c?s=96&d=mm&r=g","url":"https:\/\/secure.gravatar.com\/avatar\/b6992f131dc8d30ab0dff15446e9d346d9dbd95992de0fef795073f5ea83a81c?s=96&d=mm&r=g","contentUrl":"https:\/\/secure.gravatar.com\/avatar\/b6992f131dc8d30ab0dff15446e9d346d9dbd95992de0fef795073f5ea83a81c?s=96&d=mm&r=g","caption":"La Gu\u00eda de Pamplona"}}]}},"post_mailing_queue_ids":[],"_links":{"self":[{"href":"https:\/\/www.laguiadepamplona.com\/actualidad\/wp-json\/wp\/v2\/posts\/43334","targetHints":{"allow":["GET"]}}],"collection":[{"href":"https:\/\/www.laguiadepamplona.com\/actualidad\/wp-json\/wp\/v2\/posts"}],"about":[{"href":"https:\/\/www.laguiadepamplona.com\/actualidad\/wp-json\/wp\/v2\/types\/post"}],"author":[{"embeddable":true,"href":"https:\/\/www.laguiadepamplona.com\/actualidad\/wp-json\/wp\/v2\/users\/1"}],"replies":[{"embeddable":true,"href":"https:\/\/www.laguiadepamplona.com\/actualidad\/wp-json\/wp\/v2\/comments?post=43334"}],"version-history":[{"count":0,"href":"https:\/\/www.laguiadepamplona.com\/actualidad\/wp-json\/wp\/v2\/posts\/43334\/revisions"}],"wp:featuredmedia":[{"embeddable":true,"href":"https:\/\/www.laguiadepamplona.com\/actualidad\/wp-json\/wp\/v2\/media\/37292"}],"wp:attachment":[{"href":"https:\/\/www.laguiadepamplona.com\/actualidad\/wp-json\/wp\/v2\/media?parent=43334"}],"wp:term":[{"taxonomy":"category","embeddable":true,"href":"https:\/\/www.laguiadepamplona.com\/actualidad\/wp-json\/wp\/v2\/categories?post=43334"},{"taxonomy":"post_tag","embeddable":true,"href":"https:\/\/www.laguiadepamplona.com\/actualidad\/wp-json\/wp\/v2\/tags?post=43334"}],"curies":[{"name":"wp","href":"https:\/\/api.w.org\/{rel}","templated":true}]}}