{"id":43331,"date":"2023-03-28T17:03:15","date_gmt":"2023-03-28T15:03:15","guid":{"rendered":"https:\/\/www.laguiadepamplona.com\/actualidad\/?p=43331"},"modified":"2023-04-11T11:46:56","modified_gmt":"2023-04-11T09:46:56","slug":"pamplona-inicia-el-proceso-de-participacion-social-en-pamplona-sf365-el-plan-de-sostenibilidad-turistica-en-destino-que-se-disena-para-la-ciudad","status":"publish","type":"post","link":"https:\/\/www.laguiadepamplona.com\/actualidad\/pamplona-inicia-el-proceso-de-participacion-social-en-pamplona-sf365-el-plan-de-sostenibilidad-turistica-en-destino-que-se-disena-para-la-ciudad\/","title":{"rendered":"Pamplona inicia el proceso de participaci\u00f3n social en \u201cPamplona SF365\u201d, el Plan de Sostenibilidad Tur\u00edstica en Destino que se dise\u00f1a para la ciudad"},"content":{"rendered":"<h5>El Palacio del Condestable est\u00e1 acogiendo esta ma\u00f1ana un acto de presentaci\u00f3n de las actuaciones previstas hasta 2024<\/h5>\n<p><!--more--><\/p>\n<p>Pamplona ha dado esta ma\u00f1ana el primer paso del proceso de participaci\u00f3n para su Plan de Sostenibilidad Tur\u00edstica en Destino (PSTD), una propuesta de inversi\u00f3n de transformaci\u00f3n del modelo tur\u00edstico hacia la sostenibilidad para 2024 que ha recibido 5,5 millones de los Fondos Netx Generation EU. En el Palacio de Condestable se est\u00e1n dando cita asociaciones del sector, empresas locales, asociaciones vecinales y de comerciantes y los principales actores del sector en una sesi\u00f3n bajo la presidencia de Ana Elizalde, concejala delegada de Gobierno Estrat\u00e9gico Comercio y Turismo del Ayuntamiento de Pamplona y Maitena Ezkutari, directora general de Turismo, Comercio y Consumo de Gobierno de Navarra.<br \/>\n<script async src=\"\/\/pagead2.googlesyndication.com\/pagead\/js\/adsbygoogle.js\"><\/script><br \/>\n<!-- Noticias La Guia de Pamplona --><br \/>\n<ins class=\"adsbygoogle\"\nstyle=\"display:block\"\ndata-ad-client=\"ca-pub-6943679897239327\"\ndata-ad-slot=\"7048180777\"\ndata-ad-format=\"auto\"><\/ins><br \/>\n<script>\n(adsbygoogle = window.adsbygoogle || []).push({});\n<\/script><\/p>\n<p>La sesi\u00f3n se destina a informar de primera mano a las personas presentes de los contenidos del Plan de Sostenibilidad Tur\u00edstica en Destino que, con el nombre \u201cPamplona SF365\u201d, se aprob\u00f3 en 2022 y se ir\u00e1 desarrollando en los pr\u00f3ximos a\u00f1os. Esta reuni\u00f3n es el primer paso del proceso participativo dise\u00f1ado por el \u00c1rea de Educaci\u00f3n, Participaci\u00f3n Ciudadana y Juventud conforme al Reglamento de Participaci\u00f3n Ciudadana y que ser\u00e1 facilitado por la consultor\u00eda Aret\u00e9 Activa, de acuerdo tambi\u00e9n con las bases de concesi\u00f3n del Plan de Recuperaci\u00f3n, Transformaci\u00f3n y Resiliencia (PRTR).<\/p>\n<p>El proceso participativo tendr\u00e1 una duraci\u00f3n de un a\u00f1o y 9 meses, periodo en el que se prev\u00e9n distintos mecanismos de participaci\u00f3n para la informaci\u00f3n, consulta, deliberaci\u00f3n y an\u00e1lisis de propuestas en torno a 4 ejes que se concretan en 13 actuaciones. Tambi\u00e9n dise\u00f1a un seguimiento participado de la ejecuci\u00f3n de estas actuaciones. En relaci\u00f3n al sistema, se prev\u00e9n dos estructuras estables de participaci\u00f3n como son el Grupo Motor del Plan y los Foros Tem\u00e1ticos, pero se arbitrar\u00e1n otras formas de participaci\u00f3n como entrevistas-encuestas, buz\u00f3n de sugerencias, talleres sectoriales, etc. cuyas convocatorias y resultados podr\u00e1n seguirse en el portal <a href=\"http:\/\/www.decidepamplona.es\" target=\"_blank\" rel=\"noopener\">www.decidepamplona.es<\/a>. Adem\u00e1s, se ha habilitado un correo electr\u00f3nico de contacto: <a href=\"mailto:turismosostenible@pamplona.es\">turismosostenible@pamplona.es<\/a>. Toda la informaci\u00f3n sobre ejecuci\u00f3n presupuestaria y desarrollo del Plan Municipal estar\u00e1 disponible y actualizada en <a href=\"http:\/\/www.pamplona.es\/turismo\" target=\"_blank\" rel=\"noopener\">www.pamplona.es\/turismo<\/a>.<br \/>\n<script async src=\"\/\/pagead2.googlesyndication.com\/pagead\/js\/adsbygoogle.js\"><\/script><br \/>\n<!-- Noticias La Guia de Pamplona --><br \/>\n<ins class=\"adsbygoogle\"\nstyle=\"display:block\"\ndata-ad-client=\"ca-pub-6943679897239327\"\ndata-ad-slot=\"7048180777\"\ndata-ad-format=\"auto\"><\/ins><br \/>\n<script>\n(adsbygoogle = window.adsbygoogle || []).push({});\n<\/script><\/p>\n<p><strong>\u2018San Ferm\u00edn 365\u2019<\/strong><\/p>\n<p>La transformaci\u00f3n del modelo tur\u00edstico hacia la sostenibilidad, tiene en su dise\u00f1o una triple vertiente: medioambiental, socioecon\u00f3mica y territorial y, centra sus acciones en la mejora de la imagen y relato de los Sanfermines para que el atractivo de la fiesta se extienda a diferentes \u00e9pocas del a\u00f1o; la puesta en valor del parque fluvial del Arga y parques de la ciudad en un proyecto de ecoturismo y, el desarrollo de turismo de negocios y eventos.<\/p>\n<p>Estas acciones tienen un doble objetivo, primero beneficiar a los hombres y mujeres residentes de la ciudad, principales beneficiarios de las actividades tur\u00edsticas y mejoras a realizar en t\u00e9rminos de eficiencia energ\u00e9tica y circularidad; y, en segundo lugar, a los operadores privados del sector. En concreto, el objetivo es contribuir a un incremento de la actividad de las empresas tur\u00edsticas y, por tanto, del empleo; incorporar la cultura de sostenibilidad en el sistema de producci\u00f3n, actuar con determinaci\u00f3n sobre el dise\u00f1o y la reorientaci\u00f3n del producto Sanfermines y la imagen proyectada.<br \/>\n<script async src=\"\/\/pagead2.googlesyndication.com\/pagead\/js\/adsbygoogle.js\"><\/script><br \/>\n<!-- Noticias La Guia de Pamplona --><br \/>\n<ins class=\"adsbygoogle\"\nstyle=\"display:block\"\ndata-ad-client=\"ca-pub-6943679897239327\"\ndata-ad-slot=\"7048180777\"\ndata-ad-format=\"auto\"><\/ins><br \/>\n<script>\n(adsbygoogle = window.adsbygoogle || []).push({});\n<\/script><\/p>\n<p>Adem\u00e1s, se tratar\u00e1 de procurar los medios para el desarrollo de eventos sostenibles, diversificar incorporando al portfolio la oferta de cicloturismo, naturaleza, ecoturismo y cultural, preparar los servicios e infraestructuras p\u00fablicas frente al cambio clim\u00e1tico y dotar al sistema de gobernanza de un sistema de inteligencia que permita una toma de decisiones eficiente basada en datos.<\/p>\n<p>Los cuatro grandes ejes de trabajo para los pr\u00f3ximos a\u00f1os son la transici\u00f3n verde y sostenible, la mejora de la eficiencia energ\u00e9tica, la transici\u00f3n digital y la competitividad. Entre las actuaciones previstas se encuentran la generaci\u00f3n de un centro de experiencias en el cuerpo de guardia de Santo Domingo, la generaci\u00f3n de aparcamientos \u2013 consigna para el cicloturismo en el Casco Antiguo, alojamientos eBike, un archivo documental audiovisual digital sobre Sanfermines o el dise\u00f1o e implantaci\u00f3n de un producto tur\u00edstico \u2018Ecosistema Fluvial del Arga\u2019.<br \/>\n<script async src=\"\/\/pagead2.googlesyndication.com\/pagead\/js\/adsbygoogle.js\"><\/script><br \/>\n<!-- Noticias La Guia de Pamplona --><br \/>\n<ins class=\"adsbygoogle\"\nstyle=\"display:block\"\ndata-ad-client=\"ca-pub-6943679897239327\"\ndata-ad-slot=\"7048180777\"\ndata-ad-format=\"auto\"><\/ins><br \/>\n<script>\n(adsbygoogle = window.adsbygoogle || []).push({});\n<\/script><\/p>\n<p>&nbsp;<\/p>\n<h3>Actuaciones aprobadas dentro de \u201cPamplona SF 365\u201d<\/h3>\n<p>Objetivo del proyecto \u201cPamplona SF 365\u201d: desarrollar un modelo tur\u00edstico sostenible y una transformaci\u00f3n del sector que incida positivamente en la econom\u00eda, la sociedad y el medio ambiente.<\/p>\n<ul>\n<li>El eje 1, transici\u00f3n verde y sostenible, consta de cuatro actuaciones: sistemas de drenaje urbano sostenible; cicloturismo, aparcamientos seguros e inteligentes; ecoturismo urbano y ciudad circular.<\/li>\n<li>El eje 2, mejora de la eficiencia energ\u00e9tica, con actuaciones como Meet Green Pamplona; arquitectura sostenible para el turismo; plan de movilidad tur\u00edstica urbana, caminabilidad, gesti\u00f3n de flujos y capacidad de carga.<\/li>\n<li>El eje 3, transici\u00f3n digital, con actuaciones se centran en: gobernanza inteligente; SF365 espacio urbano virtual y plan de marketing digital 2022-2024.<\/li>\n<li>El eje 4, competitividad, con acciones como SF365 Sanfermines Sostenibles; SF365 Sanfermines Accesibles y Pamplona PSTD Oficina de Gerencia.<\/li>\n<\/ul>\n","protected":false},"excerpt":{"rendered":"<p>El Palacio del Condestable est\u00e1 acogiendo esta ma\u00f1ana un acto de presentaci\u00f3n de las actuaciones previstas hasta 2024<\/p>\n","protected":false},"author":1,"featured_media":43332,"comment_status":"open","ping_status":"closed","sticky":false,"template":"","format":"standard","meta":{"footnotes":""},"categories":[2],"tags":[],"class_list":["post-43331","post","type-post","status-publish","format-standard","has-post-thumbnail","hentry","category-ayuntamiento-pamplona"],"yoast_head":"<!-- This site is optimized with the Yoast SEO plugin v27.3 - https:\/\/yoast.com\/product\/yoast-seo-wordpress\/ -->\n<title>Pamplona inicia el proceso de participaci\u00f3n social en \u201cPamplona SF365\u201d, el Plan de Sostenibilidad Tur\u00edstica en Destino que se dise\u00f1a para la ciudad<\/title>\n<meta name=\"description\" content=\"El Palacio del Condestable est\u00e1 acogiendo esta ma\u00f1ana un acto de presentaci\u00f3n de las actuaciones previstas hasta 2024\" \/>\n<meta name=\"robots\" content=\"index, follow, max-snippet:-1, max-image-preview:large, max-video-preview:-1\" \/>\n<link rel=\"canonical\" href=\"https:\/\/www.laguiadepamplona.com\/actualidad\/pamplona-inicia-el-proceso-de-participacion-social-en-pamplona-sf365-el-plan-de-sostenibilidad-turistica-en-destino-que-se-disena-para-la-ciudad\/\" \/>\n<meta property=\"og:locale\" content=\"es_ES\" \/>\n<meta property=\"og:type\" content=\"article\" \/>\n<meta property=\"og:title\" content=\"Pamplona inicia el proceso de participaci\u00f3n social en \u201cPamplona SF365\u201d, el Plan de Sostenibilidad Tur\u00edstica en Destino que se dise\u00f1a para la ciudad\" \/>\n<meta property=\"og:description\" content=\"El Palacio del Condestable est\u00e1 acogiendo esta ma\u00f1ana un acto de presentaci\u00f3n de las actuaciones previstas hasta 2024\" \/>\n<meta property=\"og:url\" content=\"https:\/\/www.laguiadepamplona.com\/actualidad\/pamplona-inicia-el-proceso-de-participacion-social-en-pamplona-sf365-el-plan-de-sostenibilidad-turistica-en-destino-que-se-disena-para-la-ciudad\/\" \/>\n<meta property=\"og:site_name\" content=\"La Gu\u00eda de Pamplona\" \/>\n<meta property=\"article:publisher\" content=\"https:\/\/www.facebook.com\/laguiadepamplonacom-133175176762273\/?ref=hl\" \/>\n<meta property=\"article:published_time\" content=\"2023-03-28T15:03:15+00:00\" \/>\n<meta property=\"article:modified_time\" content=\"2023-04-11T09:46:56+00:00\" \/>\n<meta property=\"og:image\" content=\"https:\/\/www.laguiadepamplona.com\/actualidad\/wp-content\/uploads\/2023\/03\/20230328turismo365q5a1945.webp\" \/>\n\t<meta property=\"og:image:width\" content=\"1920\" \/>\n\t<meta property=\"og:image:height\" content=\"1281\" \/>\n\t<meta property=\"og:image:type\" content=\"image\/webp\" \/>\n<meta name=\"author\" content=\"La Gu\u00eda de Pamplona\" \/>\n<meta name=\"twitter:card\" content=\"summary_large_image\" \/>\n<meta name=\"twitter:creator\" content=\"@LaGuiadPamplona\" \/>\n<meta name=\"twitter:site\" content=\"@LaGuiadPamplona\" \/>\n<meta name=\"twitter:label1\" content=\"Escrito por\" \/>\n\t<meta name=\"twitter:data1\" content=\"La Gu\u00eda de Pamplona\" \/>\n\t<meta name=\"twitter:label2\" content=\"Tiempo de lectura\" \/>\n\t<meta name=\"twitter:data2\" content=\"4 minutos\" \/>\n<script type=\"application\/ld+json\" class=\"yoast-schema-graph\">{\"@context\":\"https:\\\/\\\/schema.org\",\"@graph\":[{\"@type\":\"Article\",\"@id\":\"https:\\\/\\\/www.laguiadepamplona.com\\\/actualidad\\\/pamplona-inicia-el-proceso-de-participacion-social-en-pamplona-sf365-el-plan-de-sostenibilidad-turistica-en-destino-que-se-disena-para-la-ciudad\\\/#article\",\"isPartOf\":{\"@id\":\"https:\\\/\\\/www.laguiadepamplona.com\\\/actualidad\\\/pamplona-inicia-el-proceso-de-participacion-social-en-pamplona-sf365-el-plan-de-sostenibilidad-turistica-en-destino-que-se-disena-para-la-ciudad\\\/\"},\"author\":{\"name\":\"La Gu\u00eda de Pamplona\",\"@id\":\"https:\\\/\\\/www.laguiadepamplona.com\\\/actualidad\\\/#\\\/schema\\\/person\\\/efe887376f0213d4657c93adc50b1fdb\"},\"headline\":\"Pamplona inicia el proceso de participaci\u00f3n social en \u201cPamplona SF365\u201d, el Plan de Sostenibilidad Tur\u00edstica en Destino que se dise\u00f1a para la ciudad\",\"datePublished\":\"2023-03-28T15:03:15+00:00\",\"dateModified\":\"2023-04-11T09:46:56+00:00\",\"mainEntityOfPage\":{\"@id\":\"https:\\\/\\\/www.laguiadepamplona.com\\\/actualidad\\\/pamplona-inicia-el-proceso-de-participacion-social-en-pamplona-sf365-el-plan-de-sostenibilidad-turistica-en-destino-que-se-disena-para-la-ciudad\\\/\"},\"wordCount\":887,\"commentCount\":0,\"publisher\":{\"@id\":\"https:\\\/\\\/www.laguiadepamplona.com\\\/actualidad\\\/#organization\"},\"image\":{\"@id\":\"https:\\\/\\\/www.laguiadepamplona.com\\\/actualidad\\\/pamplona-inicia-el-proceso-de-participacion-social-en-pamplona-sf365-el-plan-de-sostenibilidad-turistica-en-destino-que-se-disena-para-la-ciudad\\\/#primaryimage\"},\"thumbnailUrl\":\"https:\\\/\\\/www.laguiadepamplona.com\\\/actualidad\\\/wp-content\\\/uploads\\\/2023\\\/03\\\/20230328turismo365q5a1945.webp\",\"articleSection\":[\"Ayto Pamplona\"],\"inLanguage\":\"es\",\"potentialAction\":[{\"@type\":\"CommentAction\",\"name\":\"Comment\",\"target\":[\"https:\\\/\\\/www.laguiadepamplona.com\\\/actualidad\\\/pamplona-inicia-el-proceso-de-participacion-social-en-pamplona-sf365-el-plan-de-sostenibilidad-turistica-en-destino-que-se-disena-para-la-ciudad\\\/#respond\"]}]},{\"@type\":\"WebPage\",\"@id\":\"https:\\\/\\\/www.laguiadepamplona.com\\\/actualidad\\\/pamplona-inicia-el-proceso-de-participacion-social-en-pamplona-sf365-el-plan-de-sostenibilidad-turistica-en-destino-que-se-disena-para-la-ciudad\\\/\",\"url\":\"https:\\\/\\\/www.laguiadepamplona.com\\\/actualidad\\\/pamplona-inicia-el-proceso-de-participacion-social-en-pamplona-sf365-el-plan-de-sostenibilidad-turistica-en-destino-que-se-disena-para-la-ciudad\\\/\",\"name\":\"Pamplona inicia el proceso de participaci\u00f3n social en \u201cPamplona SF365\u201d, el Plan de Sostenibilidad Tur\u00edstica en Destino que se dise\u00f1a para la ciudad\",\"isPartOf\":{\"@id\":\"https:\\\/\\\/www.laguiadepamplona.com\\\/actualidad\\\/#website\"},\"primaryImageOfPage\":{\"@id\":\"https:\\\/\\\/www.laguiadepamplona.com\\\/actualidad\\\/pamplona-inicia-el-proceso-de-participacion-social-en-pamplona-sf365-el-plan-de-sostenibilidad-turistica-en-destino-que-se-disena-para-la-ciudad\\\/#primaryimage\"},\"image\":{\"@id\":\"https:\\\/\\\/www.laguiadepamplona.com\\\/actualidad\\\/pamplona-inicia-el-proceso-de-participacion-social-en-pamplona-sf365-el-plan-de-sostenibilidad-turistica-en-destino-que-se-disena-para-la-ciudad\\\/#primaryimage\"},\"thumbnailUrl\":\"https:\\\/\\\/www.laguiadepamplona.com\\\/actualidad\\\/wp-content\\\/uploads\\\/2023\\\/03\\\/20230328turismo365q5a1945.webp\",\"datePublished\":\"2023-03-28T15:03:15+00:00\",\"dateModified\":\"2023-04-11T09:46:56+00:00\",\"description\":\"El Palacio del Condestable est\u00e1 acogiendo esta ma\u00f1ana un acto de presentaci\u00f3n de las actuaciones previstas hasta 2024\",\"breadcrumb\":{\"@id\":\"https:\\\/\\\/www.laguiadepamplona.com\\\/actualidad\\\/pamplona-inicia-el-proceso-de-participacion-social-en-pamplona-sf365-el-plan-de-sostenibilidad-turistica-en-destino-que-se-disena-para-la-ciudad\\\/#breadcrumb\"},\"inLanguage\":\"es\",\"potentialAction\":[{\"@type\":\"ReadAction\",\"target\":[\"https:\\\/\\\/www.laguiadepamplona.com\\\/actualidad\\\/pamplona-inicia-el-proceso-de-participacion-social-en-pamplona-sf365-el-plan-de-sostenibilidad-turistica-en-destino-que-se-disena-para-la-ciudad\\\/\"]}]},{\"@type\":\"ImageObject\",\"inLanguage\":\"es\",\"@id\":\"https:\\\/\\\/www.laguiadepamplona.com\\\/actualidad\\\/pamplona-inicia-el-proceso-de-participacion-social-en-pamplona-sf365-el-plan-de-sostenibilidad-turistica-en-destino-que-se-disena-para-la-ciudad\\\/#primaryimage\",\"url\":\"https:\\\/\\\/www.laguiadepamplona.com\\\/actualidad\\\/wp-content\\\/uploads\\\/2023\\\/03\\\/20230328turismo365q5a1945.webp\",\"contentUrl\":\"https:\\\/\\\/www.laguiadepamplona.com\\\/actualidad\\\/wp-content\\\/uploads\\\/2023\\\/03\\\/20230328turismo365q5a1945.webp\",\"width\":1920,\"height\":1281},{\"@type\":\"BreadcrumbList\",\"@id\":\"https:\\\/\\\/www.laguiadepamplona.com\\\/actualidad\\\/pamplona-inicia-el-proceso-de-participacion-social-en-pamplona-sf365-el-plan-de-sostenibilidad-turistica-en-destino-que-se-disena-para-la-ciudad\\\/#breadcrumb\",\"itemListElement\":[{\"@type\":\"ListItem\",\"position\":1,\"name\":\"Portada\",\"item\":\"https:\\\/\\\/www.laguiadepamplona.com\\\/actualidad\\\/\"},{\"@type\":\"ListItem\",\"position\":2,\"name\":\"Pamplona inicia el proceso de participaci\u00f3n social en \u201cPamplona SF365\u201d, el Plan de Sostenibilidad Tur\u00edstica en Destino que se dise\u00f1a para la ciudad\"}]},{\"@type\":\"WebSite\",\"@id\":\"https:\\\/\\\/www.laguiadepamplona.com\\\/actualidad\\\/#website\",\"url\":\"https:\\\/\\\/www.laguiadepamplona.com\\\/actualidad\\\/\",\"name\":\"La gu\u00eda de Pamplona\",\"description\":\"Noticias de Pamplona\",\"publisher\":{\"@id\":\"https:\\\/\\\/www.laguiadepamplona.com\\\/actualidad\\\/#organization\"},\"potentialAction\":[{\"@type\":\"SearchAction\",\"target\":{\"@type\":\"EntryPoint\",\"urlTemplate\":\"https:\\\/\\\/www.laguiadepamplona.com\\\/actualidad\\\/?s={search_term_string}\"},\"query-input\":{\"@type\":\"PropertyValueSpecification\",\"valueRequired\":true,\"valueName\":\"search_term_string\"}}],\"inLanguage\":\"es\"},{\"@type\":\"Organization\",\"@id\":\"https:\\\/\\\/www.laguiadepamplona.com\\\/actualidad\\\/#organization\",\"name\":\"La Gu\u00eda de Pamplona \\\/ Noticias\",\"url\":\"https:\\\/\\\/www.laguiadepamplona.com\\\/actualidad\\\/\",\"logo\":{\"@type\":\"ImageObject\",\"inLanguage\":\"es\",\"@id\":\"https:\\\/\\\/www.laguiadepamplona.com\\\/actualidad\\\/#\\\/schema\\\/logo\\\/image\\\/\",\"url\":\"https:\\\/\\\/www.laguiadepamplona.com\\\/actualidad\\\/wp-content\\\/uploads\\\/2018\\\/11\\\/logo-laguiadepamplona18-web1.png\",\"contentUrl\":\"https:\\\/\\\/www.laguiadepamplona.com\\\/actualidad\\\/wp-content\\\/uploads\\\/2018\\\/11\\\/logo-laguiadepamplona18-web1.png\",\"width\":600,\"height\":196,\"caption\":\"La Gu\u00eda de Pamplona \\\/ Noticias\"},\"image\":{\"@id\":\"https:\\\/\\\/www.laguiadepamplona.com\\\/actualidad\\\/#\\\/schema\\\/logo\\\/image\\\/\"},\"sameAs\":[\"https:\\\/\\\/www.facebook.com\\\/laguiadepamplonacom-133175176762273\\\/?ref=hl\",\"https:\\\/\\\/x.com\\\/LaGuiadPamplona\",\"https:\\\/\\\/www.instagram.com\\\/la_guia_de_pamplona\\\/\",\"https:\\\/\\\/www.youtube.com\\\/user\\\/laguiadepamplona\"]},{\"@type\":\"Person\",\"@id\":\"https:\\\/\\\/www.laguiadepamplona.com\\\/actualidad\\\/#\\\/schema\\\/person\\\/efe887376f0213d4657c93adc50b1fdb\",\"name\":\"La Gu\u00eda de Pamplona\",\"image\":{\"@type\":\"ImageObject\",\"inLanguage\":\"es\",\"@id\":\"https:\\\/\\\/secure.gravatar.com\\\/avatar\\\/b6992f131dc8d30ab0dff15446e9d346d9dbd95992de0fef795073f5ea83a81c?s=96&d=mm&r=g\",\"url\":\"https:\\\/\\\/secure.gravatar.com\\\/avatar\\\/b6992f131dc8d30ab0dff15446e9d346d9dbd95992de0fef795073f5ea83a81c?s=96&d=mm&r=g\",\"contentUrl\":\"https:\\\/\\\/secure.gravatar.com\\\/avatar\\\/b6992f131dc8d30ab0dff15446e9d346d9dbd95992de0fef795073f5ea83a81c?s=96&d=mm&r=g\",\"caption\":\"La Gu\u00eda de Pamplona\"}}]}<\/script>\n<!-- \/ Yoast SEO plugin. -->","yoast_head_json":{"title":"Pamplona inicia el proceso de participaci\u00f3n social en \u201cPamplona SF365\u201d, el Plan de Sostenibilidad Tur\u00edstica en Destino que se dise\u00f1a para la ciudad","description":"El Palacio del Condestable est\u00e1 acogiendo esta ma\u00f1ana un acto de presentaci\u00f3n de las actuaciones previstas hasta 2024","robots":{"index":"index","follow":"follow","max-snippet":"max-snippet:-1","max-image-preview":"max-image-preview:large","max-video-preview":"max-video-preview:-1"},"canonical":"https:\/\/www.laguiadepamplona.com\/actualidad\/pamplona-inicia-el-proceso-de-participacion-social-en-pamplona-sf365-el-plan-de-sostenibilidad-turistica-en-destino-que-se-disena-para-la-ciudad\/","og_locale":"es_ES","og_type":"article","og_title":"Pamplona inicia el proceso de participaci\u00f3n social en \u201cPamplona SF365\u201d, el Plan de Sostenibilidad Tur\u00edstica en Destino que se dise\u00f1a para la ciudad","og_description":"El Palacio del Condestable est\u00e1 acogiendo esta ma\u00f1ana un acto de presentaci\u00f3n de las actuaciones previstas hasta 2024","og_url":"https:\/\/www.laguiadepamplona.com\/actualidad\/pamplona-inicia-el-proceso-de-participacion-social-en-pamplona-sf365-el-plan-de-sostenibilidad-turistica-en-destino-que-se-disena-para-la-ciudad\/","og_site_name":"La Gu\u00eda de Pamplona","article_publisher":"https:\/\/www.facebook.com\/laguiadepamplonacom-133175176762273\/?ref=hl","article_published_time":"2023-03-28T15:03:15+00:00","article_modified_time":"2023-04-11T09:46:56+00:00","og_image":[{"width":1920,"height":1281,"url":"https:\/\/www.laguiadepamplona.com\/actualidad\/wp-content\/uploads\/2023\/03\/20230328turismo365q5a1945.webp","type":"image\/webp"}],"author":"La Gu\u00eda de Pamplona","twitter_card":"summary_large_image","twitter_creator":"@LaGuiadPamplona","twitter_site":"@LaGuiadPamplona","twitter_misc":{"Escrito por":"La Gu\u00eda de Pamplona","Tiempo de lectura":"4 minutos"},"schema":{"@context":"https:\/\/schema.org","@graph":[{"@type":"Article","@id":"https:\/\/www.laguiadepamplona.com\/actualidad\/pamplona-inicia-el-proceso-de-participacion-social-en-pamplona-sf365-el-plan-de-sostenibilidad-turistica-en-destino-que-se-disena-para-la-ciudad\/#article","isPartOf":{"@id":"https:\/\/www.laguiadepamplona.com\/actualidad\/pamplona-inicia-el-proceso-de-participacion-social-en-pamplona-sf365-el-plan-de-sostenibilidad-turistica-en-destino-que-se-disena-para-la-ciudad\/"},"author":{"name":"La Gu\u00eda de Pamplona","@id":"https:\/\/www.laguiadepamplona.com\/actualidad\/#\/schema\/person\/efe887376f0213d4657c93adc50b1fdb"},"headline":"Pamplona inicia el proceso de participaci\u00f3n social en \u201cPamplona SF365\u201d, el Plan de Sostenibilidad Tur\u00edstica en Destino que se dise\u00f1a para la ciudad","datePublished":"2023-03-28T15:03:15+00:00","dateModified":"2023-04-11T09:46:56+00:00","mainEntityOfPage":{"@id":"https:\/\/www.laguiadepamplona.com\/actualidad\/pamplona-inicia-el-proceso-de-participacion-social-en-pamplona-sf365-el-plan-de-sostenibilidad-turistica-en-destino-que-se-disena-para-la-ciudad\/"},"wordCount":887,"commentCount":0,"publisher":{"@id":"https:\/\/www.laguiadepamplona.com\/actualidad\/#organization"},"image":{"@id":"https:\/\/www.laguiadepamplona.com\/actualidad\/pamplona-inicia-el-proceso-de-participacion-social-en-pamplona-sf365-el-plan-de-sostenibilidad-turistica-en-destino-que-se-disena-para-la-ciudad\/#primaryimage"},"thumbnailUrl":"https:\/\/www.laguiadepamplona.com\/actualidad\/wp-content\/uploads\/2023\/03\/20230328turismo365q5a1945.webp","articleSection":["Ayto Pamplona"],"inLanguage":"es","potentialAction":[{"@type":"CommentAction","name":"Comment","target":["https:\/\/www.laguiadepamplona.com\/actualidad\/pamplona-inicia-el-proceso-de-participacion-social-en-pamplona-sf365-el-plan-de-sostenibilidad-turistica-en-destino-que-se-disena-para-la-ciudad\/#respond"]}]},{"@type":"WebPage","@id":"https:\/\/www.laguiadepamplona.com\/actualidad\/pamplona-inicia-el-proceso-de-participacion-social-en-pamplona-sf365-el-plan-de-sostenibilidad-turistica-en-destino-que-se-disena-para-la-ciudad\/","url":"https:\/\/www.laguiadepamplona.com\/actualidad\/pamplona-inicia-el-proceso-de-participacion-social-en-pamplona-sf365-el-plan-de-sostenibilidad-turistica-en-destino-que-se-disena-para-la-ciudad\/","name":"Pamplona inicia el proceso de participaci\u00f3n social en \u201cPamplona SF365\u201d, el Plan de Sostenibilidad Tur\u00edstica en Destino que se dise\u00f1a para la ciudad","isPartOf":{"@id":"https:\/\/www.laguiadepamplona.com\/actualidad\/#website"},"primaryImageOfPage":{"@id":"https:\/\/www.laguiadepamplona.com\/actualidad\/pamplona-inicia-el-proceso-de-participacion-social-en-pamplona-sf365-el-plan-de-sostenibilidad-turistica-en-destino-que-se-disena-para-la-ciudad\/#primaryimage"},"image":{"@id":"https:\/\/www.laguiadepamplona.com\/actualidad\/pamplona-inicia-el-proceso-de-participacion-social-en-pamplona-sf365-el-plan-de-sostenibilidad-turistica-en-destino-que-se-disena-para-la-ciudad\/#primaryimage"},"thumbnailUrl":"https:\/\/www.laguiadepamplona.com\/actualidad\/wp-content\/uploads\/2023\/03\/20230328turismo365q5a1945.webp","datePublished":"2023-03-28T15:03:15+00:00","dateModified":"2023-04-11T09:46:56+00:00","description":"El Palacio del Condestable est\u00e1 acogiendo esta ma\u00f1ana un acto de presentaci\u00f3n de las actuaciones previstas hasta 2024","breadcrumb":{"@id":"https:\/\/www.laguiadepamplona.com\/actualidad\/pamplona-inicia-el-proceso-de-participacion-social-en-pamplona-sf365-el-plan-de-sostenibilidad-turistica-en-destino-que-se-disena-para-la-ciudad\/#breadcrumb"},"inLanguage":"es","potentialAction":[{"@type":"ReadAction","target":["https:\/\/www.laguiadepamplona.com\/actualidad\/pamplona-inicia-el-proceso-de-participacion-social-en-pamplona-sf365-el-plan-de-sostenibilidad-turistica-en-destino-que-se-disena-para-la-ciudad\/"]}]},{"@type":"ImageObject","inLanguage":"es","@id":"https:\/\/www.laguiadepamplona.com\/actualidad\/pamplona-inicia-el-proceso-de-participacion-social-en-pamplona-sf365-el-plan-de-sostenibilidad-turistica-en-destino-que-se-disena-para-la-ciudad\/#primaryimage","url":"https:\/\/www.laguiadepamplona.com\/actualidad\/wp-content\/uploads\/2023\/03\/20230328turismo365q5a1945.webp","contentUrl":"https:\/\/www.laguiadepamplona.com\/actualidad\/wp-content\/uploads\/2023\/03\/20230328turismo365q5a1945.webp","width":1920,"height":1281},{"@type":"BreadcrumbList","@id":"https:\/\/www.laguiadepamplona.com\/actualidad\/pamplona-inicia-el-proceso-de-participacion-social-en-pamplona-sf365-el-plan-de-sostenibilidad-turistica-en-destino-que-se-disena-para-la-ciudad\/#breadcrumb","itemListElement":[{"@type":"ListItem","position":1,"name":"Portada","item":"https:\/\/www.laguiadepamplona.com\/actualidad\/"},{"@type":"ListItem","position":2,"name":"Pamplona inicia el proceso de participaci\u00f3n social en \u201cPamplona SF365\u201d, el Plan de Sostenibilidad Tur\u00edstica en Destino que se dise\u00f1a para la ciudad"}]},{"@type":"WebSite","@id":"https:\/\/www.laguiadepamplona.com\/actualidad\/#website","url":"https:\/\/www.laguiadepamplona.com\/actualidad\/","name":"La gu\u00eda de Pamplona","description":"Noticias de Pamplona","publisher":{"@id":"https:\/\/www.laguiadepamplona.com\/actualidad\/#organization"},"potentialAction":[{"@type":"SearchAction","target":{"@type":"EntryPoint","urlTemplate":"https:\/\/www.laguiadepamplona.com\/actualidad\/?s={search_term_string}"},"query-input":{"@type":"PropertyValueSpecification","valueRequired":true,"valueName":"search_term_string"}}],"inLanguage":"es"},{"@type":"Organization","@id":"https:\/\/www.laguiadepamplona.com\/actualidad\/#organization","name":"La Gu\u00eda de Pamplona \/ Noticias","url":"https:\/\/www.laguiadepamplona.com\/actualidad\/","logo":{"@type":"ImageObject","inLanguage":"es","@id":"https:\/\/www.laguiadepamplona.com\/actualidad\/#\/schema\/logo\/image\/","url":"https:\/\/www.laguiadepamplona.com\/actualidad\/wp-content\/uploads\/2018\/11\/logo-laguiadepamplona18-web1.png","contentUrl":"https:\/\/www.laguiadepamplona.com\/actualidad\/wp-content\/uploads\/2018\/11\/logo-laguiadepamplona18-web1.png","width":600,"height":196,"caption":"La Gu\u00eda de Pamplona \/ Noticias"},"image":{"@id":"https:\/\/www.laguiadepamplona.com\/actualidad\/#\/schema\/logo\/image\/"},"sameAs":["https:\/\/www.facebook.com\/laguiadepamplonacom-133175176762273\/?ref=hl","https:\/\/x.com\/LaGuiadPamplona","https:\/\/www.instagram.com\/la_guia_de_pamplona\/","https:\/\/www.youtube.com\/user\/laguiadepamplona"]},{"@type":"Person","@id":"https:\/\/www.laguiadepamplona.com\/actualidad\/#\/schema\/person\/efe887376f0213d4657c93adc50b1fdb","name":"La Gu\u00eda de Pamplona","image":{"@type":"ImageObject","inLanguage":"es","@id":"https:\/\/secure.gravatar.com\/avatar\/b6992f131dc8d30ab0dff15446e9d346d9dbd95992de0fef795073f5ea83a81c?s=96&d=mm&r=g","url":"https:\/\/secure.gravatar.com\/avatar\/b6992f131dc8d30ab0dff15446e9d346d9dbd95992de0fef795073f5ea83a81c?s=96&d=mm&r=g","contentUrl":"https:\/\/secure.gravatar.com\/avatar\/b6992f131dc8d30ab0dff15446e9d346d9dbd95992de0fef795073f5ea83a81c?s=96&d=mm&r=g","caption":"La Gu\u00eda de Pamplona"}}]}},"post_mailing_queue_ids":[],"_links":{"self":[{"href":"https:\/\/www.laguiadepamplona.com\/actualidad\/wp-json\/wp\/v2\/posts\/43331","targetHints":{"allow":["GET"]}}],"collection":[{"href":"https:\/\/www.laguiadepamplona.com\/actualidad\/wp-json\/wp\/v2\/posts"}],"about":[{"href":"https:\/\/www.laguiadepamplona.com\/actualidad\/wp-json\/wp\/v2\/types\/post"}],"author":[{"embeddable":true,"href":"https:\/\/www.laguiadepamplona.com\/actualidad\/wp-json\/wp\/v2\/users\/1"}],"replies":[{"embeddable":true,"href":"https:\/\/www.laguiadepamplona.com\/actualidad\/wp-json\/wp\/v2\/comments?post=43331"}],"version-history":[{"count":0,"href":"https:\/\/www.laguiadepamplona.com\/actualidad\/wp-json\/wp\/v2\/posts\/43331\/revisions"}],"wp:featuredmedia":[{"embeddable":true,"href":"https:\/\/www.laguiadepamplona.com\/actualidad\/wp-json\/wp\/v2\/media\/43332"}],"wp:attachment":[{"href":"https:\/\/www.laguiadepamplona.com\/actualidad\/wp-json\/wp\/v2\/media?parent=43331"}],"wp:term":[{"taxonomy":"category","embeddable":true,"href":"https:\/\/www.laguiadepamplona.com\/actualidad\/wp-json\/wp\/v2\/categories?post=43331"},{"taxonomy":"post_tag","embeddable":true,"href":"https:\/\/www.laguiadepamplona.com\/actualidad\/wp-json\/wp\/v2\/tags?post=43331"}],"curies":[{"name":"wp","href":"https:\/\/api.w.org\/{rel}","templated":true}]}}