{"id":43322,"date":"2023-03-28T12:19:18","date_gmt":"2023-03-28T10:19:18","guid":{"rendered":"https:\/\/www.laguiadepamplona.com\/actualidad\/?p=43322"},"modified":"2023-04-11T11:46:56","modified_gmt":"2023-04-11T09:46:56","slug":"la-comision-de-urbanismo-estudia-el-pase-a-pleno-de-la-aprobacion-definitiva-del-peaup-del-primer-ensanche","status":"publish","type":"post","link":"https:\/\/www.laguiadepamplona.com\/actualidad\/la-comision-de-urbanismo-estudia-el-pase-a-pleno-de-la-aprobacion-definitiva-del-peaup-del-primer-ensanche\/","title":{"rendered":"La Comisi\u00f3n de Urbanismo estudia el pase a Pleno de la aprobaci\u00f3n definitiva del PEAUP del Primer Ensanche"},"content":{"rendered":"<h5>El Plan Especial de Actuaci\u00f3n Urbana prev\u00e9 una actuaci\u00f3n global en este entorno, haci\u00e9ndolo m\u00e1s accesible y c\u00f3modo para el peat\u00f3n<\/h5>\n<p><!--more--><\/p>\n<p>La Comisi\u00f3n de Urbanismo estudiar\u00e1, en su sesi\u00f3n de ma\u00f1ana, el pase a Pleno de la aprobaci\u00f3n definitiva del Plan Especial de Actuaci\u00f3n Urbana y Protecci\u00f3n (PEAUP) del Primer Ensanche, un plan que supone una actuaci\u00f3n global sobre este entorno, con medidas en materia de vivienda, comercio, movilidad y accesibilidad. El \u00e1mbito de actuaci\u00f3n del PEAUP del Primer Ensanche es el correspondiente al espacio delimitado por la avenida P\u00edo XII, calle Navas de Tolosa, calle Yanguas y Miranda, calle Padre Moret, calle General Chinchilla y avenida del Ej\u00e9rcito, y tiene una superficie de 7,62 hect\u00e1reas.<\/p>\n<p>La redacci\u00f3n de este Plan da cumplimiento a la protecci\u00f3n exigida por la normativa de Patrimonio Hist\u00f3rico que le es aplicable al formar parte de la delimitaci\u00f3n del Casco Antiguo declarado conjunto hist\u00f3rico-art\u00edstico por Acuerdo de Gobierno de Navarra de 2 de julio de 2014. El Plan supone la actualizaci\u00f3n de la ordenaci\u00f3n actual, realizada en 2007, para ajustarla a las nuevas necesidades y demandas del vecindario y de la ciudad, logrando un espacio m\u00e1s amable para el peat\u00f3n, reduciendo la presencia de veh\u00edculos en superficie e impulsando las actividades comerciales en planta baja.<br \/>\n<script async src=\"\/\/pagead2.googlesyndication.com\/pagead\/js\/adsbygoogle.js\"><\/script><br \/>\n<!-- Noticias La Guia de Pamplona --><br \/>\n<ins class=\"adsbygoogle\"\nstyle=\"display:block\"\ndata-ad-client=\"ca-pub-6943679897239327\"\ndata-ad-slot=\"7048180777\"\ndata-ad-format=\"auto\"><\/ins><br \/>\n<script>\n(adsbygoogle = window.adsbygoogle || []).push({});\n<\/script><\/p>\n<p>Este Plan Especial fue aprobado inicialmente en enero de 2022 por la Junta de Gobierno Local, sometido a exposici\u00f3n p\u00fablica y objeto de sesi\u00f3n informativa para el vecindario en el mes de marzo. El PEAUP cuenta con el visto bueno de la Direcci\u00f3n General de Cultura &#8211; Instituci\u00f3n Pr\u00edncipe de Viana, el Servicio de Vivienda del Gobierno de Navarra, as\u00ed como por la Mancomunidad de la Comarca de Pamplona, y por los Ministerios de Defensa y de Transportes, Movilidad y Agenda Urbana del Gobierno de Espa\u00f1a.<\/p>\n<p>Ahora queda su aprobaci\u00f3n definitiva para que pueda convertirse en la norma que regule el desarrollo y ordenaci\u00f3n de este espacio de la ciudad, que data de principios del siglo XX y que se ha ido adaptando a una sociedad creciente y con necesidades y h\u00e1bitos cambiantes. El nuevo documento gira en torno a varios aspectos: edificaci\u00f3n, movilidad, espacio p\u00fablico y espacios privados.<br \/>\n<script async src=\"\/\/pagead2.googlesyndication.com\/pagead\/js\/adsbygoogle.js\"><\/script><br \/>\n<!-- Noticias La Guia de Pamplona --><br \/>\n<ins class=\"adsbygoogle\"\nstyle=\"display:block\"\ndata-ad-client=\"ca-pub-6943679897239327\"\ndata-ad-slot=\"7048180777\"\ndata-ad-format=\"auto\"><\/ins><br \/>\n<script>\n(adsbygoogle = window.adsbygoogle || []).push({});\n<\/script><\/p>\n<p><strong>Las intervenciones<\/strong><\/p>\n<p>El PEAU del Primer Ensanche apuesta por mantener la variedad edificatoria y la singularidad de la escena urbana del barrio y tambi\u00e9n por acometer intervenciones en esas edificaciones de cara a impulsar su rehabilitaci\u00f3n o actuar para su ampliaci\u00f3n y cambio de uso.<\/p>\n<p>Sobre la parcela de la actual Jefatura Superior de Polic\u00eda, en caso de traslado de la comisar\u00eda, se contempla la posibilidad de sustituir el edificio existente y modificar su uso a residencial colectivo. Se recuperar\u00eda as\u00ed el uso residencial colectivo de toda la manzana, con vivienda libre y protegida, y se armonizar\u00eda volum\u00e9tricamente toda la manzana, con una cesi\u00f3n de suelo para dotaciones p\u00fablicas.<\/p>\n<p>En la parcela de las llamadas viviendas de los militares se prev\u00e9 la construcci\u00f3n de un aparcamiento subterr\u00e1neo que elimine las plazas en superficie y la consiguiente mejora del espacio urbano. Adem\u00e1s, se mejorar\u00e1n las condiciones de habitabilidad de las viviendas y la eficiencia energ\u00e9tica a trav\u00e9s de la ampliaci\u00f3n de los edificios. En la cercana residencia militar San Francisco Javier se permite elevar una planta los dos cuerpos laterales de la edificaci\u00f3n, obteniendo por cesi\u00f3n el espacio previo al inmueble para la ampliaci\u00f3n de la calle Padre Moret.<br \/>\n<script async src=\"\/\/pagead2.googlesyndication.com\/pagead\/js\/adsbygoogle.js\"><\/script><br \/>\n<!-- Noticias La Guia de Pamplona --><br \/>\n<ins class=\"adsbygoogle\"\nstyle=\"display:block\"\ndata-ad-client=\"ca-pub-6943679897239327\"\ndata-ad-slot=\"7048180777\"\ndata-ad-format=\"auto\"><\/ins><br \/>\n<script>\n(adsbygoogle = window.adsbygoogle || []).push({});\n<\/script><\/p>\n<p>En materia de movilidad y espacio p\u00fablico, se plantea la necesidad de reducir la presencia de veh\u00edculos en la calle, para ganar ese espacio para las personas. Para ello, se ensanchar\u00edan aceras en calles como Padre Moret y se plantea la construcci\u00f3n de varios aparcamientos subterr\u00e1neos. \u00c9se ser\u00eda el caso, por ejemplo, del aparcamiento proyectado a lo largo de toda la calle Navas de Tolosa, de hasta tres plantas, con capacidad para m\u00e1s de 110 plazas por nivel, que se construir\u00eda fuera de la zona arqueol\u00f3gica. El resto de aparcamientos ir\u00edan en la calle Juli\u00e1n Arteaga, Sandoval y en una parcela privada.<\/p>\n<p>Todos estos aparcamientos permitir\u00edan reducir las m\u00e1s de 500 plazas de aparcamiento en superficie que existen en la actualidad, ganando ese especio para aceras y medidas de accesibilidad, as\u00ed como zonas verdes y de esparcimiento.<\/p>\n<p>El documento presentado en Gerencia de Urbanismo mantiene la protecci\u00f3n actual del patrimonio ubicado en su \u00e1mbito de actuaci\u00f3n, establecida en el Plan Municipal de pamplona y en la Declaraci\u00f3n del Conjunto Hist\u00f3rico del Casco Antiguo de Pamplona, donde se incluye el Primer Ensanche. Cuenta con 16 edificios protegidos (en Grados 2 y 3) y se distinguen dos zonas arqueol\u00f3gicas.<br \/>\n<script async src=\"\/\/pagead2.googlesyndication.com\/pagead\/js\/adsbygoogle.js\"><\/script><br \/>\n<!-- Noticias La Guia de Pamplona --><br \/>\n<ins class=\"adsbygoogle\"\nstyle=\"display:block\"\ndata-ad-client=\"ca-pub-6943679897239327\"\ndata-ad-slot=\"7048180777\"\ndata-ad-format=\"auto\"><\/ins><br \/>\n<script>\n(adsbygoogle = window.adsbygoogle || []).push({});\n<\/script><\/p>\n<p>Adem\u00e1s, se destacan elementos de ornato, como el monumento a Navarro Villoslada en la rotonda que conecta Navas de Tolosa con la calle Taconera, y elementos naturales, como el tejo de esa misma rotonda, el magnolio de la calle General Chinchilla 7 o las alienaciones arboladas de la calle Navas de Tolosa. El Primer Ensanche cuenta con unas caracter\u00edsticas especiales al acoger parte del recinto amurallado y la Ciudadela de Pamplona, y el edificio de la calle General Chinchilla 7, ahora sede de la Escuela de M\u00fasica Joaqu\u00edn Maya, as\u00ed como parte del recorrido del Camino de Santiago a su paso por la ciudad; todos ellos elementos declarados Bien de Inter\u00e9s Cultural.<\/p>\n<p>El PEAUP ha sido redactado por el estudio de arquitectura Chocarro y Urmeneta SLP, un trabajo que se adjudic\u00f3 por un importe de 120.243,75 euros (IVA incluido).<\/p>\n","protected":false},"excerpt":{"rendered":"<p>El Plan Especial de Actuaci\u00f3n Urbana prev\u00e9 una actuaci\u00f3n global en este entorno, haci\u00e9ndolo m\u00e1s accesible y c\u00f3modo para el peat\u00f3n<\/p>\n","protected":false},"author":1,"featured_media":43323,"comment_status":"open","ping_status":"closed","sticky":false,"template":"","format":"standard","meta":{"footnotes":""},"categories":[2],"tags":[],"class_list":["post-43322","post","type-post","status-publish","format-standard","has-post-thumbnail","hentry","category-ayuntamiento-pamplona"],"yoast_head":"<!-- This site is optimized with the Yoast SEO plugin v27.3 - https:\/\/yoast.com\/product\/yoast-seo-wordpress\/ -->\n<title>La Comisi\u00f3n de Urbanismo estudia el pase a Pleno de la aprobaci\u00f3n definitiva del PEAUP del Primer Ensanche<\/title>\n<meta name=\"description\" content=\"El Plan Especial de Actuaci\u00f3n Urbana prev\u00e9 una actuaci\u00f3n global en este entorno, haci\u00e9ndolo m\u00e1s accesible y c\u00f3modo para el peat\u00f3n\" \/>\n<meta name=\"robots\" content=\"index, follow, max-snippet:-1, max-image-preview:large, max-video-preview:-1\" \/>\n<link rel=\"canonical\" href=\"https:\/\/www.laguiadepamplona.com\/actualidad\/la-comision-de-urbanismo-estudia-el-pase-a-pleno-de-la-aprobacion-definitiva-del-peaup-del-primer-ensanche\/\" \/>\n<meta property=\"og:locale\" content=\"es_ES\" \/>\n<meta property=\"og:type\" content=\"article\" \/>\n<meta property=\"og:title\" content=\"La Comisi\u00f3n de Urbanismo estudia el pase a Pleno de la aprobaci\u00f3n definitiva del PEAUP del Primer Ensanche\" \/>\n<meta property=\"og:description\" content=\"El Plan Especial de Actuaci\u00f3n Urbana prev\u00e9 una actuaci\u00f3n global en este entorno, haci\u00e9ndolo m\u00e1s accesible y c\u00f3modo para el peat\u00f3n\" \/>\n<meta property=\"og:url\" content=\"https:\/\/www.laguiadepamplona.com\/actualidad\/la-comision-de-urbanismo-estudia-el-pase-a-pleno-de-la-aprobacion-definitiva-del-peaup-del-primer-ensanche\/\" \/>\n<meta property=\"og:site_name\" content=\"La Gu\u00eda de Pamplona\" \/>\n<meta property=\"article:publisher\" content=\"https:\/\/www.facebook.com\/laguiadepamplonacom-133175176762273\/?ref=hl\" \/>\n<meta property=\"article:published_time\" content=\"2023-03-28T10:19:18+00:00\" \/>\n<meta property=\"article:modified_time\" content=\"2023-04-11T09:46:56+00:00\" \/>\n<meta property=\"og:image\" content=\"https:\/\/www.laguiadepamplona.com\/actualidad\/wp-content\/uploads\/2023\/03\/plano.webp\" \/>\n\t<meta property=\"og:image:width\" content=\"908\" \/>\n\t<meta property=\"og:image:height\" content=\"730\" \/>\n\t<meta property=\"og:image:type\" content=\"image\/webp\" \/>\n<meta name=\"author\" content=\"La Gu\u00eda de Pamplona\" \/>\n<meta name=\"twitter:card\" content=\"summary_large_image\" \/>\n<meta name=\"twitter:creator\" content=\"@LaGuiadPamplona\" \/>\n<meta name=\"twitter:site\" content=\"@LaGuiadPamplona\" \/>\n<meta name=\"twitter:label1\" content=\"Escrito por\" \/>\n\t<meta name=\"twitter:data1\" content=\"La Gu\u00eda de Pamplona\" \/>\n\t<meta name=\"twitter:label2\" content=\"Tiempo de lectura\" \/>\n\t<meta name=\"twitter:data2\" content=\"5 minutos\" \/>\n<script type=\"application\/ld+json\" class=\"yoast-schema-graph\">{\"@context\":\"https:\\\/\\\/schema.org\",\"@graph\":[{\"@type\":\"Article\",\"@id\":\"https:\\\/\\\/www.laguiadepamplona.com\\\/actualidad\\\/la-comision-de-urbanismo-estudia-el-pase-a-pleno-de-la-aprobacion-definitiva-del-peaup-del-primer-ensanche\\\/#article\",\"isPartOf\":{\"@id\":\"https:\\\/\\\/www.laguiadepamplona.com\\\/actualidad\\\/la-comision-de-urbanismo-estudia-el-pase-a-pleno-de-la-aprobacion-definitiva-del-peaup-del-primer-ensanche\\\/\"},\"author\":{\"name\":\"La Gu\u00eda de Pamplona\",\"@id\":\"https:\\\/\\\/www.laguiadepamplona.com\\\/actualidad\\\/#\\\/schema\\\/person\\\/efe887376f0213d4657c93adc50b1fdb\"},\"headline\":\"La Comisi\u00f3n de Urbanismo estudia el pase a Pleno de la aprobaci\u00f3n definitiva del PEAUP del Primer Ensanche\",\"datePublished\":\"2023-03-28T10:19:18+00:00\",\"dateModified\":\"2023-04-11T09:46:56+00:00\",\"mainEntityOfPage\":{\"@id\":\"https:\\\/\\\/www.laguiadepamplona.com\\\/actualidad\\\/la-comision-de-urbanismo-estudia-el-pase-a-pleno-de-la-aprobacion-definitiva-del-peaup-del-primer-ensanche\\\/\"},\"wordCount\":983,\"commentCount\":0,\"publisher\":{\"@id\":\"https:\\\/\\\/www.laguiadepamplona.com\\\/actualidad\\\/#organization\"},\"image\":{\"@id\":\"https:\\\/\\\/www.laguiadepamplona.com\\\/actualidad\\\/la-comision-de-urbanismo-estudia-el-pase-a-pleno-de-la-aprobacion-definitiva-del-peaup-del-primer-ensanche\\\/#primaryimage\"},\"thumbnailUrl\":\"https:\\\/\\\/www.laguiadepamplona.com\\\/actualidad\\\/wp-content\\\/uploads\\\/2023\\\/03\\\/plano.webp\",\"articleSection\":[\"Ayto Pamplona\"],\"inLanguage\":\"es\",\"potentialAction\":[{\"@type\":\"CommentAction\",\"name\":\"Comment\",\"target\":[\"https:\\\/\\\/www.laguiadepamplona.com\\\/actualidad\\\/la-comision-de-urbanismo-estudia-el-pase-a-pleno-de-la-aprobacion-definitiva-del-peaup-del-primer-ensanche\\\/#respond\"]}]},{\"@type\":\"WebPage\",\"@id\":\"https:\\\/\\\/www.laguiadepamplona.com\\\/actualidad\\\/la-comision-de-urbanismo-estudia-el-pase-a-pleno-de-la-aprobacion-definitiva-del-peaup-del-primer-ensanche\\\/\",\"url\":\"https:\\\/\\\/www.laguiadepamplona.com\\\/actualidad\\\/la-comision-de-urbanismo-estudia-el-pase-a-pleno-de-la-aprobacion-definitiva-del-peaup-del-primer-ensanche\\\/\",\"name\":\"La Comisi\u00f3n de Urbanismo estudia el pase a Pleno de la aprobaci\u00f3n definitiva del PEAUP del Primer Ensanche\",\"isPartOf\":{\"@id\":\"https:\\\/\\\/www.laguiadepamplona.com\\\/actualidad\\\/#website\"},\"primaryImageOfPage\":{\"@id\":\"https:\\\/\\\/www.laguiadepamplona.com\\\/actualidad\\\/la-comision-de-urbanismo-estudia-el-pase-a-pleno-de-la-aprobacion-definitiva-del-peaup-del-primer-ensanche\\\/#primaryimage\"},\"image\":{\"@id\":\"https:\\\/\\\/www.laguiadepamplona.com\\\/actualidad\\\/la-comision-de-urbanismo-estudia-el-pase-a-pleno-de-la-aprobacion-definitiva-del-peaup-del-primer-ensanche\\\/#primaryimage\"},\"thumbnailUrl\":\"https:\\\/\\\/www.laguiadepamplona.com\\\/actualidad\\\/wp-content\\\/uploads\\\/2023\\\/03\\\/plano.webp\",\"datePublished\":\"2023-03-28T10:19:18+00:00\",\"dateModified\":\"2023-04-11T09:46:56+00:00\",\"description\":\"El Plan Especial de Actuaci\u00f3n Urbana prev\u00e9 una actuaci\u00f3n global en este entorno, haci\u00e9ndolo m\u00e1s accesible y c\u00f3modo para el peat\u00f3n\",\"breadcrumb\":{\"@id\":\"https:\\\/\\\/www.laguiadepamplona.com\\\/actualidad\\\/la-comision-de-urbanismo-estudia-el-pase-a-pleno-de-la-aprobacion-definitiva-del-peaup-del-primer-ensanche\\\/#breadcrumb\"},\"inLanguage\":\"es\",\"potentialAction\":[{\"@type\":\"ReadAction\",\"target\":[\"https:\\\/\\\/www.laguiadepamplona.com\\\/actualidad\\\/la-comision-de-urbanismo-estudia-el-pase-a-pleno-de-la-aprobacion-definitiva-del-peaup-del-primer-ensanche\\\/\"]}]},{\"@type\":\"ImageObject\",\"inLanguage\":\"es\",\"@id\":\"https:\\\/\\\/www.laguiadepamplona.com\\\/actualidad\\\/la-comision-de-urbanismo-estudia-el-pase-a-pleno-de-la-aprobacion-definitiva-del-peaup-del-primer-ensanche\\\/#primaryimage\",\"url\":\"https:\\\/\\\/www.laguiadepamplona.com\\\/actualidad\\\/wp-content\\\/uploads\\\/2023\\\/03\\\/plano.webp\",\"contentUrl\":\"https:\\\/\\\/www.laguiadepamplona.com\\\/actualidad\\\/wp-content\\\/uploads\\\/2023\\\/03\\\/plano.webp\",\"width\":908,\"height\":730},{\"@type\":\"BreadcrumbList\",\"@id\":\"https:\\\/\\\/www.laguiadepamplona.com\\\/actualidad\\\/la-comision-de-urbanismo-estudia-el-pase-a-pleno-de-la-aprobacion-definitiva-del-peaup-del-primer-ensanche\\\/#breadcrumb\",\"itemListElement\":[{\"@type\":\"ListItem\",\"position\":1,\"name\":\"Portada\",\"item\":\"https:\\\/\\\/www.laguiadepamplona.com\\\/actualidad\\\/\"},{\"@type\":\"ListItem\",\"position\":2,\"name\":\"La Comisi\u00f3n de Urbanismo estudia el pase a Pleno de la aprobaci\u00f3n definitiva del PEAUP del Primer Ensanche\"}]},{\"@type\":\"WebSite\",\"@id\":\"https:\\\/\\\/www.laguiadepamplona.com\\\/actualidad\\\/#website\",\"url\":\"https:\\\/\\\/www.laguiadepamplona.com\\\/actualidad\\\/\",\"name\":\"La gu\u00eda de Pamplona\",\"description\":\"Noticias de Pamplona\",\"publisher\":{\"@id\":\"https:\\\/\\\/www.laguiadepamplona.com\\\/actualidad\\\/#organization\"},\"potentialAction\":[{\"@type\":\"SearchAction\",\"target\":{\"@type\":\"EntryPoint\",\"urlTemplate\":\"https:\\\/\\\/www.laguiadepamplona.com\\\/actualidad\\\/?s={search_term_string}\"},\"query-input\":{\"@type\":\"PropertyValueSpecification\",\"valueRequired\":true,\"valueName\":\"search_term_string\"}}],\"inLanguage\":\"es\"},{\"@type\":\"Organization\",\"@id\":\"https:\\\/\\\/www.laguiadepamplona.com\\\/actualidad\\\/#organization\",\"name\":\"La Gu\u00eda de Pamplona \\\/ Noticias\",\"url\":\"https:\\\/\\\/www.laguiadepamplona.com\\\/actualidad\\\/\",\"logo\":{\"@type\":\"ImageObject\",\"inLanguage\":\"es\",\"@id\":\"https:\\\/\\\/www.laguiadepamplona.com\\\/actualidad\\\/#\\\/schema\\\/logo\\\/image\\\/\",\"url\":\"https:\\\/\\\/www.laguiadepamplona.com\\\/actualidad\\\/wp-content\\\/uploads\\\/2018\\\/11\\\/logo-laguiadepamplona18-web1.png\",\"contentUrl\":\"https:\\\/\\\/www.laguiadepamplona.com\\\/actualidad\\\/wp-content\\\/uploads\\\/2018\\\/11\\\/logo-laguiadepamplona18-web1.png\",\"width\":600,\"height\":196,\"caption\":\"La Gu\u00eda de Pamplona \\\/ Noticias\"},\"image\":{\"@id\":\"https:\\\/\\\/www.laguiadepamplona.com\\\/actualidad\\\/#\\\/schema\\\/logo\\\/image\\\/\"},\"sameAs\":[\"https:\\\/\\\/www.facebook.com\\\/laguiadepamplonacom-133175176762273\\\/?ref=hl\",\"https:\\\/\\\/x.com\\\/LaGuiadPamplona\",\"https:\\\/\\\/www.instagram.com\\\/la_guia_de_pamplona\\\/\",\"https:\\\/\\\/www.youtube.com\\\/user\\\/laguiadepamplona\"]},{\"@type\":\"Person\",\"@id\":\"https:\\\/\\\/www.laguiadepamplona.com\\\/actualidad\\\/#\\\/schema\\\/person\\\/efe887376f0213d4657c93adc50b1fdb\",\"name\":\"La Gu\u00eda de Pamplona\",\"image\":{\"@type\":\"ImageObject\",\"inLanguage\":\"es\",\"@id\":\"https:\\\/\\\/secure.gravatar.com\\\/avatar\\\/b6992f131dc8d30ab0dff15446e9d346d9dbd95992de0fef795073f5ea83a81c?s=96&d=mm&r=g\",\"url\":\"https:\\\/\\\/secure.gravatar.com\\\/avatar\\\/b6992f131dc8d30ab0dff15446e9d346d9dbd95992de0fef795073f5ea83a81c?s=96&d=mm&r=g\",\"contentUrl\":\"https:\\\/\\\/secure.gravatar.com\\\/avatar\\\/b6992f131dc8d30ab0dff15446e9d346d9dbd95992de0fef795073f5ea83a81c?s=96&d=mm&r=g\",\"caption\":\"La Gu\u00eda de Pamplona\"}}]}<\/script>\n<!-- \/ Yoast SEO plugin. -->","yoast_head_json":{"title":"La Comisi\u00f3n de Urbanismo estudia el pase a Pleno de la aprobaci\u00f3n definitiva del PEAUP del Primer Ensanche","description":"El Plan Especial de Actuaci\u00f3n Urbana prev\u00e9 una actuaci\u00f3n global en este entorno, haci\u00e9ndolo m\u00e1s accesible y c\u00f3modo para el peat\u00f3n","robots":{"index":"index","follow":"follow","max-snippet":"max-snippet:-1","max-image-preview":"max-image-preview:large","max-video-preview":"max-video-preview:-1"},"canonical":"https:\/\/www.laguiadepamplona.com\/actualidad\/la-comision-de-urbanismo-estudia-el-pase-a-pleno-de-la-aprobacion-definitiva-del-peaup-del-primer-ensanche\/","og_locale":"es_ES","og_type":"article","og_title":"La Comisi\u00f3n de Urbanismo estudia el pase a Pleno de la aprobaci\u00f3n definitiva del PEAUP del Primer Ensanche","og_description":"El Plan Especial de Actuaci\u00f3n Urbana prev\u00e9 una actuaci\u00f3n global en este entorno, haci\u00e9ndolo m\u00e1s accesible y c\u00f3modo para el peat\u00f3n","og_url":"https:\/\/www.laguiadepamplona.com\/actualidad\/la-comision-de-urbanismo-estudia-el-pase-a-pleno-de-la-aprobacion-definitiva-del-peaup-del-primer-ensanche\/","og_site_name":"La Gu\u00eda de Pamplona","article_publisher":"https:\/\/www.facebook.com\/laguiadepamplonacom-133175176762273\/?ref=hl","article_published_time":"2023-03-28T10:19:18+00:00","article_modified_time":"2023-04-11T09:46:56+00:00","og_image":[{"width":908,"height":730,"url":"https:\/\/www.laguiadepamplona.com\/actualidad\/wp-content\/uploads\/2023\/03\/plano.webp","type":"image\/webp"}],"author":"La Gu\u00eda de Pamplona","twitter_card":"summary_large_image","twitter_creator":"@LaGuiadPamplona","twitter_site":"@LaGuiadPamplona","twitter_misc":{"Escrito por":"La Gu\u00eda de Pamplona","Tiempo de lectura":"5 minutos"},"schema":{"@context":"https:\/\/schema.org","@graph":[{"@type":"Article","@id":"https:\/\/www.laguiadepamplona.com\/actualidad\/la-comision-de-urbanismo-estudia-el-pase-a-pleno-de-la-aprobacion-definitiva-del-peaup-del-primer-ensanche\/#article","isPartOf":{"@id":"https:\/\/www.laguiadepamplona.com\/actualidad\/la-comision-de-urbanismo-estudia-el-pase-a-pleno-de-la-aprobacion-definitiva-del-peaup-del-primer-ensanche\/"},"author":{"name":"La Gu\u00eda de Pamplona","@id":"https:\/\/www.laguiadepamplona.com\/actualidad\/#\/schema\/person\/efe887376f0213d4657c93adc50b1fdb"},"headline":"La Comisi\u00f3n de Urbanismo estudia el pase a Pleno de la aprobaci\u00f3n definitiva del PEAUP del Primer Ensanche","datePublished":"2023-03-28T10:19:18+00:00","dateModified":"2023-04-11T09:46:56+00:00","mainEntityOfPage":{"@id":"https:\/\/www.laguiadepamplona.com\/actualidad\/la-comision-de-urbanismo-estudia-el-pase-a-pleno-de-la-aprobacion-definitiva-del-peaup-del-primer-ensanche\/"},"wordCount":983,"commentCount":0,"publisher":{"@id":"https:\/\/www.laguiadepamplona.com\/actualidad\/#organization"},"image":{"@id":"https:\/\/www.laguiadepamplona.com\/actualidad\/la-comision-de-urbanismo-estudia-el-pase-a-pleno-de-la-aprobacion-definitiva-del-peaup-del-primer-ensanche\/#primaryimage"},"thumbnailUrl":"https:\/\/www.laguiadepamplona.com\/actualidad\/wp-content\/uploads\/2023\/03\/plano.webp","articleSection":["Ayto Pamplona"],"inLanguage":"es","potentialAction":[{"@type":"CommentAction","name":"Comment","target":["https:\/\/www.laguiadepamplona.com\/actualidad\/la-comision-de-urbanismo-estudia-el-pase-a-pleno-de-la-aprobacion-definitiva-del-peaup-del-primer-ensanche\/#respond"]}]},{"@type":"WebPage","@id":"https:\/\/www.laguiadepamplona.com\/actualidad\/la-comision-de-urbanismo-estudia-el-pase-a-pleno-de-la-aprobacion-definitiva-del-peaup-del-primer-ensanche\/","url":"https:\/\/www.laguiadepamplona.com\/actualidad\/la-comision-de-urbanismo-estudia-el-pase-a-pleno-de-la-aprobacion-definitiva-del-peaup-del-primer-ensanche\/","name":"La Comisi\u00f3n de Urbanismo estudia el pase a Pleno de la aprobaci\u00f3n definitiva del PEAUP del Primer Ensanche","isPartOf":{"@id":"https:\/\/www.laguiadepamplona.com\/actualidad\/#website"},"primaryImageOfPage":{"@id":"https:\/\/www.laguiadepamplona.com\/actualidad\/la-comision-de-urbanismo-estudia-el-pase-a-pleno-de-la-aprobacion-definitiva-del-peaup-del-primer-ensanche\/#primaryimage"},"image":{"@id":"https:\/\/www.laguiadepamplona.com\/actualidad\/la-comision-de-urbanismo-estudia-el-pase-a-pleno-de-la-aprobacion-definitiva-del-peaup-del-primer-ensanche\/#primaryimage"},"thumbnailUrl":"https:\/\/www.laguiadepamplona.com\/actualidad\/wp-content\/uploads\/2023\/03\/plano.webp","datePublished":"2023-03-28T10:19:18+00:00","dateModified":"2023-04-11T09:46:56+00:00","description":"El Plan Especial de Actuaci\u00f3n Urbana prev\u00e9 una actuaci\u00f3n global en este entorno, haci\u00e9ndolo m\u00e1s accesible y c\u00f3modo para el peat\u00f3n","breadcrumb":{"@id":"https:\/\/www.laguiadepamplona.com\/actualidad\/la-comision-de-urbanismo-estudia-el-pase-a-pleno-de-la-aprobacion-definitiva-del-peaup-del-primer-ensanche\/#breadcrumb"},"inLanguage":"es","potentialAction":[{"@type":"ReadAction","target":["https:\/\/www.laguiadepamplona.com\/actualidad\/la-comision-de-urbanismo-estudia-el-pase-a-pleno-de-la-aprobacion-definitiva-del-peaup-del-primer-ensanche\/"]}]},{"@type":"ImageObject","inLanguage":"es","@id":"https:\/\/www.laguiadepamplona.com\/actualidad\/la-comision-de-urbanismo-estudia-el-pase-a-pleno-de-la-aprobacion-definitiva-del-peaup-del-primer-ensanche\/#primaryimage","url":"https:\/\/www.laguiadepamplona.com\/actualidad\/wp-content\/uploads\/2023\/03\/plano.webp","contentUrl":"https:\/\/www.laguiadepamplona.com\/actualidad\/wp-content\/uploads\/2023\/03\/plano.webp","width":908,"height":730},{"@type":"BreadcrumbList","@id":"https:\/\/www.laguiadepamplona.com\/actualidad\/la-comision-de-urbanismo-estudia-el-pase-a-pleno-de-la-aprobacion-definitiva-del-peaup-del-primer-ensanche\/#breadcrumb","itemListElement":[{"@type":"ListItem","position":1,"name":"Portada","item":"https:\/\/www.laguiadepamplona.com\/actualidad\/"},{"@type":"ListItem","position":2,"name":"La Comisi\u00f3n de Urbanismo estudia el pase a Pleno de la aprobaci\u00f3n definitiva del PEAUP del Primer Ensanche"}]},{"@type":"WebSite","@id":"https:\/\/www.laguiadepamplona.com\/actualidad\/#website","url":"https:\/\/www.laguiadepamplona.com\/actualidad\/","name":"La gu\u00eda de Pamplona","description":"Noticias de Pamplona","publisher":{"@id":"https:\/\/www.laguiadepamplona.com\/actualidad\/#organization"},"potentialAction":[{"@type":"SearchAction","target":{"@type":"EntryPoint","urlTemplate":"https:\/\/www.laguiadepamplona.com\/actualidad\/?s={search_term_string}"},"query-input":{"@type":"PropertyValueSpecification","valueRequired":true,"valueName":"search_term_string"}}],"inLanguage":"es"},{"@type":"Organization","@id":"https:\/\/www.laguiadepamplona.com\/actualidad\/#organization","name":"La Gu\u00eda de Pamplona \/ Noticias","url":"https:\/\/www.laguiadepamplona.com\/actualidad\/","logo":{"@type":"ImageObject","inLanguage":"es","@id":"https:\/\/www.laguiadepamplona.com\/actualidad\/#\/schema\/logo\/image\/","url":"https:\/\/www.laguiadepamplona.com\/actualidad\/wp-content\/uploads\/2018\/11\/logo-laguiadepamplona18-web1.png","contentUrl":"https:\/\/www.laguiadepamplona.com\/actualidad\/wp-content\/uploads\/2018\/11\/logo-laguiadepamplona18-web1.png","width":600,"height":196,"caption":"La Gu\u00eda de Pamplona \/ Noticias"},"image":{"@id":"https:\/\/www.laguiadepamplona.com\/actualidad\/#\/schema\/logo\/image\/"},"sameAs":["https:\/\/www.facebook.com\/laguiadepamplonacom-133175176762273\/?ref=hl","https:\/\/x.com\/LaGuiadPamplona","https:\/\/www.instagram.com\/la_guia_de_pamplona\/","https:\/\/www.youtube.com\/user\/laguiadepamplona"]},{"@type":"Person","@id":"https:\/\/www.laguiadepamplona.com\/actualidad\/#\/schema\/person\/efe887376f0213d4657c93adc50b1fdb","name":"La Gu\u00eda de Pamplona","image":{"@type":"ImageObject","inLanguage":"es","@id":"https:\/\/secure.gravatar.com\/avatar\/b6992f131dc8d30ab0dff15446e9d346d9dbd95992de0fef795073f5ea83a81c?s=96&d=mm&r=g","url":"https:\/\/secure.gravatar.com\/avatar\/b6992f131dc8d30ab0dff15446e9d346d9dbd95992de0fef795073f5ea83a81c?s=96&d=mm&r=g","contentUrl":"https:\/\/secure.gravatar.com\/avatar\/b6992f131dc8d30ab0dff15446e9d346d9dbd95992de0fef795073f5ea83a81c?s=96&d=mm&r=g","caption":"La Gu\u00eda de Pamplona"}}]}},"post_mailing_queue_ids":[],"_links":{"self":[{"href":"https:\/\/www.laguiadepamplona.com\/actualidad\/wp-json\/wp\/v2\/posts\/43322","targetHints":{"allow":["GET"]}}],"collection":[{"href":"https:\/\/www.laguiadepamplona.com\/actualidad\/wp-json\/wp\/v2\/posts"}],"about":[{"href":"https:\/\/www.laguiadepamplona.com\/actualidad\/wp-json\/wp\/v2\/types\/post"}],"author":[{"embeddable":true,"href":"https:\/\/www.laguiadepamplona.com\/actualidad\/wp-json\/wp\/v2\/users\/1"}],"replies":[{"embeddable":true,"href":"https:\/\/www.laguiadepamplona.com\/actualidad\/wp-json\/wp\/v2\/comments?post=43322"}],"version-history":[{"count":0,"href":"https:\/\/www.laguiadepamplona.com\/actualidad\/wp-json\/wp\/v2\/posts\/43322\/revisions"}],"wp:featuredmedia":[{"embeddable":true,"href":"https:\/\/www.laguiadepamplona.com\/actualidad\/wp-json\/wp\/v2\/media\/43323"}],"wp:attachment":[{"href":"https:\/\/www.laguiadepamplona.com\/actualidad\/wp-json\/wp\/v2\/media?parent=43322"}],"wp:term":[{"taxonomy":"category","embeddable":true,"href":"https:\/\/www.laguiadepamplona.com\/actualidad\/wp-json\/wp\/v2\/categories?post=43322"},{"taxonomy":"post_tag","embeddable":true,"href":"https:\/\/www.laguiadepamplona.com\/actualidad\/wp-json\/wp\/v2\/tags?post=43322"}],"curies":[{"name":"wp","href":"https:\/\/api.w.org\/{rel}","templated":true}]}}