{"id":43317,"date":"2023-03-27T17:40:56","date_gmt":"2023-03-27T15:40:56","guid":{"rendered":"https:\/\/www.laguiadepamplona.com\/actualidad\/?p=43317"},"modified":"2023-04-11T11:46:56","modified_gmt":"2023-04-11T09:46:56","slug":"la-plaza-de-la-libertad-volvera-a-acoger-la-programacion-infantil-y-juvenil-de-menudas-fiestas-estos-sanfermines-con-espacios-de-juegos-y-talleres","status":"publish","type":"post","link":"https:\/\/www.laguiadepamplona.com\/actualidad\/la-plaza-de-la-libertad-volvera-a-acoger-la-programacion-infantil-y-juvenil-de-menudas-fiestas-estos-sanfermines-con-espacios-de-juegos-y-talleres\/","title":{"rendered":"La Plaza de la Libertad volver\u00e1 a acoger la programaci\u00f3n infantil y juvenil de \u2018Menudas fiestas\u2019 estos Sanfermines, con espacios de juegos y talleres"},"content":{"rendered":"<h5>El Consistorio destinar\u00e1 90.750 euros a este espacio festivo, tal y como ha aprobado la Junta de Gobierno Local<\/h5>\n<p><!--more--><\/p>\n<p>La Junta de Gobierno Local del Ayuntamiento de Pamplona ha aprobado, en su sesi\u00f3n de hoy, la pr\u00f3rroga del contrato del programa \u2018Menudas fiestas\u2019, con la instalaci\u00f3n de varios espacios de ocio, juegos y talleres en torno a la Plaza de la Libertad durante los pr\u00f3ximos Sanfermines. Este programa est\u00e1 especialmente dirigido a p\u00fablico infantil y adolescente, hasta los 17 a\u00f1os, e incluye diversas actividades y atracciones, que estar\u00e1n abiertas del 6 al 14 de julio, en horario de ma\u00f1ana y tarde.<br \/>\n<script async src=\"\/\/pagead2.googlesyndication.com\/pagead\/js\/adsbygoogle.js\"><\/script><br \/>\n<!-- Noticias La Guia de Pamplona --><br \/>\n<ins class=\"adsbygoogle\"\nstyle=\"display:block\"\ndata-ad-client=\"ca-pub-6943679897239327\"\ndata-ad-slot=\"7048180777\"\ndata-ad-format=\"auto\"><\/ins><br \/>\n<script>\n(adsbygoogle = window.adsbygoogle || []).push({});\n<\/script><\/p>\n<p>La decisi\u00f3n adoptada hoy supone que la empresa Navar Producciones SL volver\u00e1 a organizar este programa, por un importe de 90.750 euros. De hecho, el contrato inicialmente adjudicado en 2022 ya preve\u00eda una pr\u00f3rroga del servicio. El contrato se extiende desde el 4 al 16 de julio. La zona de ocio \u2018Menudas fiestas\u2019 se extender\u00e1 en la parte delantera de trasera de la Plaza de la Paz, a ambos lados del estanque, en la zona alta del monumento y en los jardines de la parte trasera. Contando con estos cuatro espacios diferenciados, el programa incluir\u00e1 actividades gratuitas adaptadas a distintas edades durante las fiestas de San Ferm\u00edn, de 11.30 a 14 horas y de tarde de 18 a 21 horas.<\/p>\n<p>El objetivo es que en esta zona se propongan talleres, hinchables y juegos tranquilos y de aventuras, aut\u00f3nomos o dirigidos, que propicien la socializaci\u00f3n y la autonom\u00eda, todo ello en un ambiente de ocio y diversi\u00f3n. La empresa podr\u00e1 proponer este a\u00f1o tambi\u00e9n actividades de calle, en el entorno de la avenida Carlos III.<\/p>\n","protected":false},"excerpt":{"rendered":"<p>El Consistorio destinar\u00e1 90.750 euros a este espacio festivo, tal y como ha aprobado la Junta de Gobierno Local<\/p>\n","protected":false},"author":1,"featured_media":22663,"comment_status":"open","ping_status":"closed","sticky":false,"template":"","format":"standard","meta":{"footnotes":""},"categories":[2],"tags":[],"class_list":["post-43317","post","type-post","status-publish","format-standard","has-post-thumbnail","hentry","category-ayuntamiento-pamplona"],"yoast_head":"<!-- This site is optimized with the Yoast SEO plugin v27.3 - https:\/\/yoast.com\/product\/yoast-seo-wordpress\/ -->\n<title>La Plaza de la Libertad volver\u00e1 a acoger la programaci\u00f3n infantil y juvenil de \u2018Menudas fiestas\u2019 estos Sanfermines, con espacios de juegos y talleres<\/title>\n<meta name=\"description\" content=\"El Consistorio destinar\u00e1 90.750 euros a este espacio festivo, tal y como ha aprobado la Junta de Gobierno Local\" \/>\n<meta name=\"robots\" content=\"index, follow, max-snippet:-1, max-image-preview:large, max-video-preview:-1\" \/>\n<link rel=\"canonical\" href=\"https:\/\/www.laguiadepamplona.com\/actualidad\/la-plaza-de-la-libertad-volvera-a-acoger-la-programacion-infantil-y-juvenil-de-menudas-fiestas-estos-sanfermines-con-espacios-de-juegos-y-talleres\/\" \/>\n<meta property=\"og:locale\" content=\"es_ES\" \/>\n<meta property=\"og:type\" content=\"article\" \/>\n<meta property=\"og:title\" content=\"La Plaza de la Libertad volver\u00e1 a acoger la programaci\u00f3n infantil y juvenil de \u2018Menudas fiestas\u2019 estos Sanfermines, con espacios de juegos y talleres\" \/>\n<meta property=\"og:description\" content=\"El Consistorio destinar\u00e1 90.750 euros a este espacio festivo, tal y como ha aprobado la Junta de Gobierno Local\" \/>\n<meta property=\"og:url\" content=\"https:\/\/www.laguiadepamplona.com\/actualidad\/la-plaza-de-la-libertad-volvera-a-acoger-la-programacion-infantil-y-juvenil-de-menudas-fiestas-estos-sanfermines-con-espacios-de-juegos-y-talleres\/\" \/>\n<meta property=\"og:site_name\" content=\"La Gu\u00eda de Pamplona\" \/>\n<meta property=\"article:publisher\" content=\"https:\/\/www.facebook.com\/laguiadepamplonacom-133175176762273\/?ref=hl\" \/>\n<meta property=\"article:published_time\" content=\"2023-03-27T15:40:56+00:00\" \/>\n<meta property=\"article:modified_time\" content=\"2023-04-11T09:46:56+00:00\" \/>\n<meta property=\"og:image\" content=\"https:\/\/www.laguiadepamplona.com\/actualidad\/wp-content\/uploads\/2019\/06\/menudas-fiestas-san-fermin.jpg\" \/>\n\t<meta property=\"og:image:width\" content=\"1900\" \/>\n\t<meta property=\"og:image:height\" content=\"1267\" \/>\n\t<meta property=\"og:image:type\" content=\"image\/jpeg\" \/>\n<meta name=\"author\" content=\"La Gu\u00eda de Pamplona\" \/>\n<meta name=\"twitter:card\" content=\"summary_large_image\" \/>\n<meta name=\"twitter:creator\" content=\"@LaGuiadPamplona\" \/>\n<meta name=\"twitter:site\" content=\"@LaGuiadPamplona\" \/>\n<meta name=\"twitter:label1\" content=\"Escrito por\" \/>\n\t<meta name=\"twitter:data1\" content=\"La Gu\u00eda de Pamplona\" \/>\n\t<meta name=\"twitter:label2\" content=\"Tiempo de lectura\" \/>\n\t<meta name=\"twitter:data2\" content=\"2 minutos\" \/>\n<script type=\"application\/ld+json\" class=\"yoast-schema-graph\">{\"@context\":\"https:\\\/\\\/schema.org\",\"@graph\":[{\"@type\":\"Article\",\"@id\":\"https:\\\/\\\/www.laguiadepamplona.com\\\/actualidad\\\/la-plaza-de-la-libertad-volvera-a-acoger-la-programacion-infantil-y-juvenil-de-menudas-fiestas-estos-sanfermines-con-espacios-de-juegos-y-talleres\\\/#article\",\"isPartOf\":{\"@id\":\"https:\\\/\\\/www.laguiadepamplona.com\\\/actualidad\\\/la-plaza-de-la-libertad-volvera-a-acoger-la-programacion-infantil-y-juvenil-de-menudas-fiestas-estos-sanfermines-con-espacios-de-juegos-y-talleres\\\/\"},\"author\":{\"name\":\"La Gu\u00eda de Pamplona\",\"@id\":\"https:\\\/\\\/www.laguiadepamplona.com\\\/actualidad\\\/#\\\/schema\\\/person\\\/efe887376f0213d4657c93adc50b1fdb\"},\"headline\":\"La Plaza de la Libertad volver\u00e1 a acoger la programaci\u00f3n infantil y juvenil de \u2018Menudas fiestas\u2019 estos Sanfermines, con espacios de juegos y talleres\",\"datePublished\":\"2023-03-27T15:40:56+00:00\",\"dateModified\":\"2023-04-11T09:46:56+00:00\",\"mainEntityOfPage\":{\"@id\":\"https:\\\/\\\/www.laguiadepamplona.com\\\/actualidad\\\/la-plaza-de-la-libertad-volvera-a-acoger-la-programacion-infantil-y-juvenil-de-menudas-fiestas-estos-sanfermines-con-espacios-de-juegos-y-talleres\\\/\"},\"wordCount\":306,\"commentCount\":0,\"publisher\":{\"@id\":\"https:\\\/\\\/www.laguiadepamplona.com\\\/actualidad\\\/#organization\"},\"image\":{\"@id\":\"https:\\\/\\\/www.laguiadepamplona.com\\\/actualidad\\\/la-plaza-de-la-libertad-volvera-a-acoger-la-programacion-infantil-y-juvenil-de-menudas-fiestas-estos-sanfermines-con-espacios-de-juegos-y-talleres\\\/#primaryimage\"},\"thumbnailUrl\":\"https:\\\/\\\/www.laguiadepamplona.com\\\/actualidad\\\/wp-content\\\/uploads\\\/2019\\\/06\\\/menudas-fiestas-san-fermin.jpg\",\"articleSection\":[\"Ayto Pamplona\"],\"inLanguage\":\"es\",\"potentialAction\":[{\"@type\":\"CommentAction\",\"name\":\"Comment\",\"target\":[\"https:\\\/\\\/www.laguiadepamplona.com\\\/actualidad\\\/la-plaza-de-la-libertad-volvera-a-acoger-la-programacion-infantil-y-juvenil-de-menudas-fiestas-estos-sanfermines-con-espacios-de-juegos-y-talleres\\\/#respond\"]}]},{\"@type\":\"WebPage\",\"@id\":\"https:\\\/\\\/www.laguiadepamplona.com\\\/actualidad\\\/la-plaza-de-la-libertad-volvera-a-acoger-la-programacion-infantil-y-juvenil-de-menudas-fiestas-estos-sanfermines-con-espacios-de-juegos-y-talleres\\\/\",\"url\":\"https:\\\/\\\/www.laguiadepamplona.com\\\/actualidad\\\/la-plaza-de-la-libertad-volvera-a-acoger-la-programacion-infantil-y-juvenil-de-menudas-fiestas-estos-sanfermines-con-espacios-de-juegos-y-talleres\\\/\",\"name\":\"La Plaza de la Libertad volver\u00e1 a acoger la programaci\u00f3n infantil y juvenil de \u2018Menudas fiestas\u2019 estos Sanfermines, con espacios de juegos y talleres\",\"isPartOf\":{\"@id\":\"https:\\\/\\\/www.laguiadepamplona.com\\\/actualidad\\\/#website\"},\"primaryImageOfPage\":{\"@id\":\"https:\\\/\\\/www.laguiadepamplona.com\\\/actualidad\\\/la-plaza-de-la-libertad-volvera-a-acoger-la-programacion-infantil-y-juvenil-de-menudas-fiestas-estos-sanfermines-con-espacios-de-juegos-y-talleres\\\/#primaryimage\"},\"image\":{\"@id\":\"https:\\\/\\\/www.laguiadepamplona.com\\\/actualidad\\\/la-plaza-de-la-libertad-volvera-a-acoger-la-programacion-infantil-y-juvenil-de-menudas-fiestas-estos-sanfermines-con-espacios-de-juegos-y-talleres\\\/#primaryimage\"},\"thumbnailUrl\":\"https:\\\/\\\/www.laguiadepamplona.com\\\/actualidad\\\/wp-content\\\/uploads\\\/2019\\\/06\\\/menudas-fiestas-san-fermin.jpg\",\"datePublished\":\"2023-03-27T15:40:56+00:00\",\"dateModified\":\"2023-04-11T09:46:56+00:00\",\"description\":\"El Consistorio destinar\u00e1 90.750 euros a este espacio festivo, tal y como ha aprobado la Junta de Gobierno Local\",\"breadcrumb\":{\"@id\":\"https:\\\/\\\/www.laguiadepamplona.com\\\/actualidad\\\/la-plaza-de-la-libertad-volvera-a-acoger-la-programacion-infantil-y-juvenil-de-menudas-fiestas-estos-sanfermines-con-espacios-de-juegos-y-talleres\\\/#breadcrumb\"},\"inLanguage\":\"es\",\"potentialAction\":[{\"@type\":\"ReadAction\",\"target\":[\"https:\\\/\\\/www.laguiadepamplona.com\\\/actualidad\\\/la-plaza-de-la-libertad-volvera-a-acoger-la-programacion-infantil-y-juvenil-de-menudas-fiestas-estos-sanfermines-con-espacios-de-juegos-y-talleres\\\/\"]}]},{\"@type\":\"ImageObject\",\"inLanguage\":\"es\",\"@id\":\"https:\\\/\\\/www.laguiadepamplona.com\\\/actualidad\\\/la-plaza-de-la-libertad-volvera-a-acoger-la-programacion-infantil-y-juvenil-de-menudas-fiestas-estos-sanfermines-con-espacios-de-juegos-y-talleres\\\/#primaryimage\",\"url\":\"https:\\\/\\\/www.laguiadepamplona.com\\\/actualidad\\\/wp-content\\\/uploads\\\/2019\\\/06\\\/menudas-fiestas-san-fermin.jpg\",\"contentUrl\":\"https:\\\/\\\/www.laguiadepamplona.com\\\/actualidad\\\/wp-content\\\/uploads\\\/2019\\\/06\\\/menudas-fiestas-san-fermin.jpg\",\"width\":1900,\"height\":1267},{\"@type\":\"BreadcrumbList\",\"@id\":\"https:\\\/\\\/www.laguiadepamplona.com\\\/actualidad\\\/la-plaza-de-la-libertad-volvera-a-acoger-la-programacion-infantil-y-juvenil-de-menudas-fiestas-estos-sanfermines-con-espacios-de-juegos-y-talleres\\\/#breadcrumb\",\"itemListElement\":[{\"@type\":\"ListItem\",\"position\":1,\"name\":\"Portada\",\"item\":\"https:\\\/\\\/www.laguiadepamplona.com\\\/actualidad\\\/\"},{\"@type\":\"ListItem\",\"position\":2,\"name\":\"La Plaza de la Libertad volver\u00e1 a acoger la programaci\u00f3n infantil y juvenil de \u2018Menudas fiestas\u2019 estos Sanfermines, con espacios de juegos y talleres\"}]},{\"@type\":\"WebSite\",\"@id\":\"https:\\\/\\\/www.laguiadepamplona.com\\\/actualidad\\\/#website\",\"url\":\"https:\\\/\\\/www.laguiadepamplona.com\\\/actualidad\\\/\",\"name\":\"La gu\u00eda de Pamplona\",\"description\":\"Noticias de Pamplona\",\"publisher\":{\"@id\":\"https:\\\/\\\/www.laguiadepamplona.com\\\/actualidad\\\/#organization\"},\"potentialAction\":[{\"@type\":\"SearchAction\",\"target\":{\"@type\":\"EntryPoint\",\"urlTemplate\":\"https:\\\/\\\/www.laguiadepamplona.com\\\/actualidad\\\/?s={search_term_string}\"},\"query-input\":{\"@type\":\"PropertyValueSpecification\",\"valueRequired\":true,\"valueName\":\"search_term_string\"}}],\"inLanguage\":\"es\"},{\"@type\":\"Organization\",\"@id\":\"https:\\\/\\\/www.laguiadepamplona.com\\\/actualidad\\\/#organization\",\"name\":\"La Gu\u00eda de Pamplona \\\/ Noticias\",\"url\":\"https:\\\/\\\/www.laguiadepamplona.com\\\/actualidad\\\/\",\"logo\":{\"@type\":\"ImageObject\",\"inLanguage\":\"es\",\"@id\":\"https:\\\/\\\/www.laguiadepamplona.com\\\/actualidad\\\/#\\\/schema\\\/logo\\\/image\\\/\",\"url\":\"https:\\\/\\\/www.laguiadepamplona.com\\\/actualidad\\\/wp-content\\\/uploads\\\/2018\\\/11\\\/logo-laguiadepamplona18-web1.png\",\"contentUrl\":\"https:\\\/\\\/www.laguiadepamplona.com\\\/actualidad\\\/wp-content\\\/uploads\\\/2018\\\/11\\\/logo-laguiadepamplona18-web1.png\",\"width\":600,\"height\":196,\"caption\":\"La Gu\u00eda de Pamplona \\\/ Noticias\"},\"image\":{\"@id\":\"https:\\\/\\\/www.laguiadepamplona.com\\\/actualidad\\\/#\\\/schema\\\/logo\\\/image\\\/\"},\"sameAs\":[\"https:\\\/\\\/www.facebook.com\\\/laguiadepamplonacom-133175176762273\\\/?ref=hl\",\"https:\\\/\\\/x.com\\\/LaGuiadPamplona\",\"https:\\\/\\\/www.instagram.com\\\/la_guia_de_pamplona\\\/\",\"https:\\\/\\\/www.youtube.com\\\/user\\\/laguiadepamplona\"]},{\"@type\":\"Person\",\"@id\":\"https:\\\/\\\/www.laguiadepamplona.com\\\/actualidad\\\/#\\\/schema\\\/person\\\/efe887376f0213d4657c93adc50b1fdb\",\"name\":\"La Gu\u00eda de Pamplona\",\"image\":{\"@type\":\"ImageObject\",\"inLanguage\":\"es\",\"@id\":\"https:\\\/\\\/secure.gravatar.com\\\/avatar\\\/b6992f131dc8d30ab0dff15446e9d346d9dbd95992de0fef795073f5ea83a81c?s=96&d=mm&r=g\",\"url\":\"https:\\\/\\\/secure.gravatar.com\\\/avatar\\\/b6992f131dc8d30ab0dff15446e9d346d9dbd95992de0fef795073f5ea83a81c?s=96&d=mm&r=g\",\"contentUrl\":\"https:\\\/\\\/secure.gravatar.com\\\/avatar\\\/b6992f131dc8d30ab0dff15446e9d346d9dbd95992de0fef795073f5ea83a81c?s=96&d=mm&r=g\",\"caption\":\"La Gu\u00eda de Pamplona\"}}]}<\/script>\n<!-- \/ Yoast SEO plugin. -->","yoast_head_json":{"title":"La Plaza de la Libertad volver\u00e1 a acoger la programaci\u00f3n infantil y juvenil de \u2018Menudas fiestas\u2019 estos Sanfermines, con espacios de juegos y talleres","description":"El Consistorio destinar\u00e1 90.750 euros a este espacio festivo, tal y como ha aprobado la Junta de Gobierno Local","robots":{"index":"index","follow":"follow","max-snippet":"max-snippet:-1","max-image-preview":"max-image-preview:large","max-video-preview":"max-video-preview:-1"},"canonical":"https:\/\/www.laguiadepamplona.com\/actualidad\/la-plaza-de-la-libertad-volvera-a-acoger-la-programacion-infantil-y-juvenil-de-menudas-fiestas-estos-sanfermines-con-espacios-de-juegos-y-talleres\/","og_locale":"es_ES","og_type":"article","og_title":"La Plaza de la Libertad volver\u00e1 a acoger la programaci\u00f3n infantil y juvenil de \u2018Menudas fiestas\u2019 estos Sanfermines, con espacios de juegos y talleres","og_description":"El Consistorio destinar\u00e1 90.750 euros a este espacio festivo, tal y como ha aprobado la Junta de Gobierno Local","og_url":"https:\/\/www.laguiadepamplona.com\/actualidad\/la-plaza-de-la-libertad-volvera-a-acoger-la-programacion-infantil-y-juvenil-de-menudas-fiestas-estos-sanfermines-con-espacios-de-juegos-y-talleres\/","og_site_name":"La Gu\u00eda de Pamplona","article_publisher":"https:\/\/www.facebook.com\/laguiadepamplonacom-133175176762273\/?ref=hl","article_published_time":"2023-03-27T15:40:56+00:00","article_modified_time":"2023-04-11T09:46:56+00:00","og_image":[{"width":1900,"height":1267,"url":"https:\/\/www.laguiadepamplona.com\/actualidad\/wp-content\/uploads\/2019\/06\/menudas-fiestas-san-fermin.jpg","type":"image\/jpeg"}],"author":"La Gu\u00eda de Pamplona","twitter_card":"summary_large_image","twitter_creator":"@LaGuiadPamplona","twitter_site":"@LaGuiadPamplona","twitter_misc":{"Escrito por":"La Gu\u00eda de Pamplona","Tiempo de lectura":"2 minutos"},"schema":{"@context":"https:\/\/schema.org","@graph":[{"@type":"Article","@id":"https:\/\/www.laguiadepamplona.com\/actualidad\/la-plaza-de-la-libertad-volvera-a-acoger-la-programacion-infantil-y-juvenil-de-menudas-fiestas-estos-sanfermines-con-espacios-de-juegos-y-talleres\/#article","isPartOf":{"@id":"https:\/\/www.laguiadepamplona.com\/actualidad\/la-plaza-de-la-libertad-volvera-a-acoger-la-programacion-infantil-y-juvenil-de-menudas-fiestas-estos-sanfermines-con-espacios-de-juegos-y-talleres\/"},"author":{"name":"La Gu\u00eda de Pamplona","@id":"https:\/\/www.laguiadepamplona.com\/actualidad\/#\/schema\/person\/efe887376f0213d4657c93adc50b1fdb"},"headline":"La Plaza de la Libertad volver\u00e1 a acoger la programaci\u00f3n infantil y juvenil de \u2018Menudas fiestas\u2019 estos Sanfermines, con espacios de juegos y talleres","datePublished":"2023-03-27T15:40:56+00:00","dateModified":"2023-04-11T09:46:56+00:00","mainEntityOfPage":{"@id":"https:\/\/www.laguiadepamplona.com\/actualidad\/la-plaza-de-la-libertad-volvera-a-acoger-la-programacion-infantil-y-juvenil-de-menudas-fiestas-estos-sanfermines-con-espacios-de-juegos-y-talleres\/"},"wordCount":306,"commentCount":0,"publisher":{"@id":"https:\/\/www.laguiadepamplona.com\/actualidad\/#organization"},"image":{"@id":"https:\/\/www.laguiadepamplona.com\/actualidad\/la-plaza-de-la-libertad-volvera-a-acoger-la-programacion-infantil-y-juvenil-de-menudas-fiestas-estos-sanfermines-con-espacios-de-juegos-y-talleres\/#primaryimage"},"thumbnailUrl":"https:\/\/www.laguiadepamplona.com\/actualidad\/wp-content\/uploads\/2019\/06\/menudas-fiestas-san-fermin.jpg","articleSection":["Ayto Pamplona"],"inLanguage":"es","potentialAction":[{"@type":"CommentAction","name":"Comment","target":["https:\/\/www.laguiadepamplona.com\/actualidad\/la-plaza-de-la-libertad-volvera-a-acoger-la-programacion-infantil-y-juvenil-de-menudas-fiestas-estos-sanfermines-con-espacios-de-juegos-y-talleres\/#respond"]}]},{"@type":"WebPage","@id":"https:\/\/www.laguiadepamplona.com\/actualidad\/la-plaza-de-la-libertad-volvera-a-acoger-la-programacion-infantil-y-juvenil-de-menudas-fiestas-estos-sanfermines-con-espacios-de-juegos-y-talleres\/","url":"https:\/\/www.laguiadepamplona.com\/actualidad\/la-plaza-de-la-libertad-volvera-a-acoger-la-programacion-infantil-y-juvenil-de-menudas-fiestas-estos-sanfermines-con-espacios-de-juegos-y-talleres\/","name":"La Plaza de la Libertad volver\u00e1 a acoger la programaci\u00f3n infantil y juvenil de \u2018Menudas fiestas\u2019 estos Sanfermines, con espacios de juegos y talleres","isPartOf":{"@id":"https:\/\/www.laguiadepamplona.com\/actualidad\/#website"},"primaryImageOfPage":{"@id":"https:\/\/www.laguiadepamplona.com\/actualidad\/la-plaza-de-la-libertad-volvera-a-acoger-la-programacion-infantil-y-juvenil-de-menudas-fiestas-estos-sanfermines-con-espacios-de-juegos-y-talleres\/#primaryimage"},"image":{"@id":"https:\/\/www.laguiadepamplona.com\/actualidad\/la-plaza-de-la-libertad-volvera-a-acoger-la-programacion-infantil-y-juvenil-de-menudas-fiestas-estos-sanfermines-con-espacios-de-juegos-y-talleres\/#primaryimage"},"thumbnailUrl":"https:\/\/www.laguiadepamplona.com\/actualidad\/wp-content\/uploads\/2019\/06\/menudas-fiestas-san-fermin.jpg","datePublished":"2023-03-27T15:40:56+00:00","dateModified":"2023-04-11T09:46:56+00:00","description":"El Consistorio destinar\u00e1 90.750 euros a este espacio festivo, tal y como ha aprobado la Junta de Gobierno Local","breadcrumb":{"@id":"https:\/\/www.laguiadepamplona.com\/actualidad\/la-plaza-de-la-libertad-volvera-a-acoger-la-programacion-infantil-y-juvenil-de-menudas-fiestas-estos-sanfermines-con-espacios-de-juegos-y-talleres\/#breadcrumb"},"inLanguage":"es","potentialAction":[{"@type":"ReadAction","target":["https:\/\/www.laguiadepamplona.com\/actualidad\/la-plaza-de-la-libertad-volvera-a-acoger-la-programacion-infantil-y-juvenil-de-menudas-fiestas-estos-sanfermines-con-espacios-de-juegos-y-talleres\/"]}]},{"@type":"ImageObject","inLanguage":"es","@id":"https:\/\/www.laguiadepamplona.com\/actualidad\/la-plaza-de-la-libertad-volvera-a-acoger-la-programacion-infantil-y-juvenil-de-menudas-fiestas-estos-sanfermines-con-espacios-de-juegos-y-talleres\/#primaryimage","url":"https:\/\/www.laguiadepamplona.com\/actualidad\/wp-content\/uploads\/2019\/06\/menudas-fiestas-san-fermin.jpg","contentUrl":"https:\/\/www.laguiadepamplona.com\/actualidad\/wp-content\/uploads\/2019\/06\/menudas-fiestas-san-fermin.jpg","width":1900,"height":1267},{"@type":"BreadcrumbList","@id":"https:\/\/www.laguiadepamplona.com\/actualidad\/la-plaza-de-la-libertad-volvera-a-acoger-la-programacion-infantil-y-juvenil-de-menudas-fiestas-estos-sanfermines-con-espacios-de-juegos-y-talleres\/#breadcrumb","itemListElement":[{"@type":"ListItem","position":1,"name":"Portada","item":"https:\/\/www.laguiadepamplona.com\/actualidad\/"},{"@type":"ListItem","position":2,"name":"La Plaza de la Libertad volver\u00e1 a acoger la programaci\u00f3n infantil y juvenil de \u2018Menudas fiestas\u2019 estos Sanfermines, con espacios de juegos y talleres"}]},{"@type":"WebSite","@id":"https:\/\/www.laguiadepamplona.com\/actualidad\/#website","url":"https:\/\/www.laguiadepamplona.com\/actualidad\/","name":"La gu\u00eda de Pamplona","description":"Noticias de Pamplona","publisher":{"@id":"https:\/\/www.laguiadepamplona.com\/actualidad\/#organization"},"potentialAction":[{"@type":"SearchAction","target":{"@type":"EntryPoint","urlTemplate":"https:\/\/www.laguiadepamplona.com\/actualidad\/?s={search_term_string}"},"query-input":{"@type":"PropertyValueSpecification","valueRequired":true,"valueName":"search_term_string"}}],"inLanguage":"es"},{"@type":"Organization","@id":"https:\/\/www.laguiadepamplona.com\/actualidad\/#organization","name":"La Gu\u00eda de Pamplona \/ Noticias","url":"https:\/\/www.laguiadepamplona.com\/actualidad\/","logo":{"@type":"ImageObject","inLanguage":"es","@id":"https:\/\/www.laguiadepamplona.com\/actualidad\/#\/schema\/logo\/image\/","url":"https:\/\/www.laguiadepamplona.com\/actualidad\/wp-content\/uploads\/2018\/11\/logo-laguiadepamplona18-web1.png","contentUrl":"https:\/\/www.laguiadepamplona.com\/actualidad\/wp-content\/uploads\/2018\/11\/logo-laguiadepamplona18-web1.png","width":600,"height":196,"caption":"La Gu\u00eda de Pamplona \/ Noticias"},"image":{"@id":"https:\/\/www.laguiadepamplona.com\/actualidad\/#\/schema\/logo\/image\/"},"sameAs":["https:\/\/www.facebook.com\/laguiadepamplonacom-133175176762273\/?ref=hl","https:\/\/x.com\/LaGuiadPamplona","https:\/\/www.instagram.com\/la_guia_de_pamplona\/","https:\/\/www.youtube.com\/user\/laguiadepamplona"]},{"@type":"Person","@id":"https:\/\/www.laguiadepamplona.com\/actualidad\/#\/schema\/person\/efe887376f0213d4657c93adc50b1fdb","name":"La Gu\u00eda de Pamplona","image":{"@type":"ImageObject","inLanguage":"es","@id":"https:\/\/secure.gravatar.com\/avatar\/b6992f131dc8d30ab0dff15446e9d346d9dbd95992de0fef795073f5ea83a81c?s=96&d=mm&r=g","url":"https:\/\/secure.gravatar.com\/avatar\/b6992f131dc8d30ab0dff15446e9d346d9dbd95992de0fef795073f5ea83a81c?s=96&d=mm&r=g","contentUrl":"https:\/\/secure.gravatar.com\/avatar\/b6992f131dc8d30ab0dff15446e9d346d9dbd95992de0fef795073f5ea83a81c?s=96&d=mm&r=g","caption":"La Gu\u00eda de Pamplona"}}]}},"post_mailing_queue_ids":[],"_links":{"self":[{"href":"https:\/\/www.laguiadepamplona.com\/actualidad\/wp-json\/wp\/v2\/posts\/43317","targetHints":{"allow":["GET"]}}],"collection":[{"href":"https:\/\/www.laguiadepamplona.com\/actualidad\/wp-json\/wp\/v2\/posts"}],"about":[{"href":"https:\/\/www.laguiadepamplona.com\/actualidad\/wp-json\/wp\/v2\/types\/post"}],"author":[{"embeddable":true,"href":"https:\/\/www.laguiadepamplona.com\/actualidad\/wp-json\/wp\/v2\/users\/1"}],"replies":[{"embeddable":true,"href":"https:\/\/www.laguiadepamplona.com\/actualidad\/wp-json\/wp\/v2\/comments?post=43317"}],"version-history":[{"count":0,"href":"https:\/\/www.laguiadepamplona.com\/actualidad\/wp-json\/wp\/v2\/posts\/43317\/revisions"}],"wp:featuredmedia":[{"embeddable":true,"href":"https:\/\/www.laguiadepamplona.com\/actualidad\/wp-json\/wp\/v2\/media\/22663"}],"wp:attachment":[{"href":"https:\/\/www.laguiadepamplona.com\/actualidad\/wp-json\/wp\/v2\/media?parent=43317"}],"wp:term":[{"taxonomy":"category","embeddable":true,"href":"https:\/\/www.laguiadepamplona.com\/actualidad\/wp-json\/wp\/v2\/categories?post=43317"},{"taxonomy":"post_tag","embeddable":true,"href":"https:\/\/www.laguiadepamplona.com\/actualidad\/wp-json\/wp\/v2\/tags?post=43317"}],"curies":[{"name":"wp","href":"https:\/\/api.w.org\/{rel}","templated":true}]}}