{"id":43311,"date":"2023-03-27T12:48:47","date_gmt":"2023-03-27T10:48:47","guid":{"rendered":"https:\/\/www.laguiadepamplona.com\/actualidad\/?p=43311"},"modified":"2023-04-11T11:46:56","modified_gmt":"2023-04-11T09:46:56","slug":"un-grupo-de-estudiantes-de-bachillerato-de-paderborn-alemania-visita-el-ayuntamiento-de-pamplona","status":"publish","type":"post","link":"https:\/\/www.laguiadepamplona.com\/actualidad\/un-grupo-de-estudiantes-de-bachillerato-de-paderborn-alemania-visita-el-ayuntamiento-de-pamplona\/","title":{"rendered":"Un grupo de estudiantes de Bachillerato de Paderborn (Alemania) visita el Ayuntamiento de Pamplona"},"content":{"rendered":"<h5>Estar\u00e1n en Pamplona dos semanas para realizar pr\u00e1cticas en diferentes centros como parte de su formaci\u00f3n acad\u00e9mica<\/h5>\n<p><!--more--><\/p>\n<p>Cinco j\u00f3venes y dos profesoras del instituto Gesamtschule Paderborn-Elsen de Paderborn (Alemania) han visitado esta ma\u00f1ana el Ayuntamiento de Pamplona. Estar\u00e1n en la ciudad hasta el 31 de marzo dentro de una estancia de dos semanas como parte de unas pr\u00e1cticas del programa Erasmus+. Durante su visita, en la que les ha acompa\u00f1ado tambi\u00e9n la presidenta de la Sociedad Hispano Alemana del Norte de Espa\u00f1a, Cristina Doria, han mantenido un breve encuentro con la teniente de alcalde Ana Elizalde.<br \/>\n<script async src=\"\/\/pagead2.googlesyndication.com\/pagead\/js\/adsbygoogle.js\"><\/script><br \/>\n<!-- Noticias La Guia de Pamplona --><br \/>\n<ins class=\"adsbygoogle\"\nstyle=\"display:block\"\ndata-ad-client=\"ca-pub-6943679897239327\"\ndata-ad-slot=\"7048180777\"\ndata-ad-format=\"auto\"><\/ins><br \/>\n<script>\n(adsbygoogle = window.adsbygoogle || []).push({});\n<\/script><\/p>\n<p>La Sociedad Hispano Alemana del Norte de Espa\u00f1a ha mediado para que este grupo de estudiantes de Bachillerato viniera a Pamplona para hacer esas pr\u00e1cticas. Pamplona y Paderborn son ciudades hermanas desde hace m\u00e1s de treinta a\u00f1os y esta visita es un ejemplo m\u00e1s de la colaboraci\u00f3n y del intercambio entre ambas localidades. En Alemania es obligatorio que en Bachillerato el alumnado haga durante el curso dos semanas de pr\u00e1cticas para formarse en aquello que est\u00e1 estudiando.<\/p>\n<p>Las pr\u00e1cticas las est\u00e1n llevando a cabo a cabo en la sociedad p\u00fablica NICDO colaborando en el Festival Punto de Vista, en el Centro Maternalia del Segundo Ensanche y en el Colegio P\u00fablico Paderborn &#8211; V\u00edctor Pradera en el barrio de la Milagrosa.<\/p>\n","protected":false},"excerpt":{"rendered":"<p>Estar\u00e1n en Pamplona dos semanas para realizar pr\u00e1cticas en diferentes centros como parte de su formaci\u00f3n acad\u00e9mica<\/p>\n","protected":false},"author":1,"featured_media":43312,"comment_status":"open","ping_status":"closed","sticky":false,"template":"","format":"standard","meta":{"footnotes":""},"categories":[2],"tags":[],"class_list":["post-43311","post","type-post","status-publish","format-standard","has-post-thumbnail","hentry","category-ayuntamiento-pamplona"],"yoast_head":"<!-- This site is optimized with the Yoast SEO plugin v27.3 - https:\/\/yoast.com\/product\/yoast-seo-wordpress\/ -->\n<title>Un grupo de estudiantes de Bachillerato de Paderborn (Alemania) visita el Ayuntamiento de Pamplona<\/title>\n<meta name=\"description\" content=\"Estar\u00e1n en Pamplona dos semanas para realizar pr\u00e1cticas en diferentes centros como parte de su formaci\u00f3n acad\u00e9mica\" \/>\n<meta name=\"robots\" content=\"index, follow, max-snippet:-1, max-image-preview:large, max-video-preview:-1\" \/>\n<link rel=\"canonical\" href=\"https:\/\/www.laguiadepamplona.com\/actualidad\/un-grupo-de-estudiantes-de-bachillerato-de-paderborn-alemania-visita-el-ayuntamiento-de-pamplona\/\" \/>\n<meta property=\"og:locale\" content=\"es_ES\" \/>\n<meta property=\"og:type\" content=\"article\" \/>\n<meta property=\"og:title\" content=\"Un grupo de estudiantes de Bachillerato de Paderborn (Alemania) visita el Ayuntamiento de Pamplona\" \/>\n<meta property=\"og:description\" content=\"Estar\u00e1n en Pamplona dos semanas para realizar pr\u00e1cticas en diferentes centros como parte de su formaci\u00f3n acad\u00e9mica\" \/>\n<meta property=\"og:url\" content=\"https:\/\/www.laguiadepamplona.com\/actualidad\/un-grupo-de-estudiantes-de-bachillerato-de-paderborn-alemania-visita-el-ayuntamiento-de-pamplona\/\" \/>\n<meta property=\"og:site_name\" content=\"La Gu\u00eda de Pamplona\" \/>\n<meta property=\"article:publisher\" content=\"https:\/\/www.facebook.com\/laguiadepamplonacom-133175176762273\/?ref=hl\" \/>\n<meta property=\"article:published_time\" content=\"2023-03-27T10:48:47+00:00\" \/>\n<meta property=\"article:modified_time\" content=\"2023-04-11T09:46:56+00:00\" \/>\n<meta property=\"og:image\" content=\"https:\/\/www.laguiadepamplona.com\/actualidad\/wp-content\/uploads\/2023\/03\/estudiantes-paderborn-pamplona.webp\" \/>\n\t<meta property=\"og:image:width\" content=\"1920\" \/>\n\t<meta property=\"og:image:height\" content=\"1280\" \/>\n\t<meta property=\"og:image:type\" content=\"image\/webp\" \/>\n<meta name=\"author\" content=\"La Gu\u00eda de Pamplona\" \/>\n<meta name=\"twitter:card\" content=\"summary_large_image\" \/>\n<meta name=\"twitter:creator\" content=\"@LaGuiadPamplona\" \/>\n<meta name=\"twitter:site\" content=\"@LaGuiadPamplona\" \/>\n<meta name=\"twitter:label1\" content=\"Escrito por\" \/>\n\t<meta name=\"twitter:data1\" content=\"La Gu\u00eda de Pamplona\" \/>\n\t<meta name=\"twitter:label2\" content=\"Tiempo de lectura\" \/>\n\t<meta name=\"twitter:data2\" content=\"1 minuto\" \/>\n<script type=\"application\/ld+json\" class=\"yoast-schema-graph\">{\"@context\":\"https:\\\/\\\/schema.org\",\"@graph\":[{\"@type\":\"Article\",\"@id\":\"https:\\\/\\\/www.laguiadepamplona.com\\\/actualidad\\\/un-grupo-de-estudiantes-de-bachillerato-de-paderborn-alemania-visita-el-ayuntamiento-de-pamplona\\\/#article\",\"isPartOf\":{\"@id\":\"https:\\\/\\\/www.laguiadepamplona.com\\\/actualidad\\\/un-grupo-de-estudiantes-de-bachillerato-de-paderborn-alemania-visita-el-ayuntamiento-de-pamplona\\\/\"},\"author\":{\"name\":\"La Gu\u00eda de Pamplona\",\"@id\":\"https:\\\/\\\/www.laguiadepamplona.com\\\/actualidad\\\/#\\\/schema\\\/person\\\/efe887376f0213d4657c93adc50b1fdb\"},\"headline\":\"Un grupo de estudiantes de Bachillerato de Paderborn (Alemania) visita el Ayuntamiento de Pamplona\",\"datePublished\":\"2023-03-27T10:48:47+00:00\",\"dateModified\":\"2023-04-11T09:46:56+00:00\",\"mainEntityOfPage\":{\"@id\":\"https:\\\/\\\/www.laguiadepamplona.com\\\/actualidad\\\/un-grupo-de-estudiantes-de-bachillerato-de-paderborn-alemania-visita-el-ayuntamiento-de-pamplona\\\/\"},\"wordCount\":252,\"commentCount\":0,\"publisher\":{\"@id\":\"https:\\\/\\\/www.laguiadepamplona.com\\\/actualidad\\\/#organization\"},\"image\":{\"@id\":\"https:\\\/\\\/www.laguiadepamplona.com\\\/actualidad\\\/un-grupo-de-estudiantes-de-bachillerato-de-paderborn-alemania-visita-el-ayuntamiento-de-pamplona\\\/#primaryimage\"},\"thumbnailUrl\":\"https:\\\/\\\/www.laguiadepamplona.com\\\/actualidad\\\/wp-content\\\/uploads\\\/2023\\\/03\\\/estudiantes-paderborn-pamplona.webp\",\"articleSection\":[\"Ayto Pamplona\"],\"inLanguage\":\"es\",\"potentialAction\":[{\"@type\":\"CommentAction\",\"name\":\"Comment\",\"target\":[\"https:\\\/\\\/www.laguiadepamplona.com\\\/actualidad\\\/un-grupo-de-estudiantes-de-bachillerato-de-paderborn-alemania-visita-el-ayuntamiento-de-pamplona\\\/#respond\"]}]},{\"@type\":\"WebPage\",\"@id\":\"https:\\\/\\\/www.laguiadepamplona.com\\\/actualidad\\\/un-grupo-de-estudiantes-de-bachillerato-de-paderborn-alemania-visita-el-ayuntamiento-de-pamplona\\\/\",\"url\":\"https:\\\/\\\/www.laguiadepamplona.com\\\/actualidad\\\/un-grupo-de-estudiantes-de-bachillerato-de-paderborn-alemania-visita-el-ayuntamiento-de-pamplona\\\/\",\"name\":\"Un grupo de estudiantes de Bachillerato de Paderborn (Alemania) visita el Ayuntamiento de Pamplona\",\"isPartOf\":{\"@id\":\"https:\\\/\\\/www.laguiadepamplona.com\\\/actualidad\\\/#website\"},\"primaryImageOfPage\":{\"@id\":\"https:\\\/\\\/www.laguiadepamplona.com\\\/actualidad\\\/un-grupo-de-estudiantes-de-bachillerato-de-paderborn-alemania-visita-el-ayuntamiento-de-pamplona\\\/#primaryimage\"},\"image\":{\"@id\":\"https:\\\/\\\/www.laguiadepamplona.com\\\/actualidad\\\/un-grupo-de-estudiantes-de-bachillerato-de-paderborn-alemania-visita-el-ayuntamiento-de-pamplona\\\/#primaryimage\"},\"thumbnailUrl\":\"https:\\\/\\\/www.laguiadepamplona.com\\\/actualidad\\\/wp-content\\\/uploads\\\/2023\\\/03\\\/estudiantes-paderborn-pamplona.webp\",\"datePublished\":\"2023-03-27T10:48:47+00:00\",\"dateModified\":\"2023-04-11T09:46:56+00:00\",\"description\":\"Estar\u00e1n en Pamplona dos semanas para realizar pr\u00e1cticas en diferentes centros como parte de su formaci\u00f3n acad\u00e9mica\",\"breadcrumb\":{\"@id\":\"https:\\\/\\\/www.laguiadepamplona.com\\\/actualidad\\\/un-grupo-de-estudiantes-de-bachillerato-de-paderborn-alemania-visita-el-ayuntamiento-de-pamplona\\\/#breadcrumb\"},\"inLanguage\":\"es\",\"potentialAction\":[{\"@type\":\"ReadAction\",\"target\":[\"https:\\\/\\\/www.laguiadepamplona.com\\\/actualidad\\\/un-grupo-de-estudiantes-de-bachillerato-de-paderborn-alemania-visita-el-ayuntamiento-de-pamplona\\\/\"]}]},{\"@type\":\"ImageObject\",\"inLanguage\":\"es\",\"@id\":\"https:\\\/\\\/www.laguiadepamplona.com\\\/actualidad\\\/un-grupo-de-estudiantes-de-bachillerato-de-paderborn-alemania-visita-el-ayuntamiento-de-pamplona\\\/#primaryimage\",\"url\":\"https:\\\/\\\/www.laguiadepamplona.com\\\/actualidad\\\/wp-content\\\/uploads\\\/2023\\\/03\\\/estudiantes-paderborn-pamplona.webp\",\"contentUrl\":\"https:\\\/\\\/www.laguiadepamplona.com\\\/actualidad\\\/wp-content\\\/uploads\\\/2023\\\/03\\\/estudiantes-paderborn-pamplona.webp\",\"width\":1920,\"height\":1280},{\"@type\":\"BreadcrumbList\",\"@id\":\"https:\\\/\\\/www.laguiadepamplona.com\\\/actualidad\\\/un-grupo-de-estudiantes-de-bachillerato-de-paderborn-alemania-visita-el-ayuntamiento-de-pamplona\\\/#breadcrumb\",\"itemListElement\":[{\"@type\":\"ListItem\",\"position\":1,\"name\":\"Portada\",\"item\":\"https:\\\/\\\/www.laguiadepamplona.com\\\/actualidad\\\/\"},{\"@type\":\"ListItem\",\"position\":2,\"name\":\"Un grupo de estudiantes de Bachillerato de Paderborn (Alemania) visita el Ayuntamiento de Pamplona\"}]},{\"@type\":\"WebSite\",\"@id\":\"https:\\\/\\\/www.laguiadepamplona.com\\\/actualidad\\\/#website\",\"url\":\"https:\\\/\\\/www.laguiadepamplona.com\\\/actualidad\\\/\",\"name\":\"La gu\u00eda de Pamplona\",\"description\":\"Noticias de Pamplona\",\"publisher\":{\"@id\":\"https:\\\/\\\/www.laguiadepamplona.com\\\/actualidad\\\/#organization\"},\"potentialAction\":[{\"@type\":\"SearchAction\",\"target\":{\"@type\":\"EntryPoint\",\"urlTemplate\":\"https:\\\/\\\/www.laguiadepamplona.com\\\/actualidad\\\/?s={search_term_string}\"},\"query-input\":{\"@type\":\"PropertyValueSpecification\",\"valueRequired\":true,\"valueName\":\"search_term_string\"}}],\"inLanguage\":\"es\"},{\"@type\":\"Organization\",\"@id\":\"https:\\\/\\\/www.laguiadepamplona.com\\\/actualidad\\\/#organization\",\"name\":\"La Gu\u00eda de Pamplona \\\/ Noticias\",\"url\":\"https:\\\/\\\/www.laguiadepamplona.com\\\/actualidad\\\/\",\"logo\":{\"@type\":\"ImageObject\",\"inLanguage\":\"es\",\"@id\":\"https:\\\/\\\/www.laguiadepamplona.com\\\/actualidad\\\/#\\\/schema\\\/logo\\\/image\\\/\",\"url\":\"https:\\\/\\\/www.laguiadepamplona.com\\\/actualidad\\\/wp-content\\\/uploads\\\/2018\\\/11\\\/logo-laguiadepamplona18-web1.png\",\"contentUrl\":\"https:\\\/\\\/www.laguiadepamplona.com\\\/actualidad\\\/wp-content\\\/uploads\\\/2018\\\/11\\\/logo-laguiadepamplona18-web1.png\",\"width\":600,\"height\":196,\"caption\":\"La Gu\u00eda de Pamplona \\\/ Noticias\"},\"image\":{\"@id\":\"https:\\\/\\\/www.laguiadepamplona.com\\\/actualidad\\\/#\\\/schema\\\/logo\\\/image\\\/\"},\"sameAs\":[\"https:\\\/\\\/www.facebook.com\\\/laguiadepamplonacom-133175176762273\\\/?ref=hl\",\"https:\\\/\\\/x.com\\\/LaGuiadPamplona\",\"https:\\\/\\\/www.instagram.com\\\/la_guia_de_pamplona\\\/\",\"https:\\\/\\\/www.youtube.com\\\/user\\\/laguiadepamplona\"]},{\"@type\":\"Person\",\"@id\":\"https:\\\/\\\/www.laguiadepamplona.com\\\/actualidad\\\/#\\\/schema\\\/person\\\/efe887376f0213d4657c93adc50b1fdb\",\"name\":\"La Gu\u00eda de Pamplona\",\"image\":{\"@type\":\"ImageObject\",\"inLanguage\":\"es\",\"@id\":\"https:\\\/\\\/secure.gravatar.com\\\/avatar\\\/b6992f131dc8d30ab0dff15446e9d346d9dbd95992de0fef795073f5ea83a81c?s=96&d=mm&r=g\",\"url\":\"https:\\\/\\\/secure.gravatar.com\\\/avatar\\\/b6992f131dc8d30ab0dff15446e9d346d9dbd95992de0fef795073f5ea83a81c?s=96&d=mm&r=g\",\"contentUrl\":\"https:\\\/\\\/secure.gravatar.com\\\/avatar\\\/b6992f131dc8d30ab0dff15446e9d346d9dbd95992de0fef795073f5ea83a81c?s=96&d=mm&r=g\",\"caption\":\"La Gu\u00eda de Pamplona\"}}]}<\/script>\n<!-- \/ Yoast SEO plugin. -->","yoast_head_json":{"title":"Un grupo de estudiantes de Bachillerato de Paderborn (Alemania) visita el Ayuntamiento de Pamplona","description":"Estar\u00e1n en Pamplona dos semanas para realizar pr\u00e1cticas en diferentes centros como parte de su formaci\u00f3n acad\u00e9mica","robots":{"index":"index","follow":"follow","max-snippet":"max-snippet:-1","max-image-preview":"max-image-preview:large","max-video-preview":"max-video-preview:-1"},"canonical":"https:\/\/www.laguiadepamplona.com\/actualidad\/un-grupo-de-estudiantes-de-bachillerato-de-paderborn-alemania-visita-el-ayuntamiento-de-pamplona\/","og_locale":"es_ES","og_type":"article","og_title":"Un grupo de estudiantes de Bachillerato de Paderborn (Alemania) visita el Ayuntamiento de Pamplona","og_description":"Estar\u00e1n en Pamplona dos semanas para realizar pr\u00e1cticas en diferentes centros como parte de su formaci\u00f3n acad\u00e9mica","og_url":"https:\/\/www.laguiadepamplona.com\/actualidad\/un-grupo-de-estudiantes-de-bachillerato-de-paderborn-alemania-visita-el-ayuntamiento-de-pamplona\/","og_site_name":"La Gu\u00eda de Pamplona","article_publisher":"https:\/\/www.facebook.com\/laguiadepamplonacom-133175176762273\/?ref=hl","article_published_time":"2023-03-27T10:48:47+00:00","article_modified_time":"2023-04-11T09:46:56+00:00","og_image":[{"width":1920,"height":1280,"url":"https:\/\/www.laguiadepamplona.com\/actualidad\/wp-content\/uploads\/2023\/03\/estudiantes-paderborn-pamplona.webp","type":"image\/webp"}],"author":"La Gu\u00eda de Pamplona","twitter_card":"summary_large_image","twitter_creator":"@LaGuiadPamplona","twitter_site":"@LaGuiadPamplona","twitter_misc":{"Escrito por":"La Gu\u00eda de Pamplona","Tiempo de lectura":"1 minuto"},"schema":{"@context":"https:\/\/schema.org","@graph":[{"@type":"Article","@id":"https:\/\/www.laguiadepamplona.com\/actualidad\/un-grupo-de-estudiantes-de-bachillerato-de-paderborn-alemania-visita-el-ayuntamiento-de-pamplona\/#article","isPartOf":{"@id":"https:\/\/www.laguiadepamplona.com\/actualidad\/un-grupo-de-estudiantes-de-bachillerato-de-paderborn-alemania-visita-el-ayuntamiento-de-pamplona\/"},"author":{"name":"La Gu\u00eda de Pamplona","@id":"https:\/\/www.laguiadepamplona.com\/actualidad\/#\/schema\/person\/efe887376f0213d4657c93adc50b1fdb"},"headline":"Un grupo de estudiantes de Bachillerato de Paderborn (Alemania) visita el Ayuntamiento de Pamplona","datePublished":"2023-03-27T10:48:47+00:00","dateModified":"2023-04-11T09:46:56+00:00","mainEntityOfPage":{"@id":"https:\/\/www.laguiadepamplona.com\/actualidad\/un-grupo-de-estudiantes-de-bachillerato-de-paderborn-alemania-visita-el-ayuntamiento-de-pamplona\/"},"wordCount":252,"commentCount":0,"publisher":{"@id":"https:\/\/www.laguiadepamplona.com\/actualidad\/#organization"},"image":{"@id":"https:\/\/www.laguiadepamplona.com\/actualidad\/un-grupo-de-estudiantes-de-bachillerato-de-paderborn-alemania-visita-el-ayuntamiento-de-pamplona\/#primaryimage"},"thumbnailUrl":"https:\/\/www.laguiadepamplona.com\/actualidad\/wp-content\/uploads\/2023\/03\/estudiantes-paderborn-pamplona.webp","articleSection":["Ayto Pamplona"],"inLanguage":"es","potentialAction":[{"@type":"CommentAction","name":"Comment","target":["https:\/\/www.laguiadepamplona.com\/actualidad\/un-grupo-de-estudiantes-de-bachillerato-de-paderborn-alemania-visita-el-ayuntamiento-de-pamplona\/#respond"]}]},{"@type":"WebPage","@id":"https:\/\/www.laguiadepamplona.com\/actualidad\/un-grupo-de-estudiantes-de-bachillerato-de-paderborn-alemania-visita-el-ayuntamiento-de-pamplona\/","url":"https:\/\/www.laguiadepamplona.com\/actualidad\/un-grupo-de-estudiantes-de-bachillerato-de-paderborn-alemania-visita-el-ayuntamiento-de-pamplona\/","name":"Un grupo de estudiantes de Bachillerato de Paderborn (Alemania) visita el Ayuntamiento de Pamplona","isPartOf":{"@id":"https:\/\/www.laguiadepamplona.com\/actualidad\/#website"},"primaryImageOfPage":{"@id":"https:\/\/www.laguiadepamplona.com\/actualidad\/un-grupo-de-estudiantes-de-bachillerato-de-paderborn-alemania-visita-el-ayuntamiento-de-pamplona\/#primaryimage"},"image":{"@id":"https:\/\/www.laguiadepamplona.com\/actualidad\/un-grupo-de-estudiantes-de-bachillerato-de-paderborn-alemania-visita-el-ayuntamiento-de-pamplona\/#primaryimage"},"thumbnailUrl":"https:\/\/www.laguiadepamplona.com\/actualidad\/wp-content\/uploads\/2023\/03\/estudiantes-paderborn-pamplona.webp","datePublished":"2023-03-27T10:48:47+00:00","dateModified":"2023-04-11T09:46:56+00:00","description":"Estar\u00e1n en Pamplona dos semanas para realizar pr\u00e1cticas en diferentes centros como parte de su formaci\u00f3n acad\u00e9mica","breadcrumb":{"@id":"https:\/\/www.laguiadepamplona.com\/actualidad\/un-grupo-de-estudiantes-de-bachillerato-de-paderborn-alemania-visita-el-ayuntamiento-de-pamplona\/#breadcrumb"},"inLanguage":"es","potentialAction":[{"@type":"ReadAction","target":["https:\/\/www.laguiadepamplona.com\/actualidad\/un-grupo-de-estudiantes-de-bachillerato-de-paderborn-alemania-visita-el-ayuntamiento-de-pamplona\/"]}]},{"@type":"ImageObject","inLanguage":"es","@id":"https:\/\/www.laguiadepamplona.com\/actualidad\/un-grupo-de-estudiantes-de-bachillerato-de-paderborn-alemania-visita-el-ayuntamiento-de-pamplona\/#primaryimage","url":"https:\/\/www.laguiadepamplona.com\/actualidad\/wp-content\/uploads\/2023\/03\/estudiantes-paderborn-pamplona.webp","contentUrl":"https:\/\/www.laguiadepamplona.com\/actualidad\/wp-content\/uploads\/2023\/03\/estudiantes-paderborn-pamplona.webp","width":1920,"height":1280},{"@type":"BreadcrumbList","@id":"https:\/\/www.laguiadepamplona.com\/actualidad\/un-grupo-de-estudiantes-de-bachillerato-de-paderborn-alemania-visita-el-ayuntamiento-de-pamplona\/#breadcrumb","itemListElement":[{"@type":"ListItem","position":1,"name":"Portada","item":"https:\/\/www.laguiadepamplona.com\/actualidad\/"},{"@type":"ListItem","position":2,"name":"Un grupo de estudiantes de Bachillerato de Paderborn (Alemania) visita el Ayuntamiento de Pamplona"}]},{"@type":"WebSite","@id":"https:\/\/www.laguiadepamplona.com\/actualidad\/#website","url":"https:\/\/www.laguiadepamplona.com\/actualidad\/","name":"La gu\u00eda de Pamplona","description":"Noticias de Pamplona","publisher":{"@id":"https:\/\/www.laguiadepamplona.com\/actualidad\/#organization"},"potentialAction":[{"@type":"SearchAction","target":{"@type":"EntryPoint","urlTemplate":"https:\/\/www.laguiadepamplona.com\/actualidad\/?s={search_term_string}"},"query-input":{"@type":"PropertyValueSpecification","valueRequired":true,"valueName":"search_term_string"}}],"inLanguage":"es"},{"@type":"Organization","@id":"https:\/\/www.laguiadepamplona.com\/actualidad\/#organization","name":"La Gu\u00eda de Pamplona \/ Noticias","url":"https:\/\/www.laguiadepamplona.com\/actualidad\/","logo":{"@type":"ImageObject","inLanguage":"es","@id":"https:\/\/www.laguiadepamplona.com\/actualidad\/#\/schema\/logo\/image\/","url":"https:\/\/www.laguiadepamplona.com\/actualidad\/wp-content\/uploads\/2018\/11\/logo-laguiadepamplona18-web1.png","contentUrl":"https:\/\/www.laguiadepamplona.com\/actualidad\/wp-content\/uploads\/2018\/11\/logo-laguiadepamplona18-web1.png","width":600,"height":196,"caption":"La Gu\u00eda de Pamplona \/ Noticias"},"image":{"@id":"https:\/\/www.laguiadepamplona.com\/actualidad\/#\/schema\/logo\/image\/"},"sameAs":["https:\/\/www.facebook.com\/laguiadepamplonacom-133175176762273\/?ref=hl","https:\/\/x.com\/LaGuiadPamplona","https:\/\/www.instagram.com\/la_guia_de_pamplona\/","https:\/\/www.youtube.com\/user\/laguiadepamplona"]},{"@type":"Person","@id":"https:\/\/www.laguiadepamplona.com\/actualidad\/#\/schema\/person\/efe887376f0213d4657c93adc50b1fdb","name":"La Gu\u00eda de Pamplona","image":{"@type":"ImageObject","inLanguage":"es","@id":"https:\/\/secure.gravatar.com\/avatar\/b6992f131dc8d30ab0dff15446e9d346d9dbd95992de0fef795073f5ea83a81c?s=96&d=mm&r=g","url":"https:\/\/secure.gravatar.com\/avatar\/b6992f131dc8d30ab0dff15446e9d346d9dbd95992de0fef795073f5ea83a81c?s=96&d=mm&r=g","contentUrl":"https:\/\/secure.gravatar.com\/avatar\/b6992f131dc8d30ab0dff15446e9d346d9dbd95992de0fef795073f5ea83a81c?s=96&d=mm&r=g","caption":"La Gu\u00eda de Pamplona"}}]}},"post_mailing_queue_ids":[],"_links":{"self":[{"href":"https:\/\/www.laguiadepamplona.com\/actualidad\/wp-json\/wp\/v2\/posts\/43311","targetHints":{"allow":["GET"]}}],"collection":[{"href":"https:\/\/www.laguiadepamplona.com\/actualidad\/wp-json\/wp\/v2\/posts"}],"about":[{"href":"https:\/\/www.laguiadepamplona.com\/actualidad\/wp-json\/wp\/v2\/types\/post"}],"author":[{"embeddable":true,"href":"https:\/\/www.laguiadepamplona.com\/actualidad\/wp-json\/wp\/v2\/users\/1"}],"replies":[{"embeddable":true,"href":"https:\/\/www.laguiadepamplona.com\/actualidad\/wp-json\/wp\/v2\/comments?post=43311"}],"version-history":[{"count":0,"href":"https:\/\/www.laguiadepamplona.com\/actualidad\/wp-json\/wp\/v2\/posts\/43311\/revisions"}],"wp:featuredmedia":[{"embeddable":true,"href":"https:\/\/www.laguiadepamplona.com\/actualidad\/wp-json\/wp\/v2\/media\/43312"}],"wp:attachment":[{"href":"https:\/\/www.laguiadepamplona.com\/actualidad\/wp-json\/wp\/v2\/media?parent=43311"}],"wp:term":[{"taxonomy":"category","embeddable":true,"href":"https:\/\/www.laguiadepamplona.com\/actualidad\/wp-json\/wp\/v2\/categories?post=43311"},{"taxonomy":"post_tag","embeddable":true,"href":"https:\/\/www.laguiadepamplona.com\/actualidad\/wp-json\/wp\/v2\/tags?post=43311"}],"curies":[{"name":"wp","href":"https:\/\/api.w.org\/{rel}","templated":true}]}}