{"id":43308,"date":"2023-03-27T12:36:11","date_gmt":"2023-03-27T10:36:11","guid":{"rendered":"https:\/\/www.laguiadepamplona.com\/actualidad\/?p=43308"},"modified":"2023-04-11T11:46:56","modified_gmt":"2023-04-11T09:46:56","slug":"los-proyectos-e-iniciativas-que-quieran-concurrir-a-los-premios-nacionales-de-energia-deberan-presentarse-hasta-el-14-de-abril-en-la-agencia-energetica-municipal","status":"publish","type":"post","link":"https:\/\/www.laguiadepamplona.com\/actualidad\/los-proyectos-e-iniciativas-que-quieran-concurrir-a-los-premios-nacionales-de-energia-deberan-presentarse-hasta-el-14-de-abril-en-la-agencia-energetica-municipal\/","title":{"rendered":"Los proyectos e iniciativas que quieran concurrir a los Premios Nacionales de Energ\u00eda deber\u00e1n presentarse hasta el 14 de abril en la Agencia Energ\u00e9tica Municipal"},"content":{"rendered":"<h5>Las bases establecen cinco categor\u00edas para unos premios que buscan las mejores actuaciones en pro de la transici\u00f3n energ\u00e9tica<\/h5>\n<p><!--more--><\/p>\n<p>El 14 de abril finaliza el plazo de presentaci\u00f3n de proyectos e iniciativas para los Premios Nacionales de Energ\u00eda, organizados por la Asociaci\u00f3n de Agencias Espa\u00f1olas de Gesti\u00f3n de la Energ\u00eda, EnerAgen. La Agencia Energ\u00e9tica Municipal de Pamplona forma parte de esta asociaci\u00f3n desde 2003 y canaliza las propuestas que se puedan presentar en la ciudad. La convocatoria est\u00e1 abierta a personas f\u00edsicas, entidades, empresas p\u00fablicas y privadas, colectivos\u2026 que hayan destacado a nivel nacional, auton\u00f3mico o local por su trabajo en algunas de las categor\u00edas que se valoran.<br \/>\n<script async src=\"\/\/pagead2.googlesyndication.com\/pagead\/js\/adsbygoogle.js\"><\/script><br \/>\n<!-- Noticias La Guia de Pamplona --><br \/>\n<ins class=\"adsbygoogle\"\nstyle=\"display:block\"\ndata-ad-client=\"ca-pub-6943679897239327\"\ndata-ad-slot=\"7048180777\"\ndata-ad-format=\"auto\"><\/ins><br \/>\n<script>\n(adsbygoogle = window.adsbygoogle || []).push({});\n<\/script><\/p>\n<p>Este a\u00f1o se han establecido cinco categor\u00edas, una m\u00e1s que en 2022, ya que se convocan individualmente los premios en eficiencia energ\u00e9tica y en movilidad sostenible. Se mantiene la categor\u00eda de comunidades energ\u00e9ticas, debido a la buena acogida y a la excelente calidad de las propuestas presentadas el a\u00f1o pasado. Las categor\u00edas convocadas son, por tanto, energ\u00edas renovables, eficiencia energ\u00e9tica, movilidad sostenible, sensibilizaci\u00f3n y difusi\u00f3n, y comunidades energ\u00e9ticas. Las iniciativas que se presenten han tenido que desarrollarse a lo largo de 2022. En el caso de las comunidades energ\u00e9ticas, podr\u00e1n participar proyectos que est\u00e9n formalmente constituidos a 1 de abril de 2023.<\/p>\n<p>EnerAgen es una asociaci\u00f3n que est\u00e1 integrada por agencias y organismos p\u00fablicos con competencias en la ejecuci\u00f3n de las pol\u00edticas y la gesti\u00f3n energ\u00e9ticas. Desde 2008 convoca estos premios, que afrontan su decimocuarta edici\u00f3n, como una actividad encaminada a reconocer los mejores proyectos en pro de la transici\u00f3n energ\u00e9tica desarrollados cada a\u00f1o a nivel nacional.<br \/>\n<script async src=\"\/\/pagead2.googlesyndication.com\/pagead\/js\/adsbygoogle.js\"><\/script><br \/>\n<!-- Noticias La Guia de Pamplona --><br \/>\n<ins class=\"adsbygoogle\"\nstyle=\"display:block\"\ndata-ad-client=\"ca-pub-6943679897239327\"\ndata-ad-slot=\"7048180777\"\ndata-ad-format=\"auto\"><\/ins><br \/>\n<script>\n(adsbygoogle = window.adsbygoogle || []).push({});\n<\/script><\/p>\n<p><strong>Criterios de valoraci\u00f3n de las propuestas<\/strong><\/p>\n<p>Las propuestas presentadas se valorar\u00e1n en funci\u00f3n a criterios como la innovaci\u00f3n, el impacto energ\u00e9tico y medioambiental, el impacto en t\u00e9rminos econ\u00f3micos, los aspectos econ\u00f3micos asociados y la replicabilidad de las iniciativas. En el caso espec\u00edfico de las comunidades energ\u00e9ticas, se tendr\u00e1n en cuenta cuestiones como su composici\u00f3n, la gobernanza y dinamizaci\u00f3n social, la innovaci\u00f3n, el impacto energ\u00e9tico y medioambiental asociado y, con mayor peso, los aspectos sociales.<\/p>\n<p>Las bases de la convocatoria se pueden consultar en la p\u00e1gina <a href=\"https:\/\/www.eneragen.org\/es\/bases-premios-eneragen\/?preview=true\" target=\"_blank\" rel=\"noopener\">web de EnerAgen<\/a>, as\u00ed como los proyectos y actuaciones premiadas en ediciones anteriores. Las propuestas las valorar\u00e1 un jurado especializado compuestos por representantes de reconocido prestigio pertenecientes a sectores de la pol\u00edtica, la tecnolog\u00eda, el \u00e1mbito universitario, el periodismo y la empresa relacionadas con la energ\u00eda. Los premios se entregar\u00e1n en el mes de junio en Bilbao, en el marco de la XXI Asamblea General Ordinaria de EnerAgen. Cuentan con la colaboraci\u00f3n del Ente Vasco de la Energ\u00eda y, como en a\u00f1os anteriores, con el patrocinio de Red El\u00e9ctrica Espa\u00f1ola (REE).<\/p>\n","protected":false},"excerpt":{"rendered":"<p>Las bases establecen cinco categor\u00edas para unos premios que buscan las mejores actuaciones en pro de la transici\u00f3n energ\u00e9tica<\/p>\n","protected":false},"author":1,"featured_media":43309,"comment_status":"open","ping_status":"closed","sticky":false,"template":"","format":"standard","meta":{"footnotes":""},"categories":[2],"tags":[],"class_list":["post-43308","post","type-post","status-publish","format-standard","has-post-thumbnail","hentry","category-ayuntamiento-pamplona"],"yoast_head":"<!-- This site is optimized with the Yoast SEO plugin v27.3 - https:\/\/yoast.com\/product\/yoast-seo-wordpress\/ -->\n<title>Los proyectos e iniciativas que quieran concurrir a los Premios Nacionales de Energ\u00eda deber\u00e1n presentarse hasta el 14 de abril en la Agencia Energ\u00e9tica Municipal<\/title>\n<meta name=\"description\" content=\"Las bases establecen cinco categor\u00edas para unos premios que buscan las mejores actuaciones en pro de la transici\u00f3n energ\u00e9tica\" \/>\n<meta name=\"robots\" content=\"index, follow, max-snippet:-1, max-image-preview:large, max-video-preview:-1\" \/>\n<link rel=\"canonical\" href=\"https:\/\/www.laguiadepamplona.com\/actualidad\/los-proyectos-e-iniciativas-que-quieran-concurrir-a-los-premios-nacionales-de-energia-deberan-presentarse-hasta-el-14-de-abril-en-la-agencia-energetica-municipal\/\" \/>\n<meta property=\"og:locale\" content=\"es_ES\" \/>\n<meta property=\"og:type\" content=\"article\" \/>\n<meta property=\"og:title\" content=\"Los proyectos e iniciativas que quieran concurrir a los Premios Nacionales de Energ\u00eda deber\u00e1n presentarse hasta el 14 de abril en la Agencia Energ\u00e9tica Municipal\" \/>\n<meta property=\"og:description\" content=\"Las bases establecen cinco categor\u00edas para unos premios que buscan las mejores actuaciones en pro de la transici\u00f3n energ\u00e9tica\" \/>\n<meta property=\"og:url\" content=\"https:\/\/www.laguiadepamplona.com\/actualidad\/los-proyectos-e-iniciativas-que-quieran-concurrir-a-los-premios-nacionales-de-energia-deberan-presentarse-hasta-el-14-de-abril-en-la-agencia-energetica-municipal\/\" \/>\n<meta property=\"og:site_name\" content=\"La Gu\u00eda de Pamplona\" \/>\n<meta property=\"article:publisher\" content=\"https:\/\/www.facebook.com\/laguiadepamplonacom-133175176762273\/?ref=hl\" \/>\n<meta property=\"article:published_time\" content=\"2023-03-27T10:36:11+00:00\" \/>\n<meta property=\"article:modified_time\" content=\"2023-04-11T09:46:56+00:00\" \/>\n<meta property=\"og:image\" content=\"https:\/\/www.laguiadepamplona.com\/actualidad\/wp-content\/uploads\/2023\/03\/premios-nacionales-energia.jpeg\" \/>\n\t<meta property=\"og:image:width\" content=\"1910\" \/>\n\t<meta property=\"og:image:height\" content=\"630\" \/>\n\t<meta property=\"og:image:type\" content=\"image\/jpeg\" \/>\n<meta name=\"author\" content=\"La Gu\u00eda de Pamplona\" \/>\n<meta name=\"twitter:card\" content=\"summary_large_image\" \/>\n<meta name=\"twitter:creator\" content=\"@LaGuiadPamplona\" \/>\n<meta name=\"twitter:site\" content=\"@LaGuiadPamplona\" \/>\n<meta name=\"twitter:label1\" content=\"Escrito por\" \/>\n\t<meta name=\"twitter:data1\" content=\"La Gu\u00eda de Pamplona\" \/>\n\t<meta name=\"twitter:label2\" content=\"Tiempo de lectura\" \/>\n\t<meta name=\"twitter:data2\" content=\"3 minutos\" \/>\n<script type=\"application\/ld+json\" class=\"yoast-schema-graph\">{\"@context\":\"https:\\\/\\\/schema.org\",\"@graph\":[{\"@type\":\"Article\",\"@id\":\"https:\\\/\\\/www.laguiadepamplona.com\\\/actualidad\\\/los-proyectos-e-iniciativas-que-quieran-concurrir-a-los-premios-nacionales-de-energia-deberan-presentarse-hasta-el-14-de-abril-en-la-agencia-energetica-municipal\\\/#article\",\"isPartOf\":{\"@id\":\"https:\\\/\\\/www.laguiadepamplona.com\\\/actualidad\\\/los-proyectos-e-iniciativas-que-quieran-concurrir-a-los-premios-nacionales-de-energia-deberan-presentarse-hasta-el-14-de-abril-en-la-agencia-energetica-municipal\\\/\"},\"author\":{\"name\":\"La Gu\u00eda de Pamplona\",\"@id\":\"https:\\\/\\\/www.laguiadepamplona.com\\\/actualidad\\\/#\\\/schema\\\/person\\\/efe887376f0213d4657c93adc50b1fdb\"},\"headline\":\"Los proyectos e iniciativas que quieran concurrir a los Premios Nacionales de Energ\u00eda deber\u00e1n presentarse hasta el 14 de abril en la Agencia Energ\u00e9tica Municipal\",\"datePublished\":\"2023-03-27T10:36:11+00:00\",\"dateModified\":\"2023-04-11T09:46:56+00:00\",\"mainEntityOfPage\":{\"@id\":\"https:\\\/\\\/www.laguiadepamplona.com\\\/actualidad\\\/los-proyectos-e-iniciativas-que-quieran-concurrir-a-los-premios-nacionales-de-energia-deberan-presentarse-hasta-el-14-de-abril-en-la-agencia-energetica-municipal\\\/\"},\"wordCount\":527,\"commentCount\":0,\"publisher\":{\"@id\":\"https:\\\/\\\/www.laguiadepamplona.com\\\/actualidad\\\/#organization\"},\"image\":{\"@id\":\"https:\\\/\\\/www.laguiadepamplona.com\\\/actualidad\\\/los-proyectos-e-iniciativas-que-quieran-concurrir-a-los-premios-nacionales-de-energia-deberan-presentarse-hasta-el-14-de-abril-en-la-agencia-energetica-municipal\\\/#primaryimage\"},\"thumbnailUrl\":\"https:\\\/\\\/www.laguiadepamplona.com\\\/actualidad\\\/wp-content\\\/uploads\\\/2023\\\/03\\\/premios-nacionales-energia.jpeg\",\"articleSection\":[\"Ayto Pamplona\"],\"inLanguage\":\"es\",\"potentialAction\":[{\"@type\":\"CommentAction\",\"name\":\"Comment\",\"target\":[\"https:\\\/\\\/www.laguiadepamplona.com\\\/actualidad\\\/los-proyectos-e-iniciativas-que-quieran-concurrir-a-los-premios-nacionales-de-energia-deberan-presentarse-hasta-el-14-de-abril-en-la-agencia-energetica-municipal\\\/#respond\"]}]},{\"@type\":\"WebPage\",\"@id\":\"https:\\\/\\\/www.laguiadepamplona.com\\\/actualidad\\\/los-proyectos-e-iniciativas-que-quieran-concurrir-a-los-premios-nacionales-de-energia-deberan-presentarse-hasta-el-14-de-abril-en-la-agencia-energetica-municipal\\\/\",\"url\":\"https:\\\/\\\/www.laguiadepamplona.com\\\/actualidad\\\/los-proyectos-e-iniciativas-que-quieran-concurrir-a-los-premios-nacionales-de-energia-deberan-presentarse-hasta-el-14-de-abril-en-la-agencia-energetica-municipal\\\/\",\"name\":\"Los proyectos e iniciativas que quieran concurrir a los Premios Nacionales de Energ\u00eda deber\u00e1n presentarse hasta el 14 de abril en la Agencia Energ\u00e9tica Municipal\",\"isPartOf\":{\"@id\":\"https:\\\/\\\/www.laguiadepamplona.com\\\/actualidad\\\/#website\"},\"primaryImageOfPage\":{\"@id\":\"https:\\\/\\\/www.laguiadepamplona.com\\\/actualidad\\\/los-proyectos-e-iniciativas-que-quieran-concurrir-a-los-premios-nacionales-de-energia-deberan-presentarse-hasta-el-14-de-abril-en-la-agencia-energetica-municipal\\\/#primaryimage\"},\"image\":{\"@id\":\"https:\\\/\\\/www.laguiadepamplona.com\\\/actualidad\\\/los-proyectos-e-iniciativas-que-quieran-concurrir-a-los-premios-nacionales-de-energia-deberan-presentarse-hasta-el-14-de-abril-en-la-agencia-energetica-municipal\\\/#primaryimage\"},\"thumbnailUrl\":\"https:\\\/\\\/www.laguiadepamplona.com\\\/actualidad\\\/wp-content\\\/uploads\\\/2023\\\/03\\\/premios-nacionales-energia.jpeg\",\"datePublished\":\"2023-03-27T10:36:11+00:00\",\"dateModified\":\"2023-04-11T09:46:56+00:00\",\"description\":\"Las bases establecen cinco categor\u00edas para unos premios que buscan las mejores actuaciones en pro de la transici\u00f3n energ\u00e9tica\",\"breadcrumb\":{\"@id\":\"https:\\\/\\\/www.laguiadepamplona.com\\\/actualidad\\\/los-proyectos-e-iniciativas-que-quieran-concurrir-a-los-premios-nacionales-de-energia-deberan-presentarse-hasta-el-14-de-abril-en-la-agencia-energetica-municipal\\\/#breadcrumb\"},\"inLanguage\":\"es\",\"potentialAction\":[{\"@type\":\"ReadAction\",\"target\":[\"https:\\\/\\\/www.laguiadepamplona.com\\\/actualidad\\\/los-proyectos-e-iniciativas-que-quieran-concurrir-a-los-premios-nacionales-de-energia-deberan-presentarse-hasta-el-14-de-abril-en-la-agencia-energetica-municipal\\\/\"]}]},{\"@type\":\"ImageObject\",\"inLanguage\":\"es\",\"@id\":\"https:\\\/\\\/www.laguiadepamplona.com\\\/actualidad\\\/los-proyectos-e-iniciativas-que-quieran-concurrir-a-los-premios-nacionales-de-energia-deberan-presentarse-hasta-el-14-de-abril-en-la-agencia-energetica-municipal\\\/#primaryimage\",\"url\":\"https:\\\/\\\/www.laguiadepamplona.com\\\/actualidad\\\/wp-content\\\/uploads\\\/2023\\\/03\\\/premios-nacionales-energia.jpeg\",\"contentUrl\":\"https:\\\/\\\/www.laguiadepamplona.com\\\/actualidad\\\/wp-content\\\/uploads\\\/2023\\\/03\\\/premios-nacionales-energia.jpeg\",\"width\":1910,\"height\":630},{\"@type\":\"BreadcrumbList\",\"@id\":\"https:\\\/\\\/www.laguiadepamplona.com\\\/actualidad\\\/los-proyectos-e-iniciativas-que-quieran-concurrir-a-los-premios-nacionales-de-energia-deberan-presentarse-hasta-el-14-de-abril-en-la-agencia-energetica-municipal\\\/#breadcrumb\",\"itemListElement\":[{\"@type\":\"ListItem\",\"position\":1,\"name\":\"Portada\",\"item\":\"https:\\\/\\\/www.laguiadepamplona.com\\\/actualidad\\\/\"},{\"@type\":\"ListItem\",\"position\":2,\"name\":\"Los proyectos e iniciativas que quieran concurrir a los Premios Nacionales de Energ\u00eda deber\u00e1n presentarse hasta el 14 de abril en la Agencia Energ\u00e9tica Municipal\"}]},{\"@type\":\"WebSite\",\"@id\":\"https:\\\/\\\/www.laguiadepamplona.com\\\/actualidad\\\/#website\",\"url\":\"https:\\\/\\\/www.laguiadepamplona.com\\\/actualidad\\\/\",\"name\":\"La gu\u00eda de Pamplona\",\"description\":\"Noticias de Pamplona\",\"publisher\":{\"@id\":\"https:\\\/\\\/www.laguiadepamplona.com\\\/actualidad\\\/#organization\"},\"potentialAction\":[{\"@type\":\"SearchAction\",\"target\":{\"@type\":\"EntryPoint\",\"urlTemplate\":\"https:\\\/\\\/www.laguiadepamplona.com\\\/actualidad\\\/?s={search_term_string}\"},\"query-input\":{\"@type\":\"PropertyValueSpecification\",\"valueRequired\":true,\"valueName\":\"search_term_string\"}}],\"inLanguage\":\"es\"},{\"@type\":\"Organization\",\"@id\":\"https:\\\/\\\/www.laguiadepamplona.com\\\/actualidad\\\/#organization\",\"name\":\"La Gu\u00eda de Pamplona \\\/ Noticias\",\"url\":\"https:\\\/\\\/www.laguiadepamplona.com\\\/actualidad\\\/\",\"logo\":{\"@type\":\"ImageObject\",\"inLanguage\":\"es\",\"@id\":\"https:\\\/\\\/www.laguiadepamplona.com\\\/actualidad\\\/#\\\/schema\\\/logo\\\/image\\\/\",\"url\":\"https:\\\/\\\/www.laguiadepamplona.com\\\/actualidad\\\/wp-content\\\/uploads\\\/2018\\\/11\\\/logo-laguiadepamplona18-web1.png\",\"contentUrl\":\"https:\\\/\\\/www.laguiadepamplona.com\\\/actualidad\\\/wp-content\\\/uploads\\\/2018\\\/11\\\/logo-laguiadepamplona18-web1.png\",\"width\":600,\"height\":196,\"caption\":\"La Gu\u00eda de Pamplona \\\/ Noticias\"},\"image\":{\"@id\":\"https:\\\/\\\/www.laguiadepamplona.com\\\/actualidad\\\/#\\\/schema\\\/logo\\\/image\\\/\"},\"sameAs\":[\"https:\\\/\\\/www.facebook.com\\\/laguiadepamplonacom-133175176762273\\\/?ref=hl\",\"https:\\\/\\\/x.com\\\/LaGuiadPamplona\",\"https:\\\/\\\/www.instagram.com\\\/la_guia_de_pamplona\\\/\",\"https:\\\/\\\/www.youtube.com\\\/user\\\/laguiadepamplona\"]},{\"@type\":\"Person\",\"@id\":\"https:\\\/\\\/www.laguiadepamplona.com\\\/actualidad\\\/#\\\/schema\\\/person\\\/efe887376f0213d4657c93adc50b1fdb\",\"name\":\"La Gu\u00eda de Pamplona\",\"image\":{\"@type\":\"ImageObject\",\"inLanguage\":\"es\",\"@id\":\"https:\\\/\\\/secure.gravatar.com\\\/avatar\\\/b6992f131dc8d30ab0dff15446e9d346d9dbd95992de0fef795073f5ea83a81c?s=96&d=mm&r=g\",\"url\":\"https:\\\/\\\/secure.gravatar.com\\\/avatar\\\/b6992f131dc8d30ab0dff15446e9d346d9dbd95992de0fef795073f5ea83a81c?s=96&d=mm&r=g\",\"contentUrl\":\"https:\\\/\\\/secure.gravatar.com\\\/avatar\\\/b6992f131dc8d30ab0dff15446e9d346d9dbd95992de0fef795073f5ea83a81c?s=96&d=mm&r=g\",\"caption\":\"La Gu\u00eda de Pamplona\"}}]}<\/script>\n<!-- \/ Yoast SEO plugin. -->","yoast_head_json":{"title":"Los proyectos e iniciativas que quieran concurrir a los Premios Nacionales de Energ\u00eda deber\u00e1n presentarse hasta el 14 de abril en la Agencia Energ\u00e9tica Municipal","description":"Las bases establecen cinco categor\u00edas para unos premios que buscan las mejores actuaciones en pro de la transici\u00f3n energ\u00e9tica","robots":{"index":"index","follow":"follow","max-snippet":"max-snippet:-1","max-image-preview":"max-image-preview:large","max-video-preview":"max-video-preview:-1"},"canonical":"https:\/\/www.laguiadepamplona.com\/actualidad\/los-proyectos-e-iniciativas-que-quieran-concurrir-a-los-premios-nacionales-de-energia-deberan-presentarse-hasta-el-14-de-abril-en-la-agencia-energetica-municipal\/","og_locale":"es_ES","og_type":"article","og_title":"Los proyectos e iniciativas que quieran concurrir a los Premios Nacionales de Energ\u00eda deber\u00e1n presentarse hasta el 14 de abril en la Agencia Energ\u00e9tica Municipal","og_description":"Las bases establecen cinco categor\u00edas para unos premios que buscan las mejores actuaciones en pro de la transici\u00f3n energ\u00e9tica","og_url":"https:\/\/www.laguiadepamplona.com\/actualidad\/los-proyectos-e-iniciativas-que-quieran-concurrir-a-los-premios-nacionales-de-energia-deberan-presentarse-hasta-el-14-de-abril-en-la-agencia-energetica-municipal\/","og_site_name":"La Gu\u00eda de Pamplona","article_publisher":"https:\/\/www.facebook.com\/laguiadepamplonacom-133175176762273\/?ref=hl","article_published_time":"2023-03-27T10:36:11+00:00","article_modified_time":"2023-04-11T09:46:56+00:00","og_image":[{"width":1910,"height":630,"url":"https:\/\/www.laguiadepamplona.com\/actualidad\/wp-content\/uploads\/2023\/03\/premios-nacionales-energia.jpeg","type":"image\/jpeg"}],"author":"La Gu\u00eda de Pamplona","twitter_card":"summary_large_image","twitter_creator":"@LaGuiadPamplona","twitter_site":"@LaGuiadPamplona","twitter_misc":{"Escrito por":"La Gu\u00eda de Pamplona","Tiempo de lectura":"3 minutos"},"schema":{"@context":"https:\/\/schema.org","@graph":[{"@type":"Article","@id":"https:\/\/www.laguiadepamplona.com\/actualidad\/los-proyectos-e-iniciativas-que-quieran-concurrir-a-los-premios-nacionales-de-energia-deberan-presentarse-hasta-el-14-de-abril-en-la-agencia-energetica-municipal\/#article","isPartOf":{"@id":"https:\/\/www.laguiadepamplona.com\/actualidad\/los-proyectos-e-iniciativas-que-quieran-concurrir-a-los-premios-nacionales-de-energia-deberan-presentarse-hasta-el-14-de-abril-en-la-agencia-energetica-municipal\/"},"author":{"name":"La Gu\u00eda de Pamplona","@id":"https:\/\/www.laguiadepamplona.com\/actualidad\/#\/schema\/person\/efe887376f0213d4657c93adc50b1fdb"},"headline":"Los proyectos e iniciativas que quieran concurrir a los Premios Nacionales de Energ\u00eda deber\u00e1n presentarse hasta el 14 de abril en la Agencia Energ\u00e9tica Municipal","datePublished":"2023-03-27T10:36:11+00:00","dateModified":"2023-04-11T09:46:56+00:00","mainEntityOfPage":{"@id":"https:\/\/www.laguiadepamplona.com\/actualidad\/los-proyectos-e-iniciativas-que-quieran-concurrir-a-los-premios-nacionales-de-energia-deberan-presentarse-hasta-el-14-de-abril-en-la-agencia-energetica-municipal\/"},"wordCount":527,"commentCount":0,"publisher":{"@id":"https:\/\/www.laguiadepamplona.com\/actualidad\/#organization"},"image":{"@id":"https:\/\/www.laguiadepamplona.com\/actualidad\/los-proyectos-e-iniciativas-que-quieran-concurrir-a-los-premios-nacionales-de-energia-deberan-presentarse-hasta-el-14-de-abril-en-la-agencia-energetica-municipal\/#primaryimage"},"thumbnailUrl":"https:\/\/www.laguiadepamplona.com\/actualidad\/wp-content\/uploads\/2023\/03\/premios-nacionales-energia.jpeg","articleSection":["Ayto Pamplona"],"inLanguage":"es","potentialAction":[{"@type":"CommentAction","name":"Comment","target":["https:\/\/www.laguiadepamplona.com\/actualidad\/los-proyectos-e-iniciativas-que-quieran-concurrir-a-los-premios-nacionales-de-energia-deberan-presentarse-hasta-el-14-de-abril-en-la-agencia-energetica-municipal\/#respond"]}]},{"@type":"WebPage","@id":"https:\/\/www.laguiadepamplona.com\/actualidad\/los-proyectos-e-iniciativas-que-quieran-concurrir-a-los-premios-nacionales-de-energia-deberan-presentarse-hasta-el-14-de-abril-en-la-agencia-energetica-municipal\/","url":"https:\/\/www.laguiadepamplona.com\/actualidad\/los-proyectos-e-iniciativas-que-quieran-concurrir-a-los-premios-nacionales-de-energia-deberan-presentarse-hasta-el-14-de-abril-en-la-agencia-energetica-municipal\/","name":"Los proyectos e iniciativas que quieran concurrir a los Premios Nacionales de Energ\u00eda deber\u00e1n presentarse hasta el 14 de abril en la Agencia Energ\u00e9tica Municipal","isPartOf":{"@id":"https:\/\/www.laguiadepamplona.com\/actualidad\/#website"},"primaryImageOfPage":{"@id":"https:\/\/www.laguiadepamplona.com\/actualidad\/los-proyectos-e-iniciativas-que-quieran-concurrir-a-los-premios-nacionales-de-energia-deberan-presentarse-hasta-el-14-de-abril-en-la-agencia-energetica-municipal\/#primaryimage"},"image":{"@id":"https:\/\/www.laguiadepamplona.com\/actualidad\/los-proyectos-e-iniciativas-que-quieran-concurrir-a-los-premios-nacionales-de-energia-deberan-presentarse-hasta-el-14-de-abril-en-la-agencia-energetica-municipal\/#primaryimage"},"thumbnailUrl":"https:\/\/www.laguiadepamplona.com\/actualidad\/wp-content\/uploads\/2023\/03\/premios-nacionales-energia.jpeg","datePublished":"2023-03-27T10:36:11+00:00","dateModified":"2023-04-11T09:46:56+00:00","description":"Las bases establecen cinco categor\u00edas para unos premios que buscan las mejores actuaciones en pro de la transici\u00f3n energ\u00e9tica","breadcrumb":{"@id":"https:\/\/www.laguiadepamplona.com\/actualidad\/los-proyectos-e-iniciativas-que-quieran-concurrir-a-los-premios-nacionales-de-energia-deberan-presentarse-hasta-el-14-de-abril-en-la-agencia-energetica-municipal\/#breadcrumb"},"inLanguage":"es","potentialAction":[{"@type":"ReadAction","target":["https:\/\/www.laguiadepamplona.com\/actualidad\/los-proyectos-e-iniciativas-que-quieran-concurrir-a-los-premios-nacionales-de-energia-deberan-presentarse-hasta-el-14-de-abril-en-la-agencia-energetica-municipal\/"]}]},{"@type":"ImageObject","inLanguage":"es","@id":"https:\/\/www.laguiadepamplona.com\/actualidad\/los-proyectos-e-iniciativas-que-quieran-concurrir-a-los-premios-nacionales-de-energia-deberan-presentarse-hasta-el-14-de-abril-en-la-agencia-energetica-municipal\/#primaryimage","url":"https:\/\/www.laguiadepamplona.com\/actualidad\/wp-content\/uploads\/2023\/03\/premios-nacionales-energia.jpeg","contentUrl":"https:\/\/www.laguiadepamplona.com\/actualidad\/wp-content\/uploads\/2023\/03\/premios-nacionales-energia.jpeg","width":1910,"height":630},{"@type":"BreadcrumbList","@id":"https:\/\/www.laguiadepamplona.com\/actualidad\/los-proyectos-e-iniciativas-que-quieran-concurrir-a-los-premios-nacionales-de-energia-deberan-presentarse-hasta-el-14-de-abril-en-la-agencia-energetica-municipal\/#breadcrumb","itemListElement":[{"@type":"ListItem","position":1,"name":"Portada","item":"https:\/\/www.laguiadepamplona.com\/actualidad\/"},{"@type":"ListItem","position":2,"name":"Los proyectos e iniciativas que quieran concurrir a los Premios Nacionales de Energ\u00eda deber\u00e1n presentarse hasta el 14 de abril en la Agencia Energ\u00e9tica Municipal"}]},{"@type":"WebSite","@id":"https:\/\/www.laguiadepamplona.com\/actualidad\/#website","url":"https:\/\/www.laguiadepamplona.com\/actualidad\/","name":"La gu\u00eda de Pamplona","description":"Noticias de Pamplona","publisher":{"@id":"https:\/\/www.laguiadepamplona.com\/actualidad\/#organization"},"potentialAction":[{"@type":"SearchAction","target":{"@type":"EntryPoint","urlTemplate":"https:\/\/www.laguiadepamplona.com\/actualidad\/?s={search_term_string}"},"query-input":{"@type":"PropertyValueSpecification","valueRequired":true,"valueName":"search_term_string"}}],"inLanguage":"es"},{"@type":"Organization","@id":"https:\/\/www.laguiadepamplona.com\/actualidad\/#organization","name":"La Gu\u00eda de Pamplona \/ Noticias","url":"https:\/\/www.laguiadepamplona.com\/actualidad\/","logo":{"@type":"ImageObject","inLanguage":"es","@id":"https:\/\/www.laguiadepamplona.com\/actualidad\/#\/schema\/logo\/image\/","url":"https:\/\/www.laguiadepamplona.com\/actualidad\/wp-content\/uploads\/2018\/11\/logo-laguiadepamplona18-web1.png","contentUrl":"https:\/\/www.laguiadepamplona.com\/actualidad\/wp-content\/uploads\/2018\/11\/logo-laguiadepamplona18-web1.png","width":600,"height":196,"caption":"La Gu\u00eda de Pamplona \/ Noticias"},"image":{"@id":"https:\/\/www.laguiadepamplona.com\/actualidad\/#\/schema\/logo\/image\/"},"sameAs":["https:\/\/www.facebook.com\/laguiadepamplonacom-133175176762273\/?ref=hl","https:\/\/x.com\/LaGuiadPamplona","https:\/\/www.instagram.com\/la_guia_de_pamplona\/","https:\/\/www.youtube.com\/user\/laguiadepamplona"]},{"@type":"Person","@id":"https:\/\/www.laguiadepamplona.com\/actualidad\/#\/schema\/person\/efe887376f0213d4657c93adc50b1fdb","name":"La Gu\u00eda de Pamplona","image":{"@type":"ImageObject","inLanguage":"es","@id":"https:\/\/secure.gravatar.com\/avatar\/b6992f131dc8d30ab0dff15446e9d346d9dbd95992de0fef795073f5ea83a81c?s=96&d=mm&r=g","url":"https:\/\/secure.gravatar.com\/avatar\/b6992f131dc8d30ab0dff15446e9d346d9dbd95992de0fef795073f5ea83a81c?s=96&d=mm&r=g","contentUrl":"https:\/\/secure.gravatar.com\/avatar\/b6992f131dc8d30ab0dff15446e9d346d9dbd95992de0fef795073f5ea83a81c?s=96&d=mm&r=g","caption":"La Gu\u00eda de Pamplona"}}]}},"post_mailing_queue_ids":[],"_links":{"self":[{"href":"https:\/\/www.laguiadepamplona.com\/actualidad\/wp-json\/wp\/v2\/posts\/43308","targetHints":{"allow":["GET"]}}],"collection":[{"href":"https:\/\/www.laguiadepamplona.com\/actualidad\/wp-json\/wp\/v2\/posts"}],"about":[{"href":"https:\/\/www.laguiadepamplona.com\/actualidad\/wp-json\/wp\/v2\/types\/post"}],"author":[{"embeddable":true,"href":"https:\/\/www.laguiadepamplona.com\/actualidad\/wp-json\/wp\/v2\/users\/1"}],"replies":[{"embeddable":true,"href":"https:\/\/www.laguiadepamplona.com\/actualidad\/wp-json\/wp\/v2\/comments?post=43308"}],"version-history":[{"count":0,"href":"https:\/\/www.laguiadepamplona.com\/actualidad\/wp-json\/wp\/v2\/posts\/43308\/revisions"}],"wp:featuredmedia":[{"embeddable":true,"href":"https:\/\/www.laguiadepamplona.com\/actualidad\/wp-json\/wp\/v2\/media\/43309"}],"wp:attachment":[{"href":"https:\/\/www.laguiadepamplona.com\/actualidad\/wp-json\/wp\/v2\/media?parent=43308"}],"wp:term":[{"taxonomy":"category","embeddable":true,"href":"https:\/\/www.laguiadepamplona.com\/actualidad\/wp-json\/wp\/v2\/categories?post=43308"},{"taxonomy":"post_tag","embeddable":true,"href":"https:\/\/www.laguiadepamplona.com\/actualidad\/wp-json\/wp\/v2\/tags?post=43308"}],"curies":[{"name":"wp","href":"https:\/\/api.w.org\/{rel}","templated":true}]}}