{"id":43305,"date":"2023-03-27T12:34:21","date_gmt":"2023-03-27T10:34:21","guid":{"rendered":"https:\/\/www.laguiadepamplona.com\/actualidad\/?p=43305"},"modified":"2023-04-11T11:46:57","modified_gmt":"2023-04-11T09:46:57","slug":"pamplona-se-adhiere-a-la-campana-menores-ni-una-gota-para-prevenir-el-consumo-de-alcohol-entre-la-juventud","status":"publish","type":"post","link":"https:\/\/www.laguiadepamplona.com\/actualidad\/pamplona-se-adhiere-a-la-campana-menores-ni-una-gota-para-prevenir-el-consumo-de-alcohol-entre-la-juventud\/","title":{"rendered":"Pamplona se adhiere a la campa\u00f1a \u2018Menores ni una gota\u2019, para prevenir el consumo de alcohol entre la juventud"},"content":{"rendered":"<h5>La psic\u00f3loga Roc\u00edo Ramos-Pa\u00fal, del programa Supernanny, protagoniza un encuentro con las familias el pr\u00f3ximo 20 de abril en Civivox Condestable<\/h5>\n<p><!--more--><\/p>\n<p>El Ayuntamiento de Pamplona se ha adherido a la campa\u00f1a \u2018Menores ni una gota. M\u00e1s de 100 razones para que un menor no beba alcohol\u2019, impulsada por la Federaci\u00f3n Espa\u00f1ola de Bebidas Espirituosas (FEBE) de la que forman parte varias empresas productoras de pachar\u00e1n del Consejo Regulador del Pachar\u00e1n Navarro, y el Ministerio de Sanidad. Esta campa\u00f1a est\u00e1 destinada a prevenir el consumo de alcohol en menores de edad, mediante acciones que retrasen la edad de inicio e incrementen la percepci\u00f3n de riesgo para la salud y el desarrollo.<\/p>\n<p>La Comisi\u00f3n de Asuntos Ciudadanos aprob\u00f3 el 14 de marzo por unanimidad una declaraci\u00f3n institucional de adhesi\u00f3n a la campa\u00f1a, ante los datos sobre la edad de inicio en el consumo de alcohol de las personas j\u00f3venes en Navarra, que refleja el Informe Nacional EDADES 2022 del Ministerio de Sanidad. Seg\u00fan este informe, Navarra es la comunidad aut\u00f3noma en la que m\u00e1s pronto se inicia el consumo de alcohol, a los 15,9 a\u00f1os (a la vez que en la Comunidad Valenciana), mientras que antes de la pandemia la edad de inicio se situaba a los 16,3 a\u00f1os.<br \/>\n<script async src=\"\/\/pagead2.googlesyndication.com\/pagead\/js\/adsbygoogle.js\"><\/script><br \/>\n<!-- Noticias La Guia de Pamplona --><br \/>\n<ins class=\"adsbygoogle\"\nstyle=\"display:block\"\ndata-ad-client=\"ca-pub-6943679897239327\"\ndata-ad-slot=\"7048180777\"\ndata-ad-format=\"auto\"><\/ins><br \/>\n<script>\n(adsbygoogle = window.adsbygoogle || []).push({});\n<\/script><\/p>\n<p>Adem\u00e1s, los mayores porcentajes de intoxicaciones et\u00edlicas se registran en el tramo de 15 a 24 a\u00f1os, y el consumo de alcohol \u201cen atrac\u00f3n\u201d se produce con una mayor prevalencia entre los 15 y los 30 a\u00f1os, con una incidencia elevada entre personas de 15 a 19 a\u00f1os. Ante estos datos, el Ayuntamiento quiere implicar a toda la sociedad en la prevenci\u00f3n del consumo de alcohol a edades tempranas, sobre todo en los \u00e1mbitos educativos y festivos.<\/p>\n<p>Pamplona se compromete a desarrollar acciones espec\u00edficas, con la implicaci\u00f3n de entidades sociales, centros educativos y deportivos, hosteler\u00eda y distribuidores, y personas locales relevantes, como deportistas, actores, equipos y clubes deportivos, pintores, escultores, presentadores o cantantes. El testimonio de estas personas, que se recoger\u00e1 en la web <a href=\"https:\/\/www.menoresniunagota.es\/\" target=\"_blank\" rel=\"noopener\">menoresniunagota.es<\/a>, puede lograr un mayor impacto para promover el consumo cero en menores de edad.<\/p>\n<p>Estas acciones se difundir\u00e1n entre los menores a trav\u00e9s de actividades de informaci\u00f3n y prevenci\u00f3n, incluyendo la promoci\u00f3n de ocio alternativo y concursos que buscan la implicaci\u00f3n y participaci\u00f3n de los menores en la campa\u00f1a (concursos fotogr\u00e1ficos, deportivos, musicales, de interpretaci\u00f3n). Tambi\u00e9n se incluir\u00e1 en las actividades a las familias, que contar\u00e1n con materiales como gu\u00edas did\u00e1cticas para padres y madres.<br \/>\n<script async src=\"\/\/pagead2.googlesyndication.com\/pagead\/js\/adsbygoogle.js\"><\/script><br \/>\n<!-- Noticias La Guia de Pamplona --><br \/>\n<ins class=\"adsbygoogle\"\nstyle=\"display:block\"\ndata-ad-client=\"ca-pub-6943679897239327\"\ndata-ad-slot=\"7048180777\"\ndata-ad-format=\"auto\"><\/ins><br \/>\n<script>\n(adsbygoogle = window.adsbygoogle || []).push({});\n<\/script><\/p>\n<p><strong>Encuentro en Pamplona<\/strong><\/p>\n<p>Dentro de esta campa\u00f1a, la psic\u00f3loga Roc\u00edo Ramos-Pa\u00fal, conocida por el programa Supernanny, va a mantener un encuentro con padres y madres para presentar diversas herramientas que les ayuden en ese objetivo com\u00fan de prevenir el consumo de alcohol en los hijos e hijas menores de edad. En encuentro se celebrar\u00e1 el pr\u00f3ximo 20 de abril, a las 19 horas, en la tercera planta de Civivox Condestable. Las inscripciones gratuitas se pueden realizar en la web <a href=\"https:\/\/www.menoresniunagota.es\/\" target=\"_blank\" rel=\"noopener\">menoresniunagota.es<\/a>.<\/p>\n<p>En encuentro lleva por t\u00edtulo \u2018Por qu\u00e9 hablar de alcohol con mi hijo\u2019. La psic\u00f3loga Roc\u00edo Ramos-Pa\u00fal ofrecer\u00e1 consejos y posibles soluciones, como las recogidas en su gu\u00eda \u2018Menores Ni Una Gota\u2019, que se puede obtener de manera gratuita en la web del programa. Los menores tienen a su disposici\u00f3n informaci\u00f3n sobre los efectos del alcohol, pero no suelen contar con herramientas y estrategias para desarrollar sus habilidades sociales, sobre todo frente al grupo. La psic\u00f3loga aboga por abordar situaciones reales y c\u00f3mo afrontarlas, a modo de entrenamiento.<\/p>\n<p>La campa\u00f1a \u2018Menores ni una gota\u2019 que respalda el Ayuntamiento conjuga la responsabilidad institucional y la privada, con la psic\u00f3loga Roc\u00edo Ramos-Pa\u00fal como ponente experta. La psic\u00f3loga, un referente en el \u00e1mbito educativo, ha recibido numerosos reconocimientos y colabora en programas de diferentes medios de comunicaci\u00f3n. Est\u00e1 especializada en educaci\u00f3n de menores y el programa Supernanny, que present\u00f3 durante una d\u00e9cada, dio visibilidad a su trabajo con las familias en situaciones de dificultad.<\/p>\n<p><script async src=\"\/\/pagead2.googlesyndication.com\/pagead\/js\/adsbygoogle.js\"><\/script><br \/>\n<!-- Noticias La Guia de Pamplona --><br \/>\n<ins class=\"adsbygoogle\"\nstyle=\"display:block\"\ndata-ad-client=\"ca-pub-6943679897239327\"\ndata-ad-slot=\"7048180777\"\ndata-ad-format=\"auto\"><\/ins><br \/>\n<script>\n(adsbygoogle = window.adsbygoogle || []).push({});\n<\/script><\/p>\n<p>&nbsp;<\/p>\n<h3>\u2018Menores ni una gota. M\u00e1s de 100 razones para que un menor no beba alcohol\u2019<\/h3>\n<ul>\n<li>Encuentro: \u00bfPor qu\u00e9 hablar de alcohol con mi hijo?\n<ul>\n<li>Ponente: la psic\u00f3loga Roc\u00edo Ramos-Pa\u00fal (Supernanny)<\/li>\n<li>Fecha: 20 de abril, 19 horas. Civivox Condestable<\/li>\n<li>Inscripci\u00f3n gratuita en la web <a href=\"https:\/\/www.menoresniunagota.es\/\" target=\"_blank\" rel=\"noopener\">es<\/a><\/li>\n<li>Enlace para descargar la gu\u00eda \u2018Menores Ni Una Gota\u2019<\/li>\n<\/ul>\n<\/li>\n<\/ul>\n","protected":false},"excerpt":{"rendered":"<p>La psic\u00f3loga Roc\u00edo Ramos-Pa\u00fal, del programa Supernanny, protagoniza un encuentro con las familias el pr\u00f3ximo 20 de abril en Civivox Condestable<\/p>\n","protected":false},"author":1,"featured_media":43306,"comment_status":"open","ping_status":"closed","sticky":false,"template":"","format":"standard","meta":{"footnotes":""},"categories":[2],"tags":[],"class_list":["post-43305","post","type-post","status-publish","format-standard","has-post-thumbnail","hentry","category-ayuntamiento-pamplona"],"yoast_head":"<!-- This site is optimized with the Yoast SEO plugin v27.3 - https:\/\/yoast.com\/product\/yoast-seo-wordpress\/ -->\n<title>Pamplona se adhiere a la campa\u00f1a \u2018Menores ni una gota\u2019, para prevenir el consumo de alcohol entre la juventud<\/title>\n<meta name=\"description\" content=\"La psic\u00f3loga Roc\u00edo Ramos-Pa\u00fal, del programa Supernanny, protagoniza un encuentro con las familias el pr\u00f3ximo 20 de abril en Civivox Condestable\" \/>\n<meta name=\"robots\" content=\"index, follow, max-snippet:-1, max-image-preview:large, max-video-preview:-1\" \/>\n<link rel=\"canonical\" href=\"https:\/\/www.laguiadepamplona.com\/actualidad\/pamplona-se-adhiere-a-la-campana-menores-ni-una-gota-para-prevenir-el-consumo-de-alcohol-entre-la-juventud\/\" \/>\n<meta property=\"og:locale\" content=\"es_ES\" \/>\n<meta property=\"og:type\" content=\"article\" \/>\n<meta property=\"og:title\" content=\"Pamplona se adhiere a la campa\u00f1a \u2018Menores ni una gota\u2019, para prevenir el consumo de alcohol entre la juventud\" \/>\n<meta property=\"og:description\" content=\"La psic\u00f3loga Roc\u00edo Ramos-Pa\u00fal, del programa Supernanny, protagoniza un encuentro con las familias el pr\u00f3ximo 20 de abril en Civivox Condestable\" \/>\n<meta property=\"og:url\" content=\"https:\/\/www.laguiadepamplona.com\/actualidad\/pamplona-se-adhiere-a-la-campana-menores-ni-una-gota-para-prevenir-el-consumo-de-alcohol-entre-la-juventud\/\" \/>\n<meta property=\"og:site_name\" content=\"La Gu\u00eda de Pamplona\" \/>\n<meta property=\"article:publisher\" content=\"https:\/\/www.facebook.com\/laguiadepamplonacom-133175176762273\/?ref=hl\" \/>\n<meta property=\"article:published_time\" content=\"2023-03-27T10:34:21+00:00\" \/>\n<meta property=\"article:modified_time\" content=\"2023-04-11T09:46:57+00:00\" \/>\n<meta property=\"og:image\" content=\"https:\/\/www.laguiadepamplona.com\/actualidad\/wp-content\/uploads\/2023\/03\/menores_ni_una_gota.webp\" \/>\n\t<meta property=\"og:image:width\" content=\"1920\" \/>\n\t<meta property=\"og:image:height\" content=\"1135\" \/>\n\t<meta property=\"og:image:type\" content=\"image\/webp\" \/>\n<meta name=\"author\" content=\"La Gu\u00eda de Pamplona\" \/>\n<meta name=\"twitter:card\" content=\"summary_large_image\" \/>\n<meta name=\"twitter:creator\" content=\"@LaGuiadPamplona\" \/>\n<meta name=\"twitter:site\" content=\"@LaGuiadPamplona\" \/>\n<meta name=\"twitter:label1\" content=\"Escrito por\" \/>\n\t<meta name=\"twitter:data1\" content=\"La Gu\u00eda de Pamplona\" \/>\n\t<meta name=\"twitter:label2\" content=\"Tiempo de lectura\" \/>\n\t<meta name=\"twitter:data2\" content=\"4 minutos\" \/>\n<script type=\"application\/ld+json\" class=\"yoast-schema-graph\">{\"@context\":\"https:\\\/\\\/schema.org\",\"@graph\":[{\"@type\":\"Article\",\"@id\":\"https:\\\/\\\/www.laguiadepamplona.com\\\/actualidad\\\/pamplona-se-adhiere-a-la-campana-menores-ni-una-gota-para-prevenir-el-consumo-de-alcohol-entre-la-juventud\\\/#article\",\"isPartOf\":{\"@id\":\"https:\\\/\\\/www.laguiadepamplona.com\\\/actualidad\\\/pamplona-se-adhiere-a-la-campana-menores-ni-una-gota-para-prevenir-el-consumo-de-alcohol-entre-la-juventud\\\/\"},\"author\":{\"name\":\"La Gu\u00eda de Pamplona\",\"@id\":\"https:\\\/\\\/www.laguiadepamplona.com\\\/actualidad\\\/#\\\/schema\\\/person\\\/efe887376f0213d4657c93adc50b1fdb\"},\"headline\":\"Pamplona se adhiere a la campa\u00f1a \u2018Menores ni una gota\u2019, para prevenir el consumo de alcohol entre la juventud\",\"datePublished\":\"2023-03-27T10:34:21+00:00\",\"dateModified\":\"2023-04-11T09:46:57+00:00\",\"mainEntityOfPage\":{\"@id\":\"https:\\\/\\\/www.laguiadepamplona.com\\\/actualidad\\\/pamplona-se-adhiere-a-la-campana-menores-ni-una-gota-para-prevenir-el-consumo-de-alcohol-entre-la-juventud\\\/\"},\"wordCount\":782,\"commentCount\":0,\"publisher\":{\"@id\":\"https:\\\/\\\/www.laguiadepamplona.com\\\/actualidad\\\/#organization\"},\"image\":{\"@id\":\"https:\\\/\\\/www.laguiadepamplona.com\\\/actualidad\\\/pamplona-se-adhiere-a-la-campana-menores-ni-una-gota-para-prevenir-el-consumo-de-alcohol-entre-la-juventud\\\/#primaryimage\"},\"thumbnailUrl\":\"https:\\\/\\\/www.laguiadepamplona.com\\\/actualidad\\\/wp-content\\\/uploads\\\/2023\\\/03\\\/menores_ni_una_gota.webp\",\"articleSection\":[\"Ayto Pamplona\"],\"inLanguage\":\"es\",\"potentialAction\":[{\"@type\":\"CommentAction\",\"name\":\"Comment\",\"target\":[\"https:\\\/\\\/www.laguiadepamplona.com\\\/actualidad\\\/pamplona-se-adhiere-a-la-campana-menores-ni-una-gota-para-prevenir-el-consumo-de-alcohol-entre-la-juventud\\\/#respond\"]}]},{\"@type\":\"WebPage\",\"@id\":\"https:\\\/\\\/www.laguiadepamplona.com\\\/actualidad\\\/pamplona-se-adhiere-a-la-campana-menores-ni-una-gota-para-prevenir-el-consumo-de-alcohol-entre-la-juventud\\\/\",\"url\":\"https:\\\/\\\/www.laguiadepamplona.com\\\/actualidad\\\/pamplona-se-adhiere-a-la-campana-menores-ni-una-gota-para-prevenir-el-consumo-de-alcohol-entre-la-juventud\\\/\",\"name\":\"Pamplona se adhiere a la campa\u00f1a \u2018Menores ni una gota\u2019, para prevenir el consumo de alcohol entre la juventud\",\"isPartOf\":{\"@id\":\"https:\\\/\\\/www.laguiadepamplona.com\\\/actualidad\\\/#website\"},\"primaryImageOfPage\":{\"@id\":\"https:\\\/\\\/www.laguiadepamplona.com\\\/actualidad\\\/pamplona-se-adhiere-a-la-campana-menores-ni-una-gota-para-prevenir-el-consumo-de-alcohol-entre-la-juventud\\\/#primaryimage\"},\"image\":{\"@id\":\"https:\\\/\\\/www.laguiadepamplona.com\\\/actualidad\\\/pamplona-se-adhiere-a-la-campana-menores-ni-una-gota-para-prevenir-el-consumo-de-alcohol-entre-la-juventud\\\/#primaryimage\"},\"thumbnailUrl\":\"https:\\\/\\\/www.laguiadepamplona.com\\\/actualidad\\\/wp-content\\\/uploads\\\/2023\\\/03\\\/menores_ni_una_gota.webp\",\"datePublished\":\"2023-03-27T10:34:21+00:00\",\"dateModified\":\"2023-04-11T09:46:57+00:00\",\"description\":\"La psic\u00f3loga Roc\u00edo Ramos-Pa\u00fal, del programa Supernanny, protagoniza un encuentro con las familias el pr\u00f3ximo 20 de abril en Civivox Condestable\",\"breadcrumb\":{\"@id\":\"https:\\\/\\\/www.laguiadepamplona.com\\\/actualidad\\\/pamplona-se-adhiere-a-la-campana-menores-ni-una-gota-para-prevenir-el-consumo-de-alcohol-entre-la-juventud\\\/#breadcrumb\"},\"inLanguage\":\"es\",\"potentialAction\":[{\"@type\":\"ReadAction\",\"target\":[\"https:\\\/\\\/www.laguiadepamplona.com\\\/actualidad\\\/pamplona-se-adhiere-a-la-campana-menores-ni-una-gota-para-prevenir-el-consumo-de-alcohol-entre-la-juventud\\\/\"]}]},{\"@type\":\"ImageObject\",\"inLanguage\":\"es\",\"@id\":\"https:\\\/\\\/www.laguiadepamplona.com\\\/actualidad\\\/pamplona-se-adhiere-a-la-campana-menores-ni-una-gota-para-prevenir-el-consumo-de-alcohol-entre-la-juventud\\\/#primaryimage\",\"url\":\"https:\\\/\\\/www.laguiadepamplona.com\\\/actualidad\\\/wp-content\\\/uploads\\\/2023\\\/03\\\/menores_ni_una_gota.webp\",\"contentUrl\":\"https:\\\/\\\/www.laguiadepamplona.com\\\/actualidad\\\/wp-content\\\/uploads\\\/2023\\\/03\\\/menores_ni_una_gota.webp\",\"width\":1920,\"height\":1135},{\"@type\":\"BreadcrumbList\",\"@id\":\"https:\\\/\\\/www.laguiadepamplona.com\\\/actualidad\\\/pamplona-se-adhiere-a-la-campana-menores-ni-una-gota-para-prevenir-el-consumo-de-alcohol-entre-la-juventud\\\/#breadcrumb\",\"itemListElement\":[{\"@type\":\"ListItem\",\"position\":1,\"name\":\"Portada\",\"item\":\"https:\\\/\\\/www.laguiadepamplona.com\\\/actualidad\\\/\"},{\"@type\":\"ListItem\",\"position\":2,\"name\":\"Pamplona se adhiere a la campa\u00f1a \u2018Menores ni una gota\u2019, para prevenir el consumo de alcohol entre la juventud\"}]},{\"@type\":\"WebSite\",\"@id\":\"https:\\\/\\\/www.laguiadepamplona.com\\\/actualidad\\\/#website\",\"url\":\"https:\\\/\\\/www.laguiadepamplona.com\\\/actualidad\\\/\",\"name\":\"La gu\u00eda de Pamplona\",\"description\":\"Noticias de Pamplona\",\"publisher\":{\"@id\":\"https:\\\/\\\/www.laguiadepamplona.com\\\/actualidad\\\/#organization\"},\"potentialAction\":[{\"@type\":\"SearchAction\",\"target\":{\"@type\":\"EntryPoint\",\"urlTemplate\":\"https:\\\/\\\/www.laguiadepamplona.com\\\/actualidad\\\/?s={search_term_string}\"},\"query-input\":{\"@type\":\"PropertyValueSpecification\",\"valueRequired\":true,\"valueName\":\"search_term_string\"}}],\"inLanguage\":\"es\"},{\"@type\":\"Organization\",\"@id\":\"https:\\\/\\\/www.laguiadepamplona.com\\\/actualidad\\\/#organization\",\"name\":\"La Gu\u00eda de Pamplona \\\/ Noticias\",\"url\":\"https:\\\/\\\/www.laguiadepamplona.com\\\/actualidad\\\/\",\"logo\":{\"@type\":\"ImageObject\",\"inLanguage\":\"es\",\"@id\":\"https:\\\/\\\/www.laguiadepamplona.com\\\/actualidad\\\/#\\\/schema\\\/logo\\\/image\\\/\",\"url\":\"https:\\\/\\\/www.laguiadepamplona.com\\\/actualidad\\\/wp-content\\\/uploads\\\/2018\\\/11\\\/logo-laguiadepamplona18-web1.png\",\"contentUrl\":\"https:\\\/\\\/www.laguiadepamplona.com\\\/actualidad\\\/wp-content\\\/uploads\\\/2018\\\/11\\\/logo-laguiadepamplona18-web1.png\",\"width\":600,\"height\":196,\"caption\":\"La Gu\u00eda de Pamplona \\\/ Noticias\"},\"image\":{\"@id\":\"https:\\\/\\\/www.laguiadepamplona.com\\\/actualidad\\\/#\\\/schema\\\/logo\\\/image\\\/\"},\"sameAs\":[\"https:\\\/\\\/www.facebook.com\\\/laguiadepamplonacom-133175176762273\\\/?ref=hl\",\"https:\\\/\\\/x.com\\\/LaGuiadPamplona\",\"https:\\\/\\\/www.instagram.com\\\/la_guia_de_pamplona\\\/\",\"https:\\\/\\\/www.youtube.com\\\/user\\\/laguiadepamplona\"]},{\"@type\":\"Person\",\"@id\":\"https:\\\/\\\/www.laguiadepamplona.com\\\/actualidad\\\/#\\\/schema\\\/person\\\/efe887376f0213d4657c93adc50b1fdb\",\"name\":\"La Gu\u00eda de Pamplona\",\"image\":{\"@type\":\"ImageObject\",\"inLanguage\":\"es\",\"@id\":\"https:\\\/\\\/secure.gravatar.com\\\/avatar\\\/b6992f131dc8d30ab0dff15446e9d346d9dbd95992de0fef795073f5ea83a81c?s=96&d=mm&r=g\",\"url\":\"https:\\\/\\\/secure.gravatar.com\\\/avatar\\\/b6992f131dc8d30ab0dff15446e9d346d9dbd95992de0fef795073f5ea83a81c?s=96&d=mm&r=g\",\"contentUrl\":\"https:\\\/\\\/secure.gravatar.com\\\/avatar\\\/b6992f131dc8d30ab0dff15446e9d346d9dbd95992de0fef795073f5ea83a81c?s=96&d=mm&r=g\",\"caption\":\"La Gu\u00eda de Pamplona\"}}]}<\/script>\n<!-- \/ Yoast SEO plugin. -->","yoast_head_json":{"title":"Pamplona se adhiere a la campa\u00f1a \u2018Menores ni una gota\u2019, para prevenir el consumo de alcohol entre la juventud","description":"La psic\u00f3loga Roc\u00edo Ramos-Pa\u00fal, del programa Supernanny, protagoniza un encuentro con las familias el pr\u00f3ximo 20 de abril en Civivox Condestable","robots":{"index":"index","follow":"follow","max-snippet":"max-snippet:-1","max-image-preview":"max-image-preview:large","max-video-preview":"max-video-preview:-1"},"canonical":"https:\/\/www.laguiadepamplona.com\/actualidad\/pamplona-se-adhiere-a-la-campana-menores-ni-una-gota-para-prevenir-el-consumo-de-alcohol-entre-la-juventud\/","og_locale":"es_ES","og_type":"article","og_title":"Pamplona se adhiere a la campa\u00f1a \u2018Menores ni una gota\u2019, para prevenir el consumo de alcohol entre la juventud","og_description":"La psic\u00f3loga Roc\u00edo Ramos-Pa\u00fal, del programa Supernanny, protagoniza un encuentro con las familias el pr\u00f3ximo 20 de abril en Civivox Condestable","og_url":"https:\/\/www.laguiadepamplona.com\/actualidad\/pamplona-se-adhiere-a-la-campana-menores-ni-una-gota-para-prevenir-el-consumo-de-alcohol-entre-la-juventud\/","og_site_name":"La Gu\u00eda de Pamplona","article_publisher":"https:\/\/www.facebook.com\/laguiadepamplonacom-133175176762273\/?ref=hl","article_published_time":"2023-03-27T10:34:21+00:00","article_modified_time":"2023-04-11T09:46:57+00:00","og_image":[{"width":1920,"height":1135,"url":"https:\/\/www.laguiadepamplona.com\/actualidad\/wp-content\/uploads\/2023\/03\/menores_ni_una_gota.webp","type":"image\/webp"}],"author":"La Gu\u00eda de Pamplona","twitter_card":"summary_large_image","twitter_creator":"@LaGuiadPamplona","twitter_site":"@LaGuiadPamplona","twitter_misc":{"Escrito por":"La Gu\u00eda de Pamplona","Tiempo de lectura":"4 minutos"},"schema":{"@context":"https:\/\/schema.org","@graph":[{"@type":"Article","@id":"https:\/\/www.laguiadepamplona.com\/actualidad\/pamplona-se-adhiere-a-la-campana-menores-ni-una-gota-para-prevenir-el-consumo-de-alcohol-entre-la-juventud\/#article","isPartOf":{"@id":"https:\/\/www.laguiadepamplona.com\/actualidad\/pamplona-se-adhiere-a-la-campana-menores-ni-una-gota-para-prevenir-el-consumo-de-alcohol-entre-la-juventud\/"},"author":{"name":"La Gu\u00eda de Pamplona","@id":"https:\/\/www.laguiadepamplona.com\/actualidad\/#\/schema\/person\/efe887376f0213d4657c93adc50b1fdb"},"headline":"Pamplona se adhiere a la campa\u00f1a \u2018Menores ni una gota\u2019, para prevenir el consumo de alcohol entre la juventud","datePublished":"2023-03-27T10:34:21+00:00","dateModified":"2023-04-11T09:46:57+00:00","mainEntityOfPage":{"@id":"https:\/\/www.laguiadepamplona.com\/actualidad\/pamplona-se-adhiere-a-la-campana-menores-ni-una-gota-para-prevenir-el-consumo-de-alcohol-entre-la-juventud\/"},"wordCount":782,"commentCount":0,"publisher":{"@id":"https:\/\/www.laguiadepamplona.com\/actualidad\/#organization"},"image":{"@id":"https:\/\/www.laguiadepamplona.com\/actualidad\/pamplona-se-adhiere-a-la-campana-menores-ni-una-gota-para-prevenir-el-consumo-de-alcohol-entre-la-juventud\/#primaryimage"},"thumbnailUrl":"https:\/\/www.laguiadepamplona.com\/actualidad\/wp-content\/uploads\/2023\/03\/menores_ni_una_gota.webp","articleSection":["Ayto Pamplona"],"inLanguage":"es","potentialAction":[{"@type":"CommentAction","name":"Comment","target":["https:\/\/www.laguiadepamplona.com\/actualidad\/pamplona-se-adhiere-a-la-campana-menores-ni-una-gota-para-prevenir-el-consumo-de-alcohol-entre-la-juventud\/#respond"]}]},{"@type":"WebPage","@id":"https:\/\/www.laguiadepamplona.com\/actualidad\/pamplona-se-adhiere-a-la-campana-menores-ni-una-gota-para-prevenir-el-consumo-de-alcohol-entre-la-juventud\/","url":"https:\/\/www.laguiadepamplona.com\/actualidad\/pamplona-se-adhiere-a-la-campana-menores-ni-una-gota-para-prevenir-el-consumo-de-alcohol-entre-la-juventud\/","name":"Pamplona se adhiere a la campa\u00f1a \u2018Menores ni una gota\u2019, para prevenir el consumo de alcohol entre la juventud","isPartOf":{"@id":"https:\/\/www.laguiadepamplona.com\/actualidad\/#website"},"primaryImageOfPage":{"@id":"https:\/\/www.laguiadepamplona.com\/actualidad\/pamplona-se-adhiere-a-la-campana-menores-ni-una-gota-para-prevenir-el-consumo-de-alcohol-entre-la-juventud\/#primaryimage"},"image":{"@id":"https:\/\/www.laguiadepamplona.com\/actualidad\/pamplona-se-adhiere-a-la-campana-menores-ni-una-gota-para-prevenir-el-consumo-de-alcohol-entre-la-juventud\/#primaryimage"},"thumbnailUrl":"https:\/\/www.laguiadepamplona.com\/actualidad\/wp-content\/uploads\/2023\/03\/menores_ni_una_gota.webp","datePublished":"2023-03-27T10:34:21+00:00","dateModified":"2023-04-11T09:46:57+00:00","description":"La psic\u00f3loga Roc\u00edo Ramos-Pa\u00fal, del programa Supernanny, protagoniza un encuentro con las familias el pr\u00f3ximo 20 de abril en Civivox Condestable","breadcrumb":{"@id":"https:\/\/www.laguiadepamplona.com\/actualidad\/pamplona-se-adhiere-a-la-campana-menores-ni-una-gota-para-prevenir-el-consumo-de-alcohol-entre-la-juventud\/#breadcrumb"},"inLanguage":"es","potentialAction":[{"@type":"ReadAction","target":["https:\/\/www.laguiadepamplona.com\/actualidad\/pamplona-se-adhiere-a-la-campana-menores-ni-una-gota-para-prevenir-el-consumo-de-alcohol-entre-la-juventud\/"]}]},{"@type":"ImageObject","inLanguage":"es","@id":"https:\/\/www.laguiadepamplona.com\/actualidad\/pamplona-se-adhiere-a-la-campana-menores-ni-una-gota-para-prevenir-el-consumo-de-alcohol-entre-la-juventud\/#primaryimage","url":"https:\/\/www.laguiadepamplona.com\/actualidad\/wp-content\/uploads\/2023\/03\/menores_ni_una_gota.webp","contentUrl":"https:\/\/www.laguiadepamplona.com\/actualidad\/wp-content\/uploads\/2023\/03\/menores_ni_una_gota.webp","width":1920,"height":1135},{"@type":"BreadcrumbList","@id":"https:\/\/www.laguiadepamplona.com\/actualidad\/pamplona-se-adhiere-a-la-campana-menores-ni-una-gota-para-prevenir-el-consumo-de-alcohol-entre-la-juventud\/#breadcrumb","itemListElement":[{"@type":"ListItem","position":1,"name":"Portada","item":"https:\/\/www.laguiadepamplona.com\/actualidad\/"},{"@type":"ListItem","position":2,"name":"Pamplona se adhiere a la campa\u00f1a \u2018Menores ni una gota\u2019, para prevenir el consumo de alcohol entre la juventud"}]},{"@type":"WebSite","@id":"https:\/\/www.laguiadepamplona.com\/actualidad\/#website","url":"https:\/\/www.laguiadepamplona.com\/actualidad\/","name":"La gu\u00eda de Pamplona","description":"Noticias de Pamplona","publisher":{"@id":"https:\/\/www.laguiadepamplona.com\/actualidad\/#organization"},"potentialAction":[{"@type":"SearchAction","target":{"@type":"EntryPoint","urlTemplate":"https:\/\/www.laguiadepamplona.com\/actualidad\/?s={search_term_string}"},"query-input":{"@type":"PropertyValueSpecification","valueRequired":true,"valueName":"search_term_string"}}],"inLanguage":"es"},{"@type":"Organization","@id":"https:\/\/www.laguiadepamplona.com\/actualidad\/#organization","name":"La Gu\u00eda de Pamplona \/ Noticias","url":"https:\/\/www.laguiadepamplona.com\/actualidad\/","logo":{"@type":"ImageObject","inLanguage":"es","@id":"https:\/\/www.laguiadepamplona.com\/actualidad\/#\/schema\/logo\/image\/","url":"https:\/\/www.laguiadepamplona.com\/actualidad\/wp-content\/uploads\/2018\/11\/logo-laguiadepamplona18-web1.png","contentUrl":"https:\/\/www.laguiadepamplona.com\/actualidad\/wp-content\/uploads\/2018\/11\/logo-laguiadepamplona18-web1.png","width":600,"height":196,"caption":"La Gu\u00eda de Pamplona \/ Noticias"},"image":{"@id":"https:\/\/www.laguiadepamplona.com\/actualidad\/#\/schema\/logo\/image\/"},"sameAs":["https:\/\/www.facebook.com\/laguiadepamplonacom-133175176762273\/?ref=hl","https:\/\/x.com\/LaGuiadPamplona","https:\/\/www.instagram.com\/la_guia_de_pamplona\/","https:\/\/www.youtube.com\/user\/laguiadepamplona"]},{"@type":"Person","@id":"https:\/\/www.laguiadepamplona.com\/actualidad\/#\/schema\/person\/efe887376f0213d4657c93adc50b1fdb","name":"La Gu\u00eda de Pamplona","image":{"@type":"ImageObject","inLanguage":"es","@id":"https:\/\/secure.gravatar.com\/avatar\/b6992f131dc8d30ab0dff15446e9d346d9dbd95992de0fef795073f5ea83a81c?s=96&d=mm&r=g","url":"https:\/\/secure.gravatar.com\/avatar\/b6992f131dc8d30ab0dff15446e9d346d9dbd95992de0fef795073f5ea83a81c?s=96&d=mm&r=g","contentUrl":"https:\/\/secure.gravatar.com\/avatar\/b6992f131dc8d30ab0dff15446e9d346d9dbd95992de0fef795073f5ea83a81c?s=96&d=mm&r=g","caption":"La Gu\u00eda de Pamplona"}}]}},"post_mailing_queue_ids":[],"_links":{"self":[{"href":"https:\/\/www.laguiadepamplona.com\/actualidad\/wp-json\/wp\/v2\/posts\/43305","targetHints":{"allow":["GET"]}}],"collection":[{"href":"https:\/\/www.laguiadepamplona.com\/actualidad\/wp-json\/wp\/v2\/posts"}],"about":[{"href":"https:\/\/www.laguiadepamplona.com\/actualidad\/wp-json\/wp\/v2\/types\/post"}],"author":[{"embeddable":true,"href":"https:\/\/www.laguiadepamplona.com\/actualidad\/wp-json\/wp\/v2\/users\/1"}],"replies":[{"embeddable":true,"href":"https:\/\/www.laguiadepamplona.com\/actualidad\/wp-json\/wp\/v2\/comments?post=43305"}],"version-history":[{"count":0,"href":"https:\/\/www.laguiadepamplona.com\/actualidad\/wp-json\/wp\/v2\/posts\/43305\/revisions"}],"wp:featuredmedia":[{"embeddable":true,"href":"https:\/\/www.laguiadepamplona.com\/actualidad\/wp-json\/wp\/v2\/media\/43306"}],"wp:attachment":[{"href":"https:\/\/www.laguiadepamplona.com\/actualidad\/wp-json\/wp\/v2\/media?parent=43305"}],"wp:term":[{"taxonomy":"category","embeddable":true,"href":"https:\/\/www.laguiadepamplona.com\/actualidad\/wp-json\/wp\/v2\/categories?post=43305"},{"taxonomy":"post_tag","embeddable":true,"href":"https:\/\/www.laguiadepamplona.com\/actualidad\/wp-json\/wp\/v2\/tags?post=43305"}],"curies":[{"name":"wp","href":"https:\/\/api.w.org\/{rel}","templated":true}]}}