{"id":43302,"date":"2023-03-27T12:30:59","date_gmt":"2023-03-27T10:30:59","guid":{"rendered":"https:\/\/www.laguiadepamplona.com\/actualidad\/?p=43302"},"modified":"2023-04-11T11:46:57","modified_gmt":"2023-04-11T09:46:57","slug":"mas-de-1-700-escolares-de-educacion-primaria-y-educacion-especial-participan-este-curso-en-los-talleres-municipales-de-teatro-para-centros-publicos-y-concertados","status":"publish","type":"post","link":"https:\/\/www.laguiadepamplona.com\/actualidad\/mas-de-1-700-escolares-de-educacion-primaria-y-educacion-especial-participan-este-curso-en-los-talleres-municipales-de-teatro-para-centros-publicos-y-concertados\/","title":{"rendered":"M\u00e1s de 1.700 escolares de Educaci\u00f3n Primaria y Educaci\u00f3n Especial participan este curso en los talleres municipales de teatro para centros p\u00fablicos y concertados"},"content":{"rendered":"<h5>La propuesta did\u00e1ctica incluye hasta 28 sesiones de 50 minutos para 86 grupos formados en los cursos primero y quinto de Primaria de 27 colegios<\/h5>\n<p><!--more--><\/p>\n<p>Los talleres de teatro que el Ayuntamiento de Pamplona ofrece para los escolares de la ciudad acogen en este curso a un total de 1.735 participantes. En estos talleres participa alumnado de primer y quinto curso de Educaci\u00f3n Primaria y Educaci\u00f3n Especial, tanto de colegios p\u00fablicos como concertados, que hoy celebran el D\u00eda Mundial del Teatro. En este curso se han organizado 86 grupos-clase que trabajan en 27 centros educativos.<br \/>\n<script async src=\"\/\/pagead2.googlesyndication.com\/pagead\/js\/adsbygoogle.js\"><\/script><br \/>\n<!-- Noticias La Guia de Pamplona --><br \/>\n<ins class=\"adsbygoogle\"\nstyle=\"display:block\"\ndata-ad-client=\"ca-pub-6943679897239327\"\ndata-ad-slot=\"7048180777\"\ndata-ad-format=\"auto\"><\/ins><br \/>\n<script>\n(adsbygoogle = window.adsbygoogle || []).push({});\n<\/script><\/p>\n<p>Esta propuesta did\u00e1ctica consiste en una sesi\u00f3n semanal de 50 minutos para cada grupo-clase, de manera que se celebran hasta 28 sesiones en horario lectivo durante el curso escolar. La programaci\u00f3n se desarrolla de manera progresiva, en castellano, euskera o ingl\u00e9s, e incluye actividades de juego dram\u00e1tico, dramatizaci\u00f3n y elaboraci\u00f3n de t\u00edteres. La metodolog\u00eda es participativa, cooperativa, basada en la ludificaci\u00f3n, las emociones y tambi\u00e9n se abordan metodolog\u00edas espec\u00edficas teatrales.<\/p>\n<p>Las primeras sesiones se dedican al contacto, conocimiento y creaci\u00f3n de una atm\u00f3sfera propicia para la creaci\u00f3n art\u00edstica. Las siguientes se centran en la expresi\u00f3n corporal y el movimiento en el espacio, la expresi\u00f3n vocal y musical, el desarrollo de la palabra, el juego dram\u00e1tico y la puesta en escena. En este \u00faltimo aspecto, el alumnado de quinto curso de Primaria trabaja la puesta en escena mediante la creaci\u00f3n de t\u00edteres y el teatro de objetos.<br \/>\n<script async src=\"\/\/pagead2.googlesyndication.com\/pagead\/js\/adsbygoogle.js\"><\/script><br \/>\n<!-- Noticias La Guia de Pamplona --><br \/>\n<ins class=\"adsbygoogle\"\nstyle=\"display:block\"\ndata-ad-client=\"ca-pub-6943679897239327\"\ndata-ad-slot=\"7048180777\"\ndata-ad-format=\"auto\"><\/ins><br \/>\n<script>\n(adsbygoogle = window.adsbygoogle || []).push({});\n<\/script><\/p>\n<p><strong>Un programa asentado<\/strong><\/p>\n<p>Los talleres de teatro se iniciaron en el a\u00f1o 1996 y han tenido gran aceptaci\u00f3n. Desde el principio, el objetivo ha sido enriquecer los recursos expresivos y representativos de los escolares. As\u00ed, los ni\u00f1os y ni\u00f1as aprenden t\u00e9cnicas para mejorar su competencia comunicativa y su relaci\u00f3n con otras personas. Se impulsa la capacidad art\u00edstica y creativa y, al mismo tiempo, se afianzan procesos de aprendizaje relacionados con otras \u00e1reas curriculares.<\/p>\n<p>La dimensi\u00f3n educativa del teatro es capaz de favorecer la consecuci\u00f3n de capacidades y objetivos importes en la educaci\u00f3n, tales como el desarrollo corporal, cognoscitivo, emocional, la interacci\u00f3n social acompa\u00f1ada de valores y actitudes, as\u00ed como la utilizaci\u00f3n de los recursos dram\u00e1ticos como actividad de apoyo, de manera transversal, para los aprendizajes.<br \/>\n<script async src=\"\/\/pagead2.googlesyndication.com\/pagead\/js\/adsbygoogle.js\"><\/script><br \/>\n<!-- Noticias La Guia de Pamplona --><br \/>\n<ins class=\"adsbygoogle\"\nstyle=\"display:block\"\ndata-ad-client=\"ca-pub-6943679897239327\"\ndata-ad-slot=\"7048180777\"\ndata-ad-format=\"auto\"><\/ins><br \/>\n<script>\n(adsbygoogle = window.adsbygoogle || []).push({});\n<\/script><\/p>\n<p>&nbsp;<\/p>\n<h3>Talleres de Teatro<\/h3>\n<ul>\n<li>Para escolares de primero y quinto de Educaci\u00f3n Primaria y Educaci\u00f3n Especial<\/li>\n<li>Una sesi\u00f3n semanal de 50 minutos, en horario lectivo<\/li>\n<li>M\u00e1ximo de 28 sesiones por curso acad\u00e9mico<\/li>\n<li>Sesiones en castellano, euskera o ingl\u00e9s<\/li>\n<\/ul>\n","protected":false},"excerpt":{"rendered":"<p>La propuesta did\u00e1ctica incluye hasta 28 sesiones de 50 minutos para 86 grupos formados en los cursos primero y quinto de Primaria de 27 colegios<\/p>\n","protected":false},"author":1,"featured_media":43303,"comment_status":"open","ping_status":"closed","sticky":false,"template":"","format":"standard","meta":{"footnotes":""},"categories":[2],"tags":[],"class_list":["post-43302","post","type-post","status-publish","format-standard","has-post-thumbnail","hentry","category-ayuntamiento-pamplona"],"yoast_head":"<!-- This site is optimized with the Yoast SEO plugin v27.3 - https:\/\/yoast.com\/product\/yoast-seo-wordpress\/ -->\n<title>M\u00e1s de 1.700 escolares de Educaci\u00f3n Primaria y Educaci\u00f3n Especial participan este curso en los talleres municipales de teatro para centros p\u00fablicos y concertados<\/title>\n<meta name=\"description\" content=\"La propuesta did\u00e1ctica incluye hasta 28 sesiones de 50 minutos para 86 grupos formados en los cursos primero y quinto de Primaria de 27 colegios\" \/>\n<meta name=\"robots\" content=\"index, follow, max-snippet:-1, max-image-preview:large, max-video-preview:-1\" \/>\n<link rel=\"canonical\" href=\"https:\/\/www.laguiadepamplona.com\/actualidad\/mas-de-1-700-escolares-de-educacion-primaria-y-educacion-especial-participan-este-curso-en-los-talleres-municipales-de-teatro-para-centros-publicos-y-concertados\/\" \/>\n<meta property=\"og:locale\" content=\"es_ES\" \/>\n<meta property=\"og:type\" content=\"article\" \/>\n<meta property=\"og:title\" content=\"M\u00e1s de 1.700 escolares de Educaci\u00f3n Primaria y Educaci\u00f3n Especial participan este curso en los talleres municipales de teatro para centros p\u00fablicos y concertados\" \/>\n<meta property=\"og:description\" content=\"La propuesta did\u00e1ctica incluye hasta 28 sesiones de 50 minutos para 86 grupos formados en los cursos primero y quinto de Primaria de 27 colegios\" \/>\n<meta property=\"og:url\" content=\"https:\/\/www.laguiadepamplona.com\/actualidad\/mas-de-1-700-escolares-de-educacion-primaria-y-educacion-especial-participan-este-curso-en-los-talleres-municipales-de-teatro-para-centros-publicos-y-concertados\/\" \/>\n<meta property=\"og:site_name\" content=\"La Gu\u00eda de Pamplona\" \/>\n<meta property=\"article:publisher\" content=\"https:\/\/www.facebook.com\/laguiadepamplonacom-133175176762273\/?ref=hl\" \/>\n<meta property=\"article:published_time\" content=\"2023-03-27T10:30:59+00:00\" \/>\n<meta property=\"article:modified_time\" content=\"2023-04-11T09:46:57+00:00\" \/>\n<meta property=\"og:image\" content=\"https:\/\/www.laguiadepamplona.com\/actualidad\/wp-content\/uploads\/2023\/03\/teatro-ninos.webp\" \/>\n\t<meta property=\"og:image:width\" content=\"1813\" \/>\n\t<meta property=\"og:image:height\" content=\"869\" \/>\n\t<meta property=\"og:image:type\" content=\"image\/webp\" \/>\n<meta name=\"author\" content=\"La Gu\u00eda de Pamplona\" \/>\n<meta name=\"twitter:card\" content=\"summary_large_image\" \/>\n<meta name=\"twitter:creator\" content=\"@LaGuiadPamplona\" \/>\n<meta name=\"twitter:site\" content=\"@LaGuiadPamplona\" \/>\n<meta name=\"twitter:label1\" content=\"Escrito por\" \/>\n\t<meta name=\"twitter:data1\" content=\"La Gu\u00eda de Pamplona\" \/>\n\t<meta name=\"twitter:label2\" content=\"Tiempo de lectura\" \/>\n\t<meta name=\"twitter:data2\" content=\"2 minutos\" \/>\n<script type=\"application\/ld+json\" class=\"yoast-schema-graph\">{\"@context\":\"https:\\\/\\\/schema.org\",\"@graph\":[{\"@type\":\"Article\",\"@id\":\"https:\\\/\\\/www.laguiadepamplona.com\\\/actualidad\\\/mas-de-1-700-escolares-de-educacion-primaria-y-educacion-especial-participan-este-curso-en-los-talleres-municipales-de-teatro-para-centros-publicos-y-concertados\\\/#article\",\"isPartOf\":{\"@id\":\"https:\\\/\\\/www.laguiadepamplona.com\\\/actualidad\\\/mas-de-1-700-escolares-de-educacion-primaria-y-educacion-especial-participan-este-curso-en-los-talleres-municipales-de-teatro-para-centros-publicos-y-concertados\\\/\"},\"author\":{\"name\":\"La Gu\u00eda de Pamplona\",\"@id\":\"https:\\\/\\\/www.laguiadepamplona.com\\\/actualidad\\\/#\\\/schema\\\/person\\\/efe887376f0213d4657c93adc50b1fdb\"},\"headline\":\"M\u00e1s de 1.700 escolares de Educaci\u00f3n Primaria y Educaci\u00f3n Especial participan este curso en los talleres municipales de teatro para centros p\u00fablicos y concertados\",\"datePublished\":\"2023-03-27T10:30:59+00:00\",\"dateModified\":\"2023-04-11T09:46:57+00:00\",\"mainEntityOfPage\":{\"@id\":\"https:\\\/\\\/www.laguiadepamplona.com\\\/actualidad\\\/mas-de-1-700-escolares-de-educacion-primaria-y-educacion-especial-participan-este-curso-en-los-talleres-municipales-de-teatro-para-centros-publicos-y-concertados\\\/\"},\"wordCount\":466,\"commentCount\":0,\"publisher\":{\"@id\":\"https:\\\/\\\/www.laguiadepamplona.com\\\/actualidad\\\/#organization\"},\"image\":{\"@id\":\"https:\\\/\\\/www.laguiadepamplona.com\\\/actualidad\\\/mas-de-1-700-escolares-de-educacion-primaria-y-educacion-especial-participan-este-curso-en-los-talleres-municipales-de-teatro-para-centros-publicos-y-concertados\\\/#primaryimage\"},\"thumbnailUrl\":\"https:\\\/\\\/www.laguiadepamplona.com\\\/actualidad\\\/wp-content\\\/uploads\\\/2023\\\/03\\\/teatro-ninos.webp\",\"articleSection\":[\"Ayto Pamplona\"],\"inLanguage\":\"es\",\"potentialAction\":[{\"@type\":\"CommentAction\",\"name\":\"Comment\",\"target\":[\"https:\\\/\\\/www.laguiadepamplona.com\\\/actualidad\\\/mas-de-1-700-escolares-de-educacion-primaria-y-educacion-especial-participan-este-curso-en-los-talleres-municipales-de-teatro-para-centros-publicos-y-concertados\\\/#respond\"]}]},{\"@type\":\"WebPage\",\"@id\":\"https:\\\/\\\/www.laguiadepamplona.com\\\/actualidad\\\/mas-de-1-700-escolares-de-educacion-primaria-y-educacion-especial-participan-este-curso-en-los-talleres-municipales-de-teatro-para-centros-publicos-y-concertados\\\/\",\"url\":\"https:\\\/\\\/www.laguiadepamplona.com\\\/actualidad\\\/mas-de-1-700-escolares-de-educacion-primaria-y-educacion-especial-participan-este-curso-en-los-talleres-municipales-de-teatro-para-centros-publicos-y-concertados\\\/\",\"name\":\"M\u00e1s de 1.700 escolares de Educaci\u00f3n Primaria y Educaci\u00f3n Especial participan este curso en los talleres municipales de teatro para centros p\u00fablicos y concertados\",\"isPartOf\":{\"@id\":\"https:\\\/\\\/www.laguiadepamplona.com\\\/actualidad\\\/#website\"},\"primaryImageOfPage\":{\"@id\":\"https:\\\/\\\/www.laguiadepamplona.com\\\/actualidad\\\/mas-de-1-700-escolares-de-educacion-primaria-y-educacion-especial-participan-este-curso-en-los-talleres-municipales-de-teatro-para-centros-publicos-y-concertados\\\/#primaryimage\"},\"image\":{\"@id\":\"https:\\\/\\\/www.laguiadepamplona.com\\\/actualidad\\\/mas-de-1-700-escolares-de-educacion-primaria-y-educacion-especial-participan-este-curso-en-los-talleres-municipales-de-teatro-para-centros-publicos-y-concertados\\\/#primaryimage\"},\"thumbnailUrl\":\"https:\\\/\\\/www.laguiadepamplona.com\\\/actualidad\\\/wp-content\\\/uploads\\\/2023\\\/03\\\/teatro-ninos.webp\",\"datePublished\":\"2023-03-27T10:30:59+00:00\",\"dateModified\":\"2023-04-11T09:46:57+00:00\",\"description\":\"La propuesta did\u00e1ctica incluye hasta 28 sesiones de 50 minutos para 86 grupos formados en los cursos primero y quinto de Primaria de 27 colegios\",\"breadcrumb\":{\"@id\":\"https:\\\/\\\/www.laguiadepamplona.com\\\/actualidad\\\/mas-de-1-700-escolares-de-educacion-primaria-y-educacion-especial-participan-este-curso-en-los-talleres-municipales-de-teatro-para-centros-publicos-y-concertados\\\/#breadcrumb\"},\"inLanguage\":\"es\",\"potentialAction\":[{\"@type\":\"ReadAction\",\"target\":[\"https:\\\/\\\/www.laguiadepamplona.com\\\/actualidad\\\/mas-de-1-700-escolares-de-educacion-primaria-y-educacion-especial-participan-este-curso-en-los-talleres-municipales-de-teatro-para-centros-publicos-y-concertados\\\/\"]}]},{\"@type\":\"ImageObject\",\"inLanguage\":\"es\",\"@id\":\"https:\\\/\\\/www.laguiadepamplona.com\\\/actualidad\\\/mas-de-1-700-escolares-de-educacion-primaria-y-educacion-especial-participan-este-curso-en-los-talleres-municipales-de-teatro-para-centros-publicos-y-concertados\\\/#primaryimage\",\"url\":\"https:\\\/\\\/www.laguiadepamplona.com\\\/actualidad\\\/wp-content\\\/uploads\\\/2023\\\/03\\\/teatro-ninos.webp\",\"contentUrl\":\"https:\\\/\\\/www.laguiadepamplona.com\\\/actualidad\\\/wp-content\\\/uploads\\\/2023\\\/03\\\/teatro-ninos.webp\",\"width\":1813,\"height\":869},{\"@type\":\"BreadcrumbList\",\"@id\":\"https:\\\/\\\/www.laguiadepamplona.com\\\/actualidad\\\/mas-de-1-700-escolares-de-educacion-primaria-y-educacion-especial-participan-este-curso-en-los-talleres-municipales-de-teatro-para-centros-publicos-y-concertados\\\/#breadcrumb\",\"itemListElement\":[{\"@type\":\"ListItem\",\"position\":1,\"name\":\"Portada\",\"item\":\"https:\\\/\\\/www.laguiadepamplona.com\\\/actualidad\\\/\"},{\"@type\":\"ListItem\",\"position\":2,\"name\":\"M\u00e1s de 1.700 escolares de Educaci\u00f3n Primaria y Educaci\u00f3n Especial participan este curso en los talleres municipales de teatro para centros p\u00fablicos y concertados\"}]},{\"@type\":\"WebSite\",\"@id\":\"https:\\\/\\\/www.laguiadepamplona.com\\\/actualidad\\\/#website\",\"url\":\"https:\\\/\\\/www.laguiadepamplona.com\\\/actualidad\\\/\",\"name\":\"La gu\u00eda de Pamplona\",\"description\":\"Noticias de Pamplona\",\"publisher\":{\"@id\":\"https:\\\/\\\/www.laguiadepamplona.com\\\/actualidad\\\/#organization\"},\"potentialAction\":[{\"@type\":\"SearchAction\",\"target\":{\"@type\":\"EntryPoint\",\"urlTemplate\":\"https:\\\/\\\/www.laguiadepamplona.com\\\/actualidad\\\/?s={search_term_string}\"},\"query-input\":{\"@type\":\"PropertyValueSpecification\",\"valueRequired\":true,\"valueName\":\"search_term_string\"}}],\"inLanguage\":\"es\"},{\"@type\":\"Organization\",\"@id\":\"https:\\\/\\\/www.laguiadepamplona.com\\\/actualidad\\\/#organization\",\"name\":\"La Gu\u00eda de Pamplona \\\/ Noticias\",\"url\":\"https:\\\/\\\/www.laguiadepamplona.com\\\/actualidad\\\/\",\"logo\":{\"@type\":\"ImageObject\",\"inLanguage\":\"es\",\"@id\":\"https:\\\/\\\/www.laguiadepamplona.com\\\/actualidad\\\/#\\\/schema\\\/logo\\\/image\\\/\",\"url\":\"https:\\\/\\\/www.laguiadepamplona.com\\\/actualidad\\\/wp-content\\\/uploads\\\/2018\\\/11\\\/logo-laguiadepamplona18-web1.png\",\"contentUrl\":\"https:\\\/\\\/www.laguiadepamplona.com\\\/actualidad\\\/wp-content\\\/uploads\\\/2018\\\/11\\\/logo-laguiadepamplona18-web1.png\",\"width\":600,\"height\":196,\"caption\":\"La Gu\u00eda de Pamplona \\\/ Noticias\"},\"image\":{\"@id\":\"https:\\\/\\\/www.laguiadepamplona.com\\\/actualidad\\\/#\\\/schema\\\/logo\\\/image\\\/\"},\"sameAs\":[\"https:\\\/\\\/www.facebook.com\\\/laguiadepamplonacom-133175176762273\\\/?ref=hl\",\"https:\\\/\\\/x.com\\\/LaGuiadPamplona\",\"https:\\\/\\\/www.instagram.com\\\/la_guia_de_pamplona\\\/\",\"https:\\\/\\\/www.youtube.com\\\/user\\\/laguiadepamplona\"]},{\"@type\":\"Person\",\"@id\":\"https:\\\/\\\/www.laguiadepamplona.com\\\/actualidad\\\/#\\\/schema\\\/person\\\/efe887376f0213d4657c93adc50b1fdb\",\"name\":\"La Gu\u00eda de Pamplona\",\"image\":{\"@type\":\"ImageObject\",\"inLanguage\":\"es\",\"@id\":\"https:\\\/\\\/secure.gravatar.com\\\/avatar\\\/b6992f131dc8d30ab0dff15446e9d346d9dbd95992de0fef795073f5ea83a81c?s=96&d=mm&r=g\",\"url\":\"https:\\\/\\\/secure.gravatar.com\\\/avatar\\\/b6992f131dc8d30ab0dff15446e9d346d9dbd95992de0fef795073f5ea83a81c?s=96&d=mm&r=g\",\"contentUrl\":\"https:\\\/\\\/secure.gravatar.com\\\/avatar\\\/b6992f131dc8d30ab0dff15446e9d346d9dbd95992de0fef795073f5ea83a81c?s=96&d=mm&r=g\",\"caption\":\"La Gu\u00eda de Pamplona\"}}]}<\/script>\n<!-- \/ Yoast SEO plugin. -->","yoast_head_json":{"title":"M\u00e1s de 1.700 escolares de Educaci\u00f3n Primaria y Educaci\u00f3n Especial participan este curso en los talleres municipales de teatro para centros p\u00fablicos y concertados","description":"La propuesta did\u00e1ctica incluye hasta 28 sesiones de 50 minutos para 86 grupos formados en los cursos primero y quinto de Primaria de 27 colegios","robots":{"index":"index","follow":"follow","max-snippet":"max-snippet:-1","max-image-preview":"max-image-preview:large","max-video-preview":"max-video-preview:-1"},"canonical":"https:\/\/www.laguiadepamplona.com\/actualidad\/mas-de-1-700-escolares-de-educacion-primaria-y-educacion-especial-participan-este-curso-en-los-talleres-municipales-de-teatro-para-centros-publicos-y-concertados\/","og_locale":"es_ES","og_type":"article","og_title":"M\u00e1s de 1.700 escolares de Educaci\u00f3n Primaria y Educaci\u00f3n Especial participan este curso en los talleres municipales de teatro para centros p\u00fablicos y concertados","og_description":"La propuesta did\u00e1ctica incluye hasta 28 sesiones de 50 minutos para 86 grupos formados en los cursos primero y quinto de Primaria de 27 colegios","og_url":"https:\/\/www.laguiadepamplona.com\/actualidad\/mas-de-1-700-escolares-de-educacion-primaria-y-educacion-especial-participan-este-curso-en-los-talleres-municipales-de-teatro-para-centros-publicos-y-concertados\/","og_site_name":"La Gu\u00eda de Pamplona","article_publisher":"https:\/\/www.facebook.com\/laguiadepamplonacom-133175176762273\/?ref=hl","article_published_time":"2023-03-27T10:30:59+00:00","article_modified_time":"2023-04-11T09:46:57+00:00","og_image":[{"width":1813,"height":869,"url":"https:\/\/www.laguiadepamplona.com\/actualidad\/wp-content\/uploads\/2023\/03\/teatro-ninos.webp","type":"image\/webp"}],"author":"La Gu\u00eda de Pamplona","twitter_card":"summary_large_image","twitter_creator":"@LaGuiadPamplona","twitter_site":"@LaGuiadPamplona","twitter_misc":{"Escrito por":"La Gu\u00eda de Pamplona","Tiempo de lectura":"2 minutos"},"schema":{"@context":"https:\/\/schema.org","@graph":[{"@type":"Article","@id":"https:\/\/www.laguiadepamplona.com\/actualidad\/mas-de-1-700-escolares-de-educacion-primaria-y-educacion-especial-participan-este-curso-en-los-talleres-municipales-de-teatro-para-centros-publicos-y-concertados\/#article","isPartOf":{"@id":"https:\/\/www.laguiadepamplona.com\/actualidad\/mas-de-1-700-escolares-de-educacion-primaria-y-educacion-especial-participan-este-curso-en-los-talleres-municipales-de-teatro-para-centros-publicos-y-concertados\/"},"author":{"name":"La Gu\u00eda de Pamplona","@id":"https:\/\/www.laguiadepamplona.com\/actualidad\/#\/schema\/person\/efe887376f0213d4657c93adc50b1fdb"},"headline":"M\u00e1s de 1.700 escolares de Educaci\u00f3n Primaria y Educaci\u00f3n Especial participan este curso en los talleres municipales de teatro para centros p\u00fablicos y concertados","datePublished":"2023-03-27T10:30:59+00:00","dateModified":"2023-04-11T09:46:57+00:00","mainEntityOfPage":{"@id":"https:\/\/www.laguiadepamplona.com\/actualidad\/mas-de-1-700-escolares-de-educacion-primaria-y-educacion-especial-participan-este-curso-en-los-talleres-municipales-de-teatro-para-centros-publicos-y-concertados\/"},"wordCount":466,"commentCount":0,"publisher":{"@id":"https:\/\/www.laguiadepamplona.com\/actualidad\/#organization"},"image":{"@id":"https:\/\/www.laguiadepamplona.com\/actualidad\/mas-de-1-700-escolares-de-educacion-primaria-y-educacion-especial-participan-este-curso-en-los-talleres-municipales-de-teatro-para-centros-publicos-y-concertados\/#primaryimage"},"thumbnailUrl":"https:\/\/www.laguiadepamplona.com\/actualidad\/wp-content\/uploads\/2023\/03\/teatro-ninos.webp","articleSection":["Ayto Pamplona"],"inLanguage":"es","potentialAction":[{"@type":"CommentAction","name":"Comment","target":["https:\/\/www.laguiadepamplona.com\/actualidad\/mas-de-1-700-escolares-de-educacion-primaria-y-educacion-especial-participan-este-curso-en-los-talleres-municipales-de-teatro-para-centros-publicos-y-concertados\/#respond"]}]},{"@type":"WebPage","@id":"https:\/\/www.laguiadepamplona.com\/actualidad\/mas-de-1-700-escolares-de-educacion-primaria-y-educacion-especial-participan-este-curso-en-los-talleres-municipales-de-teatro-para-centros-publicos-y-concertados\/","url":"https:\/\/www.laguiadepamplona.com\/actualidad\/mas-de-1-700-escolares-de-educacion-primaria-y-educacion-especial-participan-este-curso-en-los-talleres-municipales-de-teatro-para-centros-publicos-y-concertados\/","name":"M\u00e1s de 1.700 escolares de Educaci\u00f3n Primaria y Educaci\u00f3n Especial participan este curso en los talleres municipales de teatro para centros p\u00fablicos y concertados","isPartOf":{"@id":"https:\/\/www.laguiadepamplona.com\/actualidad\/#website"},"primaryImageOfPage":{"@id":"https:\/\/www.laguiadepamplona.com\/actualidad\/mas-de-1-700-escolares-de-educacion-primaria-y-educacion-especial-participan-este-curso-en-los-talleres-municipales-de-teatro-para-centros-publicos-y-concertados\/#primaryimage"},"image":{"@id":"https:\/\/www.laguiadepamplona.com\/actualidad\/mas-de-1-700-escolares-de-educacion-primaria-y-educacion-especial-participan-este-curso-en-los-talleres-municipales-de-teatro-para-centros-publicos-y-concertados\/#primaryimage"},"thumbnailUrl":"https:\/\/www.laguiadepamplona.com\/actualidad\/wp-content\/uploads\/2023\/03\/teatro-ninos.webp","datePublished":"2023-03-27T10:30:59+00:00","dateModified":"2023-04-11T09:46:57+00:00","description":"La propuesta did\u00e1ctica incluye hasta 28 sesiones de 50 minutos para 86 grupos formados en los cursos primero y quinto de Primaria de 27 colegios","breadcrumb":{"@id":"https:\/\/www.laguiadepamplona.com\/actualidad\/mas-de-1-700-escolares-de-educacion-primaria-y-educacion-especial-participan-este-curso-en-los-talleres-municipales-de-teatro-para-centros-publicos-y-concertados\/#breadcrumb"},"inLanguage":"es","potentialAction":[{"@type":"ReadAction","target":["https:\/\/www.laguiadepamplona.com\/actualidad\/mas-de-1-700-escolares-de-educacion-primaria-y-educacion-especial-participan-este-curso-en-los-talleres-municipales-de-teatro-para-centros-publicos-y-concertados\/"]}]},{"@type":"ImageObject","inLanguage":"es","@id":"https:\/\/www.laguiadepamplona.com\/actualidad\/mas-de-1-700-escolares-de-educacion-primaria-y-educacion-especial-participan-este-curso-en-los-talleres-municipales-de-teatro-para-centros-publicos-y-concertados\/#primaryimage","url":"https:\/\/www.laguiadepamplona.com\/actualidad\/wp-content\/uploads\/2023\/03\/teatro-ninos.webp","contentUrl":"https:\/\/www.laguiadepamplona.com\/actualidad\/wp-content\/uploads\/2023\/03\/teatro-ninos.webp","width":1813,"height":869},{"@type":"BreadcrumbList","@id":"https:\/\/www.laguiadepamplona.com\/actualidad\/mas-de-1-700-escolares-de-educacion-primaria-y-educacion-especial-participan-este-curso-en-los-talleres-municipales-de-teatro-para-centros-publicos-y-concertados\/#breadcrumb","itemListElement":[{"@type":"ListItem","position":1,"name":"Portada","item":"https:\/\/www.laguiadepamplona.com\/actualidad\/"},{"@type":"ListItem","position":2,"name":"M\u00e1s de 1.700 escolares de Educaci\u00f3n Primaria y Educaci\u00f3n Especial participan este curso en los talleres municipales de teatro para centros p\u00fablicos y concertados"}]},{"@type":"WebSite","@id":"https:\/\/www.laguiadepamplona.com\/actualidad\/#website","url":"https:\/\/www.laguiadepamplona.com\/actualidad\/","name":"La gu\u00eda de Pamplona","description":"Noticias de Pamplona","publisher":{"@id":"https:\/\/www.laguiadepamplona.com\/actualidad\/#organization"},"potentialAction":[{"@type":"SearchAction","target":{"@type":"EntryPoint","urlTemplate":"https:\/\/www.laguiadepamplona.com\/actualidad\/?s={search_term_string}"},"query-input":{"@type":"PropertyValueSpecification","valueRequired":true,"valueName":"search_term_string"}}],"inLanguage":"es"},{"@type":"Organization","@id":"https:\/\/www.laguiadepamplona.com\/actualidad\/#organization","name":"La Gu\u00eda de Pamplona \/ Noticias","url":"https:\/\/www.laguiadepamplona.com\/actualidad\/","logo":{"@type":"ImageObject","inLanguage":"es","@id":"https:\/\/www.laguiadepamplona.com\/actualidad\/#\/schema\/logo\/image\/","url":"https:\/\/www.laguiadepamplona.com\/actualidad\/wp-content\/uploads\/2018\/11\/logo-laguiadepamplona18-web1.png","contentUrl":"https:\/\/www.laguiadepamplona.com\/actualidad\/wp-content\/uploads\/2018\/11\/logo-laguiadepamplona18-web1.png","width":600,"height":196,"caption":"La Gu\u00eda de Pamplona \/ Noticias"},"image":{"@id":"https:\/\/www.laguiadepamplona.com\/actualidad\/#\/schema\/logo\/image\/"},"sameAs":["https:\/\/www.facebook.com\/laguiadepamplonacom-133175176762273\/?ref=hl","https:\/\/x.com\/LaGuiadPamplona","https:\/\/www.instagram.com\/la_guia_de_pamplona\/","https:\/\/www.youtube.com\/user\/laguiadepamplona"]},{"@type":"Person","@id":"https:\/\/www.laguiadepamplona.com\/actualidad\/#\/schema\/person\/efe887376f0213d4657c93adc50b1fdb","name":"La Gu\u00eda de Pamplona","image":{"@type":"ImageObject","inLanguage":"es","@id":"https:\/\/secure.gravatar.com\/avatar\/b6992f131dc8d30ab0dff15446e9d346d9dbd95992de0fef795073f5ea83a81c?s=96&d=mm&r=g","url":"https:\/\/secure.gravatar.com\/avatar\/b6992f131dc8d30ab0dff15446e9d346d9dbd95992de0fef795073f5ea83a81c?s=96&d=mm&r=g","contentUrl":"https:\/\/secure.gravatar.com\/avatar\/b6992f131dc8d30ab0dff15446e9d346d9dbd95992de0fef795073f5ea83a81c?s=96&d=mm&r=g","caption":"La Gu\u00eda de Pamplona"}}]}},"post_mailing_queue_ids":[],"_links":{"self":[{"href":"https:\/\/www.laguiadepamplona.com\/actualidad\/wp-json\/wp\/v2\/posts\/43302","targetHints":{"allow":["GET"]}}],"collection":[{"href":"https:\/\/www.laguiadepamplona.com\/actualidad\/wp-json\/wp\/v2\/posts"}],"about":[{"href":"https:\/\/www.laguiadepamplona.com\/actualidad\/wp-json\/wp\/v2\/types\/post"}],"author":[{"embeddable":true,"href":"https:\/\/www.laguiadepamplona.com\/actualidad\/wp-json\/wp\/v2\/users\/1"}],"replies":[{"embeddable":true,"href":"https:\/\/www.laguiadepamplona.com\/actualidad\/wp-json\/wp\/v2\/comments?post=43302"}],"version-history":[{"count":0,"href":"https:\/\/www.laguiadepamplona.com\/actualidad\/wp-json\/wp\/v2\/posts\/43302\/revisions"}],"wp:featuredmedia":[{"embeddable":true,"href":"https:\/\/www.laguiadepamplona.com\/actualidad\/wp-json\/wp\/v2\/media\/43303"}],"wp:attachment":[{"href":"https:\/\/www.laguiadepamplona.com\/actualidad\/wp-json\/wp\/v2\/media?parent=43302"}],"wp:term":[{"taxonomy":"category","embeddable":true,"href":"https:\/\/www.laguiadepamplona.com\/actualidad\/wp-json\/wp\/v2\/categories?post=43302"},{"taxonomy":"post_tag","embeddable":true,"href":"https:\/\/www.laguiadepamplona.com\/actualidad\/wp-json\/wp\/v2\/tags?post=43302"}],"curies":[{"name":"wp","href":"https:\/\/api.w.org\/{rel}","templated":true}]}}