{"id":43299,"date":"2023-03-24T19:12:44","date_gmt":"2023-03-24T17:12:44","guid":{"rendered":"https:\/\/www.laguiadepamplona.com\/actualidad\/?p=43299"},"modified":"2023-04-11T11:46:57","modified_gmt":"2023-04-11T09:46:57","slug":"el-ayuntamiento-de-pamplona-recibe-el-sello-de-empresa-inclusiva-de-la-asociacion-sindrome-de-down-de-navarra","status":"publish","type":"post","link":"https:\/\/www.laguiadepamplona.com\/actualidad\/el-ayuntamiento-de-pamplona-recibe-el-sello-de-empresa-inclusiva-de-la-asociacion-sindrome-de-down-de-navarra\/","title":{"rendered":"El Ayuntamiento de Pamplona recibe el sello de empresa inclusiva de la Asociaci\u00f3n S\u00edndrome de Down de Navarra"},"content":{"rendered":"<h5>Cinco j\u00f3venes con discapacidad intelectual o S\u00edndrome de Down realizan sus pr\u00e1cticas en servicios p\u00fablicos municipales gracias a un convenio<\/h5>\n<p><!--more--><\/p>\n<p>Cuatro personas con S\u00edndrome de Down est\u00e1n trabajando en la actualidad en cuatro centros escolares p\u00fablicos de la ciudad gracias a un convenio de pr\u00e1cticas firmado con el Ayuntamiento de Pamplona. Una quinta persona ya llev\u00f3 a cabo esas pr\u00e1cticas y va a contar en breve con un contrato laboral. Desde 2018, un total de 19 j\u00f3venes con S\u00edndrome de Down han realizado pr\u00e1cticas no laborales en diferentes servicios municipales como parte de su formaci\u00f3n e inserci\u00f3n sociolaboral.<br \/>\n<script async src=\"\/\/pagead2.googlesyndication.com\/pagead\/js\/adsbygoogle.js\"><\/script><br \/>\n<!-- Noticias La Guia de Pamplona --><br \/>\n<ins class=\"adsbygoogle\"\nstyle=\"display:block\"\ndata-ad-client=\"ca-pub-6943679897239327\"\ndata-ad-slot=\"7048180777\"\ndata-ad-format=\"auto\"><\/ins><br \/>\n<script>\n(adsbygoogle = window.adsbygoogle || []).push({});\n<\/script><\/p>\n<p>Por esa colaboraci\u00f3n, la Asociaci\u00f3n S\u00edndrome de Down de Navarra ha entregado esta ma\u00f1ana al Ayuntamiento de Pamplona el sello de \u2018Empresa inclusiva\u2019, que reconoce la apuesta de entidades p\u00fablicas y privadas por la defensa de los derechos sociales y laborales, por la igualdad y por el respeto a la individualidad y pluralidad. Este sello se enmarca en el proyecto \u2018Tejiendo redes\u2019, que tiene como objetivo principal estrechar lazos de participaci\u00f3n, dise\u00f1ar nuevas formas de colaboraci\u00f3n y crear alianzas con empresas navarras que apuesten por la inclusi\u00f3n laboral de las personas con s\u00edndrome de Down y\/o discapacidad intelectual.<\/p>\n<p>El alcalde de Pamplona, Enrique Maya, ha recibido el sello de \u2018Empresa inclusiva\u2019 de manos de la gerente y vicepresidenta de la Asociaci\u00f3n de S\u00edndrome de Down, Mar\u00eda Jos\u00e9 Leoz, en un acto que ha tenido lugar en el Sal\u00f3n de Recepciones de la Casa Consistorial, con presencia tambi\u00e9n de otros miembros de la Corporaci\u00f3n municipal. El alcalde ha destacado que es una iniciativa en la que \u201ctodos ganamos, por los j\u00f3venes con S\u00edndrome de Down ten\u00e9is la oportunidad de demostrar lo bien que hac\u00e9is las tareas que se os encomiendan y en el Ayuntamiento de Pamplona tambi\u00e9n nos beneficiamos de esos trabajos que llev\u00e1is a cabo durante vuestras pr\u00e1cticas\u201d. Durante el acto han intervenido tambi\u00e9n Mar\u00eda Jos\u00e9 Leoz y Ana \u00c1lvarez, una de las j\u00f3venes que realiza sus pr\u00e1cticas en el CPEIP Mendillorri.<br \/>\n<script async src=\"\/\/pagead2.googlesyndication.com\/pagead\/js\/adsbygoogle.js\"><\/script><br \/>\n<!-- Noticias La Guia de Pamplona --><br \/>\n<ins class=\"adsbygoogle\"\nstyle=\"display:block\"\ndata-ad-client=\"ca-pub-6943679897239327\"\ndata-ad-slot=\"7048180777\"\ndata-ad-format=\"auto\"><\/ins><br \/>\n<script>\n(adsbygoogle = window.adsbygoogle || []).push({});\n<\/script><\/p>\n<p><strong>Labores que desarrollan en sus puestos de trabajo<\/strong><\/p>\n<p>Los cuatro j\u00f3venes que trabajan en las conserjer\u00edas de los centros escolares, tres chicas y un chico, empezaron sus pr\u00e1cticas en el mes de febrero y estar\u00e1n unos tres meses, hasta finales de abril. Miren C\u00eda trabaja en el CPEIP Cardenal Ilund\u00e1in, Vanesa Romero en el CPEIP Do\u00f1a Mayor, I\u00f1aki Lahortiga en el CPEIP Garc\u00eda Galdeano y Ana \u00c1lvarez en el Colegio P\u00fablico Mendillorri. Est\u00e1n dos horas cada d\u00eda trabajando en las conserjer\u00edas de los centros en trabajos relacionadas con fotocopias, encuadernaci\u00f3n, plastificaci\u00f3n de documentos, control de accesos y atenci\u00f3n y acompa\u00f1amiento de alumnado. Finalizadas las pr\u00e1cticas, entrar\u00e1n nuevas personas tambi\u00e9n de la Asociaci\u00f3n S\u00edndrome de Down para formarse.<\/p>\n<p>El Ayuntamiento de Pamplona va a contratar tambi\u00e9n a una persona para realizar diferentes labores en la Oficina de Atenci\u00f3n Ciudadana. Alba Bazt\u00e1n ya estuvo previamente de pr\u00e1cticas en esa misma oficina y ahora tendr\u00e1 ya un contrato laboral. Su dedicaci\u00f3n estar\u00e1 centrada en la organizaci\u00f3n de documentaci\u00f3n, archivo de documentaci\u00f3n, organizaci\u00f3n de legajos y clasificaci\u00f3n de documentaci\u00f3n.<br \/>\n<script async src=\"\/\/pagead2.googlesyndication.com\/pagead\/js\/adsbygoogle.js\"><\/script><br \/>\n<!-- Noticias La Guia de Pamplona --><br \/>\n<ins class=\"adsbygoogle\"\nstyle=\"display:block\"\ndata-ad-client=\"ca-pub-6943679897239327\"\ndata-ad-slot=\"7048180777\"\ndata-ad-format=\"auto\"><\/ins><br \/>\n<script>\n(adsbygoogle = window.adsbygoogle || []).push({});\n<\/script><\/p>\n<p><strong>Tejiendo redes<\/strong><\/p>\n<p>La Asociaci\u00f3n S\u00edndrome Down de Navarra es pionera en la metodolog\u00eda del Empleo con Apoyo. Desde el a\u00f1o 2001 ha trabajado para que las personas con S\u00edndrome de Down sean incluidas laboralmente y puedan ejercer su derecho al empleo como cualquier otra. As\u00ed surge \u2018Tejiendo Redes\u2019 (<a href=\"https:\/\/tejiendoredesnavarra.com\" target=\"_blank\" rel=\"noopener\">https:\/\/tejiendoredesnavarra.com<\/a>), un proyecto de la Asociaci\u00f3n S\u00edndrome Down de Navarra, enmarcado en el Programa Innova Social de Fundaci\u00f3n Caja Navarra y Fundaci\u00f3n La Caixa.<\/p>\n<p>En septiembre de 2022, se crea de esta forma la Red Navarra de Empresas Inclusivas de la que pueden formar parte todas aquellas empresas de la Comunidad Foral de Navarra que apoyan la inclusi\u00f3n laboral de personas con discapacidad. El Ayuntamiento de Pamplona se suma a la veintena de empresas que cuentan en sus plantillas con personas trabajadoras con discapacidad intelectual y\/o s\u00edndrome de Down, y que en consecuencia han recibido el reconocimiento de \u201cempresa inclusiva\u201d.<\/p>\n","protected":false},"excerpt":{"rendered":"<p>Cinco j\u00f3venes con discapacidad intelectual o S\u00edndrome de Down realizan sus pr\u00e1cticas en servicios p\u00fablicos municipales gracias a un convenio<\/p>\n","protected":false},"author":1,"featured_media":43300,"comment_status":"open","ping_status":"closed","sticky":false,"template":"","format":"standard","meta":{"footnotes":""},"categories":[2],"tags":[],"class_list":["post-43299","post","type-post","status-publish","format-standard","has-post-thumbnail","hentry","category-ayuntamiento-pamplona"],"yoast_head":"<!-- This site is optimized with the Yoast SEO plugin v27.3 - https:\/\/yoast.com\/product\/yoast-seo-wordpress\/ -->\n<title>El Ayuntamiento de Pamplona recibe el sello de empresa inclusiva de la Asociaci\u00f3n S\u00edndrome de Down de Navarra<\/title>\n<meta name=\"description\" content=\"Cinco j\u00f3venes con discapacidad intelectual o S\u00edndrome de Down realizan sus pr\u00e1cticas en servicios p\u00fablicos municipales gracias a un convenio\" \/>\n<meta name=\"robots\" content=\"index, follow, max-snippet:-1, max-image-preview:large, max-video-preview:-1\" \/>\n<link rel=\"canonical\" href=\"https:\/\/www.laguiadepamplona.com\/actualidad\/el-ayuntamiento-de-pamplona-recibe-el-sello-de-empresa-inclusiva-de-la-asociacion-sindrome-de-down-de-navarra\/\" \/>\n<meta property=\"og:locale\" content=\"es_ES\" \/>\n<meta property=\"og:type\" content=\"article\" \/>\n<meta property=\"og:title\" content=\"El Ayuntamiento de Pamplona recibe el sello de empresa inclusiva de la Asociaci\u00f3n S\u00edndrome de Down de Navarra\" \/>\n<meta property=\"og:description\" content=\"Cinco j\u00f3venes con discapacidad intelectual o S\u00edndrome de Down realizan sus pr\u00e1cticas en servicios p\u00fablicos municipales gracias a un convenio\" \/>\n<meta property=\"og:url\" content=\"https:\/\/www.laguiadepamplona.com\/actualidad\/el-ayuntamiento-de-pamplona-recibe-el-sello-de-empresa-inclusiva-de-la-asociacion-sindrome-de-down-de-navarra\/\" \/>\n<meta property=\"og:site_name\" content=\"La Gu\u00eda de Pamplona\" \/>\n<meta property=\"article:publisher\" content=\"https:\/\/www.facebook.com\/laguiadepamplonacom-133175176762273\/?ref=hl\" \/>\n<meta property=\"article:published_time\" content=\"2023-03-24T17:12:44+00:00\" \/>\n<meta property=\"article:modified_time\" content=\"2023-04-11T09:46:57+00:00\" \/>\n<meta property=\"og:image\" content=\"https:\/\/www.laguiadepamplona.com\/actualidad\/wp-content\/uploads\/2023\/03\/repec-sello-inclusivo-sindrome-down-ee5a4850_0.webp\" \/>\n\t<meta property=\"og:image:width\" content=\"1920\" \/>\n\t<meta property=\"og:image:height\" content=\"1280\" \/>\n\t<meta property=\"og:image:type\" content=\"image\/webp\" \/>\n<meta name=\"author\" content=\"La Gu\u00eda de Pamplona\" \/>\n<meta name=\"twitter:card\" content=\"summary_large_image\" \/>\n<meta name=\"twitter:creator\" content=\"@LaGuiadPamplona\" \/>\n<meta name=\"twitter:site\" content=\"@LaGuiadPamplona\" \/>\n<meta name=\"twitter:label1\" content=\"Escrito por\" \/>\n\t<meta name=\"twitter:data1\" content=\"La Gu\u00eda de Pamplona\" \/>\n\t<meta name=\"twitter:label2\" content=\"Tiempo de lectura\" \/>\n\t<meta name=\"twitter:data2\" content=\"3 minutos\" \/>\n<script type=\"application\/ld+json\" class=\"yoast-schema-graph\">{\"@context\":\"https:\\\/\\\/schema.org\",\"@graph\":[{\"@type\":\"Article\",\"@id\":\"https:\\\/\\\/www.laguiadepamplona.com\\\/actualidad\\\/el-ayuntamiento-de-pamplona-recibe-el-sello-de-empresa-inclusiva-de-la-asociacion-sindrome-de-down-de-navarra\\\/#article\",\"isPartOf\":{\"@id\":\"https:\\\/\\\/www.laguiadepamplona.com\\\/actualidad\\\/el-ayuntamiento-de-pamplona-recibe-el-sello-de-empresa-inclusiva-de-la-asociacion-sindrome-de-down-de-navarra\\\/\"},\"author\":{\"name\":\"La Gu\u00eda de Pamplona\",\"@id\":\"https:\\\/\\\/www.laguiadepamplona.com\\\/actualidad\\\/#\\\/schema\\\/person\\\/efe887376f0213d4657c93adc50b1fdb\"},\"headline\":\"El Ayuntamiento de Pamplona recibe el sello de empresa inclusiva de la Asociaci\u00f3n S\u00edndrome de Down de Navarra\",\"datePublished\":\"2023-03-24T17:12:44+00:00\",\"dateModified\":\"2023-04-11T09:46:57+00:00\",\"mainEntityOfPage\":{\"@id\":\"https:\\\/\\\/www.laguiadepamplona.com\\\/actualidad\\\/el-ayuntamiento-de-pamplona-recibe-el-sello-de-empresa-inclusiva-de-la-asociacion-sindrome-de-down-de-navarra\\\/\"},\"wordCount\":758,\"commentCount\":0,\"publisher\":{\"@id\":\"https:\\\/\\\/www.laguiadepamplona.com\\\/actualidad\\\/#organization\"},\"image\":{\"@id\":\"https:\\\/\\\/www.laguiadepamplona.com\\\/actualidad\\\/el-ayuntamiento-de-pamplona-recibe-el-sello-de-empresa-inclusiva-de-la-asociacion-sindrome-de-down-de-navarra\\\/#primaryimage\"},\"thumbnailUrl\":\"https:\\\/\\\/www.laguiadepamplona.com\\\/actualidad\\\/wp-content\\\/uploads\\\/2023\\\/03\\\/repec-sello-inclusivo-sindrome-down-ee5a4850_0.webp\",\"articleSection\":[\"Ayto Pamplona\"],\"inLanguage\":\"es\",\"potentialAction\":[{\"@type\":\"CommentAction\",\"name\":\"Comment\",\"target\":[\"https:\\\/\\\/www.laguiadepamplona.com\\\/actualidad\\\/el-ayuntamiento-de-pamplona-recibe-el-sello-de-empresa-inclusiva-de-la-asociacion-sindrome-de-down-de-navarra\\\/#respond\"]}]},{\"@type\":\"WebPage\",\"@id\":\"https:\\\/\\\/www.laguiadepamplona.com\\\/actualidad\\\/el-ayuntamiento-de-pamplona-recibe-el-sello-de-empresa-inclusiva-de-la-asociacion-sindrome-de-down-de-navarra\\\/\",\"url\":\"https:\\\/\\\/www.laguiadepamplona.com\\\/actualidad\\\/el-ayuntamiento-de-pamplona-recibe-el-sello-de-empresa-inclusiva-de-la-asociacion-sindrome-de-down-de-navarra\\\/\",\"name\":\"El Ayuntamiento de Pamplona recibe el sello de empresa inclusiva de la Asociaci\u00f3n S\u00edndrome de Down de Navarra\",\"isPartOf\":{\"@id\":\"https:\\\/\\\/www.laguiadepamplona.com\\\/actualidad\\\/#website\"},\"primaryImageOfPage\":{\"@id\":\"https:\\\/\\\/www.laguiadepamplona.com\\\/actualidad\\\/el-ayuntamiento-de-pamplona-recibe-el-sello-de-empresa-inclusiva-de-la-asociacion-sindrome-de-down-de-navarra\\\/#primaryimage\"},\"image\":{\"@id\":\"https:\\\/\\\/www.laguiadepamplona.com\\\/actualidad\\\/el-ayuntamiento-de-pamplona-recibe-el-sello-de-empresa-inclusiva-de-la-asociacion-sindrome-de-down-de-navarra\\\/#primaryimage\"},\"thumbnailUrl\":\"https:\\\/\\\/www.laguiadepamplona.com\\\/actualidad\\\/wp-content\\\/uploads\\\/2023\\\/03\\\/repec-sello-inclusivo-sindrome-down-ee5a4850_0.webp\",\"datePublished\":\"2023-03-24T17:12:44+00:00\",\"dateModified\":\"2023-04-11T09:46:57+00:00\",\"description\":\"Cinco j\u00f3venes con discapacidad intelectual o S\u00edndrome de Down realizan sus pr\u00e1cticas en servicios p\u00fablicos municipales gracias a un convenio\",\"breadcrumb\":{\"@id\":\"https:\\\/\\\/www.laguiadepamplona.com\\\/actualidad\\\/el-ayuntamiento-de-pamplona-recibe-el-sello-de-empresa-inclusiva-de-la-asociacion-sindrome-de-down-de-navarra\\\/#breadcrumb\"},\"inLanguage\":\"es\",\"potentialAction\":[{\"@type\":\"ReadAction\",\"target\":[\"https:\\\/\\\/www.laguiadepamplona.com\\\/actualidad\\\/el-ayuntamiento-de-pamplona-recibe-el-sello-de-empresa-inclusiva-de-la-asociacion-sindrome-de-down-de-navarra\\\/\"]}]},{\"@type\":\"ImageObject\",\"inLanguage\":\"es\",\"@id\":\"https:\\\/\\\/www.laguiadepamplona.com\\\/actualidad\\\/el-ayuntamiento-de-pamplona-recibe-el-sello-de-empresa-inclusiva-de-la-asociacion-sindrome-de-down-de-navarra\\\/#primaryimage\",\"url\":\"https:\\\/\\\/www.laguiadepamplona.com\\\/actualidad\\\/wp-content\\\/uploads\\\/2023\\\/03\\\/repec-sello-inclusivo-sindrome-down-ee5a4850_0.webp\",\"contentUrl\":\"https:\\\/\\\/www.laguiadepamplona.com\\\/actualidad\\\/wp-content\\\/uploads\\\/2023\\\/03\\\/repec-sello-inclusivo-sindrome-down-ee5a4850_0.webp\",\"width\":1920,\"height\":1280},{\"@type\":\"BreadcrumbList\",\"@id\":\"https:\\\/\\\/www.laguiadepamplona.com\\\/actualidad\\\/el-ayuntamiento-de-pamplona-recibe-el-sello-de-empresa-inclusiva-de-la-asociacion-sindrome-de-down-de-navarra\\\/#breadcrumb\",\"itemListElement\":[{\"@type\":\"ListItem\",\"position\":1,\"name\":\"Portada\",\"item\":\"https:\\\/\\\/www.laguiadepamplona.com\\\/actualidad\\\/\"},{\"@type\":\"ListItem\",\"position\":2,\"name\":\"El Ayuntamiento de Pamplona recibe el sello de empresa inclusiva de la Asociaci\u00f3n S\u00edndrome de Down de Navarra\"}]},{\"@type\":\"WebSite\",\"@id\":\"https:\\\/\\\/www.laguiadepamplona.com\\\/actualidad\\\/#website\",\"url\":\"https:\\\/\\\/www.laguiadepamplona.com\\\/actualidad\\\/\",\"name\":\"La gu\u00eda de Pamplona\",\"description\":\"Noticias de Pamplona\",\"publisher\":{\"@id\":\"https:\\\/\\\/www.laguiadepamplona.com\\\/actualidad\\\/#organization\"},\"potentialAction\":[{\"@type\":\"SearchAction\",\"target\":{\"@type\":\"EntryPoint\",\"urlTemplate\":\"https:\\\/\\\/www.laguiadepamplona.com\\\/actualidad\\\/?s={search_term_string}\"},\"query-input\":{\"@type\":\"PropertyValueSpecification\",\"valueRequired\":true,\"valueName\":\"search_term_string\"}}],\"inLanguage\":\"es\"},{\"@type\":\"Organization\",\"@id\":\"https:\\\/\\\/www.laguiadepamplona.com\\\/actualidad\\\/#organization\",\"name\":\"La Gu\u00eda de Pamplona \\\/ Noticias\",\"url\":\"https:\\\/\\\/www.laguiadepamplona.com\\\/actualidad\\\/\",\"logo\":{\"@type\":\"ImageObject\",\"inLanguage\":\"es\",\"@id\":\"https:\\\/\\\/www.laguiadepamplona.com\\\/actualidad\\\/#\\\/schema\\\/logo\\\/image\\\/\",\"url\":\"https:\\\/\\\/www.laguiadepamplona.com\\\/actualidad\\\/wp-content\\\/uploads\\\/2018\\\/11\\\/logo-laguiadepamplona18-web1.png\",\"contentUrl\":\"https:\\\/\\\/www.laguiadepamplona.com\\\/actualidad\\\/wp-content\\\/uploads\\\/2018\\\/11\\\/logo-laguiadepamplona18-web1.png\",\"width\":600,\"height\":196,\"caption\":\"La Gu\u00eda de Pamplona \\\/ Noticias\"},\"image\":{\"@id\":\"https:\\\/\\\/www.laguiadepamplona.com\\\/actualidad\\\/#\\\/schema\\\/logo\\\/image\\\/\"},\"sameAs\":[\"https:\\\/\\\/www.facebook.com\\\/laguiadepamplonacom-133175176762273\\\/?ref=hl\",\"https:\\\/\\\/x.com\\\/LaGuiadPamplona\",\"https:\\\/\\\/www.instagram.com\\\/la_guia_de_pamplona\\\/\",\"https:\\\/\\\/www.youtube.com\\\/user\\\/laguiadepamplona\"]},{\"@type\":\"Person\",\"@id\":\"https:\\\/\\\/www.laguiadepamplona.com\\\/actualidad\\\/#\\\/schema\\\/person\\\/efe887376f0213d4657c93adc50b1fdb\",\"name\":\"La Gu\u00eda de Pamplona\",\"image\":{\"@type\":\"ImageObject\",\"inLanguage\":\"es\",\"@id\":\"https:\\\/\\\/secure.gravatar.com\\\/avatar\\\/b6992f131dc8d30ab0dff15446e9d346d9dbd95992de0fef795073f5ea83a81c?s=96&d=mm&r=g\",\"url\":\"https:\\\/\\\/secure.gravatar.com\\\/avatar\\\/b6992f131dc8d30ab0dff15446e9d346d9dbd95992de0fef795073f5ea83a81c?s=96&d=mm&r=g\",\"contentUrl\":\"https:\\\/\\\/secure.gravatar.com\\\/avatar\\\/b6992f131dc8d30ab0dff15446e9d346d9dbd95992de0fef795073f5ea83a81c?s=96&d=mm&r=g\",\"caption\":\"La Gu\u00eda de Pamplona\"}}]}<\/script>\n<!-- \/ Yoast SEO plugin. -->","yoast_head_json":{"title":"El Ayuntamiento de Pamplona recibe el sello de empresa inclusiva de la Asociaci\u00f3n S\u00edndrome de Down de Navarra","description":"Cinco j\u00f3venes con discapacidad intelectual o S\u00edndrome de Down realizan sus pr\u00e1cticas en servicios p\u00fablicos municipales gracias a un convenio","robots":{"index":"index","follow":"follow","max-snippet":"max-snippet:-1","max-image-preview":"max-image-preview:large","max-video-preview":"max-video-preview:-1"},"canonical":"https:\/\/www.laguiadepamplona.com\/actualidad\/el-ayuntamiento-de-pamplona-recibe-el-sello-de-empresa-inclusiva-de-la-asociacion-sindrome-de-down-de-navarra\/","og_locale":"es_ES","og_type":"article","og_title":"El Ayuntamiento de Pamplona recibe el sello de empresa inclusiva de la Asociaci\u00f3n S\u00edndrome de Down de Navarra","og_description":"Cinco j\u00f3venes con discapacidad intelectual o S\u00edndrome de Down realizan sus pr\u00e1cticas en servicios p\u00fablicos municipales gracias a un convenio","og_url":"https:\/\/www.laguiadepamplona.com\/actualidad\/el-ayuntamiento-de-pamplona-recibe-el-sello-de-empresa-inclusiva-de-la-asociacion-sindrome-de-down-de-navarra\/","og_site_name":"La Gu\u00eda de Pamplona","article_publisher":"https:\/\/www.facebook.com\/laguiadepamplonacom-133175176762273\/?ref=hl","article_published_time":"2023-03-24T17:12:44+00:00","article_modified_time":"2023-04-11T09:46:57+00:00","og_image":[{"width":1920,"height":1280,"url":"https:\/\/www.laguiadepamplona.com\/actualidad\/wp-content\/uploads\/2023\/03\/repec-sello-inclusivo-sindrome-down-ee5a4850_0.webp","type":"image\/webp"}],"author":"La Gu\u00eda de Pamplona","twitter_card":"summary_large_image","twitter_creator":"@LaGuiadPamplona","twitter_site":"@LaGuiadPamplona","twitter_misc":{"Escrito por":"La Gu\u00eda de Pamplona","Tiempo de lectura":"3 minutos"},"schema":{"@context":"https:\/\/schema.org","@graph":[{"@type":"Article","@id":"https:\/\/www.laguiadepamplona.com\/actualidad\/el-ayuntamiento-de-pamplona-recibe-el-sello-de-empresa-inclusiva-de-la-asociacion-sindrome-de-down-de-navarra\/#article","isPartOf":{"@id":"https:\/\/www.laguiadepamplona.com\/actualidad\/el-ayuntamiento-de-pamplona-recibe-el-sello-de-empresa-inclusiva-de-la-asociacion-sindrome-de-down-de-navarra\/"},"author":{"name":"La Gu\u00eda de Pamplona","@id":"https:\/\/www.laguiadepamplona.com\/actualidad\/#\/schema\/person\/efe887376f0213d4657c93adc50b1fdb"},"headline":"El Ayuntamiento de Pamplona recibe el sello de empresa inclusiva de la Asociaci\u00f3n S\u00edndrome de Down de Navarra","datePublished":"2023-03-24T17:12:44+00:00","dateModified":"2023-04-11T09:46:57+00:00","mainEntityOfPage":{"@id":"https:\/\/www.laguiadepamplona.com\/actualidad\/el-ayuntamiento-de-pamplona-recibe-el-sello-de-empresa-inclusiva-de-la-asociacion-sindrome-de-down-de-navarra\/"},"wordCount":758,"commentCount":0,"publisher":{"@id":"https:\/\/www.laguiadepamplona.com\/actualidad\/#organization"},"image":{"@id":"https:\/\/www.laguiadepamplona.com\/actualidad\/el-ayuntamiento-de-pamplona-recibe-el-sello-de-empresa-inclusiva-de-la-asociacion-sindrome-de-down-de-navarra\/#primaryimage"},"thumbnailUrl":"https:\/\/www.laguiadepamplona.com\/actualidad\/wp-content\/uploads\/2023\/03\/repec-sello-inclusivo-sindrome-down-ee5a4850_0.webp","articleSection":["Ayto Pamplona"],"inLanguage":"es","potentialAction":[{"@type":"CommentAction","name":"Comment","target":["https:\/\/www.laguiadepamplona.com\/actualidad\/el-ayuntamiento-de-pamplona-recibe-el-sello-de-empresa-inclusiva-de-la-asociacion-sindrome-de-down-de-navarra\/#respond"]}]},{"@type":"WebPage","@id":"https:\/\/www.laguiadepamplona.com\/actualidad\/el-ayuntamiento-de-pamplona-recibe-el-sello-de-empresa-inclusiva-de-la-asociacion-sindrome-de-down-de-navarra\/","url":"https:\/\/www.laguiadepamplona.com\/actualidad\/el-ayuntamiento-de-pamplona-recibe-el-sello-de-empresa-inclusiva-de-la-asociacion-sindrome-de-down-de-navarra\/","name":"El Ayuntamiento de Pamplona recibe el sello de empresa inclusiva de la Asociaci\u00f3n S\u00edndrome de Down de Navarra","isPartOf":{"@id":"https:\/\/www.laguiadepamplona.com\/actualidad\/#website"},"primaryImageOfPage":{"@id":"https:\/\/www.laguiadepamplona.com\/actualidad\/el-ayuntamiento-de-pamplona-recibe-el-sello-de-empresa-inclusiva-de-la-asociacion-sindrome-de-down-de-navarra\/#primaryimage"},"image":{"@id":"https:\/\/www.laguiadepamplona.com\/actualidad\/el-ayuntamiento-de-pamplona-recibe-el-sello-de-empresa-inclusiva-de-la-asociacion-sindrome-de-down-de-navarra\/#primaryimage"},"thumbnailUrl":"https:\/\/www.laguiadepamplona.com\/actualidad\/wp-content\/uploads\/2023\/03\/repec-sello-inclusivo-sindrome-down-ee5a4850_0.webp","datePublished":"2023-03-24T17:12:44+00:00","dateModified":"2023-04-11T09:46:57+00:00","description":"Cinco j\u00f3venes con discapacidad intelectual o S\u00edndrome de Down realizan sus pr\u00e1cticas en servicios p\u00fablicos municipales gracias a un convenio","breadcrumb":{"@id":"https:\/\/www.laguiadepamplona.com\/actualidad\/el-ayuntamiento-de-pamplona-recibe-el-sello-de-empresa-inclusiva-de-la-asociacion-sindrome-de-down-de-navarra\/#breadcrumb"},"inLanguage":"es","potentialAction":[{"@type":"ReadAction","target":["https:\/\/www.laguiadepamplona.com\/actualidad\/el-ayuntamiento-de-pamplona-recibe-el-sello-de-empresa-inclusiva-de-la-asociacion-sindrome-de-down-de-navarra\/"]}]},{"@type":"ImageObject","inLanguage":"es","@id":"https:\/\/www.laguiadepamplona.com\/actualidad\/el-ayuntamiento-de-pamplona-recibe-el-sello-de-empresa-inclusiva-de-la-asociacion-sindrome-de-down-de-navarra\/#primaryimage","url":"https:\/\/www.laguiadepamplona.com\/actualidad\/wp-content\/uploads\/2023\/03\/repec-sello-inclusivo-sindrome-down-ee5a4850_0.webp","contentUrl":"https:\/\/www.laguiadepamplona.com\/actualidad\/wp-content\/uploads\/2023\/03\/repec-sello-inclusivo-sindrome-down-ee5a4850_0.webp","width":1920,"height":1280},{"@type":"BreadcrumbList","@id":"https:\/\/www.laguiadepamplona.com\/actualidad\/el-ayuntamiento-de-pamplona-recibe-el-sello-de-empresa-inclusiva-de-la-asociacion-sindrome-de-down-de-navarra\/#breadcrumb","itemListElement":[{"@type":"ListItem","position":1,"name":"Portada","item":"https:\/\/www.laguiadepamplona.com\/actualidad\/"},{"@type":"ListItem","position":2,"name":"El Ayuntamiento de Pamplona recibe el sello de empresa inclusiva de la Asociaci\u00f3n S\u00edndrome de Down de Navarra"}]},{"@type":"WebSite","@id":"https:\/\/www.laguiadepamplona.com\/actualidad\/#website","url":"https:\/\/www.laguiadepamplona.com\/actualidad\/","name":"La gu\u00eda de Pamplona","description":"Noticias de Pamplona","publisher":{"@id":"https:\/\/www.laguiadepamplona.com\/actualidad\/#organization"},"potentialAction":[{"@type":"SearchAction","target":{"@type":"EntryPoint","urlTemplate":"https:\/\/www.laguiadepamplona.com\/actualidad\/?s={search_term_string}"},"query-input":{"@type":"PropertyValueSpecification","valueRequired":true,"valueName":"search_term_string"}}],"inLanguage":"es"},{"@type":"Organization","@id":"https:\/\/www.laguiadepamplona.com\/actualidad\/#organization","name":"La Gu\u00eda de Pamplona \/ Noticias","url":"https:\/\/www.laguiadepamplona.com\/actualidad\/","logo":{"@type":"ImageObject","inLanguage":"es","@id":"https:\/\/www.laguiadepamplona.com\/actualidad\/#\/schema\/logo\/image\/","url":"https:\/\/www.laguiadepamplona.com\/actualidad\/wp-content\/uploads\/2018\/11\/logo-laguiadepamplona18-web1.png","contentUrl":"https:\/\/www.laguiadepamplona.com\/actualidad\/wp-content\/uploads\/2018\/11\/logo-laguiadepamplona18-web1.png","width":600,"height":196,"caption":"La Gu\u00eda de Pamplona \/ Noticias"},"image":{"@id":"https:\/\/www.laguiadepamplona.com\/actualidad\/#\/schema\/logo\/image\/"},"sameAs":["https:\/\/www.facebook.com\/laguiadepamplonacom-133175176762273\/?ref=hl","https:\/\/x.com\/LaGuiadPamplona","https:\/\/www.instagram.com\/la_guia_de_pamplona\/","https:\/\/www.youtube.com\/user\/laguiadepamplona"]},{"@type":"Person","@id":"https:\/\/www.laguiadepamplona.com\/actualidad\/#\/schema\/person\/efe887376f0213d4657c93adc50b1fdb","name":"La Gu\u00eda de Pamplona","image":{"@type":"ImageObject","inLanguage":"es","@id":"https:\/\/secure.gravatar.com\/avatar\/b6992f131dc8d30ab0dff15446e9d346d9dbd95992de0fef795073f5ea83a81c?s=96&d=mm&r=g","url":"https:\/\/secure.gravatar.com\/avatar\/b6992f131dc8d30ab0dff15446e9d346d9dbd95992de0fef795073f5ea83a81c?s=96&d=mm&r=g","contentUrl":"https:\/\/secure.gravatar.com\/avatar\/b6992f131dc8d30ab0dff15446e9d346d9dbd95992de0fef795073f5ea83a81c?s=96&d=mm&r=g","caption":"La Gu\u00eda de Pamplona"}}]}},"post_mailing_queue_ids":[],"_links":{"self":[{"href":"https:\/\/www.laguiadepamplona.com\/actualidad\/wp-json\/wp\/v2\/posts\/43299","targetHints":{"allow":["GET"]}}],"collection":[{"href":"https:\/\/www.laguiadepamplona.com\/actualidad\/wp-json\/wp\/v2\/posts"}],"about":[{"href":"https:\/\/www.laguiadepamplona.com\/actualidad\/wp-json\/wp\/v2\/types\/post"}],"author":[{"embeddable":true,"href":"https:\/\/www.laguiadepamplona.com\/actualidad\/wp-json\/wp\/v2\/users\/1"}],"replies":[{"embeddable":true,"href":"https:\/\/www.laguiadepamplona.com\/actualidad\/wp-json\/wp\/v2\/comments?post=43299"}],"version-history":[{"count":0,"href":"https:\/\/www.laguiadepamplona.com\/actualidad\/wp-json\/wp\/v2\/posts\/43299\/revisions"}],"wp:featuredmedia":[{"embeddable":true,"href":"https:\/\/www.laguiadepamplona.com\/actualidad\/wp-json\/wp\/v2\/media\/43300"}],"wp:attachment":[{"href":"https:\/\/www.laguiadepamplona.com\/actualidad\/wp-json\/wp\/v2\/media?parent=43299"}],"wp:term":[{"taxonomy":"category","embeddable":true,"href":"https:\/\/www.laguiadepamplona.com\/actualidad\/wp-json\/wp\/v2\/categories?post=43299"},{"taxonomy":"post_tag","embeddable":true,"href":"https:\/\/www.laguiadepamplona.com\/actualidad\/wp-json\/wp\/v2\/tags?post=43299"}],"curies":[{"name":"wp","href":"https:\/\/api.w.org\/{rel}","templated":true}]}}